{"id":26359,"date":"2019-10-10T09:18:58","date_gmt":"2019-10-10T08:18:58","guid":{"rendered":"http:\/\/madeinzaragoza.es\/blog\/?p=26359"},"modified":"2019-10-10T09:18:58","modified_gmt":"2019-10-10T08:18:58","slug":"convocatoria-para-participar-en-la-noche-de-las-tiendas-creativas-universidad-2019","status":"publish","type":"post","link":"http:\/\/madeinzaragoza.es\/blog\/convocatoria-para-participar-en-la-noche-de-las-tiendas-creativas-universidad-2019\/","title":{"rendered":"Convocatoria para participar en La Noche de las Tiendas Creativas Universidad 2019"},"content":{"rendered":"<p>El pr\u00f3ximo <strong>viernes 15 de noviembre<\/strong> te proponemos la\u00a0<strong>cuarta edici\u00f3n de la Noche de las Tiendas Creativas en la zona de Universidad<\/strong>, una jornada organizada por la red de emprendedores Made in Zaragoza y Zaragoza Activa.<\/p>\n<p>&nbsp;<\/p>\n<p>Los peque\u00f1os comercios creativos del entorno de Gran V\u00eda y Fernando El Cat\u00f3lico, usando como l\u00edmites naturales el r\u00edo Huerva en un lado y la Avenida Valencia en el otro, permanecer\u00e1n abiertos desde las 20:00 h, y aproximadamente hasta las 23:30 h. ofreciendo una experiencia \u00fanica: compras, promociones y descuentos especiales, espect\u00e1culos, regalos, m\u00fasica en vivo y diferentes sorpresas hasta llegada la media noche.<\/p>\n<p>&nbsp;<\/p>\n<p>&nbsp;<\/p>\n<h2>C\u00f3mo participar en la Noche de las Tiendas Creativas en Universidad<\/h2>\n<p><strong>\u00bfTienes una tienda en esa zona? \u00bfEres una persona creativa? \u00bfQuieres dar a conocer tu proyecto comercial de una forma diferente y original?<\/strong>\u00a0Participar en esta noche de fiesta del peque\u00f1o comercio es muy sencillo, s\u00f3lo hay que cumplir los siguientes requisitos:<\/p>\n<p>&nbsp;<\/p>\n<ul>\n<li><strong>Ser un artesano, creador, colectivo, galer\u00eda de arte o negocio local<\/strong>.<\/li>\n<li>Ser miembro o inscribirte en la red de MadeinZGZ. Una red de emprendedores creativos que pretende poner en valor en valor el trabajo de los profesionales y emprendedores locales en el \u00e1mbito de la econom\u00eda creativa (pasos detallados para hacer la inscripci\u00f3n aqu\u00ed).<\/li>\n<li>Enviarnos un correo electr\u00f3nico a:\u00a0<a href=\"mailto:madeinzgz@zaragoza.es\">madeinzgz@zaragoza.es<\/a>\u00a0dici\u00e9ndonos que quieres participar.<\/li>\n<\/ul>\n<p>&nbsp;<\/p>\n<p>El d\u00eda\u00a0<strong>18 de octubre daremos por cerrado el periodo de inscripci\u00f3n<\/strong>. No te lo pienses m\u00e1s y \u00a1escr\u00edbenos!. Seguro que no te arrepientes de participar.<\/p>\n<p><iframe loading=\"lazy\" src=\"https:\/\/www.youtube.com\/embed\/7EBjwa2asbU\" width=\"560\" height=\"315\" frameborder=\"0\" allowfullscreen=\"allowfullscreen\"><\/iframe><br \/>\n&nbsp;<\/p>\n<p>MadeinZGZ es una red de profesionales y pymes cuya actividad comercial a pie de calle genera un potente impacto econ\u00f3mico, social y\/o cultural en la ciudad. Queremos poner en valor el trabajo de estas pymes y profesionales en el \u00e1mbito de la econom\u00eda creativa, que constituyen el cimiento de la identidad cultural de Zaragoza, dinamizan multitud de calles consolidando los barrios y representan adem\u00e1s una importante industria h\u00edperlocal generadora de riqueza y empleo.<\/p>\n<p>&nbsp;<\/p>\n<p>Intentamos fomentar lo colaborativo frente a lo competitivo, lo artesano frente a los est\u00e1ndar, lo pr\u00f3ximo frente a lo deslocalizado, lo meditado frente a lo acelerado\u2026<\/p>\n<p>&nbsp;<\/p>\n<p><strong>\u00a1\u00danete a nuestra red y visibiliza tu negocio creativo en Zaragoza!<\/strong><\/p>\n","protected":false},"excerpt":{"rendered":"<p>El pr\u00f3ximo viernes 15 de noviembre te proponemos la\u00a0cuarta edici\u00f3n de la Noche de las Tiendas Creativas en la zona de Universidad, una jornada organizada por la red de emprendedores Made in Zaragoza y Zaragoza Activa. &nbsp; Los peque\u00f1os comercios creativos del entorno de Gran V\u00eda y Fernando El Cat\u00f3lico, usando como l\u00edmites naturales el &hellip; <a href=\"http:\/\/madeinzaragoza.es\/blog\/convocatoria-para-participar-en-la-noche-de-las-tiendas-creativas-universidad-2019\/\" class=\"more-link\">Continuar leyendo<span class=\"screen-reader-text\"> \u00abConvocatoria para participar en La Noche de las Tiendas Creativas Universidad 2019\u00bb<\/span><\/a><\/p>\n","protected":false},"author":22,"featured_media":26360,"comment_status":"open","ping_status":"open","sticky":false,"template":"","format":"standard","meta":{"footnotes":""},"categories":[8],"tags":[],"yoast_head":"<!-- This site is optimized with the Yoast SEO plugin v19.7.2 - https:\/\/yoast.com\/wordpress\/plugins\/seo\/ -->\n<title>Convocatoria para participar en La Noche de las Tiendas Creativas Universidad 2019 - Made in Zaragoza<\/title>\n<meta name=\"description\" content=\"\u00bfTienes una tienda en Universidad? \u00bfQuieres dar a conocer tu proyecto de una forma original?\u00a0Participa en la Noche de las Tiendas Creativas Universidad 2019.\" \/>\n<meta name=\"robots\" content=\"index, follow, max-snippet:-1, max-image-preview:large, max-video-preview:-1\" \/>\n<link rel=\"canonical\" href=\"http:\/\/madeinzaragoza.es\/blog\/convocatoria-para-participar-en-la-noche-de-las-tiendas-creativas-universidad-2019\/\" \/>\n<meta property=\"og:locale\" content=\"es_ES\" \/>\n<meta property=\"og:type\" content=\"article\" \/>\n<meta property=\"og:title\" content=\"Convocatoria para participar en La Noche de las Tiendas Creativas Universidad 2019 - Made in Zaragoza\" \/>\n<meta property=\"og:description\" content=\"\u00bfTienes una tienda en Universidad? \u00bfQuieres dar a conocer tu proyecto de una forma original?\u00a0Participa en la Noche de las Tiendas Creativas Universidad 2019.\" \/>\n<meta property=\"og:url\" content=\"http:\/\/madeinzaragoza.es\/blog\/convocatoria-para-participar-en-la-noche-de-las-tiendas-creativas-universidad-2019\/\" \/>\n<meta property=\"og:site_name\" content=\"Made in Zaragoza\" \/>\n<meta property=\"article:publisher\" content=\"https:\/\/www.facebook.com\/madeinzaragoza.es\/\" \/>\n<meta property=\"article:author\" content=\"LasArmasZAC\" \/>\n<meta property=\"article:published_time\" content=\"2019-10-10T08:18:58+00:00\" \/>\n<meta property=\"og:image\" content=\"http:\/\/madeinzaragoza.es\/blog\/wp-content\/uploads\/2019\/10\/noche-tiendas-creativas-universidad.jpg\" \/>\n\t<meta property=\"og:image:width\" content=\"1024\" \/>\n\t<meta property=\"og:image:height\" content=\"683\" \/>\n\t<meta property=\"og:image:type\" content=\"image\/jpeg\" \/>\n<meta name=\"author\" content=\"MadeinZGZ\" \/>\n<meta name=\"twitter:card\" content=\"summary\" \/>\n<meta name=\"twitter:creator\" content=\"@madeinzaragoza\" \/>\n<meta name=\"twitter:site\" content=\"@madeinzaragoza\" \/>\n<meta name=\"twitter:label1\" content=\"Escrito por\" \/>\n\t<meta name=\"twitter:data1\" content=\"MadeinZGZ\" \/>\n\t<meta name=\"twitter:label2\" content=\"Tiempo de lectura\" \/>\n\t<meta name=\"twitter:data2\" content=\"2 minutos\" \/>\n<script type=\"application\/ld+json\" class=\"yoast-schema-graph\">{\"@context\":\"https:\/\/schema.org\",\"@graph\":[{\"@type\":\"Article\",\"@id\":\"http:\/\/madeinzaragoza.es\/blog\/convocatoria-para-participar-en-la-noche-de-las-tiendas-creativas-universidad-2019\/#article\",\"isPartOf\":{\"@id\":\"http:\/\/madeinzaragoza.es\/blog\/convocatoria-para-participar-en-la-noche-de-las-tiendas-creativas-universidad-2019\/\"},\"author\":{\"name\":\"MadeinZGZ\",\"@id\":\"https:\/\/madeinzaragoza.es\/blog\/#\/schema\/person\/59f4073cf7e7bc2b2f33b48241478a32\"},\"headline\":\"Convocatoria para participar en La Noche de las Tiendas Creativas Universidad 2019\",\"datePublished\":\"2019-10-10T08:18:58+00:00\",\"dateModified\":\"2019-10-10T08:18:58+00:00\",\"mainEntityOfPage\":{\"@id\":\"http:\/\/madeinzaragoza.es\/blog\/convocatoria-para-participar-en-la-noche-de-las-tiendas-creativas-universidad-2019\/\"},\"wordCount\":400,\"commentCount\":0,\"publisher\":{\"@id\":\"https:\/\/madeinzaragoza.es\/blog\/#organization\"},\"articleSection\":[\"Red MIZ\"],\"inLanguage\":\"es\",\"potentialAction\":[{\"@type\":\"CommentAction\",\"name\":\"Comment\",\"target\":[\"http:\/\/madeinzaragoza.es\/blog\/convocatoria-para-participar-en-la-noche-de-las-tiendas-creativas-universidad-2019\/#respond\"]}]},{\"@type\":\"WebPage\",\"@id\":\"http:\/\/madeinzaragoza.es\/blog\/convocatoria-para-participar-en-la-noche-de-las-tiendas-creativas-universidad-2019\/\",\"url\":\"http:\/\/madeinzaragoza.es\/blog\/convocatoria-para-participar-en-la-noche-de-las-tiendas-creativas-universidad-2019\/\",\"name\":\"Convocatoria para participar en La Noche de las Tiendas Creativas Universidad 2019 - Made in Zaragoza\",\"isPartOf\":{\"@id\":\"https:\/\/madeinzaragoza.es\/blog\/#website\"},\"datePublished\":\"2019-10-10T08:18:58+00:00\",\"dateModified\":\"2019-10-10T08:18:58+00:00\",\"description\":\"\u00bfTienes una tienda en Universidad? \u00bfQuieres dar a conocer tu proyecto de una forma original?\u00a0Participa en la Noche de las Tiendas Creativas Universidad 2019.\",\"breadcrumb\":{\"@id\":\"http:\/\/madeinzaragoza.es\/blog\/convocatoria-para-participar-en-la-noche-de-las-tiendas-creativas-universidad-2019\/#breadcrumb\"},\"inLanguage\":\"es\",\"potentialAction\":[{\"@type\":\"ReadAction\",\"target\":[\"http:\/\/madeinzaragoza.es\/blog\/convocatoria-para-participar-en-la-noche-de-las-tiendas-creativas-universidad-2019\/\"]}]},{\"@type\":\"BreadcrumbList\",\"@id\":\"http:\/\/madeinzaragoza.es\/blog\/convocatoria-para-participar-en-la-noche-de-las-tiendas-creativas-universidad-2019\/#breadcrumb\",\"itemListElement\":[{\"@type\":\"ListItem\",\"position\":1,\"name\":\"Portada\",\"item\":\"https:\/\/madeinzaragoza.es\/blog\/\"},{\"@type\":\"ListItem\",\"position\":2,\"name\":\"Convocatoria para participar en La Noche de las Tiendas Creativas Universidad 2019\"}]},{\"@type\":\"WebSite\",\"@id\":\"https:\/\/madeinzaragoza.es\/blog\/#website\",\"url\":\"https:\/\/madeinzaragoza.es\/blog\/\",\"name\":\"Made in Zaragoza\",\"description\":\"Blog de MadeinZGZ, Red de Econom\u00eda Creativa de Zaragoza\",\"publisher\":{\"@id\":\"https:\/\/madeinzaragoza.es\/blog\/#organization\"},\"potentialAction\":[{\"@type\":\"SearchAction\",\"target\":{\"@type\":\"EntryPoint\",\"urlTemplate\":\"https:\/\/madeinzaragoza.es\/blog\/?s={search_term_string}\"},\"query-input\":\"required name=search_term_string\"}],\"inLanguage\":\"es\"},{\"@type\":\"Organization\",\"@id\":\"https:\/\/madeinzaragoza.es\/blog\/#organization\",\"name\":\"Made In Zaragoza\",\"url\":\"https:\/\/madeinzaragoza.es\/blog\/\",\"sameAs\":[\"https:\/\/www.instagram.com\/madeinzaragoza.es\/\",\"https:\/\/www.facebook.com\/madeinzaragoza.es\/\",\"https:\/\/twitter.com\/madeinzaragoza\"],\"logo\":{\"@type\":\"ImageObject\",\"inLanguage\":\"es\",\"@id\":\"https:\/\/madeinzaragoza.es\/blog\/#\/schema\/logo\/image\/\",\"url\":\"https:\/\/madeinzaragoza.es\/blog\/wp-content\/uploads\/2022\/05\/logo.png\",\"contentUrl\":\"https:\/\/madeinzaragoza.es\/blog\/wp-content\/uploads\/2022\/05\/logo.png\",\"width\":193,\"height\":176,\"caption\":\"Made In Zaragoza\"},\"image\":{\"@id\":\"https:\/\/madeinzaragoza.es\/blog\/#\/schema\/logo\/image\/\"}},{\"@type\":\"Person\",\"@id\":\"https:\/\/madeinzaragoza.es\/blog\/#\/schema\/person\/59f4073cf7e7bc2b2f33b48241478a32\",\"name\":\"MadeinZGZ\",\"image\":{\"@type\":\"ImageObject\",\"inLanguage\":\"es\",\"@id\":\"https:\/\/madeinzaragoza.es\/blog\/#\/schema\/person\/image\/\",\"url\":\"http:\/\/2.gravatar.com\/avatar\/23c2456a35687aa268b52997d8f142d1?s=96&d=mm&r=g\",\"contentUrl\":\"http:\/\/2.gravatar.com\/avatar\/23c2456a35687aa268b52997d8f142d1?s=96&d=mm&r=g\",\"caption\":\"MadeinZGZ\"},\"description\":\"Red de comercios y emprendedores creativos de Zaragoza impulsada por ZGZ Activa.\",\"sameAs\":[\"LasArmasZAC\",\"https:\/\/twitter.com\/madeinzaragoza\"],\"url\":\"http:\/\/madeinzaragoza.es\/blog\/author\/madeinzgz\/\"}]}<\/script>\n<!-- \/ Yoast SEO plugin. -->","yoast_head_json":{"title":"Convocatoria para participar en La Noche de las Tiendas Creativas Universidad 2019 - Made in Zaragoza","description":"\u00bfTienes una tienda en Universidad? \u00bfQuieres dar a conocer tu proyecto de una forma original?\u00a0Participa en la Noche de las Tiendas Creativas Universidad 2019.","robots":{"index":"index","follow":"follow","max-snippet":"max-snippet:-1","max-image-preview":"max-image-preview:large","max-video-preview":"max-video-preview:-1"},"canonical":"http:\/\/madeinzaragoza.es\/blog\/convocatoria-para-participar-en-la-noche-de-las-tiendas-creativas-universidad-2019\/","og_locale":"es_ES","og_type":"article","og_title":"Convocatoria para participar en La Noche de las Tiendas Creativas Universidad 2019 - Made in Zaragoza","og_description":"\u00bfTienes una tienda en Universidad? \u00bfQuieres dar a conocer tu proyecto de una forma original?\u00a0Participa en la Noche de las Tiendas Creativas Universidad 2019.","og_url":"http:\/\/madeinzaragoza.es\/blog\/convocatoria-para-participar-en-la-noche-de-las-tiendas-creativas-universidad-2019\/","og_site_name":"Made in Zaragoza","article_publisher":"https:\/\/www.facebook.com\/madeinzaragoza.es\/","article_author":"LasArmasZAC","article_published_time":"2019-10-10T08:18:58+00:00","og_image":[{"width":1024,"height":683,"url":"http:\/\/madeinzaragoza.es\/blog\/wp-content\/uploads\/2019\/10\/noche-tiendas-creativas-universidad.jpg","type":"image\/jpeg"}],"author":"MadeinZGZ","twitter_card":"summary","twitter_creator":"@madeinzaragoza","twitter_site":"@madeinzaragoza","twitter_misc":{"Escrito por":"MadeinZGZ","Tiempo de lectura":"2 minutos"},"schema":{"@context":"https:\/\/schema.org","@graph":[{"@type":"Article","@id":"http:\/\/madeinzaragoza.es\/blog\/convocatoria-para-participar-en-la-noche-de-las-tiendas-creativas-universidad-2019\/#article","isPartOf":{"@id":"http:\/\/madeinzaragoza.es\/blog\/convocatoria-para-participar-en-la-noche-de-las-tiendas-creativas-universidad-2019\/"},"author":{"name":"MadeinZGZ","@id":"https:\/\/madeinzaragoza.es\/blog\/#\/schema\/person\/59f4073cf7e7bc2b2f33b48241478a32"},"headline":"Convocatoria para participar en La Noche de las Tiendas Creativas Universidad 2019","datePublished":"2019-10-10T08:18:58+00:00","dateModified":"2019-10-10T08:18:58+00:00","mainEntityOfPage":{"@id":"http:\/\/madeinzaragoza.es\/blog\/convocatoria-para-participar-en-la-noche-de-las-tiendas-creativas-universidad-2019\/"},"wordCount":400,"commentCount":0,"publisher":{"@id":"https:\/\/madeinzaragoza.es\/blog\/#organization"},"articleSection":["Red MIZ"],"inLanguage":"es","potentialAction":[{"@type":"CommentAction","name":"Comment","target":["http:\/\/madeinzaragoza.es\/blog\/convocatoria-para-participar-en-la-noche-de-las-tiendas-creativas-universidad-2019\/#respond"]}]},{"@type":"WebPage","@id":"http:\/\/madeinzaragoza.es\/blog\/convocatoria-para-participar-en-la-noche-de-las-tiendas-creativas-universidad-2019\/","url":"http:\/\/madeinzaragoza.es\/blog\/convocatoria-para-participar-en-la-noche-de-las-tiendas-creativas-universidad-2019\/","name":"Convocatoria para participar en La Noche de las Tiendas Creativas Universidad 2019 - Made in Zaragoza","isPartOf":{"@id":"https:\/\/madeinzaragoza.es\/blog\/#website"},"datePublished":"2019-10-10T08:18:58+00:00","dateModified":"2019-10-10T08:18:58+00:00","description":"\u00bfTienes una tienda en Universidad? \u00bfQuieres dar a conocer tu proyecto de una forma original?\u00a0Participa en la Noche de las Tiendas Creativas Universidad 2019.","breadcrumb":{"@id":"http:\/\/madeinzaragoza.es\/blog\/convocatoria-para-participar-en-la-noche-de-las-tiendas-creativas-universidad-2019\/#breadcrumb"},"inLanguage":"es","potentialAction":[{"@type":"ReadAction","target":["http:\/\/madeinzaragoza.es\/blog\/convocatoria-para-participar-en-la-noche-de-las-tiendas-creativas-universidad-2019\/"]}]},{"@type":"BreadcrumbList","@id":"http:\/\/madeinzaragoza.es\/blog\/convocatoria-para-participar-en-la-noche-de-las-tiendas-creativas-universidad-2019\/#breadcrumb","itemListElement":[{"@type":"ListItem","position":1,"name":"Portada","item":"https:\/\/madeinzaragoza.es\/blog\/"},{"@type":"ListItem","position":2,"name":"Convocatoria para participar en La Noche de las Tiendas Creativas Universidad 2019"}]},{"@type":"WebSite","@id":"https:\/\/madeinzaragoza.es\/blog\/#website","url":"https:\/\/madeinzaragoza.es\/blog\/","name":"Made in Zaragoza","description":"Blog de MadeinZGZ, Red de Econom\u00eda Creativa de Zaragoza","publisher":{"@id":"https:\/\/madeinzaragoza.es\/blog\/#organization"},"potentialAction":[{"@type":"SearchAction","target":{"@type":"EntryPoint","urlTemplate":"https:\/\/madeinzaragoza.es\/blog\/?s={search_term_string}"},"query-input":"required name=search_term_string"}],"inLanguage":"es"},{"@type":"Organization","@id":"https:\/\/madeinzaragoza.es\/blog\/#organization","name":"Made In Zaragoza","url":"https:\/\/madeinzaragoza.es\/blog\/","sameAs":["https:\/\/www.instagram.com\/madeinzaragoza.es\/","https:\/\/www.facebook.com\/madeinzaragoza.es\/","https:\/\/twitter.com\/madeinzaragoza"],"logo":{"@type":"ImageObject","inLanguage":"es","@id":"https:\/\/madeinzaragoza.es\/blog\/#\/schema\/logo\/image\/","url":"https:\/\/madeinzaragoza.es\/blog\/wp-content\/uploads\/2022\/05\/logo.png","contentUrl":"https:\/\/madeinzaragoza.es\/blog\/wp-content\/uploads\/2022\/05\/logo.png","width":193,"height":176,"caption":"Made In Zaragoza"},"image":{"@id":"https:\/\/madeinzaragoza.es\/blog\/#\/schema\/logo\/image\/"}},{"@type":"Person","@id":"https:\/\/madeinzaragoza.es\/blog\/#\/schema\/person\/59f4073cf7e7bc2b2f33b48241478a32","name":"MadeinZGZ","image":{"@type":"ImageObject","inLanguage":"es","@id":"https:\/\/madeinzaragoza.es\/blog\/#\/schema\/person\/image\/","url":"http:\/\/2.gravatar.com\/avatar\/23c2456a35687aa268b52997d8f142d1?s=96&d=mm&r=g","contentUrl":"http:\/\/2.gravatar.com\/avatar\/23c2456a35687aa268b52997d8f142d1?s=96&d=mm&r=g","caption":"MadeinZGZ"},"description":"Red de comercios y emprendedores creativos de Zaragoza impulsada por ZGZ Activa.","sameAs":["LasArmasZAC","https:\/\/twitter.com\/madeinzaragoza"],"url":"http:\/\/madeinzaragoza.es\/blog\/author\/madeinzgz\/"}]}},"_links":{"self":[{"href":"http:\/\/madeinzaragoza.es\/blog\/wp-json\/wp\/v2\/posts\/26359"}],"collection":[{"href":"http:\/\/madeinzaragoza.es\/blog\/wp-json\/wp\/v2\/posts"}],"about":[{"href":"http:\/\/madeinzaragoza.es\/blog\/wp-json\/wp\/v2\/types\/post"}],"author":[{"embeddable":true,"href":"http:\/\/madeinzaragoza.es\/blog\/wp-json\/wp\/v2\/users\/22"}],"replies":[{"embeddable":true,"href":"http:\/\/madeinzaragoza.es\/blog\/wp-json\/wp\/v2\/comments?post=26359"}],"version-history":[{"count":1,"href":"http:\/\/madeinzaragoza.es\/blog\/wp-json\/wp\/v2\/posts\/26359\/revisions"}],"predecessor-version":[{"id":26361,"href":"http:\/\/madeinzaragoza.es\/blog\/wp-json\/wp\/v2\/posts\/26359\/revisions\/26361"}],"wp:featuredmedia":[{"embeddable":true,"href":"http:\/\/madeinzaragoza.es\/blog\/wp-json\/wp\/v2\/media\/26360"}],"wp:attachment":[{"href":"http:\/\/madeinzaragoza.es\/blog\/wp-json\/wp\/v2\/media?parent=26359"}],"wp:term":[{"taxonomy":"category","embeddable":true,"href":"http:\/\/madeinzaragoza.es\/blog\/wp-json\/wp\/v2\/categories?post=26359"},{"taxonomy":"post_tag","embeddable":true,"href":"http:\/\/madeinzaragoza.es\/blog\/wp-json\/wp\/v2\/tags?post=26359"}],"curies":[{"name":"wp","href":"https:\/\/api.w.org\/{rel}","templated":true}]}}