{"id":26325,"date":"2019-10-06T23:40:24","date_gmt":"2019-10-06T22:40:24","guid":{"rendered":"http:\/\/madeinzaragoza.es\/blog\/?p=26325"},"modified":"2019-10-06T23:47:36","modified_gmt":"2019-10-06T22:47:36","slug":"asi-fue-la-iii-noche-de-las-tiendas-creativas-en-delicias-universitas","status":"publish","type":"post","link":"http:\/\/madeinzaragoza.es\/blog\/asi-fue-la-iii-noche-de-las-tiendas-creativas-en-delicias-universitas\/","title":{"rendered":"As\u00ed fue la III Noche de las Tiendas Creativas en Delicias: de V\u00eda Univ\u00e9rsitas a Calle Delicias"},"content":{"rendered":"<p>Como ya os adelant\u00e1bamos <a href=\"http:\/\/madeinzaragoza.es\/blog\/asi-fue-la-iii-noche-de-las-tiendas-creativas-en-delicias\/\">en nuestro art\u00edculo anterior<\/a>,\u00a0el pasado viernes 27 de septiembre se celebr\u00f3 la\u00a0<strong>tercera edici\u00f3n de la\u00a0<em>Noche<\/em>\u00a0de las\u00a0<em>Tiendas Creativas<\/em>\u00a0en\u00a0<em>Delicias\u00a0<\/em><\/strong>y el equipo de colaboradores de Made in Zaragoza no quiso perderse la oportunidad de disfrutar de esta fiesta del peque\u00f1o comercio del barrio de Las Delicias.<\/p>\n<p>&nbsp;<\/p>\n<p>Os mostramos m\u00e1s de cerca las actividades que los comercios organizaron durante la Noche y <em><strong>os animamos a dar un paseo por sus calles, visitarlos y conocer m\u00e1s de cerca sus productos<\/strong><\/em> y todo lo que hacen.<\/p>\n<p>&nbsp;<\/p>\n<h2><strong>La Artesanica Mercer\u00eda Creativa,\u00a0V\u00eda Univ\u00e9rsitas 71<\/strong><\/h2>\n<p>&nbsp;<\/p>\n<p>Rosana Herranz decidi\u00f3 hace cinco a\u00f1os dar un vuelco a su vida y coger el traspaso de esta mercer\u00eda de barrio. De esta manera surgi\u00f3 este peque\u00f1o establecimiento que se ha convertido en un punto de encuentro de referencia <em><strong>para los apasionados del &#8216;handmade&#8217;<\/strong><\/em>.<\/p>\n<p>&nbsp;<\/p>\n<p><img loading=\"lazy\" decoding=\"async\" class=\"aligncenter wp-image-26282 size-full\" title=\"La Artesanica Mercer\u00eda Creativa\" src=\"http:\/\/madeinzaragoza.es\/blog\/wp-content\/uploads\/2019\/10\/noche-tiendas-creativas-delicias-2019-27.jpg\" alt=\"La Artesanica Mercer\u00eda Creativa\" width=\"1024\" height=\"1536\" srcset=\"http:\/\/madeinzaragoza.es\/blog\/wp-content\/uploads\/2019\/10\/noche-tiendas-creativas-delicias-2019-27.jpg 1024w, http:\/\/madeinzaragoza.es\/blog\/wp-content\/uploads\/2019\/10\/noche-tiendas-creativas-delicias-2019-27-200x300.jpg 200w, http:\/\/madeinzaragoza.es\/blog\/wp-content\/uploads\/2019\/10\/noche-tiendas-creativas-delicias-2019-27-768x1152.jpg 768w, http:\/\/madeinzaragoza.es\/blog\/wp-content\/uploads\/2019\/10\/noche-tiendas-creativas-delicias-2019-27-683x1024.jpg 683w\" sizes=\"(max-width: 709px) 85vw, (max-width: 909px) 67vw, (max-width: 1362px) 62vw, 840px\" \/><\/p>\n<p>&nbsp;<\/p>\n<p>Este local esconde una sorpresa. Al pasar por la puerta de la mercer\u00eda nada hace sospechar que <em><strong>la trastienda alberga un taller donde se aprenden todo tipo de t\u00e9cnicas de costura creativa<\/strong><\/em>.<\/p>\n<p>&nbsp;<\/p>\n<p>Animales, macetas de aloe vera, cualquier cosa replicable gracias al patchwork, aunque tambi\u00e9n se atreven con bisuter\u00eda y complementos.\u00a0Color, geometr\u00eda y mucha diversi\u00f3n.<\/p>\n<p>&nbsp;<\/p>\n<p>&nbsp;<\/p>\n<p>&nbsp;<\/p>\n<p><img loading=\"lazy\" decoding=\"async\" class=\"aligncenter wp-image-26281 size-full\" title=\"La Artesanica Mercer\u00eda Creativa\" src=\"http:\/\/madeinzaragoza.es\/blog\/wp-content\/uploads\/2019\/10\/noche-tiendas-creativas-delicias-2019-26.jpg\" alt=\"La Artesanica Mercer\u00eda Creativa\" width=\"1024\" height=\"683\" srcset=\"http:\/\/madeinzaragoza.es\/blog\/wp-content\/uploads\/2019\/10\/noche-tiendas-creativas-delicias-2019-26.jpg 1024w, http:\/\/madeinzaragoza.es\/blog\/wp-content\/uploads\/2019\/10\/noche-tiendas-creativas-delicias-2019-26-300x200.jpg 300w, http:\/\/madeinzaragoza.es\/blog\/wp-content\/uploads\/2019\/10\/noche-tiendas-creativas-delicias-2019-26-768x512.jpg 768w\" sizes=\"(max-width: 709px) 85vw, (max-width: 909px) 67vw, (max-width: 1362px) 62vw, 840px\" \/> <img loading=\"lazy\" decoding=\"async\" class=\"aligncenter wp-image-26278 size-full\" title=\"La Artesanica Mercer\u00eda Creativa\" src=\"http:\/\/madeinzaragoza.es\/blog\/wp-content\/uploads\/2019\/10\/noche-tiendas-creativas-delicias-2019-23.jpg\" alt=\"La Artesanica Mercer\u00eda Creativa\" width=\"1024\" height=\"1536\" srcset=\"http:\/\/madeinzaragoza.es\/blog\/wp-content\/uploads\/2019\/10\/noche-tiendas-creativas-delicias-2019-23.jpg 1024w, http:\/\/madeinzaragoza.es\/blog\/wp-content\/uploads\/2019\/10\/noche-tiendas-creativas-delicias-2019-23-200x300.jpg 200w, http:\/\/madeinzaragoza.es\/blog\/wp-content\/uploads\/2019\/10\/noche-tiendas-creativas-delicias-2019-23-768x1152.jpg 768w, http:\/\/madeinzaragoza.es\/blog\/wp-content\/uploads\/2019\/10\/noche-tiendas-creativas-delicias-2019-23-683x1024.jpg 683w\" sizes=\"(max-width: 709px) 85vw, (max-width: 909px) 67vw, (max-width: 1362px) 62vw, 840px\" \/><\/p>\n<p>&nbsp;<\/p>\n<p><img loading=\"lazy\" decoding=\"async\" class=\"aligncenter wp-image-26280 size-full\" title=\"La Artesanica Mercer\u00eda Creativa\" src=\"http:\/\/madeinzaragoza.es\/blog\/wp-content\/uploads\/2019\/10\/noche-tiendas-creativas-delicias-2019-25.jpg\" alt=\"La Artesanica Mercer\u00eda Creativa\" width=\"1024\" height=\"683\" srcset=\"http:\/\/madeinzaragoza.es\/blog\/wp-content\/uploads\/2019\/10\/noche-tiendas-creativas-delicias-2019-25.jpg 1024w, http:\/\/madeinzaragoza.es\/blog\/wp-content\/uploads\/2019\/10\/noche-tiendas-creativas-delicias-2019-25-300x200.jpg 300w, http:\/\/madeinzaragoza.es\/blog\/wp-content\/uploads\/2019\/10\/noche-tiendas-creativas-delicias-2019-25-768x512.jpg 768w\" sizes=\"(max-width: 709px) 85vw, (max-width: 909px) 67vw, (max-width: 1362px) 62vw, 840px\" \/><\/p>\n<p>&nbsp;<\/p>\n<p>En La Artesanica puedes apuntarte a cursos y clases para todas las edades y niveles durante todo el a\u00f1o.<\/p>\n<p>&nbsp;<\/p>\n<p>A sus cursos acude gente que empieza desde casa y quiere mejorar, o\u00a0 bien aprender una t\u00e9cnica en concreto. El \u00fanico requisito es tener unas pocas nociones b\u00e1sicas de costura.\u00a0En <a href=\"http:\/\/madeinzaragoza.es\/comercios\/comercio.php?id=185\">La Artesanica<\/a>\u00a0(V\u00eda Univ\u00e9rsitas 71) te facilitar\u00e1n el resto de conocimientos.<\/p>\n<p>&nbsp;<\/p>\n<p>Coincidiendo con la celebraci\u00f3n de la Noche<em><strong> inauguraron un nuevo espacio de trabajo, justo enfrente de su primera ubicaci\u00f3n<\/strong><\/em>. Un local abierto al p\u00fablico, flexible, innovador y din\u00e1mico, que se destinar\u00e1 a impartir cursos, clases y monogr\u00e1ficos sobre las nuevas tendencias del \u2018handmade\u2019, el\u00a0\u2018patchworking\u2019, el patronaje y la costura creativa.<\/p>\n<p>&nbsp;<\/p>\n<p><img loading=\"lazy\" decoding=\"async\" class=\"aligncenter wp-image-26120\" title=\"La Artesanica Mercer\u00eda Creativa\" src=\"http:\/\/madeinzaragoza.es\/blog\/wp-content\/uploads\/2019\/09\/inauguracion-nuevo-espacio-la-artesanica.jpg\" alt=\"La Artesanica Mercer\u00eda Creativa\" width=\"672\" height=\"672\" srcset=\"http:\/\/madeinzaragoza.es\/blog\/wp-content\/uploads\/2019\/09\/inauguracion-nuevo-espacio-la-artesanica.jpg 832w, http:\/\/madeinzaragoza.es\/blog\/wp-content\/uploads\/2019\/09\/inauguracion-nuevo-espacio-la-artesanica-150x150.jpg 150w, http:\/\/madeinzaragoza.es\/blog\/wp-content\/uploads\/2019\/09\/inauguracion-nuevo-espacio-la-artesanica-300x300.jpg 300w, http:\/\/madeinzaragoza.es\/blog\/wp-content\/uploads\/2019\/09\/inauguracion-nuevo-espacio-la-artesanica-768x768.jpg 768w\" sizes=\"(max-width: 709px) 85vw, (max-width: 909px) 67vw, (max-width: 984px) 61vw, (max-width: 1362px) 45vw, 600px\" \/><\/p>\n<p>&nbsp;<\/p>\n<h2><strong>Palacio de los Pioneros, Calle Mariano Carderera 28<\/strong><\/h2>\n<p>&nbsp;<\/p>\n<p>Cuando entramos al\u00a0<a href=\"http:\/\/www.palaciodepioneros.es\/\">Palacio de los pioneros<\/a>\u00a0no ten\u00edamos claro qu\u00e9 nos \u00edbamos a encontrar\u2026 Un local ambientado<em><strong> por y para el juego del ajedrez<\/strong><\/em> nos esperaba con mil sorpresas en su interior.<\/p>\n<p>&nbsp;<\/p>\n<p><img loading=\"lazy\" decoding=\"async\" class=\"aligncenter wp-image-26291 size-full\" title=\"Palacio de los Pioneros\" src=\"http:\/\/madeinzaragoza.es\/blog\/wp-content\/uploads\/2019\/10\/noche-tiendas-creativas-delicias-2019-42.jpg\" alt=\"Palacio de los Pioneros\" width=\"1024\" height=\"683\" srcset=\"http:\/\/madeinzaragoza.es\/blog\/wp-content\/uploads\/2019\/10\/noche-tiendas-creativas-delicias-2019-42.jpg 1024w, http:\/\/madeinzaragoza.es\/blog\/wp-content\/uploads\/2019\/10\/noche-tiendas-creativas-delicias-2019-42-300x200.jpg 300w, http:\/\/madeinzaragoza.es\/blog\/wp-content\/uploads\/2019\/10\/noche-tiendas-creativas-delicias-2019-42-768x512.jpg 768w\" sizes=\"(max-width: 709px) 85vw, (max-width: 909px) 67vw, (max-width: 1362px) 62vw, 840px\" \/><\/p>\n<p>&nbsp;<\/p>\n<p>Llevan en este espacio desde hace m\u00e1s de ocho a\u00f1os ense\u00f1ando sobre todo a gente joven, este maravilloso y eterno juego de estrategia. Recorren colegios y adem\u00e1s organizan cursos (generalmente son anuales), reuniones y torneos. El paso de los a\u00f1os ha consolidado su proyecto y, en la actualidad, cuentan con m\u00e1s de 1.000 alumnos matriculados en sus aulas.<\/p>\n<p>&nbsp;<\/p>\n<p>En sus estanter\u00edas reposan ajedreces de todos los estilos. Adem\u00e1s, para completar su oferta tienen otros juegos de mesa, desde los m\u00e1s tradicionales como el domin\u00f3 hasta los m\u00e1s modernos como el Cat\u00e1n o el Dixit, con los que disfrutar.<\/p>\n<p>&nbsp;<\/p>\n<p>Cuidado: son tan divertidos que podr\u00edas estar jugando a ellos todo el d\u00eda. Damos fe de ello.<\/p>\n<p>&nbsp;<\/p>\n<p><img loading=\"lazy\" decoding=\"async\" class=\"aligncenter wp-image-26292 size-full\" title=\"Palacio de los Pioneros\" src=\"http:\/\/madeinzaragoza.es\/blog\/wp-content\/uploads\/2019\/10\/noche-tiendas-creativas-delicias-2019-43.jpg\" alt=\"Palacio de los Pioneros\" width=\"1024\" height=\"1536\" srcset=\"http:\/\/madeinzaragoza.es\/blog\/wp-content\/uploads\/2019\/10\/noche-tiendas-creativas-delicias-2019-43.jpg 1024w, http:\/\/madeinzaragoza.es\/blog\/wp-content\/uploads\/2019\/10\/noche-tiendas-creativas-delicias-2019-43-200x300.jpg 200w, http:\/\/madeinzaragoza.es\/blog\/wp-content\/uploads\/2019\/10\/noche-tiendas-creativas-delicias-2019-43-768x1152.jpg 768w, http:\/\/madeinzaragoza.es\/blog\/wp-content\/uploads\/2019\/10\/noche-tiendas-creativas-delicias-2019-43-683x1024.jpg 683w\" sizes=\"(max-width: 709px) 85vw, (max-width: 909px) 67vw, (max-width: 1362px) 62vw, 840px\" \/><\/p>\n<p>&nbsp;<\/p>\n<p>&nbsp;<\/p>\n<h2><strong>Artesan\u00eda Aliaga, Calle Berenguer de Bardaj\u00ed 66<\/strong><\/h2>\n<p>&nbsp;<\/p>\n<p><a href=\"http:\/\/madeinzaragoza.es\/comercios\/comercio.php?id=147\">Artesan\u00eda Aliaga<\/a>\u00a0es\u00a0uno de los principales talleres de creaci\u00f3n cer\u00e1mica de los que podemos disfrutar en nuestra ciudad.<\/p>\n<p>&nbsp;<\/p>\n<p><img loading=\"lazy\" decoding=\"async\" class=\"aligncenter wp-image-26298 size-full\" title=\"Artesan\u00eda Aliaga\" src=\"http:\/\/madeinzaragoza.es\/blog\/wp-content\/uploads\/2019\/10\/noche-tiendas-creativas-delicias-2019-49.jpg\" alt=\"Artesan\u00eda Aliaga\" width=\"1024\" height=\"683\" srcset=\"http:\/\/madeinzaragoza.es\/blog\/wp-content\/uploads\/2019\/10\/noche-tiendas-creativas-delicias-2019-49.jpg 1024w, http:\/\/madeinzaragoza.es\/blog\/wp-content\/uploads\/2019\/10\/noche-tiendas-creativas-delicias-2019-49-300x200.jpg 300w, http:\/\/madeinzaragoza.es\/blog\/wp-content\/uploads\/2019\/10\/noche-tiendas-creativas-delicias-2019-49-768x512.jpg 768w\" sizes=\"(max-width: 709px) 85vw, (max-width: 909px) 67vw, (max-width: 1362px) 62vw, 840px\" \/><\/p>\n<p>&nbsp;<\/p>\n<p><img loading=\"lazy\" decoding=\"async\" class=\"aligncenter wp-image-26295 size-full\" title=\"Artesan\u00eda Aliaga\" src=\"http:\/\/madeinzaragoza.es\/blog\/wp-content\/uploads\/2019\/10\/noche-tiendas-creativas-delicias-2019-46.jpg\" alt=\"Artesan\u00eda Aliaga\" width=\"1024\" height=\"1536\" srcset=\"http:\/\/madeinzaragoza.es\/blog\/wp-content\/uploads\/2019\/10\/noche-tiendas-creativas-delicias-2019-46.jpg 1024w, http:\/\/madeinzaragoza.es\/blog\/wp-content\/uploads\/2019\/10\/noche-tiendas-creativas-delicias-2019-46-200x300.jpg 200w, http:\/\/madeinzaragoza.es\/blog\/wp-content\/uploads\/2019\/10\/noche-tiendas-creativas-delicias-2019-46-768x1152.jpg 768w, http:\/\/madeinzaragoza.es\/blog\/wp-content\/uploads\/2019\/10\/noche-tiendas-creativas-delicias-2019-46-683x1024.jpg 683w\" sizes=\"(max-width: 709px) 85vw, (max-width: 909px) 67vw, (max-width: 1362px) 62vw, 840px\" \/><\/p>\n<p>&nbsp;<\/p>\n<p><img loading=\"lazy\" decoding=\"async\" class=\"aligncenter wp-image-21783 size-full\" src=\"http:\/\/madeinzaragoza.es\/blog\/wp-content\/uploads\/2018\/09\/artesania-aliaga-exposicion.jpg\" alt=\"artesania aliaga exposicion\" width=\"1024\" height=\"683\" srcset=\"http:\/\/madeinzaragoza.es\/blog\/wp-content\/uploads\/2018\/09\/artesania-aliaga-exposicion.jpg 1024w, http:\/\/madeinzaragoza.es\/blog\/wp-content\/uploads\/2018\/09\/artesania-aliaga-exposicion-300x200.jpg 300w, http:\/\/madeinzaragoza.es\/blog\/wp-content\/uploads\/2018\/09\/artesania-aliaga-exposicion-768x512.jpg 768w\" sizes=\"(max-width: 709px) 85vw, (max-width: 909px) 67vw, (max-width: 1362px) 62vw, 840px\" \/><\/p>\n<p>&nbsp;<\/p>\n<p>Tras probar un aperitivo estuvimos visitando la exposici\u00f3n de su nueva temporada de joyer\u00eda <em><strong>\u201cAlma de c\u00e1ntaro\u201d de Lorena Domingo<\/strong><\/em>. Acto seguido fuimos directos a la zona de taller, donde aprender\u00edamos a decorar nuestras propias tazas de cer\u00e1mica.<\/p>\n<p>&nbsp;<\/p>\n<p>Pero el verdadero prodigio se produce al o\u00edr hablar a nuestras maestras: \u00c1ngeles Aliaga y sus hijas, que desprenden <em><strong>pasi\u00f3n y sabidur\u00eda por su oficio<\/strong><\/em>, y con un ojo al detalle que hace que una taza o un plato se convierta en una obra maestra de Goya o Picasso.<\/p>\n<p>&nbsp;<\/p>\n<p><img loading=\"lazy\" decoding=\"async\" class=\"aligncenter wp-image-26301 size-full\" title=\"Artesan\u00eda Aliaga\" src=\"http:\/\/madeinzaragoza.es\/blog\/wp-content\/uploads\/2019\/10\/noche-tiendas-creativas-delicias-2019-52.jpg\" alt=\"Artesan\u00eda Aliaga\" width=\"1024\" height=\"1536\" srcset=\"http:\/\/madeinzaragoza.es\/blog\/wp-content\/uploads\/2019\/10\/noche-tiendas-creativas-delicias-2019-52.jpg 1024w, http:\/\/madeinzaragoza.es\/blog\/wp-content\/uploads\/2019\/10\/noche-tiendas-creativas-delicias-2019-52-200x300.jpg 200w, http:\/\/madeinzaragoza.es\/blog\/wp-content\/uploads\/2019\/10\/noche-tiendas-creativas-delicias-2019-52-768x1152.jpg 768w, http:\/\/madeinzaragoza.es\/blog\/wp-content\/uploads\/2019\/10\/noche-tiendas-creativas-delicias-2019-52-683x1024.jpg 683w\" sizes=\"(max-width: 709px) 85vw, (max-width: 909px) 67vw, (max-width: 1362px) 62vw, 840px\" \/><\/p>\n<p>&nbsp;<\/p>\n<p>&nbsp;<\/p>\n<p>\u00c1ngeles Aliaga proviene de Muel y siempre ha estado vinculada al mundo de la cer\u00e1mica, y tras su traslado a Zaragoza, le sigui\u00f3 picando el gusanillo por la cer\u00e1mica, por lo que hace m\u00e1s de una d\u00e9cada decidi\u00f3 abrir este local, en el que se imparten cursos y talleres para ni\u00f1os y adultos.<\/p>\n<p>&nbsp;<\/p>\n<h2><strong>Florister\u00eda Bamb\u00fa,\u00a0Plaza de Huesca<\/strong><\/h2>\n<p>&nbsp;<\/p>\n<p>Bamb\u00fa es uno de los escaparates que destacan de la Plaza Huesca. Tras atravesar un espacio lleno de olores y colores exuberantes, llagamos al mostrador donde nos recibe su responsable.<\/p>\n<p>&nbsp;<\/p>\n<p><img loading=\"lazy\" decoding=\"async\" class=\"aligncenter wp-image-26134\" title=\"Florister\u00eda Bamb\u00fa,\u00a0Plaza de Huesca\" src=\"http:\/\/madeinzaragoza.es\/blog\/wp-content\/uploads\/2019\/09\/bambu-floristeria-1024x768.jpg\" alt=\"Florister\u00eda Bamb\u00fa,\u00a0Plaza de Huesca\" width=\"672\" height=\"504\" srcset=\"http:\/\/madeinzaragoza.es\/blog\/wp-content\/uploads\/2019\/09\/bambu-floristeria-1024x768.jpg 1024w, http:\/\/madeinzaragoza.es\/blog\/wp-content\/uploads\/2019\/09\/bambu-floristeria-300x225.jpg 300w, http:\/\/madeinzaragoza.es\/blog\/wp-content\/uploads\/2019\/09\/bambu-floristeria-768x576.jpg 768w, http:\/\/madeinzaragoza.es\/blog\/wp-content\/uploads\/2019\/09\/bambu-floristeria-1200x900.jpg 1200w, http:\/\/madeinzaragoza.es\/blog\/wp-content\/uploads\/2019\/09\/bambu-floristeria.jpg 2048w\" sizes=\"(max-width: 709px) 85vw, (max-width: 909px) 67vw, (max-width: 984px) 61vw, (max-width: 1362px) 45vw, 600px\" \/><\/p>\n<p>&nbsp;<\/p>\n<p>En 2017, tras <em><strong>m\u00e1s de 20 a\u00f1os de experiencia como profesional en el sector del\u00a0arte floral<\/strong><\/em>, decidi\u00f3 establecerse por su cuenta.<\/p>\n<p>Bamb\u00fa destaca principalmente por la originalidad y sensibilidad de sus composiciones, calidad de sus creaciones y por su buen gusto por las flores.<\/p>\n<p>&nbsp;<\/p>\n<p><img loading=\"lazy\" decoding=\"async\" class=\"aligncenter wp-image-26136\" title=\"Florister\u00eda Bamb\u00fa,\u00a0Plaza de Huesca\" src=\"http:\/\/madeinzaragoza.es\/blog\/wp-content\/uploads\/2019\/09\/Florister\u00eda-Bamb\u00fa-2.jpg\" alt=\"Florister\u00eda Bamb\u00fa,\u00a0Plaza de Huesca\" width=\"672\" height=\"672\" srcset=\"http:\/\/madeinzaragoza.es\/blog\/wp-content\/uploads\/2019\/09\/Florister\u00eda-Bamb\u00fa-2.jpg 960w, http:\/\/madeinzaragoza.es\/blog\/wp-content\/uploads\/2019\/09\/Florister\u00eda-Bamb\u00fa-2-150x150.jpg 150w, http:\/\/madeinzaragoza.es\/blog\/wp-content\/uploads\/2019\/09\/Florister\u00eda-Bamb\u00fa-2-300x300.jpg 300w, http:\/\/madeinzaragoza.es\/blog\/wp-content\/uploads\/2019\/09\/Florister\u00eda-Bamb\u00fa-2-768x768.jpg 768w\" sizes=\"(max-width: 709px) 85vw, (max-width: 909px) 67vw, (max-width: 984px) 61vw, (max-width: 1362px) 45vw, 600px\" \/><\/p>\n<p><img loading=\"lazy\" decoding=\"async\" class=\"aligncenter wp-image-26137\" title=\"Florister\u00eda Bamb\u00fa,\u00a0Plaza de Huesca\" src=\"http:\/\/madeinzaragoza.es\/blog\/wp-content\/uploads\/2019\/09\/Florister\u00eda-Bamb\u00fa.jpg\" alt=\"Florister\u00eda Bamb\u00fa,\u00a0Plaza de Huesca\" width=\"672\" height=\"672\" srcset=\"http:\/\/madeinzaragoza.es\/blog\/wp-content\/uploads\/2019\/09\/Florister\u00eda-Bamb\u00fa.jpg 960w, http:\/\/madeinzaragoza.es\/blog\/wp-content\/uploads\/2019\/09\/Florister\u00eda-Bamb\u00fa-150x150.jpg 150w, http:\/\/madeinzaragoza.es\/blog\/wp-content\/uploads\/2019\/09\/Florister\u00eda-Bamb\u00fa-300x300.jpg 300w, http:\/\/madeinzaragoza.es\/blog\/wp-content\/uploads\/2019\/09\/Florister\u00eda-Bamb\u00fa-768x768.jpg 768w\" sizes=\"(max-width: 709px) 85vw, (max-width: 909px) 67vw, (max-width: 984px) 61vw, (max-width: 1362px) 45vw, 600px\" \/><\/p>\n<p>&nbsp;<\/p>\n<p>Sus tocados, ramos de flores,\u00a0centros y plantas son perfectas para deslumbrar en cualquier evento que se precie..<\/p>\n<p>Vino y embutidos fueron algunos de los obsequios con los que nos agasaj\u00f3.<\/p>\n<p>A la salida vemos un grupo de se\u00f1oras baj\u00e1ndose del autob\u00fas, yendo directas a la tienda, con el mapa de las tiendas creativas en la mano. \u00a1Gente de todas las edades quiere descubrir su ciudad!<\/p>\n<p>&nbsp;<\/p>\n<h2><strong>Obrador Pasteler\u00eda La Artesa, Calle Tarazona<\/strong><\/h2>\n<p>&nbsp;<\/p>\n<p>Es la alegr\u00eda de la calle. Tiene esa idiosincrasia de comercio de barrio, que va a la suya, que se resiste a ser engullido por la gran ciudad y la forma de vivir acelerada.<\/p>\n<p>&nbsp;<\/p>\n<p><img loading=\"lazy\" decoding=\"async\" class=\"aligncenter size-large wp-image-26289\" src=\"http:\/\/madeinzaragoza.es\/blog\/wp-content\/uploads\/2019\/10\/noche-tiendas-creativas-delicias-2019-40-1024x683.jpg\" alt=\"\" width=\"840\" height=\"560\" srcset=\"http:\/\/madeinzaragoza.es\/blog\/wp-content\/uploads\/2019\/10\/noche-tiendas-creativas-delicias-2019-40.jpg 1024w, http:\/\/madeinzaragoza.es\/blog\/wp-content\/uploads\/2019\/10\/noche-tiendas-creativas-delicias-2019-40-300x200.jpg 300w, http:\/\/madeinzaragoza.es\/blog\/wp-content\/uploads\/2019\/10\/noche-tiendas-creativas-delicias-2019-40-768x512.jpg 768w\" sizes=\"(max-width: 709px) 85vw, (max-width: 909px) 67vw, (max-width: 1362px) 62vw, 840px\" \/><\/p>\n<p>&nbsp;<\/p>\n<p>En <a href=\"http:\/\/pasteleriaartesa.com\/\">La Artesa<\/a>\u00a0se han ganado merecidamente el honor de hacer algunos de los pasteles artesanos m\u00e1s deliciosos del barrio.<\/p>\n<p>&nbsp;<\/p>\n<p><img loading=\"lazy\" decoding=\"async\" class=\"aligncenter size-large wp-image-26287\" src=\"http:\/\/madeinzaragoza.es\/blog\/wp-content\/uploads\/2019\/10\/noche-tiendas-creativas-delicias-2019-38-1024x683.jpg\" alt=\"\" width=\"840\" height=\"560\" srcset=\"http:\/\/madeinzaragoza.es\/blog\/wp-content\/uploads\/2019\/10\/noche-tiendas-creativas-delicias-2019-38.jpg 1024w, http:\/\/madeinzaragoza.es\/blog\/wp-content\/uploads\/2019\/10\/noche-tiendas-creativas-delicias-2019-38-300x200.jpg 300w, http:\/\/madeinzaragoza.es\/blog\/wp-content\/uploads\/2019\/10\/noche-tiendas-creativas-delicias-2019-38-768x512.jpg 768w\" sizes=\"(max-width: 709px) 85vw, (max-width: 909px) 67vw, (max-width: 1362px) 62vw, 840px\" \/><\/p>\n<p>Hay muchas tentaciones, pero sus <em><strong>cl\u00e1sicos dentro de los cl\u00e1sicos en reposter\u00eda<\/strong><\/em>, demuestran que son verdaderos maestros del dulce.<\/p>\n<p>&nbsp;<\/p>\n<p>\u00abAqu\u00ed empezaron mis padres hace m\u00e1s de 30 a\u00f1os. Mi padre ha sido pastelero toda la vida, trabaj\u00f3 en el Cachirulo y en el Hotel Corona de Arag\u00f3n. A m\u00ed la pasteler\u00eda es algo que me gusta desde siempre. Recuerdo que de peque\u00f1a quer\u00eda estar siempre en la cocina aprendiendo de los mayores. Con 17 a\u00f1os decid\u00ed formarme y empezar a trabajar aqu\u00ed. Ahora sigo estudiando y aprendiendo todo lo que puedo sobre reposter\u00eda\u00bb.<\/p>\n<p>&nbsp;<\/p>\n<p>\u00abHace unos a\u00f1os mis padres se jubilaron y junto a mi hermano decidimos hacernos cargo de la pasteler\u00eda. El mercado cambia y evoluciona mucho y a nosotros nos gusta hacerlo con \u00e9l\u00bb.<\/p>\n<p>&nbsp;<\/p>\n<p><img loading=\"lazy\" decoding=\"async\" class=\"aligncenter size-large wp-image-26285\" src=\"http:\/\/madeinzaragoza.es\/blog\/wp-content\/uploads\/2019\/10\/noche-tiendas-creativas-delicias-2019-36-683x1024.jpg\" alt=\"\" width=\"683\" height=\"1024\" srcset=\"http:\/\/madeinzaragoza.es\/blog\/wp-content\/uploads\/2019\/10\/noche-tiendas-creativas-delicias-2019-36-683x1024.jpg 683w, http:\/\/madeinzaragoza.es\/blog\/wp-content\/uploads\/2019\/10\/noche-tiendas-creativas-delicias-2019-36-200x300.jpg 200w, http:\/\/madeinzaragoza.es\/blog\/wp-content\/uploads\/2019\/10\/noche-tiendas-creativas-delicias-2019-36-768x1152.jpg 768w, http:\/\/madeinzaragoza.es\/blog\/wp-content\/uploads\/2019\/10\/noche-tiendas-creativas-delicias-2019-36.jpg 1024w\" sizes=\"(max-width: 709px) 85vw, (max-width: 909px) 67vw, (max-width: 984px) 61vw, (max-width: 1362px) 45vw, 600px\" \/><\/p>\n<p>&nbsp;<\/p>\n<p>A pesar de su continua adaptaci\u00f3n a las tendencias pasteleras, La Artesa sigue trabajando tambi\u00e9n las tartas y brazos tradicionales, \u00ablas de toda la vida\u00bb, como la de milhojas o la de tres chocolates.<\/p>\n<p>&nbsp;<\/p>\n<p>En San Valero y Reyes <em><strong>personas de todos los rincones de Zaragoza acuden a La Artesa en busca de sus roscones:<\/strong><\/em> esponjosos, tiernos y elaborados con ingredientes naturales. Tambi\u00e9n son muy populares sus turrones: \u00abnos gusta\u00a0ofrecer nuevas sensaciones y experiencias fuera de lo normal, manteniendo la esencia de este postre tan tradicional\u00bb.<\/p>\n<p>&nbsp;<\/p>\n<p>En la Noche de las Tiendas Creativas en las Delicias pudimos degustar algunas de sus exquisitas variedades de chocolate.<\/p>\n<p>&nbsp;<\/p>\n<h2><strong>Zar\u00e1frika, Don Pedro de Luna 16<\/strong><\/h2>\n<p>&nbsp;<\/p>\n<p><strong><br \/>\n<\/strong>En <strong><a href=\"https:\/\/zaragozacomercio.es\/zarafrica-un-pequeno-supermercado-africano\/\">Zar\u00e1frica<\/a><\/strong> nos espera la sonriente Beatriz que con su simpat\u00eda y salero lleva vendiendo <em><strong>productos ex\u00f3ticos y naturales desde hace a\u00f1os<\/strong><\/em>. Su especialidad es la belleza y la alimentaci\u00f3n, por eso para esta noche ha preparado una degustaci\u00f3n de cusc\u00fas tradicional.<\/p>\n<p>&nbsp;<\/p>\n<p><img loading=\"lazy\" decoding=\"async\" class=\"alignnone size-large wp-image-26254\" src=\"http:\/\/madeinzaragoza.es\/blog\/wp-content\/uploads\/2019\/10\/noche-tiendas-creativas-delicias-2019-7-1024x683.jpg\" alt=\"Zarafrica, noche de las tiendas creativas en el barrio Delicias de Zaragoza\" width=\"840\" height=\"560\" srcset=\"http:\/\/madeinzaragoza.es\/blog\/wp-content\/uploads\/2019\/10\/noche-tiendas-creativas-delicias-2019-7.jpg 1024w, http:\/\/madeinzaragoza.es\/blog\/wp-content\/uploads\/2019\/10\/noche-tiendas-creativas-delicias-2019-7-300x200.jpg 300w, http:\/\/madeinzaragoza.es\/blog\/wp-content\/uploads\/2019\/10\/noche-tiendas-creativas-delicias-2019-7-768x512.jpg 768w\" sizes=\"(max-width: 709px) 85vw, (max-width: 909px) 67vw, (max-width: 1362px) 62vw, 840px\" \/><\/p>\n<p><img loading=\"lazy\" decoding=\"async\" class=\"alignnone wp-image-26251 size-large\" src=\"http:\/\/madeinzaragoza.es\/blog\/wp-content\/uploads\/2019\/10\/noche-tiendas-creativas-delicias-2019-3-683x1024.jpg\" alt=\"Zarafrica, noche de las tiendas creativas en el barrio Delicias de Zaragoza\" width=\"683\" height=\"1024\" srcset=\"http:\/\/madeinzaragoza.es\/blog\/wp-content\/uploads\/2019\/10\/noche-tiendas-creativas-delicias-2019-3-683x1024.jpg 683w, http:\/\/madeinzaragoza.es\/blog\/wp-content\/uploads\/2019\/10\/noche-tiendas-creativas-delicias-2019-3-200x300.jpg 200w, http:\/\/madeinzaragoza.es\/blog\/wp-content\/uploads\/2019\/10\/noche-tiendas-creativas-delicias-2019-3-768x1152.jpg 768w, http:\/\/madeinzaragoza.es\/blog\/wp-content\/uploads\/2019\/10\/noche-tiendas-creativas-delicias-2019-3.jpg 1024w\" sizes=\"(max-width: 709px) 85vw, (max-width: 909px) 67vw, (max-width: 984px) 61vw, (max-width: 1362px) 45vw, 600px\" \/><\/p>\n<p><img loading=\"lazy\" decoding=\"async\" class=\"alignnone size-large wp-image-26252\" src=\"http:\/\/madeinzaragoza.es\/blog\/wp-content\/uploads\/2019\/10\/noche-tiendas-creativas-delicias-2019-4-1024x683.jpg\" alt=\"Zarafrica, noche de las tiendas creativas en el barrio Delicias de Zaragoza\" width=\"840\" height=\"560\" srcset=\"http:\/\/madeinzaragoza.es\/blog\/wp-content\/uploads\/2019\/10\/noche-tiendas-creativas-delicias-2019-4.jpg 1024w, http:\/\/madeinzaragoza.es\/blog\/wp-content\/uploads\/2019\/10\/noche-tiendas-creativas-delicias-2019-4-300x200.jpg 300w, http:\/\/madeinzaragoza.es\/blog\/wp-content\/uploads\/2019\/10\/noche-tiendas-creativas-delicias-2019-4-768x512.jpg 768w\" sizes=\"(max-width: 709px) 85vw, (max-width: 909px) 67vw, (max-width: 1362px) 62vw, 840px\" \/><\/p>\n<p>&nbsp;<\/p>\n<p>Si sois atrevidos y curiosos, no dud\u00e9is en pasaros cualquier d\u00eda por all\u00ed, \u00a1os va a encantar!<\/p>\n<p>&nbsp;<\/p>\n<p>&nbsp;<\/p>\n<h2><strong>Infernal Tattoo, Via Universitas 64<\/strong><\/h2>\n<p>&nbsp;<\/p>\n<p>&nbsp;<\/p>\n<p>Y llegamos a uno de los locales m\u00e1s canallas de la ruta, el<strong> <a href=\"http:\/\/madeinzaragoza.es\/comercios\/comercio.php?id=196\">Infernal Tattoo<\/a><\/strong>, donde esta noche adem\u00e1s de tatuajes y piercings en directo tienen dos invitadas muy especiales.<\/p>\n<p>&nbsp;<\/p>\n<p><img loading=\"lazy\" decoding=\"async\" class=\"aligncenter size-large wp-image-26258\" src=\"http:\/\/madeinzaragoza.es\/blog\/wp-content\/uploads\/2019\/10\/noche-tiendas-creativas-delicias-2019-30-683x1024.jpg\" alt=\"\" width=\"683\" height=\"1024\" srcset=\"http:\/\/madeinzaragoza.es\/blog\/wp-content\/uploads\/2019\/10\/noche-tiendas-creativas-delicias-2019-30-683x1024.jpg 683w, http:\/\/madeinzaragoza.es\/blog\/wp-content\/uploads\/2019\/10\/noche-tiendas-creativas-delicias-2019-30-200x300.jpg 200w, http:\/\/madeinzaragoza.es\/blog\/wp-content\/uploads\/2019\/10\/noche-tiendas-creativas-delicias-2019-30-768x1152.jpg 768w, http:\/\/madeinzaragoza.es\/blog\/wp-content\/uploads\/2019\/10\/noche-tiendas-creativas-delicias-2019-30.jpg 1024w\" sizes=\"(max-width: 709px) 85vw, (max-width: 909px) 67vw, (max-width: 984px) 61vw, (max-width: 1362px) 45vw, 600px\" \/><\/p>\n<p><img loading=\"lazy\" decoding=\"async\" class=\"alignnone size-large wp-image-26262\" src=\"http:\/\/madeinzaragoza.es\/blog\/wp-content\/uploads\/2019\/10\/noche-tiendas-creativas-delicias-2019-35-1024x683.jpg\" alt=\"\" width=\"840\" height=\"560\" srcset=\"http:\/\/madeinzaragoza.es\/blog\/wp-content\/uploads\/2019\/10\/noche-tiendas-creativas-delicias-2019-35.jpg 1024w, http:\/\/madeinzaragoza.es\/blog\/wp-content\/uploads\/2019\/10\/noche-tiendas-creativas-delicias-2019-35-300x200.jpg 300w, http:\/\/madeinzaragoza.es\/blog\/wp-content\/uploads\/2019\/10\/noche-tiendas-creativas-delicias-2019-35-768x512.jpg 768w\" sizes=\"(max-width: 709px) 85vw, (max-width: 909px) 67vw, (max-width: 1362px) 62vw, 840px\" \/><\/p>\n<p><img loading=\"lazy\" decoding=\"async\" class=\"alignnone size-large wp-image-26260\" src=\"http:\/\/madeinzaragoza.es\/blog\/wp-content\/uploads\/2019\/10\/noche-tiendas-creativas-delicias-2019-32-683x1024.jpg\" alt=\"\" width=\"683\" height=\"1024\" srcset=\"http:\/\/madeinzaragoza.es\/blog\/wp-content\/uploads\/2019\/10\/noche-tiendas-creativas-delicias-2019-32-683x1024.jpg 683w, http:\/\/madeinzaragoza.es\/blog\/wp-content\/uploads\/2019\/10\/noche-tiendas-creativas-delicias-2019-32-200x300.jpg 200w, http:\/\/madeinzaragoza.es\/blog\/wp-content\/uploads\/2019\/10\/noche-tiendas-creativas-delicias-2019-32-768x1152.jpg 768w, http:\/\/madeinzaragoza.es\/blog\/wp-content\/uploads\/2019\/10\/noche-tiendas-creativas-delicias-2019-32.jpg 1024w\" sizes=\"(max-width: 709px) 85vw, (max-width: 909px) 67vw, (max-width: 984px) 61vw, (max-width: 1362px) 45vw, 600px\" \/><\/p>\n<p>&nbsp;<\/p>\n<p>&nbsp;<\/p>\n<p>La primera es la pop-up store de <strong><a href=\"http:\/\/madeinzaragoza.es\/comercios\/comercio.php?id=257\">DreamCatcher<\/a><\/strong>, que como siempre nos trae lo m\u00e1s friki y Kawaii de Zaragoza. Aunque lo que causa furor esta noche son las chucher\u00edas coreanas, los funkos y los calcetines de Batman. Si sois unos frikis consagrados, ten\u00e9is que pasaros por su tienda en la Plaza de Las Armas.<\/p>\n<p>&nbsp;<\/p>\n<p><img loading=\"lazy\" decoding=\"async\" class=\"alignnone size-large wp-image-26261\" src=\"http:\/\/madeinzaragoza.es\/blog\/wp-content\/uploads\/2019\/10\/noche-tiendas-creativas-delicias-2019-34-683x1024.jpg\" alt=\"\" width=\"683\" height=\"1024\" srcset=\"http:\/\/madeinzaragoza.es\/blog\/wp-content\/uploads\/2019\/10\/noche-tiendas-creativas-delicias-2019-34-683x1024.jpg 683w, http:\/\/madeinzaragoza.es\/blog\/wp-content\/uploads\/2019\/10\/noche-tiendas-creativas-delicias-2019-34-200x300.jpg 200w, http:\/\/madeinzaragoza.es\/blog\/wp-content\/uploads\/2019\/10\/noche-tiendas-creativas-delicias-2019-34-768x1152.jpg 768w, http:\/\/madeinzaragoza.es\/blog\/wp-content\/uploads\/2019\/10\/noche-tiendas-creativas-delicias-2019-34.jpg 1024w\" sizes=\"(max-width: 709px) 85vw, (max-width: 909px) 67vw, (max-width: 984px) 61vw, (max-width: 1362px) 45vw, 600px\" \/><\/p>\n<p>&nbsp;<\/p>\n<p>Y la segunda invitada es<strong>\u00a0<a href=\"http:\/\/madeinzaragoza.es\/comercios\/comercio.php?id=125\">UnaOcaLoca<\/a><\/strong>, que con su filosof\u00eda de recuperaci\u00f3n textil y residuo cero ha tra\u00eddo un sin fin de pajaritas originales hechas a partir de corbatas, fulares o bandanas hechas a partir de camisas y faldas. No os perd\u00e1is la selecci\u00f3n de productos para las Fiestas del Pilar que tiene en su estudio de la calle San Pablo.<\/p>\n<p>&nbsp;<\/p>\n<p><img loading=\"lazy\" decoding=\"async\" class=\"alignnone size-large wp-image-26259\" src=\"http:\/\/madeinzaragoza.es\/blog\/wp-content\/uploads\/2019\/10\/noche-tiendas-creativas-delicias-2019-31-683x1024.jpg\" alt=\"\" width=\"683\" height=\"1024\" srcset=\"http:\/\/madeinzaragoza.es\/blog\/wp-content\/uploads\/2019\/10\/noche-tiendas-creativas-delicias-2019-31-683x1024.jpg 683w, http:\/\/madeinzaragoza.es\/blog\/wp-content\/uploads\/2019\/10\/noche-tiendas-creativas-delicias-2019-31-200x300.jpg 200w, http:\/\/madeinzaragoza.es\/blog\/wp-content\/uploads\/2019\/10\/noche-tiendas-creativas-delicias-2019-31-768x1152.jpg 768w, http:\/\/madeinzaragoza.es\/blog\/wp-content\/uploads\/2019\/10\/noche-tiendas-creativas-delicias-2019-31.jpg 1024w\" sizes=\"(max-width: 709px) 85vw, (max-width: 909px) 67vw, (max-width: 984px) 61vw, (max-width: 1362px) 45vw, 600px\" \/><\/p>\n<p>&nbsp;<\/p>\n<p>&nbsp;<\/p>\n<p>&nbsp;<\/p>\n<h2><strong>Gerovital, Calle Delicias 4<\/strong><\/h2>\n<p>&nbsp;<\/p>\n<p>Si vas paseando por la calle Delicias, p\u00e1rate un momento en el n\u00famero 4 y echa un vistazo a Gerovital, te sorprender\u00e1 la variedad de productos y el mimo con el que est\u00e1n expuestos.<\/p>\n<p>&nbsp;<\/p>\n<p>En la Noche de las Tiendas Creativas Pepi, su due\u00f1a, nos explic\u00f3 que lleva abierta casi tres a\u00f1os. En principio estaba centrada en ofrecer productos de cosm\u00e9tica de la marca Gerovital, conocida donde las haya, <strong>pero decidi\u00f3 expandir su oferta a la ropa, concretamente a los vestidos de fiesta<\/strong>: \u201clas mujeres en esta tienda se van a poner guapas s\u00ed o s\u00ed conmigo\u201d,- brome\u00f3- \u201ccon cosm\u00e9tica de calidad o vestidos para disfrutar que traigo de Par\u00eds y Londres\u201d.<\/p>\n<p>&nbsp;<\/p>\n<p><img loading=\"lazy\" decoding=\"async\" class=\"aligncenter size-large wp-image-26268\" src=\"http:\/\/madeinzaragoza.es\/blog\/wp-content\/uploads\/2019\/10\/noche-tiendas-creativas-delicias-2019-13-683x1024.jpg\" alt=\"\" width=\"683\" height=\"1024\" srcset=\"http:\/\/madeinzaragoza.es\/blog\/wp-content\/uploads\/2019\/10\/noche-tiendas-creativas-delicias-2019-13-683x1024.jpg 683w, http:\/\/madeinzaragoza.es\/blog\/wp-content\/uploads\/2019\/10\/noche-tiendas-creativas-delicias-2019-13-200x300.jpg 200w, http:\/\/madeinzaragoza.es\/blog\/wp-content\/uploads\/2019\/10\/noche-tiendas-creativas-delicias-2019-13-768x1152.jpg 768w, http:\/\/madeinzaragoza.es\/blog\/wp-content\/uploads\/2019\/10\/noche-tiendas-creativas-delicias-2019-13.jpg 1024w\" sizes=\"(max-width: 709px) 85vw, (max-width: 909px) 67vw, (max-width: 984px) 61vw, (max-width: 1362px) 45vw, 600px\" \/><\/p>\n<p>&nbsp;<\/p>\n<p>Seg\u00fan nos confes\u00f3 <strong>lo que le gusta de verdad es que las mujeres se sientan ellas mismas al comprar en Gerovital<\/strong>. Como curiosidad tiene una variedad de ropa: los <em>conjuntos madre e hija,<\/em> de camisetas y vestidos m\u00e1s desenfadados para lucirlos a d\u00fao.<\/p>\n<p>&nbsp;<\/p>\n<p>En la Noche de las Tiendas Creativas ofreci\u00f3 un descuento del 15% en la nueva colecci\u00f3n y cosm\u00e9tica.<\/p>\n<p>&nbsp;<\/p>\n<p><strong>Miss Zarrios<\/strong>\u00a0contaba con una popup y nos deleit\u00f3 como siempre con sus accesorios risue\u00f1os y con aire definitivamente ma\u00f1o<strong> \u00a1las fiestas del Pilar est\u00e1n a la vuelta de la esquina!<\/strong> Una servidora no pudo resistirse a unos pendientes en forma de adoqu\u00edn de caramelo&#8230;<\/p>\n<p>&nbsp;<\/p>\n<p><img loading=\"lazy\" decoding=\"async\" class=\"aligncenter size-large wp-image-26266\" src=\"http:\/\/madeinzaragoza.es\/blog\/wp-content\/uploads\/2019\/10\/noche-tiendas-creativas-delicias-2019-11-683x1024.jpg\" alt=\"\" width=\"683\" height=\"1024\" srcset=\"http:\/\/madeinzaragoza.es\/blog\/wp-content\/uploads\/2019\/10\/noche-tiendas-creativas-delicias-2019-11-683x1024.jpg 683w, http:\/\/madeinzaragoza.es\/blog\/wp-content\/uploads\/2019\/10\/noche-tiendas-creativas-delicias-2019-11-200x300.jpg 200w, http:\/\/madeinzaragoza.es\/blog\/wp-content\/uploads\/2019\/10\/noche-tiendas-creativas-delicias-2019-11-768x1152.jpg 768w, http:\/\/madeinzaragoza.es\/blog\/wp-content\/uploads\/2019\/10\/noche-tiendas-creativas-delicias-2019-11.jpg 1024w\" sizes=\"(max-width: 709px) 85vw, (max-width: 909px) 67vw, (max-width: 984px) 61vw, (max-width: 1362px) 45vw, 600px\" \/><\/p>\n<h3><\/h3>\n<p>En la entrada de Gerovital se api\u00f1aban ni\u00f1os escuchando embelesados una cuenta cuentos narrando historias basadas en los<strong> libros de la Editorial <em>\u201cHola Monstruo\u201d<\/em>.<\/strong> Al acabar repartieron piruletas y sonrisas para todos.<\/p>\n<p>&nbsp;<\/p>\n<h2><img loading=\"lazy\" decoding=\"async\" class=\"aligncenter size-large wp-image-26264\" src=\"http:\/\/madeinzaragoza.es\/blog\/wp-content\/uploads\/2019\/10\/noche-tiendas-creativas-delicias-2019-9-683x1024.jpg\" alt=\"\" width=\"683\" height=\"1024\" srcset=\"http:\/\/madeinzaragoza.es\/blog\/wp-content\/uploads\/2019\/10\/noche-tiendas-creativas-delicias-2019-9-683x1024.jpg 683w, http:\/\/madeinzaragoza.es\/blog\/wp-content\/uploads\/2019\/10\/noche-tiendas-creativas-delicias-2019-9-200x300.jpg 200w, http:\/\/madeinzaragoza.es\/blog\/wp-content\/uploads\/2019\/10\/noche-tiendas-creativas-delicias-2019-9-768x1152.jpg 768w, http:\/\/madeinzaragoza.es\/blog\/wp-content\/uploads\/2019\/10\/noche-tiendas-creativas-delicias-2019-9.jpg 1024w\" sizes=\"(max-width: 709px) 85vw, (max-width: 909px) 67vw, (max-width: 984px) 61vw, (max-width: 1362px) 45vw, 600px\" \/><\/h2>\n<h2><\/h2>\n<h2><strong>Novia Caprichosa,\u00a0<span class=\"w8qArf\">\u00a0<\/span><span class=\"LrzXr\">Avenida de Madrid 241<\/span><\/strong><\/h2>\n<p>&nbsp;<\/p>\n<p>Si hay una tienda que llama la atenci\u00f3n en la Avda. Madrid es Novia Caprichosa. No es una tienda de trajes de novia al uso, llama la atenci\u00f3n la riqueza y el detalle de los adornos de sus trajes, cuajados de l\u00e1grimas de cristal y volantes de tul.<\/p>\n<p>&nbsp;<\/p>\n<p>Me explica Natalia, su due\u00f1a, que la mayor\u00eda de los adornos son de <strong>cristal aut\u00e9ntico<\/strong>, eso hace que sean m\u00e1s brillantes y llamativos que los de pl\u00e1stico, \u201cy pesan m\u00e1s\u201d, puntualiza con una sonrisa.<\/p>\n<p>&nbsp;<\/p>\n<p><img loading=\"lazy\" decoding=\"async\" class=\"aligncenter size-large wp-image-26272\" src=\"http:\/\/madeinzaragoza.es\/blog\/wp-content\/uploads\/2019\/10\/noche-tiendas-creativas-delicias-2019-17-683x1024.jpg\" alt=\"\" width=\"683\" height=\"1024\" srcset=\"http:\/\/madeinzaragoza.es\/blog\/wp-content\/uploads\/2019\/10\/noche-tiendas-creativas-delicias-2019-17-683x1024.jpg 683w, http:\/\/madeinzaragoza.es\/blog\/wp-content\/uploads\/2019\/10\/noche-tiendas-creativas-delicias-2019-17-200x300.jpg 200w, http:\/\/madeinzaragoza.es\/blog\/wp-content\/uploads\/2019\/10\/noche-tiendas-creativas-delicias-2019-17-768x1152.jpg 768w, http:\/\/madeinzaragoza.es\/blog\/wp-content\/uploads\/2019\/10\/noche-tiendas-creativas-delicias-2019-17.jpg 1024w\" sizes=\"(max-width: 709px) 85vw, (max-width: 909px) 67vw, (max-width: 984px) 61vw, (max-width: 1362px) 45vw, 600px\" \/><\/p>\n<p>&nbsp;<\/p>\n<p>&nbsp;<\/p>\n<p>La clienta de Novia Caprichosa quiere estar diferente el d\u00eda de su boda y por eso se le ofrecen tambi\u00e9n <strong>tocados y coronas<\/strong> enriquecidos con perlas y adornos sin fin para sentirse precisamente \u201cuna novia caprichosa\u201d.<\/p>\n<p>Natalia nos cuenta que los vestidos llegan de Ucrania, de donde es ella y la mayor\u00eda de sus clientes y est\u00e1 especializada en <strong>tallas grandes.<\/strong><\/p>\n<p>&nbsp;<\/p>\n<p><img loading=\"lazy\" decoding=\"async\" class=\"aligncenter size-large wp-image-26274\" src=\"http:\/\/madeinzaragoza.es\/blog\/wp-content\/uploads\/2019\/10\/noche-tiendas-creativas-delicias-2019-19-683x1024.jpg\" alt=\"\" width=\"683\" height=\"1024\" srcset=\"http:\/\/madeinzaragoza.es\/blog\/wp-content\/uploads\/2019\/10\/noche-tiendas-creativas-delicias-2019-19-683x1024.jpg 683w, http:\/\/madeinzaragoza.es\/blog\/wp-content\/uploads\/2019\/10\/noche-tiendas-creativas-delicias-2019-19-200x300.jpg 200w, http:\/\/madeinzaragoza.es\/blog\/wp-content\/uploads\/2019\/10\/noche-tiendas-creativas-delicias-2019-19-768x1152.jpg 768w, http:\/\/madeinzaragoza.es\/blog\/wp-content\/uploads\/2019\/10\/noche-tiendas-creativas-delicias-2019-19.jpg 1024w\" sizes=\"(max-width: 709px) 85vw, (max-width: 909px) 67vw, (max-width: 984px) 61vw, (max-width: 1362px) 45vw, 600px\" \/><\/p>\n<p>&nbsp;<\/p>\n<p>Lleva poco m\u00e1s de un a\u00f1o abierta y est\u00e1 muy ilusionada con como le va todo. En su primera Noche de las Tiendas Creativas unas modelos desfilaron para que vi\u00e9ramos sus trajes y nos ofrecieron un picoteo con m\u00fasica.<\/p>\n<p>&nbsp;<\/p>\n<p>Adem\u00e1s pudimos visitar la popup de<strong> Cariad decoraci\u00f3n<\/strong> o Cristina, su creadora, nos ofrece lo que ella llama cari\u00f1osamente\u201ccositas para eventos\u201d, como <em>porta arras <\/em>y <em>bastidores porta alianzas.<\/em><\/p>\n<p>&nbsp;<\/p>\n<p>&nbsp;<\/p>\n<figure id=\"attachment_26192\" aria-describedby=\"caption-attachment-26192\" style=\"width: 768px\" class=\"wp-caption aligncenter\"><img loading=\"lazy\" decoding=\"async\" class=\"size-large wp-image-26192\" src=\"http:\/\/madeinzaragoza.es\/blog\/wp-content\/uploads\/2019\/09\/IMG-20190927-WA0126-768x1024.jpg\" alt=\"Cariad decoraci\u00f3n\" width=\"768\" height=\"1024\" srcset=\"http:\/\/madeinzaragoza.es\/blog\/wp-content\/uploads\/2019\/09\/IMG-20190927-WA0126-768x1024.jpg 768w, http:\/\/madeinzaragoza.es\/blog\/wp-content\/uploads\/2019\/09\/IMG-20190927-WA0126-225x300.jpg 225w, http:\/\/madeinzaragoza.es\/blog\/wp-content\/uploads\/2019\/09\/IMG-20190927-WA0126.jpg 1200w\" sizes=\"(max-width: 709px) 85vw, (max-width: 909px) 67vw, (max-width: 984px) 61vw, (max-width: 1362px) 45vw, 600px\" \/><figcaption id=\"caption-attachment-26192\" class=\"wp-caption-text\">Cariad decoraci\u00f3n<\/figcaption><\/figure>\n<p>&nbsp;<\/p>\n<p>Todo lo que ofrece <strong>est\u00e1 hecho a mano por ella<\/strong> y su madre le ayuda con las labores de ganchillo.<\/p>\n<p>&nbsp;<\/p>\n<p>Adem\u00e1s de cositas para eventos tambi\u00e9n ten\u00eda expuestos unos tiernos <em>atrapa sue\u00f1os<\/em> en tonos pastel y <em>cuadritos<\/em> personalizados en colores n\u00f3rdicos y naturales para los dormitorios de beb\u00e9s.<\/p>\n<p>&nbsp;<\/p>\n<p>Cristina lleva desde marzo vendiendo sus productos y ha encontrado una forma de <strong>sacar partido a una habilidad manual y est\u00e9tica que siempre ha tenido<\/strong>.<\/p>\n<p>&nbsp;<\/p>\n<h2><strong>Marvin\u00b4s stylist, V\u00eda Univ\u00e9rsitas 67<\/strong><\/h2>\n<p>&nbsp;<\/p>\n<p>En v\u00eda Univ\u00e9rsitas 67 nos encontramos Marvin\u2019s stylist, un establecimiento de <strong>est\u00e9tica<\/strong> en que como dice su due\u00f1a Marvin, colombiana afincada hace 22 a\u00f1os en Espa\u00f1a: \u201cte ponemos guapo de pies a cabeza\u201d.<\/p>\n<p>&nbsp;<\/p>\n<figure id=\"attachment_26195\" aria-describedby=\"caption-attachment-26195\" style=\"width: 840px\" class=\"wp-caption aligncenter\"><img loading=\"lazy\" decoding=\"async\" class=\"size-large wp-image-26195\" src=\"http:\/\/madeinzaragoza.es\/blog\/wp-content\/uploads\/2019\/09\/IMG-20190927-WA0069-1-1024x768.jpg\" alt=\"Marvin\u00b4s stylist\" width=\"840\" height=\"630\" srcset=\"http:\/\/madeinzaragoza.es\/blog\/wp-content\/uploads\/2019\/09\/IMG-20190927-WA0069-1-1024x768.jpg 1024w, http:\/\/madeinzaragoza.es\/blog\/wp-content\/uploads\/2019\/09\/IMG-20190927-WA0069-1-300x225.jpg 300w, http:\/\/madeinzaragoza.es\/blog\/wp-content\/uploads\/2019\/09\/IMG-20190927-WA0069-1-768x576.jpg 768w, http:\/\/madeinzaragoza.es\/blog\/wp-content\/uploads\/2019\/09\/IMG-20190927-WA0069-1-1200x900.jpg 1200w, http:\/\/madeinzaragoza.es\/blog\/wp-content\/uploads\/2019\/09\/IMG-20190927-WA0069-1.jpg 1600w\" sizes=\"(max-width: 709px) 85vw, (max-width: 909px) 67vw, (max-width: 1362px) 62vw, 840px\" \/><figcaption id=\"caption-attachment-26195\" class=\"wp-caption-text\">Marvin\u00b4s stylist<\/figcaption><\/figure>\n<p>&nbsp;<\/p>\n<p><strong>Marvin siempre se ha dedicado al mundo de la est\u00e9tica<\/strong>, ha sido peluquera durante 35 a\u00f1os y finalmente pudo montarse su propio negocio en una zona que como bien dice ella sonriendo es \u00abun buen sitio porque hay mucha gente de paso, \u00a1mucho movimiento!\u00bb.<\/p>\n<p>&nbsp;<\/p>\n<p>Marvin stylist es un <strong>negocio familiar<\/strong>, ella est\u00e1 especializada en se\u00f1ora, peluquer\u00eda y u\u00f1as, que trabaja cada vez m\u00e1s. Mientras que su hijo se dedicaba a la barber\u00eda. Y adem\u00e1s su nuera realiza extensiones de pesta\u00f1as.<\/p>\n<p>&nbsp;<\/p>\n<p>En la Noche de las Tiendas Creativas ofrecieron por cada servicio realizado esa noche un regala un <strong>bono de manicura o de corte de cabello<\/strong>. Adem\u00e1s nos ofrecieron picoteo delicioso, dulce y salado, amenizado con m\u00fasica.<\/p>\n<p>&nbsp;<\/p>\n<figure id=\"attachment_26198\" aria-describedby=\"caption-attachment-26198\" style=\"width: 840px\" class=\"wp-caption aligncenter\"><img loading=\"lazy\" decoding=\"async\" class=\"size-large wp-image-26198\" src=\"http:\/\/madeinzaragoza.es\/blog\/wp-content\/uploads\/2019\/09\/IMG-20190927-WA0057-1024x768.jpg\" alt=\"Marvin\u00b4s stylist\" width=\"840\" height=\"630\" srcset=\"http:\/\/madeinzaragoza.es\/blog\/wp-content\/uploads\/2019\/09\/IMG-20190927-WA0057-1024x768.jpg 1024w, http:\/\/madeinzaragoza.es\/blog\/wp-content\/uploads\/2019\/09\/IMG-20190927-WA0057-300x225.jpg 300w, http:\/\/madeinzaragoza.es\/blog\/wp-content\/uploads\/2019\/09\/IMG-20190927-WA0057-768x576.jpg 768w, http:\/\/madeinzaragoza.es\/blog\/wp-content\/uploads\/2019\/09\/IMG-20190927-WA0057-1200x900.jpg 1200w, http:\/\/madeinzaragoza.es\/blog\/wp-content\/uploads\/2019\/09\/IMG-20190927-WA0057.jpg 1600w\" sizes=\"(max-width: 709px) 85vw, (max-width: 909px) 67vw, (max-width: 1362px) 62vw, 840px\" \/><figcaption id=\"caption-attachment-26198\" class=\"wp-caption-text\">Marvin\u00b4s stylist<\/figcaption><\/figure>\n<p>&nbsp;<\/p>\n<p>&nbsp;<\/p>\n<p>Un placer pasear por las calles del barrio de Las Delicias disfrutando de su peque\u00f1o comercio y de su gente. \u00a1Nos encanta poder conocer m\u00e1s de cerca sus historias y todas las cosas que llevan a cabo en su d\u00eda a d\u00eda!<\/p>\n<p>&nbsp;<\/p>\n<p><em>Un art\u00edculo de David Gim\u00e9nez, \u00c1ngela El\u00eda y Cristina Castej\u00f3n.\u00a0<\/em><\/p>\n<div id=\"wpusb-container-rounded\" class=\"wpusb wpusb-rounded \" data-element-url=\"http%3A%2F%2Fmadeinzaragoza.es%2Fblog%2Fasi-fue-la-iii-noche-de-las-tiendas-creativas-en-delicias%2F\" data-element-title=\"As%C3%AD%20fue%20la%20III%20Noche%20de%20las%20Tiendas%20Creativas%20en%20Delicias%3A%20de%20Calle%20Delicias%20a%20Avda%20de%20Madrid\" data-attr-reference=\"26096\" data-attr-nonce=\"cd27adc68e\" data-is-term=\"0\" data-disabled-share-counts=\"1\" data-wpusb-component=\"counter-social-share\">\n<div class=\"wpusb-item wpusb-facebook \"><\/div>\n<div class=\"wpusb-item wpusb-twitter \"><\/div>\n<div class=\"wpusb-item wpusb-google-plus \"><\/div>\n<div class=\"wpusb-item wpusb-whatsapp \"><\/div>\n<div class=\"wpusb-item wpusb-pinterest \"><\/div>\n<div class=\"wpusb-item wpusb-email \"><\/div>\n<\/div>\n<div class=\"author-info\">\n<div class=\"author-avatar\"><\/div>\n<\/div>\n","protected":false},"excerpt":{"rendered":"<p>Como ya os adelant\u00e1bamos en nuestro art\u00edculo anterior,\u00a0el pasado viernes 27 de septiembre se celebr\u00f3 la\u00a0tercera edici\u00f3n de la\u00a0Noche\u00a0de las\u00a0Tiendas Creativas\u00a0en\u00a0Delicias\u00a0y el equipo de colaboradores de Made in Zaragoza no quiso perderse la oportunidad de disfrutar de esta fiesta del peque\u00f1o comercio del barrio de Las Delicias. &nbsp; Os mostramos m\u00e1s de cerca las actividades &hellip; <a href=\"http:\/\/madeinzaragoza.es\/blog\/asi-fue-la-iii-noche-de-las-tiendas-creativas-en-delicias-universitas\/\" class=\"more-link\">Continuar leyendo<span class=\"screen-reader-text\"> \u00abAs\u00ed fue la III Noche de las Tiendas Creativas en Delicias: de V\u00eda Univ\u00e9rsitas a Calle Delicias\u00bb<\/span><\/a><\/p>\n","protected":false},"author":22,"featured_media":26294,"comment_status":"open","ping_status":"open","sticky":false,"template":"","format":"standard","meta":{"footnotes":""},"categories":[8],"tags":[848],"yoast_head":"<!-- This site is optimized with the Yoast SEO plugin v19.7.2 - https:\/\/yoast.com\/wordpress\/plugins\/seo\/ -->\n<title>As\u00ed fue la III Noche de las Tiendas Creativas en Delicias: de V\u00eda Univ\u00e9rsitas a Calle Delicias - Made in Zaragoza<\/title>\n<meta name=\"description\" content=\"Os mostramos de cerca las actividades de la Noche de las Tiendas Creativas en Delicias y os animamos a dar un paseo por sus calles y visitar su comercio.\" \/>\n<meta name=\"robots\" content=\"index, follow, max-snippet:-1, max-image-preview:large, max-video-preview:-1\" \/>\n<link rel=\"canonical\" href=\"https:\/\/madeinzaragoza.es\/blog\/asi-fue-la-iii-noche-de-las-tiendas-creativas-en-delicias-universitas\/\" \/>\n<meta property=\"og:locale\" content=\"es_ES\" \/>\n<meta property=\"og:type\" content=\"article\" \/>\n<meta property=\"og:title\" content=\"As\u00ed fue la III Noche de las Tiendas Creativas en Delicias: de V\u00eda Univ\u00e9rsitas a Calle Delicias - Made in Zaragoza\" \/>\n<meta property=\"og:description\" content=\"Os mostramos de cerca las actividades de la Noche de las Tiendas Creativas en Delicias y os animamos a dar un paseo por sus calles y visitar su comercio.\" \/>\n<meta property=\"og:url\" content=\"https:\/\/madeinzaragoza.es\/blog\/asi-fue-la-iii-noche-de-las-tiendas-creativas-en-delicias-universitas\/\" \/>\n<meta property=\"og:site_name\" content=\"Made in Zaragoza\" \/>\n<meta property=\"article:publisher\" content=\"https:\/\/www.facebook.com\/madeinzaragoza.es\/\" \/>\n<meta property=\"article:author\" content=\"LasArmasZAC\" \/>\n<meta property=\"article:published_time\" content=\"2019-10-06T22:40:24+00:00\" \/>\n<meta property=\"article:modified_time\" content=\"2019-10-06T22:47:36+00:00\" \/>\n<meta property=\"og:image\" content=\"https:\/\/madeinzaragoza.es\/blog\/wp-content\/uploads\/2019\/10\/noche-tiendas-creativas-delicias-2019-45.jpg\" \/>\n\t<meta property=\"og:image:width\" content=\"1024\" \/>\n\t<meta property=\"og:image:height\" content=\"683\" \/>\n\t<meta property=\"og:image:type\" content=\"image\/jpeg\" \/>\n<meta name=\"author\" content=\"MadeinZGZ\" \/>\n<meta name=\"twitter:card\" content=\"summary\" \/>\n<meta name=\"twitter:creator\" content=\"@madeinzaragoza\" \/>\n<meta name=\"twitter:site\" content=\"@madeinzaragoza\" \/>\n<meta name=\"twitter:label1\" content=\"Escrito por\" \/>\n\t<meta name=\"twitter:data1\" content=\"MadeinZGZ\" \/>\n\t<meta name=\"twitter:label2\" content=\"Tiempo de lectura\" \/>\n\t<meta name=\"twitter:data2\" content=\"12 minutos\" \/>\n<script type=\"application\/ld+json\" class=\"yoast-schema-graph\">{\"@context\":\"https:\/\/schema.org\",\"@graph\":[{\"@type\":\"Article\",\"@id\":\"https:\/\/madeinzaragoza.es\/blog\/asi-fue-la-iii-noche-de-las-tiendas-creativas-en-delicias-universitas\/#article\",\"isPartOf\":{\"@id\":\"https:\/\/madeinzaragoza.es\/blog\/asi-fue-la-iii-noche-de-las-tiendas-creativas-en-delicias-universitas\/\"},\"author\":{\"name\":\"MadeinZGZ\",\"@id\":\"https:\/\/madeinzaragoza.es\/blog\/#\/schema\/person\/59f4073cf7e7bc2b2f33b48241478a32\"},\"headline\":\"As\u00ed fue la III Noche de las Tiendas Creativas en Delicias: de V\u00eda Univ\u00e9rsitas a Calle Delicias\",\"datePublished\":\"2019-10-06T22:40:24+00:00\",\"dateModified\":\"2019-10-06T22:47:36+00:00\",\"mainEntityOfPage\":{\"@id\":\"https:\/\/madeinzaragoza.es\/blog\/asi-fue-la-iii-noche-de-las-tiendas-creativas-en-delicias-universitas\/\"},\"wordCount\":2343,\"commentCount\":0,\"publisher\":{\"@id\":\"https:\/\/madeinzaragoza.es\/blog\/#organization\"},\"keywords\":[\"tiendas creativas\"],\"articleSection\":[\"Red MIZ\"],\"inLanguage\":\"es\",\"potentialAction\":[{\"@type\":\"CommentAction\",\"name\":\"Comment\",\"target\":[\"https:\/\/madeinzaragoza.es\/blog\/asi-fue-la-iii-noche-de-las-tiendas-creativas-en-delicias-universitas\/#respond\"]}]},{\"@type\":\"WebPage\",\"@id\":\"https:\/\/madeinzaragoza.es\/blog\/asi-fue-la-iii-noche-de-las-tiendas-creativas-en-delicias-universitas\/\",\"url\":\"https:\/\/madeinzaragoza.es\/blog\/asi-fue-la-iii-noche-de-las-tiendas-creativas-en-delicias-universitas\/\",\"name\":\"As\u00ed fue la III Noche de las Tiendas Creativas en Delicias: de V\u00eda Univ\u00e9rsitas a Calle Delicias - Made in Zaragoza\",\"isPartOf\":{\"@id\":\"https:\/\/madeinzaragoza.es\/blog\/#website\"},\"datePublished\":\"2019-10-06T22:40:24+00:00\",\"dateModified\":\"2019-10-06T22:47:36+00:00\",\"description\":\"Os mostramos de cerca las actividades de la Noche de las Tiendas Creativas en Delicias y os animamos a dar un paseo por sus calles y visitar su comercio.\",\"breadcrumb\":{\"@id\":\"https:\/\/madeinzaragoza.es\/blog\/asi-fue-la-iii-noche-de-las-tiendas-creativas-en-delicias-universitas\/#breadcrumb\"},\"inLanguage\":\"es\",\"potentialAction\":[{\"@type\":\"ReadAction\",\"target\":[\"https:\/\/madeinzaragoza.es\/blog\/asi-fue-la-iii-noche-de-las-tiendas-creativas-en-delicias-universitas\/\"]}]},{\"@type\":\"BreadcrumbList\",\"@id\":\"https:\/\/madeinzaragoza.es\/blog\/asi-fue-la-iii-noche-de-las-tiendas-creativas-en-delicias-universitas\/#breadcrumb\",\"itemListElement\":[{\"@type\":\"ListItem\",\"position\":1,\"name\":\"Portada\",\"item\":\"https:\/\/madeinzaragoza.es\/blog\/\"},{\"@type\":\"ListItem\",\"position\":2,\"name\":\"As\u00ed fue la III Noche de las Tiendas Creativas en Delicias: de V\u00eda Univ\u00e9rsitas a Calle Delicias\"}]},{\"@type\":\"WebSite\",\"@id\":\"https:\/\/madeinzaragoza.es\/blog\/#website\",\"url\":\"https:\/\/madeinzaragoza.es\/blog\/\",\"name\":\"Made in Zaragoza\",\"description\":\"Blog de MadeinZGZ, Red de Econom\u00eda Creativa de Zaragoza\",\"publisher\":{\"@id\":\"https:\/\/madeinzaragoza.es\/blog\/#organization\"},\"potentialAction\":[{\"@type\":\"SearchAction\",\"target\":{\"@type\":\"EntryPoint\",\"urlTemplate\":\"https:\/\/madeinzaragoza.es\/blog\/?s={search_term_string}\"},\"query-input\":\"required name=search_term_string\"}],\"inLanguage\":\"es\"},{\"@type\":\"Organization\",\"@id\":\"https:\/\/madeinzaragoza.es\/blog\/#organization\",\"name\":\"Made In Zaragoza\",\"url\":\"https:\/\/madeinzaragoza.es\/blog\/\",\"sameAs\":[\"https:\/\/www.instagram.com\/madeinzaragoza.es\/\",\"https:\/\/www.facebook.com\/madeinzaragoza.es\/\",\"https:\/\/twitter.com\/madeinzaragoza\"],\"logo\":{\"@type\":\"ImageObject\",\"inLanguage\":\"es\",\"@id\":\"https:\/\/madeinzaragoza.es\/blog\/#\/schema\/logo\/image\/\",\"url\":\"https:\/\/madeinzaragoza.es\/blog\/wp-content\/uploads\/2022\/05\/logo.png\",\"contentUrl\":\"https:\/\/madeinzaragoza.es\/blog\/wp-content\/uploads\/2022\/05\/logo.png\",\"width\":193,\"height\":176,\"caption\":\"Made In Zaragoza\"},\"image\":{\"@id\":\"https:\/\/madeinzaragoza.es\/blog\/#\/schema\/logo\/image\/\"}},{\"@type\":\"Person\",\"@id\":\"https:\/\/madeinzaragoza.es\/blog\/#\/schema\/person\/59f4073cf7e7bc2b2f33b48241478a32\",\"name\":\"MadeinZGZ\",\"image\":{\"@type\":\"ImageObject\",\"inLanguage\":\"es\",\"@id\":\"https:\/\/madeinzaragoza.es\/blog\/#\/schema\/person\/image\/\",\"url\":\"http:\/\/2.gravatar.com\/avatar\/23c2456a35687aa268b52997d8f142d1?s=96&d=mm&r=g\",\"contentUrl\":\"http:\/\/2.gravatar.com\/avatar\/23c2456a35687aa268b52997d8f142d1?s=96&d=mm&r=g\",\"caption\":\"MadeinZGZ\"},\"description\":\"Red de comercios y emprendedores creativos de Zaragoza impulsada por ZGZ Activa.\",\"sameAs\":[\"LasArmasZAC\",\"https:\/\/twitter.com\/madeinzaragoza\"],\"url\":\"http:\/\/madeinzaragoza.es\/blog\/author\/madeinzgz\/\"}]}<\/script>\n<!-- \/ Yoast SEO plugin. -->","yoast_head_json":{"title":"As\u00ed fue la III Noche de las Tiendas Creativas en Delicias: de V\u00eda Univ\u00e9rsitas a Calle Delicias - Made in Zaragoza","description":"Os mostramos de cerca las actividades de la Noche de las Tiendas Creativas en Delicias y os animamos a dar un paseo por sus calles y visitar su comercio.","robots":{"index":"index","follow":"follow","max-snippet":"max-snippet:-1","max-image-preview":"max-image-preview:large","max-video-preview":"max-video-preview:-1"},"canonical":"https:\/\/madeinzaragoza.es\/blog\/asi-fue-la-iii-noche-de-las-tiendas-creativas-en-delicias-universitas\/","og_locale":"es_ES","og_type":"article","og_title":"As\u00ed fue la III Noche de las Tiendas Creativas en Delicias: de V\u00eda Univ\u00e9rsitas a Calle Delicias - Made in Zaragoza","og_description":"Os mostramos de cerca las actividades de la Noche de las Tiendas Creativas en Delicias y os animamos a dar un paseo por sus calles y visitar su comercio.","og_url":"https:\/\/madeinzaragoza.es\/blog\/asi-fue-la-iii-noche-de-las-tiendas-creativas-en-delicias-universitas\/","og_site_name":"Made in Zaragoza","article_publisher":"https:\/\/www.facebook.com\/madeinzaragoza.es\/","article_author":"LasArmasZAC","article_published_time":"2019-10-06T22:40:24+00:00","article_modified_time":"2019-10-06T22:47:36+00:00","og_image":[{"width":1024,"height":683,"url":"https:\/\/madeinzaragoza.es\/blog\/wp-content\/uploads\/2019\/10\/noche-tiendas-creativas-delicias-2019-45.jpg","type":"image\/jpeg"}],"author":"MadeinZGZ","twitter_card":"summary","twitter_creator":"@madeinzaragoza","twitter_site":"@madeinzaragoza","twitter_misc":{"Escrito por":"MadeinZGZ","Tiempo de lectura":"12 minutos"},"schema":{"@context":"https:\/\/schema.org","@graph":[{"@type":"Article","@id":"https:\/\/madeinzaragoza.es\/blog\/asi-fue-la-iii-noche-de-las-tiendas-creativas-en-delicias-universitas\/#article","isPartOf":{"@id":"https:\/\/madeinzaragoza.es\/blog\/asi-fue-la-iii-noche-de-las-tiendas-creativas-en-delicias-universitas\/"},"author":{"name":"MadeinZGZ","@id":"https:\/\/madeinzaragoza.es\/blog\/#\/schema\/person\/59f4073cf7e7bc2b2f33b48241478a32"},"headline":"As\u00ed fue la III Noche de las Tiendas Creativas en Delicias: de V\u00eda Univ\u00e9rsitas a Calle Delicias","datePublished":"2019-10-06T22:40:24+00:00","dateModified":"2019-10-06T22:47:36+00:00","mainEntityOfPage":{"@id":"https:\/\/madeinzaragoza.es\/blog\/asi-fue-la-iii-noche-de-las-tiendas-creativas-en-delicias-universitas\/"},"wordCount":2343,"commentCount":0,"publisher":{"@id":"https:\/\/madeinzaragoza.es\/blog\/#organization"},"keywords":["tiendas creativas"],"articleSection":["Red MIZ"],"inLanguage":"es","potentialAction":[{"@type":"CommentAction","name":"Comment","target":["https:\/\/madeinzaragoza.es\/blog\/asi-fue-la-iii-noche-de-las-tiendas-creativas-en-delicias-universitas\/#respond"]}]},{"@type":"WebPage","@id":"https:\/\/madeinzaragoza.es\/blog\/asi-fue-la-iii-noche-de-las-tiendas-creativas-en-delicias-universitas\/","url":"https:\/\/madeinzaragoza.es\/blog\/asi-fue-la-iii-noche-de-las-tiendas-creativas-en-delicias-universitas\/","name":"As\u00ed fue la III Noche de las Tiendas Creativas en Delicias: de V\u00eda Univ\u00e9rsitas a Calle Delicias - Made in Zaragoza","isPartOf":{"@id":"https:\/\/madeinzaragoza.es\/blog\/#website"},"datePublished":"2019-10-06T22:40:24+00:00","dateModified":"2019-10-06T22:47:36+00:00","description":"Os mostramos de cerca las actividades de la Noche de las Tiendas Creativas en Delicias y os animamos a dar un paseo por sus calles y visitar su comercio.","breadcrumb":{"@id":"https:\/\/madeinzaragoza.es\/blog\/asi-fue-la-iii-noche-de-las-tiendas-creativas-en-delicias-universitas\/#breadcrumb"},"inLanguage":"es","potentialAction":[{"@type":"ReadAction","target":["https:\/\/madeinzaragoza.es\/blog\/asi-fue-la-iii-noche-de-las-tiendas-creativas-en-delicias-universitas\/"]}]},{"@type":"BreadcrumbList","@id":"https:\/\/madeinzaragoza.es\/blog\/asi-fue-la-iii-noche-de-las-tiendas-creativas-en-delicias-universitas\/#breadcrumb","itemListElement":[{"@type":"ListItem","position":1,"name":"Portada","item":"https:\/\/madeinzaragoza.es\/blog\/"},{"@type":"ListItem","position":2,"name":"As\u00ed fue la III Noche de las Tiendas Creativas en Delicias: de V\u00eda Univ\u00e9rsitas a Calle Delicias"}]},{"@type":"WebSite","@id":"https:\/\/madeinzaragoza.es\/blog\/#website","url":"https:\/\/madeinzaragoza.es\/blog\/","name":"Made in Zaragoza","description":"Blog de MadeinZGZ, Red de Econom\u00eda Creativa de Zaragoza","publisher":{"@id":"https:\/\/madeinzaragoza.es\/blog\/#organization"},"potentialAction":[{"@type":"SearchAction","target":{"@type":"EntryPoint","urlTemplate":"https:\/\/madeinzaragoza.es\/blog\/?s={search_term_string}"},"query-input":"required name=search_term_string"}],"inLanguage":"es"},{"@type":"Organization","@id":"https:\/\/madeinzaragoza.es\/blog\/#organization","name":"Made In Zaragoza","url":"https:\/\/madeinzaragoza.es\/blog\/","sameAs":["https:\/\/www.instagram.com\/madeinzaragoza.es\/","https:\/\/www.facebook.com\/madeinzaragoza.es\/","https:\/\/twitter.com\/madeinzaragoza"],"logo":{"@type":"ImageObject","inLanguage":"es","@id":"https:\/\/madeinzaragoza.es\/blog\/#\/schema\/logo\/image\/","url":"https:\/\/madeinzaragoza.es\/blog\/wp-content\/uploads\/2022\/05\/logo.png","contentUrl":"https:\/\/madeinzaragoza.es\/blog\/wp-content\/uploads\/2022\/05\/logo.png","width":193,"height":176,"caption":"Made In Zaragoza"},"image":{"@id":"https:\/\/madeinzaragoza.es\/blog\/#\/schema\/logo\/image\/"}},{"@type":"Person","@id":"https:\/\/madeinzaragoza.es\/blog\/#\/schema\/person\/59f4073cf7e7bc2b2f33b48241478a32","name":"MadeinZGZ","image":{"@type":"ImageObject","inLanguage":"es","@id":"https:\/\/madeinzaragoza.es\/blog\/#\/schema\/person\/image\/","url":"http:\/\/2.gravatar.com\/avatar\/23c2456a35687aa268b52997d8f142d1?s=96&d=mm&r=g","contentUrl":"http:\/\/2.gravatar.com\/avatar\/23c2456a35687aa268b52997d8f142d1?s=96&d=mm&r=g","caption":"MadeinZGZ"},"description":"Red de comercios y emprendedores creativos de Zaragoza impulsada por ZGZ Activa.","sameAs":["LasArmasZAC","https:\/\/twitter.com\/madeinzaragoza"],"url":"http:\/\/madeinzaragoza.es\/blog\/author\/madeinzgz\/"}]}},"_links":{"self":[{"href":"http:\/\/madeinzaragoza.es\/blog\/wp-json\/wp\/v2\/posts\/26325"}],"collection":[{"href":"http:\/\/madeinzaragoza.es\/blog\/wp-json\/wp\/v2\/posts"}],"about":[{"href":"http:\/\/madeinzaragoza.es\/blog\/wp-json\/wp\/v2\/types\/post"}],"author":[{"embeddable":true,"href":"http:\/\/madeinzaragoza.es\/blog\/wp-json\/wp\/v2\/users\/22"}],"replies":[{"embeddable":true,"href":"http:\/\/madeinzaragoza.es\/blog\/wp-json\/wp\/v2\/comments?post=26325"}],"version-history":[{"count":3,"href":"http:\/\/madeinzaragoza.es\/blog\/wp-json\/wp\/v2\/posts\/26325\/revisions"}],"predecessor-version":[{"id":26343,"href":"http:\/\/madeinzaragoza.es\/blog\/wp-json\/wp\/v2\/posts\/26325\/revisions\/26343"}],"wp:featuredmedia":[{"embeddable":true,"href":"http:\/\/madeinzaragoza.es\/blog\/wp-json\/wp\/v2\/media\/26294"}],"wp:attachment":[{"href":"http:\/\/madeinzaragoza.es\/blog\/wp-json\/wp\/v2\/media?parent=26325"}],"wp:term":[{"taxonomy":"category","embeddable":true,"href":"http:\/\/madeinzaragoza.es\/blog\/wp-json\/wp\/v2\/categories?post=26325"},{"taxonomy":"post_tag","embeddable":true,"href":"http:\/\/madeinzaragoza.es\/blog\/wp-json\/wp\/v2\/tags?post=26325"}],"curies":[{"name":"wp","href":"https:\/\/api.w.org\/{rel}","templated":true}]}}