{"id":26202,"date":"2019-10-02T09:08:01","date_gmt":"2019-10-02T08:08:01","guid":{"rendered":"http:\/\/madeinzaragoza.es\/blog\/?p=26202"},"modified":"2019-10-02T09:11:58","modified_gmt":"2019-10-02T08:11:58","slug":"animamusicae-expone-sus-fotografia-en-la-galeria-spectrum-sotos","status":"publish","type":"post","link":"http:\/\/madeinzaragoza.es\/blog\/animamusicae-expone-sus-fotografia-en-la-galeria-spectrum-sotos\/","title":{"rendered":"AnimAMusicae expone sus fotograf\u00eda en la Galeria Spectrum Sotos"},"content":{"rendered":"<p>El pasado jueves tuve el privilegio de acudir a la inauguraci\u00f3n de <strong>la nueva exposici\u00f3n fotogr\u00e1fica de <a href=\"https:\/\/animamusicae.com\/\">AnimAMusicae<\/a> en la <a href=\"https:\/\/www.spectrumsotos.es\/galeria\/\">Galeria Spectrum Sotos<\/a><\/strong> (C\/Concepci\u00f3n Arenal, 19). Todo un placer para los sentidos que estar\u00e1 disponible <strong>hasta el 3 de noviembre<\/strong>.<\/p>\n<p>&nbsp;<\/p>\n<p><img loading=\"lazy\" decoding=\"async\" class=\"alignnone size-large wp-image-26208\" src=\"http:\/\/madeinzaragoza.es\/blog\/wp-content\/uploads\/2019\/09\/exposicion-animAMusicae-galeria-spectrum-zaragoza-2-1024x683.jpg\" alt=\"\" width=\"840\" height=\"560\" srcset=\"http:\/\/madeinzaragoza.es\/blog\/wp-content\/uploads\/2019\/09\/exposicion-animAMusicae-galeria-spectrum-zaragoza-2.jpg 1024w, http:\/\/madeinzaragoza.es\/blog\/wp-content\/uploads\/2019\/09\/exposicion-animAMusicae-galeria-spectrum-zaragoza-2-300x200.jpg 300w, http:\/\/madeinzaragoza.es\/blog\/wp-content\/uploads\/2019\/09\/exposicion-animAMusicae-galeria-spectrum-zaragoza-2-768x512.jpg 768w\" sizes=\"(max-width: 709px) 85vw, (max-width: 909px) 67vw, (max-width: 1362px) 62vw, 840px\" \/><img loading=\"lazy\" decoding=\"async\" class=\"alignnone size-large wp-image-26218\" src=\"http:\/\/madeinzaragoza.es\/blog\/wp-content\/uploads\/2019\/09\/exposicion-animAMusicae-galeria-spectrum-zaragoza-43-1024x683.jpg\" alt=\"\" width=\"840\" height=\"560\" srcset=\"http:\/\/madeinzaragoza.es\/blog\/wp-content\/uploads\/2019\/09\/exposicion-animAMusicae-galeria-spectrum-zaragoza-43.jpg 1024w, http:\/\/madeinzaragoza.es\/blog\/wp-content\/uploads\/2019\/09\/exposicion-animAMusicae-galeria-spectrum-zaragoza-43-300x200.jpg 300w, http:\/\/madeinzaragoza.es\/blog\/wp-content\/uploads\/2019\/09\/exposicion-animAMusicae-galeria-spectrum-zaragoza-43-768x512.jpg 768w\" sizes=\"(max-width: 709px) 85vw, (max-width: 909px) 67vw, (max-width: 1362px) 62vw, 840px\" \/> <img loading=\"lazy\" decoding=\"async\" class=\"alignnone size-large wp-image-26211\" src=\"http:\/\/madeinzaragoza.es\/blog\/wp-content\/uploads\/2019\/09\/exposicion-animAMusicae-galeria-spectrum-zaragoza-19-1024x683.jpg\" alt=\"\" width=\"840\" height=\"560\" srcset=\"http:\/\/madeinzaragoza.es\/blog\/wp-content\/uploads\/2019\/09\/exposicion-animAMusicae-galeria-spectrum-zaragoza-19.jpg 1024w, http:\/\/madeinzaragoza.es\/blog\/wp-content\/uploads\/2019\/09\/exposicion-animAMusicae-galeria-spectrum-zaragoza-19-300x200.jpg 300w, http:\/\/madeinzaragoza.es\/blog\/wp-content\/uploads\/2019\/09\/exposicion-animAMusicae-galeria-spectrum-zaragoza-19-768x512.jpg 768w\" sizes=\"(max-width: 709px) 85vw, (max-width: 909px) 67vw, (max-width: 1362px) 62vw, 840px\" \/><\/p>\n<p>&nbsp;<\/p>\n<p>El para\u00edso de una cocina congelada en el tiempo, un laberinto de puertas y caminos, la soledad de una ba\u00f1era en una enorme buhardilla&#8230; Once fotograf\u00edas de estancias y pasillos que configuran un paseo hacia nuestro inconsciente, nuestras heridas, nuestros anhelos&#8230;\u00a0<strong>Una met\u00e1fora visual hacia nuestro \u00abYo interior\u00bb.<\/strong><\/p>\n<p>&nbsp;<\/p>\n<p><img loading=\"lazy\" decoding=\"async\" class=\"alignnone size-large wp-image-26217\" src=\"http:\/\/madeinzaragoza.es\/blog\/wp-content\/uploads\/2019\/09\/exposicion-animAMusicae-galeria-spectrum-zaragoza-38-1024x683.jpg\" alt=\"\" width=\"840\" height=\"560\" srcset=\"http:\/\/madeinzaragoza.es\/blog\/wp-content\/uploads\/2019\/09\/exposicion-animAMusicae-galeria-spectrum-zaragoza-38.jpg 1024w, http:\/\/madeinzaragoza.es\/blog\/wp-content\/uploads\/2019\/09\/exposicion-animAMusicae-galeria-spectrum-zaragoza-38-300x200.jpg 300w, http:\/\/madeinzaragoza.es\/blog\/wp-content\/uploads\/2019\/09\/exposicion-animAMusicae-galeria-spectrum-zaragoza-38-768x512.jpg 768w\" sizes=\"(max-width: 709px) 85vw, (max-width: 909px) 67vw, (max-width: 1362px) 62vw, 840px\" \/> <img loading=\"lazy\" decoding=\"async\" class=\"alignnone size-large wp-image-26214\" src=\"http:\/\/madeinzaragoza.es\/blog\/wp-content\/uploads\/2019\/09\/exposicion-animAMusicae-galeria-spectrum-zaragoza-28-1024x683.jpg\" alt=\"\" width=\"840\" height=\"560\" srcset=\"http:\/\/madeinzaragoza.es\/blog\/wp-content\/uploads\/2019\/09\/exposicion-animAMusicae-galeria-spectrum-zaragoza-28.jpg 1024w, http:\/\/madeinzaragoza.es\/blog\/wp-content\/uploads\/2019\/09\/exposicion-animAMusicae-galeria-spectrum-zaragoza-28-300x200.jpg 300w, http:\/\/madeinzaragoza.es\/blog\/wp-content\/uploads\/2019\/09\/exposicion-animAMusicae-galeria-spectrum-zaragoza-28-768x512.jpg 768w\" sizes=\"(max-width: 709px) 85vw, (max-width: 909px) 67vw, (max-width: 1362px) 62vw, 840px\" \/> <img loading=\"lazy\" decoding=\"async\" class=\"alignnone size-large wp-image-26210\" src=\"http:\/\/madeinzaragoza.es\/blog\/wp-content\/uploads\/2019\/09\/exposicion-animAMusicae-galeria-spectrum-zaragoza-4-1024x683.jpg\" alt=\"\" width=\"840\" height=\"560\" srcset=\"http:\/\/madeinzaragoza.es\/blog\/wp-content\/uploads\/2019\/09\/exposicion-animAMusicae-galeria-spectrum-zaragoza-4.jpg 1024w, http:\/\/madeinzaragoza.es\/blog\/wp-content\/uploads\/2019\/09\/exposicion-animAMusicae-galeria-spectrum-zaragoza-4-300x200.jpg 300w, http:\/\/madeinzaragoza.es\/blog\/wp-content\/uploads\/2019\/09\/exposicion-animAMusicae-galeria-spectrum-zaragoza-4-768x512.jpg 768w\" sizes=\"(max-width: 709px) 85vw, (max-width: 909px) 67vw, (max-width: 1362px) 62vw, 840px\" \/><\/p>\n<p>&nbsp;<\/p>\n<p>Los art\u00edfices de esta maravilla, son la fot\u00f3grafa y escritora <strong>Pilar Irala-Hortal<\/strong> y el compositor <strong>Gonzalo Arruego<\/strong>. Dos artistas multidisciplinares que en 1999 fundan\u00a0<strong><a href=\"https:\/\/animamusicae.com\/\">AnimAMusicae<\/a><\/strong>, un proyecto desde el que crean verdaderas obras de arte combinando m\u00fasica, im\u00e1genes y textos.<\/p>\n<p>&nbsp;<\/p>\n<p><img loading=\"lazy\" decoding=\"async\" class=\"alignnone size-large wp-image-26213\" src=\"http:\/\/madeinzaragoza.es\/blog\/wp-content\/uploads\/2019\/09\/exposicion-animAMusicae-galeria-spectrum-zaragoza-24-1024x683.jpg\" alt=\"\" width=\"840\" height=\"560\" srcset=\"http:\/\/madeinzaragoza.es\/blog\/wp-content\/uploads\/2019\/09\/exposicion-animAMusicae-galeria-spectrum-zaragoza-24.jpg 1024w, http:\/\/madeinzaragoza.es\/blog\/wp-content\/uploads\/2019\/09\/exposicion-animAMusicae-galeria-spectrum-zaragoza-24-300x200.jpg 300w, http:\/\/madeinzaragoza.es\/blog\/wp-content\/uploads\/2019\/09\/exposicion-animAMusicae-galeria-spectrum-zaragoza-24-768x512.jpg 768w\" sizes=\"(max-width: 709px) 85vw, (max-width: 909px) 67vw, (max-width: 1362px) 62vw, 840px\" \/><\/p>\n<blockquote><p>&nbsp;<\/p>\n<p>\u00abLo que queremos en esta exposici\u00f3n es que salt\u00e9is dentro de las im\u00e1genes, que hag\u00e1is un recorrido por estas estancias que aparentemente est\u00e1n deshabitadas, porque de lo que se trata es de que os deis cuenta de que somos nosotros quienes las habitamos en el mismo momento que las estamos mirando.\u00bb<br \/>\n&#8211; Gonzalo Arruego &#8211;<\/p>\n<p>&nbsp;<\/p><\/blockquote>\n<p><img loading=\"lazy\" decoding=\"async\" class=\"alignnone size-large wp-image-26215\" src=\"http:\/\/madeinzaragoza.es\/blog\/wp-content\/uploads\/2019\/09\/exposicion-animAMusicae-galeria-spectrum-zaragoza-39-1024x683.jpg\" alt=\"\" width=\"840\" height=\"560\" srcset=\"http:\/\/madeinzaragoza.es\/blog\/wp-content\/uploads\/2019\/09\/exposicion-animAMusicae-galeria-spectrum-zaragoza-39.jpg 1024w, http:\/\/madeinzaragoza.es\/blog\/wp-content\/uploads\/2019\/09\/exposicion-animAMusicae-galeria-spectrum-zaragoza-39-300x200.jpg 300w, http:\/\/madeinzaragoza.es\/blog\/wp-content\/uploads\/2019\/09\/exposicion-animAMusicae-galeria-spectrum-zaragoza-39-768x512.jpg 768w\" sizes=\"(max-width: 709px) 85vw, (max-width: 909px) 67vw, (max-width: 1362px) 62vw, 840px\" \/> <img loading=\"lazy\" decoding=\"async\" class=\"alignnone size-large wp-image-26216\" src=\"http:\/\/madeinzaragoza.es\/blog\/wp-content\/uploads\/2019\/09\/exposicion-animAMusicae-galeria-spectrum-zaragoza-40-1024x683.jpg\" alt=\"\" width=\"840\" height=\"560\" srcset=\"http:\/\/madeinzaragoza.es\/blog\/wp-content\/uploads\/2019\/09\/exposicion-animAMusicae-galeria-spectrum-zaragoza-40.jpg 1024w, http:\/\/madeinzaragoza.es\/blog\/wp-content\/uploads\/2019\/09\/exposicion-animAMusicae-galeria-spectrum-zaragoza-40-300x200.jpg 300w, http:\/\/madeinzaragoza.es\/blog\/wp-content\/uploads\/2019\/09\/exposicion-animAMusicae-galeria-spectrum-zaragoza-40-768x512.jpg 768w\" sizes=\"(max-width: 709px) 85vw, (max-width: 909px) 67vw, (max-width: 1362px) 62vw, 840px\" \/> <img loading=\"lazy\" decoding=\"async\" class=\"alignnone size-large wp-image-26209\" src=\"http:\/\/madeinzaragoza.es\/blog\/wp-content\/uploads\/2019\/09\/exposicion-animAMusicae-galeria-spectrum-zaragoza-9-1024x683.jpg\" alt=\"\" width=\"840\" height=\"560\" srcset=\"http:\/\/madeinzaragoza.es\/blog\/wp-content\/uploads\/2019\/09\/exposicion-animAMusicae-galeria-spectrum-zaragoza-9.jpg 1024w, http:\/\/madeinzaragoza.es\/blog\/wp-content\/uploads\/2019\/09\/exposicion-animAMusicae-galeria-spectrum-zaragoza-9-300x200.jpg 300w, http:\/\/madeinzaragoza.es\/blog\/wp-content\/uploads\/2019\/09\/exposicion-animAMusicae-galeria-spectrum-zaragoza-9-768x512.jpg 768w\" sizes=\"(max-width: 709px) 85vw, (max-width: 909px) 67vw, (max-width: 1362px) 62vw, 840px\" \/><img loading=\"lazy\" decoding=\"async\" class=\"alignnone size-large wp-image-26212\" src=\"http:\/\/madeinzaragoza.es\/blog\/wp-content\/uploads\/2019\/09\/exposicion-animAMusicae-galeria-spectrum-zaragoza-20-1024x683.jpg\" alt=\"\" width=\"840\" height=\"560\" srcset=\"http:\/\/madeinzaragoza.es\/blog\/wp-content\/uploads\/2019\/09\/exposicion-animAMusicae-galeria-spectrum-zaragoza-20.jpg 1024w, http:\/\/madeinzaragoza.es\/blog\/wp-content\/uploads\/2019\/09\/exposicion-animAMusicae-galeria-spectrum-zaragoza-20-300x200.jpg 300w, http:\/\/madeinzaragoza.es\/blog\/wp-content\/uploads\/2019\/09\/exposicion-animAMusicae-galeria-spectrum-zaragoza-20-768x512.jpg 768w\" sizes=\"(max-width: 709px) 85vw, (max-width: 909px) 67vw, (max-width: 1362px) 62vw, 840px\" \/><\/p>\n<p>&nbsp;<\/p>\n<p>Estas fotograf\u00edas pertenecen a un proyecto mayor llamado\u00a0<em>The Upside Down\u00a0<\/em>que llevan desarrollando desde 2016 y en el que <strong>cada exposici\u00f3n cuenta una historia<\/strong> distinta dentro del mismo proyecto. Y esta no iba a ser menos. Por eso, os animo a seguir el juego que hay en las cartelas de cada fotograf\u00eda e intent\u00e9is descubrir cu\u00e1l es el hilo narrativo de la exposici\u00f3n. \u00bfAcertar\u00e9is?<\/p>\n<p>&nbsp;<\/p>\n<p><img loading=\"lazy\" decoding=\"async\" class=\"alignnone size-large wp-image-26220\" src=\"http:\/\/madeinzaragoza.es\/blog\/wp-content\/uploads\/2019\/09\/exposicion-animAMusicae-galeria-spectrum-zaragoza-6-1024x683.jpg\" alt=\"\" width=\"840\" height=\"560\" srcset=\"http:\/\/madeinzaragoza.es\/blog\/wp-content\/uploads\/2019\/09\/exposicion-animAMusicae-galeria-spectrum-zaragoza-6.jpg 1024w, http:\/\/madeinzaragoza.es\/blog\/wp-content\/uploads\/2019\/09\/exposicion-animAMusicae-galeria-spectrum-zaragoza-6-300x200.jpg 300w, http:\/\/madeinzaragoza.es\/blog\/wp-content\/uploads\/2019\/09\/exposicion-animAMusicae-galeria-spectrum-zaragoza-6-768x512.jpg 768w\" sizes=\"(max-width: 709px) 85vw, (max-width: 909px) 67vw, (max-width: 1362px) 62vw, 840px\" \/><img loading=\"lazy\" decoding=\"async\" class=\"alignnone size-large wp-image-26223\" src=\"http:\/\/madeinzaragoza.es\/blog\/wp-content\/uploads\/2019\/09\/exposicion-animAMusicae-galeria-spectrum-zaragoza-15-1024x683.jpg\" alt=\"\" width=\"840\" height=\"560\" srcset=\"http:\/\/madeinzaragoza.es\/blog\/wp-content\/uploads\/2019\/09\/exposicion-animAMusicae-galeria-spectrum-zaragoza-15.jpg 1024w, http:\/\/madeinzaragoza.es\/blog\/wp-content\/uploads\/2019\/09\/exposicion-animAMusicae-galeria-spectrum-zaragoza-15-300x200.jpg 300w, http:\/\/madeinzaragoza.es\/blog\/wp-content\/uploads\/2019\/09\/exposicion-animAMusicae-galeria-spectrum-zaragoza-15-768x512.jpg 768w\" sizes=\"(max-width: 709px) 85vw, (max-width: 909px) 67vw, (max-width: 1362px) 62vw, 840px\" \/><\/p>\n<p>&nbsp;<\/p>\n<p>El gusto exquisito de la\u00a0<strong><a href=\"https:\/\/www.spectrumsotos.es\/galeria\/\">Galeria Spectrum Sotos<\/a><\/strong> es bien conocido, y en este caso han acertado de nuevo. No hay que olvidar que esta galer\u00eda ha sido una de las art\u00edfices y difusoras de la fotograf\u00eda como cobra de arte en Espa\u00f1a, y la tenemos aqu\u00ed mismo. As\u00ed que no lo dud\u00e9is y pasad a ver esta delicada exposici\u00f3n, os la recomiendo, de verdad.<\/p>\n<p>&nbsp;<\/p>\n<p><img loading=\"lazy\" decoding=\"async\" class=\"alignnone size-large wp-image-26219\" src=\"http:\/\/madeinzaragoza.es\/blog\/wp-content\/uploads\/2019\/09\/exposicion-animAMusicae-galeria-spectrum-zaragoza-45-1024x683.jpg\" alt=\"\" width=\"840\" height=\"560\" srcset=\"http:\/\/madeinzaragoza.es\/blog\/wp-content\/uploads\/2019\/09\/exposicion-animAMusicae-galeria-spectrum-zaragoza-45.jpg 1024w, http:\/\/madeinzaragoza.es\/blog\/wp-content\/uploads\/2019\/09\/exposicion-animAMusicae-galeria-spectrum-zaragoza-45-300x200.jpg 300w, http:\/\/madeinzaragoza.es\/blog\/wp-content\/uploads\/2019\/09\/exposicion-animAMusicae-galeria-spectrum-zaragoza-45-768x512.jpg 768w\" sizes=\"(max-width: 709px) 85vw, (max-width: 909px) 67vw, (max-width: 1362px) 62vw, 840px\" \/><\/p>\n<p>&nbsp;<\/p>\n","protected":false},"excerpt":{"rendered":"<p>El pasado jueves tuve el privilegio de acudir a la inauguraci\u00f3n de la nueva exposici\u00f3n fotogr\u00e1fica de AnimAMusicae en la Galeria Spectrum Sotos (C\/Concepci\u00f3n Arenal, 19). Todo un placer para los sentidos que estar\u00e1 disponible hasta el 3 de noviembre. &nbsp; &nbsp; El para\u00edso de una cocina congelada en el tiempo, un laberinto de puertas &hellip; <a href=\"http:\/\/madeinzaragoza.es\/blog\/animamusicae-expone-sus-fotografia-en-la-galeria-spectrum-sotos\/\" class=\"more-link\">Continuar leyendo<span class=\"screen-reader-text\"> \u00abAnimAMusicae expone sus fotograf\u00eda en la Galeria Spectrum Sotos\u00bb<\/span><\/a><\/p>\n","protected":false},"author":58,"featured_media":26206,"comment_status":"open","ping_status":"open","sticky":false,"template":"","format":"standard","meta":{"footnotes":""},"categories":[829,7],"tags":[63],"yoast_head":"<!-- This site is optimized with the Yoast SEO plugin v19.7.2 - https:\/\/yoast.com\/wordpress\/plugins\/seo\/ -->\n<title>AnimAMusicae expone sus fotograf\u00eda en la Galeria Spectrum Sotos -<\/title>\n<meta name=\"description\" content=\"No te pierdas el \u00faltimo viaje fotogr\u00e1fico a nuestro &quot;yo interior&quot; de AnimAMusicae. Todo un placer para los sentidos. Disponible hasta el 3 de noviembre.\" \/>\n<meta name=\"robots\" content=\"index, follow, max-snippet:-1, max-image-preview:large, max-video-preview:-1\" \/>\n<link rel=\"canonical\" href=\"https:\/\/madeinzaragoza.es\/blog\/animamusicae-expone-sus-fotografia-en-la-galeria-spectrum-sotos\/\" \/>\n<meta property=\"og:locale\" content=\"es_ES\" \/>\n<meta property=\"og:type\" content=\"article\" \/>\n<meta property=\"og:title\" content=\"AnimAMusicae expone sus fotograf\u00edas en la Galeria Spectrum Sotos\" \/>\n<meta property=\"og:description\" content=\"No te pierdas el \u00faltimo viaje fotogr\u00e1fico a nuestro &quot;yo interior&quot; de AnimAMusicae. Todo un placer para los sentidos. Disponible hasta el 3 de noviembre.\" \/>\n<meta property=\"og:url\" content=\"https:\/\/madeinzaragoza.es\/blog\/animamusicae-expone-sus-fotografia-en-la-galeria-spectrum-sotos\/\" \/>\n<meta property=\"og:site_name\" content=\"Made in Zaragoza\" \/>\n<meta property=\"article:publisher\" content=\"https:\/\/www.facebook.com\/madeinzaragoza.es\/\" \/>\n<meta property=\"article:author\" content=\"https:\/\/www.facebook.com\/lamaletaextraviada.blog\" \/>\n<meta property=\"article:published_time\" content=\"2019-10-02T08:08:01+00:00\" \/>\n<meta property=\"article:modified_time\" content=\"2019-10-02T08:11:58+00:00\" \/>\n<meta property=\"og:image\" content=\"https:\/\/madeinzaragoza.es\/blog\/wp-content\/uploads\/2019\/09\/exposicion-animAMusicae-galeria-spectrum-zaragoza-17.jpg\" \/>\n\t<meta property=\"og:image:width\" content=\"1024\" \/>\n\t<meta property=\"og:image:height\" content=\"683\" \/>\n\t<meta property=\"og:image:type\" content=\"image\/jpeg\" \/>\n<meta name=\"author\" content=\"\u00c1ngela El\u00eda Garc\u00eda\" \/>\n<meta name=\"twitter:card\" content=\"summary\" \/>\n<meta name=\"twitter:title\" content=\"AnimAMusicae expone sus fotograf\u00edas en la Galeria Spectrum Sotos\" \/>\n<meta name=\"twitter:description\" content=\"No te pierdas el \u00faltimo viaje fotogr\u00e1fico a nuestro &quot;yo interior&quot; de AnimAMusicae. Todo un placer para los sentidos. Disponible hasta el 3 de noviembre.\" \/>\n<meta name=\"twitter:image\" content=\"http:\/\/madeinzaragoza.es\/blog\/wp-content\/uploads\/2019\/09\/exposicion-animAMusicae-galeria-spectrum-zaragoza-17.jpg\" \/>\n<meta name=\"twitter:creator\" content=\"@https:\/\/twitter.com\/Lamaleta_extrav\" \/>\n<meta name=\"twitter:site\" content=\"@madeinzaragoza\" \/>\n<meta name=\"twitter:label1\" content=\"Escrito por\" \/>\n\t<meta name=\"twitter:data1\" content=\"\u00c1ngela El\u00eda Garc\u00eda\" \/>\n\t<meta name=\"twitter:label2\" content=\"Tiempo de lectura\" \/>\n\t<meta name=\"twitter:data2\" content=\"2 minutos\" \/>\n<script type=\"application\/ld+json\" class=\"yoast-schema-graph\">{\"@context\":\"https:\/\/schema.org\",\"@graph\":[{\"@type\":\"Article\",\"@id\":\"https:\/\/madeinzaragoza.es\/blog\/animamusicae-expone-sus-fotografia-en-la-galeria-spectrum-sotos\/#article\",\"isPartOf\":{\"@id\":\"https:\/\/madeinzaragoza.es\/blog\/animamusicae-expone-sus-fotografia-en-la-galeria-spectrum-sotos\/\"},\"author\":{\"name\":\"\u00c1ngela El\u00eda Garc\u00eda\",\"@id\":\"https:\/\/madeinzaragoza.es\/blog\/#\/schema\/person\/812f72c64f200079e8119956b9cf147e\"},\"headline\":\"AnimAMusicae expone sus fotograf\u00eda en la Galeria Spectrum Sotos\",\"datePublished\":\"2019-10-02T08:08:01+00:00\",\"dateModified\":\"2019-10-02T08:11:58+00:00\",\"mainEntityOfPage\":{\"@id\":\"https:\/\/madeinzaragoza.es\/blog\/animamusicae-expone-sus-fotografia-en-la-galeria-spectrum-sotos\/\"},\"wordCount\":362,\"commentCount\":0,\"publisher\":{\"@id\":\"https:\/\/madeinzaragoza.es\/blog\/#organization\"},\"keywords\":[\"exposicion\"],\"articleSection\":[\"Cultura\",\"Qu\u00e9 hacer\"],\"inLanguage\":\"es\",\"potentialAction\":[{\"@type\":\"CommentAction\",\"name\":\"Comment\",\"target\":[\"https:\/\/madeinzaragoza.es\/blog\/animamusicae-expone-sus-fotografia-en-la-galeria-spectrum-sotos\/#respond\"]}]},{\"@type\":\"WebPage\",\"@id\":\"https:\/\/madeinzaragoza.es\/blog\/animamusicae-expone-sus-fotografia-en-la-galeria-spectrum-sotos\/\",\"url\":\"https:\/\/madeinzaragoza.es\/blog\/animamusicae-expone-sus-fotografia-en-la-galeria-spectrum-sotos\/\",\"name\":\"AnimAMusicae expone sus fotograf\u00eda en la Galeria Spectrum Sotos -\",\"isPartOf\":{\"@id\":\"https:\/\/madeinzaragoza.es\/blog\/#website\"},\"datePublished\":\"2019-10-02T08:08:01+00:00\",\"dateModified\":\"2019-10-02T08:11:58+00:00\",\"description\":\"No te pierdas el \u00faltimo viaje fotogr\u00e1fico a nuestro \\\"yo interior\\\" de AnimAMusicae. Todo un placer para los sentidos. Disponible hasta el 3 de noviembre.\",\"breadcrumb\":{\"@id\":\"https:\/\/madeinzaragoza.es\/blog\/animamusicae-expone-sus-fotografia-en-la-galeria-spectrum-sotos\/#breadcrumb\"},\"inLanguage\":\"es\",\"potentialAction\":[{\"@type\":\"ReadAction\",\"target\":[\"https:\/\/madeinzaragoza.es\/blog\/animamusicae-expone-sus-fotografia-en-la-galeria-spectrum-sotos\/\"]}]},{\"@type\":\"BreadcrumbList\",\"@id\":\"https:\/\/madeinzaragoza.es\/blog\/animamusicae-expone-sus-fotografia-en-la-galeria-spectrum-sotos\/#breadcrumb\",\"itemListElement\":[{\"@type\":\"ListItem\",\"position\":1,\"name\":\"Portada\",\"item\":\"https:\/\/madeinzaragoza.es\/blog\/\"},{\"@type\":\"ListItem\",\"position\":2,\"name\":\"AnimAMusicae expone sus fotograf\u00eda en la Galeria Spectrum Sotos\"}]},{\"@type\":\"WebSite\",\"@id\":\"https:\/\/madeinzaragoza.es\/blog\/#website\",\"url\":\"https:\/\/madeinzaragoza.es\/blog\/\",\"name\":\"Made in Zaragoza\",\"description\":\"Blog de MadeinZGZ, Red de Econom\u00eda Creativa de Zaragoza\",\"publisher\":{\"@id\":\"https:\/\/madeinzaragoza.es\/blog\/#organization\"},\"potentialAction\":[{\"@type\":\"SearchAction\",\"target\":{\"@type\":\"EntryPoint\",\"urlTemplate\":\"https:\/\/madeinzaragoza.es\/blog\/?s={search_term_string}\"},\"query-input\":\"required name=search_term_string\"}],\"inLanguage\":\"es\"},{\"@type\":\"Organization\",\"@id\":\"https:\/\/madeinzaragoza.es\/blog\/#organization\",\"name\":\"Made In Zaragoza\",\"url\":\"https:\/\/madeinzaragoza.es\/blog\/\",\"sameAs\":[\"https:\/\/www.instagram.com\/madeinzaragoza.es\/\",\"https:\/\/www.facebook.com\/madeinzaragoza.es\/\",\"https:\/\/twitter.com\/madeinzaragoza\"],\"logo\":{\"@type\":\"ImageObject\",\"inLanguage\":\"es\",\"@id\":\"https:\/\/madeinzaragoza.es\/blog\/#\/schema\/logo\/image\/\",\"url\":\"https:\/\/madeinzaragoza.es\/blog\/wp-content\/uploads\/2022\/05\/logo.png\",\"contentUrl\":\"https:\/\/madeinzaragoza.es\/blog\/wp-content\/uploads\/2022\/05\/logo.png\",\"width\":193,\"height\":176,\"caption\":\"Made In Zaragoza\"},\"image\":{\"@id\":\"https:\/\/madeinzaragoza.es\/blog\/#\/schema\/logo\/image\/\"}},{\"@type\":\"Person\",\"@id\":\"https:\/\/madeinzaragoza.es\/blog\/#\/schema\/person\/812f72c64f200079e8119956b9cf147e\",\"name\":\"\u00c1ngela El\u00eda Garc\u00eda\",\"image\":{\"@type\":\"ImageObject\",\"inLanguage\":\"es\",\"@id\":\"https:\/\/madeinzaragoza.es\/blog\/#\/schema\/person\/image\/\",\"url\":\"http:\/\/0.gravatar.com\/avatar\/0fcfcee3d7a94ba681236e8eeaabc61b?s=96&d=mm&r=g\",\"contentUrl\":\"http:\/\/0.gravatar.com\/avatar\/0fcfcee3d7a94ba681236e8eeaabc61b?s=96&d=mm&r=g\",\"caption\":\"\u00c1ngela El\u00eda Garc\u00eda\"},\"description\":\"Profesional de la comunicaci\u00f3n y el marketing, dise\u00f1adora, loca por la fotograf\u00eda, blogger... y cualquier cosa que me de tiempo en las 24 horas que tiene el d\u00eda. Mi lema es \\\"Perderse hace que encuentres cosas incre\u00edbles\\\". Por eso yo intento perderme muy amenudo, siempre con c\u00e1mara en mano, libreta, l\u00e1piz y los ojos bien abiertos para descubrir todos esos rincones ocultos que se esconden a nuestro alrededor. \u00bfTe atreves a perderte conmigo?\",\"sameAs\":[\"http:\/\/lamaletaextraviada.com\/\",\"https:\/\/www.facebook.com\/lamaletaextraviada.blog\",\"https:\/\/twitter.com\/https:\/\/twitter.com\/Lamaleta_extrav\"],\"url\":\"http:\/\/madeinzaragoza.es\/blog\/author\/maletaextraviada\/\"}]}<\/script>\n<!-- \/ Yoast SEO plugin. -->","yoast_head_json":{"title":"AnimAMusicae expone sus fotograf\u00eda en la Galeria Spectrum Sotos -","description":"No te pierdas el \u00faltimo viaje fotogr\u00e1fico a nuestro \"yo interior\" de AnimAMusicae. Todo un placer para los sentidos. Disponible hasta el 3 de noviembre.","robots":{"index":"index","follow":"follow","max-snippet":"max-snippet:-1","max-image-preview":"max-image-preview:large","max-video-preview":"max-video-preview:-1"},"canonical":"https:\/\/madeinzaragoza.es\/blog\/animamusicae-expone-sus-fotografia-en-la-galeria-spectrum-sotos\/","og_locale":"es_ES","og_type":"article","og_title":"AnimAMusicae expone sus fotograf\u00edas en la Galeria Spectrum Sotos","og_description":"No te pierdas el \u00faltimo viaje fotogr\u00e1fico a nuestro \"yo interior\" de AnimAMusicae. Todo un placer para los sentidos. Disponible hasta el 3 de noviembre.","og_url":"https:\/\/madeinzaragoza.es\/blog\/animamusicae-expone-sus-fotografia-en-la-galeria-spectrum-sotos\/","og_site_name":"Made in Zaragoza","article_publisher":"https:\/\/www.facebook.com\/madeinzaragoza.es\/","article_author":"https:\/\/www.facebook.com\/lamaletaextraviada.blog","article_published_time":"2019-10-02T08:08:01+00:00","article_modified_time":"2019-10-02T08:11:58+00:00","og_image":[{"width":1024,"height":683,"url":"https:\/\/madeinzaragoza.es\/blog\/wp-content\/uploads\/2019\/09\/exposicion-animAMusicae-galeria-spectrum-zaragoza-17.jpg","type":"image\/jpeg"}],"author":"\u00c1ngela El\u00eda Garc\u00eda","twitter_card":"summary","twitter_title":"AnimAMusicae expone sus fotograf\u00edas en la Galeria Spectrum Sotos","twitter_description":"No te pierdas el \u00faltimo viaje fotogr\u00e1fico a nuestro \"yo interior\" de AnimAMusicae. Todo un placer para los sentidos. Disponible hasta el 3 de noviembre.","twitter_image":"http:\/\/madeinzaragoza.es\/blog\/wp-content\/uploads\/2019\/09\/exposicion-animAMusicae-galeria-spectrum-zaragoza-17.jpg","twitter_creator":"@https:\/\/twitter.com\/Lamaleta_extrav","twitter_site":"@madeinzaragoza","twitter_misc":{"Escrito por":"\u00c1ngela El\u00eda Garc\u00eda","Tiempo de lectura":"2 minutos"},"schema":{"@context":"https:\/\/schema.org","@graph":[{"@type":"Article","@id":"https:\/\/madeinzaragoza.es\/blog\/animamusicae-expone-sus-fotografia-en-la-galeria-spectrum-sotos\/#article","isPartOf":{"@id":"https:\/\/madeinzaragoza.es\/blog\/animamusicae-expone-sus-fotografia-en-la-galeria-spectrum-sotos\/"},"author":{"name":"\u00c1ngela El\u00eda Garc\u00eda","@id":"https:\/\/madeinzaragoza.es\/blog\/#\/schema\/person\/812f72c64f200079e8119956b9cf147e"},"headline":"AnimAMusicae expone sus fotograf\u00eda en la Galeria Spectrum Sotos","datePublished":"2019-10-02T08:08:01+00:00","dateModified":"2019-10-02T08:11:58+00:00","mainEntityOfPage":{"@id":"https:\/\/madeinzaragoza.es\/blog\/animamusicae-expone-sus-fotografia-en-la-galeria-spectrum-sotos\/"},"wordCount":362,"commentCount":0,"publisher":{"@id":"https:\/\/madeinzaragoza.es\/blog\/#organization"},"keywords":["exposicion"],"articleSection":["Cultura","Qu\u00e9 hacer"],"inLanguage":"es","potentialAction":[{"@type":"CommentAction","name":"Comment","target":["https:\/\/madeinzaragoza.es\/blog\/animamusicae-expone-sus-fotografia-en-la-galeria-spectrum-sotos\/#respond"]}]},{"@type":"WebPage","@id":"https:\/\/madeinzaragoza.es\/blog\/animamusicae-expone-sus-fotografia-en-la-galeria-spectrum-sotos\/","url":"https:\/\/madeinzaragoza.es\/blog\/animamusicae-expone-sus-fotografia-en-la-galeria-spectrum-sotos\/","name":"AnimAMusicae expone sus fotograf\u00eda en la Galeria Spectrum Sotos -","isPartOf":{"@id":"https:\/\/madeinzaragoza.es\/blog\/#website"},"datePublished":"2019-10-02T08:08:01+00:00","dateModified":"2019-10-02T08:11:58+00:00","description":"No te pierdas el \u00faltimo viaje fotogr\u00e1fico a nuestro \"yo interior\" de AnimAMusicae. Todo un placer para los sentidos. Disponible hasta el 3 de noviembre.","breadcrumb":{"@id":"https:\/\/madeinzaragoza.es\/blog\/animamusicae-expone-sus-fotografia-en-la-galeria-spectrum-sotos\/#breadcrumb"},"inLanguage":"es","potentialAction":[{"@type":"ReadAction","target":["https:\/\/madeinzaragoza.es\/blog\/animamusicae-expone-sus-fotografia-en-la-galeria-spectrum-sotos\/"]}]},{"@type":"BreadcrumbList","@id":"https:\/\/madeinzaragoza.es\/blog\/animamusicae-expone-sus-fotografia-en-la-galeria-spectrum-sotos\/#breadcrumb","itemListElement":[{"@type":"ListItem","position":1,"name":"Portada","item":"https:\/\/madeinzaragoza.es\/blog\/"},{"@type":"ListItem","position":2,"name":"AnimAMusicae expone sus fotograf\u00eda en la Galeria Spectrum Sotos"}]},{"@type":"WebSite","@id":"https:\/\/madeinzaragoza.es\/blog\/#website","url":"https:\/\/madeinzaragoza.es\/blog\/","name":"Made in Zaragoza","description":"Blog de MadeinZGZ, Red de Econom\u00eda Creativa de Zaragoza","publisher":{"@id":"https:\/\/madeinzaragoza.es\/blog\/#organization"},"potentialAction":[{"@type":"SearchAction","target":{"@type":"EntryPoint","urlTemplate":"https:\/\/madeinzaragoza.es\/blog\/?s={search_term_string}"},"query-input":"required name=search_term_string"}],"inLanguage":"es"},{"@type":"Organization","@id":"https:\/\/madeinzaragoza.es\/blog\/#organization","name":"Made In Zaragoza","url":"https:\/\/madeinzaragoza.es\/blog\/","sameAs":["https:\/\/www.instagram.com\/madeinzaragoza.es\/","https:\/\/www.facebook.com\/madeinzaragoza.es\/","https:\/\/twitter.com\/madeinzaragoza"],"logo":{"@type":"ImageObject","inLanguage":"es","@id":"https:\/\/madeinzaragoza.es\/blog\/#\/schema\/logo\/image\/","url":"https:\/\/madeinzaragoza.es\/blog\/wp-content\/uploads\/2022\/05\/logo.png","contentUrl":"https:\/\/madeinzaragoza.es\/blog\/wp-content\/uploads\/2022\/05\/logo.png","width":193,"height":176,"caption":"Made In Zaragoza"},"image":{"@id":"https:\/\/madeinzaragoza.es\/blog\/#\/schema\/logo\/image\/"}},{"@type":"Person","@id":"https:\/\/madeinzaragoza.es\/blog\/#\/schema\/person\/812f72c64f200079e8119956b9cf147e","name":"\u00c1ngela El\u00eda Garc\u00eda","image":{"@type":"ImageObject","inLanguage":"es","@id":"https:\/\/madeinzaragoza.es\/blog\/#\/schema\/person\/image\/","url":"http:\/\/0.gravatar.com\/avatar\/0fcfcee3d7a94ba681236e8eeaabc61b?s=96&d=mm&r=g","contentUrl":"http:\/\/0.gravatar.com\/avatar\/0fcfcee3d7a94ba681236e8eeaabc61b?s=96&d=mm&r=g","caption":"\u00c1ngela El\u00eda Garc\u00eda"},"description":"Profesional de la comunicaci\u00f3n y el marketing, dise\u00f1adora, loca por la fotograf\u00eda, blogger... y cualquier cosa que me de tiempo en las 24 horas que tiene el d\u00eda. Mi lema es \"Perderse hace que encuentres cosas incre\u00edbles\". Por eso yo intento perderme muy amenudo, siempre con c\u00e1mara en mano, libreta, l\u00e1piz y los ojos bien abiertos para descubrir todos esos rincones ocultos que se esconden a nuestro alrededor. \u00bfTe atreves a perderte conmigo?","sameAs":["http:\/\/lamaletaextraviada.com\/","https:\/\/www.facebook.com\/lamaletaextraviada.blog","https:\/\/twitter.com\/https:\/\/twitter.com\/Lamaleta_extrav"],"url":"http:\/\/madeinzaragoza.es\/blog\/author\/maletaextraviada\/"}]}},"_links":{"self":[{"href":"http:\/\/madeinzaragoza.es\/blog\/wp-json\/wp\/v2\/posts\/26202"}],"collection":[{"href":"http:\/\/madeinzaragoza.es\/blog\/wp-json\/wp\/v2\/posts"}],"about":[{"href":"http:\/\/madeinzaragoza.es\/blog\/wp-json\/wp\/v2\/types\/post"}],"author":[{"embeddable":true,"href":"http:\/\/madeinzaragoza.es\/blog\/wp-json\/wp\/v2\/users\/58"}],"replies":[{"embeddable":true,"href":"http:\/\/madeinzaragoza.es\/blog\/wp-json\/wp\/v2\/comments?post=26202"}],"version-history":[{"count":6,"href":"http:\/\/madeinzaragoza.es\/blog\/wp-json\/wp\/v2\/posts\/26202\/revisions"}],"predecessor-version":[{"id":26224,"href":"http:\/\/madeinzaragoza.es\/blog\/wp-json\/wp\/v2\/posts\/26202\/revisions\/26224"}],"wp:featuredmedia":[{"embeddable":true,"href":"http:\/\/madeinzaragoza.es\/blog\/wp-json\/wp\/v2\/media\/26206"}],"wp:attachment":[{"href":"http:\/\/madeinzaragoza.es\/blog\/wp-json\/wp\/v2\/media?parent=26202"}],"wp:term":[{"taxonomy":"category","embeddable":true,"href":"http:\/\/madeinzaragoza.es\/blog\/wp-json\/wp\/v2\/categories?post=26202"},{"taxonomy":"post_tag","embeddable":true,"href":"http:\/\/madeinzaragoza.es\/blog\/wp-json\/wp\/v2\/tags?post=26202"}],"curies":[{"name":"wp","href":"https:\/\/api.w.org\/{rel}","templated":true}]}}