{"id":26080,"date":"2019-10-09T18:18:42","date_gmt":"2019-10-09T17:18:42","guid":{"rendered":"http:\/\/madeinzaragoza.es\/blog\/?p=26080"},"modified":"2019-10-09T18:18:42","modified_gmt":"2019-10-09T17:18:42","slug":"telelavo-el-taller-artesanal-que-te-deja-la-ropa-como-tu-abuela","status":"publish","type":"post","link":"http:\/\/madeinzaragoza.es\/blog\/telelavo-el-taller-artesanal-que-te-deja-la-ropa-como-tu-abuela\/","title":{"rendered":"Telelavo, el taller artesanal que te deja la ropa como tu abuela"},"content":{"rendered":"<p>Javier Zardoya es el impulsor del negocio de Telelavo en Zaragoza, una idea pionera que consiste en \u201c<strong>brindar un servicio de higiene textil que incluya todas las necesidades reales que tenemos en nuestra colada del d\u00eda a d\u00eda<\/strong>\u201d. Se dieron cuenta de que hab\u00eda una demanda social muy amplia que va desde la necesidad operativa de un hogar, por falta de tiempo o de desconocimiento de los tratamientos textiles m\u00e1s adecuados; pasando por personas mayores con dificultades para realizar sus tareas, viajeros que no paran en casa o se quedan sin nada limpio o j\u00f3venes que, simplemente, no saben planchar. De modo que apostaron por \u201cfacilitarle la vida a las personas\u201d.<\/p>\n<p>&nbsp;<\/p>\n<p><img loading=\"lazy\" decoding=\"async\" class=\"aligncenter size-large wp-image-26229\" src=\"http:\/\/madeinzaragoza.es\/blog\/wp-content\/uploads\/2019\/09\/TELE-LAVO-20190605-10-1024x684.jpg\" alt=\"\" width=\"840\" height=\"561\" srcset=\"http:\/\/madeinzaragoza.es\/blog\/wp-content\/uploads\/2019\/09\/TELE-LAVO-20190605-10-1024x684.jpg 1024w, http:\/\/madeinzaragoza.es\/blog\/wp-content\/uploads\/2019\/09\/TELE-LAVO-20190605-10-300x200.jpg 300w, http:\/\/madeinzaragoza.es\/blog\/wp-content\/uploads\/2019\/09\/TELE-LAVO-20190605-10-768x513.jpg 768w, http:\/\/madeinzaragoza.es\/blog\/wp-content\/uploads\/2019\/09\/TELE-LAVO-20190605-10-1200x801.jpg 1200w, http:\/\/madeinzaragoza.es\/blog\/wp-content\/uploads\/2019\/09\/TELE-LAVO-20190605-10.jpg 2048w\" sizes=\"(max-width: 709px) 85vw, (max-width: 909px) 67vw, (max-width: 1362px) 62vw, 840px\" \/><\/p>\n<p>&nbsp;<\/p>\n<p>\u00bfEn qu\u00e9 se diferencia Telelavo de las lavander\u00edas tradicionales? Pues en que \u201cno funciona por n\u00famero de prendas o kilos de ropa, sino que utiliza unos petates donde el cliente, seg\u00fan el tama\u00f1o que contrata, introduce toda su colada dentro de un modelo de suscripci\u00f3n mensual o de un servicio expr\u00e9s que es de un solo uso\u201d. Adem\u00e1s, se jacta Javier de ser el servicio \u201c<strong>m\u00e1s barato, con tarifa plana sin sorpresas y todo incluido en el precio<\/strong>; con la ventaja del ahorro de tiempo y la confianza en nuestros artesanos a la hora de procesar nuestra apreciada ropa\u201d.<\/p>\n<p>&nbsp;<\/p>\n<p><img loading=\"lazy\" decoding=\"async\" class=\"aligncenter size-large wp-image-26225\" src=\"http:\/\/madeinzaragoza.es\/blog\/wp-content\/uploads\/2019\/09\/TELE-LAVO-20190605-15-1024x684.jpg\" alt=\"\" width=\"840\" height=\"561\" srcset=\"http:\/\/madeinzaragoza.es\/blog\/wp-content\/uploads\/2019\/09\/TELE-LAVO-20190605-15-1024x684.jpg 1024w, http:\/\/madeinzaragoza.es\/blog\/wp-content\/uploads\/2019\/09\/TELE-LAVO-20190605-15-300x200.jpg 300w, http:\/\/madeinzaragoza.es\/blog\/wp-content\/uploads\/2019\/09\/TELE-LAVO-20190605-15-768x513.jpg 768w, http:\/\/madeinzaragoza.es\/blog\/wp-content\/uploads\/2019\/09\/TELE-LAVO-20190605-15-1200x801.jpg 1200w, http:\/\/madeinzaragoza.es\/blog\/wp-content\/uploads\/2019\/09\/TELE-LAVO-20190605-15.jpg 2048w\" sizes=\"(max-width: 709px) 85vw, (max-width: 909px) 67vw, (max-width: 1362px) 62vw, 840px\" \/><\/p>\n<p>&nbsp;<\/p>\n<p>Espec\u00edfica los precios mensuales con IVA y dando servicio semanal para que busquemos, comparemos y juguemos por nosotros mismos si encontramos algo mejor: Tarifa plana S (1-2 personas) 59\u20ac, tama\u00f1o M (2-3 personas) 79\u20ac y L (3-4 personas) 99\u20ac. Luego tendr\u00edamos los servicios expr\u00e9s (un solo uso), de Tama\u00f1o S, 35\u20ac; M, 60\u20ac; y L, 75\u20ac.<\/p>\n<p>&nbsp;<\/p>\n<p><img loading=\"lazy\" decoding=\"async\" class=\"aligncenter size-large wp-image-26230\" src=\"http:\/\/madeinzaragoza.es\/blog\/wp-content\/uploads\/2019\/09\/TELE-LAVO-20190605-13-1024x684.jpg\" alt=\"\" width=\"840\" height=\"561\" srcset=\"http:\/\/madeinzaragoza.es\/blog\/wp-content\/uploads\/2019\/09\/TELE-LAVO-20190605-13-1024x684.jpg 1024w, http:\/\/madeinzaragoza.es\/blog\/wp-content\/uploads\/2019\/09\/TELE-LAVO-20190605-13-300x200.jpg 300w, http:\/\/madeinzaragoza.es\/blog\/wp-content\/uploads\/2019\/09\/TELE-LAVO-20190605-13-768x513.jpg 768w, http:\/\/madeinzaragoza.es\/blog\/wp-content\/uploads\/2019\/09\/TELE-LAVO-20190605-13-1200x801.jpg 1200w, http:\/\/madeinzaragoza.es\/blog\/wp-content\/uploads\/2019\/09\/TELE-LAVO-20190605-13.jpg 2048w\" sizes=\"(max-width: 709px) 85vw, (max-width: 909px) 67vw, (max-width: 1362px) 62vw, 840px\" \/><\/p>\n<p>&nbsp;<\/p>\n<p>Javier explica que el cliente paga un precio cerrado sin a\u00f1adiduras posteriores por un servicio integral que incluye \u201crecogida a domicilio en el centro de Zaragoza y clasificaci\u00f3n de la ropa, desmanchado a mano, lavado a baja temperatura y con productos ecol\u00f3gicos, secado seg\u00fan tipo de textil, colocaci\u00f3n de un bot\u00f3n o peque\u00f1o descosido que pueda tener la prenda, planchado, emperchado o doblado seg\u00fan corresponda y entrega en 48h\u201d.<\/p>\n<p>&nbsp;<\/p>\n<p><strong>Un taller artesanal en ampliaci\u00f3n<\/strong><\/p>\n<p>Y todo ello con el mimo de un taller artesanal, no industrial. Porque \u201cdel mismo modo que no hay dos barras de pan artesanas iguales, nuestro personal profesional trata las prendas como si fueran su propia ropa, con mimo y cari\u00f1o; todo con productos ecol\u00f3gicos con certificaci\u00f3n europea Ecolabel, desmanchando a mano prenda a prenda, incluso colocando un bot\u00f3n si le falta a una camisa sin coste a\u00f1adido\u201d. Eso s\u00ed, <strong>no se les puede llevar una prenda solo a remendar, no es un taller de costura<\/strong>.<\/p>\n<p>&nbsp;<\/p>\n<p><img loading=\"lazy\" decoding=\"async\" class=\"aligncenter size-large wp-image-26227\" src=\"http:\/\/madeinzaragoza.es\/blog\/wp-content\/uploads\/2019\/09\/TELE-LAVO-20190605-5-1024x684.jpg\" alt=\"\" width=\"840\" height=\"561\" srcset=\"http:\/\/madeinzaragoza.es\/blog\/wp-content\/uploads\/2019\/09\/TELE-LAVO-20190605-5-1024x684.jpg 1024w, http:\/\/madeinzaragoza.es\/blog\/wp-content\/uploads\/2019\/09\/TELE-LAVO-20190605-5-300x200.jpg 300w, http:\/\/madeinzaragoza.es\/blog\/wp-content\/uploads\/2019\/09\/TELE-LAVO-20190605-5-768x513.jpg 768w, http:\/\/madeinzaragoza.es\/blog\/wp-content\/uploads\/2019\/09\/TELE-LAVO-20190605-5-1200x801.jpg 1200w, http:\/\/madeinzaragoza.es\/blog\/wp-content\/uploads\/2019\/09\/TELE-LAVO-20190605-5.jpg 2048w\" sizes=\"(max-width: 709px) 85vw, (max-width: 909px) 67vw, (max-width: 1362px) 62vw, 840px\" \/><\/p>\n<p>&nbsp;<\/p>\n<p>Por detalles como ese, se podr\u00eda decir que la labor que antes asum\u00edan las madres y abuelas ahora las hacen en su taller, de hecho, confirma, \u201c<strong>nuestro proceso de desmanchado se hace como hac\u00edan nuestras abuelas (con la tabla de frotar y el jab\u00f3n Lagarto)\u201d<\/strong>. Es m\u00e1s, \u201cla mayor\u00eda de los artesanos son mujeres. Actualmente, hay 3 empleadas y ya estamos pensando en incorporar a m\u00e1s\u201d. M\u00e1s que nada porque el \u00e9xito les va a llevar a ampliar el negocio, y, aparte de los tratamientos individuales que ya hacen, de la limpieza en seco de trajes y vestidos de fiesta, as\u00ed como de cortinas o edredones, tienen previsto ofrecer limpieza en seco con una tecnolog\u00eda innovadora, limpieza de zapatillas, alfombras, cascos de moto\u2026\u201d<\/p>\n<p>&nbsp;<\/p>\n<p><img loading=\"lazy\" decoding=\"async\" class=\"aligncenter size-large wp-image-26226\" src=\"http:\/\/madeinzaragoza.es\/blog\/wp-content\/uploads\/2019\/09\/TELE-LAVO-20190605-4-1024x684.jpg\" alt=\"\" width=\"840\" height=\"561\" srcset=\"http:\/\/madeinzaragoza.es\/blog\/wp-content\/uploads\/2019\/09\/TELE-LAVO-20190605-4-1024x684.jpg 1024w, http:\/\/madeinzaragoza.es\/blog\/wp-content\/uploads\/2019\/09\/TELE-LAVO-20190605-4-300x200.jpg 300w, http:\/\/madeinzaragoza.es\/blog\/wp-content\/uploads\/2019\/09\/TELE-LAVO-20190605-4-768x513.jpg 768w, http:\/\/madeinzaragoza.es\/blog\/wp-content\/uploads\/2019\/09\/TELE-LAVO-20190605-4-1200x801.jpg 1200w, http:\/\/madeinzaragoza.es\/blog\/wp-content\/uploads\/2019\/09\/TELE-LAVO-20190605-4.jpg 2048w\" sizes=\"(max-width: 709px) 85vw, (max-width: 909px) 67vw, (max-width: 1362px) 62vw, 840px\" \/><\/p>\n<p>&nbsp;<\/p>\n<p>O sea, que lo \u00fanico que no hacen son milagros, \u00a1pero por lo menos lo intentan!<\/p>\n<p>&nbsp;<\/p>\n","protected":false},"excerpt":{"rendered":"<p>Javier Zardoya es el impulsor del negocio de Telelavo en Zaragoza, una idea pionera que consiste en \u201cbrindar un servicio de higiene textil que incluya todas las necesidades reales que tenemos en nuestra colada del d\u00eda a d\u00eda\u201d. Se dieron cuenta de que hab\u00eda una demanda social muy amplia que va desde la necesidad operativa &hellip; <a href=\"http:\/\/madeinzaragoza.es\/blog\/telelavo-el-taller-artesanal-que-te-deja-la-ropa-como-tu-abuela\/\" class=\"more-link\">Continuar leyendo<span class=\"screen-reader-text\"> \u00abTelelavo, el taller artesanal que te deja la ropa como tu abuela\u00bb<\/span><\/a><\/p>\n","protected":false},"author":60,"featured_media":26228,"comment_status":"open","ping_status":"open","sticky":false,"template":"","format":"standard","meta":{"footnotes":""},"categories":[8],"tags":[26,317],"yoast_head":"<!-- This site is optimized with the Yoast SEO plugin v19.7.2 - https:\/\/yoast.com\/wordpress\/plugins\/seo\/ -->\n<title>Telelavo, el taller artesanal que te deja la ropa como tu abuela - Made in Zaragoza<\/title>\n<meta name=\"robots\" content=\"index, follow, max-snippet:-1, max-image-preview:large, max-video-preview:-1\" \/>\n<link rel=\"canonical\" href=\"https:\/\/madeinzaragoza.es\/blog\/telelavo-el-taller-artesanal-que-te-deja-la-ropa-como-tu-abuela\/\" \/>\n<meta property=\"og:locale\" content=\"es_ES\" \/>\n<meta property=\"og:type\" content=\"article\" \/>\n<meta property=\"og:title\" content=\"Telelavo, el taller artesanal que te deja la ropa como tu abuela - Made in Zaragoza\" \/>\n<meta property=\"og:description\" content=\"Javier Zardoya es el impulsor del negocio de Telelavo en Zaragoza, una idea pionera que consiste en \u201cbrindar un servicio de higiene textil que incluya todas las necesidades reales que tenemos en nuestra colada del d\u00eda a d\u00eda\u201d. Se dieron cuenta de que hab\u00eda una demanda social muy amplia que va desde la necesidad operativa &hellip; Continuar leyendo &quot;Telelavo, el taller artesanal que te deja la ropa como tu abuela&quot;\" \/>\n<meta property=\"og:url\" content=\"https:\/\/madeinzaragoza.es\/blog\/telelavo-el-taller-artesanal-que-te-deja-la-ropa-como-tu-abuela\/\" \/>\n<meta property=\"og:site_name\" content=\"Made in Zaragoza\" \/>\n<meta property=\"article:publisher\" content=\"https:\/\/www.facebook.com\/madeinzaragoza.es\/\" \/>\n<meta property=\"article:published_time\" content=\"2019-10-09T17:18:42+00:00\" \/>\n<meta property=\"og:image\" content=\"https:\/\/madeinzaragoza.es\/blog\/wp-content\/uploads\/2019\/09\/TELE-LAVO-20190605-9.jpg\" \/>\n\t<meta property=\"og:image:width\" content=\"2048\" \/>\n\t<meta property=\"og:image:height\" content=\"1367\" \/>\n\t<meta property=\"og:image:type\" content=\"image\/jpeg\" \/>\n<meta name=\"author\" content=\"Elisabeth G Iborra\" \/>\n<meta name=\"twitter:card\" content=\"summary\" \/>\n<meta name=\"twitter:creator\" content=\"@madeinzaragoza\" \/>\n<meta name=\"twitter:site\" content=\"@madeinzaragoza\" \/>\n<meta name=\"twitter:label1\" content=\"Escrito por\" \/>\n\t<meta name=\"twitter:data1\" content=\"Elisabeth G Iborra\" \/>\n\t<meta name=\"twitter:label2\" content=\"Tiempo de lectura\" \/>\n\t<meta name=\"twitter:data2\" content=\"3 minutos\" \/>\n<script type=\"application\/ld+json\" class=\"yoast-schema-graph\">{\"@context\":\"https:\/\/schema.org\",\"@graph\":[{\"@type\":\"Article\",\"@id\":\"https:\/\/madeinzaragoza.es\/blog\/telelavo-el-taller-artesanal-que-te-deja-la-ropa-como-tu-abuela\/#article\",\"isPartOf\":{\"@id\":\"https:\/\/madeinzaragoza.es\/blog\/telelavo-el-taller-artesanal-que-te-deja-la-ropa-como-tu-abuela\/\"},\"author\":{\"name\":\"Elisabeth G Iborra\",\"@id\":\"http:\/\/madeinzaragoza.es\/blog\/#\/schema\/person\/6a4863d6589c583d59e18346910a023c\"},\"headline\":\"Telelavo, el taller artesanal que te deja la ropa como tu abuela\",\"datePublished\":\"2019-10-09T17:18:42+00:00\",\"dateModified\":\"2019-10-09T17:18:42+00:00\",\"mainEntityOfPage\":{\"@id\":\"https:\/\/madeinzaragoza.es\/blog\/telelavo-el-taller-artesanal-que-te-deja-la-ropa-como-tu-abuela\/\"},\"wordCount\":623,\"commentCount\":0,\"publisher\":{\"@id\":\"http:\/\/madeinzaragoza.es\/blog\/#organization\"},\"keywords\":[\"Artesanos\",\"talleres\"],\"articleSection\":[\"Red MIZ\"],\"inLanguage\":\"es\",\"potentialAction\":[{\"@type\":\"CommentAction\",\"name\":\"Comment\",\"target\":[\"https:\/\/madeinzaragoza.es\/blog\/telelavo-el-taller-artesanal-que-te-deja-la-ropa-como-tu-abuela\/#respond\"]}]},{\"@type\":\"WebPage\",\"@id\":\"https:\/\/madeinzaragoza.es\/blog\/telelavo-el-taller-artesanal-que-te-deja-la-ropa-como-tu-abuela\/\",\"url\":\"https:\/\/madeinzaragoza.es\/blog\/telelavo-el-taller-artesanal-que-te-deja-la-ropa-como-tu-abuela\/\",\"name\":\"Telelavo, el taller artesanal que te deja la ropa como tu abuela - Made in Zaragoza\",\"isPartOf\":{\"@id\":\"http:\/\/madeinzaragoza.es\/blog\/#website\"},\"datePublished\":\"2019-10-09T17:18:42+00:00\",\"dateModified\":\"2019-10-09T17:18:42+00:00\",\"breadcrumb\":{\"@id\":\"https:\/\/madeinzaragoza.es\/blog\/telelavo-el-taller-artesanal-que-te-deja-la-ropa-como-tu-abuela\/#breadcrumb\"},\"inLanguage\":\"es\",\"potentialAction\":[{\"@type\":\"ReadAction\",\"target\":[\"https:\/\/madeinzaragoza.es\/blog\/telelavo-el-taller-artesanal-que-te-deja-la-ropa-como-tu-abuela\/\"]}]},{\"@type\":\"BreadcrumbList\",\"@id\":\"https:\/\/madeinzaragoza.es\/blog\/telelavo-el-taller-artesanal-que-te-deja-la-ropa-como-tu-abuela\/#breadcrumb\",\"itemListElement\":[{\"@type\":\"ListItem\",\"position\":1,\"name\":\"Portada\",\"item\":\"http:\/\/madeinzaragoza.es\/blog\/\"},{\"@type\":\"ListItem\",\"position\":2,\"name\":\"Telelavo, el taller artesanal que te deja la ropa como tu abuela\"}]},{\"@type\":\"WebSite\",\"@id\":\"http:\/\/madeinzaragoza.es\/blog\/#website\",\"url\":\"http:\/\/madeinzaragoza.es\/blog\/\",\"name\":\"Made in Zaragoza\",\"description\":\"Blog de MadeinZGZ, Red de Econom\u00eda Creativa de Zaragoza\",\"publisher\":{\"@id\":\"http:\/\/madeinzaragoza.es\/blog\/#organization\"},\"potentialAction\":[{\"@type\":\"SearchAction\",\"target\":{\"@type\":\"EntryPoint\",\"urlTemplate\":\"http:\/\/madeinzaragoza.es\/blog\/?s={search_term_string}\"},\"query-input\":\"required name=search_term_string\"}],\"inLanguage\":\"es\"},{\"@type\":\"Organization\",\"@id\":\"http:\/\/madeinzaragoza.es\/blog\/#organization\",\"name\":\"Made In Zaragoza\",\"url\":\"http:\/\/madeinzaragoza.es\/blog\/\",\"sameAs\":[\"https:\/\/www.instagram.com\/madeinzaragoza.es\/\",\"https:\/\/www.facebook.com\/madeinzaragoza.es\/\",\"https:\/\/twitter.com\/madeinzaragoza\"],\"logo\":{\"@type\":\"ImageObject\",\"inLanguage\":\"es\",\"@id\":\"http:\/\/madeinzaragoza.es\/blog\/#\/schema\/logo\/image\/\",\"url\":\"https:\/\/madeinzaragoza.es\/blog\/wp-content\/uploads\/2022\/05\/logo.png\",\"contentUrl\":\"https:\/\/madeinzaragoza.es\/blog\/wp-content\/uploads\/2022\/05\/logo.png\",\"width\":193,\"height\":176,\"caption\":\"Made In Zaragoza\"},\"image\":{\"@id\":\"http:\/\/madeinzaragoza.es\/blog\/#\/schema\/logo\/image\/\"}},{\"@type\":\"Person\",\"@id\":\"http:\/\/madeinzaragoza.es\/blog\/#\/schema\/person\/6a4863d6589c583d59e18346910a023c\",\"name\":\"Elisabeth G Iborra\",\"image\":{\"@type\":\"ImageObject\",\"inLanguage\":\"es\",\"@id\":\"http:\/\/madeinzaragoza.es\/blog\/#\/schema\/person\/image\/\",\"url\":\"http:\/\/1.gravatar.com\/avatar\/79eaa76ada7c6991ca823fda477e731f?s=96&d=mm&r=g\",\"contentUrl\":\"http:\/\/1.gravatar.com\/avatar\/79eaa76ada7c6991ca823fda477e731f?s=96&d=mm&r=g\",\"caption\":\"Elisabeth G Iborra\"},\"url\":\"http:\/\/madeinzaragoza.es\/blog\/author\/elisabethgiborra\/\"}]}<\/script>\n<!-- \/ Yoast SEO plugin. -->","yoast_head_json":{"title":"Telelavo, el taller artesanal que te deja la ropa como tu abuela - Made in Zaragoza","robots":{"index":"index","follow":"follow","max-snippet":"max-snippet:-1","max-image-preview":"max-image-preview:large","max-video-preview":"max-video-preview:-1"},"canonical":"https:\/\/madeinzaragoza.es\/blog\/telelavo-el-taller-artesanal-que-te-deja-la-ropa-como-tu-abuela\/","og_locale":"es_ES","og_type":"article","og_title":"Telelavo, el taller artesanal que te deja la ropa como tu abuela - Made in Zaragoza","og_description":"Javier Zardoya es el impulsor del negocio de Telelavo en Zaragoza, una idea pionera que consiste en \u201cbrindar un servicio de higiene textil que incluya todas las necesidades reales que tenemos en nuestra colada del d\u00eda a d\u00eda\u201d. Se dieron cuenta de que hab\u00eda una demanda social muy amplia que va desde la necesidad operativa &hellip; Continuar leyendo \"Telelavo, el taller artesanal que te deja la ropa como tu abuela\"","og_url":"https:\/\/madeinzaragoza.es\/blog\/telelavo-el-taller-artesanal-que-te-deja-la-ropa-como-tu-abuela\/","og_site_name":"Made in Zaragoza","article_publisher":"https:\/\/www.facebook.com\/madeinzaragoza.es\/","article_published_time":"2019-10-09T17:18:42+00:00","og_image":[{"width":2048,"height":1367,"url":"https:\/\/madeinzaragoza.es\/blog\/wp-content\/uploads\/2019\/09\/TELE-LAVO-20190605-9.jpg","type":"image\/jpeg"}],"author":"Elisabeth G Iborra","twitter_card":"summary","twitter_creator":"@madeinzaragoza","twitter_site":"@madeinzaragoza","twitter_misc":{"Escrito por":"Elisabeth G Iborra","Tiempo de lectura":"3 minutos"},"schema":{"@context":"https:\/\/schema.org","@graph":[{"@type":"Article","@id":"https:\/\/madeinzaragoza.es\/blog\/telelavo-el-taller-artesanal-que-te-deja-la-ropa-como-tu-abuela\/#article","isPartOf":{"@id":"https:\/\/madeinzaragoza.es\/blog\/telelavo-el-taller-artesanal-que-te-deja-la-ropa-como-tu-abuela\/"},"author":{"name":"Elisabeth G Iborra","@id":"http:\/\/madeinzaragoza.es\/blog\/#\/schema\/person\/6a4863d6589c583d59e18346910a023c"},"headline":"Telelavo, el taller artesanal que te deja la ropa como tu abuela","datePublished":"2019-10-09T17:18:42+00:00","dateModified":"2019-10-09T17:18:42+00:00","mainEntityOfPage":{"@id":"https:\/\/madeinzaragoza.es\/blog\/telelavo-el-taller-artesanal-que-te-deja-la-ropa-como-tu-abuela\/"},"wordCount":623,"commentCount":0,"publisher":{"@id":"http:\/\/madeinzaragoza.es\/blog\/#organization"},"keywords":["Artesanos","talleres"],"articleSection":["Red MIZ"],"inLanguage":"es","potentialAction":[{"@type":"CommentAction","name":"Comment","target":["https:\/\/madeinzaragoza.es\/blog\/telelavo-el-taller-artesanal-que-te-deja-la-ropa-como-tu-abuela\/#respond"]}]},{"@type":"WebPage","@id":"https:\/\/madeinzaragoza.es\/blog\/telelavo-el-taller-artesanal-que-te-deja-la-ropa-como-tu-abuela\/","url":"https:\/\/madeinzaragoza.es\/blog\/telelavo-el-taller-artesanal-que-te-deja-la-ropa-como-tu-abuela\/","name":"Telelavo, el taller artesanal que te deja la ropa como tu abuela - Made in Zaragoza","isPartOf":{"@id":"http:\/\/madeinzaragoza.es\/blog\/#website"},"datePublished":"2019-10-09T17:18:42+00:00","dateModified":"2019-10-09T17:18:42+00:00","breadcrumb":{"@id":"https:\/\/madeinzaragoza.es\/blog\/telelavo-el-taller-artesanal-que-te-deja-la-ropa-como-tu-abuela\/#breadcrumb"},"inLanguage":"es","potentialAction":[{"@type":"ReadAction","target":["https:\/\/madeinzaragoza.es\/blog\/telelavo-el-taller-artesanal-que-te-deja-la-ropa-como-tu-abuela\/"]}]},{"@type":"BreadcrumbList","@id":"https:\/\/madeinzaragoza.es\/blog\/telelavo-el-taller-artesanal-que-te-deja-la-ropa-como-tu-abuela\/#breadcrumb","itemListElement":[{"@type":"ListItem","position":1,"name":"Portada","item":"http:\/\/madeinzaragoza.es\/blog\/"},{"@type":"ListItem","position":2,"name":"Telelavo, el taller artesanal que te deja la ropa como tu abuela"}]},{"@type":"WebSite","@id":"http:\/\/madeinzaragoza.es\/blog\/#website","url":"http:\/\/madeinzaragoza.es\/blog\/","name":"Made in Zaragoza","description":"Blog de MadeinZGZ, Red de Econom\u00eda Creativa de Zaragoza","publisher":{"@id":"http:\/\/madeinzaragoza.es\/blog\/#organization"},"potentialAction":[{"@type":"SearchAction","target":{"@type":"EntryPoint","urlTemplate":"http:\/\/madeinzaragoza.es\/blog\/?s={search_term_string}"},"query-input":"required name=search_term_string"}],"inLanguage":"es"},{"@type":"Organization","@id":"http:\/\/madeinzaragoza.es\/blog\/#organization","name":"Made In Zaragoza","url":"http:\/\/madeinzaragoza.es\/blog\/","sameAs":["https:\/\/www.instagram.com\/madeinzaragoza.es\/","https:\/\/www.facebook.com\/madeinzaragoza.es\/","https:\/\/twitter.com\/madeinzaragoza"],"logo":{"@type":"ImageObject","inLanguage":"es","@id":"http:\/\/madeinzaragoza.es\/blog\/#\/schema\/logo\/image\/","url":"https:\/\/madeinzaragoza.es\/blog\/wp-content\/uploads\/2022\/05\/logo.png","contentUrl":"https:\/\/madeinzaragoza.es\/blog\/wp-content\/uploads\/2022\/05\/logo.png","width":193,"height":176,"caption":"Made In Zaragoza"},"image":{"@id":"http:\/\/madeinzaragoza.es\/blog\/#\/schema\/logo\/image\/"}},{"@type":"Person","@id":"http:\/\/madeinzaragoza.es\/blog\/#\/schema\/person\/6a4863d6589c583d59e18346910a023c","name":"Elisabeth G Iborra","image":{"@type":"ImageObject","inLanguage":"es","@id":"http:\/\/madeinzaragoza.es\/blog\/#\/schema\/person\/image\/","url":"http:\/\/1.gravatar.com\/avatar\/79eaa76ada7c6991ca823fda477e731f?s=96&d=mm&r=g","contentUrl":"http:\/\/1.gravatar.com\/avatar\/79eaa76ada7c6991ca823fda477e731f?s=96&d=mm&r=g","caption":"Elisabeth G Iborra"},"url":"http:\/\/madeinzaragoza.es\/blog\/author\/elisabethgiborra\/"}]}},"_links":{"self":[{"href":"http:\/\/madeinzaragoza.es\/blog\/wp-json\/wp\/v2\/posts\/26080"}],"collection":[{"href":"http:\/\/madeinzaragoza.es\/blog\/wp-json\/wp\/v2\/posts"}],"about":[{"href":"http:\/\/madeinzaragoza.es\/blog\/wp-json\/wp\/v2\/types\/post"}],"author":[{"embeddable":true,"href":"http:\/\/madeinzaragoza.es\/blog\/wp-json\/wp\/v2\/users\/60"}],"replies":[{"embeddable":true,"href":"http:\/\/madeinzaragoza.es\/blog\/wp-json\/wp\/v2\/comments?post=26080"}],"version-history":[{"count":2,"href":"http:\/\/madeinzaragoza.es\/blog\/wp-json\/wp\/v2\/posts\/26080\/revisions"}],"predecessor-version":[{"id":26231,"href":"http:\/\/madeinzaragoza.es\/blog\/wp-json\/wp\/v2\/posts\/26080\/revisions\/26231"}],"wp:featuredmedia":[{"embeddable":true,"href":"http:\/\/madeinzaragoza.es\/blog\/wp-json\/wp\/v2\/media\/26228"}],"wp:attachment":[{"href":"http:\/\/madeinzaragoza.es\/blog\/wp-json\/wp\/v2\/media?parent=26080"}],"wp:term":[{"taxonomy":"category","embeddable":true,"href":"http:\/\/madeinzaragoza.es\/blog\/wp-json\/wp\/v2\/categories?post=26080"},{"taxonomy":"post_tag","embeddable":true,"href":"http:\/\/madeinzaragoza.es\/blog\/wp-json\/wp\/v2\/tags?post=26080"}],"curies":[{"name":"wp","href":"https:\/\/api.w.org\/{rel}","templated":true}]}}