{"id":25946,"date":"2019-09-23T08:24:35","date_gmt":"2019-09-23T07:24:35","guid":{"rendered":"http:\/\/madeinzaragoza.es\/blog\/?p=25946"},"modified":"2019-09-24T07:29:13","modified_gmt":"2019-09-24T06:29:13","slug":"programacion-noche-de-las-tiendas-creativas-en-delicias","status":"publish","type":"post","link":"http:\/\/madeinzaragoza.es\/blog\/programacion-noche-de-las-tiendas-creativas-en-delicias\/","title":{"rendered":"Programaci\u00f3n y actividades de la Noche de las Tiendas Creativas en Delicias"},"content":{"rendered":"<p>La <strong>Noche de las Tiendas Creativas<\/strong> celebra una nueva edici\u00f3n en Delicias el pr\u00f3ximo viernes 27 de septiembre. El evento que tendr\u00e1 lugar entre las 20h. y las 24h. re\u00fane a un heterog\u00e9neo, diverso y multicolor grupo de tiendas especializadas en un sinf\u00edn de productos. Todas ellas se encuentran ubicadas en el cuadrante que forman la <strong>calle Unceta, V\u00eda Univ\u00e9rsitas, la calle Duquesa de Villahermosa y la Avenida Madrid<\/strong>.<\/p>\n<p>&nbsp;<\/p>\n<p>A lo largo de cuatro horas podremos participar en talleres de cer\u00e1mica, aprender costura creativa, visitar exposiciones de joyas, asistir a un desfile de la nueva colecci\u00f3n para el a\u00f1o 2020 de vestidos de novia, degustar productos ecol\u00f3gicos, participar en sesiones de yoga, saborear chocolates de diferentes lugares del mundo, aprender a preparar el couscous, divertirnos con los juegos de mesa m\u00e1s tradicionales y los m\u00e1s innovadores, degustar bebidas de coco, de jengibre y de aloe vera, conocer los aceites esenciales de arg\u00e1n, de lino, de palma o la manteca de karit\u00e9, ir con l@s m\u00e1s peque\u00f1@s a un cuenta cuentos, tatuarnos la piel, hacernos la manicura, degustar diferentes embutidos y quesos de Arag\u00f3n, comprar flores naturales\u2026 o calcular nuestra reducci\u00f3n de emisiones de CO2 cuando compramos prendas de 2\u00aa mano.<\/p>\n<p>&nbsp;<\/p>\n<p>Y, por supuesto, no faltar\u00e1n \u00a1nuestros incre\u00edbles descuentos! Todo esto y m\u00e1s lo encontrar\u00e1s en:<\/p>\n<p>&nbsp;<\/p>\n<p><strong>1. Imperium Art Studio, P\u00ba Calanda 61<\/strong><br \/>\n\u2022 DJ en directo y picoteo para asistentes.<\/p>\n<p><strong>2. Barber Shop, P\u00ba Calanda 55<\/strong><br \/>\n\u2022 DJ en directo y picoteo para asistentes.<\/p>\n<p><strong>3. Color\u00edn colorado, C\/ Padre Manj\u00f3n 32<\/strong><br \/>\n\u2022 Talleres: Decoraci\u00f3n de figuras de poliresina con t\u00e9cnica de falso bronce con textura e imitaci\u00f3n a \u00f3xido. Horarios: de 19h. a 21h. y de 21h. a 23h. M\u00e1ximo 10 personas por curso. Coste: 5 \u20ac. Inscripciones en: info@colorin-colorado.es<br \/>\n\u2022 Ofertas y promociones espec\u00edficas para el evento.<br \/>\n\u2022 Las compras ir\u00e1n acompa\u00f1adas de un regalo.<\/p>\n<p><strong>4. Cereza, C\/ Unceta 99<\/strong><br \/>\n\u2022 20% de descuento en art\u00edculos seleccionados para esta noche.<br \/>\n\u2022 Coctel amenizado con m\u00fasica.<\/p>\n<p><strong>5. Artesan\u00eda Aliaga, C\/ Berenguer de Bardaj\u00ed 66, local 6<\/strong><br \/>\n\u2022 Se dar\u00e1 la bienvenida con unas birras y un picoteo.<br \/>\n\u2022 Taller de cer\u00e1mica en el que se pintar\u00e1 una taza que se quedar\u00e1 cada participante. Horario: de 20h a 22h. Precio: 10 \u20ac. Inscripciones en: artesania.aliaga@gmail.com y en el m\u00f3vil: 685447556.<br \/>\n\u2022 Exposici\u00f3n de de joyer\u00eda \u201cAlma de c\u00e1ntaro\u201d de Lorena Domingo.<br \/>\n\u2022 10% de descuento en las compras de nuestra cer\u00e1mica y 15% de descuento en nuestros cursos y talleres.<br \/>\n\u2022 Sorteo de un curso de cer\u00e1mica para dos personas valorado en 50\u20ac entre todos nuestros compradores.<\/p>\n<p><strong>6. La Caba\u00f1a Natural del Maestro Avda. Madrid 58, local B<\/strong><br \/>\n\u2022 Degustaci\u00f3n de productos ecol\u00f3gicos y bebidas ecol\u00f3gicas.<br \/>\n\u2022 5% de descuento en las compras que se realicen esta noche.<br \/>\n\u2022 Las compras ir\u00e1n acompa\u00f1adas de un regalo.<br \/>\n\u2022 Y pensando en las Fiestas del Pilar: 10% de descuento en complementos nutritivos y cremas regeneradoras.<\/p>\n<p><strong>7. La Artesanica-Mercer\u00eda creativa, V\u00eda Univ\u00e9rsitas 71<\/strong><br \/>\n\u2022 Talleres gratuitos de costura creativa. Horario: desde las 20h, en sesiones de \u00bd hora. Inscripciones a trav\u00e9s de: email (rosanaarranz@hotmail.com), tel\u00e9fono (976326852), WhatsApp (667434124) o Facebook (La Artesanica mercer\u00eda creativa)<br \/>\n\u2022 20% de descuento en todos los productos a canjear en la siguiente compra.<br \/>\n\u2022 Participaci\u00f3n en photocall de FB (con cheque regalo de 30\u20ac para quien obtenga m\u00e1s likes).<\/p>\n<p><strong>8. Palacio de Pioneros, C\/ Mariano Carderera 28, local<\/strong><br \/>\n\u2022 Abriremos nuestras puertas y nuestra tienda de juegos de mesa hasta la una de la ma\u00f1ana para todos aquellos que quieran pasar un buen rato jugando a juegos de mesa, desde los m\u00e1s tradicionales como el domin\u00f3 hasta los m\u00e1s modernos como Cat\u00e1n.<\/p>\n<p><strong>9. Zarafrika, C\/ Don Pedro de Luna 16<\/strong><br \/>\n\u2022 Presentaci\u00f3n de alimentos y bebidas imprescindibles para el organismo: Agua de coco, bebida de jengibre concentrado, lim\u00f3n concentrado y bebida de aloe vera.<br \/>\n\u2022 Presentaci\u00f3n de nuestra selecci\u00f3n de aceites esenciales puros: aceite de coco, aceite de arg\u00e1n, aceite de lino, aceite de palma, manteca de karit\u00e9 y aceite de s\u00e9samo.<br \/>\n\u2022 Degustaci\u00f3n de comida t\u00edpica africana: El COUSCOUS. Presentaremos dos tipos de preparaci\u00f3n.<br \/>\n\u2022 Amenizaremos la velada con m\u00fasica africana.<br \/>\n20% de descuento en aceites esenciales puros, couscous y bebidas naturales.<\/p>\n<p><strong>10. Gerovital, C\/ Delicias 4<\/strong><br \/>\n\u2022 Cuenta cuentos y firma de libros de la Editorial \u201cHola Monstruo\u201d.<br \/>\n\u2022 Regalos para los m\u00e1s peque\u00f1os.<br \/>\n\u2022 15% de descuento en la nueva colecci\u00f3n y en cosm\u00e9tica.<br \/>\n\u2022 Pop up Store de Miss Zarrios.<\/p>\n<p><strong>11. InfernalTattoo, V\u00eda Univ\u00e9rsitas 64<\/strong><br \/>\n\u2022 Promoci\u00f3n de tatuajes peque\u00f1os a una tinta por 50\u20ac.<br \/>\n\u2022 Promoci\u00f3n de piercing a 20\u20ac (excepto los dermals).<br \/>\n\u2022 Pop up Store de Dreamcatcher y UnaOcaLoca.<\/p>\n<p><strong>12. Zapater\u00eda Lys, C\/ Graus 2<\/strong><br \/>\n\u2022 Picoteo amenizado con m\u00fasica.<br \/>\n\u2022 Regalos sorpresa en todas las compras de esa noche.<br \/>\n\u2022 Pop up Store de Punto y punto.<\/p>\n<p><strong>13. Bisuter\u00eda Loreto, Avda. Madrid 135<\/strong><br \/>\n\u2022 Candy bar (dulces, chocolates\u2026).<br \/>\n\u2022 Regalo sorpresa por cada compra igual o superior a 12\u20ac.<br \/>\n\u2022 Exposici\u00f3n y venta de la artesana ceramista Nusca Cer\u00e1micas (joyer\u00eda de plata y cer\u00e1mica).<\/p>\n<p><strong>14. Marvin\u2019s Stylist, V\u00eda Univ\u00e9rsitas 67<\/strong><br \/>\n\u2022 Por cada servicio en esta noche se regalar\u00e1 un bono de manicura o corte de cabello<br \/>\n\u2022 Picoteo amenizado con m\u00fasica.<\/p>\n<p><strong>15. Novia caprichosa, Avda. Madrid 241<\/strong><br \/>\n\u2022 Desfile en vivo de la nueva colecci\u00f3n para el a\u00f1o 2020.<br \/>\n\u2022 Picoteo amenizado con m\u00fasica.<br \/>\n\u2022 Pop up Store de Cariad Decoraci\u00f3n.<\/p>\n<p>&nbsp;<\/p>\n<p><strong>16. A tu gusto bon ap\u00e9tit, C\/ Delicias 70<\/strong><br \/>\n\u2022 Cata de embutido de Arag\u00f3n (Ejulve) y de queso de Arag\u00f3n (Albarrac\u00edn).<br \/>\n\u2022 5% de descuento en los productos de la cata.<\/p>\n<p>&nbsp;<\/p>\n<p><strong>17. Herborister\u00eda Naturalia, C\/ Domingo Ram 11<\/strong><br \/>\n\u2022 Masterclass gratuita de YOGA. Sesiones: de 20.30h a 21.15h y de 21.15h. a 22h. Un necesario remanso de paz en la estresada sociedad actual. \u00a1Vente con ropa c\u00f3moda y prueba!<br \/>\n\u2022 Degustaci\u00f3n de bebidas ecol\u00f3gicas: tes e infusiones medicinales.<br \/>\n\u2022 20% de descuento en toda la ropa hippie de ni\u00f1@ y mayor.<br \/>\n\u2022 10% de descuento en las compras de herbolario realizadas esta noche.<\/p>\n<p><strong>18. Pasteler\u00eda La Artesa, C\/ Tarazona 31<\/strong><br \/>\n\u2022 Catas y talleres de chocolate. Sesiones: de 20.15h a 21.15h. y de 21.15 a 22.15h.<br \/>\n19. Bamb\u00fa, Plaza de Huesca 2<br \/>\n\u2022 20% de descuento en planta natural y artificial.<br \/>\n\u2022 Picoteo amenizado con m\u00fasica.<\/p>\n<p><strong>20. Amapola, C\/ Delicias 36<\/strong><br \/>\n\u2022 20% de descuento en toda las prendas (juvenil, sport, de vestir y para todos los d\u00edas)<br \/>\n\u2022 Picoteo amenizado con m\u00fasica.<\/p>\n<p><strong>21. aRopa2, C\/ Delicias 54<\/strong><br \/>\n\u2022 Yo reutilizo\u2026 \u00bfY t\u00fa? En cada compra de esta noche calcularemos la reducci\u00f3n de emisiones de CO2.<\/p>\n<p>Y en esta noche tendremos POP UP STORES en:<\/p>\n<p>\u2022 Gerovital con pop up store de Miss Zarrios<br \/>\n\u2022 Infernal Tatto con pop up stores de Dreamcatcher y UnaOcaLoca<br \/>\n\u2022 Zapater\u00eda Lys con pop up store de Punto y punto<br \/>\n\u2022 Novia caprichosa con pop up store de Cariad Decoraci\u00f3n<\/p>\n<h2>Completa tu pasaporte visitando 6 comercios y gana premios<\/h2>\n<p>Y para rematar la noche, Made in Zaragoza premiar\u00e1 tu participaci\u00f3n en la III Noche de las Tiendas Creativas en Delicias. Completa tu pasaporte visitando 6 comercios y entrar\u00e1s en el sorteo de una cesa de regalos ofrecidos por todas las tiendas participantes.<\/p>\n<p>Confirma tu asistencia en nuestro evento de Facebook, invita a tus amigos y mant\u00e9nte al d\u00eda de las \u00faltimas novedades y actividades.<\/p>\n<p>&nbsp;<\/p>\n<p>\u00a1Disfruta de esta noche!<\/p>\n","protected":false},"excerpt":{"rendered":"<p>La Noche de las Tiendas Creativas celebra una nueva edici\u00f3n en Delicias el pr\u00f3ximo viernes 27 de septiembre. El evento que tendr\u00e1 lugar entre las 20h. y las 24h. re\u00fane a un heterog\u00e9neo, diverso y multicolor grupo de tiendas especializadas en un sinf\u00edn de productos. Todas ellas se encuentran ubicadas en el cuadrante que forman &hellip; <a href=\"http:\/\/madeinzaragoza.es\/blog\/programacion-noche-de-las-tiendas-creativas-en-delicias\/\" class=\"more-link\">Continuar leyendo<span class=\"screen-reader-text\"> \u00abProgramaci\u00f3n y actividades de la Noche de las Tiendas Creativas en Delicias\u00bb<\/span><\/a><\/p>\n","protected":false},"author":71,"featured_media":25458,"comment_status":"open","ping_status":"open","sticky":false,"template":"","format":"standard","meta":{"footnotes":""},"categories":[8],"tags":[848],"yoast_head":"<!-- This site is optimized with the Yoast SEO plugin v19.7.2 - https:\/\/yoast.com\/wordpress\/plugins\/seo\/ -->\n<title>Programaci\u00f3n y actividades de la Noche de las Tiendas Creativas en Delicias - Made in Zaragoza<\/title>\n<meta name=\"description\" content=\"Llega una nueva edici\u00f3n de la Noche de las Tiendas Creativas en Las Delicias. \u00a1Consulta la programacion de actividades!\" \/>\n<meta name=\"robots\" content=\"index, follow, max-snippet:-1, max-image-preview:large, max-video-preview:-1\" \/>\n<link rel=\"canonical\" href=\"http:\/\/madeinzaragoza.es\/blog\/programacion-noche-de-las-tiendas-creativas-en-delicias\/\" \/>\n<meta property=\"og:locale\" content=\"es_ES\" \/>\n<meta property=\"og:type\" content=\"article\" \/>\n<meta property=\"og:title\" content=\"Programaci\u00f3n y actividades de la Noche de las Tiendas Creativas en Delicias - Made in Zaragoza\" \/>\n<meta property=\"og:description\" content=\"Llega una nueva edici\u00f3n de la Noche de las Tiendas Creativas en Las Delicias. \u00a1Consulta la programacion de actividades!\" \/>\n<meta property=\"og:url\" content=\"http:\/\/madeinzaragoza.es\/blog\/programacion-noche-de-las-tiendas-creativas-en-delicias\/\" \/>\n<meta property=\"og:site_name\" content=\"Made in Zaragoza\" \/>\n<meta property=\"article:publisher\" content=\"https:\/\/www.facebook.com\/madeinzaragoza.es\/\" \/>\n<meta property=\"article:published_time\" content=\"2019-09-23T07:24:35+00:00\" \/>\n<meta property=\"article:modified_time\" content=\"2019-09-24T06:29:13+00:00\" \/>\n<meta property=\"og:image\" content=\"http:\/\/madeinzaragoza.es\/blog\/wp-content\/uploads\/2019\/07\/17.jpg\" \/>\n\t<meta property=\"og:image:width\" content=\"1200\" \/>\n\t<meta property=\"og:image:height\" content=\"800\" \/>\n\t<meta property=\"og:image:type\" content=\"image\/jpeg\" \/>\n<meta name=\"author\" content=\"Eventosmiz\" \/>\n<meta name=\"twitter:card\" content=\"summary\" \/>\n<meta name=\"twitter:creator\" content=\"@madeinzaragoza\" \/>\n<meta name=\"twitter:site\" content=\"@madeinzaragoza\" \/>\n<meta name=\"twitter:label1\" content=\"Escrito por\" \/>\n\t<meta name=\"twitter:data1\" content=\"Eventosmiz\" \/>\n\t<meta name=\"twitter:label2\" content=\"Tiempo de lectura\" \/>\n\t<meta name=\"twitter:data2\" content=\"6 minutos\" \/>\n<script type=\"application\/ld+json\" class=\"yoast-schema-graph\">{\"@context\":\"https:\/\/schema.org\",\"@graph\":[{\"@type\":\"Article\",\"@id\":\"http:\/\/madeinzaragoza.es\/blog\/programacion-noche-de-las-tiendas-creativas-en-delicias\/#article\",\"isPartOf\":{\"@id\":\"http:\/\/madeinzaragoza.es\/blog\/programacion-noche-de-las-tiendas-creativas-en-delicias\/\"},\"author\":{\"name\":\"Eventosmiz\",\"@id\":\"https:\/\/madeinzaragoza.es\/blog\/#\/schema\/person\/1aa454342f38d83daad4385d7dfd4291\"},\"headline\":\"Programaci\u00f3n y actividades de la Noche de las Tiendas Creativas en Delicias\",\"datePublished\":\"2019-09-23T07:24:35+00:00\",\"dateModified\":\"2019-09-24T06:29:13+00:00\",\"mainEntityOfPage\":{\"@id\":\"http:\/\/madeinzaragoza.es\/blog\/programacion-noche-de-las-tiendas-creativas-en-delicias\/\"},\"wordCount\":1220,\"commentCount\":0,\"publisher\":{\"@id\":\"https:\/\/madeinzaragoza.es\/blog\/#organization\"},\"keywords\":[\"tiendas creativas\"],\"articleSection\":[\"Red MIZ\"],\"inLanguage\":\"es\",\"potentialAction\":[{\"@type\":\"CommentAction\",\"name\":\"Comment\",\"target\":[\"http:\/\/madeinzaragoza.es\/blog\/programacion-noche-de-las-tiendas-creativas-en-delicias\/#respond\"]}]},{\"@type\":\"WebPage\",\"@id\":\"http:\/\/madeinzaragoza.es\/blog\/programacion-noche-de-las-tiendas-creativas-en-delicias\/\",\"url\":\"http:\/\/madeinzaragoza.es\/blog\/programacion-noche-de-las-tiendas-creativas-en-delicias\/\",\"name\":\"Programaci\u00f3n y actividades de la Noche de las Tiendas Creativas en Delicias - Made in Zaragoza\",\"isPartOf\":{\"@id\":\"https:\/\/madeinzaragoza.es\/blog\/#website\"},\"datePublished\":\"2019-09-23T07:24:35+00:00\",\"dateModified\":\"2019-09-24T06:29:13+00:00\",\"description\":\"Llega una nueva edici\u00f3n de la Noche de las Tiendas Creativas en Las Delicias. \u00a1Consulta la programacion de actividades!\",\"breadcrumb\":{\"@id\":\"http:\/\/madeinzaragoza.es\/blog\/programacion-noche-de-las-tiendas-creativas-en-delicias\/#breadcrumb\"},\"inLanguage\":\"es\",\"potentialAction\":[{\"@type\":\"ReadAction\",\"target\":[\"http:\/\/madeinzaragoza.es\/blog\/programacion-noche-de-las-tiendas-creativas-en-delicias\/\"]}]},{\"@type\":\"BreadcrumbList\",\"@id\":\"http:\/\/madeinzaragoza.es\/blog\/programacion-noche-de-las-tiendas-creativas-en-delicias\/#breadcrumb\",\"itemListElement\":[{\"@type\":\"ListItem\",\"position\":1,\"name\":\"Portada\",\"item\":\"https:\/\/madeinzaragoza.es\/blog\/\"},{\"@type\":\"ListItem\",\"position\":2,\"name\":\"Programaci\u00f3n y actividades de la Noche de las Tiendas Creativas en Delicias\"}]},{\"@type\":\"WebSite\",\"@id\":\"https:\/\/madeinzaragoza.es\/blog\/#website\",\"url\":\"https:\/\/madeinzaragoza.es\/blog\/\",\"name\":\"Made in Zaragoza\",\"description\":\"Blog de MadeinZGZ, Red de Econom\u00eda Creativa de Zaragoza\",\"publisher\":{\"@id\":\"https:\/\/madeinzaragoza.es\/blog\/#organization\"},\"potentialAction\":[{\"@type\":\"SearchAction\",\"target\":{\"@type\":\"EntryPoint\",\"urlTemplate\":\"https:\/\/madeinzaragoza.es\/blog\/?s={search_term_string}\"},\"query-input\":\"required name=search_term_string\"}],\"inLanguage\":\"es\"},{\"@type\":\"Organization\",\"@id\":\"https:\/\/madeinzaragoza.es\/blog\/#organization\",\"name\":\"Made In Zaragoza\",\"url\":\"https:\/\/madeinzaragoza.es\/blog\/\",\"sameAs\":[\"https:\/\/www.instagram.com\/madeinzaragoza.es\/\",\"https:\/\/www.facebook.com\/madeinzaragoza.es\/\",\"https:\/\/twitter.com\/madeinzaragoza\"],\"logo\":{\"@type\":\"ImageObject\",\"inLanguage\":\"es\",\"@id\":\"https:\/\/madeinzaragoza.es\/blog\/#\/schema\/logo\/image\/\",\"url\":\"https:\/\/madeinzaragoza.es\/blog\/wp-content\/uploads\/2022\/05\/logo.png\",\"contentUrl\":\"https:\/\/madeinzaragoza.es\/blog\/wp-content\/uploads\/2022\/05\/logo.png\",\"width\":193,\"height\":176,\"caption\":\"Made In Zaragoza\"},\"image\":{\"@id\":\"https:\/\/madeinzaragoza.es\/blog\/#\/schema\/logo\/image\/\"}},{\"@type\":\"Person\",\"@id\":\"https:\/\/madeinzaragoza.es\/blog\/#\/schema\/person\/1aa454342f38d83daad4385d7dfd4291\",\"name\":\"Eventosmiz\",\"image\":{\"@type\":\"ImageObject\",\"inLanguage\":\"es\",\"@id\":\"https:\/\/madeinzaragoza.es\/blog\/#\/schema\/person\/image\/\",\"url\":\"http:\/\/2.gravatar.com\/avatar\/86378eab1bcf251a9fe5872b8576f86c?s=96&d=mm&r=g\",\"contentUrl\":\"http:\/\/2.gravatar.com\/avatar\/86378eab1bcf251a9fe5872b8576f86c?s=96&d=mm&r=g\",\"caption\":\"Eventosmiz\"},\"url\":\"http:\/\/madeinzaragoza.es\/blog\/author\/eventosmiz\/\"}]}<\/script>\n<!-- \/ Yoast SEO plugin. -->","yoast_head_json":{"title":"Programaci\u00f3n y actividades de la Noche de las Tiendas Creativas en Delicias - Made in Zaragoza","description":"Llega una nueva edici\u00f3n de la Noche de las Tiendas Creativas en Las Delicias. \u00a1Consulta la programacion de actividades!","robots":{"index":"index","follow":"follow","max-snippet":"max-snippet:-1","max-image-preview":"max-image-preview:large","max-video-preview":"max-video-preview:-1"},"canonical":"http:\/\/madeinzaragoza.es\/blog\/programacion-noche-de-las-tiendas-creativas-en-delicias\/","og_locale":"es_ES","og_type":"article","og_title":"Programaci\u00f3n y actividades de la Noche de las Tiendas Creativas en Delicias - Made in Zaragoza","og_description":"Llega una nueva edici\u00f3n de la Noche de las Tiendas Creativas en Las Delicias. \u00a1Consulta la programacion de actividades!","og_url":"http:\/\/madeinzaragoza.es\/blog\/programacion-noche-de-las-tiendas-creativas-en-delicias\/","og_site_name":"Made in Zaragoza","article_publisher":"https:\/\/www.facebook.com\/madeinzaragoza.es\/","article_published_time":"2019-09-23T07:24:35+00:00","article_modified_time":"2019-09-24T06:29:13+00:00","og_image":[{"width":1200,"height":800,"url":"http:\/\/madeinzaragoza.es\/blog\/wp-content\/uploads\/2019\/07\/17.jpg","type":"image\/jpeg"}],"author":"Eventosmiz","twitter_card":"summary","twitter_creator":"@madeinzaragoza","twitter_site":"@madeinzaragoza","twitter_misc":{"Escrito por":"Eventosmiz","Tiempo de lectura":"6 minutos"},"schema":{"@context":"https:\/\/schema.org","@graph":[{"@type":"Article","@id":"http:\/\/madeinzaragoza.es\/blog\/programacion-noche-de-las-tiendas-creativas-en-delicias\/#article","isPartOf":{"@id":"http:\/\/madeinzaragoza.es\/blog\/programacion-noche-de-las-tiendas-creativas-en-delicias\/"},"author":{"name":"Eventosmiz","@id":"https:\/\/madeinzaragoza.es\/blog\/#\/schema\/person\/1aa454342f38d83daad4385d7dfd4291"},"headline":"Programaci\u00f3n y actividades de la Noche de las Tiendas Creativas en Delicias","datePublished":"2019-09-23T07:24:35+00:00","dateModified":"2019-09-24T06:29:13+00:00","mainEntityOfPage":{"@id":"http:\/\/madeinzaragoza.es\/blog\/programacion-noche-de-las-tiendas-creativas-en-delicias\/"},"wordCount":1220,"commentCount":0,"publisher":{"@id":"https:\/\/madeinzaragoza.es\/blog\/#organization"},"keywords":["tiendas creativas"],"articleSection":["Red MIZ"],"inLanguage":"es","potentialAction":[{"@type":"CommentAction","name":"Comment","target":["http:\/\/madeinzaragoza.es\/blog\/programacion-noche-de-las-tiendas-creativas-en-delicias\/#respond"]}]},{"@type":"WebPage","@id":"http:\/\/madeinzaragoza.es\/blog\/programacion-noche-de-las-tiendas-creativas-en-delicias\/","url":"http:\/\/madeinzaragoza.es\/blog\/programacion-noche-de-las-tiendas-creativas-en-delicias\/","name":"Programaci\u00f3n y actividades de la Noche de las Tiendas Creativas en Delicias - Made in Zaragoza","isPartOf":{"@id":"https:\/\/madeinzaragoza.es\/blog\/#website"},"datePublished":"2019-09-23T07:24:35+00:00","dateModified":"2019-09-24T06:29:13+00:00","description":"Llega una nueva edici\u00f3n de la Noche de las Tiendas Creativas en Las Delicias. \u00a1Consulta la programacion de actividades!","breadcrumb":{"@id":"http:\/\/madeinzaragoza.es\/blog\/programacion-noche-de-las-tiendas-creativas-en-delicias\/#breadcrumb"},"inLanguage":"es","potentialAction":[{"@type":"ReadAction","target":["http:\/\/madeinzaragoza.es\/blog\/programacion-noche-de-las-tiendas-creativas-en-delicias\/"]}]},{"@type":"BreadcrumbList","@id":"http:\/\/madeinzaragoza.es\/blog\/programacion-noche-de-las-tiendas-creativas-en-delicias\/#breadcrumb","itemListElement":[{"@type":"ListItem","position":1,"name":"Portada","item":"https:\/\/madeinzaragoza.es\/blog\/"},{"@type":"ListItem","position":2,"name":"Programaci\u00f3n y actividades de la Noche de las Tiendas Creativas en Delicias"}]},{"@type":"WebSite","@id":"https:\/\/madeinzaragoza.es\/blog\/#website","url":"https:\/\/madeinzaragoza.es\/blog\/","name":"Made in Zaragoza","description":"Blog de MadeinZGZ, Red de Econom\u00eda Creativa de Zaragoza","publisher":{"@id":"https:\/\/madeinzaragoza.es\/blog\/#organization"},"potentialAction":[{"@type":"SearchAction","target":{"@type":"EntryPoint","urlTemplate":"https:\/\/madeinzaragoza.es\/blog\/?s={search_term_string}"},"query-input":"required name=search_term_string"}],"inLanguage":"es"},{"@type":"Organization","@id":"https:\/\/madeinzaragoza.es\/blog\/#organization","name":"Made In Zaragoza","url":"https:\/\/madeinzaragoza.es\/blog\/","sameAs":["https:\/\/www.instagram.com\/madeinzaragoza.es\/","https:\/\/www.facebook.com\/madeinzaragoza.es\/","https:\/\/twitter.com\/madeinzaragoza"],"logo":{"@type":"ImageObject","inLanguage":"es","@id":"https:\/\/madeinzaragoza.es\/blog\/#\/schema\/logo\/image\/","url":"https:\/\/madeinzaragoza.es\/blog\/wp-content\/uploads\/2022\/05\/logo.png","contentUrl":"https:\/\/madeinzaragoza.es\/blog\/wp-content\/uploads\/2022\/05\/logo.png","width":193,"height":176,"caption":"Made In Zaragoza"},"image":{"@id":"https:\/\/madeinzaragoza.es\/blog\/#\/schema\/logo\/image\/"}},{"@type":"Person","@id":"https:\/\/madeinzaragoza.es\/blog\/#\/schema\/person\/1aa454342f38d83daad4385d7dfd4291","name":"Eventosmiz","image":{"@type":"ImageObject","inLanguage":"es","@id":"https:\/\/madeinzaragoza.es\/blog\/#\/schema\/person\/image\/","url":"http:\/\/2.gravatar.com\/avatar\/86378eab1bcf251a9fe5872b8576f86c?s=96&d=mm&r=g","contentUrl":"http:\/\/2.gravatar.com\/avatar\/86378eab1bcf251a9fe5872b8576f86c?s=96&d=mm&r=g","caption":"Eventosmiz"},"url":"http:\/\/madeinzaragoza.es\/blog\/author\/eventosmiz\/"}]}},"_links":{"self":[{"href":"http:\/\/madeinzaragoza.es\/blog\/wp-json\/wp\/v2\/posts\/25946"}],"collection":[{"href":"http:\/\/madeinzaragoza.es\/blog\/wp-json\/wp\/v2\/posts"}],"about":[{"href":"http:\/\/madeinzaragoza.es\/blog\/wp-json\/wp\/v2\/types\/post"}],"author":[{"embeddable":true,"href":"http:\/\/madeinzaragoza.es\/blog\/wp-json\/wp\/v2\/users\/71"}],"replies":[{"embeddable":true,"href":"http:\/\/madeinzaragoza.es\/blog\/wp-json\/wp\/v2\/comments?post=25946"}],"version-history":[{"count":4,"href":"http:\/\/madeinzaragoza.es\/blog\/wp-json\/wp\/v2\/posts\/25946\/revisions"}],"predecessor-version":[{"id":25960,"href":"http:\/\/madeinzaragoza.es\/blog\/wp-json\/wp\/v2\/posts\/25946\/revisions\/25960"}],"wp:featuredmedia":[{"embeddable":true,"href":"http:\/\/madeinzaragoza.es\/blog\/wp-json\/wp\/v2\/media\/25458"}],"wp:attachment":[{"href":"http:\/\/madeinzaragoza.es\/blog\/wp-json\/wp\/v2\/media?parent=25946"}],"wp:term":[{"taxonomy":"category","embeddable":true,"href":"http:\/\/madeinzaragoza.es\/blog\/wp-json\/wp\/v2\/categories?post=25946"},{"taxonomy":"post_tag","embeddable":true,"href":"http:\/\/madeinzaragoza.es\/blog\/wp-json\/wp\/v2\/tags?post=25946"}],"curies":[{"name":"wp","href":"https:\/\/api.w.org\/{rel}","templated":true}]}}