{"id":25525,"date":"2019-07-26T18:39:08","date_gmt":"2019-07-26T17:39:08","guid":{"rendered":"http:\/\/madeinzaragoza.es\/blog\/?p=25525"},"modified":"2019-07-27T18:48:05","modified_gmt":"2019-07-27T17:48:05","slug":"mizlab-la-importancia-de-contar-bien-lo-que-haces","status":"publish","type":"post","link":"http:\/\/madeinzaragoza.es\/blog\/mizlab-la-importancia-de-contar-bien-lo-que-haces\/","title":{"rendered":"MIZ-Lab: La importancia de contar bien lo que haces"},"content":{"rendered":"<p>Estamos tan preocupados por hacer, por mejorar, por innovar\u2026 que nos ponemos en esa rueda y ya no salimos.<\/p>\n<p>&nbsp;<\/p>\n<blockquote><p>Siempre digo que es fundamental parar y reflexionar, dejar de trabajar un momento, para pensar que estamos haciendo, por qu\u00e9, para qu\u00e9, c\u00f3mo y con qu\u00e9 resultados.<\/p><\/blockquote>\n<p>&nbsp;<\/p>\n<p>La gente te dice que no para porque no tiene tiempo, pero la verdadera raz\u00f3n es que no quiere enfrentarse a su realidad del d\u00eda a d\u00eda y definir una estrategia, un cambio y una nueva forma de trabajar.<\/p>\n<p>&nbsp;<\/p>\n<p><strong>En el Workshop MIZ-Lab hemos tenido ese momento de parar y reflexionar con tres establecimientos muy diferentes:<\/strong><\/p>\n<p>&nbsp;<\/p>\n<ul>\n<li><a href=\"https:\/\/www.facebook.com\/FloresElEden\/\" target=\"_blank\" rel=\"noopener\">Flores El Eden<\/a>, una florister\u00eda que nace con el nuevo barrio de Valdespartera y con \u00e9l ha crecido, adapt\u00e1ndose a una clientela que compra flores para regalar y que empieza a comprar flores para disfrutar.<\/li>\n<li><a href=\"https:\/\/www.facebook.com\/Piccolazgz\/\" target=\"_blank\" rel=\"noopener\">Piccola<\/a>, una tienda de ropa de mujer en la plaza San Pedro Nolasco que sorprende por su tama\u00f1o y la cantidad de propuestas que ofrece.<\/li>\n<li><a href=\"https:\/\/www.facebook.com\/laboticaderaul\/\" target=\"_blank\" rel=\"noopener\">La Botica de Ra\u00fal<\/a>, mucho m\u00e1s que una herborister\u00eda, pues une a los productos cl\u00e1sicos, productos de tratamiento eco y los tratamientos, que son los que, de verdad, marcan la diferencia.<\/li>\n<\/ul>\n<p>&nbsp;<\/p>\n<p>Y \u00bfpara qu\u00e9 ha servido la reflexi\u00f3n?<\/p>\n<p>&nbsp;<\/p>\n<ul>\n<li>Primero para <strong>ser conscientes de lo que hacemos bien<\/strong><\/li>\n<li>Segundo para <strong>ver d\u00f3nde tenemos oportunidades de mejora<\/strong><\/li>\n<li>Tercero para <strong>organizarnos<\/strong> y decidir por d\u00f3nde empezamos a trabajar<\/li>\n<li>Y por \u00faltimo, <strong>no olvidarse de contarlo y contarlo bien<\/strong><\/li>\n<\/ul>\n<figure id=\"attachment_25529\" aria-describedby=\"caption-attachment-25529\" style=\"width: 840px\" class=\"wp-caption aligncenter\"><img loading=\"lazy\" decoding=\"async\" class=\"size-large wp-image-25529\" src=\"http:\/\/madeinzaragoza.es\/blog\/wp-content\/uploads\/2019\/07\/Reflexiona-e-innova-1024x1024.jpg\" alt=\"La reflexi\u00f3n es el paso previo a la innovaci\u00f3n pero debe ir acompa\u00f1ado de acci\u00f3n\" width=\"840\" height=\"840\" srcset=\"http:\/\/madeinzaragoza.es\/blog\/wp-content\/uploads\/2019\/07\/Reflexiona-e-innova-1024x1024.jpg 1024w, http:\/\/madeinzaragoza.es\/blog\/wp-content\/uploads\/2019\/07\/Reflexiona-e-innova-150x150.jpg 150w, http:\/\/madeinzaragoza.es\/blog\/wp-content\/uploads\/2019\/07\/Reflexiona-e-innova-300x300.jpg 300w, http:\/\/madeinzaragoza.es\/blog\/wp-content\/uploads\/2019\/07\/Reflexiona-e-innova-768x768.jpg 768w, http:\/\/madeinzaragoza.es\/blog\/wp-content\/uploads\/2019\/07\/Reflexiona-e-innova-1200x1200.jpg 1200w\" sizes=\"(max-width: 709px) 85vw, (max-width: 909px) 67vw, (max-width: 1362px) 62vw, 840px\" \/><figcaption id=\"caption-attachment-25529\" class=\"wp-caption-text\">Reflexionar e innovar, un d\u00fao que debe ir de la mano<\/figcaption><\/figure>\n<h2><\/h2>\n<h2>Ser conscientes de lo que hacemos bien<\/h2>\n<p>&nbsp;<\/p>\n<p>Siempre digo que cuando un establecimiento abierto al p\u00fablico sigue con vida es porque algo hace bien.\u00a0 As\u00ed que mi primera propuesta siempre es bucear por lo que hacemos bien, con el objetivo de analizarlo y si es posible, mejorarlo.<\/p>\n<p>&nbsp;<\/p>\n<p>Lo que m\u00e1s me suele sorprender en esta etapa es lo poco conscientes que somos de lo que hacemos bien y por tanto, lo poco que lo comunicamos. As\u00ed que mi segunda propuesta siempre es ver c\u00f3mo podemos comunicar eso que hacemos bien.<\/p>\n<h2><\/h2>\n<h2>Buscar oportunidades de mejora<\/h2>\n<p>&nbsp;<\/p>\n<p>Es fundamental analizar los modelos de negocio para detectar las \u00e1reas en las que tenemos oportunidades de mejora. En peque\u00f1os establecimientos siempre me gusta comenzar por aquellas oportunidades de mejora que resultan m\u00e1s sencillas, bien porque son f\u00e1cilmente implementables o no requieran mucha inversi\u00f3n o se prevean resultados r\u00e1pidos.<\/p>\n<p>&nbsp;<\/p>\n<figure id=\"attachment_25528\" aria-describedby=\"caption-attachment-25528\" style=\"width: 840px\" class=\"wp-caption aligncenter\"><img loading=\"lazy\" decoding=\"async\" class=\"size-large wp-image-25528\" src=\"http:\/\/madeinzaragoza.es\/blog\/wp-content\/uploads\/2019\/07\/Detectar-oportunidades-de-mejora-e1562759935211-1024x1024.jpg\" alt=\"Analizar nuestra empresa para detectar oportunidades de mejora\" width=\"840\" height=\"840\" srcset=\"http:\/\/madeinzaragoza.es\/blog\/wp-content\/uploads\/2019\/07\/Detectar-oportunidades-de-mejora-e1562759935211-1024x1024.jpg 1024w, http:\/\/madeinzaragoza.es\/blog\/wp-content\/uploads\/2019\/07\/Detectar-oportunidades-de-mejora-e1562759935211-150x150.jpg 150w, http:\/\/madeinzaragoza.es\/blog\/wp-content\/uploads\/2019\/07\/Detectar-oportunidades-de-mejora-e1562759935211-300x300.jpg 300w, http:\/\/madeinzaragoza.es\/blog\/wp-content\/uploads\/2019\/07\/Detectar-oportunidades-de-mejora-e1562759935211-768x768.jpg 768w, http:\/\/madeinzaragoza.es\/blog\/wp-content\/uploads\/2019\/07\/Detectar-oportunidades-de-mejora-e1562759935211-1200x1200.jpg 1200w\" sizes=\"(max-width: 709px) 85vw, (max-width: 909px) 67vw, (max-width: 1362px) 62vw, 840px\" \/><figcaption id=\"caption-attachment-25528\" class=\"wp-caption-text\">Detectar oportunidades de mejora<\/figcaption><\/figure>\n<h2><\/h2>\n<h2>La organizaci\u00f3n es la clave<\/h2>\n<p>&nbsp;<\/p>\n<p>Si comenz\u00e1bamos diciendo que no se suele parar y reflexionar por falta de tiempo, pasar a la acci\u00f3n se encuentra con el mismo problema. Las personas detr\u00e1s de un establecimiento de Made in Zaragoza son malabaristas y lo mismo compran, que venden, organizan, comunican, limpian, dise\u00f1an, etc.<\/p>\n<p>&nbsp;<\/p>\n<p>Cuando tu tiempo es limitado <strong>hay que aprender a priorizar<\/strong> y saber qu\u00e9 tareas son m\u00e1s importantes que otras y por tanto, no s\u00f3lo las haremos antes sino que les dedicaremos m\u00e1s tiempo.<\/p>\n<p>&nbsp;<\/p>\n<blockquote><p>Mientras no aprendamos esta lecci\u00f3n y tratemos todos los asuntos por igual, las oportunidades de crecimiento se limitan, as\u00ed que organizarse es tarea prioritaria.<\/p><\/blockquote>\n<h2><\/h2>\n<h2>Y no olvidar contar bien lo que haces<\/h2>\n<p>&nbsp;<\/p>\n<p>Y dentro de las prioridades, una de las fundamentales es contar bien lo que haces. Dirigido a tu p\u00fablico objetivo, creando una comunidad y explicando \u201ctu d\u00eda a d\u00eda\u201d, no s\u00f3lo qu\u00e9 es lo que haces, sino el porqu\u00e9 has creado esta empresa y el para qu\u00e9, qu\u00e9 es lo que buscan conseguir con ella.<\/p>\n<p>&nbsp;<\/p>\n<blockquote><p>Nos encanta hacer y nos cuesta contar y es un error porque tenemos que integrar el contar, como una de las cosas que tenemos que hacer \u00bfno os parece?<\/p><\/blockquote>\n","protected":false},"excerpt":{"rendered":"<p>Estamos tan preocupados por hacer, por mejorar, por innovar\u2026 que nos ponemos en esa rueda y ya no salimos. &nbsp; Siempre digo que es fundamental parar y reflexionar, dejar de trabajar un momento, para pensar que estamos haciendo, por qu\u00e9, para qu\u00e9, c\u00f3mo y con qu\u00e9 resultados. &nbsp; La gente te dice que no para &hellip; <a href=\"http:\/\/madeinzaragoza.es\/blog\/mizlab-la-importancia-de-contar-bien-lo-que-haces\/\" class=\"more-link\">Continuar leyendo<span class=\"screen-reader-text\"> \u00abMIZ-Lab: La importancia de contar bien lo que haces\u00bb<\/span><\/a><\/p>\n","protected":false},"author":62,"featured_media":25530,"comment_status":"open","ping_status":"open","sticky":false,"template":"","format":"standard","meta":{"footnotes":""},"categories":[1554],"tags":[1911,1884,1613,1785,1910],"yoast_head":"<!-- This site is optimized with the Yoast SEO plugin v19.7.2 - https:\/\/yoast.com\/wordpress\/plugins\/seo\/ -->\n<title>MIZ-Lab: La importancia de contar bien lo que haces - Made in Zaragoza<\/title>\n<meta name=\"description\" content=\"Es fundamental parar y reflexionar, dejar de trabajar un momento, para pensar que estamos haciendo, por qu\u00e9, para qu\u00e9, c\u00f3mo y con qu\u00e9 resultados.\" \/>\n<meta name=\"robots\" content=\"index, follow, max-snippet:-1, max-image-preview:large, max-video-preview:-1\" \/>\n<link rel=\"canonical\" href=\"http:\/\/madeinzaragoza.es\/blog\/mizlab-la-importancia-de-contar-bien-lo-que-haces\/\" \/>\n<meta property=\"og:locale\" content=\"es_ES\" \/>\n<meta property=\"og:type\" content=\"article\" \/>\n<meta property=\"og:title\" content=\"MIZ-Lab: La importancia de contar bien lo que haces - Made in Zaragoza\" \/>\n<meta property=\"og:description\" content=\"Es fundamental parar y reflexionar, dejar de trabajar un momento, para pensar que estamos haciendo, por qu\u00e9, para qu\u00e9, c\u00f3mo y con qu\u00e9 resultados.\" \/>\n<meta property=\"og:url\" content=\"http:\/\/madeinzaragoza.es\/blog\/mizlab-la-importancia-de-contar-bien-lo-que-haces\/\" \/>\n<meta property=\"og:site_name\" content=\"Made in Zaragoza\" \/>\n<meta property=\"article:publisher\" content=\"https:\/\/www.facebook.com\/madeinzaragoza.es\/\" \/>\n<meta property=\"article:author\" content=\"www.facebook.com\/AnaHernandez.AV\" \/>\n<meta property=\"article:published_time\" content=\"2019-07-26T17:39:08+00:00\" \/>\n<meta property=\"article:modified_time\" content=\"2019-07-27T17:48:05+00:00\" \/>\n<meta property=\"og:image\" content=\"http:\/\/madeinzaragoza.es\/blog\/wp-content\/uploads\/2019\/07\/contar-y-contar-bien-e1562760032521.jpg\" \/>\n\t<meta property=\"og:image:width\" content=\"3024\" \/>\n\t<meta property=\"og:image:height\" content=\"3024\" \/>\n\t<meta property=\"og:image:type\" content=\"image\/jpeg\" \/>\n<meta name=\"author\" content=\"Ana Hern\u00e1ndez Serena\" \/>\n<meta name=\"twitter:card\" content=\"summary\" \/>\n<meta name=\"twitter:creator\" content=\"@laquedijono\" \/>\n<meta name=\"twitter:site\" content=\"@madeinzaragoza\" \/>\n<meta name=\"twitter:label1\" content=\"Escrito por\" \/>\n\t<meta name=\"twitter:data1\" content=\"Ana Hern\u00e1ndez Serena\" \/>\n\t<meta name=\"twitter:label2\" content=\"Tiempo de lectura\" \/>\n\t<meta name=\"twitter:data2\" content=\"3 minutos\" \/>\n<script type=\"application\/ld+json\" class=\"yoast-schema-graph\">{\"@context\":\"https:\/\/schema.org\",\"@graph\":[{\"@type\":\"Article\",\"@id\":\"http:\/\/madeinzaragoza.es\/blog\/mizlab-la-importancia-de-contar-bien-lo-que-haces\/#article\",\"isPartOf\":{\"@id\":\"http:\/\/madeinzaragoza.es\/blog\/mizlab-la-importancia-de-contar-bien-lo-que-haces\/\"},\"author\":{\"name\":\"Ana Hern\u00e1ndez Serena\",\"@id\":\"https:\/\/madeinzaragoza.es\/blog\/#\/schema\/person\/a0d8307bda0d4d09af086a6b5a45c5c4\"},\"headline\":\"MIZ-Lab: La importancia de contar bien lo que haces\",\"datePublished\":\"2019-07-26T17:39:08+00:00\",\"dateModified\":\"2019-07-27T17:48:05+00:00\",\"mainEntityOfPage\":{\"@id\":\"http:\/\/madeinzaragoza.es\/blog\/mizlab-la-importancia-de-contar-bien-lo-que-haces\/\"},\"wordCount\":670,\"commentCount\":0,\"publisher\":{\"@id\":\"https:\/\/madeinzaragoza.es\/blog\/#organization\"},\"keywords\":[\"Estrategia comercial\",\"Estrategia innovaci\u00f3n comercial\",\"innovaci\u00f3n\",\"innovaci\u00f3n comercial\",\"Laboratorio Innovaci\u00f3n Comercial\"],\"articleSection\":[\"MIZ-Lab\"],\"inLanguage\":\"es\",\"potentialAction\":[{\"@type\":\"CommentAction\",\"name\":\"Comment\",\"target\":[\"http:\/\/madeinzaragoza.es\/blog\/mizlab-la-importancia-de-contar-bien-lo-que-haces\/#respond\"]}]},{\"@type\":\"WebPage\",\"@id\":\"http:\/\/madeinzaragoza.es\/blog\/mizlab-la-importancia-de-contar-bien-lo-que-haces\/\",\"url\":\"http:\/\/madeinzaragoza.es\/blog\/mizlab-la-importancia-de-contar-bien-lo-que-haces\/\",\"name\":\"MIZ-Lab: La importancia de contar bien lo que haces - Made in Zaragoza\",\"isPartOf\":{\"@id\":\"https:\/\/madeinzaragoza.es\/blog\/#website\"},\"datePublished\":\"2019-07-26T17:39:08+00:00\",\"dateModified\":\"2019-07-27T17:48:05+00:00\",\"description\":\"Es fundamental parar y reflexionar, dejar de trabajar un momento, para pensar que estamos haciendo, por qu\u00e9, para qu\u00e9, c\u00f3mo y con qu\u00e9 resultados.\",\"breadcrumb\":{\"@id\":\"http:\/\/madeinzaragoza.es\/blog\/mizlab-la-importancia-de-contar-bien-lo-que-haces\/#breadcrumb\"},\"inLanguage\":\"es\",\"potentialAction\":[{\"@type\":\"ReadAction\",\"target\":[\"http:\/\/madeinzaragoza.es\/blog\/mizlab-la-importancia-de-contar-bien-lo-que-haces\/\"]}]},{\"@type\":\"BreadcrumbList\",\"@id\":\"http:\/\/madeinzaragoza.es\/blog\/mizlab-la-importancia-de-contar-bien-lo-que-haces\/#breadcrumb\",\"itemListElement\":[{\"@type\":\"ListItem\",\"position\":1,\"name\":\"Portada\",\"item\":\"https:\/\/madeinzaragoza.es\/blog\/\"},{\"@type\":\"ListItem\",\"position\":2,\"name\":\"MIZ-Lab: La importancia de contar bien lo que haces\"}]},{\"@type\":\"WebSite\",\"@id\":\"https:\/\/madeinzaragoza.es\/blog\/#website\",\"url\":\"https:\/\/madeinzaragoza.es\/blog\/\",\"name\":\"Made in Zaragoza\",\"description\":\"Blog de MadeinZGZ, Red de Econom\u00eda Creativa de Zaragoza\",\"publisher\":{\"@id\":\"https:\/\/madeinzaragoza.es\/blog\/#organization\"},\"potentialAction\":[{\"@type\":\"SearchAction\",\"target\":{\"@type\":\"EntryPoint\",\"urlTemplate\":\"https:\/\/madeinzaragoza.es\/blog\/?s={search_term_string}\"},\"query-input\":\"required name=search_term_string\"}],\"inLanguage\":\"es\"},{\"@type\":\"Organization\",\"@id\":\"https:\/\/madeinzaragoza.es\/blog\/#organization\",\"name\":\"Made In Zaragoza\",\"url\":\"https:\/\/madeinzaragoza.es\/blog\/\",\"sameAs\":[\"https:\/\/www.instagram.com\/madeinzaragoza.es\/\",\"https:\/\/www.facebook.com\/madeinzaragoza.es\/\",\"https:\/\/twitter.com\/madeinzaragoza\"],\"logo\":{\"@type\":\"ImageObject\",\"inLanguage\":\"es\",\"@id\":\"https:\/\/madeinzaragoza.es\/blog\/#\/schema\/logo\/image\/\",\"url\":\"https:\/\/madeinzaragoza.es\/blog\/wp-content\/uploads\/2022\/05\/logo.png\",\"contentUrl\":\"https:\/\/madeinzaragoza.es\/blog\/wp-content\/uploads\/2022\/05\/logo.png\",\"width\":193,\"height\":176,\"caption\":\"Made In Zaragoza\"},\"image\":{\"@id\":\"https:\/\/madeinzaragoza.es\/blog\/#\/schema\/logo\/image\/\"}},{\"@type\":\"Person\",\"@id\":\"https:\/\/madeinzaragoza.es\/blog\/#\/schema\/person\/a0d8307bda0d4d09af086a6b5a45c5c4\",\"name\":\"Ana Hern\u00e1ndez Serena\",\"image\":{\"@type\":\"ImageObject\",\"inLanguage\":\"es\",\"@id\":\"https:\/\/madeinzaragoza.es\/blog\/#\/schema\/person\/image\/\",\"url\":\"http:\/\/1.gravatar.com\/avatar\/a093f96f99a548ab74e14ac61c93a843?s=96&d=mm&r=g\",\"contentUrl\":\"http:\/\/1.gravatar.com\/avatar\/a093f96f99a548ab74e14ac61c93a843?s=96&d=mm&r=g\",\"caption\":\"Ana Hern\u00e1ndez Serena\"},\"description\":\"Ayudo a cambiar tu empresa, creando la estrategia y el plan de acci\u00f3n.\",\"sameAs\":[\"http:\/\/www.facebook.com\/AnaHernandez.AV\",\"www.facebook.com\/AnaHernandez.AV\",\"https:\/\/twitter.com\/laquedijono\"],\"url\":\"http:\/\/madeinzaragoza.es\/blog\/author\/anahernandez\/\"}]}<\/script>\n<!-- \/ Yoast SEO plugin. -->","yoast_head_json":{"title":"MIZ-Lab: La importancia de contar bien lo que haces - Made in Zaragoza","description":"Es fundamental parar y reflexionar, dejar de trabajar un momento, para pensar que estamos haciendo, por qu\u00e9, para qu\u00e9, c\u00f3mo y con qu\u00e9 resultados.","robots":{"index":"index","follow":"follow","max-snippet":"max-snippet:-1","max-image-preview":"max-image-preview:large","max-video-preview":"max-video-preview:-1"},"canonical":"http:\/\/madeinzaragoza.es\/blog\/mizlab-la-importancia-de-contar-bien-lo-que-haces\/","og_locale":"es_ES","og_type":"article","og_title":"MIZ-Lab: La importancia de contar bien lo que haces - Made in Zaragoza","og_description":"Es fundamental parar y reflexionar, dejar de trabajar un momento, para pensar que estamos haciendo, por qu\u00e9, para qu\u00e9, c\u00f3mo y con qu\u00e9 resultados.","og_url":"http:\/\/madeinzaragoza.es\/blog\/mizlab-la-importancia-de-contar-bien-lo-que-haces\/","og_site_name":"Made in Zaragoza","article_publisher":"https:\/\/www.facebook.com\/madeinzaragoza.es\/","article_author":"www.facebook.com\/AnaHernandez.AV","article_published_time":"2019-07-26T17:39:08+00:00","article_modified_time":"2019-07-27T17:48:05+00:00","og_image":[{"width":3024,"height":3024,"url":"http:\/\/madeinzaragoza.es\/blog\/wp-content\/uploads\/2019\/07\/contar-y-contar-bien-e1562760032521.jpg","type":"image\/jpeg"}],"author":"Ana Hern\u00e1ndez Serena","twitter_card":"summary","twitter_creator":"@laquedijono","twitter_site":"@madeinzaragoza","twitter_misc":{"Escrito por":"Ana Hern\u00e1ndez Serena","Tiempo de lectura":"3 minutos"},"schema":{"@context":"https:\/\/schema.org","@graph":[{"@type":"Article","@id":"http:\/\/madeinzaragoza.es\/blog\/mizlab-la-importancia-de-contar-bien-lo-que-haces\/#article","isPartOf":{"@id":"http:\/\/madeinzaragoza.es\/blog\/mizlab-la-importancia-de-contar-bien-lo-que-haces\/"},"author":{"name":"Ana Hern\u00e1ndez Serena","@id":"https:\/\/madeinzaragoza.es\/blog\/#\/schema\/person\/a0d8307bda0d4d09af086a6b5a45c5c4"},"headline":"MIZ-Lab: La importancia de contar bien lo que haces","datePublished":"2019-07-26T17:39:08+00:00","dateModified":"2019-07-27T17:48:05+00:00","mainEntityOfPage":{"@id":"http:\/\/madeinzaragoza.es\/blog\/mizlab-la-importancia-de-contar-bien-lo-que-haces\/"},"wordCount":670,"commentCount":0,"publisher":{"@id":"https:\/\/madeinzaragoza.es\/blog\/#organization"},"keywords":["Estrategia comercial","Estrategia innovaci\u00f3n comercial","innovaci\u00f3n","innovaci\u00f3n comercial","Laboratorio Innovaci\u00f3n Comercial"],"articleSection":["MIZ-Lab"],"inLanguage":"es","potentialAction":[{"@type":"CommentAction","name":"Comment","target":["http:\/\/madeinzaragoza.es\/blog\/mizlab-la-importancia-de-contar-bien-lo-que-haces\/#respond"]}]},{"@type":"WebPage","@id":"http:\/\/madeinzaragoza.es\/blog\/mizlab-la-importancia-de-contar-bien-lo-que-haces\/","url":"http:\/\/madeinzaragoza.es\/blog\/mizlab-la-importancia-de-contar-bien-lo-que-haces\/","name":"MIZ-Lab: La importancia de contar bien lo que haces - Made in Zaragoza","isPartOf":{"@id":"https:\/\/madeinzaragoza.es\/blog\/#website"},"datePublished":"2019-07-26T17:39:08+00:00","dateModified":"2019-07-27T17:48:05+00:00","description":"Es fundamental parar y reflexionar, dejar de trabajar un momento, para pensar que estamos haciendo, por qu\u00e9, para qu\u00e9, c\u00f3mo y con qu\u00e9 resultados.","breadcrumb":{"@id":"http:\/\/madeinzaragoza.es\/blog\/mizlab-la-importancia-de-contar-bien-lo-que-haces\/#breadcrumb"},"inLanguage":"es","potentialAction":[{"@type":"ReadAction","target":["http:\/\/madeinzaragoza.es\/blog\/mizlab-la-importancia-de-contar-bien-lo-que-haces\/"]}]},{"@type":"BreadcrumbList","@id":"http:\/\/madeinzaragoza.es\/blog\/mizlab-la-importancia-de-contar-bien-lo-que-haces\/#breadcrumb","itemListElement":[{"@type":"ListItem","position":1,"name":"Portada","item":"https:\/\/madeinzaragoza.es\/blog\/"},{"@type":"ListItem","position":2,"name":"MIZ-Lab: La importancia de contar bien lo que haces"}]},{"@type":"WebSite","@id":"https:\/\/madeinzaragoza.es\/blog\/#website","url":"https:\/\/madeinzaragoza.es\/blog\/","name":"Made in Zaragoza","description":"Blog de MadeinZGZ, Red de Econom\u00eda Creativa de Zaragoza","publisher":{"@id":"https:\/\/madeinzaragoza.es\/blog\/#organization"},"potentialAction":[{"@type":"SearchAction","target":{"@type":"EntryPoint","urlTemplate":"https:\/\/madeinzaragoza.es\/blog\/?s={search_term_string}"},"query-input":"required name=search_term_string"}],"inLanguage":"es"},{"@type":"Organization","@id":"https:\/\/madeinzaragoza.es\/blog\/#organization","name":"Made In Zaragoza","url":"https:\/\/madeinzaragoza.es\/blog\/","sameAs":["https:\/\/www.instagram.com\/madeinzaragoza.es\/","https:\/\/www.facebook.com\/madeinzaragoza.es\/","https:\/\/twitter.com\/madeinzaragoza"],"logo":{"@type":"ImageObject","inLanguage":"es","@id":"https:\/\/madeinzaragoza.es\/blog\/#\/schema\/logo\/image\/","url":"https:\/\/madeinzaragoza.es\/blog\/wp-content\/uploads\/2022\/05\/logo.png","contentUrl":"https:\/\/madeinzaragoza.es\/blog\/wp-content\/uploads\/2022\/05\/logo.png","width":193,"height":176,"caption":"Made In Zaragoza"},"image":{"@id":"https:\/\/madeinzaragoza.es\/blog\/#\/schema\/logo\/image\/"}},{"@type":"Person","@id":"https:\/\/madeinzaragoza.es\/blog\/#\/schema\/person\/a0d8307bda0d4d09af086a6b5a45c5c4","name":"Ana Hern\u00e1ndez Serena","image":{"@type":"ImageObject","inLanguage":"es","@id":"https:\/\/madeinzaragoza.es\/blog\/#\/schema\/person\/image\/","url":"http:\/\/1.gravatar.com\/avatar\/a093f96f99a548ab74e14ac61c93a843?s=96&d=mm&r=g","contentUrl":"http:\/\/1.gravatar.com\/avatar\/a093f96f99a548ab74e14ac61c93a843?s=96&d=mm&r=g","caption":"Ana Hern\u00e1ndez Serena"},"description":"Ayudo a cambiar tu empresa, creando la estrategia y el plan de acci\u00f3n.","sameAs":["http:\/\/www.facebook.com\/AnaHernandez.AV","www.facebook.com\/AnaHernandez.AV","https:\/\/twitter.com\/laquedijono"],"url":"http:\/\/madeinzaragoza.es\/blog\/author\/anahernandez\/"}]}},"_links":{"self":[{"href":"http:\/\/madeinzaragoza.es\/blog\/wp-json\/wp\/v2\/posts\/25525"}],"collection":[{"href":"http:\/\/madeinzaragoza.es\/blog\/wp-json\/wp\/v2\/posts"}],"about":[{"href":"http:\/\/madeinzaragoza.es\/blog\/wp-json\/wp\/v2\/types\/post"}],"author":[{"embeddable":true,"href":"http:\/\/madeinzaragoza.es\/blog\/wp-json\/wp\/v2\/users\/62"}],"replies":[{"embeddable":true,"href":"http:\/\/madeinzaragoza.es\/blog\/wp-json\/wp\/v2\/comments?post=25525"}],"version-history":[{"count":5,"href":"http:\/\/madeinzaragoza.es\/blog\/wp-json\/wp\/v2\/posts\/25525\/revisions"}],"predecessor-version":[{"id":25713,"href":"http:\/\/madeinzaragoza.es\/blog\/wp-json\/wp\/v2\/posts\/25525\/revisions\/25713"}],"wp:featuredmedia":[{"embeddable":true,"href":"http:\/\/madeinzaragoza.es\/blog\/wp-json\/wp\/v2\/media\/25530"}],"wp:attachment":[{"href":"http:\/\/madeinzaragoza.es\/blog\/wp-json\/wp\/v2\/media?parent=25525"}],"wp:term":[{"taxonomy":"category","embeddable":true,"href":"http:\/\/madeinzaragoza.es\/blog\/wp-json\/wp\/v2\/categories?post=25525"},{"taxonomy":"post_tag","embeddable":true,"href":"http:\/\/madeinzaragoza.es\/blog\/wp-json\/wp\/v2\/tags?post=25525"}],"curies":[{"name":"wp","href":"https:\/\/api.w.org\/{rel}","templated":true}]}}