{"id":25144,"date":"2019-06-10T07:33:43","date_gmt":"2019-06-10T06:33:43","guid":{"rendered":"http:\/\/madeinzaragoza.es\/blog\/?p=25144"},"modified":"2022-10-09T14:52:17","modified_gmt":"2022-10-09T13:52:17","slug":"preparativos-noche-tiendas-creativas-las-fuentes","status":"publish","type":"post","link":"http:\/\/madeinzaragoza.es\/blog\/preparativos-noche-tiendas-creativas-las-fuentes\/","title":{"rendered":"Nos adentramos en los preparativos de la Noche de las Tiendas Creativas en Las Fuentes"},"content":{"rendered":"<p>\u00bfY si nos adentramos una noche en uno de los barrios de Zaragoza para conocer m\u00e1s de cerca a su peque\u00f1o comercio creativo?<\/p>\n<p>Este viernes 14, llega la Noche de las\u00a0<a class=\"_58cn\" href=\"https:\/\/www.facebook.com\/hashtag\/tiendascreativas?source=feed_text&amp;epa=HASHTAG&amp;__xts__%5B0%5D=68.ARCF17fcZBkkPxzuifGr-X5Zky2DSd12l-0iIWQkhRtAQuma3mqZorcDzZ0xpHEUeXXPlLHEVYC-j2W0e9fsTXFkXZ5YGzLL9a1qAKfUsDJsDn5SJQ37WWvb0WGipg3FuW1e2grFEoFDkQvQ9QpJ_yQ7fK5YSvpsCqdDQkumvJAz6JcWngFCZUwxYOodnIUW-4yWs5Jq4LbESKSapskYYEKF12sg0c5gYzgu-pSUgbB0y4BV-8khH07B5Y606Iu5A61iimmKgipaIFW5S-noDwI3KFUrYzBrBI8sQG54zLFK8FpTPlxFFdtADwIf3w_dcfDPLf0VmKhzDI5Sn1hSjWnncg&amp;__tn__=%2ANK-R\" data-ft=\"{&quot;type&quot;:104,&quot;tn&quot;:&quot;*N&quot;}\"><span class=\"_5afx\"><span class=\"_58cl _5afz\" aria-label=\"hashtag\">#<\/span><span class=\"_58cm\">TiendasCreativas<\/span><\/span><\/a>\u00a0en Las Fuentes y nos acercamos para ver c\u00f3mo est\u00e1n prepar\u00e1ndose algunos de los participantes.<\/p>\n<p>&nbsp;<\/p>\n<h2 style=\"font-weight: 400;\">OL\u00c9 TUS LIBROS.\u00a0Calle de Miguel Servet, 11,<\/h2>\n<p>&nbsp;<\/p>\n<p><img loading=\"lazy\" decoding=\"async\" class=\"aligncenter size-full wp-image-25150\" src=\"http:\/\/madeinzaragoza.es\/blog\/wp-content\/uploads\/2019\/06\/Ol\u00e9-2.jpg\" alt=\"\" width=\"1000\" height=\"664\" srcset=\"http:\/\/madeinzaragoza.es\/blog\/wp-content\/uploads\/2019\/06\/Ol\u00e9-2.jpg 1000w, http:\/\/madeinzaragoza.es\/blog\/wp-content\/uploads\/2019\/06\/Ol\u00e9-2-300x199.jpg 300w, http:\/\/madeinzaragoza.es\/blog\/wp-content\/uploads\/2019\/06\/Ol\u00e9-2-768x510.jpg 768w\" sizes=\"(max-width: 709px) 85vw, (max-width: 909px) 67vw, (max-width: 1362px) 62vw, 840px\" \/><\/p>\n<p>&nbsp;<\/p>\n<p style=\"font-weight: 400;\">Si te digo Ol\u00e9 tus libros, es muy probable que pienses en El Principito. Y es que esta encantadora librer\u00eda zaragozana es c\u00e9lebre por la variedad de versiones de El Principito en distintos idiomas. Y como no pod\u00eda ser de otra manera, este ic\u00f3nico cuento del franc\u00e9s Antoine de Saint-Exup\u00e9ry va a ser el gran protagonista de esta librer\u00eda en la Noche de Las Tiendas Creativas de Las Fuentes. En el marco de este evento para que el vamos descontando los d\u00edas, en Ol\u00e9 tus Libros podr\u00e1s visitar la exposici\u00f3n \u2018Dib\u00fajame un Principito\u2019 con versiones de distintos ilustradores.<\/p>\n<p>&nbsp;<\/p>\n<p><img loading=\"lazy\" decoding=\"async\" class=\"aligncenter size-full wp-image-25151\" src=\"http:\/\/madeinzaragoza.es\/blog\/wp-content\/uploads\/2019\/06\/Ol\u00e9-3.jpg\" alt=\"Ol\u00e9 tus libros\" width=\"1000\" height=\"664\" srcset=\"http:\/\/madeinzaragoza.es\/blog\/wp-content\/uploads\/2019\/06\/Ol\u00e9-3.jpg 1000w, http:\/\/madeinzaragoza.es\/blog\/wp-content\/uploads\/2019\/06\/Ol\u00e9-3-300x199.jpg 300w, http:\/\/madeinzaragoza.es\/blog\/wp-content\/uploads\/2019\/06\/Ol\u00e9-3-768x510.jpg 768w\" sizes=\"(max-width: 709px) 85vw, (max-width: 909px) 67vw, (max-width: 1362px) 62vw, 840px\" \/><\/p>\n<p>&nbsp;<\/p>\n<p style=\"font-weight: 400;\">Adem\u00e1s, entre todas las compras de este d\u00eda, se sortear\u00e1 un pack del Principito de Juan Bauty que incluye una camiseta del Principito y una ilustraci\u00f3n con gafas en 3 D. Por si te parece poco, tal y como nos ha explicado su propietaria, Mar\u00eda Jes\u00fas, los escritores\u00a0<a href=\"http:\/\/robertomalo.blogspot.com\/\" data-saferedirecturl=\"https:\/\/www.google.com\/url?q=http:\/\/robertomalo.blogspot.com\/&amp;source=gmail&amp;ust=1560203511167000&amp;usg=AFQjCNEYLsoUNzCRbV_Ki_BW8lGlvmoEng\">Roberto Malo<\/a>, Daniel Tejero y \u00darsula Campos firmar\u00e1n libros durante toda la noche, mientras que la ilustradora Sora Shiranui de Cheshire nos ofrecer\u00e1 una sesi\u00f3n de dibujo en directo. Como ves, una noche llena de arte en esta librer\u00eda de la calle Miguel Servet.<\/p>\n<p>&nbsp;<\/p>\n<h2 style=\"font-weight: 400;\">EL PATIO DE RECREO.\u00a0Calle de Miguel Servet, 11.<\/h2>\n<p><img loading=\"lazy\" decoding=\"async\" class=\"aligncenter size-full wp-image-25152\" src=\"http:\/\/madeinzaragoza.es\/blog\/wp-content\/uploads\/2019\/06\/Patio1.jpg\" alt=\"Patio de Recreo Coworking\" width=\"1000\" height=\"664\" srcset=\"http:\/\/madeinzaragoza.es\/blog\/wp-content\/uploads\/2019\/06\/Patio1.jpg 1000w, http:\/\/madeinzaragoza.es\/blog\/wp-content\/uploads\/2019\/06\/Patio1-300x199.jpg 300w, http:\/\/madeinzaragoza.es\/blog\/wp-content\/uploads\/2019\/06\/Patio1-768x510.jpg 768w\" sizes=\"(max-width: 709px) 85vw, (max-width: 909px) 67vw, (max-width: 1362px) 62vw, 840px\" \/><\/p>\n<p>&nbsp;<\/p>\n<p style=\"font-weight: 400;\">Si no conoces este espacio multifuncional, la Noche de las Tiendas Creativas es la oportunidad perfecta para hacerlo. Te aseguramos que es coworking de la calle Miguel Servert te va a sorprender. Nosotros nos hemos anticipado para que el polifac\u00e9tico Bertrand Grave nos explicara in situ todo lo que nos espera en la noche del 14 de junio. A partir de las 20:00 comienza el sarao en El Patio de Recreo con la m\u00fasica de DJ Nicodinoff, locutor de Cadena Ser reconvertido en realizador audiovisual, que ofrecer\u00e1 a los asistentes un set de lujo en un formato de lo m\u00e1s especial.<\/p>\n<p style=\"font-weight: 400;\">Junto a la m\u00fasica pinchada por el DJ, en El Patio de Recreo habr\u00e1 propuestas como la posibilidad de poder ser retratado por \u00a0Raraavis fotograf\u00eda\u00a0con una c\u00e1mara minutera que permite el revelado instant\u00e1neo, y que ojo, no es una Polaroid al uso. Es una c\u00e1mara de fabricaci\u00f3n propia como las de antes que te permitir\u00e1 llevarte la imagen a casa.<\/p>\n<p>&nbsp;<\/p>\n<p><img loading=\"lazy\" decoding=\"async\" class=\"aligncenter size-large wp-image-25153\" src=\"http:\/\/madeinzaragoza.es\/blog\/wp-content\/uploads\/2019\/06\/Patio2-1024x680.jpg\" alt=\"Patio Recreo Coworking\" width=\"840\" height=\"558\" srcset=\"http:\/\/madeinzaragoza.es\/blog\/wp-content\/uploads\/2019\/06\/Patio2-1024x680.jpg 1024w, http:\/\/madeinzaragoza.es\/blog\/wp-content\/uploads\/2019\/06\/Patio2-300x199.jpg 300w, http:\/\/madeinzaragoza.es\/blog\/wp-content\/uploads\/2019\/06\/Patio2-768x510.jpg 768w, http:\/\/madeinzaragoza.es\/blog\/wp-content\/uploads\/2019\/06\/Patio2.jpg 1200w\" sizes=\"(max-width: 709px) 85vw, (max-width: 909px) 67vw, (max-width: 1362px) 62vw, 840px\" \/><\/p>\n<p>&nbsp;<\/p>\n<p style=\"font-weight: 400;\">Adem\u00e1s de fotograf\u00eda, en este espacio tambi\u00e9n tendremos a\u00a0<a href=\"https:\/\/www.instagram.com\/blasinarocher\/?hl=es\" saferedirecturl=\"https:\/\/www.google.com\/url?q=https:\/\/www.instagram.com\/blasinarocher\/?hl%3Des&amp;source=gmail&amp;ust=1560203511167000&amp;usg=AFQjCNH9R_GZx6eYEZ3DsYX7AH9ZUhCDKg\" class=\"broken_link\">Blasina Rocher<\/a>\u00a0live drawing, una artista referente de la ilustraci\u00f3n zaragozana que pintar\u00e1 en vivo sus obras ydispondr\u00e1 de prints de nueva remesa para las personas que quieran adquirir sus obras. Y por si te parece poco, tambi\u00e9n podr\u00e1s descubrir la exposici\u00f3n de Natalia Simal, una interesante seriografista que reside en Berl\u00edn, sin olvidarnos de la pop up de Nomad y Amar en Camla.<\/p>\n<p>&nbsp;<\/p>\n<h2 style=\"font-weight: 400;\">QU\u00c9 DE JUGUETES.\u00a0\u00a0Calle Doctor Garc\u00eda Burriel 3<\/h2>\n<p>&nbsp;<\/p>\n<p><img loading=\"lazy\" decoding=\"async\" class=\"aligncenter wp-image-25154 size-large\" title=\"QU\u00c9 DE JUGUETES jugueteria Zaragoza\" src=\"http:\/\/madeinzaragoza.es\/blog\/wp-content\/uploads\/2019\/06\/Juguetes1-1024x681.jpg\" alt=\"QU\u00c9 DE JUGUETES jugueteria Zaragoza\" width=\"840\" height=\"559\" \/><\/p>\n<p>&nbsp;<\/p>\n<p style=\"font-weight: 400;\">Amantes de los Playmobil, ten\u00e9is una cita INELUDIBLE durante la Noche de las Tiendas Creativas. Porque en este comercio del barrio de Las Fuentes todo gira en torno al mundo de los playmobil. Sus impresionantes escaparates son toda una declaraci\u00f3n de intenciones de lo que encontraremos en el interior de esta tienda especializada, con una amplia selecci\u00f3n de piezas de este hist\u00f3rico juguete que os aseguramos que os dejar\u00e1 con la boca abierta. Y en el marco de la Noches de las Tiendas Creativas, en Qu\u00e9 de Juguetes han preparado un taller sobre c\u00f3mo montar y desmontar un Playmobil para personalizarlo al gusto. El taller tendr\u00e1 una duraci\u00f3n de 15 minutos, y estar\u00e1 disponible durante toda la noche.<\/p>\n<p>&nbsp;<\/p>\n<h2 style=\"font-weight: 400;\">PICOTEA.\u00a0Calle Dr. Iranzo, 42.<\/h2>\n<p>&nbsp;<\/p>\n<p><img loading=\"lazy\" decoding=\"async\" class=\"aligncenter wp-image-25155 size-large\" title=\"PICOTEA Zaragoza\" src=\"http:\/\/madeinzaragoza.es\/blog\/wp-content\/uploads\/2019\/06\/Picoteo1-1024x680.jpg\" alt=\"PICOTEA Zaragoza\" width=\"840\" height=\"558\" srcset=\"http:\/\/madeinzaragoza.es\/blog\/wp-content\/uploads\/2019\/06\/Picoteo1-1024x680.jpg 1024w, http:\/\/madeinzaragoza.es\/blog\/wp-content\/uploads\/2019\/06\/Picoteo1-300x199.jpg 300w, http:\/\/madeinzaragoza.es\/blog\/wp-content\/uploads\/2019\/06\/Picoteo1-768x510.jpg 768w, http:\/\/madeinzaragoza.es\/blog\/wp-content\/uploads\/2019\/06\/Picoteo1.jpg 1200w\" sizes=\"(max-width: 709px) 85vw, (max-width: 909px) 67vw, (max-width: 1362px) 62vw, 840px\" \/><\/p>\n<p>&nbsp;<\/p>\n<p style=\"font-weight: 400;\">En las Noches de los Tenderos Creativos la parte gastro tambi\u00e9n tiene mucha importancia para reponer fuerzas y encarar la noche con m\u00e1s energ\u00eda. En Picota, una panader\u00eda pasteler\u00eda de la calle Doctor Iranzo famosa por elaborar boller\u00eda artesana horneada, sin fre\u00edr y sin grasas saturadas, van a tener una noche de lo m\u00e1s apetitosa, porque ofrecer\u00e1n para degustar sus ricas pastas de t\u00e9 y reposter\u00eda fina. Adem\u00e1s, si tienes ganas de meterte en la cocina y quieres aprender unas nociones de pasteler\u00eda, en Picotea realizar\u00e1n a las 20:30 y a las 21:30 una demostraci\u00f3n en directo para decorar una tarta<\/p>\n<p>&nbsp;<\/p>\n<p><img loading=\"lazy\" decoding=\"async\" class=\"aligncenter size-large wp-image-25156\" src=\"http:\/\/madeinzaragoza.es\/blog\/wp-content\/uploads\/2019\/06\/Picoteo2-1024x680.jpg\" alt=\"Picoteo\" width=\"840\" height=\"558\" srcset=\"http:\/\/madeinzaragoza.es\/blog\/wp-content\/uploads\/2019\/06\/Picoteo2-1024x680.jpg 1024w, http:\/\/madeinzaragoza.es\/blog\/wp-content\/uploads\/2019\/06\/Picoteo2-300x199.jpg 300w, http:\/\/madeinzaragoza.es\/blog\/wp-content\/uploads\/2019\/06\/Picoteo2-768x510.jpg 768w, http:\/\/madeinzaragoza.es\/blog\/wp-content\/uploads\/2019\/06\/Picoteo2.jpg 1200w\" sizes=\"(max-width: 709px) 85vw, (max-width: 909px) 67vw, (max-width: 1362px) 62vw, 840px\" \/><\/p>\n<p>&nbsp;<\/p>\n<p style=\"font-weight: 400;\">\u00bfTe animas? Nosotros lo tenemos en la agenda<\/p>\n","protected":false},"excerpt":{"rendered":"<p>\u00bfY si nos adentramos una noche en uno de los barrios de Zaragoza para conocer m\u00e1s de cerca a su peque\u00f1o comercio creativo? Este viernes 14, llega la Noche de las\u00a0#TiendasCreativas\u00a0en Las Fuentes y nos acercamos para ver c\u00f3mo est\u00e1n prepar\u00e1ndose algunos de los participantes. &nbsp; OL\u00c9 TUS LIBROS.\u00a0Calle de Miguel Servet, 11, &nbsp; &nbsp; &hellip; <a href=\"http:\/\/madeinzaragoza.es\/blog\/preparativos-noche-tiendas-creativas-las-fuentes\/\" class=\"more-link\">Continuar leyendo<span class=\"screen-reader-text\"> \u00abNos adentramos en los preparativos de la Noche de las Tiendas Creativas en Las Fuentes\u00bb<\/span><\/a><\/p>\n","protected":false},"author":11,"featured_media":25145,"comment_status":"open","ping_status":"open","sticky":false,"template":"","format":"standard","meta":{"footnotes":""},"categories":[8],"tags":[848],"yoast_head":"<!-- This site is optimized with the Yoast SEO plugin v19.7.2 - https:\/\/yoast.com\/wordpress\/plugins\/seo\/ -->\n<title>Nos adentramos en los preparativos de la Noche de las Tiendas Creativas en Las Fuentes - Made in Zaragoza<\/title>\n<meta name=\"description\" content=\"Este viernes 14, llega la Noche de las\u00a0#TiendasCreativas\u00a0en Las Fuentes y nos acercamos para ver c\u00f3mo est\u00e1n prepar\u00e1ndose algunos de los participantes.\" \/>\n<meta name=\"robots\" content=\"index, follow, max-snippet:-1, max-image-preview:large, max-video-preview:-1\" \/>\n<link rel=\"canonical\" href=\"http:\/\/madeinzaragoza.es\/blog\/preparativos-noche-tiendas-creativas-las-fuentes\/\" \/>\n<meta property=\"og:locale\" content=\"es_ES\" \/>\n<meta property=\"og:type\" content=\"article\" \/>\n<meta property=\"og:title\" content=\"Nos adentramos en los preparativos de la Noche de las Tiendas Creativas en Las Fuentes - Made in Zaragoza\" \/>\n<meta property=\"og:description\" content=\"Este viernes 14, llega la Noche de las\u00a0#TiendasCreativas\u00a0en Las Fuentes y nos acercamos para ver c\u00f3mo est\u00e1n prepar\u00e1ndose algunos de los participantes.\" \/>\n<meta property=\"og:url\" content=\"http:\/\/madeinzaragoza.es\/blog\/preparativos-noche-tiendas-creativas-las-fuentes\/\" \/>\n<meta property=\"og:site_name\" content=\"Made in Zaragoza\" \/>\n<meta property=\"article:publisher\" content=\"https:\/\/www.facebook.com\/madeinzaragoza.es\/\" \/>\n<meta property=\"article:author\" content=\"nachovinauena\" \/>\n<meta property=\"article:published_time\" content=\"2019-06-10T06:33:43+00:00\" \/>\n<meta property=\"article:modified_time\" content=\"2022-10-09T13:52:17+00:00\" \/>\n<meta property=\"og:image\" content=\"http:\/\/madeinzaragoza.es\/blog\/wp-content\/uploads\/2019\/06\/Ol\u00e9-1.jpg\" \/>\n\t<meta property=\"og:image:width\" content=\"1000\" \/>\n\t<meta property=\"og:image:height\" content=\"664\" \/>\n\t<meta property=\"og:image:type\" content=\"image\/jpeg\" \/>\n<meta name=\"author\" content=\"Nacho Vinau\" \/>\n<meta name=\"twitter:card\" content=\"summary\" \/>\n<meta name=\"twitter:creator\" content=\"@nachoena\" \/>\n<meta name=\"twitter:site\" content=\"@madeinzaragoza\" \/>\n<meta name=\"twitter:label1\" content=\"Escrito por\" \/>\n\t<meta name=\"twitter:data1\" content=\"Nacho Vinau\" \/>\n\t<meta name=\"twitter:label2\" content=\"Tiempo de lectura\" \/>\n\t<meta name=\"twitter:data2\" content=\"4 minutos\" \/>\n<script type=\"application\/ld+json\" class=\"yoast-schema-graph\">{\"@context\":\"https:\/\/schema.org\",\"@graph\":[{\"@type\":\"Article\",\"@id\":\"http:\/\/madeinzaragoza.es\/blog\/preparativos-noche-tiendas-creativas-las-fuentes\/#article\",\"isPartOf\":{\"@id\":\"http:\/\/madeinzaragoza.es\/blog\/preparativos-noche-tiendas-creativas-las-fuentes\/\"},\"author\":{\"name\":\"Nacho Vinau\",\"@id\":\"http:\/\/madeinzaragoza.es\/blog\/#\/schema\/person\/c75168076287255954a1350e1bc702aa\"},\"headline\":\"Nos adentramos en los preparativos de la Noche de las Tiendas Creativas en Las Fuentes\",\"datePublished\":\"2019-06-10T06:33:43+00:00\",\"dateModified\":\"2022-10-09T13:52:17+00:00\",\"mainEntityOfPage\":{\"@id\":\"http:\/\/madeinzaragoza.es\/blog\/preparativos-noche-tiendas-creativas-las-fuentes\/\"},\"wordCount\":812,\"commentCount\":0,\"publisher\":{\"@id\":\"http:\/\/madeinzaragoza.es\/blog\/#organization\"},\"keywords\":[\"tiendas creativas\"],\"articleSection\":[\"Red MIZ\"],\"inLanguage\":\"es\",\"potentialAction\":[{\"@type\":\"CommentAction\",\"name\":\"Comment\",\"target\":[\"http:\/\/madeinzaragoza.es\/blog\/preparativos-noche-tiendas-creativas-las-fuentes\/#respond\"]}]},{\"@type\":\"WebPage\",\"@id\":\"http:\/\/madeinzaragoza.es\/blog\/preparativos-noche-tiendas-creativas-las-fuentes\/\",\"url\":\"http:\/\/madeinzaragoza.es\/blog\/preparativos-noche-tiendas-creativas-las-fuentes\/\",\"name\":\"Nos adentramos en los preparativos de la Noche de las Tiendas Creativas en Las Fuentes - Made in Zaragoza\",\"isPartOf\":{\"@id\":\"http:\/\/madeinzaragoza.es\/blog\/#website\"},\"datePublished\":\"2019-06-10T06:33:43+00:00\",\"dateModified\":\"2022-10-09T13:52:17+00:00\",\"description\":\"Este viernes 14, llega la Noche de las\u00a0#TiendasCreativas\u00a0en Las Fuentes y nos acercamos para ver c\u00f3mo est\u00e1n prepar\u00e1ndose algunos de los participantes.\",\"breadcrumb\":{\"@id\":\"http:\/\/madeinzaragoza.es\/blog\/preparativos-noche-tiendas-creativas-las-fuentes\/#breadcrumb\"},\"inLanguage\":\"es\",\"potentialAction\":[{\"@type\":\"ReadAction\",\"target\":[\"http:\/\/madeinzaragoza.es\/blog\/preparativos-noche-tiendas-creativas-las-fuentes\/\"]}]},{\"@type\":\"BreadcrumbList\",\"@id\":\"http:\/\/madeinzaragoza.es\/blog\/preparativos-noche-tiendas-creativas-las-fuentes\/#breadcrumb\",\"itemListElement\":[{\"@type\":\"ListItem\",\"position\":1,\"name\":\"Portada\",\"item\":\"http:\/\/madeinzaragoza.es\/blog\/\"},{\"@type\":\"ListItem\",\"position\":2,\"name\":\"Nos adentramos en los preparativos de la Noche de las Tiendas Creativas en Las Fuentes\"}]},{\"@type\":\"WebSite\",\"@id\":\"http:\/\/madeinzaragoza.es\/blog\/#website\",\"url\":\"http:\/\/madeinzaragoza.es\/blog\/\",\"name\":\"Made in Zaragoza\",\"description\":\"Blog de MadeinZGZ, Red de Econom\u00eda Creativa de Zaragoza\",\"publisher\":{\"@id\":\"http:\/\/madeinzaragoza.es\/blog\/#organization\"},\"potentialAction\":[{\"@type\":\"SearchAction\",\"target\":{\"@type\":\"EntryPoint\",\"urlTemplate\":\"http:\/\/madeinzaragoza.es\/blog\/?s={search_term_string}\"},\"query-input\":\"required name=search_term_string\"}],\"inLanguage\":\"es\"},{\"@type\":\"Organization\",\"@id\":\"http:\/\/madeinzaragoza.es\/blog\/#organization\",\"name\":\"Made In Zaragoza\",\"url\":\"http:\/\/madeinzaragoza.es\/blog\/\",\"sameAs\":[\"https:\/\/www.instagram.com\/madeinzaragoza.es\/\",\"https:\/\/www.facebook.com\/madeinzaragoza.es\/\",\"https:\/\/twitter.com\/madeinzaragoza\"],\"logo\":{\"@type\":\"ImageObject\",\"inLanguage\":\"es\",\"@id\":\"http:\/\/madeinzaragoza.es\/blog\/#\/schema\/logo\/image\/\",\"url\":\"https:\/\/madeinzaragoza.es\/blog\/wp-content\/uploads\/2022\/05\/logo.png\",\"contentUrl\":\"https:\/\/madeinzaragoza.es\/blog\/wp-content\/uploads\/2022\/05\/logo.png\",\"width\":193,\"height\":176,\"caption\":\"Made In Zaragoza\"},\"image\":{\"@id\":\"http:\/\/madeinzaragoza.es\/blog\/#\/schema\/logo\/image\/\"}},{\"@type\":\"Person\",\"@id\":\"http:\/\/madeinzaragoza.es\/blog\/#\/schema\/person\/c75168076287255954a1350e1bc702aa\",\"name\":\"Nacho Vinau\",\"image\":{\"@type\":\"ImageObject\",\"inLanguage\":\"es\",\"@id\":\"http:\/\/madeinzaragoza.es\/blog\/#\/schema\/person\/image\/\",\"url\":\"http:\/\/0.gravatar.com\/avatar\/0929336b01b6c352d95fd32182921ca3?s=96&d=mm&r=g\",\"contentUrl\":\"http:\/\/0.gravatar.com\/avatar\/0929336b01b6c352d95fd32182921ca3?s=96&d=mm&r=g\",\"caption\":\"Nacho Vinau\"},\"description\":\"Blogger, organizador de bodas y eventos personalizados en La Lola se va de Boda. Generador de contenidos en COM&amp;COM, amante de mi ciudad, del arte, la moda, y de los peque\u00f1os placeres que nos da la vida.\",\"sameAs\":[\"http:\/\/nachovinauena.wordpress.com\",\"nachovinauena\",\"https:\/\/twitter.com\/nachoena\"],\"url\":\"http:\/\/madeinzaragoza.es\/blog\/author\/nacho-vinau\/\"}]}<\/script>\n<!-- \/ Yoast SEO plugin. -->","yoast_head_json":{"title":"Nos adentramos en los preparativos de la Noche de las Tiendas Creativas en Las Fuentes - Made in Zaragoza","description":"Este viernes 14, llega la Noche de las\u00a0#TiendasCreativas\u00a0en Las Fuentes y nos acercamos para ver c\u00f3mo est\u00e1n prepar\u00e1ndose algunos de los participantes.","robots":{"index":"index","follow":"follow","max-snippet":"max-snippet:-1","max-image-preview":"max-image-preview:large","max-video-preview":"max-video-preview:-1"},"canonical":"http:\/\/madeinzaragoza.es\/blog\/preparativos-noche-tiendas-creativas-las-fuentes\/","og_locale":"es_ES","og_type":"article","og_title":"Nos adentramos en los preparativos de la Noche de las Tiendas Creativas en Las Fuentes - Made in Zaragoza","og_description":"Este viernes 14, llega la Noche de las\u00a0#TiendasCreativas\u00a0en Las Fuentes y nos acercamos para ver c\u00f3mo est\u00e1n prepar\u00e1ndose algunos de los participantes.","og_url":"http:\/\/madeinzaragoza.es\/blog\/preparativos-noche-tiendas-creativas-las-fuentes\/","og_site_name":"Made in Zaragoza","article_publisher":"https:\/\/www.facebook.com\/madeinzaragoza.es\/","article_author":"nachovinauena","article_published_time":"2019-06-10T06:33:43+00:00","article_modified_time":"2022-10-09T13:52:17+00:00","og_image":[{"width":1000,"height":664,"url":"http:\/\/madeinzaragoza.es\/blog\/wp-content\/uploads\/2019\/06\/Ol\u00e9-1.jpg","type":"image\/jpeg"}],"author":"Nacho Vinau","twitter_card":"summary","twitter_creator":"@nachoena","twitter_site":"@madeinzaragoza","twitter_misc":{"Escrito por":"Nacho Vinau","Tiempo de lectura":"4 minutos"},"schema":{"@context":"https:\/\/schema.org","@graph":[{"@type":"Article","@id":"http:\/\/madeinzaragoza.es\/blog\/preparativos-noche-tiendas-creativas-las-fuentes\/#article","isPartOf":{"@id":"http:\/\/madeinzaragoza.es\/blog\/preparativos-noche-tiendas-creativas-las-fuentes\/"},"author":{"name":"Nacho Vinau","@id":"http:\/\/madeinzaragoza.es\/blog\/#\/schema\/person\/c75168076287255954a1350e1bc702aa"},"headline":"Nos adentramos en los preparativos de la Noche de las Tiendas Creativas en Las Fuentes","datePublished":"2019-06-10T06:33:43+00:00","dateModified":"2022-10-09T13:52:17+00:00","mainEntityOfPage":{"@id":"http:\/\/madeinzaragoza.es\/blog\/preparativos-noche-tiendas-creativas-las-fuentes\/"},"wordCount":812,"commentCount":0,"publisher":{"@id":"http:\/\/madeinzaragoza.es\/blog\/#organization"},"keywords":["tiendas creativas"],"articleSection":["Red MIZ"],"inLanguage":"es","potentialAction":[{"@type":"CommentAction","name":"Comment","target":["http:\/\/madeinzaragoza.es\/blog\/preparativos-noche-tiendas-creativas-las-fuentes\/#respond"]}]},{"@type":"WebPage","@id":"http:\/\/madeinzaragoza.es\/blog\/preparativos-noche-tiendas-creativas-las-fuentes\/","url":"http:\/\/madeinzaragoza.es\/blog\/preparativos-noche-tiendas-creativas-las-fuentes\/","name":"Nos adentramos en los preparativos de la Noche de las Tiendas Creativas en Las Fuentes - Made in Zaragoza","isPartOf":{"@id":"http:\/\/madeinzaragoza.es\/blog\/#website"},"datePublished":"2019-06-10T06:33:43+00:00","dateModified":"2022-10-09T13:52:17+00:00","description":"Este viernes 14, llega la Noche de las\u00a0#TiendasCreativas\u00a0en Las Fuentes y nos acercamos para ver c\u00f3mo est\u00e1n prepar\u00e1ndose algunos de los participantes.","breadcrumb":{"@id":"http:\/\/madeinzaragoza.es\/blog\/preparativos-noche-tiendas-creativas-las-fuentes\/#breadcrumb"},"inLanguage":"es","potentialAction":[{"@type":"ReadAction","target":["http:\/\/madeinzaragoza.es\/blog\/preparativos-noche-tiendas-creativas-las-fuentes\/"]}]},{"@type":"BreadcrumbList","@id":"http:\/\/madeinzaragoza.es\/blog\/preparativos-noche-tiendas-creativas-las-fuentes\/#breadcrumb","itemListElement":[{"@type":"ListItem","position":1,"name":"Portada","item":"http:\/\/madeinzaragoza.es\/blog\/"},{"@type":"ListItem","position":2,"name":"Nos adentramos en los preparativos de la Noche de las Tiendas Creativas en Las Fuentes"}]},{"@type":"WebSite","@id":"http:\/\/madeinzaragoza.es\/blog\/#website","url":"http:\/\/madeinzaragoza.es\/blog\/","name":"Made in Zaragoza","description":"Blog de MadeinZGZ, Red de Econom\u00eda Creativa de Zaragoza","publisher":{"@id":"http:\/\/madeinzaragoza.es\/blog\/#organization"},"potentialAction":[{"@type":"SearchAction","target":{"@type":"EntryPoint","urlTemplate":"http:\/\/madeinzaragoza.es\/blog\/?s={search_term_string}"},"query-input":"required name=search_term_string"}],"inLanguage":"es"},{"@type":"Organization","@id":"http:\/\/madeinzaragoza.es\/blog\/#organization","name":"Made In Zaragoza","url":"http:\/\/madeinzaragoza.es\/blog\/","sameAs":["https:\/\/www.instagram.com\/madeinzaragoza.es\/","https:\/\/www.facebook.com\/madeinzaragoza.es\/","https:\/\/twitter.com\/madeinzaragoza"],"logo":{"@type":"ImageObject","inLanguage":"es","@id":"http:\/\/madeinzaragoza.es\/blog\/#\/schema\/logo\/image\/","url":"https:\/\/madeinzaragoza.es\/blog\/wp-content\/uploads\/2022\/05\/logo.png","contentUrl":"https:\/\/madeinzaragoza.es\/blog\/wp-content\/uploads\/2022\/05\/logo.png","width":193,"height":176,"caption":"Made In Zaragoza"},"image":{"@id":"http:\/\/madeinzaragoza.es\/blog\/#\/schema\/logo\/image\/"}},{"@type":"Person","@id":"http:\/\/madeinzaragoza.es\/blog\/#\/schema\/person\/c75168076287255954a1350e1bc702aa","name":"Nacho Vinau","image":{"@type":"ImageObject","inLanguage":"es","@id":"http:\/\/madeinzaragoza.es\/blog\/#\/schema\/person\/image\/","url":"http:\/\/0.gravatar.com\/avatar\/0929336b01b6c352d95fd32182921ca3?s=96&d=mm&r=g","contentUrl":"http:\/\/0.gravatar.com\/avatar\/0929336b01b6c352d95fd32182921ca3?s=96&d=mm&r=g","caption":"Nacho Vinau"},"description":"Blogger, organizador de bodas y eventos personalizados en La Lola se va de Boda. Generador de contenidos en COM&amp;COM, amante de mi ciudad, del arte, la moda, y de los peque\u00f1os placeres que nos da la vida.","sameAs":["http:\/\/nachovinauena.wordpress.com","nachovinauena","https:\/\/twitter.com\/nachoena"],"url":"http:\/\/madeinzaragoza.es\/blog\/author\/nacho-vinau\/"}]}},"_links":{"self":[{"href":"http:\/\/madeinzaragoza.es\/blog\/wp-json\/wp\/v2\/posts\/25144"}],"collection":[{"href":"http:\/\/madeinzaragoza.es\/blog\/wp-json\/wp\/v2\/posts"}],"about":[{"href":"http:\/\/madeinzaragoza.es\/blog\/wp-json\/wp\/v2\/types\/post"}],"author":[{"embeddable":true,"href":"http:\/\/madeinzaragoza.es\/blog\/wp-json\/wp\/v2\/users\/11"}],"replies":[{"embeddable":true,"href":"http:\/\/madeinzaragoza.es\/blog\/wp-json\/wp\/v2\/comments?post=25144"}],"version-history":[{"count":3,"href":"http:\/\/madeinzaragoza.es\/blog\/wp-json\/wp\/v2\/posts\/25144\/revisions"}],"predecessor-version":[{"id":36086,"href":"http:\/\/madeinzaragoza.es\/blog\/wp-json\/wp\/v2\/posts\/25144\/revisions\/36086"}],"wp:featuredmedia":[{"embeddable":true,"href":"http:\/\/madeinzaragoza.es\/blog\/wp-json\/wp\/v2\/media\/25145"}],"wp:attachment":[{"href":"http:\/\/madeinzaragoza.es\/blog\/wp-json\/wp\/v2\/media?parent=25144"}],"wp:term":[{"taxonomy":"category","embeddable":true,"href":"http:\/\/madeinzaragoza.es\/blog\/wp-json\/wp\/v2\/categories?post=25144"},{"taxonomy":"post_tag","embeddable":true,"href":"http:\/\/madeinzaragoza.es\/blog\/wp-json\/wp\/v2\/tags?post=25144"}],"curies":[{"name":"wp","href":"https:\/\/api.w.org\/{rel}","templated":true}]}}