{"id":24879,"date":"2019-06-06T22:43:30","date_gmt":"2019-06-06T21:43:30","guid":{"rendered":"http:\/\/madeinzaragoza.es\/blog\/?p=24879"},"modified":"2019-06-09T22:44:08","modified_gmt":"2019-06-09T21:44:08","slug":"resonando-en-ti-el-centro-de-musica-y-musicoterapia-que-ensena-sana-y-previene","status":"publish","type":"post","link":"http:\/\/madeinzaragoza.es\/blog\/resonando-en-ti-el-centro-de-musica-y-musicoterapia-que-ensena-sana-y-previene\/","title":{"rendered":"ResonanDo en ti, el centro de M\u00fasica y Musicoterapia que ense\u00f1a, sana y previene"},"content":{"rendered":"<p><em>ResonanDo en ti<\/em> es un proyecto que naci\u00f3 hace unos a\u00f1os de la amistad entre dos profesoras de m\u00fasica (especializadas en piano) a la par que musicoterapeutas. En la actualidad, como buenas emprendedoras, lo han materializado con la apertura de su centro de M\u00fasica y Musicoterapia en el centro comercial de los Porches del Audiorama.<\/p>\n<p>&nbsp;<\/p>\n<p><strong>\u00bfLa m\u00fasica siempre es terap\u00e9utica o para que lo sea requiere unas<br \/>\nt\u00e9cnicas y recursos especiales?<\/strong><\/p>\n<p>La m\u00fasica es una herramienta indispensable para el desarrollo emocional del individuo. Ya en la antigua Grecia era la base de toda educaci\u00f3n liberal. Aporta beneficios a nivel psicol\u00f3gico, fisiol\u00f3gico, emocional y mental.<\/p>\n<p>Pero la terapia musical requiere la intervenci\u00f3n de un musicoterapeuta profesional, que es quien establece un v\u00ednculo con la persona con la que se va a realizar el proceso de terapia estableciendo unos objetivos concretos adaptados a sus necesidades. Es en este proceso terap\u00e9utico donde se aplican t\u00e9cnicas y recursos musicales que el musicoterapeuta profesional aporta y conoce por su formaci\u00f3n en dicha disciplina.<\/p>\n<p>&nbsp;<\/p>\n<p><strong>\u00bfCu\u00e1les ser\u00edan las diferencias y esos recursos?<\/strong><\/p>\n<p>Escuchar m\u00fasica de forma pasiva es una acci\u00f3n receptiva y la Musicoterapia es un proceso terap\u00e9utico en el que se tienen en cuenta muchos m\u00e1s factores e interviene de forma activa el receptor de la misma. Es importante resaltar que, para recibir esta terapia,\u00a0 no es necesario tener conocimientos ni educaci\u00f3n musical previa.<\/p>\n<p>Hay diferentes modelos de intervenci\u00f3n. Los m\u00e1s relevantes son:<\/p>\n<ul>\n<li>Nordoff \u2013 Robins<\/li>\n<li>Benenzon<\/li>\n<li>Modelo conductista<\/li>\n<li>Modelos anal\u00edticos<\/li>\n<li>Modelo GIM (Im\u00e1genes guiadas con m\u00fasica)<\/li>\n<\/ul>\n<p><strong>\u00a0<\/strong><\/p>\n<p>&nbsp;<\/p>\n<p><strong>\u00bfQu\u00e9 bases cient\u00edficas tiene la musicoterapia, qu\u00e9 beneficios se han<br \/>\ncomprobado en los pacientes?<\/strong><\/p>\n<p>Hay investigaciones cient\u00edficas y publicaciones de Cochrane que avalan los efectos positivos y beneficios de la Musicoterapia en diversos grupos de pacientes.<\/p>\n<p>Como ejemplo, en el \u00e1rea de investigaci\u00f3n en neurociencia y m\u00fasica, podemos destacar a los siguientes autores de referencia: Robert Zatorre (Canad\u00e1), Joahanna Sanger (Alemania), adem\u00e1s de webs y revistas cient\u00edficas donde se publican los m\u00e1s actuales avances en relaci\u00f3n a la m\u00fasica y su impacto sobre el cerebro, como <a href=\"http:\/\/www.inside-the-brain.com\">www.inside-the-brain.com<\/a>.<\/p>\n<p>&nbsp;<\/p>\n<p>&nbsp;<\/p>\n<p><strong><img loading=\"lazy\" decoding=\"async\" class=\"aligncenter size-large wp-image-24884\" src=\"http:\/\/madeinzaragoza.es\/blog\/wp-content\/uploads\/2019\/05\/ab76dab6-e689-4406-b480-eb3656346fbc-1024x575.jpg\" alt=\"\" width=\"840\" height=\"472\" srcset=\"http:\/\/madeinzaragoza.es\/blog\/wp-content\/uploads\/2019\/05\/ab76dab6-e689-4406-b480-eb3656346fbc-1024x575.jpg 1024w, http:\/\/madeinzaragoza.es\/blog\/wp-content\/uploads\/2019\/05\/ab76dab6-e689-4406-b480-eb3656346fbc-300x168.jpg 300w, http:\/\/madeinzaragoza.es\/blog\/wp-content\/uploads\/2019\/05\/ab76dab6-e689-4406-b480-eb3656346fbc-768x431.jpg 768w, http:\/\/madeinzaragoza.es\/blog\/wp-content\/uploads\/2019\/05\/ab76dab6-e689-4406-b480-eb3656346fbc-1200x674.jpg 1200w, http:\/\/madeinzaragoza.es\/blog\/wp-content\/uploads\/2019\/05\/ab76dab6-e689-4406-b480-eb3656346fbc.jpg 1600w\" sizes=\"(max-width: 709px) 85vw, (max-width: 909px) 67vw, (max-width: 1362px) 62vw, 840px\" \/><\/strong><\/p>\n<p>&nbsp;<\/p>\n<p>&nbsp;<\/p>\n<p><strong>\u00bfQu\u00e9 enfermedades, s\u00edntomas o necesidades se pueden cubrir con la<br \/>\nmusicoterapia?<\/strong><\/p>\n<p>La musicoterapia puede intervenir en pacientes con enfermedades neurol\u00f3gicas como P\u00e1rkinson, Alzheimer, ictus o esclerosis m\u00faltiple.<\/p>\n<p>Otros trastornos: TDAH , TEA, TDA, S\u00edndrome de down, Asperger, etc.<\/p>\n<p>Tambi\u00e9n se puede aplicar de forma preventiva teniendo como principal objetivo el bienestar de la persona.<\/p>\n<p>Se puede aplicar en diferentes \u00e1reas: educativa, hospitalaria, geriatr\u00eda, social\u2026<strong><br \/>\n<\/strong><\/p>\n<p>&nbsp;<\/p>\n<p><strong>\u00bfPermite evitar los medicamentos o ser\u00edan complementarios?<\/strong><\/p>\n<p>La musicoterapia es una terapia \u201ccomplementaria\u201d, no sustitutiva de la medicina. En algunos casos, como la enfermedad de Parkinson, se est\u00e1n realizando estudios de c\u00f3mo la m\u00fasica produce dopamina en el cerebro, por lo que s\u00ed que puede incidir en una disminuci\u00f3n de la medicaci\u00f3n.<\/p>\n<p>&nbsp;<\/p>\n<p><strong><br \/>\n\u00bfSol\u00e9is tener m\u00e1s alumnos para aprender a tocar piano y lenguaje<br \/>\nmusical o pacientes para la musicoterapia?<\/strong><\/p>\n<p>En este momento m\u00e1s o menos estamos al cincuenta por ciento entre la ense\u00f1anza musical y la musicoterapia. Somos un centro referencial que se distingue por ofrecer Musicoterapia y m\u00fasica en educaci\u00f3n especial.<\/p>\n<p>&nbsp;<\/p>\n<p>&nbsp;<\/p>\n<p><strong><img loading=\"lazy\" decoding=\"async\" class=\"aligncenter size-large wp-image-24883\" src=\"http:\/\/madeinzaragoza.es\/blog\/wp-content\/uploads\/2019\/05\/thumbnail_IMG_9001-1024x768.jpg\" alt=\"\" width=\"840\" height=\"630\" srcset=\"http:\/\/madeinzaragoza.es\/blog\/wp-content\/uploads\/2019\/05\/thumbnail_IMG_9001-1024x768.jpg 1024w, http:\/\/madeinzaragoza.es\/blog\/wp-content\/uploads\/2019\/05\/thumbnail_IMG_9001-300x225.jpg 300w, http:\/\/madeinzaragoza.es\/blog\/wp-content\/uploads\/2019\/05\/thumbnail_IMG_9001-768x576.jpg 768w, http:\/\/madeinzaragoza.es\/blog\/wp-content\/uploads\/2019\/05\/thumbnail_IMG_9001-1200x900.jpg 1200w, http:\/\/madeinzaragoza.es\/blog\/wp-content\/uploads\/2019\/05\/thumbnail_IMG_9001.jpg 1280w\" sizes=\"(max-width: 709px) 85vw, (max-width: 909px) 67vw, (max-width: 1362px) 62vw, 840px\" \/> \u00a0<\/strong><\/p>\n<p>&nbsp;<\/p>\n<p><strong>\u00bfS\u00f3lo dais clases de piano o tambi\u00e9n de otros instrumentos si os lo<br \/>\nrequieren?<\/strong><\/p>\n<p>Actualmente,\u00a0 impartimos clases de piano, tanto educaci\u00f3n ordinaria como metodolog\u00eda adaptada para educaci\u00f3n especial.<\/p>\n<p>Adem\u00e1s de las clases de piano (individuales) tambi\u00e9n ofrecemos:<\/p>\n<ul>\n<li>Lenguaje musical \/ solfeo<\/li>\n<li>Iniciaci\u00f3n musical\/ M\u00fasica y movimiento<\/li>\n<li>Pruebas de acceso al conservatorio<\/li>\n<li>Clases de repaso (Primaria y ESO)<\/li>\n<li>Clases de Audici\u00f3n e historia musical<\/li>\n<\/ul>\n<p>&nbsp;<\/p>\n<p><strong><br \/>\n\u00bfOs encarg\u00e1is las dos socias de ambas vertientes indistintamente?<\/strong><\/p>\n<p>S\u00ed, ya que las dos poseemos la misma formaci\u00f3n:<\/p>\n<p>Postgrado y M\u00e1ster de Musicoterapia respectivamente, impartidos por la Universidad de Zaragoza.<\/p>\n<p>Somos musicoterapeutas acreditadas profesionalmente por la Asociaci\u00f3n Espa\u00f1ola de Musicoterapeutas Profesionales (AEMP) \u00a0con los n\u00fameros de registro: Beatriz Boudet, MTAE-61 y\u00a0Ana Bolea, MTAE- 88.<\/p>\n<p>Profesoras de piano tituladas por los Conservatorios profesionales de m\u00fasica de Zaragoza y de Teruel respectivamente.<\/p>\n<p>&nbsp;<\/p>\n<p>&nbsp;<\/p>\n<p><img loading=\"lazy\" decoding=\"async\" class=\"aligncenter size-large wp-image-24882\" src=\"http:\/\/madeinzaragoza.es\/blog\/wp-content\/uploads\/2019\/05\/thumbnail_IMG_9056-1024x768.jpg\" alt=\"\" width=\"840\" height=\"630\" srcset=\"http:\/\/madeinzaragoza.es\/blog\/wp-content\/uploads\/2019\/05\/thumbnail_IMG_9056-1024x768.jpg 1024w, http:\/\/madeinzaragoza.es\/blog\/wp-content\/uploads\/2019\/05\/thumbnail_IMG_9056-300x225.jpg 300w, http:\/\/madeinzaragoza.es\/blog\/wp-content\/uploads\/2019\/05\/thumbnail_IMG_9056-768x576.jpg 768w, http:\/\/madeinzaragoza.es\/blog\/wp-content\/uploads\/2019\/05\/thumbnail_IMG_9056-1200x900.jpg 1200w, http:\/\/madeinzaragoza.es\/blog\/wp-content\/uploads\/2019\/05\/thumbnail_IMG_9056.jpg 1280w\" sizes=\"(max-width: 709px) 85vw, (max-width: 909px) 67vw, (max-width: 1362px) 62vw, 840px\" \/><\/p>\n<p>&nbsp;<\/p>\n<p><strong><br \/>\nY en las clases de m\u00fasica y movimiento, \u00bfimpart\u00eds danza o similares?<\/strong><\/p>\n<p>Son clases de Iniciaci\u00f3n Musical\/m\u00fasica y movimiento dirigidas a ni\u00f1os a partir de los 3 a\u00f1os de edad en los que se trabajan los elementos de la m\u00fasica (melod\u00eda, ritmo, armon\u00eda) a trav\u00e9s del juego musical, el movimiento, el canto, la expresi\u00f3n musical, etc. Combinamos las diferentes metodolog\u00edas de pedagog\u00eda musical.<strong><br \/>\n<\/strong><\/p>\n<p>&nbsp;<\/p>\n<p><strong><br \/>\n\u00bfC\u00f3mo son las actividades de m\u00fasica en familia?<\/strong><\/p>\n<p>Las sesiones de los talleres de m\u00fasica en familia est\u00e1n destinadas a fortalecer el v\u00ednculo familiar a trav\u00e9s de experiencias sonoro-musicales.<\/p>\n<p>A las mismas pueden asistir un familiar (padre, madre, abuelo, hermano, t\u00edo&#8230;) con los ni\u00f1os.<strong><br \/>\n<\/strong><\/p>\n<p>&nbsp;<\/p>\n<p><strong><br \/>\n\u00bfQu\u00e9 otras actividades hab\u00e9is hecho o ten\u00e9is organizadas para este a\u00f1o<br \/>\ncon otros colectivos?<\/strong><\/p>\n<ul>\n<li><strong>\u201cVacaciones Musicales\u201d. <\/strong>Destinadas a ni\u00f1os de 3 a 10 a\u00f1os para cuando acabe el curso. Se ofrecer\u00e1 por semanas por las ma\u00f1anas de 8:30 a 13:30h.<\/li>\n<li><strong>Taller \u201cResonanDo con tu beb\u00e9:\u00a0<\/strong>Destinado a madres\/padres que quieran compartir y disfrutar a trav\u00e9s de la m\u00fasica con sus beb\u00e9s.<\/li>\n<li><strong>Sesiones \u201cActiva tu mente y cuerpo con m\u00fasica\u201d:\u00a0<\/strong>Destinadas a adultos que quieran mejorar su estado f\u00edsico, memoria, atenci\u00f3n\u2026<\/li>\n<\/ul>\n<p><img loading=\"lazy\" decoding=\"async\" class=\"aligncenter size-large wp-image-24881\" src=\"http:\/\/madeinzaragoza.es\/blog\/wp-content\/uploads\/2019\/05\/DSC_7145_1-e1558622212252-694x1024.jpg\" alt=\"\" width=\"694\" height=\"1024\" srcset=\"http:\/\/madeinzaragoza.es\/blog\/wp-content\/uploads\/2019\/05\/DSC_7145_1-e1558622212252-694x1024.jpg 694w, http:\/\/madeinzaragoza.es\/blog\/wp-content\/uploads\/2019\/05\/DSC_7145_1-e1558622212252-203x300.jpg 203w, http:\/\/madeinzaragoza.es\/blog\/wp-content\/uploads\/2019\/05\/DSC_7145_1-e1558622212252-768x1133.jpg 768w, http:\/\/madeinzaragoza.es\/blog\/wp-content\/uploads\/2019\/05\/DSC_7145_1-e1558622212252.jpg 985w\" sizes=\"(max-width: 709px) 85vw, (max-width: 909px) 67vw, (max-width: 984px) 61vw, (max-width: 1362px) 45vw, 600px\" \/><\/p>\n","protected":false},"excerpt":{"rendered":"<p>ResonanDo en ti es un proyecto que naci\u00f3 hace unos a\u00f1os de la amistad entre dos profesoras de m\u00fasica (especializadas en piano) a la par que musicoterapeutas. En la actualidad, como buenas emprendedoras, lo han materializado con la apertura de su centro de M\u00fasica y Musicoterapia en el centro comercial de los Porches del Audiorama. &hellip; <a href=\"http:\/\/madeinzaragoza.es\/blog\/resonando-en-ti-el-centro-de-musica-y-musicoterapia-que-ensena-sana-y-previene\/\" class=\"more-link\">Continuar leyendo<span class=\"screen-reader-text\"> \u00abResonanDo en ti, el centro de M\u00fasica y Musicoterapia que ense\u00f1a, sana y previene\u00bb<\/span><\/a><\/p>\n","protected":false},"author":60,"featured_media":24899,"comment_status":"open","ping_status":"open","sticky":false,"template":"","format":"standard","meta":{"footnotes":""},"categories":[8],"tags":[660,2017,78],"yoast_head":"<!-- This site is optimized with the Yoast SEO plugin v19.7.2 - https:\/\/yoast.com\/wordpress\/plugins\/seo\/ -->\n<title>ResonanDo en ti, el centro de M\u00fasica y Musicoterapia que ense\u00f1a, sana y previene - Made in Zaragoza<\/title>\n<meta name=\"robots\" content=\"index, follow, max-snippet:-1, max-image-preview:large, max-video-preview:-1\" \/>\n<link rel=\"canonical\" href=\"https:\/\/madeinzaragoza.es\/blog\/resonando-en-ti-el-centro-de-musica-y-musicoterapia-que-ensena-sana-y-previene\/\" \/>\n<meta property=\"og:locale\" content=\"es_ES\" \/>\n<meta property=\"og:type\" content=\"article\" \/>\n<meta property=\"og:title\" content=\"ResonanDo en ti, el centro de M\u00fasica y Musicoterapia que ense\u00f1a, sana y previene - Made in Zaragoza\" \/>\n<meta property=\"og:description\" content=\"ResonanDo en ti es un proyecto que naci\u00f3 hace unos a\u00f1os de la amistad entre dos profesoras de m\u00fasica (especializadas en piano) a la par que musicoterapeutas. En la actualidad, como buenas emprendedoras, lo han materializado con la apertura de su centro de M\u00fasica y Musicoterapia en el centro comercial de los Porches del Audiorama. &hellip; Continuar leyendo &quot;ResonanDo en ti, el centro de M\u00fasica y Musicoterapia que ense\u00f1a, sana y previene&quot;\" \/>\n<meta property=\"og:url\" content=\"https:\/\/madeinzaragoza.es\/blog\/resonando-en-ti-el-centro-de-musica-y-musicoterapia-que-ensena-sana-y-previene\/\" \/>\n<meta property=\"og:site_name\" content=\"Made in Zaragoza\" \/>\n<meta property=\"article:publisher\" content=\"https:\/\/www.facebook.com\/madeinzaragoza.es\/\" \/>\n<meta property=\"article:published_time\" content=\"2019-06-06T21:43:30+00:00\" \/>\n<meta property=\"article:modified_time\" content=\"2019-06-09T21:44:08+00:00\" \/>\n<meta property=\"og:image\" content=\"https:\/\/madeinzaragoza.es\/blog\/wp-content\/uploads\/2019\/05\/thumbnail_IMG_0011-1.jpg\" \/>\n\t<meta property=\"og:image:width\" content=\"640\" \/>\n\t<meta property=\"og:image:height\" content=\"436\" \/>\n\t<meta property=\"og:image:type\" content=\"image\/jpeg\" \/>\n<meta name=\"author\" content=\"Elisabeth G Iborra\" \/>\n<meta name=\"twitter:card\" content=\"summary\" \/>\n<meta name=\"twitter:creator\" content=\"@madeinzaragoza\" \/>\n<meta name=\"twitter:site\" content=\"@madeinzaragoza\" \/>\n<meta name=\"twitter:label1\" content=\"Escrito por\" \/>\n\t<meta name=\"twitter:data1\" content=\"Elisabeth G Iborra\" \/>\n\t<meta name=\"twitter:label2\" content=\"Tiempo de lectura\" \/>\n\t<meta name=\"twitter:data2\" content=\"5 minutos\" \/>\n<script type=\"application\/ld+json\" class=\"yoast-schema-graph\">{\"@context\":\"https:\/\/schema.org\",\"@graph\":[{\"@type\":\"Article\",\"@id\":\"https:\/\/madeinzaragoza.es\/blog\/resonando-en-ti-el-centro-de-musica-y-musicoterapia-que-ensena-sana-y-previene\/#article\",\"isPartOf\":{\"@id\":\"https:\/\/madeinzaragoza.es\/blog\/resonando-en-ti-el-centro-de-musica-y-musicoterapia-que-ensena-sana-y-previene\/\"},\"author\":{\"name\":\"Elisabeth G Iborra\",\"@id\":\"http:\/\/madeinzaragoza.es\/blog\/#\/schema\/person\/6a4863d6589c583d59e18346910a023c\"},\"headline\":\"ResonanDo en ti, el centro de M\u00fasica y Musicoterapia que ense\u00f1a, sana y previene\",\"datePublished\":\"2019-06-06T21:43:30+00:00\",\"dateModified\":\"2019-06-09T21:44:08+00:00\",\"mainEntityOfPage\":{\"@id\":\"https:\/\/madeinzaragoza.es\/blog\/resonando-en-ti-el-centro-de-musica-y-musicoterapia-que-ensena-sana-y-previene\/\"},\"wordCount\":960,\"commentCount\":0,\"publisher\":{\"@id\":\"http:\/\/madeinzaragoza.es\/blog\/#organization\"},\"keywords\":[\"emprendedoras\",\"ense\u00f1anza musical\",\"m\u00fasica\"],\"articleSection\":[\"Red MIZ\"],\"inLanguage\":\"es\",\"potentialAction\":[{\"@type\":\"CommentAction\",\"name\":\"Comment\",\"target\":[\"https:\/\/madeinzaragoza.es\/blog\/resonando-en-ti-el-centro-de-musica-y-musicoterapia-que-ensena-sana-y-previene\/#respond\"]}]},{\"@type\":\"WebPage\",\"@id\":\"https:\/\/madeinzaragoza.es\/blog\/resonando-en-ti-el-centro-de-musica-y-musicoterapia-que-ensena-sana-y-previene\/\",\"url\":\"https:\/\/madeinzaragoza.es\/blog\/resonando-en-ti-el-centro-de-musica-y-musicoterapia-que-ensena-sana-y-previene\/\",\"name\":\"ResonanDo en ti, el centro de M\u00fasica y Musicoterapia que ense\u00f1a, sana y previene - Made in Zaragoza\",\"isPartOf\":{\"@id\":\"http:\/\/madeinzaragoza.es\/blog\/#website\"},\"datePublished\":\"2019-06-06T21:43:30+00:00\",\"dateModified\":\"2019-06-09T21:44:08+00:00\",\"breadcrumb\":{\"@id\":\"https:\/\/madeinzaragoza.es\/blog\/resonando-en-ti-el-centro-de-musica-y-musicoterapia-que-ensena-sana-y-previene\/#breadcrumb\"},\"inLanguage\":\"es\",\"potentialAction\":[{\"@type\":\"ReadAction\",\"target\":[\"https:\/\/madeinzaragoza.es\/blog\/resonando-en-ti-el-centro-de-musica-y-musicoterapia-que-ensena-sana-y-previene\/\"]}]},{\"@type\":\"BreadcrumbList\",\"@id\":\"https:\/\/madeinzaragoza.es\/blog\/resonando-en-ti-el-centro-de-musica-y-musicoterapia-que-ensena-sana-y-previene\/#breadcrumb\",\"itemListElement\":[{\"@type\":\"ListItem\",\"position\":1,\"name\":\"Portada\",\"item\":\"http:\/\/madeinzaragoza.es\/blog\/\"},{\"@type\":\"ListItem\",\"position\":2,\"name\":\"ResonanDo en ti, el centro de M\u00fasica y Musicoterapia que ense\u00f1a, sana y previene\"}]},{\"@type\":\"WebSite\",\"@id\":\"http:\/\/madeinzaragoza.es\/blog\/#website\",\"url\":\"http:\/\/madeinzaragoza.es\/blog\/\",\"name\":\"Made in Zaragoza\",\"description\":\"Blog de MadeinZGZ, Red de Econom\u00eda Creativa de Zaragoza\",\"publisher\":{\"@id\":\"http:\/\/madeinzaragoza.es\/blog\/#organization\"},\"potentialAction\":[{\"@type\":\"SearchAction\",\"target\":{\"@type\":\"EntryPoint\",\"urlTemplate\":\"http:\/\/madeinzaragoza.es\/blog\/?s={search_term_string}\"},\"query-input\":\"required name=search_term_string\"}],\"inLanguage\":\"es\"},{\"@type\":\"Organization\",\"@id\":\"http:\/\/madeinzaragoza.es\/blog\/#organization\",\"name\":\"Made In Zaragoza\",\"url\":\"http:\/\/madeinzaragoza.es\/blog\/\",\"sameAs\":[\"https:\/\/www.instagram.com\/madeinzaragoza.es\/\",\"https:\/\/www.facebook.com\/madeinzaragoza.es\/\",\"https:\/\/twitter.com\/madeinzaragoza\"],\"logo\":{\"@type\":\"ImageObject\",\"inLanguage\":\"es\",\"@id\":\"http:\/\/madeinzaragoza.es\/blog\/#\/schema\/logo\/image\/\",\"url\":\"https:\/\/madeinzaragoza.es\/blog\/wp-content\/uploads\/2022\/05\/logo.png\",\"contentUrl\":\"https:\/\/madeinzaragoza.es\/blog\/wp-content\/uploads\/2022\/05\/logo.png\",\"width\":193,\"height\":176,\"caption\":\"Made In Zaragoza\"},\"image\":{\"@id\":\"http:\/\/madeinzaragoza.es\/blog\/#\/schema\/logo\/image\/\"}},{\"@type\":\"Person\",\"@id\":\"http:\/\/madeinzaragoza.es\/blog\/#\/schema\/person\/6a4863d6589c583d59e18346910a023c\",\"name\":\"Elisabeth G Iborra\",\"image\":{\"@type\":\"ImageObject\",\"inLanguage\":\"es\",\"@id\":\"http:\/\/madeinzaragoza.es\/blog\/#\/schema\/person\/image\/\",\"url\":\"http:\/\/1.gravatar.com\/avatar\/79eaa76ada7c6991ca823fda477e731f?s=96&d=mm&r=g\",\"contentUrl\":\"http:\/\/1.gravatar.com\/avatar\/79eaa76ada7c6991ca823fda477e731f?s=96&d=mm&r=g\",\"caption\":\"Elisabeth G Iborra\"},\"url\":\"http:\/\/madeinzaragoza.es\/blog\/author\/elisabethgiborra\/\"}]}<\/script>\n<!-- \/ Yoast SEO plugin. -->","yoast_head_json":{"title":"ResonanDo en ti, el centro de M\u00fasica y Musicoterapia que ense\u00f1a, sana y previene - Made in Zaragoza","robots":{"index":"index","follow":"follow","max-snippet":"max-snippet:-1","max-image-preview":"max-image-preview:large","max-video-preview":"max-video-preview:-1"},"canonical":"https:\/\/madeinzaragoza.es\/blog\/resonando-en-ti-el-centro-de-musica-y-musicoterapia-que-ensena-sana-y-previene\/","og_locale":"es_ES","og_type":"article","og_title":"ResonanDo en ti, el centro de M\u00fasica y Musicoterapia que ense\u00f1a, sana y previene - Made in Zaragoza","og_description":"ResonanDo en ti es un proyecto que naci\u00f3 hace unos a\u00f1os de la amistad entre dos profesoras de m\u00fasica (especializadas en piano) a la par que musicoterapeutas. En la actualidad, como buenas emprendedoras, lo han materializado con la apertura de su centro de M\u00fasica y Musicoterapia en el centro comercial de los Porches del Audiorama. &hellip; Continuar leyendo \"ResonanDo en ti, el centro de M\u00fasica y Musicoterapia que ense\u00f1a, sana y previene\"","og_url":"https:\/\/madeinzaragoza.es\/blog\/resonando-en-ti-el-centro-de-musica-y-musicoterapia-que-ensena-sana-y-previene\/","og_site_name":"Made in Zaragoza","article_publisher":"https:\/\/www.facebook.com\/madeinzaragoza.es\/","article_published_time":"2019-06-06T21:43:30+00:00","article_modified_time":"2019-06-09T21:44:08+00:00","og_image":[{"width":640,"height":436,"url":"https:\/\/madeinzaragoza.es\/blog\/wp-content\/uploads\/2019\/05\/thumbnail_IMG_0011-1.jpg","type":"image\/jpeg"}],"author":"Elisabeth G Iborra","twitter_card":"summary","twitter_creator":"@madeinzaragoza","twitter_site":"@madeinzaragoza","twitter_misc":{"Escrito por":"Elisabeth G Iborra","Tiempo de lectura":"5 minutos"},"schema":{"@context":"https:\/\/schema.org","@graph":[{"@type":"Article","@id":"https:\/\/madeinzaragoza.es\/blog\/resonando-en-ti-el-centro-de-musica-y-musicoterapia-que-ensena-sana-y-previene\/#article","isPartOf":{"@id":"https:\/\/madeinzaragoza.es\/blog\/resonando-en-ti-el-centro-de-musica-y-musicoterapia-que-ensena-sana-y-previene\/"},"author":{"name":"Elisabeth G Iborra","@id":"http:\/\/madeinzaragoza.es\/blog\/#\/schema\/person\/6a4863d6589c583d59e18346910a023c"},"headline":"ResonanDo en ti, el centro de M\u00fasica y Musicoterapia que ense\u00f1a, sana y previene","datePublished":"2019-06-06T21:43:30+00:00","dateModified":"2019-06-09T21:44:08+00:00","mainEntityOfPage":{"@id":"https:\/\/madeinzaragoza.es\/blog\/resonando-en-ti-el-centro-de-musica-y-musicoterapia-que-ensena-sana-y-previene\/"},"wordCount":960,"commentCount":0,"publisher":{"@id":"http:\/\/madeinzaragoza.es\/blog\/#organization"},"keywords":["emprendedoras","ense\u00f1anza musical","m\u00fasica"],"articleSection":["Red MIZ"],"inLanguage":"es","potentialAction":[{"@type":"CommentAction","name":"Comment","target":["https:\/\/madeinzaragoza.es\/blog\/resonando-en-ti-el-centro-de-musica-y-musicoterapia-que-ensena-sana-y-previene\/#respond"]}]},{"@type":"WebPage","@id":"https:\/\/madeinzaragoza.es\/blog\/resonando-en-ti-el-centro-de-musica-y-musicoterapia-que-ensena-sana-y-previene\/","url":"https:\/\/madeinzaragoza.es\/blog\/resonando-en-ti-el-centro-de-musica-y-musicoterapia-que-ensena-sana-y-previene\/","name":"ResonanDo en ti, el centro de M\u00fasica y Musicoterapia que ense\u00f1a, sana y previene - Made in Zaragoza","isPartOf":{"@id":"http:\/\/madeinzaragoza.es\/blog\/#website"},"datePublished":"2019-06-06T21:43:30+00:00","dateModified":"2019-06-09T21:44:08+00:00","breadcrumb":{"@id":"https:\/\/madeinzaragoza.es\/blog\/resonando-en-ti-el-centro-de-musica-y-musicoterapia-que-ensena-sana-y-previene\/#breadcrumb"},"inLanguage":"es","potentialAction":[{"@type":"ReadAction","target":["https:\/\/madeinzaragoza.es\/blog\/resonando-en-ti-el-centro-de-musica-y-musicoterapia-que-ensena-sana-y-previene\/"]}]},{"@type":"BreadcrumbList","@id":"https:\/\/madeinzaragoza.es\/blog\/resonando-en-ti-el-centro-de-musica-y-musicoterapia-que-ensena-sana-y-previene\/#breadcrumb","itemListElement":[{"@type":"ListItem","position":1,"name":"Portada","item":"http:\/\/madeinzaragoza.es\/blog\/"},{"@type":"ListItem","position":2,"name":"ResonanDo en ti, el centro de M\u00fasica y Musicoterapia que ense\u00f1a, sana y previene"}]},{"@type":"WebSite","@id":"http:\/\/madeinzaragoza.es\/blog\/#website","url":"http:\/\/madeinzaragoza.es\/blog\/","name":"Made in Zaragoza","description":"Blog de MadeinZGZ, Red de Econom\u00eda Creativa de Zaragoza","publisher":{"@id":"http:\/\/madeinzaragoza.es\/blog\/#organization"},"potentialAction":[{"@type":"SearchAction","target":{"@type":"EntryPoint","urlTemplate":"http:\/\/madeinzaragoza.es\/blog\/?s={search_term_string}"},"query-input":"required name=search_term_string"}],"inLanguage":"es"},{"@type":"Organization","@id":"http:\/\/madeinzaragoza.es\/blog\/#organization","name":"Made In Zaragoza","url":"http:\/\/madeinzaragoza.es\/blog\/","sameAs":["https:\/\/www.instagram.com\/madeinzaragoza.es\/","https:\/\/www.facebook.com\/madeinzaragoza.es\/","https:\/\/twitter.com\/madeinzaragoza"],"logo":{"@type":"ImageObject","inLanguage":"es","@id":"http:\/\/madeinzaragoza.es\/blog\/#\/schema\/logo\/image\/","url":"https:\/\/madeinzaragoza.es\/blog\/wp-content\/uploads\/2022\/05\/logo.png","contentUrl":"https:\/\/madeinzaragoza.es\/blog\/wp-content\/uploads\/2022\/05\/logo.png","width":193,"height":176,"caption":"Made In Zaragoza"},"image":{"@id":"http:\/\/madeinzaragoza.es\/blog\/#\/schema\/logo\/image\/"}},{"@type":"Person","@id":"http:\/\/madeinzaragoza.es\/blog\/#\/schema\/person\/6a4863d6589c583d59e18346910a023c","name":"Elisabeth G Iborra","image":{"@type":"ImageObject","inLanguage":"es","@id":"http:\/\/madeinzaragoza.es\/blog\/#\/schema\/person\/image\/","url":"http:\/\/1.gravatar.com\/avatar\/79eaa76ada7c6991ca823fda477e731f?s=96&d=mm&r=g","contentUrl":"http:\/\/1.gravatar.com\/avatar\/79eaa76ada7c6991ca823fda477e731f?s=96&d=mm&r=g","caption":"Elisabeth G Iborra"},"url":"http:\/\/madeinzaragoza.es\/blog\/author\/elisabethgiborra\/"}]}},"_links":{"self":[{"href":"http:\/\/madeinzaragoza.es\/blog\/wp-json\/wp\/v2\/posts\/24879"}],"collection":[{"href":"http:\/\/madeinzaragoza.es\/blog\/wp-json\/wp\/v2\/posts"}],"about":[{"href":"http:\/\/madeinzaragoza.es\/blog\/wp-json\/wp\/v2\/types\/post"}],"author":[{"embeddable":true,"href":"http:\/\/madeinzaragoza.es\/blog\/wp-json\/wp\/v2\/users\/60"}],"replies":[{"embeddable":true,"href":"http:\/\/madeinzaragoza.es\/blog\/wp-json\/wp\/v2\/comments?post=24879"}],"version-history":[{"count":5,"href":"http:\/\/madeinzaragoza.es\/blog\/wp-json\/wp\/v2\/posts\/24879\/revisions"}],"predecessor-version":[{"id":24901,"href":"http:\/\/madeinzaragoza.es\/blog\/wp-json\/wp\/v2\/posts\/24879\/revisions\/24901"}],"wp:featuredmedia":[{"embeddable":true,"href":"http:\/\/madeinzaragoza.es\/blog\/wp-json\/wp\/v2\/media\/24899"}],"wp:attachment":[{"href":"http:\/\/madeinzaragoza.es\/blog\/wp-json\/wp\/v2\/media?parent=24879"}],"wp:term":[{"taxonomy":"category","embeddable":true,"href":"http:\/\/madeinzaragoza.es\/blog\/wp-json\/wp\/v2\/categories?post=24879"},{"taxonomy":"post_tag","embeddable":true,"href":"http:\/\/madeinzaragoza.es\/blog\/wp-json\/wp\/v2\/tags?post=24879"}],"curies":[{"name":"wp","href":"https:\/\/api.w.org\/{rel}","templated":true}]}}