{"id":24847,"date":"2019-06-09T14:38:05","date_gmt":"2019-06-09T13:38:05","guid":{"rendered":"http:\/\/madeinzaragoza.es\/blog\/?p=24847"},"modified":"2022-10-09T14:52:17","modified_gmt":"2022-10-09T13:52:17","slug":"participantes-en-la-noche-de-las-tiendas-creativas-las-fuentes-2019","status":"publish","type":"post","link":"http:\/\/madeinzaragoza.es\/blog\/participantes-en-la-noche-de-las-tiendas-creativas-las-fuentes-2019\/","title":{"rendered":"Participantes en La Noche de las Tiendas Creativas Las Fuentes 2019"},"content":{"rendered":"<p>&nbsp;<\/p>\n<p>\u00a1Si! Este a\u00f1o celebramos la II Edici\u00f3n de la Noche de las Tiendas Creativas en Las Fuentes, res\u00e9rvate el <strong>14 de junio<\/strong> en tu agenda de 20:00 a 00:00 horas\u00a0 aproximadamente para disfrutar de todas las actividades que os tenemos preparadas.<\/p>\n<p>&nbsp;<\/p>\n<p>Desde Miguel Servet, Compromiso de Caspe hasta Doctor Iranzo las principales arterias comerciales del barrio se llenar\u00e1n de actividades, talleres, propuestas art\u00edsticas, sorpresas y descuentos.<\/p>\n<p>&nbsp;<\/p>\n<p>Para premiar tu participaci\u00f3n en La Noche de las Tiendas Creativas en el barrio os tenemos preparado un pasaporte, pincha aqu\u00ed y\u00a0 <a href=\"http:\/\/madeinzaragoza.es\/blog\/wp-content\/uploads\/2019\/05\/pasaporte-blanco_usuario.pdf\" target=\"_blank\" rel=\"noopener\">desc\u00e1rgatelo<\/a>\u00a0. Este a\u00f1o sortearemos entre todos los asistentes que lo completen una cesta con productos de cada una de las tiendas participantes.\u00a0Para ver la lista con todos los productos que sorteamos <a href=\"http:\/\/madeinzaragoza.es\/blog\/sorteo-de-una-cesta-de-regalos-durante-la-noche-de-las-tiendas-creativas-de-las-fuentes-2019\/\" target=\"_blank\" rel=\"noopener\">pincha aqu\u00ed<\/a>.<\/p>\n<p>&nbsp;<\/p>\n<p>Ya puedes\u00a0<a href=\"http:\/\/madeinzaragoza.es\/blog\/wp-content\/uploads\/2019\/05\/plano-lasfuentes-redes.png\" target=\"_blank\" rel=\"noopener\">descargarte el mapa con todas las tiendas participantes<\/a>\u00a0en la II Edici\u00f3n de La Noche de las Tiendas Creativas en Las Fuentes.<\/p>\n<p>&nbsp;<\/p>\n<p><img loading=\"lazy\" decoding=\"async\" class=\"aligncenter wp-image-24942 size-large\" src=\"http:\/\/madeinzaragoza.es\/blog\/wp-content\/uploads\/2019\/05\/plano-lasfuentes-redes-1024x729.png\" alt=\"\" width=\"840\" height=\"598\" srcset=\"http:\/\/madeinzaragoza.es\/blog\/wp-content\/uploads\/2019\/05\/plano-lasfuentes-redes-1024x729.png 1024w, http:\/\/madeinzaragoza.es\/blog\/wp-content\/uploads\/2019\/05\/plano-lasfuentes-redes-300x214.png 300w, http:\/\/madeinzaragoza.es\/blog\/wp-content\/uploads\/2019\/05\/plano-lasfuentes-redes-768x547.png 768w, http:\/\/madeinzaragoza.es\/blog\/wp-content\/uploads\/2019\/05\/plano-lasfuentes-redes-1200x854.png 1200w, http:\/\/madeinzaragoza.es\/blog\/wp-content\/uploads\/2019\/05\/plano-lasfuentes-redes.png 1228w\" sizes=\"(max-width: 709px) 85vw, (max-width: 909px) 67vw, (max-width: 1362px) 62vw, 840px\" \/><\/p>\n<p>&nbsp;<\/p>\n<p>&nbsp;<\/p>\n<p>Os dejamos aqu\u00ed la programaci\u00f3n confirmada por el momento y <a href=\"https:\/\/www.facebook.com\/events\/844482192592811\/\" target=\"_blank\" rel=\"noopener\">\u00a1sigue el evento de Facebook para estar al d\u00eda de todas las novedades!\u00a0<\/a><\/p>\n<p>&nbsp;<\/p>\n<p><strong>1.\u00a0<\/strong><strong>OL\u00c9 TUS LIBROS. C\/ Miguel Servet, 11\u00a0<\/strong><\/p>\n<p><a href=\"https:\/\/oletuslibros.com\/\" target=\"_blank\" rel=\"noopener\">OL\u00c9 TUS LIBROS<\/a> apuesta por el aprendizaje a trav\u00e9s de la lectura y es por ello que se han propuesto llegar desde Zaragoza a cualquier parte del mundo\u00a0 a trav\u00e9s de su librer\u00eda online.<\/p>\n<p>&nbsp;<\/p>\n<p>Esta noche a partir de las 20:00 horas nos presentar\u00e1n la exposici\u00f3n \u201cDib\u00fajame un Principito\u201d con versiones de distintos ilustradores.<\/p>\n<p>&nbsp;<\/p>\n<p>Los escritores <a href=\"http:\/\/robertomalo.blogspot.com\/\" target=\"_blank\" rel=\"noopener\">Roberto Malo<\/a>, Daniel Tejero y \u00darsula Campos firmar\u00e1n libros durante toda la noche.<\/p>\n<p>&nbsp;<\/p>\n<p>Adem\u00e1s, la ilustradora Sora Shiranui de Cheshire nos ofrecer\u00e1 una sesi\u00f3n de dibujo en directo.<\/p>\n<p>&nbsp;<\/p>\n<p>Entre todas las ventas de este d\u00eda sortear\u00e1n un pack del Principito de Juan Bauty que incluye una camiseta del Principito e ilustraci\u00f3n en 3D con gafas.<\/p>\n<p>&nbsp;<\/p>\n<p align=\"JUSTIFY\"><strong>2. EL PATIO DE RECREO.\u00a0 C\/ Miguel Servet, 11<\/strong><\/p>\n<p><a href=\"https:\/\/elpatioderecreo.com\/\" target=\"_blank\" rel=\"noopener\">EL PATIO DE RECREO<\/a> es m\u00e1s que un espacio de trabajo, es un patio de encuentro, de colaboraci\u00f3n y de ideas.<\/p>\n<p>Esta noche nos sorprenden con un sinf\u00edn de actividades creativas.<\/p>\n<p>&nbsp;<\/p>\n<p>Desde las 20:00 horas podr\u00e1s ser retratado por Raraavis fotograf\u00eda. Con su c\u00e1mara minutera, Cris y Luisa han recorrido media pen\u00ednsula ofreciendo sus retratos de revelado instant\u00e1neo, atentos que no es una Polaroid, se trata de una c\u00e1mara de fabricaci\u00f3n propia, como a la antigua usanza, ll\u00e9vate una a casa \u00a1merece la pena!<\/p>\n<p>&nbsp;<\/p>\n<p><a href=\"https:\/\/www.instagram.com\/blasinarocher\/?hl=es\" target=\"_blank\" rel=\"noopener\" class=\"broken_link\">Blasina Rocher<\/a> live drawing. Blasina es ya un referente de la ilustraci\u00f3n zaragozana. Esta joven artista lleva el talento por bandera y a pasos agigantados va haci\u00e9ndose hueco en el mundo del arte. Nos ofrece en exclusiva su arte en estado puro, pintara en vivo sus ilustraciones y dispondr\u00e1 de prints de nueva remesa para lxs asistentes que quieran adquirir una de sus obras.<\/p>\n<p>&nbsp;<\/p>\n<p>Podr\u00e1s visitar la exposici\u00f3n activa de Natalia Simal, serigrafista residente en Berlin con una amplia experiencia en cartel y en p\u00f3ster creativo,\u00a0 en el espacio que tenemos reservado para el arte. 100\/100 recomendable.<\/p>\n<p>&nbsp;<\/p>\n<p>Esta noche adem\u00e1s podr\u00e1s hacerte con alguno de los\u00a0 productos de las marcas Nomad y Amar en Calma.<\/p>\n<p><a href=\"https:\/\/nomadskateboards.com\/es\/\" target=\"_blank\" rel=\"noopener\">Nomad pop up<\/a> no es solo una marca\u00a0de Skateboarding, es pr\u00e1cticamente una instituci\u00f3n dentro del mundillo del patin, con presencia global, siempre con un m\u00e1ximo cuidado y respeto en el artwork utilizado en su gama de productos, que va desde tablas, ruedas y dem\u00e1s material patinable a su colecci\u00f3n de ropa, precios de esc\u00e1ndalo para una noche de diez.<\/p>\n<p><a href=\"https:\/\/www.instagram.com\/amarencalma\/?hl=es\" target=\"_blank\" rel=\"noopener\" class=\"broken_link\">Amar en Calma<\/a> pop up, marca militante en las filas de coworkers de <a href=\"https:\/\/www.instagram.com\/recreo_coworking\/?hl=es\" target=\"_blank\" rel=\"noopener\" class=\"broken_link\">RECREO<\/a>, tambi\u00e9n tendr\u00e1 presencia en esta noche creativa.<\/p>\n<p>&nbsp;<\/p>\n<p>Todas estas actividades estar\u00e1n amenizadas \u00a0por DJ Nicodinoff (locutor de la Ser) reconvertido en realizador audiovisual, polifac\u00e9tico donde los haya quien nos ofrecer\u00e1 un set de lujo en un formato muy especial.<\/p>\n<p>&nbsp;<\/p>\n<p align=\"JUSTIFY\"><strong>3. TATTOO A2. C\/ Miguel Servet, 31<\/strong><\/p>\n<p>En <a href=\"https:\/\/tattoo-a2.gestiontpv.com\/\" target=\"_blank\" rel=\"noopener\">TATTOO A2<\/a> no solo est\u00e1n especializados en tatuajes, sino que tambi\u00e9n personalizan todo tipo de objetos.<\/p>\n<p>Esta noche queremos que participes de una forma muy especial. De 20:00 a 21:00 horas ven con los m\u00e1s peques de la casa y podr\u00e1n llevarse puesto un tatuaje temporal hecho con rotuladores aptos para su piel. Si eres adulto desde las 21:00 horas y hasta que finalice la noche te haremos un tatuaje de henna.<\/p>\n<p>&nbsp;<\/p>\n<p>Tendremos descuentos especiales para todos los que nos visit\u00e9is. \u00a1No os lo perd\u00e1is!<\/p>\n<p>&nbsp;<\/p>\n<p>&nbsp;<\/p>\n<p align=\"JUSTIFY\"><strong>5. Centro de Artesan\u00eda de Arag\u00f3n. C\/Monasterio de Samos s\/n (Antiguo Matadero)<\/strong><\/p>\n<p>La <a href=\"http:\/\/www.artearagon.com\/\" target=\"_blank\" rel=\"noopener\">ASOCIACI\u00d3N PROFESIONAL DE ARTESANOS DE ARAG\u00d3N<\/a> nos propone todas estas actividades con las que disfrutar tanto como ellos del amor por la artesan\u00eda.<\/p>\n<p>De 20:30 a 23:00 horas, demostraciones en vivo de los artesanos y artesanas de la asociaci\u00f3n, junto con la presentaci\u00f3n de nuevas colecciones.<\/p>\n<p>A las 21:00 horas concierto del d\u00fao \u00abSue\u00f1o barroco\u00bb formado por la soprano Gracia Maria Galindo y el chelista Fernando Caballero.<\/p>\n<p>A las 22:00 horas, visita guiada a la exposici\u00f3n \u201cDejando huella\u201d en homenaje a los artesanos y artesanas que llevan en nuestra asociaci\u00f3n desde sus inicios\u00a0 y ya se han jubilado.<\/p>\n<p>En \u00a0CADA, la tienda del Centro de Artesan\u00eda de Arag\u00f3n , podr\u00e1s ver toda la artesan\u00eda que tenemos\u00a0 y comprar los productos que m\u00e1s te gusten.<\/p>\n<p>Entre todos los clientes que\u00a0 realicen una compra este d\u00eda sortearemos una de nuestras piezas.<\/p>\n<p>&nbsp;<\/p>\n<p align=\"JUSTIFY\"><strong>6. PATIPAT\u00da. C\/Jorge Cocci, 23<\/strong><\/p>\n<p><a href=\"https:\/\/www.patipatuzaragoza.com\/\" target=\"_blank\" rel=\"noopener\">PATIPAT\u00da<\/a> es una pasteler\u00eda diferente. En el local elaboramos nuestros productos de pasteler\u00eda artesanal, ofrecemos comida vegetariana y vegana. Compartimos nuestro amor por lo artesanal con la pasi\u00f3n por el arte con nuestro espacio expositivo.<\/p>\n<p>Esta noche si vienes a las 20:00 horas podr\u00e1s aprender a dibujar con chocolate en una de nuestras tartas artesanales para luego \u00a1com\u00e9rtela!<\/p>\n<p>Adem\u00e1s, podr\u00e1s ver las ilustraciones de Eva Rubio L\u00f3pez con su exposici\u00f3n \u00abLa Fauna de Ave\u00bb.<\/p>\n<p>&nbsp;<\/p>\n<p>&nbsp;<\/p>\n<p><strong>7. QU\u00c9 DE JUGUETES. C\/ Doctor Garcia Burriel, 3<\/strong><\/p>\n<p><a href=\"https:\/\/www.quedejuguetes.com\/es\/\" target=\"_blank\" rel=\"noopener\">QU\u00c9 DE JUGUETES<\/a> es una tienda online y f\u00edsica especializada en playmobils.<\/p>\n<p>Queremos que disfrutes tanto como nosotros de los playmobils y es por ello que hemos preparado talleres durante toda la noche de 15 minutos de duraci\u00f3n, en los que podr\u00e1s aprender a montarlos y desmontarlos.<\/p>\n<p>\u00a1Descubre que todos se pueden personalizar! Te encantar\u00e1n<\/p>\n<p>&nbsp;<\/p>\n<p align=\"JUSTIFY\"><strong>8. EDMA PELETEROS\u00a0 con pop up store ILUMINA CON ENCANTO.\u00a0C\/ Batalla de Lepanto, 16<\/strong><\/p>\n<p><a href=\"https:\/\/edmapeleteros.negocio.site\/\" target=\"_blank\" rel=\"noopener\">EDMA PELETEROS<\/a> es un taller especializado en la creaci\u00f3n y transformaci\u00f3n de todo tipo de prendas de piel. Visita nuestro taller y conoce en directo nuestro proceso artesanal de fabricaci\u00f3n. \u00a1No te lo pierdas, te sorprender\u00e1!<\/p>\n<p>Esta noche <a href=\"https:\/\/www.facebook.com\/iluminemosconencanto\/\" target=\"_blank\" rel=\"noopener\">Ilumina Con Encanto<\/a> nos iluminar\u00e1 con sus l\u00e1mparas y faroles originales y hechos a mano.<\/p>\n<p><img loading=\"lazy\" decoding=\"async\" class=\"wp-image-21110 size-large aligncenter\" src=\"http:\/\/madeinzaragoza.es\/blog\/wp-content\/uploads\/2018\/07\/Noche-Tenderos-creativos-las-fuentes-16-peleteria-810x1024.jpg\" alt=\"peleteria las fuentes\" width=\"810\" height=\"1024\" srcset=\"http:\/\/madeinzaragoza.es\/blog\/wp-content\/uploads\/2018\/07\/Noche-Tenderos-creativos-las-fuentes-16-peleteria-810x1024.jpg 810w, http:\/\/madeinzaragoza.es\/blog\/wp-content\/uploads\/2018\/07\/Noche-Tenderos-creativos-las-fuentes-16-peleteria-237x300.jpg 237w, http:\/\/madeinzaragoza.es\/blog\/wp-content\/uploads\/2018\/07\/Noche-Tenderos-creativos-las-fuentes-16-peleteria-768x970.jpg 768w, http:\/\/madeinzaragoza.es\/blog\/wp-content\/uploads\/2018\/07\/Noche-Tenderos-creativos-las-fuentes-16-peleteria.jpg 1017w\" sizes=\"(max-width: 709px) 85vw, (max-width: 909px) 67vw, (max-width: 984px) 61vw, (max-width: 1362px) 45vw, 600px\" \/><\/p>\n<p>&nbsp;<\/p>\n<p><strong>9. DOMINGO L\u00c1ZARO. TAPICER\u00cdA Y DECORACI\u00d3N. C\/ Batalla de Lepanto, 21<\/strong><\/p>\n<p>En <a href=\"https:\/\/www.facebook.com\/pages\/Domingo-L%C3%A1zaro-tapicer%C3%ADa-y-decoraci%C3%B3n\/866308513467763\" target=\"_blank\" rel=\"noopener\">DOMINGO L\u00c1ZARO<\/a> te proponemos que visites nuestro taller de tapicer\u00eda donde podr\u00e1s conocer las t\u00e9cnicas artesanales de trabajo que utilizamos.<\/p>\n<p>P\u00e1sate por la tienda de 20 a 22 horas y podr\u00e1s ver c\u00f3mo tapizamos una pieza.<\/p>\n<p>Habr\u00e1 descuentos en objetos de decoraci\u00f3n seleccionados as\u00ed como en piezas de tapicer\u00eda. \u00a1Ven y te podr\u00e1s llevar un obsequio con cada compra!<\/p>\n<p>&nbsp;<\/p>\n<p>&nbsp;<\/p>\n<p><strong>10. PICOTEA. C\/Doctor Iranzo, 42<\/strong><\/p>\n<p>En <a href=\"https:\/\/www.facebook.com\/pages\/category\/Dessert-Shop\/Pasteleria-picotea-1389416864407804\/\" target=\"_blank\" rel=\"noopener\">PICOTEA<\/a> hacemos boller\u00eda artesana horneada, sin freir y sin grasas saturadas. Ac\u00e9rcate a visitarnos y podr\u00e1s degustar nuestras exquisitas pastas de t\u00e9 y reposter\u00eda fina. Adem\u00e1s, a las 20:30 y a las 21:30 realizaremos una demostraci\u00f3n en directo sobre c\u00f3mo decorar tu tarta. \u00a1Te esperamos!<\/p>\n<p>&nbsp;<\/p>\n<p>&nbsp;<\/p>\n<p><strong>11. SOL Y ARENA con pop up store HADAS Y MAGIA. C\/ Monasterio de Ala\u00f3n, 6\u00a0<\/strong><\/p>\n<p>En <a href=\"https:\/\/www.facebook.com\/SolyArenazgz\/\" target=\"_blank\" rel=\"noopener\">SOL Y ARENA<\/a> estamos especializadas en moda sin problemas de talla.<\/p>\n<p>Esta noche hemos preparado un divertido photocall donde posar y hacernos\u00a0 una foto. Para llev\u00e1rosla de recuerdo pod\u00e9is pasaros por la tienda a partir del 24 de junio,\u00a0 y recibir\u00e9is un descuento con un obsequio por cada una de vuestras compras.<\/p>\n<p>Disfrutaremos de m\u00fasica y picoteo, as\u00ed como de descuentos especiales de un 15, 20 y 30% en vestidos.<\/p>\n<p>&nbsp;<\/p>\n<p><a href=\"http:\/\/madeinzaragoza.es\/comercios\/comercio.php?id=294\" target=\"_blank\" rel=\"noopener\">Hadas y Magia<\/a> nos presentar\u00e1 sus productos \u00fanicos y artesanales hechos con mucho mimo. Esta noche tendr\u00e1n un 10% de descuento en todos sus productos.<\/p>\n<p>&nbsp;<\/p>\n<p><img loading=\"lazy\" decoding=\"async\" class=\"alignnone wp-image-21113 size-full\" src=\"http:\/\/madeinzaragoza.es\/blog\/wp-content\/uploads\/2018\/07\/Noche-Tenderos-creativos-las-fuentes-51-solArena.jpg\" alt=\"solArena\" width=\"938\" height=\"790\" srcset=\"http:\/\/madeinzaragoza.es\/blog\/wp-content\/uploads\/2018\/07\/Noche-Tenderos-creativos-las-fuentes-51-solArena.jpg 938w, http:\/\/madeinzaragoza.es\/blog\/wp-content\/uploads\/2018\/07\/Noche-Tenderos-creativos-las-fuentes-51-solArena-300x253.jpg 300w, http:\/\/madeinzaragoza.es\/blog\/wp-content\/uploads\/2018\/07\/Noche-Tenderos-creativos-las-fuentes-51-solArena-768x647.jpg 768w\" sizes=\"(max-width: 709px) 85vw, (max-width: 909px) 67vw, (max-width: 1362px) 62vw, 840px\" \/><\/p>\n<p>&nbsp;<\/p>\n<p><strong>12.<\/strong>\u00a0<strong>MUNDO LUTHIER. Avda. Compromiso de Caspe, 91<\/strong><\/p>\n<p>Ac\u00e9rcate a conocer <a href=\"https:\/\/www.facebook.com\/mundoluthier\/\" target=\"_blank\" rel=\"noopener\">MUNDO LUTHIER<\/a> y prueba nuestros diferentes instrumentos de cuerda y descubre de 20:30 a 21:00 horas en una charla especializada qu\u00e9 maderas son las que se\u00a0 utilizan en los instrumentos musicales de cuerda.<\/p>\n<p>Adem\u00e1s ofreceremos un recital de guitarra a partir de las 21:30 horas.<\/p>\n<p>&nbsp;<\/p>\n<p><img loading=\"lazy\" decoding=\"async\" class=\"alignnone wp-image-21111 size-large\" src=\"http:\/\/madeinzaragoza.es\/blog\/wp-content\/uploads\/2018\/07\/Noche-Tenderos-creativos-las-fuentes-23-mundoluthier-1024x680.jpg\" alt=\"Mundo Luthier\" width=\"840\" height=\"558\" srcset=\"http:\/\/madeinzaragoza.es\/blog\/wp-content\/uploads\/2018\/07\/Noche-Tenderos-creativos-las-fuentes-23-mundoluthier.jpg 1024w, http:\/\/madeinzaragoza.es\/blog\/wp-content\/uploads\/2018\/07\/Noche-Tenderos-creativos-las-fuentes-23-mundoluthier-300x199.jpg 300w, http:\/\/madeinzaragoza.es\/blog\/wp-content\/uploads\/2018\/07\/Noche-Tenderos-creativos-las-fuentes-23-mundoluthier-768x510.jpg 768w\" sizes=\"(max-width: 709px) 85vw, (max-width: 909px) 67vw, (max-width: 1362px) 62vw, 840px\" \/><\/p>\n<p>&nbsp;<\/p>\n<p><strong>13. FOTOGRAF\u00cdA ARANAZ. C\/Leopoldo Romeo, 13<\/strong><\/p>\n<p>En <a href=\"https:\/\/www.facebook.com\/aranazfotografia\/\" target=\"_blank\" rel=\"noopener\">FOTOGRAF\u00cdA ARANAZ<\/a> una imagen vale m\u00e1s que mil palabras y es por ello que no queremos que pierdas ning\u00fan instante de tu vida. \u00a1Ven a nuestro estudio y te ense\u00f1aremos a utilizar tu c\u00e1mara de fotos!<\/p>\n<p>Visitanos con tu mascota\u00a0 por rara que sea y te podr\u00e1s hacer una foto con ella por 5\u20ac.<\/p>\n<p>&nbsp;<\/p>\n<p>&nbsp;<\/p>\n<p><strong>14<\/strong>.\u00a0 <strong>AURORA SACHEZ MODA con pop up store MISS ZARRIOS.\u00a0 C\/Leopoldo Romeo, 16<\/strong><\/p>\n<p><a href=\"https:\/\/www.facebook.com\/modaaurorasachez\/\" target=\"_blank\" rel=\"noopener\">AURORA SACHEZ<\/a> es un espacio de moda diferente, con tallas desde la 38 a las 54, especializada en el trato personalizado y en la asesor\u00eda de imagen.<\/p>\n<p>Esta noche de 20:00 a 22:00 horas\u00a0 tendremos descuentos del 20% en todas las prendas , as\u00ed como un vino espa\u00f1ol para brindar con todas las personas que se acerquen a visitarnos.<\/p>\n<p><a href=\"https:\/\/www.facebook.com\/misszarrios\" target=\"_blank\" rel=\"noopener\">Miss Zarrios<\/a> nos presentar\u00e1 sus complementos artesanales realizados con arcilla polim\u00e9rica y otros materiales.<\/p>\n<p>&nbsp;<\/p>\n<p>&nbsp;<\/p>\n<p><strong>15. AIRES BATURROS. C\/ Monasterio de Siresa, 2<\/strong><\/p>\n<p>AIRES BATURROS es m\u00e1s que una mercer\u00eda, aqu\u00ed puedes encontrar el vestuario completo para vestirte con el traje tradicional aragon\u00e9s. Realizan arreglos de todo tipo de ropas.<\/p>\n<p>Para esta noche hemos organizado dos talleres, el primero a partir de las 21:00 horas \u201cAprende diferentes formas de ponerte el cachirulo\u201d y a las 22:00 horas taller \u201cAprende diferentes formas de ponerte el mant\u00f3n\u201d.<\/p>\n<p>Ofreceremos\u00a0 un picoteo para todos los que nos visit\u00e9is esta noche.<\/p>\n<p>&nbsp;<\/p>\n<p>&nbsp;<\/p>\n<p><strong>16. ZARARTE. C\/Silvestre P\u00e9rez, 33<\/strong><\/p>\n<p>En ZARARTE te ofrecemos todo tipo de materiales para realizar tus manualidades y bellas artes. Si te acercas a visitarnos podr\u00e1s participar en una masterclass de pintura r\u00e1pida al \u00f3leo, descubriendo los vol\u00famenes y la magia del color. Si durante esta noche te apuntas a uno de nuestros cursos de pintura o manualidades, la matr\u00edcula es gratis.<\/p>\n<p>Tendremos descuentos del 10% en manos de cer\u00e1mica, as\u00ed como un picoteo conjunto con nuestro compa\u00f1ero de\u00a0 Al-Toccino Tattoo.<\/p>\n<p>&nbsp;<\/p>\n<p><strong>17. AL-TOCCINO TATTOO. C\/ Silvestre P\u00e9rez, 33<\/strong><\/p>\n<p>En <a href=\"https:\/\/www.altoccinotattoo.es\/\" target=\"_blank\" rel=\"noopener\">AL-TOCCINO TATTOO<\/a> os invitamos a que disfrut\u00e9is desde las 20:00 a 22:00 horas de una sesi\u00f3n en directo de body painting para embarazadas a cargo de la artista <a href=\"http:\/\/leticiahidalgop.blogspot.com\/p\/bodypainting.html\" target=\"_blank\" rel=\"noopener\">Leticia Hidalgo<\/a>.<\/p>\n<p>Esta noche tenemos\u00a0 descuentos especiales:\u00a0 2&#215;1 en tatuajes de hasta 8 cm si vienes en pareja y todos nuestros piercings a 10\u20ac.<\/p>\n<p>Todo ello amenizado con m\u00fasica y picoteo.<\/p>\n<p>&nbsp;<\/p>\n<p>&nbsp;<\/p>\n<p><strong>18. LA BOTICA DE RA\u00daL con pop up store NATURE WHISPERS. C\/ Doctor Iranzo, 90<\/strong><\/p>\n<p><a href=\"https:\/\/laboticaderaul.com\/\" target=\"_blank\" rel=\"noopener\">LA BOTICA DE RA\u00daL<\/a> es un herbolario y gabinete donde puedes encontrar complementos alimenticios, cosm\u00e9tica natural, productos eco\u2026Este 14 de junio te invitamos a disfrutar de las sensaciones de la naturaleza en tu piel, con una demostraci\u00f3n gratuita y en directo, de los rituales de belleza de la firma de alta cosm\u00e9tica natural <a href=\"https:\/\/www.karicia.com\/es\" target=\"_blank\" rel=\"noopener\">Karicia<\/a>, elaborada a los pies del Pirineo Aragon\u00e9s.<\/p>\n<p>De 21:00 a 21:45 horas impartiremos el taller \u201cA-KARICIA-T\u201d donde aprenderemos a realizar un ritual facial diario con los productos de Alta Cosm\u00e9tica Karicia adem\u00e1s podr\u00e1s disfrutar de una cata de pruina.<\/p>\n<p>El 10% de la venta de nuestros productos de herborister\u00eda y de todos los servicios de gabinete de est\u00e9tica concertados durante el evento, se donar\u00e1 a una asociaci\u00f3n que trabaja en la lucha contra el c\u00e1ncer infantil.<\/p>\n<p><a href=\"https:\/\/www.facebook.com\/naturewhispers1\/\" target=\"_blank\" rel=\"noopener\">Nature Whispers<\/a> nos mostrar\u00e1 una selecci\u00f3n de su joyer\u00eda artesanal realizada con semillas, flores secas y frutos, con piedras preciosas y semipreciosas. \u00a1Totalmente exclusivas!<\/p>\n<p>&nbsp;<\/p>\n","protected":false},"excerpt":{"rendered":"<p>&nbsp; \u00a1Si! Este a\u00f1o celebramos la II Edici\u00f3n de la Noche de las Tiendas Creativas en Las Fuentes, res\u00e9rvate el 14 de junio en tu agenda de 20:00 a 00:00 horas\u00a0 aproximadamente para disfrutar de todas las actividades que os tenemos preparadas. &nbsp; Desde Miguel Servet, Compromiso de Caspe hasta Doctor Iranzo las principales arterias &hellip; <a href=\"http:\/\/madeinzaragoza.es\/blog\/participantes-en-la-noche-de-las-tiendas-creativas-las-fuentes-2019\/\" class=\"more-link\">Continuar leyendo<span class=\"screen-reader-text\"> \u00abParticipantes en La Noche de las Tiendas Creativas Las Fuentes 2019\u00bb<\/span><\/a><\/p>\n","protected":false},"author":71,"featured_media":24866,"comment_status":"open","ping_status":"open","sticky":false,"template":"","format":"standard","meta":{"footnotes":""},"categories":[7,8],"tags":[848],"yoast_head":"<!-- This site is optimized with the Yoast SEO plugin v19.7.2 - https:\/\/yoast.com\/wordpress\/plugins\/seo\/ -->\n<title>Participantes en La Noche de las Tiendas Creativas Las Fuentes 2019 - Made in Zaragoza<\/title>\n<meta name=\"description\" content=\"Celebramos la II Edici\u00f3n de la Noche de las Tiendas Creativas en Las Fuentes, res\u00e9rvate el 14 de junio de 2019 y visita este barrio de Zaragoza.\" \/>\n<meta name=\"robots\" content=\"index, follow, max-snippet:-1, max-image-preview:large, max-video-preview:-1\" \/>\n<link rel=\"canonical\" href=\"https:\/\/madeinzaragoza.es\/blog\/participantes-en-la-noche-de-las-tiendas-creativas-las-fuentes-2019\/\" \/>\n<meta property=\"og:locale\" content=\"es_ES\" \/>\n<meta property=\"og:type\" content=\"article\" \/>\n<meta property=\"og:title\" content=\"Participantes en La Noche de las Tiendas Creativas Las Fuentes 2019 - Made in Zaragoza\" \/>\n<meta property=\"og:description\" content=\"Celebramos la II Edici\u00f3n de la Noche de las Tiendas Creativas en Las Fuentes, res\u00e9rvate el 14 de junio de 2019 y visita este barrio de Zaragoza.\" \/>\n<meta property=\"og:url\" content=\"https:\/\/madeinzaragoza.es\/blog\/participantes-en-la-noche-de-las-tiendas-creativas-las-fuentes-2019\/\" \/>\n<meta property=\"og:site_name\" content=\"Made in Zaragoza\" \/>\n<meta property=\"article:publisher\" content=\"https:\/\/www.facebook.com\/madeinzaragoza.es\/\" \/>\n<meta property=\"article:published_time\" content=\"2019-06-09T13:38:05+00:00\" \/>\n<meta property=\"article:modified_time\" content=\"2022-10-09T13:52:17+00:00\" \/>\n<meta property=\"og:image\" content=\"https:\/\/madeinzaragoza.es\/blog\/wp-content\/uploads\/2019\/05\/cartel-tiendas-fuentes-e1558618634976.png\" \/>\n\t<meta property=\"og:image:width\" content=\"833\" \/>\n\t<meta property=\"og:image:height\" content=\"693\" \/>\n\t<meta property=\"og:image:type\" content=\"image\/png\" \/>\n<meta name=\"author\" content=\"Eventosmiz\" \/>\n<meta name=\"twitter:card\" content=\"summary\" \/>\n<meta name=\"twitter:creator\" content=\"@madeinzaragoza\" \/>\n<meta name=\"twitter:site\" content=\"@madeinzaragoza\" \/>\n<meta name=\"twitter:label1\" content=\"Escrito por\" \/>\n\t<meta name=\"twitter:data1\" content=\"Eventosmiz\" \/>\n\t<meta name=\"twitter:label2\" content=\"Tiempo de lectura\" \/>\n\t<meta name=\"twitter:data2\" content=\"10 minutos\" \/>\n<script type=\"application\/ld+json\" class=\"yoast-schema-graph\">{\"@context\":\"https:\/\/schema.org\",\"@graph\":[{\"@type\":\"Article\",\"@id\":\"https:\/\/madeinzaragoza.es\/blog\/participantes-en-la-noche-de-las-tiendas-creativas-las-fuentes-2019\/#article\",\"isPartOf\":{\"@id\":\"https:\/\/madeinzaragoza.es\/blog\/participantes-en-la-noche-de-las-tiendas-creativas-las-fuentes-2019\/\"},\"author\":{\"name\":\"Eventosmiz\",\"@id\":\"http:\/\/madeinzaragoza.es\/blog\/#\/schema\/person\/1aa454342f38d83daad4385d7dfd4291\"},\"headline\":\"Participantes en La Noche de las Tiendas Creativas Las Fuentes 2019\",\"datePublished\":\"2019-06-09T13:38:05+00:00\",\"dateModified\":\"2022-10-09T13:52:17+00:00\",\"mainEntityOfPage\":{\"@id\":\"https:\/\/madeinzaragoza.es\/blog\/participantes-en-la-noche-de-las-tiendas-creativas-las-fuentes-2019\/\"},\"wordCount\":2044,\"commentCount\":0,\"publisher\":{\"@id\":\"http:\/\/madeinzaragoza.es\/blog\/#organization\"},\"keywords\":[\"tiendas creativas\"],\"articleSection\":[\"Qu\u00e9 hacer\",\"Red MIZ\"],\"inLanguage\":\"es\",\"potentialAction\":[{\"@type\":\"CommentAction\",\"name\":\"Comment\",\"target\":[\"https:\/\/madeinzaragoza.es\/blog\/participantes-en-la-noche-de-las-tiendas-creativas-las-fuentes-2019\/#respond\"]}]},{\"@type\":\"WebPage\",\"@id\":\"https:\/\/madeinzaragoza.es\/blog\/participantes-en-la-noche-de-las-tiendas-creativas-las-fuentes-2019\/\",\"url\":\"https:\/\/madeinzaragoza.es\/blog\/participantes-en-la-noche-de-las-tiendas-creativas-las-fuentes-2019\/\",\"name\":\"Participantes en La Noche de las Tiendas Creativas Las Fuentes 2019 - Made in Zaragoza\",\"isPartOf\":{\"@id\":\"http:\/\/madeinzaragoza.es\/blog\/#website\"},\"datePublished\":\"2019-06-09T13:38:05+00:00\",\"dateModified\":\"2022-10-09T13:52:17+00:00\",\"description\":\"Celebramos la II Edici\u00f3n de la Noche de las Tiendas Creativas en Las Fuentes, res\u00e9rvate el 14 de junio de 2019 y visita este barrio de Zaragoza.\",\"breadcrumb\":{\"@id\":\"https:\/\/madeinzaragoza.es\/blog\/participantes-en-la-noche-de-las-tiendas-creativas-las-fuentes-2019\/#breadcrumb\"},\"inLanguage\":\"es\",\"potentialAction\":[{\"@type\":\"ReadAction\",\"target\":[\"https:\/\/madeinzaragoza.es\/blog\/participantes-en-la-noche-de-las-tiendas-creativas-las-fuentes-2019\/\"]}]},{\"@type\":\"BreadcrumbList\",\"@id\":\"https:\/\/madeinzaragoza.es\/blog\/participantes-en-la-noche-de-las-tiendas-creativas-las-fuentes-2019\/#breadcrumb\",\"itemListElement\":[{\"@type\":\"ListItem\",\"position\":1,\"name\":\"Portada\",\"item\":\"http:\/\/madeinzaragoza.es\/blog\/\"},{\"@type\":\"ListItem\",\"position\":2,\"name\":\"Participantes en La Noche de las Tiendas Creativas Las Fuentes 2019\"}]},{\"@type\":\"WebSite\",\"@id\":\"http:\/\/madeinzaragoza.es\/blog\/#website\",\"url\":\"http:\/\/madeinzaragoza.es\/blog\/\",\"name\":\"Made in Zaragoza\",\"description\":\"Blog de MadeinZGZ, Red de Econom\u00eda Creativa de Zaragoza\",\"publisher\":{\"@id\":\"http:\/\/madeinzaragoza.es\/blog\/#organization\"},\"potentialAction\":[{\"@type\":\"SearchAction\",\"target\":{\"@type\":\"EntryPoint\",\"urlTemplate\":\"http:\/\/madeinzaragoza.es\/blog\/?s={search_term_string}\"},\"query-input\":\"required name=search_term_string\"}],\"inLanguage\":\"es\"},{\"@type\":\"Organization\",\"@id\":\"http:\/\/madeinzaragoza.es\/blog\/#organization\",\"name\":\"Made In Zaragoza\",\"url\":\"http:\/\/madeinzaragoza.es\/blog\/\",\"sameAs\":[\"https:\/\/www.instagram.com\/madeinzaragoza.es\/\",\"https:\/\/www.facebook.com\/madeinzaragoza.es\/\",\"https:\/\/twitter.com\/madeinzaragoza\"],\"logo\":{\"@type\":\"ImageObject\",\"inLanguage\":\"es\",\"@id\":\"http:\/\/madeinzaragoza.es\/blog\/#\/schema\/logo\/image\/\",\"url\":\"https:\/\/madeinzaragoza.es\/blog\/wp-content\/uploads\/2022\/05\/logo.png\",\"contentUrl\":\"https:\/\/madeinzaragoza.es\/blog\/wp-content\/uploads\/2022\/05\/logo.png\",\"width\":193,\"height\":176,\"caption\":\"Made In Zaragoza\"},\"image\":{\"@id\":\"http:\/\/madeinzaragoza.es\/blog\/#\/schema\/logo\/image\/\"}},{\"@type\":\"Person\",\"@id\":\"http:\/\/madeinzaragoza.es\/blog\/#\/schema\/person\/1aa454342f38d83daad4385d7dfd4291\",\"name\":\"Eventosmiz\",\"image\":{\"@type\":\"ImageObject\",\"inLanguage\":\"es\",\"@id\":\"http:\/\/madeinzaragoza.es\/blog\/#\/schema\/person\/image\/\",\"url\":\"http:\/\/2.gravatar.com\/avatar\/86378eab1bcf251a9fe5872b8576f86c?s=96&d=mm&r=g\",\"contentUrl\":\"http:\/\/2.gravatar.com\/avatar\/86378eab1bcf251a9fe5872b8576f86c?s=96&d=mm&r=g\",\"caption\":\"Eventosmiz\"},\"url\":\"http:\/\/madeinzaragoza.es\/blog\/author\/eventosmiz\/\"}]}<\/script>\n<!-- \/ Yoast SEO plugin. -->","yoast_head_json":{"title":"Participantes en La Noche de las Tiendas Creativas Las Fuentes 2019 - Made in Zaragoza","description":"Celebramos la II Edici\u00f3n de la Noche de las Tiendas Creativas en Las Fuentes, res\u00e9rvate el 14 de junio de 2019 y visita este barrio de Zaragoza.","robots":{"index":"index","follow":"follow","max-snippet":"max-snippet:-1","max-image-preview":"max-image-preview:large","max-video-preview":"max-video-preview:-1"},"canonical":"https:\/\/madeinzaragoza.es\/blog\/participantes-en-la-noche-de-las-tiendas-creativas-las-fuentes-2019\/","og_locale":"es_ES","og_type":"article","og_title":"Participantes en La Noche de las Tiendas Creativas Las Fuentes 2019 - Made in Zaragoza","og_description":"Celebramos la II Edici\u00f3n de la Noche de las Tiendas Creativas en Las Fuentes, res\u00e9rvate el 14 de junio de 2019 y visita este barrio de Zaragoza.","og_url":"https:\/\/madeinzaragoza.es\/blog\/participantes-en-la-noche-de-las-tiendas-creativas-las-fuentes-2019\/","og_site_name":"Made in Zaragoza","article_publisher":"https:\/\/www.facebook.com\/madeinzaragoza.es\/","article_published_time":"2019-06-09T13:38:05+00:00","article_modified_time":"2022-10-09T13:52:17+00:00","og_image":[{"width":833,"height":693,"url":"https:\/\/madeinzaragoza.es\/blog\/wp-content\/uploads\/2019\/05\/cartel-tiendas-fuentes-e1558618634976.png","type":"image\/png"}],"author":"Eventosmiz","twitter_card":"summary","twitter_creator":"@madeinzaragoza","twitter_site":"@madeinzaragoza","twitter_misc":{"Escrito por":"Eventosmiz","Tiempo de lectura":"10 minutos"},"schema":{"@context":"https:\/\/schema.org","@graph":[{"@type":"Article","@id":"https:\/\/madeinzaragoza.es\/blog\/participantes-en-la-noche-de-las-tiendas-creativas-las-fuentes-2019\/#article","isPartOf":{"@id":"https:\/\/madeinzaragoza.es\/blog\/participantes-en-la-noche-de-las-tiendas-creativas-las-fuentes-2019\/"},"author":{"name":"Eventosmiz","@id":"http:\/\/madeinzaragoza.es\/blog\/#\/schema\/person\/1aa454342f38d83daad4385d7dfd4291"},"headline":"Participantes en La Noche de las Tiendas Creativas Las Fuentes 2019","datePublished":"2019-06-09T13:38:05+00:00","dateModified":"2022-10-09T13:52:17+00:00","mainEntityOfPage":{"@id":"https:\/\/madeinzaragoza.es\/blog\/participantes-en-la-noche-de-las-tiendas-creativas-las-fuentes-2019\/"},"wordCount":2044,"commentCount":0,"publisher":{"@id":"http:\/\/madeinzaragoza.es\/blog\/#organization"},"keywords":["tiendas creativas"],"articleSection":["Qu\u00e9 hacer","Red MIZ"],"inLanguage":"es","potentialAction":[{"@type":"CommentAction","name":"Comment","target":["https:\/\/madeinzaragoza.es\/blog\/participantes-en-la-noche-de-las-tiendas-creativas-las-fuentes-2019\/#respond"]}]},{"@type":"WebPage","@id":"https:\/\/madeinzaragoza.es\/blog\/participantes-en-la-noche-de-las-tiendas-creativas-las-fuentes-2019\/","url":"https:\/\/madeinzaragoza.es\/blog\/participantes-en-la-noche-de-las-tiendas-creativas-las-fuentes-2019\/","name":"Participantes en La Noche de las Tiendas Creativas Las Fuentes 2019 - Made in Zaragoza","isPartOf":{"@id":"http:\/\/madeinzaragoza.es\/blog\/#website"},"datePublished":"2019-06-09T13:38:05+00:00","dateModified":"2022-10-09T13:52:17+00:00","description":"Celebramos la II Edici\u00f3n de la Noche de las Tiendas Creativas en Las Fuentes, res\u00e9rvate el 14 de junio de 2019 y visita este barrio de Zaragoza.","breadcrumb":{"@id":"https:\/\/madeinzaragoza.es\/blog\/participantes-en-la-noche-de-las-tiendas-creativas-las-fuentes-2019\/#breadcrumb"},"inLanguage":"es","potentialAction":[{"@type":"ReadAction","target":["https:\/\/madeinzaragoza.es\/blog\/participantes-en-la-noche-de-las-tiendas-creativas-las-fuentes-2019\/"]}]},{"@type":"BreadcrumbList","@id":"https:\/\/madeinzaragoza.es\/blog\/participantes-en-la-noche-de-las-tiendas-creativas-las-fuentes-2019\/#breadcrumb","itemListElement":[{"@type":"ListItem","position":1,"name":"Portada","item":"http:\/\/madeinzaragoza.es\/blog\/"},{"@type":"ListItem","position":2,"name":"Participantes en La Noche de las Tiendas Creativas Las Fuentes 2019"}]},{"@type":"WebSite","@id":"http:\/\/madeinzaragoza.es\/blog\/#website","url":"http:\/\/madeinzaragoza.es\/blog\/","name":"Made in Zaragoza","description":"Blog de MadeinZGZ, Red de Econom\u00eda Creativa de Zaragoza","publisher":{"@id":"http:\/\/madeinzaragoza.es\/blog\/#organization"},"potentialAction":[{"@type":"SearchAction","target":{"@type":"EntryPoint","urlTemplate":"http:\/\/madeinzaragoza.es\/blog\/?s={search_term_string}"},"query-input":"required name=search_term_string"}],"inLanguage":"es"},{"@type":"Organization","@id":"http:\/\/madeinzaragoza.es\/blog\/#organization","name":"Made In Zaragoza","url":"http:\/\/madeinzaragoza.es\/blog\/","sameAs":["https:\/\/www.instagram.com\/madeinzaragoza.es\/","https:\/\/www.facebook.com\/madeinzaragoza.es\/","https:\/\/twitter.com\/madeinzaragoza"],"logo":{"@type":"ImageObject","inLanguage":"es","@id":"http:\/\/madeinzaragoza.es\/blog\/#\/schema\/logo\/image\/","url":"https:\/\/madeinzaragoza.es\/blog\/wp-content\/uploads\/2022\/05\/logo.png","contentUrl":"https:\/\/madeinzaragoza.es\/blog\/wp-content\/uploads\/2022\/05\/logo.png","width":193,"height":176,"caption":"Made In Zaragoza"},"image":{"@id":"http:\/\/madeinzaragoza.es\/blog\/#\/schema\/logo\/image\/"}},{"@type":"Person","@id":"http:\/\/madeinzaragoza.es\/blog\/#\/schema\/person\/1aa454342f38d83daad4385d7dfd4291","name":"Eventosmiz","image":{"@type":"ImageObject","inLanguage":"es","@id":"http:\/\/madeinzaragoza.es\/blog\/#\/schema\/person\/image\/","url":"http:\/\/2.gravatar.com\/avatar\/86378eab1bcf251a9fe5872b8576f86c?s=96&d=mm&r=g","contentUrl":"http:\/\/2.gravatar.com\/avatar\/86378eab1bcf251a9fe5872b8576f86c?s=96&d=mm&r=g","caption":"Eventosmiz"},"url":"http:\/\/madeinzaragoza.es\/blog\/author\/eventosmiz\/"}]}},"_links":{"self":[{"href":"http:\/\/madeinzaragoza.es\/blog\/wp-json\/wp\/v2\/posts\/24847"}],"collection":[{"href":"http:\/\/madeinzaragoza.es\/blog\/wp-json\/wp\/v2\/posts"}],"about":[{"href":"http:\/\/madeinzaragoza.es\/blog\/wp-json\/wp\/v2\/types\/post"}],"author":[{"embeddable":true,"href":"http:\/\/madeinzaragoza.es\/blog\/wp-json\/wp\/v2\/users\/71"}],"replies":[{"embeddable":true,"href":"http:\/\/madeinzaragoza.es\/blog\/wp-json\/wp\/v2\/comments?post=24847"}],"version-history":[{"count":38,"href":"http:\/\/madeinzaragoza.es\/blog\/wp-json\/wp\/v2\/posts\/24847\/revisions"}],"predecessor-version":[{"id":36088,"href":"http:\/\/madeinzaragoza.es\/blog\/wp-json\/wp\/v2\/posts\/24847\/revisions\/36088"}],"wp:featuredmedia":[{"embeddable":true,"href":"http:\/\/madeinzaragoza.es\/blog\/wp-json\/wp\/v2\/media\/24866"}],"wp:attachment":[{"href":"http:\/\/madeinzaragoza.es\/blog\/wp-json\/wp\/v2\/media?parent=24847"}],"wp:term":[{"taxonomy":"category","embeddable":true,"href":"http:\/\/madeinzaragoza.es\/blog\/wp-json\/wp\/v2\/categories?post=24847"},{"taxonomy":"post_tag","embeddable":true,"href":"http:\/\/madeinzaragoza.es\/blog\/wp-json\/wp\/v2\/tags?post=24847"}],"curies":[{"name":"wp","href":"https:\/\/api.w.org\/{rel}","templated":true}]}}