{"id":24661,"date":"2019-05-07T21:02:06","date_gmt":"2019-05-07T20:02:06","guid":{"rendered":"http:\/\/madeinzaragoza.es\/blog\/?p=24661"},"modified":"2019-05-07T21:02:06","modified_gmt":"2019-05-07T20:02:06","slug":"sean-benditas-y-alabadas-miguel-angel-gil-andaluz-en-corner-miz-las-armas","status":"publish","type":"post","link":"http:\/\/madeinzaragoza.es\/blog\/sean-benditas-y-alabadas-miguel-angel-gil-andaluz-en-corner-miz-las-armas\/","title":{"rendered":"\u00a1\u00a1Sean benditas y alabadas!! Miguel \u00c1ngel Gil Andaluz en C\u00f3rner MIZ | Las Armas"},"content":{"rendered":"<h5><strong>C\u00f3rner MIZ 2019: Miguel \u00c1ngel Gil Andaluz.<\/strong><\/h5>\n<p>&nbsp;<\/p>\n<p>La segunda intervenci\u00f3n que ha realizado <a href=\"http:\/\/madeinzaragoza.es\/blog\/miguel-angel-gil-andaluz-de-la-escultura-a-la-performance\/\">Miguel \u00c1ngel Gil Andaluz<\/a> dentro del <a href=\"http:\/\/madeinzaragoza.es\/cornermiz\/\"><strong>proyecto C\u00f3rner MIZ<\/strong><\/a> se puede visitar en Zaragoza Activa Las Armas (Las Armas, 72) bajo el nombre \u00ab\u00a1\u00a1Sean benditas y alabadas!!\u00bb. En esta intervenci\u00f3n ef\u00edmera, el artista realiza un ejercicio de sincretismo ic\u00f3nico uniendo dos elementos que llevan juntos d\u00e9cadas y que forman parte del imaginario popular de Zaragoza: las bombas que se encuentra expuestas en la Bas\u00edlica del Pilar y la propia representaci\u00f3n de la Virgen.<\/p>\n<p>&nbsp;<\/p>\n<p>Miguel \u00c1ngel Gil juega con la <span class=\"ILfuVd NA6bn\">asimilaci\u00f3n de dos elementos diferentes para crear un nuevo elemento, su escultura, a modo de juego de yuxtaposici\u00f3n surrealista pero con la diferencia de que la uni\u00f3n de esos elementos, o m\u00e1s bien, la convivencia de esos elementos no responden a un delirio surrealista sino a una decisi\u00f3n consciente debido a un suceso hist\u00f3rico.<br \/>\n<\/span><\/p>\n<p>&nbsp;<\/p>\n<p><img loading=\"lazy\" decoding=\"async\" class=\"aligncenter size-full wp-image-24666\" src=\"http:\/\/madeinzaragoza.es\/blog\/wp-content\/uploads\/2019\/05\/benditasyalabadas_1.jpg\" alt=\"\" width=\"1200\" height=\"900\" srcset=\"http:\/\/madeinzaragoza.es\/blog\/wp-content\/uploads\/2019\/05\/benditasyalabadas_1.jpg 1200w, http:\/\/madeinzaragoza.es\/blog\/wp-content\/uploads\/2019\/05\/benditasyalabadas_1-300x225.jpg 300w, http:\/\/madeinzaragoza.es\/blog\/wp-content\/uploads\/2019\/05\/benditasyalabadas_1-768x576.jpg 768w, http:\/\/madeinzaragoza.es\/blog\/wp-content\/uploads\/2019\/05\/benditasyalabadas_1-1024x768.jpg 1024w\" sizes=\"(max-width: 709px) 85vw, (max-width: 909px) 67vw, (max-width: 1362px) 62vw, 840px\" \/><\/p>\n<p>&nbsp;<\/p>\n<p>La madrugada del 3 de agosto de 1936 un avi\u00f3n de la aviaci\u00f3n republicana -seg\u00fan la historia oficial que trascendi\u00f3- lanz\u00f3 cuatro bombas en\u00a0 la <strong>Bas\u00edlica del Pilar<\/strong> de Zaragoza durante la <strong>Guerra Civil<\/strong> espa\u00f1ola. Una de ellas cay\u00f3 al r\u00edo, dos impactaron en la cubierta de la bas\u00edlica y otra cay\u00f3 en la plaza donde qued\u00f3 clavada pero ninguno de esos proyectiles lanzados explot\u00f3 ya que no ten\u00edan espoleta. Este suceso provoc\u00f3 que las dos bombas que cayeron en el interior de la bas\u00edlica y que no explotaron se expusieran p\u00fablicamente en el interior del templo una zona cercana al acceso a la cripta y cerca de la virgen. Desde entonces y durante d\u00e9cadas, las bombas, unos artefactos b\u00e9licos, han podido verse expuestos en el templo religioso y varias generaciones las han podido ver al visitar la bas\u00edlica\u00a0(algo que sin duda, puede causar, cuando menos, cierto asombro) pasando a formar parte del imaginario popular de la ciudad.<\/p>\n<p>&nbsp;<\/p>\n<p><span class=\"ILfuVd NA6bn\">Este hecho es el punto de partida para la concepci\u00f3n de esta intervenci\u00f3n. El artista coge esos dos elementos que ya est\u00e1n ah\u00ed, los acerca y los combina creando una pieza nueva. Una obra con una gran fuerza visual y conceptual.<br \/>\n<\/span><\/p>\n<p>&nbsp;<\/p>\n<p>Junto a la escultura que combina la imagen de la virgen sobre una bomba, Miguel \u00c1ngel Gil Andaluz ha dispuesto tambi\u00e9n una cinta con los colores de la bandera republicana enmarcado en un viejo marco desgastado por el tiempo y el uso; bajo la cinta se puede leer la fecha \u00ab3 de agosto de 1936\u00bb. Tradicionalmente la cinta que <span class=\"ILfuVd\">representa la medida de la Virgen del Pilar es un trozo de seda de 40 x 2,5 cent\u00edmetros en la que est\u00e1 impreso un dibujo geom\u00e9trico equivalente a la altura de la Virgen de 36,5 cent\u00edmetros como lo expresa el texto grabado.<br \/>\n<\/span><\/p>\n<p>&nbsp;<\/p>\n<p><img loading=\"lazy\" decoding=\"async\" class=\"aligncenter size-full wp-image-24664\" src=\"http:\/\/madeinzaragoza.es\/blog\/wp-content\/uploads\/2019\/05\/benditasyalabadas_13.jpg\" alt=\"\" width=\"1200\" height=\"900\" srcset=\"http:\/\/madeinzaragoza.es\/blog\/wp-content\/uploads\/2019\/05\/benditasyalabadas_13.jpg 1200w, http:\/\/madeinzaragoza.es\/blog\/wp-content\/uploads\/2019\/05\/benditasyalabadas_13-300x225.jpg 300w, http:\/\/madeinzaragoza.es\/blog\/wp-content\/uploads\/2019\/05\/benditasyalabadas_13-768x576.jpg 768w, http:\/\/madeinzaragoza.es\/blog\/wp-content\/uploads\/2019\/05\/benditasyalabadas_13-1024x768.jpg 1024w\" sizes=\"(max-width: 709px) 85vw, (max-width: 909px) 67vw, (max-width: 1362px) 62vw, 840px\" \/> <img loading=\"lazy\" decoding=\"async\" class=\"aligncenter size-full wp-image-24663\" src=\"http:\/\/madeinzaragoza.es\/blog\/wp-content\/uploads\/2019\/05\/benditasyalabadas_12.jpg\" alt=\"\" width=\"1200\" height=\"900\" srcset=\"http:\/\/madeinzaragoza.es\/blog\/wp-content\/uploads\/2019\/05\/benditasyalabadas_12.jpg 1200w, http:\/\/madeinzaragoza.es\/blog\/wp-content\/uploads\/2019\/05\/benditasyalabadas_12-300x225.jpg 300w, http:\/\/madeinzaragoza.es\/blog\/wp-content\/uploads\/2019\/05\/benditasyalabadas_12-768x576.jpg 768w, http:\/\/madeinzaragoza.es\/blog\/wp-content\/uploads\/2019\/05\/benditasyalabadas_12-1024x768.jpg 1024w\" sizes=\"(max-width: 709px) 85vw, (max-width: 909px) 67vw, (max-width: 1362px) 62vw, 840px\" \/><\/p>\n<p>Adem\u00e1s, en la intervenci\u00f3n, incluye una reproducci\u00f3n de la portada del peri\u00f3dico Heraldo de Arag\u00f3n del d\u00eda siguiente al suceso de las bombas. Es la portada del d\u00eda 4 de agosto de 1936 dedicada en exclusiva al \u00abatentado salvaje\u00bb perpretado el d\u00eda anterior y en la que se indicaba \u00abLo verdaderamente extraordinario fue que ninguna de las tres bombas llegase a explotar. [\u0085] Milagrosamente, pues, se ha salvado nuestro primer templo de una segura cat\u00e1strofe\u00bb.<\/p>\n<p>&nbsp;<\/p>\n<p><img loading=\"lazy\" decoding=\"async\" class=\"aligncenter size-full wp-image-24665\" src=\"http:\/\/madeinzaragoza.es\/blog\/wp-content\/uploads\/2019\/05\/benditasyalabadas_14.jpg\" alt=\"\" width=\"1200\" height=\"1580\" srcset=\"http:\/\/madeinzaragoza.es\/blog\/wp-content\/uploads\/2019\/05\/benditasyalabadas_14.jpg 1200w, http:\/\/madeinzaragoza.es\/blog\/wp-content\/uploads\/2019\/05\/benditasyalabadas_14-228x300.jpg 228w, http:\/\/madeinzaragoza.es\/blog\/wp-content\/uploads\/2019\/05\/benditasyalabadas_14-768x1011.jpg 768w, http:\/\/madeinzaragoza.es\/blog\/wp-content\/uploads\/2019\/05\/benditasyalabadas_14-778x1024.jpg 778w\" sizes=\"(max-width: 709px) 85vw, (max-width: 909px) 67vw, (max-width: 1362px) 62vw, 840px\" \/><\/p>\n<p>&nbsp;<\/p>\n<p>Junto a estos tres elementos, tambi\u00e9n est\u00e1 escrito con vinilo negro sobre la pared el t\u00edtulo de la intervenci\u00f3n \u00ab<strong>\u00a1\u00a1Sean benditas y alabadas!!<\/strong>\u00ab. Con la combinaci\u00f3n de estos elementos, el artista nos plantea su intervenci\u00f3n con un <strong>discurso conceptual muy elaborado<\/strong> y en la que podemos ver de nuevo ese juego visual de combinaci\u00f3n de elementos aparentemente absurda y su fino sentido del humor y la iron\u00eda.<\/p>\n<p>&nbsp;<\/p>\n<p><img loading=\"lazy\" decoding=\"async\" class=\"aligncenter size-full wp-image-24667\" src=\"http:\/\/madeinzaragoza.es\/blog\/wp-content\/uploads\/2019\/05\/benditasyalabadas_2.jpg\" alt=\"\" width=\"1200\" height=\"814\" srcset=\"http:\/\/madeinzaragoza.es\/blog\/wp-content\/uploads\/2019\/05\/benditasyalabadas_2.jpg 1200w, http:\/\/madeinzaragoza.es\/blog\/wp-content\/uploads\/2019\/05\/benditasyalabadas_2-300x204.jpg 300w, http:\/\/madeinzaragoza.es\/blog\/wp-content\/uploads\/2019\/05\/benditasyalabadas_2-768x521.jpg 768w, http:\/\/madeinzaragoza.es\/blog\/wp-content\/uploads\/2019\/05\/benditasyalabadas_2-1024x695.jpg 1024w\" sizes=\"(max-width: 709px) 85vw, (max-width: 909px) 67vw, (max-width: 1362px) 62vw, 840px\" \/> <img loading=\"lazy\" decoding=\"async\" class=\"aligncenter size-full wp-image-24668\" src=\"http:\/\/madeinzaragoza.es\/blog\/wp-content\/uploads\/2019\/05\/benditasyalabadas_6.jpg\" alt=\"\" width=\"1200\" height=\"700\" srcset=\"http:\/\/madeinzaragoza.es\/blog\/wp-content\/uploads\/2019\/05\/benditasyalabadas_6.jpg 1200w, http:\/\/madeinzaragoza.es\/blog\/wp-content\/uploads\/2019\/05\/benditasyalabadas_6-300x175.jpg 300w, http:\/\/madeinzaragoza.es\/blog\/wp-content\/uploads\/2019\/05\/benditasyalabadas_6-768x448.jpg 768w, http:\/\/madeinzaragoza.es\/blog\/wp-content\/uploads\/2019\/05\/benditasyalabadas_6-1024x597.jpg 1024w\" sizes=\"(max-width: 709px) 85vw, (max-width: 909px) 67vw, (max-width: 1362px) 62vw, 840px\" \/><\/p>\n<p>La intervenci\u00f3n <strong>\u00ab\u00a1\u00a1Sean benditas y alabadas!!\u00bb<\/strong> de <strong>Miguel \u00c1ngel Gil Andaluz<\/strong> puede visitarse en Zaragoza Activas Las Armas (Las Armas, 72) hasta el 24 de mayo de lunes a viernes en horario de 09.00 a 14.00h y los domingos de apertura coincidiendo con los mercados de Las Armas.<\/p>\n<p>&nbsp;<\/p>\n","protected":false},"excerpt":{"rendered":"<p>C\u00f3rner MIZ 2019: Miguel \u00c1ngel Gil Andaluz. &nbsp; La segunda intervenci\u00f3n que ha realizado Miguel \u00c1ngel Gil Andaluz dentro del proyecto C\u00f3rner MIZ se puede visitar en Zaragoza Activa Las Armas (Las Armas, 72) bajo el nombre \u00ab\u00a1\u00a1Sean benditas y alabadas!!\u00bb. En esta intervenci\u00f3n ef\u00edmera, el artista realiza un ejercicio de sincretismo ic\u00f3nico uniendo dos &hellip; <a href=\"http:\/\/madeinzaragoza.es\/blog\/sean-benditas-y-alabadas-miguel-angel-gil-andaluz-en-corner-miz-las-armas\/\" class=\"more-link\">Continuar leyendo<span class=\"screen-reader-text\"> \u00ab\u00a1\u00a1Sean benditas y alabadas!! Miguel \u00c1ngel Gil Andaluz en C\u00f3rner MIZ | Las Armas\u00bb<\/span><\/a><\/p>\n","protected":false},"author":36,"featured_media":24666,"comment_status":"open","ping_status":"open","sticky":false,"template":"","format":"standard","meta":{"footnotes":""},"categories":[831],"tags":[834,1817,1504],"yoast_head":"<!-- This site is optimized with the Yoast SEO plugin v19.7.2 - https:\/\/yoast.com\/wordpress\/plugins\/seo\/ -->\n<title>\u00a1\u00a1Sean benditas y alabadas!! Miguel \u00c1ngel Gil Andaluz en C\u00f3rner MIZ | Las Armas - Made in Zaragoza<\/title>\n<meta name=\"robots\" content=\"index, follow, max-snippet:-1, max-image-preview:large, max-video-preview:-1\" \/>\n<link rel=\"canonical\" href=\"http:\/\/madeinzaragoza.es\/blog\/sean-benditas-y-alabadas-miguel-angel-gil-andaluz-en-corner-miz-las-armas\/\" \/>\n<meta property=\"og:locale\" content=\"es_ES\" \/>\n<meta property=\"og:type\" content=\"article\" \/>\n<meta property=\"og:title\" content=\"\u00a1\u00a1Sean benditas y alabadas!! Miguel \u00c1ngel Gil Andaluz en C\u00f3rner MIZ | Las Armas - Made in Zaragoza\" \/>\n<meta property=\"og:description\" content=\"C\u00f3rner MIZ 2019: Miguel \u00c1ngel Gil Andaluz. &nbsp; La segunda intervenci\u00f3n que ha realizado Miguel \u00c1ngel Gil Andaluz dentro del proyecto C\u00f3rner MIZ se puede visitar en Zaragoza Activa Las Armas (Las Armas, 72) bajo el nombre \u00ab\u00a1\u00a1Sean benditas y alabadas!!\u00bb. En esta intervenci\u00f3n ef\u00edmera, el artista realiza un ejercicio de sincretismo ic\u00f3nico uniendo dos &hellip; Continuar leyendo &quot;\u00a1\u00a1Sean benditas y alabadas!! Miguel \u00c1ngel Gil Andaluz en C\u00f3rner MIZ | Las Armas&quot;\" \/>\n<meta property=\"og:url\" content=\"http:\/\/madeinzaragoza.es\/blog\/sean-benditas-y-alabadas-miguel-angel-gil-andaluz-en-corner-miz-las-armas\/\" \/>\n<meta property=\"og:site_name\" content=\"Made in Zaragoza\" \/>\n<meta property=\"article:publisher\" content=\"https:\/\/www.facebook.com\/madeinzaragoza.es\/\" \/>\n<meta property=\"article:author\" content=\"zarayorkers\" \/>\n<meta property=\"article:published_time\" content=\"2019-05-07T20:02:06+00:00\" \/>\n<meta property=\"og:image\" content=\"http:\/\/madeinzaragoza.es\/blog\/wp-content\/uploads\/2019\/05\/benditasyalabadas_1.jpg\" \/>\n\t<meta property=\"og:image:width\" content=\"1200\" \/>\n\t<meta property=\"og:image:height\" content=\"900\" \/>\n\t<meta property=\"og:image:type\" content=\"image\/jpeg\" \/>\n<meta name=\"author\" content=\"Sergio Sevilla\" \/>\n<meta name=\"twitter:card\" content=\"summary\" \/>\n<meta name=\"twitter:creator\" content=\"@madeinzaragoza\" \/>\n<meta name=\"twitter:site\" content=\"@madeinzaragoza\" \/>\n<meta name=\"twitter:label1\" content=\"Escrito por\" \/>\n\t<meta name=\"twitter:data1\" content=\"Sergio Sevilla\" \/>\n\t<meta name=\"twitter:label2\" content=\"Tiempo de lectura\" \/>\n\t<meta name=\"twitter:data2\" content=\"3 minutos\" \/>\n<script type=\"application\/ld+json\" class=\"yoast-schema-graph\">{\"@context\":\"https:\/\/schema.org\",\"@graph\":[{\"@type\":\"Article\",\"@id\":\"http:\/\/madeinzaragoza.es\/blog\/sean-benditas-y-alabadas-miguel-angel-gil-andaluz-en-corner-miz-las-armas\/#article\",\"isPartOf\":{\"@id\":\"http:\/\/madeinzaragoza.es\/blog\/sean-benditas-y-alabadas-miguel-angel-gil-andaluz-en-corner-miz-las-armas\/\"},\"author\":{\"name\":\"Sergio Sevilla\",\"@id\":\"https:\/\/madeinzaragoza.es\/blog\/#\/schema\/person\/fd836a8fe1177b6200bc8deffc3ad342\"},\"headline\":\"\u00a1\u00a1Sean benditas y alabadas!! Miguel \u00c1ngel Gil Andaluz en C\u00f3rner MIZ | Las Armas\",\"datePublished\":\"2019-05-07T20:02:06+00:00\",\"dateModified\":\"2019-05-07T20:02:06+00:00\",\"mainEntityOfPage\":{\"@id\":\"http:\/\/madeinzaragoza.es\/blog\/sean-benditas-y-alabadas-miguel-angel-gil-andaluz-en-corner-miz-las-armas\/\"},\"wordCount\":700,\"commentCount\":2,\"publisher\":{\"@id\":\"https:\/\/madeinzaragoza.es\/blog\/#organization\"},\"keywords\":[\"Corner MIZ\",\"C\u00f3rner MIZ Las Armas\",\"Miguel \u00c1ngel Gil Andaluz\"],\"articleSection\":[\"CornerMIZ\"],\"inLanguage\":\"es\",\"potentialAction\":[{\"@type\":\"CommentAction\",\"name\":\"Comment\",\"target\":[\"http:\/\/madeinzaragoza.es\/blog\/sean-benditas-y-alabadas-miguel-angel-gil-andaluz-en-corner-miz-las-armas\/#respond\"]}]},{\"@type\":\"WebPage\",\"@id\":\"http:\/\/madeinzaragoza.es\/blog\/sean-benditas-y-alabadas-miguel-angel-gil-andaluz-en-corner-miz-las-armas\/\",\"url\":\"http:\/\/madeinzaragoza.es\/blog\/sean-benditas-y-alabadas-miguel-angel-gil-andaluz-en-corner-miz-las-armas\/\",\"name\":\"\u00a1\u00a1Sean benditas y alabadas!! Miguel \u00c1ngel Gil Andaluz en C\u00f3rner MIZ | Las Armas - Made in Zaragoza\",\"isPartOf\":{\"@id\":\"https:\/\/madeinzaragoza.es\/blog\/#website\"},\"datePublished\":\"2019-05-07T20:02:06+00:00\",\"dateModified\":\"2019-05-07T20:02:06+00:00\",\"breadcrumb\":{\"@id\":\"http:\/\/madeinzaragoza.es\/blog\/sean-benditas-y-alabadas-miguel-angel-gil-andaluz-en-corner-miz-las-armas\/#breadcrumb\"},\"inLanguage\":\"es\",\"potentialAction\":[{\"@type\":\"ReadAction\",\"target\":[\"http:\/\/madeinzaragoza.es\/blog\/sean-benditas-y-alabadas-miguel-angel-gil-andaluz-en-corner-miz-las-armas\/\"]}]},{\"@type\":\"BreadcrumbList\",\"@id\":\"http:\/\/madeinzaragoza.es\/blog\/sean-benditas-y-alabadas-miguel-angel-gil-andaluz-en-corner-miz-las-armas\/#breadcrumb\",\"itemListElement\":[{\"@type\":\"ListItem\",\"position\":1,\"name\":\"Portada\",\"item\":\"https:\/\/madeinzaragoza.es\/blog\/\"},{\"@type\":\"ListItem\",\"position\":2,\"name\":\"\u00a1\u00a1Sean benditas y alabadas!! Miguel \u00c1ngel Gil Andaluz en C\u00f3rner MIZ | Las Armas\"}]},{\"@type\":\"WebSite\",\"@id\":\"https:\/\/madeinzaragoza.es\/blog\/#website\",\"url\":\"https:\/\/madeinzaragoza.es\/blog\/\",\"name\":\"Made in Zaragoza\",\"description\":\"Blog de MadeinZGZ, Red de Econom\u00eda Creativa de Zaragoza\",\"publisher\":{\"@id\":\"https:\/\/madeinzaragoza.es\/blog\/#organization\"},\"potentialAction\":[{\"@type\":\"SearchAction\",\"target\":{\"@type\":\"EntryPoint\",\"urlTemplate\":\"https:\/\/madeinzaragoza.es\/blog\/?s={search_term_string}\"},\"query-input\":\"required name=search_term_string\"}],\"inLanguage\":\"es\"},{\"@type\":\"Organization\",\"@id\":\"https:\/\/madeinzaragoza.es\/blog\/#organization\",\"name\":\"Made In Zaragoza\",\"url\":\"https:\/\/madeinzaragoza.es\/blog\/\",\"sameAs\":[\"https:\/\/www.instagram.com\/madeinzaragoza.es\/\",\"https:\/\/www.facebook.com\/madeinzaragoza.es\/\",\"https:\/\/twitter.com\/madeinzaragoza\"],\"logo\":{\"@type\":\"ImageObject\",\"inLanguage\":\"es\",\"@id\":\"https:\/\/madeinzaragoza.es\/blog\/#\/schema\/logo\/image\/\",\"url\":\"https:\/\/madeinzaragoza.es\/blog\/wp-content\/uploads\/2022\/05\/logo.png\",\"contentUrl\":\"https:\/\/madeinzaragoza.es\/blog\/wp-content\/uploads\/2022\/05\/logo.png\",\"width\":193,\"height\":176,\"caption\":\"Made In Zaragoza\"},\"image\":{\"@id\":\"https:\/\/madeinzaragoza.es\/blog\/#\/schema\/logo\/image\/\"}},{\"@type\":\"Person\",\"@id\":\"https:\/\/madeinzaragoza.es\/blog\/#\/schema\/person\/fd836a8fe1177b6200bc8deffc3ad342\",\"name\":\"Sergio Sevilla\",\"image\":{\"@type\":\"ImageObject\",\"inLanguage\":\"es\",\"@id\":\"https:\/\/madeinzaragoza.es\/blog\/#\/schema\/person\/image\/\",\"url\":\"http:\/\/1.gravatar.com\/avatar\/4a59e3901b7e749c4e3750c4fd5d0b43?s=96&d=mm&r=g\",\"contentUrl\":\"http:\/\/1.gravatar.com\/avatar\/4a59e3901b7e749c4e3750c4fd5d0b43?s=96&d=mm&r=g\",\"caption\":\"Sergio Sevilla\"},\"description\":\"Gesti\u00f3n e Innovaci\u00f3n cultural (I+C) Mi trabajo se basa en la b\u00fasqueda de conexiones culturales en espacios de tr\u00e1nsito. Soy director y programador de proyectos culturales. He coordinado el espacio C\u00f3rner MIZ de Made in Zaragoza y, en la actualidad, me dedico a investigar, documentar y poner en valor el muralismo cer\u00e1mico de los a\u00f1os 60, 70 y 80 de Zaragoza y su relaci\u00f3n con los entornos arquitect\u00f3nicos y decorativos de la \u00e9poca. Descubre el perfil de @ZaragozaModerna en Instagram. Take a walk on the Art side.\",\"sameAs\":[\"zarayorkers\",\"@zaragozamoderna\",\"\/sergiosevillatabernero\"],\"url\":\"http:\/\/madeinzaragoza.es\/blog\/author\/sergiosevilla\/\"}]}<\/script>\n<!-- \/ Yoast SEO plugin. -->","yoast_head_json":{"title":"\u00a1\u00a1Sean benditas y alabadas!! Miguel \u00c1ngel Gil Andaluz en C\u00f3rner MIZ | Las Armas - Made in Zaragoza","robots":{"index":"index","follow":"follow","max-snippet":"max-snippet:-1","max-image-preview":"max-image-preview:large","max-video-preview":"max-video-preview:-1"},"canonical":"http:\/\/madeinzaragoza.es\/blog\/sean-benditas-y-alabadas-miguel-angel-gil-andaluz-en-corner-miz-las-armas\/","og_locale":"es_ES","og_type":"article","og_title":"\u00a1\u00a1Sean benditas y alabadas!! Miguel \u00c1ngel Gil Andaluz en C\u00f3rner MIZ | Las Armas - Made in Zaragoza","og_description":"C\u00f3rner MIZ 2019: Miguel \u00c1ngel Gil Andaluz. &nbsp; La segunda intervenci\u00f3n que ha realizado Miguel \u00c1ngel Gil Andaluz dentro del proyecto C\u00f3rner MIZ se puede visitar en Zaragoza Activa Las Armas (Las Armas, 72) bajo el nombre \u00ab\u00a1\u00a1Sean benditas y alabadas!!\u00bb. En esta intervenci\u00f3n ef\u00edmera, el artista realiza un ejercicio de sincretismo ic\u00f3nico uniendo dos &hellip; Continuar leyendo \"\u00a1\u00a1Sean benditas y alabadas!! Miguel \u00c1ngel Gil Andaluz en C\u00f3rner MIZ | Las Armas\"","og_url":"http:\/\/madeinzaragoza.es\/blog\/sean-benditas-y-alabadas-miguel-angel-gil-andaluz-en-corner-miz-las-armas\/","og_site_name":"Made in Zaragoza","article_publisher":"https:\/\/www.facebook.com\/madeinzaragoza.es\/","article_author":"zarayorkers","article_published_time":"2019-05-07T20:02:06+00:00","og_image":[{"width":1200,"height":900,"url":"http:\/\/madeinzaragoza.es\/blog\/wp-content\/uploads\/2019\/05\/benditasyalabadas_1.jpg","type":"image\/jpeg"}],"author":"Sergio Sevilla","twitter_card":"summary","twitter_creator":"@madeinzaragoza","twitter_site":"@madeinzaragoza","twitter_misc":{"Escrito por":"Sergio Sevilla","Tiempo de lectura":"3 minutos"},"schema":{"@context":"https:\/\/schema.org","@graph":[{"@type":"Article","@id":"http:\/\/madeinzaragoza.es\/blog\/sean-benditas-y-alabadas-miguel-angel-gil-andaluz-en-corner-miz-las-armas\/#article","isPartOf":{"@id":"http:\/\/madeinzaragoza.es\/blog\/sean-benditas-y-alabadas-miguel-angel-gil-andaluz-en-corner-miz-las-armas\/"},"author":{"name":"Sergio Sevilla","@id":"https:\/\/madeinzaragoza.es\/blog\/#\/schema\/person\/fd836a8fe1177b6200bc8deffc3ad342"},"headline":"\u00a1\u00a1Sean benditas y alabadas!! Miguel \u00c1ngel Gil Andaluz en C\u00f3rner MIZ | Las Armas","datePublished":"2019-05-07T20:02:06+00:00","dateModified":"2019-05-07T20:02:06+00:00","mainEntityOfPage":{"@id":"http:\/\/madeinzaragoza.es\/blog\/sean-benditas-y-alabadas-miguel-angel-gil-andaluz-en-corner-miz-las-armas\/"},"wordCount":700,"commentCount":2,"publisher":{"@id":"https:\/\/madeinzaragoza.es\/blog\/#organization"},"keywords":["Corner MIZ","C\u00f3rner MIZ Las Armas","Miguel \u00c1ngel Gil Andaluz"],"articleSection":["CornerMIZ"],"inLanguage":"es","potentialAction":[{"@type":"CommentAction","name":"Comment","target":["http:\/\/madeinzaragoza.es\/blog\/sean-benditas-y-alabadas-miguel-angel-gil-andaluz-en-corner-miz-las-armas\/#respond"]}]},{"@type":"WebPage","@id":"http:\/\/madeinzaragoza.es\/blog\/sean-benditas-y-alabadas-miguel-angel-gil-andaluz-en-corner-miz-las-armas\/","url":"http:\/\/madeinzaragoza.es\/blog\/sean-benditas-y-alabadas-miguel-angel-gil-andaluz-en-corner-miz-las-armas\/","name":"\u00a1\u00a1Sean benditas y alabadas!! Miguel \u00c1ngel Gil Andaluz en C\u00f3rner MIZ | Las Armas - Made in Zaragoza","isPartOf":{"@id":"https:\/\/madeinzaragoza.es\/blog\/#website"},"datePublished":"2019-05-07T20:02:06+00:00","dateModified":"2019-05-07T20:02:06+00:00","breadcrumb":{"@id":"http:\/\/madeinzaragoza.es\/blog\/sean-benditas-y-alabadas-miguel-angel-gil-andaluz-en-corner-miz-las-armas\/#breadcrumb"},"inLanguage":"es","potentialAction":[{"@type":"ReadAction","target":["http:\/\/madeinzaragoza.es\/blog\/sean-benditas-y-alabadas-miguel-angel-gil-andaluz-en-corner-miz-las-armas\/"]}]},{"@type":"BreadcrumbList","@id":"http:\/\/madeinzaragoza.es\/blog\/sean-benditas-y-alabadas-miguel-angel-gil-andaluz-en-corner-miz-las-armas\/#breadcrumb","itemListElement":[{"@type":"ListItem","position":1,"name":"Portada","item":"https:\/\/madeinzaragoza.es\/blog\/"},{"@type":"ListItem","position":2,"name":"\u00a1\u00a1Sean benditas y alabadas!! Miguel \u00c1ngel Gil Andaluz en C\u00f3rner MIZ | Las Armas"}]},{"@type":"WebSite","@id":"https:\/\/madeinzaragoza.es\/blog\/#website","url":"https:\/\/madeinzaragoza.es\/blog\/","name":"Made in Zaragoza","description":"Blog de MadeinZGZ, Red de Econom\u00eda Creativa de Zaragoza","publisher":{"@id":"https:\/\/madeinzaragoza.es\/blog\/#organization"},"potentialAction":[{"@type":"SearchAction","target":{"@type":"EntryPoint","urlTemplate":"https:\/\/madeinzaragoza.es\/blog\/?s={search_term_string}"},"query-input":"required name=search_term_string"}],"inLanguage":"es"},{"@type":"Organization","@id":"https:\/\/madeinzaragoza.es\/blog\/#organization","name":"Made In Zaragoza","url":"https:\/\/madeinzaragoza.es\/blog\/","sameAs":["https:\/\/www.instagram.com\/madeinzaragoza.es\/","https:\/\/www.facebook.com\/madeinzaragoza.es\/","https:\/\/twitter.com\/madeinzaragoza"],"logo":{"@type":"ImageObject","inLanguage":"es","@id":"https:\/\/madeinzaragoza.es\/blog\/#\/schema\/logo\/image\/","url":"https:\/\/madeinzaragoza.es\/blog\/wp-content\/uploads\/2022\/05\/logo.png","contentUrl":"https:\/\/madeinzaragoza.es\/blog\/wp-content\/uploads\/2022\/05\/logo.png","width":193,"height":176,"caption":"Made In Zaragoza"},"image":{"@id":"https:\/\/madeinzaragoza.es\/blog\/#\/schema\/logo\/image\/"}},{"@type":"Person","@id":"https:\/\/madeinzaragoza.es\/blog\/#\/schema\/person\/fd836a8fe1177b6200bc8deffc3ad342","name":"Sergio Sevilla","image":{"@type":"ImageObject","inLanguage":"es","@id":"https:\/\/madeinzaragoza.es\/blog\/#\/schema\/person\/image\/","url":"http:\/\/1.gravatar.com\/avatar\/4a59e3901b7e749c4e3750c4fd5d0b43?s=96&d=mm&r=g","contentUrl":"http:\/\/1.gravatar.com\/avatar\/4a59e3901b7e749c4e3750c4fd5d0b43?s=96&d=mm&r=g","caption":"Sergio Sevilla"},"description":"Gesti\u00f3n e Innovaci\u00f3n cultural (I+C) Mi trabajo se basa en la b\u00fasqueda de conexiones culturales en espacios de tr\u00e1nsito. Soy director y programador de proyectos culturales. He coordinado el espacio C\u00f3rner MIZ de Made in Zaragoza y, en la actualidad, me dedico a investigar, documentar y poner en valor el muralismo cer\u00e1mico de los a\u00f1os 60, 70 y 80 de Zaragoza y su relaci\u00f3n con los entornos arquitect\u00f3nicos y decorativos de la \u00e9poca. Descubre el perfil de @ZaragozaModerna en Instagram. Take a walk on the Art side.","sameAs":["zarayorkers","@zaragozamoderna","\/sergiosevillatabernero"],"url":"http:\/\/madeinzaragoza.es\/blog\/author\/sergiosevilla\/"}]}},"_links":{"self":[{"href":"http:\/\/madeinzaragoza.es\/blog\/wp-json\/wp\/v2\/posts\/24661"}],"collection":[{"href":"http:\/\/madeinzaragoza.es\/blog\/wp-json\/wp\/v2\/posts"}],"about":[{"href":"http:\/\/madeinzaragoza.es\/blog\/wp-json\/wp\/v2\/types\/post"}],"author":[{"embeddable":true,"href":"http:\/\/madeinzaragoza.es\/blog\/wp-json\/wp\/v2\/users\/36"}],"replies":[{"embeddable":true,"href":"http:\/\/madeinzaragoza.es\/blog\/wp-json\/wp\/v2\/comments?post=24661"}],"version-history":[{"count":8,"href":"http:\/\/madeinzaragoza.es\/blog\/wp-json\/wp\/v2\/posts\/24661\/revisions"}],"predecessor-version":[{"id":24679,"href":"http:\/\/madeinzaragoza.es\/blog\/wp-json\/wp\/v2\/posts\/24661\/revisions\/24679"}],"wp:featuredmedia":[{"embeddable":true,"href":"http:\/\/madeinzaragoza.es\/blog\/wp-json\/wp\/v2\/media\/24666"}],"wp:attachment":[{"href":"http:\/\/madeinzaragoza.es\/blog\/wp-json\/wp\/v2\/media?parent=24661"}],"wp:term":[{"taxonomy":"category","embeddable":true,"href":"http:\/\/madeinzaragoza.es\/blog\/wp-json\/wp\/v2\/categories?post=24661"},{"taxonomy":"post_tag","embeddable":true,"href":"http:\/\/madeinzaragoza.es\/blog\/wp-json\/wp\/v2\/tags?post=24661"}],"curies":[{"name":"wp","href":"https:\/\/api.w.org\/{rel}","templated":true}]}}