{"id":23955,"date":"2019-03-06T08:07:00","date_gmt":"2019-03-06T07:07:00","guid":{"rendered":"http:\/\/madeinzaragoza.es\/blog\/?p=23955"},"modified":"2019-03-06T17:58:00","modified_gmt":"2019-03-06T16:58:00","slug":"andrea-lacoma","status":"publish","type":"post","link":"http:\/\/madeinzaragoza.es\/blog\/andrea-lacoma\/","title":{"rendered":"Andrea Lacoma, tecnolog\u00eda al servicio de las personas"},"content":{"rendered":"<p id=\"docs-internal-guid-bff5b218-3e9e-9d82-a6c7-f378d8a38c33\" dir=\"ltr\" style=\"font-size: 12px; line-height: 1.38; margin-top: 0pt; margin-bottom: 0pt;\"><strong><span style=\"font-size: 11pt; font-family: Arial; color: #222222; vertical-align: baseline;\">Mujer, zaragozana, emprendedora, investigadora, tecn\u00f3loga<\/span><span style=\"font-size: 11pt; font-family: Arial; color: #222222; vertical-align: baseline;\">, joven aunque sobradamente preparada. \u00bfQui\u00e9n es Andrea Lacoma que partes de ella me he dejado en esta descripci\u00f3n?<\/span><\/strong><\/p>\n<p dir=\"ltr\">\n<p dir=\"ltr\" style=\"font-size: 12px; line-height: 1.38; margin-top: 0pt; margin-bottom: 0pt;\"><em><span style=\"font-size: 11pt; font-family: Arial; color: #222222; vertical-align: baseline;\">\u00abSoy una persona que se forma y se prepara para un proyecto en el que cree, que se ilusiona y que trabaja cada d\u00eda por sacarlo adelante, lo que har\u00eda cualquier emprendedor\/a con un proyecto por el que apuesta.\u00bb<\/span><\/em><\/p>\n<p dir=\"ltr\">\n<p dir=\"ltr\" style=\"font-size: 12px; line-height: 1.38; margin-top: 0pt; margin-bottom: 0pt;\"><strong><span style=\"font-size: 11pt; font-family: Arial; color: #222222; vertical-align: baseline;\">Tu proyecto empresarial Blipol, fue en inicio una spinup <\/span><span style=\"font-size: 11pt; font-family: Arial; color: #222222; vertical-align: baseline;\">creada desde UNIZAR. Imagino que ser\u00e1 un proyecto desarrollado con otros compa\u00f1eros o compa\u00f1eras. Cu\u00e9ntanos en qu\u00e9 consiste y cual fue tu papel, cual es ahora que ya es un proyecto conocido y consolidado.<\/span><\/strong><\/p>\n<p dir=\"ltr\">\n<p dir=\"ltr\" style=\"font-size: 12px; line-height: 1.38; margin-top: 0pt; margin-bottom: 0pt;\"><em><span style=\"font-size: 11pt; font-family: Arial; color: #222222; vertical-align: baseline;\">\u00abEntre tres mujeres creamos Blipol HR Analytics en 2017. Naci\u00f3 como una idea, una idea que nos ilusionaba tanto y le ve\u00edamos tantas posibilidades que le fuimos dando forma, hasta convertirla en lo que es hoy.<\/span><\/em><\/p>\n<p dir=\"ltr\">\n<p dir=\"ltr\" style=\"font-size: 12px; line-height: 1.38; margin-top: 0pt; margin-bottom: 0pt;\"><em><span style=\"font-size: 11pt; font-family: Arial; color: #222222; vertical-align: baseline;\">Blipol HR Analytics es una herramienta de diagn\u00f3stico y consultor\u00eda a tiempo real que busca potenciar la felicidad de los empleados en la empresa y optimizar liderazgos, gracias al desarrollo de un software propio y a una metodolog\u00eda validada.\u00bb<\/span><\/em><\/p>\n<p dir=\"ltr\">\n<p dir=\"ltr\" style=\"font-size: 12px; line-height: 1.38; margin-top: 0pt; margin-bottom: 0pt;\"><strong><em><span style=\"font-size: 11pt; font-family: Arial; color: #222222; vertical-align: baseline;\">Es una tendencia que se est\u00e1 mitigando\u2026la brecha salarial existe? Imagino que tratando de lo que trata vuestro proyecto esto lo tendr\u00e9is m\u00e1s que estudiado ;)))<\/span><\/em><\/strong><\/p>\n<p dir=\"ltr\">\n<p dir=\"ltr\" style=\"font-size: 12px; line-height: 1.38; margin-top: 0pt; margin-bottom: 0pt;\"><em><span style=\"font-size: 11pt; font-family: Arial; color: #222222; vertical-align: baseline;\">\u00abSi, la brecha salarial existe. De hecho, en un estudio que realizamos junto a Ayanet Recursos Humanos, d\u00f3nde analizamos m\u00e1s de 11.000 profesionales de Arag\u00f3n, vimos que todav\u00eda, entre los millennials, las mujeres ganan, de media, 2.500 euros menos al a\u00f1o que los hombres de la misma generaci\u00f3n.<\/span><\/em><\/p>\n<p dir=\"ltr\">\n<p dir=\"ltr\" style=\"font-size: 12px; line-height: 1.38; margin-top: 0pt; margin-bottom: 0pt;\"><em><span style=\"font-size: 11pt; font-family: Arial; color: #222222; vertical-align: baseline;\">La parte positiva es que que somos cada vez m\u00e1s conscientes de que existe y de que hay cada vez m\u00e1s gente favorable a la igualdad y que rechazan la discriminaci\u00f3n a la mujer, en cualquiera de sus facetas.\u00bb<\/span><\/em><\/p>\n<p dir=\"ltr\">\n<p dir=\"ltr\" style=\"font-size: 12px; line-height: 1.38; margin-top: 0pt; margin-bottom: 0pt;\"><strong><span style=\"font-size: 11pt; font-family: Arial; color: #222222; vertical-align: baseline;\">Un sue\u00f1o o un deseo para los pr\u00f3ximos meses para vuestro proyecto&#8230;<\/span><\/strong><\/p>\n<p dir=\"ltr\">\n<p dir=\"ltr\" style=\"font-size: 12px; line-height: 1.38; margin-top: 0pt; margin-bottom: 0pt;\"><em><span style=\"font-size: 11pt; font-family: Arial; color: #222222; vertical-align: baseline;\">\u00abNos gustar\u00eda ganar en visibilidad, seguir d\u00e1ndonos a conocer en las empresas nacionales. Estamos dando los primeros pasos en el mercado internacional, y nuestro deseo en este 2019 es consolidarnos en el mercado ingl\u00e9s.\u00bb<\/span><\/em><\/p>\n<p dir=\"ltr\">\n<p dir=\"ltr\" style=\"font-size: 12px; line-height: 1.38; margin-top: 0pt; margin-bottom: 0pt;\"><strong><span style=\"font-size: 11pt; font-family: Arial; color: #222222; vertical-align: baseline;\">Un deseo en voz alta para celebrar o reivindicar este pr\u00f3ximo 8 de marzo<\/span><\/strong><\/p>\n<p dir=\"ltr\">\n<p dir=\"ltr\" style=\"font-size: 12px; line-height: 1.38; margin-top: 0pt; margin-bottom: 0pt;\"><span style=\"font-size: 11pt; font-family: Arial; color: #222222; vertical-align: baseline;\"><em><span style=\"font-size: 11pt;\">\u00abMi deseo es que cese la violencia contra las mujeres, acabar con hacer de ella un problema peque\u00f1o. No puede ser que a\u00fan exista violencia y se maten mujeres por el simple hecho de serlo: esta es la principal prioridad que tenemos que solucionar, aunque luego nos queden muchas otras.\u00bb<\/span><\/em><\/span><\/p>\n","protected":false},"excerpt":{"rendered":"<p>Mujer, zaragozana, emprendedora, investigadora, tecn\u00f3loga, joven aunque sobradamente preparada. \u00bfQui\u00e9n es Andrea Lacoma que partes de ella me he dejado en esta descripci\u00f3n? \u00abSoy una persona que se forma y se prepara para un proyecto en el que cree, que se ilusiona y que trabaja cada d\u00eda por sacarlo adelante, lo que har\u00eda cualquier emprendedor\/a &hellip; <a href=\"http:\/\/madeinzaragoza.es\/blog\/andrea-lacoma\/\" class=\"more-link\">Continuar leyendo<span class=\"screen-reader-text\"> \u00abAndrea Lacoma, tecnolog\u00eda al servicio de las personas\u00bb<\/span><\/a><\/p>\n","protected":false},"author":52,"featured_media":23956,"comment_status":"open","ping_status":"open","sticky":false,"template":"","format":"standard","meta":{"footnotes":""},"categories":[6],"tags":[660,1119,1963],"yoast_head":"<!-- This site is optimized with the Yoast SEO plugin v19.7.2 - https:\/\/yoast.com\/wordpress\/plugins\/seo\/ -->\n<title>Andrea Lacoma, tecnolog\u00eda al servicio de las personas - Made in Zaragoza<\/title>\n<meta name=\"robots\" content=\"index, follow, max-snippet:-1, max-image-preview:large, max-video-preview:-1\" \/>\n<link rel=\"canonical\" href=\"http:\/\/madeinzaragoza.es\/blog\/andrea-lacoma\/\" \/>\n<meta property=\"og:locale\" content=\"es_ES\" \/>\n<meta property=\"og:type\" content=\"article\" \/>\n<meta property=\"og:title\" content=\"Andrea Lacoma, tecnolog\u00eda al servicio de las personas - Made in Zaragoza\" \/>\n<meta property=\"og:description\" content=\"Mujer, zaragozana, emprendedora, investigadora, tecn\u00f3loga, joven aunque sobradamente preparada. \u00bfQui\u00e9n es Andrea Lacoma que partes de ella me he dejado en esta descripci\u00f3n? \u00abSoy una persona que se forma y se prepara para un proyecto en el que cree, que se ilusiona y que trabaja cada d\u00eda por sacarlo adelante, lo que har\u00eda cualquier emprendedor\/a &hellip; Continuar leyendo &quot;Andrea Lacoma, tecnolog\u00eda al servicio de las personas&quot;\" \/>\n<meta property=\"og:url\" content=\"http:\/\/madeinzaragoza.es\/blog\/andrea-lacoma\/\" \/>\n<meta property=\"og:site_name\" content=\"Made in Zaragoza\" \/>\n<meta property=\"article:publisher\" content=\"https:\/\/www.facebook.com\/madeinzaragoza.es\/\" \/>\n<meta property=\"article:published_time\" content=\"2019-03-06T07:07:00+00:00\" \/>\n<meta property=\"article:modified_time\" content=\"2019-03-06T16:58:00+00:00\" \/>\n<meta property=\"og:image\" content=\"http:\/\/madeinzaragoza.es\/blog\/wp-content\/uploads\/2019\/03\/2f283b08-b0c3-4a78-83a3-fb1957de5151.jpg\" \/>\n\t<meta property=\"og:image:width\" content=\"1600\" \/>\n\t<meta property=\"og:image:height\" content=\"1200\" \/>\n\t<meta property=\"og:image:type\" content=\"image\/jpeg\" \/>\n<meta name=\"author\" content=\"Angela Medrano\" \/>\n<meta name=\"twitter:card\" content=\"summary\" \/>\n<meta name=\"twitter:creator\" content=\"@madeinzaragoza\" \/>\n<meta name=\"twitter:site\" content=\"@madeinzaragoza\" \/>\n<meta name=\"twitter:label1\" content=\"Escrito por\" \/>\n\t<meta name=\"twitter:data1\" content=\"Angela Medrano\" \/>\n\t<meta name=\"twitter:label2\" content=\"Tiempo de lectura\" \/>\n\t<meta name=\"twitter:data2\" content=\"2 minutos\" \/>\n<script type=\"application\/ld+json\" class=\"yoast-schema-graph\">{\"@context\":\"https:\/\/schema.org\",\"@graph\":[{\"@type\":\"Article\",\"@id\":\"http:\/\/madeinzaragoza.es\/blog\/andrea-lacoma\/#article\",\"isPartOf\":{\"@id\":\"http:\/\/madeinzaragoza.es\/blog\/andrea-lacoma\/\"},\"author\":{\"name\":\"Angela Medrano\",\"@id\":\"http:\/\/madeinzaragoza.es\/blog\/#\/schema\/person\/e806dba8166aaf8b7e464f2847493c2a\"},\"headline\":\"Andrea Lacoma, tecnolog\u00eda al servicio de las personas\",\"datePublished\":\"2019-03-06T07:07:00+00:00\",\"dateModified\":\"2019-03-06T16:58:00+00:00\",\"mainEntityOfPage\":{\"@id\":\"http:\/\/madeinzaragoza.es\/blog\/andrea-lacoma\/\"},\"wordCount\":439,\"commentCount\":0,\"publisher\":{\"@id\":\"http:\/\/madeinzaragoza.es\/blog\/#organization\"},\"keywords\":[\"emprendedoras\",\"ingenieros\",\"UNIZAR\"],\"articleSection\":[\"Gente\"],\"inLanguage\":\"es\",\"potentialAction\":[{\"@type\":\"CommentAction\",\"name\":\"Comment\",\"target\":[\"http:\/\/madeinzaragoza.es\/blog\/andrea-lacoma\/#respond\"]}]},{\"@type\":\"WebPage\",\"@id\":\"http:\/\/madeinzaragoza.es\/blog\/andrea-lacoma\/\",\"url\":\"http:\/\/madeinzaragoza.es\/blog\/andrea-lacoma\/\",\"name\":\"Andrea Lacoma, tecnolog\u00eda al servicio de las personas - Made in Zaragoza\",\"isPartOf\":{\"@id\":\"http:\/\/madeinzaragoza.es\/blog\/#website\"},\"datePublished\":\"2019-03-06T07:07:00+00:00\",\"dateModified\":\"2019-03-06T16:58:00+00:00\",\"breadcrumb\":{\"@id\":\"http:\/\/madeinzaragoza.es\/blog\/andrea-lacoma\/#breadcrumb\"},\"inLanguage\":\"es\",\"potentialAction\":[{\"@type\":\"ReadAction\",\"target\":[\"http:\/\/madeinzaragoza.es\/blog\/andrea-lacoma\/\"]}]},{\"@type\":\"BreadcrumbList\",\"@id\":\"http:\/\/madeinzaragoza.es\/blog\/andrea-lacoma\/#breadcrumb\",\"itemListElement\":[{\"@type\":\"ListItem\",\"position\":1,\"name\":\"Portada\",\"item\":\"http:\/\/madeinzaragoza.es\/blog\/\"},{\"@type\":\"ListItem\",\"position\":2,\"name\":\"Andrea Lacoma, tecnolog\u00eda al servicio de las personas\"}]},{\"@type\":\"WebSite\",\"@id\":\"http:\/\/madeinzaragoza.es\/blog\/#website\",\"url\":\"http:\/\/madeinzaragoza.es\/blog\/\",\"name\":\"Made in Zaragoza\",\"description\":\"Blog de MadeinZGZ, Red de Econom\u00eda Creativa de Zaragoza\",\"publisher\":{\"@id\":\"http:\/\/madeinzaragoza.es\/blog\/#organization\"},\"potentialAction\":[{\"@type\":\"SearchAction\",\"target\":{\"@type\":\"EntryPoint\",\"urlTemplate\":\"http:\/\/madeinzaragoza.es\/blog\/?s={search_term_string}\"},\"query-input\":\"required name=search_term_string\"}],\"inLanguage\":\"es\"},{\"@type\":\"Organization\",\"@id\":\"http:\/\/madeinzaragoza.es\/blog\/#organization\",\"name\":\"Made In Zaragoza\",\"url\":\"http:\/\/madeinzaragoza.es\/blog\/\",\"sameAs\":[\"https:\/\/www.instagram.com\/madeinzaragoza.es\/\",\"https:\/\/www.facebook.com\/madeinzaragoza.es\/\",\"https:\/\/twitter.com\/madeinzaragoza\"],\"logo\":{\"@type\":\"ImageObject\",\"inLanguage\":\"es\",\"@id\":\"http:\/\/madeinzaragoza.es\/blog\/#\/schema\/logo\/image\/\",\"url\":\"https:\/\/madeinzaragoza.es\/blog\/wp-content\/uploads\/2022\/05\/logo.png\",\"contentUrl\":\"https:\/\/madeinzaragoza.es\/blog\/wp-content\/uploads\/2022\/05\/logo.png\",\"width\":193,\"height\":176,\"caption\":\"Made In Zaragoza\"},\"image\":{\"@id\":\"http:\/\/madeinzaragoza.es\/blog\/#\/schema\/logo\/image\/\"}},{\"@type\":\"Person\",\"@id\":\"http:\/\/madeinzaragoza.es\/blog\/#\/schema\/person\/e806dba8166aaf8b7e464f2847493c2a\",\"name\":\"Angela Medrano\",\"image\":{\"@type\":\"ImageObject\",\"inLanguage\":\"es\",\"@id\":\"http:\/\/madeinzaragoza.es\/blog\/#\/schema\/person\/image\/\",\"url\":\"http:\/\/0.gravatar.com\/avatar\/3cee2f1709374f6ca8b2ae897c60eb2f?s=96&d=mm&r=g\",\"contentUrl\":\"http:\/\/0.gravatar.com\/avatar\/3cee2f1709374f6ca8b2ae897c60eb2f?s=96&d=mm&r=g\",\"caption\":\"Angela Medrano\"},\"description\":\"Profesional de la Comunicaci\u00f3n y Relaciones P\u00fablicas. 15 a\u00f1os de conocimientos y experiencia al servicio de todos vosotros! La Comunicaci\u00f3n es mi Pasi\u00f3n. Es la Estrategia basada en la Creatividad y soportada por todo un abanico de herramientas y acciones que la hacen posible. Tendiendo puentes por medio del di\u00e1logo social y la creaci\u00f3n de entornos de confianza.\",\"sameAs\":[\"http:\/\/angelamedrano.es\/\"],\"url\":\"http:\/\/madeinzaragoza.es\/blog\/author\/angela-medrano\/\"}]}<\/script>\n<!-- \/ Yoast SEO plugin. -->","yoast_head_json":{"title":"Andrea Lacoma, tecnolog\u00eda al servicio de las personas - Made in Zaragoza","robots":{"index":"index","follow":"follow","max-snippet":"max-snippet:-1","max-image-preview":"max-image-preview:large","max-video-preview":"max-video-preview:-1"},"canonical":"http:\/\/madeinzaragoza.es\/blog\/andrea-lacoma\/","og_locale":"es_ES","og_type":"article","og_title":"Andrea Lacoma, tecnolog\u00eda al servicio de las personas - Made in Zaragoza","og_description":"Mujer, zaragozana, emprendedora, investigadora, tecn\u00f3loga, joven aunque sobradamente preparada. \u00bfQui\u00e9n es Andrea Lacoma que partes de ella me he dejado en esta descripci\u00f3n? \u00abSoy una persona que se forma y se prepara para un proyecto en el que cree, que se ilusiona y que trabaja cada d\u00eda por sacarlo adelante, lo que har\u00eda cualquier emprendedor\/a &hellip; Continuar leyendo \"Andrea Lacoma, tecnolog\u00eda al servicio de las personas\"","og_url":"http:\/\/madeinzaragoza.es\/blog\/andrea-lacoma\/","og_site_name":"Made in Zaragoza","article_publisher":"https:\/\/www.facebook.com\/madeinzaragoza.es\/","article_published_time":"2019-03-06T07:07:00+00:00","article_modified_time":"2019-03-06T16:58:00+00:00","og_image":[{"width":1600,"height":1200,"url":"http:\/\/madeinzaragoza.es\/blog\/wp-content\/uploads\/2019\/03\/2f283b08-b0c3-4a78-83a3-fb1957de5151.jpg","type":"image\/jpeg"}],"author":"Angela Medrano","twitter_card":"summary","twitter_creator":"@madeinzaragoza","twitter_site":"@madeinzaragoza","twitter_misc":{"Escrito por":"Angela Medrano","Tiempo de lectura":"2 minutos"},"schema":{"@context":"https:\/\/schema.org","@graph":[{"@type":"Article","@id":"http:\/\/madeinzaragoza.es\/blog\/andrea-lacoma\/#article","isPartOf":{"@id":"http:\/\/madeinzaragoza.es\/blog\/andrea-lacoma\/"},"author":{"name":"Angela Medrano","@id":"http:\/\/madeinzaragoza.es\/blog\/#\/schema\/person\/e806dba8166aaf8b7e464f2847493c2a"},"headline":"Andrea Lacoma, tecnolog\u00eda al servicio de las personas","datePublished":"2019-03-06T07:07:00+00:00","dateModified":"2019-03-06T16:58:00+00:00","mainEntityOfPage":{"@id":"http:\/\/madeinzaragoza.es\/blog\/andrea-lacoma\/"},"wordCount":439,"commentCount":0,"publisher":{"@id":"http:\/\/madeinzaragoza.es\/blog\/#organization"},"keywords":["emprendedoras","ingenieros","UNIZAR"],"articleSection":["Gente"],"inLanguage":"es","potentialAction":[{"@type":"CommentAction","name":"Comment","target":["http:\/\/madeinzaragoza.es\/blog\/andrea-lacoma\/#respond"]}]},{"@type":"WebPage","@id":"http:\/\/madeinzaragoza.es\/blog\/andrea-lacoma\/","url":"http:\/\/madeinzaragoza.es\/blog\/andrea-lacoma\/","name":"Andrea Lacoma, tecnolog\u00eda al servicio de las personas - Made in Zaragoza","isPartOf":{"@id":"http:\/\/madeinzaragoza.es\/blog\/#website"},"datePublished":"2019-03-06T07:07:00+00:00","dateModified":"2019-03-06T16:58:00+00:00","breadcrumb":{"@id":"http:\/\/madeinzaragoza.es\/blog\/andrea-lacoma\/#breadcrumb"},"inLanguage":"es","potentialAction":[{"@type":"ReadAction","target":["http:\/\/madeinzaragoza.es\/blog\/andrea-lacoma\/"]}]},{"@type":"BreadcrumbList","@id":"http:\/\/madeinzaragoza.es\/blog\/andrea-lacoma\/#breadcrumb","itemListElement":[{"@type":"ListItem","position":1,"name":"Portada","item":"http:\/\/madeinzaragoza.es\/blog\/"},{"@type":"ListItem","position":2,"name":"Andrea Lacoma, tecnolog\u00eda al servicio de las personas"}]},{"@type":"WebSite","@id":"http:\/\/madeinzaragoza.es\/blog\/#website","url":"http:\/\/madeinzaragoza.es\/blog\/","name":"Made in Zaragoza","description":"Blog de MadeinZGZ, Red de Econom\u00eda Creativa de Zaragoza","publisher":{"@id":"http:\/\/madeinzaragoza.es\/blog\/#organization"},"potentialAction":[{"@type":"SearchAction","target":{"@type":"EntryPoint","urlTemplate":"http:\/\/madeinzaragoza.es\/blog\/?s={search_term_string}"},"query-input":"required name=search_term_string"}],"inLanguage":"es"},{"@type":"Organization","@id":"http:\/\/madeinzaragoza.es\/blog\/#organization","name":"Made In Zaragoza","url":"http:\/\/madeinzaragoza.es\/blog\/","sameAs":["https:\/\/www.instagram.com\/madeinzaragoza.es\/","https:\/\/www.facebook.com\/madeinzaragoza.es\/","https:\/\/twitter.com\/madeinzaragoza"],"logo":{"@type":"ImageObject","inLanguage":"es","@id":"http:\/\/madeinzaragoza.es\/blog\/#\/schema\/logo\/image\/","url":"https:\/\/madeinzaragoza.es\/blog\/wp-content\/uploads\/2022\/05\/logo.png","contentUrl":"https:\/\/madeinzaragoza.es\/blog\/wp-content\/uploads\/2022\/05\/logo.png","width":193,"height":176,"caption":"Made In Zaragoza"},"image":{"@id":"http:\/\/madeinzaragoza.es\/blog\/#\/schema\/logo\/image\/"}},{"@type":"Person","@id":"http:\/\/madeinzaragoza.es\/blog\/#\/schema\/person\/e806dba8166aaf8b7e464f2847493c2a","name":"Angela Medrano","image":{"@type":"ImageObject","inLanguage":"es","@id":"http:\/\/madeinzaragoza.es\/blog\/#\/schema\/person\/image\/","url":"http:\/\/0.gravatar.com\/avatar\/3cee2f1709374f6ca8b2ae897c60eb2f?s=96&d=mm&r=g","contentUrl":"http:\/\/0.gravatar.com\/avatar\/3cee2f1709374f6ca8b2ae897c60eb2f?s=96&d=mm&r=g","caption":"Angela Medrano"},"description":"Profesional de la Comunicaci\u00f3n y Relaciones P\u00fablicas. 15 a\u00f1os de conocimientos y experiencia al servicio de todos vosotros! La Comunicaci\u00f3n es mi Pasi\u00f3n. Es la Estrategia basada en la Creatividad y soportada por todo un abanico de herramientas y acciones que la hacen posible. Tendiendo puentes por medio del di\u00e1logo social y la creaci\u00f3n de entornos de confianza.","sameAs":["http:\/\/angelamedrano.es\/"],"url":"http:\/\/madeinzaragoza.es\/blog\/author\/angela-medrano\/"}]}},"_links":{"self":[{"href":"http:\/\/madeinzaragoza.es\/blog\/wp-json\/wp\/v2\/posts\/23955"}],"collection":[{"href":"http:\/\/madeinzaragoza.es\/blog\/wp-json\/wp\/v2\/posts"}],"about":[{"href":"http:\/\/madeinzaragoza.es\/blog\/wp-json\/wp\/v2\/types\/post"}],"author":[{"embeddable":true,"href":"http:\/\/madeinzaragoza.es\/blog\/wp-json\/wp\/v2\/users\/52"}],"replies":[{"embeddable":true,"href":"http:\/\/madeinzaragoza.es\/blog\/wp-json\/wp\/v2\/comments?post=23955"}],"version-history":[{"count":4,"href":"http:\/\/madeinzaragoza.es\/blog\/wp-json\/wp\/v2\/posts\/23955\/revisions"}],"predecessor-version":[{"id":23980,"href":"http:\/\/madeinzaragoza.es\/blog\/wp-json\/wp\/v2\/posts\/23955\/revisions\/23980"}],"wp:featuredmedia":[{"embeddable":true,"href":"http:\/\/madeinzaragoza.es\/blog\/wp-json\/wp\/v2\/media\/23956"}],"wp:attachment":[{"href":"http:\/\/madeinzaragoza.es\/blog\/wp-json\/wp\/v2\/media?parent=23955"}],"wp:term":[{"taxonomy":"category","embeddable":true,"href":"http:\/\/madeinzaragoza.es\/blog\/wp-json\/wp\/v2\/categories?post=23955"},{"taxonomy":"post_tag","embeddable":true,"href":"http:\/\/madeinzaragoza.es\/blog\/wp-json\/wp\/v2\/tags?post=23955"}],"curies":[{"name":"wp","href":"https:\/\/api.w.org\/{rel}","templated":true}]}}