{"id":23949,"date":"2019-03-07T11:00:46","date_gmt":"2019-03-07T10:00:46","guid":{"rendered":"http:\/\/madeinzaragoza.es\/blog\/?p=23949"},"modified":"2019-03-05T17:49:25","modified_gmt":"2019-03-05T16:49:25","slug":"la-mujer-y-la-noche-beatriz-entralgo-en-corner-miz-las-armas","status":"publish","type":"post","link":"http:\/\/madeinzaragoza.es\/blog\/la-mujer-y-la-noche-beatriz-entralgo-en-corner-miz-las-armas\/","title":{"rendered":"\u00abLa mujer y la noche\u00bb. Beatriz Entralgo en C\u00f3rner MIZ | Las Armas"},"content":{"rendered":"<h5><strong>C\u00f3rner 2019. Beatriz Entralgo, \u00abLa mujer y la noche\u00bb.<\/strong><\/h5>\n<p>&nbsp;<\/p>\n<p><em><strong>\u00abLa mujer y la noche\u00bb<\/strong><\/em> es el t\u00edtulo de la doble intervenci\u00f3n que la creadora e ilustradora Beatriz Entralgo ha realizado para el proyecto <a href=\"http:\/\/madeinzaragoza.es\/cornermiz\/\">C\u00f3rner MIZ<\/a> de Made in Zaragoza.<\/p>\n<p>&nbsp;<\/p>\n<p>En el espacio de <a href=\"http:\/\/madeinzaragoza.es\/blog\/la-mujer-y-la-noche-beatriz-entralgo-en-corner-miz-la-azucarera\/\">C\u00f3rner MIZ | La Azucarera<\/a> la artista ha realizado un mural con un amplio desarrollo narrativo en la que ve\u00edamos a una mujer sobre un gran fondo nocturno lleno de s\u00edmbolos que evocan a la naturaleza y a la libertad (estrellas y p\u00e1jaros).<\/p>\n<p>&nbsp;<\/p>\n<figure id=\"attachment_23965\" aria-describedby=\"caption-attachment-23965\" style=\"width: 1200px\" class=\"wp-caption aligncenter\"><img loading=\"lazy\" decoding=\"async\" class=\"wp-image-23965 size-full\" src=\"http:\/\/madeinzaragoza.es\/blog\/wp-content\/uploads\/2019\/03\/beaentralgo1.jpg\" alt=\"\" width=\"1200\" height=\"800\" srcset=\"http:\/\/madeinzaragoza.es\/blog\/wp-content\/uploads\/2019\/03\/beaentralgo1.jpg 1200w, http:\/\/madeinzaragoza.es\/blog\/wp-content\/uploads\/2019\/03\/beaentralgo1-300x200.jpg 300w, http:\/\/madeinzaragoza.es\/blog\/wp-content\/uploads\/2019\/03\/beaentralgo1-768x512.jpg 768w, http:\/\/madeinzaragoza.es\/blog\/wp-content\/uploads\/2019\/03\/beaentralgo1-1024x683.jpg 1024w\" sizes=\"(max-width: 709px) 85vw, (max-width: 909px) 67vw, (max-width: 1362px) 62vw, 840px\" \/><figcaption id=\"caption-attachment-23965\" class=\"wp-caption-text\">Fotograf\u00eda: Beatriz Ordu\u00f1a<\/figcaption><\/figure>\n<figure id=\"attachment_23950\" aria-describedby=\"caption-attachment-23950\" style=\"width: 1175px\" class=\"wp-caption aligncenter\"><img loading=\"lazy\" decoding=\"async\" class=\"wp-image-23950 size-full\" src=\"http:\/\/madeinzaragoza.es\/blog\/wp-content\/uploads\/2019\/03\/Beatriz_entralgo_7.jpg\" alt=\"\" width=\"1175\" height=\"783\" srcset=\"http:\/\/madeinzaragoza.es\/blog\/wp-content\/uploads\/2019\/03\/Beatriz_entralgo_7.jpg 1175w, http:\/\/madeinzaragoza.es\/blog\/wp-content\/uploads\/2019\/03\/Beatriz_entralgo_7-300x200.jpg 300w, http:\/\/madeinzaragoza.es\/blog\/wp-content\/uploads\/2019\/03\/Beatriz_entralgo_7-768x512.jpg 768w, http:\/\/madeinzaragoza.es\/blog\/wp-content\/uploads\/2019\/03\/Beatriz_entralgo_7-1024x682.jpg 1024w\" sizes=\"(max-width: 709px) 85vw, (max-width: 909px) 67vw, (max-width: 1362px) 62vw, 840px\" \/><figcaption id=\"caption-attachment-23950\" class=\"wp-caption-text\">Fotograf\u00eda: Beatriz Ordu\u00f1a<\/figcaption><\/figure>\n<figure id=\"attachment_23967\" aria-describedby=\"caption-attachment-23967\" style=\"width: 1200px\" class=\"wp-caption aligncenter\"><img loading=\"lazy\" decoding=\"async\" class=\"wp-image-23967 size-full\" src=\"http:\/\/madeinzaragoza.es\/blog\/wp-content\/uploads\/2019\/03\/beaentralgo4.jpg\" alt=\"\" width=\"1200\" height=\"800\" srcset=\"http:\/\/madeinzaragoza.es\/blog\/wp-content\/uploads\/2019\/03\/beaentralgo4.jpg 1200w, http:\/\/madeinzaragoza.es\/blog\/wp-content\/uploads\/2019\/03\/beaentralgo4-300x200.jpg 300w, http:\/\/madeinzaragoza.es\/blog\/wp-content\/uploads\/2019\/03\/beaentralgo4-768x512.jpg 768w, http:\/\/madeinzaragoza.es\/blog\/wp-content\/uploads\/2019\/03\/beaentralgo4-1024x683.jpg 1024w\" sizes=\"(max-width: 709px) 85vw, (max-width: 909px) 67vw, (max-width: 1362px) 62vw, 840px\" \/><figcaption id=\"caption-attachment-23967\" class=\"wp-caption-text\">Fotograf\u00eda: Beatriz Ordu\u00f1a<\/figcaption><\/figure>\n<p>Aqu\u00ed en <strong>C\u00f3rner MIZ | Las Armas,<\/strong> Beatriz Entralgo cont\u00ednua con su tem\u00e1tica femenina pero tratada pl\u00e1sticamente de otro forma diferente. Al contrario que en La Azucarera, aqu\u00ed en Las Armas la artista nos presenta una obra con mucho m\u00e1s brillo y claridad. La representaci\u00f3n de la noche queda reducida a una especie de aureola alrededor de la parte superior del cuerpo de la mujer, la figura que centra toda la atenci\u00f3n de este mural.<\/p>\n<p>&nbsp;<\/p>\n<p>La obra est\u00e1 compuesta por una mujer, tambi\u00e9n de rostro sonriente, dibujada de cintura hacia arriba, con los brazos desplegados y sobre la que aparecen hojas y flores naturales (nuevos s\u00edmbolos usados por la artista para hablarnos de su gusto por lo natural). Alrededor de su cabeza, est\u00e1 representada la noche cubierta de estrellas reducida a un c\u00edrculo a su alrededor. El resto de la pared queda como un gran fondo blanco y plano.<\/p>\n<p>&nbsp;<\/p>\n<figure id=\"attachment_23966\" aria-describedby=\"caption-attachment-23966\" style=\"width: 1200px\" class=\"wp-caption aligncenter\"><img loading=\"lazy\" decoding=\"async\" class=\"wp-image-23966 size-full\" src=\"http:\/\/madeinzaragoza.es\/blog\/wp-content\/uploads\/2019\/03\/beaentralgo3.jpg\" alt=\"\" width=\"1200\" height=\"800\" srcset=\"http:\/\/madeinzaragoza.es\/blog\/wp-content\/uploads\/2019\/03\/beaentralgo3.jpg 1200w, http:\/\/madeinzaragoza.es\/blog\/wp-content\/uploads\/2019\/03\/beaentralgo3-300x200.jpg 300w, http:\/\/madeinzaragoza.es\/blog\/wp-content\/uploads\/2019\/03\/beaentralgo3-768x512.jpg 768w, http:\/\/madeinzaragoza.es\/blog\/wp-content\/uploads\/2019\/03\/beaentralgo3-1024x683.jpg 1024w\" sizes=\"(max-width: 709px) 85vw, (max-width: 909px) 67vw, (max-width: 1362px) 62vw, 840px\" \/><figcaption id=\"caption-attachment-23966\" class=\"wp-caption-text\">Fotograf\u00eda: Beatriz Ordu\u00f1a<\/figcaption><\/figure>\n<p><img loading=\"lazy\" decoding=\"async\" class=\"aligncenter size-full wp-image-23969\" src=\"http:\/\/madeinzaragoza.es\/blog\/wp-content\/uploads\/2019\/03\/Beatriz_entralgo_13.jpg\" alt=\"\" width=\"900\" height=\"1200\" srcset=\"http:\/\/madeinzaragoza.es\/blog\/wp-content\/uploads\/2019\/03\/Beatriz_entralgo_13.jpg 900w, http:\/\/madeinzaragoza.es\/blog\/wp-content\/uploads\/2019\/03\/Beatriz_entralgo_13-225x300.jpg 225w, http:\/\/madeinzaragoza.es\/blog\/wp-content\/uploads\/2019\/03\/Beatriz_entralgo_13-768x1024.jpg 768w\" sizes=\"(max-width: 709px) 85vw, (max-width: 909px) 67vw, (max-width: 1362px) 62vw, 840px\" \/><\/p>\n<p>&nbsp;<\/p>\n<p>Es una obra muy optimista, que al igual que la de La Azucarera, le sirve a la artista para denunciar y visibilizar la desigualdad de la mujer en nuestra sociedad. La artista quiere denunciar <strong>la falta de libertad que sufre la mujer<\/strong> en muchos contextos diarios como, en este caso, en la noche. Una noche que ella representa\u00a0 al personaje central sonriendo, sin miedo y totalmente libre de poder volver a casa sin miedos que le acechen. Una mujer libre y sin miedos solo por el hecho de ser mujer.<\/p>\n<p>&nbsp;<\/p>\n<p><img loading=\"lazy\" decoding=\"async\" class=\"aligncenter size-full wp-image-23968\" src=\"http:\/\/madeinzaragoza.es\/blog\/wp-content\/uploads\/2019\/03\/Beatriz_entralgo_9.jpg\" alt=\"\" width=\"1200\" height=\"900\" srcset=\"http:\/\/madeinzaragoza.es\/blog\/wp-content\/uploads\/2019\/03\/Beatriz_entralgo_9.jpg 1200w, http:\/\/madeinzaragoza.es\/blog\/wp-content\/uploads\/2019\/03\/Beatriz_entralgo_9-300x225.jpg 300w, http:\/\/madeinzaragoza.es\/blog\/wp-content\/uploads\/2019\/03\/Beatriz_entralgo_9-768x576.jpg 768w, http:\/\/madeinzaragoza.es\/blog\/wp-content\/uploads\/2019\/03\/Beatriz_entralgo_9-1024x768.jpg 1024w\" sizes=\"(max-width: 709px) 85vw, (max-width: 909px) 67vw, (max-width: 1362px) 62vw, 840px\" \/> <img loading=\"lazy\" decoding=\"async\" class=\"aligncenter size-full wp-image-23964\" src=\"http:\/\/madeinzaragoza.es\/blog\/wp-content\/uploads\/2019\/03\/Beatriz_entralgo_19.jpg\" alt=\"\" width=\"1200\" height=\"900\" srcset=\"http:\/\/madeinzaragoza.es\/blog\/wp-content\/uploads\/2019\/03\/Beatriz_entralgo_19.jpg 1200w, http:\/\/madeinzaragoza.es\/blog\/wp-content\/uploads\/2019\/03\/Beatriz_entralgo_19-300x225.jpg 300w, http:\/\/madeinzaragoza.es\/blog\/wp-content\/uploads\/2019\/03\/Beatriz_entralgo_19-768x576.jpg 768w, http:\/\/madeinzaragoza.es\/blog\/wp-content\/uploads\/2019\/03\/Beatriz_entralgo_19-1024x768.jpg 1024w\" sizes=\"(max-width: 709px) 85vw, (max-width: 909px) 67vw, (max-width: 1362px) 62vw, 840px\" \/><\/p>\n<p>La intervenci\u00f3n \u201cLa mujer y la noche\u201d de Beatriz Entralgo puede visitarse hasta el 24 de marzo en C\u00f3rner MIZ | Las Armas, de lunes a viernes en horario de 09.00 a 14.00h\u00a0 y los domingos de celebraci\u00f3n de mercado.<\/p>\n<p>&nbsp;<\/p>\n<p>&nbsp;<\/p>\n","protected":false},"excerpt":{"rendered":"<p>C\u00f3rner 2019. Beatriz Entralgo, \u00abLa mujer y la noche\u00bb. &nbsp; \u00abLa mujer y la noche\u00bb es el t\u00edtulo de la doble intervenci\u00f3n que la creadora e ilustradora Beatriz Entralgo ha realizado para el proyecto C\u00f3rner MIZ de Made in Zaragoza. &nbsp; En el espacio de C\u00f3rner MIZ | La Azucarera la artista ha realizado un &hellip; <a href=\"http:\/\/madeinzaragoza.es\/blog\/la-mujer-y-la-noche-beatriz-entralgo-en-corner-miz-las-armas\/\" class=\"more-link\">Continuar leyendo<span class=\"screen-reader-text\"> \u00ab\u00abLa mujer y la noche\u00bb. Beatriz Entralgo en C\u00f3rner MIZ | Las Armas\u00bb<\/span><\/a><\/p>\n","protected":false},"author":36,"featured_media":23951,"comment_status":"open","ping_status":"open","sticky":false,"template":"","format":"standard","meta":{"footnotes":""},"categories":[831],"tags":[1351,1817,1338,202],"yoast_head":"<!-- This site is optimized with the Yoast SEO plugin v19.7.2 - https:\/\/yoast.com\/wordpress\/plugins\/seo\/ -->\n<title>&quot;La mujer y la noche&quot;. Beatriz Entralgo en C\u00f3rner MIZ | Las Armas - Made in Zaragoza<\/title>\n<meta name=\"robots\" content=\"index, follow, max-snippet:-1, max-image-preview:large, max-video-preview:-1\" \/>\n<link rel=\"canonical\" href=\"http:\/\/madeinzaragoza.es\/blog\/la-mujer-y-la-noche-beatriz-entralgo-en-corner-miz-las-armas\/\" \/>\n<meta property=\"og:locale\" content=\"es_ES\" \/>\n<meta property=\"og:type\" content=\"article\" \/>\n<meta property=\"og:title\" content=\"&quot;La mujer y la noche&quot;. Beatriz Entralgo en C\u00f3rner MIZ | Las Armas - Made in Zaragoza\" \/>\n<meta property=\"og:description\" content=\"C\u00f3rner 2019. Beatriz Entralgo, \u00abLa mujer y la noche\u00bb. &nbsp; \u00abLa mujer y la noche\u00bb es el t\u00edtulo de la doble intervenci\u00f3n que la creadora e ilustradora Beatriz Entralgo ha realizado para el proyecto C\u00f3rner MIZ de Made in Zaragoza. &nbsp; En el espacio de C\u00f3rner MIZ | La Azucarera la artista ha realizado un &hellip; Continuar leyendo &quot;\u00abLa mujer y la noche\u00bb. Beatriz Entralgo en C\u00f3rner MIZ | Las Armas&quot;\" \/>\n<meta property=\"og:url\" content=\"http:\/\/madeinzaragoza.es\/blog\/la-mujer-y-la-noche-beatriz-entralgo-en-corner-miz-las-armas\/\" \/>\n<meta property=\"og:site_name\" content=\"Made in Zaragoza\" \/>\n<meta property=\"article:publisher\" content=\"https:\/\/www.facebook.com\/madeinzaragoza.es\/\" \/>\n<meta property=\"article:author\" content=\"zarayorkers\" \/>\n<meta property=\"article:published_time\" content=\"2019-03-07T10:00:46+00:00\" \/>\n<meta property=\"article:modified_time\" content=\"2019-03-05T16:49:25+00:00\" \/>\n<meta property=\"og:image\" content=\"http:\/\/madeinzaragoza.es\/blog\/wp-content\/uploads\/2019\/03\/Beatriz_entralgo_8.jpg\" \/>\n\t<meta property=\"og:image:width\" content=\"900\" \/>\n\t<meta property=\"og:image:height\" content=\"600\" \/>\n\t<meta property=\"og:image:type\" content=\"image\/jpeg\" \/>\n<meta name=\"author\" content=\"Sergio Sevilla\" \/>\n<meta name=\"twitter:card\" content=\"summary\" \/>\n<meta name=\"twitter:creator\" content=\"@madeinzaragoza\" \/>\n<meta name=\"twitter:site\" content=\"@madeinzaragoza\" \/>\n<meta name=\"twitter:label1\" content=\"Escrito por\" \/>\n\t<meta name=\"twitter:data1\" content=\"Sergio Sevilla\" \/>\n\t<meta name=\"twitter:label2\" content=\"Tiempo de lectura\" \/>\n\t<meta name=\"twitter:data2\" content=\"2 minutos\" \/>\n<script type=\"application\/ld+json\" class=\"yoast-schema-graph\">{\"@context\":\"https:\/\/schema.org\",\"@graph\":[{\"@type\":\"Article\",\"@id\":\"http:\/\/madeinzaragoza.es\/blog\/la-mujer-y-la-noche-beatriz-entralgo-en-corner-miz-las-armas\/#article\",\"isPartOf\":{\"@id\":\"http:\/\/madeinzaragoza.es\/blog\/la-mujer-y-la-noche-beatriz-entralgo-en-corner-miz-las-armas\/\"},\"author\":{\"name\":\"Sergio Sevilla\",\"@id\":\"http:\/\/madeinzaragoza.es\/blog\/#\/schema\/person\/fd836a8fe1177b6200bc8deffc3ad342\"},\"headline\":\"\u00abLa mujer y la noche\u00bb. Beatriz Entralgo en C\u00f3rner MIZ | Las Armas\",\"datePublished\":\"2019-03-07T10:00:46+00:00\",\"dateModified\":\"2019-03-05T16:49:25+00:00\",\"mainEntityOfPage\":{\"@id\":\"http:\/\/madeinzaragoza.es\/blog\/la-mujer-y-la-noche-beatriz-entralgo-en-corner-miz-las-armas\/\"},\"wordCount\":450,\"commentCount\":0,\"publisher\":{\"@id\":\"http:\/\/madeinzaragoza.es\/blog\/#organization\"},\"keywords\":[\"Beatriz Entralgo\",\"C\u00f3rner MIZ Las Armas\",\"CornerMIZ\",\"ilustracion\"],\"articleSection\":[\"CornerMIZ\"],\"inLanguage\":\"es\",\"potentialAction\":[{\"@type\":\"CommentAction\",\"name\":\"Comment\",\"target\":[\"http:\/\/madeinzaragoza.es\/blog\/la-mujer-y-la-noche-beatriz-entralgo-en-corner-miz-las-armas\/#respond\"]}]},{\"@type\":\"WebPage\",\"@id\":\"http:\/\/madeinzaragoza.es\/blog\/la-mujer-y-la-noche-beatriz-entralgo-en-corner-miz-las-armas\/\",\"url\":\"http:\/\/madeinzaragoza.es\/blog\/la-mujer-y-la-noche-beatriz-entralgo-en-corner-miz-las-armas\/\",\"name\":\"\\\"La mujer y la noche\\\". Beatriz Entralgo en C\u00f3rner MIZ | Las Armas - Made in Zaragoza\",\"isPartOf\":{\"@id\":\"http:\/\/madeinzaragoza.es\/blog\/#website\"},\"datePublished\":\"2019-03-07T10:00:46+00:00\",\"dateModified\":\"2019-03-05T16:49:25+00:00\",\"breadcrumb\":{\"@id\":\"http:\/\/madeinzaragoza.es\/blog\/la-mujer-y-la-noche-beatriz-entralgo-en-corner-miz-las-armas\/#breadcrumb\"},\"inLanguage\":\"es\",\"potentialAction\":[{\"@type\":\"ReadAction\",\"target\":[\"http:\/\/madeinzaragoza.es\/blog\/la-mujer-y-la-noche-beatriz-entralgo-en-corner-miz-las-armas\/\"]}]},{\"@type\":\"BreadcrumbList\",\"@id\":\"http:\/\/madeinzaragoza.es\/blog\/la-mujer-y-la-noche-beatriz-entralgo-en-corner-miz-las-armas\/#breadcrumb\",\"itemListElement\":[{\"@type\":\"ListItem\",\"position\":1,\"name\":\"Portada\",\"item\":\"http:\/\/madeinzaragoza.es\/blog\/\"},{\"@type\":\"ListItem\",\"position\":2,\"name\":\"\u00abLa mujer y la noche\u00bb. Beatriz Entralgo en C\u00f3rner MIZ | Las Armas\"}]},{\"@type\":\"WebSite\",\"@id\":\"http:\/\/madeinzaragoza.es\/blog\/#website\",\"url\":\"http:\/\/madeinzaragoza.es\/blog\/\",\"name\":\"Made in Zaragoza\",\"description\":\"Blog de MadeinZGZ, Red de Econom\u00eda Creativa de Zaragoza\",\"publisher\":{\"@id\":\"http:\/\/madeinzaragoza.es\/blog\/#organization\"},\"potentialAction\":[{\"@type\":\"SearchAction\",\"target\":{\"@type\":\"EntryPoint\",\"urlTemplate\":\"http:\/\/madeinzaragoza.es\/blog\/?s={search_term_string}\"},\"query-input\":\"required name=search_term_string\"}],\"inLanguage\":\"es\"},{\"@type\":\"Organization\",\"@id\":\"http:\/\/madeinzaragoza.es\/blog\/#organization\",\"name\":\"Made In Zaragoza\",\"url\":\"http:\/\/madeinzaragoza.es\/blog\/\",\"sameAs\":[\"https:\/\/www.instagram.com\/madeinzaragoza.es\/\",\"https:\/\/www.facebook.com\/madeinzaragoza.es\/\",\"https:\/\/twitter.com\/madeinzaragoza\"],\"logo\":{\"@type\":\"ImageObject\",\"inLanguage\":\"es\",\"@id\":\"http:\/\/madeinzaragoza.es\/blog\/#\/schema\/logo\/image\/\",\"url\":\"https:\/\/madeinzaragoza.es\/blog\/wp-content\/uploads\/2022\/05\/logo.png\",\"contentUrl\":\"https:\/\/madeinzaragoza.es\/blog\/wp-content\/uploads\/2022\/05\/logo.png\",\"width\":193,\"height\":176,\"caption\":\"Made In Zaragoza\"},\"image\":{\"@id\":\"http:\/\/madeinzaragoza.es\/blog\/#\/schema\/logo\/image\/\"}},{\"@type\":\"Person\",\"@id\":\"http:\/\/madeinzaragoza.es\/blog\/#\/schema\/person\/fd836a8fe1177b6200bc8deffc3ad342\",\"name\":\"Sergio Sevilla\",\"image\":{\"@type\":\"ImageObject\",\"inLanguage\":\"es\",\"@id\":\"http:\/\/madeinzaragoza.es\/blog\/#\/schema\/person\/image\/\",\"url\":\"http:\/\/1.gravatar.com\/avatar\/4a59e3901b7e749c4e3750c4fd5d0b43?s=96&d=mm&r=g\",\"contentUrl\":\"http:\/\/1.gravatar.com\/avatar\/4a59e3901b7e749c4e3750c4fd5d0b43?s=96&d=mm&r=g\",\"caption\":\"Sergio Sevilla\"},\"description\":\"Gesti\u00f3n e Innovaci\u00f3n cultural (I+C) Mi trabajo se basa en la b\u00fasqueda de conexiones culturales en espacios de tr\u00e1nsito. Soy director y programador de proyectos culturales. He coordinado el espacio C\u00f3rner MIZ de Made in Zaragoza y, en la actualidad, me dedico a investigar, documentar y poner en valor el muralismo cer\u00e1mico de los a\u00f1os 60, 70 y 80 de Zaragoza y su relaci\u00f3n con los entornos arquitect\u00f3nicos y decorativos de la \u00e9poca. Descubre el perfil de @ZaragozaModerna en Instagram. Take a walk on the Art side.\",\"sameAs\":[\"zarayorkers\",\"@zaragozamoderna\",\"\/sergiosevillatabernero\"],\"url\":\"http:\/\/madeinzaragoza.es\/blog\/author\/sergiosevilla\/\"}]}<\/script>\n<!-- \/ Yoast SEO plugin. -->","yoast_head_json":{"title":"\"La mujer y la noche\". Beatriz Entralgo en C\u00f3rner MIZ | Las Armas - Made in Zaragoza","robots":{"index":"index","follow":"follow","max-snippet":"max-snippet:-1","max-image-preview":"max-image-preview:large","max-video-preview":"max-video-preview:-1"},"canonical":"http:\/\/madeinzaragoza.es\/blog\/la-mujer-y-la-noche-beatriz-entralgo-en-corner-miz-las-armas\/","og_locale":"es_ES","og_type":"article","og_title":"\"La mujer y la noche\". Beatriz Entralgo en C\u00f3rner MIZ | Las Armas - Made in Zaragoza","og_description":"C\u00f3rner 2019. Beatriz Entralgo, \u00abLa mujer y la noche\u00bb. &nbsp; \u00abLa mujer y la noche\u00bb es el t\u00edtulo de la doble intervenci\u00f3n que la creadora e ilustradora Beatriz Entralgo ha realizado para el proyecto C\u00f3rner MIZ de Made in Zaragoza. &nbsp; En el espacio de C\u00f3rner MIZ | La Azucarera la artista ha realizado un &hellip; Continuar leyendo \"\u00abLa mujer y la noche\u00bb. Beatriz Entralgo en C\u00f3rner MIZ | Las Armas\"","og_url":"http:\/\/madeinzaragoza.es\/blog\/la-mujer-y-la-noche-beatriz-entralgo-en-corner-miz-las-armas\/","og_site_name":"Made in Zaragoza","article_publisher":"https:\/\/www.facebook.com\/madeinzaragoza.es\/","article_author":"zarayorkers","article_published_time":"2019-03-07T10:00:46+00:00","article_modified_time":"2019-03-05T16:49:25+00:00","og_image":[{"width":900,"height":600,"url":"http:\/\/madeinzaragoza.es\/blog\/wp-content\/uploads\/2019\/03\/Beatriz_entralgo_8.jpg","type":"image\/jpeg"}],"author":"Sergio Sevilla","twitter_card":"summary","twitter_creator":"@madeinzaragoza","twitter_site":"@madeinzaragoza","twitter_misc":{"Escrito por":"Sergio Sevilla","Tiempo de lectura":"2 minutos"},"schema":{"@context":"https:\/\/schema.org","@graph":[{"@type":"Article","@id":"http:\/\/madeinzaragoza.es\/blog\/la-mujer-y-la-noche-beatriz-entralgo-en-corner-miz-las-armas\/#article","isPartOf":{"@id":"http:\/\/madeinzaragoza.es\/blog\/la-mujer-y-la-noche-beatriz-entralgo-en-corner-miz-las-armas\/"},"author":{"name":"Sergio Sevilla","@id":"http:\/\/madeinzaragoza.es\/blog\/#\/schema\/person\/fd836a8fe1177b6200bc8deffc3ad342"},"headline":"\u00abLa mujer y la noche\u00bb. Beatriz Entralgo en C\u00f3rner MIZ | Las Armas","datePublished":"2019-03-07T10:00:46+00:00","dateModified":"2019-03-05T16:49:25+00:00","mainEntityOfPage":{"@id":"http:\/\/madeinzaragoza.es\/blog\/la-mujer-y-la-noche-beatriz-entralgo-en-corner-miz-las-armas\/"},"wordCount":450,"commentCount":0,"publisher":{"@id":"http:\/\/madeinzaragoza.es\/blog\/#organization"},"keywords":["Beatriz Entralgo","C\u00f3rner MIZ Las Armas","CornerMIZ","ilustracion"],"articleSection":["CornerMIZ"],"inLanguage":"es","potentialAction":[{"@type":"CommentAction","name":"Comment","target":["http:\/\/madeinzaragoza.es\/blog\/la-mujer-y-la-noche-beatriz-entralgo-en-corner-miz-las-armas\/#respond"]}]},{"@type":"WebPage","@id":"http:\/\/madeinzaragoza.es\/blog\/la-mujer-y-la-noche-beatriz-entralgo-en-corner-miz-las-armas\/","url":"http:\/\/madeinzaragoza.es\/blog\/la-mujer-y-la-noche-beatriz-entralgo-en-corner-miz-las-armas\/","name":"\"La mujer y la noche\". Beatriz Entralgo en C\u00f3rner MIZ | Las Armas - Made in Zaragoza","isPartOf":{"@id":"http:\/\/madeinzaragoza.es\/blog\/#website"},"datePublished":"2019-03-07T10:00:46+00:00","dateModified":"2019-03-05T16:49:25+00:00","breadcrumb":{"@id":"http:\/\/madeinzaragoza.es\/blog\/la-mujer-y-la-noche-beatriz-entralgo-en-corner-miz-las-armas\/#breadcrumb"},"inLanguage":"es","potentialAction":[{"@type":"ReadAction","target":["http:\/\/madeinzaragoza.es\/blog\/la-mujer-y-la-noche-beatriz-entralgo-en-corner-miz-las-armas\/"]}]},{"@type":"BreadcrumbList","@id":"http:\/\/madeinzaragoza.es\/blog\/la-mujer-y-la-noche-beatriz-entralgo-en-corner-miz-las-armas\/#breadcrumb","itemListElement":[{"@type":"ListItem","position":1,"name":"Portada","item":"http:\/\/madeinzaragoza.es\/blog\/"},{"@type":"ListItem","position":2,"name":"\u00abLa mujer y la noche\u00bb. Beatriz Entralgo en C\u00f3rner MIZ | Las Armas"}]},{"@type":"WebSite","@id":"http:\/\/madeinzaragoza.es\/blog\/#website","url":"http:\/\/madeinzaragoza.es\/blog\/","name":"Made in Zaragoza","description":"Blog de MadeinZGZ, Red de Econom\u00eda Creativa de Zaragoza","publisher":{"@id":"http:\/\/madeinzaragoza.es\/blog\/#organization"},"potentialAction":[{"@type":"SearchAction","target":{"@type":"EntryPoint","urlTemplate":"http:\/\/madeinzaragoza.es\/blog\/?s={search_term_string}"},"query-input":"required name=search_term_string"}],"inLanguage":"es"},{"@type":"Organization","@id":"http:\/\/madeinzaragoza.es\/blog\/#organization","name":"Made In Zaragoza","url":"http:\/\/madeinzaragoza.es\/blog\/","sameAs":["https:\/\/www.instagram.com\/madeinzaragoza.es\/","https:\/\/www.facebook.com\/madeinzaragoza.es\/","https:\/\/twitter.com\/madeinzaragoza"],"logo":{"@type":"ImageObject","inLanguage":"es","@id":"http:\/\/madeinzaragoza.es\/blog\/#\/schema\/logo\/image\/","url":"https:\/\/madeinzaragoza.es\/blog\/wp-content\/uploads\/2022\/05\/logo.png","contentUrl":"https:\/\/madeinzaragoza.es\/blog\/wp-content\/uploads\/2022\/05\/logo.png","width":193,"height":176,"caption":"Made In Zaragoza"},"image":{"@id":"http:\/\/madeinzaragoza.es\/blog\/#\/schema\/logo\/image\/"}},{"@type":"Person","@id":"http:\/\/madeinzaragoza.es\/blog\/#\/schema\/person\/fd836a8fe1177b6200bc8deffc3ad342","name":"Sergio Sevilla","image":{"@type":"ImageObject","inLanguage":"es","@id":"http:\/\/madeinzaragoza.es\/blog\/#\/schema\/person\/image\/","url":"http:\/\/1.gravatar.com\/avatar\/4a59e3901b7e749c4e3750c4fd5d0b43?s=96&d=mm&r=g","contentUrl":"http:\/\/1.gravatar.com\/avatar\/4a59e3901b7e749c4e3750c4fd5d0b43?s=96&d=mm&r=g","caption":"Sergio Sevilla"},"description":"Gesti\u00f3n e Innovaci\u00f3n cultural (I+C) Mi trabajo se basa en la b\u00fasqueda de conexiones culturales en espacios de tr\u00e1nsito. Soy director y programador de proyectos culturales. He coordinado el espacio C\u00f3rner MIZ de Made in Zaragoza y, en la actualidad, me dedico a investigar, documentar y poner en valor el muralismo cer\u00e1mico de los a\u00f1os 60, 70 y 80 de Zaragoza y su relaci\u00f3n con los entornos arquitect\u00f3nicos y decorativos de la \u00e9poca. Descubre el perfil de @ZaragozaModerna en Instagram. Take a walk on the Art side.","sameAs":["zarayorkers","@zaragozamoderna","\/sergiosevillatabernero"],"url":"http:\/\/madeinzaragoza.es\/blog\/author\/sergiosevilla\/"}]}},"_links":{"self":[{"href":"http:\/\/madeinzaragoza.es\/blog\/wp-json\/wp\/v2\/posts\/23949"}],"collection":[{"href":"http:\/\/madeinzaragoza.es\/blog\/wp-json\/wp\/v2\/posts"}],"about":[{"href":"http:\/\/madeinzaragoza.es\/blog\/wp-json\/wp\/v2\/types\/post"}],"author":[{"embeddable":true,"href":"http:\/\/madeinzaragoza.es\/blog\/wp-json\/wp\/v2\/users\/36"}],"replies":[{"embeddable":true,"href":"http:\/\/madeinzaragoza.es\/blog\/wp-json\/wp\/v2\/comments?post=23949"}],"version-history":[{"count":5,"href":"http:\/\/madeinzaragoza.es\/blog\/wp-json\/wp\/v2\/posts\/23949\/revisions"}],"predecessor-version":[{"id":23973,"href":"http:\/\/madeinzaragoza.es\/blog\/wp-json\/wp\/v2\/posts\/23949\/revisions\/23973"}],"wp:featuredmedia":[{"embeddable":true,"href":"http:\/\/madeinzaragoza.es\/blog\/wp-json\/wp\/v2\/media\/23951"}],"wp:attachment":[{"href":"http:\/\/madeinzaragoza.es\/blog\/wp-json\/wp\/v2\/media?parent=23949"}],"wp:term":[{"taxonomy":"category","embeddable":true,"href":"http:\/\/madeinzaragoza.es\/blog\/wp-json\/wp\/v2\/categories?post=23949"},{"taxonomy":"post_tag","embeddable":true,"href":"http:\/\/madeinzaragoza.es\/blog\/wp-json\/wp\/v2\/tags?post=23949"}],"curies":[{"name":"wp","href":"https:\/\/api.w.org\/{rel}","templated":true}]}}