{"id":23059,"date":"2018-12-28T07:46:44","date_gmt":"2018-12-28T06:46:44","guid":{"rendered":"http:\/\/madeinzaragoza.es\/blog\/?p=23059"},"modified":"2018-12-31T10:57:42","modified_gmt":"2018-12-31T09:57:42","slug":"entrevistas-miz-blogssipgirl-hablemos-de-moda","status":"publish","type":"post","link":"http:\/\/madeinzaragoza.es\/blog\/entrevistas-miz-blogssipgirl-hablemos-de-moda\/","title":{"rendered":"Entrevistas MIZ: Blogssipgirl, hablemos de Moda"},"content":{"rendered":"<p>Nuestra protagonista, <a href=\"http:\/\/madeinzaragoza.es\/colaboradores\/autor.php?id=10\">Silvia Puyal<\/a>, es la creadora de <a href=\"http:\/\/blogssipgirl.blogspot.com\/\">Blogssipgirl<\/a>, firma con lo que expresa sus inquietudes sobre moda, decoraci\u00f3n y los mejores paisajes de nuestra ciudad. Adem\u00e1s de las Redes Sociales, Silvia organiza eventos y gestiona blogs. Detr\u00e1s de tanta actividad, encontramos a una mujer que en su b\u00fasqueda personal, sabe ver la belleza de las cosas, del paisaje, de las personas.<\/p>\n<p>&nbsp;<\/p>\n<p><strong>\u00bfC\u00f3mo naci\u00f3 Blogssipgirl?<\/strong><\/p>\n<p>&nbsp;<\/p>\n<p>Todo comenz\u00f3 un d\u00eda de agosto de 2011 disfrutando de las maravillosas vistas desde el IACC Pablo Serrano. Pens\u00e9 en los fant\u00e1sticos rincones que tiene Zaragoza y lo poco que, en ocasiones, la valoramos\u2026siempre damos m\u00e1s importancia a conocer otras ciudades, pa\u00edses\u2026 y no nos damos cuenta de lo que tenemos al alcance de nuestra mano. As\u00ed que se me ocurri\u00f3 compartir mis experiencias para ayudar a dar a conocer cosas interesantes que suceden en nuestra ciudad.<\/p>\n<p>&nbsp;<\/p>\n<p><strong>Eres una gran conocedora y apasionada del mundo de la moda, a la que has dedicado muchos reportajes. \u00bfC\u00f3mo surgi\u00f3 tu pasi\u00f3n por la moda? \u00bfQu\u00e9 tal vestimos en Zaragoza?<\/strong><\/p>\n<p>&nbsp;<\/p>\n<p>Mi pasi\u00f3n viene desde siempre&#8230; teniendo en cuenta que mi abuela era una modista reconocida en Zaragoza y que mi madre sigui\u00f3 su camino, cosa que, desgraciadamente, no he continuado, ya que a nivel de costura he adquirido lo b\u00e1sico&#8230; Pero s\u00ed, de desde bien peque\u00f1ita me he criado entre telas, hilos, botones, m\u00e1quinas de coser, patrones, maniqu\u00eds, revistas de moda&#8230; ese mundo me parece fascinante, crear una obra a partir de un trozo de tela, es simplemente pura magia. Afortunadamente tengo la suerte de poder vestir modelos dise\u00f1ados por m\u00ed y confeccionados por mi madre, que es una verdadera artista.<\/p>\n<p>&nbsp;<\/p>\n<p>&nbsp;<\/p>\n<p>En Zaragoza hay de todo, creo que se ha perdido un poco el glamour de otras \u00e9pocas, pero aun as\u00ed nos preocupamos bastante por la imagen y nos gusta dar lo mejor de nosotros. De hecho, existen boutiques con gran estilo que apuestan por una imagen elegante, chic y c\u00f3moda dependiendo del momento y adem\u00e1s est\u00e1n surgiendo nuevos dise\u00f1adores que impregnan su propio car\u00e1cter en creaciones originales y novedosas.<\/p>\n<p>&nbsp;<\/p>\n<p><strong>Otra de tus facetas es la de organizadora de eventos. \u00bfC\u00f3mo es la experiencia de organizar un evento, y qu\u00e9 tal responde la gente?<\/strong><\/p>\n<p>&nbsp;<\/p>\n<p>La organizaci\u00f3n de eventos es un tema complicado. En un primer paso cuesta mucho tener la idea, llevarla a cabo, conseguir expositores que crean en ti y te acompa\u00f1en en la aventura; pero el segundo paso tambi\u00e9n es complejo, que la gente responda positivamente y acuda a esos eventos organizados con todo el cari\u00f1o, esfuerzo e ilusi\u00f3n.<\/p>\n<p>&nbsp;<\/p>\n<p>En Zaragoza somos complicados, pero si la idea funciona, la respuesta es satisfactoria, la gente es cari\u00f1osa y siempre recibes unas palabras de afecto, apoyo y confianza.<\/p>\n<p>&nbsp;<\/p>\n<p>&nbsp;<\/p>\n<p>En general el resultado de ser bloguera es positivo, ya s\u00f3lo por el simple hecho de conocer a gente maravillosa, creativos, emprendedores, con grandes ideas, con ganas de luchar y excelentes personas.<\/p>\n<p>&nbsp;<\/p>\n<p><strong>Escribes, trabajas y siempre est\u00e1s alerta de todas las novedades. Tienes una actividad fren\u00e9tica. \u00bfC\u00f3mo organizas tu d\u00eda?<\/strong><\/p>\n<p>&nbsp;<\/p>\n<p>Jajaja, la gente que me conoce piensa que estoy un poco loca, pero mi d\u00eda comienza a las 5h de la ma\u00f1ana&#8230; Soy bastante cuadriculada, en ocasiones demasiado ya que puede causar stress\u2026 pero tengo mis horarios para todo. La primera hora de la ma\u00f1ana para m\u00ed es el momento del d\u00eda en el que mejor se trabaja, la cabeza est\u00e1 m\u00e1s despejada y las ideas fluyen con m\u00e1s facilidad. El silencio, la calma, un poco de m\u00fasica y las teclas del ordenador son mis compa\u00f1eros para organizar mi hobby, que es el blog y las RRSS.<\/p>\n<p>&nbsp;<\/p>\n<p>Un paseo matutino con Tambor, mi perro, tambi\u00e9n ayuda para poner las ideas en orden y conectar aun m\u00e1s con el entorno. A partir de las 7h30 ya comienza la vida real del trabajo, la casa, la familia&#8230; Y la tarde la reservo para quedar con gente que me contacta para hablar sobre ellos, para tener material que m\u00e1s tarde voy a plasmar y darle forma en Blogssipgirl o en Made in Zaragoza; o aprovecho para organizar otras colaboraciones y proyectos que pongo en marcha. Y por la noche, familia. Muchos fines de semana tambi\u00e9n son de trabajo, as\u00ed que cualquier momento para disfrutar de la familia y amigos \u00a1sabe a gloria!<\/p>\n<p>&nbsp;<\/p>\n<figure id=\"attachment_23061\" aria-describedby=\"caption-attachment-23061\" style=\"width: 840px\" class=\"wp-caption alignright\"><img loading=\"lazy\" decoding=\"async\" class=\"wp-image-23061 size-large\" src=\"http:\/\/madeinzaragoza.es\/blog\/wp-content\/uploads\/2018\/12\/MIZ-blogssipgirl-Marina-Criado-111118-1024x757.jpg\" alt=\"\" width=\"840\" height=\"621\" srcset=\"http:\/\/madeinzaragoza.es\/blog\/wp-content\/uploads\/2018\/12\/MIZ-blogssipgirl-Marina-Criado-111118-1024x757.jpg 1024w, http:\/\/madeinzaragoza.es\/blog\/wp-content\/uploads\/2018\/12\/MIZ-blogssipgirl-Marina-Criado-111118-300x222.jpg 300w, http:\/\/madeinzaragoza.es\/blog\/wp-content\/uploads\/2018\/12\/MIZ-blogssipgirl-Marina-Criado-111118-768x568.jpg 768w, http:\/\/madeinzaragoza.es\/blog\/wp-content\/uploads\/2018\/12\/MIZ-blogssipgirl-Marina-Criado-111118-1200x887.jpg 1200w\" sizes=\"(max-width: 709px) 85vw, (max-width: 909px) 67vw, (max-width: 1362px) 62vw, 840px\" \/><figcaption id=\"caption-attachment-23061\" class=\"wp-caption-text\">Silvia posando para Marina Criado<\/figcaption><\/figure>\n<p>&nbsp;<\/p>\n<p>&nbsp;<\/p>\n<p>&nbsp;<\/p>\n<p>&nbsp;<\/p>\n<p>&nbsp;<\/p>\n<p>&nbsp;<\/p>\n<p><strong>Cada vez que entras en una tienda de deco<\/strong><strong>raci\u00f3n o de moda, te reciben con los brazos abiertos. \u00bfQu\u00e9 es lo que m\u00e1s disfrutas al realizar tus reportajes, y que es lo m\u00e1s curioso que te haya pasado al realizar un reportaje?<\/strong><\/p>\n<p>&nbsp;<\/p>\n<p>Bueno no creas, no siempre es as\u00ed, jajaja, no es para tanto, t\u00fa que me ves con buenos ojos&#8230; Pero s\u00ed, si me reciben as\u00ed es una sensaci\u00f3n placentera, un subid\u00f3n si la gente me reconoce y me lo dice, no lo voy a negar. Me gusta hablar con la gente conocer sus proyectos, ideas, apuestas, empresas, sus sue\u00f1os, sus vidas. Y me encanta vivir la experiencia, yo siempre lo digo, mi blog habla de experiencias, nunca escribo sobre algo que desconozco.<\/p>\n<p>&nbsp;<\/p>\n<p>Me gusta vivir, tocar experimentar todo aquello que luego transmito porque si yo no lo vivo \u00bfc\u00f3mo voy a hacerlo atractivo a los lectores?, \u00bfc\u00f3mo voy a proponer un servicio, un producto que no he probado? Quiero ser siempre transparente y aconsejar sobre lo que a m\u00ed me me funciona, me gusta, con lo que me encuentro c\u00f3moda y disfruto. Una cosa que tambi\u00e9n siempre digo es que si algo (un producto, un servicio, una vivencia) no va conmigo, no me encaja o no me gusta, prefiero no hablar, ni bien ni mal&#8230;<\/p>\n<p>&nbsp;<\/p>\n<p><strong>Has mencionado que una de tus actividades favoritas es pasear por la ciudad. \u00bfCu\u00e1l es tu paseo favorito para relajarte?<\/strong><\/p>\n<p>&nbsp;<\/p>\n<p>Me encanta pasear y descubrir rincones nuevos, la ribera del Ebro, el parque Lineal Plaza, la zona de la Expo, el Parque del Agua&#8230; pero nuestro Parque Grande, para m\u00ed es el centro, ah\u00ed puedes caminar, patinar, ir en bici&#8230;<\/p>\n<p>&nbsp;<\/p>\n<p><strong>Tenemos muchos sitios para impresionar a los que vienen de fuera \u00bfQu\u00e9 restaurante nos recomendar\u00edas para impresionar a unos amigos que no conocen Zaragoza?<\/strong><\/p>\n<p>&nbsp;<\/p>\n<p>Tenemos unas deliciosas propuestas gastron\u00f3micas en Zaragoza, sobre todo porque nuestros productos de Arag\u00f3n son exquisitos y de gran calidad. Me resulta dif\u00edcil elegir uno solo, depende del estilo y gusto de cada uno.<\/p>\n<p>&nbsp;<\/p>\n<p><strong>Nuestra ciudad no ha parado de evolucionar y crecer, aunque muchos escenarios de nuestra infancia han dejado de existir. \u00bfQu\u00e9 lugares de la ciudad que ya no existen echas m\u00e1s de menos?<\/strong><\/p>\n<p>&nbsp;<\/p>\n<p>Echo de menos la magia de los grandes cines, como el El\u00edseos, el Fleta, el Coliseo Equitativa\u2026 era una experiencia \u00fanica, una delicia ir a esas maravillosas salas. De hecho, me encanta cuando puedo ver alguna pel\u00edcula en el cine Cervantes, que es el \u00fanico que mantiene ese sabor especial a \u00e9pocas pasadas.<\/p>\n<p>&nbsp;<\/p>\n<p><strong>Vimos tus propuestas de moda para estas navidades en tu blog, pero podr\u00edas resumir c\u00f3mo va a ser la moda de la temporada que viene.<\/strong><\/p>\n<p>&nbsp;<\/p>\n<p>Personalmente me encantarar\u00eda una vuelta a los a\u00f1os 20, esa esencia y glamour, delicadeza y elegancia caracter\u00edsticas me parecen fascinantes, damas con faldas cortas de gasas y volantes, collares largos y complementos como las estolas de marab\u00fa\u2026 imagen tipo Dowton Abbey o el Gran Gatsby. Otra \u00e9poca que tambi\u00e9n me encanta revivir son los a\u00f1os 60, en los que se mostraba el lado m\u00e1s infantil a modo de juego de seducci\u00f3n, minifaldas, vestidos de formas geom\u00e9tricas y rectas, vestidos cl\u00e1sicos y elegantes con las figuras de Audrey Hepburn o Twiggy como iconos de esta moda; sin olvidarnos de la comodidad de los jeans, una prenda b\u00e1sica y que siempre combina f\u00e1cilmente.<\/p>\n<p>&nbsp;<\/p>\n<p>Dejando a un lado mi aportaci\u00f3n personal&#8230; Para el 2019 el tono coral es la estrella. Los estampados de flores ser\u00e1n tendencia, vestidos rom\u00e1nticos con tules, volantes&#8230; Para la noche, siempre el sexy de los minivestidos joya y decoraciones extremas con pedrer\u00eda. Para la oficina el traje con pantalones cortos y bermudas&#8230; Y tambi\u00e9n vuelven los a\u00f1os 80, vestidos con vol\u00famenes en las mangas, alg\u00fan drapeado, las mallas de ciclista (esta \u00faltima tendencia no acabo yo de verla\u2026).<\/p>\n<p>&nbsp;<\/p>\n<p>No obstante, siempre indico que lo importante no son las tendencias, lo importarte es saber ser t\u00fa mismo y sentirte a gusto con las prendas que llevas, saber adaptar la moda a tu estilo y no al rev\u00e9s.<\/p>\n<p>&nbsp;<\/p>\n<p><strong>Como experta en moda, \u00bfc\u00f3mo ves el panorama de dise\u00f1adores aragoneses?<\/strong><\/p>\n<p>Est\u00e1 habiendo un despunte muy interesante, cada vez hay m\u00e1s j\u00f3venes que apuestan por el dise\u00f1o, es una pasi\u00f3n lo que tienen y luchan por conseguirlo. A t\u00edtulo personal me tiene fascinada Marina Criado, por ejemplo, que tiene ideas muy originales y \u00fanicas para vestir a novias, madrinas, invitadas\u2026<\/p>\n<p>&nbsp;<\/p>\n<p>&nbsp;<\/p>\n<p><strong>En estas fechas, es indispensable preguntarte cu\u00e1l es tu recuerdo m\u00e1s bonito de una navidad en Zaragoza.<\/strong><\/p>\n<p>&nbsp;<\/p>\n<p>Cualquier Navidad de ni\u00f1a en la que el momento m\u00e1s m\u00e1gico y especial era ver la Cabalgata de SSMM Los Reyes Magos y saber que me estaban saludando y mirando a m\u00ed, era una sensaci\u00f3n de sentirme \u00fanica en el mundo.<\/p>\n<p>&nbsp;<\/p>\n<p>\u00bfUn plan especial para estas navidades? Seguir paseando por Zaragoza y descubrir con mirada de turista todos los rincones maravillosos que tenemos en nuestra ciudad<\/p>\n<p>&nbsp;<\/p>\n<p><strong>Para terminar esta entrevista, \u00bfqu\u00e9 le pides al a\u00f1o que empieza?<\/strong><\/p>\n<p>&nbsp;<\/p>\n<p>Ante todo, m\u00e1s solidaridad, empat\u00eda y apoyo entre todos, menos pisarnos y m\u00e1s unir nuestras fuerzas para brillar juntos y conseguir que los proyectos, sue\u00f1os e ilusiones se cumplan.<\/p>\n<p>Y ya a nivel personal, lo t\u00edpico pero que es esencial: salud, ya que sin ella no podemos disfrutar lo que nos espera en el nuevo a\u00f1o. Por supuesto amor, trabajo, tranquilidad mental, bienestar en general y un peque\u00f1o secreto: m\u00e1s confianza en m\u00ed misma, que muchas veces me falla.<\/p>\n<p>&nbsp;<\/p>\n<p>Acabo esta entrevista y pienso que ha sido todo un regalo conocer mejor a una compa\u00f1era de blog. Solo me queda desearle a ella lo mejor para el a\u00f1o que viene y que se cumplan sus sue\u00f1os, que lo que sue\u00f1a, merece la pena.<\/p>\n","protected":false},"excerpt":{"rendered":"<p>Nuestra protagonista, Silvia Puyal, es la creadora de Blogssipgirl, firma con lo que expresa sus inquietudes sobre moda, decoraci\u00f3n y los mejores paisajes de nuestra ciudad. Adem\u00e1s de las Redes Sociales, Silvia organiza eventos y gestiona blogs. Detr\u00e1s de tanta actividad, encontramos a una mujer que en su b\u00fasqueda personal, sabe ver la belleza de &hellip; <a href=\"http:\/\/madeinzaragoza.es\/blog\/entrevistas-miz-blogssipgirl-hablemos-de-moda\/\" class=\"more-link\">Continuar leyendo<span class=\"screen-reader-text\"> \u00abEntrevistas MIZ: Blogssipgirl, hablemos de Moda\u00bb<\/span><\/a><\/p>\n","protected":false},"author":61,"featured_media":23060,"comment_status":"open","ping_status":"open","sticky":false,"template":"","format":"standard","meta":{"footnotes":""},"categories":[6,8],"tags":[1893,84],"yoast_head":"<!-- This site is optimized with the Yoast SEO plugin v19.7.2 - https:\/\/yoast.com\/wordpress\/plugins\/seo\/ -->\n<title>Entrevistas MIZ: Blogssipgirl, hablemos de Moda - Made in Zaragoza<\/title>\n<meta name=\"robots\" content=\"index, follow, max-snippet:-1, max-image-preview:large, max-video-preview:-1\" \/>\n<link rel=\"canonical\" href=\"http:\/\/madeinzaragoza.es\/blog\/entrevistas-miz-blogssipgirl-hablemos-de-moda\/\" \/>\n<meta property=\"og:locale\" content=\"es_ES\" \/>\n<meta property=\"og:type\" content=\"article\" \/>\n<meta property=\"og:title\" content=\"Entrevistas MIZ: Blogssipgirl, hablemos de Moda - Made in Zaragoza\" \/>\n<meta property=\"og:description\" content=\"Nuestra protagonista, Silvia Puyal, es la creadora de Blogssipgirl, firma con lo que expresa sus inquietudes sobre moda, decoraci\u00f3n y los mejores paisajes de nuestra ciudad. Adem\u00e1s de las Redes Sociales, Silvia organiza eventos y gestiona blogs. Detr\u00e1s de tanta actividad, encontramos a una mujer que en su b\u00fasqueda personal, sabe ver la belleza de &hellip; Continuar leyendo &quot;Entrevistas MIZ: Blogssipgirl, hablemos de Moda&quot;\" \/>\n<meta property=\"og:url\" content=\"http:\/\/madeinzaragoza.es\/blog\/entrevistas-miz-blogssipgirl-hablemos-de-moda\/\" \/>\n<meta property=\"og:site_name\" content=\"Made in Zaragoza\" \/>\n<meta property=\"article:publisher\" content=\"https:\/\/www.facebook.com\/madeinzaragoza.es\/\" \/>\n<meta property=\"article:published_time\" content=\"2018-12-28T06:46:44+00:00\" \/>\n<meta property=\"article:modified_time\" content=\"2018-12-31T09:57:42+00:00\" \/>\n<meta property=\"og:image\" content=\"http:\/\/madeinzaragoza.es\/blog\/wp-content\/uploads\/2018\/12\/MIZ-blogssipgirl-081018-e1546194941153.jpg\" \/>\n\t<meta property=\"og:image:width\" content=\"1390\" \/>\n\t<meta property=\"og:image:height\" content=\"965\" \/>\n\t<meta property=\"og:image:type\" content=\"image\/jpeg\" \/>\n<meta name=\"author\" content=\"Placido Manzanares\" \/>\n<meta name=\"twitter:card\" content=\"summary\" \/>\n<meta name=\"twitter:creator\" content=\"@madeinzaragoza\" \/>\n<meta name=\"twitter:site\" content=\"@madeinzaragoza\" \/>\n<meta name=\"twitter:label1\" content=\"Escrito por\" \/>\n\t<meta name=\"twitter:data1\" content=\"Placido Manzanares\" \/>\n\t<meta name=\"twitter:label2\" content=\"Tiempo de lectura\" \/>\n\t<meta name=\"twitter:data2\" content=\"9 minutos\" \/>\n<script type=\"application\/ld+json\" class=\"yoast-schema-graph\">{\"@context\":\"https:\/\/schema.org\",\"@graph\":[{\"@type\":\"Article\",\"@id\":\"http:\/\/madeinzaragoza.es\/blog\/entrevistas-miz-blogssipgirl-hablemos-de-moda\/#article\",\"isPartOf\":{\"@id\":\"http:\/\/madeinzaragoza.es\/blog\/entrevistas-miz-blogssipgirl-hablemos-de-moda\/\"},\"author\":{\"name\":\"Placido Manzanares\",\"@id\":\"https:\/\/madeinzaragoza.es\/blog\/#\/schema\/person\/16f7f64617c4c4332ebf89708272a502\"},\"headline\":\"Entrevistas MIZ: Blogssipgirl, hablemos de Moda\",\"datePublished\":\"2018-12-28T06:46:44+00:00\",\"dateModified\":\"2018-12-31T09:57:42+00:00\",\"mainEntityOfPage\":{\"@id\":\"http:\/\/madeinzaragoza.es\/blog\/entrevistas-miz-blogssipgirl-hablemos-de-moda\/\"},\"wordCount\":1825,\"commentCount\":0,\"publisher\":{\"@id\":\"https:\/\/madeinzaragoza.es\/blog\/#organization\"},\"keywords\":[\"Asesores de moda\",\"gente\"],\"articleSection\":[\"Gente\",\"Red MIZ\"],\"inLanguage\":\"es\",\"potentialAction\":[{\"@type\":\"CommentAction\",\"name\":\"Comment\",\"target\":[\"http:\/\/madeinzaragoza.es\/blog\/entrevistas-miz-blogssipgirl-hablemos-de-moda\/#respond\"]}]},{\"@type\":\"WebPage\",\"@id\":\"http:\/\/madeinzaragoza.es\/blog\/entrevistas-miz-blogssipgirl-hablemos-de-moda\/\",\"url\":\"http:\/\/madeinzaragoza.es\/blog\/entrevistas-miz-blogssipgirl-hablemos-de-moda\/\",\"name\":\"Entrevistas MIZ: Blogssipgirl, hablemos de Moda - Made in Zaragoza\",\"isPartOf\":{\"@id\":\"https:\/\/madeinzaragoza.es\/blog\/#website\"},\"datePublished\":\"2018-12-28T06:46:44+00:00\",\"dateModified\":\"2018-12-31T09:57:42+00:00\",\"breadcrumb\":{\"@id\":\"http:\/\/madeinzaragoza.es\/blog\/entrevistas-miz-blogssipgirl-hablemos-de-moda\/#breadcrumb\"},\"inLanguage\":\"es\",\"potentialAction\":[{\"@type\":\"ReadAction\",\"target\":[\"http:\/\/madeinzaragoza.es\/blog\/entrevistas-miz-blogssipgirl-hablemos-de-moda\/\"]}]},{\"@type\":\"BreadcrumbList\",\"@id\":\"http:\/\/madeinzaragoza.es\/blog\/entrevistas-miz-blogssipgirl-hablemos-de-moda\/#breadcrumb\",\"itemListElement\":[{\"@type\":\"ListItem\",\"position\":1,\"name\":\"Portada\",\"item\":\"https:\/\/madeinzaragoza.es\/blog\/\"},{\"@type\":\"ListItem\",\"position\":2,\"name\":\"Entrevistas MIZ: Blogssipgirl, hablemos de Moda\"}]},{\"@type\":\"WebSite\",\"@id\":\"https:\/\/madeinzaragoza.es\/blog\/#website\",\"url\":\"https:\/\/madeinzaragoza.es\/blog\/\",\"name\":\"Made in Zaragoza\",\"description\":\"Blog de MadeinZGZ, Red de Econom\u00eda Creativa de Zaragoza\",\"publisher\":{\"@id\":\"https:\/\/madeinzaragoza.es\/blog\/#organization\"},\"potentialAction\":[{\"@type\":\"SearchAction\",\"target\":{\"@type\":\"EntryPoint\",\"urlTemplate\":\"https:\/\/madeinzaragoza.es\/blog\/?s={search_term_string}\"},\"query-input\":\"required name=search_term_string\"}],\"inLanguage\":\"es\"},{\"@type\":\"Organization\",\"@id\":\"https:\/\/madeinzaragoza.es\/blog\/#organization\",\"name\":\"Made In Zaragoza\",\"url\":\"https:\/\/madeinzaragoza.es\/blog\/\",\"sameAs\":[\"https:\/\/www.instagram.com\/madeinzaragoza.es\/\",\"https:\/\/www.facebook.com\/madeinzaragoza.es\/\",\"https:\/\/twitter.com\/madeinzaragoza\"],\"logo\":{\"@type\":\"ImageObject\",\"inLanguage\":\"es\",\"@id\":\"https:\/\/madeinzaragoza.es\/blog\/#\/schema\/logo\/image\/\",\"url\":\"https:\/\/madeinzaragoza.es\/blog\/wp-content\/uploads\/2022\/05\/logo.png\",\"contentUrl\":\"https:\/\/madeinzaragoza.es\/blog\/wp-content\/uploads\/2022\/05\/logo.png\",\"width\":193,\"height\":176,\"caption\":\"Made In Zaragoza\"},\"image\":{\"@id\":\"https:\/\/madeinzaragoza.es\/blog\/#\/schema\/logo\/image\/\"}},{\"@type\":\"Person\",\"@id\":\"https:\/\/madeinzaragoza.es\/blog\/#\/schema\/person\/16f7f64617c4c4332ebf89708272a502\",\"name\":\"Placido Manzanares\",\"image\":{\"@type\":\"ImageObject\",\"inLanguage\":\"es\",\"@id\":\"https:\/\/madeinzaragoza.es\/blog\/#\/schema\/person\/image\/\",\"url\":\"http:\/\/1.gravatar.com\/avatar\/7f11d20df5055787e9150963bd247481?s=96&d=mm&r=g\",\"contentUrl\":\"http:\/\/1.gravatar.com\/avatar\/7f11d20df5055787e9150963bd247481?s=96&d=mm&r=g\",\"caption\":\"Placido Manzanares\"},\"url\":\"http:\/\/madeinzaragoza.es\/blog\/author\/placidomanzanares\/\"}]}<\/script>\n<!-- \/ Yoast SEO plugin. -->","yoast_head_json":{"title":"Entrevistas MIZ: Blogssipgirl, hablemos de Moda - Made in Zaragoza","robots":{"index":"index","follow":"follow","max-snippet":"max-snippet:-1","max-image-preview":"max-image-preview:large","max-video-preview":"max-video-preview:-1"},"canonical":"http:\/\/madeinzaragoza.es\/blog\/entrevistas-miz-blogssipgirl-hablemos-de-moda\/","og_locale":"es_ES","og_type":"article","og_title":"Entrevistas MIZ: Blogssipgirl, hablemos de Moda - Made in Zaragoza","og_description":"Nuestra protagonista, Silvia Puyal, es la creadora de Blogssipgirl, firma con lo que expresa sus inquietudes sobre moda, decoraci\u00f3n y los mejores paisajes de nuestra ciudad. Adem\u00e1s de las Redes Sociales, Silvia organiza eventos y gestiona blogs. Detr\u00e1s de tanta actividad, encontramos a una mujer que en su b\u00fasqueda personal, sabe ver la belleza de &hellip; Continuar leyendo \"Entrevistas MIZ: Blogssipgirl, hablemos de Moda\"","og_url":"http:\/\/madeinzaragoza.es\/blog\/entrevistas-miz-blogssipgirl-hablemos-de-moda\/","og_site_name":"Made in Zaragoza","article_publisher":"https:\/\/www.facebook.com\/madeinzaragoza.es\/","article_published_time":"2018-12-28T06:46:44+00:00","article_modified_time":"2018-12-31T09:57:42+00:00","og_image":[{"width":1390,"height":965,"url":"http:\/\/madeinzaragoza.es\/blog\/wp-content\/uploads\/2018\/12\/MIZ-blogssipgirl-081018-e1546194941153.jpg","type":"image\/jpeg"}],"author":"Placido Manzanares","twitter_card":"summary","twitter_creator":"@madeinzaragoza","twitter_site":"@madeinzaragoza","twitter_misc":{"Escrito por":"Placido Manzanares","Tiempo de lectura":"9 minutos"},"schema":{"@context":"https:\/\/schema.org","@graph":[{"@type":"Article","@id":"http:\/\/madeinzaragoza.es\/blog\/entrevistas-miz-blogssipgirl-hablemos-de-moda\/#article","isPartOf":{"@id":"http:\/\/madeinzaragoza.es\/blog\/entrevistas-miz-blogssipgirl-hablemos-de-moda\/"},"author":{"name":"Placido Manzanares","@id":"https:\/\/madeinzaragoza.es\/blog\/#\/schema\/person\/16f7f64617c4c4332ebf89708272a502"},"headline":"Entrevistas MIZ: Blogssipgirl, hablemos de Moda","datePublished":"2018-12-28T06:46:44+00:00","dateModified":"2018-12-31T09:57:42+00:00","mainEntityOfPage":{"@id":"http:\/\/madeinzaragoza.es\/blog\/entrevistas-miz-blogssipgirl-hablemos-de-moda\/"},"wordCount":1825,"commentCount":0,"publisher":{"@id":"https:\/\/madeinzaragoza.es\/blog\/#organization"},"keywords":["Asesores de moda","gente"],"articleSection":["Gente","Red MIZ"],"inLanguage":"es","potentialAction":[{"@type":"CommentAction","name":"Comment","target":["http:\/\/madeinzaragoza.es\/blog\/entrevistas-miz-blogssipgirl-hablemos-de-moda\/#respond"]}]},{"@type":"WebPage","@id":"http:\/\/madeinzaragoza.es\/blog\/entrevistas-miz-blogssipgirl-hablemos-de-moda\/","url":"http:\/\/madeinzaragoza.es\/blog\/entrevistas-miz-blogssipgirl-hablemos-de-moda\/","name":"Entrevistas MIZ: Blogssipgirl, hablemos de Moda - Made in Zaragoza","isPartOf":{"@id":"https:\/\/madeinzaragoza.es\/blog\/#website"},"datePublished":"2018-12-28T06:46:44+00:00","dateModified":"2018-12-31T09:57:42+00:00","breadcrumb":{"@id":"http:\/\/madeinzaragoza.es\/blog\/entrevistas-miz-blogssipgirl-hablemos-de-moda\/#breadcrumb"},"inLanguage":"es","potentialAction":[{"@type":"ReadAction","target":["http:\/\/madeinzaragoza.es\/blog\/entrevistas-miz-blogssipgirl-hablemos-de-moda\/"]}]},{"@type":"BreadcrumbList","@id":"http:\/\/madeinzaragoza.es\/blog\/entrevistas-miz-blogssipgirl-hablemos-de-moda\/#breadcrumb","itemListElement":[{"@type":"ListItem","position":1,"name":"Portada","item":"https:\/\/madeinzaragoza.es\/blog\/"},{"@type":"ListItem","position":2,"name":"Entrevistas MIZ: Blogssipgirl, hablemos de Moda"}]},{"@type":"WebSite","@id":"https:\/\/madeinzaragoza.es\/blog\/#website","url":"https:\/\/madeinzaragoza.es\/blog\/","name":"Made in Zaragoza","description":"Blog de MadeinZGZ, Red de Econom\u00eda Creativa de Zaragoza","publisher":{"@id":"https:\/\/madeinzaragoza.es\/blog\/#organization"},"potentialAction":[{"@type":"SearchAction","target":{"@type":"EntryPoint","urlTemplate":"https:\/\/madeinzaragoza.es\/blog\/?s={search_term_string}"},"query-input":"required name=search_term_string"}],"inLanguage":"es"},{"@type":"Organization","@id":"https:\/\/madeinzaragoza.es\/blog\/#organization","name":"Made In Zaragoza","url":"https:\/\/madeinzaragoza.es\/blog\/","sameAs":["https:\/\/www.instagram.com\/madeinzaragoza.es\/","https:\/\/www.facebook.com\/madeinzaragoza.es\/","https:\/\/twitter.com\/madeinzaragoza"],"logo":{"@type":"ImageObject","inLanguage":"es","@id":"https:\/\/madeinzaragoza.es\/blog\/#\/schema\/logo\/image\/","url":"https:\/\/madeinzaragoza.es\/blog\/wp-content\/uploads\/2022\/05\/logo.png","contentUrl":"https:\/\/madeinzaragoza.es\/blog\/wp-content\/uploads\/2022\/05\/logo.png","width":193,"height":176,"caption":"Made In Zaragoza"},"image":{"@id":"https:\/\/madeinzaragoza.es\/blog\/#\/schema\/logo\/image\/"}},{"@type":"Person","@id":"https:\/\/madeinzaragoza.es\/blog\/#\/schema\/person\/16f7f64617c4c4332ebf89708272a502","name":"Placido Manzanares","image":{"@type":"ImageObject","inLanguage":"es","@id":"https:\/\/madeinzaragoza.es\/blog\/#\/schema\/person\/image\/","url":"http:\/\/1.gravatar.com\/avatar\/7f11d20df5055787e9150963bd247481?s=96&d=mm&r=g","contentUrl":"http:\/\/1.gravatar.com\/avatar\/7f11d20df5055787e9150963bd247481?s=96&d=mm&r=g","caption":"Placido Manzanares"},"url":"http:\/\/madeinzaragoza.es\/blog\/author\/placidomanzanares\/"}]}},"_links":{"self":[{"href":"http:\/\/madeinzaragoza.es\/blog\/wp-json\/wp\/v2\/posts\/23059"}],"collection":[{"href":"http:\/\/madeinzaragoza.es\/blog\/wp-json\/wp\/v2\/posts"}],"about":[{"href":"http:\/\/madeinzaragoza.es\/blog\/wp-json\/wp\/v2\/types\/post"}],"author":[{"embeddable":true,"href":"http:\/\/madeinzaragoza.es\/blog\/wp-json\/wp\/v2\/users\/61"}],"replies":[{"embeddable":true,"href":"http:\/\/madeinzaragoza.es\/blog\/wp-json\/wp\/v2\/comments?post=23059"}],"version-history":[{"count":3,"href":"http:\/\/madeinzaragoza.es\/blog\/wp-json\/wp\/v2\/posts\/23059\/revisions"}],"predecessor-version":[{"id":23113,"href":"http:\/\/madeinzaragoza.es\/blog\/wp-json\/wp\/v2\/posts\/23059\/revisions\/23113"}],"wp:featuredmedia":[{"embeddable":true,"href":"http:\/\/madeinzaragoza.es\/blog\/wp-json\/wp\/v2\/media\/23060"}],"wp:attachment":[{"href":"http:\/\/madeinzaragoza.es\/blog\/wp-json\/wp\/v2\/media?parent=23059"}],"wp:term":[{"taxonomy":"category","embeddable":true,"href":"http:\/\/madeinzaragoza.es\/blog\/wp-json\/wp\/v2\/categories?post=23059"},{"taxonomy":"post_tag","embeddable":true,"href":"http:\/\/madeinzaragoza.es\/blog\/wp-json\/wp\/v2\/tags?post=23059"}],"curies":[{"name":"wp","href":"https:\/\/api.w.org\/{rel}","templated":true}]}}