{"id":22253,"date":"2018-11-19T17:45:50","date_gmt":"2018-11-19T16:45:50","guid":{"rendered":"http:\/\/madeinzaragoza.es\/blog\/?p=22253"},"modified":"2018-11-25T21:28:09","modified_gmt":"2018-11-25T20:28:09","slug":"ana-plaza-issue-asesoria-de-imagen","status":"publish","type":"post","link":"http:\/\/madeinzaragoza.es\/blog\/ana-plaza-issue-asesoria-de-imagen\/","title":{"rendered":"Ana Plaza, Issue Asesor\u00eda de Imagen"},"content":{"rendered":"<p><strong>Ana Plaza, Issue Asesor\u00eda de Imagen<\/strong>, una madre de familia, deportista y apasionada de la moda. Creativa, a la que siempre le ha encantado jugar con la ropa, mezclar y atreverse con lo diferente, de ah\u00ed, que familia y amigos le animasen a comenzar con su proyecto de asesoramiento de imagen y estilo.<\/p>\n<p>&nbsp;<\/p>\n<p><em>\u00abSoy de Zaragoza, orgullosa de serlo y de su gente.\u00bb<\/em><\/p>\n<p>&nbsp;<\/p>\n<p><strong>\u00bfCrees que la moda y todo lo que la rodea ha dejado de tener cierto sesgo de frivolidad para ser un componente importantes en nuestras vidas personal y empresarialmente hablando?<\/strong><\/p>\n<p>&nbsp;<\/p>\n<p><em>\u00abSe que la moda lleva asociada esa connotaci\u00f3n superficial, pero lo cierto es que para m\u00ed es mucho m\u00e1s, nos define, nos ayuda a comunicarnos, la moda tiene un poder visual sobre nuestra imagen \u00a1brutal!, ya sab\u00e9is eso de las primeras impresiones&#8230;.\u00bb<\/em><\/p>\n<p>&nbsp;<\/p>\n<p><strong>\u00bfQu\u00e9 haces exactamente, que ventajas supone dejarnos asesorar por alguien como t\u00fa?<\/strong><\/p>\n<p>&nbsp;<\/p>\n<p><em>\u00abLos asesores de imagen tratamos de sacar el m\u00e1ximo partido de la imagen de cada persona, respetando siempre su car\u00e1cter, estilo, presupuesto&#8230; El objetivo es incluir en su vestuario prendas que potencien su f\u00edsico, conocer los colores que mejor le sientan y crear un buen guardarropa. Si sabemos como jugar con las prendas de nuestro armario el resultado puede ser incre\u00edble, ahorramos tiempo y dinero.\u00bb<\/em><\/p>\n<p>&nbsp;<\/p>\n<p><img loading=\"lazy\" decoding=\"async\" class=\"aligncenter wp-image-22255 size-full\" src=\"http:\/\/madeinzaragoza.es\/blog\/wp-content\/uploads\/2018\/11\/IMG_6949.jpg\" alt=\"\" width=\"822\" height=\"822\" srcset=\"http:\/\/madeinzaragoza.es\/blog\/wp-content\/uploads\/2018\/11\/IMG_6949.jpg 822w, http:\/\/madeinzaragoza.es\/blog\/wp-content\/uploads\/2018\/11\/IMG_6949-150x150.jpg 150w, http:\/\/madeinzaragoza.es\/blog\/wp-content\/uploads\/2018\/11\/IMG_6949-300x300.jpg 300w, http:\/\/madeinzaragoza.es\/blog\/wp-content\/uploads\/2018\/11\/IMG_6949-768x768.jpg 768w\" sizes=\"(max-width: 709px) 85vw, (max-width: 909px) 67vw, (max-width: 984px) 61vw, (max-width: 1362px) 45vw, 600px\" \/><\/p>\n<p>&nbsp;<\/p>\n<p><strong>En nuestra ciudad, nos preocupa nuestra imagen, \u00bfsomos una ciudad rompedora, cl\u00e1sica\u2026?<\/strong><\/p>\n<p>&nbsp;<\/p>\n<p><em>\u00abEn general a todo el mundo le preocupa la imagen que proyecta en mayor o menor medida. Siempre nos vestimos para algo y para alguien m\u00e1s que nosotros mismos. Zaragoza es una ciudad bastante tradicional, aunque consider\u00f3 que tiene much\u00edsimo potencial.\u00bb<\/em><\/p>\n<p>&nbsp;<\/p>\n<p><strong>\u00bfEn qu\u00e9 te inspiras para inspirarnos? Es posible dejarse aconsejar sin perder el estilo propio?<\/strong><\/p>\n<p>&nbsp;<\/p>\n<p><em>\u00abUn gran apoyo son el conocimiento de las tendencias&#8230;en la calle, en las pasarelas, colecciones, RRSS, juegan un papel important\u00edsimo, pero respondiendo a tu segunda pregunta, intento ponerme en la piel de cada persona, pensando en su estilo, en sus necesidades, econom\u00eda y la mezcla de todo es lo que me ayuda a visualizar, pensar en piezas y looks que la har\u00edan sentirse c\u00f3moda y segura.\u00bb<\/em><\/p>\n<p>&nbsp;<\/p>\n<p><strong>\u00bfQu\u00e9 papel juegan las redes sociales en tu negocio? \u00bfd\u00f3nde podemos encontrarte a t\u00ed y tus servicios?<\/strong><\/p>\n<p>&nbsp;<\/p>\n<p><em>\u00abSon la mejor ventana para dar a conocer mi trabajo y mis proyectos, aunque tambi\u00e9n es cierto que no plasman al 100% la realidad de una asesor\u00eda de imagen, que por supuesto es algo personal, en ellas se reflejan detalles y la profesionalidad.\u00bb<\/em><\/p>\n<p>&nbsp;<\/p>\n<p>En Instagram pod\u00e9is encontrarle como <a href=\"https:\/\/www.instagram.com\/issue_es\/?hl=es\" class=\"broken_link\">@issue_es<\/a> y en Facebook @<a href=\"https:\/\/www.facebook.com\/issuepersonalshopper\/\">issueasesoriadeimagen<\/a><\/p>\n<p>&nbsp;<\/p>\n<p><strong>Y por \u00faltimo Ana, un deseo para el 2019&#8230;<\/strong><\/p>\n<p>&nbsp;<\/p>\n<p><em>\u00abSuena t\u00f3pico&#8230;.seguir creciendo profesionalmente, disfrutar de mi profesi\u00f3n en la que creo y naturalmente apostar por mi ciudad, por sus tiendas, \u00bfOs anim\u00e1is a un Shopping Tour conmigo? conseguir\u00e1s que tus compras sean m\u00e1s responsables.\u00bb<\/em><\/p>\n<p>&nbsp;<\/p>\n<p><img loading=\"lazy\" decoding=\"async\" class=\"aligncenter wp-image-22256 size-large\" src=\"http:\/\/madeinzaragoza.es\/blog\/wp-content\/uploads\/2018\/11\/IMG_6950-1024x1024.jpg\" alt=\"\" width=\"840\" height=\"840\" srcset=\"http:\/\/madeinzaragoza.es\/blog\/wp-content\/uploads\/2018\/11\/IMG_6950-1024x1024.jpg 1024w, http:\/\/madeinzaragoza.es\/blog\/wp-content\/uploads\/2018\/11\/IMG_6950-150x150.jpg 150w, http:\/\/madeinzaragoza.es\/blog\/wp-content\/uploads\/2018\/11\/IMG_6950-300x300.jpg 300w, http:\/\/madeinzaragoza.es\/blog\/wp-content\/uploads\/2018\/11\/IMG_6950-768x768.jpg 768w, http:\/\/madeinzaragoza.es\/blog\/wp-content\/uploads\/2018\/11\/IMG_6950.jpg 1080w\" sizes=\"(max-width: 709px) 85vw, (max-width: 909px) 67vw, (max-width: 1362px) 62vw, 840px\" \/><\/p>\n","protected":false},"excerpt":{"rendered":"<p>Ana Plaza, Issue Asesor\u00eda de Imagen, una madre de familia, deportista y apasionada de la moda. Creativa, a la que siempre le ha encantado jugar con la ropa, mezclar y atreverse con lo diferente, de ah\u00ed, que familia y amigos le animasen a comenzar con su proyecto de asesoramiento de imagen y estilo. &nbsp; \u00abSoy &hellip; <a href=\"http:\/\/madeinzaragoza.es\/blog\/ana-plaza-issue-asesoria-de-imagen\/\" class=\"more-link\">Continuar leyendo<span class=\"screen-reader-text\"> \u00abAna Plaza, Issue Asesor\u00eda de Imagen\u00bb<\/span><\/a><\/p>\n","protected":false},"author":52,"featured_media":22254,"comment_status":"open","ping_status":"open","sticky":false,"template":"","format":"standard","meta":{"footnotes":""},"categories":[6],"tags":[1893,660,39],"yoast_head":"<!-- This site is optimized with the Yoast SEO plugin v19.7.2 - https:\/\/yoast.com\/wordpress\/plugins\/seo\/ -->\n<title>Ana Plaza, Issue Asesor\u00eda de Imagen - Made in Zaragoza<\/title>\n<meta name=\"robots\" content=\"index, follow, max-snippet:-1, max-image-preview:large, max-video-preview:-1\" \/>\n<link rel=\"canonical\" href=\"http:\/\/madeinzaragoza.es\/blog\/ana-plaza-issue-asesoria-de-imagen\/\" \/>\n<meta property=\"og:locale\" content=\"es_ES\" \/>\n<meta property=\"og:type\" content=\"article\" \/>\n<meta property=\"og:title\" content=\"Ana Plaza, Issue Asesor\u00eda de Imagen - Made in Zaragoza\" \/>\n<meta property=\"og:description\" content=\"Ana Plaza, Issue Asesor\u00eda de Imagen, una madre de familia, deportista y apasionada de la moda. Creativa, a la que siempre le ha encantado jugar con la ropa, mezclar y atreverse con lo diferente, de ah\u00ed, que familia y amigos le animasen a comenzar con su proyecto de asesoramiento de imagen y estilo. &nbsp; \u00abSoy &hellip; Continuar leyendo &quot;Ana Plaza, Issue Asesor\u00eda de Imagen&quot;\" \/>\n<meta property=\"og:url\" content=\"http:\/\/madeinzaragoza.es\/blog\/ana-plaza-issue-asesoria-de-imagen\/\" \/>\n<meta property=\"og:site_name\" content=\"Made in Zaragoza\" \/>\n<meta property=\"article:publisher\" content=\"https:\/\/www.facebook.com\/madeinzaragoza.es\/\" \/>\n<meta property=\"article:published_time\" content=\"2018-11-19T16:45:50+00:00\" \/>\n<meta property=\"article:modified_time\" content=\"2018-11-25T20:28:09+00:00\" \/>\n<meta property=\"og:image\" content=\"http:\/\/madeinzaragoza.es\/blog\/wp-content\/uploads\/2018\/11\/IMG_6952-e1543175627139.jpg\" \/>\n\t<meta property=\"og:image:width\" content=\"1076\" \/>\n\t<meta property=\"og:image:height\" content=\"712\" \/>\n\t<meta property=\"og:image:type\" content=\"image\/jpeg\" \/>\n<meta name=\"author\" content=\"Angela Medrano\" \/>\n<meta name=\"twitter:card\" content=\"summary\" \/>\n<meta name=\"twitter:creator\" content=\"@madeinzaragoza\" \/>\n<meta name=\"twitter:site\" content=\"@madeinzaragoza\" \/>\n<meta name=\"twitter:label1\" content=\"Escrito por\" \/>\n\t<meta name=\"twitter:data1\" content=\"Angela Medrano\" \/>\n\t<meta name=\"twitter:label2\" content=\"Tiempo de lectura\" \/>\n\t<meta name=\"twitter:data2\" content=\"3 minutos\" \/>\n<script type=\"application\/ld+json\" class=\"yoast-schema-graph\">{\"@context\":\"https:\/\/schema.org\",\"@graph\":[{\"@type\":\"Article\",\"@id\":\"http:\/\/madeinzaragoza.es\/blog\/ana-plaza-issue-asesoria-de-imagen\/#article\",\"isPartOf\":{\"@id\":\"http:\/\/madeinzaragoza.es\/blog\/ana-plaza-issue-asesoria-de-imagen\/\"},\"author\":{\"name\":\"Angela Medrano\",\"@id\":\"https:\/\/madeinzaragoza.es\/blog\/#\/schema\/person\/e806dba8166aaf8b7e464f2847493c2a\"},\"headline\":\"Ana Plaza, Issue Asesor\u00eda de Imagen\",\"datePublished\":\"2018-11-19T16:45:50+00:00\",\"dateModified\":\"2018-11-25T20:28:09+00:00\",\"mainEntityOfPage\":{\"@id\":\"http:\/\/madeinzaragoza.es\/blog\/ana-plaza-issue-asesoria-de-imagen\/\"},\"wordCount\":508,\"commentCount\":0,\"publisher\":{\"@id\":\"https:\/\/madeinzaragoza.es\/blog\/#organization\"},\"keywords\":[\"Asesores de moda\",\"emprendedoras\",\"moda\"],\"articleSection\":[\"Gente\"],\"inLanguage\":\"es\",\"potentialAction\":[{\"@type\":\"CommentAction\",\"name\":\"Comment\",\"target\":[\"http:\/\/madeinzaragoza.es\/blog\/ana-plaza-issue-asesoria-de-imagen\/#respond\"]}]},{\"@type\":\"WebPage\",\"@id\":\"http:\/\/madeinzaragoza.es\/blog\/ana-plaza-issue-asesoria-de-imagen\/\",\"url\":\"http:\/\/madeinzaragoza.es\/blog\/ana-plaza-issue-asesoria-de-imagen\/\",\"name\":\"Ana Plaza, Issue Asesor\u00eda de Imagen - Made in Zaragoza\",\"isPartOf\":{\"@id\":\"https:\/\/madeinzaragoza.es\/blog\/#website\"},\"datePublished\":\"2018-11-19T16:45:50+00:00\",\"dateModified\":\"2018-11-25T20:28:09+00:00\",\"breadcrumb\":{\"@id\":\"http:\/\/madeinzaragoza.es\/blog\/ana-plaza-issue-asesoria-de-imagen\/#breadcrumb\"},\"inLanguage\":\"es\",\"potentialAction\":[{\"@type\":\"ReadAction\",\"target\":[\"http:\/\/madeinzaragoza.es\/blog\/ana-plaza-issue-asesoria-de-imagen\/\"]}]},{\"@type\":\"BreadcrumbList\",\"@id\":\"http:\/\/madeinzaragoza.es\/blog\/ana-plaza-issue-asesoria-de-imagen\/#breadcrumb\",\"itemListElement\":[{\"@type\":\"ListItem\",\"position\":1,\"name\":\"Portada\",\"item\":\"https:\/\/madeinzaragoza.es\/blog\/\"},{\"@type\":\"ListItem\",\"position\":2,\"name\":\"Ana Plaza, Issue Asesor\u00eda de Imagen\"}]},{\"@type\":\"WebSite\",\"@id\":\"https:\/\/madeinzaragoza.es\/blog\/#website\",\"url\":\"https:\/\/madeinzaragoza.es\/blog\/\",\"name\":\"Made in Zaragoza\",\"description\":\"Blog de MadeinZGZ, Red de Econom\u00eda Creativa de Zaragoza\",\"publisher\":{\"@id\":\"https:\/\/madeinzaragoza.es\/blog\/#organization\"},\"potentialAction\":[{\"@type\":\"SearchAction\",\"target\":{\"@type\":\"EntryPoint\",\"urlTemplate\":\"https:\/\/madeinzaragoza.es\/blog\/?s={search_term_string}\"},\"query-input\":\"required name=search_term_string\"}],\"inLanguage\":\"es\"},{\"@type\":\"Organization\",\"@id\":\"https:\/\/madeinzaragoza.es\/blog\/#organization\",\"name\":\"Made In Zaragoza\",\"url\":\"https:\/\/madeinzaragoza.es\/blog\/\",\"sameAs\":[\"https:\/\/www.instagram.com\/madeinzaragoza.es\/\",\"https:\/\/www.facebook.com\/madeinzaragoza.es\/\",\"https:\/\/twitter.com\/madeinzaragoza\"],\"logo\":{\"@type\":\"ImageObject\",\"inLanguage\":\"es\",\"@id\":\"https:\/\/madeinzaragoza.es\/blog\/#\/schema\/logo\/image\/\",\"url\":\"https:\/\/madeinzaragoza.es\/blog\/wp-content\/uploads\/2022\/05\/logo.png\",\"contentUrl\":\"https:\/\/madeinzaragoza.es\/blog\/wp-content\/uploads\/2022\/05\/logo.png\",\"width\":193,\"height\":176,\"caption\":\"Made In Zaragoza\"},\"image\":{\"@id\":\"https:\/\/madeinzaragoza.es\/blog\/#\/schema\/logo\/image\/\"}},{\"@type\":\"Person\",\"@id\":\"https:\/\/madeinzaragoza.es\/blog\/#\/schema\/person\/e806dba8166aaf8b7e464f2847493c2a\",\"name\":\"Angela Medrano\",\"image\":{\"@type\":\"ImageObject\",\"inLanguage\":\"es\",\"@id\":\"https:\/\/madeinzaragoza.es\/blog\/#\/schema\/person\/image\/\",\"url\":\"http:\/\/0.gravatar.com\/avatar\/3cee2f1709374f6ca8b2ae897c60eb2f?s=96&d=mm&r=g\",\"contentUrl\":\"http:\/\/0.gravatar.com\/avatar\/3cee2f1709374f6ca8b2ae897c60eb2f?s=96&d=mm&r=g\",\"caption\":\"Angela Medrano\"},\"description\":\"Profesional de la Comunicaci\u00f3n y Relaciones P\u00fablicas. 15 a\u00f1os de conocimientos y experiencia al servicio de todos vosotros! La Comunicaci\u00f3n es mi Pasi\u00f3n. Es la Estrategia basada en la Creatividad y soportada por todo un abanico de herramientas y acciones que la hacen posible. Tendiendo puentes por medio del di\u00e1logo social y la creaci\u00f3n de entornos de confianza.\",\"sameAs\":[\"http:\/\/angelamedrano.es\/\"],\"url\":\"http:\/\/madeinzaragoza.es\/blog\/author\/angela-medrano\/\"}]}<\/script>\n<!-- \/ Yoast SEO plugin. -->","yoast_head_json":{"title":"Ana Plaza, Issue Asesor\u00eda de Imagen - Made in Zaragoza","robots":{"index":"index","follow":"follow","max-snippet":"max-snippet:-1","max-image-preview":"max-image-preview:large","max-video-preview":"max-video-preview:-1"},"canonical":"http:\/\/madeinzaragoza.es\/blog\/ana-plaza-issue-asesoria-de-imagen\/","og_locale":"es_ES","og_type":"article","og_title":"Ana Plaza, Issue Asesor\u00eda de Imagen - Made in Zaragoza","og_description":"Ana Plaza, Issue Asesor\u00eda de Imagen, una madre de familia, deportista y apasionada de la moda. Creativa, a la que siempre le ha encantado jugar con la ropa, mezclar y atreverse con lo diferente, de ah\u00ed, que familia y amigos le animasen a comenzar con su proyecto de asesoramiento de imagen y estilo. &nbsp; \u00abSoy &hellip; Continuar leyendo \"Ana Plaza, Issue Asesor\u00eda de Imagen\"","og_url":"http:\/\/madeinzaragoza.es\/blog\/ana-plaza-issue-asesoria-de-imagen\/","og_site_name":"Made in Zaragoza","article_publisher":"https:\/\/www.facebook.com\/madeinzaragoza.es\/","article_published_time":"2018-11-19T16:45:50+00:00","article_modified_time":"2018-11-25T20:28:09+00:00","og_image":[{"width":1076,"height":712,"url":"http:\/\/madeinzaragoza.es\/blog\/wp-content\/uploads\/2018\/11\/IMG_6952-e1543175627139.jpg","type":"image\/jpeg"}],"author":"Angela Medrano","twitter_card":"summary","twitter_creator":"@madeinzaragoza","twitter_site":"@madeinzaragoza","twitter_misc":{"Escrito por":"Angela Medrano","Tiempo de lectura":"3 minutos"},"schema":{"@context":"https:\/\/schema.org","@graph":[{"@type":"Article","@id":"http:\/\/madeinzaragoza.es\/blog\/ana-plaza-issue-asesoria-de-imagen\/#article","isPartOf":{"@id":"http:\/\/madeinzaragoza.es\/blog\/ana-plaza-issue-asesoria-de-imagen\/"},"author":{"name":"Angela Medrano","@id":"https:\/\/madeinzaragoza.es\/blog\/#\/schema\/person\/e806dba8166aaf8b7e464f2847493c2a"},"headline":"Ana Plaza, Issue Asesor\u00eda de Imagen","datePublished":"2018-11-19T16:45:50+00:00","dateModified":"2018-11-25T20:28:09+00:00","mainEntityOfPage":{"@id":"http:\/\/madeinzaragoza.es\/blog\/ana-plaza-issue-asesoria-de-imagen\/"},"wordCount":508,"commentCount":0,"publisher":{"@id":"https:\/\/madeinzaragoza.es\/blog\/#organization"},"keywords":["Asesores de moda","emprendedoras","moda"],"articleSection":["Gente"],"inLanguage":"es","potentialAction":[{"@type":"CommentAction","name":"Comment","target":["http:\/\/madeinzaragoza.es\/blog\/ana-plaza-issue-asesoria-de-imagen\/#respond"]}]},{"@type":"WebPage","@id":"http:\/\/madeinzaragoza.es\/blog\/ana-plaza-issue-asesoria-de-imagen\/","url":"http:\/\/madeinzaragoza.es\/blog\/ana-plaza-issue-asesoria-de-imagen\/","name":"Ana Plaza, Issue Asesor\u00eda de Imagen - Made in Zaragoza","isPartOf":{"@id":"https:\/\/madeinzaragoza.es\/blog\/#website"},"datePublished":"2018-11-19T16:45:50+00:00","dateModified":"2018-11-25T20:28:09+00:00","breadcrumb":{"@id":"http:\/\/madeinzaragoza.es\/blog\/ana-plaza-issue-asesoria-de-imagen\/#breadcrumb"},"inLanguage":"es","potentialAction":[{"@type":"ReadAction","target":["http:\/\/madeinzaragoza.es\/blog\/ana-plaza-issue-asesoria-de-imagen\/"]}]},{"@type":"BreadcrumbList","@id":"http:\/\/madeinzaragoza.es\/blog\/ana-plaza-issue-asesoria-de-imagen\/#breadcrumb","itemListElement":[{"@type":"ListItem","position":1,"name":"Portada","item":"https:\/\/madeinzaragoza.es\/blog\/"},{"@type":"ListItem","position":2,"name":"Ana Plaza, Issue Asesor\u00eda de Imagen"}]},{"@type":"WebSite","@id":"https:\/\/madeinzaragoza.es\/blog\/#website","url":"https:\/\/madeinzaragoza.es\/blog\/","name":"Made in Zaragoza","description":"Blog de MadeinZGZ, Red de Econom\u00eda Creativa de Zaragoza","publisher":{"@id":"https:\/\/madeinzaragoza.es\/blog\/#organization"},"potentialAction":[{"@type":"SearchAction","target":{"@type":"EntryPoint","urlTemplate":"https:\/\/madeinzaragoza.es\/blog\/?s={search_term_string}"},"query-input":"required name=search_term_string"}],"inLanguage":"es"},{"@type":"Organization","@id":"https:\/\/madeinzaragoza.es\/blog\/#organization","name":"Made In Zaragoza","url":"https:\/\/madeinzaragoza.es\/blog\/","sameAs":["https:\/\/www.instagram.com\/madeinzaragoza.es\/","https:\/\/www.facebook.com\/madeinzaragoza.es\/","https:\/\/twitter.com\/madeinzaragoza"],"logo":{"@type":"ImageObject","inLanguage":"es","@id":"https:\/\/madeinzaragoza.es\/blog\/#\/schema\/logo\/image\/","url":"https:\/\/madeinzaragoza.es\/blog\/wp-content\/uploads\/2022\/05\/logo.png","contentUrl":"https:\/\/madeinzaragoza.es\/blog\/wp-content\/uploads\/2022\/05\/logo.png","width":193,"height":176,"caption":"Made In Zaragoza"},"image":{"@id":"https:\/\/madeinzaragoza.es\/blog\/#\/schema\/logo\/image\/"}},{"@type":"Person","@id":"https:\/\/madeinzaragoza.es\/blog\/#\/schema\/person\/e806dba8166aaf8b7e464f2847493c2a","name":"Angela Medrano","image":{"@type":"ImageObject","inLanguage":"es","@id":"https:\/\/madeinzaragoza.es\/blog\/#\/schema\/person\/image\/","url":"http:\/\/0.gravatar.com\/avatar\/3cee2f1709374f6ca8b2ae897c60eb2f?s=96&d=mm&r=g","contentUrl":"http:\/\/0.gravatar.com\/avatar\/3cee2f1709374f6ca8b2ae897c60eb2f?s=96&d=mm&r=g","caption":"Angela Medrano"},"description":"Profesional de la Comunicaci\u00f3n y Relaciones P\u00fablicas. 15 a\u00f1os de conocimientos y experiencia al servicio de todos vosotros! La Comunicaci\u00f3n es mi Pasi\u00f3n. Es la Estrategia basada en la Creatividad y soportada por todo un abanico de herramientas y acciones que la hacen posible. Tendiendo puentes por medio del di\u00e1logo social y la creaci\u00f3n de entornos de confianza.","sameAs":["http:\/\/angelamedrano.es\/"],"url":"http:\/\/madeinzaragoza.es\/blog\/author\/angela-medrano\/"}]}},"_links":{"self":[{"href":"http:\/\/madeinzaragoza.es\/blog\/wp-json\/wp\/v2\/posts\/22253"}],"collection":[{"href":"http:\/\/madeinzaragoza.es\/blog\/wp-json\/wp\/v2\/posts"}],"about":[{"href":"http:\/\/madeinzaragoza.es\/blog\/wp-json\/wp\/v2\/types\/post"}],"author":[{"embeddable":true,"href":"http:\/\/madeinzaragoza.es\/blog\/wp-json\/wp\/v2\/users\/52"}],"replies":[{"embeddable":true,"href":"http:\/\/madeinzaragoza.es\/blog\/wp-json\/wp\/v2\/comments?post=22253"}],"version-history":[{"count":5,"href":"http:\/\/madeinzaragoza.es\/blog\/wp-json\/wp\/v2\/posts\/22253\/revisions"}],"predecessor-version":[{"id":22471,"href":"http:\/\/madeinzaragoza.es\/blog\/wp-json\/wp\/v2\/posts\/22253\/revisions\/22471"}],"wp:featuredmedia":[{"embeddable":true,"href":"http:\/\/madeinzaragoza.es\/blog\/wp-json\/wp\/v2\/media\/22254"}],"wp:attachment":[{"href":"http:\/\/madeinzaragoza.es\/blog\/wp-json\/wp\/v2\/media?parent=22253"}],"wp:term":[{"taxonomy":"category","embeddable":true,"href":"http:\/\/madeinzaragoza.es\/blog\/wp-json\/wp\/v2\/categories?post=22253"},{"taxonomy":"post_tag","embeddable":true,"href":"http:\/\/madeinzaragoza.es\/blog\/wp-json\/wp\/v2\/tags?post=22253"}],"curies":[{"name":"wp","href":"https:\/\/api.w.org\/{rel}","templated":true}]}}