{"id":22209,"date":"2018-11-29T09:25:24","date_gmt":"2018-11-29T08:25:24","guid":{"rendered":"http:\/\/madeinzaragoza.es\/blog\/?p=22209"},"modified":"2019-05-14T07:00:33","modified_gmt":"2019-05-14T06:00:33","slug":"programacion-de-la-iii-edicion-universidad-de-la-noche-de-las-tiendas-creativas","status":"publish","type":"post","link":"http:\/\/madeinzaragoza.es\/blog\/programacion-de-la-iii-edicion-universidad-de-la-noche-de-las-tiendas-creativas\/","title":{"rendered":"Programaci\u00f3n de la III Edici\u00f3n Universidad de La Noche de las Tiendas Creativas"},"content":{"rendered":"<p>El evento, organizado por Made In Zaragoza y Zaragoza Activa, tendr\u00e1 lugar a partir de las 20:00 horas y se extender\u00e1 hasta la medianoche. Las tiendas participantes se podr\u00e1n encontrar a lo largo de una ruta que recorre las calles que se esconden a ambos lados de la Gran V\u00eda (Arzobispo Domenech, Mariano Royo, Doctor Cerrada, Bernardo Fita\u2026) y se alarga hasta el paseo Fernando el Cat\u00f3lico y sus alrededores (Tom\u00e1s Bret\u00f3n, Cortes de Arag\u00f3n, Baltasar Graci\u00e1n\u2026).<\/p>\n<p>La tercera edici\u00f3n de la Noche en la zona Universidad re\u00fane a un grupo heterog\u00e9neo de negocios originales y diferentes que forman parte de la Red de Econom\u00eda Creativa de Made In Zaragoza. Durante esa noche se podr\u00e1n degustar productos locales, participar en diversos talleres, recibir asesoramiento de imagen, disfrutar de un picoteo y participar en fiestas tem\u00e1ticas al ritmo de la m\u00fasica. Sin olvidar los descuentos, promociones y regalos.<\/p>\n<p>&nbsp;<\/p>\n<p><img loading=\"lazy\" decoding=\"async\" class=\"aligncenter size-large wp-image-22217\" src=\"http:\/\/madeinzaragoza.es\/blog\/wp-content\/uploads\/2018\/11\/coco3-1024x768-1024x768.jpg\" alt=\"\" width=\"840\" height=\"630\" srcset=\"http:\/\/madeinzaragoza.es\/blog\/wp-content\/uploads\/2018\/11\/coco3-1024x768.jpg 1024w, http:\/\/madeinzaragoza.es\/blog\/wp-content\/uploads\/2018\/11\/coco3-1024x768-300x225.jpg 300w, http:\/\/madeinzaragoza.es\/blog\/wp-content\/uploads\/2018\/11\/coco3-1024x768-768x576.jpg 768w\" sizes=\"(max-width: 709px) 85vw, (max-width: 909px) 67vw, (max-width: 1362px) 62vw, 840px\" \/><\/p>\n<p>&nbsp;<\/p>\n<p>Esto, y mucho m\u00e1s, es lo que podr\u00e1s encontrar en la Noche de las Tiendas Creativas:<\/p>\n<p>&nbsp;<\/p>\n<ol>\n<li><strong>Escuela de flamenco Los Cabales, C\/ Fueros de Arag\u00f3n, 7-9<\/strong><\/li>\n<\/ol>\n<p>Escuela de flamenco dedicada a la ense\u00f1anza de: guitarra flamenca, cante y caj\u00f3n.<\/p>\n<p>A partir de las 22.15 horas muestra de varias actividades.<\/p>\n<p>&nbsp;<\/p>\n<p><strong>2. Lanica, <\/strong><strong>C\/ Antonio Mar\u00eda Claret, 1<\/strong><\/p>\n<p>Tienda de lanas y labores donde, adem\u00e1s de venta, se presta un servicio de asesor\u00eda y se ense\u00f1a la t\u00e9cnica de punto y ganchillo. Cuenta con m\u00e1s de 17 a\u00f1os de experiencia en el sector.<\/p>\n<p>Su oferta para la Noche ser\u00e1 un picoteo y dos talleres de ganchillo: uno, nivel iniciaci\u00f3n y otro, nivel m\u00e1s avanzado, en los que se crear\u00e1n diferentes adornos.<\/p>\n<p>&nbsp;<\/p>\n<p><strong>3. Carlota Bened\u00ed, Estudio de danza, C\/ Luis L\u00f3pez All\u00fae, 9-11<\/strong><\/p>\n<p>Estudio de danza a cargo de la bailarina, profesora y core\u00f3grafa Carlota Bened\u00ed.<\/p>\n<p>Jornada de puertas abiertas.<\/p>\n<p>De 19:00 a 19:30 horas, clase pr\u00e1ctica de claqu\u00e9 y de 20:30 a 21:00 horas, clase pr\u00e1ctica de flamenco. M\u00e1ximo 10 plazas por clase que se asignar\u00e1n a los asistentes en orden de llegada.<\/p>\n<p>&nbsp;<\/p>\n<p><strong>4. Uyuni, C\/ Mar\u00eda Claret, 66<\/strong><\/p>\n<p>Tienda de ropa, complementos, bisuter\u00eda, inciensos, esencias naturales y artesan\u00eda diversa, especialmente \u00abla tibetana\u00bb.<\/p>\n<p>Ofrecer\u00e1n un descuento del 10% en toda la tienda y regalar\u00e1n chais indios a los asistentes.<\/p>\n<p>&nbsp;<\/p>\n<p><strong>5. Pezpayaso<\/strong><strong> C\/ Corona de Arag\u00f3n 16, local dcha.<\/strong><\/p>\n<p>Tienda de ropa y complementos diferentes, cuenta con moda urbana de India y Nepal, y complementos elaborados por artesanos.<\/p>\n<p>Ofrecer\u00e1n un picoteo y un descuento del 10% en aquellos art\u00edculos de la tienda que no est\u00e9n ya rebajados.<\/p>\n<p>&nbsp;<\/p>\n<p><strong>6. Espacio Betovi C\/ Arzobispo Apaolaza<\/strong> <strong>esquina con Manuel Serrano Sanz con Pop Up Store Latastienda y Pop Up Store Poes\u00eda en Piedra<\/strong><\/p>\n<p>Betovi, un espacio musical, innovador e inclusivo, impulsado por la violista, t\u00e9cnica superior en educaci\u00f3n infantil y musicoterapeuta Julia Lorenzo. El Espacio Betovi ofrece un amplio programa y tiene como objetivo acercar la m\u00fasica a todas las personas y capacidades.<\/p>\n<p>Sus puertas estar\u00e1n abiertas desde las 21:00 horas y ofrecer\u00e1 dos conciertos, a las 21.30 y a las 22.30 horas. Entrada libre hasta completar aforo.<\/p>\n<p>Contar\u00e1 con la presencia de Latastienda y Poes\u00eda en Piedra.<\/p>\n<p>&nbsp;<\/p>\n<p><strong>7. Zapater\u00eda Bego\u00f1a Moreno, C\/ Baltasar Graci\u00e1n, 10<\/strong><\/p>\n<p>Tienda donde el confort y el dise\u00f1o est\u00e1n al alcance de tus pies.<\/p>\n<p>Dulces y un 10% de descuento es su oferta para la Noche.<\/p>\n<p>&nbsp;<\/p>\n<p><strong>8. Nita Lawi, C\/ Baltasar Graci\u00e1n, 10<\/strong><\/p>\n<p>Tienda artesana que dise\u00f1a y crea complementos originales y exclusivos con materiales de alta calidad.<\/p>\n<p>Adem\u00e1s de una simp\u00e1tica Candy bar, ofrecer\u00e1n un descuento en complementos del 10% y en ropa del 15% y sortear\u00e1n uno de sus bolsos entre todas las compras.<\/p>\n<p>&nbsp;<\/p>\n<p><strong>9. 111 Quesos con Pop Up Store de Miss Zarrios,<\/strong><strong> C\/ Cortes de Arag\u00f3n, 59<\/strong><\/p>\n<p>Tienda especializada en la venta de todo tipo de quesos y sus complementos. Estos quesos proceden de productores locales y afinadores especializados de Arag\u00f3n, Espa\u00f1a y Europa.<\/p>\n<p>Se podr\u00e1n degustar 5 quesos presentados en una tabla acompa\u00f1ados de un vino.<\/p>\n<p>Contar\u00e1n con la colaboraci\u00f3n de Miss Zarrios, que realiza complementos originales y divertidos en arcilla polim\u00e9rica y otros materiales.<\/p>\n<p>&nbsp;<\/p>\n<p><strong>10. Elma, <\/strong><strong>C\/ Cortes de Arag\u00f3n 53<\/strong><\/p>\n<p>Tienda de moda y complementos personalizados, con la opci\u00f3n de dise\u00f1arlos y elaborarlos a tu gusto.<\/p>\n<p>Con cada compra superior a 30 \u20ac, regalo de una sesi\u00f3n expr\u00e9s de maquillaje personalizado por una maquilladora profesional.<\/p>\n<p>Entre todas las compras de la noche se sortear\u00e1 un collar artesano realizado por ellas mismas.<\/p>\n<p>&nbsp;<\/p>\n<p><strong>11. Espabilat\u00e9<\/strong><strong> C\/ Cortes de Arag\u00f3n, 47<\/strong><\/p>\n<p>EspabilaT\u00e9 es una tienda especializada en T\u00e9 a granel y asesoramiento personalizado tanto a particulares como a hosteler\u00eda. Tambi\u00e9n dispone de todo tipo de accesorios para hacer el t\u00e9.<\/p>\n<p>Se podr\u00e1 degustar el t\u00e9 de temporada con bizcocho de T\u00e9 de Matcha.<\/p>\n<p>Adem\u00e1s, a las 21.30 y a las 22.30 horas se realizar\u00e1n dos talleres b\u00e1sicos expr\u00e9s de T\u00e9 Matcha, de 20 minutos de duraci\u00f3n, impartidos por el sumiller internacional Javier Murillo.<\/p>\n<p>&nbsp;<\/p>\n<p><strong>12. Yupii<\/strong><strong> C\/ Tom\u00e1s Bret\u00f3n, 5<\/strong><\/p>\n<p>Tienda de moda y complementos.<\/p>\n<p>Ofrecer\u00e1n descuentos de hasta el 40% y alguna sorpresa.<\/p>\n<p>Sortear\u00e1n, junto con Fruter\u00eda Peggy, un jam\u00f3n entre aquellos que realicen compras durante la Noche (el sorteo se llevar\u00e1 a cabo el 1 de diciembre por la ma\u00f1ana).<\/p>\n<p>&nbsp;<\/p>\n<p><strong>13. Fresa,<\/strong><strong> C\/ Tom\u00e1s Bret\u00f3n, 5<\/strong><\/p>\n<p>Boutique de moda y complementos que marca tendencia. Su objetivo es ser original y creativa, con marcas propias y accesorios de moda de dise\u00f1adores aragoneses.<\/p>\n<p>Durante la Noche ofrecer\u00e1n el 30 % de descuento en las compras.<\/p>\n<p>&nbsp;<\/p>\n<p><strong>14. Simbiosis Shop con Pop Up Store UnaOcaLoca,<\/strong><strong> C\/ F\u00e9lix Latassa, 32<\/strong><\/p>\n<p>Simbiosis Shop es una tienda de ropa y complementos con garant\u00edas sociales y 100% vegana.\u00a0Las integrantes del proyecto realizan a su vez colecciones propias disponibles en la tienda: Ironic y Simbiosis Colecci\u00f3n.<\/p>\n<p>Disponen de gran variedad de marcas, ropa urbana, complementos de j\u00f3venes creadores, bisuter\u00eda, etc.; as\u00ed como zona de arte con exposiciones que renuevan bimensualmente, l\u00e1minas de serigraf\u00eda, secci\u00f3n de vinilos, etc.<\/p>\n<p>Tendr\u00e1n una exposici\u00f3n del pintor aragon\u00e9s Carlos Pardos titulada \u00abNexium\u00bb y estar\u00e1 acompa\u00f1ados por Una Oca Loca con la artesana\u00a0Pilar Mesones, una apasionada de la costura, el reciclaje y el\u00a0<em>handmade.<\/em><\/p>\n<p>Tambi\u00e9n ofrecer\u00e1n un 10% de descuento en todos los productos excepto los que ya est\u00e9n rebajados.<\/p>\n<p>&nbsp;<\/p>\n<p><strong>15. ZgzAloe con Pop Up Store Dreamcatcher Zaragoza,<\/strong><strong>\u00a0C\/ Santa Teresa de Jes\u00fas 1, esquina Mariano Barbas\u00e1n<\/strong><\/p>\n<p>Tienda especializada en el aut\u00e9ntico Aloe Vera, imprescindible por sus propiedades terap\u00e9uticas, antiinflamatorias y regeneradoras, y en cosm\u00e9tica natural basada en el Aloe Vera, para todos aquellos que creen en los beneficios que los tratamientos naturales pueden aportarles.<\/p>\n<p>Adem\u00e1s de degustar su batido especial Detox, a las 21:00 horas podremos hacer una Cura Detox con Aloe Vera y pautas para librarte de las toxinas acumuladas durante el a\u00f1o y dar un respiro al sistema digestivo.<\/p>\n<p>En todos los productos se ofrecer\u00e1 un 10% de descuento.<\/p>\n<p>&nbsp;<\/p>\n<p><strong>16. Bilop con Pop Up Store de Bughambilia, <\/strong><strong>P\u00ba Fernando el Cat\u00f3lico 10, local 20<\/strong><\/p>\n<p>Bilop es una tienda y sal\u00f3n de belleza especializada en cosm\u00e9tica natural y ecol\u00f3gica. All\u00ed podr\u00e1s encontrar una amplia gama de cosm\u00e9tica natural y de ba\u00f1o, maquillaje low cost y complementos de maquillaje.<\/p>\n<p>En Bilop se vivir\u00e1 una fiesta tem\u00e1tica Hollywood, cava y candy bar.<\/p>\n<p>En las compras habr\u00e1 un descuento del 10% en productos y del 20% en servicios que se podr\u00e1n canjear a lo largo de noviembre.<\/p>\n<p>Le acompa\u00f1ar\u00e1 Bughambilia, una marca artesana que se dedica a la confecci\u00f3n de bolsos y complementos a partir de textiles mayas reciclados.<\/p>\n<p>&nbsp;<\/p>\n<p><strong>17. By Frida, con pop up store de Zhica, P\u00ba Fernando el Cat\u00f3lico, 6<\/strong><\/p>\n<p>Tienda de ropa moderna, fresca y divertida como t\u00fa. Ser diferente es ser especial.<\/p>\n<p>Esa noche nos invitan a disfrutar de una fiesta tem\u00e1tica de la pel\u00edcula \u2018Coco\u2019 con margaritas y dulces.<\/p>\n<p>Ofrecer\u00e1n un 20% de descuento en bolsos, accesorios y bisuter\u00eda.<\/p>\n<p>Tambi\u00e9n contar\u00e1 con un escaparate de Zhica, una marca de complementos artesanos con dise\u00f1os exclusivos.<\/p>\n<p>&nbsp;<\/p>\n<p><strong>18. Clo\u00ea, <\/strong><strong>P\u00ba Fernando el Cat\u00f3lico, 6<\/strong><\/p>\n<p>Tienda de moda, calzado y complementos con atenci\u00f3n personalizada.<\/p>\n<p>Si quieres que esa noche te asesoren sobre tu estilo, reserva tu cita en el 676 250 663.<\/p>\n<p>Y por compras superiores a 30 \u20ac te llevar\u00e1s un regalo.<\/p>\n<p>&nbsp;<\/p>\n<p><strong>19. BGB<\/strong><strong> P\u00ba Fernando el Cat\u00f3lico, 4<\/strong><\/p>\n<p>Tienda de ropa femenina y complementos que se caracteriza por ofrecer moda actual, fresca y diferente fomentando el dise\u00f1o local.<\/p>\n<p>Ofrecer\u00e1n un picoteo con chuches, vino y buena m\u00fasica a cargo de un DJ y un 15% de descuento en todos los productos.<\/p>\n<p>&nbsp;<\/p>\n<p><strong>20. Mercer\u00eda El Siglo con Art Boxes, Cortes de Arag\u00f3n 46, esquina con L\u00f3pez All\u00fae<\/strong><\/p>\n<p>Tienda con ideas y complementos para manualidades, costura y creaciones.<\/p>\n<p>A las 21:00 horas realizar\u00e1n el taller \u201cDecora tu Navidad con mu\u00f1ecos hechos con calcetines\u201d. Duraci\u00f3n 2 horas. Gratuito (incluye materiales) y no es necesaria experiencia.<\/p>\n<p>Descuento del 5% en todas las compras y del 10% en compras de m\u00e1s de 15 euros.<\/p>\n<p>&nbsp;<\/p>\n<p><strong>21. Charcuter\u00eda \u2013 fruter\u00eda Peggy, C\/ Cortes de Arag\u00f3n 38<\/strong><\/p>\n<p>Fruter\u00eda y charcuter\u00eda con productos de alta calidad. Adem\u00e1s, dise\u00f1o de cestas originales para sorprender a quien t\u00fa quieras.<\/p>\n<p>Si haces tus encargos de cestas navide\u00f1as esa noche, tendr\u00e1s descuentos.<\/p>\n<p>Con las compras, y junto a Yupii, sortear\u00e1n un jam\u00f3n el s\u00e1bado 1 de diciembre a las 10:00 horas.<\/p>\n<p>&nbsp;<\/p>\n<p><strong>22. Josefina Decoraci\u00f3n, <\/strong><strong>C\/ Gran V\u00eda, 39 <\/strong><\/p>\n<p>Tienda especializada en decoraci\u00f3n\u00a0y telas. Ideas para crear un hogar a tu gusto.<\/p>\n<p>Desde las 20 horas, degustaci\u00f3n de cr\u00eapes de la mano de la empresa cr\u00eaperie Bonn appetit.<\/p>\n<p>Ofrecer\u00e1n hasta un 50% de descuento en todos los art\u00edculos y un regalo para las compras superiores a 30 euros hasta agotar existencias.<\/p>\n<p>&nbsp;<\/p>\n<p><strong>23. El Colmado con Luz y Alma,<\/strong><strong> C\/ Carmen, 24, local 2<\/strong><\/p>\n<p>Tienda de alimentos naturales y ecol\u00f3gicos a granel.<\/p>\n<p>Ofrecer\u00e1n degustaci\u00f3n de bizcocho, quinoa roja e infusiones y un descuento del 10 % en las compras.<\/p>\n<p>&nbsp;<\/p>\n<p><strong>24. Makoondo, C\/ Carmen, 18<\/strong><\/p>\n<p>El primer Showroom de cocteler\u00eda en Zaragoza, un espacio que ofrece a sus clientes una experiencia \u00fanica y les acerca al mundo de la cocteler\u00eda.<\/p>\n<p>Cada hora en punto y a y media, un microtaller de \u201cmojitos de sabores\u201d en formato take away para llevar y seguir con la ruta. Coste: 5\u20ac.<\/p>\n<p>&nbsp;<\/p>\n<p><strong>25. Le Damos La Vuelta, C\/ Carmen, 16<\/strong><\/p>\n<p>Le damos la vuelta es un proyecto social sin \u00e1nimo de lucro impulsado por CONFER\u2010 Lar\u2010Betania, un grupo de personas que apuestan por la generaci\u00f3n de empleo, el desarrollo sostenible, el consumo responsable, y la integraci\u00f3n de las personas con dificultades de inserci\u00f3n socio laboral.<\/p>\n<p>Todos sus art\u00edculos proceden de donaciones de particulares o empresas: ropa, juguetes,\u00a0cochecitos, cunas y todo lo relacionado con el mundo infantil.<\/p>\n<p>Ofrecer\u00e1n un picoteo y variadas ofertas y promociones.<\/p>\n<p>&nbsp;<\/p>\n<p><strong>26. Serendipia<\/strong><strong> C\/ Bernardo Fita, 23<\/strong><\/p>\n<p>Serendipia es una tienda de ropa y complementos que apuesta por el producto espa\u00f1ol y por los peque\u00f1os dise\u00f1adores y artesanos.<\/p>\n<p>Tendr\u00e1n una Candy bar en la tienda para endulzar las compras que tambi\u00e9n tendr\u00e1n como regalo una mini estampaci\u00f3n artesanal en directo por la artista Ana Sola.<\/p>\n<p>Descuento de un 10% en ropa y complementos.<\/p>\n<p>&nbsp;<\/p>\n<p><strong>27. Leila Hammam, <\/strong><strong>C\/ Bernardo Fita, 9, local izda.<\/strong><\/p>\n<p>Spa tradicional donde se puede disfrutar de rituales de cuidado y belleza \u00e1rabe con productos naturales de origen marroqu\u00ed. Azul Bereber realizar\u00e1 una exposici\u00f3n exclusiva de artesan\u00eda marroqu\u00ed.<\/p>\n<p>Los visitantes podr\u00e1n conocer los rituales del Hammam con una visita a las instalaciones, al tiempo que degustan la comida marroqu\u00ed como el cusc\u00fas, pasteles marroqu\u00edes, t\u00e9 tradicional\u2026<\/p>\n<p>Tambi\u00e9n har\u00e1n un descuento en todos los productos de su marca de productos naturales y una tarjeta con descuento para pr\u00f3ximas compras de cheques regalo.<\/p>\n<p>&nbsp;<\/p>\n<p><strong>28. Natural 100&#215;100<\/strong><strong> com Pop Up Store de Vers Ble Naturel,<\/strong><strong> C\/ Bernardo Fita, 2<\/strong><\/p>\n<p>Herbolario con atenci\u00f3n personalizada y talleres gratuitos que prioriza el producto aragon\u00e9s, espa\u00f1ol y de calidad.<\/p>\n<p>Ofrecer\u00e1n degustaciones de infusiones ayurvedicas y descuentos y regalos para los clientes, photocall para pasar una noche divertida.<\/p>\n<div>Tambi\u00e9n realizar\u00e1n\u00a0 un estudio corporal privado en el que se analizar\u00e1 nuestro nivel de salud.<\/div>\n<div><\/div>\n<div>Y garantizan un divertido ambiente con m\u00fasica.<\/div>\n<div><\/div>\n<p>&nbsp;<\/p>\n<p><strong>29. Cosas D\u2019BBS,<\/strong><strong> C\/ Doctor Cerrada, 27<\/strong><\/p>\n<p>Tienda de art\u00edculos seminuevos para beb\u00e9s. En Cosas d&#8217; BBS creen que los art\u00edculos de segunda mano, son una opci\u00f3n inteligente de consumo, pues por menos precio se consiguen objetos que proporcionan las mismas prestaciones que los nuevos. Para ello todos sus art\u00edculos reciben una exhaustiva selecci\u00f3n, centr\u00e1ndose en primeras marcas en un estado de conservaci\u00f3n pr\u00e1cticamente nuevo, ya que la calidad es otra de sus premisas.<\/p>\n<p>Durante la Noche tendr\u00e1n una divertida actividad de bellypainting expr\u00e9s con Se Me Antoja Una Fiesta.<\/p>\n<p>&nbsp;<\/p>\n<p><strong>30. Coco Viste la Vida,<\/strong><strong> C\/ Eduardo Dato, 12<\/strong><\/p>\n<p>Boutique de ropa y complementos que trabajan con firmas nacionales. Disponen tanto de prendas casual como de ceremonia y adem\u00e1s dan la opci\u00f3n a sus clientas de elaborar los complementos a su medida.<\/p>\n<p>Los visitantes podr\u00e1n disfrutar del buffet del COCO. Regalar\u00e1n un jersey o una pulsera de piel por compras superiores a 100\u20ac.<\/p>\n<p>&nbsp;<\/p>\n<p><strong>31. Solo Alma Zaragoza, <\/strong><strong>C\/ Gran V\u00eda, 11<\/strong><\/p>\n<p>Establecimiento de moda de mujer actual de amplio tallaje y a precios asequibles. Apoyados por complementos artesanos.<\/p>\n<p>Tendr\u00e1 esa noche fusi\u00f3n de m\u00fasica de los 60 con DJ Juan, con expresividad plasmada en un lienzo con Lola Gorriz y las ultimas novedades en moda. Todo ello acompa\u00f1ado con un vino de la tierra.<\/p>\n<p>&nbsp;<\/p>\n<p><strong>32. Cal\u00edope con Pop Up Store de Hadas y Magia, <\/strong><strong>C\/ Mariano Royo, 14<\/strong><\/p>\n<p>Cal\u00edope es un espacio donde poder encontrar, en nuestra propia ciudad, ese producto de cosm\u00e9tica tan ansiado y especial.<\/p>\n<p>Adem\u00e1s de ofrecer un 15 % de descuento en sus productos, habr\u00e1 un picoteo y un servicio de asesor\u00eda en color y tendencias de maquillaje de la temporada de invierno.<\/p>\n<p>&nbsp;<\/p>\n<p><strong>33. Latido Verde, C\/ Mariano Royo, 20<\/strong><\/p>\n<p>Latido Verde es una tienda de moda sostenible.<\/p>\n<p>Premiar\u00e1n las compras superiores a 9 \u20ac con una manta de viaje y, adem\u00e1s habr\u00e1 un ordenador a disposici\u00f3n del visitante donde, a trav\u00e9s del CONVERTIDOR, podr\u00e1 consultar la cantidad de emisi\u00f3n de CO2 que se ha ahorrado emitir a la atm\u00f3sfera con su compra.<\/p>\n<p>&nbsp;<\/p>\n<p><strong>34. 3Ellas, C\/ Arzobispo Domenech, 7<\/strong><\/p>\n<p>Tienda con encanto de ropa infantil, de 0 a 12 a\u00f1os, y camisetas hechas a mano con un toque original. Adem\u00e1s, complementos a juego: coleteros, collares, pulseras\u2026<\/p>\n<p>Regalar\u00e1n un detalle artesano para el pelo.<\/p>\n<p>&nbsp;<\/p>\n<p><strong>35. Telas de Luna, C\/ Miguel de Cervantes, 4<\/strong><\/p>\n<p>Tienda de arte y manualidades, especializada en patchwork.<\/p>\n<p>Se realizar\u00e1n dos talleres: \u201cViste y personaliza tu agenda\u201d (gratuito) el que podr\u00e1s dar un toque personal a tu agenda; y \u201cDecoraci\u00f3n navide\u00f1a\u201d (tiene como coste el material elegido).<\/p>\n<p>Adem\u00e1s, se ofrecer\u00e1 un servicio de asesoramiento de expertos\/as del mundo de las telas.<\/p>\n<p>&nbsp;<\/p>\n<p>Pero esto no es todo. Tu participaci\u00f3n en la III Edici\u00f3n de la Noche de las Tiendas Creativas Universidad tendr\u00e1 premio ya que entrar\u00e1s en el <strong><a href=\"http:\/\/madeinzaragoza.es\/blog\/pasaporte-de-la-noche-de-las-tiendas-creativas-en-la-zona-universidad\/\">sorteo de dos cestas con productos de los establecimientos de la ruta<\/a><\/strong>. Vamos, \u00a1un regalazo!<\/p>\n<p>&nbsp;<\/p>\n<p>Ya puedes\u00a0descargarte el <strong><a href=\"http:\/\/madeinzaragoza.es\/blog\/wp-content\/uploads\/2018\/11\/mapa2.png\">mapa<\/a><\/strong> y la <strong><a href=\"http:\/\/madeinzaragoza.es\/blog\/wp-content\/uploads\/2018\/11\/lista.png\">lista<\/a> <\/strong>de las tiendas participantes\u00a0en la III Edici\u00f3n Universidad de La Noche de las Tiendas Creativas.<\/p>\n<p>&nbsp;<\/p>\n<p><img loading=\"lazy\" decoding=\"async\" class=\"aligncenter size-large wp-image-22392\" src=\"http:\/\/madeinzaragoza.es\/blog\/wp-content\/uploads\/2018\/11\/mapa-1024x688.png\" alt=\"\" width=\"840\" height=\"564\" srcset=\"http:\/\/madeinzaragoza.es\/blog\/wp-content\/uploads\/2018\/11\/mapa-1024x688.png 1024w, http:\/\/madeinzaragoza.es\/blog\/wp-content\/uploads\/2018\/11\/mapa-300x202.png 300w, http:\/\/madeinzaragoza.es\/blog\/wp-content\/uploads\/2018\/11\/mapa-768x516.png 768w, http:\/\/madeinzaragoza.es\/blog\/wp-content\/uploads\/2018\/11\/mapa-1200x807.png 1200w, http:\/\/madeinzaragoza.es\/blog\/wp-content\/uploads\/2018\/11\/mapa.png 1406w\" sizes=\"(max-width: 709px) 85vw, (max-width: 909px) 67vw, (max-width: 1362px) 62vw, 840px\" \/><\/p>\n<p>&nbsp;<\/p>\n<p>Confirma tu asistencia en nuestro evento de <strong><a href=\"https:\/\/www.facebook.com\/events\/2252166971686695\/\">Facebook<\/a><\/strong> e invita a tus amigos y amigas.<\/p>\n<p>&nbsp;<\/p>\n<p>Apoya al comercio creativo local y gana premios. \u00a1Te esperamos!<\/p>\n","protected":false},"excerpt":{"rendered":"<p>El evento, organizado por Made In Zaragoza y Zaragoza Activa, tendr\u00e1 lugar a partir de las 20:00 horas y se extender\u00e1 hasta la medianoche. Las tiendas participantes se podr\u00e1n encontrar a lo largo de una ruta que recorre las calles que se esconden a ambos lados de la Gran V\u00eda (Arzobispo Domenech, Mariano Royo, Doctor &hellip; <a href=\"http:\/\/madeinzaragoza.es\/blog\/programacion-de-la-iii-edicion-universidad-de-la-noche-de-las-tiendas-creativas\/\" class=\"more-link\">Continuar leyendo<span class=\"screen-reader-text\"> \u00abProgramaci\u00f3n de la III Edici\u00f3n Universidad de La Noche de las Tiendas Creativas\u00bb<\/span><\/a><\/p>\n","protected":false},"author":71,"featured_media":22211,"comment_status":"open","ping_status":"open","sticky":false,"template":"","format":"standard","meta":{"footnotes":""},"categories":[1],"tags":[848],"yoast_head":"<!-- This site is optimized with the Yoast SEO plugin v19.7.2 - https:\/\/yoast.com\/wordpress\/plugins\/seo\/ -->\n<title>Programaci\u00f3n de la III Edici\u00f3n Universidad de La Noche de las Tiendas Creativas - Made in Zaragoza<\/title>\n<meta name=\"robots\" content=\"index, follow, max-snippet:-1, max-image-preview:large, max-video-preview:-1\" \/>\n<link rel=\"canonical\" href=\"http:\/\/madeinzaragoza.es\/blog\/programacion-de-la-iii-edicion-universidad-de-la-noche-de-las-tiendas-creativas\/\" \/>\n<meta property=\"og:locale\" content=\"es_ES\" \/>\n<meta property=\"og:type\" content=\"article\" \/>\n<meta property=\"og:title\" content=\"Programaci\u00f3n de la III Edici\u00f3n Universidad de La Noche de las Tiendas Creativas - Made in Zaragoza\" \/>\n<meta property=\"og:description\" content=\"El evento, organizado por Made In Zaragoza y Zaragoza Activa, tendr\u00e1 lugar a partir de las 20:00 horas y se extender\u00e1 hasta la medianoche. Las tiendas participantes se podr\u00e1n encontrar a lo largo de una ruta que recorre las calles que se esconden a ambos lados de la Gran V\u00eda (Arzobispo Domenech, Mariano Royo, Doctor &hellip; Continuar leyendo &quot;Programaci\u00f3n de la III Edici\u00f3n Universidad de La Noche de las Tiendas Creativas&quot;\" \/>\n<meta property=\"og:url\" content=\"http:\/\/madeinzaragoza.es\/blog\/programacion-de-la-iii-edicion-universidad-de-la-noche-de-las-tiendas-creativas\/\" \/>\n<meta property=\"og:site_name\" content=\"Made in Zaragoza\" \/>\n<meta property=\"article:publisher\" content=\"https:\/\/www.facebook.com\/madeinzaragoza.es\/\" \/>\n<meta property=\"article:published_time\" content=\"2018-11-29T08:25:24+00:00\" \/>\n<meta property=\"article:modified_time\" content=\"2019-05-14T06:00:33+00:00\" \/>\n<meta property=\"og:image\" content=\"http:\/\/madeinzaragoza.es\/blog\/wp-content\/uploads\/2018\/11\/III-edici\u00f3n-de-La-Noche-de-las-Tiendas-Creativas-Universidad.jpg\" \/>\n\t<meta property=\"og:image:width\" content=\"1920\" \/>\n\t<meta property=\"og:image:height\" content=\"1080\" \/>\n\t<meta property=\"og:image:type\" content=\"image\/jpeg\" \/>\n<meta name=\"author\" content=\"Eventosmiz\" \/>\n<meta name=\"twitter:card\" content=\"summary\" \/>\n<meta name=\"twitter:creator\" content=\"@madeinzaragoza\" \/>\n<meta name=\"twitter:site\" content=\"@madeinzaragoza\" \/>\n<meta name=\"twitter:label1\" content=\"Escrito por\" \/>\n\t<meta name=\"twitter:data1\" content=\"Eventosmiz\" \/>\n\t<meta name=\"twitter:label2\" content=\"Tiempo de lectura\" \/>\n\t<meta name=\"twitter:data2\" content=\"13 minutos\" \/>\n<script type=\"application\/ld+json\" class=\"yoast-schema-graph\">{\"@context\":\"https:\/\/schema.org\",\"@graph\":[{\"@type\":\"Article\",\"@id\":\"http:\/\/madeinzaragoza.es\/blog\/programacion-de-la-iii-edicion-universidad-de-la-noche-de-las-tiendas-creativas\/#article\",\"isPartOf\":{\"@id\":\"http:\/\/madeinzaragoza.es\/blog\/programacion-de-la-iii-edicion-universidad-de-la-noche-de-las-tiendas-creativas\/\"},\"author\":{\"name\":\"Eventosmiz\",\"@id\":\"https:\/\/madeinzaragoza.es\/blog\/#\/schema\/person\/1aa454342f38d83daad4385d7dfd4291\"},\"headline\":\"Programaci\u00f3n de la III Edici\u00f3n Universidad de La Noche de las Tiendas Creativas\",\"datePublished\":\"2018-11-29T08:25:24+00:00\",\"dateModified\":\"2019-05-14T06:00:33+00:00\",\"mainEntityOfPage\":{\"@id\":\"http:\/\/madeinzaragoza.es\/blog\/programacion-de-la-iii-edicion-universidad-de-la-noche-de-las-tiendas-creativas\/\"},\"wordCount\":2678,\"commentCount\":0,\"publisher\":{\"@id\":\"https:\/\/madeinzaragoza.es\/blog\/#organization\"},\"keywords\":[\"tiendas creativas\"],\"articleSection\":[\"Tendencias\"],\"inLanguage\":\"es\",\"potentialAction\":[{\"@type\":\"CommentAction\",\"name\":\"Comment\",\"target\":[\"http:\/\/madeinzaragoza.es\/blog\/programacion-de-la-iii-edicion-universidad-de-la-noche-de-las-tiendas-creativas\/#respond\"]}]},{\"@type\":\"WebPage\",\"@id\":\"http:\/\/madeinzaragoza.es\/blog\/programacion-de-la-iii-edicion-universidad-de-la-noche-de-las-tiendas-creativas\/\",\"url\":\"http:\/\/madeinzaragoza.es\/blog\/programacion-de-la-iii-edicion-universidad-de-la-noche-de-las-tiendas-creativas\/\",\"name\":\"Programaci\u00f3n de la III Edici\u00f3n Universidad de La Noche de las Tiendas Creativas - Made in Zaragoza\",\"isPartOf\":{\"@id\":\"https:\/\/madeinzaragoza.es\/blog\/#website\"},\"datePublished\":\"2018-11-29T08:25:24+00:00\",\"dateModified\":\"2019-05-14T06:00:33+00:00\",\"breadcrumb\":{\"@id\":\"http:\/\/madeinzaragoza.es\/blog\/programacion-de-la-iii-edicion-universidad-de-la-noche-de-las-tiendas-creativas\/#breadcrumb\"},\"inLanguage\":\"es\",\"potentialAction\":[{\"@type\":\"ReadAction\",\"target\":[\"http:\/\/madeinzaragoza.es\/blog\/programacion-de-la-iii-edicion-universidad-de-la-noche-de-las-tiendas-creativas\/\"]}]},{\"@type\":\"BreadcrumbList\",\"@id\":\"http:\/\/madeinzaragoza.es\/blog\/programacion-de-la-iii-edicion-universidad-de-la-noche-de-las-tiendas-creativas\/#breadcrumb\",\"itemListElement\":[{\"@type\":\"ListItem\",\"position\":1,\"name\":\"Portada\",\"item\":\"https:\/\/madeinzaragoza.es\/blog\/\"},{\"@type\":\"ListItem\",\"position\":2,\"name\":\"Programaci\u00f3n de la III Edici\u00f3n Universidad de La Noche de las Tiendas Creativas\"}]},{\"@type\":\"WebSite\",\"@id\":\"https:\/\/madeinzaragoza.es\/blog\/#website\",\"url\":\"https:\/\/madeinzaragoza.es\/blog\/\",\"name\":\"Made in Zaragoza\",\"description\":\"Blog de MadeinZGZ, Red de Econom\u00eda Creativa de Zaragoza\",\"publisher\":{\"@id\":\"https:\/\/madeinzaragoza.es\/blog\/#organization\"},\"potentialAction\":[{\"@type\":\"SearchAction\",\"target\":{\"@type\":\"EntryPoint\",\"urlTemplate\":\"https:\/\/madeinzaragoza.es\/blog\/?s={search_term_string}\"},\"query-input\":\"required name=search_term_string\"}],\"inLanguage\":\"es\"},{\"@type\":\"Organization\",\"@id\":\"https:\/\/madeinzaragoza.es\/blog\/#organization\",\"name\":\"Made In Zaragoza\",\"url\":\"https:\/\/madeinzaragoza.es\/blog\/\",\"sameAs\":[\"https:\/\/www.instagram.com\/madeinzaragoza.es\/\",\"https:\/\/www.facebook.com\/madeinzaragoza.es\/\",\"https:\/\/twitter.com\/madeinzaragoza\"],\"logo\":{\"@type\":\"ImageObject\",\"inLanguage\":\"es\",\"@id\":\"https:\/\/madeinzaragoza.es\/blog\/#\/schema\/logo\/image\/\",\"url\":\"https:\/\/madeinzaragoza.es\/blog\/wp-content\/uploads\/2022\/05\/logo.png\",\"contentUrl\":\"https:\/\/madeinzaragoza.es\/blog\/wp-content\/uploads\/2022\/05\/logo.png\",\"width\":193,\"height\":176,\"caption\":\"Made In Zaragoza\"},\"image\":{\"@id\":\"https:\/\/madeinzaragoza.es\/blog\/#\/schema\/logo\/image\/\"}},{\"@type\":\"Person\",\"@id\":\"https:\/\/madeinzaragoza.es\/blog\/#\/schema\/person\/1aa454342f38d83daad4385d7dfd4291\",\"name\":\"Eventosmiz\",\"image\":{\"@type\":\"ImageObject\",\"inLanguage\":\"es\",\"@id\":\"https:\/\/madeinzaragoza.es\/blog\/#\/schema\/person\/image\/\",\"url\":\"http:\/\/2.gravatar.com\/avatar\/86378eab1bcf251a9fe5872b8576f86c?s=96&d=mm&r=g\",\"contentUrl\":\"http:\/\/2.gravatar.com\/avatar\/86378eab1bcf251a9fe5872b8576f86c?s=96&d=mm&r=g\",\"caption\":\"Eventosmiz\"},\"url\":\"http:\/\/madeinzaragoza.es\/blog\/author\/eventosmiz\/\"}]}<\/script>\n<!-- \/ Yoast SEO plugin. -->","yoast_head_json":{"title":"Programaci\u00f3n de la III Edici\u00f3n Universidad de La Noche de las Tiendas Creativas - Made in Zaragoza","robots":{"index":"index","follow":"follow","max-snippet":"max-snippet:-1","max-image-preview":"max-image-preview:large","max-video-preview":"max-video-preview:-1"},"canonical":"http:\/\/madeinzaragoza.es\/blog\/programacion-de-la-iii-edicion-universidad-de-la-noche-de-las-tiendas-creativas\/","og_locale":"es_ES","og_type":"article","og_title":"Programaci\u00f3n de la III Edici\u00f3n Universidad de La Noche de las Tiendas Creativas - Made in Zaragoza","og_description":"El evento, organizado por Made In Zaragoza y Zaragoza Activa, tendr\u00e1 lugar a partir de las 20:00 horas y se extender\u00e1 hasta la medianoche. Las tiendas participantes se podr\u00e1n encontrar a lo largo de una ruta que recorre las calles que se esconden a ambos lados de la Gran V\u00eda (Arzobispo Domenech, Mariano Royo, Doctor &hellip; Continuar leyendo \"Programaci\u00f3n de la III Edici\u00f3n Universidad de La Noche de las Tiendas Creativas\"","og_url":"http:\/\/madeinzaragoza.es\/blog\/programacion-de-la-iii-edicion-universidad-de-la-noche-de-las-tiendas-creativas\/","og_site_name":"Made in Zaragoza","article_publisher":"https:\/\/www.facebook.com\/madeinzaragoza.es\/","article_published_time":"2018-11-29T08:25:24+00:00","article_modified_time":"2019-05-14T06:00:33+00:00","og_image":[{"width":1920,"height":1080,"url":"http:\/\/madeinzaragoza.es\/blog\/wp-content\/uploads\/2018\/11\/III-edici\u00f3n-de-La-Noche-de-las-Tiendas-Creativas-Universidad.jpg","type":"image\/jpeg"}],"author":"Eventosmiz","twitter_card":"summary","twitter_creator":"@madeinzaragoza","twitter_site":"@madeinzaragoza","twitter_misc":{"Escrito por":"Eventosmiz","Tiempo de lectura":"13 minutos"},"schema":{"@context":"https:\/\/schema.org","@graph":[{"@type":"Article","@id":"http:\/\/madeinzaragoza.es\/blog\/programacion-de-la-iii-edicion-universidad-de-la-noche-de-las-tiendas-creativas\/#article","isPartOf":{"@id":"http:\/\/madeinzaragoza.es\/blog\/programacion-de-la-iii-edicion-universidad-de-la-noche-de-las-tiendas-creativas\/"},"author":{"name":"Eventosmiz","@id":"https:\/\/madeinzaragoza.es\/blog\/#\/schema\/person\/1aa454342f38d83daad4385d7dfd4291"},"headline":"Programaci\u00f3n de la III Edici\u00f3n Universidad de La Noche de las Tiendas Creativas","datePublished":"2018-11-29T08:25:24+00:00","dateModified":"2019-05-14T06:00:33+00:00","mainEntityOfPage":{"@id":"http:\/\/madeinzaragoza.es\/blog\/programacion-de-la-iii-edicion-universidad-de-la-noche-de-las-tiendas-creativas\/"},"wordCount":2678,"commentCount":0,"publisher":{"@id":"https:\/\/madeinzaragoza.es\/blog\/#organization"},"keywords":["tiendas creativas"],"articleSection":["Tendencias"],"inLanguage":"es","potentialAction":[{"@type":"CommentAction","name":"Comment","target":["http:\/\/madeinzaragoza.es\/blog\/programacion-de-la-iii-edicion-universidad-de-la-noche-de-las-tiendas-creativas\/#respond"]}]},{"@type":"WebPage","@id":"http:\/\/madeinzaragoza.es\/blog\/programacion-de-la-iii-edicion-universidad-de-la-noche-de-las-tiendas-creativas\/","url":"http:\/\/madeinzaragoza.es\/blog\/programacion-de-la-iii-edicion-universidad-de-la-noche-de-las-tiendas-creativas\/","name":"Programaci\u00f3n de la III Edici\u00f3n Universidad de La Noche de las Tiendas Creativas - Made in Zaragoza","isPartOf":{"@id":"https:\/\/madeinzaragoza.es\/blog\/#website"},"datePublished":"2018-11-29T08:25:24+00:00","dateModified":"2019-05-14T06:00:33+00:00","breadcrumb":{"@id":"http:\/\/madeinzaragoza.es\/blog\/programacion-de-la-iii-edicion-universidad-de-la-noche-de-las-tiendas-creativas\/#breadcrumb"},"inLanguage":"es","potentialAction":[{"@type":"ReadAction","target":["http:\/\/madeinzaragoza.es\/blog\/programacion-de-la-iii-edicion-universidad-de-la-noche-de-las-tiendas-creativas\/"]}]},{"@type":"BreadcrumbList","@id":"http:\/\/madeinzaragoza.es\/blog\/programacion-de-la-iii-edicion-universidad-de-la-noche-de-las-tiendas-creativas\/#breadcrumb","itemListElement":[{"@type":"ListItem","position":1,"name":"Portada","item":"https:\/\/madeinzaragoza.es\/blog\/"},{"@type":"ListItem","position":2,"name":"Programaci\u00f3n de la III Edici\u00f3n Universidad de La Noche de las Tiendas Creativas"}]},{"@type":"WebSite","@id":"https:\/\/madeinzaragoza.es\/blog\/#website","url":"https:\/\/madeinzaragoza.es\/blog\/","name":"Made in Zaragoza","description":"Blog de MadeinZGZ, Red de Econom\u00eda Creativa de Zaragoza","publisher":{"@id":"https:\/\/madeinzaragoza.es\/blog\/#organization"},"potentialAction":[{"@type":"SearchAction","target":{"@type":"EntryPoint","urlTemplate":"https:\/\/madeinzaragoza.es\/blog\/?s={search_term_string}"},"query-input":"required name=search_term_string"}],"inLanguage":"es"},{"@type":"Organization","@id":"https:\/\/madeinzaragoza.es\/blog\/#organization","name":"Made In Zaragoza","url":"https:\/\/madeinzaragoza.es\/blog\/","sameAs":["https:\/\/www.instagram.com\/madeinzaragoza.es\/","https:\/\/www.facebook.com\/madeinzaragoza.es\/","https:\/\/twitter.com\/madeinzaragoza"],"logo":{"@type":"ImageObject","inLanguage":"es","@id":"https:\/\/madeinzaragoza.es\/blog\/#\/schema\/logo\/image\/","url":"https:\/\/madeinzaragoza.es\/blog\/wp-content\/uploads\/2022\/05\/logo.png","contentUrl":"https:\/\/madeinzaragoza.es\/blog\/wp-content\/uploads\/2022\/05\/logo.png","width":193,"height":176,"caption":"Made In Zaragoza"},"image":{"@id":"https:\/\/madeinzaragoza.es\/blog\/#\/schema\/logo\/image\/"}},{"@type":"Person","@id":"https:\/\/madeinzaragoza.es\/blog\/#\/schema\/person\/1aa454342f38d83daad4385d7dfd4291","name":"Eventosmiz","image":{"@type":"ImageObject","inLanguage":"es","@id":"https:\/\/madeinzaragoza.es\/blog\/#\/schema\/person\/image\/","url":"http:\/\/2.gravatar.com\/avatar\/86378eab1bcf251a9fe5872b8576f86c?s=96&d=mm&r=g","contentUrl":"http:\/\/2.gravatar.com\/avatar\/86378eab1bcf251a9fe5872b8576f86c?s=96&d=mm&r=g","caption":"Eventosmiz"},"url":"http:\/\/madeinzaragoza.es\/blog\/author\/eventosmiz\/"}]}},"_links":{"self":[{"href":"http:\/\/madeinzaragoza.es\/blog\/wp-json\/wp\/v2\/posts\/22209"}],"collection":[{"href":"http:\/\/madeinzaragoza.es\/blog\/wp-json\/wp\/v2\/posts"}],"about":[{"href":"http:\/\/madeinzaragoza.es\/blog\/wp-json\/wp\/v2\/types\/post"}],"author":[{"embeddable":true,"href":"http:\/\/madeinzaragoza.es\/blog\/wp-json\/wp\/v2\/users\/71"}],"replies":[{"embeddable":true,"href":"http:\/\/madeinzaragoza.es\/blog\/wp-json\/wp\/v2\/comments?post=22209"}],"version-history":[{"count":38,"href":"http:\/\/madeinzaragoza.es\/blog\/wp-json\/wp\/v2\/posts\/22209\/revisions"}],"predecessor-version":[{"id":22570,"href":"http:\/\/madeinzaragoza.es\/blog\/wp-json\/wp\/v2\/posts\/22209\/revisions\/22570"}],"wp:featuredmedia":[{"embeddable":true,"href":"http:\/\/madeinzaragoza.es\/blog\/wp-json\/wp\/v2\/media\/22211"}],"wp:attachment":[{"href":"http:\/\/madeinzaragoza.es\/blog\/wp-json\/wp\/v2\/media?parent=22209"}],"wp:term":[{"taxonomy":"category","embeddable":true,"href":"http:\/\/madeinzaragoza.es\/blog\/wp-json\/wp\/v2\/categories?post=22209"},{"taxonomy":"post_tag","embeddable":true,"href":"http:\/\/madeinzaragoza.es\/blog\/wp-json\/wp\/v2\/tags?post=22209"}],"curies":[{"name":"wp","href":"https:\/\/api.w.org\/{rel}","templated":true}]}}