{"id":20417,"date":"2018-05-22T07:21:46","date_gmt":"2018-05-22T06:21:46","guid":{"rendered":"http:\/\/madeinzaragoza.es\/blog\/?p=20417"},"modified":"2022-10-09T14:51:52","modified_gmt":"2022-10-09T13:51:52","slug":"tierra-de-nadie-un-poemario-de-david-lorenzo-cardiel-para-pensar","status":"publish","type":"post","link":"http:\/\/madeinzaragoza.es\/blog\/tierra-de-nadie-un-poemario-de-david-lorenzo-cardiel-para-pensar\/","title":{"rendered":"Tierra de Nadie, un poemario de David Lorenzo Cardiel para pensar"},"content":{"rendered":"<p>David Lorenzo Cardiel es, por su<span style=\"font-weight: 400\">\u00a0vocaci\u00f3n filos\u00f3fica, m\u00e1s ensayista que poeta, pero acaba de publicar su poemario Tierra de Nadie con Anorak Ediciones. Su poes\u00eda, asegura, \u00ab<\/span><span style=\"font-weight: 400\">est\u00e1 cargada de filosof\u00eda, entre otros temas y contenidos, porque mi forma de entender y de plantearme el mundo es permanentemente bajo esa mirada filos\u00f3fica. Y en este sentido, la poes\u00eda dificulta al autor huir de su propio reflejo, por la intensidad tan honda que casi siempre requiere el poema de su contenido para poder ser tal y no, en cambio, otra construcci\u00f3n literaria\u00bb.<\/span><\/p>\n<p>&nbsp;<\/p>\n<ul>\n<li><b>\u00bfC\u00f3mo surgi\u00f3 la posibilidad de publicar tu propio poemario?<\/b><\/li>\n<\/ul>\n<p>&nbsp;<\/p>\n<p><span style=\"font-weight: 400\">Surgi\u00f3, en cierta manera, de forma accidental.<strong> Llevo escribiendo poemas desde la adolescencia<\/strong> pero, sobre todo, desde los primeros a\u00f1os de la veintena. Mi forma habitual de escribir poes\u00eda es cada poema de forma separada, es decir, seg\u00fan surgen los temas y la necesidad de contar algo, no imponi\u00e9ndome una tem\u00e1tica y elaborando un libro a su medida. Con anterioridad a <\/span><i><span style=\"font-weight: 400\">Tierra de nadie <\/span><\/i><span style=\"font-weight: 400\">escrib\u00ed y dej\u00e9 guardado en un caj\u00f3n un poemario que apenas he movido, porque quer\u00eda seguir perfeccionando mi escritura. <\/span><\/p>\n<p>&nbsp;<\/p>\n<p><span style=\"font-weight: 400\">Fue pasando el tiempo y entonces lleg\u00f3 la segunda mitad de 2016 y se convoc\u00f3<strong> un conocido premio de poes\u00eda<\/strong>, y busqu\u00e9 entre los poemas que hab\u00eda ido escribiendo desde algunos a\u00f1os atr\u00e1s. De entre todos, seleccion\u00e9 veintiuno, porque ve\u00eda en ellos, a pesar de su heterogeneidad tem\u00e1tica al ser le\u00eddos individualmente, un cierto hilo conductor. Y le di forma a <\/span><i><span style=\"font-weight: 400\">Tierra de nadie. <\/span><\/i><span style=\"font-weight: 400\">No gan\u00e9 el premio, pero me qued\u00f3 el libro ya edificado. Lo rele\u00ed varias veces m\u00e1s antes de tomar alguna decisi\u00f3n sobre \u00e9l y comprob\u00e9 que ten\u00eda una calidad literaria suficiente, por lo que decid\u00ed moverlo.<\/span><\/p>\n<p>&nbsp;<\/p>\n<ul>\n<li><b>\u00bfDe d\u00f3nde salen tus poemas, de las entra\u00f1as o del cerebro?<\/b><\/li>\n<\/ul>\n<p>&nbsp;<\/p>\n<p><span style=\"font-weight: 400\">\u00a1De ambas! En mi caso, no encuentro demasiada diferencia entre racionalidad y sentimiento. Al final, lo que pensamos tambi\u00e9n lo sentimos, y viceversa. Lo que s\u00ed permite la poes\u00eda es una expresi\u00f3n muy directa, muy genuina, a la hora de transmitir lo que sentimos o pensamos. En narrativa, si se quiere ganar una especial intensidad frente a la descripci\u00f3n y sucesi\u00f3n de acontecimientos es necesario acudir a una prosa po\u00e9tica que nos permita, como lectores, sentirnos plenamente inmersos en el interior de ese contexto imaginado. Incluso en este caso, aquello que se desea contar debe ser depurado primero dentro de la mente del escritor, y graduarlo en intensidad hasta adecuarlo a la que exige la voz y el pulso narrativo en cada momento, seg\u00fan se va desarrollando y edificando la narraci\u00f3n. <\/span><\/p>\n<p>&nbsp;<\/p>\n<p><span style=\"font-weight: 400\">En poes\u00eda, se puede y se debe racionalizar aquello que queremos contar antes de dejar terminado un poema, pero la naturaleza expresiva de este g\u00e9nero obliga al poeta a conservar en lo posible la plena intensidad de cuanto pretende transmitir. Las palabras deben seleccionarse con esforzado esmero; las descripciones, ser breves; las im\u00e1genes, precisas y certeras. <strong>Hay un gran trabajo de expresi\u00f3n, de visceralidad y de pulcritud detr\u00e1s de cada poema.<\/strong> Al menos, en mi caso, as\u00ed sucede. <\/span><\/p>\n<p>&nbsp;<\/p>\n<ul>\n<li><b>\u00bfY sus t\u00edtulos, que algunos son m\u00e1s largos que los poemas?<\/b><\/li>\n<\/ul>\n<p>&nbsp;<\/p>\n<p><span style=\"font-weight: 400\">La mayor\u00eda de t\u00edtulos de los poemas del libro son largos, aunque s\u00f3lo uno o dos de ellos re\u00fanen esta particularidad que me comentas. Cuando escrib\u00ed la mayor parte de los poemas de <\/span><i><span style=\"font-weight: 400\">Tierra de nadie <\/span><\/i><span style=\"font-weight: 400\">estaba inmerso en una \u00e9poca de experimentaci\u00f3n literaria, y me pareci\u00f3 una buena idea dotarlos de unos <strong>t\u00edtulos muy narrativos, por as\u00ed decirlo, que enunciaran en cierta medida el contenido del poema<\/strong> y que, al mismo tiempo, se fundieran con \u00e9l, cedi\u00e9ndole su propio sentido. Pero tambi\u00e9n pasaba por una etapa en la que estuve fascinado por la evocaci\u00f3n de los insectos como imagen de nuestra naturaleza social e individual humanas. Por eso muchos de los t\u00edtulos comparan conceptos sociales, filos\u00f3ficos o cient\u00edficos con comportamientos de determinados de estos animales. Detr\u00e1s de ese mundo brutal que nos resulta tan ajeno como mam\u00edferos que somos observo demasiadas equivalencias con nuestro proceder social y la forma de concebir el mundo que nos rodea.<\/span><\/p>\n<p>&nbsp;<\/p>\n<ul>\n<li><b>\u00bfQu\u00e9 tem\u00e1ticas son las m\u00e1s habituales en tus poemas?<\/b><\/li>\n<\/ul>\n<p>&nbsp;<\/p>\n<p><i><span style=\"font-weight: 400\">Tierra de nadie <\/span><\/i><span style=\"font-weight: 400\">es una colecci\u00f3n de poemas que, le\u00eddos individualmente, reflejan una gran diversidad tem\u00e1tica, pero casi siempre mediante dicotom\u00edas. Por un lado, <strong>est\u00e1 presente el amor rom\u00e1ntico visto desde una mirada descre\u00edda y cr\u00edtica<\/strong>, pero que se desea. En oposici\u00f3n a \u00e9l, la buena amistad, como b\u00e1lsamo que cicatriza las heridas de las desilusiones y llena los vac\u00edos que nos van ahuecando con el paso del tiempo. <\/span><\/p>\n<p>&nbsp;<\/p>\n<p><span style=\"font-weight: 400\">Por otro, <strong>la bondad, la generosidad que de ella deriva y la necesidad de ejercitar esa bondad para alejarnos de los males individuales y sociales<\/strong> que nos azotan y que nos acechan, y, opuestamente a \u00e9l, esa misma oscuridad, tan presente a nuestro alrededor, que busca mantenernos presos en la cueva plat\u00f3nica de la irreflexi\u00f3n y la insensibilidad. O la vida sencilla como promesa de felicidad y bienestar com\u00fan e individual frente al miedo a la vida, que nos invita a comportarnos de forma compulsiva, con arrogancia y con competitividad desmedidas frente a nuestros iguales. <\/span><\/p>\n<p>&nbsp;<\/p>\n<p><span style=\"font-weight: 400\">Sin embargo, unidos los poemas, hilados ya en el libro, responde, en mi parecer, a una pregunta con dos aristas: \u00ab\u00bfcu\u00e1l es nuestro lugar en el mundo?\u00bb, tanto planteada como conjunto humano como respecto de nuestra individualidad personal. En el libro,<strong> invito al lector a plantearse esta reflexi\u00f3n pero, adem\u00e1s, a que haga suyo cada verso, cada poema,<\/strong> el poemario en su plenitud, y extraiga de \u00e9l aquellos elementos, ideas, sentimientos y conclusiones que le resulten m\u00e1s reconfortantes o que le surjan en el momento de su lectura. Este es mi mayor deseo: que el libro se transforme en muchos, en uno diferente para cada lector.<\/span><\/p>\n<p>&nbsp;<\/p>\n<figure id=\"attachment_20431\" aria-describedby=\"caption-attachment-20431\" style=\"width: 500px\" class=\"wp-caption aligncenter\"><img loading=\"lazy\" decoding=\"async\" class=\"wp-image-20431 size-full\" src=\"http:\/\/madeinzaragoza.es\/blog\/wp-content\/uploads\/2018\/05\/mcm4697-editar.jpg\" alt=\"\" width=\"500\" height=\"750\" srcset=\"http:\/\/madeinzaragoza.es\/blog\/wp-content\/uploads\/2018\/05\/mcm4697-editar.jpg 500w, http:\/\/madeinzaragoza.es\/blog\/wp-content\/uploads\/2018\/05\/mcm4697-editar-200x300.jpg 200w\" sizes=\"(max-width: 500px) 85vw, 500px\" \/><figcaption id=\"caption-attachment-20431\" class=\"wp-caption-text\">Foto de David Lorenzo Cardiel realizada por el fot\u00f3grafo Marcos Cebri\u00e1n.<\/figcaption><\/figure>\n<p>&nbsp;<\/p>\n<ul>\n<li><b>\u00bfQu\u00e9 opinas del boom de la <a href=\"http:\/\/madeinzaragoza.es\/blog\/la-poesia-se-mueve-zaragoza\/\">poes\u00eda en Zaragoza<\/a> seg\u00fan sali\u00f3 en este <a href=\"http:\/\/madeinzaragoza.es\/blog\/la-poesia-se-mueve-zaragoza\/\">post<\/a>\u00a0de MIZ?\u00a0<\/b><\/li>\n<\/ul>\n<p>&nbsp;<\/p>\n<p><span style=\"font-weight: 400\">Coincido tambi\u00e9n con la opini\u00f3n de Carolina Mill\u00e1n que aparece reflejada en ese art\u00edculo. Quienes amamos la poes\u00eda debemos hacer un esfuerzo unificado por seguir acerc\u00e1ndola a todos los p\u00fablicos, hacia los que ya est\u00e1n familiarizados con ella y hacia los que todav\u00eda no, o no tanto. Por el contexto de oralidad de las civilizaciones de la antig\u00fcedad <strong>los principales relatos que nos han llegado hasta nuestros d\u00edas y que constituyen nuestra forma occidental de concebir el mundo han sido elaborados en forma de cantos y poemas<\/strong>. La poes\u00eda ha sido el veh\u00edculo durante miles de a\u00f1os para narrar historias. En nuestros d\u00edas, en cambio, la poes\u00eda es frecuentemente imaginada como un g\u00e9nero dif\u00edcil, denso e incluso inc\u00f3modo, porque nos obliga a enfrentarnos a ideas, y sobre todo a sentimientos y descripciones expresados con una gran intensidad. <\/span><\/p>\n<p>&nbsp;<\/p>\n<p>&nbsp;<\/p>\n<p><span style=\"font-weight: 400\">Contrariamente, el esp\u00edritu de nuestro tiempo tiende a ser, lamentablemente, acr\u00edtico. Impera una idea de superaci\u00f3n civilizatoria alcanzada, donde nuestro modelo social se nos antoja inmejorable; sus posibles defectos, sucesos pasajeros; nuestro modo de vida, inalterable. Por tanto, aquellas lecturas que nos recuerdan tanto las deficiencias como las virtudes de nuestro actual modo de vida, as\u00ed como de los resquicios de la naturaleza humana, suelen sentirse como un aguij\u00f3n que amenaza con cuestionar nuestra fr\u00e1gil sensaci\u00f3n de inmutabilidad de la que nos hemos impregnado, y por eso tambi\u00e9n su lectura tiende a ser menos deseada. <\/span><\/p>\n<p>&nbsp;<\/p>\n<p><span style=\"font-weight: 400\">En estos momentos, que todav\u00eda vivimos el horripilante fantasma de la crisis econ\u00f3mica y sus devastadores efectos, <strong>andamos inmersos en una b\u00fasqueda de respuestas a lo sucedido y a lo que est\u00e1 sucediendo<\/strong>, y tambi\u00e9n responder a la necesidad de sentirnos reflejados en un di\u00e1logo sobre nuestros conflictos interiores y exteriores con otras personas, necesitando imperiosamente contar y que nos cuenten, comparar y explorar mucho m\u00e1s que en a\u00f1os anteriores. La literatura es nuestra br\u00fajula humana, y g\u00e9neros como la poes\u00eda ayudan a ubicarnos.<\/span> <span style=\"font-weight: 400\">Por eso creo que es importante vincular el nuevo auge de la poes\u00eda con el del ensayo y el de la novela de autoficci\u00f3n.<\/span><\/p>\n<p>&nbsp;<\/p>\n<p><span style=\"font-weight: 400\">Dicho esto, y compartiendo la alegr\u00eda por este esplendor que est\u00e1 viviendo la poes\u00eda, aprovecho para hacer un llamamiento a la prudencia. <strong>Debemos centrarnos en desmitificar la poes\u00eda, quitarle ese velo de dificultad a\u00f1adida que no es realmente tan arduo como se pinta.<\/strong> Es el momento de que las editoriales que apuestan por la poes\u00eda lo hagan con absoluta contundencia, realizando habituales lecturas y actos con autores de diversos g\u00e9neros literarios, permitiendo que la belleza y el placer lector que encierra la lectura de poemas y versos quede al descubierto y cada vez m\u00e1s lectores decidan abrigarse en su abrazo firme. S\u00f3lo acercando la poes\u00eda a todos los p\u00fablicos desde los propios clubes de lectura y los colegios e institutos podr\u00e1 revitalizarse verdaderamente un g\u00e9nero que, de simplemente cosechar los frutos presentes, un d\u00eda pasar\u00e1 esta ola y volveremos a la situaci\u00f3n inicial. <\/span><\/p>\n<p>&nbsp;<\/p>\n<ul>\n<li><b>\u00bfCu\u00e1les son tus referentes e influencias po\u00e9ticas?<\/b><\/li>\n<\/ul>\n<p>&nbsp;<\/p>\n<p><span style=\"font-weight: 400\">Encuentro influencias bastante heterog\u00e9neas en los poemas de <\/span><i><span style=\"font-weight: 400\">Tierra de nadie. <\/span><\/i><span style=\"font-weight: 400\">Observo la claridad simb\u00f3lica de Antonio Machado, el soplo de modernidad de Manuel Vilas, el sentir de Safo de Mitilene (inicio el libro citando un par de los versos de entre los que se han conservado hasta nuestros d\u00edas), el pulso contra la injusticia, quiz\u00e1, de Miguel Hern\u00e1ndez. Los ecos cl\u00e1sicos han influenciado sobre todo en la tem\u00e1tica y el s\u00edmbolo potente pero limpio, luminoso, clarividente. En cuanto a referentes po\u00e9ticos, la fascinante poes\u00eda de Emilio Pedro G\u00f3mez, a quien tanto admiro y cari\u00f1o guardo.\u00a0<\/span><\/p>\n","protected":false},"excerpt":{"rendered":"<p>David Lorenzo Cardiel es, por su\u00a0vocaci\u00f3n filos\u00f3fica, m\u00e1s ensayista que poeta, pero acaba de publicar su poemario Tierra de Nadie con Anorak Ediciones. Su poes\u00eda, asegura, \u00abest\u00e1 cargada de filosof\u00eda, entre otros temas y contenidos, porque mi forma de entender y de plantearme el mundo es permanentemente bajo esa mirada filos\u00f3fica. Y en este sentido, &hellip; <a href=\"http:\/\/madeinzaragoza.es\/blog\/tierra-de-nadie-un-poemario-de-david-lorenzo-cardiel-para-pensar\/\" class=\"more-link\">Continuar leyendo<span class=\"screen-reader-text\"> \u00abTierra de Nadie, un poemario de David Lorenzo Cardiel para pensar\u00bb<\/span><\/a><\/p>\n","protected":false},"author":60,"featured_media":20418,"comment_status":"open","ping_status":"open","sticky":false,"template":"","format":"standard","meta":{"footnotes":""},"categories":[829,6],"tags":[1337,1061],"yoast_head":"<!-- This site is optimized with the Yoast SEO plugin v19.7.2 - https:\/\/yoast.com\/wordpress\/plugins\/seo\/ -->\n<title>Tierra de Nadie, un poemario de David Lorenzo Cardiel para pensar - Made in Zaragoza<\/title>\n<meta name=\"robots\" content=\"index, follow, max-snippet:-1, max-image-preview:large, max-video-preview:-1\" \/>\n<link rel=\"canonical\" href=\"http:\/\/madeinzaragoza.es\/blog\/tierra-de-nadie-un-poemario-de-david-lorenzo-cardiel-para-pensar\/\" \/>\n<meta property=\"og:locale\" content=\"es_ES\" \/>\n<meta property=\"og:type\" content=\"article\" \/>\n<meta property=\"og:title\" content=\"Tierra de Nadie, un poemario de David Lorenzo Cardiel para pensar - Made in Zaragoza\" \/>\n<meta property=\"og:description\" content=\"David Lorenzo Cardiel es, por su\u00a0vocaci\u00f3n filos\u00f3fica, m\u00e1s ensayista que poeta, pero acaba de publicar su poemario Tierra de Nadie con Anorak Ediciones. Su poes\u00eda, asegura, \u00abest\u00e1 cargada de filosof\u00eda, entre otros temas y contenidos, porque mi forma de entender y de plantearme el mundo es permanentemente bajo esa mirada filos\u00f3fica. Y en este sentido, &hellip; Continuar leyendo &quot;Tierra de Nadie, un poemario de David Lorenzo Cardiel para pensar&quot;\" \/>\n<meta property=\"og:url\" content=\"http:\/\/madeinzaragoza.es\/blog\/tierra-de-nadie-un-poemario-de-david-lorenzo-cardiel-para-pensar\/\" \/>\n<meta property=\"og:site_name\" content=\"Made in Zaragoza\" \/>\n<meta property=\"article:publisher\" content=\"https:\/\/www.facebook.com\/madeinzaragoza.es\/\" \/>\n<meta property=\"article:published_time\" content=\"2018-05-22T06:21:46+00:00\" \/>\n<meta property=\"article:modified_time\" content=\"2022-10-09T13:51:52+00:00\" \/>\n<meta property=\"og:image\" content=\"http:\/\/madeinzaragoza.es\/blog\/wp-content\/uploads\/2018\/05\/cubierta-TIERRA.jpg\" \/>\n\t<meta property=\"og:image:width\" content=\"782\" \/>\n\t<meta property=\"og:image:height\" content=\"1122\" \/>\n\t<meta property=\"og:image:type\" content=\"image\/jpeg\" \/>\n<meta name=\"author\" content=\"Elisabeth G Iborra\" \/>\n<meta name=\"twitter:card\" content=\"summary\" \/>\n<meta name=\"twitter:creator\" content=\"@madeinzaragoza\" \/>\n<meta name=\"twitter:site\" content=\"@madeinzaragoza\" \/>\n<meta name=\"twitter:label1\" content=\"Escrito por\" \/>\n\t<meta name=\"twitter:data1\" content=\"Elisabeth G Iborra\" \/>\n\t<meta name=\"twitter:label2\" content=\"Tiempo de lectura\" \/>\n\t<meta name=\"twitter:data2\" content=\"9 minutos\" \/>\n<script type=\"application\/ld+json\" class=\"yoast-schema-graph\">{\"@context\":\"https:\/\/schema.org\",\"@graph\":[{\"@type\":\"Article\",\"@id\":\"http:\/\/madeinzaragoza.es\/blog\/tierra-de-nadie-un-poemario-de-david-lorenzo-cardiel-para-pensar\/#article\",\"isPartOf\":{\"@id\":\"http:\/\/madeinzaragoza.es\/blog\/tierra-de-nadie-un-poemario-de-david-lorenzo-cardiel-para-pensar\/\"},\"author\":{\"name\":\"Elisabeth G Iborra\",\"@id\":\"https:\/\/madeinzaragoza.es\/blog\/#\/schema\/person\/6a4863d6589c583d59e18346910a023c\"},\"headline\":\"Tierra de Nadie, un poemario de David Lorenzo Cardiel para pensar\",\"datePublished\":\"2018-05-22T06:21:46+00:00\",\"dateModified\":\"2022-10-09T13:51:52+00:00\",\"mainEntityOfPage\":{\"@id\":\"http:\/\/madeinzaragoza.es\/blog\/tierra-de-nadie-un-poemario-de-david-lorenzo-cardiel-para-pensar\/\"},\"wordCount\":1745,\"commentCount\":0,\"publisher\":{\"@id\":\"https:\/\/madeinzaragoza.es\/blog\/#organization\"},\"keywords\":[\"Cultura\",\"poesia\"],\"articleSection\":[\"Cultura\",\"Gente\"],\"inLanguage\":\"es\",\"potentialAction\":[{\"@type\":\"CommentAction\",\"name\":\"Comment\",\"target\":[\"http:\/\/madeinzaragoza.es\/blog\/tierra-de-nadie-un-poemario-de-david-lorenzo-cardiel-para-pensar\/#respond\"]}]},{\"@type\":\"WebPage\",\"@id\":\"http:\/\/madeinzaragoza.es\/blog\/tierra-de-nadie-un-poemario-de-david-lorenzo-cardiel-para-pensar\/\",\"url\":\"http:\/\/madeinzaragoza.es\/blog\/tierra-de-nadie-un-poemario-de-david-lorenzo-cardiel-para-pensar\/\",\"name\":\"Tierra de Nadie, un poemario de David Lorenzo Cardiel para pensar - Made in Zaragoza\",\"isPartOf\":{\"@id\":\"https:\/\/madeinzaragoza.es\/blog\/#website\"},\"datePublished\":\"2018-05-22T06:21:46+00:00\",\"dateModified\":\"2022-10-09T13:51:52+00:00\",\"breadcrumb\":{\"@id\":\"http:\/\/madeinzaragoza.es\/blog\/tierra-de-nadie-un-poemario-de-david-lorenzo-cardiel-para-pensar\/#breadcrumb\"},\"inLanguage\":\"es\",\"potentialAction\":[{\"@type\":\"ReadAction\",\"target\":[\"http:\/\/madeinzaragoza.es\/blog\/tierra-de-nadie-un-poemario-de-david-lorenzo-cardiel-para-pensar\/\"]}]},{\"@type\":\"BreadcrumbList\",\"@id\":\"http:\/\/madeinzaragoza.es\/blog\/tierra-de-nadie-un-poemario-de-david-lorenzo-cardiel-para-pensar\/#breadcrumb\",\"itemListElement\":[{\"@type\":\"ListItem\",\"position\":1,\"name\":\"Portada\",\"item\":\"https:\/\/madeinzaragoza.es\/blog\/\"},{\"@type\":\"ListItem\",\"position\":2,\"name\":\"Tierra de Nadie, un poemario de David Lorenzo Cardiel para pensar\"}]},{\"@type\":\"WebSite\",\"@id\":\"https:\/\/madeinzaragoza.es\/blog\/#website\",\"url\":\"https:\/\/madeinzaragoza.es\/blog\/\",\"name\":\"Made in Zaragoza\",\"description\":\"Blog de MadeinZGZ, Red de Econom\u00eda Creativa de Zaragoza\",\"publisher\":{\"@id\":\"https:\/\/madeinzaragoza.es\/blog\/#organization\"},\"potentialAction\":[{\"@type\":\"SearchAction\",\"target\":{\"@type\":\"EntryPoint\",\"urlTemplate\":\"https:\/\/madeinzaragoza.es\/blog\/?s={search_term_string}\"},\"query-input\":\"required name=search_term_string\"}],\"inLanguage\":\"es\"},{\"@type\":\"Organization\",\"@id\":\"https:\/\/madeinzaragoza.es\/blog\/#organization\",\"name\":\"Made In Zaragoza\",\"url\":\"https:\/\/madeinzaragoza.es\/blog\/\",\"sameAs\":[\"https:\/\/www.instagram.com\/madeinzaragoza.es\/\",\"https:\/\/www.facebook.com\/madeinzaragoza.es\/\",\"https:\/\/twitter.com\/madeinzaragoza\"],\"logo\":{\"@type\":\"ImageObject\",\"inLanguage\":\"es\",\"@id\":\"https:\/\/madeinzaragoza.es\/blog\/#\/schema\/logo\/image\/\",\"url\":\"https:\/\/madeinzaragoza.es\/blog\/wp-content\/uploads\/2022\/05\/logo.png\",\"contentUrl\":\"https:\/\/madeinzaragoza.es\/blog\/wp-content\/uploads\/2022\/05\/logo.png\",\"width\":193,\"height\":176,\"caption\":\"Made In Zaragoza\"},\"image\":{\"@id\":\"https:\/\/madeinzaragoza.es\/blog\/#\/schema\/logo\/image\/\"}},{\"@type\":\"Person\",\"@id\":\"https:\/\/madeinzaragoza.es\/blog\/#\/schema\/person\/6a4863d6589c583d59e18346910a023c\",\"name\":\"Elisabeth G Iborra\",\"image\":{\"@type\":\"ImageObject\",\"inLanguage\":\"es\",\"@id\":\"https:\/\/madeinzaragoza.es\/blog\/#\/schema\/person\/image\/\",\"url\":\"http:\/\/1.gravatar.com\/avatar\/79eaa76ada7c6991ca823fda477e731f?s=96&d=mm&r=g\",\"contentUrl\":\"http:\/\/1.gravatar.com\/avatar\/79eaa76ada7c6991ca823fda477e731f?s=96&d=mm&r=g\",\"caption\":\"Elisabeth G Iborra\"},\"url\":\"http:\/\/madeinzaragoza.es\/blog\/author\/elisabethgiborra\/\"}]}<\/script>\n<!-- \/ Yoast SEO plugin. -->","yoast_head_json":{"title":"Tierra de Nadie, un poemario de David Lorenzo Cardiel para pensar - Made in Zaragoza","robots":{"index":"index","follow":"follow","max-snippet":"max-snippet:-1","max-image-preview":"max-image-preview:large","max-video-preview":"max-video-preview:-1"},"canonical":"http:\/\/madeinzaragoza.es\/blog\/tierra-de-nadie-un-poemario-de-david-lorenzo-cardiel-para-pensar\/","og_locale":"es_ES","og_type":"article","og_title":"Tierra de Nadie, un poemario de David Lorenzo Cardiel para pensar - Made in Zaragoza","og_description":"David Lorenzo Cardiel es, por su\u00a0vocaci\u00f3n filos\u00f3fica, m\u00e1s ensayista que poeta, pero acaba de publicar su poemario Tierra de Nadie con Anorak Ediciones. Su poes\u00eda, asegura, \u00abest\u00e1 cargada de filosof\u00eda, entre otros temas y contenidos, porque mi forma de entender y de plantearme el mundo es permanentemente bajo esa mirada filos\u00f3fica. Y en este sentido, &hellip; Continuar leyendo \"Tierra de Nadie, un poemario de David Lorenzo Cardiel para pensar\"","og_url":"http:\/\/madeinzaragoza.es\/blog\/tierra-de-nadie-un-poemario-de-david-lorenzo-cardiel-para-pensar\/","og_site_name":"Made in Zaragoza","article_publisher":"https:\/\/www.facebook.com\/madeinzaragoza.es\/","article_published_time":"2018-05-22T06:21:46+00:00","article_modified_time":"2022-10-09T13:51:52+00:00","og_image":[{"width":782,"height":1122,"url":"http:\/\/madeinzaragoza.es\/blog\/wp-content\/uploads\/2018\/05\/cubierta-TIERRA.jpg","type":"image\/jpeg"}],"author":"Elisabeth G Iborra","twitter_card":"summary","twitter_creator":"@madeinzaragoza","twitter_site":"@madeinzaragoza","twitter_misc":{"Escrito por":"Elisabeth G Iborra","Tiempo de lectura":"9 minutos"},"schema":{"@context":"https:\/\/schema.org","@graph":[{"@type":"Article","@id":"http:\/\/madeinzaragoza.es\/blog\/tierra-de-nadie-un-poemario-de-david-lorenzo-cardiel-para-pensar\/#article","isPartOf":{"@id":"http:\/\/madeinzaragoza.es\/blog\/tierra-de-nadie-un-poemario-de-david-lorenzo-cardiel-para-pensar\/"},"author":{"name":"Elisabeth G Iborra","@id":"https:\/\/madeinzaragoza.es\/blog\/#\/schema\/person\/6a4863d6589c583d59e18346910a023c"},"headline":"Tierra de Nadie, un poemario de David Lorenzo Cardiel para pensar","datePublished":"2018-05-22T06:21:46+00:00","dateModified":"2022-10-09T13:51:52+00:00","mainEntityOfPage":{"@id":"http:\/\/madeinzaragoza.es\/blog\/tierra-de-nadie-un-poemario-de-david-lorenzo-cardiel-para-pensar\/"},"wordCount":1745,"commentCount":0,"publisher":{"@id":"https:\/\/madeinzaragoza.es\/blog\/#organization"},"keywords":["Cultura","poesia"],"articleSection":["Cultura","Gente"],"inLanguage":"es","potentialAction":[{"@type":"CommentAction","name":"Comment","target":["http:\/\/madeinzaragoza.es\/blog\/tierra-de-nadie-un-poemario-de-david-lorenzo-cardiel-para-pensar\/#respond"]}]},{"@type":"WebPage","@id":"http:\/\/madeinzaragoza.es\/blog\/tierra-de-nadie-un-poemario-de-david-lorenzo-cardiel-para-pensar\/","url":"http:\/\/madeinzaragoza.es\/blog\/tierra-de-nadie-un-poemario-de-david-lorenzo-cardiel-para-pensar\/","name":"Tierra de Nadie, un poemario de David Lorenzo Cardiel para pensar - Made in Zaragoza","isPartOf":{"@id":"https:\/\/madeinzaragoza.es\/blog\/#website"},"datePublished":"2018-05-22T06:21:46+00:00","dateModified":"2022-10-09T13:51:52+00:00","breadcrumb":{"@id":"http:\/\/madeinzaragoza.es\/blog\/tierra-de-nadie-un-poemario-de-david-lorenzo-cardiel-para-pensar\/#breadcrumb"},"inLanguage":"es","potentialAction":[{"@type":"ReadAction","target":["http:\/\/madeinzaragoza.es\/blog\/tierra-de-nadie-un-poemario-de-david-lorenzo-cardiel-para-pensar\/"]}]},{"@type":"BreadcrumbList","@id":"http:\/\/madeinzaragoza.es\/blog\/tierra-de-nadie-un-poemario-de-david-lorenzo-cardiel-para-pensar\/#breadcrumb","itemListElement":[{"@type":"ListItem","position":1,"name":"Portada","item":"https:\/\/madeinzaragoza.es\/blog\/"},{"@type":"ListItem","position":2,"name":"Tierra de Nadie, un poemario de David Lorenzo Cardiel para pensar"}]},{"@type":"WebSite","@id":"https:\/\/madeinzaragoza.es\/blog\/#website","url":"https:\/\/madeinzaragoza.es\/blog\/","name":"Made in Zaragoza","description":"Blog de MadeinZGZ, Red de Econom\u00eda Creativa de Zaragoza","publisher":{"@id":"https:\/\/madeinzaragoza.es\/blog\/#organization"},"potentialAction":[{"@type":"SearchAction","target":{"@type":"EntryPoint","urlTemplate":"https:\/\/madeinzaragoza.es\/blog\/?s={search_term_string}"},"query-input":"required name=search_term_string"}],"inLanguage":"es"},{"@type":"Organization","@id":"https:\/\/madeinzaragoza.es\/blog\/#organization","name":"Made In Zaragoza","url":"https:\/\/madeinzaragoza.es\/blog\/","sameAs":["https:\/\/www.instagram.com\/madeinzaragoza.es\/","https:\/\/www.facebook.com\/madeinzaragoza.es\/","https:\/\/twitter.com\/madeinzaragoza"],"logo":{"@type":"ImageObject","inLanguage":"es","@id":"https:\/\/madeinzaragoza.es\/blog\/#\/schema\/logo\/image\/","url":"https:\/\/madeinzaragoza.es\/blog\/wp-content\/uploads\/2022\/05\/logo.png","contentUrl":"https:\/\/madeinzaragoza.es\/blog\/wp-content\/uploads\/2022\/05\/logo.png","width":193,"height":176,"caption":"Made In Zaragoza"},"image":{"@id":"https:\/\/madeinzaragoza.es\/blog\/#\/schema\/logo\/image\/"}},{"@type":"Person","@id":"https:\/\/madeinzaragoza.es\/blog\/#\/schema\/person\/6a4863d6589c583d59e18346910a023c","name":"Elisabeth G Iborra","image":{"@type":"ImageObject","inLanguage":"es","@id":"https:\/\/madeinzaragoza.es\/blog\/#\/schema\/person\/image\/","url":"http:\/\/1.gravatar.com\/avatar\/79eaa76ada7c6991ca823fda477e731f?s=96&d=mm&r=g","contentUrl":"http:\/\/1.gravatar.com\/avatar\/79eaa76ada7c6991ca823fda477e731f?s=96&d=mm&r=g","caption":"Elisabeth G Iborra"},"url":"http:\/\/madeinzaragoza.es\/blog\/author\/elisabethgiborra\/"}]}},"_links":{"self":[{"href":"http:\/\/madeinzaragoza.es\/blog\/wp-json\/wp\/v2\/posts\/20417"}],"collection":[{"href":"http:\/\/madeinzaragoza.es\/blog\/wp-json\/wp\/v2\/posts"}],"about":[{"href":"http:\/\/madeinzaragoza.es\/blog\/wp-json\/wp\/v2\/types\/post"}],"author":[{"embeddable":true,"href":"http:\/\/madeinzaragoza.es\/blog\/wp-json\/wp\/v2\/users\/60"}],"replies":[{"embeddable":true,"href":"http:\/\/madeinzaragoza.es\/blog\/wp-json\/wp\/v2\/comments?post=20417"}],"version-history":[{"count":9,"href":"http:\/\/madeinzaragoza.es\/blog\/wp-json\/wp\/v2\/posts\/20417\/revisions"}],"predecessor-version":[{"id":36030,"href":"http:\/\/madeinzaragoza.es\/blog\/wp-json\/wp\/v2\/posts\/20417\/revisions\/36030"}],"wp:featuredmedia":[{"embeddable":true,"href":"http:\/\/madeinzaragoza.es\/blog\/wp-json\/wp\/v2\/media\/20418"}],"wp:attachment":[{"href":"http:\/\/madeinzaragoza.es\/blog\/wp-json\/wp\/v2\/media?parent=20417"}],"wp:term":[{"taxonomy":"category","embeddable":true,"href":"http:\/\/madeinzaragoza.es\/blog\/wp-json\/wp\/v2\/categories?post=20417"},{"taxonomy":"post_tag","embeddable":true,"href":"http:\/\/madeinzaragoza.es\/blog\/wp-json\/wp\/v2\/tags?post=20417"}],"curies":[{"name":"wp","href":"https:\/\/api.w.org\/{rel}","templated":true}]}}