{"id":20111,"date":"2018-05-16T16:24:47","date_gmt":"2018-05-16T15:24:47","guid":{"rendered":"http:\/\/madeinzaragoza.es\/blog\/?p=20111"},"modified":"2019-05-14T07:01:32","modified_gmt":"2019-05-14T06:01:32","slug":"participantes-en-la-noche-de-las-tiendas-creativas-2018","status":"publish","type":"post","link":"http:\/\/madeinzaragoza.es\/blog\/participantes-en-la-noche-de-las-tiendas-creativas-2018\/","title":{"rendered":"Participantes en La Noche de las Tiendas Creativas 2018"},"content":{"rendered":"<p>Desde la Madalena hasta el Gancho, pasando por la zona m\u00e1s cercana a la Plaza del Pilar, los\u00a0<a href=\"http:\/\/madeinzaragoza.es\/comercios\/categorias.php\">comercios m\u00e1s innovadores y creativos de Made in Zaragoza<\/a>\u00a0ofrecer\u00e1n durante la V Noche de las Tiendas Creativas propuestas culturales, comerciales y art\u00edsticas de todo tipo.<\/p>\n<p>&nbsp;<\/p>\n<p>Adem\u00e1s, este a\u00f1o Made in Zaragoza\u00a0quiere premiar tu participaci\u00f3n en\u00a0La Noche de las Tiendas Creativas con el\u00a0sorteo, entre todos aquellos que compren, de\u00a0<a href=\"http:\/\/madeinzaragoza.es\/blog\/sorteo-de-3-cestas-de-regalos-durante-la-noche-de-las-tiendas-creativas-en-el-casco-antiguo-2018\/\">tres cestas de regalos<\/a>\u00a0formadas por art\u00edculos cedidos por todos los establecimientos participantes.<\/p>\n<p>&nbsp;<\/p>\n<p>Ya puedes\u00a0<a href=\"http:\/\/madeinzaragoza.es\/blog\/wp-content\/uploads\/2018\/05\/folleto-2018-casco.pdf\">descargarte el mapa con todas las tiendas participantes<\/a>\u00a0en la V La Noche de las Tiendas Creativas en el Casco Hist\u00f3rico.<\/p>\n<p>&nbsp;<\/p>\n<p>Os dejamos aqu\u00ed la programaci\u00f3n confirmada por el momento y\u00a0<a href=\"https:\/\/www.facebook.com\/events\/167913487257865\/\">\u00a1sigue el evento de Facebook para estar al d\u00eda de todas las novedades!\u00a0<\/a><\/p>\n<p>&nbsp;<\/p>\n<p><img loading=\"lazy\" decoding=\"async\" class=\"aligncenter size-full wp-image-20399\" src=\"http:\/\/madeinzaragoza.es\/blog\/wp-content\/uploads\/2018\/05\/mapa-tiendas-creativas-2018.jpg\" alt=\"\" width=\"620\" height=\"413\" srcset=\"http:\/\/madeinzaragoza.es\/blog\/wp-content\/uploads\/2018\/05\/mapa-tiendas-creativas-2018.jpg 620w, http:\/\/madeinzaragoza.es\/blog\/wp-content\/uploads\/2018\/05\/mapa-tiendas-creativas-2018-300x200.jpg 300w\" sizes=\"(max-width: 709px) 85vw, (max-width: 909px) 67vw, (max-width: 984px) 61vw, (max-width: 1362px) 45vw, 600px\" \/><\/p>\n<p>&nbsp;<\/p>\n<ol start=\"1\">\n<li>\n<p align=\"JUSTIFY\"><b>Lim\u00f3n y Fresa, C\/ San Jorge, 23<\/b><\/p>\n<\/li>\n<\/ol>\n<p>Ofrecer\u00e1n interesantes descuentos en sus complementos pintados a mano, un picoteo para todos los que les visiten y sorpresas, como el sorteo de algunas de sus creaciones entre todas las compras realizadas esa noche.<\/p>\n<p>&nbsp;<\/p>\n<ol start=\"2\">\n<li>\n<p align=\"JUSTIFY\"><b>Horst, C\/ San Jorge 26<\/b><\/p>\n<\/li>\n<\/ol>\n<p align=\"JUSTIFY\">Contar\u00e1n con la venta exclusiva de los dise\u00f1os del artista zaragozano Oban\u00fck y con la exposici\u00f3n de las acuarelas del ilustrador y tatuador aragon\u00e9s afincado en Barcelona \u00abAro Deadpainter\u00bb. Ofrecer\u00e1n diferentes packs y descuentos especiales durante esta noche, todo deleitado con una gran selecci\u00f3n musical y algo de beber y picar.<\/p>\n<p>&nbsp;<\/p>\n<ol start=\"3\">\n<li>\n<p align=\"JUSTIFY\"><strong>Canalla Shop, C\/ Mayor 50<\/strong><\/p>\n<\/li>\n<\/ol>\n<p align=\"JUSTIFY\">Podr\u00e1s encontrar descuentos del 20% en todos los productos de nueva colecci\u00f3n. De 20:30 a 22:30 horas habr\u00e1 m\u00fasica en directo a cargo de Dj Goly. Todo esto acompa\u00f1ado de un picoteo.<\/p>\n<p>&nbsp;<\/p>\n<ol start=\"4\">\n<li>\n<p align=\"JUSTIFY\"><strong>Cool Hunter, C\/ Refugio 12<\/strong><\/p>\n<\/li>\n<\/ol>\n<p>Encontraremos descuentos y sorpresas.<\/p>\n<p>&nbsp;<\/p>\n<p><img loading=\"lazy\" decoding=\"async\" class=\"aligncenter size-large wp-image-20207\" src=\"http:\/\/madeinzaragoza.es\/blog\/wp-content\/uploads\/2018\/05\/Cool-Hunter-1024x768-1024x768.jpg\" alt=\"\" width=\"840\" height=\"630\" srcset=\"http:\/\/madeinzaragoza.es\/blog\/wp-content\/uploads\/2018\/05\/Cool-Hunter-1024x768.jpg 1024w, http:\/\/madeinzaragoza.es\/blog\/wp-content\/uploads\/2018\/05\/Cool-Hunter-1024x768-300x225.jpg 300w, http:\/\/madeinzaragoza.es\/blog\/wp-content\/uploads\/2018\/05\/Cool-Hunter-1024x768-768x576.jpg 768w\" sizes=\"(max-width: 709px) 85vw, (max-width: 909px) 67vw, (max-width: 1362px) 62vw, 840px\" \/><\/p>\n<ol start=\"5\">\n<li>\n<p align=\"JUSTIFY\"><strong>Ocho y Medio con Pop Up Store de Le Marais, C\/ Refugio 12<\/strong><\/p>\n<\/li>\n<\/ol>\n<p>Habr\u00e1 m\u00fasica y picoteo, un 10% de descuento en todas las compras y un sorteo entre las compras de esa noche.<\/p>\n<p>Le Marais ofrecer\u00e1 picoteo y refrescos, descuentos del 10% en todas las compras y sortear\u00e1 2 vales del 20% para gastar en su tienda online entre todas las compras.<\/p>\n<p>&nbsp;<\/p>\n<ol start=\"6\">\n<li>\n<p align=\"JUSTIFY\"><strong>Vorne Store, Plaza San Pedro Nolasco 2<\/strong><\/p>\n<\/li>\n<\/ol>\n<p>Se podr\u00e1n encontrar descuentos del 20% en todos art\u00edculos de la tienda, as\u00ed como birras y picoteo amenizado por m\u00fasica DJ. Tambi\u00e9n actuar\u00e1 en directo la solista Ana L\u00f3pez (@anitalo21)<\/p>\n<p>&nbsp;<\/p>\n<ol start=\"7\">\n<li>\n<p align=\"JUSTIFY\"><strong>Sommes D\u00e9mod\u00e9, Plaza San Pedro Nolasco 2<\/strong><\/p>\n<\/li>\n<\/ol>\n<p>Celebrar\u00e1n la Sommes D\u00e9mod\u00e9 Shopping Night. Durante la noche estar\u00e1 todo al 20% de descuento. Podr\u00e1s llevarte una foto instant\u00e1nea Instax de recuerdo y por compras superiores a 30\u20ac se regalar\u00e1 una libreta.<\/p>\n<p>Adem\u00e1s se sortear\u00e1 una cesta llena de regalos de la tienda entre todas las compras. Todo esto estar\u00e1 acompa\u00f1ado por Dj Set by Fabi\u00e1n De Niro.<\/p>\n<p><img loading=\"lazy\" decoding=\"async\" class=\"aligncenter size-full wp-image-20206\" src=\"http:\/\/madeinzaragoza.es\/blog\/wp-content\/uploads\/2018\/05\/Collage-Sommes-Demode-1024x1024.jpg\" alt=\"\" width=\"1024\" height=\"1024\" srcset=\"http:\/\/madeinzaragoza.es\/blog\/wp-content\/uploads\/2018\/05\/Collage-Sommes-Demode-1024x1024.jpg 1024w, http:\/\/madeinzaragoza.es\/blog\/wp-content\/uploads\/2018\/05\/Collage-Sommes-Demode-1024x1024-150x150.jpg 150w, http:\/\/madeinzaragoza.es\/blog\/wp-content\/uploads\/2018\/05\/Collage-Sommes-Demode-1024x1024-300x300.jpg 300w, http:\/\/madeinzaragoza.es\/blog\/wp-content\/uploads\/2018\/05\/Collage-Sommes-Demode-1024x1024-768x768.jpg 768w\" sizes=\"(max-width: 709px) 85vw, (max-width: 909px) 67vw, (max-width: 1362px) 62vw, 840px\" \/><\/p>\n<p>&nbsp;<\/p>\n<ol start=\"8\">\n<li>\n<p align=\"JUSTIFY\"><strong>Celeste y C\u00eda, Plaza San Pedro Nolasco 4<\/strong><\/p>\n<\/li>\n<\/ol>\n<p>Ofrecer\u00e1n un vino y realizar\u00e1n descuentos en las piezas que hay en la tienda.<\/p>\n<p>&nbsp;<\/p>\n<ol start=\"9\">\n<li>\n<p align=\"JUSTIFY\"><strong>Alfiler de Gancho, Pje Puerta Cinegia 2\u00aa Plta<\/strong><\/p>\n<\/li>\n<\/ol>\n<p>A partir de las 20:30 horas realizar\u00e1n un taller expr\u00e9s de alpargatas de c\u00e1\u00f1amo. Inscripciones en info@alfilerdegancho.com<\/p>\n<p>&nbsp;<\/p>\n<ol start=\"10\">\n<li>\n<p align=\"JUSTIFY\"><strong>Toque de Canela, C\/ San Vicente de Pa\u00fal 7<\/strong><\/p>\n<\/li>\n<\/ol>\n<p>Pondr\u00e1n m\u00fasica swing y se podr\u00e1 admirar una demostraci\u00f3n de baile de lindy hop.<\/p>\n<p>&nbsp;<\/p>\n<ol start=\"11\">\n<li>\n<p align=\"JUSTIFY\"><strong>Estrella Alba &amp; Luces de Tul, C\/ San Vicente de Pa\u00fal 9<\/strong><\/p>\n<\/li>\n<\/ol>\n<p>Podremos asistir a la demostraci\u00f3n de c\u00f3mo se trabaja el Vidrio de Murano con la t\u00e9cnica de soplete. Adem\u00e1s ofrecer\u00e1n un 10% de descuento en todas las compras.<\/p>\n<p>&nbsp;<\/p>\n<ol start=\"12\">\n<li>\n<p align=\"JUSTIFY\"><strong>Esenzia \u2013 C\/ San Vicente de Pa\u00fal 23<\/strong><\/p>\n<\/li>\n<\/ol>\n<p>En Esenzia asistiremos a La Noche Tropical con brochetas de frutas y zumos tropicales, y 20% de descuento en colecciones de Esenzia.Adem\u00e1s nos ofrecer\u00e1n una sesi\u00f3n de ilustraci\u00f3n de moda en vivo de la mano del artista Adri\u00e1n Pereda de Imaginaciones M\u00edas.<\/p>\n<p>&nbsp;<\/p>\n<ol start=\"13\">\n<li>\n<p align=\"JUSTIFY\"><strong>Espacio Desmontando a la Pili, C\/ Don Juan de Arag\u00f3n 21<\/strong><\/p>\n<\/li>\n<\/ol>\n<p>A las 21:00 horas realizar\u00e1n un taller de broches de vulvas con fieltro.<\/p>\n<p>Tambi\u00e9n asistiremos al lanzamiento de nueva marca comercial de productos SINFUL, con algunos descuentos. Y adem\u00e1s, tendremos una actuaci\u00f3n sorpresa.<\/p>\n<p>&nbsp;<\/p>\n<ol start=\"14\">\n<li>\n<p align=\"JUSTIFY\"><strong>Calypso, C\/ Mart\u00edn Carillo 3<\/strong><\/p>\n<\/li>\n<\/ol>\n<p>Nos recibir\u00e1n con un \u201cpsicolabis\u201d con m\u00fasica Freakbeat, Garage, Psicodelia\u2026 y un descuento especial del 20% en toda la tienda.<\/p>\n<p>&nbsp;<\/p>\n<ol start=\"15\">\n<li>\n<p align=\"JUSTIFY\"><strong>Tribandrum, C\/ Mart\u00edn Carrillo 7<\/strong><\/p>\n<\/li>\n<\/ol>\n<p>A las 22:00 horas contar\u00e1n con la actuaci\u00f3n del d\u00fao aragon\u00e9s Sparatrapo y tendr\u00e1n un picoteo para todos los visitantes.<\/p>\n<p><img loading=\"lazy\" decoding=\"async\" class=\"aligncenter size-large wp-image-20135\" src=\"http:\/\/madeinzaragoza.es\/blog\/wp-content\/uploads\/2018\/04\/tribandum-1024x523-1024x523.png\" alt=\"\" width=\"840\" height=\"429\" srcset=\"http:\/\/madeinzaragoza.es\/blog\/wp-content\/uploads\/2018\/04\/tribandum-1024x523.png 1024w, http:\/\/madeinzaragoza.es\/blog\/wp-content\/uploads\/2018\/04\/tribandum-1024x523-300x153.png 300w, http:\/\/madeinzaragoza.es\/blog\/wp-content\/uploads\/2018\/04\/tribandum-1024x523-768x392.png 768w\" sizes=\"(max-width: 709px) 85vw, (max-width: 909px) 67vw, (max-width: 1362px) 62vw, 840px\" \/><\/p>\n<p>&nbsp;<\/p>\n<ol start=\"16\">\n<li>\n<p align=\"JUSTIFY\"><strong>Al Loro, C\/ Santa Cruz 8<\/strong><\/p>\n<\/li>\n<\/ol>\n<p>Habr\u00e1 picoteo y m\u00fasica durante toda la velada, as\u00ed como un 20% de descuento en toda la tienda y el sorteo de una camiseta dise\u00f1ada por Al Loro entre todas las compras.<\/p>\n<ol start=\"17\">\n<li>\n<p align=\"JUSTIFY\"><strong>Kashmir New &amp; Vintage, C\/ Santo Dominguito de Val 4<\/strong><\/p>\n<\/li>\n<\/ol>\n<p>Presentar\u00e1n Misscelanea, una exposici\u00f3n multidisciplinar que combina ilustraci\u00f3n, fotograf\u00eda y una serie de covers en ac\u00fastico.El evento contar\u00e1 con la visi\u00f3n art\u00edstica de 3 mujeres cuyo principal hilo conductor es el Arte y la Mujer: Susana Modrego, Greta Garet (acompa\u00f1ada de Dani Murphy&#8217;s) y Galatea.<\/p>\n<ol start=\"18\">\n<li>\n<p align=\"JUSTIFY\"><strong>El Sitio de Eugenia con Pop Up Store de Cris B, C\/ Asalto 43<\/strong><\/p>\n<\/li>\n<\/ol>\n<p>Wine &amp; Fashion, Maridaje de vino y moda, fusi\u00f3n del dise\u00f1o y la gastronom\u00eda.<\/p>\n<p>A las 21:30 horas El Sitio de Eugenia propone una cata degustaci\u00f3n donde los colores del vino (burdeos, chardonnay o garnacha) son interpretados en los estampados de los bolsos de Cris B.Donde sus formas te llevar\u00e1n a recorrer los paisajes donde se elaboran los productos que se van a degustar.Una cata donde las emociones ser\u00e1n el hilo conductor entre vino y telas.<\/p>\n<p>Maridar\u00e1n vino y moda, vistiendo diferentes sitios de la tienda de El Sitio de Eugenia con creaciones de Cris B. Y descubriremos como el proceso de creaci\u00f3n de un bolso es igual al proceso de elaboraci\u00f3n de un vino o un producto artesano.<\/p>\n<p>Slow Fashion y Slow Food se dan la mano para ense\u00f1ar que cuidar de nuestro entorno es una forma de cuidarnos a nosotros mismos. Puedes pasarte a conocer su propuesta de 20:00 a 24:00 horas.<\/p>\n<ol start=\"19\">\n<li>\n<p align=\"JUSTIFY\"><strong>Sin Huella, C\/ Coso 156<\/strong><\/p>\n<\/li>\n<\/ol>\n<p>De 21:00 a 22:00 horas habr\u00e1 una degustaci\u00f3n de productos ecol\u00f3gicos, y si te llevas tu propio envase obtendr\u00e1s un 5% de descuento en la compra de productos de la tienda.<\/p>\n<ol start=\"20\">\n<li>\n<p align=\"JUSTIFY\"><strong>Yolanda Dom\u00ednguez Joyeros, Plaza Sas 6<\/strong><\/p>\n<\/li>\n<\/ol>\n<p>Encontraremos m\u00fasica, cava y un picoteo dulce, adem\u00e1s de descuentos especiales.<\/p>\n<ol start=\"21\">\n<li>\n<p align=\"JUSTIFY\"><strong>LatasTienda, C\/ del Pino 4<\/strong><\/p>\n<\/li>\n<\/ol>\n<p>Realizar\u00e1n una degustaci\u00f3n de productos de la tienda y dar\u00e1n un peque\u00f1o detalle por compras superiores a 15 \u20ac. Adem\u00e1s, se podr\u00e1 disfrutar de las exposiciones de ilustraci\u00f3n de Laranoia y de graffiti de Buke.<\/p>\n<ol start=\"22\">\n<li>\n<p align=\"JUSTIFY\"><strong>Er\u00f3tica Enigma, C\/ Del Pino 4<\/strong><\/p>\n<\/li>\n<\/ol>\n<p>Nos recibir\u00e1n con un picoteo y un 15% de descuento en todos los art\u00edculos, salvo ofertas o promociones.<\/p>\n<p>&nbsp;<\/p>\n<ol start=\"23\">\n<li>\n<p align=\"JUSTIFY\"><strong>Taller Joyer\u00eda DeDos, C\/ Rufas 5-7<\/strong><\/p>\n<\/li>\n<\/ol>\n<p>Ofrecer\u00e1n m\u00fasica en directo, as\u00ed como un picoteo acompa\u00f1ado de vinito para la gente que vaya a visitarlos.<\/p>\n<ol start=\"24\">\n<li>\n<p align=\"JUSTIFY\"><strong>LaOla, mensajes de papel, C\/ San Agust\u00edn 6, local 4B<\/strong><\/p>\n<\/li>\n<\/ol>\n<p>Nos preparar\u00e1n una actividad sorpresa.<\/p>\n<p>&nbsp;<\/p>\n<ol start=\"25\">\n<li>\n<p align=\"JUSTIFY\"><strong>El Arquetipo, C\/ San Agust\u00edn 6, local 8B<\/strong><\/p>\n<\/li>\n<\/ol>\n<p>A las 21:00 horas habr\u00e1 un taller gratuito y abierto de ensamblaje de madera reciclada. Entre todos construiremos personajes fant\u00e1sticos y los pintaremos. Puedes inscribirte en el 675 61 75 17.<\/p>\n<p>Adem\u00e1s durante el evento aplicar\u00e1n un 10% de descuento en todos los productos y cursos.<\/p>\n<p>&nbsp;<\/p>\n<ol start=\"26\">\n<li>\n<p align=\"JUSTIFY\"><strong>Coeur de Coton con Pop Up Store de Tribales &#8211; C\/ Cadena 16 (entrada por Antonio Agust\u00edn)<\/strong><\/p>\n<\/li>\n<\/ol>\n<p>En Coeur de Coton se podr\u00e1 disfrutar de un picoteo vegetariano y ecol\u00f3gico.<\/p>\n<p>Tribales presentar\u00e1 su colecci\u00f3n de joyer\u00eda y bisuter\u00eda, pendientes trepadores en plata, septum, anillos artesanales en plata y lat\u00f3n, y carteras con materiales reciclados<\/p>\n<p>&nbsp;<\/p>\n<ol start=\"27\">\n<li>\n<p align=\"JUSTIFY\"><b>Calvo i Mayayo Galer\u00eda, C\/ Cadena 28.<\/b><\/p>\n<\/li>\n<\/ol>\n<p>A las 22:00 horas realizar\u00e1n una demostraci\u00f3n de arte floral en la que se dar\u00e1n a conocer las pautas b\u00e1sicas a tener en cuenta para realizar una composici\u00f3n floral.<\/p>\n<ol start=\"28\">\n<li>\n<p align=\"JUSTIFY\"><b>Paula Dur\u00e1n House of Beauty, C\/ San Lorenzo 3<\/b><\/p>\n<\/li>\n<\/ol>\n<p>Invitar\u00e1n a todos los asistentes a una copa de cava, habr\u00e1 descuentos exclusivos en una selecci\u00f3n de productos de las mejores marcas para el cuidado del cabello.<\/p>\n<p>Adem\u00e1s realizar\u00e1n el sorteo de una Manicura Pemanente Spa para todo aquel que haya comprado. Todo esto acompa\u00f1ado por m\u00fasica a cargo de Dj SALEK y de una exposici\u00f3n de Call Me Rob.<\/p>\n<ol start=\"29\">\n<li>\n<p align=\"JUSTIFY\"><b>La Ventana Indiscreta, C\/ San Lorenzo 12 -16<\/b><\/p>\n<\/li>\n<\/ol>\n<p>Adem\u00e1s de ofrecer descuentos especiales, presentar\u00e1n la obra gr\u00e1fica del valenciano Alex Garc\u00eda @CRANIO DSGN y sus ilustraciones hiperrealistas inspiradas en cine y series de televisi\u00f3n (en su haber trabajos para marcas como Nike USA, revistas como Lineker Magazine, VARAgids, The Hollywood Reporter adem\u00e1s de varias expos en Gauntlet Gallery (San Francisco), SoHo Gallery for Digital Art \u2013 ArtHouse SoHo (New York), o House of Vans (London) entre otras).<\/p>\n<p>Adem\u00e1s contaremos con la presencia del zaragozano Jorge Morell\u00f3n @plastiletas y sus creaciones en plastilina polim\u00e9rica. Nos mostrar\u00e1 en la tienda paso a paso el proceso de creaci\u00f3n de un busto decorativo en masilla profesional inspirado en un personaje cinematogr\u00e1fico.<\/p>\n<ol start=\"30\">\n<li>\n<p align=\"JUSTIFY\"><strong>Laurel WHYCHOOSSEE, C\/ San Lorenzo 12<\/strong><\/p>\n<\/li>\n<\/ol>\n<p>Bajo el lema de <i>\u00a1VIVA M\u00c9XICO!<\/i> la tienda se te\u00f1ir\u00e1 de muchos colores. Habr\u00e1 decoraci\u00f3n, bebidas y comida al puro estilo mexicano, aparte de sonar su g\u00e9nero musical m\u00e1s famoso: las rancheras.<\/p>\n<p>Habr\u00e1 un photocall con un divertido dibujo mexicano y una pi\u00f1ata. Las prendas de segunda mano estar\u00e1n rebajadas al 40% y las nuevas al 20%. Durante esta noche tambi\u00e9n habr\u00e1 descuentos del 20% en contrataciones de sesiones de fotos y en todos los productos de la tienda online.<\/p>\n<ol start=\"31\">\n<li>\n<p align=\"JUSTIFY\"><strong>Pr\u00f6ko, C\/ Reconquista 11<\/strong><\/p>\n<\/li>\n<\/ol>\n<p>Podr\u00e1s beneficiarte de descuentos del 10% en tienda.<\/p>\n<ol start=\"32\">\n<li>\n<p align=\"JUSTIFY\"><span lang=\"en-US\"><b>Blue Velvet, C\/ Cadena 8<\/b><\/span><\/p>\n<\/li>\n<\/ol>\n<p>Habr\u00e1 descuentos del 10% en toda la ropa, y entre todas las compras superiores a 10 \u20ac sortear\u00e1n un vale de 30 \u20ac para canjearlo en tienda.<\/p>\n<p>Acompa\u00f1ar\u00e1 la exposici\u00f3n de Blasina Rocher, vino blanco dulce para degustar, picoteo y m\u00fasica.<\/p>\n<ol start=\"33\">\n<li>\n<p align=\"JUSTIFY\"><strong>Brigadoon, C\/ San Miguel 50 (entrada por Allu\u00e9 Salvador)<\/strong><\/p>\n<\/li>\n<\/ol>\n<p>Nos ofrecer\u00e1n un picoteo y descuentos especiales en art\u00edculos seleccionados.<\/p>\n<ol start=\"34\">\n<li>\n<p align=\"JUSTIFY\"><strong>Grey Gardens Vintage, C\/ \u00d3rgano 3<\/strong><\/p>\n<\/li>\n<\/ol>\n<p>Mucho Vintage especial para esa noche con descuentos para renovar armario con poquito dinero. Se disfrutar\u00e1 de buena m\u00fasica y un picoteo para todos los que los visiten.<\/p>\n<p>Contar\u00e1n con la exposici\u00f3n de Julia Carbonell (@hachirules), una joven fot\u00f3grafa zaragozana que ya est\u00e1 dando mucho que hablar en redes sociales. Os reservan una \u00faltima sorpresa que anunciar\u00e1 el mismo d\u00eda del evento.<\/p>\n<ol start=\"35\">\n<li>\n<p align=\"JUSTIFY\"><strong>Flamingos Vintage Kilo, Plaza Asso 1<\/strong><\/p>\n<\/li>\n<\/ol>\n<p>Encontraremos m\u00fasica, picoteo y promociones especiales.<\/p>\n<ol start=\"36\">\n<li>\n<p align=\"JUSTIFY\"><strong>Nuscaa, C\/ San Blas 18<\/strong><\/p>\n<\/li>\n<\/ol>\n<p>A las 20:30 horas taller de cer\u00e1mica. Precio 10 \u20ac y 10 plazas disponibles, previa inscripci\u00f3n en alejandra@nuscaa-ceramicas.com.<\/p>\n<p>A las 22:00 horas taller de intervenci\u00f3n de obras de arte mexicano. Precio 8 \u20ac, sin inscripci\u00f3n previa y abierto a todos los visitantes.<\/p>\n<p>Degustaci\u00f3n de estilo mexicano para los que realicen el taller y picoteo para todos los visitantes.<\/p>\n<p>Podr\u00e1s beneficiarte de descuentos del 10% en tienda.<\/p>\n<ol start=\"37\">\n<li>\n<p align=\"JUSTIFY\"><b>Olmo y Ses\u00e9 Fotograf\u00eda, C\/ Estudios 15-17<\/b><\/p>\n<\/li>\n<\/ol>\n<p>Realizar\u00e1n el sorteo de un vale regalo para una sesi\u00f3n fotogr\u00e1fica entre todos los que les visiten. Tendr\u00e1n sus productos expuestos, un 20% de descuento en contrataci\u00f3n de bodas y un 25% en la compra de vales regalo de cursos, talleres y sesiones fotogr\u00e1ficas. Adem\u00e1s, ofrecer\u00e1n un vinito para todos aquellos que los visiten.<\/p>\n<p>&nbsp;<\/p>\n<ol start=\"38\">\n<li>\n<p align=\"JUSTIFY\"><strong>La Alacena de Arag\u00f3n, C\/ Don Jaime I 38<\/strong><\/p>\n<\/li>\n<\/ol>\n<p>De 21:00 a 22:00 horas 10% de descuento en todas las compras y degustaci\u00f3n de embutidos.<\/p>\n<ol start=\"39\">\n<li>\n<p align=\"JUSTIFY\"><strong>Bajo el Sol, C\/ Ossau 4<\/strong><\/p>\n<\/li>\n<\/ol>\n<p>Disfrutaremos de picoteo, m\u00fasica y una actuaci\u00f3n sorpresa.<\/p>\n<p>&nbsp;<\/p>\n<ol start=\"40\">\n<li>\n<p align=\"JUSTIFY\"><strong>Beso de Desayuno, C\/ Ossau 4<\/strong><\/p>\n<\/li>\n<\/ol>\n<p>Presentar\u00e1n el \u00faltimo proyecto de D\u00e9bora Aguelo \u00abEl ni\u00f1o enamorado\u00bb y la mini exposici\u00f3n de Leti H en exclusiva para Beso. Todas las compras tendr\u00e1n un trato especial.<\/p>\n<ol start=\"41\">\n<li>\n<p align=\"JUSTIFY\"><strong>Trad Market con Pop Up Store de Solbrillas, C\/ V\u00edrgenes 3<\/strong><\/p>\n<\/li>\n<\/ol>\n<p>Nos recibir\u00e1n con un vino de bienvenida y descuentos exclusivos en complementos y prendas de su colecci\u00f3n Tr\u00e4d Design. Podr\u00e1s retocar tu maquillaje en su Beauty Corner con la experta en belleza Isabel Villa.<\/p>\n<p>La marca de sombrillas artesanales Solbrilla.com presentar\u00e1 su colecci\u00f3n de sombrillas de mano y los nuevos HAT 10 con protecci\u00f3n UVA del 80%.<\/p>\n<p>&nbsp;<\/p>\n<p><img loading=\"lazy\" decoding=\"async\" class=\"aligncenter size-full wp-image-20204\" src=\"http:\/\/madeinzaragoza.es\/blog\/wp-content\/uploads\/2018\/05\/tradmarket.jpg\" alt=\"\" width=\"1000\" height=\"750\" srcset=\"http:\/\/madeinzaragoza.es\/blog\/wp-content\/uploads\/2018\/05\/tradmarket.jpg 1000w, http:\/\/madeinzaragoza.es\/blog\/wp-content\/uploads\/2018\/05\/tradmarket-300x225.jpg 300w, http:\/\/madeinzaragoza.es\/blog\/wp-content\/uploads\/2018\/05\/tradmarket-768x576.jpg 768w\" sizes=\"(max-width: 709px) 85vw, (max-width: 909px) 67vw, (max-width: 1362px) 62vw, 840px\" \/><\/p>\n<p>&nbsp;<\/p>\n<ol start=\"42\">\n<li>\n<p align=\"JUSTIFY\"><b>Paez Zaragoza, C\/ San F\u00e9lix 2<\/b><\/p>\n<\/li>\n<\/ol>\n<p>Habr\u00e1 picoteo y un 10% de descuento en toda la colecci\u00f3n Paez.<\/p>\n<p>Adem\u00e1s, por cada par de Paez que se vendan durante la noche donar\u00e1n otro a la Fundaci\u00f3n Ilumin\u00e1frica.<\/p>\n<ol start=\"43\">\n<li>\n<p align=\"JUSTIFY\"><b>Kabuky Shop, C\/ San F\u00e9lix 2<\/b><\/p>\n<\/li>\n<\/ol>\n<p>Encontraremos un picoteo variado y frutas tropicales de Kachonwaa, P\u00e9talos de Frutas, m\u00fasica y descuentos especiales en todos los productos.Adem\u00e1s, sorteo de vales descuento, presentaci\u00f3n de la nueva colecci\u00f3n de gafas de madera de la marca Kdoows y venta especial de Mimikis, modelos exclusivos para Kabuky dise\u00f1ados por Mundo Mimiki.<\/p>\n<ol start=\"44\">\n<li>\n<p align=\"JUSTIFY\"><b>Cosicas, C\/ M\u00e9ndez N\u00fa\u00f1ez 12<\/b><\/p>\n<\/li>\n<\/ol>\n<p>Podremos encontrar un 30% de descuento en la bisuter\u00eda hecha y un 10% en la compra de abalorios. Adem\u00e1s ofrecer\u00e1n una copa de cava y bombones sin gluten.<\/p>\n<ol start=\"45\">\n<li>\n<p align=\"JUSTIFY\"><strong>El Lado Oscuro, C\/ M\u00e9ndez N\u00fa\u00f1ez 23<\/strong><\/p>\n<\/li>\n<\/ol>\n<p>Contar\u00e1n con la presencia de algunos personajes de c\u00f3mic para que los clientes puedan hacerse fotos con ellos, como el Capit\u00e1n Am\u00e9rica, la Viuda Negra y la Reina de Corazones.<\/p>\n<ol start=\"46\">\n<li>\n<p align=\"JUSTIFY\"><strong>Algo Especial, C\/ M\u00e9ndez N\u00fa\u00f1ez 25<\/strong><\/p>\n<\/li>\n<\/ol>\n<p>Realizar\u00e1n un taller de forrado de botones con regalo personalizado incluido y una sesi\u00f3n de belleza-manos primavera. Habr\u00e1 descuentos especiales y una degustaci\u00f3n de aguas florales.<\/p>\n<ol start=\"47\">\n<li>\n<p align=\"JUSTIFY\"><span lang=\"en-US\"><b>Nice You, C\/ M\u00e9ndez N\u00fa\u00f1ez 26<\/b><\/span><\/p>\n<\/li>\n<\/ol>\n<p>Nos ofrecer\u00e1n un picoteo con musiquita.<\/p>\n<p>Har\u00e1n un 20% de descuento en toda la ropa y un 5% en los complementos de la marca @petitapetit.<\/p>\n<p>Entre todas las compras de esa noche realizar\u00e1n el sorteo de una cajita de madera pirograbada de la marca @Kibori, un tote 100% algod\u00f3n \u00f3rganico bordado a mano de la marca @Tre Jolie y un neceser Mapa Mundi (hand made) de la marca @bolsosanaalbiac.<\/p>\n<p><img loading=\"lazy\" decoding=\"async\" class=\"aligncenter size-full wp-image-20124\" src=\"http:\/\/madeinzaragoza.es\/blog\/wp-content\/uploads\/2018\/04\/IMG_4113.jpg\" alt=\"\" width=\"558\" height=\"374\" srcset=\"http:\/\/madeinzaragoza.es\/blog\/wp-content\/uploads\/2018\/04\/IMG_4113.jpg 558w, http:\/\/madeinzaragoza.es\/blog\/wp-content\/uploads\/2018\/04\/IMG_4113-300x201.jpg 300w\" sizes=\"(max-width: 558px) 85vw, 558px\" \/><\/p>\n<ol start=\"48\">\n<li>\n<p align=\"JUSTIFY\"><strong>Manualidades Predicadores, C\/ Predicadores 20<\/strong><\/p>\n<\/li>\n<\/ol>\n<p>A las 20:30 horas realizar\u00e1n un taller de t\u00e9cnica de decoupage, pastas y estuco. Inscripciones en idoyagadea@gmail.com<\/p>\n<ol start=\"49\">\n<li>\n<p align=\"JUSTIFY\"><strong>Niubit, C\/ Predicadores 85<\/strong><\/p>\n<\/li>\n<\/ol>\n<p>De 21:00 a 22:00 horas taller de 3Dprint para dise\u00f1ar y crear tu mascota con el l\u00e1piz 3D.<\/p>\n<p>Taller creativo para aquellos que empiezan a interesarse por el mundo 3DPrint. Manejando un l\u00e1piz 3D de extrusi\u00f3n de pl\u00e1stico, los alumnos podr\u00e1n literalmente dibujar en el aire, lo que les permite sacar su imaginaci\u00f3n de la hoja de papel, convirtiendo sus creaciones en modelos reales.<\/p>\n<p>Para alumnos de 10 a 14 a\u00f1os. Trabajo en parejas. Cada alumno dise\u00f1a su propio proyecto que se llevar\u00e1 a casa al final del taller. Plazas limitadas. Inscripciones en ciberteca@niubit.es.<\/p>\n<ol start=\"50\">\n<li>\n<p align=\"JUSTIFY\"><strong>Natalie, C\/ Santa Luc\u00eda 4<\/strong><\/p>\n<\/li>\n<\/ol>\n<p>Nos ofrecer\u00e1n descuentos del 10 al 15 % en toda la tienda.<\/p>\n<ol start=\"51\">\n<li>\n<p align=\"JUSTIFY\"><strong>Tartas Johana, C\/ Santa Luc\u00eda 4<\/strong><\/p>\n<\/li>\n<\/ol>\n<p>Nos recibir\u00e1n con m\u00fasica y podremos degustar unas riqu\u00edsimas tartas artesanales.<\/p>\n<ol start=\"52\">\n<li>\n<p align=\"JUSTIFY\"><strong>OHRIGEN con Pop Up Store de HadaBaturra, C\/ Santa Luc\u00eda 5<\/strong><\/p>\n<\/li>\n<\/ol>\n<p>En Ohrigen har\u00e1n una degustaci\u00f3n de productos veganos, eco y bio y aprenderemos recetas y peque\u00f1os trucos de la cocina vegana. Adem\u00e1s, por cada compra regalar\u00e1n unos libritos sobre el uso de aceites vegetales y aceites esenciales.<\/p>\n<p>\u201cHadabaturra\u201d presentar\u00e1 sus creaciones en distintos soportes y a trav\u00e9s de materiales de reciclaje: cuadros, vidrio, camisetas, broches, diademas y colgantes.<\/p>\n<ol start=\"53\">\n<li>\n<p align=\"JUSTIFY\"><strong>Cinco Reinos con Pop Up Store de 123 Chocolate Ingl\u00e9s y Pilukids, C\/ Mayoral 9<\/strong><\/p>\n<\/li>\n<\/ol>\n<p>En Cinco Reinos tendremos quedada de juegos de mesa, especial para parejas. Juegos para dos v\u00e1lidos para todos los p\u00fablicos.<\/p>\n<p>123 Chocolate ingl\u00e9s nos traer\u00e1 sus juguetes educativos y did\u00e1cticos para crecer jugando.<\/p>\n<p>Pilukids presentar\u00e1 su ropa infantil y complementos, vestidos de beb\u00e9 y de ni\u00f1a, pantaloncillos de ni\u00f1o, mochilas, chupeteros, etc.<\/p>\n<p>&nbsp;<\/p>\n<ol start=\"54\">\n<li>\n<p align=\"JUSTIFY\"><strong>El Laboratorio de Sue\u00f1os, C\/ San Pablo 12<\/strong><\/p>\n<\/li>\n<\/ol>\n<p>Para esta ocasi\u00f3n tan especial -con nocturnidad, premeditaci\u00f3n y alevos\u00eda- nos tienen preparados 2 Talleres (s\u00f3lo para adultos\/as) relacionados con la escritura del g\u00e9nero literario de la Novela Negra. En estos talleres descubriremos las claves para crear y resolver tramas de cr\u00edmenes (im)perfectos en la escritura de relatos breves y\/o microrrelatos.<\/p>\n<p>La primera sesi\u00f3n ser\u00e1 de 20:30 a 22:00 horas y la segunda sesi\u00f3n de 22:30 a 24:00 horas. 10 plazas disponibles por sesi\u00f3n. Precio de 5\u20ac por sesi\u00f3n\/ persona. Inscripciones previas en hola@laboratorioescrituracreativa.com y en el 609 08 24 94.<\/p>\n<p>Adem\u00e1s ofrecer\u00e1n una copita de cava y un sabroso picoteo.<\/p>\n<ol start=\"55\">\n<li>\n<p align=\"JUSTIFY\"><b>Olsen Proyects, C\/ San Pablo 14<\/b><\/p>\n<\/li>\n<\/ol>\n<p>Podr\u00e1s adquirir vales de descuento para el siguiente reportaje con cualquiera de sus servicios: Olsen projects (fotograf\u00eda de producto y corporativa, dirigido a empresas), Cosa de dos (fotograf\u00eda de bodas y familia) y Mascotastudio (fotograf\u00eda de mascotas).<\/p>\n<p>Ofrecer\u00e1n un picoteo y realizar\u00e1n venta de fotos en su local. Tambi\u00e9n podr\u00e1s hacerte un retrato en su estudio y, mediante un proceso fotogr\u00e1fico antiguo, lo pasar\u00e1n a hoja de \u00e1rbol, madera o piedra. El retrato se realizar\u00e1 durante esta noche y se podr\u00e1 recoger en su estudio unos d\u00edas m\u00e1s tarde. La actividad tendr\u00e1 un coste simb\u00f3lico.<\/p>\n<p>&nbsp;<\/p>\n<ol start=\"56\">\n<li>\n<p align=\"JUSTIFY\"><b>El Tup\u00e9 Asesino, C\/ San Pablo 26<\/b><\/p>\n<\/li>\n<\/ol>\n<p>Nos deleitar\u00e1n con una actuaci\u00f3n en ac\u00fastico del grupo zaragozano \u2018Cris\u00e1lida\u2019 con alguna colaboraci\u00f3n.<\/p>\n<p><img loading=\"lazy\" decoding=\"async\" class=\"aligncenter size-full wp-image-20252\" src=\"http:\/\/madeinzaragoza.es\/blog\/wp-content\/uploads\/2018\/05\/tupe3-768x576.jpg\" alt=\"\" width=\"768\" height=\"576\" srcset=\"http:\/\/madeinzaragoza.es\/blog\/wp-content\/uploads\/2018\/05\/tupe3-768x576.jpg 768w, http:\/\/madeinzaragoza.es\/blog\/wp-content\/uploads\/2018\/05\/tupe3-768x576-300x225.jpg 300w\" sizes=\"(max-width: 709px) 85vw, (max-width: 909px) 67vw, (max-width: 984px) 61vw, (max-width: 1362px) 45vw, 600px\" \/><\/p>\n<ol start=\"57\">\n<li>\n<p align=\"JUSTIFY\"><b>Herbolario San Pablo, C\/ San Pablo 57<\/b><\/p>\n<\/li>\n<\/ol>\n<p>Realizar\u00e1n una demostraci\u00f3n de aceites esenciales.<\/p>\n<ol start=\"58\">\n<li>\n<p align=\"JUSTIFY\"><b>Una Oca Loca, C\/ San Pablo 151<\/b><\/p>\n<\/li>\n<\/ol>\n<p>Realizar\u00e1n la inauguraci\u00f3n del taller-tienda, con la actuaci\u00f3n del grupo Tierra Vertical, un picoteo, vinito y alguna sorpresa.<\/p>\n<p>La artista Carmen Vasco presentar\u00e1 su obra \u201cMosaicos\u201d, en la que a trav\u00e9s de su mirada podremos ver una serie de retratos y paisajes con una gran luminosidad.<\/p>\n<p>Por otra parte, las personas que se acerquen a conocer este taller-tienda-espacio de creaci\u00f3n, podr\u00e1n ver las piezas que aqu\u00ed se realizan, fundamentalmente con textiles y materiales recuperados, a los que se les da una nueva vida.<\/p>\n<ol start=\"59\">\n<li>\n<p align=\"JUSTIFY\"><b>Dreamcatcher, C\/ Las Armas 13<\/b><\/p>\n<\/li>\n<\/ol>\n<p>Ofrecer\u00e1n m\u00fasica, picoteo y descuentos en productos seleccionados.<\/p>\n<ol start=\"60\">\n<li>\n<p align=\"JUSTIFY\"><b>Las Armas300, C\/ Las Armas 68<\/b><\/p>\n<\/li>\n<\/ol>\n<p>Se podr\u00e1 visitar la exposici\u00f3n de las obras de Steve Gibson.<\/p>\n<ol start=\"61\">\n<li>\n<p align=\"JUSTIFY\"><b>El Armadillo Ilustrado, C\/ Las Armas 74<\/b><\/p>\n<\/li>\n<\/ol>\n<p>A las 20:00 horas presentar\u00e1n de \u2018Sextories Magazine\u2019, revista antolog\u00eda de c\u00f3mic er\u00f3tico de car\u00e1cter bianual y a color, con 100 p\u00e1ginas de historias con chicha, sin complejos y con mucha personalidad: la de los 13 autores que le dan vida.<\/p>\n<p>A partir de las 21:00 horas habr\u00e1 un Fotomat\u00f3n Ilustrado de Mikelodigas. El ilustrador Mikelodigas (Mikel \u00c1lvarez) realizar\u00e1 peque\u00f1os retratos ilustrados por un precio simb\u00f3lico a todos aquellos que pasen por su fotomat\u00f3n.<\/p>\n<p>&nbsp;<\/p>\n<ol start=\"62\">\n<li>\n<p align=\"JUSTIFY\"><b>Espacio Las Armas, C\/ Las Armas 72<\/b><\/p>\n<\/li>\n<\/ol>\n<p>Expondr\u00e1n sus creaciones Miss Zarrios, Bughambilia, Nature Whispers, y Punto y Punto.<\/p>\n<p>Miss Zarrios presentar\u00e1 su bisuter\u00eda, ecl\u00e9ctica y transgresora, sus complementos desde lo m\u00e1s Glam a lo m\u00e1s G\u00f3tico y T\u00e9trico, as\u00ed como sus complementos \u00abDulces\u00bb y sus productos Frikis.<\/p>\n<p>Bughambilia nos mostrar\u00e1 sus bolsos y accesorios a partir de tejidos mayas de algod\u00f3n y cuero en desuso, inicialmente producidos por manos artesanas de Guatemala y que se reutilizan para volver a la vida en peque\u00f1os talleres artesanales de Espa\u00f1a.<\/p>\n<p>Nature Whispers llevar\u00e1 un peque\u00f1o rinc\u00f3n de naturaleza donde expondr\u00e1 alguna de sus piezas. Durante el evento aplicar\u00e1 descuentos del 15% sobre el valor en web. Adem\u00e1s, presentar\u00e1 oficialmente los primeros colgantes realizados con semilla de loto, y los primeros realizados con capullos de rosa naturales.<\/p>\n<p>Punto y punto presentar\u00e1 su artesan\u00eda en tela, camisetas con aplicaciones cosidas a mano con dise\u00f1os exclusivos.<\/p>\n","protected":false},"excerpt":{"rendered":"<p>Desde la Madalena hasta el Gancho, pasando por la zona m\u00e1s cercana a la Plaza del Pilar, los\u00a0comercios m\u00e1s innovadores y creativos de Made in Zaragoza\u00a0ofrecer\u00e1n durante la V Noche de las Tiendas Creativas propuestas culturales, comerciales y art\u00edsticas de todo tipo. &nbsp; Adem\u00e1s, este a\u00f1o Made in Zaragoza\u00a0quiere premiar tu participaci\u00f3n en\u00a0La Noche de &hellip; <a href=\"http:\/\/madeinzaragoza.es\/blog\/participantes-en-la-noche-de-las-tiendas-creativas-2018\/\" class=\"more-link\">Continuar leyendo<span class=\"screen-reader-text\"> \u00abParticipantes en La Noche de las Tiendas Creativas 2018\u00bb<\/span><\/a><\/p>\n","protected":false},"author":22,"featured_media":20126,"comment_status":"open","ping_status":"open","sticky":false,"template":"","format":"standard","meta":{"footnotes":""},"categories":[8,1],"tags":[848],"yoast_head":"<!-- This site is optimized with the Yoast SEO plugin v19.7.2 - https:\/\/yoast.com\/wordpress\/plugins\/seo\/ -->\n<title>Participantes en La Noche de las Tiendas Creativas 2018 - Made in Zaragoza<\/title>\n<meta name=\"robots\" content=\"index, follow, max-snippet:-1, max-image-preview:large, max-video-preview:-1\" \/>\n<link rel=\"canonical\" href=\"http:\/\/madeinzaragoza.es\/blog\/participantes-en-la-noche-de-las-tiendas-creativas-2018\/\" \/>\n<meta property=\"og:locale\" content=\"es_ES\" \/>\n<meta property=\"og:type\" content=\"article\" \/>\n<meta property=\"og:title\" content=\"Participantes en La Noche de las Tiendas Creativas 2018 - Made in Zaragoza\" \/>\n<meta property=\"og:description\" content=\"Desde la Madalena hasta el Gancho, pasando por la zona m\u00e1s cercana a la Plaza del Pilar, los\u00a0comercios m\u00e1s innovadores y creativos de Made in Zaragoza\u00a0ofrecer\u00e1n durante la V Noche de las Tiendas Creativas propuestas culturales, comerciales y art\u00edsticas de todo tipo. &nbsp; Adem\u00e1s, este a\u00f1o Made in Zaragoza\u00a0quiere premiar tu participaci\u00f3n en\u00a0La Noche de &hellip; Continuar leyendo &quot;Participantes en La Noche de las Tiendas Creativas 2018&quot;\" \/>\n<meta property=\"og:url\" content=\"http:\/\/madeinzaragoza.es\/blog\/participantes-en-la-noche-de-las-tiendas-creativas-2018\/\" \/>\n<meta property=\"og:site_name\" content=\"Made in Zaragoza\" \/>\n<meta property=\"article:publisher\" content=\"https:\/\/www.facebook.com\/madeinzaragoza.es\/\" \/>\n<meta property=\"article:author\" content=\"LasArmasZAC\" \/>\n<meta property=\"article:published_time\" content=\"2018-05-16T15:24:47+00:00\" \/>\n<meta property=\"article:modified_time\" content=\"2019-05-14T06:01:32+00:00\" \/>\n<meta property=\"og:image\" content=\"http:\/\/madeinzaragoza.es\/blog\/wp-content\/uploads\/2018\/04\/facebook-tiendas-1024x576.png\" \/>\n\t<meta property=\"og:image:width\" content=\"1024\" \/>\n\t<meta property=\"og:image:height\" content=\"576\" \/>\n\t<meta property=\"og:image:type\" content=\"image\/png\" \/>\n<meta name=\"author\" content=\"MadeinZGZ\" \/>\n<meta name=\"twitter:card\" content=\"summary\" \/>\n<meta name=\"twitter:creator\" content=\"@madeinzaragoza\" \/>\n<meta name=\"twitter:site\" content=\"@madeinzaragoza\" \/>\n<meta name=\"twitter:label1\" content=\"Escrito por\" \/>\n\t<meta name=\"twitter:data1\" content=\"MadeinZGZ\" \/>\n\t<meta name=\"twitter:label2\" content=\"Tiempo de lectura\" \/>\n\t<meta name=\"twitter:data2\" content=\"17 minutos\" \/>\n<script type=\"application\/ld+json\" class=\"yoast-schema-graph\">{\"@context\":\"https:\/\/schema.org\",\"@graph\":[{\"@type\":\"Article\",\"@id\":\"http:\/\/madeinzaragoza.es\/blog\/participantes-en-la-noche-de-las-tiendas-creativas-2018\/#article\",\"isPartOf\":{\"@id\":\"http:\/\/madeinzaragoza.es\/blog\/participantes-en-la-noche-de-las-tiendas-creativas-2018\/\"},\"author\":{\"name\":\"MadeinZGZ\",\"@id\":\"http:\/\/madeinzaragoza.es\/blog\/#\/schema\/person\/59f4073cf7e7bc2b2f33b48241478a32\"},\"headline\":\"Participantes en La Noche de las Tiendas Creativas 2018\",\"datePublished\":\"2018-05-16T15:24:47+00:00\",\"dateModified\":\"2019-05-14T06:01:32+00:00\",\"mainEntityOfPage\":{\"@id\":\"http:\/\/madeinzaragoza.es\/blog\/participantes-en-la-noche-de-las-tiendas-creativas-2018\/\"},\"wordCount\":3353,\"commentCount\":0,\"publisher\":{\"@id\":\"http:\/\/madeinzaragoza.es\/blog\/#organization\"},\"keywords\":[\"tiendas creativas\"],\"articleSection\":[\"Red MIZ\",\"Tendencias\"],\"inLanguage\":\"es\",\"potentialAction\":[{\"@type\":\"CommentAction\",\"name\":\"Comment\",\"target\":[\"http:\/\/madeinzaragoza.es\/blog\/participantes-en-la-noche-de-las-tiendas-creativas-2018\/#respond\"]}]},{\"@type\":\"WebPage\",\"@id\":\"http:\/\/madeinzaragoza.es\/blog\/participantes-en-la-noche-de-las-tiendas-creativas-2018\/\",\"url\":\"http:\/\/madeinzaragoza.es\/blog\/participantes-en-la-noche-de-las-tiendas-creativas-2018\/\",\"name\":\"Participantes en La Noche de las Tiendas Creativas 2018 - Made in Zaragoza\",\"isPartOf\":{\"@id\":\"http:\/\/madeinzaragoza.es\/blog\/#website\"},\"datePublished\":\"2018-05-16T15:24:47+00:00\",\"dateModified\":\"2019-05-14T06:01:32+00:00\",\"breadcrumb\":{\"@id\":\"http:\/\/madeinzaragoza.es\/blog\/participantes-en-la-noche-de-las-tiendas-creativas-2018\/#breadcrumb\"},\"inLanguage\":\"es\",\"potentialAction\":[{\"@type\":\"ReadAction\",\"target\":[\"http:\/\/madeinzaragoza.es\/blog\/participantes-en-la-noche-de-las-tiendas-creativas-2018\/\"]}]},{\"@type\":\"BreadcrumbList\",\"@id\":\"http:\/\/madeinzaragoza.es\/blog\/participantes-en-la-noche-de-las-tiendas-creativas-2018\/#breadcrumb\",\"itemListElement\":[{\"@type\":\"ListItem\",\"position\":1,\"name\":\"Portada\",\"item\":\"http:\/\/madeinzaragoza.es\/blog\/\"},{\"@type\":\"ListItem\",\"position\":2,\"name\":\"Participantes en La Noche de las Tiendas Creativas 2018\"}]},{\"@type\":\"WebSite\",\"@id\":\"http:\/\/madeinzaragoza.es\/blog\/#website\",\"url\":\"http:\/\/madeinzaragoza.es\/blog\/\",\"name\":\"Made in Zaragoza\",\"description\":\"Blog de MadeinZGZ, Red de Econom\u00eda Creativa de Zaragoza\",\"publisher\":{\"@id\":\"http:\/\/madeinzaragoza.es\/blog\/#organization\"},\"potentialAction\":[{\"@type\":\"SearchAction\",\"target\":{\"@type\":\"EntryPoint\",\"urlTemplate\":\"http:\/\/madeinzaragoza.es\/blog\/?s={search_term_string}\"},\"query-input\":\"required name=search_term_string\"}],\"inLanguage\":\"es\"},{\"@type\":\"Organization\",\"@id\":\"http:\/\/madeinzaragoza.es\/blog\/#organization\",\"name\":\"Made In Zaragoza\",\"url\":\"http:\/\/madeinzaragoza.es\/blog\/\",\"sameAs\":[\"https:\/\/www.instagram.com\/madeinzaragoza.es\/\",\"https:\/\/www.facebook.com\/madeinzaragoza.es\/\",\"https:\/\/twitter.com\/madeinzaragoza\"],\"logo\":{\"@type\":\"ImageObject\",\"inLanguage\":\"es\",\"@id\":\"http:\/\/madeinzaragoza.es\/blog\/#\/schema\/logo\/image\/\",\"url\":\"https:\/\/madeinzaragoza.es\/blog\/wp-content\/uploads\/2022\/05\/logo.png\",\"contentUrl\":\"https:\/\/madeinzaragoza.es\/blog\/wp-content\/uploads\/2022\/05\/logo.png\",\"width\":193,\"height\":176,\"caption\":\"Made In Zaragoza\"},\"image\":{\"@id\":\"http:\/\/madeinzaragoza.es\/blog\/#\/schema\/logo\/image\/\"}},{\"@type\":\"Person\",\"@id\":\"http:\/\/madeinzaragoza.es\/blog\/#\/schema\/person\/59f4073cf7e7bc2b2f33b48241478a32\",\"name\":\"MadeinZGZ\",\"image\":{\"@type\":\"ImageObject\",\"inLanguage\":\"es\",\"@id\":\"http:\/\/madeinzaragoza.es\/blog\/#\/schema\/person\/image\/\",\"url\":\"http:\/\/2.gravatar.com\/avatar\/23c2456a35687aa268b52997d8f142d1?s=96&d=mm&r=g\",\"contentUrl\":\"http:\/\/2.gravatar.com\/avatar\/23c2456a35687aa268b52997d8f142d1?s=96&d=mm&r=g\",\"caption\":\"MadeinZGZ\"},\"description\":\"Red de comercios y emprendedores creativos de Zaragoza impulsada por ZGZ Activa.\",\"sameAs\":[\"LasArmasZAC\",\"https:\/\/twitter.com\/madeinzaragoza\"],\"url\":\"http:\/\/madeinzaragoza.es\/blog\/author\/madeinzgz\/\"}]}<\/script>\n<!-- \/ Yoast SEO plugin. -->","yoast_head_json":{"title":"Participantes en La Noche de las Tiendas Creativas 2018 - Made in Zaragoza","robots":{"index":"index","follow":"follow","max-snippet":"max-snippet:-1","max-image-preview":"max-image-preview:large","max-video-preview":"max-video-preview:-1"},"canonical":"http:\/\/madeinzaragoza.es\/blog\/participantes-en-la-noche-de-las-tiendas-creativas-2018\/","og_locale":"es_ES","og_type":"article","og_title":"Participantes en La Noche de las Tiendas Creativas 2018 - Made in Zaragoza","og_description":"Desde la Madalena hasta el Gancho, pasando por la zona m\u00e1s cercana a la Plaza del Pilar, los\u00a0comercios m\u00e1s innovadores y creativos de Made in Zaragoza\u00a0ofrecer\u00e1n durante la V Noche de las Tiendas Creativas propuestas culturales, comerciales y art\u00edsticas de todo tipo. &nbsp; Adem\u00e1s, este a\u00f1o Made in Zaragoza\u00a0quiere premiar tu participaci\u00f3n en\u00a0La Noche de &hellip; Continuar leyendo \"Participantes en La Noche de las Tiendas Creativas 2018\"","og_url":"http:\/\/madeinzaragoza.es\/blog\/participantes-en-la-noche-de-las-tiendas-creativas-2018\/","og_site_name":"Made in Zaragoza","article_publisher":"https:\/\/www.facebook.com\/madeinzaragoza.es\/","article_author":"LasArmasZAC","article_published_time":"2018-05-16T15:24:47+00:00","article_modified_time":"2019-05-14T06:01:32+00:00","og_image":[{"width":1024,"height":576,"url":"http:\/\/madeinzaragoza.es\/blog\/wp-content\/uploads\/2018\/04\/facebook-tiendas-1024x576.png","type":"image\/png"}],"author":"MadeinZGZ","twitter_card":"summary","twitter_creator":"@madeinzaragoza","twitter_site":"@madeinzaragoza","twitter_misc":{"Escrito por":"MadeinZGZ","Tiempo de lectura":"17 minutos"},"schema":{"@context":"https:\/\/schema.org","@graph":[{"@type":"Article","@id":"http:\/\/madeinzaragoza.es\/blog\/participantes-en-la-noche-de-las-tiendas-creativas-2018\/#article","isPartOf":{"@id":"http:\/\/madeinzaragoza.es\/blog\/participantes-en-la-noche-de-las-tiendas-creativas-2018\/"},"author":{"name":"MadeinZGZ","@id":"http:\/\/madeinzaragoza.es\/blog\/#\/schema\/person\/59f4073cf7e7bc2b2f33b48241478a32"},"headline":"Participantes en La Noche de las Tiendas Creativas 2018","datePublished":"2018-05-16T15:24:47+00:00","dateModified":"2019-05-14T06:01:32+00:00","mainEntityOfPage":{"@id":"http:\/\/madeinzaragoza.es\/blog\/participantes-en-la-noche-de-las-tiendas-creativas-2018\/"},"wordCount":3353,"commentCount":0,"publisher":{"@id":"http:\/\/madeinzaragoza.es\/blog\/#organization"},"keywords":["tiendas creativas"],"articleSection":["Red MIZ","Tendencias"],"inLanguage":"es","potentialAction":[{"@type":"CommentAction","name":"Comment","target":["http:\/\/madeinzaragoza.es\/blog\/participantes-en-la-noche-de-las-tiendas-creativas-2018\/#respond"]}]},{"@type":"WebPage","@id":"http:\/\/madeinzaragoza.es\/blog\/participantes-en-la-noche-de-las-tiendas-creativas-2018\/","url":"http:\/\/madeinzaragoza.es\/blog\/participantes-en-la-noche-de-las-tiendas-creativas-2018\/","name":"Participantes en La Noche de las Tiendas Creativas 2018 - Made in Zaragoza","isPartOf":{"@id":"http:\/\/madeinzaragoza.es\/blog\/#website"},"datePublished":"2018-05-16T15:24:47+00:00","dateModified":"2019-05-14T06:01:32+00:00","breadcrumb":{"@id":"http:\/\/madeinzaragoza.es\/blog\/participantes-en-la-noche-de-las-tiendas-creativas-2018\/#breadcrumb"},"inLanguage":"es","potentialAction":[{"@type":"ReadAction","target":["http:\/\/madeinzaragoza.es\/blog\/participantes-en-la-noche-de-las-tiendas-creativas-2018\/"]}]},{"@type":"BreadcrumbList","@id":"http:\/\/madeinzaragoza.es\/blog\/participantes-en-la-noche-de-las-tiendas-creativas-2018\/#breadcrumb","itemListElement":[{"@type":"ListItem","position":1,"name":"Portada","item":"http:\/\/madeinzaragoza.es\/blog\/"},{"@type":"ListItem","position":2,"name":"Participantes en La Noche de las Tiendas Creativas 2018"}]},{"@type":"WebSite","@id":"http:\/\/madeinzaragoza.es\/blog\/#website","url":"http:\/\/madeinzaragoza.es\/blog\/","name":"Made in Zaragoza","description":"Blog de MadeinZGZ, Red de Econom\u00eda Creativa de Zaragoza","publisher":{"@id":"http:\/\/madeinzaragoza.es\/blog\/#organization"},"potentialAction":[{"@type":"SearchAction","target":{"@type":"EntryPoint","urlTemplate":"http:\/\/madeinzaragoza.es\/blog\/?s={search_term_string}"},"query-input":"required name=search_term_string"}],"inLanguage":"es"},{"@type":"Organization","@id":"http:\/\/madeinzaragoza.es\/blog\/#organization","name":"Made In Zaragoza","url":"http:\/\/madeinzaragoza.es\/blog\/","sameAs":["https:\/\/www.instagram.com\/madeinzaragoza.es\/","https:\/\/www.facebook.com\/madeinzaragoza.es\/","https:\/\/twitter.com\/madeinzaragoza"],"logo":{"@type":"ImageObject","inLanguage":"es","@id":"http:\/\/madeinzaragoza.es\/blog\/#\/schema\/logo\/image\/","url":"https:\/\/madeinzaragoza.es\/blog\/wp-content\/uploads\/2022\/05\/logo.png","contentUrl":"https:\/\/madeinzaragoza.es\/blog\/wp-content\/uploads\/2022\/05\/logo.png","width":193,"height":176,"caption":"Made In Zaragoza"},"image":{"@id":"http:\/\/madeinzaragoza.es\/blog\/#\/schema\/logo\/image\/"}},{"@type":"Person","@id":"http:\/\/madeinzaragoza.es\/blog\/#\/schema\/person\/59f4073cf7e7bc2b2f33b48241478a32","name":"MadeinZGZ","image":{"@type":"ImageObject","inLanguage":"es","@id":"http:\/\/madeinzaragoza.es\/blog\/#\/schema\/person\/image\/","url":"http:\/\/2.gravatar.com\/avatar\/23c2456a35687aa268b52997d8f142d1?s=96&d=mm&r=g","contentUrl":"http:\/\/2.gravatar.com\/avatar\/23c2456a35687aa268b52997d8f142d1?s=96&d=mm&r=g","caption":"MadeinZGZ"},"description":"Red de comercios y emprendedores creativos de Zaragoza impulsada por ZGZ Activa.","sameAs":["LasArmasZAC","https:\/\/twitter.com\/madeinzaragoza"],"url":"http:\/\/madeinzaragoza.es\/blog\/author\/madeinzgz\/"}]}},"_links":{"self":[{"href":"http:\/\/madeinzaragoza.es\/blog\/wp-json\/wp\/v2\/posts\/20111"}],"collection":[{"href":"http:\/\/madeinzaragoza.es\/blog\/wp-json\/wp\/v2\/posts"}],"about":[{"href":"http:\/\/madeinzaragoza.es\/blog\/wp-json\/wp\/v2\/types\/post"}],"author":[{"embeddable":true,"href":"http:\/\/madeinzaragoza.es\/blog\/wp-json\/wp\/v2\/users\/22"}],"replies":[{"embeddable":true,"href":"http:\/\/madeinzaragoza.es\/blog\/wp-json\/wp\/v2\/comments?post=20111"}],"version-history":[{"count":116,"href":"http:\/\/madeinzaragoza.es\/blog\/wp-json\/wp\/v2\/posts\/20111\/revisions"}],"predecessor-version":[{"id":20401,"href":"http:\/\/madeinzaragoza.es\/blog\/wp-json\/wp\/v2\/posts\/20111\/revisions\/20401"}],"wp:featuredmedia":[{"embeddable":true,"href":"http:\/\/madeinzaragoza.es\/blog\/wp-json\/wp\/v2\/media\/20126"}],"wp:attachment":[{"href":"http:\/\/madeinzaragoza.es\/blog\/wp-json\/wp\/v2\/media?parent=20111"}],"wp:term":[{"taxonomy":"category","embeddable":true,"href":"http:\/\/madeinzaragoza.es\/blog\/wp-json\/wp\/v2\/categories?post=20111"},{"taxonomy":"post_tag","embeddable":true,"href":"http:\/\/madeinzaragoza.es\/blog\/wp-json\/wp\/v2\/tags?post=20111"}],"curies":[{"name":"wp","href":"https:\/\/api.w.org\/{rel}","templated":true}]}}