{"id":18711,"date":"2017-12-27T13:32:42","date_gmt":"2017-12-27T12:32:42","guid":{"rendered":"http:\/\/madeinzaragoza.es\/blog\/?p=18711"},"modified":"2018-01-16T13:38:37","modified_gmt":"2018-01-16T12:38:37","slug":"la-mirada-critica-javier-joven-corner-educa","status":"publish","type":"post","link":"http:\/\/madeinzaragoza.es\/blog\/la-mirada-critica-javier-joven-corner-educa\/","title":{"rendered":"La mirada cr\u00edtica de Javier Joven en C\u00f3rner Educa"},"content":{"rendered":"<p>El pasado 18 de diciembre tuvo lugar la \u00faltima sesi\u00f3n de C\u00f3rner Educa, en ella, pudimos conocer y conversar con <a href=\"https:\/\/javijoven.com\/\">Javier Joven<\/a>, autor de la \u00faltima intervenci\u00f3n art\u00edstica realizada dentro del proyecto <a href=\"http:\/\/madeinzaragoza.es\/blog\/el-corner-miz-y-otros-espacios-de-conexion-cultural\/\">C\u00f3rner MIZ<\/a>, que promueve la realizaci\u00f3n de obras de arte en un espacio de tr\u00e1nsito.<\/p>\n<p><img loading=\"lazy\" decoding=\"async\" class=\"alignnone wp-image-18712 size-full\" src=\"http:\/\/madeinzaragoza.es\/blog\/wp-content\/uploads\/2018\/01\/javi-joven-1.jpg\" alt=\"\" width=\"1600\" height=\"1200\" srcset=\"http:\/\/madeinzaragoza.es\/blog\/wp-content\/uploads\/2018\/01\/javi-joven-1.jpg 1600w, http:\/\/madeinzaragoza.es\/blog\/wp-content\/uploads\/2018\/01\/javi-joven-1-300x225.jpg 300w, http:\/\/madeinzaragoza.es\/blog\/wp-content\/uploads\/2018\/01\/javi-joven-1-768x576.jpg 768w, http:\/\/madeinzaragoza.es\/blog\/wp-content\/uploads\/2018\/01\/javi-joven-1-1024x768.jpg 1024w, http:\/\/madeinzaragoza.es\/blog\/wp-content\/uploads\/2018\/01\/javi-joven-1-1200x900.jpg 1200w\" sizes=\"(max-width: 709px) 85vw, (max-width: 909px) 67vw, (max-width: 1362px) 62vw, 840px\" \/><\/p>\n<p>En la jornada tuvimos como grupo participante a alumnos de ESO del <a href=\"http:\/\/www.ieselpicarral.com\/\">IES Picarral<\/a>, cuyo contacto con el arte contempor\u00e1neo hab\u00eda sido hasta la fecha poco frecuente. En una primera parte de la sesi\u00f3n, reflexionamos con ellos acerca de c\u00f3mo percibimos obras de arte que <em>a priori<\/em> parecen no representar nada concreto, obras abstractas o de arte conceptual. Los chicos y chicas del IES Picarral tra\u00edan la idea habitual acerca del arte contempor\u00e1neo, seg\u00fan la cual \u00e9ste es muy dif\u00edcil de entender o est\u00e1 hecho solo para entendidos. Sin embargo, ellos mismos, mediante las preguntas que les hicimos fueron d\u00e1ndose cuenta de la posibilidad de entender mejor el arte de nuestro tiempo,que el generado en otros momentos de la historia.<\/p>\n<p><img loading=\"lazy\" decoding=\"async\" class=\"alignnone size-full wp-image-18714\" src=\"http:\/\/madeinzaragoza.es\/blog\/wp-content\/uploads\/2018\/01\/javijoven3.jpg\" alt=\"\" width=\"1599\" height=\"440\" srcset=\"http:\/\/madeinzaragoza.es\/blog\/wp-content\/uploads\/2018\/01\/javijoven3.jpg 1599w, http:\/\/madeinzaragoza.es\/blog\/wp-content\/uploads\/2018\/01\/javijoven3-300x83.jpg 300w, http:\/\/madeinzaragoza.es\/blog\/wp-content\/uploads\/2018\/01\/javijoven3-768x211.jpg 768w, http:\/\/madeinzaragoza.es\/blog\/wp-content\/uploads\/2018\/01\/javijoven3-1024x282.jpg 1024w, http:\/\/madeinzaragoza.es\/blog\/wp-content\/uploads\/2018\/01\/javijoven3-1200x330.jpg 1200w\" sizes=\"(max-width: 709px) 85vw, (max-width: 909px) 67vw, (max-width: 1362px) 62vw, 840px\" \/><\/p>\n<p>Para culminar con esa idea, pasamos a la segunda parte de la actividad, la que da sentido al proyecto: el contacto directo con el artista, la persona que llevada por su pulsi\u00f3n creativa realiza una obra de arte que todos podemos disfrutar. La intervenci\u00f3n realizada por Javier Joven, titulada <em>\u00bfQu\u00e9 es lo que hace que los hogares espa\u00f1oles sean tan diferentes, tan atractivos?<\/em> y que est\u00e1 inspirada en la ic\u00f3nica obra del artista americano Richard Hamilton que supuso el inicio del Arte Pop, gener\u00f3 multitud de interpretaciones y preguntas entre los chicos y chicas.<\/p>\n<p>El mural, en el que el artista utiliza la pintura como cr\u00edtica a la situaci\u00f3n sociopol\u00edtica actual de nuestro pa\u00eds y ha recurrido a los principales s\u00edmbolos e iconos populares del pa\u00eds y de nuestra sociedad actual, fue una demostraci\u00f3n perfecta de c\u00f3mo, si nos paramos y pensamos, somos capaces de acercarnos al arte contempor\u00e1neo. Una obra de arte que nos habla de nosotros mismos, de nuestra sociedad y nuestras costumbres, del papel del hombre y la mujer en el \u00e1mbito privado y en el p\u00fablico, de nuestro car\u00e1cter narcisista, de los medios y sus formas de mutar para captar nuestra atenci\u00f3n&#8230;.<\/p>\n<p>Se produjo un di\u00e1logo muy valioso entre el artista y el grupo, que seguro hizo que los chicos y chicas siguieran pensando en las ideas tratadas durante unos d\u00edas, y que sucedi\u00f3 gracias a la labor de un artista, cuya pintura no s\u00f3lo sirve para llenar un espacio, si no para cuestionarnos ideas y pensamientos, y en definitiva para entender mejor el mundo en el que vivimos<\/p>\n","protected":false},"excerpt":{"rendered":"<p>El pasado 18 de diciembre tuvo lugar la \u00faltima sesi\u00f3n de C\u00f3rner Educa, en ella, pudimos conocer y conversar con Javier Joven, autor de la \u00faltima intervenci\u00f3n art\u00edstica realizada dentro del proyecto C\u00f3rner MIZ, que promueve la realizaci\u00f3n de obras de arte en un espacio de tr\u00e1nsito. En la jornada tuvimos como grupo participante a &hellip; <a href=\"http:\/\/madeinzaragoza.es\/blog\/la-mirada-critica-javier-joven-corner-educa\/\" class=\"more-link\">Continuar leyendo<span class=\"screen-reader-text\"> \u00abLa mirada cr\u00edtica de Javier Joven en C\u00f3rner Educa\u00bb<\/span><\/a><\/p>\n","protected":false},"author":51,"featured_media":18713,"comment_status":"open","ping_status":"open","sticky":false,"template":"","format":"standard","meta":{"footnotes":""},"categories":[831],"tags":[],"yoast_head":"<!-- This site is optimized with the Yoast SEO plugin v19.7.2 - https:\/\/yoast.com\/wordpress\/plugins\/seo\/ -->\n<title>La mirada cr\u00edtica de Javier Joven en C\u00f3rner Educa - Made in Zaragoza<\/title>\n<meta name=\"robots\" content=\"index, follow, max-snippet:-1, max-image-preview:large, max-video-preview:-1\" \/>\n<link rel=\"canonical\" href=\"http:\/\/madeinzaragoza.es\/blog\/la-mirada-critica-javier-joven-corner-educa\/\" \/>\n<meta property=\"og:locale\" content=\"es_ES\" \/>\n<meta property=\"og:type\" content=\"article\" \/>\n<meta property=\"og:title\" content=\"La mirada cr\u00edtica de Javier Joven en C\u00f3rner Educa - Made in Zaragoza\" \/>\n<meta property=\"og:description\" content=\"El pasado 18 de diciembre tuvo lugar la \u00faltima sesi\u00f3n de C\u00f3rner Educa, en ella, pudimos conocer y conversar con Javier Joven, autor de la \u00faltima intervenci\u00f3n art\u00edstica realizada dentro del proyecto C\u00f3rner MIZ, que promueve la realizaci\u00f3n de obras de arte en un espacio de tr\u00e1nsito. En la jornada tuvimos como grupo participante a &hellip; Continuar leyendo &quot;La mirada cr\u00edtica de Javier Joven en C\u00f3rner Educa&quot;\" \/>\n<meta property=\"og:url\" content=\"http:\/\/madeinzaragoza.es\/blog\/la-mirada-critica-javier-joven-corner-educa\/\" \/>\n<meta property=\"og:site_name\" content=\"Made in Zaragoza\" \/>\n<meta property=\"article:publisher\" content=\"https:\/\/www.facebook.com\/madeinzaragoza.es\/\" \/>\n<meta property=\"article:published_time\" content=\"2017-12-27T12:32:42+00:00\" \/>\n<meta property=\"article:modified_time\" content=\"2018-01-16T12:38:37+00:00\" \/>\n<meta property=\"og:image\" content=\"http:\/\/madeinzaragoza.es\/blog\/wp-content\/uploads\/2018\/01\/javijoven2.jpg\" \/>\n\t<meta property=\"og:image:width\" content=\"1600\" \/>\n\t<meta property=\"og:image:height\" content=\"1200\" \/>\n\t<meta property=\"og:image:type\" content=\"image\/jpeg\" \/>\n<meta name=\"author\" content=\"Elena del Diego\" \/>\n<meta name=\"twitter:card\" content=\"summary\" \/>\n<meta name=\"twitter:creator\" content=\"@madeinzaragoza\" \/>\n<meta name=\"twitter:site\" content=\"@madeinzaragoza\" \/>\n<meta name=\"twitter:label1\" content=\"Escrito por\" \/>\n\t<meta name=\"twitter:data1\" content=\"Elena del Diego\" \/>\n\t<meta name=\"twitter:label2\" content=\"Tiempo de lectura\" \/>\n\t<meta name=\"twitter:data2\" content=\"2 minutos\" \/>\n<script type=\"application\/ld+json\" class=\"yoast-schema-graph\">{\"@context\":\"https:\/\/schema.org\",\"@graph\":[{\"@type\":\"Article\",\"@id\":\"http:\/\/madeinzaragoza.es\/blog\/la-mirada-critica-javier-joven-corner-educa\/#article\",\"isPartOf\":{\"@id\":\"http:\/\/madeinzaragoza.es\/blog\/la-mirada-critica-javier-joven-corner-educa\/\"},\"author\":{\"name\":\"Elena del Diego\",\"@id\":\"http:\/\/madeinzaragoza.es\/blog\/#\/schema\/person\/20d838fcfa5940394c113a5fff8a4a3e\"},\"headline\":\"La mirada cr\u00edtica de Javier Joven en C\u00f3rner Educa\",\"datePublished\":\"2017-12-27T12:32:42+00:00\",\"dateModified\":\"2018-01-16T12:38:37+00:00\",\"mainEntityOfPage\":{\"@id\":\"http:\/\/madeinzaragoza.es\/blog\/la-mirada-critica-javier-joven-corner-educa\/\"},\"wordCount\":476,\"commentCount\":0,\"publisher\":{\"@id\":\"http:\/\/madeinzaragoza.es\/blog\/#organization\"},\"articleSection\":[\"CornerMIZ\"],\"inLanguage\":\"es\",\"potentialAction\":[{\"@type\":\"CommentAction\",\"name\":\"Comment\",\"target\":[\"http:\/\/madeinzaragoza.es\/blog\/la-mirada-critica-javier-joven-corner-educa\/#respond\"]}]},{\"@type\":\"WebPage\",\"@id\":\"http:\/\/madeinzaragoza.es\/blog\/la-mirada-critica-javier-joven-corner-educa\/\",\"url\":\"http:\/\/madeinzaragoza.es\/blog\/la-mirada-critica-javier-joven-corner-educa\/\",\"name\":\"La mirada cr\u00edtica de Javier Joven en C\u00f3rner Educa - Made in Zaragoza\",\"isPartOf\":{\"@id\":\"http:\/\/madeinzaragoza.es\/blog\/#website\"},\"datePublished\":\"2017-12-27T12:32:42+00:00\",\"dateModified\":\"2018-01-16T12:38:37+00:00\",\"breadcrumb\":{\"@id\":\"http:\/\/madeinzaragoza.es\/blog\/la-mirada-critica-javier-joven-corner-educa\/#breadcrumb\"},\"inLanguage\":\"es\",\"potentialAction\":[{\"@type\":\"ReadAction\",\"target\":[\"http:\/\/madeinzaragoza.es\/blog\/la-mirada-critica-javier-joven-corner-educa\/\"]}]},{\"@type\":\"BreadcrumbList\",\"@id\":\"http:\/\/madeinzaragoza.es\/blog\/la-mirada-critica-javier-joven-corner-educa\/#breadcrumb\",\"itemListElement\":[{\"@type\":\"ListItem\",\"position\":1,\"name\":\"Portada\",\"item\":\"http:\/\/madeinzaragoza.es\/blog\/\"},{\"@type\":\"ListItem\",\"position\":2,\"name\":\"La mirada cr\u00edtica de Javier Joven en C\u00f3rner Educa\"}]},{\"@type\":\"WebSite\",\"@id\":\"http:\/\/madeinzaragoza.es\/blog\/#website\",\"url\":\"http:\/\/madeinzaragoza.es\/blog\/\",\"name\":\"Made in Zaragoza\",\"description\":\"Blog de MadeinZGZ, Red de Econom\u00eda Creativa de Zaragoza\",\"publisher\":{\"@id\":\"http:\/\/madeinzaragoza.es\/blog\/#organization\"},\"potentialAction\":[{\"@type\":\"SearchAction\",\"target\":{\"@type\":\"EntryPoint\",\"urlTemplate\":\"http:\/\/madeinzaragoza.es\/blog\/?s={search_term_string}\"},\"query-input\":\"required name=search_term_string\"}],\"inLanguage\":\"es\"},{\"@type\":\"Organization\",\"@id\":\"http:\/\/madeinzaragoza.es\/blog\/#organization\",\"name\":\"Made In Zaragoza\",\"url\":\"http:\/\/madeinzaragoza.es\/blog\/\",\"sameAs\":[\"https:\/\/www.instagram.com\/madeinzaragoza.es\/\",\"https:\/\/www.facebook.com\/madeinzaragoza.es\/\",\"https:\/\/twitter.com\/madeinzaragoza\"],\"logo\":{\"@type\":\"ImageObject\",\"inLanguage\":\"es\",\"@id\":\"http:\/\/madeinzaragoza.es\/blog\/#\/schema\/logo\/image\/\",\"url\":\"https:\/\/madeinzaragoza.es\/blog\/wp-content\/uploads\/2022\/05\/logo.png\",\"contentUrl\":\"https:\/\/madeinzaragoza.es\/blog\/wp-content\/uploads\/2022\/05\/logo.png\",\"width\":193,\"height\":176,\"caption\":\"Made In Zaragoza\"},\"image\":{\"@id\":\"http:\/\/madeinzaragoza.es\/blog\/#\/schema\/logo\/image\/\"}},{\"@type\":\"Person\",\"@id\":\"http:\/\/madeinzaragoza.es\/blog\/#\/schema\/person\/20d838fcfa5940394c113a5fff8a4a3e\",\"name\":\"Elena del Diego\",\"image\":{\"@type\":\"ImageObject\",\"inLanguage\":\"es\",\"@id\":\"http:\/\/madeinzaragoza.es\/blog\/#\/schema\/person\/image\/\",\"url\":\"http:\/\/2.gravatar.com\/avatar\/ba5567feee512c7ca05679efd940cc4d?s=96&d=mm&r=g\",\"contentUrl\":\"http:\/\/2.gravatar.com\/avatar\/ba5567feee512c7ca05679efd940cc4d?s=96&d=mm&r=g\",\"caption\":\"Elena del Diego\"},\"url\":\"http:\/\/madeinzaragoza.es\/blog\/author\/elena-del-diego\/\"}]}<\/script>\n<!-- \/ Yoast SEO plugin. -->","yoast_head_json":{"title":"La mirada cr\u00edtica de Javier Joven en C\u00f3rner Educa - Made in Zaragoza","robots":{"index":"index","follow":"follow","max-snippet":"max-snippet:-1","max-image-preview":"max-image-preview:large","max-video-preview":"max-video-preview:-1"},"canonical":"http:\/\/madeinzaragoza.es\/blog\/la-mirada-critica-javier-joven-corner-educa\/","og_locale":"es_ES","og_type":"article","og_title":"La mirada cr\u00edtica de Javier Joven en C\u00f3rner Educa - Made in Zaragoza","og_description":"El pasado 18 de diciembre tuvo lugar la \u00faltima sesi\u00f3n de C\u00f3rner Educa, en ella, pudimos conocer y conversar con Javier Joven, autor de la \u00faltima intervenci\u00f3n art\u00edstica realizada dentro del proyecto C\u00f3rner MIZ, que promueve la realizaci\u00f3n de obras de arte en un espacio de tr\u00e1nsito. En la jornada tuvimos como grupo participante a &hellip; Continuar leyendo \"La mirada cr\u00edtica de Javier Joven en C\u00f3rner Educa\"","og_url":"http:\/\/madeinzaragoza.es\/blog\/la-mirada-critica-javier-joven-corner-educa\/","og_site_name":"Made in Zaragoza","article_publisher":"https:\/\/www.facebook.com\/madeinzaragoza.es\/","article_published_time":"2017-12-27T12:32:42+00:00","article_modified_time":"2018-01-16T12:38:37+00:00","og_image":[{"width":1600,"height":1200,"url":"http:\/\/madeinzaragoza.es\/blog\/wp-content\/uploads\/2018\/01\/javijoven2.jpg","type":"image\/jpeg"}],"author":"Elena del Diego","twitter_card":"summary","twitter_creator":"@madeinzaragoza","twitter_site":"@madeinzaragoza","twitter_misc":{"Escrito por":"Elena del Diego","Tiempo de lectura":"2 minutos"},"schema":{"@context":"https:\/\/schema.org","@graph":[{"@type":"Article","@id":"http:\/\/madeinzaragoza.es\/blog\/la-mirada-critica-javier-joven-corner-educa\/#article","isPartOf":{"@id":"http:\/\/madeinzaragoza.es\/blog\/la-mirada-critica-javier-joven-corner-educa\/"},"author":{"name":"Elena del Diego","@id":"http:\/\/madeinzaragoza.es\/blog\/#\/schema\/person\/20d838fcfa5940394c113a5fff8a4a3e"},"headline":"La mirada cr\u00edtica de Javier Joven en C\u00f3rner Educa","datePublished":"2017-12-27T12:32:42+00:00","dateModified":"2018-01-16T12:38:37+00:00","mainEntityOfPage":{"@id":"http:\/\/madeinzaragoza.es\/blog\/la-mirada-critica-javier-joven-corner-educa\/"},"wordCount":476,"commentCount":0,"publisher":{"@id":"http:\/\/madeinzaragoza.es\/blog\/#organization"},"articleSection":["CornerMIZ"],"inLanguage":"es","potentialAction":[{"@type":"CommentAction","name":"Comment","target":["http:\/\/madeinzaragoza.es\/blog\/la-mirada-critica-javier-joven-corner-educa\/#respond"]}]},{"@type":"WebPage","@id":"http:\/\/madeinzaragoza.es\/blog\/la-mirada-critica-javier-joven-corner-educa\/","url":"http:\/\/madeinzaragoza.es\/blog\/la-mirada-critica-javier-joven-corner-educa\/","name":"La mirada cr\u00edtica de Javier Joven en C\u00f3rner Educa - Made in Zaragoza","isPartOf":{"@id":"http:\/\/madeinzaragoza.es\/blog\/#website"},"datePublished":"2017-12-27T12:32:42+00:00","dateModified":"2018-01-16T12:38:37+00:00","breadcrumb":{"@id":"http:\/\/madeinzaragoza.es\/blog\/la-mirada-critica-javier-joven-corner-educa\/#breadcrumb"},"inLanguage":"es","potentialAction":[{"@type":"ReadAction","target":["http:\/\/madeinzaragoza.es\/blog\/la-mirada-critica-javier-joven-corner-educa\/"]}]},{"@type":"BreadcrumbList","@id":"http:\/\/madeinzaragoza.es\/blog\/la-mirada-critica-javier-joven-corner-educa\/#breadcrumb","itemListElement":[{"@type":"ListItem","position":1,"name":"Portada","item":"http:\/\/madeinzaragoza.es\/blog\/"},{"@type":"ListItem","position":2,"name":"La mirada cr\u00edtica de Javier Joven en C\u00f3rner Educa"}]},{"@type":"WebSite","@id":"http:\/\/madeinzaragoza.es\/blog\/#website","url":"http:\/\/madeinzaragoza.es\/blog\/","name":"Made in Zaragoza","description":"Blog de MadeinZGZ, Red de Econom\u00eda Creativa de Zaragoza","publisher":{"@id":"http:\/\/madeinzaragoza.es\/blog\/#organization"},"potentialAction":[{"@type":"SearchAction","target":{"@type":"EntryPoint","urlTemplate":"http:\/\/madeinzaragoza.es\/blog\/?s={search_term_string}"},"query-input":"required name=search_term_string"}],"inLanguage":"es"},{"@type":"Organization","@id":"http:\/\/madeinzaragoza.es\/blog\/#organization","name":"Made In Zaragoza","url":"http:\/\/madeinzaragoza.es\/blog\/","sameAs":["https:\/\/www.instagram.com\/madeinzaragoza.es\/","https:\/\/www.facebook.com\/madeinzaragoza.es\/","https:\/\/twitter.com\/madeinzaragoza"],"logo":{"@type":"ImageObject","inLanguage":"es","@id":"http:\/\/madeinzaragoza.es\/blog\/#\/schema\/logo\/image\/","url":"https:\/\/madeinzaragoza.es\/blog\/wp-content\/uploads\/2022\/05\/logo.png","contentUrl":"https:\/\/madeinzaragoza.es\/blog\/wp-content\/uploads\/2022\/05\/logo.png","width":193,"height":176,"caption":"Made In Zaragoza"},"image":{"@id":"http:\/\/madeinzaragoza.es\/blog\/#\/schema\/logo\/image\/"}},{"@type":"Person","@id":"http:\/\/madeinzaragoza.es\/blog\/#\/schema\/person\/20d838fcfa5940394c113a5fff8a4a3e","name":"Elena del Diego","image":{"@type":"ImageObject","inLanguage":"es","@id":"http:\/\/madeinzaragoza.es\/blog\/#\/schema\/person\/image\/","url":"http:\/\/2.gravatar.com\/avatar\/ba5567feee512c7ca05679efd940cc4d?s=96&d=mm&r=g","contentUrl":"http:\/\/2.gravatar.com\/avatar\/ba5567feee512c7ca05679efd940cc4d?s=96&d=mm&r=g","caption":"Elena del Diego"},"url":"http:\/\/madeinzaragoza.es\/blog\/author\/elena-del-diego\/"}]}},"_links":{"self":[{"href":"http:\/\/madeinzaragoza.es\/blog\/wp-json\/wp\/v2\/posts\/18711"}],"collection":[{"href":"http:\/\/madeinzaragoza.es\/blog\/wp-json\/wp\/v2\/posts"}],"about":[{"href":"http:\/\/madeinzaragoza.es\/blog\/wp-json\/wp\/v2\/types\/post"}],"author":[{"embeddable":true,"href":"http:\/\/madeinzaragoza.es\/blog\/wp-json\/wp\/v2\/users\/51"}],"replies":[{"embeddable":true,"href":"http:\/\/madeinzaragoza.es\/blog\/wp-json\/wp\/v2\/comments?post=18711"}],"version-history":[{"count":4,"href":"http:\/\/madeinzaragoza.es\/blog\/wp-json\/wp\/v2\/posts\/18711\/revisions"}],"predecessor-version":[{"id":18719,"href":"http:\/\/madeinzaragoza.es\/blog\/wp-json\/wp\/v2\/posts\/18711\/revisions\/18719"}],"wp:featuredmedia":[{"embeddable":true,"href":"http:\/\/madeinzaragoza.es\/blog\/wp-json\/wp\/v2\/media\/18713"}],"wp:attachment":[{"href":"http:\/\/madeinzaragoza.es\/blog\/wp-json\/wp\/v2\/media?parent=18711"}],"wp:term":[{"taxonomy":"category","embeddable":true,"href":"http:\/\/madeinzaragoza.es\/blog\/wp-json\/wp\/v2\/categories?post=18711"},{"taxonomy":"post_tag","embeddable":true,"href":"http:\/\/madeinzaragoza.es\/blog\/wp-json\/wp\/v2\/tags?post=18711"}],"curies":[{"name":"wp","href":"https:\/\/api.w.org\/{rel}","templated":true}]}}