{"id":18646,"date":"2017-12-11T13:31:40","date_gmt":"2017-12-11T12:31:40","guid":{"rendered":"http:\/\/madeinzaragoza.es\/blog\/?p=18646"},"modified":"2018-01-04T13:32:27","modified_gmt":"2018-01-04T12:32:27","slug":"la-geometria-color-pablo-perez-palacio-corner-educa","status":"publish","type":"post","link":"http:\/\/madeinzaragoza.es\/blog\/la-geometria-color-pablo-perez-palacio-corner-educa\/","title":{"rendered":"La geometr\u00eda y el color de Pablo P\u00e9rez Palacio en C\u00f3rner Educa"},"content":{"rendered":"<div dir=\"auto\"><span class=\"il\">Como es habitual, durante la intervenci\u00f3n que cada artista realiza dentro del proyecto <a href=\"http:\/\/madeinzaragoza.es\/blog\/5o-aniversario-corner-miz\/\">Corner MIZ<\/a>, se propicia un di\u00e1logo directo entre \u00e9ste y un grupo educativo, de forma que los chicos y chicas de nuestra ciudad, tengan la oportunidad de conocer de primera mano a un artista y su forma de enfrentarse a la creaci\u00f3n art\u00edstica.<\/span><\/div>\n<div dir=\"auto\">\u00a0<img loading=\"lazy\" decoding=\"async\" class=\"alignnone size-full wp-image-18649\" src=\"http:\/\/madeinzaragoza.es\/blog\/wp-content\/uploads\/2018\/01\/pablo.jpg\" alt=\"\" width=\"1357\" height=\"777\" srcset=\"http:\/\/madeinzaragoza.es\/blog\/wp-content\/uploads\/2018\/01\/pablo.jpg 1357w, http:\/\/madeinzaragoza.es\/blog\/wp-content\/uploads\/2018\/01\/pablo-300x172.jpg 300w, http:\/\/madeinzaragoza.es\/blog\/wp-content\/uploads\/2018\/01\/pablo-768x440.jpg 768w, http:\/\/madeinzaragoza.es\/blog\/wp-content\/uploads\/2018\/01\/pablo-1024x586.jpg 1024w, http:\/\/madeinzaragoza.es\/blog\/wp-content\/uploads\/2018\/01\/pablo-1200x687.jpg 1200w\" sizes=\"(max-width: 709px) 85vw, (max-width: 909px) 67vw, (max-width: 1362px) 62vw, 840px\" \/><\/div>\n<div dir=\"auto\"><\/div>\n<div dir=\"auto\"><span class=\"il\">En la sesi\u00f3n de C\u00f3rner Educa en la que tuvimos el lujo de conversar con <a href=\"http:\/\/www.pabloperezpalacio.com\/\">Pablo P\u00e9rez Palacio<\/a><\/span>\u00a0 y alumnos de Educaci\u00f3n Secundaria del Colegio La Pur\u00edsima y San Antonio, el artista nos hablo de su obra, de c\u00f3mo el azul representaba el ser y el negro los conflictos que le rodean que lo van cercando.<\/div>\n<div dir=\"auto\"><\/div>\n<div dir=\"auto\">Pablo realiz\u00f3 un paralelismo, explic\u00e1ndonos que la creaci\u00f3n de su obra hablaba de momentos en los que queremos hacer algo, y los miedos, las obligaciones&#8230;nos acaban cercando y nos impiden realizar lo que en verdad deseamos, nos paralizan.<\/div>\n<div dir=\"auto\">\u00a0<strong><img loading=\"lazy\" decoding=\"async\" class=\"alignnone size-full wp-image-18648\" src=\"http:\/\/madeinzaragoza.es\/blog\/wp-content\/uploads\/2018\/01\/pablo-perez-blog-1613.jpg\" alt=\"\" width=\"1613\" height=\"1210\" srcset=\"http:\/\/madeinzaragoza.es\/blog\/wp-content\/uploads\/2018\/01\/pablo-perez-blog-1613.jpg 1613w, http:\/\/madeinzaragoza.es\/blog\/wp-content\/uploads\/2018\/01\/pablo-perez-blog-1613-300x225.jpg 300w, http:\/\/madeinzaragoza.es\/blog\/wp-content\/uploads\/2018\/01\/pablo-perez-blog-1613-768x576.jpg 768w, http:\/\/madeinzaragoza.es\/blog\/wp-content\/uploads\/2018\/01\/pablo-perez-blog-1613-1024x768.jpg 1024w, http:\/\/madeinzaragoza.es\/blog\/wp-content\/uploads\/2018\/01\/pablo-perez-blog-1613-1200x900.jpg 1200w\" sizes=\"(max-width: 709px) 85vw, (max-width: 909px) 67vw, (max-width: 1362px) 62vw, 840px\" \/><\/strong><\/div>\n<div dir=\"auto\"><\/div>\n<div dir=\"auto\">Los alumnos se interesaron por todos los s\u00edmbolos y el discurso que se puede crear a trav\u00e9s simplemente de figuras geom\u00e9tricas, as\u00ed como el hecho de que todo, hasta el \u00faltimo detalle, est\u00e1 previsto y meditado, tal y como se mostr\u00f3 en el desarrollo del proceso, que <a href=\"http:\/\/www.pabloperezpalacio.com\/\">Pablo P\u00e9rez Palacio<\/a> expuso tambi\u00e9n durante su intervenci\u00f3n, queriendo dar visibilidad de esta forma a todo el proceso reflexivo, de estudio y escritura, que precede al momento de comenzar a pintar.<\/div>\n<div dir=\"auto\"><\/div>\n<div dir=\"auto\">Los chicos y chicas del grupo se mostraron sorprendidos por la cantidad de apuntes, filosof\u00eda,pensamientos que hay detr\u00e1s de una obra que ellos hab\u00edan imaginado m\u00e1s espont\u00e1nea, pero que en este caso, al artista , la geometr\u00eda le ayudaba \u00aba centrar sus pensamientos a veces tan dispersos\u00bb, seg\u00fan sus propias palabras.<\/div>\n<div dir=\"auto\"><\/div>\n<div dir=\"auto\">Fue todo un lujo favorecer y presenciar este di\u00e1logo, resultado de la generosidad de artistas como Pablo, que se esfuerzan en transmitir de una forma honesta y sencilla su pulsi\u00f3n creativa.<\/div>\n<div dir=\"auto\"><\/div>\n<div dir=\"auto\"><\/div>\n","protected":false},"excerpt":{"rendered":"<p>Como es habitual, durante la intervenci\u00f3n que cada artista realiza dentro del proyecto Corner MIZ, se propicia un di\u00e1logo directo entre \u00e9ste y un grupo educativo, de forma que los chicos y chicas de nuestra ciudad, tengan la oportunidad de conocer de primera mano a un artista y su forma de enfrentarse a la creaci\u00f3n &hellip; <a href=\"http:\/\/madeinzaragoza.es\/blog\/la-geometria-color-pablo-perez-palacio-corner-educa\/\" class=\"more-link\">Continuar leyendo<span class=\"screen-reader-text\"> \u00abLa geometr\u00eda y el color de Pablo P\u00e9rez Palacio en C\u00f3rner Educa\u00bb<\/span><\/a><\/p>\n","protected":false},"author":51,"featured_media":18647,"comment_status":"open","ping_status":"open","sticky":false,"template":"","format":"standard","meta":{"footnotes":""},"categories":[831],"tags":[],"yoast_head":"<!-- This site is optimized with the Yoast SEO plugin v19.7.2 - https:\/\/yoast.com\/wordpress\/plugins\/seo\/ -->\n<title>La geometr\u00eda y el color de Pablo P\u00e9rez Palacio en C\u00f3rner Educa - Made in Zaragoza<\/title>\n<meta name=\"robots\" content=\"index, follow, max-snippet:-1, max-image-preview:large, max-video-preview:-1\" \/>\n<link rel=\"canonical\" href=\"http:\/\/madeinzaragoza.es\/blog\/la-geometria-color-pablo-perez-palacio-corner-educa\/\" \/>\n<meta property=\"og:locale\" content=\"es_ES\" \/>\n<meta property=\"og:type\" content=\"article\" \/>\n<meta property=\"og:title\" content=\"La geometr\u00eda y el color de Pablo P\u00e9rez Palacio en C\u00f3rner Educa - Made in Zaragoza\" \/>\n<meta property=\"og:description\" content=\"Como es habitual, durante la intervenci\u00f3n que cada artista realiza dentro del proyecto Corner MIZ, se propicia un di\u00e1logo directo entre \u00e9ste y un grupo educativo, de forma que los chicos y chicas de nuestra ciudad, tengan la oportunidad de conocer de primera mano a un artista y su forma de enfrentarse a la creaci\u00f3n &hellip; Continuar leyendo &quot;La geometr\u00eda y el color de Pablo P\u00e9rez Palacio en C\u00f3rner Educa&quot;\" \/>\n<meta property=\"og:url\" content=\"http:\/\/madeinzaragoza.es\/blog\/la-geometria-color-pablo-perez-palacio-corner-educa\/\" \/>\n<meta property=\"og:site_name\" content=\"Made in Zaragoza\" \/>\n<meta property=\"article:publisher\" content=\"https:\/\/www.facebook.com\/madeinzaragoza.es\/\" \/>\n<meta property=\"article:published_time\" content=\"2017-12-11T12:31:40+00:00\" \/>\n<meta property=\"article:modified_time\" content=\"2018-01-04T12:32:27+00:00\" \/>\n<meta property=\"og:image\" content=\"http:\/\/madeinzaragoza.es\/blog\/wp-content\/uploads\/2018\/01\/pablo-perez-blog-1600-e1515068526137.jpg\" \/>\n\t<meta property=\"og:image:width\" content=\"1613\" \/>\n\t<meta property=\"og:image:height\" content=\"822\" \/>\n\t<meta property=\"og:image:type\" content=\"image\/jpeg\" \/>\n<meta name=\"author\" content=\"Elena del Diego\" \/>\n<meta name=\"twitter:card\" content=\"summary\" \/>\n<meta name=\"twitter:creator\" content=\"@madeinzaragoza\" \/>\n<meta name=\"twitter:site\" content=\"@madeinzaragoza\" \/>\n<meta name=\"twitter:label1\" content=\"Escrito por\" \/>\n\t<meta name=\"twitter:data1\" content=\"Elena del Diego\" \/>\n\t<meta name=\"twitter:label2\" content=\"Tiempo de lectura\" \/>\n\t<meta name=\"twitter:data2\" content=\"2 minutos\" \/>\n<script type=\"application\/ld+json\" class=\"yoast-schema-graph\">{\"@context\":\"https:\/\/schema.org\",\"@graph\":[{\"@type\":\"Article\",\"@id\":\"http:\/\/madeinzaragoza.es\/blog\/la-geometria-color-pablo-perez-palacio-corner-educa\/#article\",\"isPartOf\":{\"@id\":\"http:\/\/madeinzaragoza.es\/blog\/la-geometria-color-pablo-perez-palacio-corner-educa\/\"},\"author\":{\"name\":\"Elena del Diego\",\"@id\":\"http:\/\/madeinzaragoza.es\/blog\/#\/schema\/person\/20d838fcfa5940394c113a5fff8a4a3e\"},\"headline\":\"La geometr\u00eda y el color de Pablo P\u00e9rez Palacio en C\u00f3rner Educa\",\"datePublished\":\"2017-12-11T12:31:40+00:00\",\"dateModified\":\"2018-01-04T12:32:27+00:00\",\"mainEntityOfPage\":{\"@id\":\"http:\/\/madeinzaragoza.es\/blog\/la-geometria-color-pablo-perez-palacio-corner-educa\/\"},\"wordCount\":353,\"commentCount\":0,\"publisher\":{\"@id\":\"http:\/\/madeinzaragoza.es\/blog\/#organization\"},\"articleSection\":[\"CornerMIZ\"],\"inLanguage\":\"es\",\"potentialAction\":[{\"@type\":\"CommentAction\",\"name\":\"Comment\",\"target\":[\"http:\/\/madeinzaragoza.es\/blog\/la-geometria-color-pablo-perez-palacio-corner-educa\/#respond\"]}]},{\"@type\":\"WebPage\",\"@id\":\"http:\/\/madeinzaragoza.es\/blog\/la-geometria-color-pablo-perez-palacio-corner-educa\/\",\"url\":\"http:\/\/madeinzaragoza.es\/blog\/la-geometria-color-pablo-perez-palacio-corner-educa\/\",\"name\":\"La geometr\u00eda y el color de Pablo P\u00e9rez Palacio en C\u00f3rner Educa - Made in Zaragoza\",\"isPartOf\":{\"@id\":\"http:\/\/madeinzaragoza.es\/blog\/#website\"},\"datePublished\":\"2017-12-11T12:31:40+00:00\",\"dateModified\":\"2018-01-04T12:32:27+00:00\",\"breadcrumb\":{\"@id\":\"http:\/\/madeinzaragoza.es\/blog\/la-geometria-color-pablo-perez-palacio-corner-educa\/#breadcrumb\"},\"inLanguage\":\"es\",\"potentialAction\":[{\"@type\":\"ReadAction\",\"target\":[\"http:\/\/madeinzaragoza.es\/blog\/la-geometria-color-pablo-perez-palacio-corner-educa\/\"]}]},{\"@type\":\"BreadcrumbList\",\"@id\":\"http:\/\/madeinzaragoza.es\/blog\/la-geometria-color-pablo-perez-palacio-corner-educa\/#breadcrumb\",\"itemListElement\":[{\"@type\":\"ListItem\",\"position\":1,\"name\":\"Portada\",\"item\":\"http:\/\/madeinzaragoza.es\/blog\/\"},{\"@type\":\"ListItem\",\"position\":2,\"name\":\"La geometr\u00eda y el color de Pablo P\u00e9rez Palacio en C\u00f3rner Educa\"}]},{\"@type\":\"WebSite\",\"@id\":\"http:\/\/madeinzaragoza.es\/blog\/#website\",\"url\":\"http:\/\/madeinzaragoza.es\/blog\/\",\"name\":\"Made in Zaragoza\",\"description\":\"Blog de MadeinZGZ, Red de Econom\u00eda Creativa de Zaragoza\",\"publisher\":{\"@id\":\"http:\/\/madeinzaragoza.es\/blog\/#organization\"},\"potentialAction\":[{\"@type\":\"SearchAction\",\"target\":{\"@type\":\"EntryPoint\",\"urlTemplate\":\"http:\/\/madeinzaragoza.es\/blog\/?s={search_term_string}\"},\"query-input\":\"required name=search_term_string\"}],\"inLanguage\":\"es\"},{\"@type\":\"Organization\",\"@id\":\"http:\/\/madeinzaragoza.es\/blog\/#organization\",\"name\":\"Made In Zaragoza\",\"url\":\"http:\/\/madeinzaragoza.es\/blog\/\",\"sameAs\":[\"https:\/\/www.instagram.com\/madeinzaragoza.es\/\",\"https:\/\/www.facebook.com\/madeinzaragoza.es\/\",\"https:\/\/twitter.com\/madeinzaragoza\"],\"logo\":{\"@type\":\"ImageObject\",\"inLanguage\":\"es\",\"@id\":\"http:\/\/madeinzaragoza.es\/blog\/#\/schema\/logo\/image\/\",\"url\":\"https:\/\/madeinzaragoza.es\/blog\/wp-content\/uploads\/2022\/05\/logo.png\",\"contentUrl\":\"https:\/\/madeinzaragoza.es\/blog\/wp-content\/uploads\/2022\/05\/logo.png\",\"width\":193,\"height\":176,\"caption\":\"Made In Zaragoza\"},\"image\":{\"@id\":\"http:\/\/madeinzaragoza.es\/blog\/#\/schema\/logo\/image\/\"}},{\"@type\":\"Person\",\"@id\":\"http:\/\/madeinzaragoza.es\/blog\/#\/schema\/person\/20d838fcfa5940394c113a5fff8a4a3e\",\"name\":\"Elena del Diego\",\"image\":{\"@type\":\"ImageObject\",\"inLanguage\":\"es\",\"@id\":\"http:\/\/madeinzaragoza.es\/blog\/#\/schema\/person\/image\/\",\"url\":\"http:\/\/2.gravatar.com\/avatar\/ba5567feee512c7ca05679efd940cc4d?s=96&d=mm&r=g\",\"contentUrl\":\"http:\/\/2.gravatar.com\/avatar\/ba5567feee512c7ca05679efd940cc4d?s=96&d=mm&r=g\",\"caption\":\"Elena del Diego\"},\"url\":\"http:\/\/madeinzaragoza.es\/blog\/author\/elena-del-diego\/\"}]}<\/script>\n<!-- \/ Yoast SEO plugin. -->","yoast_head_json":{"title":"La geometr\u00eda y el color de Pablo P\u00e9rez Palacio en C\u00f3rner Educa - Made in Zaragoza","robots":{"index":"index","follow":"follow","max-snippet":"max-snippet:-1","max-image-preview":"max-image-preview:large","max-video-preview":"max-video-preview:-1"},"canonical":"http:\/\/madeinzaragoza.es\/blog\/la-geometria-color-pablo-perez-palacio-corner-educa\/","og_locale":"es_ES","og_type":"article","og_title":"La geometr\u00eda y el color de Pablo P\u00e9rez Palacio en C\u00f3rner Educa - Made in Zaragoza","og_description":"Como es habitual, durante la intervenci\u00f3n que cada artista realiza dentro del proyecto Corner MIZ, se propicia un di\u00e1logo directo entre \u00e9ste y un grupo educativo, de forma que los chicos y chicas de nuestra ciudad, tengan la oportunidad de conocer de primera mano a un artista y su forma de enfrentarse a la creaci\u00f3n &hellip; Continuar leyendo \"La geometr\u00eda y el color de Pablo P\u00e9rez Palacio en C\u00f3rner Educa\"","og_url":"http:\/\/madeinzaragoza.es\/blog\/la-geometria-color-pablo-perez-palacio-corner-educa\/","og_site_name":"Made in Zaragoza","article_publisher":"https:\/\/www.facebook.com\/madeinzaragoza.es\/","article_published_time":"2017-12-11T12:31:40+00:00","article_modified_time":"2018-01-04T12:32:27+00:00","og_image":[{"width":1613,"height":822,"url":"http:\/\/madeinzaragoza.es\/blog\/wp-content\/uploads\/2018\/01\/pablo-perez-blog-1600-e1515068526137.jpg","type":"image\/jpeg"}],"author":"Elena del Diego","twitter_card":"summary","twitter_creator":"@madeinzaragoza","twitter_site":"@madeinzaragoza","twitter_misc":{"Escrito por":"Elena del Diego","Tiempo de lectura":"2 minutos"},"schema":{"@context":"https:\/\/schema.org","@graph":[{"@type":"Article","@id":"http:\/\/madeinzaragoza.es\/blog\/la-geometria-color-pablo-perez-palacio-corner-educa\/#article","isPartOf":{"@id":"http:\/\/madeinzaragoza.es\/blog\/la-geometria-color-pablo-perez-palacio-corner-educa\/"},"author":{"name":"Elena del Diego","@id":"http:\/\/madeinzaragoza.es\/blog\/#\/schema\/person\/20d838fcfa5940394c113a5fff8a4a3e"},"headline":"La geometr\u00eda y el color de Pablo P\u00e9rez Palacio en C\u00f3rner Educa","datePublished":"2017-12-11T12:31:40+00:00","dateModified":"2018-01-04T12:32:27+00:00","mainEntityOfPage":{"@id":"http:\/\/madeinzaragoza.es\/blog\/la-geometria-color-pablo-perez-palacio-corner-educa\/"},"wordCount":353,"commentCount":0,"publisher":{"@id":"http:\/\/madeinzaragoza.es\/blog\/#organization"},"articleSection":["CornerMIZ"],"inLanguage":"es","potentialAction":[{"@type":"CommentAction","name":"Comment","target":["http:\/\/madeinzaragoza.es\/blog\/la-geometria-color-pablo-perez-palacio-corner-educa\/#respond"]}]},{"@type":"WebPage","@id":"http:\/\/madeinzaragoza.es\/blog\/la-geometria-color-pablo-perez-palacio-corner-educa\/","url":"http:\/\/madeinzaragoza.es\/blog\/la-geometria-color-pablo-perez-palacio-corner-educa\/","name":"La geometr\u00eda y el color de Pablo P\u00e9rez Palacio en C\u00f3rner Educa - Made in Zaragoza","isPartOf":{"@id":"http:\/\/madeinzaragoza.es\/blog\/#website"},"datePublished":"2017-12-11T12:31:40+00:00","dateModified":"2018-01-04T12:32:27+00:00","breadcrumb":{"@id":"http:\/\/madeinzaragoza.es\/blog\/la-geometria-color-pablo-perez-palacio-corner-educa\/#breadcrumb"},"inLanguage":"es","potentialAction":[{"@type":"ReadAction","target":["http:\/\/madeinzaragoza.es\/blog\/la-geometria-color-pablo-perez-palacio-corner-educa\/"]}]},{"@type":"BreadcrumbList","@id":"http:\/\/madeinzaragoza.es\/blog\/la-geometria-color-pablo-perez-palacio-corner-educa\/#breadcrumb","itemListElement":[{"@type":"ListItem","position":1,"name":"Portada","item":"http:\/\/madeinzaragoza.es\/blog\/"},{"@type":"ListItem","position":2,"name":"La geometr\u00eda y el color de Pablo P\u00e9rez Palacio en C\u00f3rner Educa"}]},{"@type":"WebSite","@id":"http:\/\/madeinzaragoza.es\/blog\/#website","url":"http:\/\/madeinzaragoza.es\/blog\/","name":"Made in Zaragoza","description":"Blog de MadeinZGZ, Red de Econom\u00eda Creativa de Zaragoza","publisher":{"@id":"http:\/\/madeinzaragoza.es\/blog\/#organization"},"potentialAction":[{"@type":"SearchAction","target":{"@type":"EntryPoint","urlTemplate":"http:\/\/madeinzaragoza.es\/blog\/?s={search_term_string}"},"query-input":"required name=search_term_string"}],"inLanguage":"es"},{"@type":"Organization","@id":"http:\/\/madeinzaragoza.es\/blog\/#organization","name":"Made In Zaragoza","url":"http:\/\/madeinzaragoza.es\/blog\/","sameAs":["https:\/\/www.instagram.com\/madeinzaragoza.es\/","https:\/\/www.facebook.com\/madeinzaragoza.es\/","https:\/\/twitter.com\/madeinzaragoza"],"logo":{"@type":"ImageObject","inLanguage":"es","@id":"http:\/\/madeinzaragoza.es\/blog\/#\/schema\/logo\/image\/","url":"https:\/\/madeinzaragoza.es\/blog\/wp-content\/uploads\/2022\/05\/logo.png","contentUrl":"https:\/\/madeinzaragoza.es\/blog\/wp-content\/uploads\/2022\/05\/logo.png","width":193,"height":176,"caption":"Made In Zaragoza"},"image":{"@id":"http:\/\/madeinzaragoza.es\/blog\/#\/schema\/logo\/image\/"}},{"@type":"Person","@id":"http:\/\/madeinzaragoza.es\/blog\/#\/schema\/person\/20d838fcfa5940394c113a5fff8a4a3e","name":"Elena del Diego","image":{"@type":"ImageObject","inLanguage":"es","@id":"http:\/\/madeinzaragoza.es\/blog\/#\/schema\/person\/image\/","url":"http:\/\/2.gravatar.com\/avatar\/ba5567feee512c7ca05679efd940cc4d?s=96&d=mm&r=g","contentUrl":"http:\/\/2.gravatar.com\/avatar\/ba5567feee512c7ca05679efd940cc4d?s=96&d=mm&r=g","caption":"Elena del Diego"},"url":"http:\/\/madeinzaragoza.es\/blog\/author\/elena-del-diego\/"}]}},"_links":{"self":[{"href":"http:\/\/madeinzaragoza.es\/blog\/wp-json\/wp\/v2\/posts\/18646"}],"collection":[{"href":"http:\/\/madeinzaragoza.es\/blog\/wp-json\/wp\/v2\/posts"}],"about":[{"href":"http:\/\/madeinzaragoza.es\/blog\/wp-json\/wp\/v2\/types\/post"}],"author":[{"embeddable":true,"href":"http:\/\/madeinzaragoza.es\/blog\/wp-json\/wp\/v2\/users\/51"}],"replies":[{"embeddable":true,"href":"http:\/\/madeinzaragoza.es\/blog\/wp-json\/wp\/v2\/comments?post=18646"}],"version-history":[{"count":6,"href":"http:\/\/madeinzaragoza.es\/blog\/wp-json\/wp\/v2\/posts\/18646\/revisions"}],"predecessor-version":[{"id":18655,"href":"http:\/\/madeinzaragoza.es\/blog\/wp-json\/wp\/v2\/posts\/18646\/revisions\/18655"}],"wp:featuredmedia":[{"embeddable":true,"href":"http:\/\/madeinzaragoza.es\/blog\/wp-json\/wp\/v2\/media\/18647"}],"wp:attachment":[{"href":"http:\/\/madeinzaragoza.es\/blog\/wp-json\/wp\/v2\/media?parent=18646"}],"wp:term":[{"taxonomy":"category","embeddable":true,"href":"http:\/\/madeinzaragoza.es\/blog\/wp-json\/wp\/v2\/categories?post=18646"},{"taxonomy":"post_tag","embeddable":true,"href":"http:\/\/madeinzaragoza.es\/blog\/wp-json\/wp\/v2\/tags?post=18646"}],"curies":[{"name":"wp","href":"https:\/\/api.w.org\/{rel}","templated":true}]}}