{"id":18561,"date":"2017-12-30T12:18:00","date_gmt":"2017-12-30T11:18:00","guid":{"rendered":"http:\/\/madeinzaragoza.es\/blog\/?p=18561"},"modified":"2018-03-26T17:55:14","modified_gmt":"2018-03-26T16:55:14","slug":"javier-joven-corner-miz","status":"publish","type":"post","link":"http:\/\/madeinzaragoza.es\/blog\/javier-joven-corner-miz\/","title":{"rendered":"Javier Joven en C\u00f3rner MIZ"},"content":{"rendered":"<p><strong>\u00bfQu\u00e9 es lo que hace que los hogares espa\u00f1oles sean tan diferentes, tan atractivos?<\/strong><\/p>\n<p>&nbsp;<\/p>\n<p><img loading=\"lazy\" decoding=\"async\" class=\"aligncenter size-full wp-image-18567\" src=\"http:\/\/madeinzaragoza.es\/blog\/wp-content\/uploads\/2017\/12\/javijoven7.jpg\" alt=\"\" width=\"1200\" height=\"800\" srcset=\"http:\/\/madeinzaragoza.es\/blog\/wp-content\/uploads\/2017\/12\/javijoven7.jpg 1200w, http:\/\/madeinzaragoza.es\/blog\/wp-content\/uploads\/2017\/12\/javijoven7-300x200.jpg 300w, http:\/\/madeinzaragoza.es\/blog\/wp-content\/uploads\/2017\/12\/javijoven7-768x512.jpg 768w, http:\/\/madeinzaragoza.es\/blog\/wp-content\/uploads\/2017\/12\/javijoven7-1024x683.jpg 1024w\" sizes=\"(max-width: 709px) 85vw, (max-width: 909px) 67vw, (max-width: 1362px) 62vw, 840px\" \/><\/p>\n<p>Este es el t\u00edtulo de la preciosa intervenci\u00f3n que <a href=\"https:\/\/javijoven.com\/\" target=\"_blank\" rel=\"noopener\">Javier Joven<\/a> ha realizado en el<strong> espacio C\u00f3rner MIZ<\/strong> de Zaragoza Activa &#8211; La Azucarera. Una maravillosa creaci\u00f3n pict\u00f3rica que cierra el ciclo Mutantes y con la que despedimos el a\u00f1o 2017 por todo lo alto.<\/p>\n<p>&nbsp;<\/p>\n<p>Para realizarla, Javier Joven ha tomado la <a href=\"https:\/\/historia-arte.com\/obras\/que-es-lo-que-hace-que-las-hogares-de-hoy-sean-tan-diferentes-tan-atractivos\" target=\"_blank\" rel=\"noopener\">ic\u00f3nica obra de Richard Hamilton<\/a> que supuso el inicio del Arte Pop, una creaci\u00f3n realizada a partir de im\u00e1genes conscientemente seleccionadas de revistas sobre el hogar y la vida ideal que proporciona la <strong>sociedad de consumo <\/strong>de aquella \u00e9poca. Un peque\u00f1o collage de apenas 26cm\u00d724.8 cm y que nuestro artista ha transformado en una gran pintura mural encajada en el arco de ladrillo. Joven ha mantenido los elementos principales de la obra de Hamilton pero pervirti\u00e9ndolos bajo su ir\u00f3nica y cr\u00edtica mirada: los dos personajes masculino y femenino (la visi\u00f3n de \u00abAdan y Eva en el nuevo Ed\u00e9n del consumo\u00bb como los defini\u00f3 en origen Hamilton) rodeados de elementos materiales. Pero aqu\u00ed, Javier Joven los ha mutado en una versi\u00f3n bastante cr\u00edtica de la situaci\u00f3n sociopol\u00edtica actual de nuestro pa\u00eds y los ha \u00abvestido\u00bb con los principales s\u00edmbolos e iconos populares del pa\u00eds y de nuestra sociedad actual.<\/p>\n<p>&nbsp;<\/p>\n<p><img loading=\"lazy\" decoding=\"async\" class=\"aligncenter size-full wp-image-18565\" src=\"http:\/\/madeinzaragoza.es\/blog\/wp-content\/uploads\/2017\/12\/javijoven1.jpg\" alt=\"\" width=\"1024\" height=\"768\" srcset=\"http:\/\/madeinzaragoza.es\/blog\/wp-content\/uploads\/2017\/12\/javijoven1.jpg 1024w, http:\/\/madeinzaragoza.es\/blog\/wp-content\/uploads\/2017\/12\/javijoven1-300x225.jpg 300w, http:\/\/madeinzaragoza.es\/blog\/wp-content\/uploads\/2017\/12\/javijoven1-768x576.jpg 768w\" sizes=\"(max-width: 709px) 85vw, (max-width: 909px) 67vw, (max-width: 1362px) 62vw, 840px\" \/><\/p>\n<p>El atl\u00e9tico hombre aparece representado como un minotauro con un gran mazo pisando una figura femenina que est\u00e1 tumbada (o postrada) en el suelo. Esta figura femenina tiene cabeza de cerdo, brazos cruzados y cuerpo de serpiente, una representaci\u00f3n inspirada en la imagen demonizada de la mujer en el arte religioso cristiano. En frente, a la derecha, Joven mantiene la figura femenina de Hamilton, una Pin up sentada sobre un sof\u00e1 que en este caso lleva una m\u00e1scara antigas para poder soportar el irrespirable ambiente que se ha creado. Y entre ellos, un sinf\u00edn de referencias pol\u00edticas, sociales y art\u00edsticas: referencias al Jefe de Estado, a la Bandera, al futbol, a la telerrealidad, a la telebasura, al consumo, a las redes sociales, a la autorepresentaci\u00f3n en la era digital, a la tradici\u00f3n heteropatriarcal y al machismo, al egocentrismo en el mundo del arte, a la vanitas anam\u00f3rfica de Holbein y a la lata con \u00abmierda de artista\u00bb de Piero Manzoni sobre la propia firma de Javier Joven.<\/p>\n<p>&nbsp;<\/p>\n<p>Iron\u00eda, cr\u00edtica, humor y mucha <em>ca\u00f1a<\/em> en blanco y negro para presentarnos una nueva y decadente visi\u00f3n del \u00abpara\u00edso de Ad\u00e1n y Eva\u00bb a modo de retrato de nuestra sociedad, como hiciera Hamilton en 1956 de la suya.<\/p>\n<p>&nbsp;<\/p>\n<p><img loading=\"lazy\" decoding=\"async\" class=\"aligncenter size-full wp-image-18566\" src=\"http:\/\/madeinzaragoza.es\/blog\/wp-content\/uploads\/2017\/12\/javijoven3.jpg\" alt=\"\" width=\"1024\" height=\"700\" srcset=\"http:\/\/madeinzaragoza.es\/blog\/wp-content\/uploads\/2017\/12\/javijoven3.jpg 1024w, http:\/\/madeinzaragoza.es\/blog\/wp-content\/uploads\/2017\/12\/javijoven3-300x205.jpg 300w, http:\/\/madeinzaragoza.es\/blog\/wp-content\/uploads\/2017\/12\/javijoven3-768x525.jpg 768w\" sizes=\"(max-width: 709px) 85vw, (max-width: 909px) 67vw, (max-width: 1362px) 62vw, 840px\" \/><\/p>\n<p>En la otra pared, Javier Joven, tambi\u00e9n en blanco y engro, ha pintado un policia antidisturbios junto a la palabra \u00abRealpolitik\u00bb. Intenso y directo. La cr\u00edtica contin\u00faa en esta pieza donde hace alusi\u00f3n a la \u00abRealpolitik\u00bb, la pol\u00edtica o diplomacia basada en intereses pr\u00e1cticos y acciones concretas que aboga por el avance en los intereses de un pa\u00eds de acuerdo con las circunstancias actuales de su entorno, en lugar de seguir principios filos\u00f3ficos, te\u00f3ricos o morales.<\/p>\n<p>&nbsp;<\/p>\n<p><img loading=\"lazy\" decoding=\"async\" class=\"aligncenter size-full wp-image-18568\" src=\"http:\/\/madeinzaragoza.es\/blog\/wp-content\/uploads\/2017\/12\/javijoven8.jpg\" alt=\"\" width=\"1200\" height=\"800\" srcset=\"http:\/\/madeinzaragoza.es\/blog\/wp-content\/uploads\/2017\/12\/javijoven8.jpg 1200w, http:\/\/madeinzaragoza.es\/blog\/wp-content\/uploads\/2017\/12\/javijoven8-300x200.jpg 300w, http:\/\/madeinzaragoza.es\/blog\/wp-content\/uploads\/2017\/12\/javijoven8-768x512.jpg 768w, http:\/\/madeinzaragoza.es\/blog\/wp-content\/uploads\/2017\/12\/javijoven8-1024x683.jpg 1024w\" sizes=\"(max-width: 709px) 85vw, (max-width: 909px) 67vw, (max-width: 1362px) 62vw, 840px\" \/> <img loading=\"lazy\" decoding=\"async\" class=\"aligncenter size-full wp-image-18569\" src=\"http:\/\/madeinzaragoza.es\/blog\/wp-content\/uploads\/2017\/12\/javijoven10.jpg\" alt=\"\" width=\"1014\" height=\"705\" srcset=\"http:\/\/madeinzaragoza.es\/blog\/wp-content\/uploads\/2017\/12\/javijoven10.jpg 1014w, http:\/\/madeinzaragoza.es\/blog\/wp-content\/uploads\/2017\/12\/javijoven10-300x209.jpg 300w, http:\/\/madeinzaragoza.es\/blog\/wp-content\/uploads\/2017\/12\/javijoven10-768x534.jpg 768w\" sizes=\"(max-width: 709px) 85vw, (max-width: 909px) 67vw, (max-width: 1362px) 62vw, 840px\" \/><\/p>\n<p>Una maravillosa obra \u00abpara repartir mala leche con mucho amor\u00bb (seg\u00fan palabras del propio artista) que en conjunto impresiona y no deja indiferente. Se podr\u00e1 visitar en C\u00f3rner MIZ hasta el d\u00eda 26 de enero de 2018, despu\u00e9s solo quedar\u00e1 en nuestra memoria (digital).<\/p>\n<p>&nbsp;<\/p>\n","protected":false},"excerpt":{"rendered":"<p>\u00bfQu\u00e9 es lo que hace que los hogares espa\u00f1oles sean tan diferentes, tan atractivos? &nbsp; Este es el t\u00edtulo de la preciosa intervenci\u00f3n que Javier Joven ha realizado en el espacio C\u00f3rner MIZ de Zaragoza Activa &#8211; La Azucarera. Una maravillosa creaci\u00f3n pict\u00f3rica que cierra el ciclo Mutantes y con la que despedimos el a\u00f1o &hellip; <a href=\"http:\/\/madeinzaragoza.es\/blog\/javier-joven-corner-miz\/\" class=\"more-link\">Continuar leyendo<span class=\"screen-reader-text\"> \u00abJavier Joven en C\u00f3rner MIZ\u00bb<\/span><\/a><\/p>\n","protected":false},"author":36,"featured_media":18563,"comment_status":"open","ping_status":"open","sticky":false,"template":"","format":"standard","meta":{"footnotes":""},"categories":[831],"tags":[834,1644,1171],"yoast_head":"<!-- This site is optimized with the Yoast SEO plugin v19.7.2 - https:\/\/yoast.com\/wordpress\/plugins\/seo\/ -->\n<title>Javier Joven en C\u00f3rner MIZ - Made in Zaragoza<\/title>\n<meta name=\"robots\" content=\"index, follow, max-snippet:-1, max-image-preview:large, max-video-preview:-1\" \/>\n<link rel=\"canonical\" href=\"http:\/\/madeinzaragoza.es\/blog\/javier-joven-corner-miz\/\" \/>\n<meta property=\"og:locale\" content=\"es_ES\" \/>\n<meta property=\"og:type\" content=\"article\" \/>\n<meta property=\"og:title\" content=\"Javier Joven en C\u00f3rner MIZ - Made in Zaragoza\" \/>\n<meta property=\"og:description\" content=\"\u00bfQu\u00e9 es lo que hace que los hogares espa\u00f1oles sean tan diferentes, tan atractivos? &nbsp; Este es el t\u00edtulo de la preciosa intervenci\u00f3n que Javier Joven ha realizado en el espacio C\u00f3rner MIZ de Zaragoza Activa &#8211; La Azucarera. Una maravillosa creaci\u00f3n pict\u00f3rica que cierra el ciclo Mutantes y con la que despedimos el a\u00f1o &hellip; Continuar leyendo &quot;Javier Joven en C\u00f3rner MIZ&quot;\" \/>\n<meta property=\"og:url\" content=\"http:\/\/madeinzaragoza.es\/blog\/javier-joven-corner-miz\/\" \/>\n<meta property=\"og:site_name\" content=\"Made in Zaragoza\" \/>\n<meta property=\"article:publisher\" content=\"https:\/\/www.facebook.com\/madeinzaragoza.es\/\" \/>\n<meta property=\"article:author\" content=\"zarayorkers\" \/>\n<meta property=\"article:published_time\" content=\"2017-12-30T11:18:00+00:00\" \/>\n<meta property=\"article:modified_time\" content=\"2018-03-26T16:55:14+00:00\" \/>\n<meta property=\"og:image\" content=\"http:\/\/madeinzaragoza.es\/blog\/wp-content\/uploads\/2017\/12\/javijoven9.jpg\" \/>\n\t<meta property=\"og:image:width\" content=\"1200\" \/>\n\t<meta property=\"og:image:height\" content=\"825\" \/>\n\t<meta property=\"og:image:type\" content=\"image\/jpeg\" \/>\n<meta name=\"author\" content=\"Sergio Sevilla\" \/>\n<meta name=\"twitter:card\" content=\"summary\" \/>\n<meta name=\"twitter:creator\" content=\"@madeinzaragoza\" \/>\n<meta name=\"twitter:site\" content=\"@madeinzaragoza\" \/>\n<meta name=\"twitter:label1\" content=\"Escrito por\" \/>\n\t<meta name=\"twitter:data1\" content=\"Sergio Sevilla\" \/>\n\t<meta name=\"twitter:label2\" content=\"Tiempo de lectura\" \/>\n\t<meta name=\"twitter:data2\" content=\"3 minutos\" \/>\n<script type=\"application\/ld+json\" class=\"yoast-schema-graph\">{\"@context\":\"https:\/\/schema.org\",\"@graph\":[{\"@type\":\"Article\",\"@id\":\"http:\/\/madeinzaragoza.es\/blog\/javier-joven-corner-miz\/#article\",\"isPartOf\":{\"@id\":\"http:\/\/madeinzaragoza.es\/blog\/javier-joven-corner-miz\/\"},\"author\":{\"name\":\"Sergio Sevilla\",\"@id\":\"http:\/\/madeinzaragoza.es\/blog\/#\/schema\/person\/fd836a8fe1177b6200bc8deffc3ad342\"},\"headline\":\"Javier Joven en C\u00f3rner MIZ\",\"datePublished\":\"2017-12-30T11:18:00+00:00\",\"dateModified\":\"2018-03-26T16:55:14+00:00\",\"mainEntityOfPage\":{\"@id\":\"http:\/\/madeinzaragoza.es\/blog\/javier-joven-corner-miz\/\"},\"wordCount\":599,\"commentCount\":1,\"publisher\":{\"@id\":\"http:\/\/madeinzaragoza.es\/blog\/#organization\"},\"keywords\":[\"Corner MIZ\",\"Javier Joven\",\"muralismo\"],\"articleSection\":[\"CornerMIZ\"],\"inLanguage\":\"es\",\"potentialAction\":[{\"@type\":\"CommentAction\",\"name\":\"Comment\",\"target\":[\"http:\/\/madeinzaragoza.es\/blog\/javier-joven-corner-miz\/#respond\"]}]},{\"@type\":\"WebPage\",\"@id\":\"http:\/\/madeinzaragoza.es\/blog\/javier-joven-corner-miz\/\",\"url\":\"http:\/\/madeinzaragoza.es\/blog\/javier-joven-corner-miz\/\",\"name\":\"Javier Joven en C\u00f3rner MIZ - Made in Zaragoza\",\"isPartOf\":{\"@id\":\"http:\/\/madeinzaragoza.es\/blog\/#website\"},\"datePublished\":\"2017-12-30T11:18:00+00:00\",\"dateModified\":\"2018-03-26T16:55:14+00:00\",\"breadcrumb\":{\"@id\":\"http:\/\/madeinzaragoza.es\/blog\/javier-joven-corner-miz\/#breadcrumb\"},\"inLanguage\":\"es\",\"potentialAction\":[{\"@type\":\"ReadAction\",\"target\":[\"http:\/\/madeinzaragoza.es\/blog\/javier-joven-corner-miz\/\"]}]},{\"@type\":\"BreadcrumbList\",\"@id\":\"http:\/\/madeinzaragoza.es\/blog\/javier-joven-corner-miz\/#breadcrumb\",\"itemListElement\":[{\"@type\":\"ListItem\",\"position\":1,\"name\":\"Portada\",\"item\":\"http:\/\/madeinzaragoza.es\/blog\/\"},{\"@type\":\"ListItem\",\"position\":2,\"name\":\"Javier Joven en C\u00f3rner MIZ\"}]},{\"@type\":\"WebSite\",\"@id\":\"http:\/\/madeinzaragoza.es\/blog\/#website\",\"url\":\"http:\/\/madeinzaragoza.es\/blog\/\",\"name\":\"Made in Zaragoza\",\"description\":\"Blog de MadeinZGZ, Red de Econom\u00eda Creativa de Zaragoza\",\"publisher\":{\"@id\":\"http:\/\/madeinzaragoza.es\/blog\/#organization\"},\"potentialAction\":[{\"@type\":\"SearchAction\",\"target\":{\"@type\":\"EntryPoint\",\"urlTemplate\":\"http:\/\/madeinzaragoza.es\/blog\/?s={search_term_string}\"},\"query-input\":\"required name=search_term_string\"}],\"inLanguage\":\"es\"},{\"@type\":\"Organization\",\"@id\":\"http:\/\/madeinzaragoza.es\/blog\/#organization\",\"name\":\"Made In Zaragoza\",\"url\":\"http:\/\/madeinzaragoza.es\/blog\/\",\"sameAs\":[\"https:\/\/www.instagram.com\/madeinzaragoza.es\/\",\"https:\/\/www.facebook.com\/madeinzaragoza.es\/\",\"https:\/\/twitter.com\/madeinzaragoza\"],\"logo\":{\"@type\":\"ImageObject\",\"inLanguage\":\"es\",\"@id\":\"http:\/\/madeinzaragoza.es\/blog\/#\/schema\/logo\/image\/\",\"url\":\"https:\/\/madeinzaragoza.es\/blog\/wp-content\/uploads\/2022\/05\/logo.png\",\"contentUrl\":\"https:\/\/madeinzaragoza.es\/blog\/wp-content\/uploads\/2022\/05\/logo.png\",\"width\":193,\"height\":176,\"caption\":\"Made In Zaragoza\"},\"image\":{\"@id\":\"http:\/\/madeinzaragoza.es\/blog\/#\/schema\/logo\/image\/\"}},{\"@type\":\"Person\",\"@id\":\"http:\/\/madeinzaragoza.es\/blog\/#\/schema\/person\/fd836a8fe1177b6200bc8deffc3ad342\",\"name\":\"Sergio Sevilla\",\"image\":{\"@type\":\"ImageObject\",\"inLanguage\":\"es\",\"@id\":\"http:\/\/madeinzaragoza.es\/blog\/#\/schema\/person\/image\/\",\"url\":\"http:\/\/1.gravatar.com\/avatar\/4a59e3901b7e749c4e3750c4fd5d0b43?s=96&d=mm&r=g\",\"contentUrl\":\"http:\/\/1.gravatar.com\/avatar\/4a59e3901b7e749c4e3750c4fd5d0b43?s=96&d=mm&r=g\",\"caption\":\"Sergio Sevilla\"},\"description\":\"Gesti\u00f3n e Innovaci\u00f3n cultural (I+C) Mi trabajo se basa en la b\u00fasqueda de conexiones culturales en espacios de tr\u00e1nsito. Soy director y programador de proyectos culturales. He coordinado el espacio C\u00f3rner MIZ de Made in Zaragoza y, en la actualidad, me dedico a investigar, documentar y poner en valor el muralismo cer\u00e1mico de los a\u00f1os 60, 70 y 80 de Zaragoza y su relaci\u00f3n con los entornos arquitect\u00f3nicos y decorativos de la \u00e9poca. Descubre el perfil de @ZaragozaModerna en Instagram. Take a walk on the Art side.\",\"sameAs\":[\"zarayorkers\",\"@zaragozamoderna\",\"\/sergiosevillatabernero\"],\"url\":\"http:\/\/madeinzaragoza.es\/blog\/author\/sergiosevilla\/\"}]}<\/script>\n<!-- \/ Yoast SEO plugin. -->","yoast_head_json":{"title":"Javier Joven en C\u00f3rner MIZ - Made in Zaragoza","robots":{"index":"index","follow":"follow","max-snippet":"max-snippet:-1","max-image-preview":"max-image-preview:large","max-video-preview":"max-video-preview:-1"},"canonical":"http:\/\/madeinzaragoza.es\/blog\/javier-joven-corner-miz\/","og_locale":"es_ES","og_type":"article","og_title":"Javier Joven en C\u00f3rner MIZ - Made in Zaragoza","og_description":"\u00bfQu\u00e9 es lo que hace que los hogares espa\u00f1oles sean tan diferentes, tan atractivos? &nbsp; Este es el t\u00edtulo de la preciosa intervenci\u00f3n que Javier Joven ha realizado en el espacio C\u00f3rner MIZ de Zaragoza Activa &#8211; La Azucarera. Una maravillosa creaci\u00f3n pict\u00f3rica que cierra el ciclo Mutantes y con la que despedimos el a\u00f1o &hellip; Continuar leyendo \"Javier Joven en C\u00f3rner MIZ\"","og_url":"http:\/\/madeinzaragoza.es\/blog\/javier-joven-corner-miz\/","og_site_name":"Made in Zaragoza","article_publisher":"https:\/\/www.facebook.com\/madeinzaragoza.es\/","article_author":"zarayorkers","article_published_time":"2017-12-30T11:18:00+00:00","article_modified_time":"2018-03-26T16:55:14+00:00","og_image":[{"width":1200,"height":825,"url":"http:\/\/madeinzaragoza.es\/blog\/wp-content\/uploads\/2017\/12\/javijoven9.jpg","type":"image\/jpeg"}],"author":"Sergio Sevilla","twitter_card":"summary","twitter_creator":"@madeinzaragoza","twitter_site":"@madeinzaragoza","twitter_misc":{"Escrito por":"Sergio Sevilla","Tiempo de lectura":"3 minutos"},"schema":{"@context":"https:\/\/schema.org","@graph":[{"@type":"Article","@id":"http:\/\/madeinzaragoza.es\/blog\/javier-joven-corner-miz\/#article","isPartOf":{"@id":"http:\/\/madeinzaragoza.es\/blog\/javier-joven-corner-miz\/"},"author":{"name":"Sergio Sevilla","@id":"http:\/\/madeinzaragoza.es\/blog\/#\/schema\/person\/fd836a8fe1177b6200bc8deffc3ad342"},"headline":"Javier Joven en C\u00f3rner MIZ","datePublished":"2017-12-30T11:18:00+00:00","dateModified":"2018-03-26T16:55:14+00:00","mainEntityOfPage":{"@id":"http:\/\/madeinzaragoza.es\/blog\/javier-joven-corner-miz\/"},"wordCount":599,"commentCount":1,"publisher":{"@id":"http:\/\/madeinzaragoza.es\/blog\/#organization"},"keywords":["Corner MIZ","Javier Joven","muralismo"],"articleSection":["CornerMIZ"],"inLanguage":"es","potentialAction":[{"@type":"CommentAction","name":"Comment","target":["http:\/\/madeinzaragoza.es\/blog\/javier-joven-corner-miz\/#respond"]}]},{"@type":"WebPage","@id":"http:\/\/madeinzaragoza.es\/blog\/javier-joven-corner-miz\/","url":"http:\/\/madeinzaragoza.es\/blog\/javier-joven-corner-miz\/","name":"Javier Joven en C\u00f3rner MIZ - Made in Zaragoza","isPartOf":{"@id":"http:\/\/madeinzaragoza.es\/blog\/#website"},"datePublished":"2017-12-30T11:18:00+00:00","dateModified":"2018-03-26T16:55:14+00:00","breadcrumb":{"@id":"http:\/\/madeinzaragoza.es\/blog\/javier-joven-corner-miz\/#breadcrumb"},"inLanguage":"es","potentialAction":[{"@type":"ReadAction","target":["http:\/\/madeinzaragoza.es\/blog\/javier-joven-corner-miz\/"]}]},{"@type":"BreadcrumbList","@id":"http:\/\/madeinzaragoza.es\/blog\/javier-joven-corner-miz\/#breadcrumb","itemListElement":[{"@type":"ListItem","position":1,"name":"Portada","item":"http:\/\/madeinzaragoza.es\/blog\/"},{"@type":"ListItem","position":2,"name":"Javier Joven en C\u00f3rner MIZ"}]},{"@type":"WebSite","@id":"http:\/\/madeinzaragoza.es\/blog\/#website","url":"http:\/\/madeinzaragoza.es\/blog\/","name":"Made in Zaragoza","description":"Blog de MadeinZGZ, Red de Econom\u00eda Creativa de Zaragoza","publisher":{"@id":"http:\/\/madeinzaragoza.es\/blog\/#organization"},"potentialAction":[{"@type":"SearchAction","target":{"@type":"EntryPoint","urlTemplate":"http:\/\/madeinzaragoza.es\/blog\/?s={search_term_string}"},"query-input":"required name=search_term_string"}],"inLanguage":"es"},{"@type":"Organization","@id":"http:\/\/madeinzaragoza.es\/blog\/#organization","name":"Made In Zaragoza","url":"http:\/\/madeinzaragoza.es\/blog\/","sameAs":["https:\/\/www.instagram.com\/madeinzaragoza.es\/","https:\/\/www.facebook.com\/madeinzaragoza.es\/","https:\/\/twitter.com\/madeinzaragoza"],"logo":{"@type":"ImageObject","inLanguage":"es","@id":"http:\/\/madeinzaragoza.es\/blog\/#\/schema\/logo\/image\/","url":"https:\/\/madeinzaragoza.es\/blog\/wp-content\/uploads\/2022\/05\/logo.png","contentUrl":"https:\/\/madeinzaragoza.es\/blog\/wp-content\/uploads\/2022\/05\/logo.png","width":193,"height":176,"caption":"Made In Zaragoza"},"image":{"@id":"http:\/\/madeinzaragoza.es\/blog\/#\/schema\/logo\/image\/"}},{"@type":"Person","@id":"http:\/\/madeinzaragoza.es\/blog\/#\/schema\/person\/fd836a8fe1177b6200bc8deffc3ad342","name":"Sergio Sevilla","image":{"@type":"ImageObject","inLanguage":"es","@id":"http:\/\/madeinzaragoza.es\/blog\/#\/schema\/person\/image\/","url":"http:\/\/1.gravatar.com\/avatar\/4a59e3901b7e749c4e3750c4fd5d0b43?s=96&d=mm&r=g","contentUrl":"http:\/\/1.gravatar.com\/avatar\/4a59e3901b7e749c4e3750c4fd5d0b43?s=96&d=mm&r=g","caption":"Sergio Sevilla"},"description":"Gesti\u00f3n e Innovaci\u00f3n cultural (I+C) Mi trabajo se basa en la b\u00fasqueda de conexiones culturales en espacios de tr\u00e1nsito. Soy director y programador de proyectos culturales. He coordinado el espacio C\u00f3rner MIZ de Made in Zaragoza y, en la actualidad, me dedico a investigar, documentar y poner en valor el muralismo cer\u00e1mico de los a\u00f1os 60, 70 y 80 de Zaragoza y su relaci\u00f3n con los entornos arquitect\u00f3nicos y decorativos de la \u00e9poca. Descubre el perfil de @ZaragozaModerna en Instagram. Take a walk on the Art side.","sameAs":["zarayorkers","@zaragozamoderna","\/sergiosevillatabernero"],"url":"http:\/\/madeinzaragoza.es\/blog\/author\/sergiosevilla\/"}]}},"_links":{"self":[{"href":"http:\/\/madeinzaragoza.es\/blog\/wp-json\/wp\/v2\/posts\/18561"}],"collection":[{"href":"http:\/\/madeinzaragoza.es\/blog\/wp-json\/wp\/v2\/posts"}],"about":[{"href":"http:\/\/madeinzaragoza.es\/blog\/wp-json\/wp\/v2\/types\/post"}],"author":[{"embeddable":true,"href":"http:\/\/madeinzaragoza.es\/blog\/wp-json\/wp\/v2\/users\/36"}],"replies":[{"embeddable":true,"href":"http:\/\/madeinzaragoza.es\/blog\/wp-json\/wp\/v2\/comments?post=18561"}],"version-history":[{"count":10,"href":"http:\/\/madeinzaragoza.es\/blog\/wp-json\/wp\/v2\/posts\/18561\/revisions"}],"predecessor-version":[{"id":19752,"href":"http:\/\/madeinzaragoza.es\/blog\/wp-json\/wp\/v2\/posts\/18561\/revisions\/19752"}],"wp:featuredmedia":[{"embeddable":true,"href":"http:\/\/madeinzaragoza.es\/blog\/wp-json\/wp\/v2\/media\/18563"}],"wp:attachment":[{"href":"http:\/\/madeinzaragoza.es\/blog\/wp-json\/wp\/v2\/media?parent=18561"}],"wp:term":[{"taxonomy":"category","embeddable":true,"href":"http:\/\/madeinzaragoza.es\/blog\/wp-json\/wp\/v2\/categories?post=18561"},{"taxonomy":"post_tag","embeddable":true,"href":"http:\/\/madeinzaragoza.es\/blog\/wp-json\/wp\/v2\/tags?post=18561"}],"curies":[{"name":"wp","href":"https:\/\/api.w.org\/{rel}","templated":true}]}}