{"id":18429,"date":"2017-12-26T09:45:47","date_gmt":"2017-12-26T08:45:47","guid":{"rendered":"http:\/\/madeinzaragoza.es\/blog\/?p=18429"},"modified":"2017-12-29T12:52:05","modified_gmt":"2017-12-29T11:52:05","slug":"club-de-cine-la-salle-complemento-cinefilo","status":"publish","type":"post","link":"http:\/\/madeinzaragoza.es\/blog\/club-de-cine-la-salle-complemento-cinefilo\/","title":{"rendered":"La Salle y sus coloquios para el complemento cin\u00e9filo"},"content":{"rendered":"<h2>El Club de Cine La Salle Gran V\u00eda celebra el primer viernes lectivo de cada mes sesiones en VOSE y con entrada libre, estos meses dedicadas a un ciclo sobre el mal<\/h2>\n<p>&nbsp;<\/p>\n<p>El cin\u00e9filo asiste con elevada periodicidad a las salas de exhibici\u00f3n, revisa t\u00edtulos de su colecci\u00f3n personal y se sumerge en el cat\u00e1logo de las plataformas de v\u00eddeo bajo demanda. En esa din\u00e1mica, <strong>las proyecciones con coloquios enfocados al an\u00e1lisis y al debate constituyen un complemento sugerente y enriquecedor<\/strong> al permitir asentar las ideas respecto a una pel\u00edcula, argumentarlas y descubrir otras consideraciones sobre las mismas. El <strong>concepto de cineclub siempre ha tenido un significativo arraigo en la esfera cultural zaragozana, cuyo esp\u00edritu sigue presente en iniciativas como la del colegio <a href=\"https:\/\/www.facebook.com\/La-Salle-Franciscanas-Gran-V%C3%ADa-107315295958925\/\">La Salle Franciscanas Gran V\u00eda<\/a><\/strong> (Santa Teresa de Jes\u00fas, 23). El primer viernes lectivo de cada mes, su <a href=\"https:\/\/twitter.com\/cineclublsgv?lang=es\">Club de Cine<\/a> organiza sesiones con entrada libre y en versi\u00f3n original subtitulada (VOSE). La pr\u00f3xima, enmarcada en su ciclo sobre el mal, ser\u00e1 el 12 de enero con \u2018American History X\u2019.<\/p>\n<p>&nbsp;<\/p>\n<figure id=\"attachment_18431\" aria-describedby=\"caption-attachment-18431\" style=\"width: 840px\" class=\"wp-caption aligncenter\"><img loading=\"lazy\" decoding=\"async\" class=\"size-large wp-image-18431\" src=\"http:\/\/madeinzaragoza.es\/blog\/wp-content\/uploads\/2017\/12\/Programacion-club-de-cine-1024x791.jpg\" alt=\"\" width=\"840\" height=\"649\" srcset=\"http:\/\/madeinzaragoza.es\/blog\/wp-content\/uploads\/2017\/12\/Programacion-club-de-cine-1024x791.jpg 1024w, http:\/\/madeinzaragoza.es\/blog\/wp-content\/uploads\/2017\/12\/Programacion-club-de-cine-300x232.jpg 300w, http:\/\/madeinzaragoza.es\/blog\/wp-content\/uploads\/2017\/12\/Programacion-club-de-cine-768x593.jpg 768w, http:\/\/madeinzaragoza.es\/blog\/wp-content\/uploads\/2017\/12\/Programacion-club-de-cine.jpg 1056w\" sizes=\"(max-width: 709px) 85vw, (max-width: 909px) 67vw, (max-width: 1362px) 62vw, 840px\" \/><figcaption id=\"caption-attachment-18431\" class=\"wp-caption-text\">Programaci\u00f3n del Club de Cine La Salle Gran V\u00eda 2017\/2018<\/figcaption><\/figure>\n<p>&nbsp;<\/p>\n<p>El origen del foro est\u00e1 en el <strong>cineclub fundado en la d\u00e9cada de los 60 por el recordado Alberto S\u00e1nchez Mill\u00e1n<\/strong>. Desde entonces ha pasado por distintas etapas. La actual comenz\u00f3 en 2012. <strong>Jacobo Henar<\/strong>, director y profesor del centro concertado, concibi\u00f3 el Club de Cine La Salle como una extensi\u00f3n educativa fuera del horario de las clases para poder poner a sus alumnos largometrajes de mayor duraci\u00f3n. La difusi\u00f3n se extendi\u00f3 al \u00e1mbito universitario y despu\u00e9s trascendi\u00f3 el terreno acad\u00e9mico, aspecto se\u00f1alado en el <strong>variado perfil generacional que integra el p\u00fablico que con fidelidad se re\u00fane en el sal\u00f3n de actos<\/strong>.<\/p>\n<p>&nbsp;<\/p>\n<p>La <strong>denominaci\u00f3n pas\u00f3 a ser la de Club de Cine a ra\u00edz de una sugerencia realizada por Jos\u00e9 Luis Cuerda<\/strong>. El veterano autor de \u2018El bosque animado\u2019, \u2018Amanece, que no es poco\u2019 y \u2018La lengua de las mariposas\u2019 dio la idea del apunte diferenciador en una charla que realiz\u00f3 junto al guionista Manolo Matji en mayo de 2016, cita organizada con la ayuda del colectivo Un nuevo Renoir.<\/p>\n<p>&nbsp;<\/p>\n<figure id=\"attachment_18432\" aria-describedby=\"caption-attachment-18432\" style=\"width: 840px\" class=\"wp-caption aligncenter\"><img loading=\"lazy\" decoding=\"async\" class=\"wp-image-18432 size-large\" src=\"http:\/\/madeinzaragoza.es\/blog\/wp-content\/uploads\/2017\/12\/club-de-cine-2-1024x632.jpg\" alt=\"Los coloquios posteriores con expertos cin\u00e9filos son la clave del Club de Cine La Salle\" width=\"840\" height=\"518\" srcset=\"http:\/\/madeinzaragoza.es\/blog\/wp-content\/uploads\/2017\/12\/club-de-cine-2-1024x632.jpg 1024w, http:\/\/madeinzaragoza.es\/blog\/wp-content\/uploads\/2017\/12\/club-de-cine-2-300x185.jpg 300w, http:\/\/madeinzaragoza.es\/blog\/wp-content\/uploads\/2017\/12\/club-de-cine-2-768x474.jpg 768w, http:\/\/madeinzaragoza.es\/blog\/wp-content\/uploads\/2017\/12\/club-de-cine-2-1200x740.jpg 1200w, http:\/\/madeinzaragoza.es\/blog\/wp-content\/uploads\/2017\/12\/club-de-cine-2.jpg 1300w\" sizes=\"(max-width: 709px) 85vw, (max-width: 909px) 67vw, (max-width: 1362px) 62vw, 840px\" \/><figcaption id=\"caption-attachment-18432\" class=\"wp-caption-text\">Los coloquios posteriores con expertos cin\u00e9filos son la clave del Club de Cine La Salle<\/figcaption><\/figure>\n<p>&nbsp;<\/p>\n<p>Al principio, Henar y Francisco Javier L\u00e1zaro, su compa\u00f1ero en la coordinaci\u00f3n, planificaban la programaci\u00f3n sin otro eje que no fuera el inter\u00e9s de los propios filmes. El enfoque vari\u00f3 ese mismo <strong>2016, cuando se decidi\u00f3 que las sesiones de cada curso acad\u00e9mico reflejaran heterogeneidad narrativa y estil\u00edstica pero desde un mismo tema<\/strong>. El primero se centr\u00f3 en la belleza, para el cual se cont\u00f3 con el asesoramiento de expertos cin\u00e9filos. De hecho, la participaci\u00f3n de algunos de ellos en los coloquios posteriores es el elemento clave del Club de Cine La Salle junto con la esencia que otorga la VOSE.<\/p>\n<p>&nbsp;<\/p>\n<p>Las formas y manifestaciones del mal, y las reflexiones consiguientes, definen el hilo conductor de estos meses. <strong>Adem\u00e1s de la citada \u2018American History X\u2019, se podr\u00e1n ver \u2018La naranja mec\u00e1nica\u2019 (2 de febrero), \u2018Reservoir Dogs\u2019 (2 de marzo), \u2018Tarde para la ira\u2019 (6 de abril) y \u2018No es pa\u00eds para viejos\u2019 (4 de mayo).<\/strong> Antes se mostraron \u2018El silencio de los corderos\u2019, \u2018La cinta blanca\u2019 y \u2018La ola\u2019.<\/p>\n","protected":false},"excerpt":{"rendered":"<p>El Club de Cine La Salle Gran V\u00eda celebra el primer viernes lectivo de cada mes sesiones en VOSE y con entrada libre, estos meses dedicadas a un ciclo sobre el mal &nbsp; El cin\u00e9filo asiste con elevada periodicidad a las salas de exhibici\u00f3n, revisa t\u00edtulos de su colecci\u00f3n personal y se sumerge en el &hellip; <a href=\"http:\/\/madeinzaragoza.es\/blog\/club-de-cine-la-salle-complemento-cinefilo\/\" class=\"more-link\">Continuar leyendo<span class=\"screen-reader-text\"> \u00abLa Salle y sus coloquios para el complemento cin\u00e9filo\u00bb<\/span><\/a><\/p>\n","protected":false},"author":59,"featured_media":18430,"comment_status":"open","ping_status":"open","sticky":false,"template":"","format":"standard","meta":{"footnotes":""},"categories":[829],"tags":[],"yoast_head":"<!-- This site is optimized with the Yoast SEO plugin v19.7.2 - https:\/\/yoast.com\/wordpress\/plugins\/seo\/ -->\n<title>La Salle y sus coloquios para el complemento cin\u00e9filo<\/title>\n<meta name=\"description\" content=\"El Club de Cine La Salle Gran V\u00eda de Zaragoza celebra el primer viernes lectivo de cada mes sesiones en VOSE y con entrada libre\" \/>\n<meta name=\"robots\" content=\"index, follow, max-snippet:-1, max-image-preview:large, max-video-preview:-1\" \/>\n<link rel=\"canonical\" href=\"https:\/\/madeinzaragoza.es\/blog\/club-de-cine-la-salle-complemento-cinefilo\/\" \/>\n<meta property=\"og:locale\" content=\"es_ES\" \/>\n<meta property=\"og:type\" content=\"article\" \/>\n<meta property=\"og:title\" content=\"La Salle y sus coloquios para el complemento cin\u00e9filo\" \/>\n<meta property=\"og:description\" content=\"El Club de Cine La Salle Gran V\u00eda de Zaragoza celebra el primer viernes lectivo de cada mes sesiones en VOSE y con entrada libre\" \/>\n<meta property=\"og:url\" content=\"https:\/\/madeinzaragoza.es\/blog\/club-de-cine-la-salle-complemento-cinefilo\/\" \/>\n<meta property=\"og:site_name\" content=\"Made in Zaragoza\" \/>\n<meta property=\"article:publisher\" content=\"https:\/\/www.facebook.com\/madeinzaragoza.es\/\" \/>\n<meta property=\"article:published_time\" content=\"2017-12-26T08:45:47+00:00\" \/>\n<meta property=\"article:modified_time\" content=\"2017-12-29T11:52:05+00:00\" \/>\n<meta property=\"og:image\" content=\"https:\/\/madeinzaragoza.es\/blog\/wp-content\/uploads\/2017\/12\/club-de-cine-1.jpg\" \/>\n\t<meta property=\"og:image:width\" content=\"1300\" \/>\n\t<meta property=\"og:image:height\" content=\"725\" \/>\n\t<meta property=\"og:image:type\" content=\"image\/jpeg\" \/>\n<meta name=\"author\" content=\"Enrique Abenia\" \/>\n<meta name=\"twitter:card\" content=\"summary\" \/>\n<meta name=\"twitter:creator\" content=\"@Enrique_Abenia\" \/>\n<meta name=\"twitter:site\" content=\"@madeinzaragoza\" \/>\n<meta name=\"twitter:label1\" content=\"Escrito por\" \/>\n\t<meta name=\"twitter:data1\" content=\"Enrique Abenia\" \/>\n\t<meta name=\"twitter:label2\" content=\"Tiempo de lectura\" \/>\n\t<meta name=\"twitter:data2\" content=\"3 minutos\" \/>\n<script type=\"application\/ld+json\" class=\"yoast-schema-graph\">{\"@context\":\"https:\/\/schema.org\",\"@graph\":[{\"@type\":\"Article\",\"@id\":\"https:\/\/madeinzaragoza.es\/blog\/club-de-cine-la-salle-complemento-cinefilo\/#article\",\"isPartOf\":{\"@id\":\"https:\/\/madeinzaragoza.es\/blog\/club-de-cine-la-salle-complemento-cinefilo\/\"},\"author\":{\"name\":\"Enrique Abenia\",\"@id\":\"http:\/\/madeinzaragoza.es\/blog\/#\/schema\/person\/b4cf98cbc61a51fb48dbdab258a8c523\"},\"headline\":\"La Salle y sus coloquios para el complemento cin\u00e9filo\",\"datePublished\":\"2017-12-26T08:45:47+00:00\",\"dateModified\":\"2017-12-29T11:52:05+00:00\",\"mainEntityOfPage\":{\"@id\":\"https:\/\/madeinzaragoza.es\/blog\/club-de-cine-la-salle-complemento-cinefilo\/\"},\"wordCount\":602,\"commentCount\":1,\"publisher\":{\"@id\":\"http:\/\/madeinzaragoza.es\/blog\/#organization\"},\"articleSection\":[\"Cultura\"],\"inLanguage\":\"es\",\"potentialAction\":[{\"@type\":\"CommentAction\",\"name\":\"Comment\",\"target\":[\"https:\/\/madeinzaragoza.es\/blog\/club-de-cine-la-salle-complemento-cinefilo\/#respond\"]}]},{\"@type\":\"WebPage\",\"@id\":\"https:\/\/madeinzaragoza.es\/blog\/club-de-cine-la-salle-complemento-cinefilo\/\",\"url\":\"https:\/\/madeinzaragoza.es\/blog\/club-de-cine-la-salle-complemento-cinefilo\/\",\"name\":\"La Salle y sus coloquios para el complemento cin\u00e9filo\",\"isPartOf\":{\"@id\":\"http:\/\/madeinzaragoza.es\/blog\/#website\"},\"datePublished\":\"2017-12-26T08:45:47+00:00\",\"dateModified\":\"2017-12-29T11:52:05+00:00\",\"description\":\"El Club de Cine La Salle Gran V\u00eda de Zaragoza celebra el primer viernes lectivo de cada mes sesiones en VOSE y con entrada libre\",\"breadcrumb\":{\"@id\":\"https:\/\/madeinzaragoza.es\/blog\/club-de-cine-la-salle-complemento-cinefilo\/#breadcrumb\"},\"inLanguage\":\"es\",\"potentialAction\":[{\"@type\":\"ReadAction\",\"target\":[\"https:\/\/madeinzaragoza.es\/blog\/club-de-cine-la-salle-complemento-cinefilo\/\"]}]},{\"@type\":\"BreadcrumbList\",\"@id\":\"https:\/\/madeinzaragoza.es\/blog\/club-de-cine-la-salle-complemento-cinefilo\/#breadcrumb\",\"itemListElement\":[{\"@type\":\"ListItem\",\"position\":1,\"name\":\"Portada\",\"item\":\"http:\/\/madeinzaragoza.es\/blog\/\"},{\"@type\":\"ListItem\",\"position\":2,\"name\":\"La Salle y sus coloquios para el complemento cin\u00e9filo\"}]},{\"@type\":\"WebSite\",\"@id\":\"http:\/\/madeinzaragoza.es\/blog\/#website\",\"url\":\"http:\/\/madeinzaragoza.es\/blog\/\",\"name\":\"Made in Zaragoza\",\"description\":\"Blog de MadeinZGZ, Red de Econom\u00eda Creativa de Zaragoza\",\"publisher\":{\"@id\":\"http:\/\/madeinzaragoza.es\/blog\/#organization\"},\"potentialAction\":[{\"@type\":\"SearchAction\",\"target\":{\"@type\":\"EntryPoint\",\"urlTemplate\":\"http:\/\/madeinzaragoza.es\/blog\/?s={search_term_string}\"},\"query-input\":\"required name=search_term_string\"}],\"inLanguage\":\"es\"},{\"@type\":\"Organization\",\"@id\":\"http:\/\/madeinzaragoza.es\/blog\/#organization\",\"name\":\"Made In Zaragoza\",\"url\":\"http:\/\/madeinzaragoza.es\/blog\/\",\"sameAs\":[\"https:\/\/www.instagram.com\/madeinzaragoza.es\/\",\"https:\/\/www.facebook.com\/madeinzaragoza.es\/\",\"https:\/\/twitter.com\/madeinzaragoza\"],\"logo\":{\"@type\":\"ImageObject\",\"inLanguage\":\"es\",\"@id\":\"http:\/\/madeinzaragoza.es\/blog\/#\/schema\/logo\/image\/\",\"url\":\"https:\/\/madeinzaragoza.es\/blog\/wp-content\/uploads\/2022\/05\/logo.png\",\"contentUrl\":\"https:\/\/madeinzaragoza.es\/blog\/wp-content\/uploads\/2022\/05\/logo.png\",\"width\":193,\"height\":176,\"caption\":\"Made In Zaragoza\"},\"image\":{\"@id\":\"http:\/\/madeinzaragoza.es\/blog\/#\/schema\/logo\/image\/\"}},{\"@type\":\"Person\",\"@id\":\"http:\/\/madeinzaragoza.es\/blog\/#\/schema\/person\/b4cf98cbc61a51fb48dbdab258a8c523\",\"name\":\"Enrique Abenia\",\"image\":{\"@type\":\"ImageObject\",\"inLanguage\":\"es\",\"@id\":\"http:\/\/madeinzaragoza.es\/blog\/#\/schema\/person\/image\/\",\"url\":\"http:\/\/1.gravatar.com\/avatar\/a747099e3518ccf440789a57b07dd884?s=96&d=mm&r=g\",\"contentUrl\":\"http:\/\/1.gravatar.com\/avatar\/a747099e3518ccf440789a57b07dd884?s=96&d=mm&r=g\",\"caption\":\"Enrique Abenia\"},\"description\":\"Periodista aut\u00f3nomo. Cr\u00edtico de \u2018Heraldo de Arag\u00f3n\u2019, tambi\u00e9n escribe en 'Cineman\u00eda' y en 20bits, donde analiza smartphones.\",\"sameAs\":[\"https:\/\/twitter.com\/Enrique_Abenia\"],\"url\":\"http:\/\/madeinzaragoza.es\/blog\/author\/enriqueabenia\/\"}]}<\/script>\n<!-- \/ Yoast SEO plugin. -->","yoast_head_json":{"title":"La Salle y sus coloquios para el complemento cin\u00e9filo","description":"El Club de Cine La Salle Gran V\u00eda de Zaragoza celebra el primer viernes lectivo de cada mes sesiones en VOSE y con entrada libre","robots":{"index":"index","follow":"follow","max-snippet":"max-snippet:-1","max-image-preview":"max-image-preview:large","max-video-preview":"max-video-preview:-1"},"canonical":"https:\/\/madeinzaragoza.es\/blog\/club-de-cine-la-salle-complemento-cinefilo\/","og_locale":"es_ES","og_type":"article","og_title":"La Salle y sus coloquios para el complemento cin\u00e9filo","og_description":"El Club de Cine La Salle Gran V\u00eda de Zaragoza celebra el primer viernes lectivo de cada mes sesiones en VOSE y con entrada libre","og_url":"https:\/\/madeinzaragoza.es\/blog\/club-de-cine-la-salle-complemento-cinefilo\/","og_site_name":"Made in Zaragoza","article_publisher":"https:\/\/www.facebook.com\/madeinzaragoza.es\/","article_published_time":"2017-12-26T08:45:47+00:00","article_modified_time":"2017-12-29T11:52:05+00:00","og_image":[{"width":1300,"height":725,"url":"https:\/\/madeinzaragoza.es\/blog\/wp-content\/uploads\/2017\/12\/club-de-cine-1.jpg","type":"image\/jpeg"}],"author":"Enrique Abenia","twitter_card":"summary","twitter_creator":"@Enrique_Abenia","twitter_site":"@madeinzaragoza","twitter_misc":{"Escrito por":"Enrique Abenia","Tiempo de lectura":"3 minutos"},"schema":{"@context":"https:\/\/schema.org","@graph":[{"@type":"Article","@id":"https:\/\/madeinzaragoza.es\/blog\/club-de-cine-la-salle-complemento-cinefilo\/#article","isPartOf":{"@id":"https:\/\/madeinzaragoza.es\/blog\/club-de-cine-la-salle-complemento-cinefilo\/"},"author":{"name":"Enrique Abenia","@id":"http:\/\/madeinzaragoza.es\/blog\/#\/schema\/person\/b4cf98cbc61a51fb48dbdab258a8c523"},"headline":"La Salle y sus coloquios para el complemento cin\u00e9filo","datePublished":"2017-12-26T08:45:47+00:00","dateModified":"2017-12-29T11:52:05+00:00","mainEntityOfPage":{"@id":"https:\/\/madeinzaragoza.es\/blog\/club-de-cine-la-salle-complemento-cinefilo\/"},"wordCount":602,"commentCount":1,"publisher":{"@id":"http:\/\/madeinzaragoza.es\/blog\/#organization"},"articleSection":["Cultura"],"inLanguage":"es","potentialAction":[{"@type":"CommentAction","name":"Comment","target":["https:\/\/madeinzaragoza.es\/blog\/club-de-cine-la-salle-complemento-cinefilo\/#respond"]}]},{"@type":"WebPage","@id":"https:\/\/madeinzaragoza.es\/blog\/club-de-cine-la-salle-complemento-cinefilo\/","url":"https:\/\/madeinzaragoza.es\/blog\/club-de-cine-la-salle-complemento-cinefilo\/","name":"La Salle y sus coloquios para el complemento cin\u00e9filo","isPartOf":{"@id":"http:\/\/madeinzaragoza.es\/blog\/#website"},"datePublished":"2017-12-26T08:45:47+00:00","dateModified":"2017-12-29T11:52:05+00:00","description":"El Club de Cine La Salle Gran V\u00eda de Zaragoza celebra el primer viernes lectivo de cada mes sesiones en VOSE y con entrada libre","breadcrumb":{"@id":"https:\/\/madeinzaragoza.es\/blog\/club-de-cine-la-salle-complemento-cinefilo\/#breadcrumb"},"inLanguage":"es","potentialAction":[{"@type":"ReadAction","target":["https:\/\/madeinzaragoza.es\/blog\/club-de-cine-la-salle-complemento-cinefilo\/"]}]},{"@type":"BreadcrumbList","@id":"https:\/\/madeinzaragoza.es\/blog\/club-de-cine-la-salle-complemento-cinefilo\/#breadcrumb","itemListElement":[{"@type":"ListItem","position":1,"name":"Portada","item":"http:\/\/madeinzaragoza.es\/blog\/"},{"@type":"ListItem","position":2,"name":"La Salle y sus coloquios para el complemento cin\u00e9filo"}]},{"@type":"WebSite","@id":"http:\/\/madeinzaragoza.es\/blog\/#website","url":"http:\/\/madeinzaragoza.es\/blog\/","name":"Made in Zaragoza","description":"Blog de MadeinZGZ, Red de Econom\u00eda Creativa de Zaragoza","publisher":{"@id":"http:\/\/madeinzaragoza.es\/blog\/#organization"},"potentialAction":[{"@type":"SearchAction","target":{"@type":"EntryPoint","urlTemplate":"http:\/\/madeinzaragoza.es\/blog\/?s={search_term_string}"},"query-input":"required name=search_term_string"}],"inLanguage":"es"},{"@type":"Organization","@id":"http:\/\/madeinzaragoza.es\/blog\/#organization","name":"Made In Zaragoza","url":"http:\/\/madeinzaragoza.es\/blog\/","sameAs":["https:\/\/www.instagram.com\/madeinzaragoza.es\/","https:\/\/www.facebook.com\/madeinzaragoza.es\/","https:\/\/twitter.com\/madeinzaragoza"],"logo":{"@type":"ImageObject","inLanguage":"es","@id":"http:\/\/madeinzaragoza.es\/blog\/#\/schema\/logo\/image\/","url":"https:\/\/madeinzaragoza.es\/blog\/wp-content\/uploads\/2022\/05\/logo.png","contentUrl":"https:\/\/madeinzaragoza.es\/blog\/wp-content\/uploads\/2022\/05\/logo.png","width":193,"height":176,"caption":"Made In Zaragoza"},"image":{"@id":"http:\/\/madeinzaragoza.es\/blog\/#\/schema\/logo\/image\/"}},{"@type":"Person","@id":"http:\/\/madeinzaragoza.es\/blog\/#\/schema\/person\/b4cf98cbc61a51fb48dbdab258a8c523","name":"Enrique Abenia","image":{"@type":"ImageObject","inLanguage":"es","@id":"http:\/\/madeinzaragoza.es\/blog\/#\/schema\/person\/image\/","url":"http:\/\/1.gravatar.com\/avatar\/a747099e3518ccf440789a57b07dd884?s=96&d=mm&r=g","contentUrl":"http:\/\/1.gravatar.com\/avatar\/a747099e3518ccf440789a57b07dd884?s=96&d=mm&r=g","caption":"Enrique Abenia"},"description":"Periodista aut\u00f3nomo. Cr\u00edtico de \u2018Heraldo de Arag\u00f3n\u2019, tambi\u00e9n escribe en 'Cineman\u00eda' y en 20bits, donde analiza smartphones.","sameAs":["https:\/\/twitter.com\/Enrique_Abenia"],"url":"http:\/\/madeinzaragoza.es\/blog\/author\/enriqueabenia\/"}]}},"_links":{"self":[{"href":"http:\/\/madeinzaragoza.es\/blog\/wp-json\/wp\/v2\/posts\/18429"}],"collection":[{"href":"http:\/\/madeinzaragoza.es\/blog\/wp-json\/wp\/v2\/posts"}],"about":[{"href":"http:\/\/madeinzaragoza.es\/blog\/wp-json\/wp\/v2\/types\/post"}],"author":[{"embeddable":true,"href":"http:\/\/madeinzaragoza.es\/blog\/wp-json\/wp\/v2\/users\/59"}],"replies":[{"embeddable":true,"href":"http:\/\/madeinzaragoza.es\/blog\/wp-json\/wp\/v2\/comments?post=18429"}],"version-history":[{"count":3,"href":"http:\/\/madeinzaragoza.es\/blog\/wp-json\/wp\/v2\/posts\/18429\/revisions"}],"predecessor-version":[{"id":18550,"href":"http:\/\/madeinzaragoza.es\/blog\/wp-json\/wp\/v2\/posts\/18429\/revisions\/18550"}],"wp:featuredmedia":[{"embeddable":true,"href":"http:\/\/madeinzaragoza.es\/blog\/wp-json\/wp\/v2\/media\/18430"}],"wp:attachment":[{"href":"http:\/\/madeinzaragoza.es\/blog\/wp-json\/wp\/v2\/media?parent=18429"}],"wp:term":[{"taxonomy":"category","embeddable":true,"href":"http:\/\/madeinzaragoza.es\/blog\/wp-json\/wp\/v2\/categories?post=18429"},{"taxonomy":"post_tag","embeddable":true,"href":"http:\/\/madeinzaragoza.es\/blog\/wp-json\/wp\/v2\/tags?post=18429"}],"curies":[{"name":"wp","href":"https:\/\/api.w.org\/{rel}","templated":true}]}}