{"id":18418,"date":"2017-12-25T18:20:01","date_gmt":"2017-12-25T17:20:01","guid":{"rendered":"http:\/\/madeinzaragoza.es\/blog\/?p=18418"},"modified":"2017-12-25T19:42:52","modified_gmt":"2017-12-25T18:42:52","slug":"juan-moro-indio-moro-fotografo","status":"publish","type":"post","link":"http:\/\/madeinzaragoza.es\/blog\/juan-moro-indio-moro-fotografo\/","title":{"rendered":"Indio Moro, el fot\u00f3grafo de almas en B\/N"},"content":{"rendered":"<p><strong>Juan Moro \u00abIndio Moro\u00bb<\/strong>, desde muy peque\u00f1o ha estado ligado a la fotograf\u00eda, pero es en 2007 cuando empieza a cursar sus estudios en Galeria\/Escuela Spectrum Sotos de Zaragoza hasta el a\u00f1o 2010 a\u00f1o en el que finaliza sus estudios de Fotograf\u00eda digital con la obtenci\u00f3n de la Beca Spectrum por su trabajo de autorretratos \u00abindio versus Rodin\u00bb.<\/p>\n<p>&nbsp;<\/p>\n<p>Gran apasionado del deporte extremo empieza con sus primeros trabajos como fot\u00f3grafo Paracaidista, realizando capturas en ca\u00edda libre como en tierra. \u00a0Atra\u00eddo por el Base Jump (salto Base), Juan empieza a experimentarlo como deportista y camar\u00f3grafo.<\/p>\n<p>&nbsp;<\/p>\n<p>En enero del 2009, decide viajar a Nueva Zelanda. Este singular viaje le influir\u00e1 para desarrollar su sello fotogr\u00e1fico, todo su estilo y comprensi\u00f3n. <strong>All\u00ed descubre el s\u00edmbolo del \u00abKoru\u00bb<\/strong> que es la fronda nueva del Helecho. Se Considera que el \u00abKoru\u00bb se extiende para alcanzar la luz, esforz\u00e1ndose para tener la perfecci\u00f3n. El \u00abKoru\u00bb representa el desarrollo de una nueva vida, con la esperanza del futuro, pero tambi\u00e9n la necesidad de esfuerzo para lograr el crecimiento y perfecci\u00f3n. Los Helechos siempre suben, siempre quieren alcanzar las alturas&#8230; y las alas que complementan su logo, dan m\u00e1s fuerza a su espiritualidad, sus sue\u00f1os y su pasi\u00f3n por crear.<\/p>\n<p>&nbsp;<\/p>\n<p>La mayor parte de su trabajo se basa en una gran colecci\u00f3n de Autorretratos en Clave baja, retratos y desnudos art\u00edsticos.<\/p>\n<p>&nbsp;<\/p>\n<p><strong>\u00bfC\u00f3mo valoras la escena cultural actual? \u00bfSe est\u00e1n haciendo cosas que atraigan tu inter\u00e9s y puedan servirte de inspiraci\u00f3n? \u00bfCu\u00e1les son tus fuentes de inspiraci\u00f3n?<\/strong><\/p>\n<p>&nbsp;<\/p>\n<p><em>\u00bb La Escena cultural de Zaragoza\u00a0tiene una diversidad muy extensa y muy variada en pr\u00e1cticamente todas las disciplinas art\u00edsticas, muy raro es el d\u00eda en el que no se realice una exposici\u00f3n, obra de teatro, concierto o charla cultural, dada las dimensiones de esta ciudad lo podr\u00eda calificar de: \u00abcompleta, interesante y con mucha calidad\u00bb.<\/em><\/p>\n<p>&nbsp;<\/p>\n<p><strong>Llevas m\u00e1s de diez a\u00f1os dedic\u00e1ndote profesionalmente a la fotograf\u00eda, supongo que te habr\u00e1 tocado hacer de todo y que c\u00f3mo todos habr\u00e1s evolucionado. \u00bfDe qu\u00e9 parte de tu carrera y obra te sientes m\u00e1s orgulloso? \u00bfCon cu\u00e1l m\u00e1s identificado?<\/strong><\/p>\n<p>&nbsp;<\/p>\n<p><em>\u00abCreo que llevo ya doce desde que empece a estudiar esta disciplina y pr\u00e1cticamente desde el principio me he estado dedicando a ello , empezando mis primeros trabajos en la fotograf\u00eda\u00a0deportiva tanto en la Liga de f\u00fatbol\u00a0en 1\u00aa Divisi\u00f3n\u00a0y como fot\u00f3grafo oficial de los Campeonatos del Mundo de Salto Base. Pero he realizado estos a\u00f1os de todo; social, producto, books, retratos, etc. e incluso hasta una temporada como c\u00e1mara de v\u00eddeo para unos programas del canal + y Discovery Max.\u00a0Me siento orgulloso de todos mis trabajos por que el conjunto de todos me han hecho crecer como fot\u00f3grafo.\u00bb<\/em><\/p>\n<p>&nbsp;<\/p>\n<p><strong>\u00bfQu\u00e9 hace dura una fotograf\u00eda, la realidad que capta o el esp\u00edritu de quien la realiza?<\/strong><\/p>\n<p>&nbsp;<\/p>\n<p><em>\u00abPosiblemente una suma de ambas, pero m\u00e1s bien es lo que quieras transmitir al espectador y el \u00e1mbito donde se desarrolle.\u00bb<\/em><\/p>\n<p>&nbsp;<\/p>\n<p><img loading=\"lazy\" decoding=\"async\" class=\"aligncenter wp-image-18420 size-full\" src=\"http:\/\/madeinzaragoza.es\/blog\/wp-content\/uploads\/2017\/12\/750763_5bc2e9beecf2416187f523781bd41e71mv2.jpg\" alt=\"\" width=\"1000\" height=\"667\" srcset=\"http:\/\/madeinzaragoza.es\/blog\/wp-content\/uploads\/2017\/12\/750763_5bc2e9beecf2416187f523781bd41e71mv2.jpg 1000w, http:\/\/madeinzaragoza.es\/blog\/wp-content\/uploads\/2017\/12\/750763_5bc2e9beecf2416187f523781bd41e71mv2-300x200.jpg 300w, http:\/\/madeinzaragoza.es\/blog\/wp-content\/uploads\/2017\/12\/750763_5bc2e9beecf2416187f523781bd41e71mv2-768x512.jpg 768w\" sizes=\"(max-width: 709px) 85vw, (max-width: 909px) 67vw, (max-width: 1362px) 62vw, 840px\" \/><\/p>\n<p>&nbsp;<\/p>\n<p><strong>\u00bfQu\u00e9 aconsejar\u00edas a un ne\u00f3fito de esto que quiera dedicarse a ello? \u00bfAyuda tener un referente o un mentor, o corremos el riesgo de perder originalidad?<\/strong><\/p>\n<p>&nbsp;<\/p>\n<p><em>\u00abPrimero que se forme una buena base y despu\u00e9s que mire e investigue autores, visiones estilos muy diferentes, que pruebe y experimente y que saque su propia conclusi\u00f3n y afiance su estilo.\u00a0<\/em><em>Referentes tenemos todos los fot\u00f3grafos, siempre hay alg\u00fan\u00a0autor que nos llama mas la atenci\u00f3n que otros&#8230; tener un mentor es algo dif\u00edcil, hoy en d\u00eda es \u00a0muy dif\u00edcil ya que nadie est\u00e1 por la labor de perder el tiempo con un aprendiz&#8230; yo no he tenido y tampoco lo he buscado me considero bastante autodidacta es la b\u00fasqueda\u00a0de mi estilo&#8230;.y la originalidad se tiene, se busca y se trabaja con el paso el tiempo hasta que consigues tu estilo&#8230;\u00bb<\/em><\/p>\n<p>&nbsp;<\/p>\n<p><img loading=\"lazy\" decoding=\"async\" class=\"aligncenter wp-image-18421 size-large\" src=\"http:\/\/madeinzaragoza.es\/blog\/wp-content\/uploads\/2017\/12\/750763_d310bf583682467cadc0f1e40c5ec4demv2-1024x683.jpg\" alt=\"\" width=\"840\" height=\"560\" srcset=\"http:\/\/madeinzaragoza.es\/blog\/wp-content\/uploads\/2017\/12\/750763_d310bf583682467cadc0f1e40c5ec4demv2-1024x683.jpg 1024w, http:\/\/madeinzaragoza.es\/blog\/wp-content\/uploads\/2017\/12\/750763_d310bf583682467cadc0f1e40c5ec4demv2-300x200.jpg 300w, http:\/\/madeinzaragoza.es\/blog\/wp-content\/uploads\/2017\/12\/750763_d310bf583682467cadc0f1e40c5ec4demv2-768x512.jpg 768w, http:\/\/madeinzaragoza.es\/blog\/wp-content\/uploads\/2017\/12\/750763_d310bf583682467cadc0f1e40c5ec4demv2.jpg 1059w\" sizes=\"(max-width: 709px) 85vw, (max-width: 909px) 67vw, (max-width: 1362px) 62vw, 840px\" \/><\/p>\n<p>&nbsp;<\/p>\n<p><strong>\u00bfEn qu\u00e9 proyectos andas embarcado en este momento? \u00bfSe pueden contar? Pide un deseo\u2026<\/strong><\/p>\n<p><em>\u00bb Actualmente llevo 8 meses con un proyecto que se llama <strong>\u00abGENTE DE MAL VIVIR\u00bb<\/strong> y es una recopilaci\u00f3n-documentacion de artistas que habitan o transitan por Aragon y que a d\u00eda de hoy llevo un poco m\u00e1s de 150 retratos en blanco y negro de este gran elenco de artistas.\u00a0Lo empec\u00e9 en el a\u00f1o 2015 con el director y actor reciente mente fallecido Santiago Mel\u00e9ndez y por motivos personales tuve que abandonar el proyecto y volv\u00ed a reanudarlo en el 2017.<\/em><br \/>\n<em>En este proyecto est\u00e1n incluidos desde m\u00fasicos, pintores, escritores, fot\u00f3grafos, actores, directores de cine y teatro, artistas circenses, de calle y despu\u00e9s las personas que estan detr\u00e1s, c\u00e1maras, foquistas, t\u00e9cnicos de sonido y luces, dise\u00f1adores gr\u00e1ficos e ilustradores y un largo etc..<\/em><br \/>\n<em>Y como te dec\u00eda al principio, documento y recopilo un instante del panorama cultural aragon\u00e9s pero de una manera m\u00e1s art\u00edstica,r etratos realizados en estudio, con el mismo fondo y en blanco y negro, sacando la esencia y personalidad del personaje.\u00bb<\/em><\/p>\n<p>&nbsp;<\/p>\n<p><img loading=\"lazy\" decoding=\"async\" class=\"aligncenter wp-image-18422 size-large\" src=\"http:\/\/madeinzaragoza.es\/blog\/wp-content\/uploads\/2017\/12\/750763_87b0a77975b140a5b8bdd683f46b63c5mv2-1024x683.jpg\" alt=\"\" width=\"840\" height=\"560\" srcset=\"http:\/\/madeinzaragoza.es\/blog\/wp-content\/uploads\/2017\/12\/750763_87b0a77975b140a5b8bdd683f46b63c5mv2-1024x683.jpg 1024w, http:\/\/madeinzaragoza.es\/blog\/wp-content\/uploads\/2017\/12\/750763_87b0a77975b140a5b8bdd683f46b63c5mv2-300x200.jpg 300w, http:\/\/madeinzaragoza.es\/blog\/wp-content\/uploads\/2017\/12\/750763_87b0a77975b140a5b8bdd683f46b63c5mv2-768x512.jpg 768w, http:\/\/madeinzaragoza.es\/blog\/wp-content\/uploads\/2017\/12\/750763_87b0a77975b140a5b8bdd683f46b63c5mv2.jpg 1059w\" sizes=\"(max-width: 709px) 85vw, (max-width: 909px) 67vw, (max-width: 1362px) 62vw, 840px\" \/><\/p>\n<p>&nbsp;<\/p>\n<p>Actualmente est\u00e1n expuestas en la p\u00e1gina Web: <a href=\"https:\/\/www.koruphotographyjuanmoro.com\/gentemalvivir\">https:\/\/www.koruphotographyjuanmoro.com\/gentemalvivir<\/a><\/p>\n<p>&nbsp;<\/p>\n<p><strong>\u00bfUn deseo para 2018?<\/strong>\u00a0\u00a1<em>Dif\u00edcil! Mi deseo ser\u00eda que alg\u00fan d\u00eda esta colecci\u00f3n de retratos estuviera expuesta f\u00edsicamente y las personas que habitan esta ciudad se dieran cuenta del gran potencial y tan diverso que alberga esta ciudad.<\/em><\/p>\n<p>&nbsp;<\/p>\n","protected":false},"excerpt":{"rendered":"<p>Juan Moro \u00abIndio Moro\u00bb, desde muy peque\u00f1o ha estado ligado a la fotograf\u00eda, pero es en 2007 cuando empieza a cursar sus estudios en Galeria\/Escuela Spectrum Sotos de Zaragoza hasta el a\u00f1o 2010 a\u00f1o en el que finaliza sus estudios de Fotograf\u00eda digital con la obtenci\u00f3n de la Beca Spectrum por su trabajo de autorretratos &hellip; <a href=\"http:\/\/madeinzaragoza.es\/blog\/juan-moro-indio-moro-fotografo\/\" class=\"more-link\">Continuar leyendo<span class=\"screen-reader-text\"> \u00abIndio Moro, el fot\u00f3grafo de almas en B\/N\u00bb<\/span><\/a><\/p>\n","protected":false},"author":52,"featured_media":18419,"comment_status":"open","ping_status":"open","sticky":false,"template":"","format":"standard","meta":{"footnotes":""},"categories":[829,6],"tags":[30],"yoast_head":"<!-- This site is optimized with the Yoast SEO plugin v19.7.2 - https:\/\/yoast.com\/wordpress\/plugins\/seo\/ -->\n<title>Indio Moro, el fot\u00f3grafo de almas en B\/N - Made in Zaragoza<\/title>\n<meta name=\"description\" content=\"Juan Moro &quot;Indio Moro&quot; es un fot\u00f3grafo que desde muy peque\u00f1o ha estado ligado a la fotograf\u00eda, pero es en 2007 cuando empieza a cursar sus estudios en la Escuela Spectrum Sotos de Zaragoza.\" \/>\n<meta name=\"robots\" content=\"index, follow, max-snippet:-1, max-image-preview:large, max-video-preview:-1\" \/>\n<link rel=\"canonical\" href=\"https:\/\/madeinzaragoza.es\/blog\/juan-moro-indio-moro-fotografo\/\" \/>\n<meta property=\"og:locale\" content=\"es_ES\" \/>\n<meta property=\"og:type\" content=\"article\" \/>\n<meta property=\"og:title\" content=\"Indio Moro, el fot\u00f3grafo de almas en B\/N - Made in Zaragoza\" \/>\n<meta property=\"og:description\" content=\"Juan Moro &quot;Indio Moro&quot; es un fot\u00f3grafo que desde muy peque\u00f1o ha estado ligado a la fotograf\u00eda, pero es en 2007 cuando empieza a cursar sus estudios en la Escuela Spectrum Sotos de Zaragoza.\" \/>\n<meta property=\"og:url\" content=\"https:\/\/madeinzaragoza.es\/blog\/juan-moro-indio-moro-fotografo\/\" \/>\n<meta property=\"og:site_name\" content=\"Made in Zaragoza\" \/>\n<meta property=\"article:publisher\" content=\"https:\/\/www.facebook.com\/madeinzaragoza.es\/\" \/>\n<meta property=\"article:published_time\" content=\"2017-12-25T17:20:01+00:00\" \/>\n<meta property=\"article:modified_time\" content=\"2017-12-25T18:42:52+00:00\" \/>\n<meta property=\"og:image\" content=\"https:\/\/madeinzaragoza.es\/blog\/wp-content\/uploads\/2017\/12\/23659224_1915028622158249_8364183964411393439_n-e1514227292491.jpg\" \/>\n\t<meta property=\"og:image:width\" content=\"537\" \/>\n\t<meta property=\"og:image:height\" content=\"386\" \/>\n\t<meta property=\"og:image:type\" content=\"image\/jpeg\" \/>\n<meta name=\"author\" content=\"Angela Medrano\" \/>\n<meta name=\"twitter:card\" content=\"summary\" \/>\n<meta name=\"twitter:creator\" content=\"@madeinzaragoza\" \/>\n<meta name=\"twitter:site\" content=\"@madeinzaragoza\" \/>\n<meta name=\"twitter:label1\" content=\"Escrito por\" \/>\n\t<meta name=\"twitter:data1\" content=\"Angela Medrano\" \/>\n\t<meta name=\"twitter:label2\" content=\"Tiempo de lectura\" \/>\n\t<meta name=\"twitter:data2\" content=\"5 minutos\" \/>\n<script type=\"application\/ld+json\" class=\"yoast-schema-graph\">{\"@context\":\"https:\/\/schema.org\",\"@graph\":[{\"@type\":\"Article\",\"@id\":\"https:\/\/madeinzaragoza.es\/blog\/juan-moro-indio-moro-fotografo\/#article\",\"isPartOf\":{\"@id\":\"https:\/\/madeinzaragoza.es\/blog\/juan-moro-indio-moro-fotografo\/\"},\"author\":{\"name\":\"Angela Medrano\",\"@id\":\"http:\/\/madeinzaragoza.es\/blog\/#\/schema\/person\/e806dba8166aaf8b7e464f2847493c2a\"},\"headline\":\"Indio Moro, el fot\u00f3grafo de almas en B\/N\",\"datePublished\":\"2017-12-25T17:20:01+00:00\",\"dateModified\":\"2017-12-25T18:42:52+00:00\",\"mainEntityOfPage\":{\"@id\":\"https:\/\/madeinzaragoza.es\/blog\/juan-moro-indio-moro-fotografo\/\"},\"wordCount\":960,\"commentCount\":0,\"publisher\":{\"@id\":\"http:\/\/madeinzaragoza.es\/blog\/#organization\"},\"keywords\":[\"fotografia\"],\"articleSection\":[\"Cultura\",\"Gente\"],\"inLanguage\":\"es\",\"potentialAction\":[{\"@type\":\"CommentAction\",\"name\":\"Comment\",\"target\":[\"https:\/\/madeinzaragoza.es\/blog\/juan-moro-indio-moro-fotografo\/#respond\"]}]},{\"@type\":\"WebPage\",\"@id\":\"https:\/\/madeinzaragoza.es\/blog\/juan-moro-indio-moro-fotografo\/\",\"url\":\"https:\/\/madeinzaragoza.es\/blog\/juan-moro-indio-moro-fotografo\/\",\"name\":\"Indio Moro, el fot\u00f3grafo de almas en B\/N - Made in Zaragoza\",\"isPartOf\":{\"@id\":\"http:\/\/madeinzaragoza.es\/blog\/#website\"},\"datePublished\":\"2017-12-25T17:20:01+00:00\",\"dateModified\":\"2017-12-25T18:42:52+00:00\",\"description\":\"Juan Moro \\\"Indio Moro\\\" es un fot\u00f3grafo que desde muy peque\u00f1o ha estado ligado a la fotograf\u00eda, pero es en 2007 cuando empieza a cursar sus estudios en la Escuela Spectrum Sotos de Zaragoza.\",\"breadcrumb\":{\"@id\":\"https:\/\/madeinzaragoza.es\/blog\/juan-moro-indio-moro-fotografo\/#breadcrumb\"},\"inLanguage\":\"es\",\"potentialAction\":[{\"@type\":\"ReadAction\",\"target\":[\"https:\/\/madeinzaragoza.es\/blog\/juan-moro-indio-moro-fotografo\/\"]}]},{\"@type\":\"BreadcrumbList\",\"@id\":\"https:\/\/madeinzaragoza.es\/blog\/juan-moro-indio-moro-fotografo\/#breadcrumb\",\"itemListElement\":[{\"@type\":\"ListItem\",\"position\":1,\"name\":\"Portada\",\"item\":\"http:\/\/madeinzaragoza.es\/blog\/\"},{\"@type\":\"ListItem\",\"position\":2,\"name\":\"Indio Moro, el fot\u00f3grafo de almas en B\/N\"}]},{\"@type\":\"WebSite\",\"@id\":\"http:\/\/madeinzaragoza.es\/blog\/#website\",\"url\":\"http:\/\/madeinzaragoza.es\/blog\/\",\"name\":\"Made in Zaragoza\",\"description\":\"Blog de MadeinZGZ, Red de Econom\u00eda Creativa de Zaragoza\",\"publisher\":{\"@id\":\"http:\/\/madeinzaragoza.es\/blog\/#organization\"},\"potentialAction\":[{\"@type\":\"SearchAction\",\"target\":{\"@type\":\"EntryPoint\",\"urlTemplate\":\"http:\/\/madeinzaragoza.es\/blog\/?s={search_term_string}\"},\"query-input\":\"required name=search_term_string\"}],\"inLanguage\":\"es\"},{\"@type\":\"Organization\",\"@id\":\"http:\/\/madeinzaragoza.es\/blog\/#organization\",\"name\":\"Made In Zaragoza\",\"url\":\"http:\/\/madeinzaragoza.es\/blog\/\",\"sameAs\":[\"https:\/\/www.instagram.com\/madeinzaragoza.es\/\",\"https:\/\/www.facebook.com\/madeinzaragoza.es\/\",\"https:\/\/twitter.com\/madeinzaragoza\"],\"logo\":{\"@type\":\"ImageObject\",\"inLanguage\":\"es\",\"@id\":\"http:\/\/madeinzaragoza.es\/blog\/#\/schema\/logo\/image\/\",\"url\":\"https:\/\/madeinzaragoza.es\/blog\/wp-content\/uploads\/2022\/05\/logo.png\",\"contentUrl\":\"https:\/\/madeinzaragoza.es\/blog\/wp-content\/uploads\/2022\/05\/logo.png\",\"width\":193,\"height\":176,\"caption\":\"Made In Zaragoza\"},\"image\":{\"@id\":\"http:\/\/madeinzaragoza.es\/blog\/#\/schema\/logo\/image\/\"}},{\"@type\":\"Person\",\"@id\":\"http:\/\/madeinzaragoza.es\/blog\/#\/schema\/person\/e806dba8166aaf8b7e464f2847493c2a\",\"name\":\"Angela Medrano\",\"image\":{\"@type\":\"ImageObject\",\"inLanguage\":\"es\",\"@id\":\"http:\/\/madeinzaragoza.es\/blog\/#\/schema\/person\/image\/\",\"url\":\"http:\/\/0.gravatar.com\/avatar\/3cee2f1709374f6ca8b2ae897c60eb2f?s=96&d=mm&r=g\",\"contentUrl\":\"http:\/\/0.gravatar.com\/avatar\/3cee2f1709374f6ca8b2ae897c60eb2f?s=96&d=mm&r=g\",\"caption\":\"Angela Medrano\"},\"description\":\"Profesional de la Comunicaci\u00f3n y Relaciones P\u00fablicas. 15 a\u00f1os de conocimientos y experiencia al servicio de todos vosotros! La Comunicaci\u00f3n es mi Pasi\u00f3n. Es la Estrategia basada en la Creatividad y soportada por todo un abanico de herramientas y acciones que la hacen posible. Tendiendo puentes por medio del di\u00e1logo social y la creaci\u00f3n de entornos de confianza.\",\"sameAs\":[\"http:\/\/angelamedrano.es\/\"],\"url\":\"http:\/\/madeinzaragoza.es\/blog\/author\/angela-medrano\/\"}]}<\/script>\n<!-- \/ Yoast SEO plugin. -->","yoast_head_json":{"title":"Indio Moro, el fot\u00f3grafo de almas en B\/N - Made in Zaragoza","description":"Juan Moro \"Indio Moro\" es un fot\u00f3grafo que desde muy peque\u00f1o ha estado ligado a la fotograf\u00eda, pero es en 2007 cuando empieza a cursar sus estudios en la Escuela Spectrum Sotos de Zaragoza.","robots":{"index":"index","follow":"follow","max-snippet":"max-snippet:-1","max-image-preview":"max-image-preview:large","max-video-preview":"max-video-preview:-1"},"canonical":"https:\/\/madeinzaragoza.es\/blog\/juan-moro-indio-moro-fotografo\/","og_locale":"es_ES","og_type":"article","og_title":"Indio Moro, el fot\u00f3grafo de almas en B\/N - Made in Zaragoza","og_description":"Juan Moro \"Indio Moro\" es un fot\u00f3grafo que desde muy peque\u00f1o ha estado ligado a la fotograf\u00eda, pero es en 2007 cuando empieza a cursar sus estudios en la Escuela Spectrum Sotos de Zaragoza.","og_url":"https:\/\/madeinzaragoza.es\/blog\/juan-moro-indio-moro-fotografo\/","og_site_name":"Made in Zaragoza","article_publisher":"https:\/\/www.facebook.com\/madeinzaragoza.es\/","article_published_time":"2017-12-25T17:20:01+00:00","article_modified_time":"2017-12-25T18:42:52+00:00","og_image":[{"width":537,"height":386,"url":"https:\/\/madeinzaragoza.es\/blog\/wp-content\/uploads\/2017\/12\/23659224_1915028622158249_8364183964411393439_n-e1514227292491.jpg","type":"image\/jpeg"}],"author":"Angela Medrano","twitter_card":"summary","twitter_creator":"@madeinzaragoza","twitter_site":"@madeinzaragoza","twitter_misc":{"Escrito por":"Angela Medrano","Tiempo de lectura":"5 minutos"},"schema":{"@context":"https:\/\/schema.org","@graph":[{"@type":"Article","@id":"https:\/\/madeinzaragoza.es\/blog\/juan-moro-indio-moro-fotografo\/#article","isPartOf":{"@id":"https:\/\/madeinzaragoza.es\/blog\/juan-moro-indio-moro-fotografo\/"},"author":{"name":"Angela Medrano","@id":"http:\/\/madeinzaragoza.es\/blog\/#\/schema\/person\/e806dba8166aaf8b7e464f2847493c2a"},"headline":"Indio Moro, el fot\u00f3grafo de almas en B\/N","datePublished":"2017-12-25T17:20:01+00:00","dateModified":"2017-12-25T18:42:52+00:00","mainEntityOfPage":{"@id":"https:\/\/madeinzaragoza.es\/blog\/juan-moro-indio-moro-fotografo\/"},"wordCount":960,"commentCount":0,"publisher":{"@id":"http:\/\/madeinzaragoza.es\/blog\/#organization"},"keywords":["fotografia"],"articleSection":["Cultura","Gente"],"inLanguage":"es","potentialAction":[{"@type":"CommentAction","name":"Comment","target":["https:\/\/madeinzaragoza.es\/blog\/juan-moro-indio-moro-fotografo\/#respond"]}]},{"@type":"WebPage","@id":"https:\/\/madeinzaragoza.es\/blog\/juan-moro-indio-moro-fotografo\/","url":"https:\/\/madeinzaragoza.es\/blog\/juan-moro-indio-moro-fotografo\/","name":"Indio Moro, el fot\u00f3grafo de almas en B\/N - Made in Zaragoza","isPartOf":{"@id":"http:\/\/madeinzaragoza.es\/blog\/#website"},"datePublished":"2017-12-25T17:20:01+00:00","dateModified":"2017-12-25T18:42:52+00:00","description":"Juan Moro \"Indio Moro\" es un fot\u00f3grafo que desde muy peque\u00f1o ha estado ligado a la fotograf\u00eda, pero es en 2007 cuando empieza a cursar sus estudios en la Escuela Spectrum Sotos de Zaragoza.","breadcrumb":{"@id":"https:\/\/madeinzaragoza.es\/blog\/juan-moro-indio-moro-fotografo\/#breadcrumb"},"inLanguage":"es","potentialAction":[{"@type":"ReadAction","target":["https:\/\/madeinzaragoza.es\/blog\/juan-moro-indio-moro-fotografo\/"]}]},{"@type":"BreadcrumbList","@id":"https:\/\/madeinzaragoza.es\/blog\/juan-moro-indio-moro-fotografo\/#breadcrumb","itemListElement":[{"@type":"ListItem","position":1,"name":"Portada","item":"http:\/\/madeinzaragoza.es\/blog\/"},{"@type":"ListItem","position":2,"name":"Indio Moro, el fot\u00f3grafo de almas en B\/N"}]},{"@type":"WebSite","@id":"http:\/\/madeinzaragoza.es\/blog\/#website","url":"http:\/\/madeinzaragoza.es\/blog\/","name":"Made in Zaragoza","description":"Blog de MadeinZGZ, Red de Econom\u00eda Creativa de Zaragoza","publisher":{"@id":"http:\/\/madeinzaragoza.es\/blog\/#organization"},"potentialAction":[{"@type":"SearchAction","target":{"@type":"EntryPoint","urlTemplate":"http:\/\/madeinzaragoza.es\/blog\/?s={search_term_string}"},"query-input":"required name=search_term_string"}],"inLanguage":"es"},{"@type":"Organization","@id":"http:\/\/madeinzaragoza.es\/blog\/#organization","name":"Made In Zaragoza","url":"http:\/\/madeinzaragoza.es\/blog\/","sameAs":["https:\/\/www.instagram.com\/madeinzaragoza.es\/","https:\/\/www.facebook.com\/madeinzaragoza.es\/","https:\/\/twitter.com\/madeinzaragoza"],"logo":{"@type":"ImageObject","inLanguage":"es","@id":"http:\/\/madeinzaragoza.es\/blog\/#\/schema\/logo\/image\/","url":"https:\/\/madeinzaragoza.es\/blog\/wp-content\/uploads\/2022\/05\/logo.png","contentUrl":"https:\/\/madeinzaragoza.es\/blog\/wp-content\/uploads\/2022\/05\/logo.png","width":193,"height":176,"caption":"Made In Zaragoza"},"image":{"@id":"http:\/\/madeinzaragoza.es\/blog\/#\/schema\/logo\/image\/"}},{"@type":"Person","@id":"http:\/\/madeinzaragoza.es\/blog\/#\/schema\/person\/e806dba8166aaf8b7e464f2847493c2a","name":"Angela Medrano","image":{"@type":"ImageObject","inLanguage":"es","@id":"http:\/\/madeinzaragoza.es\/blog\/#\/schema\/person\/image\/","url":"http:\/\/0.gravatar.com\/avatar\/3cee2f1709374f6ca8b2ae897c60eb2f?s=96&d=mm&r=g","contentUrl":"http:\/\/0.gravatar.com\/avatar\/3cee2f1709374f6ca8b2ae897c60eb2f?s=96&d=mm&r=g","caption":"Angela Medrano"},"description":"Profesional de la Comunicaci\u00f3n y Relaciones P\u00fablicas. 15 a\u00f1os de conocimientos y experiencia al servicio de todos vosotros! La Comunicaci\u00f3n es mi Pasi\u00f3n. Es la Estrategia basada en la Creatividad y soportada por todo un abanico de herramientas y acciones que la hacen posible. Tendiendo puentes por medio del di\u00e1logo social y la creaci\u00f3n de entornos de confianza.","sameAs":["http:\/\/angelamedrano.es\/"],"url":"http:\/\/madeinzaragoza.es\/blog\/author\/angela-medrano\/"}]}},"_links":{"self":[{"href":"http:\/\/madeinzaragoza.es\/blog\/wp-json\/wp\/v2\/posts\/18418"}],"collection":[{"href":"http:\/\/madeinzaragoza.es\/blog\/wp-json\/wp\/v2\/posts"}],"about":[{"href":"http:\/\/madeinzaragoza.es\/blog\/wp-json\/wp\/v2\/types\/post"}],"author":[{"embeddable":true,"href":"http:\/\/madeinzaragoza.es\/blog\/wp-json\/wp\/v2\/users\/52"}],"replies":[{"embeddable":true,"href":"http:\/\/madeinzaragoza.es\/blog\/wp-json\/wp\/v2\/comments?post=18418"}],"version-history":[{"count":4,"href":"http:\/\/madeinzaragoza.es\/blog\/wp-json\/wp\/v2\/posts\/18418\/revisions"}],"predecessor-version":[{"id":18477,"href":"http:\/\/madeinzaragoza.es\/blog\/wp-json\/wp\/v2\/posts\/18418\/revisions\/18477"}],"wp:featuredmedia":[{"embeddable":true,"href":"http:\/\/madeinzaragoza.es\/blog\/wp-json\/wp\/v2\/media\/18419"}],"wp:attachment":[{"href":"http:\/\/madeinzaragoza.es\/blog\/wp-json\/wp\/v2\/media?parent=18418"}],"wp:term":[{"taxonomy":"category","embeddable":true,"href":"http:\/\/madeinzaragoza.es\/blog\/wp-json\/wp\/v2\/categories?post=18418"},{"taxonomy":"post_tag","embeddable":true,"href":"http:\/\/madeinzaragoza.es\/blog\/wp-json\/wp\/v2\/tags?post=18418"}],"curies":[{"name":"wp","href":"https:\/\/api.w.org\/{rel}","templated":true}]}}