{"id":18174,"date":"2017-11-29T13:32:15","date_gmt":"2017-11-29T12:32:15","guid":{"rendered":"http:\/\/madeinzaragoza.es\/blog\/?p=18174"},"modified":"2022-10-09T14:51:40","modified_gmt":"2022-10-09T13:51:40","slug":"slow-design-rebeca-zarza-corner-educa","status":"publish","type":"post","link":"http:\/\/madeinzaragoza.es\/blog\/slow-design-rebeca-zarza-corner-educa\/","title":{"rendered":"Slow design de Rebeca Zarza en C\u00f3rner Educa"},"content":{"rendered":"<p>Hace ya unas semanas que durante la intervenci\u00f3n de <a href=\"https:\/\/rebecazarza.com\/\">Rebeca Zarza<\/a> en <a href=\"http:\/\/madeinzaragoza.es\/category\/corner-miz\/\">C\u00f3rner MIZ<\/a> nos visit\u00f3 el Colegio El Pilar Maristas, dentro de la actividad C\u00f3rner Educa, que busca conectar artistas y j\u00f3venes estudiantes de nuestra ciudad.<\/p>\n<p>&nbsp;<\/p>\n<p><img loading=\"lazy\" decoding=\"async\" class=\"alignnone size-full wp-image-18178\" src=\"http:\/\/madeinzaragoza.es\/blog\/wp-content\/uploads\/2017\/11\/rebeca10.jpg\" alt=\"\" width=\"4015\" height=\"1585\" srcset=\"http:\/\/madeinzaragoza.es\/blog\/wp-content\/uploads\/2017\/11\/rebeca10.jpg 4015w, http:\/\/madeinzaragoza.es\/blog\/wp-content\/uploads\/2017\/11\/rebeca10-300x118.jpg 300w, http:\/\/madeinzaragoza.es\/blog\/wp-content\/uploads\/2017\/11\/rebeca10-768x303.jpg 768w, http:\/\/madeinzaragoza.es\/blog\/wp-content\/uploads\/2017\/11\/rebeca10-1024x404.jpg 1024w, http:\/\/madeinzaragoza.es\/blog\/wp-content\/uploads\/2017\/11\/rebeca10-1200x474.jpg 1200w\" sizes=\"(max-width: 709px) 85vw, (max-width: 909px) 67vw, (max-width: 1362px) 62vw, 840px\" \/><\/p>\n<p>&nbsp;<\/p>\n<p>En la actividad participaron alumnos de 4 de la ESO, con los que tras reflexionar acerca de c\u00f3mo percibimos el arte actual, en relaci\u00f3n con el arte de pasado, pasamos a un animado di\u00e1logo con Rebeca.\u00a0A los alumnos les llam\u00f3 especialmente la atenci\u00f3n como Rebeca hab\u00eda podido complementar el arte con elementos decorativos como el papel y sobretodo el textil.<\/p>\n<p>&nbsp;<\/p>\n<p>Rebeca tuvo la generosidad de explicarnos c\u00f3mo era el proceso creativo, como recog\u00eda elementos que le inspiraba ,o que inspiraba a la dise\u00f1adora en el caso de dise\u00f1o de estampados para moda, para trabajar a partir de esas im\u00e1genes e intentar plasmar las ideas en la trama del estampado. Tras explicarnos la historia de La Azucarera y la simbolog\u00eda de cada uno de sus elementos, \u00a0Rebeca dejo que los alumnos pudieran \u00abcontinuar\u00bb su obra con azucarillos.<\/p>\n<div style=\"width: 840px;\" class=\"wp-video\"><!--[if lt IE 9]><script>document.createElement('video');<\/script><![endif]-->\n<video class=\"wp-video-shortcode\" id=\"video-18174-1\" width=\"840\" height=\"475\" preload=\"metadata\" controls=\"controls\"><source type=\"video\/mp4\" src=\"http:\/\/madeinzaragoza.es\/blog\/wp-content\/uploads\/2017\/11\/2017-10-10-VIDEO-00000008.mp4?_=1\" \/><a href=\"http:\/\/madeinzaragoza.es\/blog\/wp-content\/uploads\/2017\/11\/2017-10-10-VIDEO-00000008.mp4\">http:\/\/madeinzaragoza.es\/blog\/wp-content\/uploads\/2017\/11\/2017-10-10-VIDEO-00000008.mp4<\/a><\/video><\/div>\n<p>Sucedi\u00f3 algo muy interesante y es que a pesar de que los chicos y chicas se mostraron entusiasmados de participar\u00a0 y lanzarse a por azucarillos luego tuvieron mucho reparo al colocarlos por si \u00abestropeaban\u00bb la obra, a pesar de los \u00e1nimos de\u00a0Rebeca. Es bonito y esperanzador ese compromiso de los alumnos con seguir el esp\u00edritu de la intervenci\u00f3n art\u00edstica.<\/p>\n<p>&nbsp;<\/p>\n<p>En esta actividad se produjo algo que nos emociona por lo simb\u00f3lico, y es como el espectador puede tambi\u00e9n participar en la creaci\u00f3n art\u00edstica, no solo dialogando o aportando su reflexi\u00f3n, tambi\u00e9n de la mano del propio artista de una forma sencilla y sincera.<\/p>\n","protected":false},"excerpt":{"rendered":"<p>Hace ya unas semanas que durante la intervenci\u00f3n de Rebeca Zarza en C\u00f3rner MIZ nos visit\u00f3 el Colegio El Pilar Maristas, dentro de la actividad C\u00f3rner Educa, que busca conectar artistas y j\u00f3venes estudiantes de nuestra ciudad. &nbsp; &nbsp; En la actividad participaron alumnos de 4 de la ESO, con los que tras reflexionar acerca &hellip; <a href=\"http:\/\/madeinzaragoza.es\/blog\/slow-design-rebeca-zarza-corner-educa\/\" class=\"more-link\">Continuar leyendo<span class=\"screen-reader-text\"> \u00abSlow design de Rebeca Zarza en C\u00f3rner Educa\u00bb<\/span><\/a><\/p>\n","protected":false},"author":51,"featured_media":18182,"comment_status":"open","ping_status":"open","sticky":false,"template":"","format":"standard","meta":{"footnotes":""},"categories":[831],"tags":[],"yoast_head":"<!-- This site is optimized with the Yoast SEO plugin v19.7.2 - https:\/\/yoast.com\/wordpress\/plugins\/seo\/ -->\n<title>Slow design de Rebeca Zarza en C\u00f3rner Educa - Made in Zaragoza<\/title>\n<meta name=\"robots\" content=\"index, follow, max-snippet:-1, max-image-preview:large, max-video-preview:-1\" \/>\n<link rel=\"canonical\" href=\"http:\/\/madeinzaragoza.es\/blog\/slow-design-rebeca-zarza-corner-educa\/\" \/>\n<meta property=\"og:locale\" content=\"es_ES\" \/>\n<meta property=\"og:type\" content=\"article\" \/>\n<meta property=\"og:title\" content=\"Slow design de Rebeca Zarza en C\u00f3rner Educa - Made in Zaragoza\" \/>\n<meta property=\"og:description\" content=\"Hace ya unas semanas que durante la intervenci\u00f3n de Rebeca Zarza en C\u00f3rner MIZ nos visit\u00f3 el Colegio El Pilar Maristas, dentro de la actividad C\u00f3rner Educa, que busca conectar artistas y j\u00f3venes estudiantes de nuestra ciudad. &nbsp; &nbsp; En la actividad participaron alumnos de 4 de la ESO, con los que tras reflexionar acerca &hellip; Continuar leyendo &quot;Slow design de Rebeca Zarza en C\u00f3rner Educa&quot;\" \/>\n<meta property=\"og:url\" content=\"http:\/\/madeinzaragoza.es\/blog\/slow-design-rebeca-zarza-corner-educa\/\" \/>\n<meta property=\"og:site_name\" content=\"Made in Zaragoza\" \/>\n<meta property=\"article:publisher\" content=\"https:\/\/www.facebook.com\/madeinzaragoza.es\/\" \/>\n<meta property=\"article:published_time\" content=\"2017-11-29T12:32:15+00:00\" \/>\n<meta property=\"article:modified_time\" content=\"2022-10-09T13:51:40+00:00\" \/>\n<meta property=\"og:image\" content=\"http:\/\/madeinzaragoza.es\/blog\/wp-content\/uploads\/2017\/11\/rebeca122.jpg\" \/>\n\t<meta property=\"og:image:width\" content=\"854\" \/>\n\t<meta property=\"og:image:height\" content=\"482\" \/>\n\t<meta property=\"og:image:type\" content=\"image\/jpeg\" \/>\n<meta name=\"author\" content=\"Elena del Diego\" \/>\n<meta name=\"twitter:card\" content=\"summary\" \/>\n<meta name=\"twitter:creator\" content=\"@madeinzaragoza\" \/>\n<meta name=\"twitter:site\" content=\"@madeinzaragoza\" \/>\n<meta name=\"twitter:label1\" content=\"Escrito por\" \/>\n\t<meta name=\"twitter:data1\" content=\"Elena del Diego\" \/>\n\t<meta name=\"twitter:label2\" content=\"Tiempo de lectura\" \/>\n\t<meta name=\"twitter:data2\" content=\"2 minutos\" \/>\n<script type=\"application\/ld+json\" class=\"yoast-schema-graph\">{\"@context\":\"https:\/\/schema.org\",\"@graph\":[{\"@type\":\"Article\",\"@id\":\"http:\/\/madeinzaragoza.es\/blog\/slow-design-rebeca-zarza-corner-educa\/#article\",\"isPartOf\":{\"@id\":\"http:\/\/madeinzaragoza.es\/blog\/slow-design-rebeca-zarza-corner-educa\/\"},\"author\":{\"name\":\"Elena del Diego\",\"@id\":\"http:\/\/madeinzaragoza.es\/blog\/#\/schema\/person\/20d838fcfa5940394c113a5fff8a4a3e\"},\"headline\":\"Slow design de Rebeca Zarza en C\u00f3rner Educa\",\"datePublished\":\"2017-11-29T12:32:15+00:00\",\"dateModified\":\"2022-10-09T13:51:40+00:00\",\"mainEntityOfPage\":{\"@id\":\"http:\/\/madeinzaragoza.es\/blog\/slow-design-rebeca-zarza-corner-educa\/\"},\"wordCount\":329,\"commentCount\":0,\"publisher\":{\"@id\":\"http:\/\/madeinzaragoza.es\/blog\/#organization\"},\"articleSection\":[\"CornerMIZ\"],\"inLanguage\":\"es\",\"potentialAction\":[{\"@type\":\"CommentAction\",\"name\":\"Comment\",\"target\":[\"http:\/\/madeinzaragoza.es\/blog\/slow-design-rebeca-zarza-corner-educa\/#respond\"]}]},{\"@type\":\"WebPage\",\"@id\":\"http:\/\/madeinzaragoza.es\/blog\/slow-design-rebeca-zarza-corner-educa\/\",\"url\":\"http:\/\/madeinzaragoza.es\/blog\/slow-design-rebeca-zarza-corner-educa\/\",\"name\":\"Slow design de Rebeca Zarza en C\u00f3rner Educa - Made in Zaragoza\",\"isPartOf\":{\"@id\":\"http:\/\/madeinzaragoza.es\/blog\/#website\"},\"datePublished\":\"2017-11-29T12:32:15+00:00\",\"dateModified\":\"2022-10-09T13:51:40+00:00\",\"breadcrumb\":{\"@id\":\"http:\/\/madeinzaragoza.es\/blog\/slow-design-rebeca-zarza-corner-educa\/#breadcrumb\"},\"inLanguage\":\"es\",\"potentialAction\":[{\"@type\":\"ReadAction\",\"target\":[\"http:\/\/madeinzaragoza.es\/blog\/slow-design-rebeca-zarza-corner-educa\/\"]}]},{\"@type\":\"BreadcrumbList\",\"@id\":\"http:\/\/madeinzaragoza.es\/blog\/slow-design-rebeca-zarza-corner-educa\/#breadcrumb\",\"itemListElement\":[{\"@type\":\"ListItem\",\"position\":1,\"name\":\"Portada\",\"item\":\"http:\/\/madeinzaragoza.es\/blog\/\"},{\"@type\":\"ListItem\",\"position\":2,\"name\":\"Slow design de Rebeca Zarza en C\u00f3rner Educa\"}]},{\"@type\":\"WebSite\",\"@id\":\"http:\/\/madeinzaragoza.es\/blog\/#website\",\"url\":\"http:\/\/madeinzaragoza.es\/blog\/\",\"name\":\"Made in Zaragoza\",\"description\":\"Blog de MadeinZGZ, Red de Econom\u00eda Creativa de Zaragoza\",\"publisher\":{\"@id\":\"http:\/\/madeinzaragoza.es\/blog\/#organization\"},\"potentialAction\":[{\"@type\":\"SearchAction\",\"target\":{\"@type\":\"EntryPoint\",\"urlTemplate\":\"http:\/\/madeinzaragoza.es\/blog\/?s={search_term_string}\"},\"query-input\":\"required name=search_term_string\"}],\"inLanguage\":\"es\"},{\"@type\":\"Organization\",\"@id\":\"http:\/\/madeinzaragoza.es\/blog\/#organization\",\"name\":\"Made In Zaragoza\",\"url\":\"http:\/\/madeinzaragoza.es\/blog\/\",\"sameAs\":[\"https:\/\/www.instagram.com\/madeinzaragoza.es\/\",\"https:\/\/www.facebook.com\/madeinzaragoza.es\/\",\"https:\/\/twitter.com\/madeinzaragoza\"],\"logo\":{\"@type\":\"ImageObject\",\"inLanguage\":\"es\",\"@id\":\"http:\/\/madeinzaragoza.es\/blog\/#\/schema\/logo\/image\/\",\"url\":\"https:\/\/madeinzaragoza.es\/blog\/wp-content\/uploads\/2022\/05\/logo.png\",\"contentUrl\":\"https:\/\/madeinzaragoza.es\/blog\/wp-content\/uploads\/2022\/05\/logo.png\",\"width\":193,\"height\":176,\"caption\":\"Made In Zaragoza\"},\"image\":{\"@id\":\"http:\/\/madeinzaragoza.es\/blog\/#\/schema\/logo\/image\/\"}},{\"@type\":\"Person\",\"@id\":\"http:\/\/madeinzaragoza.es\/blog\/#\/schema\/person\/20d838fcfa5940394c113a5fff8a4a3e\",\"name\":\"Elena del Diego\",\"image\":{\"@type\":\"ImageObject\",\"inLanguage\":\"es\",\"@id\":\"http:\/\/madeinzaragoza.es\/blog\/#\/schema\/person\/image\/\",\"url\":\"http:\/\/2.gravatar.com\/avatar\/ba5567feee512c7ca05679efd940cc4d?s=96&d=mm&r=g\",\"contentUrl\":\"http:\/\/2.gravatar.com\/avatar\/ba5567feee512c7ca05679efd940cc4d?s=96&d=mm&r=g\",\"caption\":\"Elena del Diego\"},\"url\":\"http:\/\/madeinzaragoza.es\/blog\/author\/elena-del-diego\/\"}]}<\/script>\n<!-- \/ Yoast SEO plugin. -->","yoast_head_json":{"title":"Slow design de Rebeca Zarza en C\u00f3rner Educa - Made in Zaragoza","robots":{"index":"index","follow":"follow","max-snippet":"max-snippet:-1","max-image-preview":"max-image-preview:large","max-video-preview":"max-video-preview:-1"},"canonical":"http:\/\/madeinzaragoza.es\/blog\/slow-design-rebeca-zarza-corner-educa\/","og_locale":"es_ES","og_type":"article","og_title":"Slow design de Rebeca Zarza en C\u00f3rner Educa - Made in Zaragoza","og_description":"Hace ya unas semanas que durante la intervenci\u00f3n de Rebeca Zarza en C\u00f3rner MIZ nos visit\u00f3 el Colegio El Pilar Maristas, dentro de la actividad C\u00f3rner Educa, que busca conectar artistas y j\u00f3venes estudiantes de nuestra ciudad. &nbsp; &nbsp; En la actividad participaron alumnos de 4 de la ESO, con los que tras reflexionar acerca &hellip; Continuar leyendo \"Slow design de Rebeca Zarza en C\u00f3rner Educa\"","og_url":"http:\/\/madeinzaragoza.es\/blog\/slow-design-rebeca-zarza-corner-educa\/","og_site_name":"Made in Zaragoza","article_publisher":"https:\/\/www.facebook.com\/madeinzaragoza.es\/","article_published_time":"2017-11-29T12:32:15+00:00","article_modified_time":"2022-10-09T13:51:40+00:00","og_image":[{"width":854,"height":482,"url":"http:\/\/madeinzaragoza.es\/blog\/wp-content\/uploads\/2017\/11\/rebeca122.jpg","type":"image\/jpeg"}],"author":"Elena del Diego","twitter_card":"summary","twitter_creator":"@madeinzaragoza","twitter_site":"@madeinzaragoza","twitter_misc":{"Escrito por":"Elena del Diego","Tiempo de lectura":"2 minutos"},"schema":{"@context":"https:\/\/schema.org","@graph":[{"@type":"Article","@id":"http:\/\/madeinzaragoza.es\/blog\/slow-design-rebeca-zarza-corner-educa\/#article","isPartOf":{"@id":"http:\/\/madeinzaragoza.es\/blog\/slow-design-rebeca-zarza-corner-educa\/"},"author":{"name":"Elena del Diego","@id":"http:\/\/madeinzaragoza.es\/blog\/#\/schema\/person\/20d838fcfa5940394c113a5fff8a4a3e"},"headline":"Slow design de Rebeca Zarza en C\u00f3rner Educa","datePublished":"2017-11-29T12:32:15+00:00","dateModified":"2022-10-09T13:51:40+00:00","mainEntityOfPage":{"@id":"http:\/\/madeinzaragoza.es\/blog\/slow-design-rebeca-zarza-corner-educa\/"},"wordCount":329,"commentCount":0,"publisher":{"@id":"http:\/\/madeinzaragoza.es\/blog\/#organization"},"articleSection":["CornerMIZ"],"inLanguage":"es","potentialAction":[{"@type":"CommentAction","name":"Comment","target":["http:\/\/madeinzaragoza.es\/blog\/slow-design-rebeca-zarza-corner-educa\/#respond"]}]},{"@type":"WebPage","@id":"http:\/\/madeinzaragoza.es\/blog\/slow-design-rebeca-zarza-corner-educa\/","url":"http:\/\/madeinzaragoza.es\/blog\/slow-design-rebeca-zarza-corner-educa\/","name":"Slow design de Rebeca Zarza en C\u00f3rner Educa - Made in Zaragoza","isPartOf":{"@id":"http:\/\/madeinzaragoza.es\/blog\/#website"},"datePublished":"2017-11-29T12:32:15+00:00","dateModified":"2022-10-09T13:51:40+00:00","breadcrumb":{"@id":"http:\/\/madeinzaragoza.es\/blog\/slow-design-rebeca-zarza-corner-educa\/#breadcrumb"},"inLanguage":"es","potentialAction":[{"@type":"ReadAction","target":["http:\/\/madeinzaragoza.es\/blog\/slow-design-rebeca-zarza-corner-educa\/"]}]},{"@type":"BreadcrumbList","@id":"http:\/\/madeinzaragoza.es\/blog\/slow-design-rebeca-zarza-corner-educa\/#breadcrumb","itemListElement":[{"@type":"ListItem","position":1,"name":"Portada","item":"http:\/\/madeinzaragoza.es\/blog\/"},{"@type":"ListItem","position":2,"name":"Slow design de Rebeca Zarza en C\u00f3rner Educa"}]},{"@type":"WebSite","@id":"http:\/\/madeinzaragoza.es\/blog\/#website","url":"http:\/\/madeinzaragoza.es\/blog\/","name":"Made in Zaragoza","description":"Blog de MadeinZGZ, Red de Econom\u00eda Creativa de Zaragoza","publisher":{"@id":"http:\/\/madeinzaragoza.es\/blog\/#organization"},"potentialAction":[{"@type":"SearchAction","target":{"@type":"EntryPoint","urlTemplate":"http:\/\/madeinzaragoza.es\/blog\/?s={search_term_string}"},"query-input":"required name=search_term_string"}],"inLanguage":"es"},{"@type":"Organization","@id":"http:\/\/madeinzaragoza.es\/blog\/#organization","name":"Made In Zaragoza","url":"http:\/\/madeinzaragoza.es\/blog\/","sameAs":["https:\/\/www.instagram.com\/madeinzaragoza.es\/","https:\/\/www.facebook.com\/madeinzaragoza.es\/","https:\/\/twitter.com\/madeinzaragoza"],"logo":{"@type":"ImageObject","inLanguage":"es","@id":"http:\/\/madeinzaragoza.es\/blog\/#\/schema\/logo\/image\/","url":"https:\/\/madeinzaragoza.es\/blog\/wp-content\/uploads\/2022\/05\/logo.png","contentUrl":"https:\/\/madeinzaragoza.es\/blog\/wp-content\/uploads\/2022\/05\/logo.png","width":193,"height":176,"caption":"Made In Zaragoza"},"image":{"@id":"http:\/\/madeinzaragoza.es\/blog\/#\/schema\/logo\/image\/"}},{"@type":"Person","@id":"http:\/\/madeinzaragoza.es\/blog\/#\/schema\/person\/20d838fcfa5940394c113a5fff8a4a3e","name":"Elena del Diego","image":{"@type":"ImageObject","inLanguage":"es","@id":"http:\/\/madeinzaragoza.es\/blog\/#\/schema\/person\/image\/","url":"http:\/\/2.gravatar.com\/avatar\/ba5567feee512c7ca05679efd940cc4d?s=96&d=mm&r=g","contentUrl":"http:\/\/2.gravatar.com\/avatar\/ba5567feee512c7ca05679efd940cc4d?s=96&d=mm&r=g","caption":"Elena del Diego"},"url":"http:\/\/madeinzaragoza.es\/blog\/author\/elena-del-diego\/"}]}},"_links":{"self":[{"href":"http:\/\/madeinzaragoza.es\/blog\/wp-json\/wp\/v2\/posts\/18174"}],"collection":[{"href":"http:\/\/madeinzaragoza.es\/blog\/wp-json\/wp\/v2\/posts"}],"about":[{"href":"http:\/\/madeinzaragoza.es\/blog\/wp-json\/wp\/v2\/types\/post"}],"author":[{"embeddable":true,"href":"http:\/\/madeinzaragoza.es\/blog\/wp-json\/wp\/v2\/users\/51"}],"replies":[{"embeddable":true,"href":"http:\/\/madeinzaragoza.es\/blog\/wp-json\/wp\/v2\/comments?post=18174"}],"version-history":[{"count":9,"href":"http:\/\/madeinzaragoza.es\/blog\/wp-json\/wp\/v2\/posts\/18174\/revisions"}],"predecessor-version":[{"id":36000,"href":"http:\/\/madeinzaragoza.es\/blog\/wp-json\/wp\/v2\/posts\/18174\/revisions\/36000"}],"wp:featuredmedia":[{"embeddable":true,"href":"http:\/\/madeinzaragoza.es\/blog\/wp-json\/wp\/v2\/media\/18182"}],"wp:attachment":[{"href":"http:\/\/madeinzaragoza.es\/blog\/wp-json\/wp\/v2\/media?parent=18174"}],"wp:term":[{"taxonomy":"category","embeddable":true,"href":"http:\/\/madeinzaragoza.es\/blog\/wp-json\/wp\/v2\/categories?post=18174"},{"taxonomy":"post_tag","embeddable":true,"href":"http:\/\/madeinzaragoza.es\/blog\/wp-json\/wp\/v2\/tags?post=18174"}],"curies":[{"name":"wp","href":"https:\/\/api.w.org\/{rel}","templated":true}]}}