{"id":18121,"date":"2017-11-26T19:08:52","date_gmt":"2017-11-26T18:08:52","guid":{"rendered":"http:\/\/madeinzaragoza.es\/blog\/?p=18121"},"modified":"2017-12-09T17:31:05","modified_gmt":"2017-12-09T16:31:05","slug":"proceso-creativo-reflexivo-pablo-perez-palacio","status":"publish","type":"post","link":"http:\/\/madeinzaragoza.es\/blog\/proceso-creativo-reflexivo-pablo-perez-palacio\/","title":{"rendered":"El proceso creativo y reflexivo de Pablo P\u00e9rez Palacio"},"content":{"rendered":"<p>Pablo P\u00e9rez Palacio es el artista que ha realizado la quinta intervenci\u00f3n del ciclo \u00abMutantes\u00bb en C\u00f3rner MIZ. Bajo el t\u00edtulo \u00abMutantes, el encuentro con el conflicto\u00bb Pablo ha elaborado una intervenci\u00f3n siguiendo un proceso creativo y reflexivo dentro de su investigaci\u00f3n pl\u00e1stica, visual y filos\u00f3fica m\u00e1s personal.<\/p>\n<p>&nbsp;<\/p>\n<p>La pintura, el espacio, la escenograf\u00eda y la escritura, sobre todo la escritura, tienen un gran peso en el desarrollo de su obra. Pl\u00e1sticamente utiliza la geometr\u00eda para hablar de conceptos esenciales ya que \u00e9sta le ayuda a trav\u00e9s de la composici\u00f3n y el color a hablar de este tipo de cuestiones y conceptos.<\/p>\n<p>&nbsp;<\/p>\n<p><img loading=\"lazy\" decoding=\"async\" class=\"aligncenter size-full wp-image-18133\" src=\"http:\/\/madeinzaragoza.es\/blog\/wp-content\/uploads\/2017\/11\/DSCF0701.jpg\" alt=\"\" width=\"1200\" height=\"800\" srcset=\"http:\/\/madeinzaragoza.es\/blog\/wp-content\/uploads\/2017\/11\/DSCF0701.jpg 1200w, http:\/\/madeinzaragoza.es\/blog\/wp-content\/uploads\/2017\/11\/DSCF0701-300x200.jpg 300w, http:\/\/madeinzaragoza.es\/blog\/wp-content\/uploads\/2017\/11\/DSCF0701-768x512.jpg 768w, http:\/\/madeinzaragoza.es\/blog\/wp-content\/uploads\/2017\/11\/DSCF0701-1024x683.jpg 1024w\" sizes=\"(max-width: 709px) 85vw, (max-width: 909px) 67vw, (max-width: 1362px) 62vw, 840px\" \/> <img loading=\"lazy\" decoding=\"async\" class=\"aligncenter size-full wp-image-18138\" src=\"http:\/\/madeinzaragoza.es\/blog\/wp-content\/uploads\/2017\/11\/DSCF0718.jpg\" alt=\"\" width=\"1200\" height=\"800\" srcset=\"http:\/\/madeinzaragoza.es\/blog\/wp-content\/uploads\/2017\/11\/DSCF0718.jpg 1200w, http:\/\/madeinzaragoza.es\/blog\/wp-content\/uploads\/2017\/11\/DSCF0718-300x200.jpg 300w, http:\/\/madeinzaragoza.es\/blog\/wp-content\/uploads\/2017\/11\/DSCF0718-768x512.jpg 768w, http:\/\/madeinzaragoza.es\/blog\/wp-content\/uploads\/2017\/11\/DSCF0718-1024x683.jpg 1024w\" sizes=\"(max-width: 709px) 85vw, (max-width: 909px) 67vw, (max-width: 1362px) 62vw, 840px\" \/><\/p>\n<p>Como ya comentamos en el <a href=\"http:\/\/madeinzaragoza.es\/blog\/pablo-perez-palacio-corner-miz\/\">art\u00edculo anterior <\/a>sobre su obra, para Pablo es muy importante el pensamiento filos\u00f3fico en su obra ya que todas sus ideas y pensamientos son plasmados en conceptos y elementos pict\u00f3ricos. \u00c9l se crea una especie de c\u00f3gido picto-filos\u00f3fico a partir del que va creando y va introduciendo referencias a todo su proceso mental. Y todo ese proceso mental queda plasmado en escritos y anotaciones que va realizando de forma paralela al proceso pict\u00f3rico.<\/p>\n<p>&nbsp;<\/p>\n<p>Su proceso creativo es una mezcla de la pintura y la escritura.<\/p>\n<p>&nbsp;<\/p>\n<p><img loading=\"lazy\" decoding=\"async\" class=\"aligncenter size-full wp-image-18137\" src=\"http:\/\/madeinzaragoza.es\/blog\/wp-content\/uploads\/2017\/11\/DSCF0713.jpg\" alt=\"\" width=\"1200\" height=\"800\" srcset=\"http:\/\/madeinzaragoza.es\/blog\/wp-content\/uploads\/2017\/11\/DSCF0713.jpg 1200w, http:\/\/madeinzaragoza.es\/blog\/wp-content\/uploads\/2017\/11\/DSCF0713-300x200.jpg 300w, http:\/\/madeinzaragoza.es\/blog\/wp-content\/uploads\/2017\/11\/DSCF0713-768x512.jpg 768w, http:\/\/madeinzaragoza.es\/blog\/wp-content\/uploads\/2017\/11\/DSCF0713-1024x683.jpg 1024w\" sizes=\"(max-width: 709px) 85vw, (max-width: 909px) 67vw, (max-width: 1362px) 62vw, 840px\" \/> <img loading=\"lazy\" decoding=\"async\" class=\"aligncenter size-full wp-image-18136\" src=\"http:\/\/madeinzaragoza.es\/blog\/wp-content\/uploads\/2017\/11\/DSCF0712.jpg\" alt=\"\" width=\"1200\" height=\"800\" srcset=\"http:\/\/madeinzaragoza.es\/blog\/wp-content\/uploads\/2017\/11\/DSCF0712.jpg 1200w, http:\/\/madeinzaragoza.es\/blog\/wp-content\/uploads\/2017\/11\/DSCF0712-300x200.jpg 300w, http:\/\/madeinzaragoza.es\/blog\/wp-content\/uploads\/2017\/11\/DSCF0712-768x512.jpg 768w, http:\/\/madeinzaragoza.es\/blog\/wp-content\/uploads\/2017\/11\/DSCF0712-1024x683.jpg 1024w\" sizes=\"(max-width: 709px) 85vw, (max-width: 909px) 67vw, (max-width: 1362px) 62vw, 840px\" \/> <img loading=\"lazy\" decoding=\"async\" class=\"aligncenter size-full wp-image-18135\" src=\"http:\/\/madeinzaragoza.es\/blog\/wp-content\/uploads\/2017\/11\/DSCF0704.jpg\" alt=\"\" width=\"1200\" height=\"800\" srcset=\"http:\/\/madeinzaragoza.es\/blog\/wp-content\/uploads\/2017\/11\/DSCF0704.jpg 1200w, http:\/\/madeinzaragoza.es\/blog\/wp-content\/uploads\/2017\/11\/DSCF0704-300x200.jpg 300w, http:\/\/madeinzaragoza.es\/blog\/wp-content\/uploads\/2017\/11\/DSCF0704-768x512.jpg 768w, http:\/\/madeinzaragoza.es\/blog\/wp-content\/uploads\/2017\/11\/DSCF0704-1024x683.jpg 1024w\" sizes=\"(max-width: 709px) 85vw, (max-width: 909px) 67vw, (max-width: 1362px) 62vw, 840px\" \/> <img loading=\"lazy\" decoding=\"async\" class=\"aligncenter size-full wp-image-18134\" src=\"http:\/\/madeinzaragoza.es\/blog\/wp-content\/uploads\/2017\/11\/DSCF0703.jpg\" alt=\"\" width=\"1200\" height=\"800\" srcset=\"http:\/\/madeinzaragoza.es\/blog\/wp-content\/uploads\/2017\/11\/DSCF0703.jpg 1200w, http:\/\/madeinzaragoza.es\/blog\/wp-content\/uploads\/2017\/11\/DSCF0703-300x200.jpg 300w, http:\/\/madeinzaragoza.es\/blog\/wp-content\/uploads\/2017\/11\/DSCF0703-768x512.jpg 768w, http:\/\/madeinzaragoza.es\/blog\/wp-content\/uploads\/2017\/11\/DSCF0703-1024x683.jpg 1024w\" sizes=\"(max-width: 709px) 85vw, (max-width: 909px) 67vw, (max-width: 1362px) 62vw, 840px\" \/><\/p>\n<p>El artista nos habla de la condici\u00f3n humana, de sus limitaciones y aspiraciones, de lo que quiere y de lo que no puede, de sus l\u00edmites&#8230; y esto lo plasma a partir de las reglas que \u00e9l mismo se autoimpone para introducir sus referencias filos\u00f3ficas y, a veces, existenciales. Estas ideas las traduce en formas geom\u00e9tricas que representa en tensi\u00f3n pero tambi\u00e9n en todos los textos que de forma paralela va realizando y que completa (y nos ayudan a entender mejor) su obra.<\/p>\n<p>&nbsp;<\/p>\n<p>Casi nunca aparecen los textos junto a sus obras pl\u00e1sticas por lo que la intervenci\u00f3n en C\u00f3rner MIZ es una ocasi\u00f3n \u00fanica de acercarse e introducirse de una forma m\u00e1s personal en su mundo creativo.<\/p>\n<p><iframe loading=\"lazy\" width=\"840\" height=\"473\" src=\"https:\/\/www.youtube.com\/embed\/ghwWfhuNTOw?feature=oembed\" frameborder=\"0\" gesture=\"media\" allow=\"encrypted-media\" allowfullscreen><\/iframe><\/p>\n<p>Si todav\u00eda no has pasado por C\u00f3rner MIZ en Zaragoza Activa (La Azucarera), puedes acercarte a ver su obra hasta el pr\u00f3ximo viernes d\u00eda 1 de diciembre.<\/p>\n<p>&nbsp;<\/p>\n<p><img loading=\"lazy\" decoding=\"async\" class=\"aligncenter size-full wp-image-18139\" src=\"http:\/\/madeinzaragoza.es\/blog\/wp-content\/uploads\/2017\/11\/DSCF0734.jpg\" alt=\"\" width=\"1200\" height=\"800\" srcset=\"http:\/\/madeinzaragoza.es\/blog\/wp-content\/uploads\/2017\/11\/DSCF0734.jpg 1200w, http:\/\/madeinzaragoza.es\/blog\/wp-content\/uploads\/2017\/11\/DSCF0734-300x200.jpg 300w, http:\/\/madeinzaragoza.es\/blog\/wp-content\/uploads\/2017\/11\/DSCF0734-768x512.jpg 768w, http:\/\/madeinzaragoza.es\/blog\/wp-content\/uploads\/2017\/11\/DSCF0734-1024x683.jpg 1024w\" sizes=\"(max-width: 709px) 85vw, (max-width: 909px) 67vw, (max-width: 1362px) 62vw, 840px\" \/> <img loading=\"lazy\" decoding=\"async\" class=\"aligncenter size-full wp-image-18140\" src=\"http:\/\/madeinzaragoza.es\/blog\/wp-content\/uploads\/2017\/11\/DSCF0775.jpg\" alt=\"\" width=\"1200\" height=\"750\" srcset=\"http:\/\/madeinzaragoza.es\/blog\/wp-content\/uploads\/2017\/11\/DSCF0775.jpg 1200w, http:\/\/madeinzaragoza.es\/blog\/wp-content\/uploads\/2017\/11\/DSCF0775-300x188.jpg 300w, http:\/\/madeinzaragoza.es\/blog\/wp-content\/uploads\/2017\/11\/DSCF0775-768x480.jpg 768w, http:\/\/madeinzaragoza.es\/blog\/wp-content\/uploads\/2017\/11\/DSCF0775-1024x640.jpg 1024w\" sizes=\"(max-width: 709px) 85vw, (max-width: 909px) 67vw, (max-width: 1362px) 62vw, 840px\" \/><\/p>\n<p><span style=\"color: #808080\"><em>Fotograf\u00edas: Beatriz Ordu\u00f1a<\/em><\/span><\/p>\n","protected":false},"excerpt":{"rendered":"<p>Pablo P\u00e9rez Palacio es el artista que ha realizado la quinta intervenci\u00f3n del ciclo \u00abMutantes\u00bb en C\u00f3rner MIZ. Bajo el t\u00edtulo \u00abMutantes, el encuentro con el conflicto\u00bb Pablo ha elaborado una intervenci\u00f3n siguiendo un proceso creativo y reflexivo dentro de su investigaci\u00f3n pl\u00e1stica, visual y filos\u00f3fica m\u00e1s personal. &nbsp; La pintura, el espacio, la escenograf\u00eda &hellip; <a href=\"http:\/\/madeinzaragoza.es\/blog\/proceso-creativo-reflexivo-pablo-perez-palacio\/\" class=\"more-link\">Continuar leyendo<span class=\"screen-reader-text\"> \u00abEl proceso creativo y reflexivo de Pablo P\u00e9rez Palacio\u00bb<\/span><\/a><\/p>\n","protected":false},"author":36,"featured_media":18129,"comment_status":"open","ping_status":"open","sticky":false,"template":"","format":"standard","meta":{"footnotes":""},"categories":[831],"tags":[],"yoast_head":"<!-- This site is optimized with the Yoast SEO plugin v19.7.2 - https:\/\/yoast.com\/wordpress\/plugins\/seo\/ -->\n<title>El proceso creativo y reflexivo de Pablo P\u00e9rez Palacio - Made in Zaragoza<\/title>\n<meta name=\"robots\" content=\"index, follow, max-snippet:-1, max-image-preview:large, max-video-preview:-1\" \/>\n<link rel=\"canonical\" href=\"http:\/\/madeinzaragoza.es\/blog\/proceso-creativo-reflexivo-pablo-perez-palacio\/\" \/>\n<meta property=\"og:locale\" content=\"es_ES\" \/>\n<meta property=\"og:type\" content=\"article\" \/>\n<meta property=\"og:title\" content=\"El proceso creativo y reflexivo de Pablo P\u00e9rez Palacio - Made in Zaragoza\" \/>\n<meta property=\"og:description\" content=\"Pablo P\u00e9rez Palacio es el artista que ha realizado la quinta intervenci\u00f3n del ciclo \u00abMutantes\u00bb en C\u00f3rner MIZ. Bajo el t\u00edtulo \u00abMutantes, el encuentro con el conflicto\u00bb Pablo ha elaborado una intervenci\u00f3n siguiendo un proceso creativo y reflexivo dentro de su investigaci\u00f3n pl\u00e1stica, visual y filos\u00f3fica m\u00e1s personal. &nbsp; La pintura, el espacio, la escenograf\u00eda &hellip; Continuar leyendo &quot;El proceso creativo y reflexivo de Pablo P\u00e9rez Palacio&quot;\" \/>\n<meta property=\"og:url\" content=\"http:\/\/madeinzaragoza.es\/blog\/proceso-creativo-reflexivo-pablo-perez-palacio\/\" \/>\n<meta property=\"og:site_name\" content=\"Made in Zaragoza\" \/>\n<meta property=\"article:publisher\" content=\"https:\/\/www.facebook.com\/madeinzaragoza.es\/\" \/>\n<meta property=\"article:author\" content=\"zarayorkers\" \/>\n<meta property=\"article:published_time\" content=\"2017-11-26T18:08:52+00:00\" \/>\n<meta property=\"article:modified_time\" content=\"2017-12-09T16:31:05+00:00\" \/>\n<meta property=\"og:image\" content=\"http:\/\/madeinzaragoza.es\/blog\/wp-content\/uploads\/2017\/11\/DSCF0732.jpg\" \/>\n\t<meta property=\"og:image:width\" content=\"1200\" \/>\n\t<meta property=\"og:image:height\" content=\"800\" \/>\n\t<meta property=\"og:image:type\" content=\"image\/jpeg\" \/>\n<meta name=\"author\" content=\"Sergio Sevilla\" \/>\n<meta name=\"twitter:card\" content=\"summary\" \/>\n<meta name=\"twitter:creator\" content=\"@madeinzaragoza\" \/>\n<meta name=\"twitter:site\" content=\"@madeinzaragoza\" \/>\n<meta name=\"twitter:label1\" content=\"Escrito por\" \/>\n\t<meta name=\"twitter:data1\" content=\"Sergio Sevilla\" \/>\n\t<meta name=\"twitter:label2\" content=\"Tiempo de lectura\" \/>\n\t<meta name=\"twitter:data2\" content=\"2 minutos\" \/>\n<script type=\"application\/ld+json\" class=\"yoast-schema-graph\">{\"@context\":\"https:\/\/schema.org\",\"@graph\":[{\"@type\":\"Article\",\"@id\":\"http:\/\/madeinzaragoza.es\/blog\/proceso-creativo-reflexivo-pablo-perez-palacio\/#article\",\"isPartOf\":{\"@id\":\"http:\/\/madeinzaragoza.es\/blog\/proceso-creativo-reflexivo-pablo-perez-palacio\/\"},\"author\":{\"name\":\"Sergio Sevilla\",\"@id\":\"http:\/\/madeinzaragoza.es\/blog\/#\/schema\/person\/fd836a8fe1177b6200bc8deffc3ad342\"},\"headline\":\"El proceso creativo y reflexivo de Pablo P\u00e9rez Palacio\",\"datePublished\":\"2017-11-26T18:08:52+00:00\",\"dateModified\":\"2017-12-09T16:31:05+00:00\",\"mainEntityOfPage\":{\"@id\":\"http:\/\/madeinzaragoza.es\/blog\/proceso-creativo-reflexivo-pablo-perez-palacio\/\"},\"wordCount\":396,\"commentCount\":0,\"publisher\":{\"@id\":\"http:\/\/madeinzaragoza.es\/blog\/#organization\"},\"articleSection\":[\"CornerMIZ\"],\"inLanguage\":\"es\",\"potentialAction\":[{\"@type\":\"CommentAction\",\"name\":\"Comment\",\"target\":[\"http:\/\/madeinzaragoza.es\/blog\/proceso-creativo-reflexivo-pablo-perez-palacio\/#respond\"]}]},{\"@type\":\"WebPage\",\"@id\":\"http:\/\/madeinzaragoza.es\/blog\/proceso-creativo-reflexivo-pablo-perez-palacio\/\",\"url\":\"http:\/\/madeinzaragoza.es\/blog\/proceso-creativo-reflexivo-pablo-perez-palacio\/\",\"name\":\"El proceso creativo y reflexivo de Pablo P\u00e9rez Palacio - Made in Zaragoza\",\"isPartOf\":{\"@id\":\"http:\/\/madeinzaragoza.es\/blog\/#website\"},\"datePublished\":\"2017-11-26T18:08:52+00:00\",\"dateModified\":\"2017-12-09T16:31:05+00:00\",\"breadcrumb\":{\"@id\":\"http:\/\/madeinzaragoza.es\/blog\/proceso-creativo-reflexivo-pablo-perez-palacio\/#breadcrumb\"},\"inLanguage\":\"es\",\"potentialAction\":[{\"@type\":\"ReadAction\",\"target\":[\"http:\/\/madeinzaragoza.es\/blog\/proceso-creativo-reflexivo-pablo-perez-palacio\/\"]}]},{\"@type\":\"BreadcrumbList\",\"@id\":\"http:\/\/madeinzaragoza.es\/blog\/proceso-creativo-reflexivo-pablo-perez-palacio\/#breadcrumb\",\"itemListElement\":[{\"@type\":\"ListItem\",\"position\":1,\"name\":\"Portada\",\"item\":\"http:\/\/madeinzaragoza.es\/blog\/\"},{\"@type\":\"ListItem\",\"position\":2,\"name\":\"El proceso creativo y reflexivo de Pablo P\u00e9rez Palacio\"}]},{\"@type\":\"WebSite\",\"@id\":\"http:\/\/madeinzaragoza.es\/blog\/#website\",\"url\":\"http:\/\/madeinzaragoza.es\/blog\/\",\"name\":\"Made in Zaragoza\",\"description\":\"Blog de MadeinZGZ, Red de Econom\u00eda Creativa de Zaragoza\",\"publisher\":{\"@id\":\"http:\/\/madeinzaragoza.es\/blog\/#organization\"},\"potentialAction\":[{\"@type\":\"SearchAction\",\"target\":{\"@type\":\"EntryPoint\",\"urlTemplate\":\"http:\/\/madeinzaragoza.es\/blog\/?s={search_term_string}\"},\"query-input\":\"required name=search_term_string\"}],\"inLanguage\":\"es\"},{\"@type\":\"Organization\",\"@id\":\"http:\/\/madeinzaragoza.es\/blog\/#organization\",\"name\":\"Made In Zaragoza\",\"url\":\"http:\/\/madeinzaragoza.es\/blog\/\",\"sameAs\":[\"https:\/\/www.instagram.com\/madeinzaragoza.es\/\",\"https:\/\/www.facebook.com\/madeinzaragoza.es\/\",\"https:\/\/twitter.com\/madeinzaragoza\"],\"logo\":{\"@type\":\"ImageObject\",\"inLanguage\":\"es\",\"@id\":\"http:\/\/madeinzaragoza.es\/blog\/#\/schema\/logo\/image\/\",\"url\":\"https:\/\/madeinzaragoza.es\/blog\/wp-content\/uploads\/2022\/05\/logo.png\",\"contentUrl\":\"https:\/\/madeinzaragoza.es\/blog\/wp-content\/uploads\/2022\/05\/logo.png\",\"width\":193,\"height\":176,\"caption\":\"Made In Zaragoza\"},\"image\":{\"@id\":\"http:\/\/madeinzaragoza.es\/blog\/#\/schema\/logo\/image\/\"}},{\"@type\":\"Person\",\"@id\":\"http:\/\/madeinzaragoza.es\/blog\/#\/schema\/person\/fd836a8fe1177b6200bc8deffc3ad342\",\"name\":\"Sergio Sevilla\",\"image\":{\"@type\":\"ImageObject\",\"inLanguage\":\"es\",\"@id\":\"http:\/\/madeinzaragoza.es\/blog\/#\/schema\/person\/image\/\",\"url\":\"http:\/\/1.gravatar.com\/avatar\/4a59e3901b7e749c4e3750c4fd5d0b43?s=96&d=mm&r=g\",\"contentUrl\":\"http:\/\/1.gravatar.com\/avatar\/4a59e3901b7e749c4e3750c4fd5d0b43?s=96&d=mm&r=g\",\"caption\":\"Sergio Sevilla\"},\"description\":\"Gesti\u00f3n e Innovaci\u00f3n cultural (I+C) Mi trabajo se basa en la b\u00fasqueda de conexiones culturales en espacios de tr\u00e1nsito. Soy director y programador de proyectos culturales. He coordinado el espacio C\u00f3rner MIZ de Made in Zaragoza y, en la actualidad, me dedico a investigar, documentar y poner en valor el muralismo cer\u00e1mico de los a\u00f1os 60, 70 y 80 de Zaragoza y su relaci\u00f3n con los entornos arquitect\u00f3nicos y decorativos de la \u00e9poca. Descubre el perfil de @ZaragozaModerna en Instagram. Take a walk on the Art side.\",\"sameAs\":[\"zarayorkers\",\"@zaragozamoderna\",\"\/sergiosevillatabernero\"],\"url\":\"http:\/\/madeinzaragoza.es\/blog\/author\/sergiosevilla\/\"}]}<\/script>\n<!-- \/ Yoast SEO plugin. -->","yoast_head_json":{"title":"El proceso creativo y reflexivo de Pablo P\u00e9rez Palacio - Made in Zaragoza","robots":{"index":"index","follow":"follow","max-snippet":"max-snippet:-1","max-image-preview":"max-image-preview:large","max-video-preview":"max-video-preview:-1"},"canonical":"http:\/\/madeinzaragoza.es\/blog\/proceso-creativo-reflexivo-pablo-perez-palacio\/","og_locale":"es_ES","og_type":"article","og_title":"El proceso creativo y reflexivo de Pablo P\u00e9rez Palacio - Made in Zaragoza","og_description":"Pablo P\u00e9rez Palacio es el artista que ha realizado la quinta intervenci\u00f3n del ciclo \u00abMutantes\u00bb en C\u00f3rner MIZ. Bajo el t\u00edtulo \u00abMutantes, el encuentro con el conflicto\u00bb Pablo ha elaborado una intervenci\u00f3n siguiendo un proceso creativo y reflexivo dentro de su investigaci\u00f3n pl\u00e1stica, visual y filos\u00f3fica m\u00e1s personal. &nbsp; La pintura, el espacio, la escenograf\u00eda &hellip; Continuar leyendo \"El proceso creativo y reflexivo de Pablo P\u00e9rez Palacio\"","og_url":"http:\/\/madeinzaragoza.es\/blog\/proceso-creativo-reflexivo-pablo-perez-palacio\/","og_site_name":"Made in Zaragoza","article_publisher":"https:\/\/www.facebook.com\/madeinzaragoza.es\/","article_author":"zarayorkers","article_published_time":"2017-11-26T18:08:52+00:00","article_modified_time":"2017-12-09T16:31:05+00:00","og_image":[{"width":1200,"height":800,"url":"http:\/\/madeinzaragoza.es\/blog\/wp-content\/uploads\/2017\/11\/DSCF0732.jpg","type":"image\/jpeg"}],"author":"Sergio Sevilla","twitter_card":"summary","twitter_creator":"@madeinzaragoza","twitter_site":"@madeinzaragoza","twitter_misc":{"Escrito por":"Sergio Sevilla","Tiempo de lectura":"2 minutos"},"schema":{"@context":"https:\/\/schema.org","@graph":[{"@type":"Article","@id":"http:\/\/madeinzaragoza.es\/blog\/proceso-creativo-reflexivo-pablo-perez-palacio\/#article","isPartOf":{"@id":"http:\/\/madeinzaragoza.es\/blog\/proceso-creativo-reflexivo-pablo-perez-palacio\/"},"author":{"name":"Sergio Sevilla","@id":"http:\/\/madeinzaragoza.es\/blog\/#\/schema\/person\/fd836a8fe1177b6200bc8deffc3ad342"},"headline":"El proceso creativo y reflexivo de Pablo P\u00e9rez Palacio","datePublished":"2017-11-26T18:08:52+00:00","dateModified":"2017-12-09T16:31:05+00:00","mainEntityOfPage":{"@id":"http:\/\/madeinzaragoza.es\/blog\/proceso-creativo-reflexivo-pablo-perez-palacio\/"},"wordCount":396,"commentCount":0,"publisher":{"@id":"http:\/\/madeinzaragoza.es\/blog\/#organization"},"articleSection":["CornerMIZ"],"inLanguage":"es","potentialAction":[{"@type":"CommentAction","name":"Comment","target":["http:\/\/madeinzaragoza.es\/blog\/proceso-creativo-reflexivo-pablo-perez-palacio\/#respond"]}]},{"@type":"WebPage","@id":"http:\/\/madeinzaragoza.es\/blog\/proceso-creativo-reflexivo-pablo-perez-palacio\/","url":"http:\/\/madeinzaragoza.es\/blog\/proceso-creativo-reflexivo-pablo-perez-palacio\/","name":"El proceso creativo y reflexivo de Pablo P\u00e9rez Palacio - Made in Zaragoza","isPartOf":{"@id":"http:\/\/madeinzaragoza.es\/blog\/#website"},"datePublished":"2017-11-26T18:08:52+00:00","dateModified":"2017-12-09T16:31:05+00:00","breadcrumb":{"@id":"http:\/\/madeinzaragoza.es\/blog\/proceso-creativo-reflexivo-pablo-perez-palacio\/#breadcrumb"},"inLanguage":"es","potentialAction":[{"@type":"ReadAction","target":["http:\/\/madeinzaragoza.es\/blog\/proceso-creativo-reflexivo-pablo-perez-palacio\/"]}]},{"@type":"BreadcrumbList","@id":"http:\/\/madeinzaragoza.es\/blog\/proceso-creativo-reflexivo-pablo-perez-palacio\/#breadcrumb","itemListElement":[{"@type":"ListItem","position":1,"name":"Portada","item":"http:\/\/madeinzaragoza.es\/blog\/"},{"@type":"ListItem","position":2,"name":"El proceso creativo y reflexivo de Pablo P\u00e9rez Palacio"}]},{"@type":"WebSite","@id":"http:\/\/madeinzaragoza.es\/blog\/#website","url":"http:\/\/madeinzaragoza.es\/blog\/","name":"Made in Zaragoza","description":"Blog de MadeinZGZ, Red de Econom\u00eda Creativa de Zaragoza","publisher":{"@id":"http:\/\/madeinzaragoza.es\/blog\/#organization"},"potentialAction":[{"@type":"SearchAction","target":{"@type":"EntryPoint","urlTemplate":"http:\/\/madeinzaragoza.es\/blog\/?s={search_term_string}"},"query-input":"required name=search_term_string"}],"inLanguage":"es"},{"@type":"Organization","@id":"http:\/\/madeinzaragoza.es\/blog\/#organization","name":"Made In Zaragoza","url":"http:\/\/madeinzaragoza.es\/blog\/","sameAs":["https:\/\/www.instagram.com\/madeinzaragoza.es\/","https:\/\/www.facebook.com\/madeinzaragoza.es\/","https:\/\/twitter.com\/madeinzaragoza"],"logo":{"@type":"ImageObject","inLanguage":"es","@id":"http:\/\/madeinzaragoza.es\/blog\/#\/schema\/logo\/image\/","url":"https:\/\/madeinzaragoza.es\/blog\/wp-content\/uploads\/2022\/05\/logo.png","contentUrl":"https:\/\/madeinzaragoza.es\/blog\/wp-content\/uploads\/2022\/05\/logo.png","width":193,"height":176,"caption":"Made In Zaragoza"},"image":{"@id":"http:\/\/madeinzaragoza.es\/blog\/#\/schema\/logo\/image\/"}},{"@type":"Person","@id":"http:\/\/madeinzaragoza.es\/blog\/#\/schema\/person\/fd836a8fe1177b6200bc8deffc3ad342","name":"Sergio Sevilla","image":{"@type":"ImageObject","inLanguage":"es","@id":"http:\/\/madeinzaragoza.es\/blog\/#\/schema\/person\/image\/","url":"http:\/\/1.gravatar.com\/avatar\/4a59e3901b7e749c4e3750c4fd5d0b43?s=96&d=mm&r=g","contentUrl":"http:\/\/1.gravatar.com\/avatar\/4a59e3901b7e749c4e3750c4fd5d0b43?s=96&d=mm&r=g","caption":"Sergio Sevilla"},"description":"Gesti\u00f3n e Innovaci\u00f3n cultural (I+C) Mi trabajo se basa en la b\u00fasqueda de conexiones culturales en espacios de tr\u00e1nsito. Soy director y programador de proyectos culturales. He coordinado el espacio C\u00f3rner MIZ de Made in Zaragoza y, en la actualidad, me dedico a investigar, documentar y poner en valor el muralismo cer\u00e1mico de los a\u00f1os 60, 70 y 80 de Zaragoza y su relaci\u00f3n con los entornos arquitect\u00f3nicos y decorativos de la \u00e9poca. Descubre el perfil de @ZaragozaModerna en Instagram. Take a walk on the Art side.","sameAs":["zarayorkers","@zaragozamoderna","\/sergiosevillatabernero"],"url":"http:\/\/madeinzaragoza.es\/blog\/author\/sergiosevilla\/"}]}},"_links":{"self":[{"href":"http:\/\/madeinzaragoza.es\/blog\/wp-json\/wp\/v2\/posts\/18121"}],"collection":[{"href":"http:\/\/madeinzaragoza.es\/blog\/wp-json\/wp\/v2\/posts"}],"about":[{"href":"http:\/\/madeinzaragoza.es\/blog\/wp-json\/wp\/v2\/types\/post"}],"author":[{"embeddable":true,"href":"http:\/\/madeinzaragoza.es\/blog\/wp-json\/wp\/v2\/users\/36"}],"replies":[{"embeddable":true,"href":"http:\/\/madeinzaragoza.es\/blog\/wp-json\/wp\/v2\/comments?post=18121"}],"version-history":[{"count":8,"href":"http:\/\/madeinzaragoza.es\/blog\/wp-json\/wp\/v2\/posts\/18121\/revisions"}],"predecessor-version":[{"id":18277,"href":"http:\/\/madeinzaragoza.es\/blog\/wp-json\/wp\/v2\/posts\/18121\/revisions\/18277"}],"wp:featuredmedia":[{"embeddable":true,"href":"http:\/\/madeinzaragoza.es\/blog\/wp-json\/wp\/v2\/media\/18129"}],"wp:attachment":[{"href":"http:\/\/madeinzaragoza.es\/blog\/wp-json\/wp\/v2\/media?parent=18121"}],"wp:term":[{"taxonomy":"category","embeddable":true,"href":"http:\/\/madeinzaragoza.es\/blog\/wp-json\/wp\/v2\/categories?post=18121"},{"taxonomy":"post_tag","embeddable":true,"href":"http:\/\/madeinzaragoza.es\/blog\/wp-json\/wp\/v2\/tags?post=18121"}],"curies":[{"name":"wp","href":"https:\/\/api.w.org\/{rel}","templated":true}]}}