{"id":18100,"date":"2017-11-26T09:00:03","date_gmt":"2017-11-26T08:00:03","guid":{"rendered":"http:\/\/madeinzaragoza.es\/blog\/?p=18100"},"modified":"2017-11-25T14:50:10","modified_gmt":"2017-11-25T13:50:10","slug":"cafess-sobre-confeccion-artesana-y-sostenible","status":"publish","type":"post","link":"http:\/\/madeinzaragoza.es\/blog\/cafess-sobre-confeccion-artesana-y-sostenible\/","title":{"rendered":"Peque\u00f1as iniciativas que son capaces de mover realidades: Nueva edici\u00f3n de CafeSS sobre confecci\u00f3n artesana y sostenible"},"content":{"rendered":"<p>En Made in Zaragoza tenemos muy claro el valor de lo artesanal, de la sostenibilidad, de las cosas bien hechas&#8230; Y por supuesto, tenemos muy clara la importancia de colaborar y de intercambiar opiniones y experiencias. Y por eso, no pod\u00edamos faltar a una <strong>nueva edici\u00f3n de CafeSS<\/strong> en el que se habl\u00f3 sobre el dise\u00f1o, elaboraci\u00f3n y\u00a0reciclaje de moda y complementos en la Econom\u00eda Social y Solidaria, desde una mirada creativa, artesana y sostenible.<\/p>\n<p><img loading=\"lazy\" decoding=\"async\" class=\"aligncenter size-full wp-image-18103\" src=\"http:\/\/madeinzaragoza.es\/blog\/wp-content\/uploads\/2017\/11\/DSC_2683.jpg\" alt=\"CafeSS sobre confecci\u00f3n artesana y sostenible\" width=\"900\" height=\"598\" srcset=\"http:\/\/madeinzaragoza.es\/blog\/wp-content\/uploads\/2017\/11\/DSC_2683.jpg 900w, http:\/\/madeinzaragoza.es\/blog\/wp-content\/uploads\/2017\/11\/DSC_2683-300x199.jpg 300w, http:\/\/madeinzaragoza.es\/blog\/wp-content\/uploads\/2017\/11\/DSC_2683-768x510.jpg 768w\" sizes=\"(max-width: 709px) 85vw, (max-width: 909px) 67vw, (max-width: 1362px) 62vw, 840px\" \/><\/p>\n<p>En esta cita organizada por <a href=\"https:\/\/emprendes.net\/\">Emprendes.net<\/a>, y en torno a una deliciosa taza de caf\u00e9 de comercio justo, se juntaron en La Cicler\u00eda <strong>proyectos y empresas que trabajan en el \u00e1mbito del dise\u00f1o de la confecci\u00f3n artesana y sostenible<\/strong>. Proyectos que todav\u00eda est\u00e1n en fase de idea, proyectos que ya est\u00e1n en marcha y que luchan por abrirse camino, y empresas ya consolidadas y que se han ganado un justo reconocimiento en nuestra ciudad, pero que comparten la ilusi\u00f3n y la apuesta decidida por la econom\u00eda social y por la sostenibilidad.<\/p>\n<p><img loading=\"lazy\" decoding=\"async\" class=\"aligncenter size-full wp-image-18104\" src=\"http:\/\/madeinzaragoza.es\/blog\/wp-content\/uploads\/2017\/11\/DSC_2688.jpg\" alt=\"CafeSS sobre confecci\u00f3n artesana y sostenible\" width=\"800\" height=\"531\" srcset=\"http:\/\/madeinzaragoza.es\/blog\/wp-content\/uploads\/2017\/11\/DSC_2688.jpg 800w, http:\/\/madeinzaragoza.es\/blog\/wp-content\/uploads\/2017\/11\/DSC_2688-300x199.jpg 300w, http:\/\/madeinzaragoza.es\/blog\/wp-content\/uploads\/2017\/11\/DSC_2688-768x510.jpg 768w\" sizes=\"(max-width: 709px) 85vw, (max-width: 909px) 67vw, (max-width: 984px) 61vw, (max-width: 1362px) 45vw, 600px\" \/><\/p>\n<p>&nbsp;<\/p>\n<p>Durante la sesi\u00f3n, los participantes, (entre los que se encontraban iniciativas y empresas como Cris B Moda Ecol\u00f3gica, Elisa Muresan, Alfilder de Gancho, Simbiosis Shop, Mikado y Seda, La Moreneta, Mam\u00edferas, Adefo y Shiwa), se facilit\u00f3 la conexi\u00f3n y el <strong>intercambio de experiencias<\/strong> de personas y empresas para poner en com\u00fan ideas, trucos y aprendizajes en la dif\u00edcil labor de emprender o de consolidar un proyecto empresarial de econom\u00eda social con el fin de <strong>generar sinergias, contactos e intercooperaciones posibles<\/strong>.<\/p>\n<p><img loading=\"lazy\" decoding=\"async\" class=\"aligncenter size-full wp-image-18105\" src=\"http:\/\/madeinzaragoza.es\/blog\/wp-content\/uploads\/2017\/11\/DSC_2691.jpg\" alt=\"CafeSS sobre confecci\u00f3n artesana y sostenible\" width=\"800\" height=\"531\" srcset=\"http:\/\/madeinzaragoza.es\/blog\/wp-content\/uploads\/2017\/11\/DSC_2691.jpg 800w, http:\/\/madeinzaragoza.es\/blog\/wp-content\/uploads\/2017\/11\/DSC_2691-300x199.jpg 300w, http:\/\/madeinzaragoza.es\/blog\/wp-content\/uploads\/2017\/11\/DSC_2691-768x510.jpg 768w\" sizes=\"(max-width: 709px) 85vw, (max-width: 909px) 67vw, (max-width: 984px) 61vw, (max-width: 1362px) 45vw, 600px\" \/><\/p>\n<p>Un aspecto fundamental para los peque\u00f1os negocios de dise\u00f1o y confecci\u00f3n de moda y complementos que <strong>tienen que enfrentarse a diario a las grandes mareas y a la presi\u00f3n de los medios de comunicaci\u00f3n<\/strong> que ayudan a difundir modas y determinados estilos de vida totalmente contrarios a la sostenibilidad y al consumo responsable que promueven las personas que impulsan los proyectos que estuvieron presentes en La Cicler\u00eda.<\/p>\n<p><img loading=\"lazy\" decoding=\"async\" class=\"aligncenter size-full wp-image-18106\" src=\"http:\/\/madeinzaragoza.es\/blog\/wp-content\/uploads\/2017\/11\/DSC_2694.jpg\" alt=\"CafeSS sobre confecci\u00f3n artesana y sostenible\" width=\"800\" height=\"531\" srcset=\"http:\/\/madeinzaragoza.es\/blog\/wp-content\/uploads\/2017\/11\/DSC_2694.jpg 800w, http:\/\/madeinzaragoza.es\/blog\/wp-content\/uploads\/2017\/11\/DSC_2694-300x199.jpg 300w, http:\/\/madeinzaragoza.es\/blog\/wp-content\/uploads\/2017\/11\/DSC_2694-768x510.jpg 768w\" sizes=\"(max-width: 709px) 85vw, (max-width: 909px) 67vw, (max-width: 984px) 61vw, (max-width: 1362px) 45vw, 600px\" \/><\/p>\n<p>&nbsp;<\/p>\n<p>De esta manera, los distintos proyectos participantes en esta edici\u00f3n de\u00a0<strong>CafeSS\u00a0<\/strong>se puso sobre la mesa el potencial de estas iniciativas peque\u00f1as que son capaces de mover realidades, en el marco de la filosof\u00eda de piensa en local global para actuar en global, identificando las dificultades que tienen los negocios a la hora de promover la reutilizaci\u00f3n de la ropa, o para mantenerse fieles a los principios de sostenibilidad y de econom\u00eda social.<\/p>\n<p><img loading=\"lazy\" decoding=\"async\" class=\"aligncenter size-full wp-image-18108\" src=\"http:\/\/madeinzaragoza.es\/blog\/wp-content\/uploads\/2017\/11\/DSC_2692.jpg\" alt=\"CafeSS sobre confecci\u00f3n artesana y sostenible\" width=\"800\" height=\"531\" srcset=\"http:\/\/madeinzaragoza.es\/blog\/wp-content\/uploads\/2017\/11\/DSC_2692.jpg 800w, http:\/\/madeinzaragoza.es\/blog\/wp-content\/uploads\/2017\/11\/DSC_2692-300x199.jpg 300w, http:\/\/madeinzaragoza.es\/blog\/wp-content\/uploads\/2017\/11\/DSC_2692-768x510.jpg 768w\" sizes=\"(max-width: 709px) 85vw, (max-width: 909px) 67vw, (max-width: 984px) 61vw, (max-width: 1362px) 45vw, 600px\" \/>Junto al an\u00e1lisis de las dificultades que est\u00e1n encontrado estas iniciativas, sobre la mesa <strong>tambi\u00e9n se pusieron en valor sus puntos fuertes y la ilusi\u00f3n por el futuro<\/strong>, creando un mercado propio y una clientela que valore la calidad y la sostenibilidad de sus productos frente a los precios bajos o la escasa calidad de los productos que se venden en buena parte de las grandes cadenas comerciales.<\/p>\n<p><img loading=\"lazy\" decoding=\"async\" class=\"aligncenter size-full wp-image-18107\" src=\"http:\/\/madeinzaragoza.es\/blog\/wp-content\/uploads\/2017\/11\/DSC_2685.jpg\" alt=\"CafeSS sobre confecci\u00f3n artesana y sostenible\" width=\"800\" height=\"531\" srcset=\"http:\/\/madeinzaragoza.es\/blog\/wp-content\/uploads\/2017\/11\/DSC_2685.jpg 800w, http:\/\/madeinzaragoza.es\/blog\/wp-content\/uploads\/2017\/11\/DSC_2685-300x199.jpg 300w, http:\/\/madeinzaragoza.es\/blog\/wp-content\/uploads\/2017\/11\/DSC_2685-768x510.jpg 768w\" sizes=\"(max-width: 709px) 85vw, (max-width: 909px) 67vw, (max-width: 984px) 61vw, (max-width: 1362px) 45vw, 600px\" \/><\/p>\n<p>Sin duda, una cita interesante que sirve para compartir experiencias y crear sinergias. Un elemento imprescindible en la econom\u00eda social y sostenible que ayuda a desvirtualizar caras y proyectos, pero tambi\u00e9n para crear redes de apoyo y de intercambio de ideas \u00a1Seguro que de citas como esta surgen grandes cosas!<\/p>\n","protected":false},"excerpt":{"rendered":"<p>En Made in Zaragoza tenemos muy claro el valor de lo artesanal, de la sostenibilidad, de las cosas bien hechas&#8230; Y por supuesto, tenemos muy clara la importancia de colaborar y de intercambiar opiniones y experiencias. Y por eso, no pod\u00edamos faltar a una nueva edici\u00f3n de CafeSS en el que se habl\u00f3 sobre el &hellip; <a href=\"http:\/\/madeinzaragoza.es\/blog\/cafess-sobre-confeccion-artesana-y-sostenible\/\" class=\"more-link\">Continuar leyendo<span class=\"screen-reader-text\"> \u00abPeque\u00f1as iniciativas que son capaces de mover realidades: Nueva edici\u00f3n de CafeSS sobre confecci\u00f3n artesana y sostenible\u00bb<\/span><\/a><\/p>\n","protected":false},"author":11,"featured_media":18102,"comment_status":"open","ping_status":"open","sticky":false,"template":"","format":"standard","meta":{"footnotes":""},"categories":[8],"tags":[],"yoast_head":"<!-- This site is optimized with the Yoast SEO plugin v19.7.2 - https:\/\/yoast.com\/wordpress\/plugins\/seo\/ -->\n<title>Nueva edici\u00f3n de CafeSS sobre confecci\u00f3n artesana y sostenible<\/title>\n<meta name=\"description\" content=\"Nueva edici\u00f3n de CafeSS para intercambiar experiencias e ideas sobre iniciativas de confecci\u00f3n artesana y sostenible celebrado en La Cicler\u00eda\" \/>\n<meta name=\"robots\" content=\"index, follow, max-snippet:-1, max-image-preview:large, max-video-preview:-1\" \/>\n<link rel=\"canonical\" href=\"https:\/\/madeinzaragoza.es\/blog\/cafess-sobre-confeccion-artesana-y-sostenible\/\" \/>\n<meta property=\"og:locale\" content=\"es_ES\" \/>\n<meta property=\"og:type\" content=\"article\" \/>\n<meta property=\"og:title\" content=\"Nueva edici\u00f3n de CafeSS sobre confecci\u00f3n artesana y sostenible\" \/>\n<meta property=\"og:description\" content=\"Nueva edici\u00f3n de CafeSS para intercambiar experiencias e ideas sobre iniciativas de confecci\u00f3n artesana y sostenible celebrado en La Cicler\u00eda\" \/>\n<meta property=\"og:url\" content=\"https:\/\/madeinzaragoza.es\/blog\/cafess-sobre-confeccion-artesana-y-sostenible\/\" \/>\n<meta property=\"og:site_name\" content=\"Made in Zaragoza\" \/>\n<meta property=\"article:publisher\" content=\"https:\/\/www.facebook.com\/madeinzaragoza.es\/\" \/>\n<meta property=\"article:author\" content=\"nachovinauena\" \/>\n<meta property=\"article:published_time\" content=\"2017-11-26T08:00:03+00:00\" \/>\n<meta property=\"article:modified_time\" content=\"2017-11-25T13:50:10+00:00\" \/>\n<meta property=\"og:image\" content=\"https:\/\/madeinzaragoza.es\/blog\/wp-content\/uploads\/2017\/11\/DSC_2695.jpg\" \/>\n\t<meta property=\"og:image:width\" content=\"1000\" \/>\n\t<meta property=\"og:image:height\" content=\"711\" \/>\n\t<meta property=\"og:image:type\" content=\"image\/jpeg\" \/>\n<meta name=\"author\" content=\"Nacho Vinau\" \/>\n<meta name=\"twitter:card\" content=\"summary\" \/>\n<meta name=\"twitter:creator\" content=\"@nachoena\" \/>\n<meta name=\"twitter:site\" content=\"@madeinzaragoza\" \/>\n<meta name=\"twitter:label1\" content=\"Escrito por\" \/>\n\t<meta name=\"twitter:data1\" content=\"Nacho Vinau\" \/>\n\t<meta name=\"twitter:label2\" content=\"Tiempo de lectura\" \/>\n\t<meta name=\"twitter:data2\" content=\"3 minutos\" \/>\n<script type=\"application\/ld+json\" class=\"yoast-schema-graph\">{\"@context\":\"https:\/\/schema.org\",\"@graph\":[{\"@type\":\"Article\",\"@id\":\"https:\/\/madeinzaragoza.es\/blog\/cafess-sobre-confeccion-artesana-y-sostenible\/#article\",\"isPartOf\":{\"@id\":\"https:\/\/madeinzaragoza.es\/blog\/cafess-sobre-confeccion-artesana-y-sostenible\/\"},\"author\":{\"name\":\"Nacho Vinau\",\"@id\":\"http:\/\/madeinzaragoza.es\/blog\/#\/schema\/person\/c75168076287255954a1350e1bc702aa\"},\"headline\":\"Peque\u00f1as iniciativas que son capaces de mover realidades: Nueva edici\u00f3n de CafeSS sobre confecci\u00f3n artesana y sostenible\",\"datePublished\":\"2017-11-26T08:00:03+00:00\",\"dateModified\":\"2017-11-25T13:50:10+00:00\",\"mainEntityOfPage\":{\"@id\":\"https:\/\/madeinzaragoza.es\/blog\/cafess-sobre-confeccion-artesana-y-sostenible\/\"},\"wordCount\":566,\"commentCount\":0,\"publisher\":{\"@id\":\"http:\/\/madeinzaragoza.es\/blog\/#organization\"},\"articleSection\":[\"Red MIZ\"],\"inLanguage\":\"es\",\"potentialAction\":[{\"@type\":\"CommentAction\",\"name\":\"Comment\",\"target\":[\"https:\/\/madeinzaragoza.es\/blog\/cafess-sobre-confeccion-artesana-y-sostenible\/#respond\"]}]},{\"@type\":\"WebPage\",\"@id\":\"https:\/\/madeinzaragoza.es\/blog\/cafess-sobre-confeccion-artesana-y-sostenible\/\",\"url\":\"https:\/\/madeinzaragoza.es\/blog\/cafess-sobre-confeccion-artesana-y-sostenible\/\",\"name\":\"Nueva edici\u00f3n de CafeSS sobre confecci\u00f3n artesana y sostenible\",\"isPartOf\":{\"@id\":\"http:\/\/madeinzaragoza.es\/blog\/#website\"},\"datePublished\":\"2017-11-26T08:00:03+00:00\",\"dateModified\":\"2017-11-25T13:50:10+00:00\",\"description\":\"Nueva edici\u00f3n de CafeSS para intercambiar experiencias e ideas sobre iniciativas de confecci\u00f3n artesana y sostenible celebrado en La Cicler\u00eda\",\"breadcrumb\":{\"@id\":\"https:\/\/madeinzaragoza.es\/blog\/cafess-sobre-confeccion-artesana-y-sostenible\/#breadcrumb\"},\"inLanguage\":\"es\",\"potentialAction\":[{\"@type\":\"ReadAction\",\"target\":[\"https:\/\/madeinzaragoza.es\/blog\/cafess-sobre-confeccion-artesana-y-sostenible\/\"]}]},{\"@type\":\"BreadcrumbList\",\"@id\":\"https:\/\/madeinzaragoza.es\/blog\/cafess-sobre-confeccion-artesana-y-sostenible\/#breadcrumb\",\"itemListElement\":[{\"@type\":\"ListItem\",\"position\":1,\"name\":\"Portada\",\"item\":\"http:\/\/madeinzaragoza.es\/blog\/\"},{\"@type\":\"ListItem\",\"position\":2,\"name\":\"Peque\u00f1as iniciativas que son capaces de mover realidades: Nueva edici\u00f3n de CafeSS sobre confecci\u00f3n artesana y sostenible\"}]},{\"@type\":\"WebSite\",\"@id\":\"http:\/\/madeinzaragoza.es\/blog\/#website\",\"url\":\"http:\/\/madeinzaragoza.es\/blog\/\",\"name\":\"Made in Zaragoza\",\"description\":\"Blog de MadeinZGZ, Red de Econom\u00eda Creativa de Zaragoza\",\"publisher\":{\"@id\":\"http:\/\/madeinzaragoza.es\/blog\/#organization\"},\"potentialAction\":[{\"@type\":\"SearchAction\",\"target\":{\"@type\":\"EntryPoint\",\"urlTemplate\":\"http:\/\/madeinzaragoza.es\/blog\/?s={search_term_string}\"},\"query-input\":\"required name=search_term_string\"}],\"inLanguage\":\"es\"},{\"@type\":\"Organization\",\"@id\":\"http:\/\/madeinzaragoza.es\/blog\/#organization\",\"name\":\"Made In Zaragoza\",\"url\":\"http:\/\/madeinzaragoza.es\/blog\/\",\"sameAs\":[\"https:\/\/www.instagram.com\/madeinzaragoza.es\/\",\"https:\/\/www.facebook.com\/madeinzaragoza.es\/\",\"https:\/\/twitter.com\/madeinzaragoza\"],\"logo\":{\"@type\":\"ImageObject\",\"inLanguage\":\"es\",\"@id\":\"http:\/\/madeinzaragoza.es\/blog\/#\/schema\/logo\/image\/\",\"url\":\"https:\/\/madeinzaragoza.es\/blog\/wp-content\/uploads\/2022\/05\/logo.png\",\"contentUrl\":\"https:\/\/madeinzaragoza.es\/blog\/wp-content\/uploads\/2022\/05\/logo.png\",\"width\":193,\"height\":176,\"caption\":\"Made In Zaragoza\"},\"image\":{\"@id\":\"http:\/\/madeinzaragoza.es\/blog\/#\/schema\/logo\/image\/\"}},{\"@type\":\"Person\",\"@id\":\"http:\/\/madeinzaragoza.es\/blog\/#\/schema\/person\/c75168076287255954a1350e1bc702aa\",\"name\":\"Nacho Vinau\",\"image\":{\"@type\":\"ImageObject\",\"inLanguage\":\"es\",\"@id\":\"http:\/\/madeinzaragoza.es\/blog\/#\/schema\/person\/image\/\",\"url\":\"http:\/\/0.gravatar.com\/avatar\/0929336b01b6c352d95fd32182921ca3?s=96&d=mm&r=g\",\"contentUrl\":\"http:\/\/0.gravatar.com\/avatar\/0929336b01b6c352d95fd32182921ca3?s=96&d=mm&r=g\",\"caption\":\"Nacho Vinau\"},\"description\":\"Blogger, organizador de bodas y eventos personalizados en La Lola se va de Boda. Generador de contenidos en COM&amp;COM, amante de mi ciudad, del arte, la moda, y de los peque\u00f1os placeres que nos da la vida.\",\"sameAs\":[\"http:\/\/nachovinauena.wordpress.com\",\"nachovinauena\",\"https:\/\/twitter.com\/nachoena\"],\"url\":\"http:\/\/madeinzaragoza.es\/blog\/author\/nacho-vinau\/\"}]}<\/script>\n<!-- \/ Yoast SEO plugin. -->","yoast_head_json":{"title":"Nueva edici\u00f3n de CafeSS sobre confecci\u00f3n artesana y sostenible","description":"Nueva edici\u00f3n de CafeSS para intercambiar experiencias e ideas sobre iniciativas de confecci\u00f3n artesana y sostenible celebrado en La Cicler\u00eda","robots":{"index":"index","follow":"follow","max-snippet":"max-snippet:-1","max-image-preview":"max-image-preview:large","max-video-preview":"max-video-preview:-1"},"canonical":"https:\/\/madeinzaragoza.es\/blog\/cafess-sobre-confeccion-artesana-y-sostenible\/","og_locale":"es_ES","og_type":"article","og_title":"Nueva edici\u00f3n de CafeSS sobre confecci\u00f3n artesana y sostenible","og_description":"Nueva edici\u00f3n de CafeSS para intercambiar experiencias e ideas sobre iniciativas de confecci\u00f3n artesana y sostenible celebrado en La Cicler\u00eda","og_url":"https:\/\/madeinzaragoza.es\/blog\/cafess-sobre-confeccion-artesana-y-sostenible\/","og_site_name":"Made in Zaragoza","article_publisher":"https:\/\/www.facebook.com\/madeinzaragoza.es\/","article_author":"nachovinauena","article_published_time":"2017-11-26T08:00:03+00:00","article_modified_time":"2017-11-25T13:50:10+00:00","og_image":[{"width":1000,"height":711,"url":"https:\/\/madeinzaragoza.es\/blog\/wp-content\/uploads\/2017\/11\/DSC_2695.jpg","type":"image\/jpeg"}],"author":"Nacho Vinau","twitter_card":"summary","twitter_creator":"@nachoena","twitter_site":"@madeinzaragoza","twitter_misc":{"Escrito por":"Nacho Vinau","Tiempo de lectura":"3 minutos"},"schema":{"@context":"https:\/\/schema.org","@graph":[{"@type":"Article","@id":"https:\/\/madeinzaragoza.es\/blog\/cafess-sobre-confeccion-artesana-y-sostenible\/#article","isPartOf":{"@id":"https:\/\/madeinzaragoza.es\/blog\/cafess-sobre-confeccion-artesana-y-sostenible\/"},"author":{"name":"Nacho Vinau","@id":"http:\/\/madeinzaragoza.es\/blog\/#\/schema\/person\/c75168076287255954a1350e1bc702aa"},"headline":"Peque\u00f1as iniciativas que son capaces de mover realidades: Nueva edici\u00f3n de CafeSS sobre confecci\u00f3n artesana y sostenible","datePublished":"2017-11-26T08:00:03+00:00","dateModified":"2017-11-25T13:50:10+00:00","mainEntityOfPage":{"@id":"https:\/\/madeinzaragoza.es\/blog\/cafess-sobre-confeccion-artesana-y-sostenible\/"},"wordCount":566,"commentCount":0,"publisher":{"@id":"http:\/\/madeinzaragoza.es\/blog\/#organization"},"articleSection":["Red MIZ"],"inLanguage":"es","potentialAction":[{"@type":"CommentAction","name":"Comment","target":["https:\/\/madeinzaragoza.es\/blog\/cafess-sobre-confeccion-artesana-y-sostenible\/#respond"]}]},{"@type":"WebPage","@id":"https:\/\/madeinzaragoza.es\/blog\/cafess-sobre-confeccion-artesana-y-sostenible\/","url":"https:\/\/madeinzaragoza.es\/blog\/cafess-sobre-confeccion-artesana-y-sostenible\/","name":"Nueva edici\u00f3n de CafeSS sobre confecci\u00f3n artesana y sostenible","isPartOf":{"@id":"http:\/\/madeinzaragoza.es\/blog\/#website"},"datePublished":"2017-11-26T08:00:03+00:00","dateModified":"2017-11-25T13:50:10+00:00","description":"Nueva edici\u00f3n de CafeSS para intercambiar experiencias e ideas sobre iniciativas de confecci\u00f3n artesana y sostenible celebrado en La Cicler\u00eda","breadcrumb":{"@id":"https:\/\/madeinzaragoza.es\/blog\/cafess-sobre-confeccion-artesana-y-sostenible\/#breadcrumb"},"inLanguage":"es","potentialAction":[{"@type":"ReadAction","target":["https:\/\/madeinzaragoza.es\/blog\/cafess-sobre-confeccion-artesana-y-sostenible\/"]}]},{"@type":"BreadcrumbList","@id":"https:\/\/madeinzaragoza.es\/blog\/cafess-sobre-confeccion-artesana-y-sostenible\/#breadcrumb","itemListElement":[{"@type":"ListItem","position":1,"name":"Portada","item":"http:\/\/madeinzaragoza.es\/blog\/"},{"@type":"ListItem","position":2,"name":"Peque\u00f1as iniciativas que son capaces de mover realidades: Nueva edici\u00f3n de CafeSS sobre confecci\u00f3n artesana y sostenible"}]},{"@type":"WebSite","@id":"http:\/\/madeinzaragoza.es\/blog\/#website","url":"http:\/\/madeinzaragoza.es\/blog\/","name":"Made in Zaragoza","description":"Blog de MadeinZGZ, Red de Econom\u00eda Creativa de Zaragoza","publisher":{"@id":"http:\/\/madeinzaragoza.es\/blog\/#organization"},"potentialAction":[{"@type":"SearchAction","target":{"@type":"EntryPoint","urlTemplate":"http:\/\/madeinzaragoza.es\/blog\/?s={search_term_string}"},"query-input":"required name=search_term_string"}],"inLanguage":"es"},{"@type":"Organization","@id":"http:\/\/madeinzaragoza.es\/blog\/#organization","name":"Made In Zaragoza","url":"http:\/\/madeinzaragoza.es\/blog\/","sameAs":["https:\/\/www.instagram.com\/madeinzaragoza.es\/","https:\/\/www.facebook.com\/madeinzaragoza.es\/","https:\/\/twitter.com\/madeinzaragoza"],"logo":{"@type":"ImageObject","inLanguage":"es","@id":"http:\/\/madeinzaragoza.es\/blog\/#\/schema\/logo\/image\/","url":"https:\/\/madeinzaragoza.es\/blog\/wp-content\/uploads\/2022\/05\/logo.png","contentUrl":"https:\/\/madeinzaragoza.es\/blog\/wp-content\/uploads\/2022\/05\/logo.png","width":193,"height":176,"caption":"Made In Zaragoza"},"image":{"@id":"http:\/\/madeinzaragoza.es\/blog\/#\/schema\/logo\/image\/"}},{"@type":"Person","@id":"http:\/\/madeinzaragoza.es\/blog\/#\/schema\/person\/c75168076287255954a1350e1bc702aa","name":"Nacho Vinau","image":{"@type":"ImageObject","inLanguage":"es","@id":"http:\/\/madeinzaragoza.es\/blog\/#\/schema\/person\/image\/","url":"http:\/\/0.gravatar.com\/avatar\/0929336b01b6c352d95fd32182921ca3?s=96&d=mm&r=g","contentUrl":"http:\/\/0.gravatar.com\/avatar\/0929336b01b6c352d95fd32182921ca3?s=96&d=mm&r=g","caption":"Nacho Vinau"},"description":"Blogger, organizador de bodas y eventos personalizados en La Lola se va de Boda. Generador de contenidos en COM&amp;COM, amante de mi ciudad, del arte, la moda, y de los peque\u00f1os placeres que nos da la vida.","sameAs":["http:\/\/nachovinauena.wordpress.com","nachovinauena","https:\/\/twitter.com\/nachoena"],"url":"http:\/\/madeinzaragoza.es\/blog\/author\/nacho-vinau\/"}]}},"_links":{"self":[{"href":"http:\/\/madeinzaragoza.es\/blog\/wp-json\/wp\/v2\/posts\/18100"}],"collection":[{"href":"http:\/\/madeinzaragoza.es\/blog\/wp-json\/wp\/v2\/posts"}],"about":[{"href":"http:\/\/madeinzaragoza.es\/blog\/wp-json\/wp\/v2\/types\/post"}],"author":[{"embeddable":true,"href":"http:\/\/madeinzaragoza.es\/blog\/wp-json\/wp\/v2\/users\/11"}],"replies":[{"embeddable":true,"href":"http:\/\/madeinzaragoza.es\/blog\/wp-json\/wp\/v2\/comments?post=18100"}],"version-history":[{"count":3,"href":"http:\/\/madeinzaragoza.es\/blog\/wp-json\/wp\/v2\/posts\/18100\/revisions"}],"predecessor-version":[{"id":18110,"href":"http:\/\/madeinzaragoza.es\/blog\/wp-json\/wp\/v2\/posts\/18100\/revisions\/18110"}],"wp:featuredmedia":[{"embeddable":true,"href":"http:\/\/madeinzaragoza.es\/blog\/wp-json\/wp\/v2\/media\/18102"}],"wp:attachment":[{"href":"http:\/\/madeinzaragoza.es\/blog\/wp-json\/wp\/v2\/media?parent=18100"}],"wp:term":[{"taxonomy":"category","embeddable":true,"href":"http:\/\/madeinzaragoza.es\/blog\/wp-json\/wp\/v2\/categories?post=18100"},{"taxonomy":"post_tag","embeddable":true,"href":"http:\/\/madeinzaragoza.es\/blog\/wp-json\/wp\/v2\/tags?post=18100"}],"curies":[{"name":"wp","href":"https:\/\/api.w.org\/{rel}","templated":true}]}}