{"id":17308,"date":"2017-11-10T20:10:49","date_gmt":"2017-11-10T19:10:49","guid":{"rendered":"http:\/\/madeinzaragoza.es\/blog\/?p=17308"},"modified":"2017-11-20T09:28:03","modified_gmt":"2017-11-20T08:28:03","slug":"sorteo-2-cestas-regalos-made-in-zaragoza-la-noche-los-tenderos-creativos-universidad","status":"publish","type":"post","link":"http:\/\/madeinzaragoza.es\/blog\/sorteo-2-cestas-regalos-made-in-zaragoza-la-noche-los-tenderos-creativos-universidad\/","title":{"rendered":"Sorteo de 2 cestas de regalos Made in Zaragoza durante la Noche de los Tenderos Creativos Universidad"},"content":{"rendered":"<p>Este a\u00f1o, tras la segunda edici\u00f3n de <a href=\"http:\/\/madeinzaragoza.es\/blog\/participantes-la-ii-edicion-universidad-la-noche-los-tenderos-creativos\/\">La Noche de los Tenderos Creativos en la zona Universidad<\/a>, se celebrar\u00e1 del sorteo, entre todos aquellos que hayan comprado, de dos cestas de regalos formadas por art\u00edculos cedidos por todos los establecimientos participantes, lo que pretende premiar a aquellos que se acerquen para apoyar a este comercio local creativo.<\/p>\n<p>&nbsp;<\/p>\n<p><strong>Por cada compra que se realice en un establecimiento Made in Zaragoza durante La Noche de los Tenderos Creativos se obtendr\u00e1 una participaci\u00f3n para el sorteo de una de estas dos cestas de regalos.<\/strong> Para ello habr\u00e1 que <strong>rellenar la papeleta con los datos de contacto y conservar el ticket de compra,<\/strong> que habr\u00e1 que ense\u00f1ar a la hora de recoger el premio.<\/p>\n<p>&nbsp;<\/p>\n<p>El sorteo se realizar\u00e1 la semana posterior al evento de los Tenderos Creativos y su resultado se comunicar\u00e1 al ganador y se anunciar\u00e1 en la p\u00e1gina web y redes sociales de Made in Zaragoza.<\/p>\n<p>&nbsp;<\/p>\n<p><a href=\"http:\/\/madeinzaragoza.es\/blog\/wp-content\/uploads\/2017\/11\/sorteo-cestas.png\"><img loading=\"lazy\" decoding=\"async\" class=\"aligncenter size-full wp-image-17310\" src=\"http:\/\/madeinzaragoza.es\/blog\/wp-content\/uploads\/2017\/11\/sorteo-cestas.png\" alt=\"\" width=\"750\" height=\"750\" srcset=\"http:\/\/madeinzaragoza.es\/blog\/wp-content\/uploads\/2017\/11\/sorteo-cestas.png 750w, http:\/\/madeinzaragoza.es\/blog\/wp-content\/uploads\/2017\/11\/sorteo-cestas-150x150.png 150w, http:\/\/madeinzaragoza.es\/blog\/wp-content\/uploads\/2017\/11\/sorteo-cestas-300x300.png 300w\" sizes=\"(max-width: 709px) 85vw, (max-width: 909px) 67vw, (max-width: 984px) 61vw, (max-width: 1362px) 45vw, 600px\" \/><\/a><\/p>\n<p>&nbsp;<\/p>\n<h2>CESTA 1<\/h2>\n<p>&nbsp;<\/p>\n<p><strong>1. Espabilat\u00e9<\/strong> \u2013 C\/ Cortes de Arag\u00f3n 47<br \/>\nTres bolsas de 50 gr. de diferentes tipos de t\u00e9 aromatizados.<\/p>\n<p>&nbsp;<\/p>\n<p><strong>2. Pezpayaso<\/strong> \u2013 C\/ Corona de Arag\u00f3n 16, local dcha<br \/>\nConjunto \u00e9tnico de pendientes y gargantilla.<\/p>\n<p>&nbsp;<\/p>\n<p><a href=\"http:\/\/madeinzaragoza.es\/blog\/wp-content\/uploads\/2017\/11\/pez-payaso.jpg\"><img loading=\"lazy\" decoding=\"async\" class=\"aligncenter size-full wp-image-17312\" src=\"http:\/\/madeinzaragoza.es\/blog\/wp-content\/uploads\/2017\/11\/pez-payaso.jpg\" alt=\"\" width=\"480\" height=\"639\" srcset=\"http:\/\/madeinzaragoza.es\/blog\/wp-content\/uploads\/2017\/11\/pez-payaso.jpg 480w, http:\/\/madeinzaragoza.es\/blog\/wp-content\/uploads\/2017\/11\/pez-payaso-225x300.jpg 225w\" sizes=\"(max-width: 480px) 85vw, 480px\" \/><\/a><\/p>\n<p>&nbsp;<\/p>\n<p><strong>3. Copister\u00eda y Encuadernaciones Bruno Solano<\/strong> \u2013 C\/ Bruno Solano 8, local<br \/>\nUn \u00e1lbum de fotos y una caja.<\/p>\n<p>&nbsp;<\/p>\n<p><strong>4. Serendipia Tribales<\/strong> \u2013 C\/ Bernardo Fita 23, local<br \/>\nUna mochila.<\/p>\n<p>&nbsp;<\/p>\n<p><a href=\"http:\/\/madeinzaragoza.es\/blog\/wp-content\/uploads\/2017\/11\/serendipia.jpg\"><img loading=\"lazy\" decoding=\"async\" class=\"aligncenter size-large wp-image-17322\" src=\"http:\/\/madeinzaragoza.es\/blog\/wp-content\/uploads\/2017\/11\/serendipia-768x1024.jpg\" alt=\"\" width=\"768\" height=\"1024\" srcset=\"http:\/\/madeinzaragoza.es\/blog\/wp-content\/uploads\/2017\/11\/serendipia-768x1024.jpg 768w, http:\/\/madeinzaragoza.es\/blog\/wp-content\/uploads\/2017\/11\/serendipia-225x300.jpg 225w, http:\/\/madeinzaragoza.es\/blog\/wp-content\/uploads\/2017\/11\/serendipia-1200x1600.jpg 1200w\" sizes=\"(max-width: 709px) 85vw, (max-width: 909px) 67vw, (max-width: 984px) 61vw, (max-width: 1362px) 45vw, 600px\" \/><\/a><\/p>\n<p>&nbsp;<\/p>\n<p><strong>5. Meraki<\/strong> \u2013 C\/ Doctor Cerrada 21<br \/>\nUn cheque regalo de secado y manicura.<\/p>\n<p>&nbsp;<\/p>\n<p><strong>6. ZgzAloe<\/strong> \u2013 C\/ Santa Teresa de Jes\u00fas 1, esquina Mariano Barbas\u00e1n<br \/>\nUn bote de gel puro de aloe vera de 250 ml.<\/p>\n<p>&nbsp;<\/p>\n<p><strong>7. Elements<\/strong> \u2013 C\/ Gran V\u00eda 11<br \/>\nUn perfume s\u00f3lido.<\/p>\n<p>&nbsp;<\/p>\n<p><strong>8. Fresa<\/strong> \u2013 C\/ Tom\u00e1s Bret\u00f3n 5<br \/>\nUna bufanda con pompones.<\/p>\n<p>&nbsp;<\/p>\n<p><a href=\"http:\/\/madeinzaragoza.es\/blog\/wp-content\/uploads\/2017\/11\/fresa.jpg\"><img loading=\"lazy\" decoding=\"async\" class=\"aligncenter size-large wp-image-17313\" src=\"http:\/\/madeinzaragoza.es\/blog\/wp-content\/uploads\/2017\/11\/fresa-767x1024.jpg\" alt=\"\" width=\"767\" height=\"1024\" srcset=\"http:\/\/madeinzaragoza.es\/blog\/wp-content\/uploads\/2017\/11\/fresa-767x1024.jpg 767w, http:\/\/madeinzaragoza.es\/blog\/wp-content\/uploads\/2017\/11\/fresa-225x300.jpg 225w, http:\/\/madeinzaragoza.es\/blog\/wp-content\/uploads\/2017\/11\/fresa-768x1025.jpg 768w, http:\/\/madeinzaragoza.es\/blog\/wp-content\/uploads\/2017\/11\/fresa.jpg 1199w\" sizes=\"(max-width: 709px) 85vw, (max-width: 909px) 67vw, (max-width: 984px) 61vw, (max-width: 1362px) 45vw, 600px\" \/><\/a><\/p>\n<p>&nbsp;<\/p>\n<p><strong>9. By Frida<\/strong> \u2013 P\u00ba Fernando el Cat\u00f3lico 6<br \/>\nUna sudadera de Frida Kahlo.<\/p>\n<p>&nbsp;<\/p>\n<p><strong>10. Natural 100 x 100<\/strong> \u2013 C\/ Fita 2<br \/>\nVale de 10 sesiones de presoterapia valorado en 85\u20ac y una crema adelgazante ecocert.<\/p>\n<p>&nbsp;<\/p>\n<p><strong>11. BGB<\/strong> \u2013 P\u00ba Fernando el Cat\u00f3lico 4<br \/>\nUn sombrero Fedora.<\/p>\n<p>&nbsp;<\/p>\n<p><strong>12. Bholua<\/strong> \u2013 C\/ Doctor Cerrada 7-13, local 2<br \/>\nUn bolso de mano.<\/p>\n<p>&nbsp;<\/p>\n<p><a href=\"http:\/\/madeinzaragoza.es\/blog\/wp-content\/uploads\/2017\/11\/bholua.jpg\"><img loading=\"lazy\" decoding=\"async\" class=\"aligncenter size-full wp-image-17321\" src=\"http:\/\/madeinzaragoza.es\/blog\/wp-content\/uploads\/2017\/11\/bholua.jpg\" alt=\"\" width=\"320\" height=\"240\" srcset=\"http:\/\/madeinzaragoza.es\/blog\/wp-content\/uploads\/2017\/11\/bholua.jpg 320w, http:\/\/madeinzaragoza.es\/blog\/wp-content\/uploads\/2017\/11\/bholua-300x225.jpg 300w\" sizes=\"(max-width: 320px) 85vw, 320px\" \/><\/a><\/p>\n<p>&nbsp;<\/p>\n<p><strong>13. Caliope<\/strong> \u2013 C\/ San Antonio Mar\u00eda Claret 47-49<br \/>\nUn pack de geles de ducha de la edici\u00f3n especial de la temporada.<\/p>\n<p>&nbsp;<\/p>\n<p><strong>14. El taller de Laurallue<\/strong> \u2013 C\/ Dato 12<br \/>\nVale para una clase de pintura.<\/p>\n<p>&nbsp;<\/p>\n<p><strong>15. Escuela de flamenco Los Cabales<\/strong> \u2013 C\/ Fueros de Arag\u00f3n 7-9<br \/>\n25% de descuento en la primera mensualidad del curso de guitarra o caj\u00f3n.<\/p>\n<p>&nbsp;<\/p>\n<p><strong>16. Alma<\/strong> \u2013 C\/ Gran V\u00eda 11<br \/>\nUn pa\u00f1uelo y un colgante.<\/p>\n<p>&nbsp;<\/p>\n<p><a href=\"http:\/\/madeinzaragoza.es\/blog\/wp-content\/uploads\/2017\/11\/alma.jpg\"><img loading=\"lazy\" decoding=\"async\" class=\"aligncenter size-large wp-image-17315\" src=\"http:\/\/madeinzaragoza.es\/blog\/wp-content\/uploads\/2017\/11\/alma-768x1024.jpg\" alt=\"\" width=\"768\" height=\"1024\" srcset=\"http:\/\/madeinzaragoza.es\/blog\/wp-content\/uploads\/2017\/11\/alma-768x1024.jpg 768w, http:\/\/madeinzaragoza.es\/blog\/wp-content\/uploads\/2017\/11\/alma-225x300.jpg 225w, http:\/\/madeinzaragoza.es\/blog\/wp-content\/uploads\/2017\/11\/alma-1200x1600.jpg 1200w\" sizes=\"(max-width: 709px) 85vw, (max-width: 909px) 67vw, (max-width: 984px) 61vw, (max-width: 1362px) 45vw, 600px\" \/><\/a><\/p>\n<p>&nbsp;<\/p>\n<p><strong>17. 111 Quesos<\/strong> \u2013 C\/ Cortes de Arag\u00f3n 59<br \/>\nQueso de vaca de 500 gr. de Villacorona (Premio Biescas al mejor queso de vaca 2017).<\/p>\n<p>&nbsp;<\/p>\n<p><strong>18. Lim\u00f3n y Fresa<\/strong><br \/>\nUn espejo para el bolso con una de las ilustraciones de Lim\u00f3n y Fresa.<\/p>\n<p>&nbsp;<\/p>\n<p><strong>19. Tribales<\/strong><br \/>\nTres anillos que cambian de color con tres medidas diferentes.<\/p>\n<p>&nbsp;<\/p>\n<h2>CESTA 2<\/h2>\n<p><strong>1) Bilop<\/strong> \u2013 P\u00ba Fernando el Cat\u00f3lico 10, local 20<br \/>\nUna higiene facial Bio.<\/p>\n<p>&nbsp;<\/p>\n<p><strong>2) Coco viste la vida<\/strong> \u2013 C\/ Eduardo Dato 8<br \/>\nUn mini bolsito para el m\u00f3vil.<\/p>\n<p>&nbsp;<\/p>\n<p><a href=\"http:\/\/madeinzaragoza.es\/blog\/wp-content\/uploads\/2017\/11\/coco-viste-la-vida.jpg\"><img loading=\"lazy\" decoding=\"async\" class=\"aligncenter size-large wp-image-17316\" src=\"http:\/\/madeinzaragoza.es\/blog\/wp-content\/uploads\/2017\/11\/coco-viste-la-vida-768x1024.jpg\" alt=\"\" width=\"768\" height=\"1024\" srcset=\"http:\/\/madeinzaragoza.es\/blog\/wp-content\/uploads\/2017\/11\/coco-viste-la-vida-768x1024.jpg 768w, http:\/\/madeinzaragoza.es\/blog\/wp-content\/uploads\/2017\/11\/coco-viste-la-vida-225x300.jpg 225w, http:\/\/madeinzaragoza.es\/blog\/wp-content\/uploads\/2017\/11\/coco-viste-la-vida-1200x1600.jpg 1200w\" sizes=\"(max-width: 709px) 85vw, (max-width: 909px) 67vw, (max-width: 984px) 61vw, (max-width: 1362px) 45vw, 600px\" \/><\/a><\/p>\n<p>&nbsp;<\/p>\n<p><strong>3) LA ESTACI\u00f3N DEL DISE\u00d1O<\/strong>\u00a0\u2013 C\/ Calatayud 1<br \/>\nBono del 25% descuento directo en su Proyecto de Interiorismo*<br \/>\n*Acumulable: Si durante el evento pide un proyecto de interiorismo se sumar\u00e1n ambos descuentos, por lo que el descuento total ser\u00eda del 50%.<\/p>\n<p>&nbsp;<\/p>\n<p><strong>4) Leila Hammam rituales de Oriente<\/strong> \u2013 C\/ Fita 9, local izda<br \/>\nSet de Hammam (jab\u00f3n negro de Marruecos y guante kessa).<\/p>\n<p>&nbsp;<\/p>\n<p><strong>5) Nita Lawi<\/strong> \u2013 C\/ Baltasar Graci\u00e1n 10<br \/>\nUn collar.<\/p>\n<p>&nbsp;<\/p>\n<p><strong>6) Rosa Damascena<\/strong> \u2013 C\/ Cortes de Arag\u00f3n 6<br \/>\nUna crema contorno de ojos de Rosa Damascena de Bulgaria.<\/p>\n<p>&nbsp;<\/p>\n<p><a href=\"http:\/\/madeinzaragoza.es\/blog\/wp-content\/uploads\/2017\/11\/rosa-dasmacena.jpg\"><img loading=\"lazy\" decoding=\"async\" class=\"aligncenter size-full wp-image-17317\" src=\"http:\/\/madeinzaragoza.es\/blog\/wp-content\/uploads\/2017\/11\/rosa-dasmacena.jpg\" alt=\"\" width=\"720\" height=\"960\" srcset=\"http:\/\/madeinzaragoza.es\/blog\/wp-content\/uploads\/2017\/11\/rosa-dasmacena.jpg 720w, http:\/\/madeinzaragoza.es\/blog\/wp-content\/uploads\/2017\/11\/rosa-dasmacena-225x300.jpg 225w\" sizes=\"(max-width: 709px) 85vw, (max-width: 909px) 67vw, (max-width: 984px) 61vw, (max-width: 1362px) 45vw, 600px\" \/><\/a><\/p>\n<p>&nbsp;<\/p>\n<p><strong>7) La Natural<\/strong> \u2013 P\u00ba Fernando el Cat\u00f3lico 9<br \/>\nUna botella de 1 litro de aceite ecol\u00f3gico del Bajo Arag\u00f3n Mas de Catxol y una botella de vino tinto ecol\u00f3gico de L\u00e9cera Sadornillo.<\/p>\n<p>&nbsp;<\/p>\n<p><strong>8) El secreto de Ninette<\/strong> \u2013 C\/ Doctor Cerrada 23, local<br \/>\nUn aceite de masaje comestible.<\/p>\n<p>&nbsp;<\/p>\n<p><strong>9) Clo\u00ea<\/strong> \u2013 P\u00ba Fernando el Cat\u00f3lico 6<br \/>\nPa\u00f1uelo cortito para el cuello o como complemento para bolsos.<\/p>\n<p>&nbsp;<\/p>\n<p><a href=\"http:\/\/madeinzaragoza.es\/blog\/wp-content\/uploads\/2017\/11\/Cloe.jpg\"><img loading=\"lazy\" decoding=\"async\" class=\"aligncenter size-large wp-image-17318\" src=\"http:\/\/madeinzaragoza.es\/blog\/wp-content\/uploads\/2017\/11\/Cloe-768x1024.jpg\" alt=\"\" width=\"768\" height=\"1024\" srcset=\"http:\/\/madeinzaragoza.es\/blog\/wp-content\/uploads\/2017\/11\/Cloe-768x1024.jpg 768w, http:\/\/madeinzaragoza.es\/blog\/wp-content\/uploads\/2017\/11\/Cloe-225x300.jpg 225w, http:\/\/madeinzaragoza.es\/blog\/wp-content\/uploads\/2017\/11\/Cloe-1200x1600.jpg 1200w\" sizes=\"(max-width: 709px) 85vw, (max-width: 909px) 67vw, (max-width: 984px) 61vw, (max-width: 1362px) 45vw, 600px\" \/><\/a><\/p>\n<p>&nbsp;<\/p>\n<p><strong>10) Simbiosis Shop<\/strong> \u2013 C\/ F\u00e9lix Latassa 32<br \/>\nUna prenda de la colecci\u00f3n Simbiosis dentro de una Tote Bag de una ilustradora que expone en la tienda Niko Bleach.<\/p>\n<p>&nbsp;<\/p>\n<p><strong>11) Estudio de danza Carlota Bened\u00ed<\/strong> \u2013 C\/ Luis L\u00f3pez Allu\u00e9 9<br \/>\nUna clase particular de baile con Carlota Benedi.<\/p>\n<p>&nbsp;<\/p>\n<p><strong>12) Nature Whispers<\/strong><br \/>\nUn colgante de canela y cuarzo con cord\u00f3n de cuero.<\/p>\n<p>&nbsp;<\/p>\n<p><a href=\"http:\/\/madeinzaragoza.es\/blog\/wp-content\/uploads\/2017\/11\/nature-wishpers.jpg\"><img loading=\"lazy\" decoding=\"async\" class=\"aligncenter size-large wp-image-17319\" src=\"http:\/\/madeinzaragoza.es\/blog\/wp-content\/uploads\/2017\/11\/nature-wishpers-900x1024.jpg\" alt=\"\" width=\"840\" height=\"956\" srcset=\"http:\/\/madeinzaragoza.es\/blog\/wp-content\/uploads\/2017\/11\/nature-wishpers-900x1024.jpg 900w, http:\/\/madeinzaragoza.es\/blog\/wp-content\/uploads\/2017\/11\/nature-wishpers-264x300.jpg 264w, http:\/\/madeinzaragoza.es\/blog\/wp-content\/uploads\/2017\/11\/nature-wishpers-768x874.jpg 768w, http:\/\/madeinzaragoza.es\/blog\/wp-content\/uploads\/2017\/11\/nature-wishpers.jpg 1200w\" sizes=\"(max-width: 709px) 85vw, (max-width: 909px) 67vw, (max-width: 1362px) 62vw, 840px\" \/><\/a><\/p>\n<p>&nbsp;<\/p>\n<p><strong>13) Josefina Decoraci\u00f3n<\/strong> \u2013 C\/ Gran V\u00eda 39<br \/>\nUn estuche completo de Lampe Berger para perfumar la casa.<\/p>\n<p>&nbsp;<\/p>\n<p><strong>14) Elma<\/strong> \u2013 C\/ Cortes de Arag\u00f3n 53<br \/>\nUn gorro de lana forrado de forro polar con pomp\u00f3n de pelo.<\/p>\n<p>&nbsp;<\/p>\n<p><strong>15) Zamorano Espacio<\/strong> \u2013 C\/ Luis L\u00f3pez Allu\u00e9 3<br \/>\nUna clase de pintura gratuita.<\/p>\n<p>&nbsp;<\/p>\n<p><strong>16) Bajo el Sol<\/strong> \u2013 C\/ San Antonio Mar\u00eda Claret 62, bajos<br \/>\nUn kit de fumado e incienso.<\/p>\n<p>&nbsp;<\/p>\n<p><strong>17) Yupii<\/strong> \u2013 C\/ Tom\u00e1s Bret\u00f3n 5<br \/>\nUna camiseta.<\/p>\n<p>&nbsp;<\/p>\n<p><strong>18) Mono de tres cabezas<\/strong> \u2013 Avda. Valencia 24<br \/>\nLibro de Daniel Andueza Gay \u201cLos que ven\u201d, firmado por el autor.<\/p>\n<p>&nbsp;<\/p>\n<p><a href=\"http:\/\/madeinzaragoza.es\/blog\/wp-content\/uploads\/2017\/11\/mono-de-tres-cabezas.jpg\"><img loading=\"lazy\" decoding=\"async\" class=\"aligncenter size-large wp-image-17320\" src=\"http:\/\/madeinzaragoza.es\/blog\/wp-content\/uploads\/2017\/11\/mono-de-tres-cabezas-768x1024.jpg\" alt=\"\" width=\"768\" height=\"1024\" srcset=\"http:\/\/madeinzaragoza.es\/blog\/wp-content\/uploads\/2017\/11\/mono-de-tres-cabezas-768x1024.jpg 768w, http:\/\/madeinzaragoza.es\/blog\/wp-content\/uploads\/2017\/11\/mono-de-tres-cabezas-225x300.jpg 225w, http:\/\/madeinzaragoza.es\/blog\/wp-content\/uploads\/2017\/11\/mono-de-tres-cabezas-1200x1600.jpg 1200w\" sizes=\"(max-width: 709px) 85vw, (max-width: 909px) 67vw, (max-width: 984px) 61vw, (max-width: 1362px) 45vw, 600px\" \/><\/a><\/p>\n<p>&nbsp;<\/p>\n<p><strong>19) El Colmado con Luz y Alma<\/strong> \u2013 C\/ Carmen 24, local 2<br \/>\nCuatro bolsitas con alimentos ecol\u00f3gicos (sal negra himalaya, arroz rojo, lenteja caviar, s\u00e9mola de verduras).<\/p>\n<p>&nbsp;<\/p>\n","protected":false},"excerpt":{"rendered":"<p>Este a\u00f1o, tras la segunda edici\u00f3n de La Noche de los Tenderos Creativos en la zona Universidad, se celebrar\u00e1 del sorteo, entre todos aquellos que hayan comprado, de dos cestas de regalos formadas por art\u00edculos cedidos por todos los establecimientos participantes, lo que pretende premiar a aquellos que se acerquen para apoyar a este comercio &hellip; <a href=\"http:\/\/madeinzaragoza.es\/blog\/sorteo-2-cestas-regalos-made-in-zaragoza-la-noche-los-tenderos-creativos-universidad\/\" class=\"more-link\">Continuar leyendo<span class=\"screen-reader-text\"> \u00abSorteo de 2 cestas de regalos Made in Zaragoza durante la Noche de los Tenderos Creativos Universidad\u00bb<\/span><\/a><\/p>\n","protected":false},"author":22,"featured_media":17309,"comment_status":"open","ping_status":"open","sticky":false,"template":"","format":"standard","meta":{"footnotes":""},"categories":[8],"tags":[],"yoast_head":"<!-- This site is optimized with the Yoast SEO plugin v19.7.2 - https:\/\/yoast.com\/wordpress\/plugins\/seo\/ -->\n<title>Sorteo de 2 cestas de regalos Made in Zaragoza durante la Noche de los Tenderos Creativos Universidad - Made in Zaragoza<\/title>\n<meta name=\"robots\" content=\"index, follow, max-snippet:-1, max-image-preview:large, max-video-preview:-1\" \/>\n<link rel=\"canonical\" href=\"http:\/\/madeinzaragoza.es\/blog\/sorteo-2-cestas-regalos-made-in-zaragoza-la-noche-los-tenderos-creativos-universidad\/\" \/>\n<meta property=\"og:locale\" content=\"es_ES\" \/>\n<meta property=\"og:type\" content=\"article\" \/>\n<meta property=\"og:title\" content=\"Sorteo de 2 cestas de regalos Made in Zaragoza durante la Noche de los Tenderos Creativos Universidad - Made in Zaragoza\" \/>\n<meta property=\"og:description\" content=\"Este a\u00f1o, tras la segunda edici\u00f3n de La Noche de los Tenderos Creativos en la zona Universidad, se celebrar\u00e1 del sorteo, entre todos aquellos que hayan comprado, de dos cestas de regalos formadas por art\u00edculos cedidos por todos los establecimientos participantes, lo que pretende premiar a aquellos que se acerquen para apoyar a este comercio &hellip; Continuar leyendo &quot;Sorteo de 2 cestas de regalos Made in Zaragoza durante la Noche de los Tenderos Creativos Universidad&quot;\" \/>\n<meta property=\"og:url\" content=\"http:\/\/madeinzaragoza.es\/blog\/sorteo-2-cestas-regalos-made-in-zaragoza-la-noche-los-tenderos-creativos-universidad\/\" \/>\n<meta property=\"og:site_name\" content=\"Made in Zaragoza\" \/>\n<meta property=\"article:publisher\" content=\"https:\/\/www.facebook.com\/madeinzaragoza.es\/\" \/>\n<meta property=\"article:author\" content=\"LasArmasZAC\" \/>\n<meta property=\"article:published_time\" content=\"2017-11-10T19:10:49+00:00\" \/>\n<meta property=\"article:modified_time\" content=\"2017-11-20T08:28:03+00:00\" \/>\n<meta property=\"og:image\" content=\"http:\/\/madeinzaragoza.es\/blog\/wp-content\/uploads\/2017\/11\/facebook-tenderos-universidad-1-1024x576.png\" \/>\n\t<meta property=\"og:image:width\" content=\"1024\" \/>\n\t<meta property=\"og:image:height\" content=\"576\" \/>\n\t<meta property=\"og:image:type\" content=\"image\/png\" \/>\n<meta name=\"author\" content=\"MadeinZGZ\" \/>\n<meta name=\"twitter:card\" content=\"summary\" \/>\n<meta name=\"twitter:creator\" content=\"@madeinzaragoza\" \/>\n<meta name=\"twitter:site\" content=\"@madeinzaragoza\" \/>\n<meta name=\"twitter:label1\" content=\"Escrito por\" \/>\n\t<meta name=\"twitter:data1\" content=\"MadeinZGZ\" \/>\n\t<meta name=\"twitter:label2\" content=\"Tiempo de lectura\" \/>\n\t<meta name=\"twitter:data2\" content=\"4 minutos\" \/>\n<script type=\"application\/ld+json\" class=\"yoast-schema-graph\">{\"@context\":\"https:\/\/schema.org\",\"@graph\":[{\"@type\":\"Article\",\"@id\":\"http:\/\/madeinzaragoza.es\/blog\/sorteo-2-cestas-regalos-made-in-zaragoza-la-noche-los-tenderos-creativos-universidad\/#article\",\"isPartOf\":{\"@id\":\"http:\/\/madeinzaragoza.es\/blog\/sorteo-2-cestas-regalos-made-in-zaragoza-la-noche-los-tenderos-creativos-universidad\/\"},\"author\":{\"name\":\"MadeinZGZ\",\"@id\":\"http:\/\/madeinzaragoza.es\/blog\/#\/schema\/person\/59f4073cf7e7bc2b2f33b48241478a32\"},\"headline\":\"Sorteo de 2 cestas de regalos Made in Zaragoza durante la Noche de los Tenderos Creativos Universidad\",\"datePublished\":\"2017-11-10T19:10:49+00:00\",\"dateModified\":\"2017-11-20T08:28:03+00:00\",\"mainEntityOfPage\":{\"@id\":\"http:\/\/madeinzaragoza.es\/blog\/sorteo-2-cestas-regalos-made-in-zaragoza-la-noche-los-tenderos-creativos-universidad\/\"},\"wordCount\":853,\"commentCount\":0,\"publisher\":{\"@id\":\"http:\/\/madeinzaragoza.es\/blog\/#organization\"},\"articleSection\":[\"Red MIZ\"],\"inLanguage\":\"es\",\"potentialAction\":[{\"@type\":\"CommentAction\",\"name\":\"Comment\",\"target\":[\"http:\/\/madeinzaragoza.es\/blog\/sorteo-2-cestas-regalos-made-in-zaragoza-la-noche-los-tenderos-creativos-universidad\/#respond\"]}]},{\"@type\":\"WebPage\",\"@id\":\"http:\/\/madeinzaragoza.es\/blog\/sorteo-2-cestas-regalos-made-in-zaragoza-la-noche-los-tenderos-creativos-universidad\/\",\"url\":\"http:\/\/madeinzaragoza.es\/blog\/sorteo-2-cestas-regalos-made-in-zaragoza-la-noche-los-tenderos-creativos-universidad\/\",\"name\":\"Sorteo de 2 cestas de regalos Made in Zaragoza durante la Noche de los Tenderos Creativos Universidad - Made in Zaragoza\",\"isPartOf\":{\"@id\":\"http:\/\/madeinzaragoza.es\/blog\/#website\"},\"datePublished\":\"2017-11-10T19:10:49+00:00\",\"dateModified\":\"2017-11-20T08:28:03+00:00\",\"breadcrumb\":{\"@id\":\"http:\/\/madeinzaragoza.es\/blog\/sorteo-2-cestas-regalos-made-in-zaragoza-la-noche-los-tenderos-creativos-universidad\/#breadcrumb\"},\"inLanguage\":\"es\",\"potentialAction\":[{\"@type\":\"ReadAction\",\"target\":[\"http:\/\/madeinzaragoza.es\/blog\/sorteo-2-cestas-regalos-made-in-zaragoza-la-noche-los-tenderos-creativos-universidad\/\"]}]},{\"@type\":\"BreadcrumbList\",\"@id\":\"http:\/\/madeinzaragoza.es\/blog\/sorteo-2-cestas-regalos-made-in-zaragoza-la-noche-los-tenderos-creativos-universidad\/#breadcrumb\",\"itemListElement\":[{\"@type\":\"ListItem\",\"position\":1,\"name\":\"Portada\",\"item\":\"http:\/\/madeinzaragoza.es\/blog\/\"},{\"@type\":\"ListItem\",\"position\":2,\"name\":\"Sorteo de 2 cestas de regalos Made in Zaragoza durante la Noche de los Tenderos Creativos Universidad\"}]},{\"@type\":\"WebSite\",\"@id\":\"http:\/\/madeinzaragoza.es\/blog\/#website\",\"url\":\"http:\/\/madeinzaragoza.es\/blog\/\",\"name\":\"Made in Zaragoza\",\"description\":\"Blog de MadeinZGZ, Red de Econom\u00eda Creativa de Zaragoza\",\"publisher\":{\"@id\":\"http:\/\/madeinzaragoza.es\/blog\/#organization\"},\"potentialAction\":[{\"@type\":\"SearchAction\",\"target\":{\"@type\":\"EntryPoint\",\"urlTemplate\":\"http:\/\/madeinzaragoza.es\/blog\/?s={search_term_string}\"},\"query-input\":\"required name=search_term_string\"}],\"inLanguage\":\"es\"},{\"@type\":\"Organization\",\"@id\":\"http:\/\/madeinzaragoza.es\/blog\/#organization\",\"name\":\"Made In Zaragoza\",\"url\":\"http:\/\/madeinzaragoza.es\/blog\/\",\"sameAs\":[\"https:\/\/www.instagram.com\/madeinzaragoza.es\/\",\"https:\/\/www.facebook.com\/madeinzaragoza.es\/\",\"https:\/\/twitter.com\/madeinzaragoza\"],\"logo\":{\"@type\":\"ImageObject\",\"inLanguage\":\"es\",\"@id\":\"http:\/\/madeinzaragoza.es\/blog\/#\/schema\/logo\/image\/\",\"url\":\"https:\/\/madeinzaragoza.es\/blog\/wp-content\/uploads\/2022\/05\/logo.png\",\"contentUrl\":\"https:\/\/madeinzaragoza.es\/blog\/wp-content\/uploads\/2022\/05\/logo.png\",\"width\":193,\"height\":176,\"caption\":\"Made In Zaragoza\"},\"image\":{\"@id\":\"http:\/\/madeinzaragoza.es\/blog\/#\/schema\/logo\/image\/\"}},{\"@type\":\"Person\",\"@id\":\"http:\/\/madeinzaragoza.es\/blog\/#\/schema\/person\/59f4073cf7e7bc2b2f33b48241478a32\",\"name\":\"MadeinZGZ\",\"image\":{\"@type\":\"ImageObject\",\"inLanguage\":\"es\",\"@id\":\"http:\/\/madeinzaragoza.es\/blog\/#\/schema\/person\/image\/\",\"url\":\"http:\/\/2.gravatar.com\/avatar\/23c2456a35687aa268b52997d8f142d1?s=96&d=mm&r=g\",\"contentUrl\":\"http:\/\/2.gravatar.com\/avatar\/23c2456a35687aa268b52997d8f142d1?s=96&d=mm&r=g\",\"caption\":\"MadeinZGZ\"},\"description\":\"Red de comercios y emprendedores creativos de Zaragoza impulsada por ZGZ Activa.\",\"sameAs\":[\"LasArmasZAC\",\"https:\/\/twitter.com\/madeinzaragoza\"],\"url\":\"http:\/\/madeinzaragoza.es\/blog\/author\/madeinzgz\/\"}]}<\/script>\n<!-- \/ Yoast SEO plugin. -->","yoast_head_json":{"title":"Sorteo de 2 cestas de regalos Made in Zaragoza durante la Noche de los Tenderos Creativos Universidad - Made in Zaragoza","robots":{"index":"index","follow":"follow","max-snippet":"max-snippet:-1","max-image-preview":"max-image-preview:large","max-video-preview":"max-video-preview:-1"},"canonical":"http:\/\/madeinzaragoza.es\/blog\/sorteo-2-cestas-regalos-made-in-zaragoza-la-noche-los-tenderos-creativos-universidad\/","og_locale":"es_ES","og_type":"article","og_title":"Sorteo de 2 cestas de regalos Made in Zaragoza durante la Noche de los Tenderos Creativos Universidad - Made in Zaragoza","og_description":"Este a\u00f1o, tras la segunda edici\u00f3n de La Noche de los Tenderos Creativos en la zona Universidad, se celebrar\u00e1 del sorteo, entre todos aquellos que hayan comprado, de dos cestas de regalos formadas por art\u00edculos cedidos por todos los establecimientos participantes, lo que pretende premiar a aquellos que se acerquen para apoyar a este comercio &hellip; Continuar leyendo \"Sorteo de 2 cestas de regalos Made in Zaragoza durante la Noche de los Tenderos Creativos Universidad\"","og_url":"http:\/\/madeinzaragoza.es\/blog\/sorteo-2-cestas-regalos-made-in-zaragoza-la-noche-los-tenderos-creativos-universidad\/","og_site_name":"Made in Zaragoza","article_publisher":"https:\/\/www.facebook.com\/madeinzaragoza.es\/","article_author":"LasArmasZAC","article_published_time":"2017-11-10T19:10:49+00:00","article_modified_time":"2017-11-20T08:28:03+00:00","og_image":[{"width":1024,"height":576,"url":"http:\/\/madeinzaragoza.es\/blog\/wp-content\/uploads\/2017\/11\/facebook-tenderos-universidad-1-1024x576.png","type":"image\/png"}],"author":"MadeinZGZ","twitter_card":"summary","twitter_creator":"@madeinzaragoza","twitter_site":"@madeinzaragoza","twitter_misc":{"Escrito por":"MadeinZGZ","Tiempo de lectura":"4 minutos"},"schema":{"@context":"https:\/\/schema.org","@graph":[{"@type":"Article","@id":"http:\/\/madeinzaragoza.es\/blog\/sorteo-2-cestas-regalos-made-in-zaragoza-la-noche-los-tenderos-creativos-universidad\/#article","isPartOf":{"@id":"http:\/\/madeinzaragoza.es\/blog\/sorteo-2-cestas-regalos-made-in-zaragoza-la-noche-los-tenderos-creativos-universidad\/"},"author":{"name":"MadeinZGZ","@id":"http:\/\/madeinzaragoza.es\/blog\/#\/schema\/person\/59f4073cf7e7bc2b2f33b48241478a32"},"headline":"Sorteo de 2 cestas de regalos Made in Zaragoza durante la Noche de los Tenderos Creativos Universidad","datePublished":"2017-11-10T19:10:49+00:00","dateModified":"2017-11-20T08:28:03+00:00","mainEntityOfPage":{"@id":"http:\/\/madeinzaragoza.es\/blog\/sorteo-2-cestas-regalos-made-in-zaragoza-la-noche-los-tenderos-creativos-universidad\/"},"wordCount":853,"commentCount":0,"publisher":{"@id":"http:\/\/madeinzaragoza.es\/blog\/#organization"},"articleSection":["Red MIZ"],"inLanguage":"es","potentialAction":[{"@type":"CommentAction","name":"Comment","target":["http:\/\/madeinzaragoza.es\/blog\/sorteo-2-cestas-regalos-made-in-zaragoza-la-noche-los-tenderos-creativos-universidad\/#respond"]}]},{"@type":"WebPage","@id":"http:\/\/madeinzaragoza.es\/blog\/sorteo-2-cestas-regalos-made-in-zaragoza-la-noche-los-tenderos-creativos-universidad\/","url":"http:\/\/madeinzaragoza.es\/blog\/sorteo-2-cestas-regalos-made-in-zaragoza-la-noche-los-tenderos-creativos-universidad\/","name":"Sorteo de 2 cestas de regalos Made in Zaragoza durante la Noche de los Tenderos Creativos Universidad - Made in Zaragoza","isPartOf":{"@id":"http:\/\/madeinzaragoza.es\/blog\/#website"},"datePublished":"2017-11-10T19:10:49+00:00","dateModified":"2017-11-20T08:28:03+00:00","breadcrumb":{"@id":"http:\/\/madeinzaragoza.es\/blog\/sorteo-2-cestas-regalos-made-in-zaragoza-la-noche-los-tenderos-creativos-universidad\/#breadcrumb"},"inLanguage":"es","potentialAction":[{"@type":"ReadAction","target":["http:\/\/madeinzaragoza.es\/blog\/sorteo-2-cestas-regalos-made-in-zaragoza-la-noche-los-tenderos-creativos-universidad\/"]}]},{"@type":"BreadcrumbList","@id":"http:\/\/madeinzaragoza.es\/blog\/sorteo-2-cestas-regalos-made-in-zaragoza-la-noche-los-tenderos-creativos-universidad\/#breadcrumb","itemListElement":[{"@type":"ListItem","position":1,"name":"Portada","item":"http:\/\/madeinzaragoza.es\/blog\/"},{"@type":"ListItem","position":2,"name":"Sorteo de 2 cestas de regalos Made in Zaragoza durante la Noche de los Tenderos Creativos Universidad"}]},{"@type":"WebSite","@id":"http:\/\/madeinzaragoza.es\/blog\/#website","url":"http:\/\/madeinzaragoza.es\/blog\/","name":"Made in Zaragoza","description":"Blog de MadeinZGZ, Red de Econom\u00eda Creativa de Zaragoza","publisher":{"@id":"http:\/\/madeinzaragoza.es\/blog\/#organization"},"potentialAction":[{"@type":"SearchAction","target":{"@type":"EntryPoint","urlTemplate":"http:\/\/madeinzaragoza.es\/blog\/?s={search_term_string}"},"query-input":"required name=search_term_string"}],"inLanguage":"es"},{"@type":"Organization","@id":"http:\/\/madeinzaragoza.es\/blog\/#organization","name":"Made In Zaragoza","url":"http:\/\/madeinzaragoza.es\/blog\/","sameAs":["https:\/\/www.instagram.com\/madeinzaragoza.es\/","https:\/\/www.facebook.com\/madeinzaragoza.es\/","https:\/\/twitter.com\/madeinzaragoza"],"logo":{"@type":"ImageObject","inLanguage":"es","@id":"http:\/\/madeinzaragoza.es\/blog\/#\/schema\/logo\/image\/","url":"https:\/\/madeinzaragoza.es\/blog\/wp-content\/uploads\/2022\/05\/logo.png","contentUrl":"https:\/\/madeinzaragoza.es\/blog\/wp-content\/uploads\/2022\/05\/logo.png","width":193,"height":176,"caption":"Made In Zaragoza"},"image":{"@id":"http:\/\/madeinzaragoza.es\/blog\/#\/schema\/logo\/image\/"}},{"@type":"Person","@id":"http:\/\/madeinzaragoza.es\/blog\/#\/schema\/person\/59f4073cf7e7bc2b2f33b48241478a32","name":"MadeinZGZ","image":{"@type":"ImageObject","inLanguage":"es","@id":"http:\/\/madeinzaragoza.es\/blog\/#\/schema\/person\/image\/","url":"http:\/\/2.gravatar.com\/avatar\/23c2456a35687aa268b52997d8f142d1?s=96&d=mm&r=g","contentUrl":"http:\/\/2.gravatar.com\/avatar\/23c2456a35687aa268b52997d8f142d1?s=96&d=mm&r=g","caption":"MadeinZGZ"},"description":"Red de comercios y emprendedores creativos de Zaragoza impulsada por ZGZ Activa.","sameAs":["LasArmasZAC","https:\/\/twitter.com\/madeinzaragoza"],"url":"http:\/\/madeinzaragoza.es\/blog\/author\/madeinzgz\/"}]}},"_links":{"self":[{"href":"http:\/\/madeinzaragoza.es\/blog\/wp-json\/wp\/v2\/posts\/17308"}],"collection":[{"href":"http:\/\/madeinzaragoza.es\/blog\/wp-json\/wp\/v2\/posts"}],"about":[{"href":"http:\/\/madeinzaragoza.es\/blog\/wp-json\/wp\/v2\/types\/post"}],"author":[{"embeddable":true,"href":"http:\/\/madeinzaragoza.es\/blog\/wp-json\/wp\/v2\/users\/22"}],"replies":[{"embeddable":true,"href":"http:\/\/madeinzaragoza.es\/blog\/wp-json\/wp\/v2\/comments?post=17308"}],"version-history":[{"count":3,"href":"http:\/\/madeinzaragoza.es\/blog\/wp-json\/wp\/v2\/posts\/17308\/revisions"}],"predecessor-version":[{"id":17323,"href":"http:\/\/madeinzaragoza.es\/blog\/wp-json\/wp\/v2\/posts\/17308\/revisions\/17323"}],"wp:featuredmedia":[{"embeddable":true,"href":"http:\/\/madeinzaragoza.es\/blog\/wp-json\/wp\/v2\/media\/17309"}],"wp:attachment":[{"href":"http:\/\/madeinzaragoza.es\/blog\/wp-json\/wp\/v2\/media?parent=17308"}],"wp:term":[{"taxonomy":"category","embeddable":true,"href":"http:\/\/madeinzaragoza.es\/blog\/wp-json\/wp\/v2\/categories?post=17308"},{"taxonomy":"post_tag","embeddable":true,"href":"http:\/\/madeinzaragoza.es\/blog\/wp-json\/wp\/v2\/tags?post=17308"}],"curies":[{"name":"wp","href":"https:\/\/api.w.org\/{rel}","templated":true}]}}