{"id":17223,"date":"2017-11-27T22:03:39","date_gmt":"2017-11-27T21:03:39","guid":{"rendered":"http:\/\/madeinzaragoza.es\/blog\/?p=17223"},"modified":"2017-11-29T22:10:03","modified_gmt":"2017-11-29T21:10:03","slug":"pedro-santiesteve-desde-ayuntamiento","status":"publish","type":"post","link":"http:\/\/madeinzaragoza.es\/blog\/pedro-santiesteve-desde-ayuntamiento\/","title":{"rendered":"Pedro Santiesteve: Desde el Balc\u00f3n del Ayuntamiento"},"content":{"rendered":"<p><strong>En Made in Zaragoza escribimos en Zaragoza y para Zaragoza, y desde este blog, voy a lanzar una serie de preguntas sobre el pasado, presente y futuro a personas, ma\u00f1os como nosotros, que viven por y para la ciudad.<\/strong><\/p>\n<p>&nbsp;<\/p>\n<p><a href=\"http:\/\/madeinzaragoza.es\/blog\/wp-content\/uploads\/2017\/11\/logo-pla-e1510307133651.jpg\"><img loading=\"lazy\" decoding=\"async\" class=\"size-full wp-image-17225 aligncenter\" src=\"http:\/\/madeinzaragoza.es\/blog\/wp-content\/uploads\/2017\/11\/logo-pla-e1510307133651.jpg\" alt=\"Mi Zaragoza\" width=\"193\" height=\"176\" \/><\/a><\/p>\n<p>&nbsp;<\/p>\n<p><strong>Estamos acostumbrados a ser austeros en el halago y el reconocimiento, y a lo mejor, una forma mayor de visibilidad es reconocernos en la grandeza de nuestra historia, y en la lucha de nuestro presente.<\/strong><\/p>\n<p><strong>El primer entrevistado que nos cuenta como vive Zaragoza es nuestro alcalde, al que vemos todos los d\u00edas en las noticias, pero del que conocemos poco. Una mirada m\u00e1s de nuestra ciudad, antes y ahora.<\/strong><\/p>\n<p>&nbsp;<\/p>\n<figure id=\"attachment_17232\" aria-describedby=\"caption-attachment-17232\" style=\"width: 620px\" class=\"wp-caption alignnone\"><img loading=\"lazy\" decoding=\"async\" class=\"size-full wp-image-17232\" src=\"http:\/\/madeinzaragoza.es\/blog\/wp-content\/uploads\/2017\/11\/alcalde.jpg\" alt=\"Pedro Santisteve\" width=\"620\" height=\"400\" srcset=\"http:\/\/madeinzaragoza.es\/blog\/wp-content\/uploads\/2017\/11\/alcalde.jpg 620w, http:\/\/madeinzaragoza.es\/blog\/wp-content\/uploads\/2017\/11\/alcalde-300x194.jpg 300w\" sizes=\"(max-width: 709px) 85vw, (max-width: 909px) 67vw, (max-width: 984px) 61vw, (max-width: 1362px) 45vw, 600px\" \/><figcaption id=\"caption-attachment-17232\" class=\"wp-caption-text\">Pedro Santisteve<\/figcaption><\/figure>\n<p>&nbsp;<\/p>\n<p><strong>H\u00e1bleme de su juventud<\/strong><\/p>\n<p>&nbsp;<\/p>\n<p>Cuando murieron mis padres me baj\u00e9 al casco Viejo. Era 1985 y yo ten\u00eda 27 a\u00f1os. Me fui a la Calle las Armas. Era un piso de 120 m2, que estaba hecho un desastre y que compart\u00eda con una amiga. Me costaba 10.000 pesetas al mes, y era la opci\u00f3n para los que no ten\u00edamos donde caernos muertos.<\/p>\n<p>&nbsp;<\/p>\n<p>Despu\u00e9s he recorrido todo el Casco Viejo. Me fui a una casa rehabilitada en la Calle Urrea, donde tuve un piso de 40 m2, y que era extramuros del Centro. Digo extramuros porque era una calle que ten\u00eda mucho de Arrabal de murallas. Recuerdo que ese a\u00f1o murieron tres personas, uno de ellos por sobredosis y otro asesinado\u2026 hab\u00eda un puti-club, consumo de drogas\u2026 un poco de todo.<\/p>\n<p>&nbsp;<\/p>\n<p>Despu\u00e9s, al vender mis hermanas y yo la casa de nuestros padres, me compr\u00e9 una casa detr\u00e1s de la Seo, en la calle Jord\u00e1n del R\u00edes, donde naci\u00f3 mi hija. Al a\u00f1o, decidimos comprar una casa para rehabilitar. Durante ese tiempo de obras, vivimos en la Plaza Jos\u00e9 Mar\u00eda Forqu\u00e9, gracias a lo cual mi hija pudo ir al Colegio Joaqu\u00edn Costa, fue una satisfacci\u00f3n que pudiese ir a un colegio p\u00fablico con tanta solera.<\/p>\n<p>Y hoy, en el Gancho, que es un barrio que te recuerda las vivencias de los pueblos. Aunque siempre he sido urbanita, es algo que disfruto: la gente se saluda, las calles son peatonales, conoces a la gente de los comercios y donde se facilita la convivencia.<\/p>\n<p>&nbsp;<\/p>\n<p>&nbsp;<\/p>\n<p><strong>Primeros recuerdos de la Ciudad<\/strong><\/p>\n<p>&nbsp;<\/p>\n<p>El Parque Grande, cuando bajaba con mis hermanas junto al rio Huerva y jug\u00e1bamos a que \u00e9ramos los de Bonanza, y que llev\u00e1bamos a los caballos a beber al rio. Me pas\u00e9 la infancia en el Parque Jos\u00e9 Antonio Labordeta.<\/p>\n<p>&nbsp;<\/p>\n<p><strong>\u00bfQu\u00e9 tiendas recuerda de aquella \u00e9poca?<\/strong><\/p>\n<p>&nbsp;<\/p>\n<p>Mi madre nos mandaba a comprar a una bodega que se llamaba Nicomedes, que vend\u00eda vino y leche Gurelesa, de la que ten\u00edas que devolver el casco. Y luego las tiendas del barrio y la panader\u00eda de la esquina.<\/p>\n<p>&nbsp;<\/p>\n<figure id=\"attachment_17236\" aria-describedby=\"caption-attachment-17236\" style=\"width: 840px\" class=\"wp-caption alignnone\"><img loading=\"lazy\" decoding=\"async\" class=\"size-large wp-image-17236\" src=\"http:\/\/madeinzaragoza.es\/blog\/wp-content\/uploads\/2017\/11\/alcalde-222-1024x807.jpg\" alt=\"Un momento durante la entrevista\" width=\"840\" height=\"662\" srcset=\"http:\/\/madeinzaragoza.es\/blog\/wp-content\/uploads\/2017\/11\/alcalde-222-1024x807.jpg 1024w, http:\/\/madeinzaragoza.es\/blog\/wp-content\/uploads\/2017\/11\/alcalde-222-300x236.jpg 300w, http:\/\/madeinzaragoza.es\/blog\/wp-content\/uploads\/2017\/11\/alcalde-222-768x605.jpg 768w, http:\/\/madeinzaragoza.es\/blog\/wp-content\/uploads\/2017\/11\/alcalde-222-1200x946.jpg 1200w\" sizes=\"(max-width: 709px) 85vw, (max-width: 909px) 67vw, (max-width: 1362px) 62vw, 840px\" \/><figcaption id=\"caption-attachment-17236\" class=\"wp-caption-text\">Un momento durante la entrevista<\/figcaption><\/figure>\n<p>&nbsp;<\/p>\n<p><strong>\u00bfCu\u00e1l es el mejor sitio para una primera cita?<\/strong><\/p>\n<p>&nbsp;<\/p>\n<p>El lugar m\u00e1s rom\u00e1ntico para mi es en el Parque Grande, un sitio que creo que se llama la Rosaleda. Un lugar emparrado, con banquitos. Me parece delicioso.<\/p>\n<p>&nbsp;<\/p>\n<p>&nbsp;<\/p>\n<p><strong>\u00bfD\u00f3nde va a tomar copas con los amigos?<\/strong><\/p>\n<p>&nbsp;<\/p>\n<p>A los de mi barrio, cualquier sitio donde encuentre amigos o vecinos, ese es mi bar. Si tengo que decir uno en concreto, mencionar\u00eda a Mill\u00e1n, entre el Coso Bajo y Tener\u00edas (Casa Aparicio), que me recuerda a las bodegas de Madrid, tiene mucho encanto y solera.<\/p>\n<p>&nbsp;<\/p>\n<p>&nbsp;<\/p>\n<p><strong>\u00bfMejor sitio para desconectar?<\/strong><\/p>\n<p>&nbsp;<\/p>\n<p>Un paseo por las riberas del Ebro. Creo que se puede desconectar en cualquier sitio que tengas un horizonte abierto.<\/p>\n<p>&nbsp;<\/p>\n<p>&nbsp;<\/p>\n<p><strong>Si se quedase atrapado en un edificio importante de la ciudad, \u00bfcu\u00e1l ser\u00eda?<\/strong><\/p>\n<p>&nbsp;<\/p>\n<p>El Museo Pablo Gargallo.<\/p>\n<p>&nbsp;<\/p>\n<p>&nbsp;<\/p>\n<p><strong>\u00bfQu\u00e9 fue lo primero que hizo cuando lleg\u00f3 a la Alcald\u00eda?<\/strong><\/p>\n<p>&nbsp;<\/p>\n<p>A ver si consigo acordarme, porque fue meterme en una vor\u00e1gine de vida. Son recuerdos muy intensos e importantes para m\u00ed. Recuerdo entrar del brazo de la vice alcaldesa (Mar\u00eda Luisa Broto) en el ayuntamiento como si entr\u00e1semos a una boda.<\/p>\n<p>&nbsp;<\/p>\n<p>&nbsp;<\/p>\n<p><strong>\u00bfQu\u00e9 es lo m\u00e1s curioso que le ha pasado en un taxi?<\/strong><\/p>\n<p>&nbsp;<\/p>\n<p>No te sabr\u00eda decir. Me acuerdo cuando mi abuela se pill\u00f3 los dedos en un taxi. Y sobre todo la vara que me daban al principio algunos al hablar de pol\u00edtica, y que no todos eran de la misma cuerda. Ahora eso ha cambiado bastante.<\/p>\n<p>&nbsp;<\/p>\n<p>&nbsp;<\/p>\n<p><strong>Caprichos, curiosidades o coleccionismos.<\/strong><\/p>\n<p>&nbsp;<\/p>\n<p>Cuando era joven me gustaban los sellos, que era la moda, y de peque\u00f1o los \u00e1lbumes de cromos. Pero mis caprichos son muy mundanos: estar con la gente y pasarlo bien; salir al monte, al Pirineo. Esas son las cosas que realmente disfruto.<\/p>\n<p>&nbsp;<\/p>\n<p>&nbsp;<\/p>\n<p><strong>\u00bfD\u00f3nde compra m\u00fasica o cine?<\/strong><\/p>\n<p>&nbsp;<\/p>\n<p>El mejor sitio para comprar m\u00fasica era Linacero. El cine me gusta disfrutarlo en sala, especialmente en los cines enormes que ten\u00edamos en Independencia, que luego se han ido reduciendo, y se pas\u00f3 a las multi salas. me acuerdo bastante de las antiguas salas como el Pax, el Dux y el Victoria.<\/p>\n<p>&nbsp;<\/p>\n<p>&nbsp;<\/p>\n<p><strong>Mejor comida de su vida<\/strong><\/p>\n<p>&nbsp;<\/p>\n<p>Pues hay uno que me gusta mucho, pero no est\u00e1 en Zaragoza. He comido muy bien en Nu\u00e9valos, en el Rio Piedra. Y de aqu\u00ed me encanta la comida casera, especialmente el de mi sobrina, en el antiguo Bar la Jota.<\/p>\n<p>&nbsp;<\/p>\n<p>&nbsp;<\/p>\n<p><strong>\u00bfA qui\u00e9n llama cuando quiere pasarlo bien?<\/strong><\/p>\n<p>&nbsp;<\/p>\n<p>A viejos amigos y amigas. Me gusta reencontrarme con amigos que viven en otras ciudades, con los que he perdido contacto con el tiempo, y con los que he compartido momentos y vivencias muy intensas.<\/p>\n<p>&nbsp;<\/p>\n<p>&nbsp;<\/p>\n<p><strong>\u00bfEs futbolero?<\/strong><\/p>\n<p>&nbsp;<\/p>\n<p>Soy de grandes citas futbol\u00edsticas, no me las pierdo. Por televisi\u00f3n me gusta disfrutar del buen futbol, y del baloncesto, y del balonmano. Me gusta mucho la potencia que tiene nuestro pa\u00eds en esos tres deportes. Pero tambi\u00e9n me gusta el Teruel de Volleyball, as\u00ed como el baloncesto y el balonmano femeninos.<\/p>\n<p>&nbsp;<\/p>\n<p>&nbsp;<\/p>\n<p><strong>Mejor consejo que le han dado<\/strong><\/p>\n<p>&nbsp;<\/p>\n<p>M\u00e1s que consejos, recuerdo a gente que me ha ayudado a conocerme a m\u00ed mismo, o que me han ayudado a resaltar mi vitalidad y amor por la vida, en los que me he sentido realizado.<\/p>\n<p>&nbsp;<\/p>\n<p>Mis padres murieron cuando era muy joven, y no encontr\u00e9 a gente en la que apoyarme o me echara una mano, aunque siempre ha habido gente en momentos dif\u00edciles, como el despacho de abogados que nos ayud\u00f3 cuando abrimos el nuestro. M\u00e1s que dejarme aconsejar, he tirado de m\u00ed mismo.<\/p>\n<p>&nbsp;<\/p>\n<p>&nbsp;<\/p>\n<p><strong>Figura hist\u00f3rica de Zaragoza<\/strong><\/p>\n<p>&nbsp;<\/p>\n<p>Goya y Agustina de Arag\u00f3n<\/p>\n<p>&nbsp;<\/p>\n<p>&nbsp;<\/p>\n<p><strong>Sitio ideal para vivir, si no viviese en Zaragoza<\/strong><\/p>\n<p>&nbsp;<\/p>\n<p>Hay muchos\u2026 Pa\u00eds Vasco, Galicia, Asturias, podr\u00eda decir muchos.<\/p>\n<p>&nbsp;<\/p>\n<figure id=\"attachment_17227\" aria-describedby=\"caption-attachment-17227\" style=\"width: 840px\" class=\"wp-caption alignnone\"><img loading=\"lazy\" decoding=\"async\" class=\"size-large wp-image-17227\" src=\"http:\/\/madeinzaragoza.es\/blog\/wp-content\/uploads\/2017\/11\/alcalde-1-1024x683.jpg\" alt=\"Un momento durante la entrevista\" width=\"840\" height=\"560\" \/><figcaption id=\"caption-attachment-17227\" class=\"wp-caption-text\">Un momento durante la entrevista<\/figcaption><\/figure>\n<p>&nbsp;<\/p>\n<p>&nbsp;<\/p>\n<p><strong>Finalmente, \u00bfC\u00f3mo le gustar\u00eda ver a Zaragoza dentro de 10 a\u00f1os?<\/strong><\/p>\n<p>&nbsp;<\/p>\n<p>Me gustar\u00eda una ciudad adaptada a los tiempos, sobre todo respecto al Cambio Clim\u00e1tico, apostando por las renovables y por el transporte p\u00fablico. En el que estuvi\u00e9semos rodeados por un cintur\u00f3n de huerta, que asegurase nuestro consumo de cantidad y calidad. Con un entorno en el que los barrios estuviesen reequilibrados, en el que se hubiese podido superar la crisis, con un nivel de convivencia que permitiese una vida de comunidad de calidad, en la que la gente se apoyase.<\/p>\n<p>&nbsp;<\/p>\n<p>Necesitamos una comunidad viva que nos permita asumir la incertidumbre de los tiempos que nos ha tocado vivir.<\/p>\n<p>&nbsp;<\/p>\n<p><strong>Y con estas palabras nos despedimos de una persona c\u00e1lida, al que le cuesta exponer su mundo interior, quiz\u00e1 en lucha constante con una timidez que le puede dar alg\u00fan que otro quebradero de cabeza, pero al que le interesa la vida, lo cotidiano y con un profundo sentido de la observaci\u00f3n.<\/strong><\/p>\n<p>&nbsp;<\/p>\n<p><strong>Pedro, tiene hoy una agenda endiablada, pero cuando habla con nosotros, parece que tiene todo el tiempo del mundo. Y ah\u00ed le dejamos, y le deseamos lo mejor.<\/strong><\/p>\n","protected":false},"excerpt":{"rendered":"<p>En Made in Zaragoza escribimos en Zaragoza y para Zaragoza, y desde este blog, voy a lanzar una serie de preguntas sobre el pasado, presente y futuro a personas, ma\u00f1os como nosotros, que viven por y para la ciudad. &nbsp; &nbsp; Estamos acostumbrados a ser austeros en el halago y el reconocimiento, y a lo &hellip; <a href=\"http:\/\/madeinzaragoza.es\/blog\/pedro-santiesteve-desde-ayuntamiento\/\" class=\"more-link\">Continuar leyendo<span class=\"screen-reader-text\"> \u00abPedro Santiesteve: Desde el Balc\u00f3n del Ayuntamiento\u00bb<\/span><\/a><\/p>\n","protected":false},"author":61,"featured_media":17229,"comment_status":"open","ping_status":"open","sticky":false,"template":"","format":"standard","meta":{"footnotes":""},"categories":[6],"tags":[],"yoast_head":"<!-- This site is optimized with the Yoast SEO plugin v19.7.2 - https:\/\/yoast.com\/wordpress\/plugins\/seo\/ -->\n<title>Pedro Santiesteve: Desde el Balc\u00f3n del Ayuntamiento - Made in Zaragoza<\/title>\n<meta name=\"robots\" content=\"index, follow, max-snippet:-1, max-image-preview:large, max-video-preview:-1\" \/>\n<link rel=\"canonical\" href=\"http:\/\/madeinzaragoza.es\/blog\/pedro-santiesteve-desde-ayuntamiento\/\" \/>\n<meta property=\"og:locale\" content=\"es_ES\" \/>\n<meta property=\"og:type\" content=\"article\" \/>\n<meta property=\"og:title\" content=\"Pedro Santiesteve: Desde el Balc\u00f3n del Ayuntamiento - Made in Zaragoza\" \/>\n<meta property=\"og:description\" content=\"En Made in Zaragoza escribimos en Zaragoza y para Zaragoza, y desde este blog, voy a lanzar una serie de preguntas sobre el pasado, presente y futuro a personas, ma\u00f1os como nosotros, que viven por y para la ciudad. &nbsp; &nbsp; Estamos acostumbrados a ser austeros en el halago y el reconocimiento, y a lo &hellip; Continuar leyendo &quot;Pedro Santiesteve: Desde el Balc\u00f3n del Ayuntamiento&quot;\" \/>\n<meta property=\"og:url\" content=\"http:\/\/madeinzaragoza.es\/blog\/pedro-santiesteve-desde-ayuntamiento\/\" \/>\n<meta property=\"og:site_name\" content=\"Made in Zaragoza\" \/>\n<meta property=\"article:publisher\" content=\"https:\/\/www.facebook.com\/madeinzaragoza.es\/\" \/>\n<meta property=\"article:published_time\" content=\"2017-11-27T21:03:39+00:00\" \/>\n<meta property=\"article:modified_time\" content=\"2017-11-29T21:10:03+00:00\" \/>\n<meta property=\"og:image\" content=\"http:\/\/madeinzaragoza.es\/blog\/wp-content\/uploads\/2017\/11\/alcalde-22-e1511989788684.jpg\" \/>\n\t<meta property=\"og:image:width\" content=\"2925\" \/>\n\t<meta property=\"og:image:height\" content=\"1856\" \/>\n\t<meta property=\"og:image:type\" content=\"image\/jpeg\" \/>\n<meta name=\"author\" content=\"Placido Manzanares\" \/>\n<meta name=\"twitter:card\" content=\"summary\" \/>\n<meta name=\"twitter:creator\" content=\"@madeinzaragoza\" \/>\n<meta name=\"twitter:site\" content=\"@madeinzaragoza\" \/>\n<meta name=\"twitter:label1\" content=\"Escrito por\" \/>\n\t<meta name=\"twitter:data1\" content=\"Placido Manzanares\" \/>\n\t<meta name=\"twitter:label2\" content=\"Tiempo de lectura\" \/>\n\t<meta name=\"twitter:data2\" content=\"7 minutos\" \/>\n<script type=\"application\/ld+json\" class=\"yoast-schema-graph\">{\"@context\":\"https:\/\/schema.org\",\"@graph\":[{\"@type\":\"Article\",\"@id\":\"http:\/\/madeinzaragoza.es\/blog\/pedro-santiesteve-desde-ayuntamiento\/#article\",\"isPartOf\":{\"@id\":\"http:\/\/madeinzaragoza.es\/blog\/pedro-santiesteve-desde-ayuntamiento\/\"},\"author\":{\"name\":\"Placido Manzanares\",\"@id\":\"http:\/\/madeinzaragoza.es\/blog\/#\/schema\/person\/16f7f64617c4c4332ebf89708272a502\"},\"headline\":\"Pedro Santiesteve: Desde el Balc\u00f3n del Ayuntamiento\",\"datePublished\":\"2017-11-27T21:03:39+00:00\",\"dateModified\":\"2017-11-29T21:10:03+00:00\",\"mainEntityOfPage\":{\"@id\":\"http:\/\/madeinzaragoza.es\/blog\/pedro-santiesteve-desde-ayuntamiento\/\"},\"wordCount\":1416,\"commentCount\":0,\"publisher\":{\"@id\":\"http:\/\/madeinzaragoza.es\/blog\/#organization\"},\"articleSection\":[\"Gente\"],\"inLanguage\":\"es\",\"potentialAction\":[{\"@type\":\"CommentAction\",\"name\":\"Comment\",\"target\":[\"http:\/\/madeinzaragoza.es\/blog\/pedro-santiesteve-desde-ayuntamiento\/#respond\"]}]},{\"@type\":\"WebPage\",\"@id\":\"http:\/\/madeinzaragoza.es\/blog\/pedro-santiesteve-desde-ayuntamiento\/\",\"url\":\"http:\/\/madeinzaragoza.es\/blog\/pedro-santiesteve-desde-ayuntamiento\/\",\"name\":\"Pedro Santiesteve: Desde el Balc\u00f3n del Ayuntamiento - Made in Zaragoza\",\"isPartOf\":{\"@id\":\"http:\/\/madeinzaragoza.es\/blog\/#website\"},\"datePublished\":\"2017-11-27T21:03:39+00:00\",\"dateModified\":\"2017-11-29T21:10:03+00:00\",\"breadcrumb\":{\"@id\":\"http:\/\/madeinzaragoza.es\/blog\/pedro-santiesteve-desde-ayuntamiento\/#breadcrumb\"},\"inLanguage\":\"es\",\"potentialAction\":[{\"@type\":\"ReadAction\",\"target\":[\"http:\/\/madeinzaragoza.es\/blog\/pedro-santiesteve-desde-ayuntamiento\/\"]}]},{\"@type\":\"BreadcrumbList\",\"@id\":\"http:\/\/madeinzaragoza.es\/blog\/pedro-santiesteve-desde-ayuntamiento\/#breadcrumb\",\"itemListElement\":[{\"@type\":\"ListItem\",\"position\":1,\"name\":\"Portada\",\"item\":\"http:\/\/madeinzaragoza.es\/blog\/\"},{\"@type\":\"ListItem\",\"position\":2,\"name\":\"Pedro Santiesteve: Desde el Balc\u00f3n del Ayuntamiento\"}]},{\"@type\":\"WebSite\",\"@id\":\"http:\/\/madeinzaragoza.es\/blog\/#website\",\"url\":\"http:\/\/madeinzaragoza.es\/blog\/\",\"name\":\"Made in Zaragoza\",\"description\":\"Blog de MadeinZGZ, Red de Econom\u00eda Creativa de Zaragoza\",\"publisher\":{\"@id\":\"http:\/\/madeinzaragoza.es\/blog\/#organization\"},\"potentialAction\":[{\"@type\":\"SearchAction\",\"target\":{\"@type\":\"EntryPoint\",\"urlTemplate\":\"http:\/\/madeinzaragoza.es\/blog\/?s={search_term_string}\"},\"query-input\":\"required name=search_term_string\"}],\"inLanguage\":\"es\"},{\"@type\":\"Organization\",\"@id\":\"http:\/\/madeinzaragoza.es\/blog\/#organization\",\"name\":\"Made In Zaragoza\",\"url\":\"http:\/\/madeinzaragoza.es\/blog\/\",\"sameAs\":[\"https:\/\/www.instagram.com\/madeinzaragoza.es\/\",\"https:\/\/www.facebook.com\/madeinzaragoza.es\/\",\"https:\/\/twitter.com\/madeinzaragoza\"],\"logo\":{\"@type\":\"ImageObject\",\"inLanguage\":\"es\",\"@id\":\"http:\/\/madeinzaragoza.es\/blog\/#\/schema\/logo\/image\/\",\"url\":\"https:\/\/madeinzaragoza.es\/blog\/wp-content\/uploads\/2022\/05\/logo.png\",\"contentUrl\":\"https:\/\/madeinzaragoza.es\/blog\/wp-content\/uploads\/2022\/05\/logo.png\",\"width\":193,\"height\":176,\"caption\":\"Made In Zaragoza\"},\"image\":{\"@id\":\"http:\/\/madeinzaragoza.es\/blog\/#\/schema\/logo\/image\/\"}},{\"@type\":\"Person\",\"@id\":\"http:\/\/madeinzaragoza.es\/blog\/#\/schema\/person\/16f7f64617c4c4332ebf89708272a502\",\"name\":\"Placido Manzanares\",\"image\":{\"@type\":\"ImageObject\",\"inLanguage\":\"es\",\"@id\":\"http:\/\/madeinzaragoza.es\/blog\/#\/schema\/person\/image\/\",\"url\":\"http:\/\/1.gravatar.com\/avatar\/7f11d20df5055787e9150963bd247481?s=96&d=mm&r=g\",\"contentUrl\":\"http:\/\/1.gravatar.com\/avatar\/7f11d20df5055787e9150963bd247481?s=96&d=mm&r=g\",\"caption\":\"Placido Manzanares\"},\"url\":\"http:\/\/madeinzaragoza.es\/blog\/author\/placidomanzanares\/\"}]}<\/script>\n<!-- \/ Yoast SEO plugin. -->","yoast_head_json":{"title":"Pedro Santiesteve: Desde el Balc\u00f3n del Ayuntamiento - Made in Zaragoza","robots":{"index":"index","follow":"follow","max-snippet":"max-snippet:-1","max-image-preview":"max-image-preview:large","max-video-preview":"max-video-preview:-1"},"canonical":"http:\/\/madeinzaragoza.es\/blog\/pedro-santiesteve-desde-ayuntamiento\/","og_locale":"es_ES","og_type":"article","og_title":"Pedro Santiesteve: Desde el Balc\u00f3n del Ayuntamiento - Made in Zaragoza","og_description":"En Made in Zaragoza escribimos en Zaragoza y para Zaragoza, y desde este blog, voy a lanzar una serie de preguntas sobre el pasado, presente y futuro a personas, ma\u00f1os como nosotros, que viven por y para la ciudad. &nbsp; &nbsp; Estamos acostumbrados a ser austeros en el halago y el reconocimiento, y a lo &hellip; Continuar leyendo \"Pedro Santiesteve: Desde el Balc\u00f3n del Ayuntamiento\"","og_url":"http:\/\/madeinzaragoza.es\/blog\/pedro-santiesteve-desde-ayuntamiento\/","og_site_name":"Made in Zaragoza","article_publisher":"https:\/\/www.facebook.com\/madeinzaragoza.es\/","article_published_time":"2017-11-27T21:03:39+00:00","article_modified_time":"2017-11-29T21:10:03+00:00","og_image":[{"width":2925,"height":1856,"url":"http:\/\/madeinzaragoza.es\/blog\/wp-content\/uploads\/2017\/11\/alcalde-22-e1511989788684.jpg","type":"image\/jpeg"}],"author":"Placido Manzanares","twitter_card":"summary","twitter_creator":"@madeinzaragoza","twitter_site":"@madeinzaragoza","twitter_misc":{"Escrito por":"Placido Manzanares","Tiempo de lectura":"7 minutos"},"schema":{"@context":"https:\/\/schema.org","@graph":[{"@type":"Article","@id":"http:\/\/madeinzaragoza.es\/blog\/pedro-santiesteve-desde-ayuntamiento\/#article","isPartOf":{"@id":"http:\/\/madeinzaragoza.es\/blog\/pedro-santiesteve-desde-ayuntamiento\/"},"author":{"name":"Placido Manzanares","@id":"http:\/\/madeinzaragoza.es\/blog\/#\/schema\/person\/16f7f64617c4c4332ebf89708272a502"},"headline":"Pedro Santiesteve: Desde el Balc\u00f3n del Ayuntamiento","datePublished":"2017-11-27T21:03:39+00:00","dateModified":"2017-11-29T21:10:03+00:00","mainEntityOfPage":{"@id":"http:\/\/madeinzaragoza.es\/blog\/pedro-santiesteve-desde-ayuntamiento\/"},"wordCount":1416,"commentCount":0,"publisher":{"@id":"http:\/\/madeinzaragoza.es\/blog\/#organization"},"articleSection":["Gente"],"inLanguage":"es","potentialAction":[{"@type":"CommentAction","name":"Comment","target":["http:\/\/madeinzaragoza.es\/blog\/pedro-santiesteve-desde-ayuntamiento\/#respond"]}]},{"@type":"WebPage","@id":"http:\/\/madeinzaragoza.es\/blog\/pedro-santiesteve-desde-ayuntamiento\/","url":"http:\/\/madeinzaragoza.es\/blog\/pedro-santiesteve-desde-ayuntamiento\/","name":"Pedro Santiesteve: Desde el Balc\u00f3n del Ayuntamiento - Made in Zaragoza","isPartOf":{"@id":"http:\/\/madeinzaragoza.es\/blog\/#website"},"datePublished":"2017-11-27T21:03:39+00:00","dateModified":"2017-11-29T21:10:03+00:00","breadcrumb":{"@id":"http:\/\/madeinzaragoza.es\/blog\/pedro-santiesteve-desde-ayuntamiento\/#breadcrumb"},"inLanguage":"es","potentialAction":[{"@type":"ReadAction","target":["http:\/\/madeinzaragoza.es\/blog\/pedro-santiesteve-desde-ayuntamiento\/"]}]},{"@type":"BreadcrumbList","@id":"http:\/\/madeinzaragoza.es\/blog\/pedro-santiesteve-desde-ayuntamiento\/#breadcrumb","itemListElement":[{"@type":"ListItem","position":1,"name":"Portada","item":"http:\/\/madeinzaragoza.es\/blog\/"},{"@type":"ListItem","position":2,"name":"Pedro Santiesteve: Desde el Balc\u00f3n del Ayuntamiento"}]},{"@type":"WebSite","@id":"http:\/\/madeinzaragoza.es\/blog\/#website","url":"http:\/\/madeinzaragoza.es\/blog\/","name":"Made in Zaragoza","description":"Blog de MadeinZGZ, Red de Econom\u00eda Creativa de Zaragoza","publisher":{"@id":"http:\/\/madeinzaragoza.es\/blog\/#organization"},"potentialAction":[{"@type":"SearchAction","target":{"@type":"EntryPoint","urlTemplate":"http:\/\/madeinzaragoza.es\/blog\/?s={search_term_string}"},"query-input":"required name=search_term_string"}],"inLanguage":"es"},{"@type":"Organization","@id":"http:\/\/madeinzaragoza.es\/blog\/#organization","name":"Made In Zaragoza","url":"http:\/\/madeinzaragoza.es\/blog\/","sameAs":["https:\/\/www.instagram.com\/madeinzaragoza.es\/","https:\/\/www.facebook.com\/madeinzaragoza.es\/","https:\/\/twitter.com\/madeinzaragoza"],"logo":{"@type":"ImageObject","inLanguage":"es","@id":"http:\/\/madeinzaragoza.es\/blog\/#\/schema\/logo\/image\/","url":"https:\/\/madeinzaragoza.es\/blog\/wp-content\/uploads\/2022\/05\/logo.png","contentUrl":"https:\/\/madeinzaragoza.es\/blog\/wp-content\/uploads\/2022\/05\/logo.png","width":193,"height":176,"caption":"Made In Zaragoza"},"image":{"@id":"http:\/\/madeinzaragoza.es\/blog\/#\/schema\/logo\/image\/"}},{"@type":"Person","@id":"http:\/\/madeinzaragoza.es\/blog\/#\/schema\/person\/16f7f64617c4c4332ebf89708272a502","name":"Placido Manzanares","image":{"@type":"ImageObject","inLanguage":"es","@id":"http:\/\/madeinzaragoza.es\/blog\/#\/schema\/person\/image\/","url":"http:\/\/1.gravatar.com\/avatar\/7f11d20df5055787e9150963bd247481?s=96&d=mm&r=g","contentUrl":"http:\/\/1.gravatar.com\/avatar\/7f11d20df5055787e9150963bd247481?s=96&d=mm&r=g","caption":"Placido Manzanares"},"url":"http:\/\/madeinzaragoza.es\/blog\/author\/placidomanzanares\/"}]}},"_links":{"self":[{"href":"http:\/\/madeinzaragoza.es\/blog\/wp-json\/wp\/v2\/posts\/17223"}],"collection":[{"href":"http:\/\/madeinzaragoza.es\/blog\/wp-json\/wp\/v2\/posts"}],"about":[{"href":"http:\/\/madeinzaragoza.es\/blog\/wp-json\/wp\/v2\/types\/post"}],"author":[{"embeddable":true,"href":"http:\/\/madeinzaragoza.es\/blog\/wp-json\/wp\/v2\/users\/61"}],"replies":[{"embeddable":true,"href":"http:\/\/madeinzaragoza.es\/blog\/wp-json\/wp\/v2\/comments?post=17223"}],"version-history":[{"count":9,"href":"http:\/\/madeinzaragoza.es\/blog\/wp-json\/wp\/v2\/posts\/17223\/revisions"}],"predecessor-version":[{"id":18197,"href":"http:\/\/madeinzaragoza.es\/blog\/wp-json\/wp\/v2\/posts\/17223\/revisions\/18197"}],"wp:featuredmedia":[{"embeddable":true,"href":"http:\/\/madeinzaragoza.es\/blog\/wp-json\/wp\/v2\/media\/17229"}],"wp:attachment":[{"href":"http:\/\/madeinzaragoza.es\/blog\/wp-json\/wp\/v2\/media?parent=17223"}],"wp:term":[{"taxonomy":"category","embeddable":true,"href":"http:\/\/madeinzaragoza.es\/blog\/wp-json\/wp\/v2\/categories?post=17223"},{"taxonomy":"post_tag","embeddable":true,"href":"http:\/\/madeinzaragoza.es\/blog\/wp-json\/wp\/v2\/tags?post=17223"}],"curies":[{"name":"wp","href":"https:\/\/api.w.org\/{rel}","templated":true}]}}