{"id":17100,"date":"2017-11-10T11:00:09","date_gmt":"2017-11-10T10:00:09","guid":{"rendered":"http:\/\/madeinzaragoza.es\/blog\/?p=17100"},"modified":"2017-11-20T09:28:47","modified_gmt":"2017-11-20T08:28:47","slug":"participantes-la-ii-edicion-universidad-la-noche-los-tenderos-creativos","status":"publish","type":"post","link":"http:\/\/madeinzaragoza.es\/blog\/participantes-la-ii-edicion-universidad-la-noche-los-tenderos-creativos\/","title":{"rendered":"Programaci\u00f3n de la II Edici\u00f3n Universidad de La Noche de los Tenderos Creativos"},"content":{"rendered":"<p>&nbsp;<\/p>\n<p>El pr\u00f3ximo viernes 17 de noviembre te proponemos la segunda edici\u00f3n de la\u00a0<strong>Noche de los Tenderos Creativos en la zona de Universidad<\/strong>, una jornada organizada por la red de emprendedores\u00a0<a href=\"http:\/\/madeinzaragoza.es\/\">Made in Zaragoza<\/a>\u00a0y\u00a0<a href=\"https:\/\/www.zaragoza.es\/ciudad\/sectores\/activa\/\">Zaragoza Activa<\/a>\u00a0.<\/p>\n<p>&nbsp;<\/p>\n<p><strong>L<\/strong><strong>o<\/strong><strong>s peque\u00f1os comercios creativos del entorno de Gran V\u00eda y Fernando El Cat\u00f3lico, usando como l\u00edmites naturales el r\u00edo Huerva en un lado y la Avenida Valencia en el otro, permanecer\u00e1n abiertos desde las 20:00 h, y aproximadamente hasta las 23:30 h.\u00a0<\/strong>ofreciendo una experiencia \u00fanica: compras, promociones y descuentos especiales, espect\u00e1culos, regalos, m\u00fasica en vivo y diferentes sorpresas hasta llegada la media noche.<\/p>\n<p>&nbsp;<\/p>\n<p><img loading=\"lazy\" decoding=\"async\" class=\"aligncenter size-large wp-image-17103\" src=\"http:\/\/madeinzaragoza.es\/blog\/wp-content\/uploads\/2017\/11\/coco3-1024x768-1024x768.jpg\" alt=\"\" width=\"840\" height=\"630\" srcset=\"http:\/\/madeinzaragoza.es\/blog\/wp-content\/uploads\/2017\/11\/coco3-1024x768.jpg 1024w, http:\/\/madeinzaragoza.es\/blog\/wp-content\/uploads\/2017\/11\/coco3-1024x768-300x225.jpg 300w, http:\/\/madeinzaragoza.es\/blog\/wp-content\/uploads\/2017\/11\/coco3-1024x768-768x576.jpg 768w\" sizes=\"(max-width: 709px) 85vw, (max-width: 909px) 67vw, (max-width: 1362px) 62vw, 840px\" \/><\/p>\n<p>&nbsp;<\/p>\n<p>Estos son los artesanos, creadores y comercios en la zona que formar\u00e1n parte de esta gran fiesta del peque\u00f1o comercio:<\/p>\n<p>&nbsp;<\/p>\n<p><strong>1. Espabilat\u00e9, C\/ Cortes de Arag\u00f3n 47<\/strong><\/p>\n<p>&nbsp;<\/p>\n<p>Tienda especializada en T\u00e9 a granel e infusiones, accesorios para el t\u00e9, chocolate de importaci\u00f3n, dulces \u00e1rabes y miel.<\/p>\n<p>&nbsp;<\/p>\n<p>Propone a todos los clientes una degustaci\u00f3n gratuita de los mejores tipos de t\u00e9 de oto\u00f1o.<\/p>\n<p>&nbsp;<\/p>\n<p><strong>2. Pezpayaso, C\/ Corona de Arag\u00f3n 16, local dcha<\/strong><\/p>\n<p>&nbsp;<\/p>\n<p>Tienda de ropa y complementos diferentes, cuenta con moda urbana de India y Nepal, y complementos elaborados por artesanos.<\/p>\n<p>&nbsp;<\/p>\n<p>A las 21:00 horas ofrecer\u00e1n una actuaci\u00f3n del d\u00fao Sweet Lorraine, en la que se podr\u00e1 escuchar blues y m\u00fasica country en ac\u00fastico.<\/p>\n<p>&nbsp;<\/p>\n<p>Realizar\u00e1n un descuento del 10% en ropa y complementos de temporada (no acumulable a otras ofertas). Todo ello acompa\u00f1ado de un picoteo.<\/p>\n<p>&nbsp;<\/p>\n<p><strong>3. Bilop con pop up store de Lim\u00f3n y Fresa, P\u00ba Fernando el Cat\u00f3lico 10, local 20<\/strong><\/p>\n<p>&nbsp;<\/p>\n<p>Bilop es una tienda y sal\u00f3n de belleza especializada en cosm\u00e9tica natural y ecol\u00f3gica. All\u00ed podr\u00e1s encontrar una amplia gama de cosm\u00e9tica natural y de ba\u00f1o, maquillaje low cost y complementos de maquillaje.<\/p>\n<p>&nbsp;<\/p>\n<p>En Bilop se vivir\u00e1 una aut\u00e9ntica fiesta de los 90, amenizada con un Candy Bar y cava.<\/p>\n<p>&nbsp;<\/p>\n<p>Podr\u00e1s beneficiarte de descuentos del 10% en los productos de cosm\u00e9tica natural y 20% en servicios de est\u00e9tica (canjeables hasta el 30 de Diciembre).<\/p>\n<p>&nbsp;<\/p>\n<p>Adem\u00e1s, podr\u00e1s descubrir el encanto de lo hecho a mano a trav\u00e9s de Lim\u00f3n y Fresa. Son capaces de crear piezas \u00fanicas pintando sus dise\u00f1os sobre todo tipo de superficies, nada se escapa a sus pinceles.<\/p>\n<p>&nbsp;<\/p>\n<p>Lim\u00f3n y Fresa expondr\u00e1 sus \u00faltimas creaciones pintadas a mano: pendientes, colgantes, pulseras, anillos, broches\u2026complementos \u00fanicos repletos de detalles que no te dejar\u00e1n indiferente.<\/p>\n<p>&nbsp;<\/p>\n<p>A las 20:30 se impartir\u00e1 la charla \u201cLa belleza empieza desde la salud; conoce lo que las terapias naturales pueden hacer por ti\u201d.<\/p>\n<p>&nbsp;<\/p>\n<p><strong>4. Serendipia con pop up store de Tribales, C\/ Bernardo Fita 23, local<\/strong><\/p>\n<p>&nbsp;<\/p>\n<p>Serendipia es una tienda de ropa y complementos que apuesta por el producto espa\u00f1ol y por los peque\u00f1os dise\u00f1adores y artesanos.<\/p>\n<p>&nbsp;<\/p>\n<p>Ofrecer\u00e1n un 15% de descuento en las compras realizadas durante la noche. Todo ello acompa\u00f1ado de un Candy Bar y cervecitas. Adem\u00e1s realizar\u00e1n el sorteo de un vale de 30\u20ac entre las compras de esa noche (vale de regalo v\u00e1lido hasta 31.12.2017).<\/p>\n<p>&nbsp;<\/p>\n<p>Tribales son unos artesanos que se dedican a realizar colecciones de joyer\u00eda y bisuter\u00eda en plata y lat\u00f3n. Expondr\u00e1n pendientes de plata que trepan por las orejas y aros en acero, lat\u00f3n y plata para cualquier perforaci\u00f3n.<\/p>\n<p>&nbsp;<\/p>\n<p><strong>5. Coco viste la vida, C\/ Eduardo Dato 8<\/strong><\/p>\n<p>&nbsp;<\/p>\n<p>Boutique de ropa y complementos que trabajan con firmas nacionales. Disponen tanto de prendas casual como de ceremonia y adem\u00e1s dan la opci\u00f3n a sus clientas de elaborar los complementos a su medida.<\/p>\n<p>&nbsp;<\/p>\n<p>P\u00e1sate a ver su escaparate viviente y podr\u00e1s disfrutar de un descuento del 20% en todas las compras, al mismo tiempo que podr\u00e1s degustar su buffet de chucher\u00edas.<\/p>\n<p>&nbsp;<\/p>\n<p><strong>6. Copister\u00eda y Encuadernaciones Bruno Solano, C\/ Bruno Solano 8, local<\/strong><\/p>\n<p>&nbsp;<\/p>\n<p>Empresa dedicada a la reprograf\u00eda y a la encuadernaci\u00f3n, que tambi\u00e9n realiza productos artesanos en tela, cart\u00f3n y papel.<\/p>\n<p>&nbsp;<\/p>\n<p>A partir de las 21:00 horas realizar\u00e1n el montaje de un \u00e1lbum de fotos.<\/p>\n<p>&nbsp;<\/p>\n<p><strong>7. Meraki, C\/ Doctor Cerrada 21<\/strong><\/p>\n<p>&nbsp;<\/p>\n<p>Espacio creativo dedicado al mundo de la peluquer\u00eda y la belleza, ofrecer\u00e1n descuentos en productos y servicios, y realizar\u00e1n un sorteo entre sus clientes.<\/p>\n<p>&nbsp;<\/p>\n<p>Adem\u00e1s contar\u00e1n con un Candy Bar y un Beauty Bar de peinado y maquillaje.<\/p>\n<p>&nbsp;<\/p>\n<p><strong>8. Rosa Damascena, C\/ Cortes de Arag\u00f3n 6<\/strong><\/p>\n<p>&nbsp;<\/p>\n<p>Tienda de cosm\u00e9tica hecha con puro aceite de Rosa Damascena de Bulgaria.<\/p>\n<p>&nbsp;<\/p>\n<p>A las 21:00 y a las 22:00 horas habr\u00e1 una charla sobre la Rosa Damascena de Bulgaria, donde se podr\u00e1n conocer sus propiedades, efectos positivos, etc. Tambi\u00e9n se podr\u00e1n probar algunos productos de la tienda.<\/p>\n<p>&nbsp;<\/p>\n<p><strong>9. LA ESTACI\u00f3N DEL DISE\u00d1o, C\/ Calatayud 1<\/strong><\/p>\n<p>&nbsp;<\/p>\n<p>Estudio de dise\u00f1o de interiores que da forma a los sue\u00f1os de cada cliente, nos ofrecer\u00e1n dos posibilidades:<\/p>\n<p>&nbsp;<\/p>\n<p>\u201cINTERIoRISMo DIBUJADo PoR TI MISMo\u201d Practica dibujos de interiorismo y decoraci\u00f3n con la ayuda de Diego Us\u00f3n de LA ESTACI\u00f3N DEL DISE\u00d1o; croquis, perspectivas, detalles constructivos\u2026 nivel profesional, intermedio o b\u00e1sico.<\/p>\n<p>&nbsp;<\/p>\n<p>\u201cINTERIoRISMo con un 25% de DESCUENTo\u201d Si no te animas a dibujarlo; deja tu proyecto para que te lo hagan. Al solicitar tu proyecto durante la noche recibir\u00e1s un 25% descuento en el Proyecto para poder comenzar tu obra o reforma en las mejores condiciones posibles.<\/p>\n<p>&nbsp;<\/p>\n<p><strong>10. Bholua, C\/ Doctor Cerrada<\/strong><\/p>\n<p>&nbsp;<\/p>\n<p>Tienda multiespacio que vende ropa y complementos, realiza talleres y actividades creativas, adem\u00e1s de vender muebles vintage por encargo.<\/p>\n<p>&nbsp;<\/p>\n<p>En su tienda podr\u00e1s beneficiarte de un descuento del 20% en las prendas y complementos. Adem\u00e1s podr\u00e1s degustar un picoteo con bebida al ritmo de la m\u00fasica amenizada por un DJ.<\/p>\n<p>&nbsp;<\/p>\n<p><strong>11. Leila Hammam rituales de Oriente con pop up store de Azul Bereber, C\/ Fita 9, local izda<\/strong><\/p>\n<p>&nbsp;<\/p>\n<p>Spa tradicional donde se puede disfrutar de rituales de cuidado y belleza \u00e1rabe con productos naturales de origen marroqu\u00ed. Azul Bereber realizar\u00e1 una exposici\u00f3n exclusiva de artesan\u00eda marroqu\u00ed.<\/p>\n<p>&nbsp;<\/p>\n<p>Habr\u00e1 descuentos especiales adem\u00e1s de tarjetas regalo para los visitantes y sorteo de productos (Leila Hammam y Azul Bereber).<\/p>\n<p>&nbsp;<\/p>\n<p>Para darle un toque divertido al ambiente la tienda contar\u00e1 con un Photocall y se realizar\u00e1 una degustaci\u00f3n de cusc\u00fas marroqu\u00ed y de t\u00e9 tradicional de Marruecos.<\/p>\n<p>&nbsp;<\/p>\n<p><strong>12. 111 Quesos, C\/ Cortes de Arag\u00f3n 59<\/strong><\/p>\n<p>&nbsp;<\/p>\n<p>Tienda especializada en la venta de todo tipo de quesos y sus complementos. Estos quesos proceden de productores locales y afinadores especializados de Arag\u00f3n, Espa\u00f1a y Europa.<\/p>\n<p>&nbsp;<\/p>\n<p>Ofrecer\u00e1n una degustaci\u00f3n de quesos acompa\u00f1ada de vino.<\/p>\n<p>&nbsp;<\/p>\n<p><strong>13. ZgzAloe, C\/ Santa Teresa de Jes\u00fas 1, esquina Mariano Barbas\u00e1n<\/strong><\/p>\n<p>&nbsp;<\/p>\n<p>Tienda especializada en Aloe Vera 100% y cosm\u00e9tica natural.<\/p>\n<p>&nbsp;<\/p>\n<p>A las 21:00 horas habr\u00e1 una charla sobre los beneficios del aloe vera. Se obsequiar\u00e1 con una muestra de gel puro de aloe vera a los asistentes.<\/p>\n<p>&nbsp;<\/p>\n<p>Tambi\u00e9n te podr\u00e1s beneficiar de descuentos especiales: un 10 % en la l\u00ednea de aloe puro y un 20% en la l\u00ednea de maquillaje ecol\u00f3gico PuroBio.<\/p>\n<p>&nbsp;<\/p>\n<p>Adem\u00e1s, durante toda la jornada nos acompa\u00f1ar\u00e1 Alfredo Porras, ofreci\u00e9ndonos peque\u00f1os par\u00e9ntesis de m\u00fasica meditativa, de la mano de su instrumento Hang Drum.<\/p>\n<p>&nbsp;<\/p>\n<p><strong>14. Nita Lawi, C\/ Baltasar Graci\u00e1n 10<\/strong><\/p>\n<p>&nbsp;<\/p>\n<p>Tienda de ropa y complementos en la que destaca los dise\u00f1os artesanales. Son dise\u00f1os \u00fanicos y personalizados tanto en colorido como en tama\u00f1o hechos con piel, potro y gacela.<\/p>\n<p>&nbsp;<\/p>\n<p>Te podr\u00e1s beneficiar de un 15% en ropa y un 10% en complementos de dise\u00f1os exclusivos.<\/p>\n<p>&nbsp;<\/p>\n<p>Adem\u00e1s se realizar\u00e1 el sorteo de un bolso artesanal Nita Lawi entre los clientes. Todo esto acompa\u00f1ado de un Candy Bar.<\/p>\n<p>&nbsp;<\/p>\n<p><strong>15. La Natural, P\u00ba Fernando el Cat\u00f3lico 9<\/strong><\/p>\n<p>&nbsp;<\/p>\n<p>Tienda especializada en productos ecol\u00f3gicos y de comercio justo. Ofrece productos de alimentaci\u00f3n, cosm\u00e9tica, fitoterapia, higiene personal y dom\u00e9stica; as\u00ed como actividades relacionadas con la ecolog\u00eda como filosof\u00eda y forma de vida.<\/p>\n<p>&nbsp;<\/p>\n<p>Realizar\u00e1n una degustaci\u00f3n de productos ecol\u00f3gicos donde podr\u00e1s saborear distintos alimentos, vino y zumo. Tambi\u00e9n realizar\u00e1n una cata olfativa de aceites esenciales. Acierta el aroma y conoce las propiedades beneficiosas de cada aceite esencial.<\/p>\n<p>&nbsp;<\/p>\n<p>Adem\u00e1s te llevar\u00e1s de regalo un marcador de libros con varias ideas proponiendo la producci\u00f3n y el consumo de productos ecol\u00f3gicos, as\u00ed como una tarjeta-lupa muy \u00fatil para leer bien las etiquetas de todos los productos.<\/p>\n<p>&nbsp;<\/p>\n<p><strong>16. Elements, C\/ Gran V\u00eda 11<\/strong><\/p>\n<p>&nbsp;<\/p>\n<p>Perfumer\u00eda de autor donde puedes encontrar los mejores perfumes del mundo. Estas creaciones son algo m\u00e1s que un perfume convencional y adem\u00e1s aportan un toque diferente, original y de gran calidad.<\/p>\n<p>&nbsp;<\/p>\n<p>A las 21:30 horas realizar\u00e1n una cata olfativa en la que quien adivine 3 notas del perfume se llevar\u00e1 una muestra.<\/p>\n<p>&nbsp;<\/p>\n<p><strong>17. By Frida, P\u00ba Fernando el Cat\u00f3lico 6<\/strong><\/p>\n<p>&nbsp;<\/p>\n<p>Tienda de ropa y complementos de l\u00ednea mexicana, ofrece prendas exclusivas pintadas a mano y exposici\u00f3n de creaciones de otros artistas de la ciudad.<\/p>\n<p>&nbsp;<\/p>\n<p>En By Frida se vivir\u00e1 una aut\u00e9ntica fiesta mexicana, en la que podr\u00e1s saborear un delicioso picoteo mexicano acompa\u00f1ado de margaritas.<\/p>\n<p>&nbsp;<\/p>\n<p>Tendr\u00e1s un 20% de descuento en zapatos, bolsos y bisuter\u00eda, y podr\u00e1s beneficiarte de sus cupones descuento (5\u20ac de descuento para futuras compras por compras superiores a 50\u20ac y 12\u20ac de descuento en compras superiores a 100\u20ac).<\/p>\n<p>&nbsp;<\/p>\n<p><strong>18. El secreto de Ninette, C\/ Doctor Cerrada 23, local<\/strong><\/p>\n<p>&nbsp;<\/p>\n<p>Tienda er\u00f3tica donde podr\u00e1s encontrar todo lo que imagina, adem\u00e1s de ofrecer asesoramiento sexol\u00f3gico personalizado.<\/p>\n<p>&nbsp;<\/p>\n<p>Durante la noche nos ofrecer\u00e1n un 25% de descuento en sus art\u00edculos.<\/p>\n<p>&nbsp;<\/p>\n<p><strong>19. Clo\u00ea, P\u00ba Fernando el Cat\u00f3lico 6<\/strong><\/p>\n<p>&nbsp;<\/p>\n<p>Tienda de moda, calzado y complementos con atenci\u00f3n personalizada.<\/p>\n<p>&nbsp;<\/p>\n<p>Todas las compras realizadas a partir de las 20:00 horas disfrutar\u00e1n de un regalo seguro.<\/p>\n<p>&nbsp;<\/p>\n<p>Adem\u00e1s contar\u00e1n con la presencia de la personal shopper @terryesbec para asesorar a todas las personas que lo requieran.<\/p>\n<p>&nbsp;<\/p>\n<p><strong>20. Simbiosis Shop, C\/ F\u00e9lix Latassa 32<\/strong><\/p>\n<p>&nbsp;<\/p>\n<p>Peque\u00f1a empresa dedicada principalmente a la serigraf\u00eda y a la comercializaci\u00f3n de peque\u00f1as colecciones de textil, tiene su propia marca: Simbiosis Streetwear, taller de serigraf\u00eda y tienda de ropa y complementos.<\/p>\n<p>&nbsp;<\/p>\n<p>Contar\u00e1n con descuentos especiales en la colecci\u00f3n de camisetas Simbiosis de la temporada oto\u00f1o\/invierno y amenizar\u00e1n la velada con m\u00fasica DJ en directo.<\/p>\n<p>&nbsp;<\/p>\n<p><strong>21. Estudio de danza Carlota Bened\u00ed, C\/ Luis L\u00f3pez Allu\u00e9 9<\/strong><\/p>\n<p>&nbsp;<\/p>\n<p>Estudio de danza especializado en swing, flamenco, danza oriental, claqu\u00e9 y sevillanas.<\/p>\n<p>&nbsp;<\/p>\n<p>A las 22:30 horas habr\u00e1 una actuaci\u00f3n de Carlota Bened\u00ed, adem\u00e1s de una exhibici\u00f3n y presentaci\u00f3n de los diferentes estilos de baile que hay en la escuela.<\/p>\n<p>&nbsp;<\/p>\n<p><strong>22. Natural 100 x 100 con pop up store de Nature Whispers, C\/ Fita 2<\/strong><\/p>\n<p>&nbsp;<\/p>\n<p>Herbolario con atenci\u00f3n personalizada y talleres gratuitos que prioriza el producto aragon\u00e9s, espa\u00f1ol y de calidad.<\/p>\n<p>&nbsp;<\/p>\n<p>Se podr\u00e1 degustar infusiones calientes, bebidas bolero frescas y variedad de productos de alimentaci\u00f3n sana. Adem\u00e1s se entregar\u00e1 a todos los asistentes proverbios y una bolsita con degustaciones y muestras.<\/p>\n<p>&nbsp;<\/p>\n<p>Habr\u00e1 un descuento especial del 10% y un regalo seguro con todas las compras. Tambi\u00e9n se realizar\u00e1 el sorteo de una cesta de productos valorada en 90\u20ac entre los clientes.<\/p>\n<p>&nbsp;<\/p>\n<p>Tambi\u00e9n contar\u00e1n con la exposici\u00f3n de los productos de Nature Whispers, artesanos que se dedican a realizar piezas de joyer\u00eda \u00fanicas y exclusivas mediante la integraci\u00f3n de semillas, flores secas y frutos, con piedras preciosas y semipreciosas. Llevar\u00e1n un peque\u00f1o rinc\u00f3n de naturaleza elaborado con musgo donde expondr\u00e1n sus piezas. Adem\u00e1s presentar\u00e1n su colgante \u201c\u00e1rbol de navidad\u201d, elaborado con canela, diferentes gemas talladas y plata.<\/p>\n<p>&nbsp;<\/p>\n<p><strong>23. Josefina Decoraci\u00f3n, C\/ Gran V\u00eda 39<\/strong><\/p>\n<p>&nbsp;<\/p>\n<p>Tienda dedicada al mundo de la decoraci\u00f3n y las telas para el hogar, nos ofrecer\u00e1n un 25% de descuento en todos los art\u00edculos de la tienda y un regalo sorpresa para todas las compras.<\/p>\n<p>&nbsp;<\/p>\n<p><strong>24. BGB, P\u00ba Fernando el Cat\u00f3lico 4<\/strong><\/p>\n<p>&nbsp;<\/p>\n<p>Tienda de ropa femenina y complementos que se caracteriza por ofrecer moda actual, fresca y diferente fomentando el dise\u00f1o local.<\/p>\n<p>&nbsp;<\/p>\n<p>Realizar\u00e1n un 10% de descuento, habr\u00e1 m\u00fasica DJ a cargo de The Cigarettes y ofrecer\u00e1n un vino y picoteo.<\/p>\n<p>&nbsp;<\/p>\n<p><strong>25. Elma, C\/ Cortes de Arag\u00f3n 53<\/strong><\/p>\n<p>&nbsp;<\/p>\n<p>Tienda de moda y complementos personalizados, con la opci\u00f3n de dise\u00f1arlos y elaborarlos a tu gusto.<\/p>\n<p>&nbsp;<\/p>\n<p>Podr\u00e1s realizarte fotograf\u00edas en el divertido Photocall de moda y degustar un aperitivo muy dulce acompa\u00f1ado de cava.<\/p>\n<p>&nbsp;<\/p>\n<p>Tambi\u00e9n podr\u00e1s beneficiarte de descuentos especiales en las prendas seleccionadas y se realizar\u00e1 un sorteo de uno de sus collares entre las compras realizadas.<\/p>\n<p>&nbsp;<\/p>\n<p><strong>26. Caliope, C\/ San Antonio Mar\u00eda Claret 47<\/strong><\/p>\n<p>&nbsp;<\/p>\n<p>Tienda de cosm\u00e9tica y maquillaje low cost, ofrecer\u00e1 un 10% de descuento en las compras que se realicen esa noche.<\/p>\n<p>&nbsp;<\/p>\n<p>Adem\u00e1s realizar\u00e1n retoques de maquillaje y dar\u00e1n trucos de maquillaje express, todo ello acompa\u00f1ado de un picoteo.<\/p>\n<p>&nbsp;<\/p>\n<p><strong>27. El taller de Laurallue, C\/ Dato 12<\/strong><\/p>\n<p>&nbsp;<\/p>\n<p>En este taller de arte, a las 20:30 horas podr\u00e1s asistir al taller de pintura con ceras (1h 30m), que gusta a adultos y ni\u00f1os. A los mayores les recuerda su infancia y a los peque\u00f1os les resulta din\u00e1mica. Consistir\u00e1 en copiar al natural algunos objetos con las ceras. Es r\u00e1pida de ejecuci\u00f3n, efectista y resulta divertido.<\/p>\n<p>&nbsp;<\/p>\n<p><strong>28. Zamorano Espacio, C\/ Luis L\u00f3pez Allu\u00e9 3<\/strong><\/p>\n<p>Centro de creaci\u00f3n donde los alumnos aprenden a expresarse mediante el manejo de las formas pl\u00e1sticas y el color.<\/p>\n<p>&nbsp;<\/p>\n<p>El centro permanecer\u00e1 abierto al p\u00fablico hasta las 23:00h para que todo el mundo pueda aprender lo que es un espacio creativo, para ver trabajar e incluso para animarse a expresarse.<\/p>\n<p>&nbsp;<\/p>\n<p>Adem\u00e1s habr\u00e1 expuesta una muestra de trabajos elaborados por los alumnos. Todo ello acompa\u00f1ado con un vino de cortes\u00eda.<\/p>\n<p>&nbsp;<\/p>\n<p><strong>29. Bajo el Sol, C\/ San Antonio Mar\u00eda Claret 62, bajos<\/strong><\/p>\n<p>&nbsp;<\/p>\n<p>Tienda especializada en el cultivo y producci\u00f3n de cannabis. Especialistas en cultivo interior y exterior, as\u00ed como en todo lo necesario para las plantas.<\/p>\n<p>&nbsp;<\/p>\n<p>Habr\u00e1 descuentos del 15%, 20% y 25% en los art\u00edculos de la tienda, vino espa\u00f1ol y una gran selecci\u00f3n musical.<\/p>\n<p>&nbsp;<\/p>\n<p><strong>30. Fresa, C\/ Tom\u00e1s Bret\u00f3n 5<\/strong><\/p>\n<p>&nbsp;<\/p>\n<p>Tienda de moda y complementos para la mujer, en la que podremos disfrutar de un picoteo y descuentos especiales en una selecci\u00f3n de art\u00edculos.<\/p>\n<p>&nbsp;<\/p>\n<p><strong>31. Yupii, C\/ Tom\u00e1s Bret\u00f3n 5<\/strong><\/p>\n<p>&nbsp;<\/p>\n<p>Negocio familiar dedicado a la venta de ropa, complementos, bisuter\u00eda artesana y art\u00edculos de regalo, nos ofrecer\u00e1n un picoteo y descuentos del 15% al 25% en una selecci\u00f3n de art\u00edculos.<\/p>\n<p>&nbsp;<\/p>\n<p><strong>32. Escuela de Flamenco Los Cabales, C\/ Fueros de Arag\u00f3n 7-9<\/strong><\/p>\n<p>&nbsp;<\/p>\n<p>Escuela de flamenco dedicada a la ense\u00f1anza de guitarra flamenca, cante y caj\u00f3n.<\/p>\n<p>&nbsp;<\/p>\n<p>A las 21:00 horas nos har\u00e1n disfrutar con una muestra de guitarra y caj\u00f3n.<\/p>\n<p>&nbsp;<\/p>\n<p><strong>33. Mono de tres cabezas, Avda. Valencia 24<\/strong><\/p>\n<p>&nbsp;<\/p>\n<p>Librer\u00eda especializada en ciencia ficci\u00f3n, terror y fantas\u00eda, con sala de juegos de mesa permanente dentro de la misma.<\/p>\n<p>&nbsp;<\/p>\n<p>Habr\u00e1 un vino para todos los visitantes que pasen a conocerlos y puertas abiertas en torneos de juegos de mesa y cartas.<\/p>\n<p>&nbsp;<\/p>\n<p>Realizar\u00e1n una macropartida de HeroQuest (original) para todos los nost\u00e1lgicos jugones de mesa nacidos en los 80 \u00a1No te pierdas visitar la mazmorra gigante!<\/p>\n<p>&nbsp;<\/p>\n<p>Adem\u00e1s, se podr\u00e1 visitar la isla de creaci\u00f3n literaria y la exposici\u00f3n de fotograf\u00eda fosca de Marif\u00e9 Castej\u00f3n.<\/p>\n<p>&nbsp;<\/p>\n<p><strong>34. Alma, C\/ Gran V\u00eda 11.<\/strong><\/p>\n<p>&nbsp;<\/p>\n<p>Tienda de ropa y complementos con \u201calma\u201d.<\/p>\n<p>&nbsp;<\/p>\n<p>Habr\u00e1 picoteo y regalo de un llavero pomp\u00f3n para todas las compras.<\/p>\n<p>&nbsp;<\/p>\n<p>&nbsp;<\/p>\n<p><strong>35. El Colmado con Luz y Alma, C\/ Carmen 24, local 2<\/strong><\/p>\n<p>&nbsp;<\/p>\n<p>Tienda de alimentos naturales y ecol\u00f3gicos a granel.<\/p>\n<p>&nbsp;<\/p>\n<p>Podr\u00e1s beneficiarte de un descuento del 5% y habr\u00e1 degustaci\u00f3n de arroz y hamburguesas vegetales.<\/p>\n<p>&nbsp;<\/p>\n<p>&nbsp;<\/p>\n<p>Confirma tu asistencia\u00a0<strong><a href=\"https:\/\/www.facebook.com\/events\/1429810593801776\/\" target=\"_blank\" rel=\"noopener\">en nuestro evento de Facebook<\/a><\/strong>, invita a tus amigos y mant\u00e9nte al d\u00eda de las \u00faltimas novedades y actividades.<\/p>\n<p>&nbsp;<\/p>\n<p><img loading=\"lazy\" decoding=\"async\" class=\"aligncenter size-full wp-image-17113\" src=\"http:\/\/madeinzaragoza.es\/blog\/wp-content\/uploads\/2017\/11\/noches.jpg\" alt=\"\" width=\"549\" height=\"778\" srcset=\"http:\/\/madeinzaragoza.es\/blog\/wp-content\/uploads\/2017\/11\/noches.jpg 549w, http:\/\/madeinzaragoza.es\/blog\/wp-content\/uploads\/2017\/11\/noches-212x300.jpg 212w\" sizes=\"(max-width: 549px) 85vw, 549px\" \/><\/p>\n","protected":false},"excerpt":{"rendered":"<p>&nbsp; El pr\u00f3ximo viernes 17 de noviembre te proponemos la segunda edici\u00f3n de la\u00a0Noche de los Tenderos Creativos en la zona de Universidad, una jornada organizada por la red de emprendedores\u00a0Made in Zaragoza\u00a0y\u00a0Zaragoza Activa\u00a0. &nbsp; Los peque\u00f1os comercios creativos del entorno de Gran V\u00eda y Fernando El Cat\u00f3lico, usando como l\u00edmites naturales el r\u00edo Huerva &hellip; <a href=\"http:\/\/madeinzaragoza.es\/blog\/participantes-la-ii-edicion-universidad-la-noche-los-tenderos-creativos\/\" class=\"more-link\">Continuar leyendo<span class=\"screen-reader-text\"> \u00abProgramaci\u00f3n de la II Edici\u00f3n Universidad de La Noche de los Tenderos Creativos\u00bb<\/span><\/a><\/p>\n","protected":false},"author":22,"featured_media":17267,"comment_status":"open","ping_status":"open","sticky":false,"template":"","format":"standard","meta":{"footnotes":""},"categories":[8],"tags":[],"yoast_head":"<!-- This site is optimized with the Yoast SEO plugin v19.7.2 - https:\/\/yoast.com\/wordpress\/plugins\/seo\/ -->\n<title>Programaci\u00f3n de la II Edici\u00f3n Universidad de La Noche de los Tenderos Creativos - Made in Zaragoza<\/title>\n<meta name=\"robots\" content=\"index, follow, max-snippet:-1, max-image-preview:large, max-video-preview:-1\" \/>\n<link rel=\"canonical\" href=\"http:\/\/madeinzaragoza.es\/blog\/participantes-la-ii-edicion-universidad-la-noche-los-tenderos-creativos\/\" \/>\n<meta property=\"og:locale\" content=\"es_ES\" \/>\n<meta property=\"og:type\" content=\"article\" \/>\n<meta property=\"og:title\" content=\"Programaci\u00f3n de la II Edici\u00f3n Universidad de La Noche de los Tenderos Creativos - Made in Zaragoza\" \/>\n<meta property=\"og:description\" content=\"&nbsp; El pr\u00f3ximo viernes 17 de noviembre te proponemos la segunda edici\u00f3n de la\u00a0Noche de los Tenderos Creativos en la zona de Universidad, una jornada organizada por la red de emprendedores\u00a0Made in Zaragoza\u00a0y\u00a0Zaragoza Activa\u00a0. &nbsp; Los peque\u00f1os comercios creativos del entorno de Gran V\u00eda y Fernando El Cat\u00f3lico, usando como l\u00edmites naturales el r\u00edo Huerva &hellip; Continuar leyendo &quot;Programaci\u00f3n de la II Edici\u00f3n Universidad de La Noche de los Tenderos Creativos&quot;\" \/>\n<meta property=\"og:url\" content=\"http:\/\/madeinzaragoza.es\/blog\/participantes-la-ii-edicion-universidad-la-noche-los-tenderos-creativos\/\" \/>\n<meta property=\"og:site_name\" content=\"Made in Zaragoza\" \/>\n<meta property=\"article:publisher\" content=\"https:\/\/www.facebook.com\/madeinzaragoza.es\/\" \/>\n<meta property=\"article:author\" content=\"LasArmasZAC\" \/>\n<meta property=\"article:published_time\" content=\"2017-11-10T10:00:09+00:00\" \/>\n<meta property=\"article:modified_time\" content=\"2017-11-20T08:28:47+00:00\" \/>\n<meta property=\"og:image\" content=\"http:\/\/madeinzaragoza.es\/blog\/wp-content\/uploads\/2017\/11\/facebook-tenderos-universidad-1024x576.png\" \/>\n\t<meta property=\"og:image:width\" content=\"1024\" \/>\n\t<meta property=\"og:image:height\" content=\"576\" \/>\n\t<meta property=\"og:image:type\" content=\"image\/png\" \/>\n<meta name=\"author\" content=\"MadeinZGZ\" \/>\n<meta name=\"twitter:card\" content=\"summary\" \/>\n<meta name=\"twitter:creator\" content=\"@madeinzaragoza\" \/>\n<meta name=\"twitter:site\" content=\"@madeinzaragoza\" \/>\n<meta name=\"twitter:label1\" content=\"Escrito por\" \/>\n\t<meta name=\"twitter:data1\" content=\"MadeinZGZ\" \/>\n\t<meta name=\"twitter:label2\" content=\"Tiempo de lectura\" \/>\n\t<meta name=\"twitter:data2\" content=\"14 minutos\" \/>\n<script type=\"application\/ld+json\" class=\"yoast-schema-graph\">{\"@context\":\"https:\/\/schema.org\",\"@graph\":[{\"@type\":\"Article\",\"@id\":\"http:\/\/madeinzaragoza.es\/blog\/participantes-la-ii-edicion-universidad-la-noche-los-tenderos-creativos\/#article\",\"isPartOf\":{\"@id\":\"http:\/\/madeinzaragoza.es\/blog\/participantes-la-ii-edicion-universidad-la-noche-los-tenderos-creativos\/\"},\"author\":{\"name\":\"MadeinZGZ\",\"@id\":\"http:\/\/madeinzaragoza.es\/blog\/#\/schema\/person\/59f4073cf7e7bc2b2f33b48241478a32\"},\"headline\":\"Programaci\u00f3n de la II Edici\u00f3n Universidad de La Noche de los Tenderos Creativos\",\"datePublished\":\"2017-11-10T10:00:09+00:00\",\"dateModified\":\"2017-11-20T08:28:47+00:00\",\"mainEntityOfPage\":{\"@id\":\"http:\/\/madeinzaragoza.es\/blog\/participantes-la-ii-edicion-universidad-la-noche-los-tenderos-creativos\/\"},\"wordCount\":2780,\"commentCount\":0,\"publisher\":{\"@id\":\"http:\/\/madeinzaragoza.es\/blog\/#organization\"},\"articleSection\":[\"Red MIZ\"],\"inLanguage\":\"es\",\"potentialAction\":[{\"@type\":\"CommentAction\",\"name\":\"Comment\",\"target\":[\"http:\/\/madeinzaragoza.es\/blog\/participantes-la-ii-edicion-universidad-la-noche-los-tenderos-creativos\/#respond\"]}]},{\"@type\":\"WebPage\",\"@id\":\"http:\/\/madeinzaragoza.es\/blog\/participantes-la-ii-edicion-universidad-la-noche-los-tenderos-creativos\/\",\"url\":\"http:\/\/madeinzaragoza.es\/blog\/participantes-la-ii-edicion-universidad-la-noche-los-tenderos-creativos\/\",\"name\":\"Programaci\u00f3n de la II Edici\u00f3n Universidad de La Noche de los Tenderos Creativos - Made in Zaragoza\",\"isPartOf\":{\"@id\":\"http:\/\/madeinzaragoza.es\/blog\/#website\"},\"datePublished\":\"2017-11-10T10:00:09+00:00\",\"dateModified\":\"2017-11-20T08:28:47+00:00\",\"breadcrumb\":{\"@id\":\"http:\/\/madeinzaragoza.es\/blog\/participantes-la-ii-edicion-universidad-la-noche-los-tenderos-creativos\/#breadcrumb\"},\"inLanguage\":\"es\",\"potentialAction\":[{\"@type\":\"ReadAction\",\"target\":[\"http:\/\/madeinzaragoza.es\/blog\/participantes-la-ii-edicion-universidad-la-noche-los-tenderos-creativos\/\"]}]},{\"@type\":\"BreadcrumbList\",\"@id\":\"http:\/\/madeinzaragoza.es\/blog\/participantes-la-ii-edicion-universidad-la-noche-los-tenderos-creativos\/#breadcrumb\",\"itemListElement\":[{\"@type\":\"ListItem\",\"position\":1,\"name\":\"Portada\",\"item\":\"http:\/\/madeinzaragoza.es\/blog\/\"},{\"@type\":\"ListItem\",\"position\":2,\"name\":\"Programaci\u00f3n de la II Edici\u00f3n Universidad de La Noche de los Tenderos Creativos\"}]},{\"@type\":\"WebSite\",\"@id\":\"http:\/\/madeinzaragoza.es\/blog\/#website\",\"url\":\"http:\/\/madeinzaragoza.es\/blog\/\",\"name\":\"Made in Zaragoza\",\"description\":\"Blog de MadeinZGZ, Red de Econom\u00eda Creativa de Zaragoza\",\"publisher\":{\"@id\":\"http:\/\/madeinzaragoza.es\/blog\/#organization\"},\"potentialAction\":[{\"@type\":\"SearchAction\",\"target\":{\"@type\":\"EntryPoint\",\"urlTemplate\":\"http:\/\/madeinzaragoza.es\/blog\/?s={search_term_string}\"},\"query-input\":\"required name=search_term_string\"}],\"inLanguage\":\"es\"},{\"@type\":\"Organization\",\"@id\":\"http:\/\/madeinzaragoza.es\/blog\/#organization\",\"name\":\"Made In Zaragoza\",\"url\":\"http:\/\/madeinzaragoza.es\/blog\/\",\"sameAs\":[\"https:\/\/www.instagram.com\/madeinzaragoza.es\/\",\"https:\/\/www.facebook.com\/madeinzaragoza.es\/\",\"https:\/\/twitter.com\/madeinzaragoza\"],\"logo\":{\"@type\":\"ImageObject\",\"inLanguage\":\"es\",\"@id\":\"http:\/\/madeinzaragoza.es\/blog\/#\/schema\/logo\/image\/\",\"url\":\"https:\/\/madeinzaragoza.es\/blog\/wp-content\/uploads\/2022\/05\/logo.png\",\"contentUrl\":\"https:\/\/madeinzaragoza.es\/blog\/wp-content\/uploads\/2022\/05\/logo.png\",\"width\":193,\"height\":176,\"caption\":\"Made In Zaragoza\"},\"image\":{\"@id\":\"http:\/\/madeinzaragoza.es\/blog\/#\/schema\/logo\/image\/\"}},{\"@type\":\"Person\",\"@id\":\"http:\/\/madeinzaragoza.es\/blog\/#\/schema\/person\/59f4073cf7e7bc2b2f33b48241478a32\",\"name\":\"MadeinZGZ\",\"image\":{\"@type\":\"ImageObject\",\"inLanguage\":\"es\",\"@id\":\"http:\/\/madeinzaragoza.es\/blog\/#\/schema\/person\/image\/\",\"url\":\"http:\/\/2.gravatar.com\/avatar\/23c2456a35687aa268b52997d8f142d1?s=96&d=mm&r=g\",\"contentUrl\":\"http:\/\/2.gravatar.com\/avatar\/23c2456a35687aa268b52997d8f142d1?s=96&d=mm&r=g\",\"caption\":\"MadeinZGZ\"},\"description\":\"Red de comercios y emprendedores creativos de Zaragoza impulsada por ZGZ Activa.\",\"sameAs\":[\"LasArmasZAC\",\"https:\/\/twitter.com\/madeinzaragoza\"],\"url\":\"http:\/\/madeinzaragoza.es\/blog\/author\/madeinzgz\/\"}]}<\/script>\n<!-- \/ Yoast SEO plugin. -->","yoast_head_json":{"title":"Programaci\u00f3n de la II Edici\u00f3n Universidad de La Noche de los Tenderos Creativos - Made in Zaragoza","robots":{"index":"index","follow":"follow","max-snippet":"max-snippet:-1","max-image-preview":"max-image-preview:large","max-video-preview":"max-video-preview:-1"},"canonical":"http:\/\/madeinzaragoza.es\/blog\/participantes-la-ii-edicion-universidad-la-noche-los-tenderos-creativos\/","og_locale":"es_ES","og_type":"article","og_title":"Programaci\u00f3n de la II Edici\u00f3n Universidad de La Noche de los Tenderos Creativos - Made in Zaragoza","og_description":"&nbsp; El pr\u00f3ximo viernes 17 de noviembre te proponemos la segunda edici\u00f3n de la\u00a0Noche de los Tenderos Creativos en la zona de Universidad, una jornada organizada por la red de emprendedores\u00a0Made in Zaragoza\u00a0y\u00a0Zaragoza Activa\u00a0. &nbsp; Los peque\u00f1os comercios creativos del entorno de Gran V\u00eda y Fernando El Cat\u00f3lico, usando como l\u00edmites naturales el r\u00edo Huerva &hellip; Continuar leyendo \"Programaci\u00f3n de la II Edici\u00f3n Universidad de La Noche de los Tenderos Creativos\"","og_url":"http:\/\/madeinzaragoza.es\/blog\/participantes-la-ii-edicion-universidad-la-noche-los-tenderos-creativos\/","og_site_name":"Made in Zaragoza","article_publisher":"https:\/\/www.facebook.com\/madeinzaragoza.es\/","article_author":"LasArmasZAC","article_published_time":"2017-11-10T10:00:09+00:00","article_modified_time":"2017-11-20T08:28:47+00:00","og_image":[{"width":1024,"height":576,"url":"http:\/\/madeinzaragoza.es\/blog\/wp-content\/uploads\/2017\/11\/facebook-tenderos-universidad-1024x576.png","type":"image\/png"}],"author":"MadeinZGZ","twitter_card":"summary","twitter_creator":"@madeinzaragoza","twitter_site":"@madeinzaragoza","twitter_misc":{"Escrito por":"MadeinZGZ","Tiempo de lectura":"14 minutos"},"schema":{"@context":"https:\/\/schema.org","@graph":[{"@type":"Article","@id":"http:\/\/madeinzaragoza.es\/blog\/participantes-la-ii-edicion-universidad-la-noche-los-tenderos-creativos\/#article","isPartOf":{"@id":"http:\/\/madeinzaragoza.es\/blog\/participantes-la-ii-edicion-universidad-la-noche-los-tenderos-creativos\/"},"author":{"name":"MadeinZGZ","@id":"http:\/\/madeinzaragoza.es\/blog\/#\/schema\/person\/59f4073cf7e7bc2b2f33b48241478a32"},"headline":"Programaci\u00f3n de la II Edici\u00f3n Universidad de La Noche de los Tenderos Creativos","datePublished":"2017-11-10T10:00:09+00:00","dateModified":"2017-11-20T08:28:47+00:00","mainEntityOfPage":{"@id":"http:\/\/madeinzaragoza.es\/blog\/participantes-la-ii-edicion-universidad-la-noche-los-tenderos-creativos\/"},"wordCount":2780,"commentCount":0,"publisher":{"@id":"http:\/\/madeinzaragoza.es\/blog\/#organization"},"articleSection":["Red MIZ"],"inLanguage":"es","potentialAction":[{"@type":"CommentAction","name":"Comment","target":["http:\/\/madeinzaragoza.es\/blog\/participantes-la-ii-edicion-universidad-la-noche-los-tenderos-creativos\/#respond"]}]},{"@type":"WebPage","@id":"http:\/\/madeinzaragoza.es\/blog\/participantes-la-ii-edicion-universidad-la-noche-los-tenderos-creativos\/","url":"http:\/\/madeinzaragoza.es\/blog\/participantes-la-ii-edicion-universidad-la-noche-los-tenderos-creativos\/","name":"Programaci\u00f3n de la II Edici\u00f3n Universidad de La Noche de los Tenderos Creativos - Made in Zaragoza","isPartOf":{"@id":"http:\/\/madeinzaragoza.es\/blog\/#website"},"datePublished":"2017-11-10T10:00:09+00:00","dateModified":"2017-11-20T08:28:47+00:00","breadcrumb":{"@id":"http:\/\/madeinzaragoza.es\/blog\/participantes-la-ii-edicion-universidad-la-noche-los-tenderos-creativos\/#breadcrumb"},"inLanguage":"es","potentialAction":[{"@type":"ReadAction","target":["http:\/\/madeinzaragoza.es\/blog\/participantes-la-ii-edicion-universidad-la-noche-los-tenderos-creativos\/"]}]},{"@type":"BreadcrumbList","@id":"http:\/\/madeinzaragoza.es\/blog\/participantes-la-ii-edicion-universidad-la-noche-los-tenderos-creativos\/#breadcrumb","itemListElement":[{"@type":"ListItem","position":1,"name":"Portada","item":"http:\/\/madeinzaragoza.es\/blog\/"},{"@type":"ListItem","position":2,"name":"Programaci\u00f3n de la II Edici\u00f3n Universidad de La Noche de los Tenderos Creativos"}]},{"@type":"WebSite","@id":"http:\/\/madeinzaragoza.es\/blog\/#website","url":"http:\/\/madeinzaragoza.es\/blog\/","name":"Made in Zaragoza","description":"Blog de MadeinZGZ, Red de Econom\u00eda Creativa de Zaragoza","publisher":{"@id":"http:\/\/madeinzaragoza.es\/blog\/#organization"},"potentialAction":[{"@type":"SearchAction","target":{"@type":"EntryPoint","urlTemplate":"http:\/\/madeinzaragoza.es\/blog\/?s={search_term_string}"},"query-input":"required name=search_term_string"}],"inLanguage":"es"},{"@type":"Organization","@id":"http:\/\/madeinzaragoza.es\/blog\/#organization","name":"Made In Zaragoza","url":"http:\/\/madeinzaragoza.es\/blog\/","sameAs":["https:\/\/www.instagram.com\/madeinzaragoza.es\/","https:\/\/www.facebook.com\/madeinzaragoza.es\/","https:\/\/twitter.com\/madeinzaragoza"],"logo":{"@type":"ImageObject","inLanguage":"es","@id":"http:\/\/madeinzaragoza.es\/blog\/#\/schema\/logo\/image\/","url":"https:\/\/madeinzaragoza.es\/blog\/wp-content\/uploads\/2022\/05\/logo.png","contentUrl":"https:\/\/madeinzaragoza.es\/blog\/wp-content\/uploads\/2022\/05\/logo.png","width":193,"height":176,"caption":"Made In Zaragoza"},"image":{"@id":"http:\/\/madeinzaragoza.es\/blog\/#\/schema\/logo\/image\/"}},{"@type":"Person","@id":"http:\/\/madeinzaragoza.es\/blog\/#\/schema\/person\/59f4073cf7e7bc2b2f33b48241478a32","name":"MadeinZGZ","image":{"@type":"ImageObject","inLanguage":"es","@id":"http:\/\/madeinzaragoza.es\/blog\/#\/schema\/person\/image\/","url":"http:\/\/2.gravatar.com\/avatar\/23c2456a35687aa268b52997d8f142d1?s=96&d=mm&r=g","contentUrl":"http:\/\/2.gravatar.com\/avatar\/23c2456a35687aa268b52997d8f142d1?s=96&d=mm&r=g","caption":"MadeinZGZ"},"description":"Red de comercios y emprendedores creativos de Zaragoza impulsada por ZGZ Activa.","sameAs":["LasArmasZAC","https:\/\/twitter.com\/madeinzaragoza"],"url":"http:\/\/madeinzaragoza.es\/blog\/author\/madeinzgz\/"}]}},"_links":{"self":[{"href":"http:\/\/madeinzaragoza.es\/blog\/wp-json\/wp\/v2\/posts\/17100"}],"collection":[{"href":"http:\/\/madeinzaragoza.es\/blog\/wp-json\/wp\/v2\/posts"}],"about":[{"href":"http:\/\/madeinzaragoza.es\/blog\/wp-json\/wp\/v2\/types\/post"}],"author":[{"embeddable":true,"href":"http:\/\/madeinzaragoza.es\/blog\/wp-json\/wp\/v2\/users\/22"}],"replies":[{"embeddable":true,"href":"http:\/\/madeinzaragoza.es\/blog\/wp-json\/wp\/v2\/comments?post=17100"}],"version-history":[{"count":25,"href":"http:\/\/madeinzaragoza.es\/blog\/wp-json\/wp\/v2\/posts\/17100\/revisions"}],"predecessor-version":[{"id":17294,"href":"http:\/\/madeinzaragoza.es\/blog\/wp-json\/wp\/v2\/posts\/17100\/revisions\/17294"}],"wp:featuredmedia":[{"embeddable":true,"href":"http:\/\/madeinzaragoza.es\/blog\/wp-json\/wp\/v2\/media\/17267"}],"wp:attachment":[{"href":"http:\/\/madeinzaragoza.es\/blog\/wp-json\/wp\/v2\/media?parent=17100"}],"wp:term":[{"taxonomy":"category","embeddable":true,"href":"http:\/\/madeinzaragoza.es\/blog\/wp-json\/wp\/v2\/categories?post=17100"},{"taxonomy":"post_tag","embeddable":true,"href":"http:\/\/madeinzaragoza.es\/blog\/wp-json\/wp\/v2\/tags?post=17100"}],"curies":[{"name":"wp","href":"https:\/\/api.w.org\/{rel}","templated":true}]}}