{"id":16998,"date":"2017-10-21T09:55:17","date_gmt":"2017-10-21T08:55:17","guid":{"rendered":"http:\/\/madeinzaragoza.es\/blog\/?p=16998"},"modified":"2017-10-21T09:55:17","modified_gmt":"2017-10-21T08:55:17","slug":"la-abstraccion-geometrica-pablo-perez-palacio","status":"publish","type":"post","link":"http:\/\/madeinzaragoza.es\/blog\/la-abstraccion-geometrica-pablo-perez-palacio\/","title":{"rendered":"La abstracci\u00f3n geom\u00e9trica de Pablo P\u00e9rez Palacio"},"content":{"rendered":"<p><a href=\"http:\/\/www.pabloperezpalacio.com\/\" target=\"_blank\" rel=\"noopener\">Pablo P\u00e9rez Palacio<\/a> (Zaragoza, 1983) vive entre Madrid, un peque\u00f1o retiro en los Pirineos aragoneses\u00a0 y en Zaragoza donde tiene su estudio y es donde acaba de formalizar sus obras. Ha cursado escenograf\u00eda , interiorismo e historia del arte, adem\u00e1s es Licenciado en gesti\u00f3n de empresas hoteleras (Zaragoza-Praga-Par\u00eds) todo lo que le influye a la hora de abordar sus creaciones.<\/p>\n<p>&nbsp;<\/p>\n<p>Su contacto m\u00e1s temprano con las artes, y que fij\u00f3 los cimientos de lo que ser\u00eda su lenguaje propio como artista, fue con la <strong>pintura<\/strong>. A\u00fan siendo, hoy en d\u00eda, un artista multidisciplinar para el que siempre prima el concepto a tratar, el color y la composici\u00f3n tienen un importante papel en la formalizaci\u00f3n de ese primer planteamiento.<\/p>\n<p>&nbsp;<\/p>\n<p><img loading=\"lazy\" decoding=\"async\" class=\"aligncenter size-full wp-image-17006\" src=\"http:\/\/madeinzaragoza.es\/blog\/wp-content\/uploads\/2017\/10\/art-work1112.jpg\" alt=\"\" width=\"1118\" height=\"745\" srcset=\"http:\/\/madeinzaragoza.es\/blog\/wp-content\/uploads\/2017\/10\/art-work1112.jpg 1118w, http:\/\/madeinzaragoza.es\/blog\/wp-content\/uploads\/2017\/10\/art-work1112-300x200.jpg 300w, http:\/\/madeinzaragoza.es\/blog\/wp-content\/uploads\/2017\/10\/art-work1112-768x512.jpg 768w, http:\/\/madeinzaragoza.es\/blog\/wp-content\/uploads\/2017\/10\/art-work1112-1024x682.jpg 1024w\" sizes=\"(max-width: 709px) 85vw, (max-width: 909px) 67vw, (max-width: 1362px) 62vw, 840px\" \/> <img loading=\"lazy\" decoding=\"async\" class=\"aligncenter size-full wp-image-17007\" src=\"http:\/\/madeinzaragoza.es\/blog\/wp-content\/uploads\/2017\/10\/art-work1122.jpg\" alt=\"\" width=\"1200\" height=\"745\" srcset=\"http:\/\/madeinzaragoza.es\/blog\/wp-content\/uploads\/2017\/10\/art-work1122.jpg 1200w, http:\/\/madeinzaragoza.es\/blog\/wp-content\/uploads\/2017\/10\/art-work1122-300x186.jpg 300w, http:\/\/madeinzaragoza.es\/blog\/wp-content\/uploads\/2017\/10\/art-work1122-768x477.jpg 768w, http:\/\/madeinzaragoza.es\/blog\/wp-content\/uploads\/2017\/10\/art-work1122-1024x636.jpg 1024w\" sizes=\"(max-width: 709px) 85vw, (max-width: 909px) 67vw, (max-width: 1362px) 62vw, 840px\" \/><\/p>\n<p><strong>Pablo P\u00e9rez Palacio<\/strong> trabaja en diferentes lenguajes art\u00edsticos, desde la pintura a la instalaci\u00f3n, pasando por la fotograf\u00eda, el v\u00eddeo o el interiorismo o el dise\u00f1o de espacios.<\/p>\n<p>Su obra se desarrolla dentro de una fuerte <strong>abstracci\u00f3n geom\u00e9trica<\/strong> de car\u00e1cter pict\u00f3rico y por un vibrante colorido sobre fondos azules. Sus espacios quedan facetados, fragmentados y reducidos a afiladas formas geom\u00e9tricas que parecen flotar sobre los fondos oscuros en una combinaci\u00f3n vibrante y dram\u00e1tica. La composici\u00f3n de sus obras est\u00e1 muy estudiada y equilibrada donde bloques y formas de color conforman ricos espacios geom\u00e9tricos.<\/p>\n<p>&nbsp;<\/p>\n<p><img loading=\"lazy\" decoding=\"async\" class=\"aligncenter size-full wp-image-17005\" src=\"http:\/\/madeinzaragoza.es\/blog\/wp-content\/uploads\/2017\/10\/1.jpg\" alt=\"\" width=\"1200\" height=\"542\" srcset=\"http:\/\/madeinzaragoza.es\/blog\/wp-content\/uploads\/2017\/10\/1.jpg 1200w, http:\/\/madeinzaragoza.es\/blog\/wp-content\/uploads\/2017\/10\/1-300x136.jpg 300w, http:\/\/madeinzaragoza.es\/blog\/wp-content\/uploads\/2017\/10\/1-768x347.jpg 768w, http:\/\/madeinzaragoza.es\/blog\/wp-content\/uploads\/2017\/10\/1-1024x463.jpg 1024w\" sizes=\"(max-width: 709px) 85vw, (max-width: 909px) 67vw, (max-width: 1362px) 62vw, 840px\" \/><img loading=\"lazy\" decoding=\"async\" class=\"aligncenter size-full wp-image-17012\" src=\"http:\/\/madeinzaragoza.es\/blog\/wp-content\/uploads\/2017\/10\/2.jpg\" alt=\"\" width=\"1200\" height=\"714\" srcset=\"http:\/\/madeinzaragoza.es\/blog\/wp-content\/uploads\/2017\/10\/2.jpg 1200w, http:\/\/madeinzaragoza.es\/blog\/wp-content\/uploads\/2017\/10\/2-300x179.jpg 300w, http:\/\/madeinzaragoza.es\/blog\/wp-content\/uploads\/2017\/10\/2-768x457.jpg 768w, http:\/\/madeinzaragoza.es\/blog\/wp-content\/uploads\/2017\/10\/2-1024x609.jpg 1024w\" sizes=\"(max-width: 709px) 85vw, (max-width: 909px) 67vw, (max-width: 1362px) 62vw, 840px\" \/><\/p>\n<p>Su obra se ha expuesto en diferentes muestras y recientemente fue seleccionado en el concurso de pintura Joven 2017 de Ibercaja con la pieza <a href=\"http:\/\/www.pabloperezpalacio.com\/es\/artwork-obra\/forma-limite-una-relacion-tension-esencial\/217\/el-encuentro-violencia-i\/artwork-obra\/forma-limite-una-relacion-tension-esencial\/218\/el-encuentro-violencia-ii\/artwork-obra\/forma-limite-una-relacion-tension-esencial\/219\/el-encuentro-violencia-iii\/\">\u00abEl encuentro con la violencia (III)\u00bb<\/a>; y con el lienzo\u00a0 <a href=\"http:\/\/www.pabloperezpalacio.com\/es\/noticias\/24\/el-encuentro-violencia-ii\/\"><em>\u201cEl encuentro con la violencia (II)\u201d<\/em>,<\/a> en el XXVII premio de arte Santa Isabel de Arag\u00f3n, reina de Portugal 2016. Dos de sus trabajos m\u00e1s destacados han sido,\u00a0 la selecci\u00f3n de su proyecto <a href=\"http:\/\/www.pabloperezpalacio.com\/es\/artwork-obra\/todo-que-queda\/128\/tragedia\/\"><em>\u201cTodo lo que queda\u201d<\/em><\/a> en la iniciativa <em>Impulso Lateral<\/em> del IAACC (Museo Pablo Serrano de Zaragoza), con una exposici\u00f3n individual en octubre del 2015, y la maravillosa intervenci\u00f3n pict\u00f3rica del restaurante <em>Quema <\/em>(en el IAACC)<em>,\u00a0<\/em> titulada <a href=\"http:\/\/www.pabloperezpalacio.com\/es\/artwork-obra\/instalacion-pictorica-viva\/79\/vista-1--instalacion-pictorica-viva\/\"><em>\u00a1Instalaci\u00f3n pict\u00f3rica viva!<\/em><\/a> (2014)<em>.\u00a0 <\/em>Una instalaci\u00f3n que ocupa todo el espacio del restaurante integrandose de forma perfecta con el restaurante. Un lugar que sin ninguna duda debes conocer.<\/p>\n<p>&nbsp;<\/p>\n<p><img loading=\"lazy\" decoding=\"async\" class=\"aligncenter size-full wp-image-17002\" src=\"http:\/\/madeinzaragoza.es\/blog\/wp-content\/uploads\/2017\/10\/art-work1891.jpg\" alt=\"\" width=\"1200\" height=\"800\" srcset=\"http:\/\/madeinzaragoza.es\/blog\/wp-content\/uploads\/2017\/10\/art-work1891.jpg 1200w, http:\/\/madeinzaragoza.es\/blog\/wp-content\/uploads\/2017\/10\/art-work1891-300x200.jpg 300w, http:\/\/madeinzaragoza.es\/blog\/wp-content\/uploads\/2017\/10\/art-work1891-768x512.jpg 768w, http:\/\/madeinzaragoza.es\/blog\/wp-content\/uploads\/2017\/10\/art-work1891-1024x683.jpg 1024w\" sizes=\"(max-width: 709px) 85vw, (max-width: 909px) 67vw, (max-width: 1362px) 62vw, 840px\" \/> <img loading=\"lazy\" decoding=\"async\" class=\"aligncenter size-full wp-image-17001\" src=\"http:\/\/madeinzaragoza.es\/blog\/wp-content\/uploads\/2017\/10\/art-work1889.jpg\" alt=\"\" width=\"1200\" height=\"694\" srcset=\"http:\/\/madeinzaragoza.es\/blog\/wp-content\/uploads\/2017\/10\/art-work1889.jpg 1200w, http:\/\/madeinzaragoza.es\/blog\/wp-content\/uploads\/2017\/10\/art-work1889-300x174.jpg 300w, http:\/\/madeinzaragoza.es\/blog\/wp-content\/uploads\/2017\/10\/art-work1889-768x444.jpg 768w, http:\/\/madeinzaragoza.es\/blog\/wp-content\/uploads\/2017\/10\/art-work1889-1024x592.jpg 1024w\" sizes=\"(max-width: 709px) 85vw, (max-width: 909px) 67vw, (max-width: 1362px) 62vw, 840px\" \/> <img loading=\"lazy\" decoding=\"async\" class=\"aligncenter size-full wp-image-17000\" src=\"http:\/\/madeinzaragoza.es\/blog\/wp-content\/uploads\/2017\/10\/art-work1903.jpg\" alt=\"\" width=\"1200\" height=\"800\" srcset=\"http:\/\/madeinzaragoza.es\/blog\/wp-content\/uploads\/2017\/10\/art-work1903.jpg 1200w, http:\/\/madeinzaragoza.es\/blog\/wp-content\/uploads\/2017\/10\/art-work1903-300x200.jpg 300w, http:\/\/madeinzaragoza.es\/blog\/wp-content\/uploads\/2017\/10\/art-work1903-768x512.jpg 768w, http:\/\/madeinzaragoza.es\/blog\/wp-content\/uploads\/2017\/10\/art-work1903-1024x683.jpg 1024w\" sizes=\"(max-width: 709px) 85vw, (max-width: 909px) 67vw, (max-width: 1362px) 62vw, 840px\" \/><\/p>\n<p>Su gusto por la escenograf\u00eda y los espacios se ha visto tambi\u00e9n reflejado en otros trabajos como la <a href=\"http:\/\/www.pabloperezpalacio.com\/es\/proyecto\/laberintos\/214\/laberintos-detalle01\/\" target=\"_blank\" rel=\"noopener\">intervenci\u00f3n en el vestidor<\/a> de la siempre sorprendente tienda <a href=\"https:\/\/www.facebook.com\/BAHNHOF-182635748414603\/\" target=\"_blank\" rel=\"noopener\">Bahnhof <\/a>de Zaragoza.<\/p>\n<p>&nbsp;<\/p>\n<p>Ahora llega a <strong>C\u00f3rner MIZ<\/strong> donde va a instalar su estudio desde el lunes 23 de octubre y va a estar desarrollando su intervenci\u00f3n espacial hasta el jueves 26 de octubre d\u00eda en la que la presentar\u00e1 al p\u00fablico. Pablo estar\u00e1 trabajando all\u00ed con sus notas y apuntes respecto al tema que quiere exponer y que ir\u00e1 completando con visitas y conversaciones sobre el tema durante todo el proceso de ejecuci\u00f3n de su obra. Si quieres seguir de cerca el proceso creativo e incluso formar parte de el, no lo dudes y ac\u00e9rcate a verle trabajar.<\/p>\n<p>&nbsp;<\/p>\n<p>La presentaci\u00f3n de su obra ser\u00e1 el jueves 26 de octubre a las 19.00h.<\/p>\n<p>&nbsp;<\/p>\n<p><span style=\"color: #808080\"><em>Fotograf\u00edas: http:\/\/www.pabloperezpalacio.com\/<\/em><\/span><\/p>\n","protected":false},"excerpt":{"rendered":"<p>Pablo P\u00e9rez Palacio (Zaragoza, 1983) vive entre Madrid, un peque\u00f1o retiro en los Pirineos aragoneses\u00a0 y en Zaragoza donde tiene su estudio y es donde acaba de formalizar sus obras. Ha cursado escenograf\u00eda , interiorismo e historia del arte, adem\u00e1s es Licenciado en gesti\u00f3n de empresas hoteleras (Zaragoza-Praga-Par\u00eds) todo lo que le influye a la &hellip; <a href=\"http:\/\/madeinzaragoza.es\/blog\/la-abstraccion-geometrica-pablo-perez-palacio\/\" class=\"more-link\">Continuar leyendo<span class=\"screen-reader-text\"> \u00abLa abstracci\u00f3n geom\u00e9trica de Pablo P\u00e9rez Palacio\u00bb<\/span><\/a><\/p>\n","protected":false},"author":36,"featured_media":17003,"comment_status":"open","ping_status":"open","sticky":false,"template":"","format":"standard","meta":{"footnotes":""},"categories":[831],"tags":[],"yoast_head":"<!-- This site is optimized with the Yoast SEO plugin v19.7.2 - https:\/\/yoast.com\/wordpress\/plugins\/seo\/ -->\n<title>La abstracci\u00f3n geom\u00e9trica de Pablo P\u00e9rez Palacio - Made in Zaragoza<\/title>\n<meta name=\"robots\" content=\"index, follow, max-snippet:-1, max-image-preview:large, max-video-preview:-1\" \/>\n<link rel=\"canonical\" href=\"http:\/\/madeinzaragoza.es\/blog\/la-abstraccion-geometrica-pablo-perez-palacio\/\" \/>\n<meta property=\"og:locale\" content=\"es_ES\" \/>\n<meta property=\"og:type\" content=\"article\" \/>\n<meta property=\"og:title\" content=\"La abstracci\u00f3n geom\u00e9trica de Pablo P\u00e9rez Palacio - Made in Zaragoza\" \/>\n<meta property=\"og:description\" content=\"Pablo P\u00e9rez Palacio (Zaragoza, 1983) vive entre Madrid, un peque\u00f1o retiro en los Pirineos aragoneses\u00a0 y en Zaragoza donde tiene su estudio y es donde acaba de formalizar sus obras. Ha cursado escenograf\u00eda , interiorismo e historia del arte, adem\u00e1s es Licenciado en gesti\u00f3n de empresas hoteleras (Zaragoza-Praga-Par\u00eds) todo lo que le influye a la &hellip; Continuar leyendo &quot;La abstracci\u00f3n geom\u00e9trica de Pablo P\u00e9rez Palacio&quot;\" \/>\n<meta property=\"og:url\" content=\"http:\/\/madeinzaragoza.es\/blog\/la-abstraccion-geometrica-pablo-perez-palacio\/\" \/>\n<meta property=\"og:site_name\" content=\"Made in Zaragoza\" \/>\n<meta property=\"article:publisher\" content=\"https:\/\/www.facebook.com\/madeinzaragoza.es\/\" \/>\n<meta property=\"article:author\" content=\"zarayorkers\" \/>\n<meta property=\"article:published_time\" content=\"2017-10-21T08:55:17+00:00\" \/>\n<meta property=\"og:image\" content=\"http:\/\/madeinzaragoza.es\/blog\/wp-content\/uploads\/2017\/10\/art-work1133.jpg\" \/>\n\t<meta property=\"og:image:width\" content=\"1200\" \/>\n\t<meta property=\"og:image:height\" content=\"692\" \/>\n\t<meta property=\"og:image:type\" content=\"image\/jpeg\" \/>\n<meta name=\"author\" content=\"Sergio Sevilla\" \/>\n<meta name=\"twitter:card\" content=\"summary\" \/>\n<meta name=\"twitter:creator\" content=\"@madeinzaragoza\" \/>\n<meta name=\"twitter:site\" content=\"@madeinzaragoza\" \/>\n<meta name=\"twitter:label1\" content=\"Escrito por\" \/>\n\t<meta name=\"twitter:data1\" content=\"Sergio Sevilla\" \/>\n\t<meta name=\"twitter:label2\" content=\"Tiempo de lectura\" \/>\n\t<meta name=\"twitter:data2\" content=\"3 minutos\" \/>\n<script type=\"application\/ld+json\" class=\"yoast-schema-graph\">{\"@context\":\"https:\/\/schema.org\",\"@graph\":[{\"@type\":\"Article\",\"@id\":\"http:\/\/madeinzaragoza.es\/blog\/la-abstraccion-geometrica-pablo-perez-palacio\/#article\",\"isPartOf\":{\"@id\":\"http:\/\/madeinzaragoza.es\/blog\/la-abstraccion-geometrica-pablo-perez-palacio\/\"},\"author\":{\"name\":\"Sergio Sevilla\",\"@id\":\"http:\/\/madeinzaragoza.es\/blog\/#\/schema\/person\/fd836a8fe1177b6200bc8deffc3ad342\"},\"headline\":\"La abstracci\u00f3n geom\u00e9trica de Pablo P\u00e9rez Palacio\",\"datePublished\":\"2017-10-21T08:55:17+00:00\",\"dateModified\":\"2017-10-21T08:55:17+00:00\",\"mainEntityOfPage\":{\"@id\":\"http:\/\/madeinzaragoza.es\/blog\/la-abstraccion-geometrica-pablo-perez-palacio\/\"},\"wordCount\":542,\"commentCount\":0,\"publisher\":{\"@id\":\"http:\/\/madeinzaragoza.es\/blog\/#organization\"},\"articleSection\":[\"CornerMIZ\"],\"inLanguage\":\"es\",\"potentialAction\":[{\"@type\":\"CommentAction\",\"name\":\"Comment\",\"target\":[\"http:\/\/madeinzaragoza.es\/blog\/la-abstraccion-geometrica-pablo-perez-palacio\/#respond\"]}]},{\"@type\":\"WebPage\",\"@id\":\"http:\/\/madeinzaragoza.es\/blog\/la-abstraccion-geometrica-pablo-perez-palacio\/\",\"url\":\"http:\/\/madeinzaragoza.es\/blog\/la-abstraccion-geometrica-pablo-perez-palacio\/\",\"name\":\"La abstracci\u00f3n geom\u00e9trica de Pablo P\u00e9rez Palacio - Made in Zaragoza\",\"isPartOf\":{\"@id\":\"http:\/\/madeinzaragoza.es\/blog\/#website\"},\"datePublished\":\"2017-10-21T08:55:17+00:00\",\"dateModified\":\"2017-10-21T08:55:17+00:00\",\"breadcrumb\":{\"@id\":\"http:\/\/madeinzaragoza.es\/blog\/la-abstraccion-geometrica-pablo-perez-palacio\/#breadcrumb\"},\"inLanguage\":\"es\",\"potentialAction\":[{\"@type\":\"ReadAction\",\"target\":[\"http:\/\/madeinzaragoza.es\/blog\/la-abstraccion-geometrica-pablo-perez-palacio\/\"]}]},{\"@type\":\"BreadcrumbList\",\"@id\":\"http:\/\/madeinzaragoza.es\/blog\/la-abstraccion-geometrica-pablo-perez-palacio\/#breadcrumb\",\"itemListElement\":[{\"@type\":\"ListItem\",\"position\":1,\"name\":\"Portada\",\"item\":\"http:\/\/madeinzaragoza.es\/blog\/\"},{\"@type\":\"ListItem\",\"position\":2,\"name\":\"La abstracci\u00f3n geom\u00e9trica de Pablo P\u00e9rez Palacio\"}]},{\"@type\":\"WebSite\",\"@id\":\"http:\/\/madeinzaragoza.es\/blog\/#website\",\"url\":\"http:\/\/madeinzaragoza.es\/blog\/\",\"name\":\"Made in Zaragoza\",\"description\":\"Blog de MadeinZGZ, Red de Econom\u00eda Creativa de Zaragoza\",\"publisher\":{\"@id\":\"http:\/\/madeinzaragoza.es\/blog\/#organization\"},\"potentialAction\":[{\"@type\":\"SearchAction\",\"target\":{\"@type\":\"EntryPoint\",\"urlTemplate\":\"http:\/\/madeinzaragoza.es\/blog\/?s={search_term_string}\"},\"query-input\":\"required name=search_term_string\"}],\"inLanguage\":\"es\"},{\"@type\":\"Organization\",\"@id\":\"http:\/\/madeinzaragoza.es\/blog\/#organization\",\"name\":\"Made In Zaragoza\",\"url\":\"http:\/\/madeinzaragoza.es\/blog\/\",\"sameAs\":[\"https:\/\/www.instagram.com\/madeinzaragoza.es\/\",\"https:\/\/www.facebook.com\/madeinzaragoza.es\/\",\"https:\/\/twitter.com\/madeinzaragoza\"],\"logo\":{\"@type\":\"ImageObject\",\"inLanguage\":\"es\",\"@id\":\"http:\/\/madeinzaragoza.es\/blog\/#\/schema\/logo\/image\/\",\"url\":\"https:\/\/madeinzaragoza.es\/blog\/wp-content\/uploads\/2022\/05\/logo.png\",\"contentUrl\":\"https:\/\/madeinzaragoza.es\/blog\/wp-content\/uploads\/2022\/05\/logo.png\",\"width\":193,\"height\":176,\"caption\":\"Made In Zaragoza\"},\"image\":{\"@id\":\"http:\/\/madeinzaragoza.es\/blog\/#\/schema\/logo\/image\/\"}},{\"@type\":\"Person\",\"@id\":\"http:\/\/madeinzaragoza.es\/blog\/#\/schema\/person\/fd836a8fe1177b6200bc8deffc3ad342\",\"name\":\"Sergio Sevilla\",\"image\":{\"@type\":\"ImageObject\",\"inLanguage\":\"es\",\"@id\":\"http:\/\/madeinzaragoza.es\/blog\/#\/schema\/person\/image\/\",\"url\":\"http:\/\/1.gravatar.com\/avatar\/4a59e3901b7e749c4e3750c4fd5d0b43?s=96&d=mm&r=g\",\"contentUrl\":\"http:\/\/1.gravatar.com\/avatar\/4a59e3901b7e749c4e3750c4fd5d0b43?s=96&d=mm&r=g\",\"caption\":\"Sergio Sevilla\"},\"description\":\"Gesti\u00f3n e Innovaci\u00f3n cultural (I+C) Mi trabajo se basa en la b\u00fasqueda de conexiones culturales en espacios de tr\u00e1nsito. Soy director y programador de proyectos culturales. He coordinado el espacio C\u00f3rner MIZ de Made in Zaragoza y, en la actualidad, me dedico a investigar, documentar y poner en valor el muralismo cer\u00e1mico de los a\u00f1os 60, 70 y 80 de Zaragoza y su relaci\u00f3n con los entornos arquitect\u00f3nicos y decorativos de la \u00e9poca. Descubre el perfil de @ZaragozaModerna en Instagram. Take a walk on the Art side.\",\"sameAs\":[\"zarayorkers\",\"@zaragozamoderna\",\"\/sergiosevillatabernero\"],\"url\":\"http:\/\/madeinzaragoza.es\/blog\/author\/sergiosevilla\/\"}]}<\/script>\n<!-- \/ Yoast SEO plugin. -->","yoast_head_json":{"title":"La abstracci\u00f3n geom\u00e9trica de Pablo P\u00e9rez Palacio - Made in Zaragoza","robots":{"index":"index","follow":"follow","max-snippet":"max-snippet:-1","max-image-preview":"max-image-preview:large","max-video-preview":"max-video-preview:-1"},"canonical":"http:\/\/madeinzaragoza.es\/blog\/la-abstraccion-geometrica-pablo-perez-palacio\/","og_locale":"es_ES","og_type":"article","og_title":"La abstracci\u00f3n geom\u00e9trica de Pablo P\u00e9rez Palacio - Made in Zaragoza","og_description":"Pablo P\u00e9rez Palacio (Zaragoza, 1983) vive entre Madrid, un peque\u00f1o retiro en los Pirineos aragoneses\u00a0 y en Zaragoza donde tiene su estudio y es donde acaba de formalizar sus obras. Ha cursado escenograf\u00eda , interiorismo e historia del arte, adem\u00e1s es Licenciado en gesti\u00f3n de empresas hoteleras (Zaragoza-Praga-Par\u00eds) todo lo que le influye a la &hellip; Continuar leyendo \"La abstracci\u00f3n geom\u00e9trica de Pablo P\u00e9rez Palacio\"","og_url":"http:\/\/madeinzaragoza.es\/blog\/la-abstraccion-geometrica-pablo-perez-palacio\/","og_site_name":"Made in Zaragoza","article_publisher":"https:\/\/www.facebook.com\/madeinzaragoza.es\/","article_author":"zarayorkers","article_published_time":"2017-10-21T08:55:17+00:00","og_image":[{"width":1200,"height":692,"url":"http:\/\/madeinzaragoza.es\/blog\/wp-content\/uploads\/2017\/10\/art-work1133.jpg","type":"image\/jpeg"}],"author":"Sergio Sevilla","twitter_card":"summary","twitter_creator":"@madeinzaragoza","twitter_site":"@madeinzaragoza","twitter_misc":{"Escrito por":"Sergio Sevilla","Tiempo de lectura":"3 minutos"},"schema":{"@context":"https:\/\/schema.org","@graph":[{"@type":"Article","@id":"http:\/\/madeinzaragoza.es\/blog\/la-abstraccion-geometrica-pablo-perez-palacio\/#article","isPartOf":{"@id":"http:\/\/madeinzaragoza.es\/blog\/la-abstraccion-geometrica-pablo-perez-palacio\/"},"author":{"name":"Sergio Sevilla","@id":"http:\/\/madeinzaragoza.es\/blog\/#\/schema\/person\/fd836a8fe1177b6200bc8deffc3ad342"},"headline":"La abstracci\u00f3n geom\u00e9trica de Pablo P\u00e9rez Palacio","datePublished":"2017-10-21T08:55:17+00:00","dateModified":"2017-10-21T08:55:17+00:00","mainEntityOfPage":{"@id":"http:\/\/madeinzaragoza.es\/blog\/la-abstraccion-geometrica-pablo-perez-palacio\/"},"wordCount":542,"commentCount":0,"publisher":{"@id":"http:\/\/madeinzaragoza.es\/blog\/#organization"},"articleSection":["CornerMIZ"],"inLanguage":"es","potentialAction":[{"@type":"CommentAction","name":"Comment","target":["http:\/\/madeinzaragoza.es\/blog\/la-abstraccion-geometrica-pablo-perez-palacio\/#respond"]}]},{"@type":"WebPage","@id":"http:\/\/madeinzaragoza.es\/blog\/la-abstraccion-geometrica-pablo-perez-palacio\/","url":"http:\/\/madeinzaragoza.es\/blog\/la-abstraccion-geometrica-pablo-perez-palacio\/","name":"La abstracci\u00f3n geom\u00e9trica de Pablo P\u00e9rez Palacio - Made in Zaragoza","isPartOf":{"@id":"http:\/\/madeinzaragoza.es\/blog\/#website"},"datePublished":"2017-10-21T08:55:17+00:00","dateModified":"2017-10-21T08:55:17+00:00","breadcrumb":{"@id":"http:\/\/madeinzaragoza.es\/blog\/la-abstraccion-geometrica-pablo-perez-palacio\/#breadcrumb"},"inLanguage":"es","potentialAction":[{"@type":"ReadAction","target":["http:\/\/madeinzaragoza.es\/blog\/la-abstraccion-geometrica-pablo-perez-palacio\/"]}]},{"@type":"BreadcrumbList","@id":"http:\/\/madeinzaragoza.es\/blog\/la-abstraccion-geometrica-pablo-perez-palacio\/#breadcrumb","itemListElement":[{"@type":"ListItem","position":1,"name":"Portada","item":"http:\/\/madeinzaragoza.es\/blog\/"},{"@type":"ListItem","position":2,"name":"La abstracci\u00f3n geom\u00e9trica de Pablo P\u00e9rez Palacio"}]},{"@type":"WebSite","@id":"http:\/\/madeinzaragoza.es\/blog\/#website","url":"http:\/\/madeinzaragoza.es\/blog\/","name":"Made in Zaragoza","description":"Blog de MadeinZGZ, Red de Econom\u00eda Creativa de Zaragoza","publisher":{"@id":"http:\/\/madeinzaragoza.es\/blog\/#organization"},"potentialAction":[{"@type":"SearchAction","target":{"@type":"EntryPoint","urlTemplate":"http:\/\/madeinzaragoza.es\/blog\/?s={search_term_string}"},"query-input":"required name=search_term_string"}],"inLanguage":"es"},{"@type":"Organization","@id":"http:\/\/madeinzaragoza.es\/blog\/#organization","name":"Made In Zaragoza","url":"http:\/\/madeinzaragoza.es\/blog\/","sameAs":["https:\/\/www.instagram.com\/madeinzaragoza.es\/","https:\/\/www.facebook.com\/madeinzaragoza.es\/","https:\/\/twitter.com\/madeinzaragoza"],"logo":{"@type":"ImageObject","inLanguage":"es","@id":"http:\/\/madeinzaragoza.es\/blog\/#\/schema\/logo\/image\/","url":"https:\/\/madeinzaragoza.es\/blog\/wp-content\/uploads\/2022\/05\/logo.png","contentUrl":"https:\/\/madeinzaragoza.es\/blog\/wp-content\/uploads\/2022\/05\/logo.png","width":193,"height":176,"caption":"Made In Zaragoza"},"image":{"@id":"http:\/\/madeinzaragoza.es\/blog\/#\/schema\/logo\/image\/"}},{"@type":"Person","@id":"http:\/\/madeinzaragoza.es\/blog\/#\/schema\/person\/fd836a8fe1177b6200bc8deffc3ad342","name":"Sergio Sevilla","image":{"@type":"ImageObject","inLanguage":"es","@id":"http:\/\/madeinzaragoza.es\/blog\/#\/schema\/person\/image\/","url":"http:\/\/1.gravatar.com\/avatar\/4a59e3901b7e749c4e3750c4fd5d0b43?s=96&d=mm&r=g","contentUrl":"http:\/\/1.gravatar.com\/avatar\/4a59e3901b7e749c4e3750c4fd5d0b43?s=96&d=mm&r=g","caption":"Sergio Sevilla"},"description":"Gesti\u00f3n e Innovaci\u00f3n cultural (I+C) Mi trabajo se basa en la b\u00fasqueda de conexiones culturales en espacios de tr\u00e1nsito. Soy director y programador de proyectos culturales. He coordinado el espacio C\u00f3rner MIZ de Made in Zaragoza y, en la actualidad, me dedico a investigar, documentar y poner en valor el muralismo cer\u00e1mico de los a\u00f1os 60, 70 y 80 de Zaragoza y su relaci\u00f3n con los entornos arquitect\u00f3nicos y decorativos de la \u00e9poca. Descubre el perfil de @ZaragozaModerna en Instagram. Take a walk on the Art side.","sameAs":["zarayorkers","@zaragozamoderna","\/sergiosevillatabernero"],"url":"http:\/\/madeinzaragoza.es\/blog\/author\/sergiosevilla\/"}]}},"_links":{"self":[{"href":"http:\/\/madeinzaragoza.es\/blog\/wp-json\/wp\/v2\/posts\/16998"}],"collection":[{"href":"http:\/\/madeinzaragoza.es\/blog\/wp-json\/wp\/v2\/posts"}],"about":[{"href":"http:\/\/madeinzaragoza.es\/blog\/wp-json\/wp\/v2\/types\/post"}],"author":[{"embeddable":true,"href":"http:\/\/madeinzaragoza.es\/blog\/wp-json\/wp\/v2\/users\/36"}],"replies":[{"embeddable":true,"href":"http:\/\/madeinzaragoza.es\/blog\/wp-json\/wp\/v2\/comments?post=16998"}],"version-history":[{"count":13,"href":"http:\/\/madeinzaragoza.es\/blog\/wp-json\/wp\/v2\/posts\/16998\/revisions"}],"predecessor-version":[{"id":17020,"href":"http:\/\/madeinzaragoza.es\/blog\/wp-json\/wp\/v2\/posts\/16998\/revisions\/17020"}],"wp:featuredmedia":[{"embeddable":true,"href":"http:\/\/madeinzaragoza.es\/blog\/wp-json\/wp\/v2\/media\/17003"}],"wp:attachment":[{"href":"http:\/\/madeinzaragoza.es\/blog\/wp-json\/wp\/v2\/media?parent=16998"}],"wp:term":[{"taxonomy":"category","embeddable":true,"href":"http:\/\/madeinzaragoza.es\/blog\/wp-json\/wp\/v2\/categories?post=16998"},{"taxonomy":"post_tag","embeddable":true,"href":"http:\/\/madeinzaragoza.es\/blog\/wp-json\/wp\/v2\/tags?post=16998"}],"curies":[{"name":"wp","href":"https:\/\/api.w.org\/{rel}","templated":true}]}}