{"id":16855,"date":"2017-10-11T08:33:37","date_gmt":"2017-10-11T07:33:37","guid":{"rendered":"http:\/\/madeinzaragoza.es\/blog\/?p=16855"},"modified":"2017-10-11T08:33:37","modified_gmt":"2017-10-11T07:33:37","slug":"proceso-creativo-slow-rebeca-zarza","status":"publish","type":"post","link":"http:\/\/madeinzaragoza.es\/blog\/proceso-creativo-slow-rebeca-zarza\/","title":{"rendered":"El proceso creativo slow de Rebeca Zarza"},"content":{"rendered":"<p>Rebeca Zarza es una creativa con un sentido del dise\u00f1o muy espec\u00edfico. Todo su trabajo est\u00e1 realizado bajo la perspectiva de la filosof\u00eda <em>slow<\/em>, el slow design. Para ella los procesos deben ser m\u00e1s pausados, alejados de la pr\u00e1ctica industrial y comercial y de la l\u00f3gica productiva de consumo.<\/p>\n<p>&nbsp;<\/p>\n<p>Adem\u00e1s Rebeca busca siempre que los productos con los que realiza sus obras respondan -en la medida de lo posible- tambi\u00e9n a la pr\u00e1ctiva <em>slow<\/em>\u00a0 y busca productos desarrollados bajo las consideraciones de responsabilidad social: productos de pr\u00f3ximidad, tintas y pinturas ecol\u00f3gicas, papeles org\u00e1nicos, reciclaje y recuperaci\u00f3n de objetos y todos aquellos productos que sean lo m\u00e1s responsables y sostenibles medioambientalmente posible. Y as\u00ed lo ha hecho en la obra DES PA CIO que ha realizado en C\u00f3rner MIZ. Ha buscado que los productos y objetos con los que ha trabajado respondan a estas buenas pr\u00e1cticas.<\/p>\n<p>&nbsp;<\/p>\n<p><img loading=\"lazy\" decoding=\"async\" class=\"aligncenter size-full wp-image-16859\" src=\"http:\/\/madeinzaragoza.es\/blog\/wp-content\/uploads\/2017\/10\/IMG_7953.jpg\" alt=\"\" width=\"1200\" height=\"675\" srcset=\"http:\/\/madeinzaragoza.es\/blog\/wp-content\/uploads\/2017\/10\/IMG_7953.jpg 1200w, http:\/\/madeinzaragoza.es\/blog\/wp-content\/uploads\/2017\/10\/IMG_7953-300x169.jpg 300w, http:\/\/madeinzaragoza.es\/blog\/wp-content\/uploads\/2017\/10\/IMG_7953-768x432.jpg 768w, http:\/\/madeinzaragoza.es\/blog\/wp-content\/uploads\/2017\/10\/IMG_7953-1024x576.jpg 1024w\" sizes=\"(max-width: 709px) 85vw, (max-width: 909px) 67vw, (max-width: 1362px) 62vw, 840px\" \/> <img loading=\"lazy\" decoding=\"async\" class=\"aligncenter size-full wp-image-16862\" src=\"http:\/\/madeinzaragoza.es\/blog\/wp-content\/uploads\/2017\/10\/IMG_7972.jpg\" alt=\"\" width=\"1200\" height=\"800\" srcset=\"http:\/\/madeinzaragoza.es\/blog\/wp-content\/uploads\/2017\/10\/IMG_7972.jpg 1200w, http:\/\/madeinzaragoza.es\/blog\/wp-content\/uploads\/2017\/10\/IMG_7972-300x200.jpg 300w, http:\/\/madeinzaragoza.es\/blog\/wp-content\/uploads\/2017\/10\/IMG_7972-768x512.jpg 768w, http:\/\/madeinzaragoza.es\/blog\/wp-content\/uploads\/2017\/10\/IMG_7972-1024x683.jpg 1024w\" sizes=\"(max-width: 709px) 85vw, (max-width: 909px) 67vw, (max-width: 1362px) 62vw, 840px\" \/><\/p>\n<p>Por otro lado, Rebeca usa m\u00faltiples referencias al origen y funci\u00f3n inicial del edificio que acoge su obra: La Azucarera industrial del Arrabal <span class=\"st\">que permaneci\u00f3 activa desde 1897 hasta aproximadamente 1966, <\/span>donde se produc\u00eda az\u00facar. Desde la remolacha que aparece al final de la escalera en el papel pintado colocado en el arco, a los azucarillos que forman patrones casi topogr\u00e1ficos en la pared frontal.<\/p>\n<p>&nbsp;<\/p>\n<p>En el siguiente video Rebeca Zarza nos habla sobre la obra que ha realizdo y nos ofrece su lectura personal.<\/p>\n<p>&nbsp;<\/p>\n<p><iframe loading=\"lazy\" width=\"840\" height=\"473\" src=\"https:\/\/www.youtube.com\/embed\/puV4UWtHaBw?feature=oembed\" frameborder=\"0\" allowfullscreen><\/iframe><\/p>\n<p>&nbsp;<\/p>\n<p>A continuaci\u00f3n se puede ver el proceso de trabajo seguido en la intervenci\u00f3n en C\u00f3rner MIZ.<\/p>\n<p>&nbsp;<\/p>\n<p><img loading=\"lazy\" decoding=\"async\" class=\"aligncenter size-full wp-image-16858\" src=\"http:\/\/madeinzaragoza.es\/blog\/wp-content\/uploads\/2017\/10\/DSCF9787.jpg\" alt=\"\" width=\"1200\" height=\"800\" srcset=\"http:\/\/madeinzaragoza.es\/blog\/wp-content\/uploads\/2017\/10\/DSCF9787.jpg 1200w, http:\/\/madeinzaragoza.es\/blog\/wp-content\/uploads\/2017\/10\/DSCF9787-300x200.jpg 300w, http:\/\/madeinzaragoza.es\/blog\/wp-content\/uploads\/2017\/10\/DSCF9787-768x512.jpg 768w, http:\/\/madeinzaragoza.es\/blog\/wp-content\/uploads\/2017\/10\/DSCF9787-1024x683.jpg 1024w\" sizes=\"(max-width: 709px) 85vw, (max-width: 909px) 67vw, (max-width: 1362px) 62vw, 840px\" \/> <img loading=\"lazy\" decoding=\"async\" class=\"aligncenter size-full wp-image-16856\" src=\"http:\/\/madeinzaragoza.es\/blog\/wp-content\/uploads\/2017\/10\/DSCF9703.jpg\" alt=\"\" width=\"1200\" height=\"800\" srcset=\"http:\/\/madeinzaragoza.es\/blog\/wp-content\/uploads\/2017\/10\/DSCF9703.jpg 1200w, http:\/\/madeinzaragoza.es\/blog\/wp-content\/uploads\/2017\/10\/DSCF9703-300x200.jpg 300w, http:\/\/madeinzaragoza.es\/blog\/wp-content\/uploads\/2017\/10\/DSCF9703-768x512.jpg 768w, http:\/\/madeinzaragoza.es\/blog\/wp-content\/uploads\/2017\/10\/DSCF9703-1024x683.jpg 1024w\" sizes=\"(max-width: 709px) 85vw, (max-width: 909px) 67vw, (max-width: 1362px) 62vw, 840px\" \/> <img loading=\"lazy\" decoding=\"async\" class=\"aligncenter size-full wp-image-16860\" src=\"http:\/\/madeinzaragoza.es\/blog\/wp-content\/uploads\/2017\/10\/IMG_7969.jpg\" alt=\"\" width=\"1200\" height=\"800\" srcset=\"http:\/\/madeinzaragoza.es\/blog\/wp-content\/uploads\/2017\/10\/IMG_7969.jpg 1200w, http:\/\/madeinzaragoza.es\/blog\/wp-content\/uploads\/2017\/10\/IMG_7969-300x200.jpg 300w, http:\/\/madeinzaragoza.es\/blog\/wp-content\/uploads\/2017\/10\/IMG_7969-768x512.jpg 768w, http:\/\/madeinzaragoza.es\/blog\/wp-content\/uploads\/2017\/10\/IMG_7969-1024x683.jpg 1024w\" sizes=\"(max-width: 709px) 85vw, (max-width: 909px) 67vw, (max-width: 1362px) 62vw, 840px\" \/> <img loading=\"lazy\" decoding=\"async\" class=\"aligncenter size-full wp-image-16861\" src=\"http:\/\/madeinzaragoza.es\/blog\/wp-content\/uploads\/2017\/10\/IMG_7970.jpg\" alt=\"\" width=\"1200\" height=\"800\" srcset=\"http:\/\/madeinzaragoza.es\/blog\/wp-content\/uploads\/2017\/10\/IMG_7970.jpg 1200w, http:\/\/madeinzaragoza.es\/blog\/wp-content\/uploads\/2017\/10\/IMG_7970-300x200.jpg 300w, http:\/\/madeinzaragoza.es\/blog\/wp-content\/uploads\/2017\/10\/IMG_7970-768x512.jpg 768w, http:\/\/madeinzaragoza.es\/blog\/wp-content\/uploads\/2017\/10\/IMG_7970-1024x683.jpg 1024w\" sizes=\"(max-width: 709px) 85vw, (max-width: 909px) 67vw, (max-width: 1362px) 62vw, 840px\" \/> <img loading=\"lazy\" decoding=\"async\" class=\"aligncenter size-full wp-image-16863\" src=\"http:\/\/madeinzaragoza.es\/blog\/wp-content\/uploads\/2017\/10\/IMG_7973.jpg\" alt=\"\" width=\"1200\" height=\"800\" srcset=\"http:\/\/madeinzaragoza.es\/blog\/wp-content\/uploads\/2017\/10\/IMG_7973.jpg 1200w, http:\/\/madeinzaragoza.es\/blog\/wp-content\/uploads\/2017\/10\/IMG_7973-300x200.jpg 300w, http:\/\/madeinzaragoza.es\/blog\/wp-content\/uploads\/2017\/10\/IMG_7973-768x512.jpg 768w, http:\/\/madeinzaragoza.es\/blog\/wp-content\/uploads\/2017\/10\/IMG_7973-1024x683.jpg 1024w\" sizes=\"(max-width: 709px) 85vw, (max-width: 909px) 67vw, (max-width: 1362px) 62vw, 840px\" \/> <img loading=\"lazy\" decoding=\"async\" class=\"aligncenter size-full wp-image-16864\" src=\"http:\/\/madeinzaragoza.es\/blog\/wp-content\/uploads\/2017\/10\/IMG_7974.jpg\" alt=\"\" width=\"1200\" height=\"800\" srcset=\"http:\/\/madeinzaragoza.es\/blog\/wp-content\/uploads\/2017\/10\/IMG_7974.jpg 1200w, http:\/\/madeinzaragoza.es\/blog\/wp-content\/uploads\/2017\/10\/IMG_7974-300x200.jpg 300w, http:\/\/madeinzaragoza.es\/blog\/wp-content\/uploads\/2017\/10\/IMG_7974-768x512.jpg 768w, http:\/\/madeinzaragoza.es\/blog\/wp-content\/uploads\/2017\/10\/IMG_7974-1024x683.jpg 1024w\" sizes=\"(max-width: 709px) 85vw, (max-width: 909px) 67vw, (max-width: 1362px) 62vw, 840px\" \/><\/p>\n","protected":false},"excerpt":{"rendered":"<p>Rebeca Zarza es una creativa con un sentido del dise\u00f1o muy espec\u00edfico. Todo su trabajo est\u00e1 realizado bajo la perspectiva de la filosof\u00eda slow, el slow design. Para ella los procesos deben ser m\u00e1s pausados, alejados de la pr\u00e1ctica industrial y comercial y de la l\u00f3gica productiva de consumo. &nbsp; Adem\u00e1s Rebeca busca siempre que &hellip; <a href=\"http:\/\/madeinzaragoza.es\/blog\/proceso-creativo-slow-rebeca-zarza\/\" class=\"more-link\">Continuar leyendo<span class=\"screen-reader-text\"> \u00abEl proceso creativo slow de Rebeca Zarza\u00bb<\/span><\/a><\/p>\n","protected":false},"author":36,"featured_media":16857,"comment_status":"open","ping_status":"open","sticky":false,"template":"","format":"standard","meta":{"footnotes":""},"categories":[831],"tags":[834,1073,1352,1582],"yoast_head":"<!-- This site is optimized with the Yoast SEO plugin v19.7.2 - https:\/\/yoast.com\/wordpress\/plugins\/seo\/ -->\n<title>El proceso creativo slow de Rebeca Zarza - Made in Zaragoza<\/title>\n<meta name=\"robots\" content=\"index, follow, max-snippet:-1, max-image-preview:large, max-video-preview:-1\" \/>\n<link rel=\"canonical\" href=\"http:\/\/madeinzaragoza.es\/blog\/proceso-creativo-slow-rebeca-zarza\/\" \/>\n<meta property=\"og:locale\" content=\"es_ES\" \/>\n<meta property=\"og:type\" content=\"article\" \/>\n<meta property=\"og:title\" content=\"El proceso creativo slow de Rebeca Zarza - Made in Zaragoza\" \/>\n<meta property=\"og:description\" content=\"Rebeca Zarza es una creativa con un sentido del dise\u00f1o muy espec\u00edfico. Todo su trabajo est\u00e1 realizado bajo la perspectiva de la filosof\u00eda slow, el slow design. Para ella los procesos deben ser m\u00e1s pausados, alejados de la pr\u00e1ctica industrial y comercial y de la l\u00f3gica productiva de consumo. &nbsp; Adem\u00e1s Rebeca busca siempre que &hellip; Continuar leyendo &quot;El proceso creativo slow de Rebeca Zarza&quot;\" \/>\n<meta property=\"og:url\" content=\"http:\/\/madeinzaragoza.es\/blog\/proceso-creativo-slow-rebeca-zarza\/\" \/>\n<meta property=\"og:site_name\" content=\"Made in Zaragoza\" \/>\n<meta property=\"article:publisher\" content=\"https:\/\/www.facebook.com\/madeinzaragoza.es\/\" \/>\n<meta property=\"article:author\" content=\"zarayorkers\" \/>\n<meta property=\"article:published_time\" content=\"2017-10-11T07:33:37+00:00\" \/>\n<meta property=\"og:image\" content=\"http:\/\/madeinzaragoza.es\/blog\/wp-content\/uploads\/2017\/10\/DSCF9722.jpg\" \/>\n\t<meta property=\"og:image:width\" content=\"1200\" \/>\n\t<meta property=\"og:image:height\" content=\"800\" \/>\n\t<meta property=\"og:image:type\" content=\"image\/jpeg\" \/>\n<meta name=\"author\" content=\"Sergio Sevilla\" \/>\n<meta name=\"twitter:card\" content=\"summary\" \/>\n<meta name=\"twitter:creator\" content=\"@madeinzaragoza\" \/>\n<meta name=\"twitter:site\" content=\"@madeinzaragoza\" \/>\n<meta name=\"twitter:label1\" content=\"Escrito por\" \/>\n\t<meta name=\"twitter:data1\" content=\"Sergio Sevilla\" \/>\n\t<meta name=\"twitter:label2\" content=\"Tiempo de lectura\" \/>\n\t<meta name=\"twitter:data2\" content=\"1 minuto\" \/>\n<script type=\"application\/ld+json\" class=\"yoast-schema-graph\">{\"@context\":\"https:\/\/schema.org\",\"@graph\":[{\"@type\":\"Article\",\"@id\":\"http:\/\/madeinzaragoza.es\/blog\/proceso-creativo-slow-rebeca-zarza\/#article\",\"isPartOf\":{\"@id\":\"http:\/\/madeinzaragoza.es\/blog\/proceso-creativo-slow-rebeca-zarza\/\"},\"author\":{\"name\":\"Sergio Sevilla\",\"@id\":\"http:\/\/madeinzaragoza.es\/blog\/#\/schema\/person\/fd836a8fe1177b6200bc8deffc3ad342\"},\"headline\":\"El proceso creativo slow de Rebeca Zarza\",\"datePublished\":\"2017-10-11T07:33:37+00:00\",\"dateModified\":\"2017-10-11T07:33:37+00:00\",\"mainEntityOfPage\":{\"@id\":\"http:\/\/madeinzaragoza.es\/blog\/proceso-creativo-slow-rebeca-zarza\/\"},\"wordCount\":289,\"commentCount\":0,\"publisher\":{\"@id\":\"http:\/\/madeinzaragoza.es\/blog\/#organization\"},\"keywords\":[\"Corner MIZ\",\"intervenci\u00f3n ef\u00edmera\",\"Rebeca Zarza\",\"Zarza Estudio\"],\"articleSection\":[\"CornerMIZ\"],\"inLanguage\":\"es\",\"potentialAction\":[{\"@type\":\"CommentAction\",\"name\":\"Comment\",\"target\":[\"http:\/\/madeinzaragoza.es\/blog\/proceso-creativo-slow-rebeca-zarza\/#respond\"]}]},{\"@type\":\"WebPage\",\"@id\":\"http:\/\/madeinzaragoza.es\/blog\/proceso-creativo-slow-rebeca-zarza\/\",\"url\":\"http:\/\/madeinzaragoza.es\/blog\/proceso-creativo-slow-rebeca-zarza\/\",\"name\":\"El proceso creativo slow de Rebeca Zarza - Made in Zaragoza\",\"isPartOf\":{\"@id\":\"http:\/\/madeinzaragoza.es\/blog\/#website\"},\"datePublished\":\"2017-10-11T07:33:37+00:00\",\"dateModified\":\"2017-10-11T07:33:37+00:00\",\"breadcrumb\":{\"@id\":\"http:\/\/madeinzaragoza.es\/blog\/proceso-creativo-slow-rebeca-zarza\/#breadcrumb\"},\"inLanguage\":\"es\",\"potentialAction\":[{\"@type\":\"ReadAction\",\"target\":[\"http:\/\/madeinzaragoza.es\/blog\/proceso-creativo-slow-rebeca-zarza\/\"]}]},{\"@type\":\"BreadcrumbList\",\"@id\":\"http:\/\/madeinzaragoza.es\/blog\/proceso-creativo-slow-rebeca-zarza\/#breadcrumb\",\"itemListElement\":[{\"@type\":\"ListItem\",\"position\":1,\"name\":\"Portada\",\"item\":\"http:\/\/madeinzaragoza.es\/blog\/\"},{\"@type\":\"ListItem\",\"position\":2,\"name\":\"El proceso creativo slow de Rebeca Zarza\"}]},{\"@type\":\"WebSite\",\"@id\":\"http:\/\/madeinzaragoza.es\/blog\/#website\",\"url\":\"http:\/\/madeinzaragoza.es\/blog\/\",\"name\":\"Made in Zaragoza\",\"description\":\"Blog de MadeinZGZ, Red de Econom\u00eda Creativa de Zaragoza\",\"publisher\":{\"@id\":\"http:\/\/madeinzaragoza.es\/blog\/#organization\"},\"potentialAction\":[{\"@type\":\"SearchAction\",\"target\":{\"@type\":\"EntryPoint\",\"urlTemplate\":\"http:\/\/madeinzaragoza.es\/blog\/?s={search_term_string}\"},\"query-input\":\"required name=search_term_string\"}],\"inLanguage\":\"es\"},{\"@type\":\"Organization\",\"@id\":\"http:\/\/madeinzaragoza.es\/blog\/#organization\",\"name\":\"Made In Zaragoza\",\"url\":\"http:\/\/madeinzaragoza.es\/blog\/\",\"sameAs\":[\"https:\/\/www.instagram.com\/madeinzaragoza.es\/\",\"https:\/\/www.facebook.com\/madeinzaragoza.es\/\",\"https:\/\/twitter.com\/madeinzaragoza\"],\"logo\":{\"@type\":\"ImageObject\",\"inLanguage\":\"es\",\"@id\":\"http:\/\/madeinzaragoza.es\/blog\/#\/schema\/logo\/image\/\",\"url\":\"https:\/\/madeinzaragoza.es\/blog\/wp-content\/uploads\/2022\/05\/logo.png\",\"contentUrl\":\"https:\/\/madeinzaragoza.es\/blog\/wp-content\/uploads\/2022\/05\/logo.png\",\"width\":193,\"height\":176,\"caption\":\"Made In Zaragoza\"},\"image\":{\"@id\":\"http:\/\/madeinzaragoza.es\/blog\/#\/schema\/logo\/image\/\"}},{\"@type\":\"Person\",\"@id\":\"http:\/\/madeinzaragoza.es\/blog\/#\/schema\/person\/fd836a8fe1177b6200bc8deffc3ad342\",\"name\":\"Sergio Sevilla\",\"image\":{\"@type\":\"ImageObject\",\"inLanguage\":\"es\",\"@id\":\"http:\/\/madeinzaragoza.es\/blog\/#\/schema\/person\/image\/\",\"url\":\"http:\/\/1.gravatar.com\/avatar\/4a59e3901b7e749c4e3750c4fd5d0b43?s=96&d=mm&r=g\",\"contentUrl\":\"http:\/\/1.gravatar.com\/avatar\/4a59e3901b7e749c4e3750c4fd5d0b43?s=96&d=mm&r=g\",\"caption\":\"Sergio Sevilla\"},\"description\":\"Gesti\u00f3n e Innovaci\u00f3n cultural (I+C) Mi trabajo se basa en la b\u00fasqueda de conexiones culturales en espacios de tr\u00e1nsito. Soy director y programador de proyectos culturales. He coordinado el espacio C\u00f3rner MIZ de Made in Zaragoza y, en la actualidad, me dedico a investigar, documentar y poner en valor el muralismo cer\u00e1mico de los a\u00f1os 60, 70 y 80 de Zaragoza y su relaci\u00f3n con los entornos arquitect\u00f3nicos y decorativos de la \u00e9poca. Descubre el perfil de @ZaragozaModerna en Instagram. Take a walk on the Art side.\",\"sameAs\":[\"zarayorkers\",\"@zaragozamoderna\",\"\/sergiosevillatabernero\"],\"url\":\"http:\/\/madeinzaragoza.es\/blog\/author\/sergiosevilla\/\"}]}<\/script>\n<!-- \/ Yoast SEO plugin. -->","yoast_head_json":{"title":"El proceso creativo slow de Rebeca Zarza - Made in Zaragoza","robots":{"index":"index","follow":"follow","max-snippet":"max-snippet:-1","max-image-preview":"max-image-preview:large","max-video-preview":"max-video-preview:-1"},"canonical":"http:\/\/madeinzaragoza.es\/blog\/proceso-creativo-slow-rebeca-zarza\/","og_locale":"es_ES","og_type":"article","og_title":"El proceso creativo slow de Rebeca Zarza - Made in Zaragoza","og_description":"Rebeca Zarza es una creativa con un sentido del dise\u00f1o muy espec\u00edfico. Todo su trabajo est\u00e1 realizado bajo la perspectiva de la filosof\u00eda slow, el slow design. Para ella los procesos deben ser m\u00e1s pausados, alejados de la pr\u00e1ctica industrial y comercial y de la l\u00f3gica productiva de consumo. &nbsp; Adem\u00e1s Rebeca busca siempre que &hellip; Continuar leyendo \"El proceso creativo slow de Rebeca Zarza\"","og_url":"http:\/\/madeinzaragoza.es\/blog\/proceso-creativo-slow-rebeca-zarza\/","og_site_name":"Made in Zaragoza","article_publisher":"https:\/\/www.facebook.com\/madeinzaragoza.es\/","article_author":"zarayorkers","article_published_time":"2017-10-11T07:33:37+00:00","og_image":[{"width":1200,"height":800,"url":"http:\/\/madeinzaragoza.es\/blog\/wp-content\/uploads\/2017\/10\/DSCF9722.jpg","type":"image\/jpeg"}],"author":"Sergio Sevilla","twitter_card":"summary","twitter_creator":"@madeinzaragoza","twitter_site":"@madeinzaragoza","twitter_misc":{"Escrito por":"Sergio Sevilla","Tiempo de lectura":"1 minuto"},"schema":{"@context":"https:\/\/schema.org","@graph":[{"@type":"Article","@id":"http:\/\/madeinzaragoza.es\/blog\/proceso-creativo-slow-rebeca-zarza\/#article","isPartOf":{"@id":"http:\/\/madeinzaragoza.es\/blog\/proceso-creativo-slow-rebeca-zarza\/"},"author":{"name":"Sergio Sevilla","@id":"http:\/\/madeinzaragoza.es\/blog\/#\/schema\/person\/fd836a8fe1177b6200bc8deffc3ad342"},"headline":"El proceso creativo slow de Rebeca Zarza","datePublished":"2017-10-11T07:33:37+00:00","dateModified":"2017-10-11T07:33:37+00:00","mainEntityOfPage":{"@id":"http:\/\/madeinzaragoza.es\/blog\/proceso-creativo-slow-rebeca-zarza\/"},"wordCount":289,"commentCount":0,"publisher":{"@id":"http:\/\/madeinzaragoza.es\/blog\/#organization"},"keywords":["Corner MIZ","intervenci\u00f3n ef\u00edmera","Rebeca Zarza","Zarza Estudio"],"articleSection":["CornerMIZ"],"inLanguage":"es","potentialAction":[{"@type":"CommentAction","name":"Comment","target":["http:\/\/madeinzaragoza.es\/blog\/proceso-creativo-slow-rebeca-zarza\/#respond"]}]},{"@type":"WebPage","@id":"http:\/\/madeinzaragoza.es\/blog\/proceso-creativo-slow-rebeca-zarza\/","url":"http:\/\/madeinzaragoza.es\/blog\/proceso-creativo-slow-rebeca-zarza\/","name":"El proceso creativo slow de Rebeca Zarza - Made in Zaragoza","isPartOf":{"@id":"http:\/\/madeinzaragoza.es\/blog\/#website"},"datePublished":"2017-10-11T07:33:37+00:00","dateModified":"2017-10-11T07:33:37+00:00","breadcrumb":{"@id":"http:\/\/madeinzaragoza.es\/blog\/proceso-creativo-slow-rebeca-zarza\/#breadcrumb"},"inLanguage":"es","potentialAction":[{"@type":"ReadAction","target":["http:\/\/madeinzaragoza.es\/blog\/proceso-creativo-slow-rebeca-zarza\/"]}]},{"@type":"BreadcrumbList","@id":"http:\/\/madeinzaragoza.es\/blog\/proceso-creativo-slow-rebeca-zarza\/#breadcrumb","itemListElement":[{"@type":"ListItem","position":1,"name":"Portada","item":"http:\/\/madeinzaragoza.es\/blog\/"},{"@type":"ListItem","position":2,"name":"El proceso creativo slow de Rebeca Zarza"}]},{"@type":"WebSite","@id":"http:\/\/madeinzaragoza.es\/blog\/#website","url":"http:\/\/madeinzaragoza.es\/blog\/","name":"Made in Zaragoza","description":"Blog de MadeinZGZ, Red de Econom\u00eda Creativa de Zaragoza","publisher":{"@id":"http:\/\/madeinzaragoza.es\/blog\/#organization"},"potentialAction":[{"@type":"SearchAction","target":{"@type":"EntryPoint","urlTemplate":"http:\/\/madeinzaragoza.es\/blog\/?s={search_term_string}"},"query-input":"required name=search_term_string"}],"inLanguage":"es"},{"@type":"Organization","@id":"http:\/\/madeinzaragoza.es\/blog\/#organization","name":"Made In Zaragoza","url":"http:\/\/madeinzaragoza.es\/blog\/","sameAs":["https:\/\/www.instagram.com\/madeinzaragoza.es\/","https:\/\/www.facebook.com\/madeinzaragoza.es\/","https:\/\/twitter.com\/madeinzaragoza"],"logo":{"@type":"ImageObject","inLanguage":"es","@id":"http:\/\/madeinzaragoza.es\/blog\/#\/schema\/logo\/image\/","url":"https:\/\/madeinzaragoza.es\/blog\/wp-content\/uploads\/2022\/05\/logo.png","contentUrl":"https:\/\/madeinzaragoza.es\/blog\/wp-content\/uploads\/2022\/05\/logo.png","width":193,"height":176,"caption":"Made In Zaragoza"},"image":{"@id":"http:\/\/madeinzaragoza.es\/blog\/#\/schema\/logo\/image\/"}},{"@type":"Person","@id":"http:\/\/madeinzaragoza.es\/blog\/#\/schema\/person\/fd836a8fe1177b6200bc8deffc3ad342","name":"Sergio Sevilla","image":{"@type":"ImageObject","inLanguage":"es","@id":"http:\/\/madeinzaragoza.es\/blog\/#\/schema\/person\/image\/","url":"http:\/\/1.gravatar.com\/avatar\/4a59e3901b7e749c4e3750c4fd5d0b43?s=96&d=mm&r=g","contentUrl":"http:\/\/1.gravatar.com\/avatar\/4a59e3901b7e749c4e3750c4fd5d0b43?s=96&d=mm&r=g","caption":"Sergio Sevilla"},"description":"Gesti\u00f3n e Innovaci\u00f3n cultural (I+C) Mi trabajo se basa en la b\u00fasqueda de conexiones culturales en espacios de tr\u00e1nsito. Soy director y programador de proyectos culturales. He coordinado el espacio C\u00f3rner MIZ de Made in Zaragoza y, en la actualidad, me dedico a investigar, documentar y poner en valor el muralismo cer\u00e1mico de los a\u00f1os 60, 70 y 80 de Zaragoza y su relaci\u00f3n con los entornos arquitect\u00f3nicos y decorativos de la \u00e9poca. Descubre el perfil de @ZaragozaModerna en Instagram. Take a walk on the Art side.","sameAs":["zarayorkers","@zaragozamoderna","\/sergiosevillatabernero"],"url":"http:\/\/madeinzaragoza.es\/blog\/author\/sergiosevilla\/"}]}},"_links":{"self":[{"href":"http:\/\/madeinzaragoza.es\/blog\/wp-json\/wp\/v2\/posts\/16855"}],"collection":[{"href":"http:\/\/madeinzaragoza.es\/blog\/wp-json\/wp\/v2\/posts"}],"about":[{"href":"http:\/\/madeinzaragoza.es\/blog\/wp-json\/wp\/v2\/types\/post"}],"author":[{"embeddable":true,"href":"http:\/\/madeinzaragoza.es\/blog\/wp-json\/wp\/v2\/users\/36"}],"replies":[{"embeddable":true,"href":"http:\/\/madeinzaragoza.es\/blog\/wp-json\/wp\/v2\/comments?post=16855"}],"version-history":[{"count":5,"href":"http:\/\/madeinzaragoza.es\/blog\/wp-json\/wp\/v2\/posts\/16855\/revisions"}],"predecessor-version":[{"id":16923,"href":"http:\/\/madeinzaragoza.es\/blog\/wp-json\/wp\/v2\/posts\/16855\/revisions\/16923"}],"wp:featuredmedia":[{"embeddable":true,"href":"http:\/\/madeinzaragoza.es\/blog\/wp-json\/wp\/v2\/media\/16857"}],"wp:attachment":[{"href":"http:\/\/madeinzaragoza.es\/blog\/wp-json\/wp\/v2\/media?parent=16855"}],"wp:term":[{"taxonomy":"category","embeddable":true,"href":"http:\/\/madeinzaragoza.es\/blog\/wp-json\/wp\/v2\/categories?post=16855"},{"taxonomy":"post_tag","embeddable":true,"href":"http:\/\/madeinzaragoza.es\/blog\/wp-json\/wp\/v2\/tags?post=16855"}],"curies":[{"name":"wp","href":"https:\/\/api.w.org\/{rel}","templated":true}]}}