{"id":16723,"date":"2017-09-26T18:05:20","date_gmt":"2017-09-26T17:05:20","guid":{"rendered":"http:\/\/madeinzaragoza.es\/blog\/?p=16723"},"modified":"2017-09-26T18:05:20","modified_gmt":"2017-09-26T17:05:20","slug":"rebeca-zarza-corner-miz","status":"publish","type":"post","link":"http:\/\/madeinzaragoza.es\/blog\/rebeca-zarza-corner-miz\/","title":{"rendered":"Rebeca Zarza en C\u00f3rner MIZ"},"content":{"rendered":"<p>DES<\/p>\n<p>PA<\/p>\n<p>CIO<\/p>\n<p>Punto de encuentro.<\/p>\n<p>&nbsp;<\/p>\n<p>Este es el t\u00edtulo de la obra que Rebeca Zarza ha realizado en el espacio C\u00f3rner MIZ de Zaragoza Activa. Una colorista intervenci\u00f3n muy rica en matices y llena de simbolog\u00eda. La obra est\u00e1 realizada bajo las caracter\u00edsticas habituales de su universo personal: objetos recuperados, patrones, papel pintado, elementos naturales, m\u00faltiples referencias, s\u00edmbolos y color, mucho color. Vamos por partes viendo las diferentes partes que la componen.<\/p>\n<p>&nbsp;<\/p>\n<p>La intervenci\u00f3n est\u00e1 dividida en dos partes, la primera de ellas situada en el arco de ladrillo est\u00e1 realizada con papel pintado impreso con el dise\u00f1o que Rebeca ha creado de forma espec\u00edfica para este espacio. Casi todo el espacio est\u00e1 cubierto por un gran campo de color negro con m\u00faltiples elementos de color sobrepuestos que se van repitiendo en una suerte de patr\u00f3n. Muchos de estos elementos est\u00e1n recuperados o extra\u00eddos del propio edificio que lo acoge, la Azucarera que dio origen a este lugar rehabilitado. Este es el caso de una especie de ajedrezado que utiliza en varias ocasiones y que provienen del patr\u00f3n decorativo que podemos encontrar en la arquitectura del edificio, en concreto en la decoraci\u00f3n de las chimeneas exteriores. Rebeca recupera as\u00ed un elemento decorativo del pasado, del edificio original y lo trae al presente para integrarlo en su obra.<\/p>\n<p>&nbsp;<\/p>\n<p><img loading=\"lazy\" decoding=\"async\" class=\"aligncenter size-full wp-image-16724\" src=\"http:\/\/madeinzaragoza.es\/blog\/wp-content\/uploads\/2017\/09\/1.jpg\" alt=\"\" width=\"1200\" height=\"800\" srcset=\"http:\/\/madeinzaragoza.es\/blog\/wp-content\/uploads\/2017\/09\/1.jpg 1200w, http:\/\/madeinzaragoza.es\/blog\/wp-content\/uploads\/2017\/09\/1-300x200.jpg 300w, http:\/\/madeinzaragoza.es\/blog\/wp-content\/uploads\/2017\/09\/1-768x512.jpg 768w, http:\/\/madeinzaragoza.es\/blog\/wp-content\/uploads\/2017\/09\/1-1024x683.jpg 1024w\" sizes=\"(max-width: 709px) 85vw, (max-width: 909px) 67vw, (max-width: 1362px) 62vw, 840px\" \/><\/p>\n<p><img loading=\"lazy\" decoding=\"async\" class=\"aligncenter size-full wp-image-16726\" src=\"http:\/\/madeinzaragoza.es\/blog\/wp-content\/uploads\/2017\/09\/3.jpg\" alt=\"\" width=\"1200\" height=\"900\" srcset=\"http:\/\/madeinzaragoza.es\/blog\/wp-content\/uploads\/2017\/09\/3.jpg 1200w, http:\/\/madeinzaragoza.es\/blog\/wp-content\/uploads\/2017\/09\/3-300x225.jpg 300w, http:\/\/madeinzaragoza.es\/blog\/wp-content\/uploads\/2017\/09\/3-768x576.jpg 768w, http:\/\/madeinzaragoza.es\/blog\/wp-content\/uploads\/2017\/09\/3-1024x768.jpg 1024w\" sizes=\"(max-width: 709px) 85vw, (max-width: 909px) 67vw, (max-width: 1362px) 62vw, 840px\" \/><\/p>\n<p>En el centro del arco ha situado una puerta que se abre a otro espacio, introduciendo as\u00ed un espacio de tr\u00e1nsito ilusorio en otro espacio de tr\u00e1nsito real. Una puerta que da acceso a una nueva estancia realizando una met\u00e1fora con el propio edificio de la <strong>Azucarera<\/strong>. En esta puerta vemos una escalera, s\u00edmbolo del conocimiento, y en lo alto una planta, una <strong>remolacha<\/strong> que de nuevo hace referencia al origen del espacio y su uso industrial. En primer plano, delante de esta composici\u00f3n, Rebeca ha dispuesto dos sillas recuperadas y tapizadas con un textil que lleva un dise\u00f1o de la propia artista. Dos sillas reales para poder descansar, para habitar este espacio, para hacerlo m\u00e1s c\u00f3modo para el usuario; ese usuario que pasa horas y horas durante el d\u00eda all\u00ed en Zaragoza Activa.<\/p>\n<p>&nbsp;<\/p>\n<p><img loading=\"lazy\" decoding=\"async\" class=\"aligncenter size-full wp-image-16727\" src=\"http:\/\/madeinzaragoza.es\/blog\/wp-content\/uploads\/2017\/09\/5.jpg\" alt=\"\" width=\"1200\" height=\"900\" srcset=\"http:\/\/madeinzaragoza.es\/blog\/wp-content\/uploads\/2017\/09\/5.jpg 1200w, http:\/\/madeinzaragoza.es\/blog\/wp-content\/uploads\/2017\/09\/5-300x225.jpg 300w, http:\/\/madeinzaragoza.es\/blog\/wp-content\/uploads\/2017\/09\/5-768x576.jpg 768w, http:\/\/madeinzaragoza.es\/blog\/wp-content\/uploads\/2017\/09\/5-1024x768.jpg 1024w\" sizes=\"(max-width: 709px) 85vw, (max-width: 909px) 67vw, (max-width: 1362px) 62vw, 840px\" \/> <img loading=\"lazy\" decoding=\"async\" class=\"aligncenter size-full wp-image-16725\" src=\"http:\/\/madeinzaragoza.es\/blog\/wp-content\/uploads\/2017\/09\/2.jpg\" alt=\"\" width=\"1200\" height=\"900\" srcset=\"http:\/\/madeinzaragoza.es\/blog\/wp-content\/uploads\/2017\/09\/2.jpg 1200w, http:\/\/madeinzaragoza.es\/blog\/wp-content\/uploads\/2017\/09\/2-300x225.jpg 300w, http:\/\/madeinzaragoza.es\/blog\/wp-content\/uploads\/2017\/09\/2-768x576.jpg 768w, http:\/\/madeinzaragoza.es\/blog\/wp-content\/uploads\/2017\/09\/2-1024x768.jpg 1024w\" sizes=\"(max-width: 709px) 85vw, (max-width: 909px) 67vw, (max-width: 1362px) 62vw, 840px\" \/><\/p>\n<p>En la otra parte de la obra, Rebeca ha realizado un dise\u00f1o basado en un patr\u00f3n construido a partir de un elemento m\u00ednimo, un <strong>terr\u00f3n de az\u00facar<\/strong>. De nuevo, Rebeca nos habla del origen del espacio, del elemento b\u00e1sico que se produc\u00eda: az\u00facar. Ella toma el terr\u00f3n c\u00fabico como el elemento a partir del que construir una especie de patr\u00f3n que va ocupando todo el espacio. Lo usa como una especie de <strong>p\u00edxel<\/strong>, igual que hab\u00eda hecho con el ajedrezado decorativo al que antes alud\u00edamos.<\/p>\n<p>Sobre el fondo negro va dibujando con az\u00facar y pintura su composici\u00f3n, un dise\u00f1o que nos recuerda tambi\u00e9n a la representaci\u00f3n gr\u00e1fica del propio espacio (o de un espacio f\u00edsico) visto en planta. Es como una especie de plano arquitect\u00f3nico realizado con az\u00facar donde se van delimitando diferentes estancias -las de la Azucarera- y donde podemos apreciar tambi\u00e9n la presencia de algunas personas (o de su representaci\u00f3n gr\u00e1fica de az\u00facar) pululando por los espacios.<\/p>\n<p><img loading=\"lazy\" decoding=\"async\" class=\"aligncenter size-full wp-image-16728\" src=\"http:\/\/madeinzaragoza.es\/blog\/wp-content\/uploads\/2017\/09\/6.jpg\" alt=\"\" width=\"1200\" height=\"900\" srcset=\"http:\/\/madeinzaragoza.es\/blog\/wp-content\/uploads\/2017\/09\/6.jpg 1200w, http:\/\/madeinzaragoza.es\/blog\/wp-content\/uploads\/2017\/09\/6-300x225.jpg 300w, http:\/\/madeinzaragoza.es\/blog\/wp-content\/uploads\/2017\/09\/6-768x576.jpg 768w, http:\/\/madeinzaragoza.es\/blog\/wp-content\/uploads\/2017\/09\/6-1024x768.jpg 1024w\" sizes=\"(max-width: 709px) 85vw, (max-width: 909px) 67vw, (max-width: 1362px) 62vw, 840px\" \/><\/p>\n<p>La obra que Rebeca Zarza ha creado de forma espec\u00edfica para el C\u00f3rner MIZ es una obra muy rica en significados que enlaza el pasado y el presente en un mismo lugar. Las referencias al pasado del edificio original son constantes y a partir de ellas construye un discurso muy s\u00f3lido y lleno de met\u00e1foras. Rebeca Zarza ha creado un punto convergente en un espacio mutante, reinventado y reescrito como es el antiguo edificio de la Azucarera. Transforma C\u00f3rner MIZ en una ventana por la que observar como la arquitectura, la naturaleza y el ser humano conviven y se mezclan en el mismo espacio. Pasado, presente y futuro dan voz a un edificio que tiene mucho que contar.<\/p>\n<p><img loading=\"lazy\" decoding=\"async\" class=\"aligncenter size-full wp-image-16732\" src=\"http:\/\/madeinzaragoza.es\/blog\/wp-content\/uploads\/2017\/09\/8.jpg\" alt=\"\" width=\"1200\" height=\"900\" srcset=\"http:\/\/madeinzaragoza.es\/blog\/wp-content\/uploads\/2017\/09\/8.jpg 1200w, http:\/\/madeinzaragoza.es\/blog\/wp-content\/uploads\/2017\/09\/8-300x225.jpg 300w, http:\/\/madeinzaragoza.es\/blog\/wp-content\/uploads\/2017\/09\/8-768x576.jpg 768w, http:\/\/madeinzaragoza.es\/blog\/wp-content\/uploads\/2017\/09\/8-1024x768.jpg 1024w\" sizes=\"(max-width: 709px) 85vw, (max-width: 909px) 67vw, (max-width: 1362px) 62vw, 840px\" \/> <img loading=\"lazy\" decoding=\"async\" class=\"aligncenter size-full wp-image-16733\" src=\"http:\/\/madeinzaragoza.es\/blog\/wp-content\/uploads\/2017\/09\/9.jpg\" alt=\"\" width=\"1200\" height=\"900\" srcset=\"http:\/\/madeinzaragoza.es\/blog\/wp-content\/uploads\/2017\/09\/9.jpg 1200w, http:\/\/madeinzaragoza.es\/blog\/wp-content\/uploads\/2017\/09\/9-300x225.jpg 300w, http:\/\/madeinzaragoza.es\/blog\/wp-content\/uploads\/2017\/09\/9-768x576.jpg 768w, http:\/\/madeinzaragoza.es\/blog\/wp-content\/uploads\/2017\/09\/9-1024x768.jpg 1024w\" sizes=\"(max-width: 709px) 85vw, (max-width: 909px) 67vw, (max-width: 1362px) 62vw, 840px\" \/><\/p>\n<p>&nbsp;<\/p>\n<p>&nbsp;<\/p>\n","protected":false},"excerpt":{"rendered":"<p>DES PA CIO Punto de encuentro. &nbsp; Este es el t\u00edtulo de la obra que Rebeca Zarza ha realizado en el espacio C\u00f3rner MIZ de Zaragoza Activa. Una colorista intervenci\u00f3n muy rica en matices y llena de simbolog\u00eda. La obra est\u00e1 realizada bajo las caracter\u00edsticas habituales de su universo personal: objetos recuperados, patrones, papel pintado, &hellip; <a href=\"http:\/\/madeinzaragoza.es\/blog\/rebeca-zarza-corner-miz\/\" class=\"more-link\">Continuar leyendo<span class=\"screen-reader-text\"> \u00abRebeca Zarza en C\u00f3rner MIZ\u00bb<\/span><\/a><\/p>\n","protected":false},"author":36,"featured_media":16729,"comment_status":"open","ping_status":"open","sticky":false,"template":"","format":"standard","meta":{"footnotes":""},"categories":[831],"tags":[],"yoast_head":"<!-- This site is optimized with the Yoast SEO plugin v19.7.2 - https:\/\/yoast.com\/wordpress\/plugins\/seo\/ -->\n<title>Rebeca Zarza en C\u00f3rner MIZ - Made in Zaragoza<\/title>\n<meta name=\"robots\" content=\"index, follow, max-snippet:-1, max-image-preview:large, max-video-preview:-1\" \/>\n<link rel=\"canonical\" href=\"http:\/\/madeinzaragoza.es\/blog\/rebeca-zarza-corner-miz\/\" \/>\n<meta property=\"og:locale\" content=\"es_ES\" \/>\n<meta property=\"og:type\" content=\"article\" \/>\n<meta property=\"og:title\" content=\"Rebeca Zarza en C\u00f3rner MIZ - Made in Zaragoza\" \/>\n<meta property=\"og:description\" content=\"DES PA CIO Punto de encuentro. &nbsp; Este es el t\u00edtulo de la obra que Rebeca Zarza ha realizado en el espacio C\u00f3rner MIZ de Zaragoza Activa. Una colorista intervenci\u00f3n muy rica en matices y llena de simbolog\u00eda. La obra est\u00e1 realizada bajo las caracter\u00edsticas habituales de su universo personal: objetos recuperados, patrones, papel pintado, &hellip; Continuar leyendo &quot;Rebeca Zarza en C\u00f3rner MIZ&quot;\" \/>\n<meta property=\"og:url\" content=\"http:\/\/madeinzaragoza.es\/blog\/rebeca-zarza-corner-miz\/\" \/>\n<meta property=\"og:site_name\" content=\"Made in Zaragoza\" \/>\n<meta property=\"article:publisher\" content=\"https:\/\/www.facebook.com\/madeinzaragoza.es\/\" \/>\n<meta property=\"article:author\" content=\"zarayorkers\" \/>\n<meta property=\"article:published_time\" content=\"2017-09-26T17:05:20+00:00\" \/>\n<meta property=\"og:image\" content=\"http:\/\/madeinzaragoza.es\/blog\/wp-content\/uploads\/2017\/09\/7.jpg\" \/>\n\t<meta property=\"og:image:width\" content=\"1200\" \/>\n\t<meta property=\"og:image:height\" content=\"778\" \/>\n\t<meta property=\"og:image:type\" content=\"image\/jpeg\" \/>\n<meta name=\"author\" content=\"Sergio Sevilla\" \/>\n<meta name=\"twitter:card\" content=\"summary\" \/>\n<meta name=\"twitter:creator\" content=\"@madeinzaragoza\" \/>\n<meta name=\"twitter:site\" content=\"@madeinzaragoza\" \/>\n<meta name=\"twitter:label1\" content=\"Escrito por\" \/>\n\t<meta name=\"twitter:data1\" content=\"Sergio Sevilla\" \/>\n\t<meta name=\"twitter:label2\" content=\"Tiempo de lectura\" \/>\n\t<meta name=\"twitter:data2\" content=\"3 minutos\" \/>\n<script type=\"application\/ld+json\" class=\"yoast-schema-graph\">{\"@context\":\"https:\/\/schema.org\",\"@graph\":[{\"@type\":\"Article\",\"@id\":\"http:\/\/madeinzaragoza.es\/blog\/rebeca-zarza-corner-miz\/#article\",\"isPartOf\":{\"@id\":\"http:\/\/madeinzaragoza.es\/blog\/rebeca-zarza-corner-miz\/\"},\"author\":{\"name\":\"Sergio Sevilla\",\"@id\":\"http:\/\/madeinzaragoza.es\/blog\/#\/schema\/person\/fd836a8fe1177b6200bc8deffc3ad342\"},\"headline\":\"Rebeca Zarza en C\u00f3rner MIZ\",\"datePublished\":\"2017-09-26T17:05:20+00:00\",\"dateModified\":\"2017-09-26T17:05:20+00:00\",\"mainEntityOfPage\":{\"@id\":\"http:\/\/madeinzaragoza.es\/blog\/rebeca-zarza-corner-miz\/\"},\"wordCount\":698,\"commentCount\":0,\"publisher\":{\"@id\":\"http:\/\/madeinzaragoza.es\/blog\/#organization\"},\"articleSection\":[\"CornerMIZ\"],\"inLanguage\":\"es\",\"potentialAction\":[{\"@type\":\"CommentAction\",\"name\":\"Comment\",\"target\":[\"http:\/\/madeinzaragoza.es\/blog\/rebeca-zarza-corner-miz\/#respond\"]}]},{\"@type\":\"WebPage\",\"@id\":\"http:\/\/madeinzaragoza.es\/blog\/rebeca-zarza-corner-miz\/\",\"url\":\"http:\/\/madeinzaragoza.es\/blog\/rebeca-zarza-corner-miz\/\",\"name\":\"Rebeca Zarza en C\u00f3rner MIZ - Made in Zaragoza\",\"isPartOf\":{\"@id\":\"http:\/\/madeinzaragoza.es\/blog\/#website\"},\"datePublished\":\"2017-09-26T17:05:20+00:00\",\"dateModified\":\"2017-09-26T17:05:20+00:00\",\"breadcrumb\":{\"@id\":\"http:\/\/madeinzaragoza.es\/blog\/rebeca-zarza-corner-miz\/#breadcrumb\"},\"inLanguage\":\"es\",\"potentialAction\":[{\"@type\":\"ReadAction\",\"target\":[\"http:\/\/madeinzaragoza.es\/blog\/rebeca-zarza-corner-miz\/\"]}]},{\"@type\":\"BreadcrumbList\",\"@id\":\"http:\/\/madeinzaragoza.es\/blog\/rebeca-zarza-corner-miz\/#breadcrumb\",\"itemListElement\":[{\"@type\":\"ListItem\",\"position\":1,\"name\":\"Portada\",\"item\":\"http:\/\/madeinzaragoza.es\/blog\/\"},{\"@type\":\"ListItem\",\"position\":2,\"name\":\"Rebeca Zarza en C\u00f3rner MIZ\"}]},{\"@type\":\"WebSite\",\"@id\":\"http:\/\/madeinzaragoza.es\/blog\/#website\",\"url\":\"http:\/\/madeinzaragoza.es\/blog\/\",\"name\":\"Made in Zaragoza\",\"description\":\"Blog de MadeinZGZ, Red de Econom\u00eda Creativa de Zaragoza\",\"publisher\":{\"@id\":\"http:\/\/madeinzaragoza.es\/blog\/#organization\"},\"potentialAction\":[{\"@type\":\"SearchAction\",\"target\":{\"@type\":\"EntryPoint\",\"urlTemplate\":\"http:\/\/madeinzaragoza.es\/blog\/?s={search_term_string}\"},\"query-input\":\"required name=search_term_string\"}],\"inLanguage\":\"es\"},{\"@type\":\"Organization\",\"@id\":\"http:\/\/madeinzaragoza.es\/blog\/#organization\",\"name\":\"Made In Zaragoza\",\"url\":\"http:\/\/madeinzaragoza.es\/blog\/\",\"sameAs\":[\"https:\/\/www.instagram.com\/madeinzaragoza.es\/\",\"https:\/\/www.facebook.com\/madeinzaragoza.es\/\",\"https:\/\/twitter.com\/madeinzaragoza\"],\"logo\":{\"@type\":\"ImageObject\",\"inLanguage\":\"es\",\"@id\":\"http:\/\/madeinzaragoza.es\/blog\/#\/schema\/logo\/image\/\",\"url\":\"https:\/\/madeinzaragoza.es\/blog\/wp-content\/uploads\/2022\/05\/logo.png\",\"contentUrl\":\"https:\/\/madeinzaragoza.es\/blog\/wp-content\/uploads\/2022\/05\/logo.png\",\"width\":193,\"height\":176,\"caption\":\"Made In Zaragoza\"},\"image\":{\"@id\":\"http:\/\/madeinzaragoza.es\/blog\/#\/schema\/logo\/image\/\"}},{\"@type\":\"Person\",\"@id\":\"http:\/\/madeinzaragoza.es\/blog\/#\/schema\/person\/fd836a8fe1177b6200bc8deffc3ad342\",\"name\":\"Sergio Sevilla\",\"image\":{\"@type\":\"ImageObject\",\"inLanguage\":\"es\",\"@id\":\"http:\/\/madeinzaragoza.es\/blog\/#\/schema\/person\/image\/\",\"url\":\"http:\/\/1.gravatar.com\/avatar\/4a59e3901b7e749c4e3750c4fd5d0b43?s=96&d=mm&r=g\",\"contentUrl\":\"http:\/\/1.gravatar.com\/avatar\/4a59e3901b7e749c4e3750c4fd5d0b43?s=96&d=mm&r=g\",\"caption\":\"Sergio Sevilla\"},\"description\":\"Gesti\u00f3n e Innovaci\u00f3n cultural (I+C) Mi trabajo se basa en la b\u00fasqueda de conexiones culturales en espacios de tr\u00e1nsito. Soy director y programador de proyectos culturales. He coordinado el espacio C\u00f3rner MIZ de Made in Zaragoza y, en la actualidad, me dedico a investigar, documentar y poner en valor el muralismo cer\u00e1mico de los a\u00f1os 60, 70 y 80 de Zaragoza y su relaci\u00f3n con los entornos arquitect\u00f3nicos y decorativos de la \u00e9poca. Descubre el perfil de @ZaragozaModerna en Instagram. Take a walk on the Art side.\",\"sameAs\":[\"zarayorkers\",\"@zaragozamoderna\",\"\/sergiosevillatabernero\"],\"url\":\"http:\/\/madeinzaragoza.es\/blog\/author\/sergiosevilla\/\"}]}<\/script>\n<!-- \/ Yoast SEO plugin. -->","yoast_head_json":{"title":"Rebeca Zarza en C\u00f3rner MIZ - Made in Zaragoza","robots":{"index":"index","follow":"follow","max-snippet":"max-snippet:-1","max-image-preview":"max-image-preview:large","max-video-preview":"max-video-preview:-1"},"canonical":"http:\/\/madeinzaragoza.es\/blog\/rebeca-zarza-corner-miz\/","og_locale":"es_ES","og_type":"article","og_title":"Rebeca Zarza en C\u00f3rner MIZ - Made in Zaragoza","og_description":"DES PA CIO Punto de encuentro. &nbsp; Este es el t\u00edtulo de la obra que Rebeca Zarza ha realizado en el espacio C\u00f3rner MIZ de Zaragoza Activa. Una colorista intervenci\u00f3n muy rica en matices y llena de simbolog\u00eda. La obra est\u00e1 realizada bajo las caracter\u00edsticas habituales de su universo personal: objetos recuperados, patrones, papel pintado, &hellip; Continuar leyendo \"Rebeca Zarza en C\u00f3rner MIZ\"","og_url":"http:\/\/madeinzaragoza.es\/blog\/rebeca-zarza-corner-miz\/","og_site_name":"Made in Zaragoza","article_publisher":"https:\/\/www.facebook.com\/madeinzaragoza.es\/","article_author":"zarayorkers","article_published_time":"2017-09-26T17:05:20+00:00","og_image":[{"width":1200,"height":778,"url":"http:\/\/madeinzaragoza.es\/blog\/wp-content\/uploads\/2017\/09\/7.jpg","type":"image\/jpeg"}],"author":"Sergio Sevilla","twitter_card":"summary","twitter_creator":"@madeinzaragoza","twitter_site":"@madeinzaragoza","twitter_misc":{"Escrito por":"Sergio Sevilla","Tiempo de lectura":"3 minutos"},"schema":{"@context":"https:\/\/schema.org","@graph":[{"@type":"Article","@id":"http:\/\/madeinzaragoza.es\/blog\/rebeca-zarza-corner-miz\/#article","isPartOf":{"@id":"http:\/\/madeinzaragoza.es\/blog\/rebeca-zarza-corner-miz\/"},"author":{"name":"Sergio Sevilla","@id":"http:\/\/madeinzaragoza.es\/blog\/#\/schema\/person\/fd836a8fe1177b6200bc8deffc3ad342"},"headline":"Rebeca Zarza en C\u00f3rner MIZ","datePublished":"2017-09-26T17:05:20+00:00","dateModified":"2017-09-26T17:05:20+00:00","mainEntityOfPage":{"@id":"http:\/\/madeinzaragoza.es\/blog\/rebeca-zarza-corner-miz\/"},"wordCount":698,"commentCount":0,"publisher":{"@id":"http:\/\/madeinzaragoza.es\/blog\/#organization"},"articleSection":["CornerMIZ"],"inLanguage":"es","potentialAction":[{"@type":"CommentAction","name":"Comment","target":["http:\/\/madeinzaragoza.es\/blog\/rebeca-zarza-corner-miz\/#respond"]}]},{"@type":"WebPage","@id":"http:\/\/madeinzaragoza.es\/blog\/rebeca-zarza-corner-miz\/","url":"http:\/\/madeinzaragoza.es\/blog\/rebeca-zarza-corner-miz\/","name":"Rebeca Zarza en C\u00f3rner MIZ - Made in Zaragoza","isPartOf":{"@id":"http:\/\/madeinzaragoza.es\/blog\/#website"},"datePublished":"2017-09-26T17:05:20+00:00","dateModified":"2017-09-26T17:05:20+00:00","breadcrumb":{"@id":"http:\/\/madeinzaragoza.es\/blog\/rebeca-zarza-corner-miz\/#breadcrumb"},"inLanguage":"es","potentialAction":[{"@type":"ReadAction","target":["http:\/\/madeinzaragoza.es\/blog\/rebeca-zarza-corner-miz\/"]}]},{"@type":"BreadcrumbList","@id":"http:\/\/madeinzaragoza.es\/blog\/rebeca-zarza-corner-miz\/#breadcrumb","itemListElement":[{"@type":"ListItem","position":1,"name":"Portada","item":"http:\/\/madeinzaragoza.es\/blog\/"},{"@type":"ListItem","position":2,"name":"Rebeca Zarza en C\u00f3rner MIZ"}]},{"@type":"WebSite","@id":"http:\/\/madeinzaragoza.es\/blog\/#website","url":"http:\/\/madeinzaragoza.es\/blog\/","name":"Made in Zaragoza","description":"Blog de MadeinZGZ, Red de Econom\u00eda Creativa de Zaragoza","publisher":{"@id":"http:\/\/madeinzaragoza.es\/blog\/#organization"},"potentialAction":[{"@type":"SearchAction","target":{"@type":"EntryPoint","urlTemplate":"http:\/\/madeinzaragoza.es\/blog\/?s={search_term_string}"},"query-input":"required name=search_term_string"}],"inLanguage":"es"},{"@type":"Organization","@id":"http:\/\/madeinzaragoza.es\/blog\/#organization","name":"Made In Zaragoza","url":"http:\/\/madeinzaragoza.es\/blog\/","sameAs":["https:\/\/www.instagram.com\/madeinzaragoza.es\/","https:\/\/www.facebook.com\/madeinzaragoza.es\/","https:\/\/twitter.com\/madeinzaragoza"],"logo":{"@type":"ImageObject","inLanguage":"es","@id":"http:\/\/madeinzaragoza.es\/blog\/#\/schema\/logo\/image\/","url":"https:\/\/madeinzaragoza.es\/blog\/wp-content\/uploads\/2022\/05\/logo.png","contentUrl":"https:\/\/madeinzaragoza.es\/blog\/wp-content\/uploads\/2022\/05\/logo.png","width":193,"height":176,"caption":"Made In Zaragoza"},"image":{"@id":"http:\/\/madeinzaragoza.es\/blog\/#\/schema\/logo\/image\/"}},{"@type":"Person","@id":"http:\/\/madeinzaragoza.es\/blog\/#\/schema\/person\/fd836a8fe1177b6200bc8deffc3ad342","name":"Sergio Sevilla","image":{"@type":"ImageObject","inLanguage":"es","@id":"http:\/\/madeinzaragoza.es\/blog\/#\/schema\/person\/image\/","url":"http:\/\/1.gravatar.com\/avatar\/4a59e3901b7e749c4e3750c4fd5d0b43?s=96&d=mm&r=g","contentUrl":"http:\/\/1.gravatar.com\/avatar\/4a59e3901b7e749c4e3750c4fd5d0b43?s=96&d=mm&r=g","caption":"Sergio Sevilla"},"description":"Gesti\u00f3n e Innovaci\u00f3n cultural (I+C) Mi trabajo se basa en la b\u00fasqueda de conexiones culturales en espacios de tr\u00e1nsito. Soy director y programador de proyectos culturales. He coordinado el espacio C\u00f3rner MIZ de Made in Zaragoza y, en la actualidad, me dedico a investigar, documentar y poner en valor el muralismo cer\u00e1mico de los a\u00f1os 60, 70 y 80 de Zaragoza y su relaci\u00f3n con los entornos arquitect\u00f3nicos y decorativos de la \u00e9poca. Descubre el perfil de @ZaragozaModerna en Instagram. Take a walk on the Art side.","sameAs":["zarayorkers","@zaragozamoderna","\/sergiosevillatabernero"],"url":"http:\/\/madeinzaragoza.es\/blog\/author\/sergiosevilla\/"}]}},"_links":{"self":[{"href":"http:\/\/madeinzaragoza.es\/blog\/wp-json\/wp\/v2\/posts\/16723"}],"collection":[{"href":"http:\/\/madeinzaragoza.es\/blog\/wp-json\/wp\/v2\/posts"}],"about":[{"href":"http:\/\/madeinzaragoza.es\/blog\/wp-json\/wp\/v2\/types\/post"}],"author":[{"embeddable":true,"href":"http:\/\/madeinzaragoza.es\/blog\/wp-json\/wp\/v2\/users\/36"}],"replies":[{"embeddable":true,"href":"http:\/\/madeinzaragoza.es\/blog\/wp-json\/wp\/v2\/comments?post=16723"}],"version-history":[{"count":8,"href":"http:\/\/madeinzaragoza.es\/blog\/wp-json\/wp\/v2\/posts\/16723\/revisions"}],"predecessor-version":[{"id":16749,"href":"http:\/\/madeinzaragoza.es\/blog\/wp-json\/wp\/v2\/posts\/16723\/revisions\/16749"}],"wp:featuredmedia":[{"embeddable":true,"href":"http:\/\/madeinzaragoza.es\/blog\/wp-json\/wp\/v2\/media\/16729"}],"wp:attachment":[{"href":"http:\/\/madeinzaragoza.es\/blog\/wp-json\/wp\/v2\/media?parent=16723"}],"wp:term":[{"taxonomy":"category","embeddable":true,"href":"http:\/\/madeinzaragoza.es\/blog\/wp-json\/wp\/v2\/categories?post=16723"},{"taxonomy":"post_tag","embeddable":true,"href":"http:\/\/madeinzaragoza.es\/blog\/wp-json\/wp\/v2\/tags?post=16723"}],"curies":[{"name":"wp","href":"https:\/\/api.w.org\/{rel}","templated":true}]}}