{"id":16517,"date":"2017-09-10T11:10:39","date_gmt":"2017-09-10T10:10:39","guid":{"rendered":"http:\/\/madeinzaragoza.es\/blog\/?p=16517"},"modified":"2022-10-09T14:51:35","modified_gmt":"2022-10-09T13:51:35","slug":"los-disenos-patrones-graficos-rebeca-zarza","status":"publish","type":"post","link":"http:\/\/madeinzaragoza.es\/blog\/los-disenos-patrones-graficos-rebeca-zarza\/","title":{"rendered":"Los dise\u00f1os y patrones gr\u00e1ficos de Rebeca Zarza"},"content":{"rendered":"<p><a href=\"https:\/\/rebecazarza.com\" target=\"_blank\" rel=\"noopener\"><strong>Rebeca Zarza<\/strong><\/a> es una ilustradora, creativa y dise\u00f1adora gr\u00e1fica con un concepto muy especial del dise\u00f1o. Estudi\u00f3 dise\u00f1o en la Escuela Superior de Dise\u00f1o de Arag\u00f3n (ESDA) y ha sido galardonada en varias ocasiones con los premios de dise\u00f1o nacional Anuaria ORO a la mejor ilustraci\u00f3n, uno de ellos por un trabajo de dise\u00f1o y packaging realizado para una gama de infusiones de un laboratorio biol\u00f3gico.<\/p>\n<p>&nbsp;<\/p>\n<p>Su trabajo parte de la <em>filosof\u00eda slow<\/em>, el slow design y el valor de lo artesano, y eso se traduce y visibiliza en todos sus trabajos. Sus ilustraciones y dise\u00f1os depuran tranquilidad, son minuciosos, inspiradores y exquisitamente ricos en contenidos gr\u00e1ficos. Tras una estancia -casi inici\u00e1tica- hace tiempo en Bangkok donde descubri\u00f3 el valor del trabajo artesanal, vuelve a Espa\u00f1a decidida a instalarse por su cuenta cambiando el concepto de partida: dise\u00f1ar para las personas y no para vender m\u00e1s o conseguir m\u00e1s clientes; huir de las modas y las tendencias y dedicarse a buscar inspiraciones art\u00edsticas que realmente le motivaran. Y a partir de ah\u00ed, comienza a desarrollar sus proyectos en diferentes l\u00edneas.<\/p>\n<p>&nbsp;<\/p>\n<figure id=\"attachment_16526\" aria-describedby=\"caption-attachment-16526\" style=\"width: 1200px\" class=\"wp-caption aligncenter\"><img loading=\"lazy\" decoding=\"async\" class=\"wp-image-16526 size-full\" src=\"http:\/\/madeinzaragoza.es\/blog\/wp-content\/uploads\/2017\/09\/Zinentiendo-2017.jpg\" alt=\"\" width=\"1200\" height=\"900\" srcset=\"http:\/\/madeinzaragoza.es\/blog\/wp-content\/uploads\/2017\/09\/Zinentiendo-2017.jpg 1200w, http:\/\/madeinzaragoza.es\/blog\/wp-content\/uploads\/2017\/09\/Zinentiendo-2017-300x225.jpg 300w, http:\/\/madeinzaragoza.es\/blog\/wp-content\/uploads\/2017\/09\/Zinentiendo-2017-768x576.jpg 768w, http:\/\/madeinzaragoza.es\/blog\/wp-content\/uploads\/2017\/09\/Zinentiendo-2017-1024x768.jpg 1024w\" sizes=\"(max-width: 709px) 85vw, (max-width: 909px) 67vw, (max-width: 1362px) 62vw, 840px\" \/><figcaption id=\"caption-attachment-16526\" class=\"wp-caption-text\">Imagen gr\u00e1fica para La Muestra Internacional de cine LGTBQI Zinentiendo.<\/figcaption><\/figure>\n<p>Una gran parte de su obra est\u00e1 dedicada al <strong>dise\u00f1o<\/strong>. Seguramente habr\u00e1s visto ya en la calle varias campa\u00f1as publicitarias dise\u00f1adas por ella. En sus trabajos mezcla la ilustraci\u00f3n con el dise\u00f1o y el dise\u00f1o con la ilustraci\u00f3n. No concibe el uno sin la otra y al rev\u00e9s. Usa la ilustraci\u00f3n desde el convencimiento de que el arte es una de las formas m\u00e1s universales de comunicar. Considera que la ilustraci\u00f3n le permite experimentar para transmitir emociones o sentimientos y Rebeca Zarza lo intenta aprovechar para comunicar de una forma m\u00e1s efectiva con unos resultados visualmente muy ricos.<\/p>\n<p>&nbsp;<\/p>\n<figure id=\"attachment_16527\" aria-describedby=\"caption-attachment-16527\" style=\"width: 1200px\" class=\"wp-caption aligncenter\"><img loading=\"lazy\" decoding=\"async\" class=\"wp-image-16527 size-full\" src=\"http:\/\/madeinzaragoza.es\/blog\/wp-content\/uploads\/2017\/09\/Campa\u00f1a-cuida-tu-bus-2017.jpg\" alt=\"\" width=\"1200\" height=\"900\" srcset=\"http:\/\/madeinzaragoza.es\/blog\/wp-content\/uploads\/2017\/09\/Campa\u00f1a-cuida-tu-bus-2017.jpg 1200w, http:\/\/madeinzaragoza.es\/blog\/wp-content\/uploads\/2017\/09\/Campa\u00f1a-cuida-tu-bus-2017-300x225.jpg 300w, http:\/\/madeinzaragoza.es\/blog\/wp-content\/uploads\/2017\/09\/Campa\u00f1a-cuida-tu-bus-2017-768x576.jpg 768w, http:\/\/madeinzaragoza.es\/blog\/wp-content\/uploads\/2017\/09\/Campa\u00f1a-cuida-tu-bus-2017-1024x768.jpg 1024w\" sizes=\"(max-width: 709px) 85vw, (max-width: 909px) 67vw, (max-width: 1362px) 62vw, 840px\" \/><figcaption id=\"caption-attachment-16527\" class=\"wp-caption-text\">Dise\u00f1o e ilustraci\u00f3n para el folleto dentro de la campa\u00f1a \u201cImagina tu Bus\u201d<\/figcaption><\/figure>\n<p>Uno de sus trabajos m\u00e1s recientes es el dise\u00f1o que ha realizado para el bolet\u00edn de actividades con la programaci\u00f3n cuatrimestral (septiembre-diciembre 2017) de <a href=\"https:\/\/harinerazgz.wordpress.com\/\" target=\"_blank\" rel=\"noopener\"><strong>Harinera ZGZ<\/strong><\/a>. Un cuidado dise\u00f1o gr\u00e1fico con una sorpresa en su interior: una obra original de la artista numerada y firmada. (Corre y ve a pillar un bolet\u00edn en Harinera ZGZ ya)<\/p>\n<p>&nbsp;<\/p>\n<p><img loading=\"lazy\" decoding=\"async\" class=\"aligncenter size-full wp-image-16521\" src=\"http:\/\/madeinzaragoza.es\/blog\/wp-content\/uploads\/2017\/09\/harinera.jpg\" alt=\"\" width=\"1200\" height=\"900\" srcset=\"http:\/\/madeinzaragoza.es\/blog\/wp-content\/uploads\/2017\/09\/harinera.jpg 1200w, http:\/\/madeinzaragoza.es\/blog\/wp-content\/uploads\/2017\/09\/harinera-300x225.jpg 300w, http:\/\/madeinzaragoza.es\/blog\/wp-content\/uploads\/2017\/09\/harinera-768x576.jpg 768w, http:\/\/madeinzaragoza.es\/blog\/wp-content\/uploads\/2017\/09\/harinera-1024x768.jpg 1024w\" sizes=\"(max-width: 709px) 85vw, (max-width: 909px) 67vw, (max-width: 1362px) 62vw, 840px\" \/><\/p>\n<p>Rebeca se ha especializado en el dise\u00f1o y uso de <strong>patrones<\/strong> con motivos inspirados en la naturaleza y en las geometr\u00edas. Para ella, la naturaleza siempre es una fuente inagotable de inspiraci\u00f3n a nivel de texturas y colores. Los patrones y estampados que realiza son tan llamativos y especiales que ha llegado a trasladarlos a una gama de <strong>papeles pintados<\/strong> que ha lanzado bajo su propia marca personal.<\/p>\n<p>&nbsp;<\/p>\n<p><img loading=\"lazy\" decoding=\"async\" class=\"aligncenter size-full wp-image-16525\" src=\"http:\/\/madeinzaragoza.es\/blog\/wp-content\/uploads\/2017\/09\/papeles.jpg\" alt=\"\" width=\"1200\" height=\"692\" srcset=\"http:\/\/madeinzaragoza.es\/blog\/wp-content\/uploads\/2017\/09\/papeles.jpg 1200w, http:\/\/madeinzaragoza.es\/blog\/wp-content\/uploads\/2017\/09\/papeles-300x173.jpg 300w, http:\/\/madeinzaragoza.es\/blog\/wp-content\/uploads\/2017\/09\/papeles-768x443.jpg 768w, http:\/\/madeinzaragoza.es\/blog\/wp-content\/uploads\/2017\/09\/papeles-1024x591.jpg 1024w\" sizes=\"(max-width: 709px) 85vw, (max-width: 909px) 67vw, (max-width: 1362px) 62vw, 840px\" \/><\/p>\n<p>Adem\u00e1s de las diferentes l\u00edneas de trabajo que realiza en el mundo del\u00a0 dise\u00f1o: patrones, l\u00e1minas art\u00edsticas, papeles pintados, cuadernos de campo, packaging, carteler\u00eda, folletos, telas para tapicer\u00edas, tote bags, murales gr\u00e1ficos, dise\u00f1o de interiores y un largo etc\u00e9tera, Rebeca Zarza tambi\u00e9n ha desarrollado diferentes intervenciones urbanas. El a\u00f1o pasado particip\u00f3 en el <a href=\"http:\/\/www.festivalasalto.com\/undecimo-asalto-2016\/\" target=\"_blank\" rel=\"noopener\">Festival Asalto<\/a> inteviniendo en varias paradas del tranv\u00eda y tambi\u00e9n podemos ver trabajos de muralismo en varios comercios de la ciudad donde ha intervenido sus fachadas.<\/p>\n<p>&nbsp;<\/p>\n<figure id=\"attachment_16524\" aria-describedby=\"caption-attachment-16524\" style=\"width: 1200px\" class=\"wp-caption aligncenter\"><img loading=\"lazy\" decoding=\"async\" class=\"wp-image-16524 size-full\" src=\"http:\/\/madeinzaragoza.es\/blog\/wp-content\/uploads\/2017\/09\/asalto.jpg\" alt=\"\" width=\"1200\" height=\"475\" srcset=\"http:\/\/madeinzaragoza.es\/blog\/wp-content\/uploads\/2017\/09\/asalto.jpg 1200w, http:\/\/madeinzaragoza.es\/blog\/wp-content\/uploads\/2017\/09\/asalto-300x119.jpg 300w, http:\/\/madeinzaragoza.es\/blog\/wp-content\/uploads\/2017\/09\/asalto-768x304.jpg 768w, http:\/\/madeinzaragoza.es\/blog\/wp-content\/uploads\/2017\/09\/asalto-1024x405.jpg 1024w\" sizes=\"(max-width: 709px) 85vw, (max-width: 909px) 67vw, (max-width: 1362px) 62vw, 840px\" \/><figcaption id=\"caption-attachment-16524\" class=\"wp-caption-text\">Intervenci\u00f3n realizada por Rebeca Zarza para Parada Asalto (2016)<\/figcaption><\/figure>\n<figure id=\"attachment_16520\" aria-describedby=\"caption-attachment-16520\" style=\"width: 1200px\" class=\"wp-caption aligncenter\"><img loading=\"lazy\" decoding=\"async\" class=\"wp-image-16520 size-full\" src=\"http:\/\/madeinzaragoza.es\/blog\/wp-content\/uploads\/2017\/09\/asalto2.jpg\" alt=\"\" width=\"1200\" height=\"537\" srcset=\"http:\/\/madeinzaragoza.es\/blog\/wp-content\/uploads\/2017\/09\/asalto2.jpg 1200w, http:\/\/madeinzaragoza.es\/blog\/wp-content\/uploads\/2017\/09\/asalto2-300x134.jpg 300w, http:\/\/madeinzaragoza.es\/blog\/wp-content\/uploads\/2017\/09\/asalto2-768x344.jpg 768w, http:\/\/madeinzaragoza.es\/blog\/wp-content\/uploads\/2017\/09\/asalto2-1024x458.jpg 1024w\" sizes=\"(max-width: 709px) 85vw, (max-width: 909px) 67vw, (max-width: 1362px) 62vw, 840px\" \/><figcaption id=\"caption-attachment-16520\" class=\"wp-caption-text\">Intervenci\u00f3n realizada por Rebeca Zarza para Parada Asalto (2016)<\/figcaption><\/figure>\n<p>Y otra de las l\u00edneas de investigaci\u00f3n y trabajo que ha desarrollado Rebeca es en el campo del <strong>dise\u00f1o de moda<\/strong>, donde trabaja desde hace varios a\u00f1os junto a la dise\u00f1adora de moda granadina <strong>Pilar Dalbat<\/strong> o la marca zaragoza <strong>Pr\u00f6ko<\/strong>.<\/p>\n<p>&nbsp;<\/p>\n<figure id=\"attachment_16522\" aria-describedby=\"caption-attachment-16522\" style=\"width: 1200px\" class=\"wp-caption aligncenter\"><img loading=\"lazy\" decoding=\"async\" class=\"wp-image-16522 size-full\" src=\"http:\/\/madeinzaragoza.es\/blog\/wp-content\/uploads\/2017\/09\/01_estampado-colecci\u00f3n-landscape-Pilar-dalbat.jpg\" alt=\"\" width=\"1200\" height=\"763\" srcset=\"http:\/\/madeinzaragoza.es\/blog\/wp-content\/uploads\/2017\/09\/01_estampado-colecci\u00f3n-landscape-Pilar-dalbat.jpg 1200w, http:\/\/madeinzaragoza.es\/blog\/wp-content\/uploads\/2017\/09\/01_estampado-colecci\u00f3n-landscape-Pilar-dalbat-300x191.jpg 300w, http:\/\/madeinzaragoza.es\/blog\/wp-content\/uploads\/2017\/09\/01_estampado-colecci\u00f3n-landscape-Pilar-dalbat-768x488.jpg 768w, http:\/\/madeinzaragoza.es\/blog\/wp-content\/uploads\/2017\/09\/01_estampado-colecci\u00f3n-landscape-Pilar-dalbat-1024x651.jpg 1024w\" sizes=\"(max-width: 709px) 85vw, (max-width: 909px) 67vw, (max-width: 1362px) 62vw, 840px\" \/><figcaption id=\"caption-attachment-16522\" class=\"wp-caption-text\">Colecci\u00f3n &#8216;Landscape&#8217; de Pilar Dalbat (2014)<\/figcaption><\/figure>\n<figure id=\"attachment_16523\" aria-describedby=\"caption-attachment-16523\" style=\"width: 1200px\" class=\"wp-caption aligncenter\"><img loading=\"lazy\" decoding=\"async\" class=\"wp-image-16523 size-full\" src=\"http:\/\/madeinzaragoza.es\/blog\/wp-content\/uploads\/2017\/09\/04_coleccion-sacromonte-2018-pilar-dalbat.jpg\" alt=\"\" width=\"1200\" height=\"763\" srcset=\"http:\/\/madeinzaragoza.es\/blog\/wp-content\/uploads\/2017\/09\/04_coleccion-sacromonte-2018-pilar-dalbat.jpg 1200w, http:\/\/madeinzaragoza.es\/blog\/wp-content\/uploads\/2017\/09\/04_coleccion-sacromonte-2018-pilar-dalbat-300x191.jpg 300w, http:\/\/madeinzaragoza.es\/blog\/wp-content\/uploads\/2017\/09\/04_coleccion-sacromonte-2018-pilar-dalbat-768x488.jpg 768w, http:\/\/madeinzaragoza.es\/blog\/wp-content\/uploads\/2017\/09\/04_coleccion-sacromonte-2018-pilar-dalbat-1024x651.jpg 1024w\" sizes=\"(max-width: 709px) 85vw, (max-width: 909px) 67vw, (max-width: 1362px) 62vw, 840px\" \/><figcaption id=\"caption-attachment-16523\" class=\"wp-caption-text\">Colecci\u00f3n &#8216;Sacromonte&#8217; de Pilar Dalbat (2018)<\/figcaption><\/figure>\n<p>El resultado de su trabajo es la creaci\u00f3n de un personal universo gr\u00e1fico, cargado de referencias, patrones y motivos tanto naturales como geom\u00e9tricos donde perdernos deleit\u00e1ndonos con su belleza.<\/p>\n<p>&nbsp;<\/p>\n<p>Ahora, Rebeca Zarza llega a C\u00f3rner MIZ a realizar una intervenci\u00f3n con papeles y patrones realizando una especial ocupaci\u00f3n y reinterpretaci\u00f3n del espacio f\u00edsico. La presentaci\u00f3n de su obra se realizar\u00e1 el martes 12 de septiembre a las 19.00h en Zaragoza Activa. No lo dudes y ven a descubrir el trabajo tan especial de <strong>Rebeca Zarza<\/strong>.<\/p>\n<p>&nbsp;<\/p>\n<p><span style=\"color: #333333\"><em>Fotograf\u00eda de portada: Arrea Magazine<\/em><\/span><\/p>\n","protected":false},"excerpt":{"rendered":"<p>Rebeca Zarza es una ilustradora, creativa y dise\u00f1adora gr\u00e1fica con un concepto muy especial del dise\u00f1o. Estudi\u00f3 dise\u00f1o en la Escuela Superior de Dise\u00f1o de Arag\u00f3n (ESDA) y ha sido galardonada en varias ocasiones con los premios de dise\u00f1o nacional Anuaria ORO a la mejor ilustraci\u00f3n, uno de ellos por un trabajo de dise\u00f1o y &hellip; <a href=\"http:\/\/madeinzaragoza.es\/blog\/los-disenos-patrones-graficos-rebeca-zarza\/\" class=\"more-link\">Continuar leyendo<span class=\"screen-reader-text\"> \u00abLos dise\u00f1os y patrones gr\u00e1ficos de Rebeca Zarza\u00bb<\/span><\/a><\/p>\n","protected":false},"author":36,"featured_media":16519,"comment_status":"open","ping_status":"open","sticky":false,"template":"","format":"standard","meta":{"footnotes":""},"categories":[831],"tags":[834,945,1352,1582],"yoast_head":"<!-- This site is optimized with the Yoast SEO plugin v19.7.2 - https:\/\/yoast.com\/wordpress\/plugins\/seo\/ -->\n<title>Los dise\u00f1os y patrones gr\u00e1ficos de Rebeca Zarza - Made in Zaragoza<\/title>\n<meta name=\"robots\" content=\"index, follow, max-snippet:-1, max-image-preview:large, max-video-preview:-1\" \/>\n<link rel=\"canonical\" href=\"http:\/\/madeinzaragoza.es\/blog\/los-disenos-patrones-graficos-rebeca-zarza\/\" \/>\n<meta property=\"og:locale\" content=\"es_ES\" \/>\n<meta property=\"og:type\" content=\"article\" \/>\n<meta property=\"og:title\" content=\"Los dise\u00f1os y patrones gr\u00e1ficos de Rebeca Zarza - Made in Zaragoza\" \/>\n<meta property=\"og:description\" content=\"Rebeca Zarza es una ilustradora, creativa y dise\u00f1adora gr\u00e1fica con un concepto muy especial del dise\u00f1o. Estudi\u00f3 dise\u00f1o en la Escuela Superior de Dise\u00f1o de Arag\u00f3n (ESDA) y ha sido galardonada en varias ocasiones con los premios de dise\u00f1o nacional Anuaria ORO a la mejor ilustraci\u00f3n, uno de ellos por un trabajo de dise\u00f1o y &hellip; Continuar leyendo &quot;Los dise\u00f1os y patrones gr\u00e1ficos de Rebeca Zarza&quot;\" \/>\n<meta property=\"og:url\" content=\"http:\/\/madeinzaragoza.es\/blog\/los-disenos-patrones-graficos-rebeca-zarza\/\" \/>\n<meta property=\"og:site_name\" content=\"Made in Zaragoza\" \/>\n<meta property=\"article:publisher\" content=\"https:\/\/www.facebook.com\/madeinzaragoza.es\/\" \/>\n<meta property=\"article:author\" content=\"zarayorkers\" \/>\n<meta property=\"article:published_time\" content=\"2017-09-10T10:10:39+00:00\" \/>\n<meta property=\"article:modified_time\" content=\"2022-10-09T13:51:35+00:00\" \/>\n<meta property=\"og:image\" content=\"http:\/\/madeinzaragoza.es\/blog\/wp-content\/uploads\/2017\/09\/rebeca-zarza.jpg\" \/>\n\t<meta property=\"og:image:width\" content=\"1200\" \/>\n\t<meta property=\"og:image:height\" content=\"627\" \/>\n\t<meta property=\"og:image:type\" content=\"image\/jpeg\" \/>\n<meta name=\"author\" content=\"Sergio Sevilla\" \/>\n<meta name=\"twitter:card\" content=\"summary\" \/>\n<meta name=\"twitter:creator\" content=\"@madeinzaragoza\" \/>\n<meta name=\"twitter:site\" content=\"@madeinzaragoza\" \/>\n<meta name=\"twitter:label1\" content=\"Escrito por\" \/>\n\t<meta name=\"twitter:data1\" content=\"Sergio Sevilla\" \/>\n\t<meta name=\"twitter:label2\" content=\"Tiempo de lectura\" \/>\n\t<meta name=\"twitter:data2\" content=\"4 minutos\" \/>\n<script type=\"application\/ld+json\" class=\"yoast-schema-graph\">{\"@context\":\"https:\/\/schema.org\",\"@graph\":[{\"@type\":\"Article\",\"@id\":\"http:\/\/madeinzaragoza.es\/blog\/los-disenos-patrones-graficos-rebeca-zarza\/#article\",\"isPartOf\":{\"@id\":\"http:\/\/madeinzaragoza.es\/blog\/los-disenos-patrones-graficos-rebeca-zarza\/\"},\"author\":{\"name\":\"Sergio Sevilla\",\"@id\":\"http:\/\/madeinzaragoza.es\/blog\/#\/schema\/person\/fd836a8fe1177b6200bc8deffc3ad342\"},\"headline\":\"Los dise\u00f1os y patrones gr\u00e1ficos de Rebeca Zarza\",\"datePublished\":\"2017-09-10T10:10:39+00:00\",\"dateModified\":\"2022-10-09T13:51:35+00:00\",\"mainEntityOfPage\":{\"@id\":\"http:\/\/madeinzaragoza.es\/blog\/los-disenos-patrones-graficos-rebeca-zarza\/\"},\"wordCount\":802,\"commentCount\":0,\"publisher\":{\"@id\":\"http:\/\/madeinzaragoza.es\/blog\/#organization\"},\"keywords\":[\"Corner MIZ\",\"intervenci\u00f3n\",\"Rebeca Zarza\",\"Zarza Estudio\"],\"articleSection\":[\"CornerMIZ\"],\"inLanguage\":\"es\",\"potentialAction\":[{\"@type\":\"CommentAction\",\"name\":\"Comment\",\"target\":[\"http:\/\/madeinzaragoza.es\/blog\/los-disenos-patrones-graficos-rebeca-zarza\/#respond\"]}]},{\"@type\":\"WebPage\",\"@id\":\"http:\/\/madeinzaragoza.es\/blog\/los-disenos-patrones-graficos-rebeca-zarza\/\",\"url\":\"http:\/\/madeinzaragoza.es\/blog\/los-disenos-patrones-graficos-rebeca-zarza\/\",\"name\":\"Los dise\u00f1os y patrones gr\u00e1ficos de Rebeca Zarza - Made in Zaragoza\",\"isPartOf\":{\"@id\":\"http:\/\/madeinzaragoza.es\/blog\/#website\"},\"datePublished\":\"2017-09-10T10:10:39+00:00\",\"dateModified\":\"2022-10-09T13:51:35+00:00\",\"breadcrumb\":{\"@id\":\"http:\/\/madeinzaragoza.es\/blog\/los-disenos-patrones-graficos-rebeca-zarza\/#breadcrumb\"},\"inLanguage\":\"es\",\"potentialAction\":[{\"@type\":\"ReadAction\",\"target\":[\"http:\/\/madeinzaragoza.es\/blog\/los-disenos-patrones-graficos-rebeca-zarza\/\"]}]},{\"@type\":\"BreadcrumbList\",\"@id\":\"http:\/\/madeinzaragoza.es\/blog\/los-disenos-patrones-graficos-rebeca-zarza\/#breadcrumb\",\"itemListElement\":[{\"@type\":\"ListItem\",\"position\":1,\"name\":\"Portada\",\"item\":\"http:\/\/madeinzaragoza.es\/blog\/\"},{\"@type\":\"ListItem\",\"position\":2,\"name\":\"Los dise\u00f1os y patrones gr\u00e1ficos de Rebeca Zarza\"}]},{\"@type\":\"WebSite\",\"@id\":\"http:\/\/madeinzaragoza.es\/blog\/#website\",\"url\":\"http:\/\/madeinzaragoza.es\/blog\/\",\"name\":\"Made in Zaragoza\",\"description\":\"Blog de MadeinZGZ, Red de Econom\u00eda Creativa de Zaragoza\",\"publisher\":{\"@id\":\"http:\/\/madeinzaragoza.es\/blog\/#organization\"},\"potentialAction\":[{\"@type\":\"SearchAction\",\"target\":{\"@type\":\"EntryPoint\",\"urlTemplate\":\"http:\/\/madeinzaragoza.es\/blog\/?s={search_term_string}\"},\"query-input\":\"required name=search_term_string\"}],\"inLanguage\":\"es\"},{\"@type\":\"Organization\",\"@id\":\"http:\/\/madeinzaragoza.es\/blog\/#organization\",\"name\":\"Made In Zaragoza\",\"url\":\"http:\/\/madeinzaragoza.es\/blog\/\",\"sameAs\":[\"https:\/\/www.instagram.com\/madeinzaragoza.es\/\",\"https:\/\/www.facebook.com\/madeinzaragoza.es\/\",\"https:\/\/twitter.com\/madeinzaragoza\"],\"logo\":{\"@type\":\"ImageObject\",\"inLanguage\":\"es\",\"@id\":\"http:\/\/madeinzaragoza.es\/blog\/#\/schema\/logo\/image\/\",\"url\":\"https:\/\/madeinzaragoza.es\/blog\/wp-content\/uploads\/2022\/05\/logo.png\",\"contentUrl\":\"https:\/\/madeinzaragoza.es\/blog\/wp-content\/uploads\/2022\/05\/logo.png\",\"width\":193,\"height\":176,\"caption\":\"Made In Zaragoza\"},\"image\":{\"@id\":\"http:\/\/madeinzaragoza.es\/blog\/#\/schema\/logo\/image\/\"}},{\"@type\":\"Person\",\"@id\":\"http:\/\/madeinzaragoza.es\/blog\/#\/schema\/person\/fd836a8fe1177b6200bc8deffc3ad342\",\"name\":\"Sergio Sevilla\",\"image\":{\"@type\":\"ImageObject\",\"inLanguage\":\"es\",\"@id\":\"http:\/\/madeinzaragoza.es\/blog\/#\/schema\/person\/image\/\",\"url\":\"http:\/\/1.gravatar.com\/avatar\/4a59e3901b7e749c4e3750c4fd5d0b43?s=96&d=mm&r=g\",\"contentUrl\":\"http:\/\/1.gravatar.com\/avatar\/4a59e3901b7e749c4e3750c4fd5d0b43?s=96&d=mm&r=g\",\"caption\":\"Sergio Sevilla\"},\"description\":\"Gesti\u00f3n e Innovaci\u00f3n cultural (I+C) Mi trabajo se basa en la b\u00fasqueda de conexiones culturales en espacios de tr\u00e1nsito. Soy director y programador de proyectos culturales. He coordinado el espacio C\u00f3rner MIZ de Made in Zaragoza y, en la actualidad, me dedico a investigar, documentar y poner en valor el muralismo cer\u00e1mico de los a\u00f1os 60, 70 y 80 de Zaragoza y su relaci\u00f3n con los entornos arquitect\u00f3nicos y decorativos de la \u00e9poca. Descubre el perfil de @ZaragozaModerna en Instagram. Take a walk on the Art side.\",\"sameAs\":[\"zarayorkers\",\"@zaragozamoderna\",\"\/sergiosevillatabernero\"],\"url\":\"http:\/\/madeinzaragoza.es\/blog\/author\/sergiosevilla\/\"}]}<\/script>\n<!-- \/ Yoast SEO plugin. -->","yoast_head_json":{"title":"Los dise\u00f1os y patrones gr\u00e1ficos de Rebeca Zarza - Made in Zaragoza","robots":{"index":"index","follow":"follow","max-snippet":"max-snippet:-1","max-image-preview":"max-image-preview:large","max-video-preview":"max-video-preview:-1"},"canonical":"http:\/\/madeinzaragoza.es\/blog\/los-disenos-patrones-graficos-rebeca-zarza\/","og_locale":"es_ES","og_type":"article","og_title":"Los dise\u00f1os y patrones gr\u00e1ficos de Rebeca Zarza - Made in Zaragoza","og_description":"Rebeca Zarza es una ilustradora, creativa y dise\u00f1adora gr\u00e1fica con un concepto muy especial del dise\u00f1o. Estudi\u00f3 dise\u00f1o en la Escuela Superior de Dise\u00f1o de Arag\u00f3n (ESDA) y ha sido galardonada en varias ocasiones con los premios de dise\u00f1o nacional Anuaria ORO a la mejor ilustraci\u00f3n, uno de ellos por un trabajo de dise\u00f1o y &hellip; Continuar leyendo \"Los dise\u00f1os y patrones gr\u00e1ficos de Rebeca Zarza\"","og_url":"http:\/\/madeinzaragoza.es\/blog\/los-disenos-patrones-graficos-rebeca-zarza\/","og_site_name":"Made in Zaragoza","article_publisher":"https:\/\/www.facebook.com\/madeinzaragoza.es\/","article_author":"zarayorkers","article_published_time":"2017-09-10T10:10:39+00:00","article_modified_time":"2022-10-09T13:51:35+00:00","og_image":[{"width":1200,"height":627,"url":"http:\/\/madeinzaragoza.es\/blog\/wp-content\/uploads\/2017\/09\/rebeca-zarza.jpg","type":"image\/jpeg"}],"author":"Sergio Sevilla","twitter_card":"summary","twitter_creator":"@madeinzaragoza","twitter_site":"@madeinzaragoza","twitter_misc":{"Escrito por":"Sergio Sevilla","Tiempo de lectura":"4 minutos"},"schema":{"@context":"https:\/\/schema.org","@graph":[{"@type":"Article","@id":"http:\/\/madeinzaragoza.es\/blog\/los-disenos-patrones-graficos-rebeca-zarza\/#article","isPartOf":{"@id":"http:\/\/madeinzaragoza.es\/blog\/los-disenos-patrones-graficos-rebeca-zarza\/"},"author":{"name":"Sergio Sevilla","@id":"http:\/\/madeinzaragoza.es\/blog\/#\/schema\/person\/fd836a8fe1177b6200bc8deffc3ad342"},"headline":"Los dise\u00f1os y patrones gr\u00e1ficos de Rebeca Zarza","datePublished":"2017-09-10T10:10:39+00:00","dateModified":"2022-10-09T13:51:35+00:00","mainEntityOfPage":{"@id":"http:\/\/madeinzaragoza.es\/blog\/los-disenos-patrones-graficos-rebeca-zarza\/"},"wordCount":802,"commentCount":0,"publisher":{"@id":"http:\/\/madeinzaragoza.es\/blog\/#organization"},"keywords":["Corner MIZ","intervenci\u00f3n","Rebeca Zarza","Zarza Estudio"],"articleSection":["CornerMIZ"],"inLanguage":"es","potentialAction":[{"@type":"CommentAction","name":"Comment","target":["http:\/\/madeinzaragoza.es\/blog\/los-disenos-patrones-graficos-rebeca-zarza\/#respond"]}]},{"@type":"WebPage","@id":"http:\/\/madeinzaragoza.es\/blog\/los-disenos-patrones-graficos-rebeca-zarza\/","url":"http:\/\/madeinzaragoza.es\/blog\/los-disenos-patrones-graficos-rebeca-zarza\/","name":"Los dise\u00f1os y patrones gr\u00e1ficos de Rebeca Zarza - Made in Zaragoza","isPartOf":{"@id":"http:\/\/madeinzaragoza.es\/blog\/#website"},"datePublished":"2017-09-10T10:10:39+00:00","dateModified":"2022-10-09T13:51:35+00:00","breadcrumb":{"@id":"http:\/\/madeinzaragoza.es\/blog\/los-disenos-patrones-graficos-rebeca-zarza\/#breadcrumb"},"inLanguage":"es","potentialAction":[{"@type":"ReadAction","target":["http:\/\/madeinzaragoza.es\/blog\/los-disenos-patrones-graficos-rebeca-zarza\/"]}]},{"@type":"BreadcrumbList","@id":"http:\/\/madeinzaragoza.es\/blog\/los-disenos-patrones-graficos-rebeca-zarza\/#breadcrumb","itemListElement":[{"@type":"ListItem","position":1,"name":"Portada","item":"http:\/\/madeinzaragoza.es\/blog\/"},{"@type":"ListItem","position":2,"name":"Los dise\u00f1os y patrones gr\u00e1ficos de Rebeca Zarza"}]},{"@type":"WebSite","@id":"http:\/\/madeinzaragoza.es\/blog\/#website","url":"http:\/\/madeinzaragoza.es\/blog\/","name":"Made in Zaragoza","description":"Blog de MadeinZGZ, Red de Econom\u00eda Creativa de Zaragoza","publisher":{"@id":"http:\/\/madeinzaragoza.es\/blog\/#organization"},"potentialAction":[{"@type":"SearchAction","target":{"@type":"EntryPoint","urlTemplate":"http:\/\/madeinzaragoza.es\/blog\/?s={search_term_string}"},"query-input":"required name=search_term_string"}],"inLanguage":"es"},{"@type":"Organization","@id":"http:\/\/madeinzaragoza.es\/blog\/#organization","name":"Made In Zaragoza","url":"http:\/\/madeinzaragoza.es\/blog\/","sameAs":["https:\/\/www.instagram.com\/madeinzaragoza.es\/","https:\/\/www.facebook.com\/madeinzaragoza.es\/","https:\/\/twitter.com\/madeinzaragoza"],"logo":{"@type":"ImageObject","inLanguage":"es","@id":"http:\/\/madeinzaragoza.es\/blog\/#\/schema\/logo\/image\/","url":"https:\/\/madeinzaragoza.es\/blog\/wp-content\/uploads\/2022\/05\/logo.png","contentUrl":"https:\/\/madeinzaragoza.es\/blog\/wp-content\/uploads\/2022\/05\/logo.png","width":193,"height":176,"caption":"Made In Zaragoza"},"image":{"@id":"http:\/\/madeinzaragoza.es\/blog\/#\/schema\/logo\/image\/"}},{"@type":"Person","@id":"http:\/\/madeinzaragoza.es\/blog\/#\/schema\/person\/fd836a8fe1177b6200bc8deffc3ad342","name":"Sergio Sevilla","image":{"@type":"ImageObject","inLanguage":"es","@id":"http:\/\/madeinzaragoza.es\/blog\/#\/schema\/person\/image\/","url":"http:\/\/1.gravatar.com\/avatar\/4a59e3901b7e749c4e3750c4fd5d0b43?s=96&d=mm&r=g","contentUrl":"http:\/\/1.gravatar.com\/avatar\/4a59e3901b7e749c4e3750c4fd5d0b43?s=96&d=mm&r=g","caption":"Sergio Sevilla"},"description":"Gesti\u00f3n e Innovaci\u00f3n cultural (I+C) Mi trabajo se basa en la b\u00fasqueda de conexiones culturales en espacios de tr\u00e1nsito. Soy director y programador de proyectos culturales. He coordinado el espacio C\u00f3rner MIZ de Made in Zaragoza y, en la actualidad, me dedico a investigar, documentar y poner en valor el muralismo cer\u00e1mico de los a\u00f1os 60, 70 y 80 de Zaragoza y su relaci\u00f3n con los entornos arquitect\u00f3nicos y decorativos de la \u00e9poca. Descubre el perfil de @ZaragozaModerna en Instagram. Take a walk on the Art side.","sameAs":["zarayorkers","@zaragozamoderna","\/sergiosevillatabernero"],"url":"http:\/\/madeinzaragoza.es\/blog\/author\/sergiosevilla\/"}]}},"_links":{"self":[{"href":"http:\/\/madeinzaragoza.es\/blog\/wp-json\/wp\/v2\/posts\/16517"}],"collection":[{"href":"http:\/\/madeinzaragoza.es\/blog\/wp-json\/wp\/v2\/posts"}],"about":[{"href":"http:\/\/madeinzaragoza.es\/blog\/wp-json\/wp\/v2\/types\/post"}],"author":[{"embeddable":true,"href":"http:\/\/madeinzaragoza.es\/blog\/wp-json\/wp\/v2\/users\/36"}],"replies":[{"embeddable":true,"href":"http:\/\/madeinzaragoza.es\/blog\/wp-json\/wp\/v2\/comments?post=16517"}],"version-history":[{"count":17,"href":"http:\/\/madeinzaragoza.es\/blog\/wp-json\/wp\/v2\/posts\/16517\/revisions"}],"predecessor-version":[{"id":35981,"href":"http:\/\/madeinzaragoza.es\/blog\/wp-json\/wp\/v2\/posts\/16517\/revisions\/35981"}],"wp:featuredmedia":[{"embeddable":true,"href":"http:\/\/madeinzaragoza.es\/blog\/wp-json\/wp\/v2\/media\/16519"}],"wp:attachment":[{"href":"http:\/\/madeinzaragoza.es\/blog\/wp-json\/wp\/v2\/media?parent=16517"}],"wp:term":[{"taxonomy":"category","embeddable":true,"href":"http:\/\/madeinzaragoza.es\/blog\/wp-json\/wp\/v2\/categories?post=16517"},{"taxonomy":"post_tag","embeddable":true,"href":"http:\/\/madeinzaragoza.es\/blog\/wp-json\/wp\/v2\/tags?post=16517"}],"curies":[{"name":"wp","href":"https:\/\/api.w.org\/{rel}","templated":true}]}}