{"id":16081,"date":"2017-07-21T09:15:14","date_gmt":"2017-07-21T08:15:14","guid":{"rendered":"http:\/\/madeinzaragoza.es\/blog\/?p=16081"},"modified":"2017-07-21T09:15:14","modified_gmt":"2017-07-21T08:15:14","slug":"del-objeto-al-shoefitti-el-proceso-creativo-de-lalo-cruces","status":"publish","type":"post","link":"http:\/\/madeinzaragoza.es\/blog\/del-objeto-al-shoefitti-el-proceso-creativo-de-lalo-cruces\/","title":{"rendered":"Del objeto al shoefitti. El proceso creativo de Lalo Cruces"},"content":{"rendered":"<p>Ya hemos visto con anterioridad <a href=\"http:\/\/madeinzaragoza.es\/blog\/shoes-lalo-cruces-corner-miz\/\">la instalaci\u00f3n<\/a> que Lalo Cruces ha realizado en C\u00f3rner MIZ y tambi\u00e9n hemos comprobado la parte did\u00e1ctica de la obra gracias a la <a href=\"http:\/\/madeinzaragoza.es\/blog\/las-zapatillas-lalo-cruces-corner-educa\/\" target=\"_blank\" rel=\"noopener\">sesi\u00f3n de C\u00f3rner Educa<\/a> que se realiz\u00f3 con los alumnos de secundaria del IES Parque Goya, por lo que ya solamente nos queda conocer la parte relacionada con el proceso creativo. Y esto que mejor que hacerlo con el propio artista Lalo Cruces.<\/p>\n<p>&nbsp;<\/p>\n<p>En el siguiente v\u00eddeo Lalo nos habla de s\u00ed mismo, de su obra y del proceso creativo que ha seguido para abordar su intervenci\u00f3n \u00abShoes\u00bb.<\/p>\n<p>&nbsp;<\/p>\n<p><iframe loading=\"lazy\" width=\"840\" height=\"473\" src=\"https:\/\/www.youtube.com\/embed\/SmKqncZuN9k?feature=oembed\" frameborder=\"0\" allowfullscreen><\/iframe><\/p>\n<p>&nbsp;<\/p>\n<p>Lalo Cruces parte de un objeto cotidiano, un objeto personal y no casual hacia el que ha llegado a tener un sentido afectivo y emocional. Una zapatilla, sus zapatillas usadas. Una zapatilla es un objeto producido de forma industrial que el artista elige para formar parte de una obra de arte. El uso diario, la p\u00e1tina y el desgaste debido al paso del tiempo le ofrece un aspecto especial, diferente y por tanto, personal. Y es esa zapatilla, en realidad muchas de sus zapatillas, las que elige para formar parte de esta obra colgante.<\/p>\n<p>&nbsp;<\/p>\n<p><img loading=\"lazy\" decoding=\"async\" class=\"aligncenter size-full wp-image-16084\" src=\"http:\/\/madeinzaragoza.es\/blog\/wp-content\/uploads\/2017\/07\/2-1.jpg\" alt=\"\" width=\"1200\" height=\"800\" srcset=\"http:\/\/madeinzaragoza.es\/blog\/wp-content\/uploads\/2017\/07\/2-1.jpg 1200w, http:\/\/madeinzaragoza.es\/blog\/wp-content\/uploads\/2017\/07\/2-1-300x200.jpg 300w, http:\/\/madeinzaragoza.es\/blog\/wp-content\/uploads\/2017\/07\/2-1-768x512.jpg 768w, http:\/\/madeinzaragoza.es\/blog\/wp-content\/uploads\/2017\/07\/2-1-1024x683.jpg 1024w\" sizes=\"(max-width: 709px) 85vw, (max-width: 909px) 67vw, (max-width: 1362px) 62vw, 840px\" \/><\/p>\n<p>&nbsp;<\/p>\n<p>Un objeto encontrado y su acumulaci\u00f3n.<\/p>\n<p>&nbsp;<\/p>\n<p>Lalo juega con los recursos de las vanguardias y los aprovecha para presentarnos nuevas formas de aproximarnos a ellos, desde el objeto encontrado a la acumulaci\u00f3n de ese objeto presentando un conjunto colgante de zapatillas usadas por el propio artista. Adem\u00e1s el uso de la zapatilla como objeto personal le a\u00f1ade la parte emocional de la obra al entroncar con la propia personalidad del artista.<\/p>\n<p>&nbsp;<\/p>\n<p>La obra de Lalo Cruces tiene mucho de estudio, en privado, pero tambi\u00e9n tiene mucho de p\u00fablico, de espacio p\u00fablico, de calle y entornos urbanos. Aquellos espacios donde se desarrolla el arte urbano y el intervencionismo de calle, referencias expl\u00edcitas e influencias en su propia obra.<\/p>\n<p>&nbsp;<\/p>\n<p>La intervenci\u00f3n de Lalo Cruces se podr\u00e1 ver hasta el pr\u00f3ximo 31 de julio en Zaragoza Activa, espacio C\u00f3rner MIZ.<\/p>\n<p>&nbsp;<\/p>\n<p><img loading=\"lazy\" decoding=\"async\" class=\"aligncenter size-full wp-image-16085\" src=\"http:\/\/madeinzaragoza.es\/blog\/wp-content\/uploads\/2017\/07\/3-1.jpg\" alt=\"\" width=\"1200\" height=\"900\" srcset=\"http:\/\/madeinzaragoza.es\/blog\/wp-content\/uploads\/2017\/07\/3-1.jpg 1200w, http:\/\/madeinzaragoza.es\/blog\/wp-content\/uploads\/2017\/07\/3-1-300x225.jpg 300w, http:\/\/madeinzaragoza.es\/blog\/wp-content\/uploads\/2017\/07\/3-1-768x576.jpg 768w, http:\/\/madeinzaragoza.es\/blog\/wp-content\/uploads\/2017\/07\/3-1-1024x768.jpg 1024w\" sizes=\"(max-width: 709px) 85vw, (max-width: 909px) 67vw, (max-width: 1362px) 62vw, 840px\" \/><\/p>\n","protected":false},"excerpt":{"rendered":"<p>Ya hemos visto con anterioridad la instalaci\u00f3n que Lalo Cruces ha realizado en C\u00f3rner MIZ y tambi\u00e9n hemos comprobado la parte did\u00e1ctica de la obra gracias a la sesi\u00f3n de C\u00f3rner Educa que se realiz\u00f3 con los alumnos de secundaria del IES Parque Goya, por lo que ya solamente nos queda conocer la parte relacionada &hellip; <a href=\"http:\/\/madeinzaragoza.es\/blog\/del-objeto-al-shoefitti-el-proceso-creativo-de-lalo-cruces\/\" class=\"more-link\">Continuar leyendo<span class=\"screen-reader-text\"> \u00abDel objeto al shoefitti. El proceso creativo de Lalo Cruces\u00bb<\/span><\/a><\/p>\n","protected":false},"author":36,"featured_media":16082,"comment_status":"open","ping_status":"open","sticky":false,"template":"","format":"standard","meta":{"footnotes":""},"categories":[831],"tags":[834,945,1516],"yoast_head":"<!-- This site is optimized with the Yoast SEO plugin v19.7.2 - https:\/\/yoast.com\/wordpress\/plugins\/seo\/ -->\n<title>Del objeto al shoefitti. El proceso creativo de Lalo Cruces - Made in Zaragoza<\/title>\n<meta name=\"robots\" content=\"index, follow, max-snippet:-1, max-image-preview:large, max-video-preview:-1\" \/>\n<link rel=\"canonical\" href=\"http:\/\/madeinzaragoza.es\/blog\/del-objeto-al-shoefitti-el-proceso-creativo-de-lalo-cruces\/\" \/>\n<meta property=\"og:locale\" content=\"es_ES\" \/>\n<meta property=\"og:type\" content=\"article\" \/>\n<meta property=\"og:title\" content=\"Del objeto al shoefitti. El proceso creativo de Lalo Cruces - Made in Zaragoza\" \/>\n<meta property=\"og:description\" content=\"Ya hemos visto con anterioridad la instalaci\u00f3n que Lalo Cruces ha realizado en C\u00f3rner MIZ y tambi\u00e9n hemos comprobado la parte did\u00e1ctica de la obra gracias a la sesi\u00f3n de C\u00f3rner Educa que se realiz\u00f3 con los alumnos de secundaria del IES Parque Goya, por lo que ya solamente nos queda conocer la parte relacionada &hellip; Continuar leyendo &quot;Del objeto al shoefitti. El proceso creativo de Lalo Cruces&quot;\" \/>\n<meta property=\"og:url\" content=\"http:\/\/madeinzaragoza.es\/blog\/del-objeto-al-shoefitti-el-proceso-creativo-de-lalo-cruces\/\" \/>\n<meta property=\"og:site_name\" content=\"Made in Zaragoza\" \/>\n<meta property=\"article:publisher\" content=\"https:\/\/www.facebook.com\/madeinzaragoza.es\/\" \/>\n<meta property=\"article:author\" content=\"zarayorkers\" \/>\n<meta property=\"article:published_time\" content=\"2017-07-21T08:15:14+00:00\" \/>\n<meta property=\"og:image\" content=\"http:\/\/madeinzaragoza.es\/blog\/wp-content\/uploads\/2017\/07\/portada.jpg\" \/>\n\t<meta property=\"og:image:width\" content=\"1200\" \/>\n\t<meta property=\"og:image:height\" content=\"800\" \/>\n\t<meta property=\"og:image:type\" content=\"image\/jpeg\" \/>\n<meta name=\"author\" content=\"Sergio Sevilla\" \/>\n<meta name=\"twitter:card\" content=\"summary\" \/>\n<meta name=\"twitter:creator\" content=\"@madeinzaragoza\" \/>\n<meta name=\"twitter:site\" content=\"@madeinzaragoza\" \/>\n<meta name=\"twitter:label1\" content=\"Escrito por\" \/>\n\t<meta name=\"twitter:data1\" content=\"Sergio Sevilla\" \/>\n\t<meta name=\"twitter:label2\" content=\"Tiempo de lectura\" \/>\n\t<meta name=\"twitter:data2\" content=\"2 minutos\" \/>\n<script type=\"application\/ld+json\" class=\"yoast-schema-graph\">{\"@context\":\"https:\/\/schema.org\",\"@graph\":[{\"@type\":\"Article\",\"@id\":\"http:\/\/madeinzaragoza.es\/blog\/del-objeto-al-shoefitti-el-proceso-creativo-de-lalo-cruces\/#article\",\"isPartOf\":{\"@id\":\"http:\/\/madeinzaragoza.es\/blog\/del-objeto-al-shoefitti-el-proceso-creativo-de-lalo-cruces\/\"},\"author\":{\"name\":\"Sergio Sevilla\",\"@id\":\"http:\/\/madeinzaragoza.es\/blog\/#\/schema\/person\/fd836a8fe1177b6200bc8deffc3ad342\"},\"headline\":\"Del objeto al shoefitti. El proceso creativo de Lalo Cruces\",\"datePublished\":\"2017-07-21T08:15:14+00:00\",\"dateModified\":\"2017-07-21T08:15:14+00:00\",\"mainEntityOfPage\":{\"@id\":\"http:\/\/madeinzaragoza.es\/blog\/del-objeto-al-shoefitti-el-proceso-creativo-de-lalo-cruces\/\"},\"wordCount\":373,\"commentCount\":0,\"publisher\":{\"@id\":\"http:\/\/madeinzaragoza.es\/blog\/#organization\"},\"keywords\":[\"Corner MIZ\",\"intervenci\u00f3n\",\"Lalo Cruces\"],\"articleSection\":[\"CornerMIZ\"],\"inLanguage\":\"es\",\"potentialAction\":[{\"@type\":\"CommentAction\",\"name\":\"Comment\",\"target\":[\"http:\/\/madeinzaragoza.es\/blog\/del-objeto-al-shoefitti-el-proceso-creativo-de-lalo-cruces\/#respond\"]}]},{\"@type\":\"WebPage\",\"@id\":\"http:\/\/madeinzaragoza.es\/blog\/del-objeto-al-shoefitti-el-proceso-creativo-de-lalo-cruces\/\",\"url\":\"http:\/\/madeinzaragoza.es\/blog\/del-objeto-al-shoefitti-el-proceso-creativo-de-lalo-cruces\/\",\"name\":\"Del objeto al shoefitti. El proceso creativo de Lalo Cruces - Made in Zaragoza\",\"isPartOf\":{\"@id\":\"http:\/\/madeinzaragoza.es\/blog\/#website\"},\"datePublished\":\"2017-07-21T08:15:14+00:00\",\"dateModified\":\"2017-07-21T08:15:14+00:00\",\"breadcrumb\":{\"@id\":\"http:\/\/madeinzaragoza.es\/blog\/del-objeto-al-shoefitti-el-proceso-creativo-de-lalo-cruces\/#breadcrumb\"},\"inLanguage\":\"es\",\"potentialAction\":[{\"@type\":\"ReadAction\",\"target\":[\"http:\/\/madeinzaragoza.es\/blog\/del-objeto-al-shoefitti-el-proceso-creativo-de-lalo-cruces\/\"]}]},{\"@type\":\"BreadcrumbList\",\"@id\":\"http:\/\/madeinzaragoza.es\/blog\/del-objeto-al-shoefitti-el-proceso-creativo-de-lalo-cruces\/#breadcrumb\",\"itemListElement\":[{\"@type\":\"ListItem\",\"position\":1,\"name\":\"Portada\",\"item\":\"http:\/\/madeinzaragoza.es\/blog\/\"},{\"@type\":\"ListItem\",\"position\":2,\"name\":\"Del objeto al shoefitti. El proceso creativo de Lalo Cruces\"}]},{\"@type\":\"WebSite\",\"@id\":\"http:\/\/madeinzaragoza.es\/blog\/#website\",\"url\":\"http:\/\/madeinzaragoza.es\/blog\/\",\"name\":\"Made in Zaragoza\",\"description\":\"Blog de MadeinZGZ, Red de Econom\u00eda Creativa de Zaragoza\",\"publisher\":{\"@id\":\"http:\/\/madeinzaragoza.es\/blog\/#organization\"},\"potentialAction\":[{\"@type\":\"SearchAction\",\"target\":{\"@type\":\"EntryPoint\",\"urlTemplate\":\"http:\/\/madeinzaragoza.es\/blog\/?s={search_term_string}\"},\"query-input\":\"required name=search_term_string\"}],\"inLanguage\":\"es\"},{\"@type\":\"Organization\",\"@id\":\"http:\/\/madeinzaragoza.es\/blog\/#organization\",\"name\":\"Made In Zaragoza\",\"url\":\"http:\/\/madeinzaragoza.es\/blog\/\",\"sameAs\":[\"https:\/\/www.instagram.com\/madeinzaragoza.es\/\",\"https:\/\/www.facebook.com\/madeinzaragoza.es\/\",\"https:\/\/twitter.com\/madeinzaragoza\"],\"logo\":{\"@type\":\"ImageObject\",\"inLanguage\":\"es\",\"@id\":\"http:\/\/madeinzaragoza.es\/blog\/#\/schema\/logo\/image\/\",\"url\":\"https:\/\/madeinzaragoza.es\/blog\/wp-content\/uploads\/2022\/05\/logo.png\",\"contentUrl\":\"https:\/\/madeinzaragoza.es\/blog\/wp-content\/uploads\/2022\/05\/logo.png\",\"width\":193,\"height\":176,\"caption\":\"Made In Zaragoza\"},\"image\":{\"@id\":\"http:\/\/madeinzaragoza.es\/blog\/#\/schema\/logo\/image\/\"}},{\"@type\":\"Person\",\"@id\":\"http:\/\/madeinzaragoza.es\/blog\/#\/schema\/person\/fd836a8fe1177b6200bc8deffc3ad342\",\"name\":\"Sergio Sevilla\",\"image\":{\"@type\":\"ImageObject\",\"inLanguage\":\"es\",\"@id\":\"http:\/\/madeinzaragoza.es\/blog\/#\/schema\/person\/image\/\",\"url\":\"http:\/\/1.gravatar.com\/avatar\/4a59e3901b7e749c4e3750c4fd5d0b43?s=96&d=mm&r=g\",\"contentUrl\":\"http:\/\/1.gravatar.com\/avatar\/4a59e3901b7e749c4e3750c4fd5d0b43?s=96&d=mm&r=g\",\"caption\":\"Sergio Sevilla\"},\"description\":\"Gesti\u00f3n e Innovaci\u00f3n cultural (I+C) Mi trabajo se basa en la b\u00fasqueda de conexiones culturales en espacios de tr\u00e1nsito. Soy director y programador de proyectos culturales. He coordinado el espacio C\u00f3rner MIZ de Made in Zaragoza y, en la actualidad, me dedico a investigar, documentar y poner en valor el muralismo cer\u00e1mico de los a\u00f1os 60, 70 y 80 de Zaragoza y su relaci\u00f3n con los entornos arquitect\u00f3nicos y decorativos de la \u00e9poca. Descubre el perfil de @ZaragozaModerna en Instagram. Take a walk on the Art side.\",\"sameAs\":[\"zarayorkers\",\"@zaragozamoderna\",\"\/sergiosevillatabernero\"],\"url\":\"http:\/\/madeinzaragoza.es\/blog\/author\/sergiosevilla\/\"}]}<\/script>\n<!-- \/ Yoast SEO plugin. -->","yoast_head_json":{"title":"Del objeto al shoefitti. El proceso creativo de Lalo Cruces - Made in Zaragoza","robots":{"index":"index","follow":"follow","max-snippet":"max-snippet:-1","max-image-preview":"max-image-preview:large","max-video-preview":"max-video-preview:-1"},"canonical":"http:\/\/madeinzaragoza.es\/blog\/del-objeto-al-shoefitti-el-proceso-creativo-de-lalo-cruces\/","og_locale":"es_ES","og_type":"article","og_title":"Del objeto al shoefitti. El proceso creativo de Lalo Cruces - Made in Zaragoza","og_description":"Ya hemos visto con anterioridad la instalaci\u00f3n que Lalo Cruces ha realizado en C\u00f3rner MIZ y tambi\u00e9n hemos comprobado la parte did\u00e1ctica de la obra gracias a la sesi\u00f3n de C\u00f3rner Educa que se realiz\u00f3 con los alumnos de secundaria del IES Parque Goya, por lo que ya solamente nos queda conocer la parte relacionada &hellip; Continuar leyendo \"Del objeto al shoefitti. El proceso creativo de Lalo Cruces\"","og_url":"http:\/\/madeinzaragoza.es\/blog\/del-objeto-al-shoefitti-el-proceso-creativo-de-lalo-cruces\/","og_site_name":"Made in Zaragoza","article_publisher":"https:\/\/www.facebook.com\/madeinzaragoza.es\/","article_author":"zarayorkers","article_published_time":"2017-07-21T08:15:14+00:00","og_image":[{"width":1200,"height":800,"url":"http:\/\/madeinzaragoza.es\/blog\/wp-content\/uploads\/2017\/07\/portada.jpg","type":"image\/jpeg"}],"author":"Sergio Sevilla","twitter_card":"summary","twitter_creator":"@madeinzaragoza","twitter_site":"@madeinzaragoza","twitter_misc":{"Escrito por":"Sergio Sevilla","Tiempo de lectura":"2 minutos"},"schema":{"@context":"https:\/\/schema.org","@graph":[{"@type":"Article","@id":"http:\/\/madeinzaragoza.es\/blog\/del-objeto-al-shoefitti-el-proceso-creativo-de-lalo-cruces\/#article","isPartOf":{"@id":"http:\/\/madeinzaragoza.es\/blog\/del-objeto-al-shoefitti-el-proceso-creativo-de-lalo-cruces\/"},"author":{"name":"Sergio Sevilla","@id":"http:\/\/madeinzaragoza.es\/blog\/#\/schema\/person\/fd836a8fe1177b6200bc8deffc3ad342"},"headline":"Del objeto al shoefitti. El proceso creativo de Lalo Cruces","datePublished":"2017-07-21T08:15:14+00:00","dateModified":"2017-07-21T08:15:14+00:00","mainEntityOfPage":{"@id":"http:\/\/madeinzaragoza.es\/blog\/del-objeto-al-shoefitti-el-proceso-creativo-de-lalo-cruces\/"},"wordCount":373,"commentCount":0,"publisher":{"@id":"http:\/\/madeinzaragoza.es\/blog\/#organization"},"keywords":["Corner MIZ","intervenci\u00f3n","Lalo Cruces"],"articleSection":["CornerMIZ"],"inLanguage":"es","potentialAction":[{"@type":"CommentAction","name":"Comment","target":["http:\/\/madeinzaragoza.es\/blog\/del-objeto-al-shoefitti-el-proceso-creativo-de-lalo-cruces\/#respond"]}]},{"@type":"WebPage","@id":"http:\/\/madeinzaragoza.es\/blog\/del-objeto-al-shoefitti-el-proceso-creativo-de-lalo-cruces\/","url":"http:\/\/madeinzaragoza.es\/blog\/del-objeto-al-shoefitti-el-proceso-creativo-de-lalo-cruces\/","name":"Del objeto al shoefitti. El proceso creativo de Lalo Cruces - Made in Zaragoza","isPartOf":{"@id":"http:\/\/madeinzaragoza.es\/blog\/#website"},"datePublished":"2017-07-21T08:15:14+00:00","dateModified":"2017-07-21T08:15:14+00:00","breadcrumb":{"@id":"http:\/\/madeinzaragoza.es\/blog\/del-objeto-al-shoefitti-el-proceso-creativo-de-lalo-cruces\/#breadcrumb"},"inLanguage":"es","potentialAction":[{"@type":"ReadAction","target":["http:\/\/madeinzaragoza.es\/blog\/del-objeto-al-shoefitti-el-proceso-creativo-de-lalo-cruces\/"]}]},{"@type":"BreadcrumbList","@id":"http:\/\/madeinzaragoza.es\/blog\/del-objeto-al-shoefitti-el-proceso-creativo-de-lalo-cruces\/#breadcrumb","itemListElement":[{"@type":"ListItem","position":1,"name":"Portada","item":"http:\/\/madeinzaragoza.es\/blog\/"},{"@type":"ListItem","position":2,"name":"Del objeto al shoefitti. El proceso creativo de Lalo Cruces"}]},{"@type":"WebSite","@id":"http:\/\/madeinzaragoza.es\/blog\/#website","url":"http:\/\/madeinzaragoza.es\/blog\/","name":"Made in Zaragoza","description":"Blog de MadeinZGZ, Red de Econom\u00eda Creativa de Zaragoza","publisher":{"@id":"http:\/\/madeinzaragoza.es\/blog\/#organization"},"potentialAction":[{"@type":"SearchAction","target":{"@type":"EntryPoint","urlTemplate":"http:\/\/madeinzaragoza.es\/blog\/?s={search_term_string}"},"query-input":"required name=search_term_string"}],"inLanguage":"es"},{"@type":"Organization","@id":"http:\/\/madeinzaragoza.es\/blog\/#organization","name":"Made In Zaragoza","url":"http:\/\/madeinzaragoza.es\/blog\/","sameAs":["https:\/\/www.instagram.com\/madeinzaragoza.es\/","https:\/\/www.facebook.com\/madeinzaragoza.es\/","https:\/\/twitter.com\/madeinzaragoza"],"logo":{"@type":"ImageObject","inLanguage":"es","@id":"http:\/\/madeinzaragoza.es\/blog\/#\/schema\/logo\/image\/","url":"https:\/\/madeinzaragoza.es\/blog\/wp-content\/uploads\/2022\/05\/logo.png","contentUrl":"https:\/\/madeinzaragoza.es\/blog\/wp-content\/uploads\/2022\/05\/logo.png","width":193,"height":176,"caption":"Made In Zaragoza"},"image":{"@id":"http:\/\/madeinzaragoza.es\/blog\/#\/schema\/logo\/image\/"}},{"@type":"Person","@id":"http:\/\/madeinzaragoza.es\/blog\/#\/schema\/person\/fd836a8fe1177b6200bc8deffc3ad342","name":"Sergio Sevilla","image":{"@type":"ImageObject","inLanguage":"es","@id":"http:\/\/madeinzaragoza.es\/blog\/#\/schema\/person\/image\/","url":"http:\/\/1.gravatar.com\/avatar\/4a59e3901b7e749c4e3750c4fd5d0b43?s=96&d=mm&r=g","contentUrl":"http:\/\/1.gravatar.com\/avatar\/4a59e3901b7e749c4e3750c4fd5d0b43?s=96&d=mm&r=g","caption":"Sergio Sevilla"},"description":"Gesti\u00f3n e Innovaci\u00f3n cultural (I+C) Mi trabajo se basa en la b\u00fasqueda de conexiones culturales en espacios de tr\u00e1nsito. Soy director y programador de proyectos culturales. He coordinado el espacio C\u00f3rner MIZ de Made in Zaragoza y, en la actualidad, me dedico a investigar, documentar y poner en valor el muralismo cer\u00e1mico de los a\u00f1os 60, 70 y 80 de Zaragoza y su relaci\u00f3n con los entornos arquitect\u00f3nicos y decorativos de la \u00e9poca. Descubre el perfil de @ZaragozaModerna en Instagram. Take a walk on the Art side.","sameAs":["zarayorkers","@zaragozamoderna","\/sergiosevillatabernero"],"url":"http:\/\/madeinzaragoza.es\/blog\/author\/sergiosevilla\/"}]}},"_links":{"self":[{"href":"http:\/\/madeinzaragoza.es\/blog\/wp-json\/wp\/v2\/posts\/16081"}],"collection":[{"href":"http:\/\/madeinzaragoza.es\/blog\/wp-json\/wp\/v2\/posts"}],"about":[{"href":"http:\/\/madeinzaragoza.es\/blog\/wp-json\/wp\/v2\/types\/post"}],"author":[{"embeddable":true,"href":"http:\/\/madeinzaragoza.es\/blog\/wp-json\/wp\/v2\/users\/36"}],"replies":[{"embeddable":true,"href":"http:\/\/madeinzaragoza.es\/blog\/wp-json\/wp\/v2\/comments?post=16081"}],"version-history":[{"count":5,"href":"http:\/\/madeinzaragoza.es\/blog\/wp-json\/wp\/v2\/posts\/16081\/revisions"}],"predecessor-version":[{"id":16094,"href":"http:\/\/madeinzaragoza.es\/blog\/wp-json\/wp\/v2\/posts\/16081\/revisions\/16094"}],"wp:featuredmedia":[{"embeddable":true,"href":"http:\/\/madeinzaragoza.es\/blog\/wp-json\/wp\/v2\/media\/16082"}],"wp:attachment":[{"href":"http:\/\/madeinzaragoza.es\/blog\/wp-json\/wp\/v2\/media?parent=16081"}],"wp:term":[{"taxonomy":"category","embeddable":true,"href":"http:\/\/madeinzaragoza.es\/blog\/wp-json\/wp\/v2\/categories?post=16081"},{"taxonomy":"post_tag","embeddable":true,"href":"http:\/\/madeinzaragoza.es\/blog\/wp-json\/wp\/v2\/tags?post=16081"}],"curies":[{"name":"wp","href":"https:\/\/api.w.org\/{rel}","templated":true}]}}