{"id":15748,"date":"2017-06-25T17:47:07","date_gmt":"2017-06-25T16:47:07","guid":{"rendered":"http:\/\/madeinzaragoza.es\/blog\/?p=15748"},"modified":"2017-07-02T16:34:35","modified_gmt":"2017-07-02T15:34:35","slug":"participantes-la-noche-los-tenderos-creativos-2017","status":"publish","type":"post","link":"http:\/\/madeinzaragoza.es\/blog\/participantes-la-noche-los-tenderos-creativos-2017\/","title":{"rendered":"Participantes en La Noche de los Tenderos Creativos 2017"},"content":{"rendered":"<p>Desde la Madalena hasta el Gancho, pasando por la zona m\u00e1s cercana a la Plaza del Pilar, los <a href=\"http:\/\/madeinzaragoza.es\/comercios\/categorias.php\">comercios m\u00e1s innovadores y creativos de Made in Zaragoza<\/a> ofrecer\u00e1n durante la IV Noche de los Tenderos Creativos propuestas culturales, comerciales y art\u00edsticas de todo tipo.<\/p>\n<p>&nbsp;<\/p>\n<p>Este a\u00f1o, una de las novedades m\u00e1s destacadas que trae\u00a0La Noche de los Tenderos Creativos\u00a0en su edici\u00f3n Casco Hist\u00f3rico, es la celebraci\u00f3n del\u00a0<strong>sorteo, entre todos aquellos que compren, de <a href=\"http:\/\/madeinzaragoza.es\/blog\/la-noche-los-tenderos-creativos-2017-sorteo-2-cestas\/\">dos cestas de regalos<\/a> formadas por art\u00edculos cedidos por todos los establecimientos participantes.\u00a0<\/strong><\/p>\n<p>&nbsp;<\/p>\n<p>Ya puedes  en la IV Noche de los Tenderos Creativos.<\/p>\n<p>&nbsp;<\/p>\n<p><img loading=\"lazy\" decoding=\"async\" class=\"aligncenter size-full wp-image-15889\" src=\"http:\/\/madeinzaragoza.es\/blog\/wp-content\/uploads\/2017\/06\/19399239_799533593542041_2493586710652038912_n.jpg\" alt=\"Mapa \" width=\"960\" height=\"640\" srcset=\"http:\/\/madeinzaragoza.es\/blog\/wp-content\/uploads\/2017\/06\/19399239_799533593542041_2493586710652038912_n.jpg 960w, http:\/\/madeinzaragoza.es\/blog\/wp-content\/uploads\/2017\/06\/19399239_799533593542041_2493586710652038912_n-300x200.jpg 300w, http:\/\/madeinzaragoza.es\/blog\/wp-content\/uploads\/2017\/06\/19399239_799533593542041_2493586710652038912_n-768x512.jpg 768w\" sizes=\"(max-width: 709px) 85vw, (max-width: 909px) 67vw, (max-width: 1362px) 62vw, 840px\" \/><\/p>\n<p>&nbsp;<\/p>\n<p>Os dejamos aqu\u00ed la programaci\u00f3n confirmada por el momento y\u00a0<a href=\"https:\/\/www.facebook.com\/events\/1448275822138644\/\">\u00a1sigue el evento de Facebook para estar al d\u00eda de todas las novedades!\u00a0<\/a><\/p>\n<p>&nbsp;<\/p>\n<p><strong>1 Trad Market, C\/ V\u00edrgenes, 3<\/strong><\/p>\n<p>&nbsp;<\/p>\n<p>En Trad Market nos recibir\u00e1n con un vino de bienvenida y nos presentar\u00e1n su proyecto \u201cDise\u00f1o KM. 0\u201d, proyecto colaborativo de impulso a la creaci\u00f3n local, con la participaci\u00f3n, entre otros, de las marcas de moda Shiwa, y la obra gr\u00e1fica de Juan Ib\u00e1\u00f1ez Teruel -La Retratoteka-<\/p>\n<p>&nbsp;<\/p>\n<p>Se inaugurar\u00e1 la micro exposici\u00f3n \u201cEt\u00e9reo\u201d, de Juan Ib\u00e1\u00f1ez -La Retratoteka-, una serie de miradas delicadas, llenas de sutileza y expresi\u00f3n\u2026. miradas intangibles llenas de vida.<\/p>\n<p>&nbsp;<\/p>\n<p>Adem\u00e1s, tendr\u00e1n descuentos especiales y regalo de una sesi\u00f3n de belleza con las compras realizadas esa noche.<\/p>\n<p>&nbsp;<\/p>\n<p><strong>\u00a0<\/strong><\/p>\n<ol start=\"2\">\n<li><strong> Cinco Reinos, C\/ Mayoral<\/strong><strong>, 9<\/strong><\/li>\n<\/ol>\n<p>&nbsp;<\/p>\n<p>En Cinco Reinos se podr\u00e1 disfrutar de un 20% de descuento en juegos de mesa y un 5% de descuento en libros.<\/p>\n<p>&nbsp;<\/p>\n<p>Adem\u00e1s celebrar\u00e1n un torneo de Cat\u00e1n para todos los que quieran participar.<\/p>\n<p>&nbsp;<\/p>\n<p>&nbsp;<\/p>\n<p><img loading=\"lazy\" decoding=\"async\" class=\"aligncenter size-large wp-image-15750\" src=\"http:\/\/madeinzaragoza.es\/blog\/wp-content\/uploads\/2017\/06\/tribandum-1024x523.png\" alt=\"noche tenderos\" width=\"840\" height=\"429\" srcset=\"http:\/\/madeinzaragoza.es\/blog\/wp-content\/uploads\/2017\/06\/tribandum-1024x523.png 1024w, http:\/\/madeinzaragoza.es\/blog\/wp-content\/uploads\/2017\/06\/tribandum-300x153.png 300w, http:\/\/madeinzaragoza.es\/blog\/wp-content\/uploads\/2017\/06\/tribandum-768x392.png 768w, http:\/\/madeinzaragoza.es\/blog\/wp-content\/uploads\/2017\/06\/tribandum.png 1083w\" sizes=\"(max-width: 709px) 85vw, (max-width: 909px) 67vw, (max-width: 1362px) 62vw, 840px\" \/><\/p>\n<p>&nbsp;<\/p>\n<p>&nbsp;<\/p>\n<ol start=\"3\">\n<li><strong> Laurel Whychoossee, C\/ San Lorenzo 12<\/strong><\/li>\n<\/ol>\n<p>&nbsp;<\/p>\n<p>En Laurel Whychoossee se vivir\u00e1 la aut\u00e9ntica fiesta americana. El 4 de julio se celebra el d\u00eda de la Independencia cuando Estado Unidos se separ\u00f3 del Impero Brit\u00e1nico en el a\u00f1o 1776. Ese d\u00eda marca la firma de la declaraci\u00f3n de la independencia y Laurel Whychoosee adelanta esa fiesta al d\u00eda 30 de junio con motivo de la celebraci\u00f3n de la Noche de los Tenderos Creativos.<\/p>\n<p>&nbsp;<\/p>\n<p>Para ello se va a preparar una fiesta al m\u00e1s puro estilo americano. Decoraci\u00f3n americana y comida t\u00edpica de ese d\u00eda. Estar\u00e1 todo decorado con banderines con los colores de la bandera americana, escarapelas y una gran bandera americana. En la parte exterior de la tienda habr\u00e1 un peque\u00f1o Candy bar con productos americanos, una palomitera y una m\u00e1quina de chicles.<\/p>\n<p>&nbsp;<\/p>\n<p>De hilo musical se escuchar\u00e1n a las grandes bandas del panorama americano como METALLICA, DIRE STRAITS, BRUCE SPRINSGTEEN, 30 SECONDS TO MARS, ALICE COOPER, AEROSMITH, BON JOVY y muchos m\u00e1s, a parte del himno americano al inicio de la noche como se hace en las festividades americanas.<\/p>\n<p>&nbsp;<\/p>\n<p>Adem\u00e1s se podr\u00e1 disfrutar de ofertas, regalos y sorteos,\u2026<\/p>\n<p>&nbsp;<\/p>\n<p>Desde que comience la noche hasta que finalice se grabar\u00e1 un v\u00eddeo para su canal de youtube, donde se hablar\u00e1 de la NOCHE DE LOS TENDEROS CREATIVOS, c\u00f3mo la preparan, c\u00f3mo la viven y c\u00f3mo la vive la gente que vaya a visitarlos.<\/p>\n<p>&nbsp;<\/p>\n<p>La gente podr\u00e1 participar en el v\u00eddeo creando un look con al menos 3 prendas y\/o complementos de la tienda y tendr\u00e1n que describirlo (qu\u00e9 llevan, para qu\u00e9 lo llevar\u00edan, por qu\u00e9 han elegido esas prendas o lo que quieran). Luego se podr\u00e1n hacer una foto con el look y subirla a sus redes sociales con el hastag #WHYLOOK. Al subir la foto a sus redes con ese hastag y mencionando a la tienda entrar\u00e1n en un sorteo de un vale de 20\u20ac para gastar en la tienda, sin fecha de caducidad.<\/p>\n<p>&nbsp;<\/p>\n<p>Otro de los sorteos que tienen preparados es para ganar una sesi\u00f3n de fotos, ya sea para la persona que participa en el sorteo o para regalar a alguien. La sesi\u00f3n ser\u00e1 para m\u00e1ximo 2 personas y\/o mascotas, se realizar\u00e1 un s\u00e1bado por la tarde o domingo, durar\u00e1 1h y 30 minutos aproximadamente, se realizar\u00e1 en Zaragoza y se les entregar\u00e1n 8 fotos editadas (que ellos podr\u00e1n elegir). Para participar en el sorteo tendr\u00e1n que subir una foto a sus redes sociales con una de las fotograf\u00edas que tienen a la venta en la tienda con el hastag #WHYFOTO y mencionar a la tienda.<\/p>\n<p>&nbsp;<\/p>\n<p>Adem\u00e1s por cada 20\u20ac de compra, se les har\u00e1 entrega de un vale con un 10% de descuento para gastar en su siguiente compra, sin fecha de caducidad.<\/p>\n<p><strong>\u00a0<\/strong><\/p>\n<ol start=\"4\">\n<li><strong> Sommes Demod\u00e9, Plaza San Pedro Nolasco, 2<\/strong><\/li>\n<\/ol>\n<p>&nbsp;<\/p>\n<p>Celebraci\u00f3n de la Sommes D\u00e9mod\u00e9 Shopping Night que marcar\u00e1 el comienzo de las rebajas de verano.<\/p>\n<p>&nbsp;<\/p>\n<p>Tambi\u00e9n disfrutaremos de m\u00fasica gracias al DJ set by Fabi\u00e1n Garayoa AKA Deniro.<\/p>\n<p>&nbsp;<\/p>\n<p>Todo el que compre recibir\u00e1 un descuento del 10% para su siguiente compra, entrar\u00e1 en el sorteo de un bolso y si su compra supera los 30\u20ac, tendr\u00e1 un regalo sorpresa.<\/p>\n<p>&nbsp;<\/p>\n<p><strong>\u00a0<\/strong><\/p>\n<p><img loading=\"lazy\" decoding=\"async\" class=\"aligncenter size-large wp-image-15751\" src=\"http:\/\/madeinzaragoza.es\/blog\/wp-content\/uploads\/2017\/06\/maxresdefault-1024x576.jpg\" alt=\"le marais\" width=\"840\" height=\"473\" srcset=\"http:\/\/madeinzaragoza.es\/blog\/wp-content\/uploads\/2017\/06\/maxresdefault-1024x576.jpg 1024w, http:\/\/madeinzaragoza.es\/blog\/wp-content\/uploads\/2017\/06\/maxresdefault-300x169.jpg 300w, http:\/\/madeinzaragoza.es\/blog\/wp-content\/uploads\/2017\/06\/maxresdefault-768x432.jpg 768w, http:\/\/madeinzaragoza.es\/blog\/wp-content\/uploads\/2017\/06\/maxresdefault-1200x675.jpg 1200w, http:\/\/madeinzaragoza.es\/blog\/wp-content\/uploads\/2017\/06\/maxresdefault.jpg 1280w\" sizes=\"(max-width: 709px) 85vw, (max-width: 909px) 67vw, (max-width: 1362px) 62vw, 840px\" \/><\/p>\n<p>&nbsp;<\/p>\n<p>&nbsp;<\/p>\n<ol start=\"5\">\n<li><strong> Le Marais, C\/ San Andr\u00e9s, 8<\/strong><\/li>\n<\/ol>\n<p>&nbsp;<\/p>\n<p>En Le Marais se podr\u00e1 disfrutar de muy buena m\u00fasica y algo de picoteo.<\/p>\n<p>&nbsp;<\/p>\n<p>Se ofrecer\u00e1 un 10% de descuento en Jarronejo de Abe the Ape y 15% de descuento en Oh My Deer Gerardo! de Guille Garc\u00eda Hoz<\/p>\n<p>&nbsp;<\/p>\n<p>Entre todas las compras se sortear\u00e1 una Bolsa de algod\u00f3n org\u00e1nico de Jules Winnifield (Pulp Fiction) y una taza de Life aquatic de Wes Anderson.<\/p>\n<p>&nbsp;<\/p>\n<p>In\u00e9s Marco expondr\u00e1 una nueva serie de l\u00e1minas de edici\u00f3n limitada, que tambi\u00e9n se podr\u00e1 adquirir en Le Marais durante la Noche de los Tenderos Creativos.<\/p>\n<p>&nbsp;<\/p>\n<p>Adem\u00e1s, 15% de descuento en las bomboneras grandes de Cleta.<\/p>\n<p>&nbsp;<\/p>\n<p>&nbsp;<\/p>\n<ol start=\"6\">\n<li><strong> Taller Joyer\u00eda DeDos, C\/ San Lorenzo, 32<\/strong><\/li>\n<\/ol>\n<p>&nbsp;<\/p>\n<p>En Taller Joyer\u00eda DeDos encontrar\u00e9is descuentos del 15% en todos sus productos.<\/p>\n<p>&nbsp;<\/p>\n<p>Y para hacer la velada m\u00e1s amena tendr\u00e1n un \u00e1gape de bienvenida y m\u00fasica.<\/p>\n<p>&nbsp;<\/p>\n<p>&nbsp;<\/p>\n<ol start=\"7\">\n<li><strong> La Cicler\u00eda, C\/ Gav\u00edn, 6<\/strong><\/li>\n<\/ol>\n<p>&nbsp;<\/p>\n<p>En la Cicler\u00eda disfrutar\u00e9is de un descuento del 10% en sus productos urbanos (camisetas, bidones, bolsas, etc).<\/p>\n<p>&nbsp;<\/p>\n<p>De 21:00 a 00:00 se podr\u00e1 hacer uso del taller que estar\u00e1 abierto para todas las personas que quieran aprovechar para poner a punto sus bicis (Es un taller de auto-reparaci\u00f3n asistido por un mec\u00e1nico, donde cada persona se arregla su propia bici).<\/p>\n<p>&nbsp;<\/p>\n<p>&nbsp;<\/p>\n<ol start=\"8\">\n<li><strong> Canalla Shop, C\/ Mayor, 50<\/strong><\/li>\n<\/ol>\n<p>&nbsp;<\/p>\n<p>La escuela XPRESATE llevar\u00e1 a Canalla Shop la m\u00fasica desde las 20:30 hasta las 00:00 con la siguiente programaci\u00f3n:<\/p>\n<p>20:30 &#8211; 21:30 :: Sweet Drinkz FDAU<\/p>\n<p>21:30 &#8211; 22:45 :: Sr Se\u00f1or<\/p>\n<p>22:45 &#8211; 0:00 :: Dj k0sk<\/p>\n<p>&nbsp;<\/p>\n<p>Adem\u00e1s habr\u00e1 comida, bebida y alguna sorpresa m\u00e1s.<\/p>\n<p>&nbsp;<\/p>\n<p>Todas las zapatillas de la tienda se encontrar\u00e1n con un 20% de descuento. Y tambi\u00e9n podremos encontrar una zona de s\u00faper ofertas con zapatillas del 40% al 60% de descuento.<\/p>\n<p>&nbsp;<\/p>\n<p>&nbsp;<\/p>\n<p><img loading=\"lazy\" decoding=\"async\" class=\"aligncenter size-full wp-image-15752\" src=\"http:\/\/madeinzaragoza.es\/blog\/wp-content\/uploads\/2017\/06\/IMG_4113.jpg\" alt=\"\" width=\"558\" height=\"374\" srcset=\"http:\/\/madeinzaragoza.es\/blog\/wp-content\/uploads\/2017\/06\/IMG_4113.jpg 558w, http:\/\/madeinzaragoza.es\/blog\/wp-content\/uploads\/2017\/06\/IMG_4113-300x201.jpg 300w\" sizes=\"(max-width: 558px) 85vw, 558px\" \/><\/p>\n<p>&nbsp;<\/p>\n<p>&nbsp;<\/p>\n<ol start=\"9\">\n<li><strong> Shuave Shop, C\/ San Jorge, 19<\/strong><\/li>\n<\/ol>\n<p>&nbsp;<\/p>\n<p>En Shuave Shop podremos encontrar la Exposici\u00f3n \u00abMissCel\u00e1nea\u00bb a cargo de la fot\u00f3grafa zaragozana Greta Garet, donde veremos un repaso de sus \u00faltimos trabajos realizados en formato Polaroid.<\/p>\n<p>&nbsp;<\/p>\n<p>Tambi\u00e9n habr\u00e1 m\u00fasica a cargo del Dj Ivan de Ramos (Sala L\u00f3pez).<\/p>\n<p>&nbsp;<\/p>\n<p>&nbsp;<\/p>\n<ol start=\"10\">\n<li><strong> Tribandrum, C\/ Mart\u00edn Carrillo 7<\/strong><\/li>\n<\/ol>\n<p>&nbsp;<\/p>\n<p>En Tribandrum tendremos picoteo y de 22:00 a 22:30 horas podremos disfrutar de una actuaci\u00f3n de magia a cargo del ilusionista Pablo Mored.<\/p>\n<p>&nbsp;<\/p>\n<p>&nbsp;<\/p>\n<ol start=\"11\">\n<li><strong> Grey Gardens, C\/ \u00d3rgano, 3<\/strong><\/li>\n<\/ol>\n<p>&nbsp;<\/p>\n<p>En Grey Gardens podremos encontrar un especial a 5 \u20ac, muchas de sus joyas vintage a 5 \u20ac.<\/p>\n<p>&nbsp;<\/p>\n<p>Adem\u00e1s contar\u00e1n con la participaci\u00f3n de \u00abV\u00edstase se\u00f1ora\u00bb.<\/p>\n<p>&nbsp;<\/p>\n<p>Y para refrescarnos, cerveza y sesi\u00f3n de DJ.<\/p>\n<p>&nbsp;<\/p>\n<p>&nbsp;<\/p>\n<ol start=\"12\">\n<li><strong> Sehahechotrizas, C\/ San Agust\u00edn, local 8B<\/strong><\/li>\n<\/ol>\n<p>&nbsp;<\/p>\n<p>En Sehahechotrizas encontraremos una selecci\u00f3n de sus trabajos con descuentos especiales del 15%.<\/p>\n<p>&nbsp;<\/p>\n<p>&nbsp;<\/p>\n<ol start=\"13\">\n<li><strong> Blue Velvet, C\/ Cadena 8<\/strong><\/li>\n<\/ol>\n<p>&nbsp;<\/p>\n<p>En Blue Velvet tendremos picoteo, la exposici\u00f3n de Blasina Rocher, Girl Power, y presentaci\u00f3n de la colecci\u00f3n de camisetas Girl Power.<\/p>\n<p>&nbsp;<\/p>\n<p>Y tambi\u00e9n prendas especiales preparadas para ese d\u00eda.<\/p>\n<p>&nbsp;<\/p>\n<ol start=\"14\">\n<li><strong> Alfiler de Gancho, Pasaje Puerta Cinegia, 2\u00aa planta<\/strong><\/li>\n<\/ol>\n<p>&nbsp;<\/p>\n<p>En Alfiler de Gancho se organizar\u00e1 concurso de \u00abcostura a m\u00e1quina r\u00e1pida\u00bb en el que podr\u00e1n participar todas las personas que lo deseen y quienes mejor lo hagan se llevar\u00e1n como premio y recuerdo, una camiseta conmemorativa.<\/p>\n<p>&nbsp;<\/p>\n<p>Adem\u00e1s ofrecer\u00e1n descuentos especiales en todos sus complementos.<\/p>\n<p>&nbsp;<\/p>\n<p>&nbsp;<\/p>\n<ol start=\"15\">\n<li><strong> Kashmir, C\/ Santo Dominguito de Val 4<\/strong><\/li>\n<\/ol>\n<p>&nbsp;<\/p>\n<p>En Kashmir encontraremos descuentos especiales y la 2\u00aa edici\u00f3n de Garage Sales, en la que se dar\u00e1 especial importancia a la venta de muebles y decoraci\u00f3n vintage y restaurada.<\/p>\n<p>&nbsp;<\/p>\n<p>&nbsp;<\/p>\n<ol start=\"16\">\n<li><strong> Al Loro Enamoro, C\/ Santa Cruz 8<\/strong><\/li>\n<\/ol>\n<p>&nbsp;<\/p>\n<p>En Al Loro Enamoro encontraremos picoteo y m\u00fasica, un 20% de descuento en toda la tienda y el sorteo entre todas las compras de una de las camisetas dise\u00f1adas por Al Loro.<\/p>\n<p>&nbsp;<\/p>\n<p>&nbsp;<\/p>\n<ol start=\"17\">\n<li><strong> Flamingos Vintage Kilo, Plaza Ignacio Jord\u00e1n Asso 1<\/strong><\/li>\n<\/ol>\n<p>&nbsp;<\/p>\n<p>En Flamingos todos los que pasen por la tienda podr\u00e1n aprovecharse de promociones exclusivas para ese d\u00eda, rebajas, picoteo, refrigerio y alguna sorpresa m\u00e1s&#8230;<\/p>\n<p>&nbsp;<\/p>\n<p><strong>\u00a0<\/strong><\/p>\n<ol start=\"18\">\n<li><strong> Esenzia, C\/ San Vicente de Pa\u00fal 23<\/strong><\/li>\n<\/ol>\n<p>&nbsp;<\/p>\n<p>En Esenzia se adelantan las rebajas a La Noche de los Tenderos Creativos.<\/p>\n<p>&nbsp;<\/p>\n<p>Disfrutaremos de una sesi\u00f3n musical a cargo Alberto Cort\u00e9s DJ y de un picoteo t\u00edpico senegal\u00e9s.<\/p>\n<p>&nbsp;<\/p>\n<p>Adem\u00e1s, sesi\u00f3n de ilustraci\u00f3n de moda en vivo! Los que se pasen por Esenzia podr\u00e1n optar a llevarse una ilustraci\u00f3n de moda con su look realizada por el artista Adri\u00e1n Pereda, que estar\u00e1 captando los total looks de la gente y llev\u00e1ndolos al papel. Todas aquellas personas que hagan compras superiores a 40 euros, Esenzia les regalar\u00e1 una ilustraci\u00f3n.<\/p>\n<p>&nbsp;<\/p>\n<p>&nbsp;<\/p>\n<ol start=\"19\">\n<li><strong> Estrella Alba y Luces de Tul, C\/ San Vicente de Pa\u00fal 9<\/strong><\/li>\n<\/ol>\n<p>&nbsp;<\/p>\n<p>En Estrella Alba y Luces de Tul encontraremos muy buena m\u00fasica, un 10% de descuento en toda la tienda y un aperitivo.<\/p>\n<p>&nbsp;<\/p>\n<p>&nbsp;<\/p>\n<ol start=\"20\">\n<li><strong> Lithium, C\/ Santa Catalina 4<\/strong><\/li>\n<\/ol>\n<p>&nbsp;<\/p>\n<p>En Lithium podr\u00e1s visitar la nueva exposici\u00f3n de Mara Ona y conocer la nueva temporada de sus bolsos BL, mientras degustas un peque\u00f1o \u00e1gape.<\/p>\n<p>&nbsp;<\/p>\n<p>&nbsp;<\/p>\n<ol start=\"21\">\n<li><strong> Vorne Store, Plaza San Pedro Nolasco 2<\/strong><\/li>\n<\/ol>\n<p>&nbsp;<\/p>\n<p>En Vorne Store tendremos picoteo, m\u00fasica con DJ en directo y un descuento del 20% en todos los art\u00edculos.<\/p>\n<p>&nbsp;<\/p>\n<p>Adem\u00e1s, entre todas las compras, sortear\u00e1n un vale de 50 \u20ac y un abono doble general para el Arenal Sound Festival (1-6 de Agosto).<\/p>\n<p>&nbsp;<\/p>\n<p>&nbsp;<\/p>\n<ol start=\"22\">\n<li><strong> Cris B, C\/ San F\u00e9lix 2<\/strong><\/li>\n<\/ol>\n<p>&nbsp;<\/p>\n<p>En la Noche de los Tenderos Creativos Cris B quiere ayudaros a que os sint\u00e1is m\u00e1s guapas.<\/p>\n<p>&nbsp;<\/p>\n<p>Cris B dise\u00f1a todas las prendas y complementos de su tienda. Colecciones en algod\u00f3n ecol\u00f3gico y con estampados propios y personales.<\/p>\n<p>&nbsp;<\/p>\n<p>Os ense\u00f1ar\u00e1 las diferentes formas de ponerse las prendas que os gusten.<\/p>\n<p>&nbsp;<\/p>\n<p>Adem\u00e1s tendr\u00e9is en la tienda al equipo de Caliope Cosm\u00e9tica (poner enlace) para asesoraros y probaros cu\u00e1les son los colores de pintalabios que m\u00e1s os favorecen o cu\u00e1l realza vuestras facciones.<\/p>\n<p>&nbsp;<\/p>\n<p>Adem\u00e1s Cris B ofrece descuentos en las compras que realic\u00e9is durante todo el d\u00eda. Promociones que llegar\u00e1n hasta un 50% durante todo el d\u00eda.<\/p>\n<p>&nbsp;<\/p>\n<p>Entre todas las compras del d\u00eda habr\u00e1 un sorteo de un vale de 15 euros para la tienda de Cris B, un vale con un descuento del 15% para la tienda de Caliope Cosm\u00e9tica y un regalo sorpresa especial con los dise\u00f1os de Cris B.<\/p>\n<p>&nbsp;<\/p>\n<p>&nbsp;<\/p>\n<ol start=\"23\">\n<li><strong> Urban Gourmet, C\/ Espoz y Mina 7<\/strong><\/li>\n<\/ol>\n<p>&nbsp;<\/p>\n<p>En Urgan Gourmet vamos a degustar un picoteo, de productos artesanos y gourmet (embutido, cremas, salsas, vinos, quesos, encurtidos, aceites&#8230;).<\/p>\n<p>&nbsp;<\/p>\n<p>Se obtendr\u00e1 un descuento del 10% en la Noche de los Tenderos Creativos por la compra de cualquier producto, con un bono descuento del 10% por ser MI PRIMERA COMPRA URBAN GOURMET y un bono descuento del 10% por MIS REGALOS Y DETALLES URBAN GOURMET (ambos bonos ser\u00e1n dispensados durante la Noche de los Tenderos Creativos)<\/p>\n<p>&nbsp;<\/p>\n<p>&nbsp;<\/p>\n<ol start=\"24\">\n<li><strong> Paez Shoes, C\/ San F\u00e9lix 2<\/strong><\/li>\n<\/ol>\n<p>&nbsp;<\/p>\n<p>En Paez Shoes tendremos un 10% de descuento en todos los modelos Paez, excepto los de Outlet.<\/p>\n<p>&nbsp;<\/p>\n<p>Por cada par vendido donar\u00e1n otro a la Fundaci\u00f3n Ilumin\u00e1frica para entregarlos en mano a los ni\u00f1os m\u00e1s necesitados.<\/p>\n<p>&nbsp;<\/p>\n<p>Adem\u00e1s disfrutaremos de un picoteo y m\u00fasica.<\/p>\n<p>&nbsp;<\/p>\n<p>&nbsp;<\/p>\n<ol start=\"25\">\n<li><strong> La Ventana Indiscreta, C\/ San Lorenzo 12<\/strong><\/li>\n<\/ol>\n<p>&nbsp;<\/p>\n<p>En la Ventana Indiscreta podremos encontrar descuentos del 5% en libros y del 10% en el resto de art\u00edculos, salvo ofertas.<\/p>\n<p>&nbsp;<\/p>\n<p>Con cualquier compra realizada se entrar\u00e1 en el SORTEO de 3 ilustraciones (formato DINA3) de las dos series del momento: TWIN PEAKS y STRANGER THINGS y la pel\u00edcula de culto BLADE RUNNER que vuelve el pr\u00f3ximo 6 de Octubre como \u00abBLADE RUNNER 2049\u00bb.<\/p>\n<p>&nbsp;<\/p>\n<p>&nbsp;<\/p>\n<ol start=\"26\">\n<li><strong> Plastik, C\/ Coso 180<\/strong><\/li>\n<\/ol>\n<p>&nbsp;<\/p>\n<p>En Plastik disfrutaremos de la Tropical Party con mojitos y frutas frescas, m\u00fasica a cargo de DJ y adem\u00e1s descuentos muy locos de hasta el 50%.<\/p>\n<p>&nbsp;<\/p>\n<p>&nbsp;<\/p>\n<ol start=\"27\">\n<li><strong> Arte a Bocados, C\/ Ossau 4<\/strong><\/li>\n<\/ol>\n<p>&nbsp;<\/p>\n<p>Arte a Bocados ofrecer\u00e1 un taller para hacer un centro de mesa con frutas de las que se tienen habitualmente en casa para que cualquiera lo pueda realizar en su hogar.<\/p>\n<p>&nbsp;<\/p>\n<p>&nbsp;<\/p>\n<ol start=\"28\">\n<li><strong> Zapater\u00eda 8 y medio, C\/ Refugio 12<\/strong><\/li>\n<\/ol>\n<p>&nbsp;<\/p>\n<p>En Zapater\u00eda 8 y medio podremos disfrutar de la m\u00fasica a cargo de PIG RECORDS, descuentos en todo el calzado y complementos, ofertas especiales en modelos escogidos para la ocasi\u00f3n, y alguna sorpresa m\u00e1s.<\/p>\n<p>&nbsp;<\/p>\n<p>&nbsp;<\/p>\n<ol start=\"29\">\n<li><strong> Cool Hunter, C\/ Refugio 12<\/strong><\/li>\n<\/ol>\n<p>&nbsp;<\/p>\n<p>En Cool Hunter podr\u00e9is encontrar toda clase de descuentos y sorpresas.<\/p>\n<p>&nbsp;<\/p>\n<ol start=\"30\">\n<li><strong> Espacio Desmontando a la Pili, C\/ Don Juan de Arag\u00f3n 21<\/strong><\/li>\n<\/ol>\n<p>&nbsp;<\/p>\n<p>Las propuestas de Desmontando a la Pili para La Noche de los Tenderos Creativos son cuentacuentos er\u00f3tico a cargo de C\u00e9line Rainoird, descuentos del 10% en la compra de productos (no acumulable a otros descuentos) y bebidas fr\u00edas. Por \u00faltimo, la mini speed-dating: \u00abconoce mejor a la gente que te rodea y descubre alguno de sus secretos\u00bb.<\/p>\n<p>&nbsp;<\/p>\n<p>&nbsp;<\/p>\n<ol start=\"31\">\n<li><strong> Joyer\u00eda Zayro, C\/ Torre Nueva 35<\/strong><\/li>\n<\/ol>\n<p>&nbsp;<\/p>\n<p>Joyer\u00eda Zayro ofrecer\u00e1 un taller de dise\u00f1o por ordenador de alianzas. Se har\u00e1n varios dise\u00f1os de alianzas y se mostrar\u00e1n todas las posibilidades ofrecidas para dise\u00f1ar y personalizar alianzas.<\/p>\n<p>&nbsp;<\/p>\n<p>&nbsp;<\/p>\n<ol start=\"32\">\n<li><strong> La Mar de Cookies, C\/ San Pablo 95<\/strong><\/li>\n<\/ol>\n<p>&nbsp;<\/p>\n<p>En La Mar de Cookies ofrecer\u00e1n una degustaci\u00f3n de sus productos.<\/p>\n<p>&nbsp;<\/p>\n<p>&nbsp;<\/p>\n<ol start=\"33\">\n<li><strong> Calvo i Mayayo galer\u00eda, C\/ de la Cadena 28<\/strong><\/li>\n<\/ol>\n<p>&nbsp;<\/p>\n<p>A las 22:00 horas podremos disfrutar de una demostraci\u00f3n de arte floral en Calvo i Mayayo galer\u00eda, en el que se dar\u00e1n a conocer las pautas b\u00e1sicas a tener en cuenta para realizar una composici\u00f3n floral.<\/p>\n<p>&nbsp;<\/p>\n<p>&nbsp;<\/p>\n<ol start=\"34\">\n<li><strong> Overt1me, C\/ San Jorge 23<\/strong><\/li>\n<\/ol>\n<p>&nbsp;<\/p>\n<p>En la reci\u00e9n estrenada tienda de Overt1me tendremos Dj Set Overt1me Co. ( Hip-Hop &amp; Classics) y Expo de Arte Urbano ( Ov1. Crew), todo ello acompa\u00f1ado de unos snack\u00b4s<\/p>\n<p>&nbsp;<\/p>\n<ol start=\"35\">\n<li><strong> Brigadoon, C\/ San Miguel 50, entrada por All\u00fae Salvador<\/strong><\/li>\n<\/ol>\n<p>&nbsp;<\/p>\n<p>En Brigadoon ofrecer\u00e1n un \u00e1gape, un descuento del 20% en todas las compras y un regalo especial por compras superiores a 50\u20ac.<\/p>\n<p>&nbsp;<\/p>\n<p>&nbsp;<\/p>\n<p><img loading=\"lazy\" decoding=\"async\" class=\"size-full wp-image-15753\" src=\"http:\/\/madeinzaragoza.es\/blog\/wp-content\/uploads\/2017\/06\/ASD-NOCHE-TENDEROS-CREATIVOS-2.jpg\" alt=\"\" width=\"498\" height=\"334\" srcset=\"http:\/\/madeinzaragoza.es\/blog\/wp-content\/uploads\/2017\/06\/ASD-NOCHE-TENDEROS-CREATIVOS-2.jpg 498w, http:\/\/madeinzaragoza.es\/blog\/wp-content\/uploads\/2017\/06\/ASD-NOCHE-TENDEROS-CREATIVOS-2-300x201.jpg 300w\" sizes=\"(max-width: 498px) 85vw, 498px\" \/><\/p>\n<p>&nbsp;<\/p>\n<p>&nbsp;<\/p>\n<ol start=\"36\">\n<li><strong> Despertar, C\/ Hero\u00edsmo 6<\/strong><\/li>\n<\/ol>\n<p>&nbsp;<\/p>\n<p>En Despertar tomaremos un picoteo y podremos contemplar la mini exposici\u00f3n de Rafael Barnola.<\/p>\n<p>&nbsp;<\/p>\n<p>&nbsp;<\/p>\n<ol start=\"37\">\n<li><strong> Sin Huella, C\/ Coso 156<\/strong><\/li>\n<\/ol>\n<p>&nbsp;<\/p>\n<p>En Sin Huella a las 21:30 se ofrecer\u00e1 una cata de cervezas artesanas de la mano de Cervezas Borda. El aforo estar\u00e1 limitado a 30 personas para la que se requerir\u00e1 previa inscripci\u00f3n en tienda.<\/p>\n<p>&nbsp;<\/p>\n<p>&nbsp;<\/p>\n<ol start=\"38\">\n<li><strong> Ohrigen, C\/ Santa Luc\u00eda 5<\/strong><\/li>\n<\/ol>\n<p>&nbsp;<\/p>\n<p>En Ohrigen podremos realizar una degustaci\u00f3n de productos veganos, eco y bio, aprenderemos recetas y peque\u00f1os trucos de la cocina vegana.<\/p>\n<p>&nbsp;<\/p>\n<p>&nbsp;<\/p>\n<ol start=\"39\">\n<li><strong> Paula Dur\u00e1n House of Beauty, C\/ San Lorenzo 3<\/strong><\/li>\n<\/ol>\n<p>&nbsp;<\/p>\n<p>Paula Dur\u00e1n ofrecer\u00e1 un taller de trucos, para que aprendas a sacarte el m\u00e1ximo partido en tu maquillaje. Tambi\u00e9n decoraci\u00f3n creativa de u\u00f1as y como no descuentos en toda su gama de productos.<\/p>\n<p>&nbsp;<\/p>\n<p>Disfrutaremos de Dj session a cargo de SALEK.<\/p>\n<p>&nbsp;<\/p>\n<p>Adem\u00e1s exposici\u00f3n y venta de l\u00e1minas, de la colecci\u00f3n \u00abRobotic minds\u00bb a cargo del artista \u00abCall me rob\u00bb.<\/p>\n<p>&nbsp;<\/p>\n<p>&nbsp;<\/p>\n<ol start=\"40\">\n<li><strong> Frivolit\u00e9, C\/ San Vicente de Pa\u00fal, 18<\/strong><\/li>\n<\/ol>\n<p>&nbsp;<\/p>\n<p>En Frivolit\u00e9 encontrar\u00e1s descuentos del 20 %, ambientaci\u00f3n con m\u00fasica de otras d\u00e9cadas y taller de c\u00f3mo vestir la indumentaria tradicional.<\/p>\n<p>&nbsp;<\/p>\n<ol start=\"41\">\n<li><strong> El Arquetipo, C\/ San Agust\u00edn 8<\/strong><\/li>\n<\/ol>\n<p>&nbsp;<\/p>\n<p>El Arquetipo propone crear una escultura colaborativa e interactiva de maderas recicladas. Se construir\u00e1 una estructura b\u00e1sica para ir a\u00f1adiendo ideas y piezas entre todos. Todos los que participen, entrar\u00e1n en el sorteo de una escultura de alabastro.<\/p>\n<p>&nbsp;<\/p>\n<p>&nbsp;<\/p>\n<ol start=\"42\">\n<li><strong> Olmo y Ses\u00e9 fotograf\u00eda, C\/ Estudios 15-17<\/strong><\/li>\n<\/ol>\n<p>&nbsp;<\/p>\n<p>En Olmo y Ses\u00e9 encontraremos descuentos entre el 15% y el 20% en vales por cursos de fotograf\u00eda, sesiones en estudio o reportajes de boda que sean adquiridos o reservados durante La Noche de los Tenderos Creativos.<\/p>\n<p>&nbsp;<\/p>\n<p>Adem\u00e1s, har\u00e1n una foto a la gente que los visite y, previa autorizaci\u00f3n, la colgar\u00e1n en su p\u00e1gina de facebook para que se la puedan descargar.<\/p>\n<p>&nbsp;<\/p>\n<p>&nbsp;<\/p>\n<ol start=\"43\">\n<li><strong> El Sitio de Eugenia, C\/ Asalto 42<\/strong><\/li>\n<\/ol>\n<p>&nbsp;<\/p>\n<p>Disfruta de una Gastro Ruta Nocturna por Los Sitios de Zaragoza.<\/p>\n<p>&nbsp;<\/p>\n<p>El Sitio de Eugenia os ofrece su particular visi\u00f3n de los Sitios de Zaragoza con una ruta guiada por los lugares emblem\u00e1ticos de aquel enero de 1809 en el entorno de su establecimiento y terminando en el mismo con un picoteo tem\u00e1tico.<\/p>\n<p>&nbsp;<\/p>\n<p>Hora de salida: 22h<\/p>\n<p>Lugar: Iglesia de la Magdalena<\/p>\n<p>Plazas limitadas: 20 Plazas<\/p>\n<p>Obligatoria Reserva previa en info@ociosingular.com o 616303280.<\/p>\n<p>&nbsp;<\/p>\n<p>&nbsp;<\/p>\n<ol start=\"44\">\n<li><strong> Tequila Sunset, C\/ Espoz y Mina 14<\/strong><\/li>\n<\/ol>\n<p>&nbsp;<\/p>\n<p>Tequila Sunset presentar\u00e1 una nueva colecci\u00f3n especial de uno de sus dise\u00f1adores, ofrecer\u00e1 descuentos especiales en art\u00edculos de esta temporada y algo de picoteo para la gente que visite la tienda.<\/p>\n<p>&nbsp;<\/p>\n<p>&nbsp;<\/p>\n<ol start=\"45\">\n<li><strong> L\u00e9vantate y corre, C\/ Comandante Repoll\u00e9s 4<\/strong><\/li>\n<\/ol>\n<p>&nbsp;<\/p>\n<p>Durante La Noche de los Tenderos Creativos habr\u00e1 comida y bebida en L\u00e9vantate y corre, y la actuaci\u00f3n de Sour Sweetnees en ac\u00fastico (d\u00fao de Country Folk).<\/p>\n<p>&nbsp;<\/p>\n<p>Adem\u00e1s habr\u00e1 ofertas especiales y el avance de las rebajas de verano.<\/p>\n<p>&nbsp;<\/p>\n<p>&nbsp;<\/p>\n<ol start=\"46\">\n<li><strong> Horst, C\/ San Jorge 26<\/strong><\/li>\n<\/ol>\n<p>&nbsp;<\/p>\n<p>En Horst encontraremos la exposici\u00f3n y venta de ilustraciones de la ilustradora aragonesa \u00abMarta es maja\u00bb, m\u00fasica y algo de beber.<\/p>\n<p>&nbsp;<\/p>\n<p><strong>\u00a0<\/strong><\/p>\n<ol start=\"47\">\n<li><strong> La Ola, C\/ San Agust\u00edn 8<\/strong><\/li>\n<\/ol>\n<p>&nbsp;<\/p>\n<p>En La Ola han preparado para La Noche de los Tenderos Creativos la Exposici\u00f3n \u00abCartelicos Bonicos\u00bb hechos en cart\u00f3n reciclado y con mucho amor.<\/p>\n<p>&nbsp;<\/p>\n<p>Tambi\u00e9n disfrutaremos de un concierto con Gustavo Gim\u00e9nez, de picoteo y vino.<\/p>\n<p>&nbsp;<\/p>\n<p>&nbsp;<\/p>\n<ol start=\"48\">\n<li><strong> Proko, C\/ Viola, 2<\/strong><\/li>\n<\/ol>\n<p>&nbsp;<\/p>\n<p>Presentaci\u00f3n de la colecci\u00f3n Venus y Astrolog\u00eda en joyas de oro con la colaboraci\u00f3n de Prok\u00f6 y Maturen.<\/p>\n<p>&nbsp;<\/p>\n<p>Contar\u00e1n con la presencia de un reconocido Astr\u00f3logo, \u00c1ngel Fleta, y sortear\u00e1n una carta Astral entre los clientes que hagan compras esa m\u00e1gica noche.<\/p>\n<p>&nbsp;<\/p>\n<p>Adem\u00e1s har\u00e1n conexi\u00f3n triangular con Shuave Shop, compartiendo exposici\u00f3n de la gran artista Greta Garet, especializada en Polaroids, con una edici\u00f3n especial de la Diosa Venus. Las fotos se podr\u00e1n adquirir y los beneficios se donar\u00e1n a la asociaci\u00f3n Gatolandia.<\/p>\n<p>Descuentos del 10%.<\/p>\n<p>&nbsp;<\/p>\n<p>&nbsp;<\/p>\n<ol start=\"49\">\n<li><strong> Nature Whispers<\/strong><\/li>\n<\/ol>\n<p>&nbsp;<\/p>\n<p>Fruto del car\u00e1cter colaborativo de la red de econom\u00eda creativa Made in Zaragoza, Nature Whispers participar\u00e1 en La Noche de los Tenderos Creativos compartiendo el espacio cedido por Arte a Bocados. Se trata de una venta tipo \u00abpop up\u00bb exclusiva de esta noche, gracias a la colaboraci\u00f3n de dos proyectos integrantes de Made in Zaragoza.<\/p>\n<p>&nbsp;<\/p>\n<p>Nature Whispers crear\u00e1 un rinc\u00f3n de naturaleza, con predominio del musgo natural y la madera, y sobre esta base se expondr\u00e1n una selecci\u00f3n de joyas.<\/p>\n<p>&nbsp;<\/p>\n<p>Se han preparado, especialmente para presentarse en La Noche de los Tenderos Creativos, dos collares de cinco piezas. El primero estar\u00e1 compuesto por semillas de eucalipto con engastes de rub\u00eds, y el segundo elaborado con rodajas de liana y gemas.<\/p>\n<p>&nbsp;<\/p>\n<p>50.\u00a0<b>La Alacena de Arag\u00f3n,\u00a0C\/ Don Jaime I, 38<\/b><\/p>\n<p>Noche de los tenderos creativos\/Fiesta 2\u00ba Aniversario<\/p>\n<p>10% de descuento en compras a partir de las 21:00.<\/p>\n<p>Vino y picoteos gratis para nuestros clientes y amigos desde las 21:00<\/p>\n<p>M\u00fasica en directo.<\/p>\n<p>&nbsp;<\/p>\n<p>&nbsp;<\/p>\n","protected":false},"excerpt":{"rendered":"<p>Desde la Madalena hasta el Gancho, pasando por la zona m\u00e1s cercana a la Plaza del Pilar, los comercios m\u00e1s innovadores y creativos de Made in Zaragoza ofrecer\u00e1n durante la IV Noche de los Tenderos Creativos propuestas culturales, comerciales y art\u00edsticas de todo tipo. &nbsp; Este a\u00f1o, una de las novedades m\u00e1s destacadas que trae\u00a0La &hellip; <a href=\"http:\/\/madeinzaragoza.es\/blog\/participantes-la-noche-los-tenderos-creativos-2017\/\" class=\"more-link\">Continuar leyendo<span class=\"screen-reader-text\"> \u00abParticipantes en La Noche de los Tenderos Creativos 2017\u00bb<\/span><\/a><\/p>\n","protected":false},"author":22,"featured_media":15749,"comment_status":"open","ping_status":"open","sticky":false,"template":"","format":"standard","meta":{"footnotes":""},"categories":[8],"tags":[],"yoast_head":"<!-- This site is optimized with the Yoast SEO plugin v19.7.2 - https:\/\/yoast.com\/wordpress\/plugins\/seo\/ -->\n<title>Participantes en La Noche de los Tenderos Creativos 2017 - Made in Zaragoza<\/title>\n<meta name=\"robots\" content=\"index, follow, max-snippet:-1, max-image-preview:large, max-video-preview:-1\" \/>\n<link rel=\"canonical\" href=\"http:\/\/madeinzaragoza.es\/blog\/participantes-la-noche-los-tenderos-creativos-2017\/\" \/>\n<meta property=\"og:locale\" content=\"es_ES\" \/>\n<meta property=\"og:type\" content=\"article\" \/>\n<meta property=\"og:title\" content=\"Participantes en La Noche de los Tenderos Creativos 2017 - Made in Zaragoza\" \/>\n<meta property=\"og:description\" content=\"Desde la Madalena hasta el Gancho, pasando por la zona m\u00e1s cercana a la Plaza del Pilar, los comercios m\u00e1s innovadores y creativos de Made in Zaragoza ofrecer\u00e1n durante la IV Noche de los Tenderos Creativos propuestas culturales, comerciales y art\u00edsticas de todo tipo. &nbsp; Este a\u00f1o, una de las novedades m\u00e1s destacadas que trae\u00a0La &hellip; Continuar leyendo &quot;Participantes en La Noche de los Tenderos Creativos 2017&quot;\" \/>\n<meta property=\"og:url\" content=\"http:\/\/madeinzaragoza.es\/blog\/participantes-la-noche-los-tenderos-creativos-2017\/\" \/>\n<meta property=\"og:site_name\" content=\"Made in Zaragoza\" \/>\n<meta property=\"article:publisher\" content=\"https:\/\/www.facebook.com\/madeinzaragoza.es\/\" \/>\n<meta property=\"article:author\" content=\"LasArmasZAC\" \/>\n<meta property=\"article:published_time\" content=\"2017-06-25T16:47:07+00:00\" \/>\n<meta property=\"article:modified_time\" content=\"2017-07-02T15:34:35+00:00\" \/>\n<meta property=\"og:image\" content=\"http:\/\/madeinzaragoza.es\/blog\/wp-content\/uploads\/2017\/06\/adaptacion-horizontal-redes.png\" \/>\n\t<meta property=\"og:image:width\" content=\"784\" \/>\n\t<meta property=\"og:image:height\" content=\"295\" \/>\n\t<meta property=\"og:image:type\" content=\"image\/png\" \/>\n<meta name=\"author\" content=\"MadeinZGZ\" \/>\n<meta name=\"twitter:card\" content=\"summary\" \/>\n<meta name=\"twitter:creator\" content=\"@madeinzaragoza\" \/>\n<meta name=\"twitter:site\" content=\"@madeinzaragoza\" \/>\n<meta name=\"twitter:label1\" content=\"Escrito por\" \/>\n\t<meta name=\"twitter:data1\" content=\"MadeinZGZ\" \/>\n\t<meta name=\"twitter:label2\" content=\"Tiempo de lectura\" \/>\n\t<meta name=\"twitter:data2\" content=\"17 minutos\" \/>\n<script type=\"application\/ld+json\" class=\"yoast-schema-graph\">{\"@context\":\"https:\/\/schema.org\",\"@graph\":[{\"@type\":\"Article\",\"@id\":\"http:\/\/madeinzaragoza.es\/blog\/participantes-la-noche-los-tenderos-creativos-2017\/#article\",\"isPartOf\":{\"@id\":\"http:\/\/madeinzaragoza.es\/blog\/participantes-la-noche-los-tenderos-creativos-2017\/\"},\"author\":{\"name\":\"MadeinZGZ\",\"@id\":\"http:\/\/madeinzaragoza.es\/blog\/#\/schema\/person\/59f4073cf7e7bc2b2f33b48241478a32\"},\"headline\":\"Participantes en La Noche de los Tenderos Creativos 2017\",\"datePublished\":\"2017-06-25T16:47:07+00:00\",\"dateModified\":\"2017-07-02T15:34:35+00:00\",\"mainEntityOfPage\":{\"@id\":\"http:\/\/madeinzaragoza.es\/blog\/participantes-la-noche-los-tenderos-creativos-2017\/\"},\"wordCount\":3475,\"commentCount\":1,\"publisher\":{\"@id\":\"http:\/\/madeinzaragoza.es\/blog\/#organization\"},\"articleSection\":[\"Red MIZ\"],\"inLanguage\":\"es\",\"potentialAction\":[{\"@type\":\"CommentAction\",\"name\":\"Comment\",\"target\":[\"http:\/\/madeinzaragoza.es\/blog\/participantes-la-noche-los-tenderos-creativos-2017\/#respond\"]}]},{\"@type\":\"WebPage\",\"@id\":\"http:\/\/madeinzaragoza.es\/blog\/participantes-la-noche-los-tenderos-creativos-2017\/\",\"url\":\"http:\/\/madeinzaragoza.es\/blog\/participantes-la-noche-los-tenderos-creativos-2017\/\",\"name\":\"Participantes en La Noche de los Tenderos Creativos 2017 - Made in Zaragoza\",\"isPartOf\":{\"@id\":\"http:\/\/madeinzaragoza.es\/blog\/#website\"},\"datePublished\":\"2017-06-25T16:47:07+00:00\",\"dateModified\":\"2017-07-02T15:34:35+00:00\",\"breadcrumb\":{\"@id\":\"http:\/\/madeinzaragoza.es\/blog\/participantes-la-noche-los-tenderos-creativos-2017\/#breadcrumb\"},\"inLanguage\":\"es\",\"potentialAction\":[{\"@type\":\"ReadAction\",\"target\":[\"http:\/\/madeinzaragoza.es\/blog\/participantes-la-noche-los-tenderos-creativos-2017\/\"]}]},{\"@type\":\"BreadcrumbList\",\"@id\":\"http:\/\/madeinzaragoza.es\/blog\/participantes-la-noche-los-tenderos-creativos-2017\/#breadcrumb\",\"itemListElement\":[{\"@type\":\"ListItem\",\"position\":1,\"name\":\"Portada\",\"item\":\"http:\/\/madeinzaragoza.es\/blog\/\"},{\"@type\":\"ListItem\",\"position\":2,\"name\":\"Participantes en La Noche de los Tenderos Creativos 2017\"}]},{\"@type\":\"WebSite\",\"@id\":\"http:\/\/madeinzaragoza.es\/blog\/#website\",\"url\":\"http:\/\/madeinzaragoza.es\/blog\/\",\"name\":\"Made in Zaragoza\",\"description\":\"Blog de MadeinZGZ, Red de Econom\u00eda Creativa de Zaragoza\",\"publisher\":{\"@id\":\"http:\/\/madeinzaragoza.es\/blog\/#organization\"},\"potentialAction\":[{\"@type\":\"SearchAction\",\"target\":{\"@type\":\"EntryPoint\",\"urlTemplate\":\"http:\/\/madeinzaragoza.es\/blog\/?s={search_term_string}\"},\"query-input\":\"required name=search_term_string\"}],\"inLanguage\":\"es\"},{\"@type\":\"Organization\",\"@id\":\"http:\/\/madeinzaragoza.es\/blog\/#organization\",\"name\":\"Made In Zaragoza\",\"url\":\"http:\/\/madeinzaragoza.es\/blog\/\",\"sameAs\":[\"https:\/\/www.instagram.com\/madeinzaragoza.es\/\",\"https:\/\/www.facebook.com\/madeinzaragoza.es\/\",\"https:\/\/twitter.com\/madeinzaragoza\"],\"logo\":{\"@type\":\"ImageObject\",\"inLanguage\":\"es\",\"@id\":\"http:\/\/madeinzaragoza.es\/blog\/#\/schema\/logo\/image\/\",\"url\":\"https:\/\/madeinzaragoza.es\/blog\/wp-content\/uploads\/2022\/05\/logo.png\",\"contentUrl\":\"https:\/\/madeinzaragoza.es\/blog\/wp-content\/uploads\/2022\/05\/logo.png\",\"width\":193,\"height\":176,\"caption\":\"Made In Zaragoza\"},\"image\":{\"@id\":\"http:\/\/madeinzaragoza.es\/blog\/#\/schema\/logo\/image\/\"}},{\"@type\":\"Person\",\"@id\":\"http:\/\/madeinzaragoza.es\/blog\/#\/schema\/person\/59f4073cf7e7bc2b2f33b48241478a32\",\"name\":\"MadeinZGZ\",\"image\":{\"@type\":\"ImageObject\",\"inLanguage\":\"es\",\"@id\":\"http:\/\/madeinzaragoza.es\/blog\/#\/schema\/person\/image\/\",\"url\":\"http:\/\/2.gravatar.com\/avatar\/23c2456a35687aa268b52997d8f142d1?s=96&d=mm&r=g\",\"contentUrl\":\"http:\/\/2.gravatar.com\/avatar\/23c2456a35687aa268b52997d8f142d1?s=96&d=mm&r=g\",\"caption\":\"MadeinZGZ\"},\"description\":\"Red de comercios y emprendedores creativos de Zaragoza impulsada por ZGZ Activa.\",\"sameAs\":[\"LasArmasZAC\",\"https:\/\/twitter.com\/madeinzaragoza\"],\"url\":\"http:\/\/madeinzaragoza.es\/blog\/author\/madeinzgz\/\"}]}<\/script>\n<!-- \/ Yoast SEO plugin. -->","yoast_head_json":{"title":"Participantes en La Noche de los Tenderos Creativos 2017 - Made in Zaragoza","robots":{"index":"index","follow":"follow","max-snippet":"max-snippet:-1","max-image-preview":"max-image-preview:large","max-video-preview":"max-video-preview:-1"},"canonical":"http:\/\/madeinzaragoza.es\/blog\/participantes-la-noche-los-tenderos-creativos-2017\/","og_locale":"es_ES","og_type":"article","og_title":"Participantes en La Noche de los Tenderos Creativos 2017 - Made in Zaragoza","og_description":"Desde la Madalena hasta el Gancho, pasando por la zona m\u00e1s cercana a la Plaza del Pilar, los comercios m\u00e1s innovadores y creativos de Made in Zaragoza ofrecer\u00e1n durante la IV Noche de los Tenderos Creativos propuestas culturales, comerciales y art\u00edsticas de todo tipo. &nbsp; Este a\u00f1o, una de las novedades m\u00e1s destacadas que trae\u00a0La &hellip; Continuar leyendo \"Participantes en La Noche de los Tenderos Creativos 2017\"","og_url":"http:\/\/madeinzaragoza.es\/blog\/participantes-la-noche-los-tenderos-creativos-2017\/","og_site_name":"Made in Zaragoza","article_publisher":"https:\/\/www.facebook.com\/madeinzaragoza.es\/","article_author":"LasArmasZAC","article_published_time":"2017-06-25T16:47:07+00:00","article_modified_time":"2017-07-02T15:34:35+00:00","og_image":[{"width":784,"height":295,"url":"http:\/\/madeinzaragoza.es\/blog\/wp-content\/uploads\/2017\/06\/adaptacion-horizontal-redes.png","type":"image\/png"}],"author":"MadeinZGZ","twitter_card":"summary","twitter_creator":"@madeinzaragoza","twitter_site":"@madeinzaragoza","twitter_misc":{"Escrito por":"MadeinZGZ","Tiempo de lectura":"17 minutos"},"schema":{"@context":"https:\/\/schema.org","@graph":[{"@type":"Article","@id":"http:\/\/madeinzaragoza.es\/blog\/participantes-la-noche-los-tenderos-creativos-2017\/#article","isPartOf":{"@id":"http:\/\/madeinzaragoza.es\/blog\/participantes-la-noche-los-tenderos-creativos-2017\/"},"author":{"name":"MadeinZGZ","@id":"http:\/\/madeinzaragoza.es\/blog\/#\/schema\/person\/59f4073cf7e7bc2b2f33b48241478a32"},"headline":"Participantes en La Noche de los Tenderos Creativos 2017","datePublished":"2017-06-25T16:47:07+00:00","dateModified":"2017-07-02T15:34:35+00:00","mainEntityOfPage":{"@id":"http:\/\/madeinzaragoza.es\/blog\/participantes-la-noche-los-tenderos-creativos-2017\/"},"wordCount":3475,"commentCount":1,"publisher":{"@id":"http:\/\/madeinzaragoza.es\/blog\/#organization"},"articleSection":["Red MIZ"],"inLanguage":"es","potentialAction":[{"@type":"CommentAction","name":"Comment","target":["http:\/\/madeinzaragoza.es\/blog\/participantes-la-noche-los-tenderos-creativos-2017\/#respond"]}]},{"@type":"WebPage","@id":"http:\/\/madeinzaragoza.es\/blog\/participantes-la-noche-los-tenderos-creativos-2017\/","url":"http:\/\/madeinzaragoza.es\/blog\/participantes-la-noche-los-tenderos-creativos-2017\/","name":"Participantes en La Noche de los Tenderos Creativos 2017 - Made in Zaragoza","isPartOf":{"@id":"http:\/\/madeinzaragoza.es\/blog\/#website"},"datePublished":"2017-06-25T16:47:07+00:00","dateModified":"2017-07-02T15:34:35+00:00","breadcrumb":{"@id":"http:\/\/madeinzaragoza.es\/blog\/participantes-la-noche-los-tenderos-creativos-2017\/#breadcrumb"},"inLanguage":"es","potentialAction":[{"@type":"ReadAction","target":["http:\/\/madeinzaragoza.es\/blog\/participantes-la-noche-los-tenderos-creativos-2017\/"]}]},{"@type":"BreadcrumbList","@id":"http:\/\/madeinzaragoza.es\/blog\/participantes-la-noche-los-tenderos-creativos-2017\/#breadcrumb","itemListElement":[{"@type":"ListItem","position":1,"name":"Portada","item":"http:\/\/madeinzaragoza.es\/blog\/"},{"@type":"ListItem","position":2,"name":"Participantes en La Noche de los Tenderos Creativos 2017"}]},{"@type":"WebSite","@id":"http:\/\/madeinzaragoza.es\/blog\/#website","url":"http:\/\/madeinzaragoza.es\/blog\/","name":"Made in Zaragoza","description":"Blog de MadeinZGZ, Red de Econom\u00eda Creativa de Zaragoza","publisher":{"@id":"http:\/\/madeinzaragoza.es\/blog\/#organization"},"potentialAction":[{"@type":"SearchAction","target":{"@type":"EntryPoint","urlTemplate":"http:\/\/madeinzaragoza.es\/blog\/?s={search_term_string}"},"query-input":"required name=search_term_string"}],"inLanguage":"es"},{"@type":"Organization","@id":"http:\/\/madeinzaragoza.es\/blog\/#organization","name":"Made In Zaragoza","url":"http:\/\/madeinzaragoza.es\/blog\/","sameAs":["https:\/\/www.instagram.com\/madeinzaragoza.es\/","https:\/\/www.facebook.com\/madeinzaragoza.es\/","https:\/\/twitter.com\/madeinzaragoza"],"logo":{"@type":"ImageObject","inLanguage":"es","@id":"http:\/\/madeinzaragoza.es\/blog\/#\/schema\/logo\/image\/","url":"https:\/\/madeinzaragoza.es\/blog\/wp-content\/uploads\/2022\/05\/logo.png","contentUrl":"https:\/\/madeinzaragoza.es\/blog\/wp-content\/uploads\/2022\/05\/logo.png","width":193,"height":176,"caption":"Made In Zaragoza"},"image":{"@id":"http:\/\/madeinzaragoza.es\/blog\/#\/schema\/logo\/image\/"}},{"@type":"Person","@id":"http:\/\/madeinzaragoza.es\/blog\/#\/schema\/person\/59f4073cf7e7bc2b2f33b48241478a32","name":"MadeinZGZ","image":{"@type":"ImageObject","inLanguage":"es","@id":"http:\/\/madeinzaragoza.es\/blog\/#\/schema\/person\/image\/","url":"http:\/\/2.gravatar.com\/avatar\/23c2456a35687aa268b52997d8f142d1?s=96&d=mm&r=g","contentUrl":"http:\/\/2.gravatar.com\/avatar\/23c2456a35687aa268b52997d8f142d1?s=96&d=mm&r=g","caption":"MadeinZGZ"},"description":"Red de comercios y emprendedores creativos de Zaragoza impulsada por ZGZ Activa.","sameAs":["LasArmasZAC","https:\/\/twitter.com\/madeinzaragoza"],"url":"http:\/\/madeinzaragoza.es\/blog\/author\/madeinzgz\/"}]}},"_links":{"self":[{"href":"http:\/\/madeinzaragoza.es\/blog\/wp-json\/wp\/v2\/posts\/15748"}],"collection":[{"href":"http:\/\/madeinzaragoza.es\/blog\/wp-json\/wp\/v2\/posts"}],"about":[{"href":"http:\/\/madeinzaragoza.es\/blog\/wp-json\/wp\/v2\/types\/post"}],"author":[{"embeddable":true,"href":"http:\/\/madeinzaragoza.es\/blog\/wp-json\/wp\/v2\/users\/22"}],"replies":[{"embeddable":true,"href":"http:\/\/madeinzaragoza.es\/blog\/wp-json\/wp\/v2\/comments?post=15748"}],"version-history":[{"count":6,"href":"http:\/\/madeinzaragoza.es\/blog\/wp-json\/wp\/v2\/posts\/15748\/revisions"}],"predecessor-version":[{"id":15890,"href":"http:\/\/madeinzaragoza.es\/blog\/wp-json\/wp\/v2\/posts\/15748\/revisions\/15890"}],"wp:featuredmedia":[{"embeddable":true,"href":"http:\/\/madeinzaragoza.es\/blog\/wp-json\/wp\/v2\/media\/15749"}],"wp:attachment":[{"href":"http:\/\/madeinzaragoza.es\/blog\/wp-json\/wp\/v2\/media?parent=15748"}],"wp:term":[{"taxonomy":"category","embeddable":true,"href":"http:\/\/madeinzaragoza.es\/blog\/wp-json\/wp\/v2\/categories?post=15748"},{"taxonomy":"post_tag","embeddable":true,"href":"http:\/\/madeinzaragoza.es\/blog\/wp-json\/wp\/v2\/tags?post=15748"}],"curies":[{"name":"wp","href":"https:\/\/api.w.org\/{rel}","templated":true}]}}