{"id":15658,"date":"2017-06-05T08:00:29","date_gmt":"2017-06-05T07:00:29","guid":{"rendered":"http:\/\/madeinzaragoza.es\/blog\/?p=15658"},"modified":"2022-10-09T14:51:09","modified_gmt":"2022-10-09T13:51:09","slug":"paseen-una-visita-al-pasillo-helena-santolaya","status":"publish","type":"post","link":"http:\/\/madeinzaragoza.es\/blog\/paseen-una-visita-al-pasillo-helena-santolaya\/","title":{"rendered":"PASE(E)N, una visita al pasillo de Helena Santolaya"},"content":{"rendered":"<h5><strong>PASE(E)N, una visita al pasillo (y vida) de Helena Santolaya.<\/strong><\/h5>\n<p>Hay multitud de espacios, espacios de tr\u00e1nsito, espacios urbanos, espacios dom\u00e9sticos, espacios p\u00fablicos y espacios privados. En ocasiones, alguno de esos espacios se transforma en especial y simb\u00f3lico y encontrarte con el. Un espacio singular, un espacio diferente, un espacio m\u00e1gico. Este es el caso del espacio y exposici\u00f3n que hemos visitado: <strong>el pasillo de Helena Santolaya<\/strong>.<\/p>\n<p>&nbsp;<\/p>\n<p>Presentar y definir a Helena Santolaya es una tarea dificil porque es tan conocida que no hace falta presentarla y definirla es complicado porque escapa a cualquier clasificaci\u00f3n; es creadora, escritora, poeta, anfitriona, gestora, galerista, regent\u00f3 dos de los bares m\u00e1s cool de la Zaragoza de cambio de siglo y, como ella misma dice, es \u00abuna artista de andar por casa\u00bb.<\/p>\n<p>Y mucho ha andado por casa, por su casa, en concreto por el pasillo de su casa. Su pasillo, un espacio que transciende la mera funci\u00f3n de tr\u00e1nsito y de comunicaci\u00f3n de estancias para convertirse en un lugar simb\u00f3lico, un lugar de celebraci\u00f3n y un lugar de acumulaci\u00f3n y exposici\u00f3n de objetos.<\/p>\n<p>&nbsp;<\/p>\n<p>El pasillo de Helena es un lugar de encuentro social y cultural. Su largo pasillo dom\u00e9stico ha albergado multitud de fiestas que Helena ha organizado de forma intencionada o casual. Por all\u00ed han desfilado amigos, artistas, escritores y toda una vida, la suya propia, en forma de cientos y cientos de objetos que ha ido acumulando y exponiendo en el. Ahora ha llegado el momento de abrir ese pasillo a m\u00e1s gente, de hacerlo p\u00fablico y que mejor forma que hacerlo en forma de exposici\u00f3n en la Sala Juana Franc\u00e9s de la Casa de la Mujer (Don Juan de Arag\u00f3n, 2).<\/p>\n<p>&nbsp;<\/p>\n<p><img loading=\"lazy\" decoding=\"async\" class=\"aligncenter size-full wp-image-15668\" src=\"http:\/\/madeinzaragoza.es\/blog\/wp-content\/uploads\/2017\/06\/IMG_6311.jpg\" alt=\"\" width=\"1200\" height=\"900\" srcset=\"http:\/\/madeinzaragoza.es\/blog\/wp-content\/uploads\/2017\/06\/IMG_6311.jpg 1200w, http:\/\/madeinzaragoza.es\/blog\/wp-content\/uploads\/2017\/06\/IMG_6311-300x225.jpg 300w, http:\/\/madeinzaragoza.es\/blog\/wp-content\/uploads\/2017\/06\/IMG_6311-768x576.jpg 768w, http:\/\/madeinzaragoza.es\/blog\/wp-content\/uploads\/2017\/06\/IMG_6311-1024x768.jpg 1024w\" sizes=\"(max-width: 709px) 85vw, (max-width: 909px) 67vw, (max-width: 1362px) 62vw, 840px\" \/><\/p>\n<p><img loading=\"lazy\" decoding=\"async\" class=\"aligncenter size-full wp-image-15663\" src=\"http:\/\/madeinzaragoza.es\/blog\/wp-content\/uploads\/2017\/06\/Hs1.jpg\" alt=\"\" width=\"1196\" height=\"886\" srcset=\"http:\/\/madeinzaragoza.es\/blog\/wp-content\/uploads\/2017\/06\/Hs1.jpg 1196w, http:\/\/madeinzaragoza.es\/blog\/wp-content\/uploads\/2017\/06\/Hs1-300x222.jpg 300w, http:\/\/madeinzaragoza.es\/blog\/wp-content\/uploads\/2017\/06\/Hs1-768x569.jpg 768w, http:\/\/madeinzaragoza.es\/blog\/wp-content\/uploads\/2017\/06\/Hs1-1024x759.jpg 1024w\" sizes=\"(max-width: 709px) 85vw, (max-width: 909px) 67vw, (max-width: 1362px) 62vw, 840px\" \/><\/p>\n<p>Bajo el t\u00edtulo <strong>\u00abPASE(E)N\u00bb<\/strong> Helena presenta un proyecto compuesto por varias partes. La primera de ellas es la intervenci\u00f3n de la Casa de la Mujer donde recrea el espacio f\u00edsico de su pasillo dom\u00e9stico en la propia sala de exposiciones con todos los objetos que en el acumula. Lo primero que vemos al entrar en la sala es una maqueta a escala de la casa de la artista donde vemos el largo pasillo que rodea la casa (con los objetos tambi\u00e9n a escala) y las diferentes estancias del hogar. Luego podemos entrar en la instalaci\u00f3n que recrea el \u00e1mbito privado de la artista y pasear por el pasillo observando la multitud de curiosidades que Helena ha ido acumulando a lo largo de muchos a\u00f1os. Esta visita es tambi\u00e9n un paseo por la vida de la artista, por sus intereses y sus inquietudes, por sus amigos, por sus fiestas, por su memoria y por su tiempo.<\/p>\n<p>&nbsp;<\/p>\n<p><img loading=\"lazy\" decoding=\"async\" class=\"aligncenter size-full wp-image-15664\" src=\"http:\/\/madeinzaragoza.es\/blog\/wp-content\/uploads\/2017\/06\/IMG_6283.jpg\" alt=\"\" width=\"1200\" height=\"900\" srcset=\"http:\/\/madeinzaragoza.es\/blog\/wp-content\/uploads\/2017\/06\/IMG_6283.jpg 1200w, http:\/\/madeinzaragoza.es\/blog\/wp-content\/uploads\/2017\/06\/IMG_6283-300x225.jpg 300w, http:\/\/madeinzaragoza.es\/blog\/wp-content\/uploads\/2017\/06\/IMG_6283-768x576.jpg 768w, http:\/\/madeinzaragoza.es\/blog\/wp-content\/uploads\/2017\/06\/IMG_6283-1024x768.jpg 1024w\" sizes=\"(max-width: 709px) 85vw, (max-width: 909px) 67vw, (max-width: 1362px) 62vw, 840px\" \/><\/p>\n<p>Su pasillo es un lugar muy especial donde encontramos un extenso cat\u00e1logo de objetos personales, objetos encontrados, objetos creados y objetos po\u00e9ticos. Es un viaje emocional al surrealismo y al dad\u00e1 en su sentido m\u00e1s literal. Carteles, juguetes, fotograf\u00edas, libros, anuncios, manqu\u00edes, ropa, cuadros, pendientes y m\u00e1s pendientes y un sinf\u00edn de exquisitos delirios en forma de objeto es lo que nos espera all\u00ed. Todo su pasillo real ha sido vaciado y trasladado a la exposici\u00f3n, pero entonces&#8230; \u00bfqu\u00e9 ha quedado en su pasillo? Vayamos a su casa a verlo.<\/p>\n<p>&nbsp;<\/p>\n<p><img loading=\"lazy\" decoding=\"async\" class=\"aligncenter size-full wp-image-15662\" src=\"http:\/\/madeinzaragoza.es\/blog\/wp-content\/uploads\/2017\/06\/IMG_6375.jpg\" alt=\"\" width=\"1200\" height=\"900\" srcset=\"http:\/\/madeinzaragoza.es\/blog\/wp-content\/uploads\/2017\/06\/IMG_6375.jpg 1200w, http:\/\/madeinzaragoza.es\/blog\/wp-content\/uploads\/2017\/06\/IMG_6375-300x225.jpg 300w, http:\/\/madeinzaragoza.es\/blog\/wp-content\/uploads\/2017\/06\/IMG_6375-768x576.jpg 768w, http:\/\/madeinzaragoza.es\/blog\/wp-content\/uploads\/2017\/06\/IMG_6375-1024x768.jpg 1024w\" sizes=\"(max-width: 709px) 85vw, (max-width: 909px) 67vw, (max-width: 1362px) 62vw, 840px\" \/><\/p>\n<p>Su pasillo qued\u00f3 vac\u00edo y esto no pod\u00eda suceder en casa de Helena Santolaya, as\u00ed que, que mejor que convocar a veintisiete artistas para realizar una exposici\u00f3n colectiva en este espacio de su casa. Dicho y hecho, la artista llam\u00f3 a los artistas que hab\u00edan pasado por la <strong>Galer\u00eda Tut\u00fa<\/strong> situada en el escaparate de La Caja de los Hilos, el \u00faltimo bar de Helena, y ha organiz\u00f3 la segunda parte del proyecto \u00abPASE(E)N\u00bb. Transforma un espacio de su \u00e1mbito privado en un espacio p\u00fablico y visitable. Su pasillo transformado en una sala de exposiciones de forma temporal que acoge la visita de los espectadores que quieran entrar a su casa.<\/p>\n<p>&nbsp;<\/p>\n<p><img loading=\"lazy\" decoding=\"async\" class=\"aligncenter size-full wp-image-15667\" src=\"http:\/\/madeinzaragoza.es\/blog\/wp-content\/uploads\/2017\/06\/IMG_6357.jpg\" alt=\"\" width=\"1200\" height=\"900\" srcset=\"http:\/\/madeinzaragoza.es\/blog\/wp-content\/uploads\/2017\/06\/IMG_6357.jpg 1200w, http:\/\/madeinzaragoza.es\/blog\/wp-content\/uploads\/2017\/06\/IMG_6357-300x225.jpg 300w, http:\/\/madeinzaragoza.es\/blog\/wp-content\/uploads\/2017\/06\/IMG_6357-768x576.jpg 768w, http:\/\/madeinzaragoza.es\/blog\/wp-content\/uploads\/2017\/06\/IMG_6357-1024x768.jpg 1024w\" sizes=\"(max-width: 709px) 85vw, (max-width: 909px) 67vw, (max-width: 1362px) 62vw, 840px\" \/><\/p>\n<p><img loading=\"lazy\" decoding=\"async\" class=\"aligncenter size-full wp-image-15666\" src=\"http:\/\/madeinzaragoza.es\/blog\/wp-content\/uploads\/2017\/06\/Hs2.jpg\" alt=\"\" width=\"1196\" height=\"886\" srcset=\"http:\/\/madeinzaragoza.es\/blog\/wp-content\/uploads\/2017\/06\/Hs2.jpg 1196w, http:\/\/madeinzaragoza.es\/blog\/wp-content\/uploads\/2017\/06\/Hs2-300x222.jpg 300w, http:\/\/madeinzaragoza.es\/blog\/wp-content\/uploads\/2017\/06\/Hs2-768x569.jpg 768w, http:\/\/madeinzaragoza.es\/blog\/wp-content\/uploads\/2017\/06\/Hs2-1024x759.jpg 1024w\" sizes=\"(max-width: 709px) 85vw, (max-width: 909px) 67vw, (max-width: 1362px) 62vw, 840px\" \/><\/p>\n<p>All\u00ed podemos ver obras de Pierre d.la, Susana Vacas, Miguel \u00c1ngel Gil, Mari\u00e1ngeles Cuartero, Isabel Cebolla, Yago de Mateo&#8230; y un largo etc\u00e9tera. Obras de artistas todos ellos que pasaron por la Galer\u00eda Tut\u00fa y que ahora devuelven al presente la memoria de la extinta galer\u00eda gracias a la magia de Helena Santolaya.<\/p>\n<p>&nbsp;<\/p>\n<p>Pero adem\u00e1s de una exposici\u00f3n, es un juego donde la artista diluye las fronteras de lo p\u00fablico y lo privado llevando el \u00e1mbito dom\u00e9stico a una sala de exposiciones y convirtiendo su hogar en un espacio de acceso p\u00fablico. Se enfrenta a lo tradicionalmente establecido y nos invita a eliminar el pudor de entrar en su vida privada. Llama al timbre, entra, sube al primero derecha y entra en su casa. All\u00ed te espera Helena, con un sonrisa en la cara y un gran derroche de alegr\u00eda y amabilidad.<\/p>\n<p>&nbsp;<\/p>\n<p><img loading=\"lazy\" decoding=\"async\" class=\"aligncenter size-full wp-image-15661\" src=\"http:\/\/madeinzaragoza.es\/blog\/wp-content\/uploads\/2017\/06\/IMG_6371.jpg\" alt=\"\" width=\"1200\" height=\"900\" srcset=\"http:\/\/madeinzaragoza.es\/blog\/wp-content\/uploads\/2017\/06\/IMG_6371.jpg 1200w, http:\/\/madeinzaragoza.es\/blog\/wp-content\/uploads\/2017\/06\/IMG_6371-300x225.jpg 300w, http:\/\/madeinzaragoza.es\/blog\/wp-content\/uploads\/2017\/06\/IMG_6371-768x576.jpg 768w, http:\/\/madeinzaragoza.es\/blog\/wp-content\/uploads\/2017\/06\/IMG_6371-1024x768.jpg 1024w\" sizes=\"(max-width: 709px) 85vw, (max-width: 909px) 67vw, (max-width: 1362px) 62vw, 840px\" \/><\/p>\n<p>Y hab\u00eda que trasladar todos los objetos de un lugar a otro \u00bfc\u00f3mo hacerlo? Pues a trav\u00e9s de una convocatoria a modo de fiesta-performance en la que m\u00e1s de doscientas personas formaron una larga cadena humana para llevar todos los objetos de pasillo a pasillo.<\/p>\n<p>&nbsp;<\/p>\n<p><iframe loading=\"lazy\" src=\"https:\/\/player.vimeo.com\/video\/216552252\" width=\"840\" height=\"473\" frameborder=\"0\" title=\"MEMORIAS DE UN PASILLO\" webkitallowfullscreen mozallowfullscreen allowfullscreen><\/iframe><\/p>\n<p>&nbsp;<\/p>\n<p>\u00abPASE(E)N\u00bb es una exposici\u00f3n, bueno dos, pero tambi\u00e9n es una experiencia art\u00edstica fuera de lo com\u00fan que entronca con lo emocional. Una experiencia que os invitamos a vivir y sentir en primera persona porque muy pocas veces encontrar\u00e1s un espacio as\u00ed.<\/p>\n<p>Hasta el 30 de junio en la Sala Juana Franc\u00e9s de la Casa de la Mujer (Don Juan de Arag\u00f3n, 2) y en el hogar de la artista (\u00bfdirecci\u00f3n? mejor ve y desc\u00fabrela tu mismo).<\/p>\n<p>&nbsp;<\/p>\n<p>&nbsp;<\/p>\n","protected":false},"excerpt":{"rendered":"<p>PASE(E)N, una visita al pasillo (y vida) de Helena Santolaya. Hay multitud de espacios, espacios de tr\u00e1nsito, espacios urbanos, espacios dom\u00e9sticos, espacios p\u00fablicos y espacios privados. En ocasiones, alguno de esos espacios se transforma en especial y simb\u00f3lico y encontrarte con el. Un espacio singular, un espacio diferente, un espacio m\u00e1gico. Este es el caso &hellip; <a href=\"http:\/\/madeinzaragoza.es\/blog\/paseen-una-visita-al-pasillo-helena-santolaya\/\" class=\"more-link\">Continuar leyendo<span class=\"screen-reader-text\"> \u00abPASE(E)N, una visita al pasillo de Helena Santolaya\u00bb<\/span><\/a><\/p>\n","protected":false},"author":36,"featured_media":15660,"comment_status":"open","ping_status":"open","sticky":false,"template":"","format":"standard","meta":{"footnotes":""},"categories":[829,7],"tags":[1519],"yoast_head":"<!-- This site is optimized with the Yoast SEO plugin v19.7.2 - https:\/\/yoast.com\/wordpress\/plugins\/seo\/ -->\n<title>PASE(E)N, una visita al pasillo de Helena Santolaya - Made in Zaragoza<\/title>\n<meta name=\"robots\" content=\"index, follow, max-snippet:-1, max-image-preview:large, max-video-preview:-1\" \/>\n<link rel=\"canonical\" href=\"https:\/\/madeinzaragoza.es\/blog\/paseen-una-visita-al-pasillo-helena-santolaya\/\" \/>\n<meta property=\"og:locale\" content=\"es_ES\" \/>\n<meta property=\"og:type\" content=\"article\" \/>\n<meta property=\"og:title\" content=\"PASE(E)N, una visita al pasillo de Helena Santolaya - Made in Zaragoza\" \/>\n<meta property=\"og:description\" content=\"PASE(E)N, una visita al pasillo (y vida) de Helena Santolaya. Hay multitud de espacios, espacios de tr\u00e1nsito, espacios urbanos, espacios dom\u00e9sticos, espacios p\u00fablicos y espacios privados. En ocasiones, alguno de esos espacios se transforma en especial y simb\u00f3lico y encontrarte con el. Un espacio singular, un espacio diferente, un espacio m\u00e1gico. Este es el caso &hellip; Continuar leyendo &quot;PASE(E)N, una visita al pasillo de Helena Santolaya&quot;\" \/>\n<meta property=\"og:url\" content=\"https:\/\/madeinzaragoza.es\/blog\/paseen-una-visita-al-pasillo-helena-santolaya\/\" \/>\n<meta property=\"og:site_name\" content=\"Made in Zaragoza\" \/>\n<meta property=\"article:publisher\" content=\"https:\/\/www.facebook.com\/madeinzaragoza.es\/\" \/>\n<meta property=\"article:author\" content=\"zarayorkers\" \/>\n<meta property=\"article:published_time\" content=\"2017-06-05T07:00:29+00:00\" \/>\n<meta property=\"article:modified_time\" content=\"2022-10-09T13:51:09+00:00\" \/>\n<meta property=\"og:image\" content=\"https:\/\/madeinzaragoza.es\/blog\/wp-content\/uploads\/2017\/06\/IMG_6374.jpg\" \/>\n\t<meta property=\"og:image:width\" content=\"1200\" \/>\n\t<meta property=\"og:image:height\" content=\"900\" \/>\n\t<meta property=\"og:image:type\" content=\"image\/jpeg\" \/>\n<meta name=\"author\" content=\"Sergio Sevilla\" \/>\n<meta name=\"twitter:card\" content=\"summary\" \/>\n<meta name=\"twitter:creator\" content=\"@madeinzaragoza\" \/>\n<meta name=\"twitter:site\" content=\"@madeinzaragoza\" \/>\n<meta name=\"twitter:label1\" content=\"Escrito por\" \/>\n\t<meta name=\"twitter:data1\" content=\"Sergio Sevilla\" \/>\n\t<meta name=\"twitter:label2\" content=\"Tiempo de lectura\" \/>\n\t<meta name=\"twitter:data2\" content=\"5 minutos\" \/>\n<script type=\"application\/ld+json\" class=\"yoast-schema-graph\">{\"@context\":\"https:\/\/schema.org\",\"@graph\":[{\"@type\":\"Article\",\"@id\":\"https:\/\/madeinzaragoza.es\/blog\/paseen-una-visita-al-pasillo-helena-santolaya\/#article\",\"isPartOf\":{\"@id\":\"https:\/\/madeinzaragoza.es\/blog\/paseen-una-visita-al-pasillo-helena-santolaya\/\"},\"author\":{\"name\":\"Sergio Sevilla\",\"@id\":\"http:\/\/madeinzaragoza.es\/blog\/#\/schema\/person\/fd836a8fe1177b6200bc8deffc3ad342\"},\"headline\":\"PASE(E)N, una visita al pasillo de Helena Santolaya\",\"datePublished\":\"2017-06-05T07:00:29+00:00\",\"dateModified\":\"2022-10-09T13:51:09+00:00\",\"mainEntityOfPage\":{\"@id\":\"https:\/\/madeinzaragoza.es\/blog\/paseen-una-visita-al-pasillo-helena-santolaya\/\"},\"wordCount\":997,\"commentCount\":1,\"publisher\":{\"@id\":\"http:\/\/madeinzaragoza.es\/blog\/#organization\"},\"keywords\":[\"Helena Santolaya\"],\"articleSection\":[\"Cultura\",\"Qu\u00e9 hacer\"],\"inLanguage\":\"es\",\"potentialAction\":[{\"@type\":\"CommentAction\",\"name\":\"Comment\",\"target\":[\"https:\/\/madeinzaragoza.es\/blog\/paseen-una-visita-al-pasillo-helena-santolaya\/#respond\"]}]},{\"@type\":\"WebPage\",\"@id\":\"https:\/\/madeinzaragoza.es\/blog\/paseen-una-visita-al-pasillo-helena-santolaya\/\",\"url\":\"https:\/\/madeinzaragoza.es\/blog\/paseen-una-visita-al-pasillo-helena-santolaya\/\",\"name\":\"PASE(E)N, una visita al pasillo de Helena Santolaya - Made in Zaragoza\",\"isPartOf\":{\"@id\":\"http:\/\/madeinzaragoza.es\/blog\/#website\"},\"datePublished\":\"2017-06-05T07:00:29+00:00\",\"dateModified\":\"2022-10-09T13:51:09+00:00\",\"breadcrumb\":{\"@id\":\"https:\/\/madeinzaragoza.es\/blog\/paseen-una-visita-al-pasillo-helena-santolaya\/#breadcrumb\"},\"inLanguage\":\"es\",\"potentialAction\":[{\"@type\":\"ReadAction\",\"target\":[\"https:\/\/madeinzaragoza.es\/blog\/paseen-una-visita-al-pasillo-helena-santolaya\/\"]}]},{\"@type\":\"BreadcrumbList\",\"@id\":\"https:\/\/madeinzaragoza.es\/blog\/paseen-una-visita-al-pasillo-helena-santolaya\/#breadcrumb\",\"itemListElement\":[{\"@type\":\"ListItem\",\"position\":1,\"name\":\"Portada\",\"item\":\"http:\/\/madeinzaragoza.es\/blog\/\"},{\"@type\":\"ListItem\",\"position\":2,\"name\":\"PASE(E)N, una visita al pasillo de Helena Santolaya\"}]},{\"@type\":\"WebSite\",\"@id\":\"http:\/\/madeinzaragoza.es\/blog\/#website\",\"url\":\"http:\/\/madeinzaragoza.es\/blog\/\",\"name\":\"Made in Zaragoza\",\"description\":\"Blog de MadeinZGZ, Red de Econom\u00eda Creativa de Zaragoza\",\"publisher\":{\"@id\":\"http:\/\/madeinzaragoza.es\/blog\/#organization\"},\"potentialAction\":[{\"@type\":\"SearchAction\",\"target\":{\"@type\":\"EntryPoint\",\"urlTemplate\":\"http:\/\/madeinzaragoza.es\/blog\/?s={search_term_string}\"},\"query-input\":\"required name=search_term_string\"}],\"inLanguage\":\"es\"},{\"@type\":\"Organization\",\"@id\":\"http:\/\/madeinzaragoza.es\/blog\/#organization\",\"name\":\"Made In Zaragoza\",\"url\":\"http:\/\/madeinzaragoza.es\/blog\/\",\"sameAs\":[\"https:\/\/www.instagram.com\/madeinzaragoza.es\/\",\"https:\/\/www.facebook.com\/madeinzaragoza.es\/\",\"https:\/\/twitter.com\/madeinzaragoza\"],\"logo\":{\"@type\":\"ImageObject\",\"inLanguage\":\"es\",\"@id\":\"http:\/\/madeinzaragoza.es\/blog\/#\/schema\/logo\/image\/\",\"url\":\"https:\/\/madeinzaragoza.es\/blog\/wp-content\/uploads\/2022\/05\/logo.png\",\"contentUrl\":\"https:\/\/madeinzaragoza.es\/blog\/wp-content\/uploads\/2022\/05\/logo.png\",\"width\":193,\"height\":176,\"caption\":\"Made In Zaragoza\"},\"image\":{\"@id\":\"http:\/\/madeinzaragoza.es\/blog\/#\/schema\/logo\/image\/\"}},{\"@type\":\"Person\",\"@id\":\"http:\/\/madeinzaragoza.es\/blog\/#\/schema\/person\/fd836a8fe1177b6200bc8deffc3ad342\",\"name\":\"Sergio Sevilla\",\"image\":{\"@type\":\"ImageObject\",\"inLanguage\":\"es\",\"@id\":\"http:\/\/madeinzaragoza.es\/blog\/#\/schema\/person\/image\/\",\"url\":\"http:\/\/1.gravatar.com\/avatar\/4a59e3901b7e749c4e3750c4fd5d0b43?s=96&d=mm&r=g\",\"contentUrl\":\"http:\/\/1.gravatar.com\/avatar\/4a59e3901b7e749c4e3750c4fd5d0b43?s=96&d=mm&r=g\",\"caption\":\"Sergio Sevilla\"},\"description\":\"Gesti\u00f3n e Innovaci\u00f3n cultural (I+C) Mi trabajo se basa en la b\u00fasqueda de conexiones culturales en espacios de tr\u00e1nsito. Soy director y programador de proyectos culturales. He coordinado el espacio C\u00f3rner MIZ de Made in Zaragoza y, en la actualidad, me dedico a investigar, documentar y poner en valor el muralismo cer\u00e1mico de los a\u00f1os 60, 70 y 80 de Zaragoza y su relaci\u00f3n con los entornos arquitect\u00f3nicos y decorativos de la \u00e9poca. Descubre el perfil de @ZaragozaModerna en Instagram. Take a walk on the Art side.\",\"sameAs\":[\"zarayorkers\",\"@zaragozamoderna\",\"\/sergiosevillatabernero\"],\"url\":\"http:\/\/madeinzaragoza.es\/blog\/author\/sergiosevilla\/\"}]}<\/script>\n<!-- \/ Yoast SEO plugin. -->","yoast_head_json":{"title":"PASE(E)N, una visita al pasillo de Helena Santolaya - Made in Zaragoza","robots":{"index":"index","follow":"follow","max-snippet":"max-snippet:-1","max-image-preview":"max-image-preview:large","max-video-preview":"max-video-preview:-1"},"canonical":"https:\/\/madeinzaragoza.es\/blog\/paseen-una-visita-al-pasillo-helena-santolaya\/","og_locale":"es_ES","og_type":"article","og_title":"PASE(E)N, una visita al pasillo de Helena Santolaya - Made in Zaragoza","og_description":"PASE(E)N, una visita al pasillo (y vida) de Helena Santolaya. Hay multitud de espacios, espacios de tr\u00e1nsito, espacios urbanos, espacios dom\u00e9sticos, espacios p\u00fablicos y espacios privados. En ocasiones, alguno de esos espacios se transforma en especial y simb\u00f3lico y encontrarte con el. Un espacio singular, un espacio diferente, un espacio m\u00e1gico. Este es el caso &hellip; Continuar leyendo \"PASE(E)N, una visita al pasillo de Helena Santolaya\"","og_url":"https:\/\/madeinzaragoza.es\/blog\/paseen-una-visita-al-pasillo-helena-santolaya\/","og_site_name":"Made in Zaragoza","article_publisher":"https:\/\/www.facebook.com\/madeinzaragoza.es\/","article_author":"zarayorkers","article_published_time":"2017-06-05T07:00:29+00:00","article_modified_time":"2022-10-09T13:51:09+00:00","og_image":[{"width":1200,"height":900,"url":"https:\/\/madeinzaragoza.es\/blog\/wp-content\/uploads\/2017\/06\/IMG_6374.jpg","type":"image\/jpeg"}],"author":"Sergio Sevilla","twitter_card":"summary","twitter_creator":"@madeinzaragoza","twitter_site":"@madeinzaragoza","twitter_misc":{"Escrito por":"Sergio Sevilla","Tiempo de lectura":"5 minutos"},"schema":{"@context":"https:\/\/schema.org","@graph":[{"@type":"Article","@id":"https:\/\/madeinzaragoza.es\/blog\/paseen-una-visita-al-pasillo-helena-santolaya\/#article","isPartOf":{"@id":"https:\/\/madeinzaragoza.es\/blog\/paseen-una-visita-al-pasillo-helena-santolaya\/"},"author":{"name":"Sergio Sevilla","@id":"http:\/\/madeinzaragoza.es\/blog\/#\/schema\/person\/fd836a8fe1177b6200bc8deffc3ad342"},"headline":"PASE(E)N, una visita al pasillo de Helena Santolaya","datePublished":"2017-06-05T07:00:29+00:00","dateModified":"2022-10-09T13:51:09+00:00","mainEntityOfPage":{"@id":"https:\/\/madeinzaragoza.es\/blog\/paseen-una-visita-al-pasillo-helena-santolaya\/"},"wordCount":997,"commentCount":1,"publisher":{"@id":"http:\/\/madeinzaragoza.es\/blog\/#organization"},"keywords":["Helena Santolaya"],"articleSection":["Cultura","Qu\u00e9 hacer"],"inLanguage":"es","potentialAction":[{"@type":"CommentAction","name":"Comment","target":["https:\/\/madeinzaragoza.es\/blog\/paseen-una-visita-al-pasillo-helena-santolaya\/#respond"]}]},{"@type":"WebPage","@id":"https:\/\/madeinzaragoza.es\/blog\/paseen-una-visita-al-pasillo-helena-santolaya\/","url":"https:\/\/madeinzaragoza.es\/blog\/paseen-una-visita-al-pasillo-helena-santolaya\/","name":"PASE(E)N, una visita al pasillo de Helena Santolaya - Made in Zaragoza","isPartOf":{"@id":"http:\/\/madeinzaragoza.es\/blog\/#website"},"datePublished":"2017-06-05T07:00:29+00:00","dateModified":"2022-10-09T13:51:09+00:00","breadcrumb":{"@id":"https:\/\/madeinzaragoza.es\/blog\/paseen-una-visita-al-pasillo-helena-santolaya\/#breadcrumb"},"inLanguage":"es","potentialAction":[{"@type":"ReadAction","target":["https:\/\/madeinzaragoza.es\/blog\/paseen-una-visita-al-pasillo-helena-santolaya\/"]}]},{"@type":"BreadcrumbList","@id":"https:\/\/madeinzaragoza.es\/blog\/paseen-una-visita-al-pasillo-helena-santolaya\/#breadcrumb","itemListElement":[{"@type":"ListItem","position":1,"name":"Portada","item":"http:\/\/madeinzaragoza.es\/blog\/"},{"@type":"ListItem","position":2,"name":"PASE(E)N, una visita al pasillo de Helena Santolaya"}]},{"@type":"WebSite","@id":"http:\/\/madeinzaragoza.es\/blog\/#website","url":"http:\/\/madeinzaragoza.es\/blog\/","name":"Made in Zaragoza","description":"Blog de MadeinZGZ, Red de Econom\u00eda Creativa de Zaragoza","publisher":{"@id":"http:\/\/madeinzaragoza.es\/blog\/#organization"},"potentialAction":[{"@type":"SearchAction","target":{"@type":"EntryPoint","urlTemplate":"http:\/\/madeinzaragoza.es\/blog\/?s={search_term_string}"},"query-input":"required name=search_term_string"}],"inLanguage":"es"},{"@type":"Organization","@id":"http:\/\/madeinzaragoza.es\/blog\/#organization","name":"Made In Zaragoza","url":"http:\/\/madeinzaragoza.es\/blog\/","sameAs":["https:\/\/www.instagram.com\/madeinzaragoza.es\/","https:\/\/www.facebook.com\/madeinzaragoza.es\/","https:\/\/twitter.com\/madeinzaragoza"],"logo":{"@type":"ImageObject","inLanguage":"es","@id":"http:\/\/madeinzaragoza.es\/blog\/#\/schema\/logo\/image\/","url":"https:\/\/madeinzaragoza.es\/blog\/wp-content\/uploads\/2022\/05\/logo.png","contentUrl":"https:\/\/madeinzaragoza.es\/blog\/wp-content\/uploads\/2022\/05\/logo.png","width":193,"height":176,"caption":"Made In Zaragoza"},"image":{"@id":"http:\/\/madeinzaragoza.es\/blog\/#\/schema\/logo\/image\/"}},{"@type":"Person","@id":"http:\/\/madeinzaragoza.es\/blog\/#\/schema\/person\/fd836a8fe1177b6200bc8deffc3ad342","name":"Sergio Sevilla","image":{"@type":"ImageObject","inLanguage":"es","@id":"http:\/\/madeinzaragoza.es\/blog\/#\/schema\/person\/image\/","url":"http:\/\/1.gravatar.com\/avatar\/4a59e3901b7e749c4e3750c4fd5d0b43?s=96&d=mm&r=g","contentUrl":"http:\/\/1.gravatar.com\/avatar\/4a59e3901b7e749c4e3750c4fd5d0b43?s=96&d=mm&r=g","caption":"Sergio Sevilla"},"description":"Gesti\u00f3n e Innovaci\u00f3n cultural (I+C) Mi trabajo se basa en la b\u00fasqueda de conexiones culturales en espacios de tr\u00e1nsito. Soy director y programador de proyectos culturales. He coordinado el espacio C\u00f3rner MIZ de Made in Zaragoza y, en la actualidad, me dedico a investigar, documentar y poner en valor el muralismo cer\u00e1mico de los a\u00f1os 60, 70 y 80 de Zaragoza y su relaci\u00f3n con los entornos arquitect\u00f3nicos y decorativos de la \u00e9poca. Descubre el perfil de @ZaragozaModerna en Instagram. Take a walk on the Art side.","sameAs":["zarayorkers","@zaragozamoderna","\/sergiosevillatabernero"],"url":"http:\/\/madeinzaragoza.es\/blog\/author\/sergiosevilla\/"}]}},"_links":{"self":[{"href":"http:\/\/madeinzaragoza.es\/blog\/wp-json\/wp\/v2\/posts\/15658"}],"collection":[{"href":"http:\/\/madeinzaragoza.es\/blog\/wp-json\/wp\/v2\/posts"}],"about":[{"href":"http:\/\/madeinzaragoza.es\/blog\/wp-json\/wp\/v2\/types\/post"}],"author":[{"embeddable":true,"href":"http:\/\/madeinzaragoza.es\/blog\/wp-json\/wp\/v2\/users\/36"}],"replies":[{"embeddable":true,"href":"http:\/\/madeinzaragoza.es\/blog\/wp-json\/wp\/v2\/comments?post=15658"}],"version-history":[{"count":9,"href":"http:\/\/madeinzaragoza.es\/blog\/wp-json\/wp\/v2\/posts\/15658\/revisions"}],"predecessor-version":[{"id":35964,"href":"http:\/\/madeinzaragoza.es\/blog\/wp-json\/wp\/v2\/posts\/15658\/revisions\/35964"}],"wp:featuredmedia":[{"embeddable":true,"href":"http:\/\/madeinzaragoza.es\/blog\/wp-json\/wp\/v2\/media\/15660"}],"wp:attachment":[{"href":"http:\/\/madeinzaragoza.es\/blog\/wp-json\/wp\/v2\/media?parent=15658"}],"wp:term":[{"taxonomy":"category","embeddable":true,"href":"http:\/\/madeinzaragoza.es\/blog\/wp-json\/wp\/v2\/categories?post=15658"},{"taxonomy":"post_tag","embeddable":true,"href":"http:\/\/madeinzaragoza.es\/blog\/wp-json\/wp\/v2\/tags?post=15658"}],"curies":[{"name":"wp","href":"https:\/\/api.w.org\/{rel}","templated":true}]}}