{"id":15641,"date":"2017-06-04T08:25:25","date_gmt":"2017-06-04T07:25:25","guid":{"rendered":"http:\/\/madeinzaragoza.es\/blog\/?p=15641"},"modified":"2017-11-20T19:35:02","modified_gmt":"2017-11-20T18:35:02","slug":"arte-pop-lalo-cruces","status":"publish","type":"post","link":"http:\/\/madeinzaragoza.es\/blog\/arte-pop-lalo-cruces\/","title":{"rendered":"El arte pop de Lalo Cruces"},"content":{"rendered":"<p><strong>Mutantes III: Lalo Cruces.<\/strong><\/p>\n<p><a href=\"http:\/\/lalocruces.com\/\" target=\"_blank\" rel=\"noopener noreferrer\"><strong>Lalo Cruces<\/strong><\/a> (Zaragoza, 1980) es Licenciado en la Escuela de Arte de Zaragoza. Es artista y dise\u00f1ador y en su obra podemos observar c\u00f3mo confluyen ambas disciplinas. Lalo ha realizado numerosos proyectos entre los que destacan \u00ab<em>Containerland<\/em>\u00bb la aventura que llev\u00f3 a Taiwan, el premio Isabel de Portugal 2016 de la DPZ, ARCO 2017 o en la pasada convocatoria de estudios abiertos Opendoor ZGZ.<\/p>\n<p>&nbsp;<\/p>\n<p>En su obra, de clara influencia Pop, se mezclan el arte urbano, el surrealismo y el Dad\u00e1. Sus pinturas son llamativas, coloristas, curiosas y mezclan diferentes s\u00edmbolos e im\u00e1genes de la cultura popular creando escenas \u00fanicas para provocar una reflexi\u00f3n en el espectador. Lalo introduce la cr\u00edtica en su obra a trav\u00e9s de elementos cotidianos, como el contenedor, para hablar de problemas globales y generar un mensaje de reflexi\u00f3n.<\/p>\n<p>En su proyecto \u00abContainerland\u00bb, Lalo toma el <strong>contenedor mar\u00edtimo<\/strong> como fetiche a partir de el crea exquisitas combibaciones visuales. El contenedor de carga es un objeto rotundo, llamativo y pontente visualmente. A Lalo le llama la atenci\u00f3n su car\u00e1cter pl\u00e1stico, su vol\u00famen, sus colores variados, el \u00f3xido que va apareciendo con el paso del tiempo y su caracter\u00edstica de contener y de llevar esa mercanc\u00eda oculta de un sitio a otro; el viaje y el misterio casi concebidos desde una postura rom\u00e1ntica y tremendamente pop. El contenedor como met\u00e1fora de la econom\u00eda global, el consumo de masas, el desarrollo de la industria pesada y todas sus consecuencias como la sobreexplotaci\u00f3n, el agotamiento de recursos o la contaminaci\u00f3n del planeta son ideas que suyacen en esta serie pict\u00f3rica.<\/p>\n<p>&nbsp;<\/p>\n<p>Con el contenedor, realiza numerosas combinaciones de formas y colores -casi como en el juego Tetris- sobre las que va a\u00f1adiendo m\u00faltiples referencias visuales y culturales. De Velazquez a Warhol, pasando por Goya, Dal\u00ed, Magritte o Mondrian son referencias claves y directas que aparecen en sus cuadros. El sue\u00f1o de la raz\u00f3n, vanitas, el pl\u00e1tano velvetiano, cielos azules con nubes blancas, la Gioconda, Coca Cola\u00a0 y otros elementos aparecen mezclados en sus obras donde, adem\u00e1s, utiliza otros recursos como la repetici\u00f3n, la mezcla surrealista y, a veces, lo absurdo.<\/p>\n<p>&nbsp;<\/p>\n<p><img loading=\"lazy\" decoding=\"async\" class=\"aligncenter size-full wp-image-15648\" src=\"http:\/\/madeinzaragoza.es\/blog\/wp-content\/uploads\/2017\/06\/Containerland-lalo-740x494.jpg\" alt=\"\" width=\"740\" height=\"494\" srcset=\"http:\/\/madeinzaragoza.es\/blog\/wp-content\/uploads\/2017\/06\/Containerland-lalo-740x494.jpg 740w, http:\/\/madeinzaragoza.es\/blog\/wp-content\/uploads\/2017\/06\/Containerland-lalo-740x494-300x200.jpg 300w\" sizes=\"(max-width: 709px) 85vw, (max-width: 909px) 67vw, (max-width: 984px) 61vw, (max-width: 1362px) 45vw, 600px\" \/><br \/>\n<img loading=\"lazy\" decoding=\"async\" class=\"aligncenter size-full wp-image-15647\" src=\"http:\/\/madeinzaragoza.es\/blog\/wp-content\/uploads\/2017\/06\/1.jpg\" alt=\"\" width=\"1200\" height=\"807\" srcset=\"http:\/\/madeinzaragoza.es\/blog\/wp-content\/uploads\/2017\/06\/1.jpg 1200w, http:\/\/madeinzaragoza.es\/blog\/wp-content\/uploads\/2017\/06\/1-300x202.jpg 300w, http:\/\/madeinzaragoza.es\/blog\/wp-content\/uploads\/2017\/06\/1-768x516.jpg 768w, http:\/\/madeinzaragoza.es\/blog\/wp-content\/uploads\/2017\/06\/1-1024x689.jpg 1024w\" sizes=\"(max-width: 709px) 85vw, (max-width: 909px) 67vw, (max-width: 1362px) 62vw, 840px\" \/><\/p>\n<p>&nbsp;<\/p>\n<p>A partir de las m\u00faltiples posibilidades de combinaci\u00f3n que le ofrece el contenedor, Lalo Cruces descubre un juego y lo relaciona con los cl\u00e1sicos de los a\u00f1os 8o, el Tetris y el cubo Rubik. A partir de ellos, el artista reflexiona sobre dos \u00edconos de la cultura popular y su permanencia en el tiempo, que lejos de desaparecer o agotarse frente a un competitivo y saturado mundo del ocio y del videojuego, sobrevivien y se mantienen como referencias ic\u00f3nicas que trascienden lo comercial para convertirse en s\u00edmbolos culturales.<\/p>\n<p>&nbsp;<\/p>\n<p><img loading=\"lazy\" decoding=\"async\" class=\"aligncenter size-full wp-image-15644\" src=\"http:\/\/madeinzaragoza.es\/blog\/wp-content\/uploads\/2017\/06\/rubik2-740x601.jpg\" alt=\"\" width=\"740\" height=\"601\" srcset=\"http:\/\/madeinzaragoza.es\/blog\/wp-content\/uploads\/2017\/06\/rubik2-740x601.jpg 740w, http:\/\/madeinzaragoza.es\/blog\/wp-content\/uploads\/2017\/06\/rubik2-740x601-300x244.jpg 300w\" sizes=\"(max-width: 709px) 85vw, (max-width: 909px) 67vw, (max-width: 984px) 61vw, (max-width: 1362px) 45vw, 600px\" \/><\/p>\n<p>La mezcla de elementos y la yuxtaposici\u00f3n de referencias es una constante en la obra de Lalo Cruces: elefantes con cabeza de tromb\u00f3n, cerillas que se transforman en brazos que sujetan aviones, troncos de \u00e1rboles en los que se dibujan referencias geogr\u00e1ficas, instrumentos musicales (que aparecen repetidos una y otra vez en sus cuadros) o flamencos con cabeza de trompeta surgen en combinaciones pict\u00f3ricas imposibles y surrealistas.Las pinturas e instalaciones de Lalo Cruces son exquisitas y demuestran maestr\u00eda tanto en su composici\u00f3n como en su factura.<\/p>\n<p><img loading=\"lazy\" decoding=\"async\" class=\"aligncenter size-full wp-image-15645\" src=\"http:\/\/madeinzaragoza.es\/blog\/wp-content\/uploads\/2017\/06\/Tubafante-740x551.jpg\" alt=\"\" width=\"740\" height=\"551\" srcset=\"http:\/\/madeinzaragoza.es\/blog\/wp-content\/uploads\/2017\/06\/Tubafante-740x551.jpg 740w, http:\/\/madeinzaragoza.es\/blog\/wp-content\/uploads\/2017\/06\/Tubafante-740x551-300x223.jpg 300w\" sizes=\"(max-width: 709px) 85vw, (max-width: 909px) 67vw, (max-width: 984px) 61vw, (max-width: 1362px) 45vw, 600px\" \/> <img loading=\"lazy\" decoding=\"async\" class=\"aligncenter size-full wp-image-15642\" src=\"http:\/\/madeinzaragoza.es\/blog\/wp-content\/uploads\/2017\/06\/instalacion-detalle-740x493.jpg\" alt=\"\" width=\"740\" height=\"493\" srcset=\"http:\/\/madeinzaragoza.es\/blog\/wp-content\/uploads\/2017\/06\/instalacion-detalle-740x493.jpg 740w, http:\/\/madeinzaragoza.es\/blog\/wp-content\/uploads\/2017\/06\/instalacion-detalle-740x493-300x200.jpg 300w\" sizes=\"(max-width: 709px) 85vw, (max-width: 909px) 67vw, (max-width: 984px) 61vw, (max-width: 1362px) 45vw, 600px\" \/><\/p>\n<p>Son muy interesantes tambi\u00e9n sus series de ilustracioens y retratos, un amplio cat\u00e1logo de rostros muchos de ellos de artistas realizados sobre papel. Ilustraciones que le permiten un juego pl\u00e1stico m\u00e1s suelto y mayores posibilidades expresivas.<\/p>\n<p><img loading=\"lazy\" decoding=\"async\" class=\"aligncenter size-full wp-image-15643\" src=\"http:\/\/madeinzaragoza.es\/blog\/wp-content\/uploads\/2017\/06\/migpapel-740x284-2.jpg\" alt=\"\" width=\"740\" height=\"284\" srcset=\"http:\/\/madeinzaragoza.es\/blog\/wp-content\/uploads\/2017\/06\/migpapel-740x284-2.jpg 740w, http:\/\/madeinzaragoza.es\/blog\/wp-content\/uploads\/2017\/06\/migpapel-740x284-2-300x115.jpg 300w\" sizes=\"(max-width: 709px) 85vw, (max-width: 909px) 67vw, (max-width: 984px) 61vw, (max-width: 1362px) 45vw, 600px\" \/><\/p>\n<p>En sus \u00faltimas obras, Lalo introduce el calzado como elemento recurrente y como objeto de representaci\u00f3n personal y social. La zapatilla como objeto de distinci\u00f3n, como exposici\u00f3n de una marca personal o como objeto abandonado y encontrado. La zapatilla como desarrollo de una historia con principio y fin. Con este tema recurrente, Lalo Cruces llega a C\u00f3rner MIZ para realizar una intevenci\u00f3n ef\u00edmera donde nos presenta su zapatilla fetiche.<\/p>\n<p><img loading=\"lazy\" decoding=\"async\" class=\"aligncenter size-full wp-image-15646\" src=\"http:\/\/madeinzaragoza.es\/blog\/wp-content\/uploads\/2017\/06\/xxxlweb-740x437.jpg\" alt=\"\" width=\"740\" height=\"437\" srcset=\"http:\/\/madeinzaragoza.es\/blog\/wp-content\/uploads\/2017\/06\/xxxlweb-740x437.jpg 740w, http:\/\/madeinzaragoza.es\/blog\/wp-content\/uploads\/2017\/06\/xxxlweb-740x437-300x177.jpg 300w\" sizes=\"(max-width: 709px) 85vw, (max-width: 909px) 67vw, (max-width: 984px) 61vw, (max-width: 1362px) 45vw, 600px\" \/><\/p>\n<p>La presentaci\u00f3n de la instalaci\u00f3n de Lalo Cruces ser\u00e1 el jueves d\u00eda 8 de junio a las 19h en Zaragoza Activa-La Azucarera.<\/p>\n<p>&nbsp;<\/p>\n","protected":false},"excerpt":{"rendered":"<p>Mutantes III: Lalo Cruces. Lalo Cruces (Zaragoza, 1980) es Licenciado en la Escuela de Arte de Zaragoza. Es artista y dise\u00f1ador y en su obra podemos observar c\u00f3mo confluyen ambas disciplinas. Lalo ha realizado numerosos proyectos entre los que destacan \u00abContainerland\u00bb la aventura que llev\u00f3 a Taiwan, el premio Isabel de Portugal 2016 de la &hellip; <a href=\"http:\/\/madeinzaragoza.es\/blog\/arte-pop-lalo-cruces\/\" class=\"more-link\">Continuar leyendo<span class=\"screen-reader-text\"> \u00abEl arte pop de Lalo Cruces\u00bb<\/span><\/a><\/p>\n","protected":false},"author":36,"featured_media":15655,"comment_status":"open","ping_status":"open","sticky":false,"template":"","format":"standard","meta":{"footnotes":""},"categories":[831],"tags":[1338,1073,1516],"yoast_head":"<!-- This site is optimized with the Yoast SEO plugin v19.7.2 - https:\/\/yoast.com\/wordpress\/plugins\/seo\/ -->\n<title>El arte pop de Lalo Cruces - Made in Zaragoza<\/title>\n<meta name=\"robots\" content=\"index, follow, max-snippet:-1, max-image-preview:large, max-video-preview:-1\" \/>\n<link rel=\"canonical\" href=\"http:\/\/madeinzaragoza.es\/blog\/arte-pop-lalo-cruces\/\" \/>\n<meta property=\"og:locale\" content=\"es_ES\" \/>\n<meta property=\"og:type\" content=\"article\" \/>\n<meta property=\"og:title\" content=\"El arte pop de Lalo Cruces - Made in Zaragoza\" \/>\n<meta property=\"og:description\" content=\"Mutantes III: Lalo Cruces. Lalo Cruces (Zaragoza, 1980) es Licenciado en la Escuela de Arte de Zaragoza. Es artista y dise\u00f1ador y en su obra podemos observar c\u00f3mo confluyen ambas disciplinas. Lalo ha realizado numerosos proyectos entre los que destacan \u00abContainerland\u00bb la aventura que llev\u00f3 a Taiwan, el premio Isabel de Portugal 2016 de la &hellip; Continuar leyendo &quot;El arte pop de Lalo Cruces&quot;\" \/>\n<meta property=\"og:url\" content=\"http:\/\/madeinzaragoza.es\/blog\/arte-pop-lalo-cruces\/\" \/>\n<meta property=\"og:site_name\" content=\"Made in Zaragoza\" \/>\n<meta property=\"article:publisher\" content=\"https:\/\/www.facebook.com\/madeinzaragoza.es\/\" \/>\n<meta property=\"article:author\" content=\"zarayorkers\" \/>\n<meta property=\"article:published_time\" content=\"2017-06-04T07:25:25+00:00\" \/>\n<meta property=\"article:modified_time\" content=\"2017-11-20T18:35:02+00:00\" \/>\n<meta property=\"og:image\" content=\"http:\/\/madeinzaragoza.es\/blog\/wp-content\/uploads\/2017\/06\/rubikcompleto2-1024x683.jpg\" \/>\n\t<meta property=\"og:image:width\" content=\"1024\" \/>\n\t<meta property=\"og:image:height\" content=\"683\" \/>\n\t<meta property=\"og:image:type\" content=\"image\/jpeg\" \/>\n<meta name=\"author\" content=\"Sergio Sevilla\" \/>\n<meta name=\"twitter:card\" content=\"summary\" \/>\n<meta name=\"twitter:creator\" content=\"@madeinzaragoza\" \/>\n<meta name=\"twitter:site\" content=\"@madeinzaragoza\" \/>\n<meta name=\"twitter:label1\" content=\"Escrito por\" \/>\n\t<meta name=\"twitter:data1\" content=\"Sergio Sevilla\" \/>\n\t<meta name=\"twitter:label2\" content=\"Tiempo de lectura\" \/>\n\t<meta name=\"twitter:data2\" content=\"4 minutos\" \/>\n<script type=\"application\/ld+json\" class=\"yoast-schema-graph\">{\"@context\":\"https:\/\/schema.org\",\"@graph\":[{\"@type\":\"Article\",\"@id\":\"http:\/\/madeinzaragoza.es\/blog\/arte-pop-lalo-cruces\/#article\",\"isPartOf\":{\"@id\":\"http:\/\/madeinzaragoza.es\/blog\/arte-pop-lalo-cruces\/\"},\"author\":{\"name\":\"Sergio Sevilla\",\"@id\":\"http:\/\/madeinzaragoza.es\/blog\/#\/schema\/person\/fd836a8fe1177b6200bc8deffc3ad342\"},\"headline\":\"El arte pop de Lalo Cruces\",\"datePublished\":\"2017-06-04T07:25:25+00:00\",\"dateModified\":\"2017-11-20T18:35:02+00:00\",\"mainEntityOfPage\":{\"@id\":\"http:\/\/madeinzaragoza.es\/blog\/arte-pop-lalo-cruces\/\"},\"wordCount\":716,\"commentCount\":0,\"publisher\":{\"@id\":\"http:\/\/madeinzaragoza.es\/blog\/#organization\"},\"keywords\":[\"CornerMIZ\",\"intervenci\u00f3n ef\u00edmera\",\"Lalo Cruces\"],\"articleSection\":[\"CornerMIZ\"],\"inLanguage\":\"es\",\"potentialAction\":[{\"@type\":\"CommentAction\",\"name\":\"Comment\",\"target\":[\"http:\/\/madeinzaragoza.es\/blog\/arte-pop-lalo-cruces\/#respond\"]}]},{\"@type\":\"WebPage\",\"@id\":\"http:\/\/madeinzaragoza.es\/blog\/arte-pop-lalo-cruces\/\",\"url\":\"http:\/\/madeinzaragoza.es\/blog\/arte-pop-lalo-cruces\/\",\"name\":\"El arte pop de Lalo Cruces - Made in Zaragoza\",\"isPartOf\":{\"@id\":\"http:\/\/madeinzaragoza.es\/blog\/#website\"},\"datePublished\":\"2017-06-04T07:25:25+00:00\",\"dateModified\":\"2017-11-20T18:35:02+00:00\",\"breadcrumb\":{\"@id\":\"http:\/\/madeinzaragoza.es\/blog\/arte-pop-lalo-cruces\/#breadcrumb\"},\"inLanguage\":\"es\",\"potentialAction\":[{\"@type\":\"ReadAction\",\"target\":[\"http:\/\/madeinzaragoza.es\/blog\/arte-pop-lalo-cruces\/\"]}]},{\"@type\":\"BreadcrumbList\",\"@id\":\"http:\/\/madeinzaragoza.es\/blog\/arte-pop-lalo-cruces\/#breadcrumb\",\"itemListElement\":[{\"@type\":\"ListItem\",\"position\":1,\"name\":\"Portada\",\"item\":\"http:\/\/madeinzaragoza.es\/blog\/\"},{\"@type\":\"ListItem\",\"position\":2,\"name\":\"El arte pop de Lalo Cruces\"}]},{\"@type\":\"WebSite\",\"@id\":\"http:\/\/madeinzaragoza.es\/blog\/#website\",\"url\":\"http:\/\/madeinzaragoza.es\/blog\/\",\"name\":\"Made in Zaragoza\",\"description\":\"Blog de MadeinZGZ, Red de Econom\u00eda Creativa de Zaragoza\",\"publisher\":{\"@id\":\"http:\/\/madeinzaragoza.es\/blog\/#organization\"},\"potentialAction\":[{\"@type\":\"SearchAction\",\"target\":{\"@type\":\"EntryPoint\",\"urlTemplate\":\"http:\/\/madeinzaragoza.es\/blog\/?s={search_term_string}\"},\"query-input\":\"required name=search_term_string\"}],\"inLanguage\":\"es\"},{\"@type\":\"Organization\",\"@id\":\"http:\/\/madeinzaragoza.es\/blog\/#organization\",\"name\":\"Made In Zaragoza\",\"url\":\"http:\/\/madeinzaragoza.es\/blog\/\",\"sameAs\":[\"https:\/\/www.instagram.com\/madeinzaragoza.es\/\",\"https:\/\/www.facebook.com\/madeinzaragoza.es\/\",\"https:\/\/twitter.com\/madeinzaragoza\"],\"logo\":{\"@type\":\"ImageObject\",\"inLanguage\":\"es\",\"@id\":\"http:\/\/madeinzaragoza.es\/blog\/#\/schema\/logo\/image\/\",\"url\":\"https:\/\/madeinzaragoza.es\/blog\/wp-content\/uploads\/2022\/05\/logo.png\",\"contentUrl\":\"https:\/\/madeinzaragoza.es\/blog\/wp-content\/uploads\/2022\/05\/logo.png\",\"width\":193,\"height\":176,\"caption\":\"Made In Zaragoza\"},\"image\":{\"@id\":\"http:\/\/madeinzaragoza.es\/blog\/#\/schema\/logo\/image\/\"}},{\"@type\":\"Person\",\"@id\":\"http:\/\/madeinzaragoza.es\/blog\/#\/schema\/person\/fd836a8fe1177b6200bc8deffc3ad342\",\"name\":\"Sergio Sevilla\",\"image\":{\"@type\":\"ImageObject\",\"inLanguage\":\"es\",\"@id\":\"http:\/\/madeinzaragoza.es\/blog\/#\/schema\/person\/image\/\",\"url\":\"http:\/\/1.gravatar.com\/avatar\/4a59e3901b7e749c4e3750c4fd5d0b43?s=96&d=mm&r=g\",\"contentUrl\":\"http:\/\/1.gravatar.com\/avatar\/4a59e3901b7e749c4e3750c4fd5d0b43?s=96&d=mm&r=g\",\"caption\":\"Sergio Sevilla\"},\"description\":\"Gesti\u00f3n e Innovaci\u00f3n cultural (I+C) Mi trabajo se basa en la b\u00fasqueda de conexiones culturales en espacios de tr\u00e1nsito. Soy director y programador de proyectos culturales. He coordinado el espacio C\u00f3rner MIZ de Made in Zaragoza y, en la actualidad, me dedico a investigar, documentar y poner en valor el muralismo cer\u00e1mico de los a\u00f1os 60, 70 y 80 de Zaragoza y su relaci\u00f3n con los entornos arquitect\u00f3nicos y decorativos de la \u00e9poca. Descubre el perfil de @ZaragozaModerna en Instagram. Take a walk on the Art side.\",\"sameAs\":[\"zarayorkers\",\"@zaragozamoderna\",\"\/sergiosevillatabernero\"],\"url\":\"http:\/\/madeinzaragoza.es\/blog\/author\/sergiosevilla\/\"}]}<\/script>\n<!-- \/ Yoast SEO plugin. -->","yoast_head_json":{"title":"El arte pop de Lalo Cruces - Made in Zaragoza","robots":{"index":"index","follow":"follow","max-snippet":"max-snippet:-1","max-image-preview":"max-image-preview:large","max-video-preview":"max-video-preview:-1"},"canonical":"http:\/\/madeinzaragoza.es\/blog\/arte-pop-lalo-cruces\/","og_locale":"es_ES","og_type":"article","og_title":"El arte pop de Lalo Cruces - Made in Zaragoza","og_description":"Mutantes III: Lalo Cruces. Lalo Cruces (Zaragoza, 1980) es Licenciado en la Escuela de Arte de Zaragoza. Es artista y dise\u00f1ador y en su obra podemos observar c\u00f3mo confluyen ambas disciplinas. Lalo ha realizado numerosos proyectos entre los que destacan \u00abContainerland\u00bb la aventura que llev\u00f3 a Taiwan, el premio Isabel de Portugal 2016 de la &hellip; Continuar leyendo \"El arte pop de Lalo Cruces\"","og_url":"http:\/\/madeinzaragoza.es\/blog\/arte-pop-lalo-cruces\/","og_site_name":"Made in Zaragoza","article_publisher":"https:\/\/www.facebook.com\/madeinzaragoza.es\/","article_author":"zarayorkers","article_published_time":"2017-06-04T07:25:25+00:00","article_modified_time":"2017-11-20T18:35:02+00:00","og_image":[{"width":1024,"height":683,"url":"http:\/\/madeinzaragoza.es\/blog\/wp-content\/uploads\/2017\/06\/rubikcompleto2-1024x683.jpg","type":"image\/jpeg"}],"author":"Sergio Sevilla","twitter_card":"summary","twitter_creator":"@madeinzaragoza","twitter_site":"@madeinzaragoza","twitter_misc":{"Escrito por":"Sergio Sevilla","Tiempo de lectura":"4 minutos"},"schema":{"@context":"https:\/\/schema.org","@graph":[{"@type":"Article","@id":"http:\/\/madeinzaragoza.es\/blog\/arte-pop-lalo-cruces\/#article","isPartOf":{"@id":"http:\/\/madeinzaragoza.es\/blog\/arte-pop-lalo-cruces\/"},"author":{"name":"Sergio Sevilla","@id":"http:\/\/madeinzaragoza.es\/blog\/#\/schema\/person\/fd836a8fe1177b6200bc8deffc3ad342"},"headline":"El arte pop de Lalo Cruces","datePublished":"2017-06-04T07:25:25+00:00","dateModified":"2017-11-20T18:35:02+00:00","mainEntityOfPage":{"@id":"http:\/\/madeinzaragoza.es\/blog\/arte-pop-lalo-cruces\/"},"wordCount":716,"commentCount":0,"publisher":{"@id":"http:\/\/madeinzaragoza.es\/blog\/#organization"},"keywords":["CornerMIZ","intervenci\u00f3n ef\u00edmera","Lalo Cruces"],"articleSection":["CornerMIZ"],"inLanguage":"es","potentialAction":[{"@type":"CommentAction","name":"Comment","target":["http:\/\/madeinzaragoza.es\/blog\/arte-pop-lalo-cruces\/#respond"]}]},{"@type":"WebPage","@id":"http:\/\/madeinzaragoza.es\/blog\/arte-pop-lalo-cruces\/","url":"http:\/\/madeinzaragoza.es\/blog\/arte-pop-lalo-cruces\/","name":"El arte pop de Lalo Cruces - Made in Zaragoza","isPartOf":{"@id":"http:\/\/madeinzaragoza.es\/blog\/#website"},"datePublished":"2017-06-04T07:25:25+00:00","dateModified":"2017-11-20T18:35:02+00:00","breadcrumb":{"@id":"http:\/\/madeinzaragoza.es\/blog\/arte-pop-lalo-cruces\/#breadcrumb"},"inLanguage":"es","potentialAction":[{"@type":"ReadAction","target":["http:\/\/madeinzaragoza.es\/blog\/arte-pop-lalo-cruces\/"]}]},{"@type":"BreadcrumbList","@id":"http:\/\/madeinzaragoza.es\/blog\/arte-pop-lalo-cruces\/#breadcrumb","itemListElement":[{"@type":"ListItem","position":1,"name":"Portada","item":"http:\/\/madeinzaragoza.es\/blog\/"},{"@type":"ListItem","position":2,"name":"El arte pop de Lalo Cruces"}]},{"@type":"WebSite","@id":"http:\/\/madeinzaragoza.es\/blog\/#website","url":"http:\/\/madeinzaragoza.es\/blog\/","name":"Made in Zaragoza","description":"Blog de MadeinZGZ, Red de Econom\u00eda Creativa de Zaragoza","publisher":{"@id":"http:\/\/madeinzaragoza.es\/blog\/#organization"},"potentialAction":[{"@type":"SearchAction","target":{"@type":"EntryPoint","urlTemplate":"http:\/\/madeinzaragoza.es\/blog\/?s={search_term_string}"},"query-input":"required name=search_term_string"}],"inLanguage":"es"},{"@type":"Organization","@id":"http:\/\/madeinzaragoza.es\/blog\/#organization","name":"Made In Zaragoza","url":"http:\/\/madeinzaragoza.es\/blog\/","sameAs":["https:\/\/www.instagram.com\/madeinzaragoza.es\/","https:\/\/www.facebook.com\/madeinzaragoza.es\/","https:\/\/twitter.com\/madeinzaragoza"],"logo":{"@type":"ImageObject","inLanguage":"es","@id":"http:\/\/madeinzaragoza.es\/blog\/#\/schema\/logo\/image\/","url":"https:\/\/madeinzaragoza.es\/blog\/wp-content\/uploads\/2022\/05\/logo.png","contentUrl":"https:\/\/madeinzaragoza.es\/blog\/wp-content\/uploads\/2022\/05\/logo.png","width":193,"height":176,"caption":"Made In Zaragoza"},"image":{"@id":"http:\/\/madeinzaragoza.es\/blog\/#\/schema\/logo\/image\/"}},{"@type":"Person","@id":"http:\/\/madeinzaragoza.es\/blog\/#\/schema\/person\/fd836a8fe1177b6200bc8deffc3ad342","name":"Sergio Sevilla","image":{"@type":"ImageObject","inLanguage":"es","@id":"http:\/\/madeinzaragoza.es\/blog\/#\/schema\/person\/image\/","url":"http:\/\/1.gravatar.com\/avatar\/4a59e3901b7e749c4e3750c4fd5d0b43?s=96&d=mm&r=g","contentUrl":"http:\/\/1.gravatar.com\/avatar\/4a59e3901b7e749c4e3750c4fd5d0b43?s=96&d=mm&r=g","caption":"Sergio Sevilla"},"description":"Gesti\u00f3n e Innovaci\u00f3n cultural (I+C) Mi trabajo se basa en la b\u00fasqueda de conexiones culturales en espacios de tr\u00e1nsito. Soy director y programador de proyectos culturales. He coordinado el espacio C\u00f3rner MIZ de Made in Zaragoza y, en la actualidad, me dedico a investigar, documentar y poner en valor el muralismo cer\u00e1mico de los a\u00f1os 60, 70 y 80 de Zaragoza y su relaci\u00f3n con los entornos arquitect\u00f3nicos y decorativos de la \u00e9poca. Descubre el perfil de @ZaragozaModerna en Instagram. Take a walk on the Art side.","sameAs":["zarayorkers","@zaragozamoderna","\/sergiosevillatabernero"],"url":"http:\/\/madeinzaragoza.es\/blog\/author\/sergiosevilla\/"}]}},"_links":{"self":[{"href":"http:\/\/madeinzaragoza.es\/blog\/wp-json\/wp\/v2\/posts\/15641"}],"collection":[{"href":"http:\/\/madeinzaragoza.es\/blog\/wp-json\/wp\/v2\/posts"}],"about":[{"href":"http:\/\/madeinzaragoza.es\/blog\/wp-json\/wp\/v2\/types\/post"}],"author":[{"embeddable":true,"href":"http:\/\/madeinzaragoza.es\/blog\/wp-json\/wp\/v2\/users\/36"}],"replies":[{"embeddable":true,"href":"http:\/\/madeinzaragoza.es\/blog\/wp-json\/wp\/v2\/comments?post=15641"}],"version-history":[{"count":7,"href":"http:\/\/madeinzaragoza.es\/blog\/wp-json\/wp\/v2\/posts\/15641\/revisions"}],"predecessor-version":[{"id":18019,"href":"http:\/\/madeinzaragoza.es\/blog\/wp-json\/wp\/v2\/posts\/15641\/revisions\/18019"}],"wp:featuredmedia":[{"embeddable":true,"href":"http:\/\/madeinzaragoza.es\/blog\/wp-json\/wp\/v2\/media\/15655"}],"wp:attachment":[{"href":"http:\/\/madeinzaragoza.es\/blog\/wp-json\/wp\/v2\/media?parent=15641"}],"wp:term":[{"taxonomy":"category","embeddable":true,"href":"http:\/\/madeinzaragoza.es\/blog\/wp-json\/wp\/v2\/categories?post=15641"},{"taxonomy":"post_tag","embeddable":true,"href":"http:\/\/madeinzaragoza.es\/blog\/wp-json\/wp\/v2\/tags?post=15641"}],"curies":[{"name":"wp","href":"https:\/\/api.w.org\/{rel}","templated":true}]}}