{"id":14775,"date":"2017-03-30T10:00:38","date_gmt":"2017-03-30T09:00:38","guid":{"rendered":"http:\/\/madeinzaragoza.es\/blog\/?p=14775"},"modified":"2017-03-26T18:43:44","modified_gmt":"2017-03-26T17:43:44","slug":"la-abstraccion-geometrica-cristina-silvan","status":"publish","type":"post","link":"http:\/\/madeinzaragoza.es\/blog\/la-abstraccion-geometrica-cristina-silvan\/","title":{"rendered":"La abstracci\u00f3n geom\u00e9trica de Cristina Silv\u00e1n"},"content":{"rendered":"<p>&nbsp;<\/p>\n<p><a href=\"http:\/\/www.cristinasilvan.com\/en\"><strong>Cristina Silv\u00e1n<\/strong><\/a> (Pamplona, 1975) es Licenciada en Bellas Artes por la Universidad de Salamanca y es una artista con una s\u00f3lida y dilatada carrera profesional. Su trayectoria incluye el Gran Premio de pintura Santa Isabel de Arag\u00f3n XXIII en 2009, la Beca Casa de Vel\u00e1zquez de la Diputaci\u00f3n de Zaragoza (2008-2010) y varias becas y accesits en la Muestra de Arte del Gobierno de Arag\u00f3n. Su obra ha sido expuesta en multitud de muestras entre las que cabe destacar las realizadas en la Casa de la Mujer (Zaragoza), en la Galer\u00eda Antonia Puy\u00f3 (Zaragoza), en la Galer\u00eda Astart\u00e9 (Madrid), en el Monasterio de Veruela, en el Palacio Moncada (Fraga), en la Galer\u00eda Alejandro Sales (Barcelona) o en el Museo Mart\u00edn Almagro de Albarrac\u00edn o en el Paraninfo de la Universidad. Ahora llega a <strong>Zaragoza Activa<\/strong> a presentar una de sus \u00faltimas creaciones.<\/p>\n<p>&nbsp;<\/p>\n<p><img loading=\"lazy\" decoding=\"async\" class=\"aligncenter size-full wp-image-14777\" src=\"http:\/\/madeinzaragoza.es\/blog\/wp-content\/uploads\/2017\/03\/csilvan2.jpg\" alt=\"\" width=\"900\" height=\"675\" srcset=\"http:\/\/madeinzaragoza.es\/blog\/wp-content\/uploads\/2017\/03\/csilvan2.jpg 900w, http:\/\/madeinzaragoza.es\/blog\/wp-content\/uploads\/2017\/03\/csilvan2-300x225.jpg 300w, http:\/\/madeinzaragoza.es\/blog\/wp-content\/uploads\/2017\/03\/csilvan2-768x576.jpg 768w\" sizes=\"(max-width: 709px) 85vw, (max-width: 909px) 67vw, (max-width: 1362px) 62vw, 840px\" \/><\/p>\n<p>La obra de Cristina Silv\u00e1n se desarrolla dentro de una abstracci\u00f3n geom\u00e9trica de un vibrante cromatismo que nos envuelve perceptiva y espacialmente. Trabaja principalmente la pintura (sobre diferentes soportes) aunque tambi\u00e9n realiza fotograf\u00eda, v\u00eddeo, instalaci\u00f3n, dibujo o escultura. Su investigaci\u00f3n se centra en la l\u00ednea, el volumen, la forma y el color y en sus m\u00faltiples posibilidades pl\u00e1sticas.<\/p>\n<p>&nbsp;<\/p>\n<p>Cristina juega con la combinaci\u00f3n del color y la l\u00ednea; a partir de ah\u00ed, su trabajo se adentra en una infinidad de composiciones y formas geom\u00e9tricas que inundan el espacio f\u00edsico. En gran parte de su obra, las formas desarrolladas son rotundas, cerradas y delimitadas por los l\u00edmites del soporte pict\u00f3rico (madera y papel sobre todo) aunque, en otras obras, se produce una tendencia a la fluidez de la obra que se desenvuelve casi de una forma org\u00e1nica con resultados de gran inter\u00e9s.<\/p>\n<p>&nbsp;<\/p>\n<p><img loading=\"lazy\" decoding=\"async\" class=\"aligncenter size-full wp-image-14781\" src=\"http:\/\/madeinzaragoza.es\/blog\/wp-content\/uploads\/2017\/03\/csilvan7.jpg\" alt=\"\" width=\"900\" height=\"675\" srcset=\"http:\/\/madeinzaragoza.es\/blog\/wp-content\/uploads\/2017\/03\/csilvan7.jpg 900w, http:\/\/madeinzaragoza.es\/blog\/wp-content\/uploads\/2017\/03\/csilvan7-300x225.jpg 300w, http:\/\/madeinzaragoza.es\/blog\/wp-content\/uploads\/2017\/03\/csilvan7-768x576.jpg 768w\" sizes=\"(max-width: 709px) 85vw, (max-width: 909px) 67vw, (max-width: 1362px) 62vw, 840px\" \/><\/p>\n<p>El <strong>c\u00edrculo<\/strong> ocupa un papel especial en su imaginario personal. Cristina ha realizado un amplio estudio sobre las posibilidades formales que le ofrece esta forma geom\u00e9trica y todas sus variantes: del c\u00edrculo completo al semic\u00edrculo. Incluso cuando el c\u00edrculo no est\u00e1 presente de forma real, existe cierta tendencia visual a su representaci\u00f3n.<\/p>\n<p>&nbsp;<\/p>\n<p>De gran inter\u00e9s son tambi\u00e9n sus instalaciones volum\u00e9tricas y los dibujos realizados con vinilo sobre papel. Cristina juega con el vol\u00famen\u00a0 pasando de las dos dimensiones a la tridimensionalidad con gran naturalidad como una extensi\u00f3n l\u00f3gica de sus formas planas.<\/p>\n<p><img loading=\"lazy\" decoding=\"async\" class=\"aligncenter size-full wp-image-14776\" src=\"http:\/\/madeinzaragoza.es\/blog\/wp-content\/uploads\/2017\/03\/csilvan1.jpg\" alt=\"\" width=\"1000\" height=\"423\" srcset=\"http:\/\/madeinzaragoza.es\/blog\/wp-content\/uploads\/2017\/03\/csilvan1.jpg 1000w, http:\/\/madeinzaragoza.es\/blog\/wp-content\/uploads\/2017\/03\/csilvan1-300x127.jpg 300w, http:\/\/madeinzaragoza.es\/blog\/wp-content\/uploads\/2017\/03\/csilvan1-768x325.jpg 768w\" sizes=\"(max-width: 709px) 85vw, (max-width: 909px) 67vw, (max-width: 1362px) 62vw, 840px\" \/><\/p>\n<p><img loading=\"lazy\" decoding=\"async\" class=\"aligncenter size-full wp-image-14779\" src=\"http:\/\/madeinzaragoza.es\/blog\/wp-content\/uploads\/2017\/03\/csilvan5.jpg\" alt=\"\" width=\"1000\" height=\"500\" srcset=\"http:\/\/madeinzaragoza.es\/blog\/wp-content\/uploads\/2017\/03\/csilvan5.jpg 1000w, http:\/\/madeinzaragoza.es\/blog\/wp-content\/uploads\/2017\/03\/csilvan5-300x150.jpg 300w, http:\/\/madeinzaragoza.es\/blog\/wp-content\/uploads\/2017\/03\/csilvan5-768x384.jpg 768w\" sizes=\"(max-width: 709px) 85vw, (max-width: 909px) 67vw, (max-width: 1362px) 62vw, 840px\" \/><\/p>\n<p>El otro pilar fundamental en la obra de Cristina Silv\u00e1n es el <strong>color<\/strong>. La artista lo usa para dar movimiento a las construcciones formales, vibraciones crom\u00e1ticas que nos llegan cargadas de gran fuerza visual. La combinaci\u00f3n de la forma y el color crean explosiones formales que forman espacios \u00fanicos para perdernos y conformar nuestros propias construcciones perceptivas. Un viaje al apasionante mundo creativo de la artista.<\/p>\n<p>&nbsp;<\/p>\n<p><img loading=\"lazy\" decoding=\"async\" class=\"aligncenter size-full wp-image-14782\" src=\"http:\/\/madeinzaragoza.es\/blog\/wp-content\/uploads\/2017\/03\/csilvan8.jpg\" alt=\"\" width=\"900\" height=\"750\" srcset=\"http:\/\/madeinzaragoza.es\/blog\/wp-content\/uploads\/2017\/03\/csilvan8.jpg 900w, http:\/\/madeinzaragoza.es\/blog\/wp-content\/uploads\/2017\/03\/csilvan8-300x250.jpg 300w, http:\/\/madeinzaragoza.es\/blog\/wp-content\/uploads\/2017\/03\/csilvan8-768x640.jpg 768w\" sizes=\"(max-width: 709px) 85vw, (max-width: 909px) 67vw, (max-width: 1362px) 62vw, 840px\" \/><\/p>\n<p><img loading=\"lazy\" decoding=\"async\" class=\"aligncenter size-full wp-image-14780\" src=\"http:\/\/madeinzaragoza.es\/blog\/wp-content\/uploads\/2017\/03\/csilvan6.jpg\" alt=\"\" width=\"900\" height=\"602\" srcset=\"http:\/\/madeinzaragoza.es\/blog\/wp-content\/uploads\/2017\/03\/csilvan6.jpg 900w, http:\/\/madeinzaragoza.es\/blog\/wp-content\/uploads\/2017\/03\/csilvan6-300x201.jpg 300w, http:\/\/madeinzaragoza.es\/blog\/wp-content\/uploads\/2017\/03\/csilvan6-768x514.jpg 768w\" sizes=\"(max-width: 709px) 85vw, (max-width: 909px) 67vw, (max-width: 1362px) 62vw, 840px\" \/><\/p>\n<p>\u201c<strong>Mutantes en espacios mutantes<\/strong>\u201d es el t\u00edtulo de la\u00a0 intervenci\u00f3n que Cristina va a realizar en <strong>C\u00f3rner MIZ<\/strong>. Una obra en la que, a trav\u00e9s de formas geom\u00e9tricas formadas por l\u00ednea y color, pretende crear una mutaci\u00f3n tanto del espacio como de las formas. Formas con vida propia en continuo cambio y que invita a la obra a ser libre y fluir por todo el espacio expositivo.<\/p>\n<p>Cristina Silv\u00e1n presentar\u00e1 su obra el jueves 6 de abril a las 19.00h en Zaragoza Activa (La Azucarera). \u00a1Os esperamos a todos!<\/p>\n","protected":false},"excerpt":{"rendered":"<p>&nbsp; Cristina Silv\u00e1n (Pamplona, 1975) es Licenciada en Bellas Artes por la Universidad de Salamanca y es una artista con una s\u00f3lida y dilatada carrera profesional. Su trayectoria incluye el Gran Premio de pintura Santa Isabel de Arag\u00f3n XXIII en 2009, la Beca Casa de Vel\u00e1zquez de la Diputaci\u00f3n de Zaragoza (2008-2010) y varias becas &hellip; <a href=\"http:\/\/madeinzaragoza.es\/blog\/la-abstraccion-geometrica-cristina-silvan\/\" class=\"more-link\">Continuar leyendo<span class=\"screen-reader-text\"> \u00abLa abstracci\u00f3n geom\u00e9trica de Cristina Silv\u00e1n\u00bb<\/span><\/a><\/p>\n","protected":false},"author":36,"featured_media":14778,"comment_status":"open","ping_status":"open","sticky":false,"template":"","format":"standard","meta":{"footnotes":""},"categories":[831],"tags":[834,1483,1073],"yoast_head":"<!-- This site is optimized with the Yoast SEO plugin v19.7.2 - https:\/\/yoast.com\/wordpress\/plugins\/seo\/ -->\n<title>La abstracci\u00f3n geom\u00e9trica de Cristina Silv\u00e1n - Made in Zaragoza<\/title>\n<meta name=\"robots\" content=\"index, follow, max-snippet:-1, max-image-preview:large, max-video-preview:-1\" \/>\n<link rel=\"canonical\" href=\"http:\/\/madeinzaragoza.es\/blog\/la-abstraccion-geometrica-cristina-silvan\/\" \/>\n<meta property=\"og:locale\" content=\"es_ES\" \/>\n<meta property=\"og:type\" content=\"article\" \/>\n<meta property=\"og:title\" content=\"La abstracci\u00f3n geom\u00e9trica de Cristina Silv\u00e1n - Made in Zaragoza\" \/>\n<meta property=\"og:description\" content=\"&nbsp; Cristina Silv\u00e1n (Pamplona, 1975) es Licenciada en Bellas Artes por la Universidad de Salamanca y es una artista con una s\u00f3lida y dilatada carrera profesional. Su trayectoria incluye el Gran Premio de pintura Santa Isabel de Arag\u00f3n XXIII en 2009, la Beca Casa de Vel\u00e1zquez de la Diputaci\u00f3n de Zaragoza (2008-2010) y varias becas &hellip; Continuar leyendo &quot;La abstracci\u00f3n geom\u00e9trica de Cristina Silv\u00e1n&quot;\" \/>\n<meta property=\"og:url\" content=\"http:\/\/madeinzaragoza.es\/blog\/la-abstraccion-geometrica-cristina-silvan\/\" \/>\n<meta property=\"og:site_name\" content=\"Made in Zaragoza\" \/>\n<meta property=\"article:publisher\" content=\"https:\/\/www.facebook.com\/madeinzaragoza.es\/\" \/>\n<meta property=\"article:author\" content=\"zarayorkers\" \/>\n<meta property=\"article:published_time\" content=\"2017-03-30T09:00:38+00:00\" \/>\n<meta property=\"article:modified_time\" content=\"2017-03-26T17:43:44+00:00\" \/>\n<meta property=\"og:image\" content=\"http:\/\/madeinzaragoza.es\/blog\/wp-content\/uploads\/2017\/03\/csilvan4.jpg\" \/>\n\t<meta property=\"og:image:width\" content=\"900\" \/>\n\t<meta property=\"og:image:height\" content=\"675\" \/>\n\t<meta property=\"og:image:type\" content=\"image\/jpeg\" \/>\n<meta name=\"author\" content=\"Sergio Sevilla\" \/>\n<meta name=\"twitter:card\" content=\"summary\" \/>\n<meta name=\"twitter:creator\" content=\"@madeinzaragoza\" \/>\n<meta name=\"twitter:site\" content=\"@madeinzaragoza\" \/>\n<meta name=\"twitter:label1\" content=\"Escrito por\" \/>\n\t<meta name=\"twitter:data1\" content=\"Sergio Sevilla\" \/>\n\t<meta name=\"twitter:label2\" content=\"Tiempo de lectura\" \/>\n\t<meta name=\"twitter:data2\" content=\"3 minutos\" \/>\n<script type=\"application\/ld+json\" class=\"yoast-schema-graph\">{\"@context\":\"https:\/\/schema.org\",\"@graph\":[{\"@type\":\"Article\",\"@id\":\"http:\/\/madeinzaragoza.es\/blog\/la-abstraccion-geometrica-cristina-silvan\/#article\",\"isPartOf\":{\"@id\":\"http:\/\/madeinzaragoza.es\/blog\/la-abstraccion-geometrica-cristina-silvan\/\"},\"author\":{\"name\":\"Sergio Sevilla\",\"@id\":\"http:\/\/madeinzaragoza.es\/blog\/#\/schema\/person\/fd836a8fe1177b6200bc8deffc3ad342\"},\"headline\":\"La abstracci\u00f3n geom\u00e9trica de Cristina Silv\u00e1n\",\"datePublished\":\"2017-03-30T09:00:38+00:00\",\"dateModified\":\"2017-03-26T17:43:44+00:00\",\"mainEntityOfPage\":{\"@id\":\"http:\/\/madeinzaragoza.es\/blog\/la-abstraccion-geometrica-cristina-silvan\/\"},\"wordCount\":595,\"commentCount\":1,\"publisher\":{\"@id\":\"http:\/\/madeinzaragoza.es\/blog\/#organization\"},\"keywords\":[\"Corner MIZ\",\"Cristina Silv\u00e1n\",\"intervenci\u00f3n ef\u00edmera\"],\"articleSection\":[\"CornerMIZ\"],\"inLanguage\":\"es\",\"potentialAction\":[{\"@type\":\"CommentAction\",\"name\":\"Comment\",\"target\":[\"http:\/\/madeinzaragoza.es\/blog\/la-abstraccion-geometrica-cristina-silvan\/#respond\"]}]},{\"@type\":\"WebPage\",\"@id\":\"http:\/\/madeinzaragoza.es\/blog\/la-abstraccion-geometrica-cristina-silvan\/\",\"url\":\"http:\/\/madeinzaragoza.es\/blog\/la-abstraccion-geometrica-cristina-silvan\/\",\"name\":\"La abstracci\u00f3n geom\u00e9trica de Cristina Silv\u00e1n - Made in Zaragoza\",\"isPartOf\":{\"@id\":\"http:\/\/madeinzaragoza.es\/blog\/#website\"},\"datePublished\":\"2017-03-30T09:00:38+00:00\",\"dateModified\":\"2017-03-26T17:43:44+00:00\",\"breadcrumb\":{\"@id\":\"http:\/\/madeinzaragoza.es\/blog\/la-abstraccion-geometrica-cristina-silvan\/#breadcrumb\"},\"inLanguage\":\"es\",\"potentialAction\":[{\"@type\":\"ReadAction\",\"target\":[\"http:\/\/madeinzaragoza.es\/blog\/la-abstraccion-geometrica-cristina-silvan\/\"]}]},{\"@type\":\"BreadcrumbList\",\"@id\":\"http:\/\/madeinzaragoza.es\/blog\/la-abstraccion-geometrica-cristina-silvan\/#breadcrumb\",\"itemListElement\":[{\"@type\":\"ListItem\",\"position\":1,\"name\":\"Portada\",\"item\":\"http:\/\/madeinzaragoza.es\/blog\/\"},{\"@type\":\"ListItem\",\"position\":2,\"name\":\"La abstracci\u00f3n geom\u00e9trica de Cristina Silv\u00e1n\"}]},{\"@type\":\"WebSite\",\"@id\":\"http:\/\/madeinzaragoza.es\/blog\/#website\",\"url\":\"http:\/\/madeinzaragoza.es\/blog\/\",\"name\":\"Made in Zaragoza\",\"description\":\"Blog de MadeinZGZ, Red de Econom\u00eda Creativa de Zaragoza\",\"publisher\":{\"@id\":\"http:\/\/madeinzaragoza.es\/blog\/#organization\"},\"potentialAction\":[{\"@type\":\"SearchAction\",\"target\":{\"@type\":\"EntryPoint\",\"urlTemplate\":\"http:\/\/madeinzaragoza.es\/blog\/?s={search_term_string}\"},\"query-input\":\"required name=search_term_string\"}],\"inLanguage\":\"es\"},{\"@type\":\"Organization\",\"@id\":\"http:\/\/madeinzaragoza.es\/blog\/#organization\",\"name\":\"Made In Zaragoza\",\"url\":\"http:\/\/madeinzaragoza.es\/blog\/\",\"sameAs\":[\"https:\/\/www.instagram.com\/madeinzaragoza.es\/\",\"https:\/\/www.facebook.com\/madeinzaragoza.es\/\",\"https:\/\/twitter.com\/madeinzaragoza\"],\"logo\":{\"@type\":\"ImageObject\",\"inLanguage\":\"es\",\"@id\":\"http:\/\/madeinzaragoza.es\/blog\/#\/schema\/logo\/image\/\",\"url\":\"https:\/\/madeinzaragoza.es\/blog\/wp-content\/uploads\/2022\/05\/logo.png\",\"contentUrl\":\"https:\/\/madeinzaragoza.es\/blog\/wp-content\/uploads\/2022\/05\/logo.png\",\"width\":193,\"height\":176,\"caption\":\"Made In Zaragoza\"},\"image\":{\"@id\":\"http:\/\/madeinzaragoza.es\/blog\/#\/schema\/logo\/image\/\"}},{\"@type\":\"Person\",\"@id\":\"http:\/\/madeinzaragoza.es\/blog\/#\/schema\/person\/fd836a8fe1177b6200bc8deffc3ad342\",\"name\":\"Sergio Sevilla\",\"image\":{\"@type\":\"ImageObject\",\"inLanguage\":\"es\",\"@id\":\"http:\/\/madeinzaragoza.es\/blog\/#\/schema\/person\/image\/\",\"url\":\"http:\/\/1.gravatar.com\/avatar\/4a59e3901b7e749c4e3750c4fd5d0b43?s=96&d=mm&r=g\",\"contentUrl\":\"http:\/\/1.gravatar.com\/avatar\/4a59e3901b7e749c4e3750c4fd5d0b43?s=96&d=mm&r=g\",\"caption\":\"Sergio Sevilla\"},\"description\":\"Gesti\u00f3n e Innovaci\u00f3n cultural (I+C) Mi trabajo se basa en la b\u00fasqueda de conexiones culturales en espacios de tr\u00e1nsito. Soy director y programador de proyectos culturales. He coordinado el espacio C\u00f3rner MIZ de Made in Zaragoza y, en la actualidad, me dedico a investigar, documentar y poner en valor el muralismo cer\u00e1mico de los a\u00f1os 60, 70 y 80 de Zaragoza y su relaci\u00f3n con los entornos arquitect\u00f3nicos y decorativos de la \u00e9poca. Descubre el perfil de @ZaragozaModerna en Instagram. Take a walk on the Art side.\",\"sameAs\":[\"zarayorkers\",\"@zaragozamoderna\",\"\/sergiosevillatabernero\"],\"url\":\"http:\/\/madeinzaragoza.es\/blog\/author\/sergiosevilla\/\"}]}<\/script>\n<!-- \/ Yoast SEO plugin. -->","yoast_head_json":{"title":"La abstracci\u00f3n geom\u00e9trica de Cristina Silv\u00e1n - Made in Zaragoza","robots":{"index":"index","follow":"follow","max-snippet":"max-snippet:-1","max-image-preview":"max-image-preview:large","max-video-preview":"max-video-preview:-1"},"canonical":"http:\/\/madeinzaragoza.es\/blog\/la-abstraccion-geometrica-cristina-silvan\/","og_locale":"es_ES","og_type":"article","og_title":"La abstracci\u00f3n geom\u00e9trica de Cristina Silv\u00e1n - Made in Zaragoza","og_description":"&nbsp; Cristina Silv\u00e1n (Pamplona, 1975) es Licenciada en Bellas Artes por la Universidad de Salamanca y es una artista con una s\u00f3lida y dilatada carrera profesional. Su trayectoria incluye el Gran Premio de pintura Santa Isabel de Arag\u00f3n XXIII en 2009, la Beca Casa de Vel\u00e1zquez de la Diputaci\u00f3n de Zaragoza (2008-2010) y varias becas &hellip; Continuar leyendo \"La abstracci\u00f3n geom\u00e9trica de Cristina Silv\u00e1n\"","og_url":"http:\/\/madeinzaragoza.es\/blog\/la-abstraccion-geometrica-cristina-silvan\/","og_site_name":"Made in Zaragoza","article_publisher":"https:\/\/www.facebook.com\/madeinzaragoza.es\/","article_author":"zarayorkers","article_published_time":"2017-03-30T09:00:38+00:00","article_modified_time":"2017-03-26T17:43:44+00:00","og_image":[{"width":900,"height":675,"url":"http:\/\/madeinzaragoza.es\/blog\/wp-content\/uploads\/2017\/03\/csilvan4.jpg","type":"image\/jpeg"}],"author":"Sergio Sevilla","twitter_card":"summary","twitter_creator":"@madeinzaragoza","twitter_site":"@madeinzaragoza","twitter_misc":{"Escrito por":"Sergio Sevilla","Tiempo de lectura":"3 minutos"},"schema":{"@context":"https:\/\/schema.org","@graph":[{"@type":"Article","@id":"http:\/\/madeinzaragoza.es\/blog\/la-abstraccion-geometrica-cristina-silvan\/#article","isPartOf":{"@id":"http:\/\/madeinzaragoza.es\/blog\/la-abstraccion-geometrica-cristina-silvan\/"},"author":{"name":"Sergio Sevilla","@id":"http:\/\/madeinzaragoza.es\/blog\/#\/schema\/person\/fd836a8fe1177b6200bc8deffc3ad342"},"headline":"La abstracci\u00f3n geom\u00e9trica de Cristina Silv\u00e1n","datePublished":"2017-03-30T09:00:38+00:00","dateModified":"2017-03-26T17:43:44+00:00","mainEntityOfPage":{"@id":"http:\/\/madeinzaragoza.es\/blog\/la-abstraccion-geometrica-cristina-silvan\/"},"wordCount":595,"commentCount":1,"publisher":{"@id":"http:\/\/madeinzaragoza.es\/blog\/#organization"},"keywords":["Corner MIZ","Cristina Silv\u00e1n","intervenci\u00f3n ef\u00edmera"],"articleSection":["CornerMIZ"],"inLanguage":"es","potentialAction":[{"@type":"CommentAction","name":"Comment","target":["http:\/\/madeinzaragoza.es\/blog\/la-abstraccion-geometrica-cristina-silvan\/#respond"]}]},{"@type":"WebPage","@id":"http:\/\/madeinzaragoza.es\/blog\/la-abstraccion-geometrica-cristina-silvan\/","url":"http:\/\/madeinzaragoza.es\/blog\/la-abstraccion-geometrica-cristina-silvan\/","name":"La abstracci\u00f3n geom\u00e9trica de Cristina Silv\u00e1n - Made in Zaragoza","isPartOf":{"@id":"http:\/\/madeinzaragoza.es\/blog\/#website"},"datePublished":"2017-03-30T09:00:38+00:00","dateModified":"2017-03-26T17:43:44+00:00","breadcrumb":{"@id":"http:\/\/madeinzaragoza.es\/blog\/la-abstraccion-geometrica-cristina-silvan\/#breadcrumb"},"inLanguage":"es","potentialAction":[{"@type":"ReadAction","target":["http:\/\/madeinzaragoza.es\/blog\/la-abstraccion-geometrica-cristina-silvan\/"]}]},{"@type":"BreadcrumbList","@id":"http:\/\/madeinzaragoza.es\/blog\/la-abstraccion-geometrica-cristina-silvan\/#breadcrumb","itemListElement":[{"@type":"ListItem","position":1,"name":"Portada","item":"http:\/\/madeinzaragoza.es\/blog\/"},{"@type":"ListItem","position":2,"name":"La abstracci\u00f3n geom\u00e9trica de Cristina Silv\u00e1n"}]},{"@type":"WebSite","@id":"http:\/\/madeinzaragoza.es\/blog\/#website","url":"http:\/\/madeinzaragoza.es\/blog\/","name":"Made in Zaragoza","description":"Blog de MadeinZGZ, Red de Econom\u00eda Creativa de Zaragoza","publisher":{"@id":"http:\/\/madeinzaragoza.es\/blog\/#organization"},"potentialAction":[{"@type":"SearchAction","target":{"@type":"EntryPoint","urlTemplate":"http:\/\/madeinzaragoza.es\/blog\/?s={search_term_string}"},"query-input":"required name=search_term_string"}],"inLanguage":"es"},{"@type":"Organization","@id":"http:\/\/madeinzaragoza.es\/blog\/#organization","name":"Made In Zaragoza","url":"http:\/\/madeinzaragoza.es\/blog\/","sameAs":["https:\/\/www.instagram.com\/madeinzaragoza.es\/","https:\/\/www.facebook.com\/madeinzaragoza.es\/","https:\/\/twitter.com\/madeinzaragoza"],"logo":{"@type":"ImageObject","inLanguage":"es","@id":"http:\/\/madeinzaragoza.es\/blog\/#\/schema\/logo\/image\/","url":"https:\/\/madeinzaragoza.es\/blog\/wp-content\/uploads\/2022\/05\/logo.png","contentUrl":"https:\/\/madeinzaragoza.es\/blog\/wp-content\/uploads\/2022\/05\/logo.png","width":193,"height":176,"caption":"Made In Zaragoza"},"image":{"@id":"http:\/\/madeinzaragoza.es\/blog\/#\/schema\/logo\/image\/"}},{"@type":"Person","@id":"http:\/\/madeinzaragoza.es\/blog\/#\/schema\/person\/fd836a8fe1177b6200bc8deffc3ad342","name":"Sergio Sevilla","image":{"@type":"ImageObject","inLanguage":"es","@id":"http:\/\/madeinzaragoza.es\/blog\/#\/schema\/person\/image\/","url":"http:\/\/1.gravatar.com\/avatar\/4a59e3901b7e749c4e3750c4fd5d0b43?s=96&d=mm&r=g","contentUrl":"http:\/\/1.gravatar.com\/avatar\/4a59e3901b7e749c4e3750c4fd5d0b43?s=96&d=mm&r=g","caption":"Sergio Sevilla"},"description":"Gesti\u00f3n e Innovaci\u00f3n cultural (I+C) Mi trabajo se basa en la b\u00fasqueda de conexiones culturales en espacios de tr\u00e1nsito. Soy director y programador de proyectos culturales. He coordinado el espacio C\u00f3rner MIZ de Made in Zaragoza y, en la actualidad, me dedico a investigar, documentar y poner en valor el muralismo cer\u00e1mico de los a\u00f1os 60, 70 y 80 de Zaragoza y su relaci\u00f3n con los entornos arquitect\u00f3nicos y decorativos de la \u00e9poca. Descubre el perfil de @ZaragozaModerna en Instagram. Take a walk on the Art side.","sameAs":["zarayorkers","@zaragozamoderna","\/sergiosevillatabernero"],"url":"http:\/\/madeinzaragoza.es\/blog\/author\/sergiosevilla\/"}]}},"_links":{"self":[{"href":"http:\/\/madeinzaragoza.es\/blog\/wp-json\/wp\/v2\/posts\/14775"}],"collection":[{"href":"http:\/\/madeinzaragoza.es\/blog\/wp-json\/wp\/v2\/posts"}],"about":[{"href":"http:\/\/madeinzaragoza.es\/blog\/wp-json\/wp\/v2\/types\/post"}],"author":[{"embeddable":true,"href":"http:\/\/madeinzaragoza.es\/blog\/wp-json\/wp\/v2\/users\/36"}],"replies":[{"embeddable":true,"href":"http:\/\/madeinzaragoza.es\/blog\/wp-json\/wp\/v2\/comments?post=14775"}],"version-history":[{"count":9,"href":"http:\/\/madeinzaragoza.es\/blog\/wp-json\/wp\/v2\/posts\/14775\/revisions"}],"predecessor-version":[{"id":14791,"href":"http:\/\/madeinzaragoza.es\/blog\/wp-json\/wp\/v2\/posts\/14775\/revisions\/14791"}],"wp:featuredmedia":[{"embeddable":true,"href":"http:\/\/madeinzaragoza.es\/blog\/wp-json\/wp\/v2\/media\/14778"}],"wp:attachment":[{"href":"http:\/\/madeinzaragoza.es\/blog\/wp-json\/wp\/v2\/media?parent=14775"}],"wp:term":[{"taxonomy":"category","embeddable":true,"href":"http:\/\/madeinzaragoza.es\/blog\/wp-json\/wp\/v2\/categories?post=14775"},{"taxonomy":"post_tag","embeddable":true,"href":"http:\/\/madeinzaragoza.es\/blog\/wp-json\/wp\/v2\/tags?post=14775"}],"curies":[{"name":"wp","href":"https:\/\/api.w.org\/{rel}","templated":true}]}}