{"id":14535,"date":"2017-02-28T22:02:32","date_gmt":"2017-02-28T21:02:32","guid":{"rendered":"http:\/\/madeinzaragoza.es\/blog\/?p=14535"},"modified":"2017-05-07T10:37:47","modified_gmt":"2017-05-07T09:37:47","slug":"los-procesos-creativos-colaborativos-letras-la-ciudad","status":"publish","type":"post","link":"http:\/\/madeinzaragoza.es\/blog\/los-procesos-creativos-colaborativos-letras-la-ciudad\/","title":{"rendered":"Los procesos creativos colaborativos de Letras en la ciudad"},"content":{"rendered":"<p>&nbsp;<\/p>\n<p>En una <a href=\"http:\/\/madeinzaragoza.es\/blog\/letras-en-la-ciudad-intervenciones-en-entornos-urbanos\/\">entrada anterior<\/a>, presentamos el proyecto <strong>Letras en la ciudad<\/strong>, una plataforma colaborativa de creaci\u00f3n e intervenci\u00f3n en entornos urbanos que usa el lenguaje gr\u00e1fico como base de su trabajo para transformar los espacios y lanzar un mensaje.<\/p>\n<p>&nbsp;<\/p>\n<p><img loading=\"lazy\" decoding=\"async\" class=\"size-full wp-image-14539 alignleft\" src=\"http:\/\/madeinzaragoza.es\/blog\/wp-content\/uploads\/2017\/02\/DSCF5998.jpg\" alt=\"\" width=\"900\" height=\"600\" srcset=\"http:\/\/madeinzaragoza.es\/blog\/wp-content\/uploads\/2017\/02\/DSCF5998.jpg 900w, http:\/\/madeinzaragoza.es\/blog\/wp-content\/uploads\/2017\/02\/DSCF5998-300x200.jpg 300w, http:\/\/madeinzaragoza.es\/blog\/wp-content\/uploads\/2017\/02\/DSCF5998-768x512.jpg 768w\" sizes=\"(max-width: 709px) 85vw, (max-width: 909px) 67vw, (max-width: 1362px) 62vw, 840px\" \/><\/p>\n<p>&nbsp;<\/p>\n<p>&nbsp;<\/p>\n<p>&nbsp;<\/p>\n<p>&nbsp;<\/p>\n<p>&nbsp;<\/p>\n<p>&nbsp;<\/p>\n<p>&nbsp;<\/p>\n<p>&nbsp;<\/p>\n<p>&nbsp;<\/p>\n<p>Con motivo de la obra que han realizado para el espacio <strong>C\u00f3rner MIZ<\/strong> en La Azucarera, hemos hablado con Luis Roser acerca del proyecto <strong>Letras en la ciudad<\/strong> para profundizar un poco en \u00e9l y, sobre todo, para conocer c\u00f3mo son los procesos creativos colaborativos de sus intervenciones y, en concreto, de su obra <a href=\"http:\/\/madeinzaragoza.es\/blog\/unlimited-intervencion-letras-la-ciudad-corner-miz\/\">\u00abUnlimited\u00bb<\/a>.<\/p>\n<p>&nbsp;<\/p>\n<p><img loading=\"lazy\" decoding=\"async\" class=\"aligncenter size-full wp-image-14538\" src=\"http:\/\/madeinzaragoza.es\/blog\/wp-content\/uploads\/2017\/02\/DSCF5993.jpg\" alt=\"\" width=\"900\" height=\"600\" srcset=\"http:\/\/madeinzaragoza.es\/blog\/wp-content\/uploads\/2017\/02\/DSCF5993.jpg 900w, http:\/\/madeinzaragoza.es\/blog\/wp-content\/uploads\/2017\/02\/DSCF5993-300x200.jpg 300w, http:\/\/madeinzaragoza.es\/blog\/wp-content\/uploads\/2017\/02\/DSCF5993-768x512.jpg 768w\" sizes=\"(max-width: 709px) 85vw, (max-width: 909px) 67vw, (max-width: 1362px) 62vw, 840px\" \/><\/p>\n<p><strong><em>En primer lugar, cu\u00e9ntanos c\u00f3mo surge la idea de crear &#8216;Letras en la ciudad\u2019.<\/em><\/strong><\/p>\n<p>El proyecto letras en la ciudad nace de la necesidad de aportar alg\u00fan valor a\u00f1adido m\u00e1s a nuestras actividades profesionales, algo que nos divirtiese y nos llevara a desarrollar proyectos diferentes y en coordinaci\u00f3n y conexi\u00f3n con gentes de otras disciplinas.<\/p>\n<p>A los componentes nos gusta la comunicaci\u00f3n y la expresi\u00f3n y el dise\u00f1o gr\u00e1fico por y para los intereses de la ciudadan\u00eda, por lo que elegimos la letra como s\u00edmbolo o insignia tot\u00e9mica a partir del cual se pudiesen conceptualizar diferentes proyectos.<\/p>\n<p>&nbsp;<\/p>\n<p><img loading=\"lazy\" decoding=\"async\" class=\"aligncenter size-full wp-image-14544\" src=\"http:\/\/madeinzaragoza.es\/blog\/wp-content\/uploads\/2017\/02\/VMAB9000.jpg\" alt=\"\" width=\"900\" height=\"900\" srcset=\"http:\/\/madeinzaragoza.es\/blog\/wp-content\/uploads\/2017\/02\/VMAB9000.jpg 900w, http:\/\/madeinzaragoza.es\/blog\/wp-content\/uploads\/2017\/02\/VMAB9000-150x150.jpg 150w, http:\/\/madeinzaragoza.es\/blog\/wp-content\/uploads\/2017\/02\/VMAB9000-300x300.jpg 300w, http:\/\/madeinzaragoza.es\/blog\/wp-content\/uploads\/2017\/02\/VMAB9000-768x768.jpg 768w\" sizes=\"(max-width: 709px) 85vw, (max-width: 909px) 67vw, (max-width: 1362px) 62vw, 840px\" \/><\/p>\n<p>&nbsp;<\/p>\n<p><strong><em>Ten\u00e9is una clara vocaci\u00f3n cultural y sobre todo social. <\/em><\/strong><\/p>\n<p>Claramente el proyecto se plantea con una clara vocaci\u00f3n de colaborar con otros, dar difusi\u00f3n a nuevos talentos e ideas y trabajar muy cercanamente con el tejido cultural de la comunidad. Ese \u00e1pice social que claramente se ha ido mostrando en el proyecto por medio de las intervenciones ha sido m\u00e1s cuesti\u00f3n de los colaboradores, que nuestra.<\/p>\n<p>Podr\u00edamos decir que las propias personas y agentes que est\u00e1n interviniendo lo han ido haciendo as\u00ed.<\/p>\n<p>&nbsp;<\/p>\n<p><strong><em>Es muy importante la responsabilidad social para vosotros \u00bfc\u00f3mo es vuestra visi\u00f3n \u00e9tica y social sobre esto?<\/em><\/strong><\/p>\n<p>Pensamos que en una ciudad como la nuestra, hay muchos colectivos sociales, fundaciones, ONGS que trabajan en temas importantes y necesarios para la ciudadan\u00eda por lo que un pilar fundamental es acercar todo esto a la gente que se dirige a nuestro proyecto.<\/p>\n<p>&nbsp;<\/p>\n<p><strong><em>Vuestras intervenciones en entornos urbanos son casi siempre colaboraciones con otros agentes sociales y culturales \u00bfc\u00f3mo surgen?<\/em><\/strong><\/p>\n<p>Normalmente nos llaman a nosotros como acaba de ocurrir con una asociaci\u00f3n relacionada con el Autismo, ven el proyecto y se interesan. Otras veces hemos sido nosotros los que nos hemos dirigido a estos agentes.<\/p>\n<p>&nbsp;<\/p>\n<p><strong><em>Gracias a vuestras acciones os hab\u00e9is convertido en una plataforma de comunicaci\u00f3n muy importante y de gran fuerza visual \u00bfc\u00f3mo ves vuestra evoluci\u00f3n como proyecto?<\/em><\/strong><\/p>\n<p>Pensamos que la evoluci\u00f3n es poco a poco pero con paso seguro. El proyecto lo gestionan ahora mismo tres personas que vienen del mundo del Marketing y la responsabilidad social, el dise\u00f1o gr\u00e1fico y web y la gesti\u00f3n de proyectos y la psicolog\u00eda, con sus respectivos trabajos, por lo que el tiempo que tenemos que dedicar al proyecto, a veces depende de nuestro tiempo disponible.<\/p>\n<p>&nbsp;<\/p>\n<p>Creemos que la evoluci\u00f3n es buena y nos gusta la intensidad y car\u00e1cter que han tomado alguno de los proyectos, a\u00fan as\u00ed hay cuestiones que nos preocupan y que ya estamos trabajando para localizar nuestro trabajo en ellas.<\/p>\n<p>&nbsp;<\/p>\n<p><strong><em>Entramos ya a hablar de los procesos creativos de Letras en la ciudad. H\u00e1blanos c\u00f3mo es el planteamiento inicial y su desarrollo colaborativo.<\/em><\/strong><\/p>\n<p>El planteamiento de base de la gente que se acerca al proyecto es que nos planteen la idea y un poco el desarrollo, nosotros ayudamos a llevarla a cabo, poniendo medios log\u00edsticos, fotogr\u00e1ficos, video, comunicaci\u00f3n y programaci\u00f3n.<\/p>\n<p>&nbsp;<\/p>\n<p><strong><em>Y en concreto, h\u00e1blanos del proceso creativo de \u00abUnlimited\u00bb. Este proyecto es algo diferente ya que su desarrollo es 100% creado por Letras en la ciudad sin agente colaborador externo.<\/em><\/strong><\/p>\n<p>Sobre el caso que nos planteas nuestra primera idea fue el plantar una letra gigante blanca en el hall con una seria de indicaciones y lapiceros y ceras para que el transe\u00fante en un acto c\u00edvico y creativo la pintase y la transformase, transformando a su vez el entorno. Esto planteaba el problema de que la letra se transformaba posteriormente a la presentaci\u00f3n, por lo que decidimos intervenir en todo el espacio y surgi\u00f3 la idea de acompa\u00f1ar el concepto <em>\u2018mutantes\u2019<\/em>, con el de los l\u00edmites, que parece que sobrepasa cualquier mutaci\u00f3n. En un principio se pens\u00f3 el colaborar con alg\u00fan ilustrador, pero finalmente optamos por el negro como contraste al blanco del espacio y realizarlo nosotros.<\/p>\n<p>&nbsp;<\/p>\n<p><img loading=\"lazy\" decoding=\"async\" class=\"aligncenter size-full wp-image-14542\" src=\"http:\/\/madeinzaragoza.es\/blog\/wp-content\/uploads\/2017\/02\/DSCF6022.jpg\" alt=\"\" width=\"900\" height=\"675\" srcset=\"http:\/\/madeinzaragoza.es\/blog\/wp-content\/uploads\/2017\/02\/DSCF6022.jpg 900w, http:\/\/madeinzaragoza.es\/blog\/wp-content\/uploads\/2017\/02\/DSCF6022-300x225.jpg 300w, http:\/\/madeinzaragoza.es\/blog\/wp-content\/uploads\/2017\/02\/DSCF6022-768x576.jpg 768w\" sizes=\"(max-width: 709px) 85vw, (max-width: 909px) 67vw, (max-width: 1362px) 62vw, 840px\" \/> <img loading=\"lazy\" decoding=\"async\" class=\"aligncenter size-full wp-image-14540\" src=\"http:\/\/madeinzaragoza.es\/blog\/wp-content\/uploads\/2017\/02\/DSCF6007.jpg\" alt=\"\" width=\"900\" height=\"600\" srcset=\"http:\/\/madeinzaragoza.es\/blog\/wp-content\/uploads\/2017\/02\/DSCF6007.jpg 900w, http:\/\/madeinzaragoza.es\/blog\/wp-content\/uploads\/2017\/02\/DSCF6007-300x200.jpg 300w, http:\/\/madeinzaragoza.es\/blog\/wp-content\/uploads\/2017\/02\/DSCF6007-768x512.jpg 768w\" sizes=\"(max-width: 709px) 85vw, (max-width: 909px) 67vw, (max-width: 1362px) 62vw, 840px\" \/> <img loading=\"lazy\" decoding=\"async\" class=\"aligncenter size-full wp-image-14537\" src=\"http:\/\/madeinzaragoza.es\/blog\/wp-content\/uploads\/2017\/02\/DSCF5988.jpg\" alt=\"\" width=\"900\" height=\"600\" srcset=\"http:\/\/madeinzaragoza.es\/blog\/wp-content\/uploads\/2017\/02\/DSCF5988.jpg 900w, http:\/\/madeinzaragoza.es\/blog\/wp-content\/uploads\/2017\/02\/DSCF5988-300x200.jpg 300w, http:\/\/madeinzaragoza.es\/blog\/wp-content\/uploads\/2017\/02\/DSCF5988-768x512.jpg 768w\" sizes=\"(max-width: 709px) 85vw, (max-width: 909px) 67vw, (max-width: 1362px) 62vw, 840px\" \/> <img loading=\"lazy\" decoding=\"async\" class=\"aligncenter size-full wp-image-14536\" src=\"http:\/\/madeinzaragoza.es\/blog\/wp-content\/uploads\/2017\/02\/DSCF5980.jpg\" alt=\"\" width=\"900\" height=\"600\" srcset=\"http:\/\/madeinzaragoza.es\/blog\/wp-content\/uploads\/2017\/02\/DSCF5980.jpg 900w, http:\/\/madeinzaragoza.es\/blog\/wp-content\/uploads\/2017\/02\/DSCF5980-300x200.jpg 300w, http:\/\/madeinzaragoza.es\/blog\/wp-content\/uploads\/2017\/02\/DSCF5980-768x512.jpg 768w\" sizes=\"(max-width: 709px) 85vw, (max-width: 909px) 67vw, (max-width: 1362px) 62vw, 840px\" \/> <img loading=\"lazy\" decoding=\"async\" class=\"aligncenter size-full wp-image-14541\" src=\"http:\/\/madeinzaragoza.es\/blog\/wp-content\/uploads\/2017\/02\/DSCF6013.jpg\" alt=\"\" width=\"900\" height=\"600\" srcset=\"http:\/\/madeinzaragoza.es\/blog\/wp-content\/uploads\/2017\/02\/DSCF6013.jpg 900w, http:\/\/madeinzaragoza.es\/blog\/wp-content\/uploads\/2017\/02\/DSCF6013-300x200.jpg 300w, http:\/\/madeinzaragoza.es\/blog\/wp-content\/uploads\/2017\/02\/DSCF6013-768x512.jpg 768w\" sizes=\"(max-width: 709px) 85vw, (max-width: 909px) 67vw, (max-width: 1362px) 62vw, 840px\" \/><\/p>\n<p>&nbsp;<\/p>\n","protected":false},"excerpt":{"rendered":"<p>&nbsp; En una entrada anterior, presentamos el proyecto Letras en la ciudad, una plataforma colaborativa de creaci\u00f3n e intervenci\u00f3n en entornos urbanos que usa el lenguaje gr\u00e1fico como base de su trabajo para transformar los espacios y lanzar un mensaje. &nbsp; &nbsp; &nbsp; &nbsp; &nbsp; &nbsp; &nbsp; &nbsp; &nbsp; &nbsp; Con motivo de la obra &hellip; <a href=\"http:\/\/madeinzaragoza.es\/blog\/los-procesos-creativos-colaborativos-letras-la-ciudad\/\" class=\"more-link\">Continuar leyendo<span class=\"screen-reader-text\"> \u00abLos procesos creativos colaborativos de Letras en la ciudad\u00bb<\/span><\/a><\/p>\n","protected":false},"author":36,"featured_media":14543,"comment_status":"open","ping_status":"open","sticky":false,"template":"","format":"standard","meta":{"footnotes":""},"categories":[831],"tags":[834,945,1073,1471],"yoast_head":"<!-- This site is optimized with the Yoast SEO plugin v19.7.2 - https:\/\/yoast.com\/wordpress\/plugins\/seo\/ -->\n<title>Los procesos creativos colaborativos de Letras en la ciudad - Made in Zaragoza<\/title>\n<meta name=\"robots\" content=\"index, follow, max-snippet:-1, max-image-preview:large, max-video-preview:-1\" \/>\n<link rel=\"canonical\" href=\"http:\/\/madeinzaragoza.es\/blog\/los-procesos-creativos-colaborativos-letras-la-ciudad\/\" \/>\n<meta property=\"og:locale\" content=\"es_ES\" \/>\n<meta property=\"og:type\" content=\"article\" \/>\n<meta property=\"og:title\" content=\"Los procesos creativos colaborativos de Letras en la ciudad - Made in Zaragoza\" \/>\n<meta property=\"og:description\" content=\"&nbsp; En una entrada anterior, presentamos el proyecto Letras en la ciudad, una plataforma colaborativa de creaci\u00f3n e intervenci\u00f3n en entornos urbanos que usa el lenguaje gr\u00e1fico como base de su trabajo para transformar los espacios y lanzar un mensaje. &nbsp; &nbsp; &nbsp; &nbsp; &nbsp; &nbsp; &nbsp; &nbsp; &nbsp; &nbsp; Con motivo de la obra &hellip; Continuar leyendo &quot;Los procesos creativos colaborativos de Letras en la ciudad&quot;\" \/>\n<meta property=\"og:url\" content=\"http:\/\/madeinzaragoza.es\/blog\/los-procesos-creativos-colaborativos-letras-la-ciudad\/\" \/>\n<meta property=\"og:site_name\" content=\"Made in Zaragoza\" \/>\n<meta property=\"article:publisher\" content=\"https:\/\/www.facebook.com\/madeinzaragoza.es\/\" \/>\n<meta property=\"article:author\" content=\"zarayorkers\" \/>\n<meta property=\"article:published_time\" content=\"2017-02-28T21:02:32+00:00\" \/>\n<meta property=\"article:modified_time\" content=\"2017-05-07T09:37:47+00:00\" \/>\n<meta property=\"og:image\" content=\"http:\/\/madeinzaragoza.es\/blog\/wp-content\/uploads\/2017\/02\/IMG_3863.jpg\" \/>\n\t<meta property=\"og:image:width\" content=\"900\" \/>\n\t<meta property=\"og:image:height\" content=\"675\" \/>\n\t<meta property=\"og:image:type\" content=\"image\/jpeg\" \/>\n<meta name=\"author\" content=\"Sergio Sevilla\" \/>\n<meta name=\"twitter:card\" content=\"summary\" \/>\n<meta name=\"twitter:creator\" content=\"@madeinzaragoza\" \/>\n<meta name=\"twitter:site\" content=\"@madeinzaragoza\" \/>\n<meta name=\"twitter:label1\" content=\"Escrito por\" \/>\n\t<meta name=\"twitter:data1\" content=\"Sergio Sevilla\" \/>\n\t<meta name=\"twitter:label2\" content=\"Tiempo de lectura\" \/>\n\t<meta name=\"twitter:data2\" content=\"4 minutos\" \/>\n<script type=\"application\/ld+json\" class=\"yoast-schema-graph\">{\"@context\":\"https:\/\/schema.org\",\"@graph\":[{\"@type\":\"Article\",\"@id\":\"http:\/\/madeinzaragoza.es\/blog\/los-procesos-creativos-colaborativos-letras-la-ciudad\/#article\",\"isPartOf\":{\"@id\":\"http:\/\/madeinzaragoza.es\/blog\/los-procesos-creativos-colaborativos-letras-la-ciudad\/\"},\"author\":{\"name\":\"Sergio Sevilla\",\"@id\":\"http:\/\/madeinzaragoza.es\/blog\/#\/schema\/person\/fd836a8fe1177b6200bc8deffc3ad342\"},\"headline\":\"Los procesos creativos colaborativos de Letras en la ciudad\",\"datePublished\":\"2017-02-28T21:02:32+00:00\",\"dateModified\":\"2017-05-07T09:37:47+00:00\",\"mainEntityOfPage\":{\"@id\":\"http:\/\/madeinzaragoza.es\/blog\/los-procesos-creativos-colaborativos-letras-la-ciudad\/\"},\"wordCount\":808,\"commentCount\":0,\"publisher\":{\"@id\":\"http:\/\/madeinzaragoza.es\/blog\/#organization\"},\"keywords\":[\"Corner MIZ\",\"intervenci\u00f3n\",\"intervenci\u00f3n ef\u00edmera\",\"Letras en la ciudad\"],\"articleSection\":[\"CornerMIZ\"],\"inLanguage\":\"es\",\"potentialAction\":[{\"@type\":\"CommentAction\",\"name\":\"Comment\",\"target\":[\"http:\/\/madeinzaragoza.es\/blog\/los-procesos-creativos-colaborativos-letras-la-ciudad\/#respond\"]}]},{\"@type\":\"WebPage\",\"@id\":\"http:\/\/madeinzaragoza.es\/blog\/los-procesos-creativos-colaborativos-letras-la-ciudad\/\",\"url\":\"http:\/\/madeinzaragoza.es\/blog\/los-procesos-creativos-colaborativos-letras-la-ciudad\/\",\"name\":\"Los procesos creativos colaborativos de Letras en la ciudad - Made in Zaragoza\",\"isPartOf\":{\"@id\":\"http:\/\/madeinzaragoza.es\/blog\/#website\"},\"datePublished\":\"2017-02-28T21:02:32+00:00\",\"dateModified\":\"2017-05-07T09:37:47+00:00\",\"breadcrumb\":{\"@id\":\"http:\/\/madeinzaragoza.es\/blog\/los-procesos-creativos-colaborativos-letras-la-ciudad\/#breadcrumb\"},\"inLanguage\":\"es\",\"potentialAction\":[{\"@type\":\"ReadAction\",\"target\":[\"http:\/\/madeinzaragoza.es\/blog\/los-procesos-creativos-colaborativos-letras-la-ciudad\/\"]}]},{\"@type\":\"BreadcrumbList\",\"@id\":\"http:\/\/madeinzaragoza.es\/blog\/los-procesos-creativos-colaborativos-letras-la-ciudad\/#breadcrumb\",\"itemListElement\":[{\"@type\":\"ListItem\",\"position\":1,\"name\":\"Portada\",\"item\":\"http:\/\/madeinzaragoza.es\/blog\/\"},{\"@type\":\"ListItem\",\"position\":2,\"name\":\"Los procesos creativos colaborativos de Letras en la ciudad\"}]},{\"@type\":\"WebSite\",\"@id\":\"http:\/\/madeinzaragoza.es\/blog\/#website\",\"url\":\"http:\/\/madeinzaragoza.es\/blog\/\",\"name\":\"Made in Zaragoza\",\"description\":\"Blog de MadeinZGZ, Red de Econom\u00eda Creativa de Zaragoza\",\"publisher\":{\"@id\":\"http:\/\/madeinzaragoza.es\/blog\/#organization\"},\"potentialAction\":[{\"@type\":\"SearchAction\",\"target\":{\"@type\":\"EntryPoint\",\"urlTemplate\":\"http:\/\/madeinzaragoza.es\/blog\/?s={search_term_string}\"},\"query-input\":\"required name=search_term_string\"}],\"inLanguage\":\"es\"},{\"@type\":\"Organization\",\"@id\":\"http:\/\/madeinzaragoza.es\/blog\/#organization\",\"name\":\"Made In Zaragoza\",\"url\":\"http:\/\/madeinzaragoza.es\/blog\/\",\"sameAs\":[\"https:\/\/www.instagram.com\/madeinzaragoza.es\/\",\"https:\/\/www.facebook.com\/madeinzaragoza.es\/\",\"https:\/\/twitter.com\/madeinzaragoza\"],\"logo\":{\"@type\":\"ImageObject\",\"inLanguage\":\"es\",\"@id\":\"http:\/\/madeinzaragoza.es\/blog\/#\/schema\/logo\/image\/\",\"url\":\"https:\/\/madeinzaragoza.es\/blog\/wp-content\/uploads\/2022\/05\/logo.png\",\"contentUrl\":\"https:\/\/madeinzaragoza.es\/blog\/wp-content\/uploads\/2022\/05\/logo.png\",\"width\":193,\"height\":176,\"caption\":\"Made In Zaragoza\"},\"image\":{\"@id\":\"http:\/\/madeinzaragoza.es\/blog\/#\/schema\/logo\/image\/\"}},{\"@type\":\"Person\",\"@id\":\"http:\/\/madeinzaragoza.es\/blog\/#\/schema\/person\/fd836a8fe1177b6200bc8deffc3ad342\",\"name\":\"Sergio Sevilla\",\"image\":{\"@type\":\"ImageObject\",\"inLanguage\":\"es\",\"@id\":\"http:\/\/madeinzaragoza.es\/blog\/#\/schema\/person\/image\/\",\"url\":\"http:\/\/1.gravatar.com\/avatar\/4a59e3901b7e749c4e3750c4fd5d0b43?s=96&d=mm&r=g\",\"contentUrl\":\"http:\/\/1.gravatar.com\/avatar\/4a59e3901b7e749c4e3750c4fd5d0b43?s=96&d=mm&r=g\",\"caption\":\"Sergio Sevilla\"},\"description\":\"Gesti\u00f3n e Innovaci\u00f3n cultural (I+C) Mi trabajo se basa en la b\u00fasqueda de conexiones culturales en espacios de tr\u00e1nsito. Soy director y programador de proyectos culturales. He coordinado el espacio C\u00f3rner MIZ de Made in Zaragoza y, en la actualidad, me dedico a investigar, documentar y poner en valor el muralismo cer\u00e1mico de los a\u00f1os 60, 70 y 80 de Zaragoza y su relaci\u00f3n con los entornos arquitect\u00f3nicos y decorativos de la \u00e9poca. Descubre el perfil de @ZaragozaModerna en Instagram. Take a walk on the Art side.\",\"sameAs\":[\"zarayorkers\",\"@zaragozamoderna\",\"\/sergiosevillatabernero\"],\"url\":\"http:\/\/madeinzaragoza.es\/blog\/author\/sergiosevilla\/\"}]}<\/script>\n<!-- \/ Yoast SEO plugin. -->","yoast_head_json":{"title":"Los procesos creativos colaborativos de Letras en la ciudad - Made in Zaragoza","robots":{"index":"index","follow":"follow","max-snippet":"max-snippet:-1","max-image-preview":"max-image-preview:large","max-video-preview":"max-video-preview:-1"},"canonical":"http:\/\/madeinzaragoza.es\/blog\/los-procesos-creativos-colaborativos-letras-la-ciudad\/","og_locale":"es_ES","og_type":"article","og_title":"Los procesos creativos colaborativos de Letras en la ciudad - Made in Zaragoza","og_description":"&nbsp; En una entrada anterior, presentamos el proyecto Letras en la ciudad, una plataforma colaborativa de creaci\u00f3n e intervenci\u00f3n en entornos urbanos que usa el lenguaje gr\u00e1fico como base de su trabajo para transformar los espacios y lanzar un mensaje. &nbsp; &nbsp; &nbsp; &nbsp; &nbsp; &nbsp; &nbsp; &nbsp; &nbsp; &nbsp; Con motivo de la obra &hellip; Continuar leyendo \"Los procesos creativos colaborativos de Letras en la ciudad\"","og_url":"http:\/\/madeinzaragoza.es\/blog\/los-procesos-creativos-colaborativos-letras-la-ciudad\/","og_site_name":"Made in Zaragoza","article_publisher":"https:\/\/www.facebook.com\/madeinzaragoza.es\/","article_author":"zarayorkers","article_published_time":"2017-02-28T21:02:32+00:00","article_modified_time":"2017-05-07T09:37:47+00:00","og_image":[{"width":900,"height":675,"url":"http:\/\/madeinzaragoza.es\/blog\/wp-content\/uploads\/2017\/02\/IMG_3863.jpg","type":"image\/jpeg"}],"author":"Sergio Sevilla","twitter_card":"summary","twitter_creator":"@madeinzaragoza","twitter_site":"@madeinzaragoza","twitter_misc":{"Escrito por":"Sergio Sevilla","Tiempo de lectura":"4 minutos"},"schema":{"@context":"https:\/\/schema.org","@graph":[{"@type":"Article","@id":"http:\/\/madeinzaragoza.es\/blog\/los-procesos-creativos-colaborativos-letras-la-ciudad\/#article","isPartOf":{"@id":"http:\/\/madeinzaragoza.es\/blog\/los-procesos-creativos-colaborativos-letras-la-ciudad\/"},"author":{"name":"Sergio Sevilla","@id":"http:\/\/madeinzaragoza.es\/blog\/#\/schema\/person\/fd836a8fe1177b6200bc8deffc3ad342"},"headline":"Los procesos creativos colaborativos de Letras en la ciudad","datePublished":"2017-02-28T21:02:32+00:00","dateModified":"2017-05-07T09:37:47+00:00","mainEntityOfPage":{"@id":"http:\/\/madeinzaragoza.es\/blog\/los-procesos-creativos-colaborativos-letras-la-ciudad\/"},"wordCount":808,"commentCount":0,"publisher":{"@id":"http:\/\/madeinzaragoza.es\/blog\/#organization"},"keywords":["Corner MIZ","intervenci\u00f3n","intervenci\u00f3n ef\u00edmera","Letras en la ciudad"],"articleSection":["CornerMIZ"],"inLanguage":"es","potentialAction":[{"@type":"CommentAction","name":"Comment","target":["http:\/\/madeinzaragoza.es\/blog\/los-procesos-creativos-colaborativos-letras-la-ciudad\/#respond"]}]},{"@type":"WebPage","@id":"http:\/\/madeinzaragoza.es\/blog\/los-procesos-creativos-colaborativos-letras-la-ciudad\/","url":"http:\/\/madeinzaragoza.es\/blog\/los-procesos-creativos-colaborativos-letras-la-ciudad\/","name":"Los procesos creativos colaborativos de Letras en la ciudad - Made in Zaragoza","isPartOf":{"@id":"http:\/\/madeinzaragoza.es\/blog\/#website"},"datePublished":"2017-02-28T21:02:32+00:00","dateModified":"2017-05-07T09:37:47+00:00","breadcrumb":{"@id":"http:\/\/madeinzaragoza.es\/blog\/los-procesos-creativos-colaborativos-letras-la-ciudad\/#breadcrumb"},"inLanguage":"es","potentialAction":[{"@type":"ReadAction","target":["http:\/\/madeinzaragoza.es\/blog\/los-procesos-creativos-colaborativos-letras-la-ciudad\/"]}]},{"@type":"BreadcrumbList","@id":"http:\/\/madeinzaragoza.es\/blog\/los-procesos-creativos-colaborativos-letras-la-ciudad\/#breadcrumb","itemListElement":[{"@type":"ListItem","position":1,"name":"Portada","item":"http:\/\/madeinzaragoza.es\/blog\/"},{"@type":"ListItem","position":2,"name":"Los procesos creativos colaborativos de Letras en la ciudad"}]},{"@type":"WebSite","@id":"http:\/\/madeinzaragoza.es\/blog\/#website","url":"http:\/\/madeinzaragoza.es\/blog\/","name":"Made in Zaragoza","description":"Blog de MadeinZGZ, Red de Econom\u00eda Creativa de Zaragoza","publisher":{"@id":"http:\/\/madeinzaragoza.es\/blog\/#organization"},"potentialAction":[{"@type":"SearchAction","target":{"@type":"EntryPoint","urlTemplate":"http:\/\/madeinzaragoza.es\/blog\/?s={search_term_string}"},"query-input":"required name=search_term_string"}],"inLanguage":"es"},{"@type":"Organization","@id":"http:\/\/madeinzaragoza.es\/blog\/#organization","name":"Made In Zaragoza","url":"http:\/\/madeinzaragoza.es\/blog\/","sameAs":["https:\/\/www.instagram.com\/madeinzaragoza.es\/","https:\/\/www.facebook.com\/madeinzaragoza.es\/","https:\/\/twitter.com\/madeinzaragoza"],"logo":{"@type":"ImageObject","inLanguage":"es","@id":"http:\/\/madeinzaragoza.es\/blog\/#\/schema\/logo\/image\/","url":"https:\/\/madeinzaragoza.es\/blog\/wp-content\/uploads\/2022\/05\/logo.png","contentUrl":"https:\/\/madeinzaragoza.es\/blog\/wp-content\/uploads\/2022\/05\/logo.png","width":193,"height":176,"caption":"Made In Zaragoza"},"image":{"@id":"http:\/\/madeinzaragoza.es\/blog\/#\/schema\/logo\/image\/"}},{"@type":"Person","@id":"http:\/\/madeinzaragoza.es\/blog\/#\/schema\/person\/fd836a8fe1177b6200bc8deffc3ad342","name":"Sergio Sevilla","image":{"@type":"ImageObject","inLanguage":"es","@id":"http:\/\/madeinzaragoza.es\/blog\/#\/schema\/person\/image\/","url":"http:\/\/1.gravatar.com\/avatar\/4a59e3901b7e749c4e3750c4fd5d0b43?s=96&d=mm&r=g","contentUrl":"http:\/\/1.gravatar.com\/avatar\/4a59e3901b7e749c4e3750c4fd5d0b43?s=96&d=mm&r=g","caption":"Sergio Sevilla"},"description":"Gesti\u00f3n e Innovaci\u00f3n cultural (I+C) Mi trabajo se basa en la b\u00fasqueda de conexiones culturales en espacios de tr\u00e1nsito. Soy director y programador de proyectos culturales. He coordinado el espacio C\u00f3rner MIZ de Made in Zaragoza y, en la actualidad, me dedico a investigar, documentar y poner en valor el muralismo cer\u00e1mico de los a\u00f1os 60, 70 y 80 de Zaragoza y su relaci\u00f3n con los entornos arquitect\u00f3nicos y decorativos de la \u00e9poca. Descubre el perfil de @ZaragozaModerna en Instagram. Take a walk on the Art side.","sameAs":["zarayorkers","@zaragozamoderna","\/sergiosevillatabernero"],"url":"http:\/\/madeinzaragoza.es\/blog\/author\/sergiosevilla\/"}]}},"_links":{"self":[{"href":"http:\/\/madeinzaragoza.es\/blog\/wp-json\/wp\/v2\/posts\/14535"}],"collection":[{"href":"http:\/\/madeinzaragoza.es\/blog\/wp-json\/wp\/v2\/posts"}],"about":[{"href":"http:\/\/madeinzaragoza.es\/blog\/wp-json\/wp\/v2\/types\/post"}],"author":[{"embeddable":true,"href":"http:\/\/madeinzaragoza.es\/blog\/wp-json\/wp\/v2\/users\/36"}],"replies":[{"embeddable":true,"href":"http:\/\/madeinzaragoza.es\/blog\/wp-json\/wp\/v2\/comments?post=14535"}],"version-history":[{"count":7,"href":"http:\/\/madeinzaragoza.es\/blog\/wp-json\/wp\/v2\/posts\/14535\/revisions"}],"predecessor-version":[{"id":15236,"href":"http:\/\/madeinzaragoza.es\/blog\/wp-json\/wp\/v2\/posts\/14535\/revisions\/15236"}],"wp:featuredmedia":[{"embeddable":true,"href":"http:\/\/madeinzaragoza.es\/blog\/wp-json\/wp\/v2\/media\/14543"}],"wp:attachment":[{"href":"http:\/\/madeinzaragoza.es\/blog\/wp-json\/wp\/v2\/media?parent=14535"}],"wp:term":[{"taxonomy":"category","embeddable":true,"href":"http:\/\/madeinzaragoza.es\/blog\/wp-json\/wp\/v2\/categories?post=14535"},{"taxonomy":"post_tag","embeddable":true,"href":"http:\/\/madeinzaragoza.es\/blog\/wp-json\/wp\/v2\/tags?post=14535"}],"curies":[{"name":"wp","href":"https:\/\/api.w.org\/{rel}","templated":true}]}}