{"id":14514,"date":"2017-02-21T13:52:38","date_gmt":"2017-02-21T12:52:38","guid":{"rendered":"http:\/\/madeinzaragoza.es\/blog\/?p=14514"},"modified":"2022-10-09T14:51:06","modified_gmt":"2022-10-09T13:51:06","slug":"corazon-zanahoria-jose-monu-corner-educa","status":"publish","type":"post","link":"http:\/\/madeinzaragoza.es\/blog\/corazon-zanahoria-jose-monu-corner-educa\/","title":{"rendered":"El coraz\u00f3n de zanahoria de Jos\u00e9 Mo\u00f1\u00fa en C\u00f3rner Educa"},"content":{"rendered":"<p><a href=\"http:\/\/josemonu.com\/\">Jos\u00e9 Mo\u00f1\u00fa<\/a> ha sido el \u00faltimo artista en participar en el proyecto <a href=\"http:\/\/madeinzaragoza.es\/blog\/category\/cornermiz\/\">C\u00f3rner MIZ<\/a> en su edici\u00f3n 2016, bajo el eje tem\u00e1tico \u201cObjeto de deseo\u201d. El pasado 27 de enero tuvo lugar la \u00faltima actividad del proyecto did\u00e1ctico<a href=\"http:\/\/madeinzaragoza.es\/blog\/corner-educa-echa-a-andar\/\"> C\u00f3rner Educa<\/a>, gracias al cual alumnos de Educaci\u00f3n Secundaria, Bachillerato y Grados formativos pueden acercarse a la creaci\u00f3n art\u00edstica contempor\u00e1nea de la mano de un artista pl\u00e1stico.<\/p>\n<p>En esta ocasi\u00f3n visitaron la intervenci\u00f3n realizada en <a href=\"http:\/\/www.zaragoza.es\/ciudad\/sectores\/activa\/\">Zaragoza Activa<\/a> alumnos de Educaci\u00f3n secundaria del Colegio Nuestra Se\u00f1ora de la Merced. Durante la primera parte de la actividad, reflexionamos sobre nuestra capacidad de comprensi\u00f3n del arte actual, as\u00ed como del arte del pasado, viendo ejemplos como los Caprichos de Goya o la Balsa de Medusa de G\u00e9ricault, y obras de arte contempor\u00e1neo de artistas como Raquel Planas Diaz de Cerio o Fran\u00e7oise Vanneraud.<\/p>\n<p>&nbsp;<\/p>\n<p><img loading=\"lazy\" decoding=\"async\" class=\"alignnone wp-image-14523 size-full\" src=\"http:\/\/madeinzaragoza.es\/blog\/wp-content\/uploads\/2017\/02\/mo\u00f1u-1253x498-e1487680618729.jpg\" width=\"1200\" height=\"477\" \/><\/p>\n<p>&nbsp;<\/p>\n<p>Cuando pasamos a abordar la obra del artista Jos\u00e9 Mo\u00f1\u00fa, los chicos y chicas ya conoc\u00edan parte de su producci\u00f3n, ya que su profesora, Cristina Hidalgo, les hab\u00eda introducido en la misma. La fuerza expresiva de los lienzos de Jos\u00e9 Mo\u00f1\u00fa, unidos a la iron\u00eda y acidez de los t\u00edtulos asignados, provocaron reacciones positivas en los alumnos, que identificaban de manera eficiente muchas de las figuraciones presentadas por el artista.<\/p>\n<p>&nbsp;<\/p>\n<p><img loading=\"lazy\" decoding=\"async\" class=\"alignnone size-full wp-image-14524\" src=\"http:\/\/madeinzaragoza.es\/blog\/wp-content\/uploads\/2017\/02\/mo\u00f1u-812x318.jpg\" alt=\"\" width=\"812\" height=\"318\" srcset=\"http:\/\/madeinzaragoza.es\/blog\/wp-content\/uploads\/2017\/02\/mo\u00f1u-812x318.jpg 812w, http:\/\/madeinzaragoza.es\/blog\/wp-content\/uploads\/2017\/02\/mo\u00f1u-812x318-300x117.jpg 300w, http:\/\/madeinzaragoza.es\/blog\/wp-content\/uploads\/2017\/02\/mo\u00f1u-812x318-768x301.jpg 768w\" sizes=\"(max-width: 709px) 85vw, (max-width: 909px) 67vw, (max-width: 984px) 61vw, (max-width: 1362px) 45vw, 600px\" \/><\/p>\n<p>&nbsp;<\/p>\n<p>En la parte final de la actividad tuvo lugar el encuentro con el artista, frente a su intervenci\u00f3n titulada <em>La presencia de lo intangible, o\u00a0en\u00a0su defecto, el objeto de deseo soy yo\u00a0y mi\u00a0coraz\u00f3n de zanahoria<\/em>. Mo\u00f1\u00fa respondi\u00f3 a las incesantes preguntas del grupo, especialmente interesado tanto en los aspectos t\u00e9cnicos de la producci\u00f3n de Mo\u00f1\u00fa (tiempos de producci\u00f3n, materiales, pigmentos, pincelada, almacenaje\u2026) como en aquellos m\u00e1s conceptuales (inspiraci\u00f3n, iconograf\u00edas, elecci\u00f3n de tonalidades, simbolog\u00edas, etc.). La generosidad del artista propici\u00f3 un di\u00e1logo fructuros entre alumnos y creador, que en muy pocas ocasiones tenemos la capacidad de presenciar. Todo un lujo a nuestro alcance. Gracias #C\u00f3rnerMIZ.<\/p>\n","protected":false},"excerpt":{"rendered":"<p>Jos\u00e9 Mo\u00f1\u00fa ha sido el \u00faltimo artista en participar en el proyecto C\u00f3rner MIZ en su edici\u00f3n 2016, bajo el eje tem\u00e1tico \u201cObjeto de deseo\u201d. El pasado 27 de enero tuvo lugar la \u00faltima actividad del proyecto did\u00e1ctico C\u00f3rner Educa, gracias al cual alumnos de Educaci\u00f3n Secundaria, Bachillerato y Grados formativos pueden acercarse a la &hellip; <a href=\"http:\/\/madeinzaragoza.es\/blog\/corazon-zanahoria-jose-monu-corner-educa\/\" class=\"more-link\">Continuar leyendo<span class=\"screen-reader-text\"> \u00abEl coraz\u00f3n de zanahoria de Jos\u00e9 Mo\u00f1\u00fa en C\u00f3rner Educa\u00bb<\/span><\/a><\/p>\n","protected":false},"author":51,"featured_media":14530,"comment_status":"open","ping_status":"open","sticky":false,"template":"","format":"standard","meta":{"footnotes":""},"categories":[831,829],"tags":[834,1338],"yoast_head":"<!-- This site is optimized with the Yoast SEO plugin v19.7.2 - https:\/\/yoast.com\/wordpress\/plugins\/seo\/ -->\n<title>El coraz\u00f3n de zanahoria de Jos\u00e9 Mo\u00f1\u00fa en C\u00f3rner Educa - Made in Zaragoza<\/title>\n<meta name=\"robots\" content=\"index, follow, max-snippet:-1, max-image-preview:large, max-video-preview:-1\" \/>\n<link rel=\"canonical\" href=\"http:\/\/madeinzaragoza.es\/blog\/corazon-zanahoria-jose-monu-corner-educa\/\" \/>\n<meta property=\"og:locale\" content=\"es_ES\" \/>\n<meta property=\"og:type\" content=\"article\" \/>\n<meta property=\"og:title\" content=\"El coraz\u00f3n de zanahoria de Jos\u00e9 Mo\u00f1\u00fa en C\u00f3rner Educa - Made in Zaragoza\" \/>\n<meta property=\"og:description\" content=\"Jos\u00e9 Mo\u00f1\u00fa ha sido el \u00faltimo artista en participar en el proyecto C\u00f3rner MIZ en su edici\u00f3n 2016, bajo el eje tem\u00e1tico \u201cObjeto de deseo\u201d. El pasado 27 de enero tuvo lugar la \u00faltima actividad del proyecto did\u00e1ctico C\u00f3rner Educa, gracias al cual alumnos de Educaci\u00f3n Secundaria, Bachillerato y Grados formativos pueden acercarse a la &hellip; Continuar leyendo &quot;El coraz\u00f3n de zanahoria de Jos\u00e9 Mo\u00f1\u00fa en C\u00f3rner Educa&quot;\" \/>\n<meta property=\"og:url\" content=\"http:\/\/madeinzaragoza.es\/blog\/corazon-zanahoria-jose-monu-corner-educa\/\" \/>\n<meta property=\"og:site_name\" content=\"Made in Zaragoza\" \/>\n<meta property=\"article:publisher\" content=\"https:\/\/www.facebook.com\/madeinzaragoza.es\/\" \/>\n<meta property=\"article:published_time\" content=\"2017-02-21T12:52:38+00:00\" \/>\n<meta property=\"article:modified_time\" content=\"2022-10-09T13:51:06+00:00\" \/>\n<meta property=\"og:image\" content=\"http:\/\/madeinzaragoza.es\/blog\/wp-content\/uploads\/2017\/02\/mo\u00f1u-1200.jpg\" \/>\n\t<meta property=\"og:image:width\" content=\"1210\" \/>\n\t<meta property=\"og:image:height\" content=\"679\" \/>\n\t<meta property=\"og:image:type\" content=\"image\/jpeg\" \/>\n<meta name=\"author\" content=\"Elena del Diego\" \/>\n<meta name=\"twitter:card\" content=\"summary\" \/>\n<meta name=\"twitter:creator\" content=\"@madeinzaragoza\" \/>\n<meta name=\"twitter:site\" content=\"@madeinzaragoza\" \/>\n<meta name=\"twitter:label1\" content=\"Escrito por\" \/>\n\t<meta name=\"twitter:data1\" content=\"Elena del Diego\" \/>\n\t<meta name=\"twitter:label2\" content=\"Tiempo de lectura\" \/>\n\t<meta name=\"twitter:data2\" content=\"2 minutos\" \/>\n<script type=\"application\/ld+json\" class=\"yoast-schema-graph\">{\"@context\":\"https:\/\/schema.org\",\"@graph\":[{\"@type\":\"Article\",\"@id\":\"http:\/\/madeinzaragoza.es\/blog\/corazon-zanahoria-jose-monu-corner-educa\/#article\",\"isPartOf\":{\"@id\":\"http:\/\/madeinzaragoza.es\/blog\/corazon-zanahoria-jose-monu-corner-educa\/\"},\"author\":{\"name\":\"Elena del Diego\",\"@id\":\"https:\/\/madeinzaragoza.es\/blog\/#\/schema\/person\/20d838fcfa5940394c113a5fff8a4a3e\"},\"headline\":\"El coraz\u00f3n de zanahoria de Jos\u00e9 Mo\u00f1\u00fa en C\u00f3rner Educa\",\"datePublished\":\"2017-02-21T12:52:38+00:00\",\"dateModified\":\"2022-10-09T13:51:06+00:00\",\"mainEntityOfPage\":{\"@id\":\"http:\/\/madeinzaragoza.es\/blog\/corazon-zanahoria-jose-monu-corner-educa\/\"},\"wordCount\":365,\"commentCount\":0,\"publisher\":{\"@id\":\"https:\/\/madeinzaragoza.es\/blog\/#organization\"},\"keywords\":[\"Corner MIZ\",\"CornerMIZ\"],\"articleSection\":[\"CornerMIZ\",\"Cultura\"],\"inLanguage\":\"es\",\"potentialAction\":[{\"@type\":\"CommentAction\",\"name\":\"Comment\",\"target\":[\"http:\/\/madeinzaragoza.es\/blog\/corazon-zanahoria-jose-monu-corner-educa\/#respond\"]}]},{\"@type\":\"WebPage\",\"@id\":\"http:\/\/madeinzaragoza.es\/blog\/corazon-zanahoria-jose-monu-corner-educa\/\",\"url\":\"http:\/\/madeinzaragoza.es\/blog\/corazon-zanahoria-jose-monu-corner-educa\/\",\"name\":\"El coraz\u00f3n de zanahoria de Jos\u00e9 Mo\u00f1\u00fa en C\u00f3rner Educa - Made in Zaragoza\",\"isPartOf\":{\"@id\":\"https:\/\/madeinzaragoza.es\/blog\/#website\"},\"datePublished\":\"2017-02-21T12:52:38+00:00\",\"dateModified\":\"2022-10-09T13:51:06+00:00\",\"breadcrumb\":{\"@id\":\"http:\/\/madeinzaragoza.es\/blog\/corazon-zanahoria-jose-monu-corner-educa\/#breadcrumb\"},\"inLanguage\":\"es\",\"potentialAction\":[{\"@type\":\"ReadAction\",\"target\":[\"http:\/\/madeinzaragoza.es\/blog\/corazon-zanahoria-jose-monu-corner-educa\/\"]}]},{\"@type\":\"BreadcrumbList\",\"@id\":\"http:\/\/madeinzaragoza.es\/blog\/corazon-zanahoria-jose-monu-corner-educa\/#breadcrumb\",\"itemListElement\":[{\"@type\":\"ListItem\",\"position\":1,\"name\":\"Portada\",\"item\":\"https:\/\/madeinzaragoza.es\/blog\/\"},{\"@type\":\"ListItem\",\"position\":2,\"name\":\"El coraz\u00f3n de zanahoria de Jos\u00e9 Mo\u00f1\u00fa en C\u00f3rner Educa\"}]},{\"@type\":\"WebSite\",\"@id\":\"https:\/\/madeinzaragoza.es\/blog\/#website\",\"url\":\"https:\/\/madeinzaragoza.es\/blog\/\",\"name\":\"Made in Zaragoza\",\"description\":\"Blog de MadeinZGZ, Red de Econom\u00eda Creativa de Zaragoza\",\"publisher\":{\"@id\":\"https:\/\/madeinzaragoza.es\/blog\/#organization\"},\"potentialAction\":[{\"@type\":\"SearchAction\",\"target\":{\"@type\":\"EntryPoint\",\"urlTemplate\":\"https:\/\/madeinzaragoza.es\/blog\/?s={search_term_string}\"},\"query-input\":\"required name=search_term_string\"}],\"inLanguage\":\"es\"},{\"@type\":\"Organization\",\"@id\":\"https:\/\/madeinzaragoza.es\/blog\/#organization\",\"name\":\"Made In Zaragoza\",\"url\":\"https:\/\/madeinzaragoza.es\/blog\/\",\"sameAs\":[\"https:\/\/www.instagram.com\/madeinzaragoza.es\/\",\"https:\/\/www.facebook.com\/madeinzaragoza.es\/\",\"https:\/\/twitter.com\/madeinzaragoza\"],\"logo\":{\"@type\":\"ImageObject\",\"inLanguage\":\"es\",\"@id\":\"https:\/\/madeinzaragoza.es\/blog\/#\/schema\/logo\/image\/\",\"url\":\"https:\/\/madeinzaragoza.es\/blog\/wp-content\/uploads\/2022\/05\/logo.png\",\"contentUrl\":\"https:\/\/madeinzaragoza.es\/blog\/wp-content\/uploads\/2022\/05\/logo.png\",\"width\":193,\"height\":176,\"caption\":\"Made In Zaragoza\"},\"image\":{\"@id\":\"https:\/\/madeinzaragoza.es\/blog\/#\/schema\/logo\/image\/\"}},{\"@type\":\"Person\",\"@id\":\"https:\/\/madeinzaragoza.es\/blog\/#\/schema\/person\/20d838fcfa5940394c113a5fff8a4a3e\",\"name\":\"Elena del Diego\",\"image\":{\"@type\":\"ImageObject\",\"inLanguage\":\"es\",\"@id\":\"https:\/\/madeinzaragoza.es\/blog\/#\/schema\/person\/image\/\",\"url\":\"http:\/\/2.gravatar.com\/avatar\/ba5567feee512c7ca05679efd940cc4d?s=96&d=mm&r=g\",\"contentUrl\":\"http:\/\/2.gravatar.com\/avatar\/ba5567feee512c7ca05679efd940cc4d?s=96&d=mm&r=g\",\"caption\":\"Elena del Diego\"},\"url\":\"http:\/\/madeinzaragoza.es\/blog\/author\/elena-del-diego\/\"}]}<\/script>\n<!-- \/ Yoast SEO plugin. -->","yoast_head_json":{"title":"El coraz\u00f3n de zanahoria de Jos\u00e9 Mo\u00f1\u00fa en C\u00f3rner Educa - Made in Zaragoza","robots":{"index":"index","follow":"follow","max-snippet":"max-snippet:-1","max-image-preview":"max-image-preview:large","max-video-preview":"max-video-preview:-1"},"canonical":"http:\/\/madeinzaragoza.es\/blog\/corazon-zanahoria-jose-monu-corner-educa\/","og_locale":"es_ES","og_type":"article","og_title":"El coraz\u00f3n de zanahoria de Jos\u00e9 Mo\u00f1\u00fa en C\u00f3rner Educa - Made in Zaragoza","og_description":"Jos\u00e9 Mo\u00f1\u00fa ha sido el \u00faltimo artista en participar en el proyecto C\u00f3rner MIZ en su edici\u00f3n 2016, bajo el eje tem\u00e1tico \u201cObjeto de deseo\u201d. El pasado 27 de enero tuvo lugar la \u00faltima actividad del proyecto did\u00e1ctico C\u00f3rner Educa, gracias al cual alumnos de Educaci\u00f3n Secundaria, Bachillerato y Grados formativos pueden acercarse a la &hellip; Continuar leyendo \"El coraz\u00f3n de zanahoria de Jos\u00e9 Mo\u00f1\u00fa en C\u00f3rner Educa\"","og_url":"http:\/\/madeinzaragoza.es\/blog\/corazon-zanahoria-jose-monu-corner-educa\/","og_site_name":"Made in Zaragoza","article_publisher":"https:\/\/www.facebook.com\/madeinzaragoza.es\/","article_published_time":"2017-02-21T12:52:38+00:00","article_modified_time":"2022-10-09T13:51:06+00:00","og_image":[{"width":1210,"height":679,"url":"http:\/\/madeinzaragoza.es\/blog\/wp-content\/uploads\/2017\/02\/mo\u00f1u-1200.jpg","type":"image\/jpeg"}],"author":"Elena del Diego","twitter_card":"summary","twitter_creator":"@madeinzaragoza","twitter_site":"@madeinzaragoza","twitter_misc":{"Escrito por":"Elena del Diego","Tiempo de lectura":"2 minutos"},"schema":{"@context":"https:\/\/schema.org","@graph":[{"@type":"Article","@id":"http:\/\/madeinzaragoza.es\/blog\/corazon-zanahoria-jose-monu-corner-educa\/#article","isPartOf":{"@id":"http:\/\/madeinzaragoza.es\/blog\/corazon-zanahoria-jose-monu-corner-educa\/"},"author":{"name":"Elena del Diego","@id":"https:\/\/madeinzaragoza.es\/blog\/#\/schema\/person\/20d838fcfa5940394c113a5fff8a4a3e"},"headline":"El coraz\u00f3n de zanahoria de Jos\u00e9 Mo\u00f1\u00fa en C\u00f3rner Educa","datePublished":"2017-02-21T12:52:38+00:00","dateModified":"2022-10-09T13:51:06+00:00","mainEntityOfPage":{"@id":"http:\/\/madeinzaragoza.es\/blog\/corazon-zanahoria-jose-monu-corner-educa\/"},"wordCount":365,"commentCount":0,"publisher":{"@id":"https:\/\/madeinzaragoza.es\/blog\/#organization"},"keywords":["Corner MIZ","CornerMIZ"],"articleSection":["CornerMIZ","Cultura"],"inLanguage":"es","potentialAction":[{"@type":"CommentAction","name":"Comment","target":["http:\/\/madeinzaragoza.es\/blog\/corazon-zanahoria-jose-monu-corner-educa\/#respond"]}]},{"@type":"WebPage","@id":"http:\/\/madeinzaragoza.es\/blog\/corazon-zanahoria-jose-monu-corner-educa\/","url":"http:\/\/madeinzaragoza.es\/blog\/corazon-zanahoria-jose-monu-corner-educa\/","name":"El coraz\u00f3n de zanahoria de Jos\u00e9 Mo\u00f1\u00fa en C\u00f3rner Educa - Made in Zaragoza","isPartOf":{"@id":"https:\/\/madeinzaragoza.es\/blog\/#website"},"datePublished":"2017-02-21T12:52:38+00:00","dateModified":"2022-10-09T13:51:06+00:00","breadcrumb":{"@id":"http:\/\/madeinzaragoza.es\/blog\/corazon-zanahoria-jose-monu-corner-educa\/#breadcrumb"},"inLanguage":"es","potentialAction":[{"@type":"ReadAction","target":["http:\/\/madeinzaragoza.es\/blog\/corazon-zanahoria-jose-monu-corner-educa\/"]}]},{"@type":"BreadcrumbList","@id":"http:\/\/madeinzaragoza.es\/blog\/corazon-zanahoria-jose-monu-corner-educa\/#breadcrumb","itemListElement":[{"@type":"ListItem","position":1,"name":"Portada","item":"https:\/\/madeinzaragoza.es\/blog\/"},{"@type":"ListItem","position":2,"name":"El coraz\u00f3n de zanahoria de Jos\u00e9 Mo\u00f1\u00fa en C\u00f3rner Educa"}]},{"@type":"WebSite","@id":"https:\/\/madeinzaragoza.es\/blog\/#website","url":"https:\/\/madeinzaragoza.es\/blog\/","name":"Made in Zaragoza","description":"Blog de MadeinZGZ, Red de Econom\u00eda Creativa de Zaragoza","publisher":{"@id":"https:\/\/madeinzaragoza.es\/blog\/#organization"},"potentialAction":[{"@type":"SearchAction","target":{"@type":"EntryPoint","urlTemplate":"https:\/\/madeinzaragoza.es\/blog\/?s={search_term_string}"},"query-input":"required name=search_term_string"}],"inLanguage":"es"},{"@type":"Organization","@id":"https:\/\/madeinzaragoza.es\/blog\/#organization","name":"Made In Zaragoza","url":"https:\/\/madeinzaragoza.es\/blog\/","sameAs":["https:\/\/www.instagram.com\/madeinzaragoza.es\/","https:\/\/www.facebook.com\/madeinzaragoza.es\/","https:\/\/twitter.com\/madeinzaragoza"],"logo":{"@type":"ImageObject","inLanguage":"es","@id":"https:\/\/madeinzaragoza.es\/blog\/#\/schema\/logo\/image\/","url":"https:\/\/madeinzaragoza.es\/blog\/wp-content\/uploads\/2022\/05\/logo.png","contentUrl":"https:\/\/madeinzaragoza.es\/blog\/wp-content\/uploads\/2022\/05\/logo.png","width":193,"height":176,"caption":"Made In Zaragoza"},"image":{"@id":"https:\/\/madeinzaragoza.es\/blog\/#\/schema\/logo\/image\/"}},{"@type":"Person","@id":"https:\/\/madeinzaragoza.es\/blog\/#\/schema\/person\/20d838fcfa5940394c113a5fff8a4a3e","name":"Elena del Diego","image":{"@type":"ImageObject","inLanguage":"es","@id":"https:\/\/madeinzaragoza.es\/blog\/#\/schema\/person\/image\/","url":"http:\/\/2.gravatar.com\/avatar\/ba5567feee512c7ca05679efd940cc4d?s=96&d=mm&r=g","contentUrl":"http:\/\/2.gravatar.com\/avatar\/ba5567feee512c7ca05679efd940cc4d?s=96&d=mm&r=g","caption":"Elena del Diego"},"url":"http:\/\/madeinzaragoza.es\/blog\/author\/elena-del-diego\/"}]}},"_links":{"self":[{"href":"http:\/\/madeinzaragoza.es\/blog\/wp-json\/wp\/v2\/posts\/14514"}],"collection":[{"href":"http:\/\/madeinzaragoza.es\/blog\/wp-json\/wp\/v2\/posts"}],"about":[{"href":"http:\/\/madeinzaragoza.es\/blog\/wp-json\/wp\/v2\/types\/post"}],"author":[{"embeddable":true,"href":"http:\/\/madeinzaragoza.es\/blog\/wp-json\/wp\/v2\/users\/51"}],"replies":[{"embeddable":true,"href":"http:\/\/madeinzaragoza.es\/blog\/wp-json\/wp\/v2\/comments?post=14514"}],"version-history":[{"count":9,"href":"http:\/\/madeinzaragoza.es\/blog\/wp-json\/wp\/v2\/posts\/14514\/revisions"}],"predecessor-version":[{"id":35944,"href":"http:\/\/madeinzaragoza.es\/blog\/wp-json\/wp\/v2\/posts\/14514\/revisions\/35944"}],"wp:featuredmedia":[{"embeddable":true,"href":"http:\/\/madeinzaragoza.es\/blog\/wp-json\/wp\/v2\/media\/14530"}],"wp:attachment":[{"href":"http:\/\/madeinzaragoza.es\/blog\/wp-json\/wp\/v2\/media?parent=14514"}],"wp:term":[{"taxonomy":"category","embeddable":true,"href":"http:\/\/madeinzaragoza.es\/blog\/wp-json\/wp\/v2\/categories?post=14514"},{"taxonomy":"post_tag","embeddable":true,"href":"http:\/\/madeinzaragoza.es\/blog\/wp-json\/wp\/v2\/tags?post=14514"}],"curies":[{"name":"wp","href":"https:\/\/api.w.org\/{rel}","templated":true}]}}