{"id":14465,"date":"2017-02-17T08:51:07","date_gmt":"2017-02-17T07:51:07","guid":{"rendered":"http:\/\/madeinzaragoza.es\/blog\/?p=14465"},"modified":"2022-12-13T09:03:54","modified_gmt":"2022-12-13T08:03:54","slug":"unlimited-intervencion-letras-la-ciudad-corner-miz","status":"publish","type":"post","link":"http:\/\/madeinzaragoza.es\/blog\/unlimited-intervencion-letras-la-ciudad-corner-miz\/","title":{"rendered":"Unlimited. Intervenci\u00f3n de Letras en la ciudad en C\u00f3rner MIZ"},"content":{"rendered":"<p>Con &#8216;Letras en la ciudad&#8217; comenzamos el nuevo ciclo <strong>\u00abMutantes\u00bb<\/strong> de intervenciones ef\u00edmeras en el espacio C\u00f3rner MIZ. Durante 2017, seis artistas o colectivos creativos van a desarrollar sus trabajos aqu\u00ed bajo la idea concepto de mutaci\u00f3n. Con \u201c<strong>Mutantes<\/strong>\u201d vamos a realizar una investigaci\u00f3n visual sobre la capacidad de mutaci\u00f3n, de variaci\u00f3n tanto de las personas como de los espacios en los que vivimos y es que C\u00f3rner MIZ es un <em>espacio mutante<\/em>. Los procesos cambian de forma muy r\u00e1pida y estamos desarrollando una capacidad de adaptaci\u00f3n y mutaci\u00f3n sorprendente. Y lo mismo ocurre con nuestras necesidades y con los entornos en los que nos desenvolvemos.<\/p>\n<p>&nbsp;<\/p>\n<p><img loading=\"lazy\" decoding=\"async\" class=\"aligncenter size-full wp-image-14470\" src=\"http:\/\/madeinzaragoza.es\/blog\/wp-content\/uploads\/2017\/02\/IMG_3933.jpg\" alt=\"\" width=\"900\" height=\"675\" srcset=\"http:\/\/madeinzaragoza.es\/blog\/wp-content\/uploads\/2017\/02\/IMG_3933.jpg 900w, http:\/\/madeinzaragoza.es\/blog\/wp-content\/uploads\/2017\/02\/IMG_3933-300x225.jpg 300w, http:\/\/madeinzaragoza.es\/blog\/wp-content\/uploads\/2017\/02\/IMG_3933-768x576.jpg 768w\" sizes=\"(max-width: 709px) 85vw, (max-width: 909px) 67vw, (max-width: 1362px) 62vw, 840px\" \/><\/p>\n<p>&nbsp;<\/p>\n<p>La capacidad de <strong>mutaci\u00f3n<\/strong> es una de las cualidades biol\u00f3gicas que hemos desarrollado como seres vivos tras millones de a\u00f1os de evoluci\u00f3n y esto lo podemos aplicar a nuestro entorno, sobre todo hoy en d\u00eda en que todo se ha vuelto tan vol\u00e1til, ef\u00edmero y fugaz. Bajo esta idea presentamos la primera intervenci\u00f3n realizada por un proyecto mutante, el colectivo <strong>Letras en la ciudad<\/strong>.<\/p>\n<p>&nbsp;<\/p>\n<p>Letras en la ciudad es un proyecto <strong>abierto y participativo<\/strong> que pretende generar una red de difusi\u00f3n de un trabajo singular y colaborativo realizado desde diferentes \u00e1mbitos, con la premisa de <strong>co-crear<\/strong> mediante la transformaci\u00f3n e intervenci\u00f3n conceptual ya sea de un modo ef\u00edmero o permanente de una o una serie de letras en cualquier tipo de escenario urbano con el fin de generar una serie de inspiraciones que pongan en valor mediante el lenguaje gr\u00e1fico y los lugares que nos rodean como elemento de reflexi\u00f3n para juntos crear una ciudad m\u00e1s humana. El proyecto funciona como una plataforma a disposici\u00f3n de artistas, colectivos, agentes sociales o cualquier iniciativa sociocultural que tenga algo que contar trabajando en perfecta simbiosis los unos con los otros. Es un proyecto <em>mutante<\/em> que se desarrolla en entornos mutantes.<\/p>\n<p><!--more--><\/p>\n<p><strong>\u00abUnlimited\u00bb<\/strong> es el t\u00edtulo de la obra que Letras en la ciudad han realizado en C\u00f3rner MIZ. En esta ocasi\u00f3n, ha sido el propio colectivo el encargado de realizar la intervenci\u00f3n ef\u00edmera, sin la colaboraci\u00f3n de otro agente como viene siendo habitual en su din\u00e1mica colaborativa.<br \/>\nEn esta obra de gran componente gr\u00e1fico, el propio espacio juega un papel de agente impostor, en el que enga\u00f1a tanto por sus l\u00edneas como por sus falsos trayectos, intentando que el usuario del centro quede integrado en las l\u00edneas y trazos que conforman la obra.<\/p>\n<p><img loading=\"lazy\" decoding=\"async\" class=\"aligncenter size-full wp-image-14466\" src=\"http:\/\/madeinzaragoza.es\/blog\/wp-content\/uploads\/2017\/02\/DSCF6019.jpg\" alt=\"\" width=\"563\" height=\"375\" srcset=\"http:\/\/madeinzaragoza.es\/blog\/wp-content\/uploads\/2017\/02\/DSCF6019.jpg 563w, http:\/\/madeinzaragoza.es\/blog\/wp-content\/uploads\/2017\/02\/DSCF6019-300x200.jpg 300w\" sizes=\"(max-width: 563px) 85vw, 563px\" \/> <img loading=\"lazy\" decoding=\"async\" class=\"aligncenter size-full wp-image-14469\" src=\"http:\/\/madeinzaragoza.es\/blog\/wp-content\/uploads\/2017\/02\/IMG_3990.jpg\" alt=\"\" width=\"900\" height=\"629\" srcset=\"http:\/\/madeinzaragoza.es\/blog\/wp-content\/uploads\/2017\/02\/IMG_3990.jpg 900w, http:\/\/madeinzaragoza.es\/blog\/wp-content\/uploads\/2017\/02\/IMG_3990-300x210.jpg 300w, http:\/\/madeinzaragoza.es\/blog\/wp-content\/uploads\/2017\/02\/IMG_3990-768x537.jpg 768w\" sizes=\"(max-width: 709px) 85vw, (max-width: 909px) 67vw, (max-width: 1362px) 62vw, 840px\" \/><\/p>\n<p><img loading=\"lazy\" decoding=\"async\" class=\"aligncenter size-full wp-image-14473\" src=\"http:\/\/madeinzaragoza.es\/blog\/wp-content\/uploads\/2017\/02\/IMG_3942.jpg\" alt=\"\" width=\"900\" height=\"731\" srcset=\"http:\/\/madeinzaragoza.es\/blog\/wp-content\/uploads\/2017\/02\/IMG_3942.jpg 900w, http:\/\/madeinzaragoza.es\/blog\/wp-content\/uploads\/2017\/02\/IMG_3942-300x244.jpg 300w, http:\/\/madeinzaragoza.es\/blog\/wp-content\/uploads\/2017\/02\/IMG_3942-768x624.jpg 768w\" sizes=\"(max-width: 709px) 85vw, (max-width: 909px) 67vw, (max-width: 1362px) 62vw, 840px\" \/><\/p>\n<p>T\u00e9cnicamente el grupo ha ralizado una intervenci\u00f3n creada a partir de un vectorizado de lineas y perspectivas sobre plano a tama\u00f1o real en programa vectorial, plateado en plotter de 1200 mm sobre vinilo de recorte efecto brillo y todo pegado directamente sobre pared y suelo en seco.<\/p>\n<p>El objetivo de la obra es jugar con los l\u00edmites del espacio y aprovecharlos para intentar trazar con ellos l\u00edneas y caminos desconocidos. El propio espacio no supone una limitaci\u00f3n f\u00edsica y la obra se desenvuelve por \u00e9l haciendo que el usuario que circula por \u00e9l, se introduzca y pase a formar parte activa de la propia obra. Las l\u00edneas que vemos en paredes y suelo parecen la transcripci\u00f3n f\u00edsica de los tr\u00e1nsitos desarrollados por las personas que por all\u00ed pasan, del flujo de ideas que all\u00ed surgen, de las colaboraciones desarrolladas entre usuarios, en definitiva un entramado gr\u00e1fico de car\u00e1cter colaborativo, como la definici\u00f3n del propio proyecto \u00abLetras en la ciudad\u00bb.<\/p>\n<p>En el siguiente v\u00eddeo, Luis Roser, la cara visible del grupo nos habla de la esencia del proyecto realizado y de sus caracter\u00edsticas.<\/p>\n<p><iframe loading=\"lazy\" width=\"840\" height=\"473\" src=\"https:\/\/www.youtube.com\/embed\/3RPsyQkHoOg?feature=oembed\" frameborder=\"0\" allowfullscreen><\/iframe><\/p>\n<p>La intervenci\u00f3n \u00abUnlimited\u00bb se puede visitar en C\u00f3rner MIZ del 9 de febrero al 24 de marzo de 2017. Una experiencia gr\u00e1fica \u00absin l\u00edmites\u00bb para vivir en primera persona.<\/p>\n<p><img loading=\"lazy\" decoding=\"async\" class=\"aligncenter size-full wp-image-14468\" src=\"http:\/\/madeinzaragoza.es\/blog\/wp-content\/uploads\/2017\/02\/IMG_3989.jpg\" alt=\"\" width=\"900\" height=\"675\" srcset=\"http:\/\/madeinzaragoza.es\/blog\/wp-content\/uploads\/2017\/02\/IMG_3989.jpg 900w, http:\/\/madeinzaragoza.es\/blog\/wp-content\/uploads\/2017\/02\/IMG_3989-300x225.jpg 300w, http:\/\/madeinzaragoza.es\/blog\/wp-content\/uploads\/2017\/02\/IMG_3989-768x576.jpg 768w\" sizes=\"(max-width: 709px) 85vw, (max-width: 909px) 67vw, (max-width: 1362px) 62vw, 840px\" \/><\/p>\n","protected":false},"excerpt":{"rendered":"<p>Con &#8216;Letras en la ciudad&#8217; comenzamos el nuevo ciclo \u00abMutantes\u00bb de intervenciones ef\u00edmeras en el espacio C\u00f3rner MIZ. Durante 2017, seis artistas o colectivos creativos van a desarrollar sus trabajos aqu\u00ed bajo la idea concepto de mutaci\u00f3n. Con \u201cMutantes\u201d vamos a realizar una investigaci\u00f3n visual sobre la capacidad de mutaci\u00f3n, de variaci\u00f3n tanto de las &hellip; <a href=\"http:\/\/madeinzaragoza.es\/blog\/unlimited-intervencion-letras-la-ciudad-corner-miz\/\" class=\"more-link\">Continuar leyendo<span class=\"screen-reader-text\"> \u00abUnlimited. Intervenci\u00f3n de Letras en la ciudad en C\u00f3rner MIZ\u00bb<\/span><\/a><\/p>\n","protected":false},"author":36,"featured_media":14467,"comment_status":"open","ping_status":"open","sticky":false,"template":"","format":"standard","meta":{"footnotes":""},"categories":[831],"tags":[834,1473,1073,1471],"yoast_head":"<!-- This site is optimized with the Yoast SEO plugin v19.7.2 - https:\/\/yoast.com\/wordpress\/plugins\/seo\/ -->\n<title>Unlimited. Intervenci\u00f3n de Letras en la ciudad en C\u00f3rner MIZ - Made in Zaragoza<\/title>\n<meta name=\"robots\" content=\"index, follow, max-snippet:-1, max-image-preview:large, max-video-preview:-1\" \/>\n<link rel=\"canonical\" href=\"http:\/\/madeinzaragoza.es\/blog\/unlimited-intervencion-letras-la-ciudad-corner-miz\/\" \/>\n<meta property=\"og:locale\" content=\"es_ES\" \/>\n<meta property=\"og:type\" content=\"article\" \/>\n<meta property=\"og:title\" content=\"Unlimited. Intervenci\u00f3n de Letras en la ciudad en C\u00f3rner MIZ - Made in Zaragoza\" \/>\n<meta property=\"og:description\" content=\"Con &#8216;Letras en la ciudad&#8217; comenzamos el nuevo ciclo \u00abMutantes\u00bb de intervenciones ef\u00edmeras en el espacio C\u00f3rner MIZ. Durante 2017, seis artistas o colectivos creativos van a desarrollar sus trabajos aqu\u00ed bajo la idea concepto de mutaci\u00f3n. Con \u201cMutantes\u201d vamos a realizar una investigaci\u00f3n visual sobre la capacidad de mutaci\u00f3n, de variaci\u00f3n tanto de las &hellip; Continuar leyendo &quot;Unlimited. Intervenci\u00f3n de Letras en la ciudad en C\u00f3rner MIZ&quot;\" \/>\n<meta property=\"og:url\" content=\"http:\/\/madeinzaragoza.es\/blog\/unlimited-intervencion-letras-la-ciudad-corner-miz\/\" \/>\n<meta property=\"og:site_name\" content=\"Made in Zaragoza\" \/>\n<meta property=\"article:publisher\" content=\"https:\/\/www.facebook.com\/madeinzaragoza.es\/\" \/>\n<meta property=\"article:author\" content=\"zarayorkers\" \/>\n<meta property=\"article:published_time\" content=\"2017-02-17T07:51:07+00:00\" \/>\n<meta property=\"article:modified_time\" content=\"2022-12-13T08:03:54+00:00\" \/>\n<meta property=\"og:image\" content=\"http:\/\/madeinzaragoza.es\/blog\/wp-content\/uploads\/2017\/02\/IMG_3987.jpg\" \/>\n\t<meta property=\"og:image:width\" content=\"900\" \/>\n\t<meta property=\"og:image:height\" content=\"675\" \/>\n\t<meta property=\"og:image:type\" content=\"image\/jpeg\" \/>\n<meta name=\"author\" content=\"Sergio Sevilla\" \/>\n<meta name=\"twitter:card\" content=\"summary\" \/>\n<meta name=\"twitter:creator\" content=\"@madeinzaragoza\" \/>\n<meta name=\"twitter:site\" content=\"@madeinzaragoza\" \/>\n<meta name=\"twitter:label1\" content=\"Escrito por\" \/>\n\t<meta name=\"twitter:data1\" content=\"Sergio Sevilla\" \/>\n\t<meta name=\"twitter:label2\" content=\"Tiempo de lectura\" \/>\n\t<meta name=\"twitter:data2\" content=\"3 minutos\" \/>\n<script type=\"application\/ld+json\" class=\"yoast-schema-graph\">{\"@context\":\"https:\/\/schema.org\",\"@graph\":[{\"@type\":\"Article\",\"@id\":\"http:\/\/madeinzaragoza.es\/blog\/unlimited-intervencion-letras-la-ciudad-corner-miz\/#article\",\"isPartOf\":{\"@id\":\"http:\/\/madeinzaragoza.es\/blog\/unlimited-intervencion-letras-la-ciudad-corner-miz\/\"},\"author\":{\"name\":\"Sergio Sevilla\",\"@id\":\"http:\/\/madeinzaragoza.es\/blog\/#\/schema\/person\/fd836a8fe1177b6200bc8deffc3ad342\"},\"headline\":\"Unlimited. Intervenci\u00f3n de Letras en la ciudad en C\u00f3rner MIZ\",\"datePublished\":\"2017-02-17T07:51:07+00:00\",\"dateModified\":\"2022-12-13T08:03:54+00:00\",\"mainEntityOfPage\":{\"@id\":\"http:\/\/madeinzaragoza.es\/blog\/unlimited-intervencion-letras-la-ciudad-corner-miz\/\"},\"wordCount\":681,\"commentCount\":0,\"publisher\":{\"@id\":\"http:\/\/madeinzaragoza.es\/blog\/#organization\"},\"keywords\":[\"Corner MIZ\",\"Instalaci\u00f3n ef\u00edmera\",\"intervenci\u00f3n ef\u00edmera\",\"Letras en la ciudad\"],\"articleSection\":[\"CornerMIZ\"],\"inLanguage\":\"es\",\"potentialAction\":[{\"@type\":\"CommentAction\",\"name\":\"Comment\",\"target\":[\"http:\/\/madeinzaragoza.es\/blog\/unlimited-intervencion-letras-la-ciudad-corner-miz\/#respond\"]}]},{\"@type\":\"WebPage\",\"@id\":\"http:\/\/madeinzaragoza.es\/blog\/unlimited-intervencion-letras-la-ciudad-corner-miz\/\",\"url\":\"http:\/\/madeinzaragoza.es\/blog\/unlimited-intervencion-letras-la-ciudad-corner-miz\/\",\"name\":\"Unlimited. Intervenci\u00f3n de Letras en la ciudad en C\u00f3rner MIZ - Made in Zaragoza\",\"isPartOf\":{\"@id\":\"http:\/\/madeinzaragoza.es\/blog\/#website\"},\"datePublished\":\"2017-02-17T07:51:07+00:00\",\"dateModified\":\"2022-12-13T08:03:54+00:00\",\"breadcrumb\":{\"@id\":\"http:\/\/madeinzaragoza.es\/blog\/unlimited-intervencion-letras-la-ciudad-corner-miz\/#breadcrumb\"},\"inLanguage\":\"es\",\"potentialAction\":[{\"@type\":\"ReadAction\",\"target\":[\"http:\/\/madeinzaragoza.es\/blog\/unlimited-intervencion-letras-la-ciudad-corner-miz\/\"]}]},{\"@type\":\"BreadcrumbList\",\"@id\":\"http:\/\/madeinzaragoza.es\/blog\/unlimited-intervencion-letras-la-ciudad-corner-miz\/#breadcrumb\",\"itemListElement\":[{\"@type\":\"ListItem\",\"position\":1,\"name\":\"Portada\",\"item\":\"http:\/\/madeinzaragoza.es\/blog\/\"},{\"@type\":\"ListItem\",\"position\":2,\"name\":\"Unlimited. Intervenci\u00f3n de Letras en la ciudad en C\u00f3rner MIZ\"}]},{\"@type\":\"WebSite\",\"@id\":\"http:\/\/madeinzaragoza.es\/blog\/#website\",\"url\":\"http:\/\/madeinzaragoza.es\/blog\/\",\"name\":\"Made in Zaragoza\",\"description\":\"Blog de MadeinZGZ, Red de Econom\u00eda Creativa de Zaragoza\",\"publisher\":{\"@id\":\"http:\/\/madeinzaragoza.es\/blog\/#organization\"},\"potentialAction\":[{\"@type\":\"SearchAction\",\"target\":{\"@type\":\"EntryPoint\",\"urlTemplate\":\"http:\/\/madeinzaragoza.es\/blog\/?s={search_term_string}\"},\"query-input\":\"required name=search_term_string\"}],\"inLanguage\":\"es\"},{\"@type\":\"Organization\",\"@id\":\"http:\/\/madeinzaragoza.es\/blog\/#organization\",\"name\":\"Made In Zaragoza\",\"url\":\"http:\/\/madeinzaragoza.es\/blog\/\",\"sameAs\":[\"https:\/\/www.instagram.com\/madeinzaragoza.es\/\",\"https:\/\/www.facebook.com\/madeinzaragoza.es\/\",\"https:\/\/twitter.com\/madeinzaragoza\"],\"logo\":{\"@type\":\"ImageObject\",\"inLanguage\":\"es\",\"@id\":\"http:\/\/madeinzaragoza.es\/blog\/#\/schema\/logo\/image\/\",\"url\":\"https:\/\/madeinzaragoza.es\/blog\/wp-content\/uploads\/2022\/05\/logo.png\",\"contentUrl\":\"https:\/\/madeinzaragoza.es\/blog\/wp-content\/uploads\/2022\/05\/logo.png\",\"width\":193,\"height\":176,\"caption\":\"Made In Zaragoza\"},\"image\":{\"@id\":\"http:\/\/madeinzaragoza.es\/blog\/#\/schema\/logo\/image\/\"}},{\"@type\":\"Person\",\"@id\":\"http:\/\/madeinzaragoza.es\/blog\/#\/schema\/person\/fd836a8fe1177b6200bc8deffc3ad342\",\"name\":\"Sergio Sevilla\",\"image\":{\"@type\":\"ImageObject\",\"inLanguage\":\"es\",\"@id\":\"http:\/\/madeinzaragoza.es\/blog\/#\/schema\/person\/image\/\",\"url\":\"http:\/\/1.gravatar.com\/avatar\/4a59e3901b7e749c4e3750c4fd5d0b43?s=96&d=mm&r=g\",\"contentUrl\":\"http:\/\/1.gravatar.com\/avatar\/4a59e3901b7e749c4e3750c4fd5d0b43?s=96&d=mm&r=g\",\"caption\":\"Sergio Sevilla\"},\"description\":\"Gesti\u00f3n e Innovaci\u00f3n cultural (I+C) Mi trabajo se basa en la b\u00fasqueda de conexiones culturales en espacios de tr\u00e1nsito. Soy director y programador de proyectos culturales. He coordinado el espacio C\u00f3rner MIZ de Made in Zaragoza y, en la actualidad, me dedico a investigar, documentar y poner en valor el muralismo cer\u00e1mico de los a\u00f1os 60, 70 y 80 de Zaragoza y su relaci\u00f3n con los entornos arquitect\u00f3nicos y decorativos de la \u00e9poca. Descubre el perfil de @ZaragozaModerna en Instagram. Take a walk on the Art side.\",\"sameAs\":[\"zarayorkers\",\"@zaragozamoderna\",\"\/sergiosevillatabernero\"],\"url\":\"http:\/\/madeinzaragoza.es\/blog\/author\/sergiosevilla\/\"}]}<\/script>\n<!-- \/ Yoast SEO plugin. -->","yoast_head_json":{"title":"Unlimited. Intervenci\u00f3n de Letras en la ciudad en C\u00f3rner MIZ - Made in Zaragoza","robots":{"index":"index","follow":"follow","max-snippet":"max-snippet:-1","max-image-preview":"max-image-preview:large","max-video-preview":"max-video-preview:-1"},"canonical":"http:\/\/madeinzaragoza.es\/blog\/unlimited-intervencion-letras-la-ciudad-corner-miz\/","og_locale":"es_ES","og_type":"article","og_title":"Unlimited. Intervenci\u00f3n de Letras en la ciudad en C\u00f3rner MIZ - Made in Zaragoza","og_description":"Con &#8216;Letras en la ciudad&#8217; comenzamos el nuevo ciclo \u00abMutantes\u00bb de intervenciones ef\u00edmeras en el espacio C\u00f3rner MIZ. Durante 2017, seis artistas o colectivos creativos van a desarrollar sus trabajos aqu\u00ed bajo la idea concepto de mutaci\u00f3n. Con \u201cMutantes\u201d vamos a realizar una investigaci\u00f3n visual sobre la capacidad de mutaci\u00f3n, de variaci\u00f3n tanto de las &hellip; Continuar leyendo \"Unlimited. Intervenci\u00f3n de Letras en la ciudad en C\u00f3rner MIZ\"","og_url":"http:\/\/madeinzaragoza.es\/blog\/unlimited-intervencion-letras-la-ciudad-corner-miz\/","og_site_name":"Made in Zaragoza","article_publisher":"https:\/\/www.facebook.com\/madeinzaragoza.es\/","article_author":"zarayorkers","article_published_time":"2017-02-17T07:51:07+00:00","article_modified_time":"2022-12-13T08:03:54+00:00","og_image":[{"width":900,"height":675,"url":"http:\/\/madeinzaragoza.es\/blog\/wp-content\/uploads\/2017\/02\/IMG_3987.jpg","type":"image\/jpeg"}],"author":"Sergio Sevilla","twitter_card":"summary","twitter_creator":"@madeinzaragoza","twitter_site":"@madeinzaragoza","twitter_misc":{"Escrito por":"Sergio Sevilla","Tiempo de lectura":"3 minutos"},"schema":{"@context":"https:\/\/schema.org","@graph":[{"@type":"Article","@id":"http:\/\/madeinzaragoza.es\/blog\/unlimited-intervencion-letras-la-ciudad-corner-miz\/#article","isPartOf":{"@id":"http:\/\/madeinzaragoza.es\/blog\/unlimited-intervencion-letras-la-ciudad-corner-miz\/"},"author":{"name":"Sergio Sevilla","@id":"http:\/\/madeinzaragoza.es\/blog\/#\/schema\/person\/fd836a8fe1177b6200bc8deffc3ad342"},"headline":"Unlimited. Intervenci\u00f3n de Letras en la ciudad en C\u00f3rner MIZ","datePublished":"2017-02-17T07:51:07+00:00","dateModified":"2022-12-13T08:03:54+00:00","mainEntityOfPage":{"@id":"http:\/\/madeinzaragoza.es\/blog\/unlimited-intervencion-letras-la-ciudad-corner-miz\/"},"wordCount":681,"commentCount":0,"publisher":{"@id":"http:\/\/madeinzaragoza.es\/blog\/#organization"},"keywords":["Corner MIZ","Instalaci\u00f3n ef\u00edmera","intervenci\u00f3n ef\u00edmera","Letras en la ciudad"],"articleSection":["CornerMIZ"],"inLanguage":"es","potentialAction":[{"@type":"CommentAction","name":"Comment","target":["http:\/\/madeinzaragoza.es\/blog\/unlimited-intervencion-letras-la-ciudad-corner-miz\/#respond"]}]},{"@type":"WebPage","@id":"http:\/\/madeinzaragoza.es\/blog\/unlimited-intervencion-letras-la-ciudad-corner-miz\/","url":"http:\/\/madeinzaragoza.es\/blog\/unlimited-intervencion-letras-la-ciudad-corner-miz\/","name":"Unlimited. Intervenci\u00f3n de Letras en la ciudad en C\u00f3rner MIZ - Made in Zaragoza","isPartOf":{"@id":"http:\/\/madeinzaragoza.es\/blog\/#website"},"datePublished":"2017-02-17T07:51:07+00:00","dateModified":"2022-12-13T08:03:54+00:00","breadcrumb":{"@id":"http:\/\/madeinzaragoza.es\/blog\/unlimited-intervencion-letras-la-ciudad-corner-miz\/#breadcrumb"},"inLanguage":"es","potentialAction":[{"@type":"ReadAction","target":["http:\/\/madeinzaragoza.es\/blog\/unlimited-intervencion-letras-la-ciudad-corner-miz\/"]}]},{"@type":"BreadcrumbList","@id":"http:\/\/madeinzaragoza.es\/blog\/unlimited-intervencion-letras-la-ciudad-corner-miz\/#breadcrumb","itemListElement":[{"@type":"ListItem","position":1,"name":"Portada","item":"http:\/\/madeinzaragoza.es\/blog\/"},{"@type":"ListItem","position":2,"name":"Unlimited. Intervenci\u00f3n de Letras en la ciudad en C\u00f3rner MIZ"}]},{"@type":"WebSite","@id":"http:\/\/madeinzaragoza.es\/blog\/#website","url":"http:\/\/madeinzaragoza.es\/blog\/","name":"Made in Zaragoza","description":"Blog de MadeinZGZ, Red de Econom\u00eda Creativa de Zaragoza","publisher":{"@id":"http:\/\/madeinzaragoza.es\/blog\/#organization"},"potentialAction":[{"@type":"SearchAction","target":{"@type":"EntryPoint","urlTemplate":"http:\/\/madeinzaragoza.es\/blog\/?s={search_term_string}"},"query-input":"required name=search_term_string"}],"inLanguage":"es"},{"@type":"Organization","@id":"http:\/\/madeinzaragoza.es\/blog\/#organization","name":"Made In Zaragoza","url":"http:\/\/madeinzaragoza.es\/blog\/","sameAs":["https:\/\/www.instagram.com\/madeinzaragoza.es\/","https:\/\/www.facebook.com\/madeinzaragoza.es\/","https:\/\/twitter.com\/madeinzaragoza"],"logo":{"@type":"ImageObject","inLanguage":"es","@id":"http:\/\/madeinzaragoza.es\/blog\/#\/schema\/logo\/image\/","url":"https:\/\/madeinzaragoza.es\/blog\/wp-content\/uploads\/2022\/05\/logo.png","contentUrl":"https:\/\/madeinzaragoza.es\/blog\/wp-content\/uploads\/2022\/05\/logo.png","width":193,"height":176,"caption":"Made In Zaragoza"},"image":{"@id":"http:\/\/madeinzaragoza.es\/blog\/#\/schema\/logo\/image\/"}},{"@type":"Person","@id":"http:\/\/madeinzaragoza.es\/blog\/#\/schema\/person\/fd836a8fe1177b6200bc8deffc3ad342","name":"Sergio Sevilla","image":{"@type":"ImageObject","inLanguage":"es","@id":"http:\/\/madeinzaragoza.es\/blog\/#\/schema\/person\/image\/","url":"http:\/\/1.gravatar.com\/avatar\/4a59e3901b7e749c4e3750c4fd5d0b43?s=96&d=mm&r=g","contentUrl":"http:\/\/1.gravatar.com\/avatar\/4a59e3901b7e749c4e3750c4fd5d0b43?s=96&d=mm&r=g","caption":"Sergio Sevilla"},"description":"Gesti\u00f3n e Innovaci\u00f3n cultural (I+C) Mi trabajo se basa en la b\u00fasqueda de conexiones culturales en espacios de tr\u00e1nsito. Soy director y programador de proyectos culturales. He coordinado el espacio C\u00f3rner MIZ de Made in Zaragoza y, en la actualidad, me dedico a investigar, documentar y poner en valor el muralismo cer\u00e1mico de los a\u00f1os 60, 70 y 80 de Zaragoza y su relaci\u00f3n con los entornos arquitect\u00f3nicos y decorativos de la \u00e9poca. Descubre el perfil de @ZaragozaModerna en Instagram. Take a walk on the Art side.","sameAs":["zarayorkers","@zaragozamoderna","\/sergiosevillatabernero"],"url":"http:\/\/madeinzaragoza.es\/blog\/author\/sergiosevilla\/"}]}},"_links":{"self":[{"href":"http:\/\/madeinzaragoza.es\/blog\/wp-json\/wp\/v2\/posts\/14465"}],"collection":[{"href":"http:\/\/madeinzaragoza.es\/blog\/wp-json\/wp\/v2\/posts"}],"about":[{"href":"http:\/\/madeinzaragoza.es\/blog\/wp-json\/wp\/v2\/types\/post"}],"author":[{"embeddable":true,"href":"http:\/\/madeinzaragoza.es\/blog\/wp-json\/wp\/v2\/users\/36"}],"replies":[{"embeddable":true,"href":"http:\/\/madeinzaragoza.es\/blog\/wp-json\/wp\/v2\/comments?post=14465"}],"version-history":[{"count":9,"href":"http:\/\/madeinzaragoza.es\/blog\/wp-json\/wp\/v2\/posts\/14465\/revisions"}],"predecessor-version":[{"id":36891,"href":"http:\/\/madeinzaragoza.es\/blog\/wp-json\/wp\/v2\/posts\/14465\/revisions\/36891"}],"wp:featuredmedia":[{"embeddable":true,"href":"http:\/\/madeinzaragoza.es\/blog\/wp-json\/wp\/v2\/media\/14467"}],"wp:attachment":[{"href":"http:\/\/madeinzaragoza.es\/blog\/wp-json\/wp\/v2\/media?parent=14465"}],"wp:term":[{"taxonomy":"category","embeddable":true,"href":"http:\/\/madeinzaragoza.es\/blog\/wp-json\/wp\/v2\/categories?post=14465"},{"taxonomy":"post_tag","embeddable":true,"href":"http:\/\/madeinzaragoza.es\/blog\/wp-json\/wp\/v2\/tags?post=14465"}],"curies":[{"name":"wp","href":"https:\/\/api.w.org\/{rel}","templated":true}]}}