{"id":14459,"date":"2017-02-16T19:47:00","date_gmt":"2017-02-16T18:47:00","guid":{"rendered":"http:\/\/madeinzaragoza.es\/blog\/?p=14459"},"modified":"2017-05-07T10:39:26","modified_gmt":"2017-05-07T09:39:26","slug":"cortometraje-cuando-lucas-encontro-eva-seleccionado-concurso-short-of-the-year-autumn-edition","status":"publish","type":"post","link":"http:\/\/madeinzaragoza.es\/blog\/cortometraje-cuando-lucas-encontro-eva-seleccionado-concurso-short-of-the-year-autumn-edition\/","title":{"rendered":"El cortometraje \u00abCuando Lucas encontr\u00f3 a Eva\u00bb, seleccionado en el concurso Short of The Year &#8211; Autumn Edition"},"content":{"rendered":"<p>&nbsp;<\/p>\n<p>El cortometraje aragon\u00e9s<strong> \u00abCuando Lucas encontr\u00f3 a Eva\u00bb<\/strong> de<a href=\"http:\/\/www.tiramisuproducciones.com\/\"> Tiramis\u00fa Producciones<\/a>\u00a0ha sido seleccionado en el concurso <a href=\"http:\/\/www.promofest.org\/en\/general-information\">Short of The Year &#8211; Autumn Edition<\/a>.<\/p>\n<p>&nbsp;<\/p>\n<p>El\u00a0cortometraje, dirigido y coescrito por Nuria Rubi\u00f3, cuenta la historia de tres voluntarios de una protectora de animales que, tras un aviso por redes sociales, salen al rescate de unos perros hacinados y abandonados en una casa.\u00a0El corto est\u00e1 basado en una historia real y <strong>su objetivo es el de concienciar y sensibilizar sobre la situaci\u00f3n que viven los perros<\/strong> en nuestro pa\u00eds desde la esperanza.<\/p>\n<p>&nbsp;<\/p>\n<h2>Apoya \u00abCuando Lucas encontr\u00f3 a Eva\u00bb con su visionado<\/h2>\n<p>El cortometraje <a href=\"https:\/\/www.clickforfestivals.com\/visionado\/?busqueda=cuando&amp;x=0&amp;y=0\">puede verse en la p\u00e1gina web del festival<\/a>, y puede votarse y visionarse\u00a0hasta el 21 de abril.<\/p>\n<p>&nbsp;<\/p>\n<p>El Premio del P\u00fablico no funciona por votos o registro, sino <strong>por cantidad de veces que la pel\u00edcula ha sido vista hasta la fecha de cierre<\/strong>. El sistema cuenta como nuevo visionado cada acceso a una pel\u00edcula desde la misma direcci\u00f3n IP cada 24 horas.<\/p>\n<p>&nbsp;<\/p>\n<p><img loading=\"lazy\" decoding=\"async\" class=\"aligncenter size-large wp-image-14462\" src=\"http:\/\/madeinzaragoza.es\/blog\/wp-content\/uploads\/2017\/02\/CUANDO-LUCAS_OFICIALjpg-1-717x1024.jpg\" alt=\"\" width=\"717\" height=\"1024\" srcset=\"http:\/\/madeinzaragoza.es\/blog\/wp-content\/uploads\/2017\/02\/CUANDO-LUCAS_OFICIALjpg-1-717x1024.jpg 717w, http:\/\/madeinzaragoza.es\/blog\/wp-content\/uploads\/2017\/02\/CUANDO-LUCAS_OFICIALjpg-1-210x300.jpg 210w, http:\/\/madeinzaragoza.es\/blog\/wp-content\/uploads\/2017\/02\/CUANDO-LUCAS_OFICIALjpg-1-768x1097.jpg 768w, http:\/\/madeinzaragoza.es\/blog\/wp-content\/uploads\/2017\/02\/CUANDO-LUCAS_OFICIALjpg-1.jpg 1000w\" sizes=\"(max-width: 709px) 85vw, (max-width: 909px) 67vw, (max-width: 984px) 61vw, (max-width: 1362px) 45vw, 600px\" \/><\/p>\n<p>&nbsp;<\/p>\n<p>En este concurso cada trimestre se seleccionan 50 trabajos y el cortometraje ganador de cada edici\u00f3n trimestral consigue 250 env\u00edos gratuitos a festivales y autom\u00e1ticamente pasa a optar al gran premio final como SHORT OF THE YEAR, consistente en el env\u00edo gratuito a 1000 festivales de todo el mundo.<\/p>\n<p>&nbsp;<\/p>\n<p>Este cortometraje ya cuenta con el premio de mejor corto medioambiental del festival internacional de cine solidario KO &amp; Digital.<\/p>\n<p>&nbsp;<\/p>\n<p>Desde aqu\u00ed queremos apoyar a <a href=\"http:\/\/www.tiramisuproducciones.com\/\">Tiramis\u00fa Producciones<\/a>\u00a0y su cortometraje. Ahora, es tu turno. <strong>Solo tienes que<a href=\"https:\/\/www.clickforfestivals.com\/visionado\/?busqueda=cuando&amp;x=0&amp;y=0\"> ver el corto <\/a>y disfrutar de \u00e9l.\u00a0<\/strong><\/p>\n<p>&nbsp;<\/p>\n<p>&nbsp;<\/p>\n<p>&nbsp;<\/p>\n<p>&nbsp;<\/p>\n","protected":false},"excerpt":{"rendered":"<p>&nbsp; El cortometraje aragon\u00e9s \u00abCuando Lucas encontr\u00f3 a Eva\u00bb de Tiramis\u00fa Producciones\u00a0ha sido seleccionado en el concurso Short of The Year &#8211; Autumn Edition. &nbsp; El\u00a0cortometraje, dirigido y coescrito por Nuria Rubi\u00f3, cuenta la historia de tres voluntarios de una protectora de animales que, tras un aviso por redes sociales, salen al rescate de unos &hellip; <a href=\"http:\/\/madeinzaragoza.es\/blog\/cortometraje-cuando-lucas-encontro-eva-seleccionado-concurso-short-of-the-year-autumn-edition\/\" class=\"more-link\">Continuar leyendo<span class=\"screen-reader-text\"> \u00abEl cortometraje \u00abCuando Lucas encontr\u00f3 a Eva\u00bb, seleccionado en el concurso Short of The Year &#8211; Autumn Edition\u00bb<\/span><\/a><\/p>\n","protected":false},"author":3,"featured_media":14460,"comment_status":"open","ping_status":"open","sticky":false,"template":"","format":"standard","meta":{"footnotes":""},"categories":[1],"tags":[],"yoast_head":"<!-- This site is optimized with the Yoast SEO plugin v19.7.2 - https:\/\/yoast.com\/wordpress\/plugins\/seo\/ -->\n<title>El cortometraje &quot;Cuando Lucas encontr\u00f3 a Eva&quot;, seleccionado en el concurso Short of The Year - Autumn Edition - Made in Zaragoza<\/title>\n<meta name=\"robots\" content=\"index, follow, max-snippet:-1, max-image-preview:large, max-video-preview:-1\" \/>\n<link rel=\"canonical\" href=\"https:\/\/madeinzaragoza.es\/blog\/cortometraje-cuando-lucas-encontro-eva-seleccionado-concurso-short-of-the-year-autumn-edition\/\" \/>\n<meta property=\"og:locale\" content=\"es_ES\" \/>\n<meta property=\"og:type\" content=\"article\" \/>\n<meta property=\"og:title\" content=\"El cortometraje &quot;Cuando Lucas encontr\u00f3 a Eva&quot;, seleccionado en el concurso Short of The Year - Autumn Edition - Made in Zaragoza\" \/>\n<meta property=\"og:description\" content=\"&nbsp; El cortometraje aragon\u00e9s \u00abCuando Lucas encontr\u00f3 a Eva\u00bb de Tiramis\u00fa Producciones\u00a0ha sido seleccionado en el concurso Short of The Year &#8211; Autumn Edition. &nbsp; El\u00a0cortometraje, dirigido y coescrito por Nuria Rubi\u00f3, cuenta la historia de tres voluntarios de una protectora de animales que, tras un aviso por redes sociales, salen al rescate de unos &hellip; Continuar leyendo &quot;El cortometraje \u00abCuando Lucas encontr\u00f3 a Eva\u00bb, seleccionado en el concurso Short of The Year &#8211; Autumn Edition&quot;\" \/>\n<meta property=\"og:url\" content=\"https:\/\/madeinzaragoza.es\/blog\/cortometraje-cuando-lucas-encontro-eva-seleccionado-concurso-short-of-the-year-autumn-edition\/\" \/>\n<meta property=\"og:site_name\" content=\"Made in Zaragoza\" \/>\n<meta property=\"article:publisher\" content=\"https:\/\/www.facebook.com\/madeinzaragoza.es\/\" \/>\n<meta property=\"article:author\" content=\"misstechin\" \/>\n<meta property=\"article:published_time\" content=\"2017-02-16T18:47:00+00:00\" \/>\n<meta property=\"article:modified_time\" content=\"2017-05-07T09:39:26+00:00\" \/>\n<meta property=\"og:image\" content=\"https:\/\/madeinzaragoza.es\/blog\/wp-content\/uploads\/2017\/02\/NURIA-PRO.jpg\" \/>\n\t<meta property=\"og:image:width\" content=\"5760\" \/>\n\t<meta property=\"og:image:height\" content=\"3840\" \/>\n\t<meta property=\"og:image:type\" content=\"image\/jpeg\" \/>\n<meta name=\"author\" content=\"Monica Gim\u00e9nez\" \/>\n<meta name=\"twitter:card\" content=\"summary\" \/>\n<meta name=\"twitter:creator\" content=\"@misstechin\" \/>\n<meta name=\"twitter:site\" content=\"@madeinzaragoza\" \/>\n<meta name=\"twitter:label1\" content=\"Escrito por\" \/>\n\t<meta name=\"twitter:data1\" content=\"Monica Gim\u00e9nez\" \/>\n\t<meta name=\"twitter:label2\" content=\"Tiempo de lectura\" \/>\n\t<meta name=\"twitter:data2\" content=\"1 minuto\" \/>\n<script type=\"application\/ld+json\" class=\"yoast-schema-graph\">{\"@context\":\"https:\/\/schema.org\",\"@graph\":[{\"@type\":\"Article\",\"@id\":\"https:\/\/madeinzaragoza.es\/blog\/cortometraje-cuando-lucas-encontro-eva-seleccionado-concurso-short-of-the-year-autumn-edition\/#article\",\"isPartOf\":{\"@id\":\"https:\/\/madeinzaragoza.es\/blog\/cortometraje-cuando-lucas-encontro-eva-seleccionado-concurso-short-of-the-year-autumn-edition\/\"},\"author\":{\"name\":\"Monica Gim\u00e9nez\",\"@id\":\"http:\/\/madeinzaragoza.es\/blog\/#\/schema\/person\/7f474fda5b3cfb05e3d9963093971cca\"},\"headline\":\"El cortometraje \u00abCuando Lucas encontr\u00f3 a Eva\u00bb, seleccionado en el concurso Short of The Year &#8211; Autumn Edition\",\"datePublished\":\"2017-02-16T18:47:00+00:00\",\"dateModified\":\"2017-05-07T09:39:26+00:00\",\"mainEntityOfPage\":{\"@id\":\"https:\/\/madeinzaragoza.es\/blog\/cortometraje-cuando-lucas-encontro-eva-seleccionado-concurso-short-of-the-year-autumn-edition\/\"},\"wordCount\":296,\"commentCount\":0,\"publisher\":{\"@id\":\"http:\/\/madeinzaragoza.es\/blog\/#organization\"},\"articleSection\":[\"Tendencias\"],\"inLanguage\":\"es\",\"potentialAction\":[{\"@type\":\"CommentAction\",\"name\":\"Comment\",\"target\":[\"https:\/\/madeinzaragoza.es\/blog\/cortometraje-cuando-lucas-encontro-eva-seleccionado-concurso-short-of-the-year-autumn-edition\/#respond\"]}]},{\"@type\":\"WebPage\",\"@id\":\"https:\/\/madeinzaragoza.es\/blog\/cortometraje-cuando-lucas-encontro-eva-seleccionado-concurso-short-of-the-year-autumn-edition\/\",\"url\":\"https:\/\/madeinzaragoza.es\/blog\/cortometraje-cuando-lucas-encontro-eva-seleccionado-concurso-short-of-the-year-autumn-edition\/\",\"name\":\"El cortometraje \\\"Cuando Lucas encontr\u00f3 a Eva\\\", seleccionado en el concurso Short of The Year - Autumn Edition - Made in Zaragoza\",\"isPartOf\":{\"@id\":\"http:\/\/madeinzaragoza.es\/blog\/#website\"},\"datePublished\":\"2017-02-16T18:47:00+00:00\",\"dateModified\":\"2017-05-07T09:39:26+00:00\",\"breadcrumb\":{\"@id\":\"https:\/\/madeinzaragoza.es\/blog\/cortometraje-cuando-lucas-encontro-eva-seleccionado-concurso-short-of-the-year-autumn-edition\/#breadcrumb\"},\"inLanguage\":\"es\",\"potentialAction\":[{\"@type\":\"ReadAction\",\"target\":[\"https:\/\/madeinzaragoza.es\/blog\/cortometraje-cuando-lucas-encontro-eva-seleccionado-concurso-short-of-the-year-autumn-edition\/\"]}]},{\"@type\":\"BreadcrumbList\",\"@id\":\"https:\/\/madeinzaragoza.es\/blog\/cortometraje-cuando-lucas-encontro-eva-seleccionado-concurso-short-of-the-year-autumn-edition\/#breadcrumb\",\"itemListElement\":[{\"@type\":\"ListItem\",\"position\":1,\"name\":\"Portada\",\"item\":\"http:\/\/madeinzaragoza.es\/blog\/\"},{\"@type\":\"ListItem\",\"position\":2,\"name\":\"El cortometraje \u00abCuando Lucas encontr\u00f3 a Eva\u00bb, seleccionado en el concurso Short of The Year &#8211; Autumn Edition\"}]},{\"@type\":\"WebSite\",\"@id\":\"http:\/\/madeinzaragoza.es\/blog\/#website\",\"url\":\"http:\/\/madeinzaragoza.es\/blog\/\",\"name\":\"Made in Zaragoza\",\"description\":\"Blog de MadeinZGZ, Red de Econom\u00eda Creativa de Zaragoza\",\"publisher\":{\"@id\":\"http:\/\/madeinzaragoza.es\/blog\/#organization\"},\"potentialAction\":[{\"@type\":\"SearchAction\",\"target\":{\"@type\":\"EntryPoint\",\"urlTemplate\":\"http:\/\/madeinzaragoza.es\/blog\/?s={search_term_string}\"},\"query-input\":\"required name=search_term_string\"}],\"inLanguage\":\"es\"},{\"@type\":\"Organization\",\"@id\":\"http:\/\/madeinzaragoza.es\/blog\/#organization\",\"name\":\"Made In Zaragoza\",\"url\":\"http:\/\/madeinzaragoza.es\/blog\/\",\"sameAs\":[\"https:\/\/www.instagram.com\/madeinzaragoza.es\/\",\"https:\/\/www.facebook.com\/madeinzaragoza.es\/\",\"https:\/\/twitter.com\/madeinzaragoza\"],\"logo\":{\"@type\":\"ImageObject\",\"inLanguage\":\"es\",\"@id\":\"http:\/\/madeinzaragoza.es\/blog\/#\/schema\/logo\/image\/\",\"url\":\"https:\/\/madeinzaragoza.es\/blog\/wp-content\/uploads\/2022\/05\/logo.png\",\"contentUrl\":\"https:\/\/madeinzaragoza.es\/blog\/wp-content\/uploads\/2022\/05\/logo.png\",\"width\":193,\"height\":176,\"caption\":\"Made In Zaragoza\"},\"image\":{\"@id\":\"http:\/\/madeinzaragoza.es\/blog\/#\/schema\/logo\/image\/\"}},{\"@type\":\"Person\",\"@id\":\"http:\/\/madeinzaragoza.es\/blog\/#\/schema\/person\/7f474fda5b3cfb05e3d9963093971cca\",\"name\":\"Monica Gim\u00e9nez\",\"image\":{\"@type\":\"ImageObject\",\"inLanguage\":\"es\",\"@id\":\"http:\/\/madeinzaragoza.es\/blog\/#\/schema\/person\/image\/\",\"url\":\"http:\/\/2.gravatar.com\/avatar\/bdd60894f529a2929832a56d3c3eb2f2?s=96&d=mm&r=g\",\"contentUrl\":\"http:\/\/2.gravatar.com\/avatar\/bdd60894f529a2929832a56d3c3eb2f2?s=96&d=mm&r=g\",\"caption\":\"Monica Gim\u00e9nez\"},\"description\":\"Coordinadora del blog de MadeinZaragoza. Me dedico a la comunicaci\u00f3n y al marketing online. Me gusta el teatro, leer c\u00f3mic, comer sushi y descubrir nuevos lugares con encanto en mi ciudad.\",\"sameAs\":[\"https:\/\/misstechin.com\",\"misstechin\",\"https:\/\/twitter.com\/misstechin\"],\"url\":\"http:\/\/madeinzaragoza.es\/blog\/author\/moni\/\"}]}<\/script>\n<!-- \/ Yoast SEO plugin. -->","yoast_head_json":{"title":"El cortometraje \"Cuando Lucas encontr\u00f3 a Eva\", seleccionado en el concurso Short of The Year - Autumn Edition - Made in Zaragoza","robots":{"index":"index","follow":"follow","max-snippet":"max-snippet:-1","max-image-preview":"max-image-preview:large","max-video-preview":"max-video-preview:-1"},"canonical":"https:\/\/madeinzaragoza.es\/blog\/cortometraje-cuando-lucas-encontro-eva-seleccionado-concurso-short-of-the-year-autumn-edition\/","og_locale":"es_ES","og_type":"article","og_title":"El cortometraje \"Cuando Lucas encontr\u00f3 a Eva\", seleccionado en el concurso Short of The Year - Autumn Edition - Made in Zaragoza","og_description":"&nbsp; El cortometraje aragon\u00e9s \u00abCuando Lucas encontr\u00f3 a Eva\u00bb de Tiramis\u00fa Producciones\u00a0ha sido seleccionado en el concurso Short of The Year &#8211; Autumn Edition. &nbsp; El\u00a0cortometraje, dirigido y coescrito por Nuria Rubi\u00f3, cuenta la historia de tres voluntarios de una protectora de animales que, tras un aviso por redes sociales, salen al rescate de unos &hellip; Continuar leyendo \"El cortometraje \u00abCuando Lucas encontr\u00f3 a Eva\u00bb, seleccionado en el concurso Short of The Year &#8211; Autumn Edition\"","og_url":"https:\/\/madeinzaragoza.es\/blog\/cortometraje-cuando-lucas-encontro-eva-seleccionado-concurso-short-of-the-year-autumn-edition\/","og_site_name":"Made in Zaragoza","article_publisher":"https:\/\/www.facebook.com\/madeinzaragoza.es\/","article_author":"misstechin","article_published_time":"2017-02-16T18:47:00+00:00","article_modified_time":"2017-05-07T09:39:26+00:00","og_image":[{"width":5760,"height":3840,"url":"https:\/\/madeinzaragoza.es\/blog\/wp-content\/uploads\/2017\/02\/NURIA-PRO.jpg","type":"image\/jpeg"}],"author":"Monica Gim\u00e9nez","twitter_card":"summary","twitter_creator":"@misstechin","twitter_site":"@madeinzaragoza","twitter_misc":{"Escrito por":"Monica Gim\u00e9nez","Tiempo de lectura":"1 minuto"},"schema":{"@context":"https:\/\/schema.org","@graph":[{"@type":"Article","@id":"https:\/\/madeinzaragoza.es\/blog\/cortometraje-cuando-lucas-encontro-eva-seleccionado-concurso-short-of-the-year-autumn-edition\/#article","isPartOf":{"@id":"https:\/\/madeinzaragoza.es\/blog\/cortometraje-cuando-lucas-encontro-eva-seleccionado-concurso-short-of-the-year-autumn-edition\/"},"author":{"name":"Monica Gim\u00e9nez","@id":"http:\/\/madeinzaragoza.es\/blog\/#\/schema\/person\/7f474fda5b3cfb05e3d9963093971cca"},"headline":"El cortometraje \u00abCuando Lucas encontr\u00f3 a Eva\u00bb, seleccionado en el concurso Short of The Year &#8211; Autumn Edition","datePublished":"2017-02-16T18:47:00+00:00","dateModified":"2017-05-07T09:39:26+00:00","mainEntityOfPage":{"@id":"https:\/\/madeinzaragoza.es\/blog\/cortometraje-cuando-lucas-encontro-eva-seleccionado-concurso-short-of-the-year-autumn-edition\/"},"wordCount":296,"commentCount":0,"publisher":{"@id":"http:\/\/madeinzaragoza.es\/blog\/#organization"},"articleSection":["Tendencias"],"inLanguage":"es","potentialAction":[{"@type":"CommentAction","name":"Comment","target":["https:\/\/madeinzaragoza.es\/blog\/cortometraje-cuando-lucas-encontro-eva-seleccionado-concurso-short-of-the-year-autumn-edition\/#respond"]}]},{"@type":"WebPage","@id":"https:\/\/madeinzaragoza.es\/blog\/cortometraje-cuando-lucas-encontro-eva-seleccionado-concurso-short-of-the-year-autumn-edition\/","url":"https:\/\/madeinzaragoza.es\/blog\/cortometraje-cuando-lucas-encontro-eva-seleccionado-concurso-short-of-the-year-autumn-edition\/","name":"El cortometraje \"Cuando Lucas encontr\u00f3 a Eva\", seleccionado en el concurso Short of The Year - Autumn Edition - Made in Zaragoza","isPartOf":{"@id":"http:\/\/madeinzaragoza.es\/blog\/#website"},"datePublished":"2017-02-16T18:47:00+00:00","dateModified":"2017-05-07T09:39:26+00:00","breadcrumb":{"@id":"https:\/\/madeinzaragoza.es\/blog\/cortometraje-cuando-lucas-encontro-eva-seleccionado-concurso-short-of-the-year-autumn-edition\/#breadcrumb"},"inLanguage":"es","potentialAction":[{"@type":"ReadAction","target":["https:\/\/madeinzaragoza.es\/blog\/cortometraje-cuando-lucas-encontro-eva-seleccionado-concurso-short-of-the-year-autumn-edition\/"]}]},{"@type":"BreadcrumbList","@id":"https:\/\/madeinzaragoza.es\/blog\/cortometraje-cuando-lucas-encontro-eva-seleccionado-concurso-short-of-the-year-autumn-edition\/#breadcrumb","itemListElement":[{"@type":"ListItem","position":1,"name":"Portada","item":"http:\/\/madeinzaragoza.es\/blog\/"},{"@type":"ListItem","position":2,"name":"El cortometraje \u00abCuando Lucas encontr\u00f3 a Eva\u00bb, seleccionado en el concurso Short of The Year &#8211; Autumn Edition"}]},{"@type":"WebSite","@id":"http:\/\/madeinzaragoza.es\/blog\/#website","url":"http:\/\/madeinzaragoza.es\/blog\/","name":"Made in Zaragoza","description":"Blog de MadeinZGZ, Red de Econom\u00eda Creativa de Zaragoza","publisher":{"@id":"http:\/\/madeinzaragoza.es\/blog\/#organization"},"potentialAction":[{"@type":"SearchAction","target":{"@type":"EntryPoint","urlTemplate":"http:\/\/madeinzaragoza.es\/blog\/?s={search_term_string}"},"query-input":"required name=search_term_string"}],"inLanguage":"es"},{"@type":"Organization","@id":"http:\/\/madeinzaragoza.es\/blog\/#organization","name":"Made In Zaragoza","url":"http:\/\/madeinzaragoza.es\/blog\/","sameAs":["https:\/\/www.instagram.com\/madeinzaragoza.es\/","https:\/\/www.facebook.com\/madeinzaragoza.es\/","https:\/\/twitter.com\/madeinzaragoza"],"logo":{"@type":"ImageObject","inLanguage":"es","@id":"http:\/\/madeinzaragoza.es\/blog\/#\/schema\/logo\/image\/","url":"https:\/\/madeinzaragoza.es\/blog\/wp-content\/uploads\/2022\/05\/logo.png","contentUrl":"https:\/\/madeinzaragoza.es\/blog\/wp-content\/uploads\/2022\/05\/logo.png","width":193,"height":176,"caption":"Made In Zaragoza"},"image":{"@id":"http:\/\/madeinzaragoza.es\/blog\/#\/schema\/logo\/image\/"}},{"@type":"Person","@id":"http:\/\/madeinzaragoza.es\/blog\/#\/schema\/person\/7f474fda5b3cfb05e3d9963093971cca","name":"Monica Gim\u00e9nez","image":{"@type":"ImageObject","inLanguage":"es","@id":"http:\/\/madeinzaragoza.es\/blog\/#\/schema\/person\/image\/","url":"http:\/\/2.gravatar.com\/avatar\/bdd60894f529a2929832a56d3c3eb2f2?s=96&d=mm&r=g","contentUrl":"http:\/\/2.gravatar.com\/avatar\/bdd60894f529a2929832a56d3c3eb2f2?s=96&d=mm&r=g","caption":"Monica Gim\u00e9nez"},"description":"Coordinadora del blog de MadeinZaragoza. Me dedico a la comunicaci\u00f3n y al marketing online. Me gusta el teatro, leer c\u00f3mic, comer sushi y descubrir nuevos lugares con encanto en mi ciudad.","sameAs":["https:\/\/misstechin.com","misstechin","https:\/\/twitter.com\/misstechin"],"url":"http:\/\/madeinzaragoza.es\/blog\/author\/moni\/"}]}},"_links":{"self":[{"href":"http:\/\/madeinzaragoza.es\/blog\/wp-json\/wp\/v2\/posts\/14459"}],"collection":[{"href":"http:\/\/madeinzaragoza.es\/blog\/wp-json\/wp\/v2\/posts"}],"about":[{"href":"http:\/\/madeinzaragoza.es\/blog\/wp-json\/wp\/v2\/types\/post"}],"author":[{"embeddable":true,"href":"http:\/\/madeinzaragoza.es\/blog\/wp-json\/wp\/v2\/users\/3"}],"replies":[{"embeddable":true,"href":"http:\/\/madeinzaragoza.es\/blog\/wp-json\/wp\/v2\/comments?post=14459"}],"version-history":[{"count":3,"href":"http:\/\/madeinzaragoza.es\/blog\/wp-json\/wp\/v2\/posts\/14459\/revisions"}],"predecessor-version":[{"id":15241,"href":"http:\/\/madeinzaragoza.es\/blog\/wp-json\/wp\/v2\/posts\/14459\/revisions\/15241"}],"wp:featuredmedia":[{"embeddable":true,"href":"http:\/\/madeinzaragoza.es\/blog\/wp-json\/wp\/v2\/media\/14460"}],"wp:attachment":[{"href":"http:\/\/madeinzaragoza.es\/blog\/wp-json\/wp\/v2\/media?parent=14459"}],"wp:term":[{"taxonomy":"category","embeddable":true,"href":"http:\/\/madeinzaragoza.es\/blog\/wp-json\/wp\/v2\/categories?post=14459"},{"taxonomy":"post_tag","embeddable":true,"href":"http:\/\/madeinzaragoza.es\/blog\/wp-json\/wp\/v2\/tags?post=14459"}],"curies":[{"name":"wp","href":"https:\/\/api.w.org\/{rel}","templated":true}]}}