{"id":1399,"date":"2012-09-10T08:38:46","date_gmt":"2012-09-10T07:38:46","guid":{"rendered":"http:\/\/madeinzaragoza.es\/blog\/?p=1399"},"modified":"2012-09-10T12:12:05","modified_gmt":"2012-09-10T11:12:05","slug":"el-viaje-del-gancho","status":"publish","type":"post","link":"http:\/\/madeinzaragoza.es\/blog\/el-viaje-del-gancho\/","title":{"rendered":"El viaje del Gancho"},"content":{"rendered":"<p>\u00bfQu\u00e9 pasa si unimos en Zaragoza la Asociaci\u00f3n de Vecinos Lanuza-Casco Hist\u00f3rico, la Fundaci\u00f3n Federico Ozanam, el Ayuntamiento de Zaragoza, la direcci\u00f3n art\u00edstica del Teatro Los Navegantes, la direcci\u00f3n de arte de Fernando Lasheras, a m\u00e1s de 500 personas, a m\u00e1s de 40 colectivos vecinales, sociales, art\u00edsticos y a los comercios de la zona?<br \/>\nPues que tenemos la 9\u00ba edici\u00f3n de La Carrera del Gancho en el barrio de San Pablo, uno de los barrios hist\u00f3ricos de Zaragoza donde todo el mundo tiene cabida. Un proyecto de dinamizaci\u00f3n socio cultural que se celebra gracias a la participaci\u00f3n conjunta de diferentes colectivos y vecinos del Casco Hist\u00f3rico y de otros puntos de la ciudad.<\/p>\n<p>Es mucho m\u00e1s que una fiesta, ya que la colaboraci\u00f3n de todos los colectivos, tanto artistas como voluntarios, es un punto de encuentro para todos los vecinos que quieren invitar al resto de la ciudad y visitantes a ver el barrio con otros ojos.<\/p>\n<p style=\"text-align: center;\"><a href=\"http:\/\/madeinzaragoza.es\/blog\/wp-content\/uploads\/2012\/09\/CArrera-del-Gancho1.jpg\"><img loading=\"lazy\" decoding=\"async\" class=\"wp-image-1403 aligncenter\" src=\"http:\/\/madeinzaragoza.es\/blog\/wp-content\/uploads\/2012\/09\/CArrera-del-Gancho1.jpg\" alt=\"\" width=\"341\" height=\"538\" srcset=\"http:\/\/madeinzaragoza.es\/blog\/wp-content\/uploads\/2012\/09\/CArrera-del-Gancho1.jpg 609w, http:\/\/madeinzaragoza.es\/blog\/wp-content\/uploads\/2012\/09\/CArrera-del-Gancho1-190x300.jpg 190w, http:\/\/madeinzaragoza.es\/blog\/wp-content\/uploads\/2012\/09\/CArrera-del-Gancho1-300x472.jpg 300w, http:\/\/madeinzaragoza.es\/blog\/wp-content\/uploads\/2012\/09\/CArrera-del-Gancho1-180x283.jpg 180w, http:\/\/madeinzaragoza.es\/blog\/wp-content\/uploads\/2012\/09\/CArrera-del-Gancho1-350x551.jpg 350w\" sizes=\"(max-width: 341px) 85vw, 341px\" \/><\/a><\/p>\n<p>En esta edici\u00f3n se invita a zaragozanos y visitantes a embarcarse en un apasionante viaje por el barrio del Gancho, el fin de semana del 22 y 23 de septiembre en las Plazas San Pablo y Las Armas, y calles San Pablo, San Blas, Las Armas, Miguel de Ara, Broqueleros y alrededores. Desde el s\u00e1bado a las 17:00 horas, hasta el domingo a las 20:00 horas. No te pierdas \u00abEl viaje al Gancho\u00bb.<\/p>\n<p>Pero todo esto no se consigue de un d\u00eda para otro, por eso los diferentes colectivos est\u00e1n trabajando todo el a\u00f1o en los preparativos de la nueva edici\u00f3n. Ejemplo de ello son los talleres creativos que se han estado celebrando durante todo el verano, las tardes de los martes y los jueves, que siguen abiertos a la participaci\u00f3n de todos los ciudadanos, preparando maletas, se\u00f1ales, barcos y golondrinas para decorar los escenarios de esta gran fiesta de multiart\u00edstica en la calle. Adem\u00e1s en los locales del barrio se ensayan las actuaciones, se construyen decorados y se da forma a uno de los eventos m\u00e1s originales de la ciudad.<\/p>\n<p>Para ir abriendo boca, desde el d\u00eda 20 de septiembre, a las 18 horas, y hasta final de octubre, se celebra el taller \u00abEl Viajero Consciente\u00bb, en el Aula de Medioambiente Urbano, en la calle C\u00e9sar Augusto n\u00ba 115.<br \/>\nEn \u00e9l, se guiar\u00e1 para descubrir c\u00f3mo te mueves d\u00eda a d\u00eda y tomar conciencia de las distancias que se recorren y de los medios de transporte que se utilizan; y as\u00ed plantearte si es posible desplazarse por la ciudad de una forma m\u00e1s sostenible.<\/p>\n<p>Hasta el 20 de septiembre se celebrar\u00e1 en horario de apertura del Aula de Medioambiente: de lunes a viernes de 9.30 a 14 h; de martes a viernes de 17 a 20 h. S\u00e1bados de 10 a 14 h). M\u00e1s informaci\u00f3n: lacalleindiscreta.es<\/p>\n<p><a href=\"http:\/\/madeinzaragoza.es\/blog\/wp-content\/uploads\/2012\/09\/semana-gastron\u00f3mica-gancho.jpg\"><img loading=\"lazy\" decoding=\"async\" class=\"size-full wp-image-1404 aligncenter\" src=\"http:\/\/madeinzaragoza.es\/blog\/wp-content\/uploads\/2012\/09\/semana-gastron\u00f3mica-gancho.jpg\" alt=\"\" width=\"308\" height=\"400\" srcset=\"http:\/\/madeinzaragoza.es\/blog\/wp-content\/uploads\/2012\/09\/semana-gastron\u00f3mica-gancho.jpg 308w, http:\/\/madeinzaragoza.es\/blog\/wp-content\/uploads\/2012\/09\/semana-gastron\u00f3mica-gancho-231x300.jpg 231w, http:\/\/madeinzaragoza.es\/blog\/wp-content\/uploads\/2012\/09\/semana-gastron\u00f3mica-gancho-300x389.jpg 300w, http:\/\/madeinzaragoza.es\/blog\/wp-content\/uploads\/2012\/09\/semana-gastron\u00f3mica-gancho-180x233.jpg 180w\" sizes=\"(max-width: 308px) 85vw, 308px\" \/><\/a><\/p>\n<p>La I Semana Gastron\u00f3mica Intercultural \u201cCarrera del Gancho\u201d, es una de las actividades incluidas en la programaci\u00f3n de la carrera del Gancho. Dado que es un barrio multicultural en el que se localiza el Mercado Central, que mejor ocasi\u00f3n para conocer y saber utilizar todos los ingredientes que all\u00ed se venden y potenciar la convivencia entre los vecinos para conocer sus culturas gracias a su gastronom\u00eda.<\/p>\n<p>Desde el lunes 10 al viernes 14, de 17:00 a 20:00 horas, en el Centro de Adultos G\u00f3mez Lafuente (c\/ Las Armas 20-22). Cada d\u00eda un cocinero de una cultura invitada har\u00e1 una demostraci\u00f3n de cocina, adaptando una receta tradicional de la cultura que corresponda a la nueva cocina aragonesa con las t\u00e9cnicas m\u00e1s actuales, terminando con una degustaci\u00f3n de los platos acompa\u00f1ados con vinos de Arag\u00f3n.<\/p>\n<p>El lunes 10, se mostrar\u00e1 la cultura africana con la colaboraci\u00f3n de la Asociaci\u00f3n Casa Cultural Cabo Verde, el martes 11, la comida \u00e1rabe, de la mano de la Asociaci\u00f3n Mujeres Arabes Ama Salam, el mi\u00e9rcoles 12, la cocina jud\u00eda a cargo de A.C. Sefarad Arag\u00f3n, el jueves 13, la cocina de Ruman\u00eda, con la Asociaci\u00f3n Rumana ACASA y el viernes 14, Ecuador mostrar\u00e1 su cocina con la participaci\u00f3n de la Asociaci\u00f3n Liclicnan. Y junto a ellas la Asociaci\u00f3n de Cocineros Profesionales de Arag\u00f3n.<\/p>\n<p>\u00bfTe lo vas a perder?<\/p>\n<p>Para ampliar informaci\u00f3n o participar en otros talleres: \u00a0carreradelgancho@gmail.com o llamar al 976 28 29 18.<\/p>\n","protected":false},"excerpt":{"rendered":"<p>\u00bfQu\u00e9 pasa si unimos en Zaragoza la Asociaci\u00f3n de Vecinos Lanuza-Casco Hist\u00f3rico, la Fundaci\u00f3n Federico Ozanam, el Ayuntamiento de Zaragoza, la direcci\u00f3n art\u00edstica del Teatro Los Navegantes, la direcci\u00f3n de arte de Fernando Lasheras, a m\u00e1s de 500 personas, a m\u00e1s de 40 colectivos vecinales, sociales, art\u00edsticos y a los comercios de la zona? Pues &hellip; <a href=\"http:\/\/madeinzaragoza.es\/blog\/el-viaje-del-gancho\/\" class=\"more-link\">Continuar leyendo<span class=\"screen-reader-text\"> \u00abEl viaje del Gancho\u00bb<\/span><\/a><\/p>\n","protected":false},"author":22,"featured_media":1403,"comment_status":"open","ping_status":"open","sticky":false,"template":"","format":"standard","meta":{"footnotes":""},"categories":[7],"tags":[137],"yoast_head":"<!-- This site is optimized with the Yoast SEO plugin v19.7.2 - https:\/\/yoast.com\/wordpress\/plugins\/seo\/ -->\n<title>El viaje del Gancho - Made in Zaragoza<\/title>\n<meta name=\"robots\" content=\"index, follow, max-snippet:-1, max-image-preview:large, max-video-preview:-1\" \/>\n<link rel=\"canonical\" href=\"http:\/\/madeinzaragoza.es\/blog\/el-viaje-del-gancho\/\" \/>\n<meta property=\"og:locale\" content=\"es_ES\" \/>\n<meta property=\"og:type\" content=\"article\" \/>\n<meta property=\"og:title\" content=\"El viaje del Gancho - Made in Zaragoza\" \/>\n<meta property=\"og:description\" content=\"\u00bfQu\u00e9 pasa si unimos en Zaragoza la Asociaci\u00f3n de Vecinos Lanuza-Casco Hist\u00f3rico, la Fundaci\u00f3n Federico Ozanam, el Ayuntamiento de Zaragoza, la direcci\u00f3n art\u00edstica del Teatro Los Navegantes, la direcci\u00f3n de arte de Fernando Lasheras, a m\u00e1s de 500 personas, a m\u00e1s de 40 colectivos vecinales, sociales, art\u00edsticos y a los comercios de la zona? Pues &hellip; Continuar leyendo &quot;El viaje del Gancho&quot;\" \/>\n<meta property=\"og:url\" content=\"http:\/\/madeinzaragoza.es\/blog\/el-viaje-del-gancho\/\" \/>\n<meta property=\"og:site_name\" content=\"Made in Zaragoza\" \/>\n<meta property=\"article:publisher\" content=\"https:\/\/www.facebook.com\/madeinzaragoza.es\/\" \/>\n<meta property=\"article:author\" content=\"LasArmasZAC\" \/>\n<meta property=\"article:published_time\" content=\"2012-09-10T07:38:46+00:00\" \/>\n<meta property=\"article:modified_time\" content=\"2012-09-10T11:12:05+00:00\" \/>\n<meta property=\"og:image\" content=\"http:\/\/madeinzaragoza.es\/blog\/wp-content\/uploads\/2012\/09\/CArrera-del-Gancho1.jpg\" \/>\n\t<meta property=\"og:image:width\" content=\"609\" \/>\n\t<meta property=\"og:image:height\" content=\"960\" \/>\n\t<meta property=\"og:image:type\" content=\"image\/jpeg\" \/>\n<meta name=\"author\" content=\"MadeinZGZ\" \/>\n<meta name=\"twitter:card\" content=\"summary\" \/>\n<meta name=\"twitter:creator\" content=\"@madeinzaragoza\" \/>\n<meta name=\"twitter:site\" content=\"@madeinzaragoza\" \/>\n<meta name=\"twitter:label1\" content=\"Escrito por\" \/>\n\t<meta name=\"twitter:data1\" content=\"MadeinZGZ\" \/>\n\t<meta name=\"twitter:label2\" content=\"Tiempo de lectura\" \/>\n\t<meta name=\"twitter:data2\" content=\"4 minutos\" \/>\n<script type=\"application\/ld+json\" class=\"yoast-schema-graph\">{\"@context\":\"https:\/\/schema.org\",\"@graph\":[{\"@type\":\"Article\",\"@id\":\"http:\/\/madeinzaragoza.es\/blog\/el-viaje-del-gancho\/#article\",\"isPartOf\":{\"@id\":\"http:\/\/madeinzaragoza.es\/blog\/el-viaje-del-gancho\/\"},\"author\":{\"name\":\"MadeinZGZ\",\"@id\":\"https:\/\/madeinzaragoza.es\/blog\/#\/schema\/person\/59f4073cf7e7bc2b2f33b48241478a32\"},\"headline\":\"El viaje del Gancho\",\"datePublished\":\"2012-09-10T07:38:46+00:00\",\"dateModified\":\"2012-09-10T11:12:05+00:00\",\"mainEntityOfPage\":{\"@id\":\"http:\/\/madeinzaragoza.es\/blog\/el-viaje-del-gancho\/\"},\"wordCount\":741,\"commentCount\":0,\"publisher\":{\"@id\":\"https:\/\/madeinzaragoza.es\/blog\/#organization\"},\"keywords\":[\"El Gancho\"],\"articleSection\":[\"Qu\u00e9 hacer\"],\"inLanguage\":\"es\",\"potentialAction\":[{\"@type\":\"CommentAction\",\"name\":\"Comment\",\"target\":[\"http:\/\/madeinzaragoza.es\/blog\/el-viaje-del-gancho\/#respond\"]}]},{\"@type\":\"WebPage\",\"@id\":\"http:\/\/madeinzaragoza.es\/blog\/el-viaje-del-gancho\/\",\"url\":\"http:\/\/madeinzaragoza.es\/blog\/el-viaje-del-gancho\/\",\"name\":\"El viaje del Gancho - Made in Zaragoza\",\"isPartOf\":{\"@id\":\"https:\/\/madeinzaragoza.es\/blog\/#website\"},\"datePublished\":\"2012-09-10T07:38:46+00:00\",\"dateModified\":\"2012-09-10T11:12:05+00:00\",\"breadcrumb\":{\"@id\":\"http:\/\/madeinzaragoza.es\/blog\/el-viaje-del-gancho\/#breadcrumb\"},\"inLanguage\":\"es\",\"potentialAction\":[{\"@type\":\"ReadAction\",\"target\":[\"http:\/\/madeinzaragoza.es\/blog\/el-viaje-del-gancho\/\"]}]},{\"@type\":\"BreadcrumbList\",\"@id\":\"http:\/\/madeinzaragoza.es\/blog\/el-viaje-del-gancho\/#breadcrumb\",\"itemListElement\":[{\"@type\":\"ListItem\",\"position\":1,\"name\":\"Portada\",\"item\":\"https:\/\/madeinzaragoza.es\/blog\/\"},{\"@type\":\"ListItem\",\"position\":2,\"name\":\"El viaje del Gancho\"}]},{\"@type\":\"WebSite\",\"@id\":\"https:\/\/madeinzaragoza.es\/blog\/#website\",\"url\":\"https:\/\/madeinzaragoza.es\/blog\/\",\"name\":\"Made in Zaragoza\",\"description\":\"Blog de MadeinZGZ, Red de Econom\u00eda Creativa de Zaragoza\",\"publisher\":{\"@id\":\"https:\/\/madeinzaragoza.es\/blog\/#organization\"},\"potentialAction\":[{\"@type\":\"SearchAction\",\"target\":{\"@type\":\"EntryPoint\",\"urlTemplate\":\"https:\/\/madeinzaragoza.es\/blog\/?s={search_term_string}\"},\"query-input\":\"required name=search_term_string\"}],\"inLanguage\":\"es\"},{\"@type\":\"Organization\",\"@id\":\"https:\/\/madeinzaragoza.es\/blog\/#organization\",\"name\":\"Made In Zaragoza\",\"url\":\"https:\/\/madeinzaragoza.es\/blog\/\",\"sameAs\":[\"https:\/\/www.instagram.com\/madeinzaragoza.es\/\",\"https:\/\/www.facebook.com\/madeinzaragoza.es\/\",\"https:\/\/twitter.com\/madeinzaragoza\"],\"logo\":{\"@type\":\"ImageObject\",\"inLanguage\":\"es\",\"@id\":\"https:\/\/madeinzaragoza.es\/blog\/#\/schema\/logo\/image\/\",\"url\":\"https:\/\/madeinzaragoza.es\/blog\/wp-content\/uploads\/2022\/05\/logo.png\",\"contentUrl\":\"https:\/\/madeinzaragoza.es\/blog\/wp-content\/uploads\/2022\/05\/logo.png\",\"width\":193,\"height\":176,\"caption\":\"Made In Zaragoza\"},\"image\":{\"@id\":\"https:\/\/madeinzaragoza.es\/blog\/#\/schema\/logo\/image\/\"}},{\"@type\":\"Person\",\"@id\":\"https:\/\/madeinzaragoza.es\/blog\/#\/schema\/person\/59f4073cf7e7bc2b2f33b48241478a32\",\"name\":\"MadeinZGZ\",\"image\":{\"@type\":\"ImageObject\",\"inLanguage\":\"es\",\"@id\":\"https:\/\/madeinzaragoza.es\/blog\/#\/schema\/person\/image\/\",\"url\":\"http:\/\/2.gravatar.com\/avatar\/23c2456a35687aa268b52997d8f142d1?s=96&d=mm&r=g\",\"contentUrl\":\"http:\/\/2.gravatar.com\/avatar\/23c2456a35687aa268b52997d8f142d1?s=96&d=mm&r=g\",\"caption\":\"MadeinZGZ\"},\"description\":\"Red de comercios y emprendedores creativos de Zaragoza impulsada por ZGZ Activa.\",\"sameAs\":[\"LasArmasZAC\",\"https:\/\/twitter.com\/madeinzaragoza\"],\"url\":\"http:\/\/madeinzaragoza.es\/blog\/author\/madeinzgz\/\"}]}<\/script>\n<!-- \/ Yoast SEO plugin. -->","yoast_head_json":{"title":"El viaje del Gancho - Made in Zaragoza","robots":{"index":"index","follow":"follow","max-snippet":"max-snippet:-1","max-image-preview":"max-image-preview:large","max-video-preview":"max-video-preview:-1"},"canonical":"http:\/\/madeinzaragoza.es\/blog\/el-viaje-del-gancho\/","og_locale":"es_ES","og_type":"article","og_title":"El viaje del Gancho - Made in Zaragoza","og_description":"\u00bfQu\u00e9 pasa si unimos en Zaragoza la Asociaci\u00f3n de Vecinos Lanuza-Casco Hist\u00f3rico, la Fundaci\u00f3n Federico Ozanam, el Ayuntamiento de Zaragoza, la direcci\u00f3n art\u00edstica del Teatro Los Navegantes, la direcci\u00f3n de arte de Fernando Lasheras, a m\u00e1s de 500 personas, a m\u00e1s de 40 colectivos vecinales, sociales, art\u00edsticos y a los comercios de la zona? Pues &hellip; Continuar leyendo \"El viaje del Gancho\"","og_url":"http:\/\/madeinzaragoza.es\/blog\/el-viaje-del-gancho\/","og_site_name":"Made in Zaragoza","article_publisher":"https:\/\/www.facebook.com\/madeinzaragoza.es\/","article_author":"LasArmasZAC","article_published_time":"2012-09-10T07:38:46+00:00","article_modified_time":"2012-09-10T11:12:05+00:00","og_image":[{"width":"609","height":"960","url":"http:\/\/madeinzaragoza.es\/blog\/wp-content\/uploads\/2012\/09\/CArrera-del-Gancho1.jpg","type":"image\/jpeg"}],"author":"MadeinZGZ","twitter_card":"summary","twitter_creator":"@madeinzaragoza","twitter_site":"@madeinzaragoza","twitter_misc":{"Escrito por":"MadeinZGZ","Tiempo de lectura":"4 minutos"},"schema":{"@context":"https:\/\/schema.org","@graph":[{"@type":"Article","@id":"http:\/\/madeinzaragoza.es\/blog\/el-viaje-del-gancho\/#article","isPartOf":{"@id":"http:\/\/madeinzaragoza.es\/blog\/el-viaje-del-gancho\/"},"author":{"name":"MadeinZGZ","@id":"https:\/\/madeinzaragoza.es\/blog\/#\/schema\/person\/59f4073cf7e7bc2b2f33b48241478a32"},"headline":"El viaje del Gancho","datePublished":"2012-09-10T07:38:46+00:00","dateModified":"2012-09-10T11:12:05+00:00","mainEntityOfPage":{"@id":"http:\/\/madeinzaragoza.es\/blog\/el-viaje-del-gancho\/"},"wordCount":741,"commentCount":0,"publisher":{"@id":"https:\/\/madeinzaragoza.es\/blog\/#organization"},"keywords":["El Gancho"],"articleSection":["Qu\u00e9 hacer"],"inLanguage":"es","potentialAction":[{"@type":"CommentAction","name":"Comment","target":["http:\/\/madeinzaragoza.es\/blog\/el-viaje-del-gancho\/#respond"]}]},{"@type":"WebPage","@id":"http:\/\/madeinzaragoza.es\/blog\/el-viaje-del-gancho\/","url":"http:\/\/madeinzaragoza.es\/blog\/el-viaje-del-gancho\/","name":"El viaje del Gancho - Made in Zaragoza","isPartOf":{"@id":"https:\/\/madeinzaragoza.es\/blog\/#website"},"datePublished":"2012-09-10T07:38:46+00:00","dateModified":"2012-09-10T11:12:05+00:00","breadcrumb":{"@id":"http:\/\/madeinzaragoza.es\/blog\/el-viaje-del-gancho\/#breadcrumb"},"inLanguage":"es","potentialAction":[{"@type":"ReadAction","target":["http:\/\/madeinzaragoza.es\/blog\/el-viaje-del-gancho\/"]}]},{"@type":"BreadcrumbList","@id":"http:\/\/madeinzaragoza.es\/blog\/el-viaje-del-gancho\/#breadcrumb","itemListElement":[{"@type":"ListItem","position":1,"name":"Portada","item":"https:\/\/madeinzaragoza.es\/blog\/"},{"@type":"ListItem","position":2,"name":"El viaje del Gancho"}]},{"@type":"WebSite","@id":"https:\/\/madeinzaragoza.es\/blog\/#website","url":"https:\/\/madeinzaragoza.es\/blog\/","name":"Made in Zaragoza","description":"Blog de MadeinZGZ, Red de Econom\u00eda Creativa de Zaragoza","publisher":{"@id":"https:\/\/madeinzaragoza.es\/blog\/#organization"},"potentialAction":[{"@type":"SearchAction","target":{"@type":"EntryPoint","urlTemplate":"https:\/\/madeinzaragoza.es\/blog\/?s={search_term_string}"},"query-input":"required name=search_term_string"}],"inLanguage":"es"},{"@type":"Organization","@id":"https:\/\/madeinzaragoza.es\/blog\/#organization","name":"Made In Zaragoza","url":"https:\/\/madeinzaragoza.es\/blog\/","sameAs":["https:\/\/www.instagram.com\/madeinzaragoza.es\/","https:\/\/www.facebook.com\/madeinzaragoza.es\/","https:\/\/twitter.com\/madeinzaragoza"],"logo":{"@type":"ImageObject","inLanguage":"es","@id":"https:\/\/madeinzaragoza.es\/blog\/#\/schema\/logo\/image\/","url":"https:\/\/madeinzaragoza.es\/blog\/wp-content\/uploads\/2022\/05\/logo.png","contentUrl":"https:\/\/madeinzaragoza.es\/blog\/wp-content\/uploads\/2022\/05\/logo.png","width":193,"height":176,"caption":"Made In Zaragoza"},"image":{"@id":"https:\/\/madeinzaragoza.es\/blog\/#\/schema\/logo\/image\/"}},{"@type":"Person","@id":"https:\/\/madeinzaragoza.es\/blog\/#\/schema\/person\/59f4073cf7e7bc2b2f33b48241478a32","name":"MadeinZGZ","image":{"@type":"ImageObject","inLanguage":"es","@id":"https:\/\/madeinzaragoza.es\/blog\/#\/schema\/person\/image\/","url":"http:\/\/2.gravatar.com\/avatar\/23c2456a35687aa268b52997d8f142d1?s=96&d=mm&r=g","contentUrl":"http:\/\/2.gravatar.com\/avatar\/23c2456a35687aa268b52997d8f142d1?s=96&d=mm&r=g","caption":"MadeinZGZ"},"description":"Red de comercios y emprendedores creativos de Zaragoza impulsada por ZGZ Activa.","sameAs":["LasArmasZAC","https:\/\/twitter.com\/madeinzaragoza"],"url":"http:\/\/madeinzaragoza.es\/blog\/author\/madeinzgz\/"}]}},"_links":{"self":[{"href":"http:\/\/madeinzaragoza.es\/blog\/wp-json\/wp\/v2\/posts\/1399"}],"collection":[{"href":"http:\/\/madeinzaragoza.es\/blog\/wp-json\/wp\/v2\/posts"}],"about":[{"href":"http:\/\/madeinzaragoza.es\/blog\/wp-json\/wp\/v2\/types\/post"}],"author":[{"embeddable":true,"href":"http:\/\/madeinzaragoza.es\/blog\/wp-json\/wp\/v2\/users\/22"}],"replies":[{"embeddable":true,"href":"http:\/\/madeinzaragoza.es\/blog\/wp-json\/wp\/v2\/comments?post=1399"}],"version-history":[{"count":8,"href":"http:\/\/madeinzaragoza.es\/blog\/wp-json\/wp\/v2\/posts\/1399\/revisions"}],"predecessor-version":[{"id":1425,"href":"http:\/\/madeinzaragoza.es\/blog\/wp-json\/wp\/v2\/posts\/1399\/revisions\/1425"}],"wp:featuredmedia":[{"embeddable":true,"href":"http:\/\/madeinzaragoza.es\/blog\/wp-json\/wp\/v2\/media\/1403"}],"wp:attachment":[{"href":"http:\/\/madeinzaragoza.es\/blog\/wp-json\/wp\/v2\/media?parent=1399"}],"wp:term":[{"taxonomy":"category","embeddable":true,"href":"http:\/\/madeinzaragoza.es\/blog\/wp-json\/wp\/v2\/categories?post=1399"},{"taxonomy":"post_tag","embeddable":true,"href":"http:\/\/madeinzaragoza.es\/blog\/wp-json\/wp\/v2\/tags?post=1399"}],"curies":[{"name":"wp","href":"https:\/\/api.w.org\/{rel}","templated":true}]}}