{"id":13456,"date":"2016-12-01T13:06:06","date_gmt":"2016-12-01T12:06:06","guid":{"rendered":"http:\/\/madeinzaragoza.es\/?p=13456"},"modified":"2023-03-30T15:38:50","modified_gmt":"2023-03-30T14:38:50","slug":"las-pilis-colgantes-mezclan-tradicion-modernidad","status":"publish","type":"post","link":"http:\/\/madeinzaragoza.es\/blog\/las-pilis-colgantes-mezclan-tradicion-modernidad\/","title":{"rendered":"Las Pilis, colgantes artesanales que mezclan tradici\u00f3n y modernidad"},"content":{"rendered":"<p><strong>Las Pilis<\/strong>. Bajo este simb\u00f3lico nombre se esconde una firma que dise\u00f1a colgantes inspirados en uno de iconos m\u00e1s conocidos de la Comunidad Aragonesa, la Virgen del Pilar. Los colgantes, <strong>creados por la dise\u00f1adora zaragozana Sof\u00eda Cort\u00e9s<\/strong>, est\u00e1n fabricados <strong>modelando aluminio de manera totalmente artesanal<\/strong> con 121 movimientos b\u00e1sicos de mano, m\u00e1s terminaciones y montajes.<\/p>\n<p><!--more--><\/p>\n<p><img loading=\"lazy\" decoding=\"async\" class=\"aligncenter size-full wp-image-13461\" src=\"http:\/\/madeinzaragoza.es\/wp-content\/uploads\/2016\/12\/15-SOMONTANO0-1448290094.jpg\" alt=\"Las Pilis\" width=\"600\" height=\"450\" \/><\/p>\n<p>Como resultado del esfuerzo y de la creatividad de esta dise\u00f1adora, y bas\u00e1ndose en la silueta de la Virgen del Pilar para actualizar y redise\u00f1ar uno de los s\u00edmbolos m\u00e1s conocidos de nuestra ciudad, estos colgantes<strong>\u00a0son fabricadas en distintos tama\u00f1os y tonalidades<\/strong>, cont\u00e1ndose hasta m\u00e1s de 250 las posibles combinaciones de colores en los que se pueden fabricar.<\/p>\n<p><img loading=\"lazy\" decoding=\"async\" class=\"aligncenter size-full wp-image-13462\" src=\"http:\/\/madeinzaragoza.es\/wp-content\/uploads\/2016\/12\/36-MONEGROS0-1448546157.jpg\" alt=\"Las Pilis\" width=\"600\" height=\"450\" \/><\/p>\n<p>Adem\u00e1s, <strong>cada modelo est\u00e1 dedicado a un rinc\u00f3n de Arag\u00f3n<\/strong>, utilizando los colores m\u00e1s representativos de cada localidad o comarca que ha servido para bautizar a los distintos modelos de colgantes, aunque esta dise\u00f1adora tambi\u00e9n puede crear colgantes en los colores que el cliente decida. Desde el verde pirenaico del modelo Benasque al morado tan t\u00edpico de la Semana Santa en el Bajo Arag\u00f3n o el marr\u00f3n tan t\u00edpico en muchas zonas de la Comarca de los Monegros.<\/p>\n<h2>Las Pilis tambi\u00e9n son pulseras, llaveros&#8230;<\/h2>\n<p><img loading=\"lazy\" decoding=\"async\" class=\"aligncenter size-full wp-image-13464\" src=\"http:\/\/madeinzaragoza.es\/wp-content\/uploads\/2016\/12\/llaveros.jpg\" alt=\"Las Pilis\" width=\"600\" height=\"450\" \/><\/p>\n<p>Adem\u00e1s de las pulseras, que son el producto original por el que nacieron Las Pilis, Sof\u00eda Cort\u00e9s decidi\u00f3 ampliar su cat\u00e1logo de productos, fabricando tambi\u00e9n de manera artesanal pulseras, llaveros, cintas para el espejo retrovisor del coche, o vinilos de rotulaci\u00f3n para pegar en el coche.<\/p>\n<p>Si te han gustado estos productos artesanales Made in Zaragoza y quieres conocer m\u00e1s de ellas, puedes acceder a la web de Las Pilis.<\/p>\n","protected":false},"excerpt":{"rendered":"<p>Las Pilis. Bajo este simb\u00f3lico nombre se esconde una firma que dise\u00f1a colgantes inspirados en uno de iconos m\u00e1s conocidos de la Comunidad Aragonesa, la Virgen del Pilar. Los colgantes, creados por la dise\u00f1adora zaragozana Sof\u00eda Cort\u00e9s, est\u00e1n fabricados modelando aluminio de manera totalmente artesanal con 121 movimientos b\u00e1sicos de mano, m\u00e1s terminaciones y montajes.<\/p>\n","protected":false},"author":11,"featured_media":14630,"comment_status":"open","ping_status":"open","sticky":false,"template":"","format":"standard","meta":{"footnotes":""},"categories":[8],"tags":[1312,607],"yoast_head":"<!-- This site is optimized with the Yoast SEO plugin v19.7.2 - https:\/\/yoast.com\/wordpress\/plugins\/seo\/ -->\n<title>Las Pilis,colgantes artesanales inspirados en la Virgen del Pilar<\/title>\n<meta name=\"description\" content=\"Las Pilis son colgantes inspirados en la imagen de la Virgen del Pilar dise\u00f1ados y fabricados a mano por la dise\u00f1adora zaragozana Sofia Cort\u00e9s\" \/>\n<meta name=\"robots\" content=\"index, follow, max-snippet:-1, max-image-preview:large, max-video-preview:-1\" \/>\n<link rel=\"canonical\" href=\"https:\/\/madeinzaragoza.es\/blog\/las-pilis-colgantes-mezclan-tradicion-modernidad\/\" \/>\n<meta property=\"og:locale\" content=\"es_ES\" \/>\n<meta property=\"og:type\" content=\"article\" \/>\n<meta property=\"og:title\" content=\"Las Pilis,colgantes artesanales inspirados en la Virgen del Pilar\" \/>\n<meta property=\"og:description\" content=\"Las Pilis son colgantes inspirados en la imagen de la Virgen del Pilar dise\u00f1ados y fabricados a mano por la dise\u00f1adora zaragozana Sofia Cort\u00e9s\" \/>\n<meta property=\"og:url\" content=\"https:\/\/madeinzaragoza.es\/blog\/las-pilis-colgantes-mezclan-tradicion-modernidad\/\" \/>\n<meta property=\"og:site_name\" content=\"Made in Zaragoza\" \/>\n<meta property=\"article:publisher\" content=\"https:\/\/www.facebook.com\/madeinzaragoza.es\/\" \/>\n<meta property=\"article:author\" content=\"nachovinauena\" \/>\n<meta property=\"article:published_time\" content=\"2016-12-01T12:06:06+00:00\" \/>\n<meta property=\"article:modified_time\" content=\"2023-03-30T14:38:50+00:00\" \/>\n<meta property=\"og:image\" content=\"https:\/\/madeinzaragoza.es\/blog\/wp-content\/uploads\/2016\/12\/06-AVISPA0-1445956898-1-1.jpg\" \/>\n\t<meta property=\"og:image:width\" content=\"600\" \/>\n\t<meta property=\"og:image:height\" content=\"450\" \/>\n\t<meta property=\"og:image:type\" content=\"image\/jpeg\" \/>\n<meta name=\"author\" content=\"Nacho Vinau\" \/>\n<meta name=\"twitter:card\" content=\"summary\" \/>\n<meta name=\"twitter:creator\" content=\"@nachoena\" \/>\n<meta name=\"twitter:site\" content=\"@madeinzaragoza\" \/>\n<meta name=\"twitter:label1\" content=\"Escrito por\" \/>\n\t<meta name=\"twitter:data1\" content=\"Nacho Vinau\" \/>\n\t<meta name=\"twitter:label2\" content=\"Tiempo de lectura\" \/>\n\t<meta name=\"twitter:data2\" content=\"2 minutos\" \/>\n<script type=\"application\/ld+json\" class=\"yoast-schema-graph\">{\"@context\":\"https:\/\/schema.org\",\"@graph\":[{\"@type\":\"Article\",\"@id\":\"https:\/\/madeinzaragoza.es\/blog\/las-pilis-colgantes-mezclan-tradicion-modernidad\/#article\",\"isPartOf\":{\"@id\":\"https:\/\/madeinzaragoza.es\/blog\/las-pilis-colgantes-mezclan-tradicion-modernidad\/\"},\"author\":{\"name\":\"Nacho Vinau\",\"@id\":\"http:\/\/madeinzaragoza.es\/blog\/#\/schema\/person\/c75168076287255954a1350e1bc702aa\"},\"headline\":\"Las Pilis, colgantes artesanales que mezclan tradici\u00f3n y modernidad\",\"datePublished\":\"2016-12-01T12:06:06+00:00\",\"dateModified\":\"2023-03-30T14:38:50+00:00\",\"mainEntityOfPage\":{\"@id\":\"https:\/\/madeinzaragoza.es\/blog\/las-pilis-colgantes-mezclan-tradicion-modernidad\/\"},\"wordCount\":311,\"commentCount\":2,\"publisher\":{\"@id\":\"http:\/\/madeinzaragoza.es\/blog\/#organization\"},\"keywords\":[\"productos artesanales\",\"Tiendas de Bisuter\u00eda\"],\"articleSection\":[\"Red MIZ\"],\"inLanguage\":\"es\",\"potentialAction\":[{\"@type\":\"CommentAction\",\"name\":\"Comment\",\"target\":[\"https:\/\/madeinzaragoza.es\/blog\/las-pilis-colgantes-mezclan-tradicion-modernidad\/#respond\"]}]},{\"@type\":\"WebPage\",\"@id\":\"https:\/\/madeinzaragoza.es\/blog\/las-pilis-colgantes-mezclan-tradicion-modernidad\/\",\"url\":\"https:\/\/madeinzaragoza.es\/blog\/las-pilis-colgantes-mezclan-tradicion-modernidad\/\",\"name\":\"Las Pilis,colgantes artesanales inspirados en la Virgen del Pilar\",\"isPartOf\":{\"@id\":\"http:\/\/madeinzaragoza.es\/blog\/#website\"},\"datePublished\":\"2016-12-01T12:06:06+00:00\",\"dateModified\":\"2023-03-30T14:38:50+00:00\",\"description\":\"Las Pilis son colgantes inspirados en la imagen de la Virgen del Pilar dise\u00f1ados y fabricados a mano por la dise\u00f1adora zaragozana Sofia Cort\u00e9s\",\"breadcrumb\":{\"@id\":\"https:\/\/madeinzaragoza.es\/blog\/las-pilis-colgantes-mezclan-tradicion-modernidad\/#breadcrumb\"},\"inLanguage\":\"es\",\"potentialAction\":[{\"@type\":\"ReadAction\",\"target\":[\"https:\/\/madeinzaragoza.es\/blog\/las-pilis-colgantes-mezclan-tradicion-modernidad\/\"]}]},{\"@type\":\"BreadcrumbList\",\"@id\":\"https:\/\/madeinzaragoza.es\/blog\/las-pilis-colgantes-mezclan-tradicion-modernidad\/#breadcrumb\",\"itemListElement\":[{\"@type\":\"ListItem\",\"position\":1,\"name\":\"Portada\",\"item\":\"http:\/\/madeinzaragoza.es\/blog\/\"},{\"@type\":\"ListItem\",\"position\":2,\"name\":\"Las Pilis, colgantes artesanales que mezclan tradici\u00f3n y modernidad\"}]},{\"@type\":\"WebSite\",\"@id\":\"http:\/\/madeinzaragoza.es\/blog\/#website\",\"url\":\"http:\/\/madeinzaragoza.es\/blog\/\",\"name\":\"Made in Zaragoza\",\"description\":\"Blog de MadeinZGZ, Red de Econom\u00eda Creativa de Zaragoza\",\"publisher\":{\"@id\":\"http:\/\/madeinzaragoza.es\/blog\/#organization\"},\"potentialAction\":[{\"@type\":\"SearchAction\",\"target\":{\"@type\":\"EntryPoint\",\"urlTemplate\":\"http:\/\/madeinzaragoza.es\/blog\/?s={search_term_string}\"},\"query-input\":\"required name=search_term_string\"}],\"inLanguage\":\"es\"},{\"@type\":\"Organization\",\"@id\":\"http:\/\/madeinzaragoza.es\/blog\/#organization\",\"name\":\"Made In Zaragoza\",\"url\":\"http:\/\/madeinzaragoza.es\/blog\/\",\"sameAs\":[\"https:\/\/www.instagram.com\/madeinzaragoza.es\/\",\"https:\/\/www.facebook.com\/madeinzaragoza.es\/\",\"https:\/\/twitter.com\/madeinzaragoza\"],\"logo\":{\"@type\":\"ImageObject\",\"inLanguage\":\"es\",\"@id\":\"http:\/\/madeinzaragoza.es\/blog\/#\/schema\/logo\/image\/\",\"url\":\"https:\/\/madeinzaragoza.es\/blog\/wp-content\/uploads\/2022\/05\/logo.png\",\"contentUrl\":\"https:\/\/madeinzaragoza.es\/blog\/wp-content\/uploads\/2022\/05\/logo.png\",\"width\":193,\"height\":176,\"caption\":\"Made In Zaragoza\"},\"image\":{\"@id\":\"http:\/\/madeinzaragoza.es\/blog\/#\/schema\/logo\/image\/\"}},{\"@type\":\"Person\",\"@id\":\"http:\/\/madeinzaragoza.es\/blog\/#\/schema\/person\/c75168076287255954a1350e1bc702aa\",\"name\":\"Nacho Vinau\",\"image\":{\"@type\":\"ImageObject\",\"inLanguage\":\"es\",\"@id\":\"http:\/\/madeinzaragoza.es\/blog\/#\/schema\/person\/image\/\",\"url\":\"http:\/\/0.gravatar.com\/avatar\/0929336b01b6c352d95fd32182921ca3?s=96&d=mm&r=g\",\"contentUrl\":\"http:\/\/0.gravatar.com\/avatar\/0929336b01b6c352d95fd32182921ca3?s=96&d=mm&r=g\",\"caption\":\"Nacho Vinau\"},\"description\":\"Blogger, organizador de bodas y eventos personalizados en La Lola se va de Boda. Generador de contenidos en COM&amp;COM, amante de mi ciudad, del arte, la moda, y de los peque\u00f1os placeres que nos da la vida.\",\"sameAs\":[\"http:\/\/nachovinauena.wordpress.com\",\"nachovinauena\",\"https:\/\/twitter.com\/nachoena\"],\"url\":\"http:\/\/madeinzaragoza.es\/blog\/author\/nacho-vinau\/\"}]}<\/script>\n<!-- \/ Yoast SEO plugin. -->","yoast_head_json":{"title":"Las Pilis,colgantes artesanales inspirados en la Virgen del Pilar","description":"Las Pilis son colgantes inspirados en la imagen de la Virgen del Pilar dise\u00f1ados y fabricados a mano por la dise\u00f1adora zaragozana Sofia Cort\u00e9s","robots":{"index":"index","follow":"follow","max-snippet":"max-snippet:-1","max-image-preview":"max-image-preview:large","max-video-preview":"max-video-preview:-1"},"canonical":"https:\/\/madeinzaragoza.es\/blog\/las-pilis-colgantes-mezclan-tradicion-modernidad\/","og_locale":"es_ES","og_type":"article","og_title":"Las Pilis,colgantes artesanales inspirados en la Virgen del Pilar","og_description":"Las Pilis son colgantes inspirados en la imagen de la Virgen del Pilar dise\u00f1ados y fabricados a mano por la dise\u00f1adora zaragozana Sofia Cort\u00e9s","og_url":"https:\/\/madeinzaragoza.es\/blog\/las-pilis-colgantes-mezclan-tradicion-modernidad\/","og_site_name":"Made in Zaragoza","article_publisher":"https:\/\/www.facebook.com\/madeinzaragoza.es\/","article_author":"nachovinauena","article_published_time":"2016-12-01T12:06:06+00:00","article_modified_time":"2023-03-30T14:38:50+00:00","og_image":[{"width":600,"height":450,"url":"https:\/\/madeinzaragoza.es\/blog\/wp-content\/uploads\/2016\/12\/06-AVISPA0-1445956898-1-1.jpg","type":"image\/jpeg"}],"author":"Nacho Vinau","twitter_card":"summary","twitter_creator":"@nachoena","twitter_site":"@madeinzaragoza","twitter_misc":{"Escrito por":"Nacho Vinau","Tiempo de lectura":"2 minutos"},"schema":{"@context":"https:\/\/schema.org","@graph":[{"@type":"Article","@id":"https:\/\/madeinzaragoza.es\/blog\/las-pilis-colgantes-mezclan-tradicion-modernidad\/#article","isPartOf":{"@id":"https:\/\/madeinzaragoza.es\/blog\/las-pilis-colgantes-mezclan-tradicion-modernidad\/"},"author":{"name":"Nacho Vinau","@id":"http:\/\/madeinzaragoza.es\/blog\/#\/schema\/person\/c75168076287255954a1350e1bc702aa"},"headline":"Las Pilis, colgantes artesanales que mezclan tradici\u00f3n y modernidad","datePublished":"2016-12-01T12:06:06+00:00","dateModified":"2023-03-30T14:38:50+00:00","mainEntityOfPage":{"@id":"https:\/\/madeinzaragoza.es\/blog\/las-pilis-colgantes-mezclan-tradicion-modernidad\/"},"wordCount":311,"commentCount":2,"publisher":{"@id":"http:\/\/madeinzaragoza.es\/blog\/#organization"},"keywords":["productos artesanales","Tiendas de Bisuter\u00eda"],"articleSection":["Red MIZ"],"inLanguage":"es","potentialAction":[{"@type":"CommentAction","name":"Comment","target":["https:\/\/madeinzaragoza.es\/blog\/las-pilis-colgantes-mezclan-tradicion-modernidad\/#respond"]}]},{"@type":"WebPage","@id":"https:\/\/madeinzaragoza.es\/blog\/las-pilis-colgantes-mezclan-tradicion-modernidad\/","url":"https:\/\/madeinzaragoza.es\/blog\/las-pilis-colgantes-mezclan-tradicion-modernidad\/","name":"Las Pilis,colgantes artesanales inspirados en la Virgen del Pilar","isPartOf":{"@id":"http:\/\/madeinzaragoza.es\/blog\/#website"},"datePublished":"2016-12-01T12:06:06+00:00","dateModified":"2023-03-30T14:38:50+00:00","description":"Las Pilis son colgantes inspirados en la imagen de la Virgen del Pilar dise\u00f1ados y fabricados a mano por la dise\u00f1adora zaragozana Sofia Cort\u00e9s","breadcrumb":{"@id":"https:\/\/madeinzaragoza.es\/blog\/las-pilis-colgantes-mezclan-tradicion-modernidad\/#breadcrumb"},"inLanguage":"es","potentialAction":[{"@type":"ReadAction","target":["https:\/\/madeinzaragoza.es\/blog\/las-pilis-colgantes-mezclan-tradicion-modernidad\/"]}]},{"@type":"BreadcrumbList","@id":"https:\/\/madeinzaragoza.es\/blog\/las-pilis-colgantes-mezclan-tradicion-modernidad\/#breadcrumb","itemListElement":[{"@type":"ListItem","position":1,"name":"Portada","item":"http:\/\/madeinzaragoza.es\/blog\/"},{"@type":"ListItem","position":2,"name":"Las Pilis, colgantes artesanales que mezclan tradici\u00f3n y modernidad"}]},{"@type":"WebSite","@id":"http:\/\/madeinzaragoza.es\/blog\/#website","url":"http:\/\/madeinzaragoza.es\/blog\/","name":"Made in Zaragoza","description":"Blog de MadeinZGZ, Red de Econom\u00eda Creativa de Zaragoza","publisher":{"@id":"http:\/\/madeinzaragoza.es\/blog\/#organization"},"potentialAction":[{"@type":"SearchAction","target":{"@type":"EntryPoint","urlTemplate":"http:\/\/madeinzaragoza.es\/blog\/?s={search_term_string}"},"query-input":"required name=search_term_string"}],"inLanguage":"es"},{"@type":"Organization","@id":"http:\/\/madeinzaragoza.es\/blog\/#organization","name":"Made In Zaragoza","url":"http:\/\/madeinzaragoza.es\/blog\/","sameAs":["https:\/\/www.instagram.com\/madeinzaragoza.es\/","https:\/\/www.facebook.com\/madeinzaragoza.es\/","https:\/\/twitter.com\/madeinzaragoza"],"logo":{"@type":"ImageObject","inLanguage":"es","@id":"http:\/\/madeinzaragoza.es\/blog\/#\/schema\/logo\/image\/","url":"https:\/\/madeinzaragoza.es\/blog\/wp-content\/uploads\/2022\/05\/logo.png","contentUrl":"https:\/\/madeinzaragoza.es\/blog\/wp-content\/uploads\/2022\/05\/logo.png","width":193,"height":176,"caption":"Made In Zaragoza"},"image":{"@id":"http:\/\/madeinzaragoza.es\/blog\/#\/schema\/logo\/image\/"}},{"@type":"Person","@id":"http:\/\/madeinzaragoza.es\/blog\/#\/schema\/person\/c75168076287255954a1350e1bc702aa","name":"Nacho Vinau","image":{"@type":"ImageObject","inLanguage":"es","@id":"http:\/\/madeinzaragoza.es\/blog\/#\/schema\/person\/image\/","url":"http:\/\/0.gravatar.com\/avatar\/0929336b01b6c352d95fd32182921ca3?s=96&d=mm&r=g","contentUrl":"http:\/\/0.gravatar.com\/avatar\/0929336b01b6c352d95fd32182921ca3?s=96&d=mm&r=g","caption":"Nacho Vinau"},"description":"Blogger, organizador de bodas y eventos personalizados en La Lola se va de Boda. Generador de contenidos en COM&amp;COM, amante de mi ciudad, del arte, la moda, y de los peque\u00f1os placeres que nos da la vida.","sameAs":["http:\/\/nachovinauena.wordpress.com","nachovinauena","https:\/\/twitter.com\/nachoena"],"url":"http:\/\/madeinzaragoza.es\/blog\/author\/nacho-vinau\/"}]}},"_links":{"self":[{"href":"http:\/\/madeinzaragoza.es\/blog\/wp-json\/wp\/v2\/posts\/13456"}],"collection":[{"href":"http:\/\/madeinzaragoza.es\/blog\/wp-json\/wp\/v2\/posts"}],"about":[{"href":"http:\/\/madeinzaragoza.es\/blog\/wp-json\/wp\/v2\/types\/post"}],"author":[{"embeddable":true,"href":"http:\/\/madeinzaragoza.es\/blog\/wp-json\/wp\/v2\/users\/11"}],"replies":[{"embeddable":true,"href":"http:\/\/madeinzaragoza.es\/blog\/wp-json\/wp\/v2\/comments?post=13456"}],"version-history":[{"count":3,"href":"http:\/\/madeinzaragoza.es\/blog\/wp-json\/wp\/v2\/posts\/13456\/revisions"}],"predecessor-version":[{"id":37922,"href":"http:\/\/madeinzaragoza.es\/blog\/wp-json\/wp\/v2\/posts\/13456\/revisions\/37922"}],"wp:featuredmedia":[{"embeddable":true,"href":"http:\/\/madeinzaragoza.es\/blog\/wp-json\/wp\/v2\/media\/14630"}],"wp:attachment":[{"href":"http:\/\/madeinzaragoza.es\/blog\/wp-json\/wp\/v2\/media?parent=13456"}],"wp:term":[{"taxonomy":"category","embeddable":true,"href":"http:\/\/madeinzaragoza.es\/blog\/wp-json\/wp\/v2\/categories?post=13456"},{"taxonomy":"post_tag","embeddable":true,"href":"http:\/\/madeinzaragoza.es\/blog\/wp-json\/wp\/v2\/tags?post=13456"}],"curies":[{"name":"wp","href":"https:\/\/api.w.org\/{rel}","templated":true}]}}