{"id":13424,"date":"2016-12-01T13:42:15","date_gmt":"2016-12-01T12:42:15","guid":{"rendered":"http:\/\/madeinzaragoza.es\/?p=13424"},"modified":"2022-04-04T22:24:22","modified_gmt":"2022-04-04T21:24:22","slug":"asi-fue-la-noche-los-tenderos-creativos-edicion-universidad-22","status":"publish","type":"post","link":"http:\/\/madeinzaragoza.es\/blog\/asi-fue-la-noche-los-tenderos-creativos-edicion-universidad-22\/","title":{"rendered":"As\u00ed fue la Noche de los Tenderos Creativos Edici\u00f3n Universidad 2\/2"},"content":{"rendered":"<p><img loading=\"lazy\" decoding=\"async\" class=\"aligncenter wp-image-13471\" src=\"http:\/\/madeinzaragoza.es\/blog\/wp-content\/uploads\/2016\/12\/15178276_664982300330505_8333630870001270573_n.jpg\" alt=\"Zaraloe\" width=\"637\" height=\"602\" \/><\/p>\n<p><a href=\"http:\/\/madeinzaragoza.es\/asi-fue-noche-tenderos-creativos-universidad-1\/\">En un art\u00edculo anterior<\/a>, os habl\u00e1bamos sobre la Edici\u00f3n Universidad de <a href=\"http:\/\/madeinzaragoza.es\/programacion-la-edicion-universidad-la-noche-los-tenderos-creativos\/\">La Noche de los Tenderos Creativos<\/a>, una jornada organizada por la red de emprendedores Made in Zaragoza y Zaragoza Activa durante la noche del 18 de noviembre y que animaba a visitar y conocer a <strong>peque\u00f1os comercios creativos del entorno de Gran V\u00eda y Fernando El Cat\u00f3lico<\/strong>(hasta Plaza San Francisco) con el l\u00edmite natural del r\u00edo Huerva en un lado y de la Avenida Valencia en el otro.<\/p>\n<p><span class=\" _50f4\">Durante la noche, los establecimientos permanecieron abiertos desde las 20:00 a las 23:00 h, ofreciendo promociones y descuentos especiales, espect\u00e1culos, regalos, m\u00fasica en vivo y diferentes sorpresas.<\/span><!--more--><\/p>\n<p>La segunda ruta de blogueros de MadeinZaragoza comenz\u00f3 la noche en la <strong><a href=\"https:\/\/es-es.facebook.com\/brunosolanozaragoza\/\">Copister\u00eda Bruno Solano<\/a>. <\/strong>Miguel \u00c1ngel Mateu nos mostr\u00f3 su pasi\u00f3n por la encuadernaci\u00f3n, oficio en el que acumula 40 a\u00f1os de experiencia, en un curioso taller centrado en la t\u00e9cnica del papel al agua. El artesano responsable de la Copister\u00eda Bruno Solano jug\u00f3 con las manchas que se formaban en una soluci\u00f3n de aguarr\u00e1s y pintura al \u00f3leo para despu\u00e9s impregnar hojas de papel con las que por ejemplo hacer las guardas de un libro. Se\u00f1al\u00f3 a los clientes, que degustaron unos aperitivos, que el secreto est\u00e1 en las medidas que se aplican a la mezcla. Tambi\u00e9n pudimos ver una muesta de las\u00a0encuadernaciones personalizadas que realiza, algunas de las cuales pueden verse expuestas.<\/p>\n<p><img loading=\"lazy\" decoding=\"async\" class=\"aligncenter wp-image-13431\" src=\"http:\/\/madeinzaragoza.es\/blog\/wp-content\/uploads\/2016\/11\/Bruno-solano-1024x687.jpg\" alt=\"Noche Tenderos en Bruno Solano\" width=\"628\" height=\"421\" \/><\/p>\n<p><img loading=\"lazy\" decoding=\"async\" class=\"aligncenter wp-image-13432\" src=\"http:\/\/madeinzaragoza.es\/blog\/wp-content\/uploads\/2016\/11\/DSC_0572-1024x687.jpg\" alt=\"Noche Tenderos en Bruno Solano\" width=\"628\" height=\"421\" \/><\/p>\n<p>Despu\u00e9s, la ruta pas\u00f3 por<strong> Zaraloe<\/strong> para conocer m\u00e1s de cerca los beneficios del aloe vera. Los participantes de la ruta que entramos en Zaraloe descubrimos que las propiedades de esta planta no solo se aplican a la belleza, sino tambi\u00e9n a la salud interior. Y nada mejor que comprobarlo con los chupitos de jugo de aloe 100% (con o sin pulpa) mientras Ana Lamb\u00e1n, la due\u00f1a, se\u00f1alaba que regula el az\u00facar en sangre, el colesterol, es depurativo y ayuda al sistema digestivo. La tienda, que tambi\u00e9n vende cosm\u00e9tica natural que tiene aloe entre sus ingredientes, dio muestras gratuitas de gel puro, present\u00f3 una l\u00ednea de maquillaje ecol\u00f3gico y sorte\u00f3 una caja de productos.<\/p>\n<p><img loading=\"lazy\" decoding=\"async\" class=\"aligncenter wp-image-13433\" src=\"http:\/\/madeinzaragoza.es\/blog\/wp-content\/uploads\/2016\/12\/DSC_0578-1024x687.jpg\" alt=\"Zaraloe\" width=\"628\" height=\"421\" \/><\/p>\n<p><img loading=\"lazy\" decoding=\"async\" class=\"aligncenter wp-image-13434\" src=\"http:\/\/madeinzaragoza.es\/blog\/wp-content\/uploads\/2016\/12\/DSC_0582-1024x687.jpg\" alt=\"Zaraloe\" width=\"628\" height=\"422\" \/><\/p>\n<p>Dejamos atr\u00e1s el mundo del aloe vera para visitar a\u00a0<strong><a href=\"http:\/\/www.sagrarioquilez.com\/\">Sagrario Quilez<\/a>, <\/strong>una emprendedora que\u00a0dise\u00f1a cada uno de sus elegantes y originales complementos, desde bolsos, pa\u00f1uelos, bufandas y guantes a bisuter\u00eda, pasando por unos encantadores sombreros y tocados.\u00a0Durante la jornada de los Tenderos Creativos pudimos conocer su historia de primera mano y probarnos todos los tocados de su nueva temporada, prendas \u00fanicas y sorprendentes a precios muy asequibles. Tambi\u00e9n hab\u00eda un sorteo de un tocado personalizado.<\/p>\n<p><img loading=\"lazy\" decoding=\"async\" class=\"aligncenter wp-image-13441\" src=\"http:\/\/madeinzaragoza.es\/blog\/wp-content\/uploads\/2016\/12\/DSC_0602-1024x687.jpg\" alt=\"Sagrario Quilez\" width=\"668\" height=\"448\" \/><\/p>\n<p><img loading=\"lazy\" decoding=\"async\" class=\"aligncenter wp-image-13442\" src=\"http:\/\/madeinzaragoza.es\/blog\/wp-content\/uploads\/2016\/12\/sagrario-quilez.jpg\" alt=\"Sagrario Quilez\" width=\"672\" height=\"504\" \/><\/p>\n<p>Llegamos a Calle Bret\u00f3n hasta\u00a0<strong>Albira Sensaciones, <\/strong>donde\u00a0e<span id=\"fbPhotoSnowliftCaption\" class=\"fbPhotosPhotoCaption\" tabindex=\"0\" data-ft=\"{&quot;tn&quot;:&quot;K&quot;}\"><span class=\"hasCaption\">ncontramos un amplio\u00a0espacio con productos para satisfacer los cinco sentidos:\u00a0oido, vista, olfato&#8230; Durante la noche\u00a0pudimos disfrutar de la degustaci\u00f3n de tostadas con aceite del Bajo Arag\u00f3n con az\u00facar de canela de Interm\u00f3n, aceite del Bajo Arag\u00f3n con Sal Negra del Himalaya y pat\u00e9 de oliva del Bajo Arag\u00f3n, todo acompa\u00f1ado con un excelente vino del Campo de Borja, Azzulo.\u00a0<\/span><\/span><\/p>\n<p><span id=\"fbPhotoSnowliftCaption\" class=\"fbPhotosPhotoCaption\" tabindex=\"0\" data-ft=\"{&quot;tn&quot;:&quot;K&quot;}\"><span class=\"hasCaption\">Adem\u00e1s, nos animamos a intentar adivinar las aromas escondidas en tres campanas.\u00a0<\/span><\/span><\/p>\n<p><img loading=\"lazy\" decoding=\"async\" class=\"aligncenter wp-image-13443\" src=\"http:\/\/madeinzaragoza.es\/blog\/wp-content\/uploads\/2016\/12\/DSC_0614-1024x687.jpg\" alt=\"dsc_0614\" width=\"671\" height=\"450\" \/><\/p>\n<p><img loading=\"lazy\" decoding=\"async\" class=\"aligncenter wp-image-13467\" src=\"http:\/\/madeinzaragoza.es\/blog\/wp-content\/uploads\/2016\/12\/15170953_664937837001618_1235116573944575883_n.jpg\" alt=\"15170953_664937837001618_1235116573944575883_n\" width=\"672\" height=\"504\" \/><\/p>\n<p>Al llegar a\u00a0<strong>Pez Payaso,<\/strong>\u00a0tienda de ropa, regalos y complementos presente en la calle de Corona de Arag\u00f3n desde hace 13 a\u00f1os,<strong>\u00a0<\/strong>nos sorprendieron unas simp\u00e1ticas \u2018performances\u2019 en el escaparate de la tienda. Como buena anfitriona, Ana Herruzo ofreci\u00f3 vino y un peque\u00f1o y sabroso picoteo y a su vez aplic\u00f3 descuentos del 10% en ropa y bisuter\u00eda. La tienda colabora con dise\u00f1adores locales.<\/p>\n<p><img loading=\"lazy\" decoding=\"async\" class=\"aligncenter wp-image-13435\" src=\"http:\/\/madeinzaragoza.es\/blog\/wp-content\/uploads\/2016\/12\/DSC_0690-1024x687.jpg\" alt=\"Pez Payaso\" width=\"598\" height=\"401\" \/><\/p>\n<p><img loading=\"lazy\" decoding=\"async\" class=\"aligncenter wp-image-13436\" src=\"http:\/\/madeinzaragoza.es\/blog\/wp-content\/uploads\/2016\/12\/DSC_0697-1024x687.jpg\" alt=\"Pez Payaso\" width=\"595\" height=\"399\" \/><\/p>\n<p>En Cortes de Arag\u00f3n llegamos hasta <a href=\"https:\/\/es-es.facebook.com\/Espabilatezgz\/\"><strong>Espabilat\u00e9<\/strong><\/a>,<span id=\"fbPhotoSnowliftCaption\" class=\"fbPhotosPhotoCaption\" tabindex=\"0\" data-ft=\"{&quot;tn&quot;:&quot;K&quot;}\"><span class=\"hasCaption\">\u00a0una tienda especializada en t\u00e9 a granel y asesoramiento personalizado tanto a particulares como a empresas. El comercio estaba totalmente lleno de paseantes y clientes que quer\u00edan descubrir nuevos tipos de t\u00e9 \u00a0y conocer m\u00e1s acerca del negocio. El equipo de blogueros quedamos encantados y esperamos poder volver a alguna de sus desgutaciones.\u00a0<\/span><\/span><\/p>\n<p><img loading=\"lazy\" decoding=\"async\" class=\"aligncenter wp-image-13444\" src=\"http:\/\/madeinzaragoza.es\/blog\/wp-content\/uploads\/2016\/12\/DSC_0647-1-1024x687.jpg\" alt=\"Espabilate\" width=\"591\" height=\"396\" \/><\/p>\n<p><img loading=\"lazy\" decoding=\"async\" class=\"aligncenter wp-image-13445\" src=\"http:\/\/madeinzaragoza.es\/blog\/wp-content\/uploads\/2016\/12\/DSC_0655-1-1024x687.jpg\" alt=\"Espabilate\" width=\"589\" height=\"395\" \/><\/p>\n<p>A continuaci\u00f3n nos adentramos en el precioso mundo de\u00a0<span class=\"fbPhotosPhotoCaption\" tabindex=\"0\" data-ft=\"{&quot;tn&quot;:&quot;K&quot;}\"><span class=\"hasCaption\"><a href=\"https:\/\/www.facebook.com\/nita.lawi\" data-hovercard=\"\/ajax\/hovercard\/user.php?id=100005912372980&amp;extragetparams=%7B%22directed_target_id%22%3A0%7D\" data-hovercard-prefer-more-content-show=\"1\">Nita Lawi<\/a>. Cristina es realiza el dise\u00f1o y confecci\u00f3n de todos los accesorios disponibles en la tienda:\u00a0colgantes, broches, bolsos, llaveros, camisetas\u2026 se nota que a Cristina le gusta cuidar hasta el m\u00e1s m\u00ednimo detalle, aportando en cada dise\u00f1o su estilo \u00fanico.\u00a0<\/span><\/span><\/p>\n<div>Durante la noche pudimos disfrutar de un dulce picoteo y un 10% de descuento en todos los productos.<\/div>\n<p><img loading=\"lazy\" decoding=\"async\" class=\"aligncenter wp-image-13446\" src=\"http:\/\/madeinzaragoza.es\/blog\/wp-content\/uploads\/2016\/12\/DSC_0594-1024x687.jpg\" alt=\"Nita Lawi\" width=\"590\" height=\"396\" \/><\/p>\n<p><img loading=\"lazy\" decoding=\"async\" class=\"aligncenter wp-image-13447\" src=\"http:\/\/madeinzaragoza.es\/blog\/wp-content\/uploads\/2016\/12\/DSC_0596-1024x687.jpg\" alt=\"Nita Lawi\" width=\"591\" height=\"396\" \/><\/p>\n<p>En<strong> Cestas con Frutas \u2013 La Casa de la Huerta<\/strong>\u00a0encontramos un espacio destinado al mimo de la fruta y productos gourmet de calidad y de temporada. Tambi\u00e9n elabora innovadoras y originales cestas de regalo, con frutas y productos selectos que son todo un homenaje a los cinco sentidos. Su delicioso escaparate y sus encantadoras anfitrionas invitaban a entrar y perderse entre su completo surtido de frutas, verduras y hortalizas de temporada, pastas, aceites, zumos y productos envasados.<\/p>\n<p>Nos encant\u00f3 su degustaci\u00f3n de turrones de Benabarre, panetones italianos Loison, yemas de esparrago y exquisitas frutas con chocolate.<\/p>\n<p><img loading=\"lazy\" decoding=\"async\" class=\"aligncenter wp-image-13468\" src=\"http:\/\/madeinzaragoza.es\/blog\/wp-content\/uploads\/2016\/12\/15056423_665057160323019_936249620660855798_n.jpg\" alt=\"15056423_665057160323019_936249620660855798_n\" width=\"601\" height=\"601\" \/><\/p>\n<p><img loading=\"lazy\" decoding=\"async\" class=\"aligncenter wp-image-13469\" src=\"http:\/\/madeinzaragoza.es\/blog\/wp-content\/uploads\/2016\/12\/15181366_665057163656352_440315068080933730_n.jpg\" alt=\"15181366_665057163656352_440315068080933730_n\" width=\"602\" height=\"602\" \/><\/p>\n<p>Llegamos a Fernando El Cat\u00f3lico para ponernos bien guapos en\u00a0<span id=\"fbPhotoSnowliftCaption\" class=\"fbPhotosPhotoCaption\" tabindex=\"0\" data-ft=\"{&quot;tn&quot;:&quot;K&quot;}\"><span class=\"hasCaption\"><strong><a id=\"js_6s1\" href=\"https:\/\/www.facebook.com\/bilopcosmetica\/\" data-hovercard=\"\/ajax\/hovercard\/page.php?id=594870223899417&amp;extragetparams=%7B%22directed_target_id%22%3A0%7D\" data-hovercard-prefer-more-content-show=\"1\">Bilop,<\/a><\/strong>\u00a0una tienda dedicada a la belleza con productos NO testados en animales donde pudimos degustar una Candy Bar y una copita de cava, al mismo tiempo que descubr\u00edamos una amplia gama de cosm\u00e9tica natural y de ba\u00f1o, maquillaje low cost y complementos de maquillaje. \u00a1Wow, hab\u00eda hasta un 20% de descuento!\u00a0<\/span><\/span><\/p>\n<p><img loading=\"lazy\" decoding=\"async\" class=\"aligncenter wp-image-13448\" src=\"http:\/\/madeinzaragoza.es\/blog\/wp-content\/uploads\/2016\/12\/DSC_0733-1024x687.jpg\" alt=\"dsc_0733\" width=\"592\" height=\"397\" \/><\/p>\n<p><img loading=\"lazy\" decoding=\"async\" class=\"aligncenter wp-image-13450\" src=\"http:\/\/madeinzaragoza.es\/blog\/wp-content\/uploads\/2016\/12\/15095466_664974593664609_7211144618225658154_n.jpg\" alt=\"15095466_664974593664609_7211144618225658154_n\" width=\"593\" height=\"479\" \/><\/p>\n<p><img loading=\"lazy\" decoding=\"async\" class=\"aligncenter wp-image-13449\" src=\"http:\/\/madeinzaragoza.es\/blog\/wp-content\/uploads\/2016\/12\/DSC_0742-1024x687.jpg\" alt=\"dsc_0742\" width=\"597\" height=\"401\" \/><\/p>\n<p>Una alfombra roja en la entrada anunciaba el ambiente festivo en <a href=\"http:\/\/mundobgb.com\/\"><strong>Bgb Shop<\/strong><\/a>, envuelto en la m\u00fasica de las djs <a href=\"https:\/\/es-es.facebook.com\/thecigarettesdj\/\">The Cigarettes<\/a>. Las clientas tomaron tortilla, empanada, chucher\u00edas y vino blanco y tinto mientras miraban ropa, bolsos, zapatos y complementos definidos por un estilo que remarca el car\u00e1cter diferente del peque\u00f1o rinc\u00f3n de moda abierto en el Paseo de Fernando el Cat\u00f3lico hace ya 17 a\u00f1os. Las compras inclu\u00edan un 10% de descuento (aplicable tambi\u00e9n en la web) y se realiz\u00f3 un sorteo especial.<\/p>\n<p><img loading=\"lazy\" decoding=\"async\" class=\"aligncenter wp-image-13437\" src=\"http:\/\/madeinzaragoza.es\/blog\/wp-content\/uploads\/2016\/12\/DSC_0747-1024x687.jpg\" alt=\"BGB Noche de los Tenderos\" width=\"634\" height=\"425\" \/><\/p>\n<p><img loading=\"lazy\" decoding=\"async\" class=\"aligncenter wp-image-13438\" src=\"http:\/\/madeinzaragoza.es\/blog\/wp-content\/uploads\/2016\/12\/DSC_0757-1024x687.jpg\" alt=\"The Cigarretes\" width=\"636\" height=\"426\" \/><\/p>\n<p><strong>Grao Gayoso<\/strong> (Fernado el Cat\u00f3lico 6) se dedica a la elaboraci\u00f3n artesanal de gafas y complementos, utilizando el acetato de celulosa para la fabricaci\u00f3n de todos ellos. El 12 de Diciembre cumplir\u00e1n 4 a\u00f1os en este local, pero su marca tiene un largo recorrido a sus espaldas, dise\u00f1ando, fabricando y distribuyendo sus productos. Sus colecciones de gafas y bisuter\u00eda se caracterizan por un impecable estilo retro pero muy actual y un acabado de gran calidad.<\/p>\n<p>En esta tienda disfrutamos de su ambientazo y de un aperitivo muy dulce, adem\u00e1s de un 10 % de descuento en las compras de esa noche.<\/p>\n<p><img loading=\"lazy\" decoding=\"async\" class=\"aligncenter wp-image-13439\" src=\"http:\/\/madeinzaragoza.es\/blog\/wp-content\/uploads\/2016\/12\/grao-gayoso.jpg\" alt=\"grao-gayoso\" width=\"635\" height=\"847\" \/><\/p>\n<p><img loading=\"lazy\" decoding=\"async\" class=\"aligncenter wp-image-13440\" src=\"http:\/\/madeinzaragoza.es\/blog\/wp-content\/uploads\/2016\/12\/grao-gayoso2.jpg\" alt=\"grao-gayoso2\" width=\"638\" height=\"478\" \/><\/p>\n<p>Casi al finalizar la noche visitamos <a href=\"https:\/\/www.facebook.com\/josefinadecoracion\/\"><strong>Josefina Decoraci\u00f3n<\/strong><\/a>, un espacio en el que son expertos en decoraci\u00f3n, telas y en ideas para crear un hogar a tu gusto. \u00a0El descuento del 20% en todos los art\u00edculos y la degustaci\u00f3n de crepes cortes\u00eda de Cr\u00eaperie Bon Appetit acompa\u00f1ada de una cuidada selecci\u00f3n de vinos hicieron que esta tienda fuera uno de los sitios m\u00e1s animados de la noche.<\/p>\n<p><img loading=\"lazy\" decoding=\"async\" class=\"aligncenter wp-image-13451\" src=\"http:\/\/madeinzaragoza.es\/blog\/wp-content\/uploads\/2016\/12\/15036418_664962763665792_568863587721205819_n.jpg\" alt=\"15036418_664962763665792_568863587721205819_n\" width=\"621\" height=\"466\" \/><\/p>\n<p><img loading=\"lazy\" decoding=\"async\" class=\"aligncenter wp-image-13452\" src=\"http:\/\/madeinzaragoza.es\/blog\/wp-content\/uploads\/2016\/12\/15181703_667017926793609_513953044546487767_n.jpg\" alt=\"15181703_667017926793609_513953044546487767_n\" width=\"619\" height=\"619\" \/><\/p>\n<p>Nos encant\u00f3 poder disfrutar de estos comercios creativos y redescubrir la zona de Fernando el Cat\u00f3lico y Gran V\u00eda. Sin duda, volveremos en los pr\u00f3ximos d\u00edas a la caza de originales regalos de Navidad en Zaragoza.<\/p>\n<p style=\"text-align: center;\"><a href=\"http:\/\/madeinzaragoza.es\/asi-fue-noche-tenderos-creativos-universidad-1\/\"><strong>Descubre m\u00e1s tiendas de la Noche de los Tenderos Creativos en la primera parte del art\u00edculo &gt;\u00a0<\/strong><\/a><\/p>\n<p>&nbsp;<\/p>\n<p>Texto e im\u00e1genes de Enrique Abenia, M\u00f3nica Gim\u00e9nez y David Gim\u00e9nez.<\/p>\n","protected":false},"excerpt":{"rendered":"<p>En un art\u00edculo anterior, os habl\u00e1bamos sobre la Edici\u00f3n Universidad de La Noche de los Tenderos Creativos, una jornada organizada por la red de emprendedores Made in Zaragoza y Zaragoza Activa durante la noche del 18 de noviembre y que animaba a visitar y conocer a peque\u00f1os comercios creativos del entorno de Gran V\u00eda y &hellip; <a href=\"http:\/\/madeinzaragoza.es\/blog\/asi-fue-la-noche-los-tenderos-creativos-edicion-universidad-22\/\" class=\"more-link\">Continuar leyendo<span class=\"screen-reader-text\"> \u00abAs\u00ed fue la Noche de los Tenderos Creativos Edici\u00f3n Universidad 2\/2\u00bb<\/span><\/a><\/p>\n","protected":false},"author":22,"featured_media":13551,"comment_status":"open","ping_status":"open","sticky":false,"template":"","format":"standard","meta":{"footnotes":""},"categories":[8],"tags":[],"yoast_head":"<!-- This site is optimized with the Yoast SEO plugin v19.7.2 - https:\/\/yoast.com\/wordpress\/plugins\/seo\/ -->\n<title>As\u00ed fue la Noche de los Tenderos Creativos Edici\u00f3n Universidad 2\/2 - Made in Zaragoza<\/title>\n<meta name=\"description\" content=\"La segunda ruta de blogueros de MadeinZaragoza durante la Noche de los Tenderos Creativos comenz\u00f3 en la Copister\u00eda Bruno Solano. Os lo contamos.\" \/>\n<meta name=\"robots\" content=\"index, follow, max-snippet:-1, max-image-preview:large, max-video-preview:-1\" \/>\n<link rel=\"canonical\" href=\"http:\/\/madeinzaragoza.es\/blog\/asi-fue-la-noche-los-tenderos-creativos-edicion-universidad-22\/\" \/>\n<meta property=\"og:locale\" content=\"es_ES\" \/>\n<meta property=\"og:type\" content=\"article\" \/>\n<meta property=\"og:title\" content=\"As\u00ed fue la Noche de los Tenderos Creativos Edici\u00f3n Universidad 2\/2 - Made in Zaragoza\" \/>\n<meta property=\"og:description\" content=\"La segunda ruta de blogueros de MadeinZaragoza durante la Noche de los Tenderos Creativos comenz\u00f3 en la Copister\u00eda Bruno Solano. Os lo contamos.\" \/>\n<meta property=\"og:url\" content=\"http:\/\/madeinzaragoza.es\/blog\/asi-fue-la-noche-los-tenderos-creativos-edicion-universidad-22\/\" \/>\n<meta property=\"og:site_name\" content=\"Made in Zaragoza\" \/>\n<meta property=\"article:publisher\" content=\"https:\/\/www.facebook.com\/madeinzaragoza.es\/\" \/>\n<meta property=\"article:author\" content=\"LasArmasZAC\" \/>\n<meta property=\"article:published_time\" content=\"2016-12-01T12:42:15+00:00\" \/>\n<meta property=\"article:modified_time\" content=\"2022-04-04T21:24:22+00:00\" \/>\n<meta property=\"og:image\" content=\"http:\/\/madeinzaragoza.es\/blog\/wp-content\/uploads\/2016\/12\/grao-gayoso2.jpg\" \/>\n\t<meta property=\"og:image:width\" content=\"960\" \/>\n\t<meta property=\"og:image:height\" content=\"720\" \/>\n\t<meta property=\"og:image:type\" content=\"image\/jpeg\" \/>\n<meta name=\"author\" content=\"MadeinZGZ\" \/>\n<meta name=\"twitter:card\" content=\"summary\" \/>\n<meta name=\"twitter:creator\" content=\"@madeinzaragoza\" \/>\n<meta name=\"twitter:site\" content=\"@madeinzaragoza\" \/>\n<meta name=\"twitter:label1\" content=\"Escrito por\" \/>\n\t<meta name=\"twitter:data1\" content=\"MadeinZGZ\" \/>\n\t<meta name=\"twitter:label2\" content=\"Tiempo de lectura\" \/>\n\t<meta name=\"twitter:data2\" content=\"6 minutos\" \/>\n<script type=\"application\/ld+json\" class=\"yoast-schema-graph\">{\"@context\":\"https:\/\/schema.org\",\"@graph\":[{\"@type\":\"Article\",\"@id\":\"http:\/\/madeinzaragoza.es\/blog\/asi-fue-la-noche-los-tenderos-creativos-edicion-universidad-22\/#article\",\"isPartOf\":{\"@id\":\"http:\/\/madeinzaragoza.es\/blog\/asi-fue-la-noche-los-tenderos-creativos-edicion-universidad-22\/\"},\"author\":{\"name\":\"MadeinZGZ\",\"@id\":\"http:\/\/madeinzaragoza.es\/blog\/#\/schema\/person\/59f4073cf7e7bc2b2f33b48241478a32\"},\"headline\":\"As\u00ed fue la Noche de los Tenderos Creativos Edici\u00f3n Universidad 2\/2\",\"datePublished\":\"2016-12-01T12:42:15+00:00\",\"dateModified\":\"2022-04-04T21:24:22+00:00\",\"mainEntityOfPage\":{\"@id\":\"http:\/\/madeinzaragoza.es\/blog\/asi-fue-la-noche-los-tenderos-creativos-edicion-universidad-22\/\"},\"wordCount\":1275,\"commentCount\":2,\"publisher\":{\"@id\":\"http:\/\/madeinzaragoza.es\/blog\/#organization\"},\"articleSection\":[\"Red MIZ\"],\"inLanguage\":\"es\",\"potentialAction\":[{\"@type\":\"CommentAction\",\"name\":\"Comment\",\"target\":[\"http:\/\/madeinzaragoza.es\/blog\/asi-fue-la-noche-los-tenderos-creativos-edicion-universidad-22\/#respond\"]}]},{\"@type\":\"WebPage\",\"@id\":\"http:\/\/madeinzaragoza.es\/blog\/asi-fue-la-noche-los-tenderos-creativos-edicion-universidad-22\/\",\"url\":\"http:\/\/madeinzaragoza.es\/blog\/asi-fue-la-noche-los-tenderos-creativos-edicion-universidad-22\/\",\"name\":\"As\u00ed fue la Noche de los Tenderos Creativos Edici\u00f3n Universidad 2\/2 - Made in Zaragoza\",\"isPartOf\":{\"@id\":\"http:\/\/madeinzaragoza.es\/blog\/#website\"},\"datePublished\":\"2016-12-01T12:42:15+00:00\",\"dateModified\":\"2022-04-04T21:24:22+00:00\",\"description\":\"La segunda ruta de blogueros de MadeinZaragoza durante la Noche de los Tenderos Creativos comenz\u00f3 en la Copister\u00eda Bruno Solano. Os lo contamos.\",\"breadcrumb\":{\"@id\":\"http:\/\/madeinzaragoza.es\/blog\/asi-fue-la-noche-los-tenderos-creativos-edicion-universidad-22\/#breadcrumb\"},\"inLanguage\":\"es\",\"potentialAction\":[{\"@type\":\"ReadAction\",\"target\":[\"http:\/\/madeinzaragoza.es\/blog\/asi-fue-la-noche-los-tenderos-creativos-edicion-universidad-22\/\"]}]},{\"@type\":\"BreadcrumbList\",\"@id\":\"http:\/\/madeinzaragoza.es\/blog\/asi-fue-la-noche-los-tenderos-creativos-edicion-universidad-22\/#breadcrumb\",\"itemListElement\":[{\"@type\":\"ListItem\",\"position\":1,\"name\":\"Portada\",\"item\":\"http:\/\/madeinzaragoza.es\/blog\/\"},{\"@type\":\"ListItem\",\"position\":2,\"name\":\"As\u00ed fue la Noche de los Tenderos Creativos Edici\u00f3n Universidad 2\/2\"}]},{\"@type\":\"WebSite\",\"@id\":\"http:\/\/madeinzaragoza.es\/blog\/#website\",\"url\":\"http:\/\/madeinzaragoza.es\/blog\/\",\"name\":\"Made in Zaragoza\",\"description\":\"Blog de MadeinZGZ, Red de Econom\u00eda Creativa de Zaragoza\",\"publisher\":{\"@id\":\"http:\/\/madeinzaragoza.es\/blog\/#organization\"},\"potentialAction\":[{\"@type\":\"SearchAction\",\"target\":{\"@type\":\"EntryPoint\",\"urlTemplate\":\"http:\/\/madeinzaragoza.es\/blog\/?s={search_term_string}\"},\"query-input\":\"required name=search_term_string\"}],\"inLanguage\":\"es\"},{\"@type\":\"Organization\",\"@id\":\"http:\/\/madeinzaragoza.es\/blog\/#organization\",\"name\":\"Made In Zaragoza\",\"url\":\"http:\/\/madeinzaragoza.es\/blog\/\",\"sameAs\":[\"https:\/\/www.instagram.com\/madeinzaragoza.es\/\",\"https:\/\/www.facebook.com\/madeinzaragoza.es\/\",\"https:\/\/twitter.com\/madeinzaragoza\"],\"logo\":{\"@type\":\"ImageObject\",\"inLanguage\":\"es\",\"@id\":\"http:\/\/madeinzaragoza.es\/blog\/#\/schema\/logo\/image\/\",\"url\":\"https:\/\/madeinzaragoza.es\/blog\/wp-content\/uploads\/2022\/05\/logo.png\",\"contentUrl\":\"https:\/\/madeinzaragoza.es\/blog\/wp-content\/uploads\/2022\/05\/logo.png\",\"width\":193,\"height\":176,\"caption\":\"Made In Zaragoza\"},\"image\":{\"@id\":\"http:\/\/madeinzaragoza.es\/blog\/#\/schema\/logo\/image\/\"}},{\"@type\":\"Person\",\"@id\":\"http:\/\/madeinzaragoza.es\/blog\/#\/schema\/person\/59f4073cf7e7bc2b2f33b48241478a32\",\"name\":\"MadeinZGZ\",\"image\":{\"@type\":\"ImageObject\",\"inLanguage\":\"es\",\"@id\":\"http:\/\/madeinzaragoza.es\/blog\/#\/schema\/person\/image\/\",\"url\":\"http:\/\/2.gravatar.com\/avatar\/23c2456a35687aa268b52997d8f142d1?s=96&d=mm&r=g\",\"contentUrl\":\"http:\/\/2.gravatar.com\/avatar\/23c2456a35687aa268b52997d8f142d1?s=96&d=mm&r=g\",\"caption\":\"MadeinZGZ\"},\"description\":\"Red de comercios y emprendedores creativos de Zaragoza impulsada por ZGZ Activa.\",\"sameAs\":[\"LasArmasZAC\",\"https:\/\/twitter.com\/madeinzaragoza\"],\"url\":\"http:\/\/madeinzaragoza.es\/blog\/author\/madeinzgz\/\"}]}<\/script>\n<!-- \/ Yoast SEO plugin. -->","yoast_head_json":{"title":"As\u00ed fue la Noche de los Tenderos Creativos Edici\u00f3n Universidad 2\/2 - Made in Zaragoza","description":"La segunda ruta de blogueros de MadeinZaragoza durante la Noche de los Tenderos Creativos comenz\u00f3 en la Copister\u00eda Bruno Solano. Os lo contamos.","robots":{"index":"index","follow":"follow","max-snippet":"max-snippet:-1","max-image-preview":"max-image-preview:large","max-video-preview":"max-video-preview:-1"},"canonical":"http:\/\/madeinzaragoza.es\/blog\/asi-fue-la-noche-los-tenderos-creativos-edicion-universidad-22\/","og_locale":"es_ES","og_type":"article","og_title":"As\u00ed fue la Noche de los Tenderos Creativos Edici\u00f3n Universidad 2\/2 - Made in Zaragoza","og_description":"La segunda ruta de blogueros de MadeinZaragoza durante la Noche de los Tenderos Creativos comenz\u00f3 en la Copister\u00eda Bruno Solano. Os lo contamos.","og_url":"http:\/\/madeinzaragoza.es\/blog\/asi-fue-la-noche-los-tenderos-creativos-edicion-universidad-22\/","og_site_name":"Made in Zaragoza","article_publisher":"https:\/\/www.facebook.com\/madeinzaragoza.es\/","article_author":"LasArmasZAC","article_published_time":"2016-12-01T12:42:15+00:00","article_modified_time":"2022-04-04T21:24:22+00:00","og_image":[{"width":960,"height":720,"url":"http:\/\/madeinzaragoza.es\/blog\/wp-content\/uploads\/2016\/12\/grao-gayoso2.jpg","type":"image\/jpeg"}],"author":"MadeinZGZ","twitter_card":"summary","twitter_creator":"@madeinzaragoza","twitter_site":"@madeinzaragoza","twitter_misc":{"Escrito por":"MadeinZGZ","Tiempo de lectura":"6 minutos"},"schema":{"@context":"https:\/\/schema.org","@graph":[{"@type":"Article","@id":"http:\/\/madeinzaragoza.es\/blog\/asi-fue-la-noche-los-tenderos-creativos-edicion-universidad-22\/#article","isPartOf":{"@id":"http:\/\/madeinzaragoza.es\/blog\/asi-fue-la-noche-los-tenderos-creativos-edicion-universidad-22\/"},"author":{"name":"MadeinZGZ","@id":"http:\/\/madeinzaragoza.es\/blog\/#\/schema\/person\/59f4073cf7e7bc2b2f33b48241478a32"},"headline":"As\u00ed fue la Noche de los Tenderos Creativos Edici\u00f3n Universidad 2\/2","datePublished":"2016-12-01T12:42:15+00:00","dateModified":"2022-04-04T21:24:22+00:00","mainEntityOfPage":{"@id":"http:\/\/madeinzaragoza.es\/blog\/asi-fue-la-noche-los-tenderos-creativos-edicion-universidad-22\/"},"wordCount":1275,"commentCount":2,"publisher":{"@id":"http:\/\/madeinzaragoza.es\/blog\/#organization"},"articleSection":["Red MIZ"],"inLanguage":"es","potentialAction":[{"@type":"CommentAction","name":"Comment","target":["http:\/\/madeinzaragoza.es\/blog\/asi-fue-la-noche-los-tenderos-creativos-edicion-universidad-22\/#respond"]}]},{"@type":"WebPage","@id":"http:\/\/madeinzaragoza.es\/blog\/asi-fue-la-noche-los-tenderos-creativos-edicion-universidad-22\/","url":"http:\/\/madeinzaragoza.es\/blog\/asi-fue-la-noche-los-tenderos-creativos-edicion-universidad-22\/","name":"As\u00ed fue la Noche de los Tenderos Creativos Edici\u00f3n Universidad 2\/2 - Made in Zaragoza","isPartOf":{"@id":"http:\/\/madeinzaragoza.es\/blog\/#website"},"datePublished":"2016-12-01T12:42:15+00:00","dateModified":"2022-04-04T21:24:22+00:00","description":"La segunda ruta de blogueros de MadeinZaragoza durante la Noche de los Tenderos Creativos comenz\u00f3 en la Copister\u00eda Bruno Solano. Os lo contamos.","breadcrumb":{"@id":"http:\/\/madeinzaragoza.es\/blog\/asi-fue-la-noche-los-tenderos-creativos-edicion-universidad-22\/#breadcrumb"},"inLanguage":"es","potentialAction":[{"@type":"ReadAction","target":["http:\/\/madeinzaragoza.es\/blog\/asi-fue-la-noche-los-tenderos-creativos-edicion-universidad-22\/"]}]},{"@type":"BreadcrumbList","@id":"http:\/\/madeinzaragoza.es\/blog\/asi-fue-la-noche-los-tenderos-creativos-edicion-universidad-22\/#breadcrumb","itemListElement":[{"@type":"ListItem","position":1,"name":"Portada","item":"http:\/\/madeinzaragoza.es\/blog\/"},{"@type":"ListItem","position":2,"name":"As\u00ed fue la Noche de los Tenderos Creativos Edici\u00f3n Universidad 2\/2"}]},{"@type":"WebSite","@id":"http:\/\/madeinzaragoza.es\/blog\/#website","url":"http:\/\/madeinzaragoza.es\/blog\/","name":"Made in Zaragoza","description":"Blog de MadeinZGZ, Red de Econom\u00eda Creativa de Zaragoza","publisher":{"@id":"http:\/\/madeinzaragoza.es\/blog\/#organization"},"potentialAction":[{"@type":"SearchAction","target":{"@type":"EntryPoint","urlTemplate":"http:\/\/madeinzaragoza.es\/blog\/?s={search_term_string}"},"query-input":"required name=search_term_string"}],"inLanguage":"es"},{"@type":"Organization","@id":"http:\/\/madeinzaragoza.es\/blog\/#organization","name":"Made In Zaragoza","url":"http:\/\/madeinzaragoza.es\/blog\/","sameAs":["https:\/\/www.instagram.com\/madeinzaragoza.es\/","https:\/\/www.facebook.com\/madeinzaragoza.es\/","https:\/\/twitter.com\/madeinzaragoza"],"logo":{"@type":"ImageObject","inLanguage":"es","@id":"http:\/\/madeinzaragoza.es\/blog\/#\/schema\/logo\/image\/","url":"https:\/\/madeinzaragoza.es\/blog\/wp-content\/uploads\/2022\/05\/logo.png","contentUrl":"https:\/\/madeinzaragoza.es\/blog\/wp-content\/uploads\/2022\/05\/logo.png","width":193,"height":176,"caption":"Made In Zaragoza"},"image":{"@id":"http:\/\/madeinzaragoza.es\/blog\/#\/schema\/logo\/image\/"}},{"@type":"Person","@id":"http:\/\/madeinzaragoza.es\/blog\/#\/schema\/person\/59f4073cf7e7bc2b2f33b48241478a32","name":"MadeinZGZ","image":{"@type":"ImageObject","inLanguage":"es","@id":"http:\/\/madeinzaragoza.es\/blog\/#\/schema\/person\/image\/","url":"http:\/\/2.gravatar.com\/avatar\/23c2456a35687aa268b52997d8f142d1?s=96&d=mm&r=g","contentUrl":"http:\/\/2.gravatar.com\/avatar\/23c2456a35687aa268b52997d8f142d1?s=96&d=mm&r=g","caption":"MadeinZGZ"},"description":"Red de comercios y emprendedores creativos de Zaragoza impulsada por ZGZ Activa.","sameAs":["LasArmasZAC","https:\/\/twitter.com\/madeinzaragoza"],"url":"http:\/\/madeinzaragoza.es\/blog\/author\/madeinzgz\/"}]}},"_links":{"self":[{"href":"http:\/\/madeinzaragoza.es\/blog\/wp-json\/wp\/v2\/posts\/13424"}],"collection":[{"href":"http:\/\/madeinzaragoza.es\/blog\/wp-json\/wp\/v2\/posts"}],"about":[{"href":"http:\/\/madeinzaragoza.es\/blog\/wp-json\/wp\/v2\/types\/post"}],"author":[{"embeddable":true,"href":"http:\/\/madeinzaragoza.es\/blog\/wp-json\/wp\/v2\/users\/22"}],"replies":[{"embeddable":true,"href":"http:\/\/madeinzaragoza.es\/blog\/wp-json\/wp\/v2\/comments?post=13424"}],"version-history":[{"count":6,"href":"http:\/\/madeinzaragoza.es\/blog\/wp-json\/wp\/v2\/posts\/13424\/revisions"}],"predecessor-version":[{"id":34327,"href":"http:\/\/madeinzaragoza.es\/blog\/wp-json\/wp\/v2\/posts\/13424\/revisions\/34327"}],"wp:featuredmedia":[{"embeddable":true,"href":"http:\/\/madeinzaragoza.es\/blog\/wp-json\/wp\/v2\/media\/13551"}],"wp:attachment":[{"href":"http:\/\/madeinzaragoza.es\/blog\/wp-json\/wp\/v2\/media?parent=13424"}],"wp:term":[{"taxonomy":"category","embeddable":true,"href":"http:\/\/madeinzaragoza.es\/blog\/wp-json\/wp\/v2\/categories?post=13424"},{"taxonomy":"post_tag","embeddable":true,"href":"http:\/\/madeinzaragoza.es\/blog\/wp-json\/wp\/v2\/tags?post=13424"}],"curies":[{"name":"wp","href":"https:\/\/api.w.org\/{rel}","templated":true}]}}