{"id":12593,"date":"2016-10-25T10:55:20","date_gmt":"2016-10-25T09:55:20","guid":{"rendered":"http:\/\/madeinzaragoza.es\/?p=12593"},"modified":"2016-10-25T10:55:20","modified_gmt":"2016-10-25T09:55:20","slug":"vivir-la-musica-zaragoza-alberto-moliner-cuti-vericad","status":"publish","type":"post","link":"http:\/\/madeinzaragoza.es\/blog\/vivir-la-musica-zaragoza-alberto-moliner-cuti-vericad\/","title":{"rendered":"Vivir por la m\u00fasica en Zaragoza: Alberto Moliner y Cuti Vericad"},"content":{"rendered":"<p><img loading=\"lazy\" decoding=\"async\" class=\"aligncenter wp-image-12774\" title=\"Alberto Moliner y Cuti Vericad \" src=\"http:\/\/madeinzaragoza.es\/wp-content\/uploads\/2016\/10\/888.jpg\" alt=\"Alberto Moliner y Cuti Vericad \" width=\"837\" height=\"471\" \/><\/p>\n<p>Cuando un ni\u00f1o o una ni\u00f1a, coge por primera vez un instrumento de m\u00fasica, forma su primera banda o compone su primera canci\u00f3n, sue\u00f1a con hacerse una estrella del Rock and Roll, llenar estadios y ver sus v\u00eddeos musicales en la MTV, pero como bien sabemos, eso s\u00f3lo lo consiguen unos pocos&#8230;<\/p>\n<p>Despu\u00e9s de la ilusi\u00f3n inicial, vienen los <strong>\u00abb\u00fascate un trabajo de verdad, hijo m\u00edo\u00bb o\u00a0\u00abde la m\u00fasica no se puede vivir, frases con las que tienen que enfrentarse cada d\u00eda aquellos que deciden hacer de \u00e9ste \u00e1mbito su vida profesional<\/strong>. Que la m\u00fasica es poco m\u00e1s que un divertimento o algo para hacer en los ratos libres es un pensamiento tan arraigado en nuestra sociedad\u00a0que no somos\u00a0realmente\u00a0conscientes del lugar que ocupa la m\u00fasica en nuestra vida diaria.<\/p>\n<h2>Vivir de la m\u00fasica en Zaragoza<\/h2>\n<p>La realidad despu\u00e9s es bien diferente porque, aunque no es un camino f\u00e1cil, <strong>en nuestra ciudad hay un gran n\u00famero de profesionales (int\u00e9rpretes, profesores, t\u00e9cnicos&#8230;) que se gana la vida en cualquiera de los \u00e1mbitos de la m\u00fasica<\/strong> y s\u00ed, viven de la m\u00fasica, aunque m\u00e1s apropiado ser\u00eda decir que VIVEN POR LA M\u00daSICA, ya que este es uno de esos oficios que son m\u00e1s una forma de vida que un simple sustento.<\/p>\n<p>Dos ejemplos claros de esto son los dos invitados que tuvimos Vickie Valero y yo en la primera de nuestras charlas radiof\u00f3nicas que servir\u00e1n para escribir esta serie de art\u00edculos. Dos hombres con una larga carrera a sus espaldas como son <strong>Alberto Moliner<\/strong>, bajista en la actualidad de \u00abRuta Santafe\u00bb y de \u00abDistrito 14\u00bb, una de las bandas con m\u00e1s proyecci\u00f3n internacional de la historia del rock aragon\u00e9s, y <strong>Cuti Vericad<\/strong> autor de nueve discos que ha acompa\u00f1ado con su m\u00fasica a algunas de las mejores bandas del pa\u00eds.<\/p>\n<figure id=\"attachment_12594\" aria-describedby=\"caption-attachment-12594\" style=\"width: 725px\" class=\"wp-caption aligncenter\"><img loading=\"lazy\" decoding=\"async\" class=\" wp-image-12594\" src=\"http:\/\/madeinzaragoza.es\/wp-content\/uploads\/2016\/10\/maxresdefault-1-1024x576.jpg\" alt=\"Cuti vericad \" width=\"725\" height=\"408\" srcset=\"http:\/\/madeinzaragoza.es\/blog\/wp-content\/uploads\/2016\/10\/maxresdefault-1-1024x576.jpg 1024w, http:\/\/madeinzaragoza.es\/blog\/wp-content\/uploads\/2016\/10\/maxresdefault-1-300x169.jpg 300w, http:\/\/madeinzaragoza.es\/blog\/wp-content\/uploads\/2016\/10\/maxresdefault-1-768x432.jpg 768w, http:\/\/madeinzaragoza.es\/blog\/wp-content\/uploads\/2016\/10\/maxresdefault-1-625x352.jpg 625w, http:\/\/madeinzaragoza.es\/blog\/wp-content\/uploads\/2016\/10\/maxresdefault-1-180x101.jpg 180w, http:\/\/madeinzaragoza.es\/blog\/wp-content\/uploads\/2016\/10\/maxresdefault-1-960x540.jpg 960w, http:\/\/madeinzaragoza.es\/blog\/wp-content\/uploads\/2016\/10\/maxresdefault-1-350x197.jpg 350w, http:\/\/madeinzaragoza.es\/blog\/wp-content\/uploads\/2016\/10\/maxresdefault-1.jpg 1280w\" sizes=\"(max-width: 709px) 85vw, (max-width: 909px) 67vw, (max-width: 984px) 61vw, (max-width: 1362px) 45vw, 600px\" \/><figcaption id=\"caption-attachment-12594\" class=\"wp-caption-text\">Cuti vericad con Carlos Segarra (Rebeldes) y Los Trogloditas en su v\u00eddeo musical \u00abMalcolm\u00bb<\/figcaption><\/figure>\n<p><strong>&#8216;\u00bfQu\u00e9 motiva a una persona\u00a0como t\u00fa a elegir esta profesi\u00f3n?&#8217;.\u00a0<\/strong>Cuando hacemos esta pregunta, Cuti no tiene duda al respecto: \u00abEl romanticismo\u00bb.\u00a0<em><strong>No se puede dedicar una vida entera a la m\u00fasica sin una alta dosis de romanticismo<\/strong> <\/em>que te permita hacer frente a las dificultades que supone una profesi\u00f3n como \u00e9sta, en la que el \u00e9xito o el fracaso de tu trabajo, no depende tanto del esfuerzo o incluso del talento propio, sino de factores externos o de los intereses de terceros. Ese romanticismo le lleva a salir de la prisi\u00f3n de Folsom (no le quisimos preguntar por qu\u00e9 motivo hab\u00eda entrado), cabalgar por las praderas de Wichita o asistir a la construcci\u00f3n del ferrocarril, de donde trae los ritmos que caracterizan toda su carrera.<\/p>\n<p>Por su parte, Alberto piensa que <em><strong>hay que buscar la motivaci\u00f3n<\/strong><\/em> para cada momento, nos cuenta que la m\u00fasica le ha ayudado a sobreponerse en algunos de los momentos m\u00e1s duros de su vida, y que actualmente, su mayor motivaci\u00f3n, la prueba de su \u00e9xito como profesional de la m\u00fasica, es ver como sus hijos dicen con orgullo haya donde les pregunten que su padre es m\u00fasico.<\/p>\n<figure id=\"attachment_12640\" aria-describedby=\"caption-attachment-12640\" style=\"width: 800px\" class=\"wp-caption aligncenter\"><img loading=\"lazy\" decoding=\"async\" class=\"size-full wp-image-12640\" src=\"http:\/\/madeinzaragoza.es\/wp-content\/uploads\/2016\/10\/1079629_1.jpg\" alt=\"Ruta Santaf\u00e9\" width=\"800\" height=\"575\" srcset=\"http:\/\/madeinzaragoza.es\/blog\/wp-content\/uploads\/2016\/10\/1079629_1.jpg 800w, http:\/\/madeinzaragoza.es\/blog\/wp-content\/uploads\/2016\/10\/1079629_1-300x216.jpg 300w, http:\/\/madeinzaragoza.es\/blog\/wp-content\/uploads\/2016\/10\/1079629_1-768x552.jpg 768w, http:\/\/madeinzaragoza.es\/blog\/wp-content\/uploads\/2016\/10\/1079629_1-625x449.jpg 625w, http:\/\/madeinzaragoza.es\/blog\/wp-content\/uploads\/2016\/10\/1079629_1-180x129.jpg 180w, http:\/\/madeinzaragoza.es\/blog\/wp-content\/uploads\/2016\/10\/1079629_1-350x252.jpg 350w\" sizes=\"(max-width: 709px) 85vw, (max-width: 909px) 67vw, (max-width: 984px) 61vw, (max-width: 1362px) 45vw, 600px\" \/><figcaption id=\"caption-attachment-12640\" class=\"wp-caption-text\">Ruta Santaf\u00e9, la actual banda de Alberto Moliner, grabar\u00e1 su segundo disco en un directo ac\u00fastico el pr\u00f3ximo 19 de noviembre en las instalaciones de Bodegas Care de Cari\u00f1ena.<\/figcaption><\/figure>\n<h2>El glamuroso mundo del Rock and Roll en Zaragoza<\/h2>\n<p>Vamos a imaginarnos una gira por Espa\u00f1a, o por el continente americano;\u00a0Vemos hoteles de lujo y copas de champ\u00e1n en la limusina que nos llevan a un local abarrotado de fan\u00e1ticos seguidores&#8230; Nada m\u00e1s lejos de la realidad. No debemos olvidar que la gente de la m\u00fasica es gente profesional, gente que sale a la carretera o se mete en un estudio de grabaci\u00f3n para ganarse la vida, no buscan la juerga eterna, ni siquiera la fama.<\/p>\n<p>\u00abEn este mundo te puede pasar cualquier Jaimitada\u00bb dice Cuti. Es un lugar extra\u00f1o, donde <em><strong>llena una gran sala en Zaragoza y te sientes como Dios, al d\u00eda siguiente viajas a Pamplona para encontrarte un auditorio vac\u00edo y te das cuenta de que no eres nadie<\/strong><\/em>. Por no hablar de las desventuras de una gira, como la que Distrito 14 hizo por las Americas en las que \u00abintentaban enga\u00f1ar\u00bb al recepcionista de un hostal de Nueva York,\u00a0pagando una habitaci\u00f3n doble en las que se met\u00edan seis personas por la puerta de atr\u00e1s porque los 120$ que costaba la habitaci\u00f3n era un gasto inasumible para toda la banda. La guinda del pastel a una estancia nada c\u00f3moda de una semana, la puso el empleado del establecimiento poniendo las im\u00e1genes de las c\u00e1maras de seguridad que mostraban la \u00abtrampa\u00bb del los muchachos del barrio de la jota con una sonrisa condescendiente y pensando, imagino yo, \u00abest\u00fapidos espa\u00f1oles&#8230;\u00bb<\/p>\n<h2>Rozando el \u00e9xito con los dedos<\/h2>\n<p>Nuestros dos amigos de tertulia han estado\u00a0como tantos otros, seg\u00fan ellos mismos cuentan, \u00a0justo en esa l\u00ednea en la que una banda se convierte en un \u00e9xito de masas, una l\u00ednea que se hace muy dif\u00edcil de atravesar y m\u00e1s a\u00fan si vienes de una ciudad tan exigente como es Zaragoza. En este aspecto, record\u00e1bamos la gran movida de los 80\u00b4s y etapas posteriores donde cualquier ciudad \u00a0de un tama\u00f1o similar o inferior de Espa\u00f1a tiene una cantidad de bandas importantes que funcionaron y funcionan, mientras en nuestro pueblo m\u00e1s all\u00e1 de H\u00e9roes del Silencio o Amaral, no contamos con m\u00e1s embajadores a pesar de tener una gran cantidad de bandas de calidad.<\/p>\n<p>A pesar de ello, nuestros dos amigos han vivido y seguir\u00e1n viviendo por la m\u00fasica en Zaragoza, orgullosos de su trabajo y su trayectoria y adem\u00e1s se quedan con un mont\u00f3n de vivencias \u00fanicas (que l\u00e1stima no hubiese tel\u00e9fonos m\u00f3viles en aquellas\u00a0\u00e9pocas), como la visita de David Bowie para dar la enhorabuena a sus teloneros al camerino de Distrito 14 \u00f3 el increible viaje en ascensor de Cuti junto a Willy Deville, aunque esas ya son otras historias&#8230;.<\/p>\n<p>[spreaker type=player resource=\u00bbepisode_id=9549173&#8243; theme=\u00bbdark\u00bb autoplay=\u00bbfalse\u00bb playlist=\u00bbfalse\u00bb width=\u00bb100%\u00bb height=\u00bb200px\u00bb]<\/p>\n<p>&nbsp;<\/p>\n","protected":false},"excerpt":{"rendered":"<p>Cuando un ni\u00f1o o una ni\u00f1a, coge por primera vez un instrumento de m\u00fasica, forma su primera banda o compone su primera canci\u00f3n, sue\u00f1a con hacerse una estrella del Rock and Roll, llenar estadios y ver sus v\u00eddeos musicales en la MTV, pero como bien sabemos, eso s\u00f3lo lo consiguen unos pocos&#8230; Despu\u00e9s de la &hellip; <a href=\"http:\/\/madeinzaragoza.es\/blog\/vivir-la-musica-zaragoza-alberto-moliner-cuti-vericad\/\" class=\"more-link\">Continuar leyendo<span class=\"screen-reader-text\"> \u00abVivir por la m\u00fasica en Zaragoza: Alberto Moliner y Cuti Vericad\u00bb<\/span><\/a><\/p>\n","protected":false},"author":22,"featured_media":12774,"comment_status":"open","ping_status":"open","sticky":false,"template":"","format":"standard","meta":{"footnotes":""},"categories":[6,1],"tags":[],"yoast_head":"<!-- This site is optimized with the Yoast SEO plugin v19.7.2 - https:\/\/yoast.com\/wordpress\/plugins\/seo\/ -->\n<title>Vivir por la m\u00fasica en Zaragoza: Alberto Moliner y Cuti Vericad - Made in Zaragoza<\/title>\n<meta name=\"description\" content=\"\u00bfSe puede vivir de la m\u00fasica en Zaragoza? Hablamos con Alberto Moliner y Cuti Vericad, dos m\u00fasicos zaragozanos con una larga carrera a sus espaldas\" \/>\n<meta name=\"robots\" content=\"index, follow, max-snippet:-1, max-image-preview:large, max-video-preview:-1\" \/>\n<link rel=\"canonical\" href=\"http:\/\/madeinzaragoza.es\/blog\/vivir-la-musica-zaragoza-alberto-moliner-cuti-vericad\/\" \/>\n<meta property=\"og:locale\" content=\"es_ES\" \/>\n<meta property=\"og:type\" content=\"article\" \/>\n<meta property=\"og:title\" content=\"Vivir por la m\u00fasica en Zaragoza: Alberto Moliner y Cuti Vericad - Made in Zaragoza\" \/>\n<meta property=\"og:description\" content=\"\u00bfSe puede vivir de la m\u00fasica en Zaragoza? Hablamos con Alberto Moliner y Cuti Vericad, dos m\u00fasicos zaragozanos con una larga carrera a sus espaldas\" \/>\n<meta property=\"og:url\" content=\"http:\/\/madeinzaragoza.es\/blog\/vivir-la-musica-zaragoza-alberto-moliner-cuti-vericad\/\" \/>\n<meta property=\"og:site_name\" content=\"Made in Zaragoza\" \/>\n<meta property=\"article:publisher\" content=\"https:\/\/www.facebook.com\/madeinzaragoza.es\/\" \/>\n<meta property=\"article:author\" content=\"LasArmasZAC\" \/>\n<meta property=\"article:published_time\" content=\"2016-10-25T09:55:20+00:00\" \/>\n<meta name=\"author\" content=\"MadeinZGZ\" \/>\n<meta name=\"twitter:card\" content=\"summary\" \/>\n<meta name=\"twitter:creator\" content=\"@madeinzaragoza\" \/>\n<meta name=\"twitter:site\" content=\"@madeinzaragoza\" \/>\n<meta name=\"twitter:label1\" content=\"Escrito por\" \/>\n\t<meta name=\"twitter:data1\" content=\"MadeinZGZ\" \/>\n\t<meta name=\"twitter:label2\" content=\"Tiempo de lectura\" \/>\n\t<meta name=\"twitter:data2\" content=\"5 minutos\" \/>\n<script type=\"application\/ld+json\" class=\"yoast-schema-graph\">{\"@context\":\"https:\/\/schema.org\",\"@graph\":[{\"@type\":\"Article\",\"@id\":\"http:\/\/madeinzaragoza.es\/blog\/vivir-la-musica-zaragoza-alberto-moliner-cuti-vericad\/#article\",\"isPartOf\":{\"@id\":\"http:\/\/madeinzaragoza.es\/blog\/vivir-la-musica-zaragoza-alberto-moliner-cuti-vericad\/\"},\"author\":{\"name\":\"MadeinZGZ\",\"@id\":\"http:\/\/madeinzaragoza.es\/blog\/#\/schema\/person\/59f4073cf7e7bc2b2f33b48241478a32\"},\"headline\":\"Vivir por la m\u00fasica en Zaragoza: Alberto Moliner y Cuti Vericad\",\"datePublished\":\"2016-10-25T09:55:20+00:00\",\"dateModified\":\"2016-10-25T09:55:20+00:00\",\"mainEntityOfPage\":{\"@id\":\"http:\/\/madeinzaragoza.es\/blog\/vivir-la-musica-zaragoza-alberto-moliner-cuti-vericad\/\"},\"wordCount\":1109,\"commentCount\":0,\"publisher\":{\"@id\":\"http:\/\/madeinzaragoza.es\/blog\/#organization\"},\"articleSection\":[\"Gente\",\"Tendencias\"],\"inLanguage\":\"es\",\"potentialAction\":[{\"@type\":\"CommentAction\",\"name\":\"Comment\",\"target\":[\"http:\/\/madeinzaragoza.es\/blog\/vivir-la-musica-zaragoza-alberto-moliner-cuti-vericad\/#respond\"]}]},{\"@type\":\"WebPage\",\"@id\":\"http:\/\/madeinzaragoza.es\/blog\/vivir-la-musica-zaragoza-alberto-moliner-cuti-vericad\/\",\"url\":\"http:\/\/madeinzaragoza.es\/blog\/vivir-la-musica-zaragoza-alberto-moliner-cuti-vericad\/\",\"name\":\"Vivir por la m\u00fasica en Zaragoza: Alberto Moliner y Cuti Vericad - Made in Zaragoza\",\"isPartOf\":{\"@id\":\"http:\/\/madeinzaragoza.es\/blog\/#website\"},\"datePublished\":\"2016-10-25T09:55:20+00:00\",\"dateModified\":\"2016-10-25T09:55:20+00:00\",\"description\":\"\u00bfSe puede vivir de la m\u00fasica en Zaragoza? Hablamos con Alberto Moliner y Cuti Vericad, dos m\u00fasicos zaragozanos con una larga carrera a sus espaldas\",\"breadcrumb\":{\"@id\":\"http:\/\/madeinzaragoza.es\/blog\/vivir-la-musica-zaragoza-alberto-moliner-cuti-vericad\/#breadcrumb\"},\"inLanguage\":\"es\",\"potentialAction\":[{\"@type\":\"ReadAction\",\"target\":[\"http:\/\/madeinzaragoza.es\/blog\/vivir-la-musica-zaragoza-alberto-moliner-cuti-vericad\/\"]}]},{\"@type\":\"BreadcrumbList\",\"@id\":\"http:\/\/madeinzaragoza.es\/blog\/vivir-la-musica-zaragoza-alberto-moliner-cuti-vericad\/#breadcrumb\",\"itemListElement\":[{\"@type\":\"ListItem\",\"position\":1,\"name\":\"Portada\",\"item\":\"http:\/\/madeinzaragoza.es\/blog\/\"},{\"@type\":\"ListItem\",\"position\":2,\"name\":\"Vivir por la m\u00fasica en Zaragoza: Alberto Moliner y Cuti Vericad\"}]},{\"@type\":\"WebSite\",\"@id\":\"http:\/\/madeinzaragoza.es\/blog\/#website\",\"url\":\"http:\/\/madeinzaragoza.es\/blog\/\",\"name\":\"Made in Zaragoza\",\"description\":\"Blog de MadeinZGZ, Red de Econom\u00eda Creativa de Zaragoza\",\"publisher\":{\"@id\":\"http:\/\/madeinzaragoza.es\/blog\/#organization\"},\"potentialAction\":[{\"@type\":\"SearchAction\",\"target\":{\"@type\":\"EntryPoint\",\"urlTemplate\":\"http:\/\/madeinzaragoza.es\/blog\/?s={search_term_string}\"},\"query-input\":\"required name=search_term_string\"}],\"inLanguage\":\"es\"},{\"@type\":\"Organization\",\"@id\":\"http:\/\/madeinzaragoza.es\/blog\/#organization\",\"name\":\"Made In Zaragoza\",\"url\":\"http:\/\/madeinzaragoza.es\/blog\/\",\"sameAs\":[\"https:\/\/www.instagram.com\/madeinzaragoza.es\/\",\"https:\/\/www.facebook.com\/madeinzaragoza.es\/\",\"https:\/\/twitter.com\/madeinzaragoza\"],\"logo\":{\"@type\":\"ImageObject\",\"inLanguage\":\"es\",\"@id\":\"http:\/\/madeinzaragoza.es\/blog\/#\/schema\/logo\/image\/\",\"url\":\"https:\/\/madeinzaragoza.es\/blog\/wp-content\/uploads\/2022\/05\/logo.png\",\"contentUrl\":\"https:\/\/madeinzaragoza.es\/blog\/wp-content\/uploads\/2022\/05\/logo.png\",\"width\":193,\"height\":176,\"caption\":\"Made In Zaragoza\"},\"image\":{\"@id\":\"http:\/\/madeinzaragoza.es\/blog\/#\/schema\/logo\/image\/\"}},{\"@type\":\"Person\",\"@id\":\"http:\/\/madeinzaragoza.es\/blog\/#\/schema\/person\/59f4073cf7e7bc2b2f33b48241478a32\",\"name\":\"MadeinZGZ\",\"image\":{\"@type\":\"ImageObject\",\"inLanguage\":\"es\",\"@id\":\"http:\/\/madeinzaragoza.es\/blog\/#\/schema\/person\/image\/\",\"url\":\"http:\/\/2.gravatar.com\/avatar\/23c2456a35687aa268b52997d8f142d1?s=96&d=mm&r=g\",\"contentUrl\":\"http:\/\/2.gravatar.com\/avatar\/23c2456a35687aa268b52997d8f142d1?s=96&d=mm&r=g\",\"caption\":\"MadeinZGZ\"},\"description\":\"Red de comercios y emprendedores creativos de Zaragoza impulsada por ZGZ Activa.\",\"sameAs\":[\"LasArmasZAC\",\"https:\/\/twitter.com\/madeinzaragoza\"],\"url\":\"http:\/\/madeinzaragoza.es\/blog\/author\/madeinzgz\/\"}]}<\/script>\n<!-- \/ Yoast SEO plugin. -->","yoast_head_json":{"title":"Vivir por la m\u00fasica en Zaragoza: Alberto Moliner y Cuti Vericad - Made in Zaragoza","description":"\u00bfSe puede vivir de la m\u00fasica en Zaragoza? Hablamos con Alberto Moliner y Cuti Vericad, dos m\u00fasicos zaragozanos con una larga carrera a sus espaldas","robots":{"index":"index","follow":"follow","max-snippet":"max-snippet:-1","max-image-preview":"max-image-preview:large","max-video-preview":"max-video-preview:-1"},"canonical":"http:\/\/madeinzaragoza.es\/blog\/vivir-la-musica-zaragoza-alberto-moliner-cuti-vericad\/","og_locale":"es_ES","og_type":"article","og_title":"Vivir por la m\u00fasica en Zaragoza: Alberto Moliner y Cuti Vericad - Made in Zaragoza","og_description":"\u00bfSe puede vivir de la m\u00fasica en Zaragoza? Hablamos con Alberto Moliner y Cuti Vericad, dos m\u00fasicos zaragozanos con una larga carrera a sus espaldas","og_url":"http:\/\/madeinzaragoza.es\/blog\/vivir-la-musica-zaragoza-alberto-moliner-cuti-vericad\/","og_site_name":"Made in Zaragoza","article_publisher":"https:\/\/www.facebook.com\/madeinzaragoza.es\/","article_author":"LasArmasZAC","article_published_time":"2016-10-25T09:55:20+00:00","author":"MadeinZGZ","twitter_card":"summary","twitter_creator":"@madeinzaragoza","twitter_site":"@madeinzaragoza","twitter_misc":{"Escrito por":"MadeinZGZ","Tiempo de lectura":"5 minutos"},"schema":{"@context":"https:\/\/schema.org","@graph":[{"@type":"Article","@id":"http:\/\/madeinzaragoza.es\/blog\/vivir-la-musica-zaragoza-alberto-moliner-cuti-vericad\/#article","isPartOf":{"@id":"http:\/\/madeinzaragoza.es\/blog\/vivir-la-musica-zaragoza-alberto-moliner-cuti-vericad\/"},"author":{"name":"MadeinZGZ","@id":"http:\/\/madeinzaragoza.es\/blog\/#\/schema\/person\/59f4073cf7e7bc2b2f33b48241478a32"},"headline":"Vivir por la m\u00fasica en Zaragoza: Alberto Moliner y Cuti Vericad","datePublished":"2016-10-25T09:55:20+00:00","dateModified":"2016-10-25T09:55:20+00:00","mainEntityOfPage":{"@id":"http:\/\/madeinzaragoza.es\/blog\/vivir-la-musica-zaragoza-alberto-moliner-cuti-vericad\/"},"wordCount":1109,"commentCount":0,"publisher":{"@id":"http:\/\/madeinzaragoza.es\/blog\/#organization"},"articleSection":["Gente","Tendencias"],"inLanguage":"es","potentialAction":[{"@type":"CommentAction","name":"Comment","target":["http:\/\/madeinzaragoza.es\/blog\/vivir-la-musica-zaragoza-alberto-moliner-cuti-vericad\/#respond"]}]},{"@type":"WebPage","@id":"http:\/\/madeinzaragoza.es\/blog\/vivir-la-musica-zaragoza-alberto-moliner-cuti-vericad\/","url":"http:\/\/madeinzaragoza.es\/blog\/vivir-la-musica-zaragoza-alberto-moliner-cuti-vericad\/","name":"Vivir por la m\u00fasica en Zaragoza: Alberto Moliner y Cuti Vericad - Made in Zaragoza","isPartOf":{"@id":"http:\/\/madeinzaragoza.es\/blog\/#website"},"datePublished":"2016-10-25T09:55:20+00:00","dateModified":"2016-10-25T09:55:20+00:00","description":"\u00bfSe puede vivir de la m\u00fasica en Zaragoza? Hablamos con Alberto Moliner y Cuti Vericad, dos m\u00fasicos zaragozanos con una larga carrera a sus espaldas","breadcrumb":{"@id":"http:\/\/madeinzaragoza.es\/blog\/vivir-la-musica-zaragoza-alberto-moliner-cuti-vericad\/#breadcrumb"},"inLanguage":"es","potentialAction":[{"@type":"ReadAction","target":["http:\/\/madeinzaragoza.es\/blog\/vivir-la-musica-zaragoza-alberto-moliner-cuti-vericad\/"]}]},{"@type":"BreadcrumbList","@id":"http:\/\/madeinzaragoza.es\/blog\/vivir-la-musica-zaragoza-alberto-moliner-cuti-vericad\/#breadcrumb","itemListElement":[{"@type":"ListItem","position":1,"name":"Portada","item":"http:\/\/madeinzaragoza.es\/blog\/"},{"@type":"ListItem","position":2,"name":"Vivir por la m\u00fasica en Zaragoza: Alberto Moliner y Cuti Vericad"}]},{"@type":"WebSite","@id":"http:\/\/madeinzaragoza.es\/blog\/#website","url":"http:\/\/madeinzaragoza.es\/blog\/","name":"Made in Zaragoza","description":"Blog de MadeinZGZ, Red de Econom\u00eda Creativa de Zaragoza","publisher":{"@id":"http:\/\/madeinzaragoza.es\/blog\/#organization"},"potentialAction":[{"@type":"SearchAction","target":{"@type":"EntryPoint","urlTemplate":"http:\/\/madeinzaragoza.es\/blog\/?s={search_term_string}"},"query-input":"required name=search_term_string"}],"inLanguage":"es"},{"@type":"Organization","@id":"http:\/\/madeinzaragoza.es\/blog\/#organization","name":"Made In Zaragoza","url":"http:\/\/madeinzaragoza.es\/blog\/","sameAs":["https:\/\/www.instagram.com\/madeinzaragoza.es\/","https:\/\/www.facebook.com\/madeinzaragoza.es\/","https:\/\/twitter.com\/madeinzaragoza"],"logo":{"@type":"ImageObject","inLanguage":"es","@id":"http:\/\/madeinzaragoza.es\/blog\/#\/schema\/logo\/image\/","url":"https:\/\/madeinzaragoza.es\/blog\/wp-content\/uploads\/2022\/05\/logo.png","contentUrl":"https:\/\/madeinzaragoza.es\/blog\/wp-content\/uploads\/2022\/05\/logo.png","width":193,"height":176,"caption":"Made In Zaragoza"},"image":{"@id":"http:\/\/madeinzaragoza.es\/blog\/#\/schema\/logo\/image\/"}},{"@type":"Person","@id":"http:\/\/madeinzaragoza.es\/blog\/#\/schema\/person\/59f4073cf7e7bc2b2f33b48241478a32","name":"MadeinZGZ","image":{"@type":"ImageObject","inLanguage":"es","@id":"http:\/\/madeinzaragoza.es\/blog\/#\/schema\/person\/image\/","url":"http:\/\/2.gravatar.com\/avatar\/23c2456a35687aa268b52997d8f142d1?s=96&d=mm&r=g","contentUrl":"http:\/\/2.gravatar.com\/avatar\/23c2456a35687aa268b52997d8f142d1?s=96&d=mm&r=g","caption":"MadeinZGZ"},"description":"Red de comercios y emprendedores creativos de Zaragoza impulsada por ZGZ Activa.","sameAs":["LasArmasZAC","https:\/\/twitter.com\/madeinzaragoza"],"url":"http:\/\/madeinzaragoza.es\/blog\/author\/madeinzgz\/"}]}},"_links":{"self":[{"href":"http:\/\/madeinzaragoza.es\/blog\/wp-json\/wp\/v2\/posts\/12593"}],"collection":[{"href":"http:\/\/madeinzaragoza.es\/blog\/wp-json\/wp\/v2\/posts"}],"about":[{"href":"http:\/\/madeinzaragoza.es\/blog\/wp-json\/wp\/v2\/types\/post"}],"author":[{"embeddable":true,"href":"http:\/\/madeinzaragoza.es\/blog\/wp-json\/wp\/v2\/users\/22"}],"replies":[{"embeddable":true,"href":"http:\/\/madeinzaragoza.es\/blog\/wp-json\/wp\/v2\/comments?post=12593"}],"version-history":[{"count":0,"href":"http:\/\/madeinzaragoza.es\/blog\/wp-json\/wp\/v2\/posts\/12593\/revisions"}],"wp:featuredmedia":[{"embeddable":true,"href":"http:\/\/madeinzaragoza.es\/blog\/wp-json\/"}],"wp:attachment":[{"href":"http:\/\/madeinzaragoza.es\/blog\/wp-json\/wp\/v2\/media?parent=12593"}],"wp:term":[{"taxonomy":"category","embeddable":true,"href":"http:\/\/madeinzaragoza.es\/blog\/wp-json\/wp\/v2\/categories?post=12593"},{"taxonomy":"post_tag","embeddable":true,"href":"http:\/\/madeinzaragoza.es\/blog\/wp-json\/wp\/v2\/tags?post=12593"}],"curies":[{"name":"wp","href":"https:\/\/api.w.org\/{rel}","templated":true}]}}