{"id":12021,"date":"2024-02-26T18:17:13","date_gmt":"2024-02-26T17:17:13","guid":{"rendered":"http:\/\/madeinzaragoza.es\/blog\/?p=12021"},"modified":"2024-02-26T18:46:00","modified_gmt":"2024-02-26T17:46:00","slug":"convocatoria-de-blogueros-para-madeinzaragoza","status":"publish","type":"post","link":"http:\/\/madeinzaragoza.es\/blog\/convocatoria-de-blogueros-para-madeinzaragoza\/","title":{"rendered":"MadeinZaragoza busca blogueros y creadores de contenido"},"content":{"rendered":"<p>Si quieres unirte al equipo de colaboradores de Made in Zaragoza y ayudar a dar difusi\u00f3n a los programas que se llevan a cabo en la red de econom\u00eda creativa, esta convocatoria te interesa.<\/p>\n<h2>Sobre Made in Zaragoza<\/h2>\n<p>\u201cMade in Zaragoza\u201d es un proyecto colaborativo municipal que naci\u00f3 con el objetivo de crear una red de econom\u00eda creativa (artesanos, artistas, makers, dise\u00f1adores, tenderos innovadores&#8230;) en Zaragoza. Su misi\u00f3n es poner en valor los proyectos emprendedores creativos de nuestra ciudad para visibilizar la vida creativa de la misma, como parte fundamental de la identidad de una ciudad que se reinventa a s\u00ed misma y se reivindica en su condici\u00f3n de enclave de caminos y culturas. M\u00e1s de 200 iniciativas emprendedoras se integran en \u201cMade in Zaragoza\u201d en estos momentos.<\/p>\n<p>El blog de \u201cMade in Zaragoza\u201d es una de las principales plataformas de comunicaci\u00f3n del proyecto, un espacio de creaci\u00f3n, investigaci\u00f3n, divulgaci\u00f3n y debate vinculado a la creatividad. Nos interesan las artes visuales, la artesan\u00eda, la cultura contempor\u00e1nea, artes visuales, el cine, la m\u00fasica y el amor por lo propio.<\/p>\n<h2>Ampliamos equipo de colaboradores<\/h2>\n<p>Actualmente estamos buscando nuevos colaboradores, periodistas y creadores de contenido, que quieran formar parte del equipo a partir de la nueva temporada que iniciaremos en septiembre de este a\u00f1o 2024.<\/p>\n<p>Nuestra propuesta es sumar personas con ganas de formar parte de un proyecto abierto y din\u00e1mico y unirse al equipo ya existente. <strong>Un proyecto remunerado para el cual hay que desarrollar contenidos sobre \u00e1reas como arte y cultura, comercio local, dise\u00f1o, eventos, gente y cualquier otra l\u00ednea editorial<\/strong> que se vaya indicando desde \u201cMade in Zaragoza\u201d.<\/p>\n<p>Con cada colaborador se acordar\u00e1n paquetes de <strong>art\u00edculos y\/o contenidos en formato v\u00eddeo<\/strong> que se ir\u00e1n entregando en base a la l\u00ednea editorial que se establezca y se facturar\u00e1n a Zaragoza Activa.<\/p>\n<p>Si te interesa la generaci\u00f3n de contenidos (redacci\u00f3n, fotograf\u00eda, v\u00eddeos\u2026), las redes sociales, aportar nuevas ideas y\/o conocimientos y formar parte de una plataforma digital que habla sobre la vida, social, cultural y creativa de Zaragoza, \u00a1este es tu sitio!<\/p>\n<p>Env\u00edanos un correo a <a href=\"mailto:madeinzgz@zaragoza.es\">madeinzgz@zaragoza.es<\/a> hasta el 8 de marzo junto con tu curr\u00edculum, enlaces a tus perfiles en redes sociales, 3 de tus comercios favoritos y un v\u00eddeo de 1 minuto explicando qu\u00e9 podr\u00edas aportar a Made in Zaragoza. Valoraremos tu experiencia, tus ganas de aportar y tus proyectos propios.<\/p>\n<p><strong>\u00a0<\/strong><\/p>\n<p><strong>Si quieres apoyar las propuestas creativas en Zaragoza y darles visibilidad, \u201cMade in Zaragoza\u201d te est\u00e1 esperando. <\/strong><\/p>\n","protected":false},"excerpt":{"rendered":"<p>Si quieres unirte al equipo de colaboradores de Made in Zaragoza y ayudar a dar difusi\u00f3n a los programas que se llevan a cabo en la red de econom\u00eda creativa, esta convocatoria te interesa. Sobre Made in Zaragoza \u201cMade in Zaragoza\u201d es un proyecto colaborativo municipal que naci\u00f3 con el objetivo de crear una red &hellip; <a href=\"http:\/\/madeinzaragoza.es\/blog\/convocatoria-de-blogueros-para-madeinzaragoza\/\" class=\"more-link\">Continuar leyendo<span class=\"screen-reader-text\"> \u00abMadeinZaragoza busca blogueros y creadores de contenido\u00bb<\/span><\/a><\/p>\n","protected":false},"author":22,"featured_media":40771,"comment_status":"open","ping_status":"open","sticky":false,"template":"","format":"standard","meta":{"footnotes":""},"categories":[8],"tags":[],"yoast_head":"<!-- This site is optimized with the Yoast SEO plugin v19.7.2 - https:\/\/yoast.com\/wordpress\/plugins\/seo\/ -->\n<title>MadeinZaragoza busca blogueros y creadores de contenido - Made in Zaragoza<\/title>\n<meta name=\"robots\" content=\"index, follow, max-snippet:-1, max-image-preview:large, max-video-preview:-1\" \/>\n<link rel=\"canonical\" href=\"https:\/\/madeinzaragoza.es\/blog\/convocatoria-de-blogueros-para-madeinzaragoza\/\" \/>\n<meta property=\"og:locale\" content=\"es_ES\" \/>\n<meta property=\"og:type\" content=\"article\" \/>\n<meta property=\"og:title\" content=\"MadeinZaragoza busca blogueros y creadores de contenido - Made in Zaragoza\" \/>\n<meta property=\"og:description\" content=\"Si quieres unirte al equipo de colaboradores de Made in Zaragoza y ayudar a dar difusi\u00f3n a los programas que se llevan a cabo en la red de econom\u00eda creativa, esta convocatoria te interesa. Sobre Made in Zaragoza \u201cMade in Zaragoza\u201d es un proyecto colaborativo municipal que naci\u00f3 con el objetivo de crear una red &hellip; Continuar leyendo &quot;MadeinZaragoza busca blogueros y creadores de contenido&quot;\" \/>\n<meta property=\"og:url\" content=\"https:\/\/madeinzaragoza.es\/blog\/convocatoria-de-blogueros-para-madeinzaragoza\/\" \/>\n<meta property=\"og:site_name\" content=\"Made in Zaragoza\" \/>\n<meta property=\"article:publisher\" content=\"https:\/\/www.facebook.com\/madeinzaragoza.es\/\" \/>\n<meta property=\"article:author\" content=\"LasArmasZAC\" \/>\n<meta property=\"article:published_time\" content=\"2024-02-26T17:17:13+00:00\" \/>\n<meta property=\"article:modified_time\" content=\"2024-02-26T17:46:00+00:00\" \/>\n<meta property=\"og:image\" content=\"https:\/\/madeinzaragoza.es\/blog\/wp-content\/uploads\/2024\/02\/pexels-plann-4549414-1-scaled.jpg\" \/>\n\t<meta property=\"og:image:width\" content=\"2560\" \/>\n\t<meta property=\"og:image:height\" content=\"1707\" \/>\n\t<meta property=\"og:image:type\" content=\"image\/jpeg\" \/>\n<meta name=\"author\" content=\"MadeinZGZ\" \/>\n<meta name=\"twitter:card\" content=\"summary\" \/>\n<meta name=\"twitter:creator\" content=\"@madeinzaragoza\" \/>\n<meta name=\"twitter:site\" content=\"@madeinzaragoza\" \/>\n<meta name=\"twitter:label1\" content=\"Escrito por\" \/>\n\t<meta name=\"twitter:data1\" content=\"MadeinZGZ\" \/>\n\t<meta name=\"twitter:label2\" content=\"Tiempo de lectura\" \/>\n\t<meta name=\"twitter:data2\" content=\"2 minutos\" \/>\n<script type=\"application\/ld+json\" class=\"yoast-schema-graph\">{\"@context\":\"https:\/\/schema.org\",\"@graph\":[{\"@type\":\"Article\",\"@id\":\"https:\/\/madeinzaragoza.es\/blog\/convocatoria-de-blogueros-para-madeinzaragoza\/#article\",\"isPartOf\":{\"@id\":\"https:\/\/madeinzaragoza.es\/blog\/convocatoria-de-blogueros-para-madeinzaragoza\/\"},\"author\":{\"name\":\"MadeinZGZ\",\"@id\":\"http:\/\/madeinzaragoza.es\/blog\/#\/schema\/person\/59f4073cf7e7bc2b2f33b48241478a32\"},\"headline\":\"MadeinZaragoza busca blogueros y creadores de contenido\",\"datePublished\":\"2024-02-26T17:17:13+00:00\",\"dateModified\":\"2024-02-26T17:46:00+00:00\",\"mainEntityOfPage\":{\"@id\":\"https:\/\/madeinzaragoza.es\/blog\/convocatoria-de-blogueros-para-madeinzaragoza\/\"},\"wordCount\":446,\"commentCount\":0,\"publisher\":{\"@id\":\"http:\/\/madeinzaragoza.es\/blog\/#organization\"},\"articleSection\":[\"Red MIZ\"],\"inLanguage\":\"es\",\"potentialAction\":[{\"@type\":\"CommentAction\",\"name\":\"Comment\",\"target\":[\"https:\/\/madeinzaragoza.es\/blog\/convocatoria-de-blogueros-para-madeinzaragoza\/#respond\"]}]},{\"@type\":\"WebPage\",\"@id\":\"https:\/\/madeinzaragoza.es\/blog\/convocatoria-de-blogueros-para-madeinzaragoza\/\",\"url\":\"https:\/\/madeinzaragoza.es\/blog\/convocatoria-de-blogueros-para-madeinzaragoza\/\",\"name\":\"MadeinZaragoza busca blogueros y creadores de contenido - Made in Zaragoza\",\"isPartOf\":{\"@id\":\"http:\/\/madeinzaragoza.es\/blog\/#website\"},\"datePublished\":\"2024-02-26T17:17:13+00:00\",\"dateModified\":\"2024-02-26T17:46:00+00:00\",\"breadcrumb\":{\"@id\":\"https:\/\/madeinzaragoza.es\/blog\/convocatoria-de-blogueros-para-madeinzaragoza\/#breadcrumb\"},\"inLanguage\":\"es\",\"potentialAction\":[{\"@type\":\"ReadAction\",\"target\":[\"https:\/\/madeinzaragoza.es\/blog\/convocatoria-de-blogueros-para-madeinzaragoza\/\"]}]},{\"@type\":\"BreadcrumbList\",\"@id\":\"https:\/\/madeinzaragoza.es\/blog\/convocatoria-de-blogueros-para-madeinzaragoza\/#breadcrumb\",\"itemListElement\":[{\"@type\":\"ListItem\",\"position\":1,\"name\":\"Portada\",\"item\":\"http:\/\/madeinzaragoza.es\/blog\/\"},{\"@type\":\"ListItem\",\"position\":2,\"name\":\"MadeinZaragoza busca blogueros y creadores de contenido\"}]},{\"@type\":\"WebSite\",\"@id\":\"http:\/\/madeinzaragoza.es\/blog\/#website\",\"url\":\"http:\/\/madeinzaragoza.es\/blog\/\",\"name\":\"Made in Zaragoza\",\"description\":\"Blog de MadeinZGZ, Red de Econom\u00eda Creativa de Zaragoza\",\"publisher\":{\"@id\":\"http:\/\/madeinzaragoza.es\/blog\/#organization\"},\"potentialAction\":[{\"@type\":\"SearchAction\",\"target\":{\"@type\":\"EntryPoint\",\"urlTemplate\":\"http:\/\/madeinzaragoza.es\/blog\/?s={search_term_string}\"},\"query-input\":\"required name=search_term_string\"}],\"inLanguage\":\"es\"},{\"@type\":\"Organization\",\"@id\":\"http:\/\/madeinzaragoza.es\/blog\/#organization\",\"name\":\"Made In Zaragoza\",\"url\":\"http:\/\/madeinzaragoza.es\/blog\/\",\"sameAs\":[\"https:\/\/www.instagram.com\/madeinzaragoza.es\/\",\"https:\/\/www.facebook.com\/madeinzaragoza.es\/\",\"https:\/\/twitter.com\/madeinzaragoza\"],\"logo\":{\"@type\":\"ImageObject\",\"inLanguage\":\"es\",\"@id\":\"http:\/\/madeinzaragoza.es\/blog\/#\/schema\/logo\/image\/\",\"url\":\"https:\/\/madeinzaragoza.es\/blog\/wp-content\/uploads\/2022\/05\/logo.png\",\"contentUrl\":\"https:\/\/madeinzaragoza.es\/blog\/wp-content\/uploads\/2022\/05\/logo.png\",\"width\":193,\"height\":176,\"caption\":\"Made In Zaragoza\"},\"image\":{\"@id\":\"http:\/\/madeinzaragoza.es\/blog\/#\/schema\/logo\/image\/\"}},{\"@type\":\"Person\",\"@id\":\"http:\/\/madeinzaragoza.es\/blog\/#\/schema\/person\/59f4073cf7e7bc2b2f33b48241478a32\",\"name\":\"MadeinZGZ\",\"image\":{\"@type\":\"ImageObject\",\"inLanguage\":\"es\",\"@id\":\"http:\/\/madeinzaragoza.es\/blog\/#\/schema\/person\/image\/\",\"url\":\"http:\/\/2.gravatar.com\/avatar\/23c2456a35687aa268b52997d8f142d1?s=96&d=mm&r=g\",\"contentUrl\":\"http:\/\/2.gravatar.com\/avatar\/23c2456a35687aa268b52997d8f142d1?s=96&d=mm&r=g\",\"caption\":\"MadeinZGZ\"},\"description\":\"Red de comercios y emprendedores creativos de Zaragoza impulsada por ZGZ Activa.\",\"sameAs\":[\"LasArmasZAC\",\"https:\/\/twitter.com\/madeinzaragoza\"],\"url\":\"http:\/\/madeinzaragoza.es\/blog\/author\/madeinzgz\/\"}]}<\/script>\n<!-- \/ Yoast SEO plugin. -->","yoast_head_json":{"title":"MadeinZaragoza busca blogueros y creadores de contenido - Made in Zaragoza","robots":{"index":"index","follow":"follow","max-snippet":"max-snippet:-1","max-image-preview":"max-image-preview:large","max-video-preview":"max-video-preview:-1"},"canonical":"https:\/\/madeinzaragoza.es\/blog\/convocatoria-de-blogueros-para-madeinzaragoza\/","og_locale":"es_ES","og_type":"article","og_title":"MadeinZaragoza busca blogueros y creadores de contenido - Made in Zaragoza","og_description":"Si quieres unirte al equipo de colaboradores de Made in Zaragoza y ayudar a dar difusi\u00f3n a los programas que se llevan a cabo en la red de econom\u00eda creativa, esta convocatoria te interesa. Sobre Made in Zaragoza \u201cMade in Zaragoza\u201d es un proyecto colaborativo municipal que naci\u00f3 con el objetivo de crear una red &hellip; Continuar leyendo \"MadeinZaragoza busca blogueros y creadores de contenido\"","og_url":"https:\/\/madeinzaragoza.es\/blog\/convocatoria-de-blogueros-para-madeinzaragoza\/","og_site_name":"Made in Zaragoza","article_publisher":"https:\/\/www.facebook.com\/madeinzaragoza.es\/","article_author":"LasArmasZAC","article_published_time":"2024-02-26T17:17:13+00:00","article_modified_time":"2024-02-26T17:46:00+00:00","og_image":[{"width":2560,"height":1707,"url":"https:\/\/madeinzaragoza.es\/blog\/wp-content\/uploads\/2024\/02\/pexels-plann-4549414-1-scaled.jpg","type":"image\/jpeg"}],"author":"MadeinZGZ","twitter_card":"summary","twitter_creator":"@madeinzaragoza","twitter_site":"@madeinzaragoza","twitter_misc":{"Escrito por":"MadeinZGZ","Tiempo de lectura":"2 minutos"},"schema":{"@context":"https:\/\/schema.org","@graph":[{"@type":"Article","@id":"https:\/\/madeinzaragoza.es\/blog\/convocatoria-de-blogueros-para-madeinzaragoza\/#article","isPartOf":{"@id":"https:\/\/madeinzaragoza.es\/blog\/convocatoria-de-blogueros-para-madeinzaragoza\/"},"author":{"name":"MadeinZGZ","@id":"http:\/\/madeinzaragoza.es\/blog\/#\/schema\/person\/59f4073cf7e7bc2b2f33b48241478a32"},"headline":"MadeinZaragoza busca blogueros y creadores de contenido","datePublished":"2024-02-26T17:17:13+00:00","dateModified":"2024-02-26T17:46:00+00:00","mainEntityOfPage":{"@id":"https:\/\/madeinzaragoza.es\/blog\/convocatoria-de-blogueros-para-madeinzaragoza\/"},"wordCount":446,"commentCount":0,"publisher":{"@id":"http:\/\/madeinzaragoza.es\/blog\/#organization"},"articleSection":["Red MIZ"],"inLanguage":"es","potentialAction":[{"@type":"CommentAction","name":"Comment","target":["https:\/\/madeinzaragoza.es\/blog\/convocatoria-de-blogueros-para-madeinzaragoza\/#respond"]}]},{"@type":"WebPage","@id":"https:\/\/madeinzaragoza.es\/blog\/convocatoria-de-blogueros-para-madeinzaragoza\/","url":"https:\/\/madeinzaragoza.es\/blog\/convocatoria-de-blogueros-para-madeinzaragoza\/","name":"MadeinZaragoza busca blogueros y creadores de contenido - Made in Zaragoza","isPartOf":{"@id":"http:\/\/madeinzaragoza.es\/blog\/#website"},"datePublished":"2024-02-26T17:17:13+00:00","dateModified":"2024-02-26T17:46:00+00:00","breadcrumb":{"@id":"https:\/\/madeinzaragoza.es\/blog\/convocatoria-de-blogueros-para-madeinzaragoza\/#breadcrumb"},"inLanguage":"es","potentialAction":[{"@type":"ReadAction","target":["https:\/\/madeinzaragoza.es\/blog\/convocatoria-de-blogueros-para-madeinzaragoza\/"]}]},{"@type":"BreadcrumbList","@id":"https:\/\/madeinzaragoza.es\/blog\/convocatoria-de-blogueros-para-madeinzaragoza\/#breadcrumb","itemListElement":[{"@type":"ListItem","position":1,"name":"Portada","item":"http:\/\/madeinzaragoza.es\/blog\/"},{"@type":"ListItem","position":2,"name":"MadeinZaragoza busca blogueros y creadores de contenido"}]},{"@type":"WebSite","@id":"http:\/\/madeinzaragoza.es\/blog\/#website","url":"http:\/\/madeinzaragoza.es\/blog\/","name":"Made in Zaragoza","description":"Blog de MadeinZGZ, Red de Econom\u00eda Creativa de Zaragoza","publisher":{"@id":"http:\/\/madeinzaragoza.es\/blog\/#organization"},"potentialAction":[{"@type":"SearchAction","target":{"@type":"EntryPoint","urlTemplate":"http:\/\/madeinzaragoza.es\/blog\/?s={search_term_string}"},"query-input":"required name=search_term_string"}],"inLanguage":"es"},{"@type":"Organization","@id":"http:\/\/madeinzaragoza.es\/blog\/#organization","name":"Made In Zaragoza","url":"http:\/\/madeinzaragoza.es\/blog\/","sameAs":["https:\/\/www.instagram.com\/madeinzaragoza.es\/","https:\/\/www.facebook.com\/madeinzaragoza.es\/","https:\/\/twitter.com\/madeinzaragoza"],"logo":{"@type":"ImageObject","inLanguage":"es","@id":"http:\/\/madeinzaragoza.es\/blog\/#\/schema\/logo\/image\/","url":"https:\/\/madeinzaragoza.es\/blog\/wp-content\/uploads\/2022\/05\/logo.png","contentUrl":"https:\/\/madeinzaragoza.es\/blog\/wp-content\/uploads\/2022\/05\/logo.png","width":193,"height":176,"caption":"Made In Zaragoza"},"image":{"@id":"http:\/\/madeinzaragoza.es\/blog\/#\/schema\/logo\/image\/"}},{"@type":"Person","@id":"http:\/\/madeinzaragoza.es\/blog\/#\/schema\/person\/59f4073cf7e7bc2b2f33b48241478a32","name":"MadeinZGZ","image":{"@type":"ImageObject","inLanguage":"es","@id":"http:\/\/madeinzaragoza.es\/blog\/#\/schema\/person\/image\/","url":"http:\/\/2.gravatar.com\/avatar\/23c2456a35687aa268b52997d8f142d1?s=96&d=mm&r=g","contentUrl":"http:\/\/2.gravatar.com\/avatar\/23c2456a35687aa268b52997d8f142d1?s=96&d=mm&r=g","caption":"MadeinZGZ"},"description":"Red de comercios y emprendedores creativos de Zaragoza impulsada por ZGZ Activa.","sameAs":["LasArmasZAC","https:\/\/twitter.com\/madeinzaragoza"],"url":"http:\/\/madeinzaragoza.es\/blog\/author\/madeinzgz\/"}]}},"_links":{"self":[{"href":"http:\/\/madeinzaragoza.es\/blog\/wp-json\/wp\/v2\/posts\/12021"}],"collection":[{"href":"http:\/\/madeinzaragoza.es\/blog\/wp-json\/wp\/v2\/posts"}],"about":[{"href":"http:\/\/madeinzaragoza.es\/blog\/wp-json\/wp\/v2\/types\/post"}],"author":[{"embeddable":true,"href":"http:\/\/madeinzaragoza.es\/blog\/wp-json\/wp\/v2\/users\/22"}],"replies":[{"embeddable":true,"href":"http:\/\/madeinzaragoza.es\/blog\/wp-json\/wp\/v2\/comments?post=12021"}],"version-history":[{"count":11,"href":"http:\/\/madeinzaragoza.es\/blog\/wp-json\/wp\/v2\/posts\/12021\/revisions"}],"predecessor-version":[{"id":40770,"href":"http:\/\/madeinzaragoza.es\/blog\/wp-json\/wp\/v2\/posts\/12021\/revisions\/40770"}],"wp:featuredmedia":[{"embeddable":true,"href":"http:\/\/madeinzaragoza.es\/blog\/wp-json\/wp\/v2\/media\/40771"}],"wp:attachment":[{"href":"http:\/\/madeinzaragoza.es\/blog\/wp-json\/wp\/v2\/media?parent=12021"}],"wp:term":[{"taxonomy":"category","embeddable":true,"href":"http:\/\/madeinzaragoza.es\/blog\/wp-json\/wp\/v2\/categories?post=12021"},{"taxonomy":"post_tag","embeddable":true,"href":"http:\/\/madeinzaragoza.es\/blog\/wp-json\/wp\/v2\/tags?post=12021"}],"curies":[{"name":"wp","href":"https:\/\/api.w.org\/{rel}","templated":true}]}}