{"id":11869,"date":"2016-06-25T18:49:08","date_gmt":"2016-06-25T17:49:08","guid":{"rendered":"http:\/\/madeinzaragoza.es\/blog\/?p=11869"},"modified":"2016-07-05T08:22:00","modified_gmt":"2016-07-05T07:22:00","slug":"un-jardin-de-calma-al-alcance-de-todos","status":"publish","type":"post","link":"http:\/\/madeinzaragoza.es\/blog\/un-jardin-de-calma-al-alcance-de-todos\/","title":{"rendered":"Un jard\u00edn de calma al alcance de todos"},"content":{"rendered":"<p><img loading=\"lazy\" decoding=\"async\" class=\"aligncenter wp-image-11870\" src=\"http:\/\/madeinzaragoza.es\/blog\/wp-content\/uploads\/2016\/06\/unspecified-II.jpg\" alt=\"unspecified II\" width=\"624\" height=\"416\" srcset=\"http:\/\/madeinzaragoza.es\/blog\/wp-content\/uploads\/2016\/06\/unspecified-II.jpg 1024w, http:\/\/madeinzaragoza.es\/blog\/wp-content\/uploads\/2016\/06\/unspecified-II-300x199.jpg 300w, http:\/\/madeinzaragoza.es\/blog\/wp-content\/uploads\/2016\/06\/unspecified-II-163x109.jpg 163w, http:\/\/madeinzaragoza.es\/blog\/wp-content\/uploads\/2016\/06\/unspecified-II-105x70.jpg 105w, http:\/\/madeinzaragoza.es\/blog\/wp-content\/uploads\/2016\/06\/unspecified-II-625x416.jpg 625w, http:\/\/madeinzaragoza.es\/blog\/wp-content\/uploads\/2016\/06\/unspecified-II-180x119.jpg 180w, http:\/\/madeinzaragoza.es\/blog\/wp-content\/uploads\/2016\/06\/unspecified-II-960x639.jpg 960w, http:\/\/madeinzaragoza.es\/blog\/wp-content\/uploads\/2016\/06\/unspecified-II-350x233.jpg 350w\" sizes=\"(max-width: 709px) 85vw, (max-width: 909px) 67vw, (max-width: 984px) 61vw, (max-width: 1362px) 45vw, 600px\" \/><\/p>\n<p>Llevamos un ritmo de vida demasiado r\u00e1pido en muchas ocasiones. A medida que se acumulan nuestras responsabilidades no tenemos la posibilidad de detenernos para disfrutar de las cosas importantes de la vida. \u00bfY que deber\u00eda ser m\u00e1s fundamental que nada? La respuesta es sencilla y ha estado siempre visible delante de nuestros ojos. Nosotros mismos.<\/p>\n<p>Uno de los recientes movimientos que se basa en estos conceptos es el que est\u00e1 realizando el centro comercial Gran Casa desde el pasado mes de Marzo. Bajo la nomenclatura de <strong>\u201cSlow Shopping\u201d, \u201cSlow Lifestyle\u201d y \u201cHappy Thinking\u201d<\/strong>, se nos proponen varias actividades para tomarnos la vida con m\u00e1s pausa, felicidad y \u00bfpor qu\u00e9 no? Darnos un peque\u00f1o capricho.<\/p>\n<p>Este mes de Junio, y hasta el d\u00eda 2 de Julio, se ha construido un oasis en pleno centro comercial. La idea es transportar al cliente a un paisaje selv\u00e1tico, donde la tranquilidad y la armon\u00eda sean sus principales aliados durante su estancia all\u00ed. La idea del \u201cSlow Lifestyle\u201d queda m\u00e1s que patente con esta actividad.<\/p>\n<p>A pesar de lo salvaje que puede aparentar una selva, <strong>se ha edificado pensando en la calma de un jard\u00edn zen<\/strong>. Helechos, nen\u00fafares y sonidos de animales, agua, viento y naturaleza en general, acompa\u00f1ar\u00e1n la experiencia de todos aquellos clientes que se decidan ir a ver tan hermosa isla tropical.<\/p>\n<p>Todas las personas que decidan pasearse por Gran Casa, tendr\u00e1n la opci\u00f3n de disfrutar de este gran peque\u00f1o oasis, donde desconectar por unos minutos de su ajetreada vida diaria. El c\u00famulo de sensaciones y la experiencia conseguida, seguro que no deja indiferente al usuario.<\/p>\n<p>Adem\u00e1s, entre <strong>todas las fotos subidas con el hashtag #vivegrancasa, cualquier participante podr\u00e1 ganar 100\u20ac\u00a0<\/strong><\/p>\n<p><img loading=\"lazy\" decoding=\"async\" class=\"aligncenter wp-image-11871\" src=\"http:\/\/madeinzaragoza.es\/blog\/wp-content\/uploads\/2016\/06\/FB_IMG_1466876840253.jpg\" alt=\"FB_IMG_1466876840253\" width=\"650\" height=\"569\" srcset=\"http:\/\/madeinzaragoza.es\/blog\/wp-content\/uploads\/2016\/06\/FB_IMG_1466876840253.jpg 720w, http:\/\/madeinzaragoza.es\/blog\/wp-content\/uploads\/2016\/06\/FB_IMG_1466876840253-300x262.jpg 300w, http:\/\/madeinzaragoza.es\/blog\/wp-content\/uploads\/2016\/06\/FB_IMG_1466876840253-625x546.jpg 625w, http:\/\/madeinzaragoza.es\/blog\/wp-content\/uploads\/2016\/06\/FB_IMG_1466876840253-180x157.jpg 180w, http:\/\/madeinzaragoza.es\/blog\/wp-content\/uploads\/2016\/06\/FB_IMG_1466876840253-350x306.jpg 350w\" sizes=\"(max-width: 709px) 85vw, (max-width: 909px) 67vw, (max-width: 984px) 61vw, (max-width: 1362px) 45vw, 600px\" \/><\/p>\n<p>&nbsp;<\/p>\n<p>Tras este mes expuesto en la plaza central del centro comercial, podremos ver el magn\u00edfico oasis selv\u00e1tico a lomos de un gigantesco remolque transparente de 6 metros de largo, que recorrer\u00e1 las calles de Zaragoza, en un original formato. Un box verde transparente, que sus creadores han denominado <strong>bot\u00e1nico m\u00f3vil<\/strong>.<\/p>\n<p><img loading=\"lazy\" decoding=\"async\" class=\"aligncenter wp-image-11874\" src=\"http:\/\/madeinzaragoza.es\/blog\/wp-content\/uploads\/2016\/06\/unspecified-19-1024x556.jpg\" alt=\"unspecified 19\" width=\"654\" height=\"355\" srcset=\"http:\/\/madeinzaragoza.es\/blog\/wp-content\/uploads\/2016\/06\/unspecified-19-1024x556.jpg 1024w, http:\/\/madeinzaragoza.es\/blog\/wp-content\/uploads\/2016\/06\/unspecified-19-300x163.jpg 300w, http:\/\/madeinzaragoza.es\/blog\/wp-content\/uploads\/2016\/06\/unspecified-19-625x339.jpg 625w, http:\/\/madeinzaragoza.es\/blog\/wp-content\/uploads\/2016\/06\/unspecified-19-180x97.jpg 180w, http:\/\/madeinzaragoza.es\/blog\/wp-content\/uploads\/2016\/06\/unspecified-19-960x521.jpg 960w, http:\/\/madeinzaragoza.es\/blog\/wp-content\/uploads\/2016\/06\/unspecified-19-350x190.jpg 350w, http:\/\/madeinzaragoza.es\/blog\/wp-content\/uploads\/2016\/06\/unspecified-19.jpg 1205w\" sizes=\"(max-width: 709px) 85vw, (max-width: 909px) 67vw, (max-width: 984px) 61vw, (max-width: 1362px) 45vw, 600px\" \/><\/p>\n<p>Interesante, \u00bfverdad?<\/p>\n<p>&nbsp;<\/p>\n","protected":false},"excerpt":{"rendered":"<p>Llevamos un ritmo de vida demasiado r\u00e1pido en muchas ocasiones. A medida que se acumulan nuestras responsabilidades no tenemos la posibilidad de detenernos para disfrutar de las cosas importantes de la vida. \u00bfY que deber\u00eda ser m\u00e1s fundamental que nada? La respuesta es sencilla y ha estado siempre visible delante de nuestros ojos. Nosotros mismos. &hellip; <a href=\"http:\/\/madeinzaragoza.es\/blog\/un-jardin-de-calma-al-alcance-de-todos\/\" class=\"more-link\">Continuar leyendo<span class=\"screen-reader-text\"> \u00abUn jard\u00edn de calma al alcance de todos\u00bb<\/span><\/a><\/p>\n","protected":false},"author":3,"featured_media":11870,"comment_status":"open","ping_status":"open","sticky":false,"template":"","format":"standard","meta":{"footnotes":""},"categories":[9],"tags":[],"yoast_head":"<!-- This site is optimized with the Yoast SEO plugin v19.7.2 - https:\/\/yoast.com\/wordpress\/plugins\/seo\/ -->\n<title>Un jard\u00edn de calma al alcance de todos - Made in Zaragoza<\/title>\n<meta name=\"robots\" content=\"index, follow, max-snippet:-1, max-image-preview:large, max-video-preview:-1\" \/>\n<link rel=\"canonical\" href=\"https:\/\/madeinzaragoza.es\/blog\/un-jardin-de-calma-al-alcance-de-todos\/\" \/>\n<meta property=\"og:locale\" content=\"es_ES\" \/>\n<meta property=\"og:type\" content=\"article\" \/>\n<meta property=\"og:title\" content=\"Un jard\u00edn de calma al alcance de todos - Made in Zaragoza\" \/>\n<meta property=\"og:description\" content=\"Llevamos un ritmo de vida demasiado r\u00e1pido en muchas ocasiones. A medida que se acumulan nuestras responsabilidades no tenemos la posibilidad de detenernos para disfrutar de las cosas importantes de la vida. \u00bfY que deber\u00eda ser m\u00e1s fundamental que nada? La respuesta es sencilla y ha estado siempre visible delante de nuestros ojos. Nosotros mismos. &hellip; Continuar leyendo &quot;Un jard\u00edn de calma al alcance de todos&quot;\" \/>\n<meta property=\"og:url\" content=\"https:\/\/madeinzaragoza.es\/blog\/un-jardin-de-calma-al-alcance-de-todos\/\" \/>\n<meta property=\"og:site_name\" content=\"Made in Zaragoza\" \/>\n<meta property=\"article:publisher\" content=\"https:\/\/www.facebook.com\/madeinzaragoza.es\/\" \/>\n<meta property=\"article:author\" content=\"misstechin\" \/>\n<meta property=\"article:published_time\" content=\"2016-06-25T17:49:08+00:00\" \/>\n<meta property=\"article:modified_time\" content=\"2016-07-05T07:22:00+00:00\" \/>\n<meta property=\"og:image\" content=\"https:\/\/madeinzaragoza.es\/blog\/wp-content\/uploads\/2016\/06\/unspecified-II.jpg\" \/>\n\t<meta property=\"og:image:width\" content=\"1024\" \/>\n\t<meta property=\"og:image:height\" content=\"682\" \/>\n\t<meta property=\"og:image:type\" content=\"image\/jpeg\" \/>\n<meta name=\"author\" content=\"Monica Gim\u00e9nez\" \/>\n<meta name=\"twitter:card\" content=\"summary\" \/>\n<meta name=\"twitter:creator\" content=\"@misstechin\" \/>\n<meta name=\"twitter:site\" content=\"@madeinzaragoza\" \/>\n<meta name=\"twitter:label1\" content=\"Escrito por\" \/>\n\t<meta name=\"twitter:data1\" content=\"Monica Gim\u00e9nez\" \/>\n\t<meta name=\"twitter:label2\" content=\"Tiempo de lectura\" \/>\n\t<meta name=\"twitter:data2\" content=\"2 minutos\" \/>\n<script type=\"application\/ld+json\" class=\"yoast-schema-graph\">{\"@context\":\"https:\/\/schema.org\",\"@graph\":[{\"@type\":\"Article\",\"@id\":\"https:\/\/madeinzaragoza.es\/blog\/un-jardin-de-calma-al-alcance-de-todos\/#article\",\"isPartOf\":{\"@id\":\"https:\/\/madeinzaragoza.es\/blog\/un-jardin-de-calma-al-alcance-de-todos\/\"},\"author\":{\"name\":\"Monica Gim\u00e9nez\",\"@id\":\"https:\/\/madeinzaragoza.es\/blog\/#\/schema\/person\/7f474fda5b3cfb05e3d9963093971cca\"},\"headline\":\"Un jard\u00edn de calma al alcance de todos\",\"datePublished\":\"2016-06-25T17:49:08+00:00\",\"dateModified\":\"2016-07-05T07:22:00+00:00\",\"mainEntityOfPage\":{\"@id\":\"https:\/\/madeinzaragoza.es\/blog\/un-jardin-de-calma-al-alcance-de-todos\/\"},\"wordCount\":361,\"commentCount\":0,\"publisher\":{\"@id\":\"https:\/\/madeinzaragoza.es\/blog\/#organization\"},\"articleSection\":[\"Econom\u00eda Creativa\"],\"inLanguage\":\"es\",\"potentialAction\":[{\"@type\":\"CommentAction\",\"name\":\"Comment\",\"target\":[\"https:\/\/madeinzaragoza.es\/blog\/un-jardin-de-calma-al-alcance-de-todos\/#respond\"]}]},{\"@type\":\"WebPage\",\"@id\":\"https:\/\/madeinzaragoza.es\/blog\/un-jardin-de-calma-al-alcance-de-todos\/\",\"url\":\"https:\/\/madeinzaragoza.es\/blog\/un-jardin-de-calma-al-alcance-de-todos\/\",\"name\":\"Un jard\u00edn de calma al alcance de todos - Made in Zaragoza\",\"isPartOf\":{\"@id\":\"https:\/\/madeinzaragoza.es\/blog\/#website\"},\"datePublished\":\"2016-06-25T17:49:08+00:00\",\"dateModified\":\"2016-07-05T07:22:00+00:00\",\"breadcrumb\":{\"@id\":\"https:\/\/madeinzaragoza.es\/blog\/un-jardin-de-calma-al-alcance-de-todos\/#breadcrumb\"},\"inLanguage\":\"es\",\"potentialAction\":[{\"@type\":\"ReadAction\",\"target\":[\"https:\/\/madeinzaragoza.es\/blog\/un-jardin-de-calma-al-alcance-de-todos\/\"]}]},{\"@type\":\"BreadcrumbList\",\"@id\":\"https:\/\/madeinzaragoza.es\/blog\/un-jardin-de-calma-al-alcance-de-todos\/#breadcrumb\",\"itemListElement\":[{\"@type\":\"ListItem\",\"position\":1,\"name\":\"Portada\",\"item\":\"https:\/\/madeinzaragoza.es\/blog\/\"},{\"@type\":\"ListItem\",\"position\":2,\"name\":\"Un jard\u00edn de calma al alcance de todos\"}]},{\"@type\":\"WebSite\",\"@id\":\"https:\/\/madeinzaragoza.es\/blog\/#website\",\"url\":\"https:\/\/madeinzaragoza.es\/blog\/\",\"name\":\"Made in Zaragoza\",\"description\":\"Blog de MadeinZGZ, Red de Econom\u00eda Creativa de Zaragoza\",\"publisher\":{\"@id\":\"https:\/\/madeinzaragoza.es\/blog\/#organization\"},\"potentialAction\":[{\"@type\":\"SearchAction\",\"target\":{\"@type\":\"EntryPoint\",\"urlTemplate\":\"https:\/\/madeinzaragoza.es\/blog\/?s={search_term_string}\"},\"query-input\":\"required name=search_term_string\"}],\"inLanguage\":\"es\"},{\"@type\":\"Organization\",\"@id\":\"https:\/\/madeinzaragoza.es\/blog\/#organization\",\"name\":\"Made In Zaragoza\",\"url\":\"https:\/\/madeinzaragoza.es\/blog\/\",\"sameAs\":[\"https:\/\/www.instagram.com\/madeinzaragoza.es\/\",\"https:\/\/www.facebook.com\/madeinzaragoza.es\/\",\"https:\/\/twitter.com\/madeinzaragoza\"],\"logo\":{\"@type\":\"ImageObject\",\"inLanguage\":\"es\",\"@id\":\"https:\/\/madeinzaragoza.es\/blog\/#\/schema\/logo\/image\/\",\"url\":\"https:\/\/madeinzaragoza.es\/blog\/wp-content\/uploads\/2022\/05\/logo.png\",\"contentUrl\":\"https:\/\/madeinzaragoza.es\/blog\/wp-content\/uploads\/2022\/05\/logo.png\",\"width\":193,\"height\":176,\"caption\":\"Made In Zaragoza\"},\"image\":{\"@id\":\"https:\/\/madeinzaragoza.es\/blog\/#\/schema\/logo\/image\/\"}},{\"@type\":\"Person\",\"@id\":\"https:\/\/madeinzaragoza.es\/blog\/#\/schema\/person\/7f474fda5b3cfb05e3d9963093971cca\",\"name\":\"Monica Gim\u00e9nez\",\"image\":{\"@type\":\"ImageObject\",\"inLanguage\":\"es\",\"@id\":\"https:\/\/madeinzaragoza.es\/blog\/#\/schema\/person\/image\/\",\"url\":\"http:\/\/2.gravatar.com\/avatar\/bdd60894f529a2929832a56d3c3eb2f2?s=96&d=mm&r=g\",\"contentUrl\":\"http:\/\/2.gravatar.com\/avatar\/bdd60894f529a2929832a56d3c3eb2f2?s=96&d=mm&r=g\",\"caption\":\"Monica Gim\u00e9nez\"},\"description\":\"Coordinadora del blog de MadeinZaragoza. Me dedico a la comunicaci\u00f3n y al marketing online. Me gusta el teatro, leer c\u00f3mic, comer sushi y descubrir nuevos lugares con encanto en mi ciudad.\",\"sameAs\":[\"https:\/\/misstechin.com\",\"misstechin\",\"https:\/\/twitter.com\/misstechin\"],\"url\":\"http:\/\/madeinzaragoza.es\/blog\/author\/moni\/\"}]}<\/script>\n<!-- \/ Yoast SEO plugin. -->","yoast_head_json":{"title":"Un jard\u00edn de calma al alcance de todos - Made in Zaragoza","robots":{"index":"index","follow":"follow","max-snippet":"max-snippet:-1","max-image-preview":"max-image-preview:large","max-video-preview":"max-video-preview:-1"},"canonical":"https:\/\/madeinzaragoza.es\/blog\/un-jardin-de-calma-al-alcance-de-todos\/","og_locale":"es_ES","og_type":"article","og_title":"Un jard\u00edn de calma al alcance de todos - Made in Zaragoza","og_description":"Llevamos un ritmo de vida demasiado r\u00e1pido en muchas ocasiones. A medida que se acumulan nuestras responsabilidades no tenemos la posibilidad de detenernos para disfrutar de las cosas importantes de la vida. \u00bfY que deber\u00eda ser m\u00e1s fundamental que nada? La respuesta es sencilla y ha estado siempre visible delante de nuestros ojos. Nosotros mismos. &hellip; Continuar leyendo \"Un jard\u00edn de calma al alcance de todos\"","og_url":"https:\/\/madeinzaragoza.es\/blog\/un-jardin-de-calma-al-alcance-de-todos\/","og_site_name":"Made in Zaragoza","article_publisher":"https:\/\/www.facebook.com\/madeinzaragoza.es\/","article_author":"misstechin","article_published_time":"2016-06-25T17:49:08+00:00","article_modified_time":"2016-07-05T07:22:00+00:00","og_image":[{"width":1024,"height":682,"url":"https:\/\/madeinzaragoza.es\/blog\/wp-content\/uploads\/2016\/06\/unspecified-II.jpg","type":"image\/jpeg"}],"author":"Monica Gim\u00e9nez","twitter_card":"summary","twitter_creator":"@misstechin","twitter_site":"@madeinzaragoza","twitter_misc":{"Escrito por":"Monica Gim\u00e9nez","Tiempo de lectura":"2 minutos"},"schema":{"@context":"https:\/\/schema.org","@graph":[{"@type":"Article","@id":"https:\/\/madeinzaragoza.es\/blog\/un-jardin-de-calma-al-alcance-de-todos\/#article","isPartOf":{"@id":"https:\/\/madeinzaragoza.es\/blog\/un-jardin-de-calma-al-alcance-de-todos\/"},"author":{"name":"Monica Gim\u00e9nez","@id":"https:\/\/madeinzaragoza.es\/blog\/#\/schema\/person\/7f474fda5b3cfb05e3d9963093971cca"},"headline":"Un jard\u00edn de calma al alcance de todos","datePublished":"2016-06-25T17:49:08+00:00","dateModified":"2016-07-05T07:22:00+00:00","mainEntityOfPage":{"@id":"https:\/\/madeinzaragoza.es\/blog\/un-jardin-de-calma-al-alcance-de-todos\/"},"wordCount":361,"commentCount":0,"publisher":{"@id":"https:\/\/madeinzaragoza.es\/blog\/#organization"},"articleSection":["Econom\u00eda Creativa"],"inLanguage":"es","potentialAction":[{"@type":"CommentAction","name":"Comment","target":["https:\/\/madeinzaragoza.es\/blog\/un-jardin-de-calma-al-alcance-de-todos\/#respond"]}]},{"@type":"WebPage","@id":"https:\/\/madeinzaragoza.es\/blog\/un-jardin-de-calma-al-alcance-de-todos\/","url":"https:\/\/madeinzaragoza.es\/blog\/un-jardin-de-calma-al-alcance-de-todos\/","name":"Un jard\u00edn de calma al alcance de todos - Made in Zaragoza","isPartOf":{"@id":"https:\/\/madeinzaragoza.es\/blog\/#website"},"datePublished":"2016-06-25T17:49:08+00:00","dateModified":"2016-07-05T07:22:00+00:00","breadcrumb":{"@id":"https:\/\/madeinzaragoza.es\/blog\/un-jardin-de-calma-al-alcance-de-todos\/#breadcrumb"},"inLanguage":"es","potentialAction":[{"@type":"ReadAction","target":["https:\/\/madeinzaragoza.es\/blog\/un-jardin-de-calma-al-alcance-de-todos\/"]}]},{"@type":"BreadcrumbList","@id":"https:\/\/madeinzaragoza.es\/blog\/un-jardin-de-calma-al-alcance-de-todos\/#breadcrumb","itemListElement":[{"@type":"ListItem","position":1,"name":"Portada","item":"https:\/\/madeinzaragoza.es\/blog\/"},{"@type":"ListItem","position":2,"name":"Un jard\u00edn de calma al alcance de todos"}]},{"@type":"WebSite","@id":"https:\/\/madeinzaragoza.es\/blog\/#website","url":"https:\/\/madeinzaragoza.es\/blog\/","name":"Made in Zaragoza","description":"Blog de MadeinZGZ, Red de Econom\u00eda Creativa de Zaragoza","publisher":{"@id":"https:\/\/madeinzaragoza.es\/blog\/#organization"},"potentialAction":[{"@type":"SearchAction","target":{"@type":"EntryPoint","urlTemplate":"https:\/\/madeinzaragoza.es\/blog\/?s={search_term_string}"},"query-input":"required name=search_term_string"}],"inLanguage":"es"},{"@type":"Organization","@id":"https:\/\/madeinzaragoza.es\/blog\/#organization","name":"Made In Zaragoza","url":"https:\/\/madeinzaragoza.es\/blog\/","sameAs":["https:\/\/www.instagram.com\/madeinzaragoza.es\/","https:\/\/www.facebook.com\/madeinzaragoza.es\/","https:\/\/twitter.com\/madeinzaragoza"],"logo":{"@type":"ImageObject","inLanguage":"es","@id":"https:\/\/madeinzaragoza.es\/blog\/#\/schema\/logo\/image\/","url":"https:\/\/madeinzaragoza.es\/blog\/wp-content\/uploads\/2022\/05\/logo.png","contentUrl":"https:\/\/madeinzaragoza.es\/blog\/wp-content\/uploads\/2022\/05\/logo.png","width":193,"height":176,"caption":"Made In Zaragoza"},"image":{"@id":"https:\/\/madeinzaragoza.es\/blog\/#\/schema\/logo\/image\/"}},{"@type":"Person","@id":"https:\/\/madeinzaragoza.es\/blog\/#\/schema\/person\/7f474fda5b3cfb05e3d9963093971cca","name":"Monica Gim\u00e9nez","image":{"@type":"ImageObject","inLanguage":"es","@id":"https:\/\/madeinzaragoza.es\/blog\/#\/schema\/person\/image\/","url":"http:\/\/2.gravatar.com\/avatar\/bdd60894f529a2929832a56d3c3eb2f2?s=96&d=mm&r=g","contentUrl":"http:\/\/2.gravatar.com\/avatar\/bdd60894f529a2929832a56d3c3eb2f2?s=96&d=mm&r=g","caption":"Monica Gim\u00e9nez"},"description":"Coordinadora del blog de MadeinZaragoza. Me dedico a la comunicaci\u00f3n y al marketing online. Me gusta el teatro, leer c\u00f3mic, comer sushi y descubrir nuevos lugares con encanto en mi ciudad.","sameAs":["https:\/\/misstechin.com","misstechin","https:\/\/twitter.com\/misstechin"],"url":"http:\/\/madeinzaragoza.es\/blog\/author\/moni\/"}]}},"_links":{"self":[{"href":"http:\/\/madeinzaragoza.es\/blog\/wp-json\/wp\/v2\/posts\/11869"}],"collection":[{"href":"http:\/\/madeinzaragoza.es\/blog\/wp-json\/wp\/v2\/posts"}],"about":[{"href":"http:\/\/madeinzaragoza.es\/blog\/wp-json\/wp\/v2\/types\/post"}],"author":[{"embeddable":true,"href":"http:\/\/madeinzaragoza.es\/blog\/wp-json\/wp\/v2\/users\/3"}],"replies":[{"embeddable":true,"href":"http:\/\/madeinzaragoza.es\/blog\/wp-json\/wp\/v2\/comments?post=11869"}],"version-history":[{"count":3,"href":"http:\/\/madeinzaragoza.es\/blog\/wp-json\/wp\/v2\/posts\/11869\/revisions"}],"predecessor-version":[{"id":11876,"href":"http:\/\/madeinzaragoza.es\/blog\/wp-json\/wp\/v2\/posts\/11869\/revisions\/11876"}],"wp:featuredmedia":[{"embeddable":true,"href":"http:\/\/madeinzaragoza.es\/blog\/wp-json\/wp\/v2\/media\/11870"}],"wp:attachment":[{"href":"http:\/\/madeinzaragoza.es\/blog\/wp-json\/wp\/v2\/media?parent=11869"}],"wp:term":[{"taxonomy":"category","embeddable":true,"href":"http:\/\/madeinzaragoza.es\/blog\/wp-json\/wp\/v2\/categories?post=11869"},{"taxonomy":"post_tag","embeddable":true,"href":"http:\/\/madeinzaragoza.es\/blog\/wp-json\/wp\/v2\/tags?post=11869"}],"curies":[{"name":"wp","href":"https:\/\/api.w.org\/{rel}","templated":true}]}}