{"id":11588,"date":"2016-05-29T11:06:05","date_gmt":"2016-05-29T10:06:05","guid":{"rendered":"http:\/\/madeinzaragoza.es\/blog\/?p=11588"},"modified":"2022-04-04T22:23:38","modified_gmt":"2022-04-04T21:23:38","slug":"los-mundos-oniricos-de-cecilia-de-val","status":"publish","type":"post","link":"http:\/\/madeinzaragoza.es\/blog\/los-mundos-oniricos-de-cecilia-de-val\/","title":{"rendered":"Los mundos on\u00edricos de Cecilia de Val"},"content":{"rendered":"<h3><span style=\"color: #000000;\"><strong>Objeto de Deseo III: Cecilia de Val<\/strong><\/span><\/h3>\n<p style=\"text-align: justify;\"><strong>Cecilia de Val<\/strong> (Zaragoza, 1975) es una fot\u00f3grafa y artista con una amplia trayectoria profesional. Su obra fotogr\u00e1fica es un viaje visual por un mundo on\u00edrico lleno de narraciones literarias donde los personajes (muchas veces autorrepresentaciones de la propia artista) aparecen en escenarios y arquitecturas propias del subconsciente, escenarios simb\u00f3licos llenos de sutilidad y belleza. Un maravilloso viaje a un mundo tan personal como enigm\u00e1tico.<\/p>\n<p style=\"text-align: justify;\"><a href=\"http:\/\/madeinzaragoza.es\/blog\/wp-content\/uploads\/2016\/05\/cecilia4.jpg\"><img loading=\"lazy\" decoding=\"async\" class=\"aligncenter size-full wp-image-11593\" src=\"http:\/\/madeinzaragoza.es\/blog\/wp-content\/uploads\/2016\/05\/cecilia4.jpg\" alt=\"cecilia4\" width=\"625\" height=\"252\" srcset=\"http:\/\/madeinzaragoza.es\/blog\/wp-content\/uploads\/2016\/05\/cecilia4.jpg 625w, http:\/\/madeinzaragoza.es\/blog\/wp-content\/uploads\/2016\/05\/cecilia4-300x120.jpg 300w, http:\/\/madeinzaragoza.es\/blog\/wp-content\/uploads\/2016\/05\/cecilia4-180x72.jpg 180w, http:\/\/madeinzaragoza.es\/blog\/wp-content\/uploads\/2016\/05\/cecilia4-350x141.jpg 350w\" sizes=\"(max-width: 709px) 85vw, (max-width: 909px) 67vw, (max-width: 984px) 61vw, (max-width: 1362px) 45vw, 600px\" \/><\/a><\/p>\n<p style=\"text-align: justify;\">En sus obras, <strong>Cecilia de Val<\/strong> parte del concepto tradicional de fotograf\u00eda como elemento documental de la realidad para ir m\u00e1s all\u00e1 y transformarla, jugando con la hibridaci\u00f3n con otras disciplinas como la pintura, la escultura, la instalaci\u00f3n o la performance. Sus obras tienen una infinidad de referencias e influencias que van desde la cinematograf\u00eda al c\u00f3mic, pasando por la ciencia ficci\u00f3n, el cine fant\u00e1stico, la literatura tradicional, las narraciones infantiles, la pintura cl\u00e1sica y renacentista o incluso la m\u00fasica folk.<\/p>\n<p style=\"text-align: justify;\">En sus series fot\u00f3graficas, vemos c\u00f3mo juega con la experimentaci\u00f3n visual, con los conceptos art\u00edsticos tradicionales y, sobre todo, con la fina l\u00ednea que separa la realidad de la ficci\u00f3n, el sue\u00f1o de la realidad. Adem\u00e1s, aparece la propia artista autorepresentada como motivo central de la imagen. Cecilia se introduce en la imagen, en su sue\u00f1o, y es la protagonista -casi literaria- de sus narraciones y delirios, duplic\u00e1ndose o incluso multiplic\u00e1ndose en muchas ocasiones para hablarnos de temas como la identidad, la individualidad, el ser, temas de g\u00e9nero, feminidad y belleza.<\/p>\n<p style=\"text-align: justify;\"><img loading=\"lazy\" decoding=\"async\" class=\"aligncenter size-full wp-image-11594\" src=\"http:\/\/madeinzaragoza.es\/blog\/wp-content\/uploads\/2016\/05\/cecilia2.jpg\" alt=\"cecilia2\" width=\"625\" height=\"501\" srcset=\"http:\/\/madeinzaragoza.es\/blog\/wp-content\/uploads\/2016\/05\/cecilia2.jpg 625w, http:\/\/madeinzaragoza.es\/blog\/wp-content\/uploads\/2016\/05\/cecilia2-300x240.jpg 300w, http:\/\/madeinzaragoza.es\/blog\/wp-content\/uploads\/2016\/05\/cecilia2-180x144.jpg 180w, http:\/\/madeinzaragoza.es\/blog\/wp-content\/uploads\/2016\/05\/cecilia2-350x280.jpg 350w\" sizes=\"(max-width: 709px) 85vw, (max-width: 909px) 67vw, (max-width: 984px) 61vw, (max-width: 1362px) 45vw, 600px\" \/><\/p>\n<p style=\"text-align: justify;\">El concepto de <strong>belleza<\/strong> es un tema recurrente en la obra de Cecilia. Belleza entendida como la caracter\u00edstica de algo que ofrece una sensaci\u00f3n de placer o un sentimiento de satisfacci\u00f3n a trav\u00e9s de una experiencia sensorial, en su caso, a trav\u00e9s de la contemplaci\u00f3n. La belleza como tal es un concepto subjetivo y Cecilia de Val investiga en estos terminos de subjetividad aproximando el concepto de belleza a otras sensaciones tales como el miedo, la inquietud o el dolor creando im\u00e1genes perturbadoras llenas de fantas\u00eda, evocaciones y referencias. Y es que la belleza puede atraer y asustar por igual.<\/p>\n<p style=\"text-align: justify;\">En este personal imaginario visual, Cecilia aparece retratada como protagonista en escenarios on\u00edricos creados con extremo cuidado e increible detalle donde comparte espacio -y protagonismo- con <strong>animales<\/strong> que parecen extra\u00eddos de cuentos infantiles o del mismo subconsciente personal de la artista. El personaje del animal, al igual que en las f\u00e1bulas y los cuentos infantiles, le permiten crear un di\u00e1logo simb\u00f3lico lleno de referencias concpetuales. La podemos ver compartiendo picnic con un rinoceronte en un entorno postindustrial, dormida bajo un tigre, con un buitre, rodeada de lobos o cuervos, junto a un cebra en un bosque postapocal\u00edptico o en una charca flotando cual <em>Ofelia<\/em> en el agua junto a flamencos. Im\u00e1genes eternas suspendidas en el tiempo que nos causan inquietud por lo extra\u00f1o de la situaci\u00f3n, provocando curiosidad y a la vez temor por lo que puede suceder o ha podido haber sucedido.<\/p>\n<p style=\"text-align: justify;\"><img loading=\"lazy\" decoding=\"async\" class=\"aligncenter size-full wp-image-11595\" src=\"http:\/\/madeinzaragoza.es\/blog\/wp-content\/uploads\/2016\/05\/cecilia3.jpg\" alt=\"cecilia3\" width=\"625\" height=\"486\" srcset=\"http:\/\/madeinzaragoza.es\/blog\/wp-content\/uploads\/2016\/05\/cecilia3.jpg 625w, http:\/\/madeinzaragoza.es\/blog\/wp-content\/uploads\/2016\/05\/cecilia3-300x233.jpg 300w, http:\/\/madeinzaragoza.es\/blog\/wp-content\/uploads\/2016\/05\/cecilia3-180x139.jpg 180w, http:\/\/madeinzaragoza.es\/blog\/wp-content\/uploads\/2016\/05\/cecilia3-350x272.jpg 350w\" sizes=\"(max-width: 709px) 85vw, (max-width: 909px) 67vw, (max-width: 984px) 61vw, (max-width: 1362px) 45vw, 600px\" \/><\/p>\n<p style=\"text-align: justify;\">Al mismo tiempo que Cecilia se presenta como protagonista de sus sue\u00f1os, va ofreciendo protagonismo tambi\u00e9n al paisaje o escenario donde recrea sus fantas\u00edas. Sus escenarios son seleccionados con extremo cuidado y detalle; son espacios industriales, postindustriales y naturales. En la b\u00fasqueda de escenarios tambi\u00e9n se puede ver una evoluci\u00f3n; de los primeros espacios usados que son arquitecturas volum\u00e9tricas en las que aparece la fot\u00f3grafa multiplicada va pasando a escenarios industriales y postindustriales, grandes espacios en ruinas, degradados, olvidados y rescatados por Cecilia para vivir sus fantas\u00edas narrativas. Poco a poco de los escenarios industriales, t\u00e1citamente urbanos o periurbanos, va pasando a espacios naturales donde la protagonista aparece como una heroina literaria jugando m\u00faltiples papeles (desde una inquietante <em>Caperucita Roja<\/em> a la m\u00edtica <em>Ofelia<\/em> de Hamlet). El uso de los espacios naturales de indudable belleza se va haciendo m\u00e1s habitual y Cecilia ahonda en el concepto de <strong>belleza natural<\/strong> y de lo <strong>sublime<\/strong>, entendido como la belleza extrema, casi irracional, que incluso puede provocar dolor por la imposibilidad de asimilarla.<\/p>\n<p style=\"text-align: justify;\"><img loading=\"lazy\" decoding=\"async\" class=\"aligncenter wp-image-11597 size-full\" src=\"http:\/\/madeinzaragoza.es\/blog\/wp-content\/uploads\/2016\/05\/Leto.jpg\" alt=\"Leto\" width=\"625\" height=\"270\" srcset=\"http:\/\/madeinzaragoza.es\/blog\/wp-content\/uploads\/2016\/05\/Leto.jpg 625w, http:\/\/madeinzaragoza.es\/blog\/wp-content\/uploads\/2016\/05\/Leto-300x129.jpg 300w, http:\/\/madeinzaragoza.es\/blog\/wp-content\/uploads\/2016\/05\/Leto-180x77.jpg 180w, http:\/\/madeinzaragoza.es\/blog\/wp-content\/uploads\/2016\/05\/Leto-350x151.jpg 350w\" sizes=\"(max-width: 709px) 85vw, (max-width: 909px) 67vw, (max-width: 984px) 61vw, (max-width: 1362px) 45vw, 600px\" \/><\/p>\n<p style=\"text-align: justify;\"><img loading=\"lazy\" decoding=\"async\" class=\"aligncenter size-full wp-image-11598\" src=\"http:\/\/madeinzaragoza.es\/blog\/wp-content\/uploads\/2016\/05\/Leto2.jpg\" alt=\"Leto2\" width=\"625\" height=\"278\" srcset=\"http:\/\/madeinzaragoza.es\/blog\/wp-content\/uploads\/2016\/05\/Leto2.jpg 625w, http:\/\/madeinzaragoza.es\/blog\/wp-content\/uploads\/2016\/05\/Leto2-300x133.jpg 300w, http:\/\/madeinzaragoza.es\/blog\/wp-content\/uploads\/2016\/05\/Leto2-180x80.jpg 180w, http:\/\/madeinzaragoza.es\/blog\/wp-content\/uploads\/2016\/05\/Leto2-350x155.jpg 350w\" sizes=\"(max-width: 709px) 85vw, (max-width: 909px) 67vw, (max-width: 984px) 61vw, (max-width: 1362px) 45vw, 600px\" \/><\/p>\n<p style=\"text-align: justify;\">Investigando en el g\u00e9nero del paisaje, Cecilia va cediendo protagonismo tanto a otras personas (introduce personajes masculinos) como al paisaje, en un proceso en el que se va perdiendo casi cualquier referencia del individuo en la imagen. En una de sus \u00faltimas series <em><strong>\u00abLa pesanteur\u00bb,<\/strong><\/em> el paisaje cobra total protagonismo y la artista plantea una aproximaci\u00f3n al desamparo que sufre el ser humano al haberse alejado de la naturaleza analizando el alejamiento del hombre de la naturaleza como algo inevitable de la sociedad posmoderna. \u00danicamente vemos, en algunos casos, una\u00a0 cabellera suspendida en el aire en esos entornos naturales misteriosos, una referencia simb\u00f3lica o met\u00e1fora de la levedad y del desamparo del ser humano.<\/p>\n<p style=\"text-align: justify;\">\u00a0<a href=\"http:\/\/madeinzaragoza.es\/blog\/wp-content\/uploads\/2016\/05\/feroz-cecilia-de-val__4_37x50.jpg\"><img loading=\"lazy\" decoding=\"async\" class=\"aligncenter size-full wp-image-11632\" src=\"http:\/\/madeinzaragoza.es\/blog\/wp-content\/uploads\/2016\/05\/cecilia5.jpg\" alt=\"cecilia5\" width=\"625\" height=\"425\" srcset=\"http:\/\/madeinzaragoza.es\/blog\/wp-content\/uploads\/2016\/05\/cecilia5.jpg 625w, http:\/\/madeinzaragoza.es\/blog\/wp-content\/uploads\/2016\/05\/cecilia5-300x204.jpg 300w, http:\/\/madeinzaragoza.es\/blog\/wp-content\/uploads\/2016\/05\/cecilia5-105x70.jpg 105w, http:\/\/madeinzaragoza.es\/blog\/wp-content\/uploads\/2016\/05\/cecilia5-180x122.jpg 180w, http:\/\/madeinzaragoza.es\/blog\/wp-content\/uploads\/2016\/05\/cecilia5-350x238.jpg 350w\" sizes=\"(max-width: 709px) 85vw, (max-width: 909px) 67vw, (max-width: 984px) 61vw, (max-width: 1362px) 45vw, 600px\" \/><\/a><\/p>\n<p style=\"text-align: justify;\">Ahora <strong>Cecilia de Val llega<\/strong> a <strong>C\u00f3rner MIZ<\/strong> para realizar una intervenci\u00f3n en la que, a trav\u00e9s de una foto-instalaci\u00f3n, va a reflexionar sobre la definici\u00f3n de\u00a0fotograf\u00eda en la era tecnol\u00f3gica y su car\u00e1cter\u00a0binario que bascula entre realidad y virtualidad. A partir de im\u00e1genes de\u00a0paisajes acompa\u00f1adas por cristal o metacrilato intervenido, Cecilia establece un di\u00e1logo entre fotograf\u00eda y objeto en una \u00e9poca en la que la fotograf\u00eda est\u00e1 poco a poco desmaterializ\u00e1ndose.<\/p>\n<p style=\"text-align: justify;\">Presentaci\u00f3n de la intervenci\u00f3n: jueves 2 de junio de 2016 en Zaragoza Activa (La Azucarera)<\/p>\n<p style=\"text-align: justify;\"><span style=\"color: #333333;\"><em>Fotograf\u00edas: Cecilia de Val.<\/em><\/span><\/p>\n","protected":false},"excerpt":{"rendered":"<p>Objeto de Deseo III: Cecilia de Val Cecilia de Val (Zaragoza, 1975) es una fot\u00f3grafa y artista con una amplia trayectoria profesional. Su obra fotogr\u00e1fica es un viaje visual por un mundo on\u00edrico lleno de narraciones literarias donde los personajes (muchas veces autorrepresentaciones de la propia artista) aparecen en escenarios y arquitecturas propias del subconsciente, &hellip; <a href=\"http:\/\/madeinzaragoza.es\/blog\/los-mundos-oniricos-de-cecilia-de-val\/\" class=\"more-link\">Continuar leyendo<span class=\"screen-reader-text\"> \u00abLos mundos on\u00edricos de Cecilia de Val\u00bb<\/span><\/a><\/p>\n","protected":false},"author":36,"featured_media":11592,"comment_status":"closed","ping_status":"closed","sticky":false,"template":"","format":"standard","meta":{"footnotes":""},"categories":[831,829],"tags":[1279,1338,30,945,1028,1024],"yoast_head":"<!-- This site is optimized with the Yoast SEO plugin v19.7.2 - https:\/\/yoast.com\/wordpress\/plugins\/seo\/ -->\n<title>Los mundos on\u00edricos de Cecilia de Val - Made in Zaragoza<\/title>\n<meta name=\"robots\" content=\"index, follow, max-snippet:-1, max-image-preview:large, max-video-preview:-1\" \/>\n<link rel=\"canonical\" href=\"https:\/\/madeinzaragoza.es\/blog\/los-mundos-oniricos-de-cecilia-de-val\/\" \/>\n<meta property=\"og:locale\" content=\"es_ES\" \/>\n<meta property=\"og:type\" content=\"article\" \/>\n<meta property=\"og:title\" content=\"Los mundos on\u00edricos de Cecilia de Val - Made in Zaragoza\" \/>\n<meta property=\"og:description\" content=\"Objeto de Deseo III: Cecilia de Val Cecilia de Val (Zaragoza, 1975) es una fot\u00f3grafa y artista con una amplia trayectoria profesional. Su obra fotogr\u00e1fica es un viaje visual por un mundo on\u00edrico lleno de narraciones literarias donde los personajes (muchas veces autorrepresentaciones de la propia artista) aparecen en escenarios y arquitecturas propias del subconsciente, &hellip; Continuar leyendo &quot;Los mundos on\u00edricos de Cecilia de Val&quot;\" \/>\n<meta property=\"og:url\" content=\"https:\/\/madeinzaragoza.es\/blog\/los-mundos-oniricos-de-cecilia-de-val\/\" \/>\n<meta property=\"og:site_name\" content=\"Made in Zaragoza\" \/>\n<meta property=\"article:publisher\" content=\"https:\/\/www.facebook.com\/madeinzaragoza.es\/\" \/>\n<meta property=\"article:author\" content=\"zarayorkers\" \/>\n<meta property=\"article:published_time\" content=\"2016-05-29T10:06:05+00:00\" \/>\n<meta property=\"article:modified_time\" content=\"2022-04-04T21:23:38+00:00\" \/>\n<meta property=\"og:image\" content=\"https:\/\/madeinzaragoza.es\/blog\/wp-content\/uploads\/2016\/05\/cecilia1.jpg\" \/>\n\t<meta property=\"og:image:width\" content=\"650\" \/>\n\t<meta property=\"og:image:height\" content=\"280\" \/>\n\t<meta property=\"og:image:type\" content=\"image\/jpeg\" \/>\n<meta name=\"author\" content=\"Sergio Sevilla\" \/>\n<meta name=\"twitter:card\" content=\"summary\" \/>\n<meta name=\"twitter:creator\" content=\"@madeinzaragoza\" \/>\n<meta name=\"twitter:site\" content=\"@madeinzaragoza\" \/>\n<meta name=\"twitter:label1\" content=\"Escrito por\" \/>\n\t<meta name=\"twitter:data1\" content=\"Sergio Sevilla\" \/>\n\t<meta name=\"twitter:label2\" content=\"Tiempo de lectura\" \/>\n\t<meta name=\"twitter:data2\" content=\"5 minutos\" \/>\n<script type=\"application\/ld+json\" class=\"yoast-schema-graph\">{\"@context\":\"https:\/\/schema.org\",\"@graph\":[{\"@type\":\"Article\",\"@id\":\"https:\/\/madeinzaragoza.es\/blog\/los-mundos-oniricos-de-cecilia-de-val\/#article\",\"isPartOf\":{\"@id\":\"https:\/\/madeinzaragoza.es\/blog\/los-mundos-oniricos-de-cecilia-de-val\/\"},\"author\":{\"name\":\"Sergio Sevilla\",\"@id\":\"https:\/\/madeinzaragoza.es\/blog\/#\/schema\/person\/fd836a8fe1177b6200bc8deffc3ad342\"},\"headline\":\"Los mundos on\u00edricos de Cecilia de Val\",\"datePublished\":\"2016-05-29T10:06:05+00:00\",\"dateModified\":\"2022-04-04T21:23:38+00:00\",\"mainEntityOfPage\":{\"@id\":\"https:\/\/madeinzaragoza.es\/blog\/los-mundos-oniricos-de-cecilia-de-val\/\"},\"wordCount\":948,\"publisher\":{\"@id\":\"https:\/\/madeinzaragoza.es\/blog\/#organization\"},\"keywords\":[\"Cecilia de Val\",\"CornerMIZ\",\"fotografia\",\"intervenci\u00f3n\",\"Sergio Sevilla\",\"zarayorkers\"],\"articleSection\":[\"CornerMIZ\",\"Cultura\"],\"inLanguage\":\"es\"},{\"@type\":\"WebPage\",\"@id\":\"https:\/\/madeinzaragoza.es\/blog\/los-mundos-oniricos-de-cecilia-de-val\/\",\"url\":\"https:\/\/madeinzaragoza.es\/blog\/los-mundos-oniricos-de-cecilia-de-val\/\",\"name\":\"Los mundos on\u00edricos de Cecilia de Val - Made in Zaragoza\",\"isPartOf\":{\"@id\":\"https:\/\/madeinzaragoza.es\/blog\/#website\"},\"datePublished\":\"2016-05-29T10:06:05+00:00\",\"dateModified\":\"2022-04-04T21:23:38+00:00\",\"breadcrumb\":{\"@id\":\"https:\/\/madeinzaragoza.es\/blog\/los-mundos-oniricos-de-cecilia-de-val\/#breadcrumb\"},\"inLanguage\":\"es\",\"potentialAction\":[{\"@type\":\"ReadAction\",\"target\":[\"https:\/\/madeinzaragoza.es\/blog\/los-mundos-oniricos-de-cecilia-de-val\/\"]}]},{\"@type\":\"BreadcrumbList\",\"@id\":\"https:\/\/madeinzaragoza.es\/blog\/los-mundos-oniricos-de-cecilia-de-val\/#breadcrumb\",\"itemListElement\":[{\"@type\":\"ListItem\",\"position\":1,\"name\":\"Portada\",\"item\":\"https:\/\/madeinzaragoza.es\/blog\/\"},{\"@type\":\"ListItem\",\"position\":2,\"name\":\"Los mundos on\u00edricos de Cecilia de Val\"}]},{\"@type\":\"WebSite\",\"@id\":\"https:\/\/madeinzaragoza.es\/blog\/#website\",\"url\":\"https:\/\/madeinzaragoza.es\/blog\/\",\"name\":\"Made in Zaragoza\",\"description\":\"Blog de MadeinZGZ, Red de Econom\u00eda Creativa de Zaragoza\",\"publisher\":{\"@id\":\"https:\/\/madeinzaragoza.es\/blog\/#organization\"},\"potentialAction\":[{\"@type\":\"SearchAction\",\"target\":{\"@type\":\"EntryPoint\",\"urlTemplate\":\"https:\/\/madeinzaragoza.es\/blog\/?s={search_term_string}\"},\"query-input\":\"required name=search_term_string\"}],\"inLanguage\":\"es\"},{\"@type\":\"Organization\",\"@id\":\"https:\/\/madeinzaragoza.es\/blog\/#organization\",\"name\":\"Made In Zaragoza\",\"url\":\"https:\/\/madeinzaragoza.es\/blog\/\",\"sameAs\":[\"https:\/\/www.instagram.com\/madeinzaragoza.es\/\",\"https:\/\/www.facebook.com\/madeinzaragoza.es\/\",\"https:\/\/twitter.com\/madeinzaragoza\"],\"logo\":{\"@type\":\"ImageObject\",\"inLanguage\":\"es\",\"@id\":\"https:\/\/madeinzaragoza.es\/blog\/#\/schema\/logo\/image\/\",\"url\":\"https:\/\/madeinzaragoza.es\/blog\/wp-content\/uploads\/2022\/05\/logo.png\",\"contentUrl\":\"https:\/\/madeinzaragoza.es\/blog\/wp-content\/uploads\/2022\/05\/logo.png\",\"width\":193,\"height\":176,\"caption\":\"Made In Zaragoza\"},\"image\":{\"@id\":\"https:\/\/madeinzaragoza.es\/blog\/#\/schema\/logo\/image\/\"}},{\"@type\":\"Person\",\"@id\":\"https:\/\/madeinzaragoza.es\/blog\/#\/schema\/person\/fd836a8fe1177b6200bc8deffc3ad342\",\"name\":\"Sergio Sevilla\",\"image\":{\"@type\":\"ImageObject\",\"inLanguage\":\"es\",\"@id\":\"https:\/\/madeinzaragoza.es\/blog\/#\/schema\/person\/image\/\",\"url\":\"http:\/\/1.gravatar.com\/avatar\/4a59e3901b7e749c4e3750c4fd5d0b43?s=96&d=mm&r=g\",\"contentUrl\":\"http:\/\/1.gravatar.com\/avatar\/4a59e3901b7e749c4e3750c4fd5d0b43?s=96&d=mm&r=g\",\"caption\":\"Sergio Sevilla\"},\"description\":\"Gesti\u00f3n e Innovaci\u00f3n cultural (I+C) Mi trabajo se basa en la b\u00fasqueda de conexiones culturales en espacios de tr\u00e1nsito. Soy director y programador de proyectos culturales. He coordinado el espacio C\u00f3rner MIZ de Made in Zaragoza y, en la actualidad, me dedico a investigar, documentar y poner en valor el muralismo cer\u00e1mico de los a\u00f1os 60, 70 y 80 de Zaragoza y su relaci\u00f3n con los entornos arquitect\u00f3nicos y decorativos de la \u00e9poca. Descubre el perfil de @ZaragozaModerna en Instagram. Take a walk on the Art side.\",\"sameAs\":[\"zarayorkers\",\"@zaragozamoderna\",\"\/sergiosevillatabernero\"],\"url\":\"http:\/\/madeinzaragoza.es\/blog\/author\/sergiosevilla\/\"}]}<\/script>\n<!-- \/ Yoast SEO plugin. -->","yoast_head_json":{"title":"Los mundos on\u00edricos de Cecilia de Val - Made in Zaragoza","robots":{"index":"index","follow":"follow","max-snippet":"max-snippet:-1","max-image-preview":"max-image-preview:large","max-video-preview":"max-video-preview:-1"},"canonical":"https:\/\/madeinzaragoza.es\/blog\/los-mundos-oniricos-de-cecilia-de-val\/","og_locale":"es_ES","og_type":"article","og_title":"Los mundos on\u00edricos de Cecilia de Val - Made in Zaragoza","og_description":"Objeto de Deseo III: Cecilia de Val Cecilia de Val (Zaragoza, 1975) es una fot\u00f3grafa y artista con una amplia trayectoria profesional. Su obra fotogr\u00e1fica es un viaje visual por un mundo on\u00edrico lleno de narraciones literarias donde los personajes (muchas veces autorrepresentaciones de la propia artista) aparecen en escenarios y arquitecturas propias del subconsciente, &hellip; Continuar leyendo \"Los mundos on\u00edricos de Cecilia de Val\"","og_url":"https:\/\/madeinzaragoza.es\/blog\/los-mundos-oniricos-de-cecilia-de-val\/","og_site_name":"Made in Zaragoza","article_publisher":"https:\/\/www.facebook.com\/madeinzaragoza.es\/","article_author":"zarayorkers","article_published_time":"2016-05-29T10:06:05+00:00","article_modified_time":"2022-04-04T21:23:38+00:00","og_image":[{"width":650,"height":280,"url":"https:\/\/madeinzaragoza.es\/blog\/wp-content\/uploads\/2016\/05\/cecilia1.jpg","type":"image\/jpeg"}],"author":"Sergio Sevilla","twitter_card":"summary","twitter_creator":"@madeinzaragoza","twitter_site":"@madeinzaragoza","twitter_misc":{"Escrito por":"Sergio Sevilla","Tiempo de lectura":"5 minutos"},"schema":{"@context":"https:\/\/schema.org","@graph":[{"@type":"Article","@id":"https:\/\/madeinzaragoza.es\/blog\/los-mundos-oniricos-de-cecilia-de-val\/#article","isPartOf":{"@id":"https:\/\/madeinzaragoza.es\/blog\/los-mundos-oniricos-de-cecilia-de-val\/"},"author":{"name":"Sergio Sevilla","@id":"https:\/\/madeinzaragoza.es\/blog\/#\/schema\/person\/fd836a8fe1177b6200bc8deffc3ad342"},"headline":"Los mundos on\u00edricos de Cecilia de Val","datePublished":"2016-05-29T10:06:05+00:00","dateModified":"2022-04-04T21:23:38+00:00","mainEntityOfPage":{"@id":"https:\/\/madeinzaragoza.es\/blog\/los-mundos-oniricos-de-cecilia-de-val\/"},"wordCount":948,"publisher":{"@id":"https:\/\/madeinzaragoza.es\/blog\/#organization"},"keywords":["Cecilia de Val","CornerMIZ","fotografia","intervenci\u00f3n","Sergio Sevilla","zarayorkers"],"articleSection":["CornerMIZ","Cultura"],"inLanguage":"es"},{"@type":"WebPage","@id":"https:\/\/madeinzaragoza.es\/blog\/los-mundos-oniricos-de-cecilia-de-val\/","url":"https:\/\/madeinzaragoza.es\/blog\/los-mundos-oniricos-de-cecilia-de-val\/","name":"Los mundos on\u00edricos de Cecilia de Val - Made in Zaragoza","isPartOf":{"@id":"https:\/\/madeinzaragoza.es\/blog\/#website"},"datePublished":"2016-05-29T10:06:05+00:00","dateModified":"2022-04-04T21:23:38+00:00","breadcrumb":{"@id":"https:\/\/madeinzaragoza.es\/blog\/los-mundos-oniricos-de-cecilia-de-val\/#breadcrumb"},"inLanguage":"es","potentialAction":[{"@type":"ReadAction","target":["https:\/\/madeinzaragoza.es\/blog\/los-mundos-oniricos-de-cecilia-de-val\/"]}]},{"@type":"BreadcrumbList","@id":"https:\/\/madeinzaragoza.es\/blog\/los-mundos-oniricos-de-cecilia-de-val\/#breadcrumb","itemListElement":[{"@type":"ListItem","position":1,"name":"Portada","item":"https:\/\/madeinzaragoza.es\/blog\/"},{"@type":"ListItem","position":2,"name":"Los mundos on\u00edricos de Cecilia de Val"}]},{"@type":"WebSite","@id":"https:\/\/madeinzaragoza.es\/blog\/#website","url":"https:\/\/madeinzaragoza.es\/blog\/","name":"Made in Zaragoza","description":"Blog de MadeinZGZ, Red de Econom\u00eda Creativa de Zaragoza","publisher":{"@id":"https:\/\/madeinzaragoza.es\/blog\/#organization"},"potentialAction":[{"@type":"SearchAction","target":{"@type":"EntryPoint","urlTemplate":"https:\/\/madeinzaragoza.es\/blog\/?s={search_term_string}"},"query-input":"required name=search_term_string"}],"inLanguage":"es"},{"@type":"Organization","@id":"https:\/\/madeinzaragoza.es\/blog\/#organization","name":"Made In Zaragoza","url":"https:\/\/madeinzaragoza.es\/blog\/","sameAs":["https:\/\/www.instagram.com\/madeinzaragoza.es\/","https:\/\/www.facebook.com\/madeinzaragoza.es\/","https:\/\/twitter.com\/madeinzaragoza"],"logo":{"@type":"ImageObject","inLanguage":"es","@id":"https:\/\/madeinzaragoza.es\/blog\/#\/schema\/logo\/image\/","url":"https:\/\/madeinzaragoza.es\/blog\/wp-content\/uploads\/2022\/05\/logo.png","contentUrl":"https:\/\/madeinzaragoza.es\/blog\/wp-content\/uploads\/2022\/05\/logo.png","width":193,"height":176,"caption":"Made In Zaragoza"},"image":{"@id":"https:\/\/madeinzaragoza.es\/blog\/#\/schema\/logo\/image\/"}},{"@type":"Person","@id":"https:\/\/madeinzaragoza.es\/blog\/#\/schema\/person\/fd836a8fe1177b6200bc8deffc3ad342","name":"Sergio Sevilla","image":{"@type":"ImageObject","inLanguage":"es","@id":"https:\/\/madeinzaragoza.es\/blog\/#\/schema\/person\/image\/","url":"http:\/\/1.gravatar.com\/avatar\/4a59e3901b7e749c4e3750c4fd5d0b43?s=96&d=mm&r=g","contentUrl":"http:\/\/1.gravatar.com\/avatar\/4a59e3901b7e749c4e3750c4fd5d0b43?s=96&d=mm&r=g","caption":"Sergio Sevilla"},"description":"Gesti\u00f3n e Innovaci\u00f3n cultural (I+C) Mi trabajo se basa en la b\u00fasqueda de conexiones culturales en espacios de tr\u00e1nsito. Soy director y programador de proyectos culturales. He coordinado el espacio C\u00f3rner MIZ de Made in Zaragoza y, en la actualidad, me dedico a investigar, documentar y poner en valor el muralismo cer\u00e1mico de los a\u00f1os 60, 70 y 80 de Zaragoza y su relaci\u00f3n con los entornos arquitect\u00f3nicos y decorativos de la \u00e9poca. Descubre el perfil de @ZaragozaModerna en Instagram. Take a walk on the Art side.","sameAs":["zarayorkers","@zaragozamoderna","\/sergiosevillatabernero"],"url":"http:\/\/madeinzaragoza.es\/blog\/author\/sergiosevilla\/"}]}},"_links":{"self":[{"href":"http:\/\/madeinzaragoza.es\/blog\/wp-json\/wp\/v2\/posts\/11588"}],"collection":[{"href":"http:\/\/madeinzaragoza.es\/blog\/wp-json\/wp\/v2\/posts"}],"about":[{"href":"http:\/\/madeinzaragoza.es\/blog\/wp-json\/wp\/v2\/types\/post"}],"author":[{"embeddable":true,"href":"http:\/\/madeinzaragoza.es\/blog\/wp-json\/wp\/v2\/users\/36"}],"replies":[{"embeddable":true,"href":"http:\/\/madeinzaragoza.es\/blog\/wp-json\/wp\/v2\/comments?post=11588"}],"version-history":[{"count":22,"href":"http:\/\/madeinzaragoza.es\/blog\/wp-json\/wp\/v2\/posts\/11588\/revisions"}],"predecessor-version":[{"id":34286,"href":"http:\/\/madeinzaragoza.es\/blog\/wp-json\/wp\/v2\/posts\/11588\/revisions\/34286"}],"wp:featuredmedia":[{"embeddable":true,"href":"http:\/\/madeinzaragoza.es\/blog\/wp-json\/wp\/v2\/media\/11592"}],"wp:attachment":[{"href":"http:\/\/madeinzaragoza.es\/blog\/wp-json\/wp\/v2\/media?parent=11588"}],"wp:term":[{"taxonomy":"category","embeddable":true,"href":"http:\/\/madeinzaragoza.es\/blog\/wp-json\/wp\/v2\/categories?post=11588"},{"taxonomy":"post_tag","embeddable":true,"href":"http:\/\/madeinzaragoza.es\/blog\/wp-json\/wp\/v2\/tags?post=11588"}],"curies":[{"name":"wp","href":"https:\/\/api.w.org\/{rel}","templated":true}]}}