{"id":11562,"date":"2016-05-15T07:43:53","date_gmt":"2016-05-15T06:43:53","guid":{"rendered":"http:\/\/madeinzaragoza.es\/blog\/?p=11562"},"modified":"2016-07-05T08:23:13","modified_gmt":"2016-07-05T07:23:13","slug":"tardes-de-showcooking-en-grancasa","status":"publish","type":"post","link":"http:\/\/madeinzaragoza.es\/blog\/tardes-de-showcooking-en-grancasa\/","title":{"rendered":"Tardes de showcooking en GranCasa"},"content":{"rendered":"<p><img loading=\"lazy\" decoding=\"async\" class=\"aligncenter  wp-image-11564\" src=\"http:\/\/madeinzaragoza.es\/blog\/wp-content\/uploads\/2016\/05\/unspecified-6.jpg\" alt=\"unspecified 6\" width=\"603\" height=\"402\" srcset=\"http:\/\/madeinzaragoza.es\/blog\/wp-content\/uploads\/2016\/05\/unspecified-6.jpg 1024w, http:\/\/madeinzaragoza.es\/blog\/wp-content\/uploads\/2016\/05\/unspecified-6-300x199.jpg 300w, http:\/\/madeinzaragoza.es\/blog\/wp-content\/uploads\/2016\/05\/unspecified-6-163x109.jpg 163w, http:\/\/madeinzaragoza.es\/blog\/wp-content\/uploads\/2016\/05\/unspecified-6-105x70.jpg 105w, http:\/\/madeinzaragoza.es\/blog\/wp-content\/uploads\/2016\/05\/unspecified-6-625x416.jpg 625w, http:\/\/madeinzaragoza.es\/blog\/wp-content\/uploads\/2016\/05\/unspecified-6-180x119.jpg 180w, http:\/\/madeinzaragoza.es\/blog\/wp-content\/uploads\/2016\/05\/unspecified-6-960x639.jpg 960w, http:\/\/madeinzaragoza.es\/blog\/wp-content\/uploads\/2016\/05\/unspecified-6-350x233.jpg 350w\" sizes=\"(max-width: 709px) 85vw, (max-width: 909px) 67vw, (max-width: 984px) 61vw, (max-width: 1362px) 45vw, 600px\" \/><\/p>\n<p>Durante a\u00f1os los centros comerciales han sido lugares de peregrinaci\u00f3n a la hora de adquirir productos de grandes marcas y cadenas. Muchos de ellos cuentan\u00a0con amplios espacios con buenas ubicaciones en la ciudad y un amplio abanico de tiendas, pero no quita que\u00a0estos centros deban estar\u00a0<strong>en constante reinvenci\u00f3n<\/strong>, con cambios de filosof\u00eda, campa\u00f1as de marketing y programaci\u00f3n de eventos.<\/p>\n<p>Uno de estos casos es\u00a0la reciente campa\u00f1a \u2018slow shopping\u2019 de Gran Casa que busca crear una nueva experiencia del cliente en el centro comercial creando nuevos espacios y programando eventos que sean capaces de hacernos bajar el ritmo estresante de nuestro d\u00eda a d\u00eda y levantarnos el \u00e1nimo.<\/p>\n<p>Del 18 de marzo y hasta mediados de noviembre se han programado actividades con diferentes tem\u00e1ticas bajo los conceptos de \u201cSlow Shopping\u201d, \u201cSlow Lifestyle\u201d y \u201cHappy Thinking\u201d.<\/p>\n<h2>Showcooking en un centro comercial<\/h2>\n<p>Del 13 de mayo al 4 de junio, los viernes y s\u00e1bados de 18:00 a 20:00, <strong>Juan Pozuelo<\/strong>, uno de los chefs m\u00e1s nombrados del mundo de la cocina espa\u00f1ola, que desarroll\u00f3, entre otros, el concepto de la \u201chamburguesa de autor\u201d,combinando la sofisticaci\u00f3n de la alta cocina con la cocina f\u00e1cil.<\/p>\n<p>Pozuelo ofrecer\u00e1 sorprendentes e interesantes experiencias gastron\u00f3micas a los visitantes del centro comercial. Una combinaci\u00f3n de platos deliciosos y entretenimiento gracias al carisma del conocido cocinero.<\/p>\n<p><img loading=\"lazy\" decoding=\"async\" class=\"aligncenter  wp-image-11563\" src=\"http:\/\/madeinzaragoza.es\/blog\/wp-content\/uploads\/2016\/05\/unspecified-5-1.jpg\" alt=\"showcooking grancasa\" width=\"625\" height=\"416\" srcset=\"http:\/\/madeinzaragoza.es\/blog\/wp-content\/uploads\/2016\/05\/unspecified-5-1.jpg 1024w, http:\/\/madeinzaragoza.es\/blog\/wp-content\/uploads\/2016\/05\/unspecified-5-1-300x199.jpg 300w, http:\/\/madeinzaragoza.es\/blog\/wp-content\/uploads\/2016\/05\/unspecified-5-1-163x109.jpg 163w, http:\/\/madeinzaragoza.es\/blog\/wp-content\/uploads\/2016\/05\/unspecified-5-1-105x70.jpg 105w, http:\/\/madeinzaragoza.es\/blog\/wp-content\/uploads\/2016\/05\/unspecified-5-1-625x416.jpg 625w, http:\/\/madeinzaragoza.es\/blog\/wp-content\/uploads\/2016\/05\/unspecified-5-1-180x119.jpg 180w, http:\/\/madeinzaragoza.es\/blog\/wp-content\/uploads\/2016\/05\/unspecified-5-1-960x639.jpg 960w, http:\/\/madeinzaragoza.es\/blog\/wp-content\/uploads\/2016\/05\/unspecified-5-1-350x233.jpg 350w\" sizes=\"(max-width: 709px) 85vw, (max-width: 909px) 67vw, (max-width: 984px) 61vw, (max-width: 1362px) 45vw, 600px\" \/><\/p>\n<p>Adem\u00e1s, tambi\u00e9n participa la<strong> cocinera zaragozana Ana Cristina Lahoz<\/strong>, conocida por su blog <a href=\"http:\/\/www.bypersemoon.com\/\" target=\"_blank\">Cocina y m\u00e1s by Persemoon<\/a>. Dedicada a la organizaci\u00f3n de eventos y cursos relacionados con la gastronom\u00eda, y tambi\u00e9n cocinera del espacio de <a href=\"http:\/\/www.lazarola.com\/\" target=\"_blank\">experiencias gastron\u00f3micas La Zarola<\/a>.<\/p>\n<p>El viernes 20 de mayo se contar\u00e1 con la participaci\u00f3n del Prof. Hugo L\u00f3pez D\u00edaz. y varios alumnos de la<strong> Escuela de Cocina Azafr\u00e1n de Zaragoza<\/strong>, una escuela de cocina pensada para aficionados y profesionales. Invitar\u00e1n a los visitantes de GranCasa a participar en el taller \u201cAprender a cocinar desde cero\u201d.<\/p>\n<p>O si lo tuyo es la cocina de nuestra tierra, tambi\u00e9n se ha programado un curso llamado \u00abLa cocina aragonesa a mi manera\u00bb\u00a0con el Chef Jos\u00e9 Manuel Martinez Jefe de Cocina Kuhn Rikon Espa\u00f1a. Nos preguntamos si preparar\u00e1n unas buenas migas o una buena raci\u00f3n de ternasco&#8230;<\/p>\n<p>Puedes consultar m\u00e1s informaci\u00f3n de las actividades en:<\/p>\n<p><img loading=\"lazy\" decoding=\"async\" class=\"aligncenter size-full wp-image-11565\" src=\"http:\/\/madeinzaragoza.es\/blog\/wp-content\/uploads\/2016\/05\/programacion-cocina.png\" alt=\"programacion-cocina\" width=\"387\" height=\"794\" srcset=\"http:\/\/madeinzaragoza.es\/blog\/wp-content\/uploads\/2016\/05\/programacion-cocina.png 387w, http:\/\/madeinzaragoza.es\/blog\/wp-content\/uploads\/2016\/05\/programacion-cocina-146x300.png 146w, http:\/\/madeinzaragoza.es\/blog\/wp-content\/uploads\/2016\/05\/programacion-cocina-300x615.png 300w, http:\/\/madeinzaragoza.es\/blog\/wp-content\/uploads\/2016\/05\/programacion-cocina-180x369.png 180w, http:\/\/madeinzaragoza.es\/blog\/wp-content\/uploads\/2016\/05\/programacion-cocina-350x718.png 350w\" sizes=\"(max-width: 387px) 85vw, 387px\" \/><\/p>\n<p>M\u00e1s informaci\u00f3n:<\/p>\n<p>Centro Comercial GranCasa. Calle de la Poetisa Mar\u00eda Zambrano 35.<\/p>\n<p><a href=\"https:\/\/twitter.com\/grancasazgz\" target=\"_blank\">Twitter GranCasa<\/a><\/p>\n<p><a href=\"https:\/\/www.facebook.com\/grancasazgz\" target=\"_blank\">Facebook Gran Casa<\/a><\/p>\n","protected":false},"excerpt":{"rendered":"<p>Durante a\u00f1os los centros comerciales han sido lugares de peregrinaci\u00f3n a la hora de adquirir productos de grandes marcas y cadenas. Muchos de ellos cuentan\u00a0con amplios espacios con buenas ubicaciones en la ciudad y un amplio abanico de tiendas, pero no quita que\u00a0estos centros deban estar\u00a0en constante reinvenci\u00f3n, con cambios de filosof\u00eda, campa\u00f1as de marketing &hellip; <a href=\"http:\/\/madeinzaragoza.es\/blog\/tardes-de-showcooking-en-grancasa\/\" class=\"more-link\">Continuar leyendo<span class=\"screen-reader-text\"> \u00abTardes de showcooking en GranCasa\u00bb<\/span><\/a><\/p>\n","protected":false},"author":3,"featured_media":11564,"comment_status":"open","ping_status":"open","sticky":false,"template":"","format":"standard","meta":{"footnotes":""},"categories":[9],"tags":[],"yoast_head":"<!-- This site is optimized with the Yoast SEO plugin v19.7.2 - https:\/\/yoast.com\/wordpress\/plugins\/seo\/ -->\n<title>Tardes de showcooking en GranCasa<\/title>\n<meta name=\"robots\" content=\"index, follow, max-snippet:-1, max-image-preview:large, max-video-preview:-1\" \/>\n<link rel=\"canonical\" href=\"http:\/\/madeinzaragoza.es\/blog\/tardes-de-showcooking-en-grancasa\/\" \/>\n<meta property=\"og:locale\" content=\"es_ES\" \/>\n<meta property=\"og:type\" content=\"article\" \/>\n<meta property=\"og:title\" content=\"Tardes de showcooking en GranCasa\" \/>\n<meta property=\"og:description\" content=\"Durante a\u00f1os los centros comerciales han sido lugares de peregrinaci\u00f3n a la hora de adquirir productos de grandes marcas y cadenas. Muchos de ellos cuentan\u00a0con amplios espacios con buenas ubicaciones en la ciudad y un amplio abanico de tiendas, pero no quita que\u00a0estos centros deban estar\u00a0en constante reinvenci\u00f3n, con cambios de filosof\u00eda, campa\u00f1as de marketing &hellip; Continuar leyendo &quot;Tardes de showcooking en GranCasa&quot;\" \/>\n<meta property=\"og:url\" content=\"http:\/\/madeinzaragoza.es\/blog\/tardes-de-showcooking-en-grancasa\/\" \/>\n<meta property=\"og:site_name\" content=\"Made in Zaragoza\" \/>\n<meta property=\"article:publisher\" content=\"https:\/\/www.facebook.com\/madeinzaragoza.es\/\" \/>\n<meta property=\"article:author\" content=\"misstechin\" \/>\n<meta property=\"article:published_time\" content=\"2016-05-15T06:43:53+00:00\" \/>\n<meta property=\"article:modified_time\" content=\"2016-07-05T07:23:13+00:00\" \/>\n<meta property=\"og:image\" content=\"http:\/\/madeinzaragoza.es\/blog\/wp-content\/uploads\/2016\/05\/unspecified-6.jpg\" \/>\n\t<meta property=\"og:image:width\" content=\"1024\" \/>\n\t<meta property=\"og:image:height\" content=\"682\" \/>\n\t<meta property=\"og:image:type\" content=\"image\/jpeg\" \/>\n<meta name=\"author\" content=\"Monica Gim\u00e9nez\" \/>\n<meta name=\"twitter:card\" content=\"summary\" \/>\n<meta name=\"twitter:creator\" content=\"@misstechin\" \/>\n<meta name=\"twitter:site\" content=\"@madeinzaragoza\" \/>\n<meta name=\"twitter:label1\" content=\"Escrito por\" \/>\n\t<meta name=\"twitter:data1\" content=\"Monica Gim\u00e9nez\" \/>\n\t<meta name=\"twitter:label2\" content=\"Tiempo de lectura\" \/>\n\t<meta name=\"twitter:data2\" content=\"2 minutos\" \/>\n<script type=\"application\/ld+json\" class=\"yoast-schema-graph\">{\"@context\":\"https:\/\/schema.org\",\"@graph\":[{\"@type\":\"Article\",\"@id\":\"http:\/\/madeinzaragoza.es\/blog\/tardes-de-showcooking-en-grancasa\/#article\",\"isPartOf\":{\"@id\":\"http:\/\/madeinzaragoza.es\/blog\/tardes-de-showcooking-en-grancasa\/\"},\"author\":{\"name\":\"Monica Gim\u00e9nez\",\"@id\":\"http:\/\/madeinzaragoza.es\/blog\/#\/schema\/person\/7f474fda5b3cfb05e3d9963093971cca\"},\"headline\":\"Tardes de showcooking en GranCasa\",\"datePublished\":\"2016-05-15T06:43:53+00:00\",\"dateModified\":\"2016-07-05T07:23:13+00:00\",\"mainEntityOfPage\":{\"@id\":\"http:\/\/madeinzaragoza.es\/blog\/tardes-de-showcooking-en-grancasa\/\"},\"wordCount\":421,\"commentCount\":0,\"publisher\":{\"@id\":\"http:\/\/madeinzaragoza.es\/blog\/#organization\"},\"articleSection\":[\"Econom\u00eda Creativa\"],\"inLanguage\":\"es\",\"potentialAction\":[{\"@type\":\"CommentAction\",\"name\":\"Comment\",\"target\":[\"http:\/\/madeinzaragoza.es\/blog\/tardes-de-showcooking-en-grancasa\/#respond\"]}]},{\"@type\":\"WebPage\",\"@id\":\"http:\/\/madeinzaragoza.es\/blog\/tardes-de-showcooking-en-grancasa\/\",\"url\":\"http:\/\/madeinzaragoza.es\/blog\/tardes-de-showcooking-en-grancasa\/\",\"name\":\"Tardes de showcooking en GranCasa\",\"isPartOf\":{\"@id\":\"http:\/\/madeinzaragoza.es\/blog\/#website\"},\"datePublished\":\"2016-05-15T06:43:53+00:00\",\"dateModified\":\"2016-07-05T07:23:13+00:00\",\"breadcrumb\":{\"@id\":\"http:\/\/madeinzaragoza.es\/blog\/tardes-de-showcooking-en-grancasa\/#breadcrumb\"},\"inLanguage\":\"es\",\"potentialAction\":[{\"@type\":\"ReadAction\",\"target\":[\"http:\/\/madeinzaragoza.es\/blog\/tardes-de-showcooking-en-grancasa\/\"]}]},{\"@type\":\"BreadcrumbList\",\"@id\":\"http:\/\/madeinzaragoza.es\/blog\/tardes-de-showcooking-en-grancasa\/#breadcrumb\",\"itemListElement\":[{\"@type\":\"ListItem\",\"position\":1,\"name\":\"Portada\",\"item\":\"http:\/\/madeinzaragoza.es\/blog\/\"},{\"@type\":\"ListItem\",\"position\":2,\"name\":\"Tardes de showcooking en GranCasa\"}]},{\"@type\":\"WebSite\",\"@id\":\"http:\/\/madeinzaragoza.es\/blog\/#website\",\"url\":\"http:\/\/madeinzaragoza.es\/blog\/\",\"name\":\"Made in Zaragoza\",\"description\":\"Blog de MadeinZGZ, Red de Econom\u00eda Creativa de Zaragoza\",\"publisher\":{\"@id\":\"http:\/\/madeinzaragoza.es\/blog\/#organization\"},\"potentialAction\":[{\"@type\":\"SearchAction\",\"target\":{\"@type\":\"EntryPoint\",\"urlTemplate\":\"http:\/\/madeinzaragoza.es\/blog\/?s={search_term_string}\"},\"query-input\":\"required name=search_term_string\"}],\"inLanguage\":\"es\"},{\"@type\":\"Organization\",\"@id\":\"http:\/\/madeinzaragoza.es\/blog\/#organization\",\"name\":\"Made In Zaragoza\",\"url\":\"http:\/\/madeinzaragoza.es\/blog\/\",\"sameAs\":[\"https:\/\/www.instagram.com\/madeinzaragoza.es\/\",\"https:\/\/www.facebook.com\/madeinzaragoza.es\/\",\"https:\/\/twitter.com\/madeinzaragoza\"],\"logo\":{\"@type\":\"ImageObject\",\"inLanguage\":\"es\",\"@id\":\"http:\/\/madeinzaragoza.es\/blog\/#\/schema\/logo\/image\/\",\"url\":\"https:\/\/madeinzaragoza.es\/blog\/wp-content\/uploads\/2022\/05\/logo.png\",\"contentUrl\":\"https:\/\/madeinzaragoza.es\/blog\/wp-content\/uploads\/2022\/05\/logo.png\",\"width\":193,\"height\":176,\"caption\":\"Made In Zaragoza\"},\"image\":{\"@id\":\"http:\/\/madeinzaragoza.es\/blog\/#\/schema\/logo\/image\/\"}},{\"@type\":\"Person\",\"@id\":\"http:\/\/madeinzaragoza.es\/blog\/#\/schema\/person\/7f474fda5b3cfb05e3d9963093971cca\",\"name\":\"Monica Gim\u00e9nez\",\"image\":{\"@type\":\"ImageObject\",\"inLanguage\":\"es\",\"@id\":\"http:\/\/madeinzaragoza.es\/blog\/#\/schema\/person\/image\/\",\"url\":\"http:\/\/2.gravatar.com\/avatar\/bdd60894f529a2929832a56d3c3eb2f2?s=96&d=mm&r=g\",\"contentUrl\":\"http:\/\/2.gravatar.com\/avatar\/bdd60894f529a2929832a56d3c3eb2f2?s=96&d=mm&r=g\",\"caption\":\"Monica Gim\u00e9nez\"},\"description\":\"Coordinadora del blog de MadeinZaragoza. Me dedico a la comunicaci\u00f3n y al marketing online. Me gusta el teatro, leer c\u00f3mic, comer sushi y descubrir nuevos lugares con encanto en mi ciudad.\",\"sameAs\":[\"https:\/\/misstechin.com\",\"misstechin\",\"https:\/\/twitter.com\/misstechin\"],\"url\":\"http:\/\/madeinzaragoza.es\/blog\/author\/moni\/\"}]}<\/script>\n<!-- \/ Yoast SEO plugin. -->","yoast_head_json":{"title":"Tardes de showcooking en GranCasa","robots":{"index":"index","follow":"follow","max-snippet":"max-snippet:-1","max-image-preview":"max-image-preview:large","max-video-preview":"max-video-preview:-1"},"canonical":"http:\/\/madeinzaragoza.es\/blog\/tardes-de-showcooking-en-grancasa\/","og_locale":"es_ES","og_type":"article","og_title":"Tardes de showcooking en GranCasa","og_description":"Durante a\u00f1os los centros comerciales han sido lugares de peregrinaci\u00f3n a la hora de adquirir productos de grandes marcas y cadenas. Muchos de ellos cuentan\u00a0con amplios espacios con buenas ubicaciones en la ciudad y un amplio abanico de tiendas, pero no quita que\u00a0estos centros deban estar\u00a0en constante reinvenci\u00f3n, con cambios de filosof\u00eda, campa\u00f1as de marketing &hellip; Continuar leyendo \"Tardes de showcooking en GranCasa\"","og_url":"http:\/\/madeinzaragoza.es\/blog\/tardes-de-showcooking-en-grancasa\/","og_site_name":"Made in Zaragoza","article_publisher":"https:\/\/www.facebook.com\/madeinzaragoza.es\/","article_author":"misstechin","article_published_time":"2016-05-15T06:43:53+00:00","article_modified_time":"2016-07-05T07:23:13+00:00","og_image":[{"width":1024,"height":682,"url":"http:\/\/madeinzaragoza.es\/blog\/wp-content\/uploads\/2016\/05\/unspecified-6.jpg","type":"image\/jpeg"}],"author":"Monica Gim\u00e9nez","twitter_card":"summary","twitter_creator":"@misstechin","twitter_site":"@madeinzaragoza","twitter_misc":{"Escrito por":"Monica Gim\u00e9nez","Tiempo de lectura":"2 minutos"},"schema":{"@context":"https:\/\/schema.org","@graph":[{"@type":"Article","@id":"http:\/\/madeinzaragoza.es\/blog\/tardes-de-showcooking-en-grancasa\/#article","isPartOf":{"@id":"http:\/\/madeinzaragoza.es\/blog\/tardes-de-showcooking-en-grancasa\/"},"author":{"name":"Monica Gim\u00e9nez","@id":"http:\/\/madeinzaragoza.es\/blog\/#\/schema\/person\/7f474fda5b3cfb05e3d9963093971cca"},"headline":"Tardes de showcooking en GranCasa","datePublished":"2016-05-15T06:43:53+00:00","dateModified":"2016-07-05T07:23:13+00:00","mainEntityOfPage":{"@id":"http:\/\/madeinzaragoza.es\/blog\/tardes-de-showcooking-en-grancasa\/"},"wordCount":421,"commentCount":0,"publisher":{"@id":"http:\/\/madeinzaragoza.es\/blog\/#organization"},"articleSection":["Econom\u00eda Creativa"],"inLanguage":"es","potentialAction":[{"@type":"CommentAction","name":"Comment","target":["http:\/\/madeinzaragoza.es\/blog\/tardes-de-showcooking-en-grancasa\/#respond"]}]},{"@type":"WebPage","@id":"http:\/\/madeinzaragoza.es\/blog\/tardes-de-showcooking-en-grancasa\/","url":"http:\/\/madeinzaragoza.es\/blog\/tardes-de-showcooking-en-grancasa\/","name":"Tardes de showcooking en GranCasa","isPartOf":{"@id":"http:\/\/madeinzaragoza.es\/blog\/#website"},"datePublished":"2016-05-15T06:43:53+00:00","dateModified":"2016-07-05T07:23:13+00:00","breadcrumb":{"@id":"http:\/\/madeinzaragoza.es\/blog\/tardes-de-showcooking-en-grancasa\/#breadcrumb"},"inLanguage":"es","potentialAction":[{"@type":"ReadAction","target":["http:\/\/madeinzaragoza.es\/blog\/tardes-de-showcooking-en-grancasa\/"]}]},{"@type":"BreadcrumbList","@id":"http:\/\/madeinzaragoza.es\/blog\/tardes-de-showcooking-en-grancasa\/#breadcrumb","itemListElement":[{"@type":"ListItem","position":1,"name":"Portada","item":"http:\/\/madeinzaragoza.es\/blog\/"},{"@type":"ListItem","position":2,"name":"Tardes de showcooking en GranCasa"}]},{"@type":"WebSite","@id":"http:\/\/madeinzaragoza.es\/blog\/#website","url":"http:\/\/madeinzaragoza.es\/blog\/","name":"Made in Zaragoza","description":"Blog de MadeinZGZ, Red de Econom\u00eda Creativa de Zaragoza","publisher":{"@id":"http:\/\/madeinzaragoza.es\/blog\/#organization"},"potentialAction":[{"@type":"SearchAction","target":{"@type":"EntryPoint","urlTemplate":"http:\/\/madeinzaragoza.es\/blog\/?s={search_term_string}"},"query-input":"required name=search_term_string"}],"inLanguage":"es"},{"@type":"Organization","@id":"http:\/\/madeinzaragoza.es\/blog\/#organization","name":"Made In Zaragoza","url":"http:\/\/madeinzaragoza.es\/blog\/","sameAs":["https:\/\/www.instagram.com\/madeinzaragoza.es\/","https:\/\/www.facebook.com\/madeinzaragoza.es\/","https:\/\/twitter.com\/madeinzaragoza"],"logo":{"@type":"ImageObject","inLanguage":"es","@id":"http:\/\/madeinzaragoza.es\/blog\/#\/schema\/logo\/image\/","url":"https:\/\/madeinzaragoza.es\/blog\/wp-content\/uploads\/2022\/05\/logo.png","contentUrl":"https:\/\/madeinzaragoza.es\/blog\/wp-content\/uploads\/2022\/05\/logo.png","width":193,"height":176,"caption":"Made In Zaragoza"},"image":{"@id":"http:\/\/madeinzaragoza.es\/blog\/#\/schema\/logo\/image\/"}},{"@type":"Person","@id":"http:\/\/madeinzaragoza.es\/blog\/#\/schema\/person\/7f474fda5b3cfb05e3d9963093971cca","name":"Monica Gim\u00e9nez","image":{"@type":"ImageObject","inLanguage":"es","@id":"http:\/\/madeinzaragoza.es\/blog\/#\/schema\/person\/image\/","url":"http:\/\/2.gravatar.com\/avatar\/bdd60894f529a2929832a56d3c3eb2f2?s=96&d=mm&r=g","contentUrl":"http:\/\/2.gravatar.com\/avatar\/bdd60894f529a2929832a56d3c3eb2f2?s=96&d=mm&r=g","caption":"Monica Gim\u00e9nez"},"description":"Coordinadora del blog de MadeinZaragoza. Me dedico a la comunicaci\u00f3n y al marketing online. Me gusta el teatro, leer c\u00f3mic, comer sushi y descubrir nuevos lugares con encanto en mi ciudad.","sameAs":["https:\/\/misstechin.com","misstechin","https:\/\/twitter.com\/misstechin"],"url":"http:\/\/madeinzaragoza.es\/blog\/author\/moni\/"}]}},"_links":{"self":[{"href":"http:\/\/madeinzaragoza.es\/blog\/wp-json\/wp\/v2\/posts\/11562"}],"collection":[{"href":"http:\/\/madeinzaragoza.es\/blog\/wp-json\/wp\/v2\/posts"}],"about":[{"href":"http:\/\/madeinzaragoza.es\/blog\/wp-json\/wp\/v2\/types\/post"}],"author":[{"embeddable":true,"href":"http:\/\/madeinzaragoza.es\/blog\/wp-json\/wp\/v2\/users\/3"}],"replies":[{"embeddable":true,"href":"http:\/\/madeinzaragoza.es\/blog\/wp-json\/wp\/v2\/comments?post=11562"}],"version-history":[{"count":5,"href":"http:\/\/madeinzaragoza.es\/blog\/wp-json\/wp\/v2\/posts\/11562\/revisions"}],"predecessor-version":[{"id":11570,"href":"http:\/\/madeinzaragoza.es\/blog\/wp-json\/wp\/v2\/posts\/11562\/revisions\/11570"}],"wp:featuredmedia":[{"embeddable":true,"href":"http:\/\/madeinzaragoza.es\/blog\/wp-json\/wp\/v2\/media\/11564"}],"wp:attachment":[{"href":"http:\/\/madeinzaragoza.es\/blog\/wp-json\/wp\/v2\/media?parent=11562"}],"wp:term":[{"taxonomy":"category","embeddable":true,"href":"http:\/\/madeinzaragoza.es\/blog\/wp-json\/wp\/v2\/categories?post=11562"},{"taxonomy":"post_tag","embeddable":true,"href":"http:\/\/madeinzaragoza.es\/blog\/wp-json\/wp\/v2\/tags?post=11562"}],"curies":[{"name":"wp","href":"https:\/\/api.w.org\/{rel}","templated":true}]}}