{"id":11462,"date":"2016-05-08T22:10:09","date_gmt":"2016-05-08T21:10:09","guid":{"rendered":"http:\/\/madeinzaragoza.es\/blog\/?p=11462"},"modified":"2022-10-09T14:50:24","modified_gmt":"2022-10-09T13:50:24","slug":"noche-tenderos-creativos-made-zaragoza","status":"publish","type":"post","link":"http:\/\/madeinzaragoza.es\/blog\/noche-tenderos-creativos-made-zaragoza\/","title":{"rendered":"As\u00ed fue la III Noche de los Tenderos Creativos de Made in Zaragoza"},"content":{"rendered":"<figure id=\"attachment_11474\" aria-describedby=\"caption-attachment-11474\" style=\"width: 558px\" class=\"wp-caption aligncenter\"><img loading=\"lazy\" decoding=\"async\" class=\"size-full wp-image-11474\" src=\"http:\/\/madeinzaragoza.es\/blog\/wp-content\/uploads\/2016\/05\/trad11.jpg\" alt=\"Presentaci\u00f3n de Tr\u00e4d Market\" width=\"558\" height=\"366\" srcset=\"http:\/\/madeinzaragoza.es\/blog\/wp-content\/uploads\/2016\/05\/trad11.jpg 558w, http:\/\/madeinzaragoza.es\/blog\/wp-content\/uploads\/2016\/05\/trad11-300x196.jpg 300w, http:\/\/madeinzaragoza.es\/blog\/wp-content\/uploads\/2016\/05\/trad11-105x70.jpg 105w, http:\/\/madeinzaragoza.es\/blog\/wp-content\/uploads\/2016\/05\/trad11-180x118.jpg 180w, http:\/\/madeinzaragoza.es\/blog\/wp-content\/uploads\/2016\/05\/trad11-350x229.jpg 350w\" sizes=\"(max-width: 558px) 85vw, 558px\" \/><figcaption id=\"caption-attachment-11474\" class=\"wp-caption-text\">Presentaci\u00f3n de Tr\u00e4d Market<\/figcaption><\/figure>\n<p>Tal y como anunci\u00e1bamos hace unos d\u00edas, el viernes de 6 de mayo\u00a0se celebr\u00f3 \u201c<strong><a href=\"https:\/\/www.facebook.com\/events\/1039961046076741\/?active_tab=posts\">La\u00a0III\u00a0Noche de los Tenderos Creativos<\/a><\/strong>\u201d, una jornada organizada por la red de emprendedores\u00a0<strong>Made in Zaragoza<\/strong>\u00a0y\u00a0<strong><a href=\"https:\/\/www.facebook.com\/ZaragozaActiva\" data-hovercard=\"\/ajax\/hovercard\/page.php?id=125168757508489&amp;extragetparams=%7B%22directed_target_id%22%3A0%7D\">Zaragoza Activa<\/a><\/strong>\u00a0que animaba a visitar y conocer a peque\u00f1os comercios creativos de La Magdalena y Casco Viejo, que permanecieron abiertos desde las 20:00 a las 23:30 h, ofreciendo promociones, descuentos, espect\u00e1culos, m\u00fasica en vivo y diferentes sorpresas.<\/p>\n<figure id=\"attachment_11476\" aria-describedby=\"caption-attachment-11476\" style=\"width: 558px\" class=\"wp-caption aligncenter\"><img loading=\"lazy\" decoding=\"async\" class=\"size-full wp-image-11476\" src=\"http:\/\/madeinzaragoza.es\/blog\/wp-content\/uploads\/2016\/05\/baila.jpg\" alt=\"Au Sol Bailarinas hablando con el equipo de Arag\u00f3n en Abierto\" width=\"558\" height=\"338\" srcset=\"http:\/\/madeinzaragoza.es\/blog\/wp-content\/uploads\/2016\/05\/baila.jpg 558w, http:\/\/madeinzaragoza.es\/blog\/wp-content\/uploads\/2016\/05\/baila-300x181.jpg 300w, http:\/\/madeinzaragoza.es\/blog\/wp-content\/uploads\/2016\/05\/baila-180x109.jpg 180w, http:\/\/madeinzaragoza.es\/blog\/wp-content\/uploads\/2016\/05\/baila-350x212.jpg 350w\" sizes=\"(max-width: 558px) 85vw, 558px\" \/><figcaption id=\"caption-attachment-11476\" class=\"wp-caption-text\">Au Sol Bailarinas hablando con el equipo de Arag\u00f3n en Abierto<\/figcaption><\/figure>\n<p>Un evento que busca\u00a0<strong>apoyar a\u00a0las tiendas\u00a0de barrio y hacer una ciudad m\u00e1s equilibrada y sostenible<\/strong>, y que por tercer a\u00f1o consecutivo se ha convertido en\u00a0<strong>la gran fiesta del peque\u00f1o comercio creativo en Zaragoza<\/strong>.<\/p>\n<p>El objetivo de La Noche de Los Tenderos era\u00a0<strong>conectar con un p\u00fablico nuevo<\/strong>\u00a0y\u00a0<strong>crear nuevos momentos de consumo<\/strong>\u00a0y para ello, los comercios participantes (puedes ver la lista completa\u00a0<a href=\"http:\/\/zaragozaguia.com\/programacion-la-iii-noche-tenderos-creativos\/\"><strong>en el siguiente enlace<\/strong><\/a>) ofrecieron una\u00a0<strong>din\u00e1mica programaci\u00f3n de actividades<\/strong>, asegur\u00e1ndose entre los asistentes un<strong>\u00a0posicionamiento y experiencia de marca \u00fanica<\/strong>\u00a0y muy dif\u00edcil de lograr para los establecimientos convencionales.<\/p>\n<figure id=\"attachment_11479\" aria-describedby=\"caption-attachment-11479\" style=\"width: 558px\" class=\"wp-caption aligncenter\"><img loading=\"lazy\" decoding=\"async\" class=\"size-full wp-image-11479\" src=\"http:\/\/madeinzaragoza.es\/blog\/wp-content\/uploads\/2016\/05\/trad2.jpg\" alt=\"Presentaci\u00f3n de la colecci\u00f3n de primavera de Ana Hern\u00e1ndez en Tr\u00e4d Market\" width=\"558\" height=\"374\" srcset=\"http:\/\/madeinzaragoza.es\/blog\/wp-content\/uploads\/2016\/05\/trad2.jpg 558w, http:\/\/madeinzaragoza.es\/blog\/wp-content\/uploads\/2016\/05\/trad2-300x201.jpg 300w, http:\/\/madeinzaragoza.es\/blog\/wp-content\/uploads\/2016\/05\/trad2-163x109.jpg 163w, http:\/\/madeinzaragoza.es\/blog\/wp-content\/uploads\/2016\/05\/trad2-105x70.jpg 105w, http:\/\/madeinzaragoza.es\/blog\/wp-content\/uploads\/2016\/05\/trad2-180x120.jpg 180w, http:\/\/madeinzaragoza.es\/blog\/wp-content\/uploads\/2016\/05\/trad2-350x234.jpg 350w\" sizes=\"(max-width: 558px) 85vw, 558px\" \/><figcaption id=\"caption-attachment-11479\" class=\"wp-caption-text\">Presentaci\u00f3n de la colecci\u00f3n de primavera de Ana Hern\u00e1ndez en Tr\u00e4d Market<\/figcaption><\/figure>\n<p>Este a\u00f1o\u00a0participaron 39 comercios de\u00a0La Magdalena y Casco Viejo y colaboraron varios espacios de la zona como\u00a0<strong><a href=\"https:\/\/www.facebook.com\/hamburgueseria.heroismo\/?fref=ts\" target=\"_blank\" rel=\"noopener\">Hamburgueser\u00eda Hero\u00edsmo,<\/a><\/strong>\u00a0<strong><a href=\"https:\/\/www.facebook.com\/mantisbar\/?fref=ts\" target=\"_blank\" rel=\"noopener\">Mantis Bar<\/a>\u00a0<\/strong>y el<a href=\"https:\/\/www.facebook.com\/pages\/Mercadillo-Creando-Redes\/467057536832605\"><strong>Mercado Creando Redes<\/strong><\/a>. Para la pr\u00f3xima edici\u00f3n los organizadores ya est\u00e1n pensando como extenderla a otros barrios como San Jos\u00e9\u00a0o Torrero, yendo m\u00e1s all\u00e1 del centro hist\u00f3rico.<\/p>\n<p>Esta es la lista de\u00a0espacios que participaron\u00a0en la III Noche de los Tenderos Creativos:<\/p>\n<p><strong>\u2013\u00a0<a href=\"https:\/\/www.facebook.com\/tradmarket\" target=\"_blank\" rel=\"noopener\">Tr\u00e4d Market<\/a>\u00a0<\/strong>(Calle V\u00edrgenes 3)<br \/>\n\u2013\u00a0<strong style=\"color: #666666;\">Nucleo Zapatillas<\/strong><span style=\"color: #666666;\">\u00a0(Calle Libertad 16)<br \/>\n<\/span><span style=\"color: #666666;\">\u2013\u00a0<\/span><a style=\"color: #ad0f17;\" href=\"https:\/\/www.facebook.com\/Au-Sol-Bailarinas-290250531017173\/?fref=ts\" target=\"_blank\" rel=\"noopener\"><strong>Au Sol Bailarinas<\/strong>\u00a0<\/a><span style=\"color: #666666;\">(Calle Ossau 4)<br \/>\n\u2013\u00a0<\/span><strong style=\"color: #666666;\"><a style=\"color: #ad0f17;\" href=\"https:\/\/www.facebook.com\/al.loroenamoro?fref=ts\" target=\"_blank\" rel=\"noopener\">Al Loro<\/a><\/strong><span style=\"color: #666666;\">\u00a0(Calle Santa Cruz 8)<br \/>\n\u2013\u00a0<\/span><strong style=\"color: #666666;\">Paez Shoes\u00a0<\/strong><span style=\"color: #666666;\">(Calle San F\u00e9lix 2)<br \/>\n\u2013\u00a0<\/span><strong style=\"color: #666666;\">Cris B<\/strong><span style=\"color: #666666;\">\u00a0(Calle San F\u00e9lix 2)<br \/>\n<\/span><strong>\u2013\u00a0<\/strong><a style=\"color: #ad0f17;\" href=\"https:\/\/www.facebook.com\/pages\/Zaragoza-Ol%C3%A9-Souvenirs\/593284920684104\" target=\"_blank\" rel=\"noopener\"><strong>Zaragoza Ol\u00e9<\/strong><\/a><span style=\"color: #666666;\">\u00a0(Plaza del Pilar 16)<br \/>\n<\/span><strong style=\"color: #666666;\">\u2013\u00a0Cinco Reinos<\/strong><span style=\"color: #666666;\">\u00a0(Calle Mayoral 9)<br \/>\n<\/span><span style=\"color: #666666;\">\u2013\u00a0<\/span><strong style=\"color: #666666;\"><a style=\"color: #ad0f17;\" href=\"https:\/\/www.facebook.com\/alfilerdegancho.com.es\/?fref=ts\" target=\"_blank\" rel=\"noopener\">Alfiler de Gancho<\/a><\/strong><span style=\"color: #666666;\">\u00a0(Puerta Cinegia, segunda planta, Plaza de Espa\u00f1a)<br \/>\n<\/span><strong style=\"color: #666666;\">\u2013\u00a0<a style=\"color: #ad0f17;\" href=\"https:\/\/www.facebook.com\/LeMaraisZaragoza\" target=\"_blank\" rel=\"noopener\">Le Marais<\/a><\/strong><span style=\"color: #666666;\">\u00a0(Calle San Andr\u00e9s 8)<\/span><span style=\"color: #666666;\"><br \/>\n<\/span><strong style=\"color: #666666;\">\u2013\u00a0<a style=\"color: #ad0f17;\" href=\"https:\/\/www.facebook.com\/gramolaespozymina\/\">La Gramola<\/a><\/strong><span style=\"color: #666666;\">\u00a0(Espoz y Mina 14)<br \/>\n<\/span><strong>\u2013\u00a0<\/strong><a style=\"color: #ad0f17;\" href=\"https:\/\/www.facebook.com\/pages\/Sommes-D%C3%A9mod%C3%A9\/101711339895562\" target=\"_blank\" rel=\"noopener\"><strong>Sommes D\u00e9mod\u00e9<\/strong><\/a><span style=\"color: #666666;\">\u00a0(Plaza San Pedro Nolasco 2)<br \/>\n<\/span><strong>\u2013\u00a0<\/strong><a style=\"color: #ad0f17;\" href=\"https:\/\/www.facebook.com\/Estrella-alba-artesan%C3%ADa-en-vidrio-155275044576108\/?fref=ts\"><strong>Estrella Alba Artesan\u00eda en V\u00eddrio<\/strong><\/a><span style=\"color: #666666;\">\u00a0&amp;\u00a0<\/span><strong style=\"color: #666666;\"><a style=\"color: #ad0f17;\" href=\"https:\/\/www.facebook.com\/lucesdetul\/\" target=\"_blank\" rel=\"noopener\">Luces de Tul<\/a><\/strong><span style=\"color: #666666;\">\u00a0(San Vicente de Pa\u00fal 9)<br \/>\n<\/span><strong style=\"color: #666666;\">\u2013\u00a0<a style=\"color: #ad0f17;\" href=\"http:\/\/www.espaciohorst.com\/\" target=\"_blank\" rel=\"noopener\">Espacio Horst<\/a><\/strong><span style=\"color: #666666;\">\u00a0(San Jorge 26)<br \/>\n<\/span><strong>\u2013\u00a0<\/strong><strong>Esenzia<\/strong><span style=\"color: #666666;\">\u00a0(San Vicente de Pa\u00fal 23)<br \/>\n<\/span><strong>\u2013\u00a0<\/strong><a style=\"color: #ad0f17;\" href=\"https:\/\/www.facebook.com\/Shuaveshop\" target=\"_blank\" rel=\"noopener\"><strong>Shuave Shop<\/strong><\/a><span style=\"color: #666666;\">\u00a0 (Calle San Jorge 19)<br \/>\n<\/span><strong style=\"color: #666666;\">\u2013\u00a0<a style=\"color: #ad0f17;\" href=\"https:\/\/www.facebook.com\/Encosturastienda\" target=\"_blank\" rel=\"noopener\">Encosturas<\/a>\u00a0<\/strong><span style=\"color: #666666;\">(Calle San Jorge 23)<br \/>\n<\/span><strong style=\"color: #666666;\">\u2013\u00a0Taller Joyer\u00eda Dedos<\/strong><span style=\"color: #666666;\">\u00a0(Calle\u00a0San Lorenzo 32)<br \/>\n<\/span><strong style=\"color: #666666;\">\u2013\u00a0<a style=\"color: #ad0f17;\" href=\"https:\/\/www.facebook.com\/SilviSanctuarySanctuaryShop\">Sanctuary Shop<\/a><\/strong><span style=\"color: #666666;\">\u00a0(Calle San Lorenzo 32)<br \/>\n<\/span><strong style=\"color: #666666;\">\u2013\u00a0<a style=\"color: #ad0f17;\" href=\"https:\/\/www.facebook.com\/OLMO-SES%C3%89-Fotograf%C3%ADa-758869574167343\/\" target=\"_blank\" rel=\"noopener\">Olmo &amp; Ses\u00e9 Fotograf\u00eda<\/a>\u00a0<\/strong><span style=\"color: #666666;\">(Calle Estudios 15-17)<br \/>\n<\/span><strong>\u2013\u00a0<\/strong><a style=\"color: #ad0f17;\" href=\"https:\/\/www.facebook.com\/LaVentanaIndiscretazaragoza\" target=\"_blank\" rel=\"noopener\"><strong>La Ventana Indiscreta<\/strong>\u00a0<\/a><span style=\"color: #666666;\">(Calle San Lorenzo 12-16)<br \/>\n<\/span><strong style=\"color: #666666;\">\u2013\u00a0<a style=\"color: #ad0f17;\" href=\"https:\/\/www.facebook.com\/pages\/Pauladuran-House-of-Beauty\/196278183829804\" target=\"_blank\" rel=\"noopener\">Paula Duran House of Beauty<\/a>\u00a0<\/strong><span style=\"color: #666666;\">(Calle San Lorenzo 3)<br \/>\n<\/span><strong>\u2013\u00a0<\/strong><a style=\"color: #ad0f17;\" href=\"https:\/\/www.facebook.com\/canallashop\" target=\"_blank\" rel=\"noopener\"><strong>Canalla Shop<\/strong>\u00a0<\/a><span style=\"color: #666666;\">(Calle Mayor 50)<br \/>\n<\/span><strong style=\"color: #666666;\">\u2013\u00a0<a style=\"color: #ad0f17;\" href=\"https:\/\/www.facebook.com\/GGardens-Vintage-1626151407674594\/?ref=ts&amp;fref=ts\" target=\"_blank\" rel=\"noopener\">GGardens Vintage<\/a><\/strong><span style=\"color: #666666;\">\u00a0(Calle \u00d3rgano 3)<br \/>\n<\/span><strong>\u2013\u00a0<\/strong><a style=\"color: #ad0f17;\" href=\"https:\/\/www.facebook.com\/flamingos.vintagekilozaragoza?fref=ts\" target=\"_blank\" rel=\"noopener\"><strong>Flamingos Vintage Kilo<\/strong><\/a><span style=\"color: #666666;\">(Plaza Jordan de Asso 1, justo al lado de la Plaza de la Madalena)<br \/>\n<\/span><strong style=\"color: #666666;\">\u2013\u00a0<a style=\"color: #ad0f17;\" href=\"https:\/\/www.facebook.com\/tribandrum\/?fref=ts\">Tribandrum<\/a><\/strong><span style=\"color: #666666;\">\u00a0(Calle de Mart\u00edn Carrillo 7)<br \/>\n<\/span><strong style=\"color: #666666;\">\u2013\u00a0<a style=\"color: #ad0f17;\" href=\"https:\/\/www.facebook.com\/plastikvintage\" data-gt=\"{&quot;entity_id&quot;:&quot;279556312213907&quot;,&quot;entity_path&quot;:&quot;\\\/ajax\\\/events\\\/edit.php&quot;}\" data-hovercard=\"\/ajax\/hovercard\/page.php?id=279556312213907&amp;extragetparams=%7B%22directed_target_id%22%3A0%7D\">Plastik Vintage Shop<\/a><\/strong><span style=\"color: #666666;\">\u00a0(Coso 180)<br \/>\n<\/span><strong style=\"color: #666666;\">\u2013\u00a0La Cicleria<\/strong><span style=\"color: #666666;\">\u00a0(Calle Gav\u00edn 6)<br \/>\n<\/span><strong style=\"color: #666666;\"><strong>\u2013\u00a0<a style=\"color: #ad0f17;\" href=\"https:\/\/www.facebook.com\/kashmirvintage\/?fref=ts\" target=\"_blank\" rel=\"noopener\">Kashmir New &amp; Vintage<\/a><\/strong><\/strong><span style=\"color: #666666;\">\u00a0(Calle Santo Dominguito del Val 4, justo al lado de San Vicente de Paul)<br \/>\n<\/span><strong style=\"color: #666666;\">\u2013\u00a0<a style=\"color: #ad0f17;\" href=\"http:\/\/www.petulaplas.com\/\">P\u00e9tula Plas<\/a><\/strong><span style=\"color: #666666;\">\u00a0y\u00a0<\/span><strong style=\"color: #666666;\"><a style=\"color: #ad0f17;\" href=\"http:\/\/classphoto.es\/\">Classphoto by Ferran Mallol<\/a><\/strong><span style=\"color: #666666;\">\u00a0(Calle\u00a0Doctor Palomar 43)<br \/>\n<\/span><strong style=\"color: #666666;\">\u2013\u00a0<a href=\"https:\/\/www.facebook.com\/sehahechotrizas\">Sehahechotrizas<\/a><\/strong><span style=\"color: #666666;\">\u00a0(Calle de San Agust\u00edn 8B)<br \/>\n<\/span><strong style=\"color: #666666;\">\u2013\u00a0<a style=\"color: #ad0f17;\" href=\"https:\/\/www.facebook.com\/elralloceramic\/?fref=ts\" target=\"_blank\" rel=\"noopener\">El Rallo Taller Cer\u00e1mico<\/a><\/strong><span style=\"color: #666666;\">\u00a0(Calle de San Agust\u00edn 6B)<br \/>\n<\/span><strong style=\"color: #666666;\">\u2013\u00a0<a style=\"color: #ad0f17;\" href=\"https:\/\/www.facebook.com\/laolaideas\" target=\"_blank\" rel=\"noopener\">LaOla, mensajes de papel<\/a>\u00a0<\/strong><span style=\"color: #666666;\">(Calle San Agust\u00edn 4B)<br \/>\n<\/span><strong style=\"color: #666666;\">\u2013\u00a0<a style=\"color: #ad0f17;\" href=\"https:\/\/www.facebook.com\/mundobubub\/\" target=\"_blank\" rel=\"noopener\">Mundo Bubub<\/a><\/strong><span style=\"color: #666666;\">\u00a0(Calle San Agust\u00edn \u00a08A)<br \/>\n<\/span><strong style=\"color: #666666;\">\u2013\u00a0<a style=\"color: #ad0f17;\" href=\"https:\/\/www.facebook.com\/gaiteria.tremol?fref=ts\">Gaiter\u00eda Tremol<\/a>\u00a0<\/strong><span style=\"color: #666666;\">(Calle de San Agust\u00edn 6A)<br \/>\n<\/span><strong>\u2013\u00a0<\/strong><a style=\"color: #ad0f17;\" href=\"https:\/\/www.facebook.com\/modalena\" target=\"_blank\" rel=\"noopener\"><strong>Modalena<\/strong><\/a><span style=\"color: #666666;\">\u00a0 (Calle San Agust\u00edn 2)<br \/>\n<\/span><strong style=\"color: #666666;\">\u2013\u00a0<a style=\"color: #ad0f17;\" href=\"https:\/\/www.facebook.com\/pages\/PROK%C3%96\/105048727819\" data-gt=\"{&quot;entity_id&quot;:&quot;105048727819&quot;,&quot;entity_path&quot;:&quot;\\\/ajax\\\/events\\\/edit.php&quot;}\" data-hovercard=\"\/ajax\/hovercard\/page.php?id=105048727819&amp;extragetparams=%7B%22directed_target_id%22%3A0%7D\">PROK\u00d6<\/a><\/strong><span style=\"color: #666666;\">\u00a0(Calle Viola 2, justo al lado de la Plaza del Centro de Historias)<br \/>\n<\/span><strong style=\"color: #666666;\"><span class=\"fsl\">\u2013\u00a0<a style=\"color: #ad0f17;\" href=\"https:\/\/www.facebook.com\/bluevelvetflamingos\" data-gt=\"{&quot;entity_id&quot;:&quot;418359351585839&quot;,&quot;entity_path&quot;:&quot;\\\/ajax\\\/events\\\/edit.php&quot;}\" data-hovercard=\"\/ajax\/hovercard\/page.php?id=418359351585839&amp;extragetparams=%7B%22directed_target_id%22%3A0%7D\">Blue Velvet Vintage Clothing<\/a><\/span><\/strong><span style=\"color: #666666;\">\u00a0(Calle Cadena 8)<br \/>\n<\/span><strong style=\"color: #666666;\">\u2013\u00a0BrigadoonZgz<\/strong><span style=\"color: #666666;\">\u00a0(Calle San Miguel 50,\u00a0entrada por All\u00fae Salvador)<\/span><\/p>\n<figure id=\"attachment_11483\" aria-describedby=\"caption-attachment-11483\" style=\"width: 558px\" class=\"wp-caption aligncenter\"><img loading=\"lazy\" decoding=\"async\" class=\"size-full wp-image-11483\" src=\"http:\/\/madeinzaragoza.es\/blog\/wp-content\/uploads\/2016\/05\/crisb.jpg\" alt=\"Presentaci\u00f3n de la nueva colecci\u00f3n de ropa ecol\u00f3gica en Cris B. Durante estos meses se crear\u00e1 un relato colaborativo entre todos los visitantes a la tienda.\" width=\"558\" height=\"374\" srcset=\"http:\/\/madeinzaragoza.es\/blog\/wp-content\/uploads\/2016\/05\/crisb.jpg 558w, http:\/\/madeinzaragoza.es\/blog\/wp-content\/uploads\/2016\/05\/crisb-300x201.jpg 300w, http:\/\/madeinzaragoza.es\/blog\/wp-content\/uploads\/2016\/05\/crisb-163x109.jpg 163w, http:\/\/madeinzaragoza.es\/blog\/wp-content\/uploads\/2016\/05\/crisb-105x70.jpg 105w, http:\/\/madeinzaragoza.es\/blog\/wp-content\/uploads\/2016\/05\/crisb-180x120.jpg 180w, http:\/\/madeinzaragoza.es\/blog\/wp-content\/uploads\/2016\/05\/crisb-350x234.jpg 350w\" sizes=\"(max-width: 558px) 85vw, 558px\" \/><figcaption id=\"caption-attachment-11483\" class=\"wp-caption-text\">Presentaci\u00f3n de la nueva colecci\u00f3n de ropa ecol\u00f3gica en Cris B. Durante estos meses se crear\u00e1 un relato colaborativo entre todos los visitantes a la tienda.<\/figcaption><\/figure>\n<figure id=\"attachment_11485\" aria-describedby=\"caption-attachment-11485\" style=\"width: 558px\" class=\"wp-caption aligncenter\"><img loading=\"lazy\" decoding=\"async\" class=\"size-full wp-image-11485\" src=\"http:\/\/madeinzaragoza.es\/blog\/wp-content\/uploads\/2016\/05\/horst.jpg\" alt=\"Exposici\u00f3n de Cristina Loft en Horst\" width=\"558\" height=\"374\" srcset=\"http:\/\/madeinzaragoza.es\/blog\/wp-content\/uploads\/2016\/05\/horst.jpg 558w, http:\/\/madeinzaragoza.es\/blog\/wp-content\/uploads\/2016\/05\/horst-300x201.jpg 300w, http:\/\/madeinzaragoza.es\/blog\/wp-content\/uploads\/2016\/05\/horst-163x109.jpg 163w, http:\/\/madeinzaragoza.es\/blog\/wp-content\/uploads\/2016\/05\/horst-105x70.jpg 105w, http:\/\/madeinzaragoza.es\/blog\/wp-content\/uploads\/2016\/05\/horst-180x120.jpg 180w, http:\/\/madeinzaragoza.es\/blog\/wp-content\/uploads\/2016\/05\/horst-350x234.jpg 350w\" sizes=\"(max-width: 558px) 85vw, 558px\" \/><figcaption id=\"caption-attachment-11485\" class=\"wp-caption-text\">Exposici\u00f3n de Cristina Loft en Horst<\/figcaption><\/figure>\n<figure id=\"attachment_11481\" aria-describedby=\"caption-attachment-11481\" style=\"width: 558px\" class=\"wp-caption aligncenter\"><img loading=\"lazy\" decoding=\"async\" class=\"size-full wp-image-11481\" src=\"http:\/\/madeinzaragoza.es\/blog\/wp-content\/uploads\/2016\/05\/bubub.jpg\" alt=\"Barra de tapas marinadas con mermelasas y gel\u00e9es en Mundo Bubub\" width=\"558\" height=\"379\" srcset=\"http:\/\/madeinzaragoza.es\/blog\/wp-content\/uploads\/2016\/05\/bubub.jpg 558w, http:\/\/madeinzaragoza.es\/blog\/wp-content\/uploads\/2016\/05\/bubub-300x203.jpg 300w, http:\/\/madeinzaragoza.es\/blog\/wp-content\/uploads\/2016\/05\/bubub-105x70.jpg 105w, http:\/\/madeinzaragoza.es\/blog\/wp-content\/uploads\/2016\/05\/bubub-180x122.jpg 180w, http:\/\/madeinzaragoza.es\/blog\/wp-content\/uploads\/2016\/05\/bubub-350x237.jpg 350w\" sizes=\"(max-width: 558px) 85vw, 558px\" \/><figcaption id=\"caption-attachment-11481\" class=\"wp-caption-text\">Barra de tapas marinadas con mermelasas y gel\u00e9es en Mundo Bubub<\/figcaption><\/figure>\n<figure id=\"attachment_11489\" aria-describedby=\"caption-attachment-11489\" style=\"width: 558px\" class=\"wp-caption aligncenter\"><img loading=\"lazy\" decoding=\"async\" class=\"size-full wp-image-11489\" src=\"http:\/\/madeinzaragoza.es\/blog\/wp-content\/uploads\/2016\/05\/lemarais.jpg\" alt=\"Presentaci\u00f3n de la nueva colecci\u00f3n de Pili y Mili Joyas en Le Marais.\" width=\"558\" height=\"374\" srcset=\"http:\/\/madeinzaragoza.es\/blog\/wp-content\/uploads\/2016\/05\/lemarais.jpg 558w, http:\/\/madeinzaragoza.es\/blog\/wp-content\/uploads\/2016\/05\/lemarais-300x201.jpg 300w, http:\/\/madeinzaragoza.es\/blog\/wp-content\/uploads\/2016\/05\/lemarais-163x109.jpg 163w, http:\/\/madeinzaragoza.es\/blog\/wp-content\/uploads\/2016\/05\/lemarais-105x70.jpg 105w, http:\/\/madeinzaragoza.es\/blog\/wp-content\/uploads\/2016\/05\/lemarais-180x120.jpg 180w, http:\/\/madeinzaragoza.es\/blog\/wp-content\/uploads\/2016\/05\/lemarais-350x234.jpg 350w\" sizes=\"(max-width: 558px) 85vw, 558px\" \/><figcaption id=\"caption-attachment-11489\" class=\"wp-caption-text\">Presentaci\u00f3n de la nueva colecci\u00f3n de Pili y Mili Joyas en Le Marais.<\/figcaption><\/figure>\n<figure id=\"attachment_11491\" aria-describedby=\"caption-attachment-11491\" style=\"width: 558px\" class=\"wp-caption aligncenter\"><img loading=\"lazy\" decoding=\"async\" class=\"size-full wp-image-11491\" src=\"http:\/\/madeinzaragoza.es\/blog\/wp-content\/uploads\/2016\/05\/crisb1.jpg\" alt=\"Presentaci\u00f3n de la nueva colecci\u00f3n de ropa ecol\u00f3gica en Cris B. Durante estos meses se crear\u00e1 un relato colaborativo entre todos los visitantes a la tienda.\" width=\"558\" height=\"374\" srcset=\"http:\/\/madeinzaragoza.es\/blog\/wp-content\/uploads\/2016\/05\/crisb1.jpg 558w, http:\/\/madeinzaragoza.es\/blog\/wp-content\/uploads\/2016\/05\/crisb1-300x201.jpg 300w, http:\/\/madeinzaragoza.es\/blog\/wp-content\/uploads\/2016\/05\/crisb1-163x109.jpg 163w, http:\/\/madeinzaragoza.es\/blog\/wp-content\/uploads\/2016\/05\/crisb1-105x70.jpg 105w, http:\/\/madeinzaragoza.es\/blog\/wp-content\/uploads\/2016\/05\/crisb1-180x120.jpg 180w, http:\/\/madeinzaragoza.es\/blog\/wp-content\/uploads\/2016\/05\/crisb1-350x234.jpg 350w\" sizes=\"(max-width: 558px) 85vw, 558px\" \/><figcaption id=\"caption-attachment-11491\" class=\"wp-caption-text\">Presentaci\u00f3n de la nueva colecci\u00f3n de ropa ecol\u00f3gica en Cris B. Durante estos meses se crear\u00e1 un relato colaborativo entre todos los visitantes a la tienda.<\/figcaption><\/figure>\n<figure id=\"attachment_11493\" aria-describedby=\"caption-attachment-11493\" style=\"width: 558px\" class=\"wp-caption aligncenter\"><img loading=\"lazy\" decoding=\"async\" class=\"size-full wp-image-11493\" src=\"http:\/\/madeinzaragoza.es\/blog\/wp-content\/uploads\/2016\/05\/pintado.jpg\" alt=\"Colecci\u00f3n de platos pintados por Mirando la lluvia.\" width=\"558\" height=\"374\" srcset=\"http:\/\/madeinzaragoza.es\/blog\/wp-content\/uploads\/2016\/05\/pintado.jpg 558w, http:\/\/madeinzaragoza.es\/blog\/wp-content\/uploads\/2016\/05\/pintado-300x201.jpg 300w, http:\/\/madeinzaragoza.es\/blog\/wp-content\/uploads\/2016\/05\/pintado-163x109.jpg 163w, http:\/\/madeinzaragoza.es\/blog\/wp-content\/uploads\/2016\/05\/pintado-105x70.jpg 105w, http:\/\/madeinzaragoza.es\/blog\/wp-content\/uploads\/2016\/05\/pintado-180x120.jpg 180w, http:\/\/madeinzaragoza.es\/blog\/wp-content\/uploads\/2016\/05\/pintado-350x234.jpg 350w\" sizes=\"(max-width: 558px) 85vw, 558px\" \/><figcaption id=\"caption-attachment-11493\" class=\"wp-caption-text\">Colecci\u00f3n de platos pintados por Mirando la lluvia.<\/figcaption><\/figure>\n<figure id=\"attachment_11497\" aria-describedby=\"caption-attachment-11497\" style=\"width: 558px\" class=\"wp-caption aligncenter\"><img loading=\"lazy\" decoding=\"async\" class=\"size-full wp-image-11497\" src=\"http:\/\/madeinzaragoza.es\/blog\/wp-content\/uploads\/2016\/05\/nucleo.jpg\" alt=\"Propietario de Nucleo Zaragoza\" width=\"558\" height=\"419\" srcset=\"http:\/\/madeinzaragoza.es\/blog\/wp-content\/uploads\/2016\/05\/nucleo.jpg 558w, http:\/\/madeinzaragoza.es\/blog\/wp-content\/uploads\/2016\/05\/nucleo-300x225.jpg 300w, http:\/\/madeinzaragoza.es\/blog\/wp-content\/uploads\/2016\/05\/nucleo-180x135.jpg 180w, http:\/\/madeinzaragoza.es\/blog\/wp-content\/uploads\/2016\/05\/nucleo-350x262.jpg 350w\" sizes=\"(max-width: 558px) 85vw, 558px\" \/><figcaption id=\"caption-attachment-11497\" class=\"wp-caption-text\">Propietario de Nucleo Zaragoza<\/figcaption><\/figure>\n<figure id=\"attachment_11499\" aria-describedby=\"caption-attachment-11499\" style=\"width: 558px\" class=\"wp-caption aligncenter\"><a href=\"http:\/\/madeinzaragoza.es\/blog\/wp-content\/uploads\/2016\/05\/paez.jpg\"><img loading=\"lazy\" decoding=\"async\" class=\"size-full wp-image-11499\" src=\"http:\/\/madeinzaragoza.es\/blog\/wp-content\/uploads\/2016\/05\/paez.jpg\" alt=\"Paez Store Zaragoza hablando sobre su acci\u00f3n de por cada zapatilla vendida, env\u00edo de un par a \u00c1frica\" width=\"558\" height=\"374\" srcset=\"http:\/\/madeinzaragoza.es\/blog\/wp-content\/uploads\/2016\/05\/paez.jpg 558w, http:\/\/madeinzaragoza.es\/blog\/wp-content\/uploads\/2016\/05\/paez-300x201.jpg 300w, http:\/\/madeinzaragoza.es\/blog\/wp-content\/uploads\/2016\/05\/paez-163x109.jpg 163w, http:\/\/madeinzaragoza.es\/blog\/wp-content\/uploads\/2016\/05\/paez-105x70.jpg 105w, http:\/\/madeinzaragoza.es\/blog\/wp-content\/uploads\/2016\/05\/paez-180x120.jpg 180w, http:\/\/madeinzaragoza.es\/blog\/wp-content\/uploads\/2016\/05\/paez-350x234.jpg 350w\" sizes=\"(max-width: 558px) 85vw, 558px\" \/><\/a><figcaption id=\"caption-attachment-11499\" class=\"wp-caption-text\">Paez Store Zaragoza hablando sobre su acci\u00f3n de por cada zapatilla vendida, env\u00edo de un par a \u00c1frica<\/figcaption><\/figure>\n<figure id=\"attachment_11501\" aria-describedby=\"caption-attachment-11501\" style=\"width: 558px\" class=\"wp-caption aligncenter\"><img loading=\"lazy\" decoding=\"async\" class=\"size-full wp-image-11501\" src=\"http:\/\/madeinzaragoza.es\/blog\/wp-content\/uploads\/2016\/05\/tv.jpg\" alt=\"Arag\u00f3n en Abierto con Milagros Arrebola de Zaragoza Activa en sehahechotrizas\" width=\"558\" height=\"363\" srcset=\"http:\/\/madeinzaragoza.es\/blog\/wp-content\/uploads\/2016\/05\/tv.jpg 558w, http:\/\/madeinzaragoza.es\/blog\/wp-content\/uploads\/2016\/05\/tv-300x195.jpg 300w, http:\/\/madeinzaragoza.es\/blog\/wp-content\/uploads\/2016\/05\/tv-180x117.jpg 180w, http:\/\/madeinzaragoza.es\/blog\/wp-content\/uploads\/2016\/05\/tv-350x227.jpg 350w\" sizes=\"(max-width: 558px) 85vw, 558px\" \/><figcaption id=\"caption-attachment-11501\" class=\"wp-caption-text\">Arag\u00f3n en Abierto con Milagros Arrebola de Zaragoza Activa en sehahechotrizas<\/figcaption><\/figure>\n<figure id=\"attachment_11503\" aria-describedby=\"caption-attachment-11503\" style=\"width: 558px\" class=\"wp-caption aligncenter\"><img loading=\"lazy\" decoding=\"async\" class=\"size-full wp-image-11503\" src=\"http:\/\/madeinzaragoza.es\/blog\/wp-content\/uploads\/2016\/05\/tremol.jpg\" alt=\"Taller de instrumentos tradicionales aragoneses en Gaiter\u00eda Tremol\" width=\"558\" height=\"412\" srcset=\"http:\/\/madeinzaragoza.es\/blog\/wp-content\/uploads\/2016\/05\/tremol.jpg 558w, http:\/\/madeinzaragoza.es\/blog\/wp-content\/uploads\/2016\/05\/tremol-300x221.jpg 300w, http:\/\/madeinzaragoza.es\/blog\/wp-content\/uploads\/2016\/05\/tremol-180x132.jpg 180w, http:\/\/madeinzaragoza.es\/blog\/wp-content\/uploads\/2016\/05\/tremol-350x258.jpg 350w\" sizes=\"(max-width: 558px) 85vw, 558px\" \/><figcaption id=\"caption-attachment-11503\" class=\"wp-caption-text\">Taller de instrumentos tradicionales aragoneses en Gaiter\u00eda Tremol<\/figcaption><\/figure>\n<figure id=\"attachment_11505\" aria-describedby=\"caption-attachment-11505\" style=\"width: 558px\" class=\"wp-caption aligncenter\"><img loading=\"lazy\" decoding=\"async\" class=\"size-full wp-image-11505\" src=\"http:\/\/madeinzaragoza.es\/blog\/wp-content\/uploads\/2016\/05\/blue.jpg\" alt=\"Expo de Blasina Rocher en Blue Velvet. Fotograf\u00eda de Natalia Perezgrueso Garcia\" width=\"558\" height=\"371\" srcset=\"http:\/\/madeinzaragoza.es\/blog\/wp-content\/uploads\/2016\/05\/blue.jpg 558w, http:\/\/madeinzaragoza.es\/blog\/wp-content\/uploads\/2016\/05\/blue-300x199.jpg 300w, http:\/\/madeinzaragoza.es\/blog\/wp-content\/uploads\/2016\/05\/blue-163x109.jpg 163w, http:\/\/madeinzaragoza.es\/blog\/wp-content\/uploads\/2016\/05\/blue-105x70.jpg 105w, http:\/\/madeinzaragoza.es\/blog\/wp-content\/uploads\/2016\/05\/blue-180x119.jpg 180w, http:\/\/madeinzaragoza.es\/blog\/wp-content\/uploads\/2016\/05\/blue-350x232.jpg 350w\" sizes=\"(max-width: 558px) 85vw, 558px\" \/><figcaption id=\"caption-attachment-11505\" class=\"wp-caption-text\">Expo de Blasina Rocher en Blue Velvet.\u00a0Fotograf\u00eda de Natalia Perezgrueso Garcia<\/figcaption><\/figure>\n<figure id=\"attachment_11509\" aria-describedby=\"caption-attachment-11509\" style=\"width: 558px\" class=\"wp-caption aligncenter\"><img loading=\"lazy\" decoding=\"async\" class=\"size-full wp-image-11509\" src=\"http:\/\/madeinzaragoza.es\/blog\/wp-content\/uploads\/2016\/05\/plastik.jpg\" alt=\"Plastik Vintage Shop nos presenta su marca propia\" width=\"558\" height=\"419\" srcset=\"http:\/\/madeinzaragoza.es\/blog\/wp-content\/uploads\/2016\/05\/plastik.jpg 558w, http:\/\/madeinzaragoza.es\/blog\/wp-content\/uploads\/2016\/05\/plastik-300x225.jpg 300w, http:\/\/madeinzaragoza.es\/blog\/wp-content\/uploads\/2016\/05\/plastik-180x135.jpg 180w, http:\/\/madeinzaragoza.es\/blog\/wp-content\/uploads\/2016\/05\/plastik-350x262.jpg 350w\" sizes=\"(max-width: 558px) 85vw, 558px\" \/><figcaption id=\"caption-attachment-11509\" class=\"wp-caption-text\">Plastik Vintage Shop nos presenta su marca propia<\/figcaption><\/figure>\n<figure id=\"attachment_11511\" aria-describedby=\"caption-attachment-11511\" style=\"width: 558px\" class=\"wp-caption aligncenter\"><img loading=\"lazy\" decoding=\"async\" class=\"size-full wp-image-11511\" src=\"http:\/\/madeinzaragoza.es\/blog\/wp-content\/uploads\/2016\/05\/shuave.jpg\" alt=\"Exposici\u00f3n de ilustraciones de 'Stuadium' por Jesana Motilva\" width=\"558\" height=\"374\" srcset=\"http:\/\/madeinzaragoza.es\/blog\/wp-content\/uploads\/2016\/05\/shuave.jpg 558w, http:\/\/madeinzaragoza.es\/blog\/wp-content\/uploads\/2016\/05\/shuave-300x201.jpg 300w, http:\/\/madeinzaragoza.es\/blog\/wp-content\/uploads\/2016\/05\/shuave-163x109.jpg 163w, http:\/\/madeinzaragoza.es\/blog\/wp-content\/uploads\/2016\/05\/shuave-105x70.jpg 105w, http:\/\/madeinzaragoza.es\/blog\/wp-content\/uploads\/2016\/05\/shuave-180x120.jpg 180w, http:\/\/madeinzaragoza.es\/blog\/wp-content\/uploads\/2016\/05\/shuave-350x234.jpg 350w\" sizes=\"(max-width: 558px) 85vw, 558px\" \/><figcaption id=\"caption-attachment-11511\" class=\"wp-caption-text\">Exposici\u00f3n de ilustraciones de &#8216;Stuadium&#8217; por Jesana Motilva<\/figcaption><\/figure>\n<figure id=\"attachment_11513\" aria-describedby=\"caption-attachment-11513\" style=\"width: 558px\" class=\"wp-caption aligncenter\"><img loading=\"lazy\" decoding=\"async\" class=\"size-full wp-image-11513\" src=\"http:\/\/madeinzaragoza.es\/blog\/wp-content\/uploads\/2016\/05\/pezones.jpg\" alt=\"Exposici\u00f3n de Pezones revueltos en Kashmir New &amp;Vintage\" width=\"558\" height=\"374\" srcset=\"http:\/\/madeinzaragoza.es\/blog\/wp-content\/uploads\/2016\/05\/pezones.jpg 558w, http:\/\/madeinzaragoza.es\/blog\/wp-content\/uploads\/2016\/05\/pezones-300x201.jpg 300w, http:\/\/madeinzaragoza.es\/blog\/wp-content\/uploads\/2016\/05\/pezones-163x109.jpg 163w, http:\/\/madeinzaragoza.es\/blog\/wp-content\/uploads\/2016\/05\/pezones-105x70.jpg 105w, http:\/\/madeinzaragoza.es\/blog\/wp-content\/uploads\/2016\/05\/pezones-180x120.jpg 180w, http:\/\/madeinzaragoza.es\/blog\/wp-content\/uploads\/2016\/05\/pezones-350x234.jpg 350w\" sizes=\"(max-width: 558px) 85vw, 558px\" \/><figcaption id=\"caption-attachment-11513\" class=\"wp-caption-text\">Exposici\u00f3n de Pezones revueltos en Kashmir New &amp;Vintage<\/figcaption><\/figure>\n<figure id=\"attachment_11515\" aria-describedby=\"caption-attachment-11515\" style=\"width: 558px\" class=\"wp-caption aligncenter\"><img loading=\"lazy\" decoding=\"async\" class=\"wp-image-11515 size-full\" src=\"http:\/\/madeinzaragoza.es\/blog\/wp-content\/uploads\/2016\/05\/paula.jpg\" alt=\"Algunas blogueras de la ruta en Pauladuran House of Beauty\" width=\"558\" height=\"419\" srcset=\"http:\/\/madeinzaragoza.es\/blog\/wp-content\/uploads\/2016\/05\/paula.jpg 558w, http:\/\/madeinzaragoza.es\/blog\/wp-content\/uploads\/2016\/05\/paula-300x225.jpg 300w, http:\/\/madeinzaragoza.es\/blog\/wp-content\/uploads\/2016\/05\/paula-180x135.jpg 180w, http:\/\/madeinzaragoza.es\/blog\/wp-content\/uploads\/2016\/05\/paula-350x262.jpg 350w\" sizes=\"(max-width: 558px) 85vw, 558px\" \/><figcaption id=\"caption-attachment-11515\" class=\"wp-caption-text\">Algunas blogueras de la ruta en Pauladuran House of Beauty<\/figcaption><\/figure>\n<figure id=\"attachment_11517\" aria-describedby=\"caption-attachment-11517\" style=\"width: 558px\" class=\"wp-caption aligncenter\"><img loading=\"lazy\" decoding=\"async\" class=\"size-full wp-image-11517\" src=\"http:\/\/madeinzaragoza.es\/blog\/wp-content\/uploads\/2016\/05\/tri.jpg\" alt=\"Esparatrapo en concierto en Tribandum\" width=\"558\" height=\"361\" srcset=\"http:\/\/madeinzaragoza.es\/blog\/wp-content\/uploads\/2016\/05\/tri.jpg 558w, http:\/\/madeinzaragoza.es\/blog\/wp-content\/uploads\/2016\/05\/tri-300x194.jpg 300w, http:\/\/madeinzaragoza.es\/blog\/wp-content\/uploads\/2016\/05\/tri-180x116.jpg 180w, http:\/\/madeinzaragoza.es\/blog\/wp-content\/uploads\/2016\/05\/tri-350x226.jpg 350w, http:\/\/madeinzaragoza.es\/blog\/wp-content\/uploads\/2016\/05\/tri-110x70.jpg 110w\" sizes=\"(max-width: 558px) 85vw, 558px\" \/><figcaption id=\"caption-attachment-11517\" class=\"wp-caption-text\">Esparatrapo en concierto en Tribandum<\/figcaption><\/figure>\n<figure id=\"attachment_11495\" aria-describedby=\"caption-attachment-11495\" style=\"width: 558px\" class=\"wp-caption aligncenter\"><img loading=\"lazy\" decoding=\"async\" class=\"wp-image-11495 size-full\" src=\"http:\/\/madeinzaragoza.es\/blog\/wp-content\/uploads\/2016\/05\/esenzia.jpg\" alt=\"M\u00fasica en directo y descuentos especiales en Esenzia\" width=\"558\" height=\"314\" srcset=\"http:\/\/madeinzaragoza.es\/blog\/wp-content\/uploads\/2016\/05\/esenzia.jpg 558w, http:\/\/madeinzaragoza.es\/blog\/wp-content\/uploads\/2016\/05\/esenzia-300x168.jpg 300w, http:\/\/madeinzaragoza.es\/blog\/wp-content\/uploads\/2016\/05\/esenzia-190x108.jpg 190w, http:\/\/madeinzaragoza.es\/blog\/wp-content\/uploads\/2016\/05\/esenzia-180x101.jpg 180w, http:\/\/madeinzaragoza.es\/blog\/wp-content\/uploads\/2016\/05\/esenzia-350x196.jpg 350w\" sizes=\"(max-width: 558px) 85vw, 558px\" \/><figcaption id=\"caption-attachment-11495\" class=\"wp-caption-text\">M\u00fasica en directo y descuentos especiales en Esenzia<\/figcaption><\/figure>\n<figure id=\"attachment_11519\" aria-describedby=\"caption-attachment-11519\" style=\"width: 558px\" class=\"wp-caption aligncenter\"><a href=\"http:\/\/madeinzaragoza.es\/blog\/wp-content\/uploads\/2016\/05\/canalla.jpg\"><img loading=\"lazy\" decoding=\"async\" class=\"size-full wp-image-11519\" src=\"http:\/\/madeinzaragoza.es\/blog\/wp-content\/uploads\/2016\/05\/canalla.jpg\" alt=\"Canalla Shop con un grupo de clientes que se acercaron a la Noche de los Tenderos Creativos \u2014 con Helena Lombarte y Agnes Daroca.\" width=\"558\" height=\"357\" srcset=\"http:\/\/madeinzaragoza.es\/blog\/wp-content\/uploads\/2016\/05\/canalla.jpg 558w, http:\/\/madeinzaragoza.es\/blog\/wp-content\/uploads\/2016\/05\/canalla-300x191.jpg 300w, http:\/\/madeinzaragoza.es\/blog\/wp-content\/uploads\/2016\/05\/canalla-180x115.jpg 180w, http:\/\/madeinzaragoza.es\/blog\/wp-content\/uploads\/2016\/05\/canalla-350x223.jpg 350w, http:\/\/madeinzaragoza.es\/blog\/wp-content\/uploads\/2016\/05\/canalla-110x70.jpg 110w\" sizes=\"(max-width: 558px) 85vw, 558px\" \/><\/a><figcaption id=\"caption-attachment-11519\" class=\"wp-caption-text\">Canalla Shop con un grupo de clientes que se acercaron a la Noche de los Tenderos Creativos<\/figcaption><\/figure>\n<figure id=\"attachment_11521\" aria-describedby=\"caption-attachment-11521\" style=\"width: 558px\" class=\"wp-caption aligncenter\"><img loading=\"lazy\" decoding=\"async\" class=\"size-full wp-image-11521\" src=\"http:\/\/madeinzaragoza.es\/blog\/wp-content\/uploads\/2016\/05\/111.jpg\" alt=\"Las joyas de PROK\u00d6 preparadas para la Noche de los Tenderos\" width=\"558\" height=\"419\" srcset=\"http:\/\/madeinzaragoza.es\/blog\/wp-content\/uploads\/2016\/05\/111.jpg 558w, http:\/\/madeinzaragoza.es\/blog\/wp-content\/uploads\/2016\/05\/111-300x225.jpg 300w, http:\/\/madeinzaragoza.es\/blog\/wp-content\/uploads\/2016\/05\/111-180x135.jpg 180w, http:\/\/madeinzaragoza.es\/blog\/wp-content\/uploads\/2016\/05\/111-350x262.jpg 350w\" sizes=\"(max-width: 558px) 85vw, 558px\" \/><figcaption id=\"caption-attachment-11521\" class=\"wp-caption-text\">Las joyas de PROK\u00d6 preparadas para la Noche de los Tenderos<\/figcaption><\/figure>\n","protected":false},"excerpt":{"rendered":"<p>Tal y como anunci\u00e1bamos hace unos d\u00edas, el viernes de 6 de mayo\u00a0se celebr\u00f3 \u201cLa\u00a0III\u00a0Noche de los Tenderos Creativos\u201d, una jornada organizada por la red de emprendedores\u00a0Made in Zaragoza\u00a0y\u00a0Zaragoza Activa\u00a0que animaba a visitar y conocer a peque\u00f1os comercios creativos de La Magdalena y Casco Viejo, que permanecieron abiertos desde las 20:00 a las 23:30 h, &hellip; <a href=\"http:\/\/madeinzaragoza.es\/blog\/noche-tenderos-creativos-made-zaragoza\/\" class=\"more-link\">Continuar leyendo<span class=\"screen-reader-text\"> \u00abAs\u00ed fue la III Noche de los Tenderos Creativos de Made in Zaragoza\u00bb<\/span><\/a><\/p>\n","protected":false},"author":22,"featured_media":11473,"comment_status":"open","ping_status":"open","sticky":false,"template":"","format":"standard","meta":{"footnotes":""},"categories":[7,8],"tags":[],"yoast_head":"<!-- This site is optimized with the Yoast SEO plugin v19.7.2 - https:\/\/yoast.com\/wordpress\/plugins\/seo\/ -->\n<title>As\u00ed fue la III Noche de los Tenderos Creativos de Made in Zaragoza - Made in Zaragoza<\/title>\n<meta name=\"description\" content=\"La Noche de los Tenderos creativos es un evento que busca apoyar a las tiendas de barrio y hacer una ciudad m\u00e1s equilibrada y sostenible, y que por tercer a\u00f1o consecutivo se ha convertido en la gran fiesta del peque\u00f1o comercio creativo en Zaragoza.\" \/>\n<meta name=\"robots\" content=\"index, follow, max-snippet:-1, max-image-preview:large, max-video-preview:-1\" \/>\n<link rel=\"canonical\" href=\"https:\/\/madeinzaragoza.es\/blog\/noche-tenderos-creativos-made-zaragoza\/\" \/>\n<meta property=\"og:locale\" content=\"es_ES\" \/>\n<meta property=\"og:type\" content=\"article\" \/>\n<meta property=\"og:title\" content=\"As\u00ed fue la III Noche de los Tenderos Creativos de Made in Zaragoza - Made in Zaragoza\" \/>\n<meta property=\"og:description\" content=\"La Noche de los Tenderos creativos es un evento que busca apoyar a las tiendas de barrio y hacer una ciudad m\u00e1s equilibrada y sostenible, y que por tercer a\u00f1o consecutivo se ha convertido en la gran fiesta del peque\u00f1o comercio creativo en Zaragoza.\" \/>\n<meta property=\"og:url\" content=\"https:\/\/madeinzaragoza.es\/blog\/noche-tenderos-creativos-made-zaragoza\/\" \/>\n<meta property=\"og:site_name\" content=\"Made in Zaragoza\" \/>\n<meta property=\"article:publisher\" content=\"https:\/\/www.facebook.com\/madeinzaragoza.es\/\" \/>\n<meta property=\"article:author\" content=\"LasArmasZAC\" \/>\n<meta property=\"article:published_time\" content=\"2016-05-08T21:10:09+00:00\" \/>\n<meta property=\"article:modified_time\" content=\"2022-10-09T13:50:24+00:00\" \/>\n<meta property=\"og:image\" content=\"https:\/\/madeinzaragoza.es\/blog\/wp-content\/uploads\/2016\/05\/trad1.jpg\" \/>\n\t<meta property=\"og:image:width\" content=\"558\" \/>\n\t<meta property=\"og:image:height\" content=\"366\" \/>\n\t<meta property=\"og:image:type\" content=\"image\/jpeg\" \/>\n<meta name=\"author\" content=\"MadeinZGZ\" \/>\n<meta name=\"twitter:card\" content=\"summary\" \/>\n<meta name=\"twitter:creator\" content=\"@madeinzaragoza\" \/>\n<meta name=\"twitter:site\" content=\"@madeinzaragoza\" \/>\n<meta name=\"twitter:label1\" content=\"Escrito por\" \/>\n\t<meta name=\"twitter:data1\" content=\"MadeinZGZ\" \/>\n\t<meta name=\"twitter:label2\" content=\"Tiempo de lectura\" \/>\n\t<meta name=\"twitter:data2\" content=\"5 minutos\" \/>\n<script type=\"application\/ld+json\" class=\"yoast-schema-graph\">{\"@context\":\"https:\/\/schema.org\",\"@graph\":[{\"@type\":\"Article\",\"@id\":\"https:\/\/madeinzaragoza.es\/blog\/noche-tenderos-creativos-made-zaragoza\/#article\",\"isPartOf\":{\"@id\":\"https:\/\/madeinzaragoza.es\/blog\/noche-tenderos-creativos-made-zaragoza\/\"},\"author\":{\"name\":\"MadeinZGZ\",\"@id\":\"http:\/\/madeinzaragoza.es\/blog\/#\/schema\/person\/59f4073cf7e7bc2b2f33b48241478a32\"},\"headline\":\"As\u00ed fue la III Noche de los Tenderos Creativos de Made in Zaragoza\",\"datePublished\":\"2016-05-08T21:10:09+00:00\",\"dateModified\":\"2022-10-09T13:50:24+00:00\",\"mainEntityOfPage\":{\"@id\":\"https:\/\/madeinzaragoza.es\/blog\/noche-tenderos-creativos-made-zaragoza\/\"},\"wordCount\":977,\"commentCount\":0,\"publisher\":{\"@id\":\"http:\/\/madeinzaragoza.es\/blog\/#organization\"},\"articleSection\":[\"Qu\u00e9 hacer\",\"Red MIZ\"],\"inLanguage\":\"es\",\"potentialAction\":[{\"@type\":\"CommentAction\",\"name\":\"Comment\",\"target\":[\"https:\/\/madeinzaragoza.es\/blog\/noche-tenderos-creativos-made-zaragoza\/#respond\"]}]},{\"@type\":\"WebPage\",\"@id\":\"https:\/\/madeinzaragoza.es\/blog\/noche-tenderos-creativos-made-zaragoza\/\",\"url\":\"https:\/\/madeinzaragoza.es\/blog\/noche-tenderos-creativos-made-zaragoza\/\",\"name\":\"As\u00ed fue la III Noche de los Tenderos Creativos de Made in Zaragoza - Made in Zaragoza\",\"isPartOf\":{\"@id\":\"http:\/\/madeinzaragoza.es\/blog\/#website\"},\"datePublished\":\"2016-05-08T21:10:09+00:00\",\"dateModified\":\"2022-10-09T13:50:24+00:00\",\"description\":\"La Noche de los Tenderos creativos es un evento que busca apoyar a las tiendas de barrio y hacer una ciudad m\u00e1s equilibrada y sostenible, y que por tercer a\u00f1o consecutivo se ha convertido en la gran fiesta del peque\u00f1o comercio creativo en Zaragoza.\",\"breadcrumb\":{\"@id\":\"https:\/\/madeinzaragoza.es\/blog\/noche-tenderos-creativos-made-zaragoza\/#breadcrumb\"},\"inLanguage\":\"es\",\"potentialAction\":[{\"@type\":\"ReadAction\",\"target\":[\"https:\/\/madeinzaragoza.es\/blog\/noche-tenderos-creativos-made-zaragoza\/\"]}]},{\"@type\":\"BreadcrumbList\",\"@id\":\"https:\/\/madeinzaragoza.es\/blog\/noche-tenderos-creativos-made-zaragoza\/#breadcrumb\",\"itemListElement\":[{\"@type\":\"ListItem\",\"position\":1,\"name\":\"Portada\",\"item\":\"http:\/\/madeinzaragoza.es\/blog\/\"},{\"@type\":\"ListItem\",\"position\":2,\"name\":\"As\u00ed fue la III Noche de los Tenderos Creativos de Made in Zaragoza\"}]},{\"@type\":\"WebSite\",\"@id\":\"http:\/\/madeinzaragoza.es\/blog\/#website\",\"url\":\"http:\/\/madeinzaragoza.es\/blog\/\",\"name\":\"Made in Zaragoza\",\"description\":\"Blog de MadeinZGZ, Red de Econom\u00eda Creativa de Zaragoza\",\"publisher\":{\"@id\":\"http:\/\/madeinzaragoza.es\/blog\/#organization\"},\"potentialAction\":[{\"@type\":\"SearchAction\",\"target\":{\"@type\":\"EntryPoint\",\"urlTemplate\":\"http:\/\/madeinzaragoza.es\/blog\/?s={search_term_string}\"},\"query-input\":\"required name=search_term_string\"}],\"inLanguage\":\"es\"},{\"@type\":\"Organization\",\"@id\":\"http:\/\/madeinzaragoza.es\/blog\/#organization\",\"name\":\"Made In Zaragoza\",\"url\":\"http:\/\/madeinzaragoza.es\/blog\/\",\"sameAs\":[\"https:\/\/www.instagram.com\/madeinzaragoza.es\/\",\"https:\/\/www.facebook.com\/madeinzaragoza.es\/\",\"https:\/\/twitter.com\/madeinzaragoza\"],\"logo\":{\"@type\":\"ImageObject\",\"inLanguage\":\"es\",\"@id\":\"http:\/\/madeinzaragoza.es\/blog\/#\/schema\/logo\/image\/\",\"url\":\"https:\/\/madeinzaragoza.es\/blog\/wp-content\/uploads\/2022\/05\/logo.png\",\"contentUrl\":\"https:\/\/madeinzaragoza.es\/blog\/wp-content\/uploads\/2022\/05\/logo.png\",\"width\":193,\"height\":176,\"caption\":\"Made In Zaragoza\"},\"image\":{\"@id\":\"http:\/\/madeinzaragoza.es\/blog\/#\/schema\/logo\/image\/\"}},{\"@type\":\"Person\",\"@id\":\"http:\/\/madeinzaragoza.es\/blog\/#\/schema\/person\/59f4073cf7e7bc2b2f33b48241478a32\",\"name\":\"MadeinZGZ\",\"image\":{\"@type\":\"ImageObject\",\"inLanguage\":\"es\",\"@id\":\"http:\/\/madeinzaragoza.es\/blog\/#\/schema\/person\/image\/\",\"url\":\"http:\/\/2.gravatar.com\/avatar\/23c2456a35687aa268b52997d8f142d1?s=96&d=mm&r=g\",\"contentUrl\":\"http:\/\/2.gravatar.com\/avatar\/23c2456a35687aa268b52997d8f142d1?s=96&d=mm&r=g\",\"caption\":\"MadeinZGZ\"},\"description\":\"Red de comercios y emprendedores creativos de Zaragoza impulsada por ZGZ Activa.\",\"sameAs\":[\"LasArmasZAC\",\"https:\/\/twitter.com\/madeinzaragoza\"],\"url\":\"http:\/\/madeinzaragoza.es\/blog\/author\/madeinzgz\/\"}]}<\/script>\n<!-- \/ Yoast SEO plugin. -->","yoast_head_json":{"title":"As\u00ed fue la III Noche de los Tenderos Creativos de Made in Zaragoza - Made in Zaragoza","description":"La Noche de los Tenderos creativos es un evento que busca apoyar a las tiendas de barrio y hacer una ciudad m\u00e1s equilibrada y sostenible, y que por tercer a\u00f1o consecutivo se ha convertido en la gran fiesta del peque\u00f1o comercio creativo en Zaragoza.","robots":{"index":"index","follow":"follow","max-snippet":"max-snippet:-1","max-image-preview":"max-image-preview:large","max-video-preview":"max-video-preview:-1"},"canonical":"https:\/\/madeinzaragoza.es\/blog\/noche-tenderos-creativos-made-zaragoza\/","og_locale":"es_ES","og_type":"article","og_title":"As\u00ed fue la III Noche de los Tenderos Creativos de Made in Zaragoza - Made in Zaragoza","og_description":"La Noche de los Tenderos creativos es un evento que busca apoyar a las tiendas de barrio y hacer una ciudad m\u00e1s equilibrada y sostenible, y que por tercer a\u00f1o consecutivo se ha convertido en la gran fiesta del peque\u00f1o comercio creativo en Zaragoza.","og_url":"https:\/\/madeinzaragoza.es\/blog\/noche-tenderos-creativos-made-zaragoza\/","og_site_name":"Made in Zaragoza","article_publisher":"https:\/\/www.facebook.com\/madeinzaragoza.es\/","article_author":"LasArmasZAC","article_published_time":"2016-05-08T21:10:09+00:00","article_modified_time":"2022-10-09T13:50:24+00:00","og_image":[{"width":558,"height":366,"url":"https:\/\/madeinzaragoza.es\/blog\/wp-content\/uploads\/2016\/05\/trad1.jpg","type":"image\/jpeg"}],"author":"MadeinZGZ","twitter_card":"summary","twitter_creator":"@madeinzaragoza","twitter_site":"@madeinzaragoza","twitter_misc":{"Escrito por":"MadeinZGZ","Tiempo de lectura":"5 minutos"},"schema":{"@context":"https:\/\/schema.org","@graph":[{"@type":"Article","@id":"https:\/\/madeinzaragoza.es\/blog\/noche-tenderos-creativos-made-zaragoza\/#article","isPartOf":{"@id":"https:\/\/madeinzaragoza.es\/blog\/noche-tenderos-creativos-made-zaragoza\/"},"author":{"name":"MadeinZGZ","@id":"http:\/\/madeinzaragoza.es\/blog\/#\/schema\/person\/59f4073cf7e7bc2b2f33b48241478a32"},"headline":"As\u00ed fue la III Noche de los Tenderos Creativos de Made in Zaragoza","datePublished":"2016-05-08T21:10:09+00:00","dateModified":"2022-10-09T13:50:24+00:00","mainEntityOfPage":{"@id":"https:\/\/madeinzaragoza.es\/blog\/noche-tenderos-creativos-made-zaragoza\/"},"wordCount":977,"commentCount":0,"publisher":{"@id":"http:\/\/madeinzaragoza.es\/blog\/#organization"},"articleSection":["Qu\u00e9 hacer","Red MIZ"],"inLanguage":"es","potentialAction":[{"@type":"CommentAction","name":"Comment","target":["https:\/\/madeinzaragoza.es\/blog\/noche-tenderos-creativos-made-zaragoza\/#respond"]}]},{"@type":"WebPage","@id":"https:\/\/madeinzaragoza.es\/blog\/noche-tenderos-creativos-made-zaragoza\/","url":"https:\/\/madeinzaragoza.es\/blog\/noche-tenderos-creativos-made-zaragoza\/","name":"As\u00ed fue la III Noche de los Tenderos Creativos de Made in Zaragoza - Made in Zaragoza","isPartOf":{"@id":"http:\/\/madeinzaragoza.es\/blog\/#website"},"datePublished":"2016-05-08T21:10:09+00:00","dateModified":"2022-10-09T13:50:24+00:00","description":"La Noche de los Tenderos creativos es un evento que busca apoyar a las tiendas de barrio y hacer una ciudad m\u00e1s equilibrada y sostenible, y que por tercer a\u00f1o consecutivo se ha convertido en la gran fiesta del peque\u00f1o comercio creativo en Zaragoza.","breadcrumb":{"@id":"https:\/\/madeinzaragoza.es\/blog\/noche-tenderos-creativos-made-zaragoza\/#breadcrumb"},"inLanguage":"es","potentialAction":[{"@type":"ReadAction","target":["https:\/\/madeinzaragoza.es\/blog\/noche-tenderos-creativos-made-zaragoza\/"]}]},{"@type":"BreadcrumbList","@id":"https:\/\/madeinzaragoza.es\/blog\/noche-tenderos-creativos-made-zaragoza\/#breadcrumb","itemListElement":[{"@type":"ListItem","position":1,"name":"Portada","item":"http:\/\/madeinzaragoza.es\/blog\/"},{"@type":"ListItem","position":2,"name":"As\u00ed fue la III Noche de los Tenderos Creativos de Made in Zaragoza"}]},{"@type":"WebSite","@id":"http:\/\/madeinzaragoza.es\/blog\/#website","url":"http:\/\/madeinzaragoza.es\/blog\/","name":"Made in Zaragoza","description":"Blog de MadeinZGZ, Red de Econom\u00eda Creativa de Zaragoza","publisher":{"@id":"http:\/\/madeinzaragoza.es\/blog\/#organization"},"potentialAction":[{"@type":"SearchAction","target":{"@type":"EntryPoint","urlTemplate":"http:\/\/madeinzaragoza.es\/blog\/?s={search_term_string}"},"query-input":"required name=search_term_string"}],"inLanguage":"es"},{"@type":"Organization","@id":"http:\/\/madeinzaragoza.es\/blog\/#organization","name":"Made In Zaragoza","url":"http:\/\/madeinzaragoza.es\/blog\/","sameAs":["https:\/\/www.instagram.com\/madeinzaragoza.es\/","https:\/\/www.facebook.com\/madeinzaragoza.es\/","https:\/\/twitter.com\/madeinzaragoza"],"logo":{"@type":"ImageObject","inLanguage":"es","@id":"http:\/\/madeinzaragoza.es\/blog\/#\/schema\/logo\/image\/","url":"https:\/\/madeinzaragoza.es\/blog\/wp-content\/uploads\/2022\/05\/logo.png","contentUrl":"https:\/\/madeinzaragoza.es\/blog\/wp-content\/uploads\/2022\/05\/logo.png","width":193,"height":176,"caption":"Made In Zaragoza"},"image":{"@id":"http:\/\/madeinzaragoza.es\/blog\/#\/schema\/logo\/image\/"}},{"@type":"Person","@id":"http:\/\/madeinzaragoza.es\/blog\/#\/schema\/person\/59f4073cf7e7bc2b2f33b48241478a32","name":"MadeinZGZ","image":{"@type":"ImageObject","inLanguage":"es","@id":"http:\/\/madeinzaragoza.es\/blog\/#\/schema\/person\/image\/","url":"http:\/\/2.gravatar.com\/avatar\/23c2456a35687aa268b52997d8f142d1?s=96&d=mm&r=g","contentUrl":"http:\/\/2.gravatar.com\/avatar\/23c2456a35687aa268b52997d8f142d1?s=96&d=mm&r=g","caption":"MadeinZGZ"},"description":"Red de comercios y emprendedores creativos de Zaragoza impulsada por ZGZ Activa.","sameAs":["LasArmasZAC","https:\/\/twitter.com\/madeinzaragoza"],"url":"http:\/\/madeinzaragoza.es\/blog\/author\/madeinzgz\/"}]}},"_links":{"self":[{"href":"http:\/\/madeinzaragoza.es\/blog\/wp-json\/wp\/v2\/posts\/11462"}],"collection":[{"href":"http:\/\/madeinzaragoza.es\/blog\/wp-json\/wp\/v2\/posts"}],"about":[{"href":"http:\/\/madeinzaragoza.es\/blog\/wp-json\/wp\/v2\/types\/post"}],"author":[{"embeddable":true,"href":"http:\/\/madeinzaragoza.es\/blog\/wp-json\/wp\/v2\/users\/22"}],"replies":[{"embeddable":true,"href":"http:\/\/madeinzaragoza.es\/blog\/wp-json\/wp\/v2\/comments?post=11462"}],"version-history":[{"count":47,"href":"http:\/\/madeinzaragoza.es\/blog\/wp-json\/wp\/v2\/posts\/11462\/revisions"}],"predecessor-version":[{"id":35931,"href":"http:\/\/madeinzaragoza.es\/blog\/wp-json\/wp\/v2\/posts\/11462\/revisions\/35931"}],"wp:featuredmedia":[{"embeddable":true,"href":"http:\/\/madeinzaragoza.es\/blog\/wp-json\/wp\/v2\/media\/11473"}],"wp:attachment":[{"href":"http:\/\/madeinzaragoza.es\/blog\/wp-json\/wp\/v2\/media?parent=11462"}],"wp:term":[{"taxonomy":"category","embeddable":true,"href":"http:\/\/madeinzaragoza.es\/blog\/wp-json\/wp\/v2\/categories?post=11462"},{"taxonomy":"post_tag","embeddable":true,"href":"http:\/\/madeinzaragoza.es\/blog\/wp-json\/wp\/v2\/tags?post=11462"}],"curies":[{"name":"wp","href":"https:\/\/api.w.org\/{rel}","templated":true}]}}